{"id":391401,"date":"2026-01-13T13:24:00","date_gmt":"2026-01-13T12:24:00","guid":{"rendered":"https:\/\/www.webdo.tn\/fr\/?p=391401"},"modified":"2026-01-15T18:43:32","modified_gmt":"2026-01-15T17:43:32","slug":"golden-globes-2026-wagner-moura-et-lagent-secret-une-reconnaissance-bresilienne-confirmee","status":"publish","type":"post","link":"https:\/\/www.webdo.tn\/fr\/actualite\/culture\/golden-globes-2026-wagner-moura-et-lagent-secret-une-reconnaissance-bresilienne-confirmee\/391401\/","title":{"rendered":"Golden Globes 2026 &#8211; Wagner Moura et \u00ab\u00a0L\u2019agent secret\u00a0\u00bb, une reconnaissance br\u00e9silienne confirm\u00e9e"},"content":{"rendered":"\n<p><\/p>\n\n\n\n<p><\/p>\n\n\n\n<p>La 83\u1d49 c\u00e9r\u00e9monie des Golden Globes <a href=\"https:\/\/www.webdo.tn\/fr\/actualite\/culture\/golden-globes-2026-le-palmares-complet-de-la-soiree\/391177\/\">a consacr\u00e9 Wagner Moura en lui attribuant le Golden Globe du meilleur acteur dans un film dramatique pour son r\u00f4le dans <em>L\u2019agent secret<\/em>. Au cours de cette m\u00eame soir\u00e9e, le film a \u00e9galement remport\u00e9 le Golden Globe du meilleur film en langue non anglaise<\/a>, confirmant sa place centrale dans le palmar\u00e8s de cette \u00e9dition.<\/p>\n\n\n\n<p>La victoire de Wagner Moura s\u2019inscrit dans un cadre historique pr\u00e9cis\u00a0: il devient le deuxi\u00e8me acteur br\u00e9silien \u00e0 \u00eatre r\u00e9compens\u00e9 par un Golden Globe d\u2019interpr\u00e9tation, apr\u00e8s<strong> <\/strong>Fernanda Torres. L\u2019ann\u00e9e pr\u00e9c\u00e9dente, celle-ci avait remport\u00e9 le Golden Globe de la meilleure actrice dans un film dramatique pour <em>Je suis toujours l\u00e0 (I\u2019m Still Here)<\/em>, devenant la premi\u00e8re artiste br\u00e9silienne distingu\u00e9e dans une cat\u00e9gorie d\u2019interpr\u00e9tation.<\/p>\n\n\n\n<p><em>L\u2019agent secret<\/em>, r\u00e9alis\u00e9 par Kleber Mendon\u00e7a Filho, se situe dans le Br\u00e9sil du d\u00e9but des ann\u00e9es 1970, sous la dictature militaire. Le film suit un homme charg\u00e9 de missions clandestines pour le compte de l\u2019\u00c9tat, dont le quotidien se confond progressivement avec les m\u00e9canismes de surveillance, de peur et de compromission propres au r\u00e9gime. \u00c0 mesure que l\u2019intrigue avance, le personnage se retrouve confront\u00e9 \u00e0 un appareil r\u00e9pressif omnipr\u00e9sent, qui ne se limite pas aux institutions mais infiltre les relations sociales, professionnelles et familiales. La mise en sc\u00e8ne privil\u00e9gie une tension continue, fond\u00e9e sur l\u2019attente et le soup\u00e7on, et accompagne le r\u00e9cit sans jamais se rel\u00e2cher.<\/p>\n\n\n\n<p>L\u2019interpr\u00e9tation de Wagner Moura structure <em>L\u2019agent secret<\/em> et en constitue l\u2019un des piliers essentiels. Construite sur la retenue et l\u2019int\u00e9riorit\u00e9, sa performance accompagne le r\u00e9cit dans toute sa progression et lui donne sa densit\u00e9 dramatique. <a href=\"https:\/\/www.webdo.tn\/fr\/actualite\/culture\/cannes-2025-l-iranien-jafar-panahi-sacre-l-irakien-hasan-hadi-distingue\/222187\/\">C\u2019est pr\u00e9cis\u00e9ment ce r\u00f4le qui avait d\u00e9j\u00e0 \u00e9t\u00e9 distingu\u00e9 en mai 2025, lors du Festival de Cannes, o\u00f9 l\u2019acteur avait re\u00e7u le Prix d\u2019interpr\u00e9tation masculine.<\/a><\/p>\n\n\n\n<p>Pr\u00e9sent\u00e9 en comp\u00e9tition officielle, <em><a href=\"https:\/\/www.webdo.tn\/fr\/actualite\/culture\/cannes-2025-l-iranien-jafar-panahi-sacre-l-irakien-hasan-hadi-distingue\/222187\/\">L\u2019agent secret avait par ailleurs \u00e9t\u00e9 largement r\u00e9compens\u00e9 sur la Croisette, obtenant \u00e9galement le Prix de la mise en sc\u00e8ne pour Kleber Mendon\u00e7a Filho,<\/a><\/em> le Prix FIPRESCI, ainsi que le Prix de l\u2019AFCAE, d\u00e9cern\u00e9 par l\u2019Association fran\u00e7aise des cin\u00e9mas d\u2019art et d\u2019essai.<\/p>\n\n\n\n<p>La distinction de Wagner Moura \u00e0 Cannes, suivie de son Golden Globe en janvier 2026, s\u2019accompagne d\u00e9sormais d\u2019un prix attribu\u00e9 directement au film, celui du meilleur film en langue non anglaise. <em>L\u2019agent secret<\/em> se trouve ainsi reconnu \u00e0 la fois pour son interpr\u00e9tation principale et pour sa valeur cin\u00e9matographique globale, dans deux contextes institutionnels diff\u00e9rents.<\/p>\n\n\n\n<p>Cette reconnaissance intervient dans un contexte particulier pour les Golden Globes. Longtemps consid\u00e9r\u00e9e comme la c\u00e9r\u00e9monie la plus prestigieuse de Hollywood apr\u00e8s les Oscars, l\u2019institution avait travers\u00e9 une p\u00e9riode de forte remise en question il y a trois ans, \u00e0 la suite de critiques portant sur son fonctionnement et la composition de son corps \u00e9lectoral. Les Golden Globes \u00e9taient alors r\u00e9guli\u00e8rement accus\u00e9s de produire des palmar\u00e8s complaisants, privil\u00e9giant les stars au d\u00e9triment d\u2019\u0153uvres plus exigeantes.<\/p>\n\n\n\n<p>Pour r\u00e9pondre \u00e0 cette crise, une r\u00e9forme profonde a \u00e9t\u00e9 engag\u00e9e. Le corps \u00e9lectoral est pass\u00e9 de 99 critiques \u00e9trangers bas\u00e9s en Californie <a href=\"https:\/\/www.webdo.tn\/fr\/actualite\/culture\/83%e1%b5%89-golden-globes-awards-la-critique-tunisienne-neila-driss-confirmee-comme-votante-internationale\/380937\/\">\u00e0 399 journalistes, dont moi-m\u00eame,<\/a> sp\u00e9cialis\u00e9s en cin\u00e9ma et en t\u00e9l\u00e9vision, r\u00e9partis dans le monde entier. Cette transformation, clairement mesurable, a modifi\u00e9 la composition des votes et \u00e9largi les regards port\u00e9s sur les films en comp\u00e9tition. Le palmar\u00e8s est depuis \u00e0 nouveau observ\u00e9 comme un indicateur s\u00e9rieux des tendances susceptibles de se confirmer aux Oscars.<\/p>\n\n\n\n<p>Dans ce contexte, la reconnaissance successive de Fernanda Torres en 2025, puis de Wagner Moura et de<strong> <\/strong><em>L\u2019agent secret<\/em> en 2026, appara\u00eet comme l\u2019un des effets concrets de cette \u00e9volution. Elle refl\u00e8te la capacit\u00e9 du nouveau corps \u00e9lectoral \u00e0 distinguer des \u0153uvres non anglophones et des performances issues de cin\u00e9matographies nationales fortes, sans que cela rel\u00e8ve d\u2019un cas isol\u00e9.<\/p>\n\n\n\n<p>Le hasard du calendrier fait que ces distinctions interviennent au moment m\u00eame o\u00f9 une initiative distincte de la c\u00e9r\u00e9monie a \u00e9t\u00e9 annonc\u00e9e par les Golden Globes. <a href=\"https:\/\/www.webdo.tn\/fr\/actualite\/culture\/golden-globes-un-hommage-exceptionnel-au-talent-bresilien-en-2026\/385851\/\">En 2026, un \u00e9v\u00e9nement sp\u00e9cifique consacr\u00e9 au talent br\u00e9silien doit ainsi se tenir au Br\u00e9sil, en dehors du cadre habituel de la remise des prix.<\/a> Pr\u00e9sent\u00e9 comme un hommage officiel, cet \u00e9v\u00e9nement vise \u00e0 mettre en lumi\u00e8re des artistes et des \u0153uvres br\u00e9siliennes dans un cadre d\u00e9di\u00e9. Ind\u00e9pendante du palmar\u00e8s, cette annonce constitue n\u00e9anmoins un \u00e9l\u00e9ment de contexte suppl\u00e9mentaire dans une ann\u00e9e o\u00f9 <em>L\u2019agent secret<\/em> et Wagner Moura ont \u00e9t\u00e9 distingu\u00e9s par la m\u00eame institution.<\/p>\n\n\n\n<p><strong>Ne\u00efla Driss<\/strong><\/p>\n","protected":false},"excerpt":{"rendered":"<p>La 83\u1d49 c\u00e9r\u00e9monie des Golden Globes a consacr\u00e9 Wagner Moura en lui attribuant le Golden Globe du meilleur acteur dans un film dramatique pour son r\u00f4le dans L\u2019agent secret. Au cours de cette m\u00eame soir\u00e9e, le film a \u00e9galement remport\u00e9 le Golden Globe du meilleur film en langue non anglaise, confirmant sa place centrale dans [&hellip;]<\/p>\n","protected":false},"author":3164,"featured_media":391402,"comment_status":"closed","ping_status":"closed","sticky":false,"template":"","format":"standard","meta":{"footnotes":""},"categories":[2594],"tags":[2626,4494,12364,12374,5828],"class_list":["post-391401","post","type-post","status-publish","format-standard","has-post-thumbnail","hentry","category-culture","tag-cinema","tag-golden-globes","tag-golden-globes-2026","tag-golden-globes-83","tag-golden-globes-awards"],"yoast_head":"<!-- This site is optimized with the Yoast SEO Premium plugin v27.4 (Yoast SEO v27.4) - https:\/\/yoast.com\/product\/yoast-seo-premium-wordpress\/ -->\n<title>Golden Globes 2026 - Wagner Moura et &quot;L\u2019agent secret&quot;, une reconnaissance br\u00e9silienne confirm\u00e9e - webdo<\/title>\n<meta name=\"description\" content=\"Golden Globes 2026 : Wagner Moura remporte le prix du meilleur acteur dans un film dramatique pour &quot;L\u2019agent secret&quot; et marque l\u2019histoire du cin\u00e9ma br\u00e9silien.\" \/>\n<link rel=\"canonical\" href=\"https:\/\/www.webdo.tn\/fr\/actualite\/culture\/golden-globes-2026-wagner-moura-et-lagent-secret-une-reconnaissance-bresilienne-confirmee\/391401\/\" \/>\n<meta property=\"og:locale\" content=\"fr_FR\" \/>\n<meta property=\"og:type\" content=\"article\" \/>\n<meta property=\"og:title\" content=\"Golden Globes 2026 - Wagner Moura et &quot;L\u2019agent secret&quot;, une reconnaissance br\u00e9silienne confirm\u00e9e\" \/>\n<meta property=\"og:description\" content=\"Golden Globes 2026 : Wagner Moura remporte le prix du meilleur acteur dans un film dramatique pour &quot;L\u2019agent secret&quot; et marque l\u2019histoire du cin\u00e9ma br\u00e9silien.\" \/>\n<meta property=\"og:url\" content=\"https:\/\/www.webdo.tn\/fr\/actualite\/culture\/golden-globes-2026-wagner-moura-et-lagent-secret-une-reconnaissance-bresilienne-confirmee\/391401\/\" \/>\n<meta property=\"og:site_name\" content=\"webdo\" \/>\n<meta property=\"article:publisher\" content=\"https:\/\/www.facebook.com\/webdotn\" \/>\n<meta property=\"article:author\" content=\"https:\/\/www.facebook.com\/massir.destiniii\/\" \/>\n<meta property=\"article:published_time\" content=\"2026-01-13T12:24:00+00:00\" \/>\n<meta property=\"article:modified_time\" content=\"2026-01-15T17:43:32+00:00\" \/>\n<meta property=\"og:image\" content=\"https:\/\/www.webdo.tn\/fr\/wp-content\/uploads\/2026\/01\/Golden-Globes-2026-Acteur-Wagner-Moura.jpeg\" \/>\n\t<meta property=\"og:image:width\" content=\"1200\" \/>\n\t<meta property=\"og:image:height\" content=\"800\" \/>\n\t<meta property=\"og:image:type\" content=\"image\/jpeg\" \/>\n<meta name=\"author\" content=\"Ne\u00efla DRISS\" \/>\n<meta name=\"twitter:card\" content=\"summary_large_image\" \/>\n<meta name=\"twitter:creator\" content=\"@https:\/\/x.com\/MassirDestin\" \/>\n<meta name=\"twitter:site\" content=\"@webdo_tn\" \/>\n<meta name=\"twitter:label1\" content=\"\u00c9crit par\" \/>\n\t<meta name=\"twitter:data1\" content=\"Ne\u00efla DRISS\" \/>\n\t<meta name=\"twitter:label2\" content=\"Dur\u00e9e de lecture estim\u00e9e\" \/>\n\t<meta name=\"twitter:data2\" content=\"4 minutes\" \/>\n<script type=\"application\/ld+json\" class=\"yoast-schema-graph\">{\"@context\":\"https:\\\/\\\/schema.org\",\"@graph\":[{\"@type\":\"NewsArticle\",\"@id\":\"https:\\\/\\\/www.webdo.tn\\\/fr\\\/actualite\\\/culture\\\/golden-globes-2026-wagner-moura-et-lagent-secret-une-reconnaissance-bresilienne-confirmee\\\/391401\\\/#article\",\"isPartOf\":{\"@id\":\"https:\\\/\\\/www.webdo.tn\\\/fr\\\/actualite\\\/culture\\\/golden-globes-2026-wagner-moura-et-lagent-secret-une-reconnaissance-bresilienne-confirmee\\\/391401\\\/\"},\"author\":{\"name\":\"Ne\u00efla DRISS\",\"@id\":\"https:\\\/\\\/www.webdo.tn\\\/fr\\\/#\\\/schema\\\/person\\\/60d5ba619ed3f58783b0dc82b7dada80\"},\"headline\":\"Golden Globes 2026 &#8211; Wagner Moura et \u00ab\u00a0L\u2019agent secret\u00a0\u00bb, une reconnaissance br\u00e9silienne confirm\u00e9e\",\"datePublished\":\"2026-01-13T12:24:00+00:00\",\"dateModified\":\"2026-01-15T17:43:32+00:00\",\"mainEntityOfPage\":{\"@id\":\"https:\\\/\\\/www.webdo.tn\\\/fr\\\/actualite\\\/culture\\\/golden-globes-2026-wagner-moura-et-lagent-secret-une-reconnaissance-bresilienne-confirmee\\\/391401\\\/\"},\"wordCount\":839,\"publisher\":{\"@id\":\"https:\\\/\\\/www.webdo.tn\\\/fr\\\/#organization\"},\"image\":{\"@id\":\"https:\\\/\\\/www.webdo.tn\\\/fr\\\/actualite\\\/culture\\\/golden-globes-2026-wagner-moura-et-lagent-secret-une-reconnaissance-bresilienne-confirmee\\\/391401\\\/#primaryimage\"},\"thumbnailUrl\":\"https:\\\/\\\/www.webdo.tn\\\/fr\\\/wp-content\\\/uploads\\\/2026\\\/01\\\/Golden-Globes-2026-Acteur-Wagner-Moura.jpeg\",\"keywords\":[\"Cin\u00e9ma\",\"Golden Globes\",\"Golden Globes 2026\",\"Golden Globes 83\",\"Golden Globes Awards\"],\"articleSection\":[\"Culture\"],\"inLanguage\":\"fr-FR\"},{\"@type\":\"WebPage\",\"@id\":\"https:\\\/\\\/www.webdo.tn\\\/fr\\\/actualite\\\/culture\\\/golden-globes-2026-wagner-moura-et-lagent-secret-une-reconnaissance-bresilienne-confirmee\\\/391401\\\/\",\"url\":\"https:\\\/\\\/www.webdo.tn\\\/fr\\\/actualite\\\/culture\\\/golden-globes-2026-wagner-moura-et-lagent-secret-une-reconnaissance-bresilienne-confirmee\\\/391401\\\/\",\"name\":\"Golden Globes 2026 - Wagner Moura et \\\"L\u2019agent secret\\\", une reconnaissance br\u00e9silienne confirm\u00e9e - webdo\",\"isPartOf\":{\"@id\":\"https:\\\/\\\/www.webdo.tn\\\/fr\\\/#website\"},\"primaryImageOfPage\":{\"@id\":\"https:\\\/\\\/www.webdo.tn\\\/fr\\\/actualite\\\/culture\\\/golden-globes-2026-wagner-moura-et-lagent-secret-une-reconnaissance-bresilienne-confirmee\\\/391401\\\/#primaryimage\"},\"image\":{\"@id\":\"https:\\\/\\\/www.webdo.tn\\\/fr\\\/actualite\\\/culture\\\/golden-globes-2026-wagner-moura-et-lagent-secret-une-reconnaissance-bresilienne-confirmee\\\/391401\\\/#primaryimage\"},\"thumbnailUrl\":\"https:\\\/\\\/www.webdo.tn\\\/fr\\\/wp-content\\\/uploads\\\/2026\\\/01\\\/Golden-Globes-2026-Acteur-Wagner-Moura.jpeg\",\"datePublished\":\"2026-01-13T12:24:00+00:00\",\"dateModified\":\"2026-01-15T17:43:32+00:00\",\"description\":\"Golden Globes 2026 : Wagner Moura remporte le prix du meilleur acteur dans un film dramatique pour \\\"L\u2019agent secret\\\" et marque l\u2019histoire du cin\u00e9ma br\u00e9silien.\",\"breadcrumb\":{\"@id\":\"https:\\\/\\\/www.webdo.tn\\\/fr\\\/actualite\\\/culture\\\/golden-globes-2026-wagner-moura-et-lagent-secret-une-reconnaissance-bresilienne-confirmee\\\/391401\\\/#breadcrumb\"},\"inLanguage\":\"fr-FR\",\"potentialAction\":[{\"@type\":\"ReadAction\",\"target\":[\"https:\\\/\\\/www.webdo.tn\\\/fr\\\/actualite\\\/culture\\\/golden-globes-2026-wagner-moura-et-lagent-secret-une-reconnaissance-bresilienne-confirmee\\\/391401\\\/\"]}]},{\"@type\":\"ImageObject\",\"inLanguage\":\"fr-FR\",\"@id\":\"https:\\\/\\\/www.webdo.tn\\\/fr\\\/actualite\\\/culture\\\/golden-globes-2026-wagner-moura-et-lagent-secret-une-reconnaissance-bresilienne-confirmee\\\/391401\\\/#primaryimage\",\"url\":\"https:\\\/\\\/www.webdo.tn\\\/fr\\\/wp-content\\\/uploads\\\/2026\\\/01\\\/Golden-Globes-2026-Acteur-Wagner-Moura.jpeg\",\"contentUrl\":\"https:\\\/\\\/www.webdo.tn\\\/fr\\\/wp-content\\\/uploads\\\/2026\\\/01\\\/Golden-Globes-2026-Acteur-Wagner-Moura.jpeg\",\"width\":1200,\"height\":800,\"caption\":\"Wagner Moura remporte le Golden Globe de la meilleure interpr\u00e9tation masculine dans un film dramatique. Photo Tommasso Boddi, avec l'aimable autorisation de Dick Clark Productions.\"},{\"@type\":\"BreadcrumbList\",\"@id\":\"https:\\\/\\\/www.webdo.tn\\\/fr\\\/actualite\\\/culture\\\/golden-globes-2026-wagner-moura-et-lagent-secret-une-reconnaissance-bresilienne-confirmee\\\/391401\\\/#breadcrumb\",\"itemListElement\":[{\"@type\":\"ListItem\",\"position\":1,\"name\":\"Accueil\",\"item\":\"https:\\\/\\\/www.webdo.tn\\\/fr\\\/\"},{\"@type\":\"ListItem\",\"position\":2,\"name\":\"Golden Globes 2026 &#8211; Wagner Moura et \u00ab\u00a0L\u2019agent secret\u00a0\u00bb, une reconnaissance br\u00e9silienne confirm\u00e9e\"}]},{\"@type\":\"WebSite\",\"@id\":\"https:\\\/\\\/www.webdo.tn\\\/fr\\\/#website\",\"url\":\"https:\\\/\\\/www.webdo.tn\\\/fr\\\/\",\"name\":\"webdo\",\"description\":\"Tunisie - News en Tunisie et \u00e0 l&#039;international sur Webdo.tn\",\"publisher\":{\"@id\":\"https:\\\/\\\/www.webdo.tn\\\/fr\\\/#organization\"},\"potentialAction\":[{\"@type\":\"SearchAction\",\"target\":{\"@type\":\"EntryPoint\",\"urlTemplate\":\"https:\\\/\\\/www.webdo.tn\\\/fr\\\/?s={search_term_string}\"},\"query-input\":{\"@type\":\"PropertyValueSpecification\",\"valueRequired\":true,\"valueName\":\"search_term_string\"}}],\"inLanguage\":\"fr-FR\"},{\"@type\":\"Organization\",\"@id\":\"https:\\\/\\\/www.webdo.tn\\\/fr\\\/#organization\",\"name\":\"Webdo\",\"alternateName\":\"Webdo.tn\",\"url\":\"https:\\\/\\\/www.webdo.tn\\\/fr\\\/\",\"logo\":{\"@type\":\"ImageObject\",\"inLanguage\":\"fr-FR\",\"@id\":\"https:\\\/\\\/www.webdo.tn\\\/fr\\\/#\\\/schema\\\/logo\\\/image\\\/\",\"url\":\"https:\\\/\\\/www.webdo.tn\\\/fr\\\/wp-content\\\/uploads\\\/2025\\\/06\\\/Webdo-Tunisie_168377.jpg\",\"contentUrl\":\"https:\\\/\\\/www.webdo.tn\\\/fr\\\/wp-content\\\/uploads\\\/2025\\\/06\\\/Webdo-Tunisie_168377.jpg\",\"width\":301,\"height\":301,\"caption\":\"Webdo\"},\"image\":{\"@id\":\"https:\\\/\\\/www.webdo.tn\\\/fr\\\/#\\\/schema\\\/logo\\\/image\\\/\"},\"sameAs\":[\"https:\\\/\\\/www.facebook.com\\\/webdotn\",\"https:\\\/\\\/x.com\\\/webdo_tn\"],\"description\":\"Webdo est un m\u00e9dia num\u00e9rique tunisien fond\u00e9 en 2010, sp\u00e9cialis\u00e9 dans l\u2019actualit\u00e9 nationale et internationale, l\u2019\u00e9conomie, la soci\u00e9t\u00e9 et les analyses politiques. Le site s\u2019adresse \u00e0 un large public francophone et couvre l\u2019information tunisienne en temps r\u00e9el.\",\"email\":\"redac@webdo.tn\",\"legalName\":\"YNJ SARL\",\"foundingDate\":\"2010-09-06\",\"numberOfEmployees\":{\"@type\":\"QuantitativeValue\",\"minValue\":\"11\",\"maxValue\":\"50\"}},{\"@type\":\"Person\",\"@id\":\"https:\\\/\\\/www.webdo.tn\\\/fr\\\/#\\\/schema\\\/person\\\/60d5ba619ed3f58783b0dc82b7dada80\",\"name\":\"Ne\u00efla DRISS\",\"image\":{\"@type\":\"ImageObject\",\"inLanguage\":\"fr-FR\",\"@id\":\"https:\\\/\\\/www.webdo.tn\\\/fr\\\/wp-content\\\/uploads\\\/2026\\\/04\\\/neila-driss_avatar-96x96.jpg\",\"url\":\"https:\\\/\\\/www.webdo.tn\\\/fr\\\/wp-content\\\/uploads\\\/2026\\\/04\\\/neila-driss_avatar-96x96.jpg\",\"contentUrl\":\"https:\\\/\\\/www.webdo.tn\\\/fr\\\/wp-content\\\/uploads\\\/2026\\\/04\\\/neila-driss_avatar-96x96.jpg\",\"caption\":\"Ne\u00efla DRISS\"},\"description\":\"Ne\u00efla Driss est juriste, journaliste culturelle et critique de cin\u00e9ma tunisienne. Titulaire d\u2019un DEA en droit priv\u00e9 de l\u2019Universit\u00e9 Paris II et d\u2019un DESS de l\u2019IHEC Carthage, elle d\u00e9bute sa carri\u00e8re comme juriste sp\u00e9cialis\u00e9e en gestion de patrimoine immobilier. Elle s\u2019oriente ensuite vers l\u2019\u00e9criture en ligne, o\u00f9 elle se distingue d\u00e8s 2006 aux Tunisia Blog Awards, avant de se consacrer au journalisme culturel, avec une sp\u00e9cialisation dans la critique cin\u00e9matographique. Elle couvre r\u00e9guli\u00e8rement les grands festivals internationaux, notamment le Festival de Cannes, les Journ\u00e9es Cin\u00e9matographiques de Carthage et le Festival du film du Caire. Membre de l\u2019ATPCC et de la FIPRESCI, elle participe \u00e0 des jurys et initiatives internationales de critique. Depuis 2024, elle est \u00e9lectrice internationale aux Golden Globes. Facebook : https:\\\/\\\/www.facebook.com\\\/massir.destiniii\\\/ X : https:\\\/\\\/x.com\\\/MassirDestin\",\"sameAs\":[\"https:\\\/\\\/www.facebook.com\\\/massir.destiniii\\\/\",\"https:\\\/\\\/www.instagram.com\\\/neila.driss\\\/?hl=fr\",\"https:\\\/\\\/www.linkedin.com\\\/in\\\/neila-driss-22606a80\\\/\",\"https:\\\/\\\/x.com\\\/https:\\\/\\\/x.com\\\/MassirDestin\"],\"knowsAbout\":[\"Cin\u00e9ma international\",\"critique cin\u00e9matographique\",\"festivals de cin\u00e9ma\",\"journalisme culturel\"],\"knowsLanguage\":[\"Fran\u00e7ais\",\"Arabe\",\"Anglais\"],\"jobTitle\":\"Journaliste culturelle et critique de cin\u00e9ma\",\"worksFor\":\"Webdo\",\"url\":\"https:\\\/\\\/www.webdo.tn\\\/fr\\\/actualite\\\/author\\\/neila-driss\\\/\"}]}<\/script>\n<!-- \/ Yoast SEO Premium plugin. -->","yoast_head_json":{"title":"Golden Globes 2026 - Wagner Moura et \"L\u2019agent secret\", une reconnaissance br\u00e9silienne confirm\u00e9e - webdo","description":"Golden Globes 2026 : Wagner Moura remporte le prix du meilleur acteur dans un film dramatique pour \"L\u2019agent secret\" et marque l\u2019histoire du cin\u00e9ma br\u00e9silien.","canonical":"https:\/\/www.webdo.tn\/fr\/actualite\/culture\/golden-globes-2026-wagner-moura-et-lagent-secret-une-reconnaissance-bresilienne-confirmee\/391401\/","og_locale":"fr_FR","og_type":"article","og_title":"Golden Globes 2026 - Wagner Moura et \"L\u2019agent secret\", une reconnaissance br\u00e9silienne confirm\u00e9e","og_description":"Golden Globes 2026 : Wagner Moura remporte le prix du meilleur acteur dans un film dramatique pour \"L\u2019agent secret\" et marque l\u2019histoire du cin\u00e9ma br\u00e9silien.","og_url":"https:\/\/www.webdo.tn\/fr\/actualite\/culture\/golden-globes-2026-wagner-moura-et-lagent-secret-une-reconnaissance-bresilienne-confirmee\/391401\/","og_site_name":"webdo","article_publisher":"https:\/\/www.facebook.com\/webdotn","article_author":"https:\/\/www.facebook.com\/massir.destiniii\/","article_published_time":"2026-01-13T12:24:00+00:00","article_modified_time":"2026-01-15T17:43:32+00:00","og_image":[{"width":1200,"height":800,"url":"https:\/\/www.webdo.tn\/fr\/wp-content\/uploads\/2026\/01\/Golden-Globes-2026-Acteur-Wagner-Moura.jpeg","type":"image\/jpeg"}],"author":"Ne\u00efla DRISS","twitter_card":"summary_large_image","twitter_creator":"@https:\/\/x.com\/MassirDestin","twitter_site":"@webdo_tn","twitter_misc":{"\u00c9crit par":"Ne\u00efla DRISS","Dur\u00e9e de lecture estim\u00e9e":"4 minutes"},"schema":{"@context":"https:\/\/schema.org","@graph":[{"@type":"NewsArticle","@id":"https:\/\/www.webdo.tn\/fr\/actualite\/culture\/golden-globes-2026-wagner-moura-et-lagent-secret-une-reconnaissance-bresilienne-confirmee\/391401\/#article","isPartOf":{"@id":"https:\/\/www.webdo.tn\/fr\/actualite\/culture\/golden-globes-2026-wagner-moura-et-lagent-secret-une-reconnaissance-bresilienne-confirmee\/391401\/"},"author":{"name":"Ne\u00efla DRISS","@id":"https:\/\/www.webdo.tn\/fr\/#\/schema\/person\/60d5ba619ed3f58783b0dc82b7dada80"},"headline":"Golden Globes 2026 &#8211; Wagner Moura et \u00ab\u00a0L\u2019agent secret\u00a0\u00bb, une reconnaissance br\u00e9silienne confirm\u00e9e","datePublished":"2026-01-13T12:24:00+00:00","dateModified":"2026-01-15T17:43:32+00:00","mainEntityOfPage":{"@id":"https:\/\/www.webdo.tn\/fr\/actualite\/culture\/golden-globes-2026-wagner-moura-et-lagent-secret-une-reconnaissance-bresilienne-confirmee\/391401\/"},"wordCount":839,"publisher":{"@id":"https:\/\/www.webdo.tn\/fr\/#organization"},"image":{"@id":"https:\/\/www.webdo.tn\/fr\/actualite\/culture\/golden-globes-2026-wagner-moura-et-lagent-secret-une-reconnaissance-bresilienne-confirmee\/391401\/#primaryimage"},"thumbnailUrl":"https:\/\/www.webdo.tn\/fr\/wp-content\/uploads\/2026\/01\/Golden-Globes-2026-Acteur-Wagner-Moura.jpeg","keywords":["Cin\u00e9ma","Golden Globes","Golden Globes 2026","Golden Globes 83","Golden Globes Awards"],"articleSection":["Culture"],"inLanguage":"fr-FR"},{"@type":"WebPage","@id":"https:\/\/www.webdo.tn\/fr\/actualite\/culture\/golden-globes-2026-wagner-moura-et-lagent-secret-une-reconnaissance-bresilienne-confirmee\/391401\/","url":"https:\/\/www.webdo.tn\/fr\/actualite\/culture\/golden-globes-2026-wagner-moura-et-lagent-secret-une-reconnaissance-bresilienne-confirmee\/391401\/","name":"Golden Globes 2026 - Wagner Moura et \"L\u2019agent secret\", une reconnaissance br\u00e9silienne confirm\u00e9e - webdo","isPartOf":{"@id":"https:\/\/www.webdo.tn\/fr\/#website"},"primaryImageOfPage":{"@id":"https:\/\/www.webdo.tn\/fr\/actualite\/culture\/golden-globes-2026-wagner-moura-et-lagent-secret-une-reconnaissance-bresilienne-confirmee\/391401\/#primaryimage"},"image":{"@id":"https:\/\/www.webdo.tn\/fr\/actualite\/culture\/golden-globes-2026-wagner-moura-et-lagent-secret-une-reconnaissance-bresilienne-confirmee\/391401\/#primaryimage"},"thumbnailUrl":"https:\/\/www.webdo.tn\/fr\/wp-content\/uploads\/2026\/01\/Golden-Globes-2026-Acteur-Wagner-Moura.jpeg","datePublished":"2026-01-13T12:24:00+00:00","dateModified":"2026-01-15T17:43:32+00:00","description":"Golden Globes 2026 : Wagner Moura remporte le prix du meilleur acteur dans un film dramatique pour \"L\u2019agent secret\" et marque l\u2019histoire du cin\u00e9ma br\u00e9silien.","breadcrumb":{"@id":"https:\/\/www.webdo.tn\/fr\/actualite\/culture\/golden-globes-2026-wagner-moura-et-lagent-secret-une-reconnaissance-bresilienne-confirmee\/391401\/#breadcrumb"},"inLanguage":"fr-FR","potentialAction":[{"@type":"ReadAction","target":["https:\/\/www.webdo.tn\/fr\/actualite\/culture\/golden-globes-2026-wagner-moura-et-lagent-secret-une-reconnaissance-bresilienne-confirmee\/391401\/"]}]},{"@type":"ImageObject","inLanguage":"fr-FR","@id":"https:\/\/www.webdo.tn\/fr\/actualite\/culture\/golden-globes-2026-wagner-moura-et-lagent-secret-une-reconnaissance-bresilienne-confirmee\/391401\/#primaryimage","url":"https:\/\/www.webdo.tn\/fr\/wp-content\/uploads\/2026\/01\/Golden-Globes-2026-Acteur-Wagner-Moura.jpeg","contentUrl":"https:\/\/www.webdo.tn\/fr\/wp-content\/uploads\/2026\/01\/Golden-Globes-2026-Acteur-Wagner-Moura.jpeg","width":1200,"height":800,"caption":"Wagner Moura remporte le Golden Globe de la meilleure interpr\u00e9tation masculine dans un film dramatique. Photo Tommasso Boddi, avec l'aimable autorisation de Dick Clark Productions."},{"@type":"BreadcrumbList","@id":"https:\/\/www.webdo.tn\/fr\/actualite\/culture\/golden-globes-2026-wagner-moura-et-lagent-secret-une-reconnaissance-bresilienne-confirmee\/391401\/#breadcrumb","itemListElement":[{"@type":"ListItem","position":1,"name":"Accueil","item":"https:\/\/www.webdo.tn\/fr\/"},{"@type":"ListItem","position":2,"name":"Golden Globes 2026 &#8211; Wagner Moura et \u00ab\u00a0L\u2019agent secret\u00a0\u00bb, une reconnaissance br\u00e9silienne confirm\u00e9e"}]},{"@type":"WebSite","@id":"https:\/\/www.webdo.tn\/fr\/#website","url":"https:\/\/www.webdo.tn\/fr\/","name":"webdo","description":"Tunisie - News en Tunisie et \u00e0 l&#039;international sur Webdo.tn","publisher":{"@id":"https:\/\/www.webdo.tn\/fr\/#organization"},"potentialAction":[{"@type":"SearchAction","target":{"@type":"EntryPoint","urlTemplate":"https:\/\/www.webdo.tn\/fr\/?s={search_term_string}"},"query-input":{"@type":"PropertyValueSpecification","valueRequired":true,"valueName":"search_term_string"}}],"inLanguage":"fr-FR"},{"@type":"Organization","@id":"https:\/\/www.webdo.tn\/fr\/#organization","name":"Webdo","alternateName":"Webdo.tn","url":"https:\/\/www.webdo.tn\/fr\/","logo":{"@type":"ImageObject","inLanguage":"fr-FR","@id":"https:\/\/www.webdo.tn\/fr\/#\/schema\/logo\/image\/","url":"https:\/\/www.webdo.tn\/fr\/wp-content\/uploads\/2025\/06\/Webdo-Tunisie_168377.jpg","contentUrl":"https:\/\/www.webdo.tn\/fr\/wp-content\/uploads\/2025\/06\/Webdo-Tunisie_168377.jpg","width":301,"height":301,"caption":"Webdo"},"image":{"@id":"https:\/\/www.webdo.tn\/fr\/#\/schema\/logo\/image\/"},"sameAs":["https:\/\/www.facebook.com\/webdotn","https:\/\/x.com\/webdo_tn"],"description":"Webdo est un m\u00e9dia num\u00e9rique tunisien fond\u00e9 en 2010, sp\u00e9cialis\u00e9 dans l\u2019actualit\u00e9 nationale et internationale, l\u2019\u00e9conomie, la soci\u00e9t\u00e9 et les analyses politiques. Le site s\u2019adresse \u00e0 un large public francophone et couvre l\u2019information tunisienne en temps r\u00e9el.","email":"redac@webdo.tn","legalName":"YNJ SARL","foundingDate":"2010-09-06","numberOfEmployees":{"@type":"QuantitativeValue","minValue":"11","maxValue":"50"}},{"@type":"Person","@id":"https:\/\/www.webdo.tn\/fr\/#\/schema\/person\/60d5ba619ed3f58783b0dc82b7dada80","name":"Ne\u00efla DRISS","image":{"@type":"ImageObject","inLanguage":"fr-FR","@id":"https:\/\/www.webdo.tn\/fr\/wp-content\/uploads\/2026\/04\/neila-driss_avatar-96x96.jpg","url":"https:\/\/www.webdo.tn\/fr\/wp-content\/uploads\/2026\/04\/neila-driss_avatar-96x96.jpg","contentUrl":"https:\/\/www.webdo.tn\/fr\/wp-content\/uploads\/2026\/04\/neila-driss_avatar-96x96.jpg","caption":"Ne\u00efla DRISS"},"description":"Ne\u00efla Driss est juriste, journaliste culturelle et critique de cin\u00e9ma tunisienne. Titulaire d\u2019un DEA en droit priv\u00e9 de l\u2019Universit\u00e9 Paris II et d\u2019un DESS de l\u2019IHEC Carthage, elle d\u00e9bute sa carri\u00e8re comme juriste sp\u00e9cialis\u00e9e en gestion de patrimoine immobilier. Elle s\u2019oriente ensuite vers l\u2019\u00e9criture en ligne, o\u00f9 elle se distingue d\u00e8s 2006 aux Tunisia Blog Awards, avant de se consacrer au journalisme culturel, avec une sp\u00e9cialisation dans la critique cin\u00e9matographique. Elle couvre r\u00e9guli\u00e8rement les grands festivals internationaux, notamment le Festival de Cannes, les Journ\u00e9es Cin\u00e9matographiques de Carthage et le Festival du film du Caire. Membre de l\u2019ATPCC et de la FIPRESCI, elle participe \u00e0 des jurys et initiatives internationales de critique. Depuis 2024, elle est \u00e9lectrice internationale aux Golden Globes. Facebook : https:\/\/www.facebook.com\/massir.destiniii\/ X : https:\/\/x.com\/MassirDestin","sameAs":["https:\/\/www.facebook.com\/massir.destiniii\/","https:\/\/www.instagram.com\/neila.driss\/?hl=fr","https:\/\/www.linkedin.com\/in\/neila-driss-22606a80\/","https:\/\/x.com\/https:\/\/x.com\/MassirDestin"],"knowsAbout":["Cin\u00e9ma international","critique cin\u00e9matographique","festivals de cin\u00e9ma","journalisme culturel"],"knowsLanguage":["Fran\u00e7ais","Arabe","Anglais"],"jobTitle":"Journaliste culturelle et critique de cin\u00e9ma","worksFor":"Webdo","url":"https:\/\/www.webdo.tn\/fr\/actualite\/author\/neila-driss\/"}]}},"_links":{"self":[{"href":"https:\/\/www.webdo.tn\/fr\/wp-json\/wp\/v2\/posts\/391401","targetHints":{"allow":["GET"]}}],"collection":[{"href":"https:\/\/www.webdo.tn\/fr\/wp-json\/wp\/v2\/posts"}],"about":[{"href":"https:\/\/www.webdo.tn\/fr\/wp-json\/wp\/v2\/types\/post"}],"author":[{"embeddable":true,"href":"https:\/\/www.webdo.tn\/fr\/wp-json\/wp\/v2\/users\/3164"}],"replies":[{"embeddable":true,"href":"https:\/\/www.webdo.tn\/fr\/wp-json\/wp\/v2\/comments?post=391401"}],"version-history":[{"count":0,"href":"https:\/\/www.webdo.tn\/fr\/wp-json\/wp\/v2\/posts\/391401\/revisions"}],"wp:featuredmedia":[{"embeddable":true,"href":"https:\/\/www.webdo.tn\/fr\/wp-json\/wp\/v2\/media\/391402"}],"wp:attachment":[{"href":"https:\/\/www.webdo.tn\/fr\/wp-json\/wp\/v2\/media?parent=391401"}],"wp:term":[{"taxonomy":"category","embeddable":true,"href":"https:\/\/www.webdo.tn\/fr\/wp-json\/wp\/v2\/categories?post=391401"},{"taxonomy":"post_tag","embeddable":true,"href":"https:\/\/www.webdo.tn\/fr\/wp-json\/wp\/v2\/tags?post=391401"}],"curies":[{"name":"wp","href":"https:\/\/api.w.org\/{rel}","templated":true}]}}