{"id":391348,"date":"2026-01-14T18:44:19","date_gmt":"2026-01-14T17:44:19","guid":{"rendered":"https:\/\/www.webdo.tn\/fr\/?p=391348"},"modified":"2026-01-15T08:58:52","modified_gmt":"2026-01-15T07:58:52","slug":"sabri-lamouchi-nomme-selectionneur-national-jusquen-2028","status":"publish","type":"post","link":"https:\/\/www.webdo.tn\/fr\/actualite\/sport\/sabri-lamouchi-nomme-selectionneur-national-jusquen-2028\/391348\/","title":{"rendered":"Sabri Lamouchi nomm\u00e9 s\u00e9lectionneur national jusqu\u2019en 2028"},"content":{"rendered":"\n<p>La F\u00e9d\u00e9ration tunisienne de football a officialis\u00e9, mercredi, la nomination de Sabri Lamouchi au poste de s\u00e9lectionneur national, dans le cadre d\u2019un contrat courant jusqu\u2019au 31 juillet 2028. Ce choix intervient \u00e0 un moment cl\u00e9, quelques jours seulement apr\u00e8s la fin du mandat de Sami Trabelsi, remerci\u00e9 dans la foul\u00e9e de l\u2019\u00e9limination de la Tunisie en huiti\u00e8mes de finale de la CAN 2025 face au Mali aux tirs au but.<\/p>\n\n\n\n<h2 class=\"wp-block-heading\" id=\"h-un-technicien-au-parcours-international-solide\">Un technicien au parcours international solide<\/h2>\n\n\n\n<p>\u00c2g\u00e9 de 54 ans et d\u00e9tenteur de la double nationalit\u00e9 tunisienne et fran\u00e7aise, Lamouchi poss\u00e8de une exp\u00e9rience \u00e9tendue \u00e0 la fois en s\u00e9lection et en clubs. <\/p>\n\n\n\n<p>Apr\u00e8s avoir dirig\u00e9 la C\u00f4te d\u2019Ivoire entre 2012 et 2014, il a poursuivi sa carri\u00e8re sur diff\u00e9rents bancs prestigieux : El-Jaish \u00e0 Doha, le Stade Rennais en Ligue 1 fran\u00e7aise, Al-Duhail au Qatar, Cardiff City au Pays de Galles, puis r\u00e9cemment Al-Riyadh en Arabie saoudite. <\/p>\n\n\n\n<p>Depuis plusieurs jours, son nom figurait parmi les pistes cr\u00e9dibles \u00e9tudi\u00e9es par la F\u00e9d\u00e9ration, avec des discussions d\u00e9j\u00e0 avanc\u00e9es autour du projet sportif et des aspects contractuels.<\/p>\n\n\n\n<h2 class=\"wp-block-heading\" id=\"h-une-relance-attendue-pour-la-selection-tunisienne\">Une relance attendue pour la s\u00e9lection tunisienne<\/h2>\n\n\n\n<p>La d\u00e9signation de Lamouchi intervient apr\u00e8s une p\u00e9riode marqu\u00e9e par l\u2019instabilit\u00e9 sportive et des r\u00e9sultats d\u00e9cevants. <\/p>\n\n\n\n<p>Outre Trabelsi, plusieurs profils tunisiens et \u00e9trangers avaient \u00e9t\u00e9 \u00e9voqu\u00e9s parmi les successeurs possibles, mais c\u2019est finalement l\u2019ancien international qui a retenu l\u2019adh\u00e9sion du bureau f\u00e9d\u00e9ral. <\/p>\n\n\n\n<p>Avec ce choix, la FTF entend ouvrir un nouveau cycle, dans l\u2019espoir de reconstruire une dynamique comp\u00e9titive et de redonner \u00e0 la s\u00e9lection une place durable au premier plan continental.<\/p>\n\n\n\n<iframe src=\"https:\/\/www.facebook.com\/plugins\/post.php?href=https%3A%2F%2Fwww.facebook.com%2FFTF.OFFICIELLE%2Fposts%2Fpfbid02qm9b3RmGKr7e1YdTPT1A6XdYjkRtF1ZHtLEJu7aBKvH9mwUxjoFvt4p9at92ruTCl&#038;show_text=true&#038;width=500\" width=\"500\" height=\"609\" style=\"border:none;overflow:hidden\" scrolling=\"no\" frameborder=\"0\" allowfullscreen=\"true\" allow=\"autoplay; clipboard-write; encrypted-media; picture-in-picture; web-share\"><\/iframe>\n\n\n\n<blockquote class=\"wp-block-quote is-layout-flow wp-block-quote-is-layout-flow\">\n<blockquote class=\"wp-block-quote is-layout-flow wp-block-quote-is-layout-flow\">\n<p><strong>Lire aussi:<\/strong><\/p>\n\n\n\n<ul class=\"wp-block-list\">\n<li class=\"has-medium-font-size\"><a href=\"https:\/\/www.webdo.tn\/fr\/actualite\/sport\/aigles-de-carthage-sabri-lamouchi-entre-officiellement-dans-la-course-au-poste-de-selectionneur\/391298\/\">Aigles de Carthage : Sabri Lamouchi entre dans la course au poste de s\u00e9lectionneur<\/a><\/li>\n\n\n\n<li class=\"has-medium-font-size\"><a href=\"https:\/\/www.webdo.tn\/fr\/actualite\/edito\/ftf-lheure-est-venue-den-finir-avec-le-bricolage-et-limprovisation\/391076\/\">FTF : L\u2019heure est venue d\u2019en finir avec le bricolage et l\u2019improvisation !<\/a><\/li>\n\n\n\n<li class=\"has-medium-font-size\"><a href=\"https:\/\/www.webdo.tn\/fr\/actualite\/sport\/apres-la-reunion-au-ministere-le-choix-dun-selectionneur-tunisien-simpose\/391021\/\">Apr\u00e8s la r\u00e9union au minist\u00e8re, le choix d\u2019un s\u00e9lectionneur tunisien s\u2019impose<\/a><\/li>\n\n\n\n<li class=\"has-medium-font-size\"><a href=\"https:\/\/www.webdo.tn\/fr\/actualite\/sport\/mouine-chaabani-en-pole-position-pour-entrainer-les-aigles-de-carthage\/390999\/\">Mouine Cha\u00e2bani en pole position pour entra\u00eener les Aigles de Carthage<\/a><\/li>\n<\/ul>\n<\/blockquote>\n<\/blockquote>\n","protected":false},"excerpt":{"rendered":"<p>La F\u00e9d\u00e9ration tunisienne de football a officialis\u00e9, mercredi, la nomination de Sabri Lamouchi au poste de s\u00e9lectionneur national, dans le cadre d\u2019un contrat courant jusqu\u2019au 31 juillet 2028. Ce choix intervient \u00e0 un moment cl\u00e9, quelques jours seulement apr\u00e8s la fin du mandat de Sami Trabelsi, remerci\u00e9 dans la foul\u00e9e de l\u2019\u00e9limination de la Tunisie [&hellip;]<\/p>\n","protected":false},"author":3203,"featured_media":391299,"comment_status":"closed","ping_status":"closed","sticky":false,"template":"","format":"standard","meta":{"footnotes":""},"categories":[2593],"tags":[9514,6353,13586,2608],"class_list":["post-391348","post","type-post","status-publish","format-standard","has-post-thumbnail","hentry","category-sport","tag-entraineur","tag-foot","tag-sabri-lamouchi","tag-tunisie"],"yoast_head":"<!-- This site is optimized with the Yoast SEO Premium plugin v27.4 (Yoast SEO v27.5) - https:\/\/yoast.com\/product\/yoast-seo-premium-wordpress\/ -->\n<title>Sabri Lamouchi nomm\u00e9 s\u00e9lectionneur national jusqu\u2019en 2028 - webdo<\/title>\n<meta name=\"description\" content=\"D\u00e9couvrez la nomination de Sabri Lamouchi comme s\u00e9lectionneur national jusqu\u2019en 2028, une d\u00e9cision strat\u00e9gique pour la Tunisie.\" \/>\n<link rel=\"canonical\" href=\"https:\/\/www.webdo.tn\/fr\/actualite\/sport\/sabri-lamouchi-nomme-selectionneur-national-jusquen-2028\/391348\/\" \/>\n<meta property=\"og:locale\" content=\"fr_FR\" \/>\n<meta property=\"og:type\" content=\"article\" \/>\n<meta property=\"og:title\" content=\"Sabri Lamouchi nomm\u00e9 s\u00e9lectionneur national jusqu\u2019en 2028\" \/>\n<meta property=\"og:description\" content=\"D\u00e9couvrez la nomination de Sabri Lamouchi comme s\u00e9lectionneur national jusqu\u2019en 2028, une d\u00e9cision strat\u00e9gique pour la Tunisie.\" \/>\n<meta property=\"og:url\" content=\"https:\/\/www.webdo.tn\/fr\/actualite\/sport\/sabri-lamouchi-nomme-selectionneur-national-jusquen-2028\/391348\/\" \/>\n<meta property=\"og:site_name\" content=\"webdo\" \/>\n<meta property=\"article:publisher\" content=\"https:\/\/www.facebook.com\/webdotn\" \/>\n<meta property=\"article:published_time\" content=\"2026-01-14T17:44:19+00:00\" \/>\n<meta property=\"article:modified_time\" content=\"2026-01-15T07:58:52+00:00\" \/>\n<meta property=\"og:image\" content=\"https:\/\/www.webdo.tn\/fr\/wp-content\/uploads\/2026\/01\/Sabri-Lamouchi.jpg\" \/>\n\t<meta property=\"og:image:width\" content=\"1200\" \/>\n\t<meta property=\"og:image:height\" content=\"607\" \/>\n\t<meta property=\"og:image:type\" content=\"image\/jpeg\" \/>\n<meta name=\"author\" content=\"Ramzi Haddad\" \/>\n<meta name=\"twitter:card\" content=\"summary_large_image\" \/>\n<meta name=\"twitter:creator\" content=\"@webdo_tn\" \/>\n<meta name=\"twitter:site\" content=\"@webdo_tn\" \/>\n<meta name=\"twitter:label1\" content=\"\u00c9crit par\" \/>\n\t<meta name=\"twitter:data1\" content=\"Ramzi Haddad\" \/>\n\t<meta name=\"twitter:label2\" content=\"Dur\u00e9e de lecture estim\u00e9e\" \/>\n\t<meta name=\"twitter:data2\" content=\"2 minutes\" \/>\n<script type=\"application\/ld+json\" class=\"yoast-schema-graph\">{\"@context\":\"https:\\\/\\\/schema.org\",\"@graph\":[{\"@type\":\"NewsArticle\",\"@id\":\"https:\\\/\\\/www.webdo.tn\\\/fr\\\/actualite\\\/sport\\\/sabri-lamouchi-nomme-selectionneur-national-jusquen-2028\\\/391348\\\/#article\",\"isPartOf\":{\"@id\":\"https:\\\/\\\/www.webdo.tn\\\/fr\\\/actualite\\\/sport\\\/sabri-lamouchi-nomme-selectionneur-national-jusquen-2028\\\/391348\\\/\"},\"author\":{\"name\":\"Ramzi Haddad\",\"@id\":\"https:\\\/\\\/www.webdo.tn\\\/fr\\\/#\\\/schema\\\/person\\\/5663044c25eb36d8f88ba5b653f12f8c\"},\"headline\":\"Sabri Lamouchi nomm\u00e9 s\u00e9lectionneur national jusqu\u2019en 2028\",\"datePublished\":\"2026-01-14T17:44:19+00:00\",\"dateModified\":\"2026-01-15T07:58:52+00:00\",\"mainEntityOfPage\":{\"@id\":\"https:\\\/\\\/www.webdo.tn\\\/fr\\\/actualite\\\/sport\\\/sabri-lamouchi-nomme-selectionneur-national-jusquen-2028\\\/391348\\\/\"},\"wordCount\":354,\"publisher\":{\"@id\":\"https:\\\/\\\/www.webdo.tn\\\/fr\\\/#organization\"},\"image\":{\"@id\":\"https:\\\/\\\/www.webdo.tn\\\/fr\\\/actualite\\\/sport\\\/sabri-lamouchi-nomme-selectionneur-national-jusquen-2028\\\/391348\\\/#primaryimage\"},\"thumbnailUrl\":\"https:\\\/\\\/www.webdo.tn\\\/fr\\\/wp-content\\\/uploads\\\/2026\\\/01\\\/Sabri-Lamouchi.jpg\",\"keywords\":[\"entra\u00eeneur\",\"foot\",\"sabri lamouchi\",\"Tunisie\"],\"articleSection\":[\"Sport\"],\"inLanguage\":\"fr-FR\"},{\"@type\":\"WebPage\",\"@id\":\"https:\\\/\\\/www.webdo.tn\\\/fr\\\/actualite\\\/sport\\\/sabri-lamouchi-nomme-selectionneur-national-jusquen-2028\\\/391348\\\/\",\"url\":\"https:\\\/\\\/www.webdo.tn\\\/fr\\\/actualite\\\/sport\\\/sabri-lamouchi-nomme-selectionneur-national-jusquen-2028\\\/391348\\\/\",\"name\":\"Sabri Lamouchi nomm\u00e9 s\u00e9lectionneur national jusqu\u2019en 2028 - webdo\",\"isPartOf\":{\"@id\":\"https:\\\/\\\/www.webdo.tn\\\/fr\\\/#website\"},\"primaryImageOfPage\":{\"@id\":\"https:\\\/\\\/www.webdo.tn\\\/fr\\\/actualite\\\/sport\\\/sabri-lamouchi-nomme-selectionneur-national-jusquen-2028\\\/391348\\\/#primaryimage\"},\"image\":{\"@id\":\"https:\\\/\\\/www.webdo.tn\\\/fr\\\/actualite\\\/sport\\\/sabri-lamouchi-nomme-selectionneur-national-jusquen-2028\\\/391348\\\/#primaryimage\"},\"thumbnailUrl\":\"https:\\\/\\\/www.webdo.tn\\\/fr\\\/wp-content\\\/uploads\\\/2026\\\/01\\\/Sabri-Lamouchi.jpg\",\"datePublished\":\"2026-01-14T17:44:19+00:00\",\"dateModified\":\"2026-01-15T07:58:52+00:00\",\"description\":\"D\u00e9couvrez la nomination de Sabri Lamouchi comme s\u00e9lectionneur national jusqu\u2019en 2028, une d\u00e9cision strat\u00e9gique pour la Tunisie.\",\"breadcrumb\":{\"@id\":\"https:\\\/\\\/www.webdo.tn\\\/fr\\\/actualite\\\/sport\\\/sabri-lamouchi-nomme-selectionneur-national-jusquen-2028\\\/391348\\\/#breadcrumb\"},\"inLanguage\":\"fr-FR\",\"potentialAction\":[{\"@type\":\"ReadAction\",\"target\":[\"https:\\\/\\\/www.webdo.tn\\\/fr\\\/actualite\\\/sport\\\/sabri-lamouchi-nomme-selectionneur-national-jusquen-2028\\\/391348\\\/\"]}]},{\"@type\":\"ImageObject\",\"inLanguage\":\"fr-FR\",\"@id\":\"https:\\\/\\\/www.webdo.tn\\\/fr\\\/actualite\\\/sport\\\/sabri-lamouchi-nomme-selectionneur-national-jusquen-2028\\\/391348\\\/#primaryimage\",\"url\":\"https:\\\/\\\/www.webdo.tn\\\/fr\\\/wp-content\\\/uploads\\\/2026\\\/01\\\/Sabri-Lamouchi.jpg\",\"contentUrl\":\"https:\\\/\\\/www.webdo.tn\\\/fr\\\/wp-content\\\/uploads\\\/2026\\\/01\\\/Sabri-Lamouchi.jpg\",\"width\":1200,\"height\":607,\"caption\":\"Aigles de Carthage : Sabri Lamouchi entre officiellement dans la course au poste de s\u00e9lectionneur\"},{\"@type\":\"BreadcrumbList\",\"@id\":\"https:\\\/\\\/www.webdo.tn\\\/fr\\\/actualite\\\/sport\\\/sabri-lamouchi-nomme-selectionneur-national-jusquen-2028\\\/391348\\\/#breadcrumb\",\"itemListElement\":[{\"@type\":\"ListItem\",\"position\":1,\"name\":\"Accueil\",\"item\":\"https:\\\/\\\/www.webdo.tn\\\/fr\\\/\"},{\"@type\":\"ListItem\",\"position\":2,\"name\":\"Sabri Lamouchi nomm\u00e9 s\u00e9lectionneur national jusqu\u2019en 2028\"}]},{\"@type\":\"WebSite\",\"@id\":\"https:\\\/\\\/www.webdo.tn\\\/fr\\\/#website\",\"url\":\"https:\\\/\\\/www.webdo.tn\\\/fr\\\/\",\"name\":\"webdo\",\"description\":\"Tunisie - News en Tunisie et \u00e0 l&#039;international sur Webdo.tn\",\"publisher\":{\"@id\":\"https:\\\/\\\/www.webdo.tn\\\/fr\\\/#organization\"},\"potentialAction\":[{\"@type\":\"SearchAction\",\"target\":{\"@type\":\"EntryPoint\",\"urlTemplate\":\"https:\\\/\\\/www.webdo.tn\\\/fr\\\/?s={search_term_string}\"},\"query-input\":{\"@type\":\"PropertyValueSpecification\",\"valueRequired\":true,\"valueName\":\"search_term_string\"}}],\"inLanguage\":\"fr-FR\"},{\"@type\":\"Organization\",\"@id\":\"https:\\\/\\\/www.webdo.tn\\\/fr\\\/#organization\",\"name\":\"Webdo\",\"alternateName\":\"Webdo.tn\",\"url\":\"https:\\\/\\\/www.webdo.tn\\\/fr\\\/\",\"logo\":{\"@type\":\"ImageObject\",\"inLanguage\":\"fr-FR\",\"@id\":\"https:\\\/\\\/www.webdo.tn\\\/fr\\\/#\\\/schema\\\/logo\\\/image\\\/\",\"url\":\"https:\\\/\\\/www.webdo.tn\\\/fr\\\/wp-content\\\/uploads\\\/2025\\\/06\\\/Webdo-Tunisie_168377.jpg\",\"contentUrl\":\"https:\\\/\\\/www.webdo.tn\\\/fr\\\/wp-content\\\/uploads\\\/2025\\\/06\\\/Webdo-Tunisie_168377.jpg\",\"width\":301,\"height\":301,\"caption\":\"Webdo\"},\"image\":{\"@id\":\"https:\\\/\\\/www.webdo.tn\\\/fr\\\/#\\\/schema\\\/logo\\\/image\\\/\"},\"sameAs\":[\"https:\\\/\\\/www.facebook.com\\\/webdotn\",\"https:\\\/\\\/x.com\\\/webdo_tn\"],\"description\":\"Webdo est un m\u00e9dia num\u00e9rique tunisien fond\u00e9 en 2010, sp\u00e9cialis\u00e9 dans l\u2019actualit\u00e9 nationale et internationale, l\u2019\u00e9conomie, la soci\u00e9t\u00e9 et les analyses politiques. Le site s\u2019adresse \u00e0 un large public francophone et couvre l\u2019information tunisienne en temps r\u00e9el.\",\"email\":\"redac@webdo.tn\",\"legalName\":\"YNJ SARL\",\"foundingDate\":\"2010-09-06\",\"numberOfEmployees\":{\"@type\":\"QuantitativeValue\",\"minValue\":\"11\",\"maxValue\":\"50\"}},{\"@type\":\"Person\",\"@id\":\"https:\\\/\\\/www.webdo.tn\\\/fr\\\/#\\\/schema\\\/person\\\/5663044c25eb36d8f88ba5b653f12f8c\",\"name\":\"Ramzi Haddad\",\"image\":{\"@type\":\"ImageObject\",\"inLanguage\":\"fr-FR\",\"@id\":\"https:\\\/\\\/www.webdo.tn\\\/fr\\\/wp-content\\\/uploads\\\/2026\\\/04\\\/ramzi-haddad_avatar-96x96.jpg\",\"url\":\"https:\\\/\\\/www.webdo.tn\\\/fr\\\/wp-content\\\/uploads\\\/2026\\\/04\\\/ramzi-haddad_avatar-96x96.jpg\",\"contentUrl\":\"https:\\\/\\\/www.webdo.tn\\\/fr\\\/wp-content\\\/uploads\\\/2026\\\/04\\\/ramzi-haddad_avatar-96x96.jpg\",\"caption\":\"Ramzi Haddad\"},\"description\":\"Signature \u00e9ditoriale de Walid Ben Youssef Ramzi Haddad est le pseudonyme \u00e9ditorial de Walid Ben Youssef, fondateur et g\u00e9rant de Webdo.tn. Cette signature est d\u00e9di\u00e9e \u00e0 la couverture de l'actualit\u00e9 nationale et internationale, ainsi qu'aux analyses des dynamiques num\u00e9riques. Ce profil b\u00e9n\u00e9ficie de l'expertise de Walid Ben Youssef, pionnier du web en Tunisie depuis 2000 et dipl\u00f4m\u00e9 en Math\u00e9matiques pures de l'Universit\u00e9 d'Oregon. \u00c0 travers cette signature, la r\u00e9daction de Webdo garantit une information structur\u00e9e et v\u00e9rifi\u00e9e, fid\u00e8le aux standards journalistiques du m\u00e9dia.\",\"url\":\"https:\\\/\\\/www.webdo.tn\\\/fr\\\/actualite\\\/author\\\/ramzi-haddad\\\/\"}]}<\/script>\n<!-- \/ Yoast SEO Premium plugin. -->","yoast_head_json":{"title":"Sabri Lamouchi nomm\u00e9 s\u00e9lectionneur national jusqu\u2019en 2028 - webdo","description":"D\u00e9couvrez la nomination de Sabri Lamouchi comme s\u00e9lectionneur national jusqu\u2019en 2028, une d\u00e9cision strat\u00e9gique pour la Tunisie.","canonical":"https:\/\/www.webdo.tn\/fr\/actualite\/sport\/sabri-lamouchi-nomme-selectionneur-national-jusquen-2028\/391348\/","og_locale":"fr_FR","og_type":"article","og_title":"Sabri Lamouchi nomm\u00e9 s\u00e9lectionneur national jusqu\u2019en 2028","og_description":"D\u00e9couvrez la nomination de Sabri Lamouchi comme s\u00e9lectionneur national jusqu\u2019en 2028, une d\u00e9cision strat\u00e9gique pour la Tunisie.","og_url":"https:\/\/www.webdo.tn\/fr\/actualite\/sport\/sabri-lamouchi-nomme-selectionneur-national-jusquen-2028\/391348\/","og_site_name":"webdo","article_publisher":"https:\/\/www.facebook.com\/webdotn","article_published_time":"2026-01-14T17:44:19+00:00","article_modified_time":"2026-01-15T07:58:52+00:00","og_image":[{"width":1200,"height":607,"url":"https:\/\/www.webdo.tn\/fr\/wp-content\/uploads\/2026\/01\/Sabri-Lamouchi.jpg","type":"image\/jpeg"}],"author":"Ramzi Haddad","twitter_card":"summary_large_image","twitter_creator":"@webdo_tn","twitter_site":"@webdo_tn","twitter_misc":{"\u00c9crit par":"Ramzi Haddad","Dur\u00e9e de lecture estim\u00e9e":"2 minutes"},"schema":{"@context":"https:\/\/schema.org","@graph":[{"@type":"NewsArticle","@id":"https:\/\/www.webdo.tn\/fr\/actualite\/sport\/sabri-lamouchi-nomme-selectionneur-national-jusquen-2028\/391348\/#article","isPartOf":{"@id":"https:\/\/www.webdo.tn\/fr\/actualite\/sport\/sabri-lamouchi-nomme-selectionneur-national-jusquen-2028\/391348\/"},"author":{"name":"Ramzi Haddad","@id":"https:\/\/www.webdo.tn\/fr\/#\/schema\/person\/5663044c25eb36d8f88ba5b653f12f8c"},"headline":"Sabri Lamouchi nomm\u00e9 s\u00e9lectionneur national jusqu\u2019en 2028","datePublished":"2026-01-14T17:44:19+00:00","dateModified":"2026-01-15T07:58:52+00:00","mainEntityOfPage":{"@id":"https:\/\/www.webdo.tn\/fr\/actualite\/sport\/sabri-lamouchi-nomme-selectionneur-national-jusquen-2028\/391348\/"},"wordCount":354,"publisher":{"@id":"https:\/\/www.webdo.tn\/fr\/#organization"},"image":{"@id":"https:\/\/www.webdo.tn\/fr\/actualite\/sport\/sabri-lamouchi-nomme-selectionneur-national-jusquen-2028\/391348\/#primaryimage"},"thumbnailUrl":"https:\/\/www.webdo.tn\/fr\/wp-content\/uploads\/2026\/01\/Sabri-Lamouchi.jpg","keywords":["entra\u00eeneur","foot","sabri lamouchi","Tunisie"],"articleSection":["Sport"],"inLanguage":"fr-FR"},{"@type":"WebPage","@id":"https:\/\/www.webdo.tn\/fr\/actualite\/sport\/sabri-lamouchi-nomme-selectionneur-national-jusquen-2028\/391348\/","url":"https:\/\/www.webdo.tn\/fr\/actualite\/sport\/sabri-lamouchi-nomme-selectionneur-national-jusquen-2028\/391348\/","name":"Sabri Lamouchi nomm\u00e9 s\u00e9lectionneur national jusqu\u2019en 2028 - webdo","isPartOf":{"@id":"https:\/\/www.webdo.tn\/fr\/#website"},"primaryImageOfPage":{"@id":"https:\/\/www.webdo.tn\/fr\/actualite\/sport\/sabri-lamouchi-nomme-selectionneur-national-jusquen-2028\/391348\/#primaryimage"},"image":{"@id":"https:\/\/www.webdo.tn\/fr\/actualite\/sport\/sabri-lamouchi-nomme-selectionneur-national-jusquen-2028\/391348\/#primaryimage"},"thumbnailUrl":"https:\/\/www.webdo.tn\/fr\/wp-content\/uploads\/2026\/01\/Sabri-Lamouchi.jpg","datePublished":"2026-01-14T17:44:19+00:00","dateModified":"2026-01-15T07:58:52+00:00","description":"D\u00e9couvrez la nomination de Sabri Lamouchi comme s\u00e9lectionneur national jusqu\u2019en 2028, une d\u00e9cision strat\u00e9gique pour la Tunisie.","breadcrumb":{"@id":"https:\/\/www.webdo.tn\/fr\/actualite\/sport\/sabri-lamouchi-nomme-selectionneur-national-jusquen-2028\/391348\/#breadcrumb"},"inLanguage":"fr-FR","potentialAction":[{"@type":"ReadAction","target":["https:\/\/www.webdo.tn\/fr\/actualite\/sport\/sabri-lamouchi-nomme-selectionneur-national-jusquen-2028\/391348\/"]}]},{"@type":"ImageObject","inLanguage":"fr-FR","@id":"https:\/\/www.webdo.tn\/fr\/actualite\/sport\/sabri-lamouchi-nomme-selectionneur-national-jusquen-2028\/391348\/#primaryimage","url":"https:\/\/www.webdo.tn\/fr\/wp-content\/uploads\/2026\/01\/Sabri-Lamouchi.jpg","contentUrl":"https:\/\/www.webdo.tn\/fr\/wp-content\/uploads\/2026\/01\/Sabri-Lamouchi.jpg","width":1200,"height":607,"caption":"Aigles de Carthage : Sabri Lamouchi entre officiellement dans la course au poste de s\u00e9lectionneur"},{"@type":"BreadcrumbList","@id":"https:\/\/www.webdo.tn\/fr\/actualite\/sport\/sabri-lamouchi-nomme-selectionneur-national-jusquen-2028\/391348\/#breadcrumb","itemListElement":[{"@type":"ListItem","position":1,"name":"Accueil","item":"https:\/\/www.webdo.tn\/fr\/"},{"@type":"ListItem","position":2,"name":"Sabri Lamouchi nomm\u00e9 s\u00e9lectionneur national jusqu\u2019en 2028"}]},{"@type":"WebSite","@id":"https:\/\/www.webdo.tn\/fr\/#website","url":"https:\/\/www.webdo.tn\/fr\/","name":"webdo","description":"Tunisie - News en Tunisie et \u00e0 l&#039;international sur Webdo.tn","publisher":{"@id":"https:\/\/www.webdo.tn\/fr\/#organization"},"potentialAction":[{"@type":"SearchAction","target":{"@type":"EntryPoint","urlTemplate":"https:\/\/www.webdo.tn\/fr\/?s={search_term_string}"},"query-input":{"@type":"PropertyValueSpecification","valueRequired":true,"valueName":"search_term_string"}}],"inLanguage":"fr-FR"},{"@type":"Organization","@id":"https:\/\/www.webdo.tn\/fr\/#organization","name":"Webdo","alternateName":"Webdo.tn","url":"https:\/\/www.webdo.tn\/fr\/","logo":{"@type":"ImageObject","inLanguage":"fr-FR","@id":"https:\/\/www.webdo.tn\/fr\/#\/schema\/logo\/image\/","url":"https:\/\/www.webdo.tn\/fr\/wp-content\/uploads\/2025\/06\/Webdo-Tunisie_168377.jpg","contentUrl":"https:\/\/www.webdo.tn\/fr\/wp-content\/uploads\/2025\/06\/Webdo-Tunisie_168377.jpg","width":301,"height":301,"caption":"Webdo"},"image":{"@id":"https:\/\/www.webdo.tn\/fr\/#\/schema\/logo\/image\/"},"sameAs":["https:\/\/www.facebook.com\/webdotn","https:\/\/x.com\/webdo_tn"],"description":"Webdo est un m\u00e9dia num\u00e9rique tunisien fond\u00e9 en 2010, sp\u00e9cialis\u00e9 dans l\u2019actualit\u00e9 nationale et internationale, l\u2019\u00e9conomie, la soci\u00e9t\u00e9 et les analyses politiques. Le site s\u2019adresse \u00e0 un large public francophone et couvre l\u2019information tunisienne en temps r\u00e9el.","email":"redac@webdo.tn","legalName":"YNJ SARL","foundingDate":"2010-09-06","numberOfEmployees":{"@type":"QuantitativeValue","minValue":"11","maxValue":"50"}},{"@type":"Person","@id":"https:\/\/www.webdo.tn\/fr\/#\/schema\/person\/5663044c25eb36d8f88ba5b653f12f8c","name":"Ramzi Haddad","image":{"@type":"ImageObject","inLanguage":"fr-FR","@id":"https:\/\/www.webdo.tn\/fr\/wp-content\/uploads\/2026\/04\/ramzi-haddad_avatar-96x96.jpg","url":"https:\/\/www.webdo.tn\/fr\/wp-content\/uploads\/2026\/04\/ramzi-haddad_avatar-96x96.jpg","contentUrl":"https:\/\/www.webdo.tn\/fr\/wp-content\/uploads\/2026\/04\/ramzi-haddad_avatar-96x96.jpg","caption":"Ramzi Haddad"},"description":"Signature \u00e9ditoriale de Walid Ben Youssef Ramzi Haddad est le pseudonyme \u00e9ditorial de Walid Ben Youssef, fondateur et g\u00e9rant de Webdo.tn. Cette signature est d\u00e9di\u00e9e \u00e0 la couverture de l'actualit\u00e9 nationale et internationale, ainsi qu'aux analyses des dynamiques num\u00e9riques. Ce profil b\u00e9n\u00e9ficie de l'expertise de Walid Ben Youssef, pionnier du web en Tunisie depuis 2000 et dipl\u00f4m\u00e9 en Math\u00e9matiques pures de l'Universit\u00e9 d'Oregon. \u00c0 travers cette signature, la r\u00e9daction de Webdo garantit une information structur\u00e9e et v\u00e9rifi\u00e9e, fid\u00e8le aux standards journalistiques du m\u00e9dia.","url":"https:\/\/www.webdo.tn\/fr\/actualite\/author\/ramzi-haddad\/"}]}},"_links":{"self":[{"href":"https:\/\/www.webdo.tn\/fr\/wp-json\/wp\/v2\/posts\/391348","targetHints":{"allow":["GET"]}}],"collection":[{"href":"https:\/\/www.webdo.tn\/fr\/wp-json\/wp\/v2\/posts"}],"about":[{"href":"https:\/\/www.webdo.tn\/fr\/wp-json\/wp\/v2\/types\/post"}],"author":[{"embeddable":true,"href":"https:\/\/www.webdo.tn\/fr\/wp-json\/wp\/v2\/users\/3203"}],"replies":[{"embeddable":true,"href":"https:\/\/www.webdo.tn\/fr\/wp-json\/wp\/v2\/comments?post=391348"}],"version-history":[{"count":0,"href":"https:\/\/www.webdo.tn\/fr\/wp-json\/wp\/v2\/posts\/391348\/revisions"}],"wp:featuredmedia":[{"embeddable":true,"href":"https:\/\/www.webdo.tn\/fr\/wp-json\/wp\/v2\/media\/391299"}],"wp:attachment":[{"href":"https:\/\/www.webdo.tn\/fr\/wp-json\/wp\/v2\/media?parent=391348"}],"wp:term":[{"taxonomy":"category","embeddable":true,"href":"https:\/\/www.webdo.tn\/fr\/wp-json\/wp\/v2\/categories?post=391348"},{"taxonomy":"post_tag","embeddable":true,"href":"https:\/\/www.webdo.tn\/fr\/wp-json\/wp\/v2\/tags?post=391348"}],"curies":[{"name":"wp","href":"https:\/\/api.w.org\/{rel}","templated":true}]}}