{"id":391302,"date":"2026-01-14T10:10:19","date_gmt":"2026-01-14T09:10:19","guid":{"rendered":"https:\/\/www.webdo.tn\/fr\/?p=391302"},"modified":"2026-01-16T09:16:23","modified_gmt":"2026-01-16T08:16:23","slug":"ligue-1-le-grand-cirque-reprend","status":"publish","type":"post","link":"https:\/\/www.webdo.tn\/fr\/actualite\/edito\/ligue-1-le-grand-cirque-reprend\/391302\/","title":{"rendered":"Ligue 1 : Le grand cirque reprend !"},"content":{"rendered":"\n<p><strong>La s\u00e9lection nationale a pli\u00e9 bagage plus vite que pr\u00e9vu \u00e0 la CAN 2025, et voil\u00e0 que la Ligue 1 tunisienne reprend ses droits. Enfin, \u00ab reprend \u00bb est un bien grand mot. Disons plut\u00f4t qu\u2019elle se r\u00e9installe dans le d\u00e9sordre, fid\u00e8le \u00e0 elle-m\u00eame, comme un vieux feuilleton dont on conna\u00eet d\u00e9j\u00e0 la fin mais dont on continue \u00e0 diffuser les \u00e9pisodes n\u2019importe comment.<\/strong><\/p>\n\n\n\n<p>Car pour c\u00e9l\u00e9brer ce retour au championnat, nos g\u00e9nies de la programmation ont eu une id\u00e9e lumineuse : faire red\u00e9marrer la comp\u00e9tition un jeudi. Oui, un jeudi. Le 15 janvier. Parce que pourquoi faire simple quand on peut faire compliqu\u00e9 ? La 16e journ\u00e9e se jouera donc sur trois jours : jeudi, vendredi et samedi, pendant que le dimanche &#8211; jour naturel du football &#8211; est d\u00e9cr\u00e9t\u00e9\u2026 jour f\u00e9ri\u00e9. Rideau. Circulez, il n\u2019y a rien \u00e0 voir.<\/p>\n\n\n\n<p>Mais le meilleur est \u00e0 venir. A peine cette 16e journ\u00e9e termin\u00e9e, voil\u00e0 que la 17e d\u00e9barque dans un format encore plus cr\u00e9atif : lundi, mardi et\u2026 jeudi. Le mercredi, lui, doit probablement servir \u00e0 m\u00e9diter sur le sens profond de la planification sportive en Tunisie.<\/p>\n\n\n\n<h2 class=\"wp-block-heading\" id=\"h-le-football-tunisien-version-calendrier-experimental\">Le football tunisien, version calendrier exp\u00e9rimental<\/h2>\n\n\n\n<p>R\u00e9sumons : On ne joue pas le dimanche. On joue le jeudi. On encha\u00eene lundi-mardi-jeudi. Et on appelle \u00e7a un championnat professionnel. A ce stade, la Ligue 1 ressemble moins \u00e0 une comp\u00e9tition sportive qu\u2019\u00e0 un test grandeur nature de r\u00e9sistance nerveuse pour supporters, journalistes et entra\u00eeneurs parce qu\u2019en Tunisie, le football se consomme \u00e0 l\u2019heure du caf\u00e9 de l\u2019apr\u00e8s-midi, quand tout le monde est au travail. Et ce n\u2019est que le d\u00e9but\u2026<\/p>\n\n\n\n<p>Le mercredi, repos. Le dimanche, sacr\u00e9. Le samedi, parfois. Le jeudi, souvent. Une ligue qui joue quand elle peut, comme elle peut, et surtout sans se poser de questions.<\/p>\n\n\n\n<h2 class=\"wp-block-heading\" id=\"h-une-tradition-bien-tunisienne\">Une tradition bien tunisienne<\/h2>\n\n\n\n<p>Au fond, cette programmation est parfaitement coh\u00e9rente avec l\u2019esprit g\u00e9n\u00e9ral du football local : improvisation, bricolage et art consomm\u00e9 du non-sens. On ne planifie pas une saison, on la traverse. On ne structure pas un calendrier, on le subit. Et surtout, on ne se demande jamais si le public peut suivre.<\/p>\n\n\n\n<p>Mais rassurons-nous : la Ligue 1 est de retour. Certes, personne ne sait vraiment quand elle joue, pourquoi elle joue ce jour-l\u00e0, ni qui peut regarder les matchs. Mais elle est l\u00e0. Et en Tunisie, c\u2019est d\u00e9j\u00e0 une performance.<\/p>\n\n\n\n<p><strong>Programme de la 16\u00e8me journ\u00e9e<\/strong><\/p>\n\n\n\n<p>Jeudi 15 janvier (14h00)<\/p>\n\n\n\n<ul class=\"wp-block-list\">\n<li>Esp\u00e9rance de Tunis &#8211; AS Gabes<\/li>\n\n\n\n<li>AS Soliman &#8211; JS Kairouanaise<\/li>\n<\/ul>\n\n\n\n<p>Vendredi 16 janvier<\/p>\n\n\n\n<ul class=\"wp-block-list\">\n<li>Stade Tunisien &#8211; US Monastirienne<\/li>\n\n\n\n<li>Olympique de B\u00e9ja &#8211; US Ben Guerdane<\/li>\n\n\n\n<li>Esp\u00e9rance de Zarzis &#8211; CS Sfaxien<\/li>\n<\/ul>\n\n\n\n<p>Samedi 17 janvier<\/p>\n\n\n\n<ul class=\"wp-block-list\">\n<li>AS Marsa &#8211; Club Africain<\/li>\n\n\n\n<li>CA Bizertin &#8211; ES M\u00e9tlaoui<\/li>\n\n\n\n<li>Etoile du Sahel &#8211; JS Omrane<\/li>\n<\/ul>\n\n\n\n<p><strong>Programme de la 17\u00e8me journ\u00e9e (14h00)<\/strong><\/p>\n\n\n\n<p>Lundi 19 janvier<\/p>\n\n\n\n<ul class=\"wp-block-list\">\n<li>US Monastirienne &#8211; Esp\u00e9rance de Tunis<\/li>\n<\/ul>\n\n\n\n<p>Mardi 20 janvier<\/p>\n\n\n\n<ul class=\"wp-block-list\">\n<li>JS Omrane &#8211; Esp\u00e9rance de Zarzis<\/li>\n\n\n\n<li>JS Kairouanaise &#8211; Stade Tunisien<\/li>\n\n\n\n<li>AS Gab\u00e8s &#8211; Olympique de B\u00e9ja<\/li>\n<\/ul>\n\n\n\n<p>Jeudi 22 janvier<\/p>\n\n\n\n<ul class=\"wp-block-list\">\n<li>Club Africain &#8211; Etoile du Sahel<\/li>\n\n\n\n<li>CS Sfaxien &#8211; CA Bizertin<\/li>\n\n\n\n<li>ES M\u00e9tlaoui &#8211; AS Soliman<\/li>\n\n\n\n<li>US Ben Guerdane &#8211; AS Marsa<\/li>\n<\/ul>\n\n\n\n<p><\/p>\n\n\n\n<blockquote class=\"wp-block-quote is-layout-flow wp-block-quote-is-layout-flow\">\n<blockquote class=\"wp-block-quote is-layout-flow wp-block-quote-is-layout-flow\">\n<p><strong>Lire aussi :<\/strong><\/p>\n\n\n\n<ul class=\"wp-block-list\">\n<li><a href=\"https:\/\/www.webdo.tn\/fr\/actualite\/sport\/crise-arbitrale-en-ligue-1-les-clubs-passent-a-loffensive-et-recusent-plusieurs-arbitres\/388364\/\">Crise arbitrale en Ligue 1 : Les clubs passent \u00e0 l\u2019offensive et r\u00e9cusent plusieurs arbitres<\/a><\/li>\n<\/ul>\n<\/blockquote>\n<\/blockquote>\n","protected":false},"excerpt":{"rendered":"<p>La s\u00e9lection nationale a pli\u00e9 bagage plus vite que pr\u00e9vu \u00e0 la CAN 2025, et voil\u00e0 que la Ligue 1 tunisienne reprend ses droits. Enfin, \u00ab reprend \u00bb est un bien grand mot. Disons plut\u00f4t qu\u2019elle se r\u00e9installe dans le d\u00e9sordre, fid\u00e8le \u00e0 elle-m\u00eame, comme un vieux feuilleton dont on conna\u00eet d\u00e9j\u00e0 la fin mais [&hellip;]<\/p>\n","protected":false},"author":3189,"featured_media":391308,"comment_status":"closed","ping_status":"closed","sticky":false,"template":"","format":"standard","meta":{"footnotes":""},"categories":[2589],"tags":[3738,2622,2777,6272,2608],"class_list":["post-391302","post","type-post","status-publish","format-standard","has-post-thumbnail","hentry","category-edito","tag-championnat-de-tunisie","tag-football","tag-ligue-1","tag-programmation","tag-tunisie"],"yoast_head":"<!-- This site is optimized with the Yoast SEO Premium plugin v27.4 (Yoast SEO v27.4) - https:\/\/yoast.com\/product\/yoast-seo-premium-wordpress\/ -->\n<title>Ligue 1 : Le grand cirque reprend ! - webdo<\/title>\n<meta name=\"description\" content=\"La Ligue 1 : Le grand cirque reprend ! D\u00e9couvrez le retour chaotique du championnat tunisien avec des dates inattendues.\" \/>\n<link rel=\"canonical\" href=\"https:\/\/www.webdo.tn\/fr\/actualite\/edito\/ligue-1-le-grand-cirque-reprend\/391302\/\" \/>\n<meta property=\"og:locale\" content=\"fr_FR\" \/>\n<meta property=\"og:type\" content=\"article\" \/>\n<meta property=\"og:title\" content=\"Ligue 1 : Le grand cirque reprend !\" \/>\n<meta property=\"og:description\" content=\"La Ligue 1 : Le grand cirque reprend ! D\u00e9couvrez le retour chaotique du championnat tunisien avec des dates inattendues.\" \/>\n<meta property=\"og:url\" content=\"https:\/\/www.webdo.tn\/fr\/actualite\/edito\/ligue-1-le-grand-cirque-reprend\/391302\/\" \/>\n<meta property=\"og:site_name\" content=\"webdo\" \/>\n<meta property=\"article:publisher\" content=\"https:\/\/www.facebook.com\/webdotn\" \/>\n<meta property=\"article:author\" content=\"https:\/\/www.facebook.com\/youssef.rc.92\" \/>\n<meta property=\"article:published_time\" content=\"2026-01-14T09:10:19+00:00\" \/>\n<meta property=\"article:modified_time\" content=\"2026-01-16T08:16:23+00:00\" \/>\n<meta property=\"og:image\" content=\"https:\/\/www.webdo.tn\/fr\/wp-content\/uploads\/2026\/01\/ballon.jpg\" \/>\n\t<meta property=\"og:image:width\" content=\"1200\" \/>\n\t<meta property=\"og:image:height\" content=\"602\" \/>\n\t<meta property=\"og:image:type\" content=\"image\/jpeg\" \/>\n<meta name=\"author\" content=\"Maher Chaabane\" \/>\n<meta name=\"twitter:card\" content=\"summary_large_image\" \/>\n<meta name=\"twitter:creator\" content=\"@webdo_tn\" \/>\n<meta name=\"twitter:site\" content=\"@webdo_tn\" \/>\n<meta name=\"twitter:label1\" content=\"\u00c9crit par\" \/>\n\t<meta name=\"twitter:data1\" content=\"Maher Chaabane\" \/>\n\t<meta name=\"twitter:label2\" content=\"Dur\u00e9e de lecture estim\u00e9e\" \/>\n\t<meta name=\"twitter:data2\" content=\"3 minutes\" \/>\n<script type=\"application\/ld+json\" class=\"yoast-schema-graph\">{\"@context\":\"https:\\\/\\\/schema.org\",\"@graph\":[{\"@type\":\"NewsArticle\",\"@id\":\"https:\\\/\\\/www.webdo.tn\\\/fr\\\/actualite\\\/edito\\\/ligue-1-le-grand-cirque-reprend\\\/391302\\\/#article\",\"isPartOf\":{\"@id\":\"https:\\\/\\\/www.webdo.tn\\\/fr\\\/actualite\\\/edito\\\/ligue-1-le-grand-cirque-reprend\\\/391302\\\/\"},\"author\":{\"name\":\"Maher Chaabane\",\"@id\":\"https:\\\/\\\/www.webdo.tn\\\/fr\\\/#\\\/schema\\\/person\\\/57c261717927697fcf719ab1058a8003\"},\"headline\":\"Ligue 1 : Le grand cirque reprend !\",\"datePublished\":\"2026-01-14T09:10:19+00:00\",\"dateModified\":\"2026-01-16T08:16:23+00:00\",\"mainEntityOfPage\":{\"@id\":\"https:\\\/\\\/www.webdo.tn\\\/fr\\\/actualite\\\/edito\\\/ligue-1-le-grand-cirque-reprend\\\/391302\\\/\"},\"wordCount\":558,\"publisher\":{\"@id\":\"https:\\\/\\\/www.webdo.tn\\\/fr\\\/#organization\"},\"image\":{\"@id\":\"https:\\\/\\\/www.webdo.tn\\\/fr\\\/actualite\\\/edito\\\/ligue-1-le-grand-cirque-reprend\\\/391302\\\/#primaryimage\"},\"thumbnailUrl\":\"https:\\\/\\\/www.webdo.tn\\\/fr\\\/wp-content\\\/uploads\\\/2026\\\/01\\\/ballon.jpg\",\"keywords\":[\"championnat de tunisie\",\"football\",\"Ligue 1\",\"programmation\",\"Tunisie\"],\"articleSection\":[\"Edito\"],\"inLanguage\":\"fr-FR\"},{\"@type\":\"WebPage\",\"@id\":\"https:\\\/\\\/www.webdo.tn\\\/fr\\\/actualite\\\/edito\\\/ligue-1-le-grand-cirque-reprend\\\/391302\\\/\",\"url\":\"https:\\\/\\\/www.webdo.tn\\\/fr\\\/actualite\\\/edito\\\/ligue-1-le-grand-cirque-reprend\\\/391302\\\/\",\"name\":\"Ligue 1 : Le grand cirque reprend ! - webdo\",\"isPartOf\":{\"@id\":\"https:\\\/\\\/www.webdo.tn\\\/fr\\\/#website\"},\"primaryImageOfPage\":{\"@id\":\"https:\\\/\\\/www.webdo.tn\\\/fr\\\/actualite\\\/edito\\\/ligue-1-le-grand-cirque-reprend\\\/391302\\\/#primaryimage\"},\"image\":{\"@id\":\"https:\\\/\\\/www.webdo.tn\\\/fr\\\/actualite\\\/edito\\\/ligue-1-le-grand-cirque-reprend\\\/391302\\\/#primaryimage\"},\"thumbnailUrl\":\"https:\\\/\\\/www.webdo.tn\\\/fr\\\/wp-content\\\/uploads\\\/2026\\\/01\\\/ballon.jpg\",\"datePublished\":\"2026-01-14T09:10:19+00:00\",\"dateModified\":\"2026-01-16T08:16:23+00:00\",\"description\":\"La Ligue 1 : Le grand cirque reprend ! D\u00e9couvrez le retour chaotique du championnat tunisien avec des dates inattendues.\",\"breadcrumb\":{\"@id\":\"https:\\\/\\\/www.webdo.tn\\\/fr\\\/actualite\\\/edito\\\/ligue-1-le-grand-cirque-reprend\\\/391302\\\/#breadcrumb\"},\"inLanguage\":\"fr-FR\",\"potentialAction\":[{\"@type\":\"ReadAction\",\"target\":[\"https:\\\/\\\/www.webdo.tn\\\/fr\\\/actualite\\\/edito\\\/ligue-1-le-grand-cirque-reprend\\\/391302\\\/\"]}]},{\"@type\":\"ImageObject\",\"inLanguage\":\"fr-FR\",\"@id\":\"https:\\\/\\\/www.webdo.tn\\\/fr\\\/actualite\\\/edito\\\/ligue-1-le-grand-cirque-reprend\\\/391302\\\/#primaryimage\",\"url\":\"https:\\\/\\\/www.webdo.tn\\\/fr\\\/wp-content\\\/uploads\\\/2026\\\/01\\\/ballon.jpg\",\"contentUrl\":\"https:\\\/\\\/www.webdo.tn\\\/fr\\\/wp-content\\\/uploads\\\/2026\\\/01\\\/ballon.jpg\",\"width\":1200,\"height\":602,\"caption\":\"Ligue 1 : Le grand cirque reprend !\"},{\"@type\":\"BreadcrumbList\",\"@id\":\"https:\\\/\\\/www.webdo.tn\\\/fr\\\/actualite\\\/edito\\\/ligue-1-le-grand-cirque-reprend\\\/391302\\\/#breadcrumb\",\"itemListElement\":[{\"@type\":\"ListItem\",\"position\":1,\"name\":\"Accueil\",\"item\":\"https:\\\/\\\/www.webdo.tn\\\/fr\\\/\"},{\"@type\":\"ListItem\",\"position\":2,\"name\":\"Ligue 1 : Le grand cirque reprend !\"}]},{\"@type\":\"WebSite\",\"@id\":\"https:\\\/\\\/www.webdo.tn\\\/fr\\\/#website\",\"url\":\"https:\\\/\\\/www.webdo.tn\\\/fr\\\/\",\"name\":\"webdo\",\"description\":\"Tunisie - News en Tunisie et \u00e0 l&#039;international sur Webdo.tn\",\"publisher\":{\"@id\":\"https:\\\/\\\/www.webdo.tn\\\/fr\\\/#organization\"},\"potentialAction\":[{\"@type\":\"SearchAction\",\"target\":{\"@type\":\"EntryPoint\",\"urlTemplate\":\"https:\\\/\\\/www.webdo.tn\\\/fr\\\/?s={search_term_string}\"},\"query-input\":{\"@type\":\"PropertyValueSpecification\",\"valueRequired\":true,\"valueName\":\"search_term_string\"}}],\"inLanguage\":\"fr-FR\"},{\"@type\":\"Organization\",\"@id\":\"https:\\\/\\\/www.webdo.tn\\\/fr\\\/#organization\",\"name\":\"Webdo\",\"alternateName\":\"Webdo.tn\",\"url\":\"https:\\\/\\\/www.webdo.tn\\\/fr\\\/\",\"logo\":{\"@type\":\"ImageObject\",\"inLanguage\":\"fr-FR\",\"@id\":\"https:\\\/\\\/www.webdo.tn\\\/fr\\\/#\\\/schema\\\/logo\\\/image\\\/\",\"url\":\"https:\\\/\\\/www.webdo.tn\\\/fr\\\/wp-content\\\/uploads\\\/2025\\\/06\\\/Webdo-Tunisie_168377.jpg\",\"contentUrl\":\"https:\\\/\\\/www.webdo.tn\\\/fr\\\/wp-content\\\/uploads\\\/2025\\\/06\\\/Webdo-Tunisie_168377.jpg\",\"width\":301,\"height\":301,\"caption\":\"Webdo\"},\"image\":{\"@id\":\"https:\\\/\\\/www.webdo.tn\\\/fr\\\/#\\\/schema\\\/logo\\\/image\\\/\"},\"sameAs\":[\"https:\\\/\\\/www.facebook.com\\\/webdotn\",\"https:\\\/\\\/x.com\\\/webdo_tn\"],\"description\":\"Webdo est un m\u00e9dia num\u00e9rique tunisien fond\u00e9 en 2010, sp\u00e9cialis\u00e9 dans l\u2019actualit\u00e9 nationale et internationale, l\u2019\u00e9conomie, la soci\u00e9t\u00e9 et les analyses politiques. Le site s\u2019adresse \u00e0 un large public francophone et couvre l\u2019information tunisienne en temps r\u00e9el.\",\"email\":\"redac@webdo.tn\",\"legalName\":\"YNJ SARL\",\"foundingDate\":\"2010-09-06\",\"numberOfEmployees\":{\"@type\":\"QuantitativeValue\",\"minValue\":\"11\",\"maxValue\":\"50\"}},{\"@type\":\"Person\",\"@id\":\"https:\\\/\\\/www.webdo.tn\\\/fr\\\/#\\\/schema\\\/person\\\/57c261717927697fcf719ab1058a8003\",\"name\":\"Maher Chaabane\",\"image\":{\"@type\":\"ImageObject\",\"inLanguage\":\"fr-FR\",\"@id\":\"https:\\\/\\\/www.webdo.tn\\\/fr\\\/wp-content\\\/uploads\\\/2026\\\/04\\\/maher-chaabane_avatar_2-96x96.jpg\",\"url\":\"https:\\\/\\\/www.webdo.tn\\\/fr\\\/wp-content\\\/uploads\\\/2026\\\/04\\\/maher-chaabane_avatar_2-96x96.jpg\",\"contentUrl\":\"https:\\\/\\\/www.webdo.tn\\\/fr\\\/wp-content\\\/uploads\\\/2026\\\/04\\\/maher-chaabane_avatar_2-96x96.jpg\",\"caption\":\"Maher Chaabane\"},\"description\":\"Maher Chaabane est journaliste et r\u00e9dacteur en chef de Webdo.tn depuis 2012. Il d\u00e9bute sa carri\u00e8re au sein du groupe Tunis Hebdo en 2000, o\u00f9 il couvre pendant plusieurs ann\u00e9es l\u2019actualit\u00e9 sportive et internationale, avant d\u2019occuper les fonctions de r\u00e9dacteur en chef adjoint. Fort de plus de deux d\u00e9cennies d\u2019exp\u00e9rience dans le journalisme, il supervise aujourd\u2019hui la production \u00e9ditoriale de Webdo et contribue activement \u00e0 la ligne du m\u00e9dia, en particulier sur les sujets d\u2019actualit\u00e9 nationale et internationale. https:\\\/\\\/www.facebook.com\\\/youssef.rc.92\",\"sameAs\":[\"https:\\\/\\\/www.facebook.com\\\/youssef.rc.92\"],\"knowsAbout\":[\"journalisme\",\"actualit\u00e9 internationale\",\"sport\",\"r\u00e9daction\",\"m\u00e9dias\",\"information\"],\"knowsLanguage\":[\"Fran\u00e7ais\",\"Arabe\"],\"jobTitle\":\"R\u00e9dacteur en chef\",\"worksFor\":\"Webdo.tn\",\"url\":\"https:\\\/\\\/www.webdo.tn\\\/fr\\\/actualite\\\/author\\\/maher-chaabane\\\/\"}]}<\/script>\n<!-- \/ Yoast SEO Premium plugin. -->","yoast_head_json":{"title":"Ligue 1 : Le grand cirque reprend ! - webdo","description":"La Ligue 1 : Le grand cirque reprend ! D\u00e9couvrez le retour chaotique du championnat tunisien avec des dates inattendues.","canonical":"https:\/\/www.webdo.tn\/fr\/actualite\/edito\/ligue-1-le-grand-cirque-reprend\/391302\/","og_locale":"fr_FR","og_type":"article","og_title":"Ligue 1 : Le grand cirque reprend !","og_description":"La Ligue 1 : Le grand cirque reprend ! D\u00e9couvrez le retour chaotique du championnat tunisien avec des dates inattendues.","og_url":"https:\/\/www.webdo.tn\/fr\/actualite\/edito\/ligue-1-le-grand-cirque-reprend\/391302\/","og_site_name":"webdo","article_publisher":"https:\/\/www.facebook.com\/webdotn","article_author":"https:\/\/www.facebook.com\/youssef.rc.92","article_published_time":"2026-01-14T09:10:19+00:00","article_modified_time":"2026-01-16T08:16:23+00:00","og_image":[{"width":1200,"height":602,"url":"https:\/\/www.webdo.tn\/fr\/wp-content\/uploads\/2026\/01\/ballon.jpg","type":"image\/jpeg"}],"author":"Maher Chaabane","twitter_card":"summary_large_image","twitter_creator":"@webdo_tn","twitter_site":"@webdo_tn","twitter_misc":{"\u00c9crit par":"Maher Chaabane","Dur\u00e9e de lecture estim\u00e9e":"3 minutes"},"schema":{"@context":"https:\/\/schema.org","@graph":[{"@type":"NewsArticle","@id":"https:\/\/www.webdo.tn\/fr\/actualite\/edito\/ligue-1-le-grand-cirque-reprend\/391302\/#article","isPartOf":{"@id":"https:\/\/www.webdo.tn\/fr\/actualite\/edito\/ligue-1-le-grand-cirque-reprend\/391302\/"},"author":{"name":"Maher Chaabane","@id":"https:\/\/www.webdo.tn\/fr\/#\/schema\/person\/57c261717927697fcf719ab1058a8003"},"headline":"Ligue 1 : Le grand cirque reprend !","datePublished":"2026-01-14T09:10:19+00:00","dateModified":"2026-01-16T08:16:23+00:00","mainEntityOfPage":{"@id":"https:\/\/www.webdo.tn\/fr\/actualite\/edito\/ligue-1-le-grand-cirque-reprend\/391302\/"},"wordCount":558,"publisher":{"@id":"https:\/\/www.webdo.tn\/fr\/#organization"},"image":{"@id":"https:\/\/www.webdo.tn\/fr\/actualite\/edito\/ligue-1-le-grand-cirque-reprend\/391302\/#primaryimage"},"thumbnailUrl":"https:\/\/www.webdo.tn\/fr\/wp-content\/uploads\/2026\/01\/ballon.jpg","keywords":["championnat de tunisie","football","Ligue 1","programmation","Tunisie"],"articleSection":["Edito"],"inLanguage":"fr-FR"},{"@type":"WebPage","@id":"https:\/\/www.webdo.tn\/fr\/actualite\/edito\/ligue-1-le-grand-cirque-reprend\/391302\/","url":"https:\/\/www.webdo.tn\/fr\/actualite\/edito\/ligue-1-le-grand-cirque-reprend\/391302\/","name":"Ligue 1 : Le grand cirque reprend ! - webdo","isPartOf":{"@id":"https:\/\/www.webdo.tn\/fr\/#website"},"primaryImageOfPage":{"@id":"https:\/\/www.webdo.tn\/fr\/actualite\/edito\/ligue-1-le-grand-cirque-reprend\/391302\/#primaryimage"},"image":{"@id":"https:\/\/www.webdo.tn\/fr\/actualite\/edito\/ligue-1-le-grand-cirque-reprend\/391302\/#primaryimage"},"thumbnailUrl":"https:\/\/www.webdo.tn\/fr\/wp-content\/uploads\/2026\/01\/ballon.jpg","datePublished":"2026-01-14T09:10:19+00:00","dateModified":"2026-01-16T08:16:23+00:00","description":"La Ligue 1 : Le grand cirque reprend ! D\u00e9couvrez le retour chaotique du championnat tunisien avec des dates inattendues.","breadcrumb":{"@id":"https:\/\/www.webdo.tn\/fr\/actualite\/edito\/ligue-1-le-grand-cirque-reprend\/391302\/#breadcrumb"},"inLanguage":"fr-FR","potentialAction":[{"@type":"ReadAction","target":["https:\/\/www.webdo.tn\/fr\/actualite\/edito\/ligue-1-le-grand-cirque-reprend\/391302\/"]}]},{"@type":"ImageObject","inLanguage":"fr-FR","@id":"https:\/\/www.webdo.tn\/fr\/actualite\/edito\/ligue-1-le-grand-cirque-reprend\/391302\/#primaryimage","url":"https:\/\/www.webdo.tn\/fr\/wp-content\/uploads\/2026\/01\/ballon.jpg","contentUrl":"https:\/\/www.webdo.tn\/fr\/wp-content\/uploads\/2026\/01\/ballon.jpg","width":1200,"height":602,"caption":"Ligue 1 : Le grand cirque reprend !"},{"@type":"BreadcrumbList","@id":"https:\/\/www.webdo.tn\/fr\/actualite\/edito\/ligue-1-le-grand-cirque-reprend\/391302\/#breadcrumb","itemListElement":[{"@type":"ListItem","position":1,"name":"Accueil","item":"https:\/\/www.webdo.tn\/fr\/"},{"@type":"ListItem","position":2,"name":"Ligue 1 : Le grand cirque reprend !"}]},{"@type":"WebSite","@id":"https:\/\/www.webdo.tn\/fr\/#website","url":"https:\/\/www.webdo.tn\/fr\/","name":"webdo","description":"Tunisie - News en Tunisie et \u00e0 l&#039;international sur Webdo.tn","publisher":{"@id":"https:\/\/www.webdo.tn\/fr\/#organization"},"potentialAction":[{"@type":"SearchAction","target":{"@type":"EntryPoint","urlTemplate":"https:\/\/www.webdo.tn\/fr\/?s={search_term_string}"},"query-input":{"@type":"PropertyValueSpecification","valueRequired":true,"valueName":"search_term_string"}}],"inLanguage":"fr-FR"},{"@type":"Organization","@id":"https:\/\/www.webdo.tn\/fr\/#organization","name":"Webdo","alternateName":"Webdo.tn","url":"https:\/\/www.webdo.tn\/fr\/","logo":{"@type":"ImageObject","inLanguage":"fr-FR","@id":"https:\/\/www.webdo.tn\/fr\/#\/schema\/logo\/image\/","url":"https:\/\/www.webdo.tn\/fr\/wp-content\/uploads\/2025\/06\/Webdo-Tunisie_168377.jpg","contentUrl":"https:\/\/www.webdo.tn\/fr\/wp-content\/uploads\/2025\/06\/Webdo-Tunisie_168377.jpg","width":301,"height":301,"caption":"Webdo"},"image":{"@id":"https:\/\/www.webdo.tn\/fr\/#\/schema\/logo\/image\/"},"sameAs":["https:\/\/www.facebook.com\/webdotn","https:\/\/x.com\/webdo_tn"],"description":"Webdo est un m\u00e9dia num\u00e9rique tunisien fond\u00e9 en 2010, sp\u00e9cialis\u00e9 dans l\u2019actualit\u00e9 nationale et internationale, l\u2019\u00e9conomie, la soci\u00e9t\u00e9 et les analyses politiques. Le site s\u2019adresse \u00e0 un large public francophone et couvre l\u2019information tunisienne en temps r\u00e9el.","email":"redac@webdo.tn","legalName":"YNJ SARL","foundingDate":"2010-09-06","numberOfEmployees":{"@type":"QuantitativeValue","minValue":"11","maxValue":"50"}},{"@type":"Person","@id":"https:\/\/www.webdo.tn\/fr\/#\/schema\/person\/57c261717927697fcf719ab1058a8003","name":"Maher Chaabane","image":{"@type":"ImageObject","inLanguage":"fr-FR","@id":"https:\/\/www.webdo.tn\/fr\/wp-content\/uploads\/2026\/04\/maher-chaabane_avatar_2-96x96.jpg","url":"https:\/\/www.webdo.tn\/fr\/wp-content\/uploads\/2026\/04\/maher-chaabane_avatar_2-96x96.jpg","contentUrl":"https:\/\/www.webdo.tn\/fr\/wp-content\/uploads\/2026\/04\/maher-chaabane_avatar_2-96x96.jpg","caption":"Maher Chaabane"},"description":"Maher Chaabane est journaliste et r\u00e9dacteur en chef de Webdo.tn depuis 2012. Il d\u00e9bute sa carri\u00e8re au sein du groupe Tunis Hebdo en 2000, o\u00f9 il couvre pendant plusieurs ann\u00e9es l\u2019actualit\u00e9 sportive et internationale, avant d\u2019occuper les fonctions de r\u00e9dacteur en chef adjoint. Fort de plus de deux d\u00e9cennies d\u2019exp\u00e9rience dans le journalisme, il supervise aujourd\u2019hui la production \u00e9ditoriale de Webdo et contribue activement \u00e0 la ligne du m\u00e9dia, en particulier sur les sujets d\u2019actualit\u00e9 nationale et internationale. https:\/\/www.facebook.com\/youssef.rc.92","sameAs":["https:\/\/www.facebook.com\/youssef.rc.92"],"knowsAbout":["journalisme","actualit\u00e9 internationale","sport","r\u00e9daction","m\u00e9dias","information"],"knowsLanguage":["Fran\u00e7ais","Arabe"],"jobTitle":"R\u00e9dacteur en chef","worksFor":"Webdo.tn","url":"https:\/\/www.webdo.tn\/fr\/actualite\/author\/maher-chaabane\/"}]}},"_links":{"self":[{"href":"https:\/\/www.webdo.tn\/fr\/wp-json\/wp\/v2\/posts\/391302","targetHints":{"allow":["GET"]}}],"collection":[{"href":"https:\/\/www.webdo.tn\/fr\/wp-json\/wp\/v2\/posts"}],"about":[{"href":"https:\/\/www.webdo.tn\/fr\/wp-json\/wp\/v2\/types\/post"}],"author":[{"embeddable":true,"href":"https:\/\/www.webdo.tn\/fr\/wp-json\/wp\/v2\/users\/3189"}],"replies":[{"embeddable":true,"href":"https:\/\/www.webdo.tn\/fr\/wp-json\/wp\/v2\/comments?post=391302"}],"version-history":[{"count":0,"href":"https:\/\/www.webdo.tn\/fr\/wp-json\/wp\/v2\/posts\/391302\/revisions"}],"wp:featuredmedia":[{"embeddable":true,"href":"https:\/\/www.webdo.tn\/fr\/wp-json\/wp\/v2\/media\/391308"}],"wp:attachment":[{"href":"https:\/\/www.webdo.tn\/fr\/wp-json\/wp\/v2\/media?parent=391302"}],"wp:term":[{"taxonomy":"category","embeddable":true,"href":"https:\/\/www.webdo.tn\/fr\/wp-json\/wp\/v2\/categories?post=391302"},{"taxonomy":"post_tag","embeddable":true,"href":"https:\/\/www.webdo.tn\/fr\/wp-json\/wp\/v2\/tags?post=391302"}],"curies":[{"name":"wp","href":"https:\/\/api.w.org\/{rel}","templated":true}]}}