{"id":391298,"date":"2026-01-14T09:27:27","date_gmt":"2026-01-14T08:27:27","guid":{"rendered":"https:\/\/www.webdo.tn\/fr\/?p=391298"},"modified":"2026-01-14T09:28:13","modified_gmt":"2026-01-14T08:28:13","slug":"aigles-de-carthage-sabri-lamouchi-entre-officiellement-dans-la-course-au-poste-de-selectionneur","status":"publish","type":"post","link":"https:\/\/www.webdo.tn\/fr\/actualite\/sport\/aigles-de-carthage-sabri-lamouchi-entre-officiellement-dans-la-course-au-poste-de-selectionneur\/391298\/","title":{"rendered":"Aigles de Carthage : Sabri Lamouchi entre dans la course au poste de s\u00e9lectionneur"},"content":{"rendered":"\n<p><strong>Le nom de Sabri Lamouchi figure d\u00e9sormais parmi les profils s\u00e9rieusement envisag\u00e9s pour prendre la t\u00eate de l\u2019\u00e9quipe nationale tunisienne. Des contacts ont d\u00e9j\u00e0 eu lieu avec la F\u00e9d\u00e9ration tunisienne de football, tandis que la liste des candidats continue de s\u2019\u00e9largir dans un contexte de r\u00e9flexion sur l\u2019avenir du staff technique.<\/strong><\/p>\n\n\n\n<p>Le dossier du futur s\u00e9lectionneur national conna\u00eet une nouvelle \u00e9volution avec l\u2019entr\u00e9e en lice de Sabri Lamouchi parmi les candidats pressentis pour diriger les Aigles de Carthage. Son nom vient s\u2019ajouter \u00e0 la liste des profils qui doivent \u00eatre examin\u00e9s par la F\u00e9d\u00e9ration tunisienne de football dans le cadre de la r\u00e9organisation du staff technique.<\/p>\n\n\n\n<p>Cette candidature, qui gagne en cr\u00e9dibilit\u00e9, s\u2019inscrit dans un contexte o\u00f9 la FTF multiplie les consultations afin de trancher sur l\u2019identit\u00e9 du prochain entra\u00eeneur de la s\u00e9lection.<\/p>\n\n\n\n<h2 class=\"wp-block-heading\" id=\"h-des-contacts-deja-etablis-avec-la-federation\">Des contacts d\u00e9j\u00e0 \u00e9tablis avec la F\u00e9d\u00e9ration<\/h2>\n\n\n\n<p>Selon des informations concordantes, la F\u00e9d\u00e9ration tunisienne de football a d\u2019ores et d\u00e9j\u00e0 pris contact avec Sabri Lamouchi. Les \u00e9changes auraient port\u00e9 aussi bien sur le projet sportif que sur les aspects contractuels.<\/p>\n\n\n\n<p>Toujours selon les m\u00eames sources, l\u2019ancien international aurait accueilli favorablement l\u2019id\u00e9e de prendre en main la s\u00e9lection nationale et donn\u00e9 son accord de principe concernant les conditions financi\u00e8res propos\u00e9es par le bureau f\u00e9d\u00e9ral, ce qui renforce le s\u00e9rieux de sa candidature.<\/p>\n\n\n\n<h2 class=\"wp-block-heading\" id=\"h-une-concurrence-toujours-ouverte\">Une concurrence toujours ouverte<\/h2>\n\n\n\n<p>La liste des entra\u00eeneurs susceptibles de succ\u00e9der \u00e0 l\u2019actuel staff technique reste toutefois ouverte. Plusieurs profils, tunisiens et \u00e9trangers, figurent parmi les options \u00e9tudi\u00e9es par la FTF.<\/p>\n\n\n\n<p>Parmi eux, le technicien fran\u00e7ais Franck Haise, longtemps pr\u00e9sent\u00e9 comme l\u2019un des favoris, demeure dans la course, m\u00eame si l\u2019\u00e9mergence de la candidature de Sabri Lamouchi semble rebattre les cartes et relancer la comp\u00e9tition entre les diff\u00e9rents pr\u00e9tendants. Patrick Vieira est \u00e9galement cit\u00e9 dans ce m\u00eame contexte de pistes fran\u00e7aises potentielles. Parmi les Tunisiens, figurent Nasreddine Nabi, Khaled Ben Yahia, Mouine Cha\u00e2bani, etc.<\/p>\n\n\n\n<p><\/p>\n\n\n\n<blockquote class=\"wp-block-quote is-layout-flow wp-block-quote-is-layout-flow\">\n<blockquote class=\"wp-block-quote is-layout-flow wp-block-quote-is-layout-flow\">\n<p><strong>Lire aussi :<\/strong><\/p>\n\n\n\n<ul class=\"wp-block-list\">\n<li><a href=\"https:\/\/www.webdo.tn\/fr\/actualite\/edito\/ftf-lheure-est-venue-den-finir-avec-le-bricolage-et-limprovisation\/391076\/\">FTF : L\u2019heure est venue d\u2019en finir avec le bricolage et l\u2019improvisation !<\/a><\/li>\n\n\n\n<li><a href=\"https:\/\/www.webdo.tn\/fr\/actualite\/sport\/mouine-chaabani-en-pole-position-pour-entrainer-les-aigles-de-carthage\/390999\/\">Mouine Cha\u00e2bani en pole position pour entra\u00eener les Aigles de Carthage<\/a><\/li>\n\n\n\n<li><a href=\"https:\/\/www.webdo.tn\/fr\/actualite\/sport\/apres-la-reunion-au-ministere-le-choix-dun-selectionneur-tunisien-simpose\/391021\/\">Apr\u00e8s la r\u00e9union au minist\u00e8re, le choix d\u2019un s\u00e9lectionneur tunisien s\u2019impose<\/a><\/li>\n\n\n\n<li><a href=\"https:\/\/www.webdo.tn\/fr\/actualite\/sport\/selectionneur-national-le-bal-est-ouvert-a-la-ftf\/390784\/\">S\u00e9lectionneur national : Le bal est ouvert \u00e0 la FTF<\/a><\/li>\n\n\n\n<li><a href=\"https:\/\/www.webdo.tn\/fr\/actualite\/sport\/aigles-de-carthage-sami-trabelsi-et-son-staff-limoges\/390679\/\">Aigles de Carthage : Sami Trabelsi et son staff, limog\u00e9s<\/a><\/li>\n<\/ul>\n<\/blockquote>\n<\/blockquote>\n","protected":false},"excerpt":{"rendered":"<p>Le nom de Sabri Lamouchi figure d\u00e9sormais parmi les profils s\u00e9rieusement envisag\u00e9s pour prendre la t\u00eate de l\u2019\u00e9quipe nationale tunisienne. Des contacts ont d\u00e9j\u00e0 eu lieu avec la F\u00e9d\u00e9ration tunisienne de football, tandis que la liste des candidats continue de s\u2019\u00e9largir dans un contexte de r\u00e9flexion sur l\u2019avenir du staff technique. Le dossier du futur [&hellip;]<\/p>\n","protected":false},"author":4782,"featured_media":391299,"comment_status":"closed","ping_status":"closed","sticky":false,"template":"","format":"standard","meta":{"footnotes":""},"categories":[2593],"tags":[5292,13586,13563,2608],"class_list":["post-391298","post","type-post","status-publish","format-standard","has-post-thumbnail","hentry","category-sport","tag-aigles-de-carthage","tag-sabri-lamouchi","tag-selectionneur-national","tag-tunisie"],"yoast_head":"<!-- This site is optimized with the Yoast SEO Premium plugin v27.4 (Yoast SEO v27.5) - https:\/\/yoast.com\/product\/yoast-seo-premium-wordpress\/ -->\n<title>Aigles de Carthage : Sabri Lamouchi entre dans la course au poste de s\u00e9lectionneur - webdo<\/title>\n<meta name=\"description\" content=\"La candidature de Sabri Lamouchi pour diriger les Aigles de Carthage soul\u00e8ve des discussions au sein de la F\u00e9d\u00e9ration tunisienne de football.\" \/>\n<link rel=\"canonical\" href=\"https:\/\/www.webdo.tn\/fr\/actualite\/sport\/aigles-de-carthage-sabri-lamouchi-entre-officiellement-dans-la-course-au-poste-de-selectionneur\/391298\/\" \/>\n<meta property=\"og:locale\" content=\"fr_FR\" \/>\n<meta property=\"og:type\" content=\"article\" \/>\n<meta property=\"og:title\" content=\"Aigles de Carthage : Sabri Lamouchi entre dans la course au poste de s\u00e9lectionneur\" \/>\n<meta property=\"og:description\" content=\"La candidature de Sabri Lamouchi pour diriger les Aigles de Carthage soul\u00e8ve des discussions au sein de la F\u00e9d\u00e9ration tunisienne de football.\" \/>\n<meta property=\"og:url\" content=\"https:\/\/www.webdo.tn\/fr\/actualite\/sport\/aigles-de-carthage-sabri-lamouchi-entre-officiellement-dans-la-course-au-poste-de-selectionneur\/391298\/\" \/>\n<meta property=\"og:site_name\" content=\"webdo\" \/>\n<meta property=\"article:publisher\" content=\"https:\/\/www.facebook.com\/webdotn\" \/>\n<meta property=\"article:published_time\" content=\"2026-01-14T08:27:27+00:00\" \/>\n<meta property=\"article:modified_time\" content=\"2026-01-14T08:28:13+00:00\" \/>\n<meta property=\"og:image\" content=\"https:\/\/www.webdo.tn\/fr\/wp-content\/uploads\/2026\/01\/Sabri-Lamouchi.jpg\" \/>\n\t<meta property=\"og:image:width\" content=\"1200\" \/>\n\t<meta property=\"og:image:height\" content=\"607\" \/>\n\t<meta property=\"og:image:type\" content=\"image\/jpeg\" \/>\n<meta name=\"author\" content=\"Mohamed Fethi\" \/>\n<meta name=\"twitter:card\" content=\"summary_large_image\" \/>\n<meta name=\"twitter:creator\" content=\"@webdo_tn\" \/>\n<meta name=\"twitter:site\" content=\"@webdo_tn\" \/>\n<meta name=\"twitter:label1\" content=\"\u00c9crit par\" \/>\n\t<meta name=\"twitter:data1\" content=\"Mohamed Fethi\" \/>\n\t<meta name=\"twitter:label2\" content=\"Dur\u00e9e de lecture estim\u00e9e\" \/>\n\t<meta name=\"twitter:data2\" content=\"2 minutes\" \/>\n<script type=\"application\/ld+json\" class=\"yoast-schema-graph\">{\"@context\":\"https:\\\/\\\/schema.org\",\"@graph\":[{\"@type\":\"NewsArticle\",\"@id\":\"https:\\\/\\\/www.webdo.tn\\\/fr\\\/actualite\\\/sport\\\/aigles-de-carthage-sabri-lamouchi-entre-officiellement-dans-la-course-au-poste-de-selectionneur\\\/391298\\\/#article\",\"isPartOf\":{\"@id\":\"https:\\\/\\\/www.webdo.tn\\\/fr\\\/actualite\\\/sport\\\/aigles-de-carthage-sabri-lamouchi-entre-officiellement-dans-la-course-au-poste-de-selectionneur\\\/391298\\\/\"},\"author\":{\"name\":\"Mohamed Fethi\",\"@id\":\"https:\\\/\\\/www.webdo.tn\\\/fr\\\/#\\\/schema\\\/person\\\/16a4857e77dfc0b610c4c2cadffc9ac4\"},\"headline\":\"Aigles de Carthage : Sabri Lamouchi entre dans la course au poste de s\u00e9lectionneur\",\"datePublished\":\"2026-01-14T08:27:27+00:00\",\"dateModified\":\"2026-01-14T08:28:13+00:00\",\"mainEntityOfPage\":{\"@id\":\"https:\\\/\\\/www.webdo.tn\\\/fr\\\/actualite\\\/sport\\\/aigles-de-carthage-sabri-lamouchi-entre-officiellement-dans-la-course-au-poste-de-selectionneur\\\/391298\\\/\"},\"wordCount\":442,\"publisher\":{\"@id\":\"https:\\\/\\\/www.webdo.tn\\\/fr\\\/#organization\"},\"image\":{\"@id\":\"https:\\\/\\\/www.webdo.tn\\\/fr\\\/actualite\\\/sport\\\/aigles-de-carthage-sabri-lamouchi-entre-officiellement-dans-la-course-au-poste-de-selectionneur\\\/391298\\\/#primaryimage\"},\"thumbnailUrl\":\"https:\\\/\\\/www.webdo.tn\\\/fr\\\/wp-content\\\/uploads\\\/2026\\\/01\\\/Sabri-Lamouchi.jpg\",\"keywords\":[\"aigles de carthage\",\"sabri lamouchi\",\"s\u00e9lectionneur national\",\"Tunisie\"],\"articleSection\":[\"Sport\"],\"inLanguage\":\"fr-FR\"},{\"@type\":\"WebPage\",\"@id\":\"https:\\\/\\\/www.webdo.tn\\\/fr\\\/actualite\\\/sport\\\/aigles-de-carthage-sabri-lamouchi-entre-officiellement-dans-la-course-au-poste-de-selectionneur\\\/391298\\\/\",\"url\":\"https:\\\/\\\/www.webdo.tn\\\/fr\\\/actualite\\\/sport\\\/aigles-de-carthage-sabri-lamouchi-entre-officiellement-dans-la-course-au-poste-de-selectionneur\\\/391298\\\/\",\"name\":\"Aigles de Carthage : Sabri Lamouchi entre dans la course au poste de s\u00e9lectionneur - webdo\",\"isPartOf\":{\"@id\":\"https:\\\/\\\/www.webdo.tn\\\/fr\\\/#website\"},\"primaryImageOfPage\":{\"@id\":\"https:\\\/\\\/www.webdo.tn\\\/fr\\\/actualite\\\/sport\\\/aigles-de-carthage-sabri-lamouchi-entre-officiellement-dans-la-course-au-poste-de-selectionneur\\\/391298\\\/#primaryimage\"},\"image\":{\"@id\":\"https:\\\/\\\/www.webdo.tn\\\/fr\\\/actualite\\\/sport\\\/aigles-de-carthage-sabri-lamouchi-entre-officiellement-dans-la-course-au-poste-de-selectionneur\\\/391298\\\/#primaryimage\"},\"thumbnailUrl\":\"https:\\\/\\\/www.webdo.tn\\\/fr\\\/wp-content\\\/uploads\\\/2026\\\/01\\\/Sabri-Lamouchi.jpg\",\"datePublished\":\"2026-01-14T08:27:27+00:00\",\"dateModified\":\"2026-01-14T08:28:13+00:00\",\"description\":\"La candidature de Sabri Lamouchi pour diriger les Aigles de Carthage soul\u00e8ve des discussions au sein de la F\u00e9d\u00e9ration tunisienne de football.\",\"breadcrumb\":{\"@id\":\"https:\\\/\\\/www.webdo.tn\\\/fr\\\/actualite\\\/sport\\\/aigles-de-carthage-sabri-lamouchi-entre-officiellement-dans-la-course-au-poste-de-selectionneur\\\/391298\\\/#breadcrumb\"},\"inLanguage\":\"fr-FR\",\"potentialAction\":[{\"@type\":\"ReadAction\",\"target\":[\"https:\\\/\\\/www.webdo.tn\\\/fr\\\/actualite\\\/sport\\\/aigles-de-carthage-sabri-lamouchi-entre-officiellement-dans-la-course-au-poste-de-selectionneur\\\/391298\\\/\"]}]},{\"@type\":\"ImageObject\",\"inLanguage\":\"fr-FR\",\"@id\":\"https:\\\/\\\/www.webdo.tn\\\/fr\\\/actualite\\\/sport\\\/aigles-de-carthage-sabri-lamouchi-entre-officiellement-dans-la-course-au-poste-de-selectionneur\\\/391298\\\/#primaryimage\",\"url\":\"https:\\\/\\\/www.webdo.tn\\\/fr\\\/wp-content\\\/uploads\\\/2026\\\/01\\\/Sabri-Lamouchi.jpg\",\"contentUrl\":\"https:\\\/\\\/www.webdo.tn\\\/fr\\\/wp-content\\\/uploads\\\/2026\\\/01\\\/Sabri-Lamouchi.jpg\",\"width\":1200,\"height\":607,\"caption\":\"Aigles de Carthage : Sabri Lamouchi entre officiellement dans la course au poste de s\u00e9lectionneur\"},{\"@type\":\"BreadcrumbList\",\"@id\":\"https:\\\/\\\/www.webdo.tn\\\/fr\\\/actualite\\\/sport\\\/aigles-de-carthage-sabri-lamouchi-entre-officiellement-dans-la-course-au-poste-de-selectionneur\\\/391298\\\/#breadcrumb\",\"itemListElement\":[{\"@type\":\"ListItem\",\"position\":1,\"name\":\"Accueil\",\"item\":\"https:\\\/\\\/www.webdo.tn\\\/fr\\\/\"},{\"@type\":\"ListItem\",\"position\":2,\"name\":\"Aigles de Carthage : Sabri Lamouchi entre dans la course au poste de s\u00e9lectionneur\"}]},{\"@type\":\"WebSite\",\"@id\":\"https:\\\/\\\/www.webdo.tn\\\/fr\\\/#website\",\"url\":\"https:\\\/\\\/www.webdo.tn\\\/fr\\\/\",\"name\":\"webdo\",\"description\":\"Tunisie - News en Tunisie et \u00e0 l&#039;international sur Webdo.tn\",\"publisher\":{\"@id\":\"https:\\\/\\\/www.webdo.tn\\\/fr\\\/#organization\"},\"potentialAction\":[{\"@type\":\"SearchAction\",\"target\":{\"@type\":\"EntryPoint\",\"urlTemplate\":\"https:\\\/\\\/www.webdo.tn\\\/fr\\\/?s={search_term_string}\"},\"query-input\":{\"@type\":\"PropertyValueSpecification\",\"valueRequired\":true,\"valueName\":\"search_term_string\"}}],\"inLanguage\":\"fr-FR\"},{\"@type\":\"Organization\",\"@id\":\"https:\\\/\\\/www.webdo.tn\\\/fr\\\/#organization\",\"name\":\"Webdo\",\"alternateName\":\"Webdo.tn\",\"url\":\"https:\\\/\\\/www.webdo.tn\\\/fr\\\/\",\"logo\":{\"@type\":\"ImageObject\",\"inLanguage\":\"fr-FR\",\"@id\":\"https:\\\/\\\/www.webdo.tn\\\/fr\\\/#\\\/schema\\\/logo\\\/image\\\/\",\"url\":\"https:\\\/\\\/www.webdo.tn\\\/fr\\\/wp-content\\\/uploads\\\/2025\\\/06\\\/Webdo-Tunisie_168377.jpg\",\"contentUrl\":\"https:\\\/\\\/www.webdo.tn\\\/fr\\\/wp-content\\\/uploads\\\/2025\\\/06\\\/Webdo-Tunisie_168377.jpg\",\"width\":301,\"height\":301,\"caption\":\"Webdo\"},\"image\":{\"@id\":\"https:\\\/\\\/www.webdo.tn\\\/fr\\\/#\\\/schema\\\/logo\\\/image\\\/\"},\"sameAs\":[\"https:\\\/\\\/www.facebook.com\\\/webdotn\",\"https:\\\/\\\/x.com\\\/webdo_tn\"],\"description\":\"Webdo est un m\u00e9dia num\u00e9rique tunisien fond\u00e9 en 2010, sp\u00e9cialis\u00e9 dans l\u2019actualit\u00e9 nationale et internationale, l\u2019\u00e9conomie, la soci\u00e9t\u00e9 et les analyses politiques. Le site s\u2019adresse \u00e0 un large public francophone et couvre l\u2019information tunisienne en temps r\u00e9el.\",\"email\":\"redac@webdo.tn\",\"legalName\":\"YNJ SARL\",\"foundingDate\":\"2010-09-06\",\"numberOfEmployees\":{\"@type\":\"QuantitativeValue\",\"minValue\":\"11\",\"maxValue\":\"50\"}},{\"@type\":\"Person\",\"@id\":\"https:\\\/\\\/www.webdo.tn\\\/fr\\\/#\\\/schema\\\/person\\\/16a4857e77dfc0b610c4c2cadffc9ac4\",\"name\":\"Mohamed Fethi\",\"image\":{\"@type\":\"ImageObject\",\"inLanguage\":\"fr-FR\",\"@id\":\"https:\\\/\\\/www.webdo.tn\\\/fr\\\/wp-content\\\/uploads\\\/2026\\\/04\\\/mohamed-fethi_avatar_1-96x96.jpg\",\"url\":\"https:\\\/\\\/www.webdo.tn\\\/fr\\\/wp-content\\\/uploads\\\/2026\\\/04\\\/mohamed-fethi_avatar_1-96x96.jpg\",\"contentUrl\":\"https:\\\/\\\/www.webdo.tn\\\/fr\\\/wp-content\\\/uploads\\\/2026\\\/04\\\/mohamed-fethi_avatar_1-96x96.jpg\",\"caption\":\"Mohamed Fethi\"},\"description\":\"Signature \u00e9ditoriale de Maher Chaabane Mohamed Fethi est le pseudonyme \u00e9ditorial de Maher Chaabane, r\u00e9dacteur en chef de Webdo.tn depuis 2012. Cette signature est d\u00e9di\u00e9e au traitement intensif de l'actualit\u00e9 nationale et internationale en temps r\u00e9el. S'appuyant sur les deux d\u00e9cennies d'expertise journalistique de Maher Chaabane \u2014 d\u00e9but\u00e9e au sein du groupe Tunis Hebdo en 2000 \u2014 Mohamed Fethi assure une veille rigoureuse sur les enjeux politiques, \u00e9conomiques et sportifs. Sa mission est de garantir une information structur\u00e9e, fluide et fid\u00e8le aux standards de la r\u00e9daction. Pour consulter le parcours complet du r\u00e9dacteur en chef, visitez le profil officiel de Maher Chaabane.\",\"knowsAbout\":[\"actualit\u00e9\",\"journalisme\",\"information\",\"politique\",\"sport\",\"m\u00e9dias\",\"actualit\u00e9 internationale\"],\"knowsLanguage\":[\"Fran\u00e7ais\",\"Arabe\"],\"jobTitle\":\"Journaliste \u2013 R\u00e9daction Webdo\",\"worksFor\":\"Webdo.tn\",\"url\":\"https:\\\/\\\/www.webdo.tn\\\/fr\\\/actualite\\\/author\\\/mohamed-fethi\\\/\"}]}<\/script>\n<!-- \/ Yoast SEO Premium plugin. -->","yoast_head_json":{"title":"Aigles de Carthage : Sabri Lamouchi entre dans la course au poste de s\u00e9lectionneur - webdo","description":"La candidature de Sabri Lamouchi pour diriger les Aigles de Carthage soul\u00e8ve des discussions au sein de la F\u00e9d\u00e9ration tunisienne de football.","canonical":"https:\/\/www.webdo.tn\/fr\/actualite\/sport\/aigles-de-carthage-sabri-lamouchi-entre-officiellement-dans-la-course-au-poste-de-selectionneur\/391298\/","og_locale":"fr_FR","og_type":"article","og_title":"Aigles de Carthage : Sabri Lamouchi entre dans la course au poste de s\u00e9lectionneur","og_description":"La candidature de Sabri Lamouchi pour diriger les Aigles de Carthage soul\u00e8ve des discussions au sein de la F\u00e9d\u00e9ration tunisienne de football.","og_url":"https:\/\/www.webdo.tn\/fr\/actualite\/sport\/aigles-de-carthage-sabri-lamouchi-entre-officiellement-dans-la-course-au-poste-de-selectionneur\/391298\/","og_site_name":"webdo","article_publisher":"https:\/\/www.facebook.com\/webdotn","article_published_time":"2026-01-14T08:27:27+00:00","article_modified_time":"2026-01-14T08:28:13+00:00","og_image":[{"width":1200,"height":607,"url":"https:\/\/www.webdo.tn\/fr\/wp-content\/uploads\/2026\/01\/Sabri-Lamouchi.jpg","type":"image\/jpeg"}],"author":"Mohamed Fethi","twitter_card":"summary_large_image","twitter_creator":"@webdo_tn","twitter_site":"@webdo_tn","twitter_misc":{"\u00c9crit par":"Mohamed Fethi","Dur\u00e9e de lecture estim\u00e9e":"2 minutes"},"schema":{"@context":"https:\/\/schema.org","@graph":[{"@type":"NewsArticle","@id":"https:\/\/www.webdo.tn\/fr\/actualite\/sport\/aigles-de-carthage-sabri-lamouchi-entre-officiellement-dans-la-course-au-poste-de-selectionneur\/391298\/#article","isPartOf":{"@id":"https:\/\/www.webdo.tn\/fr\/actualite\/sport\/aigles-de-carthage-sabri-lamouchi-entre-officiellement-dans-la-course-au-poste-de-selectionneur\/391298\/"},"author":{"name":"Mohamed Fethi","@id":"https:\/\/www.webdo.tn\/fr\/#\/schema\/person\/16a4857e77dfc0b610c4c2cadffc9ac4"},"headline":"Aigles de Carthage : Sabri Lamouchi entre dans la course au poste de s\u00e9lectionneur","datePublished":"2026-01-14T08:27:27+00:00","dateModified":"2026-01-14T08:28:13+00:00","mainEntityOfPage":{"@id":"https:\/\/www.webdo.tn\/fr\/actualite\/sport\/aigles-de-carthage-sabri-lamouchi-entre-officiellement-dans-la-course-au-poste-de-selectionneur\/391298\/"},"wordCount":442,"publisher":{"@id":"https:\/\/www.webdo.tn\/fr\/#organization"},"image":{"@id":"https:\/\/www.webdo.tn\/fr\/actualite\/sport\/aigles-de-carthage-sabri-lamouchi-entre-officiellement-dans-la-course-au-poste-de-selectionneur\/391298\/#primaryimage"},"thumbnailUrl":"https:\/\/www.webdo.tn\/fr\/wp-content\/uploads\/2026\/01\/Sabri-Lamouchi.jpg","keywords":["aigles de carthage","sabri lamouchi","s\u00e9lectionneur national","Tunisie"],"articleSection":["Sport"],"inLanguage":"fr-FR"},{"@type":"WebPage","@id":"https:\/\/www.webdo.tn\/fr\/actualite\/sport\/aigles-de-carthage-sabri-lamouchi-entre-officiellement-dans-la-course-au-poste-de-selectionneur\/391298\/","url":"https:\/\/www.webdo.tn\/fr\/actualite\/sport\/aigles-de-carthage-sabri-lamouchi-entre-officiellement-dans-la-course-au-poste-de-selectionneur\/391298\/","name":"Aigles de Carthage : Sabri Lamouchi entre dans la course au poste de s\u00e9lectionneur - webdo","isPartOf":{"@id":"https:\/\/www.webdo.tn\/fr\/#website"},"primaryImageOfPage":{"@id":"https:\/\/www.webdo.tn\/fr\/actualite\/sport\/aigles-de-carthage-sabri-lamouchi-entre-officiellement-dans-la-course-au-poste-de-selectionneur\/391298\/#primaryimage"},"image":{"@id":"https:\/\/www.webdo.tn\/fr\/actualite\/sport\/aigles-de-carthage-sabri-lamouchi-entre-officiellement-dans-la-course-au-poste-de-selectionneur\/391298\/#primaryimage"},"thumbnailUrl":"https:\/\/www.webdo.tn\/fr\/wp-content\/uploads\/2026\/01\/Sabri-Lamouchi.jpg","datePublished":"2026-01-14T08:27:27+00:00","dateModified":"2026-01-14T08:28:13+00:00","description":"La candidature de Sabri Lamouchi pour diriger les Aigles de Carthage soul\u00e8ve des discussions au sein de la F\u00e9d\u00e9ration tunisienne de football.","breadcrumb":{"@id":"https:\/\/www.webdo.tn\/fr\/actualite\/sport\/aigles-de-carthage-sabri-lamouchi-entre-officiellement-dans-la-course-au-poste-de-selectionneur\/391298\/#breadcrumb"},"inLanguage":"fr-FR","potentialAction":[{"@type":"ReadAction","target":["https:\/\/www.webdo.tn\/fr\/actualite\/sport\/aigles-de-carthage-sabri-lamouchi-entre-officiellement-dans-la-course-au-poste-de-selectionneur\/391298\/"]}]},{"@type":"ImageObject","inLanguage":"fr-FR","@id":"https:\/\/www.webdo.tn\/fr\/actualite\/sport\/aigles-de-carthage-sabri-lamouchi-entre-officiellement-dans-la-course-au-poste-de-selectionneur\/391298\/#primaryimage","url":"https:\/\/www.webdo.tn\/fr\/wp-content\/uploads\/2026\/01\/Sabri-Lamouchi.jpg","contentUrl":"https:\/\/www.webdo.tn\/fr\/wp-content\/uploads\/2026\/01\/Sabri-Lamouchi.jpg","width":1200,"height":607,"caption":"Aigles de Carthage : Sabri Lamouchi entre officiellement dans la course au poste de s\u00e9lectionneur"},{"@type":"BreadcrumbList","@id":"https:\/\/www.webdo.tn\/fr\/actualite\/sport\/aigles-de-carthage-sabri-lamouchi-entre-officiellement-dans-la-course-au-poste-de-selectionneur\/391298\/#breadcrumb","itemListElement":[{"@type":"ListItem","position":1,"name":"Accueil","item":"https:\/\/www.webdo.tn\/fr\/"},{"@type":"ListItem","position":2,"name":"Aigles de Carthage : Sabri Lamouchi entre dans la course au poste de s\u00e9lectionneur"}]},{"@type":"WebSite","@id":"https:\/\/www.webdo.tn\/fr\/#website","url":"https:\/\/www.webdo.tn\/fr\/","name":"webdo","description":"Tunisie - News en Tunisie et \u00e0 l&#039;international sur Webdo.tn","publisher":{"@id":"https:\/\/www.webdo.tn\/fr\/#organization"},"potentialAction":[{"@type":"SearchAction","target":{"@type":"EntryPoint","urlTemplate":"https:\/\/www.webdo.tn\/fr\/?s={search_term_string}"},"query-input":{"@type":"PropertyValueSpecification","valueRequired":true,"valueName":"search_term_string"}}],"inLanguage":"fr-FR"},{"@type":"Organization","@id":"https:\/\/www.webdo.tn\/fr\/#organization","name":"Webdo","alternateName":"Webdo.tn","url":"https:\/\/www.webdo.tn\/fr\/","logo":{"@type":"ImageObject","inLanguage":"fr-FR","@id":"https:\/\/www.webdo.tn\/fr\/#\/schema\/logo\/image\/","url":"https:\/\/www.webdo.tn\/fr\/wp-content\/uploads\/2025\/06\/Webdo-Tunisie_168377.jpg","contentUrl":"https:\/\/www.webdo.tn\/fr\/wp-content\/uploads\/2025\/06\/Webdo-Tunisie_168377.jpg","width":301,"height":301,"caption":"Webdo"},"image":{"@id":"https:\/\/www.webdo.tn\/fr\/#\/schema\/logo\/image\/"},"sameAs":["https:\/\/www.facebook.com\/webdotn","https:\/\/x.com\/webdo_tn"],"description":"Webdo est un m\u00e9dia num\u00e9rique tunisien fond\u00e9 en 2010, sp\u00e9cialis\u00e9 dans l\u2019actualit\u00e9 nationale et internationale, l\u2019\u00e9conomie, la soci\u00e9t\u00e9 et les analyses politiques. Le site s\u2019adresse \u00e0 un large public francophone et couvre l\u2019information tunisienne en temps r\u00e9el.","email":"redac@webdo.tn","legalName":"YNJ SARL","foundingDate":"2010-09-06","numberOfEmployees":{"@type":"QuantitativeValue","minValue":"11","maxValue":"50"}},{"@type":"Person","@id":"https:\/\/www.webdo.tn\/fr\/#\/schema\/person\/16a4857e77dfc0b610c4c2cadffc9ac4","name":"Mohamed Fethi","image":{"@type":"ImageObject","inLanguage":"fr-FR","@id":"https:\/\/www.webdo.tn\/fr\/wp-content\/uploads\/2026\/04\/mohamed-fethi_avatar_1-96x96.jpg","url":"https:\/\/www.webdo.tn\/fr\/wp-content\/uploads\/2026\/04\/mohamed-fethi_avatar_1-96x96.jpg","contentUrl":"https:\/\/www.webdo.tn\/fr\/wp-content\/uploads\/2026\/04\/mohamed-fethi_avatar_1-96x96.jpg","caption":"Mohamed Fethi"},"description":"Signature \u00e9ditoriale de Maher Chaabane Mohamed Fethi est le pseudonyme \u00e9ditorial de Maher Chaabane, r\u00e9dacteur en chef de Webdo.tn depuis 2012. Cette signature est d\u00e9di\u00e9e au traitement intensif de l'actualit\u00e9 nationale et internationale en temps r\u00e9el. S'appuyant sur les deux d\u00e9cennies d'expertise journalistique de Maher Chaabane \u2014 d\u00e9but\u00e9e au sein du groupe Tunis Hebdo en 2000 \u2014 Mohamed Fethi assure une veille rigoureuse sur les enjeux politiques, \u00e9conomiques et sportifs. Sa mission est de garantir une information structur\u00e9e, fluide et fid\u00e8le aux standards de la r\u00e9daction. Pour consulter le parcours complet du r\u00e9dacteur en chef, visitez le profil officiel de Maher Chaabane.","knowsAbout":["actualit\u00e9","journalisme","information","politique","sport","m\u00e9dias","actualit\u00e9 internationale"],"knowsLanguage":["Fran\u00e7ais","Arabe"],"jobTitle":"Journaliste \u2013 R\u00e9daction Webdo","worksFor":"Webdo.tn","url":"https:\/\/www.webdo.tn\/fr\/actualite\/author\/mohamed-fethi\/"}]}},"_links":{"self":[{"href":"https:\/\/www.webdo.tn\/fr\/wp-json\/wp\/v2\/posts\/391298","targetHints":{"allow":["GET"]}}],"collection":[{"href":"https:\/\/www.webdo.tn\/fr\/wp-json\/wp\/v2\/posts"}],"about":[{"href":"https:\/\/www.webdo.tn\/fr\/wp-json\/wp\/v2\/types\/post"}],"author":[{"embeddable":true,"href":"https:\/\/www.webdo.tn\/fr\/wp-json\/wp\/v2\/users\/4782"}],"replies":[{"embeddable":true,"href":"https:\/\/www.webdo.tn\/fr\/wp-json\/wp\/v2\/comments?post=391298"}],"version-history":[{"count":0,"href":"https:\/\/www.webdo.tn\/fr\/wp-json\/wp\/v2\/posts\/391298\/revisions"}],"wp:featuredmedia":[{"embeddable":true,"href":"https:\/\/www.webdo.tn\/fr\/wp-json\/wp\/v2\/media\/391299"}],"wp:attachment":[{"href":"https:\/\/www.webdo.tn\/fr\/wp-json\/wp\/v2\/media?parent=391298"}],"wp:term":[{"taxonomy":"category","embeddable":true,"href":"https:\/\/www.webdo.tn\/fr\/wp-json\/wp\/v2\/categories?post=391298"},{"taxonomy":"post_tag","embeddable":true,"href":"https:\/\/www.webdo.tn\/fr\/wp-json\/wp\/v2\/tags?post=391298"}],"curies":[{"name":"wp","href":"https:\/\/api.w.org\/{rel}","templated":true}]}}