{"id":391278,"date":"2026-01-13T20:26:44","date_gmt":"2026-01-13T19:26:44","guid":{"rendered":"https:\/\/www.webdo.tn\/fr\/?p=391278"},"modified":"2026-01-13T20:29:45","modified_gmt":"2026-01-13T19:29:45","slug":"defense-larmee-de-lair-renforce-ses-capacites-avec-un-nouvel-avion-de-transport-c-130","status":"publish","type":"post","link":"https:\/\/www.webdo.tn\/fr\/actualite\/national\/defense-larmee-de-lair-renforce-ses-capacites-avec-un-nouvel-avion-de-transport-c-130\/391278\/","title":{"rendered":"D\u00e9fense : L\u2019arm\u00e9e de l\u2019air renforce ses capacit\u00e9s avec un nouvel avion C-130"},"content":{"rendered":"\n<p><strong>L\u2019arm\u00e9e de l\u2019air tunisienne a officiellement int\u00e9gr\u00e9 un nouvel avion de transport militaire de type C-130 dans sa flotte. La c\u00e9r\u00e9monie s\u2019est d\u00e9roul\u00e9e \u00e0 la base a\u00e9rienne de Sidi Ahmed en pr\u00e9sence de responsables tunisiens et am\u00e9ricains, dans le cadre de la coop\u00e9ration militaire entre les deux pays. Cette acquisition s\u2019inscrit dans une strat\u00e9gie de renforcement des capacit\u00e9s op\u00e9rationnelles, logistiques et humanitaires des forces arm\u00e9es.<\/strong><\/p>\n\n\n\n<p>La Tunisie a r\u00e9ceptionn\u00e9 un nouvel avion de transport militaire C-130 lors d\u2019<a href=\"https:\/\/defense.tn\/%d8%ac%d9%8a%d8%b4-%d8%a7%d9%84%d8%b7%d9%8a%d8%b1%d8%a7%d9%86-%d9%8a%d8%aa%d8%b3%d9%84%d9%85-%d8%b7%d8%a7%d8%a6%d8%b1%d8%a9-%d9%86%d9%82%d9%84-%d8%b9%d8%b3%d9%83%d8%b1%d9%8a%d8%a9-%d9%85%d9%86-%d9%86\/\">une c\u00e9r\u00e9monie officielle pr\u00e9sid\u00e9e par le ministre de la D\u00e9fense nationale, Khaled Sehili, \u00e0 la base a\u00e9rienne de Sidi Ahmed<\/a>. L\u2019\u00e9v\u00e9nement s\u2019est tenu en pr\u00e9sence de la secr\u00e9taire adjointe de l\u2019US Air Force, Kelly L. Seybolt, ainsi que de l\u2019ambassadeur des \u00c9tats-Unis \u00e0 Tunis, Bill Bazzi, et de hauts responsables militaires des deux pays.<\/p>\n\n\n\n<p>Cette livraison s\u2019inscrit dans le cadre de la coop\u00e9ration militaire bilat\u00e9rale entre Tunis et Washington, fond\u00e9e sur une dynamique de partenariat strat\u00e9gique visant le renforcement des capacit\u00e9s op\u00e9rationnelles des forces arm\u00e9es tunisiennes, selon un communiqu\u00e9 du minist\u00e8re de la D\u00e9fense.<\/p>\n\n\n\n<p>Dans son allocution, le ministre de la D\u00e9fense a mis en avant la solidit\u00e9 des relations d\u2019amiti\u00e9 et le niveau avanc\u00e9 de la coop\u00e9ration entre les deux pays, saluant l\u2019engagement de la partie am\u00e9ricaine dans la mise en \u0153uvre des conclusions de la commission militaire mixte tuniso-am\u00e9ricaine ainsi que de la feuille de route de coop\u00e9ration militaire.<\/p>\n\n\n\n<h2 class=\"wp-block-heading\" id=\"h-vers-un-elargissement-de-la-cooperation-dans-la-formation-et-la-gestion-de-crise\">Vers un \u00e9largissement de la coop\u00e9ration dans la formation et la gestion de crise<\/h2>\n\n\n\n<p>Le ministre a notamment insist\u00e9 sur l\u2019importance du soutien apport\u00e9 en mati\u00e8re d\u2019\u00e9quipements sp\u00e9cialis\u00e9s, de formation, d\u2019entra\u00eenement, d\u2019\u00e9change d\u2019expertises et d\u2019assistance technique, affirmant la volont\u00e9 de la Tunisie de poursuivre et d\u2019approfondir ce partenariat, compte tenu de son r\u00f4le en tant que facteur de stabilit\u00e9 et de s\u00e9curit\u00e9 dans la r\u00e9gion.<\/p>\n\n\n\n<p>De son c\u00f4t\u00e9, l\u2019ambassadeur des \u00c9tats-Unis \u00e0 Tunis a estim\u00e9 que la livraison de cet appareil constitue une nouvelle \u00e9tape dans le renforcement du partenariat strat\u00e9gique entre les deux pays, r\u00e9affirmant l\u2019engagement de Washington \u00e0 soutenir les efforts de la Tunisie pour am\u00e9liorer la pr\u00e9paration et les capacit\u00e9s de son arm\u00e9e face aux d\u00e9fis s\u00e9curitaires et humanitaires.<\/p>\n\n\n\n<p><\/p>\n\n\n<div class=\"wp-block-image\">\n<figure class=\"aligncenter size-full\"><img decoding=\"async\" width=\"1000\" height=\"666\" src=\"https:\/\/www.webdo.tn\/fr\/wp-content\/uploads\/2026\/01\/7-1.jpg\" alt=\"\" class=\"wp-image-391279\" srcset=\"https:\/\/www.webdo.tn\/fr\/wp-content\/uploads\/2026\/01\/7-1.jpg 1000w, https:\/\/www.webdo.tn\/fr\/wp-content\/uploads\/2026\/01\/7-1-300x200.jpg 300w, https:\/\/www.webdo.tn\/fr\/wp-content\/uploads\/2026\/01\/7-1-768x511.jpg 768w, https:\/\/www.webdo.tn\/fr\/wp-content\/uploads\/2026\/01\/7-1-750x500.jpg 750w\" sizes=\"(max-width: 1000px) 100vw, 1000px\" \/><\/figure>\n<\/div>\n\n\n<p><\/p>\n\n\n\n<p>En marge de la c\u00e9r\u00e9monie, le ministre de la D\u00e9fense s\u2019est entretenu avec la secr\u00e9taire adjointe de l\u2019US Air Force. Les discussions ont port\u00e9 sur les moyens de diversifier et d\u2019approfondir la coop\u00e9ration militaire, notamment dans les domaines de la pr\u00e9paration op\u00e9rationnelle des \u00e9quipages a\u00e9riens, de la gestion des crises et des risques, ainsi que du renforcement des formations sp\u00e9cialis\u00e9es en mati\u00e8re de s\u00e9curit\u00e9 et de s\u00fbret\u00e9 a\u00e9rienne.<\/p>\n\n\n\n<p>Les deux parties ont \u00e9galement \u00e9voqu\u00e9 un recours accru aux simulateurs de vol, la programmation de cycles de formation dans les sciences spatiales, et la valorisation des \u00e9coles tunisiennes d\u2019aviation afin d\u2019en faire un p\u00f4le r\u00e9gional et international de r\u00e9f\u00e9rence en mati\u00e8re de formation a\u00e9ronautique.<\/p>\n\n\n\n<h2 class=\"wp-block-heading\" id=\"h-une-flotte-de-transport-progressivement-consolidee\">Une flotte de transport progressivement consolid\u00e9e<\/h2>\n\n\n\n<p>Avec cette nouvelle acquisition, l\u2019arm\u00e9e de l\u2019air tunisienne porte \u00e0 quatre le nombre d\u2019appareils de type C-130 int\u00e9gr\u00e9s \u00e0 sa flotte. Ces avions sont destin\u00e9s \u00e0 jouer un r\u00f4le central dans le renforcement des capacit\u00e9s de transport a\u00e9rien op\u00e9rationnel et logistique, aussi bien dans les missions internes que dans les situations d\u2019urgence et les op\u00e9rations humanitaires.<\/p>\n\n\n\n<p>Ils sont \u00e9galement appel\u00e9s \u00e0 soutenir la participation de la Tunisie aux missions de maintien de la paix sous l\u2019\u00e9gide des Nations unies.<\/p>\n\n\n\n<p><\/p>\n\n\n\n<blockquote class=\"wp-block-quote is-layout-flow wp-block-quote-is-layout-flow\">\n<blockquote class=\"wp-block-quote is-layout-flow wp-block-quote-is-layout-flow\">\n<p>Lire aussi :<\/p>\n\n\n\n<ul class=\"wp-block-list\">\n<li><a href=\"https:\/\/www.webdo.tn\/fr\/actualite\/national\/tunisie-l-armee-de-l-air-recoit-un-troisieme-c-130-des-etats-unis\/217674\/\">Tunisie : l\u2019Arm\u00e9e de l\u2019air re\u00e7oit un troisi\u00e8me C-130 des \u00c9tats-Unis<\/a><\/li>\n<\/ul>\n<\/blockquote>\n<\/blockquote>\n","protected":false},"excerpt":{"rendered":"<p>L\u2019arm\u00e9e de l\u2019air tunisienne a officiellement int\u00e9gr\u00e9 un nouvel avion de transport militaire de type C-130 dans sa flotte. La c\u00e9r\u00e9monie s\u2019est d\u00e9roul\u00e9e \u00e0 la base a\u00e9rienne de Sidi Ahmed en pr\u00e9sence de responsables tunisiens et am\u00e9ricains, dans le cadre de la coop\u00e9ration militaire entre les deux pays. Cette acquisition s\u2019inscrit dans une strat\u00e9gie de [&hellip;]<\/p>\n","protected":false},"author":4782,"featured_media":391280,"comment_status":"closed","ping_status":"closed","sticky":false,"template":"","format":"standard","meta":{"footnotes":""},"categories":[44],"tags":[13585,5522,3035,2608],"class_list":["post-391278","post","type-post","status-publish","format-standard","has-post-thumbnail","hentry","category-national","tag-c-130","tag-defense-aerienne","tag-etats-unis","tag-tunisie"],"yoast_head":"<!-- This site is optimized with the Yoast SEO Premium plugin v27.5 (Yoast SEO v27.5) - https:\/\/yoast.com\/product\/yoast-seo-premium-wordpress\/ -->\n<title>D\u00e9fense : L\u2019arm\u00e9e de l\u2019air renforce ses capacit\u00e9s avec un nouvel avion C-130 - webdo<\/title>\n<meta name=\"description\" content=\"L\u2019arm\u00e9e de l\u2019air renforce ses capacit\u00e9s avec un nouvel avion de transport C-130, un atout pour l&#039;op\u00e9rationnalit\u00e9 et la logistique.\" \/>\n<link rel=\"canonical\" href=\"https:\/\/www.webdo.tn\/fr\/actualite\/national\/defense-larmee-de-lair-renforce-ses-capacites-avec-un-nouvel-avion-de-transport-c-130\/391278\/\" \/>\n<meta property=\"og:locale\" content=\"fr_FR\" \/>\n<meta property=\"og:type\" content=\"article\" \/>\n<meta property=\"og:title\" content=\"D\u00e9fense : L\u2019arm\u00e9e de l\u2019air renforce ses capacit\u00e9s avec un nouvel avion C-130\" \/>\n<meta property=\"og:description\" content=\"L\u2019arm\u00e9e de l\u2019air renforce ses capacit\u00e9s avec un nouvel avion de transport C-130, un atout pour l&#039;op\u00e9rationnalit\u00e9 et la logistique.\" \/>\n<meta property=\"og:url\" content=\"https:\/\/www.webdo.tn\/fr\/actualite\/national\/defense-larmee-de-lair-renforce-ses-capacites-avec-un-nouvel-avion-de-transport-c-130\/391278\/\" \/>\n<meta property=\"og:site_name\" content=\"webdo\" \/>\n<meta property=\"article:publisher\" content=\"https:\/\/www.facebook.com\/webdotn\" \/>\n<meta property=\"article:published_time\" content=\"2026-01-13T19:26:44+00:00\" \/>\n<meta property=\"article:modified_time\" content=\"2026-01-13T19:29:45+00:00\" \/>\n<meta property=\"og:image\" content=\"https:\/\/www.webdo.tn\/fr\/wp-content\/uploads\/2026\/01\/mdn.jpg\" \/>\n\t<meta property=\"og:image:width\" content=\"1202\" \/>\n\t<meta property=\"og:image:height\" content=\"600\" \/>\n\t<meta property=\"og:image:type\" content=\"image\/jpeg\" \/>\n<meta name=\"author\" content=\"Mohamed Fethi\" \/>\n<meta name=\"twitter:card\" content=\"summary_large_image\" \/>\n<meta name=\"twitter:creator\" content=\"@webdo_tn\" \/>\n<meta name=\"twitter:site\" content=\"@webdo_tn\" \/>\n<meta name=\"twitter:label1\" content=\"\u00c9crit par\" \/>\n\t<meta name=\"twitter:data1\" content=\"Mohamed Fethi\" \/>\n\t<meta name=\"twitter:label2\" content=\"Dur\u00e9e de lecture estim\u00e9e\" \/>\n\t<meta name=\"twitter:data2\" content=\"4 minutes\" \/>\n<script type=\"application\/ld+json\" class=\"yoast-schema-graph\">{\"@context\":\"https:\\\/\\\/schema.org\",\"@graph\":[{\"@type\":\"NewsArticle\",\"@id\":\"https:\\\/\\\/www.webdo.tn\\\/fr\\\/actualite\\\/national\\\/defense-larmee-de-lair-renforce-ses-capacites-avec-un-nouvel-avion-de-transport-c-130\\\/391278\\\/#article\",\"isPartOf\":{\"@id\":\"https:\\\/\\\/www.webdo.tn\\\/fr\\\/actualite\\\/national\\\/defense-larmee-de-lair-renforce-ses-capacites-avec-un-nouvel-avion-de-transport-c-130\\\/391278\\\/\"},\"author\":{\"name\":\"Mohamed Fethi\",\"@id\":\"https:\\\/\\\/www.webdo.tn\\\/fr\\\/#\\\/schema\\\/person\\\/16a4857e77dfc0b610c4c2cadffc9ac4\"},\"headline\":\"D\u00e9fense : L\u2019arm\u00e9e de l\u2019air renforce ses capacit\u00e9s avec un nouvel avion C-130\",\"datePublished\":\"2026-01-13T19:26:44+00:00\",\"dateModified\":\"2026-01-13T19:29:45+00:00\",\"mainEntityOfPage\":{\"@id\":\"https:\\\/\\\/www.webdo.tn\\\/fr\\\/actualite\\\/national\\\/defense-larmee-de-lair-renforce-ses-capacites-avec-un-nouvel-avion-de-transport-c-130\\\/391278\\\/\"},\"wordCount\":690,\"publisher\":{\"@id\":\"https:\\\/\\\/www.webdo.tn\\\/fr\\\/#organization\"},\"image\":{\"@id\":\"https:\\\/\\\/www.webdo.tn\\\/fr\\\/actualite\\\/national\\\/defense-larmee-de-lair-renforce-ses-capacites-avec-un-nouvel-avion-de-transport-c-130\\\/391278\\\/#primaryimage\"},\"thumbnailUrl\":\"https:\\\/\\\/www.webdo.tn\\\/fr\\\/wp-content\\\/uploads\\\/2026\\\/01\\\/mdn.jpg\",\"keywords\":[\"C-130\",\"D\u00e9fense a\u00e9rienne\",\"Etats-Unis\",\"Tunisie\"],\"articleSection\":[\"National\"],\"inLanguage\":\"fr-FR\"},{\"@type\":\"WebPage\",\"@id\":\"https:\\\/\\\/www.webdo.tn\\\/fr\\\/actualite\\\/national\\\/defense-larmee-de-lair-renforce-ses-capacites-avec-un-nouvel-avion-de-transport-c-130\\\/391278\\\/\",\"url\":\"https:\\\/\\\/www.webdo.tn\\\/fr\\\/actualite\\\/national\\\/defense-larmee-de-lair-renforce-ses-capacites-avec-un-nouvel-avion-de-transport-c-130\\\/391278\\\/\",\"name\":\"D\u00e9fense : L\u2019arm\u00e9e de l\u2019air renforce ses capacit\u00e9s avec un nouvel avion C-130 - webdo\",\"isPartOf\":{\"@id\":\"https:\\\/\\\/www.webdo.tn\\\/fr\\\/#website\"},\"primaryImageOfPage\":{\"@id\":\"https:\\\/\\\/www.webdo.tn\\\/fr\\\/actualite\\\/national\\\/defense-larmee-de-lair-renforce-ses-capacites-avec-un-nouvel-avion-de-transport-c-130\\\/391278\\\/#primaryimage\"},\"image\":{\"@id\":\"https:\\\/\\\/www.webdo.tn\\\/fr\\\/actualite\\\/national\\\/defense-larmee-de-lair-renforce-ses-capacites-avec-un-nouvel-avion-de-transport-c-130\\\/391278\\\/#primaryimage\"},\"thumbnailUrl\":\"https:\\\/\\\/www.webdo.tn\\\/fr\\\/wp-content\\\/uploads\\\/2026\\\/01\\\/mdn.jpg\",\"datePublished\":\"2026-01-13T19:26:44+00:00\",\"dateModified\":\"2026-01-13T19:29:45+00:00\",\"description\":\"L\u2019arm\u00e9e de l\u2019air renforce ses capacit\u00e9s avec un nouvel avion de transport C-130, un atout pour l'op\u00e9rationnalit\u00e9 et la logistique.\",\"breadcrumb\":{\"@id\":\"https:\\\/\\\/www.webdo.tn\\\/fr\\\/actualite\\\/national\\\/defense-larmee-de-lair-renforce-ses-capacites-avec-un-nouvel-avion-de-transport-c-130\\\/391278\\\/#breadcrumb\"},\"inLanguage\":\"fr-FR\",\"potentialAction\":[{\"@type\":\"ReadAction\",\"target\":[\"https:\\\/\\\/www.webdo.tn\\\/fr\\\/actualite\\\/national\\\/defense-larmee-de-lair-renforce-ses-capacites-avec-un-nouvel-avion-de-transport-c-130\\\/391278\\\/\"]}]},{\"@type\":\"ImageObject\",\"inLanguage\":\"fr-FR\",\"@id\":\"https:\\\/\\\/www.webdo.tn\\\/fr\\\/actualite\\\/national\\\/defense-larmee-de-lair-renforce-ses-capacites-avec-un-nouvel-avion-de-transport-c-130\\\/391278\\\/#primaryimage\",\"url\":\"https:\\\/\\\/www.webdo.tn\\\/fr\\\/wp-content\\\/uploads\\\/2026\\\/01\\\/mdn.jpg\",\"contentUrl\":\"https:\\\/\\\/www.webdo.tn\\\/fr\\\/wp-content\\\/uploads\\\/2026\\\/01\\\/mdn.jpg\",\"width\":1202,\"height\":600,\"caption\":\"D\u00e9fense : L\u2019arm\u00e9e de l\u2019air renforce ses capacit\u00e9s avec un nouvel avion de transport C-130\"},{\"@type\":\"BreadcrumbList\",\"@id\":\"https:\\\/\\\/www.webdo.tn\\\/fr\\\/actualite\\\/national\\\/defense-larmee-de-lair-renforce-ses-capacites-avec-un-nouvel-avion-de-transport-c-130\\\/391278\\\/#breadcrumb\",\"itemListElement\":[{\"@type\":\"ListItem\",\"position\":1,\"name\":\"Accueil\",\"item\":\"https:\\\/\\\/www.webdo.tn\\\/fr\\\/\"},{\"@type\":\"ListItem\",\"position\":2,\"name\":\"D\u00e9fense : L\u2019arm\u00e9e de l\u2019air renforce ses capacit\u00e9s avec un nouvel avion C-130\"}]},{\"@type\":\"WebSite\",\"@id\":\"https:\\\/\\\/www.webdo.tn\\\/fr\\\/#website\",\"url\":\"https:\\\/\\\/www.webdo.tn\\\/fr\\\/\",\"name\":\"webdo\",\"description\":\"Tunisie - News en Tunisie et \u00e0 l&#039;international sur Webdo.tn\",\"publisher\":{\"@id\":\"https:\\\/\\\/www.webdo.tn\\\/fr\\\/#organization\"},\"potentialAction\":[{\"@type\":\"SearchAction\",\"target\":{\"@type\":\"EntryPoint\",\"urlTemplate\":\"https:\\\/\\\/www.webdo.tn\\\/fr\\\/?s={search_term_string}\"},\"query-input\":{\"@type\":\"PropertyValueSpecification\",\"valueRequired\":true,\"valueName\":\"search_term_string\"}}],\"inLanguage\":\"fr-FR\"},{\"@type\":\"Organization\",\"@id\":\"https:\\\/\\\/www.webdo.tn\\\/fr\\\/#organization\",\"name\":\"Webdo\",\"alternateName\":\"Webdo.tn\",\"url\":\"https:\\\/\\\/www.webdo.tn\\\/fr\\\/\",\"logo\":{\"@type\":\"ImageObject\",\"inLanguage\":\"fr-FR\",\"@id\":\"https:\\\/\\\/www.webdo.tn\\\/fr\\\/#\\\/schema\\\/logo\\\/image\\\/\",\"url\":\"https:\\\/\\\/www.webdo.tn\\\/fr\\\/wp-content\\\/uploads\\\/2025\\\/06\\\/Webdo-Tunisie_168377.jpg\",\"contentUrl\":\"https:\\\/\\\/www.webdo.tn\\\/fr\\\/wp-content\\\/uploads\\\/2025\\\/06\\\/Webdo-Tunisie_168377.jpg\",\"width\":301,\"height\":301,\"caption\":\"Webdo\"},\"image\":{\"@id\":\"https:\\\/\\\/www.webdo.tn\\\/fr\\\/#\\\/schema\\\/logo\\\/image\\\/\"},\"sameAs\":[\"https:\\\/\\\/www.facebook.com\\\/webdotn\",\"https:\\\/\\\/x.com\\\/webdo_tn\"],\"description\":\"Webdo est un m\u00e9dia num\u00e9rique tunisien fond\u00e9 en 2010, sp\u00e9cialis\u00e9 dans l\u2019actualit\u00e9 nationale et internationale, l\u2019\u00e9conomie, la soci\u00e9t\u00e9 et les analyses politiques. Le site s\u2019adresse \u00e0 un large public francophone et couvre l\u2019information tunisienne en temps r\u00e9el.\",\"email\":\"redac@webdo.tn\",\"legalName\":\"YNJ SARL\",\"foundingDate\":\"2010-09-06\",\"numberOfEmployees\":{\"@type\":\"QuantitativeValue\",\"minValue\":\"11\",\"maxValue\":\"50\"}},{\"@type\":\"Person\",\"@id\":\"https:\\\/\\\/www.webdo.tn\\\/fr\\\/#\\\/schema\\\/person\\\/16a4857e77dfc0b610c4c2cadffc9ac4\",\"name\":\"Mohamed Fethi\",\"image\":{\"@type\":\"ImageObject\",\"inLanguage\":\"fr-FR\",\"@id\":\"https:\\\/\\\/www.webdo.tn\\\/fr\\\/wp-content\\\/uploads\\\/2026\\\/04\\\/mohamed-fethi_avatar_1-96x96.jpg\",\"url\":\"https:\\\/\\\/www.webdo.tn\\\/fr\\\/wp-content\\\/uploads\\\/2026\\\/04\\\/mohamed-fethi_avatar_1-96x96.jpg\",\"contentUrl\":\"https:\\\/\\\/www.webdo.tn\\\/fr\\\/wp-content\\\/uploads\\\/2026\\\/04\\\/mohamed-fethi_avatar_1-96x96.jpg\",\"caption\":\"Mohamed Fethi\"},\"description\":\"Signature \u00e9ditoriale de Maher Chaabane Mohamed Fethi est le pseudonyme \u00e9ditorial de Maher Chaabane, r\u00e9dacteur en chef de Webdo.tn depuis 2012. Cette signature est d\u00e9di\u00e9e au traitement intensif de l'actualit\u00e9 nationale et internationale en temps r\u00e9el. S'appuyant sur les deux d\u00e9cennies d'expertise journalistique de Maher Chaabane \u2014 d\u00e9but\u00e9e au sein du groupe Tunis Hebdo en 2000 \u2014 Mohamed Fethi assure une veille rigoureuse sur les enjeux politiques, \u00e9conomiques et sportifs. Sa mission est de garantir une information structur\u00e9e, fluide et fid\u00e8le aux standards de la r\u00e9daction. Pour consulter le parcours complet du r\u00e9dacteur en chef, visitez le profil officiel de Maher Chaabane.\",\"knowsAbout\":[\"actualit\u00e9\",\"journalisme\",\"information\",\"politique\",\"sport\",\"m\u00e9dias\",\"actualit\u00e9 internationale\"],\"knowsLanguage\":[\"Fran\u00e7ais\",\"Arabe\"],\"jobTitle\":\"Journaliste \u2013 R\u00e9daction Webdo\",\"worksFor\":\"Webdo.tn\",\"url\":\"https:\\\/\\\/www.webdo.tn\\\/fr\\\/actualite\\\/author\\\/mohamed-fethi\\\/\"}]}<\/script>\n<!-- \/ Yoast SEO Premium plugin. -->","yoast_head_json":{"title":"D\u00e9fense : L\u2019arm\u00e9e de l\u2019air renforce ses capacit\u00e9s avec un nouvel avion C-130 - webdo","description":"L\u2019arm\u00e9e de l\u2019air renforce ses capacit\u00e9s avec un nouvel avion de transport C-130, un atout pour l'op\u00e9rationnalit\u00e9 et la logistique.","canonical":"https:\/\/www.webdo.tn\/fr\/actualite\/national\/defense-larmee-de-lair-renforce-ses-capacites-avec-un-nouvel-avion-de-transport-c-130\/391278\/","og_locale":"fr_FR","og_type":"article","og_title":"D\u00e9fense : L\u2019arm\u00e9e de l\u2019air renforce ses capacit\u00e9s avec un nouvel avion C-130","og_description":"L\u2019arm\u00e9e de l\u2019air renforce ses capacit\u00e9s avec un nouvel avion de transport C-130, un atout pour l'op\u00e9rationnalit\u00e9 et la logistique.","og_url":"https:\/\/www.webdo.tn\/fr\/actualite\/national\/defense-larmee-de-lair-renforce-ses-capacites-avec-un-nouvel-avion-de-transport-c-130\/391278\/","og_site_name":"webdo","article_publisher":"https:\/\/www.facebook.com\/webdotn","article_published_time":"2026-01-13T19:26:44+00:00","article_modified_time":"2026-01-13T19:29:45+00:00","og_image":[{"width":1202,"height":600,"url":"https:\/\/www.webdo.tn\/fr\/wp-content\/uploads\/2026\/01\/mdn.jpg","type":"image\/jpeg"}],"author":"Mohamed Fethi","twitter_card":"summary_large_image","twitter_creator":"@webdo_tn","twitter_site":"@webdo_tn","twitter_misc":{"\u00c9crit par":"Mohamed Fethi","Dur\u00e9e de lecture estim\u00e9e":"4 minutes"},"schema":{"@context":"https:\/\/schema.org","@graph":[{"@type":"NewsArticle","@id":"https:\/\/www.webdo.tn\/fr\/actualite\/national\/defense-larmee-de-lair-renforce-ses-capacites-avec-un-nouvel-avion-de-transport-c-130\/391278\/#article","isPartOf":{"@id":"https:\/\/www.webdo.tn\/fr\/actualite\/national\/defense-larmee-de-lair-renforce-ses-capacites-avec-un-nouvel-avion-de-transport-c-130\/391278\/"},"author":{"name":"Mohamed Fethi","@id":"https:\/\/www.webdo.tn\/fr\/#\/schema\/person\/16a4857e77dfc0b610c4c2cadffc9ac4"},"headline":"D\u00e9fense : L\u2019arm\u00e9e de l\u2019air renforce ses capacit\u00e9s avec un nouvel avion C-130","datePublished":"2026-01-13T19:26:44+00:00","dateModified":"2026-01-13T19:29:45+00:00","mainEntityOfPage":{"@id":"https:\/\/www.webdo.tn\/fr\/actualite\/national\/defense-larmee-de-lair-renforce-ses-capacites-avec-un-nouvel-avion-de-transport-c-130\/391278\/"},"wordCount":690,"publisher":{"@id":"https:\/\/www.webdo.tn\/fr\/#organization"},"image":{"@id":"https:\/\/www.webdo.tn\/fr\/actualite\/national\/defense-larmee-de-lair-renforce-ses-capacites-avec-un-nouvel-avion-de-transport-c-130\/391278\/#primaryimage"},"thumbnailUrl":"https:\/\/www.webdo.tn\/fr\/wp-content\/uploads\/2026\/01\/mdn.jpg","keywords":["C-130","D\u00e9fense a\u00e9rienne","Etats-Unis","Tunisie"],"articleSection":["National"],"inLanguage":"fr-FR"},{"@type":"WebPage","@id":"https:\/\/www.webdo.tn\/fr\/actualite\/national\/defense-larmee-de-lair-renforce-ses-capacites-avec-un-nouvel-avion-de-transport-c-130\/391278\/","url":"https:\/\/www.webdo.tn\/fr\/actualite\/national\/defense-larmee-de-lair-renforce-ses-capacites-avec-un-nouvel-avion-de-transport-c-130\/391278\/","name":"D\u00e9fense : L\u2019arm\u00e9e de l\u2019air renforce ses capacit\u00e9s avec un nouvel avion C-130 - webdo","isPartOf":{"@id":"https:\/\/www.webdo.tn\/fr\/#website"},"primaryImageOfPage":{"@id":"https:\/\/www.webdo.tn\/fr\/actualite\/national\/defense-larmee-de-lair-renforce-ses-capacites-avec-un-nouvel-avion-de-transport-c-130\/391278\/#primaryimage"},"image":{"@id":"https:\/\/www.webdo.tn\/fr\/actualite\/national\/defense-larmee-de-lair-renforce-ses-capacites-avec-un-nouvel-avion-de-transport-c-130\/391278\/#primaryimage"},"thumbnailUrl":"https:\/\/www.webdo.tn\/fr\/wp-content\/uploads\/2026\/01\/mdn.jpg","datePublished":"2026-01-13T19:26:44+00:00","dateModified":"2026-01-13T19:29:45+00:00","description":"L\u2019arm\u00e9e de l\u2019air renforce ses capacit\u00e9s avec un nouvel avion de transport C-130, un atout pour l'op\u00e9rationnalit\u00e9 et la logistique.","breadcrumb":{"@id":"https:\/\/www.webdo.tn\/fr\/actualite\/national\/defense-larmee-de-lair-renforce-ses-capacites-avec-un-nouvel-avion-de-transport-c-130\/391278\/#breadcrumb"},"inLanguage":"fr-FR","potentialAction":[{"@type":"ReadAction","target":["https:\/\/www.webdo.tn\/fr\/actualite\/national\/defense-larmee-de-lair-renforce-ses-capacites-avec-un-nouvel-avion-de-transport-c-130\/391278\/"]}]},{"@type":"ImageObject","inLanguage":"fr-FR","@id":"https:\/\/www.webdo.tn\/fr\/actualite\/national\/defense-larmee-de-lair-renforce-ses-capacites-avec-un-nouvel-avion-de-transport-c-130\/391278\/#primaryimage","url":"https:\/\/www.webdo.tn\/fr\/wp-content\/uploads\/2026\/01\/mdn.jpg","contentUrl":"https:\/\/www.webdo.tn\/fr\/wp-content\/uploads\/2026\/01\/mdn.jpg","width":1202,"height":600,"caption":"D\u00e9fense : L\u2019arm\u00e9e de l\u2019air renforce ses capacit\u00e9s avec un nouvel avion de transport C-130"},{"@type":"BreadcrumbList","@id":"https:\/\/www.webdo.tn\/fr\/actualite\/national\/defense-larmee-de-lair-renforce-ses-capacites-avec-un-nouvel-avion-de-transport-c-130\/391278\/#breadcrumb","itemListElement":[{"@type":"ListItem","position":1,"name":"Accueil","item":"https:\/\/www.webdo.tn\/fr\/"},{"@type":"ListItem","position":2,"name":"D\u00e9fense : L\u2019arm\u00e9e de l\u2019air renforce ses capacit\u00e9s avec un nouvel avion C-130"}]},{"@type":"WebSite","@id":"https:\/\/www.webdo.tn\/fr\/#website","url":"https:\/\/www.webdo.tn\/fr\/","name":"webdo","description":"Tunisie - News en Tunisie et \u00e0 l&#039;international sur Webdo.tn","publisher":{"@id":"https:\/\/www.webdo.tn\/fr\/#organization"},"potentialAction":[{"@type":"SearchAction","target":{"@type":"EntryPoint","urlTemplate":"https:\/\/www.webdo.tn\/fr\/?s={search_term_string}"},"query-input":{"@type":"PropertyValueSpecification","valueRequired":true,"valueName":"search_term_string"}}],"inLanguage":"fr-FR"},{"@type":"Organization","@id":"https:\/\/www.webdo.tn\/fr\/#organization","name":"Webdo","alternateName":"Webdo.tn","url":"https:\/\/www.webdo.tn\/fr\/","logo":{"@type":"ImageObject","inLanguage":"fr-FR","@id":"https:\/\/www.webdo.tn\/fr\/#\/schema\/logo\/image\/","url":"https:\/\/www.webdo.tn\/fr\/wp-content\/uploads\/2025\/06\/Webdo-Tunisie_168377.jpg","contentUrl":"https:\/\/www.webdo.tn\/fr\/wp-content\/uploads\/2025\/06\/Webdo-Tunisie_168377.jpg","width":301,"height":301,"caption":"Webdo"},"image":{"@id":"https:\/\/www.webdo.tn\/fr\/#\/schema\/logo\/image\/"},"sameAs":["https:\/\/www.facebook.com\/webdotn","https:\/\/x.com\/webdo_tn"],"description":"Webdo est un m\u00e9dia num\u00e9rique tunisien fond\u00e9 en 2010, sp\u00e9cialis\u00e9 dans l\u2019actualit\u00e9 nationale et internationale, l\u2019\u00e9conomie, la soci\u00e9t\u00e9 et les analyses politiques. Le site s\u2019adresse \u00e0 un large public francophone et couvre l\u2019information tunisienne en temps r\u00e9el.","email":"redac@webdo.tn","legalName":"YNJ SARL","foundingDate":"2010-09-06","numberOfEmployees":{"@type":"QuantitativeValue","minValue":"11","maxValue":"50"}},{"@type":"Person","@id":"https:\/\/www.webdo.tn\/fr\/#\/schema\/person\/16a4857e77dfc0b610c4c2cadffc9ac4","name":"Mohamed Fethi","image":{"@type":"ImageObject","inLanguage":"fr-FR","@id":"https:\/\/www.webdo.tn\/fr\/wp-content\/uploads\/2026\/04\/mohamed-fethi_avatar_1-96x96.jpg","url":"https:\/\/www.webdo.tn\/fr\/wp-content\/uploads\/2026\/04\/mohamed-fethi_avatar_1-96x96.jpg","contentUrl":"https:\/\/www.webdo.tn\/fr\/wp-content\/uploads\/2026\/04\/mohamed-fethi_avatar_1-96x96.jpg","caption":"Mohamed Fethi"},"description":"Signature \u00e9ditoriale de Maher Chaabane Mohamed Fethi est le pseudonyme \u00e9ditorial de Maher Chaabane, r\u00e9dacteur en chef de Webdo.tn depuis 2012. Cette signature est d\u00e9di\u00e9e au traitement intensif de l'actualit\u00e9 nationale et internationale en temps r\u00e9el. S'appuyant sur les deux d\u00e9cennies d'expertise journalistique de Maher Chaabane \u2014 d\u00e9but\u00e9e au sein du groupe Tunis Hebdo en 2000 \u2014 Mohamed Fethi assure une veille rigoureuse sur les enjeux politiques, \u00e9conomiques et sportifs. Sa mission est de garantir une information structur\u00e9e, fluide et fid\u00e8le aux standards de la r\u00e9daction. Pour consulter le parcours complet du r\u00e9dacteur en chef, visitez le profil officiel de Maher Chaabane.","knowsAbout":["actualit\u00e9","journalisme","information","politique","sport","m\u00e9dias","actualit\u00e9 internationale"],"knowsLanguage":["Fran\u00e7ais","Arabe"],"jobTitle":"Journaliste \u2013 R\u00e9daction Webdo","worksFor":"Webdo.tn","url":"https:\/\/www.webdo.tn\/fr\/actualite\/author\/mohamed-fethi\/"}]}},"_links":{"self":[{"href":"https:\/\/www.webdo.tn\/fr\/wp-json\/wp\/v2\/posts\/391278","targetHints":{"allow":["GET"]}}],"collection":[{"href":"https:\/\/www.webdo.tn\/fr\/wp-json\/wp\/v2\/posts"}],"about":[{"href":"https:\/\/www.webdo.tn\/fr\/wp-json\/wp\/v2\/types\/post"}],"author":[{"embeddable":true,"href":"https:\/\/www.webdo.tn\/fr\/wp-json\/wp\/v2\/users\/4782"}],"replies":[{"embeddable":true,"href":"https:\/\/www.webdo.tn\/fr\/wp-json\/wp\/v2\/comments?post=391278"}],"version-history":[{"count":0,"href":"https:\/\/www.webdo.tn\/fr\/wp-json\/wp\/v2\/posts\/391278\/revisions"}],"wp:featuredmedia":[{"embeddable":true,"href":"https:\/\/www.webdo.tn\/fr\/wp-json\/wp\/v2\/media\/391280"}],"wp:attachment":[{"href":"https:\/\/www.webdo.tn\/fr\/wp-json\/wp\/v2\/media?parent=391278"}],"wp:term":[{"taxonomy":"category","embeddable":true,"href":"https:\/\/www.webdo.tn\/fr\/wp-json\/wp\/v2\/categories?post=391278"},{"taxonomy":"post_tag","embeddable":true,"href":"https:\/\/www.webdo.tn\/fr\/wp-json\/wp\/v2\/tags?post=391278"}],"curies":[{"name":"wp","href":"https:\/\/api.w.org\/{rel}","templated":true}]}}