{"id":391242,"date":"2026-01-13T11:06:25","date_gmt":"2026-01-13T10:06:25","guid":{"rendered":"https:\/\/www.webdo.tn\/fr\/?p=391242"},"modified":"2026-01-13T11:06:26","modified_gmt":"2026-01-13T10:06:26","slug":"trump-menace-dune-taxe-de-25-sur-les-pays-commercant-avec-liran","status":"publish","type":"post","link":"https:\/\/www.webdo.tn\/fr\/actualite\/international\/trump-menace-dune-taxe-de-25-sur-les-pays-commercant-avec-liran\/391242\/","title":{"rendered":"Trump menace d\u2019une taxe de 25% sur les pays commer\u00e7ant avec l\u2019Iran !"},"content":{"rendered":"\n<p id=\"h-\"><\/p>\n\n\n\n<p>Le 13 janvier 2026, Donald Trump a secou\u00e9 l\u2019actualit\u00e9 internationale en annon\u00e7ant que tout pays ayant des relations commerciales avec l\u2019Iran serait soumis \u00e0 un tarif douanier de 25\u202f% sur ses \u00e9changes avec les \u00c9tats-Unis. <\/p>\n\n\n\n<p>La d\u00e9claration, diffus\u00e9e sur son r\u00e9seau social, survient dans un contexte de tensions croissantes autour des manifestations en Iran et des pressions am\u00e9ricaines sur le r\u00e9gime de T\u00e9h\u00e9ran. Si la mesure appara\u00eet comme une pression \u00e9conomique directe sur l\u2019Iran et ses partenaires commerciaux, elle suscite de nombreuses interrogations sur sa mise en \u0153uvre, les modalit\u00e9s l\u00e9gales et l\u2019\u00e9ventuelle port\u00e9e r\u00e9elle de ce tarif.<\/p>\n\n\n\n<p>Pour la Tunisie, l\u2019effet de cette annonce semble limit\u00e9. Les \u00e9changes commerciaux avec l\u2019Iran restent tr\u00e8s faibles, et peu d\u2019entreprises tunisiennes sont directement concern\u00e9es par des transactions avec T\u00e9h\u00e9ran. En revanche, ce type de mesure s\u2019inscrit dans un contexte plus large de hausses de droits de douane am\u00e9ricains, qui affectent d\u00e9j\u00e0 certains secteurs exportateurs tunisiens vers les \u00c9tats-Unis. <\/p>\n\n\n\n<h2 class=\"wp-block-heading\" id=\"h-hausse-des-couts\">Hausse des co\u00fbts<\/h2>\n\n\n\n<p>Agroalimentaire, textile ou huile d\u2019olive pourraient voir leur comp\u00e9titivit\u00e9 r\u00e9duite face \u00e0 la hausse des co\u00fbts, m\u00eame si les \u00c9tats-Unis ne repr\u00e9sentent qu\u2019une part mod\u00e9r\u00e9e du commerce ext\u00e9rieur tunisien.<\/p>\n\n\n\n<p>Les analystes estiment que l\u2019impact global pour l\u2019\u00e9conomie tunisienne resterait limit\u00e9, mais cette annonce illustre la vuln\u00e9rabilit\u00e9 des pays exportateurs aux d\u00e9cisions unilat\u00e9rales de Washington et la n\u00e9cessit\u00e9 pour la Tunisie de diversifier ses march\u00e9s et d\u2019adapter ses strat\u00e9gies commerciales. <\/p>\n\n\n\n<p>Entre inqui\u00e9tude et vigilance, les exportateurs tunisiens suivent d\u00e9sormais de pr\u00e8s les prochains d\u00e9veloppements de cette politique am\u00e9ricaine, qui pourrait influencer les rapports commerciaux internationaux au cours des prochains mois.<\/p>\n\n\n\n<p><\/p>\n\n\n\n<p><\/p>\n\n\n\n<blockquote class=\"wp-block-quote is-layout-flow wp-block-quote-is-layout-flow\">\n<blockquote class=\"wp-block-quote is-layout-flow wp-block-quote-is-layout-flow\">\n<p>Lire aussi : <a href=\"https:\/\/www.webdo.tn\/fr\/actualite\/national\/taxes-trumpiennes-negociations-en-cours-entre-la-tunisie-et-les-etats-unis\/379285\/\">Taxes Trumpiennes : N\u00e9gociations en cours entre la Tunisie et les Etats-Unis<\/a><br><\/p>\n<\/blockquote>\n<\/blockquote>\n","protected":false},"excerpt":{"rendered":"<p>Le 13 janvier 2026, Donald Trump a secou\u00e9 l\u2019actualit\u00e9 internationale en annon\u00e7ant que tout pays ayant des relations commerciales avec l\u2019Iran serait soumis \u00e0 un tarif douanier de 25\u202f% sur ses \u00e9changes avec les \u00c9tats-Unis. La d\u00e9claration, diffus\u00e9e sur son r\u00e9seau social, survient dans un contexte de tensions croissantes autour des manifestations en Iran et [&hellip;]<\/p>\n","protected":false},"author":3184,"featured_media":391039,"comment_status":"closed","ping_status":"closed","sticky":false,"template":"","format":"standard","meta":{"footnotes":""},"categories":[2598],"tags":[2912,3309,2608],"class_list":["post-391242","post","type-post","status-publish","format-standard","has-post-thumbnail","hentry","category-international","tag-iran","tag-trump","tag-tunisie"],"yoast_head":"<!-- This site is optimized with the Yoast SEO Premium plugin v27.5 (Yoast SEO v27.5) - https:\/\/yoast.com\/product\/yoast-seo-premium-wordpress\/ -->\n<title>Trump menace d\u2019une taxe de 25% sur les pays commer\u00e7ant avec l\u2019Iran ! - webdo<\/title>\n<meta name=\"description\" content=\"D\u00e9couvrez comment Trump a annonc\u00e9 un tarif douanier de 25 % sur les pays commer\u00e7ant avec l&#039;Iran et ses implications.\" \/>\n<link rel=\"canonical\" href=\"https:\/\/www.webdo.tn\/fr\/actualite\/international\/trump-menace-dune-taxe-de-25-sur-les-pays-commercant-avec-liran\/391242\/\" \/>\n<meta property=\"og:locale\" content=\"fr_FR\" \/>\n<meta property=\"og:type\" content=\"article\" \/>\n<meta property=\"og:title\" content=\"Trump menace d\u2019une taxe de 25% sur les pays commer\u00e7ant avec l\u2019Iran !\" \/>\n<meta property=\"og:description\" content=\"D\u00e9couvrez comment Trump a annonc\u00e9 un tarif douanier de 25 % sur les pays commer\u00e7ant avec l&#039;Iran et ses implications.\" \/>\n<meta property=\"og:url\" content=\"https:\/\/www.webdo.tn\/fr\/actualite\/international\/trump-menace-dune-taxe-de-25-sur-les-pays-commercant-avec-liran\/391242\/\" \/>\n<meta property=\"og:site_name\" content=\"webdo\" \/>\n<meta property=\"article:publisher\" content=\"https:\/\/www.facebook.com\/webdotn\" \/>\n<meta property=\"article:published_time\" content=\"2026-01-13T10:06:25+00:00\" \/>\n<meta property=\"article:modified_time\" content=\"2026-01-13T10:06:26+00:00\" \/>\n<meta property=\"og:image\" content=\"https:\/\/www.webdo.tn\/fr\/wp-content\/uploads\/2026\/01\/Trump-hard-way.jpg\" \/>\n\t<meta property=\"og:image:width\" content=\"1200\" \/>\n\t<meta property=\"og:image:height\" content=\"601\" \/>\n\t<meta property=\"og:image:type\" content=\"image\/jpeg\" \/>\n<meta name=\"author\" content=\"Wided Belhaj\" \/>\n<meta name=\"twitter:card\" content=\"summary_large_image\" \/>\n<meta name=\"twitter:creator\" content=\"@webdo_tn\" \/>\n<meta name=\"twitter:site\" content=\"@webdo_tn\" \/>\n<meta name=\"twitter:label1\" content=\"\u00c9crit par\" \/>\n\t<meta name=\"twitter:data1\" content=\"Wided Belhaj\" \/>\n\t<meta name=\"twitter:label2\" content=\"Dur\u00e9e de lecture estim\u00e9e\" \/>\n\t<meta name=\"twitter:data2\" content=\"2 minutes\" \/>\n<script type=\"application\/ld+json\" class=\"yoast-schema-graph\">{\"@context\":\"https:\\\/\\\/schema.org\",\"@graph\":[{\"@type\":\"NewsArticle\",\"@id\":\"https:\\\/\\\/www.webdo.tn\\\/fr\\\/actualite\\\/international\\\/trump-menace-dune-taxe-de-25-sur-les-pays-commercant-avec-liran\\\/391242\\\/#article\",\"isPartOf\":{\"@id\":\"https:\\\/\\\/www.webdo.tn\\\/fr\\\/actualite\\\/international\\\/trump-menace-dune-taxe-de-25-sur-les-pays-commercant-avec-liran\\\/391242\\\/\"},\"author\":{\"name\":\"Wided Belhaj\",\"@id\":\"https:\\\/\\\/www.webdo.tn\\\/fr\\\/#\\\/schema\\\/person\\\/b9ecde7a5574cb4fcf4b496ea5fadb15\"},\"headline\":\"Trump menace d\u2019une taxe de 25% sur les pays commer\u00e7ant avec l\u2019Iran !\",\"datePublished\":\"2026-01-13T10:06:25+00:00\",\"dateModified\":\"2026-01-13T10:06:26+00:00\",\"mainEntityOfPage\":{\"@id\":\"https:\\\/\\\/www.webdo.tn\\\/fr\\\/actualite\\\/international\\\/trump-menace-dune-taxe-de-25-sur-les-pays-commercant-avec-liran\\\/391242\\\/\"},\"wordCount\":333,\"publisher\":{\"@id\":\"https:\\\/\\\/www.webdo.tn\\\/fr\\\/#organization\"},\"image\":{\"@id\":\"https:\\\/\\\/www.webdo.tn\\\/fr\\\/actualite\\\/international\\\/trump-menace-dune-taxe-de-25-sur-les-pays-commercant-avec-liran\\\/391242\\\/#primaryimage\"},\"thumbnailUrl\":\"https:\\\/\\\/www.webdo.tn\\\/fr\\\/wp-content\\\/uploads\\\/2026\\\/01\\\/Trump-hard-way.jpg\",\"keywords\":[\"Iran\",\"trump\",\"Tunisie\"],\"articleSection\":[\"International\"],\"inLanguage\":\"fr-FR\"},{\"@type\":\"WebPage\",\"@id\":\"https:\\\/\\\/www.webdo.tn\\\/fr\\\/actualite\\\/international\\\/trump-menace-dune-taxe-de-25-sur-les-pays-commercant-avec-liran\\\/391242\\\/\",\"url\":\"https:\\\/\\\/www.webdo.tn\\\/fr\\\/actualite\\\/international\\\/trump-menace-dune-taxe-de-25-sur-les-pays-commercant-avec-liran\\\/391242\\\/\",\"name\":\"Trump menace d\u2019une taxe de 25% sur les pays commer\u00e7ant avec l\u2019Iran ! - webdo\",\"isPartOf\":{\"@id\":\"https:\\\/\\\/www.webdo.tn\\\/fr\\\/#website\"},\"primaryImageOfPage\":{\"@id\":\"https:\\\/\\\/www.webdo.tn\\\/fr\\\/actualite\\\/international\\\/trump-menace-dune-taxe-de-25-sur-les-pays-commercant-avec-liran\\\/391242\\\/#primaryimage\"},\"image\":{\"@id\":\"https:\\\/\\\/www.webdo.tn\\\/fr\\\/actualite\\\/international\\\/trump-menace-dune-taxe-de-25-sur-les-pays-commercant-avec-liran\\\/391242\\\/#primaryimage\"},\"thumbnailUrl\":\"https:\\\/\\\/www.webdo.tn\\\/fr\\\/wp-content\\\/uploads\\\/2026\\\/01\\\/Trump-hard-way.jpg\",\"datePublished\":\"2026-01-13T10:06:25+00:00\",\"dateModified\":\"2026-01-13T10:06:26+00:00\",\"description\":\"D\u00e9couvrez comment Trump a annonc\u00e9 un tarif douanier de 25 % sur les pays commer\u00e7ant avec l'Iran et ses implications.\",\"breadcrumb\":{\"@id\":\"https:\\\/\\\/www.webdo.tn\\\/fr\\\/actualite\\\/international\\\/trump-menace-dune-taxe-de-25-sur-les-pays-commercant-avec-liran\\\/391242\\\/#breadcrumb\"},\"inLanguage\":\"fr-FR\",\"potentialAction\":[{\"@type\":\"ReadAction\",\"target\":[\"https:\\\/\\\/www.webdo.tn\\\/fr\\\/actualite\\\/international\\\/trump-menace-dune-taxe-de-25-sur-les-pays-commercant-avec-liran\\\/391242\\\/\"]}]},{\"@type\":\"ImageObject\",\"inLanguage\":\"fr-FR\",\"@id\":\"https:\\\/\\\/www.webdo.tn\\\/fr\\\/actualite\\\/international\\\/trump-menace-dune-taxe-de-25-sur-les-pays-commercant-avec-liran\\\/391242\\\/#primaryimage\",\"url\":\"https:\\\/\\\/www.webdo.tn\\\/fr\\\/wp-content\\\/uploads\\\/2026\\\/01\\\/Trump-hard-way.jpg\",\"contentUrl\":\"https:\\\/\\\/www.webdo.tn\\\/fr\\\/wp-content\\\/uploads\\\/2026\\\/01\\\/Trump-hard-way.jpg\",\"width\":1200,\"height\":601,\"caption\":\"Trump : \u201cNous prendrons le Groenland, qu\u2019ils le veuillent ou non\u201d\"},{\"@type\":\"BreadcrumbList\",\"@id\":\"https:\\\/\\\/www.webdo.tn\\\/fr\\\/actualite\\\/international\\\/trump-menace-dune-taxe-de-25-sur-les-pays-commercant-avec-liran\\\/391242\\\/#breadcrumb\",\"itemListElement\":[{\"@type\":\"ListItem\",\"position\":1,\"name\":\"Accueil\",\"item\":\"https:\\\/\\\/www.webdo.tn\\\/fr\\\/\"},{\"@type\":\"ListItem\",\"position\":2,\"name\":\"Trump menace d\u2019une taxe de 25% sur les pays commer\u00e7ant avec l\u2019Iran !\"}]},{\"@type\":\"WebSite\",\"@id\":\"https:\\\/\\\/www.webdo.tn\\\/fr\\\/#website\",\"url\":\"https:\\\/\\\/www.webdo.tn\\\/fr\\\/\",\"name\":\"webdo\",\"description\":\"Tunisie - News en Tunisie et \u00e0 l&#039;international sur Webdo.tn\",\"publisher\":{\"@id\":\"https:\\\/\\\/www.webdo.tn\\\/fr\\\/#organization\"},\"potentialAction\":[{\"@type\":\"SearchAction\",\"target\":{\"@type\":\"EntryPoint\",\"urlTemplate\":\"https:\\\/\\\/www.webdo.tn\\\/fr\\\/?s={search_term_string}\"},\"query-input\":{\"@type\":\"PropertyValueSpecification\",\"valueRequired\":true,\"valueName\":\"search_term_string\"}}],\"inLanguage\":\"fr-FR\"},{\"@type\":\"Organization\",\"@id\":\"https:\\\/\\\/www.webdo.tn\\\/fr\\\/#organization\",\"name\":\"Webdo\",\"alternateName\":\"Webdo.tn\",\"url\":\"https:\\\/\\\/www.webdo.tn\\\/fr\\\/\",\"logo\":{\"@type\":\"ImageObject\",\"inLanguage\":\"fr-FR\",\"@id\":\"https:\\\/\\\/www.webdo.tn\\\/fr\\\/#\\\/schema\\\/logo\\\/image\\\/\",\"url\":\"https:\\\/\\\/www.webdo.tn\\\/fr\\\/wp-content\\\/uploads\\\/2025\\\/06\\\/Webdo-Tunisie_168377.jpg\",\"contentUrl\":\"https:\\\/\\\/www.webdo.tn\\\/fr\\\/wp-content\\\/uploads\\\/2025\\\/06\\\/Webdo-Tunisie_168377.jpg\",\"width\":301,\"height\":301,\"caption\":\"Webdo\"},\"image\":{\"@id\":\"https:\\\/\\\/www.webdo.tn\\\/fr\\\/#\\\/schema\\\/logo\\\/image\\\/\"},\"sameAs\":[\"https:\\\/\\\/www.facebook.com\\\/webdotn\",\"https:\\\/\\\/x.com\\\/webdo_tn\"],\"description\":\"Webdo est un m\u00e9dia num\u00e9rique tunisien fond\u00e9 en 2010, sp\u00e9cialis\u00e9 dans l\u2019actualit\u00e9 nationale et internationale, l\u2019\u00e9conomie, la soci\u00e9t\u00e9 et les analyses politiques. Le site s\u2019adresse \u00e0 un large public francophone et couvre l\u2019information tunisienne en temps r\u00e9el.\",\"email\":\"redac@webdo.tn\",\"legalName\":\"YNJ SARL\",\"foundingDate\":\"2010-09-06\",\"numberOfEmployees\":{\"@type\":\"QuantitativeValue\",\"minValue\":\"11\",\"maxValue\":\"50\"}},{\"@type\":\"Person\",\"@id\":\"https:\\\/\\\/www.webdo.tn\\\/fr\\\/#\\\/schema\\\/person\\\/b9ecde7a5574cb4fcf4b496ea5fadb15\",\"name\":\"Wided Belhaj\",\"image\":{\"@type\":\"ImageObject\",\"inLanguage\":\"fr-FR\",\"@id\":\"https:\\\/\\\/www.webdo.tn\\\/fr\\\/wp-content\\\/uploads\\\/2026\\\/04\\\/wided-belhaj_avatar-96x96.jpg\",\"url\":\"https:\\\/\\\/www.webdo.tn\\\/fr\\\/wp-content\\\/uploads\\\/2026\\\/04\\\/wided-belhaj_avatar-96x96.jpg\",\"contentUrl\":\"https:\\\/\\\/www.webdo.tn\\\/fr\\\/wp-content\\\/uploads\\\/2026\\\/04\\\/wided-belhaj_avatar-96x96.jpg\",\"caption\":\"Wided Belhaj\"},\"description\":\"Wided Belhaj est le pseudonyme \u00e9ditorial utilis\u00e9 par Khalil Jelassi, journaliste, ma\u00eetre-assistant \u00e0 l\u2019Institut de presse et des sciences de l\u2019information (IPSI) et chercheur en sciences de l\u2019information et de la communication. Cette signature est d\u00e9di\u00e9e \u00e0 l\u2019analyse des m\u00e9dias, des pratiques journalistiques et des mutations de l\u2019information \u00e0 l\u2019\u00e8re digitale. \u00c0 travers ses contributions, Wided Belhaj propose une lecture analytique de l\u2019actualit\u00e9, en croisant regard critique et expertise acad\u00e9mique.\",\"knowsAbout\":[\"m\u00e9dias\",\"journalisme\",\"communication\",\"information\",\"transformation num\u00e9rique\",\"analyse des m\u00e9dias\"],\"knowsLanguage\":[\"Fran\u00e7ais\",\"Arabe\"],\"jobTitle\":\"Webdo.tn\",\"worksFor\":\"Journaliste \u2013 Analyse des m\u00e9dias\",\"url\":\"https:\\\/\\\/www.webdo.tn\\\/fr\\\/actualite\\\/author\\\/wided-belhaj\\\/\"}]}<\/script>\n<!-- \/ Yoast SEO Premium plugin. -->","yoast_head_json":{"title":"Trump menace d\u2019une taxe de 25% sur les pays commer\u00e7ant avec l\u2019Iran ! - webdo","description":"D\u00e9couvrez comment Trump a annonc\u00e9 un tarif douanier de 25 % sur les pays commer\u00e7ant avec l'Iran et ses implications.","canonical":"https:\/\/www.webdo.tn\/fr\/actualite\/international\/trump-menace-dune-taxe-de-25-sur-les-pays-commercant-avec-liran\/391242\/","og_locale":"fr_FR","og_type":"article","og_title":"Trump menace d\u2019une taxe de 25% sur les pays commer\u00e7ant avec l\u2019Iran !","og_description":"D\u00e9couvrez comment Trump a annonc\u00e9 un tarif douanier de 25 % sur les pays commer\u00e7ant avec l'Iran et ses implications.","og_url":"https:\/\/www.webdo.tn\/fr\/actualite\/international\/trump-menace-dune-taxe-de-25-sur-les-pays-commercant-avec-liran\/391242\/","og_site_name":"webdo","article_publisher":"https:\/\/www.facebook.com\/webdotn","article_published_time":"2026-01-13T10:06:25+00:00","article_modified_time":"2026-01-13T10:06:26+00:00","og_image":[{"width":1200,"height":601,"url":"https:\/\/www.webdo.tn\/fr\/wp-content\/uploads\/2026\/01\/Trump-hard-way.jpg","type":"image\/jpeg"}],"author":"Wided Belhaj","twitter_card":"summary_large_image","twitter_creator":"@webdo_tn","twitter_site":"@webdo_tn","twitter_misc":{"\u00c9crit par":"Wided Belhaj","Dur\u00e9e de lecture estim\u00e9e":"2 minutes"},"schema":{"@context":"https:\/\/schema.org","@graph":[{"@type":"NewsArticle","@id":"https:\/\/www.webdo.tn\/fr\/actualite\/international\/trump-menace-dune-taxe-de-25-sur-les-pays-commercant-avec-liran\/391242\/#article","isPartOf":{"@id":"https:\/\/www.webdo.tn\/fr\/actualite\/international\/trump-menace-dune-taxe-de-25-sur-les-pays-commercant-avec-liran\/391242\/"},"author":{"name":"Wided Belhaj","@id":"https:\/\/www.webdo.tn\/fr\/#\/schema\/person\/b9ecde7a5574cb4fcf4b496ea5fadb15"},"headline":"Trump menace d\u2019une taxe de 25% sur les pays commer\u00e7ant avec l\u2019Iran !","datePublished":"2026-01-13T10:06:25+00:00","dateModified":"2026-01-13T10:06:26+00:00","mainEntityOfPage":{"@id":"https:\/\/www.webdo.tn\/fr\/actualite\/international\/trump-menace-dune-taxe-de-25-sur-les-pays-commercant-avec-liran\/391242\/"},"wordCount":333,"publisher":{"@id":"https:\/\/www.webdo.tn\/fr\/#organization"},"image":{"@id":"https:\/\/www.webdo.tn\/fr\/actualite\/international\/trump-menace-dune-taxe-de-25-sur-les-pays-commercant-avec-liran\/391242\/#primaryimage"},"thumbnailUrl":"https:\/\/www.webdo.tn\/fr\/wp-content\/uploads\/2026\/01\/Trump-hard-way.jpg","keywords":["Iran","trump","Tunisie"],"articleSection":["International"],"inLanguage":"fr-FR"},{"@type":"WebPage","@id":"https:\/\/www.webdo.tn\/fr\/actualite\/international\/trump-menace-dune-taxe-de-25-sur-les-pays-commercant-avec-liran\/391242\/","url":"https:\/\/www.webdo.tn\/fr\/actualite\/international\/trump-menace-dune-taxe-de-25-sur-les-pays-commercant-avec-liran\/391242\/","name":"Trump menace d\u2019une taxe de 25% sur les pays commer\u00e7ant avec l\u2019Iran ! - webdo","isPartOf":{"@id":"https:\/\/www.webdo.tn\/fr\/#website"},"primaryImageOfPage":{"@id":"https:\/\/www.webdo.tn\/fr\/actualite\/international\/trump-menace-dune-taxe-de-25-sur-les-pays-commercant-avec-liran\/391242\/#primaryimage"},"image":{"@id":"https:\/\/www.webdo.tn\/fr\/actualite\/international\/trump-menace-dune-taxe-de-25-sur-les-pays-commercant-avec-liran\/391242\/#primaryimage"},"thumbnailUrl":"https:\/\/www.webdo.tn\/fr\/wp-content\/uploads\/2026\/01\/Trump-hard-way.jpg","datePublished":"2026-01-13T10:06:25+00:00","dateModified":"2026-01-13T10:06:26+00:00","description":"D\u00e9couvrez comment Trump a annonc\u00e9 un tarif douanier de 25 % sur les pays commer\u00e7ant avec l'Iran et ses implications.","breadcrumb":{"@id":"https:\/\/www.webdo.tn\/fr\/actualite\/international\/trump-menace-dune-taxe-de-25-sur-les-pays-commercant-avec-liran\/391242\/#breadcrumb"},"inLanguage":"fr-FR","potentialAction":[{"@type":"ReadAction","target":["https:\/\/www.webdo.tn\/fr\/actualite\/international\/trump-menace-dune-taxe-de-25-sur-les-pays-commercant-avec-liran\/391242\/"]}]},{"@type":"ImageObject","inLanguage":"fr-FR","@id":"https:\/\/www.webdo.tn\/fr\/actualite\/international\/trump-menace-dune-taxe-de-25-sur-les-pays-commercant-avec-liran\/391242\/#primaryimage","url":"https:\/\/www.webdo.tn\/fr\/wp-content\/uploads\/2026\/01\/Trump-hard-way.jpg","contentUrl":"https:\/\/www.webdo.tn\/fr\/wp-content\/uploads\/2026\/01\/Trump-hard-way.jpg","width":1200,"height":601,"caption":"Trump : \u201cNous prendrons le Groenland, qu\u2019ils le veuillent ou non\u201d"},{"@type":"BreadcrumbList","@id":"https:\/\/www.webdo.tn\/fr\/actualite\/international\/trump-menace-dune-taxe-de-25-sur-les-pays-commercant-avec-liran\/391242\/#breadcrumb","itemListElement":[{"@type":"ListItem","position":1,"name":"Accueil","item":"https:\/\/www.webdo.tn\/fr\/"},{"@type":"ListItem","position":2,"name":"Trump menace d\u2019une taxe de 25% sur les pays commer\u00e7ant avec l\u2019Iran !"}]},{"@type":"WebSite","@id":"https:\/\/www.webdo.tn\/fr\/#website","url":"https:\/\/www.webdo.tn\/fr\/","name":"webdo","description":"Tunisie - News en Tunisie et \u00e0 l&#039;international sur Webdo.tn","publisher":{"@id":"https:\/\/www.webdo.tn\/fr\/#organization"},"potentialAction":[{"@type":"SearchAction","target":{"@type":"EntryPoint","urlTemplate":"https:\/\/www.webdo.tn\/fr\/?s={search_term_string}"},"query-input":{"@type":"PropertyValueSpecification","valueRequired":true,"valueName":"search_term_string"}}],"inLanguage":"fr-FR"},{"@type":"Organization","@id":"https:\/\/www.webdo.tn\/fr\/#organization","name":"Webdo","alternateName":"Webdo.tn","url":"https:\/\/www.webdo.tn\/fr\/","logo":{"@type":"ImageObject","inLanguage":"fr-FR","@id":"https:\/\/www.webdo.tn\/fr\/#\/schema\/logo\/image\/","url":"https:\/\/www.webdo.tn\/fr\/wp-content\/uploads\/2025\/06\/Webdo-Tunisie_168377.jpg","contentUrl":"https:\/\/www.webdo.tn\/fr\/wp-content\/uploads\/2025\/06\/Webdo-Tunisie_168377.jpg","width":301,"height":301,"caption":"Webdo"},"image":{"@id":"https:\/\/www.webdo.tn\/fr\/#\/schema\/logo\/image\/"},"sameAs":["https:\/\/www.facebook.com\/webdotn","https:\/\/x.com\/webdo_tn"],"description":"Webdo est un m\u00e9dia num\u00e9rique tunisien fond\u00e9 en 2010, sp\u00e9cialis\u00e9 dans l\u2019actualit\u00e9 nationale et internationale, l\u2019\u00e9conomie, la soci\u00e9t\u00e9 et les analyses politiques. Le site s\u2019adresse \u00e0 un large public francophone et couvre l\u2019information tunisienne en temps r\u00e9el.","email":"redac@webdo.tn","legalName":"YNJ SARL","foundingDate":"2010-09-06","numberOfEmployees":{"@type":"QuantitativeValue","minValue":"11","maxValue":"50"}},{"@type":"Person","@id":"https:\/\/www.webdo.tn\/fr\/#\/schema\/person\/b9ecde7a5574cb4fcf4b496ea5fadb15","name":"Wided Belhaj","image":{"@type":"ImageObject","inLanguage":"fr-FR","@id":"https:\/\/www.webdo.tn\/fr\/wp-content\/uploads\/2026\/04\/wided-belhaj_avatar-96x96.jpg","url":"https:\/\/www.webdo.tn\/fr\/wp-content\/uploads\/2026\/04\/wided-belhaj_avatar-96x96.jpg","contentUrl":"https:\/\/www.webdo.tn\/fr\/wp-content\/uploads\/2026\/04\/wided-belhaj_avatar-96x96.jpg","caption":"Wided Belhaj"},"description":"Wided Belhaj est le pseudonyme \u00e9ditorial utilis\u00e9 par Khalil Jelassi, journaliste, ma\u00eetre-assistant \u00e0 l\u2019Institut de presse et des sciences de l\u2019information (IPSI) et chercheur en sciences de l\u2019information et de la communication. Cette signature est d\u00e9di\u00e9e \u00e0 l\u2019analyse des m\u00e9dias, des pratiques journalistiques et des mutations de l\u2019information \u00e0 l\u2019\u00e8re digitale. \u00c0 travers ses contributions, Wided Belhaj propose une lecture analytique de l\u2019actualit\u00e9, en croisant regard critique et expertise acad\u00e9mique.","knowsAbout":["m\u00e9dias","journalisme","communication","information","transformation num\u00e9rique","analyse des m\u00e9dias"],"knowsLanguage":["Fran\u00e7ais","Arabe"],"jobTitle":"Webdo.tn","worksFor":"Journaliste \u2013 Analyse des m\u00e9dias","url":"https:\/\/www.webdo.tn\/fr\/actualite\/author\/wided-belhaj\/"}]}},"_links":{"self":[{"href":"https:\/\/www.webdo.tn\/fr\/wp-json\/wp\/v2\/posts\/391242","targetHints":{"allow":["GET"]}}],"collection":[{"href":"https:\/\/www.webdo.tn\/fr\/wp-json\/wp\/v2\/posts"}],"about":[{"href":"https:\/\/www.webdo.tn\/fr\/wp-json\/wp\/v2\/types\/post"}],"author":[{"embeddable":true,"href":"https:\/\/www.webdo.tn\/fr\/wp-json\/wp\/v2\/users\/3184"}],"replies":[{"embeddable":true,"href":"https:\/\/www.webdo.tn\/fr\/wp-json\/wp\/v2\/comments?post=391242"}],"version-history":[{"count":0,"href":"https:\/\/www.webdo.tn\/fr\/wp-json\/wp\/v2\/posts\/391242\/revisions"}],"wp:featuredmedia":[{"embeddable":true,"href":"https:\/\/www.webdo.tn\/fr\/wp-json\/wp\/v2\/media\/391039"}],"wp:attachment":[{"href":"https:\/\/www.webdo.tn\/fr\/wp-json\/wp\/v2\/media?parent=391242"}],"wp:term":[{"taxonomy":"category","embeddable":true,"href":"https:\/\/www.webdo.tn\/fr\/wp-json\/wp\/v2\/categories?post=391242"},{"taxonomy":"post_tag","embeddable":true,"href":"https:\/\/www.webdo.tn\/fr\/wp-json\/wp\/v2\/tags?post=391242"}],"curies":[{"name":"wp","href":"https:\/\/api.w.org\/{rel}","templated":true}]}}