{"id":391203,"date":"2026-01-12T18:20:38","date_gmt":"2026-01-12T17:20:38","guid":{"rendered":"https:\/\/www.webdo.tn\/fr\/?p=391203"},"modified":"2026-01-12T18:20:39","modified_gmt":"2026-01-12T17:20:39","slug":"reprise-dun-projet-industriel-denvergure-a-tunis","status":"publish","type":"post","link":"https:\/\/www.webdo.tn\/fr\/actualite\/national\/reprise-dun-projet-industriel-denvergure-a-tunis\/391203\/","title":{"rendered":"Reprise d\u2019un projet industriel d\u2019envergure \u00e0 Tunis"},"content":{"rendered":"\n<p>Apr\u00e8s une p\u00e9riode de suspension, un projet industriel strat\u00e9gique reprend officiellement en Tunisie. La cheffe de cabinet de la ministre de l\u2019Industrie, des Mines et de l\u2019\u00c9nergie, Afef Chachi Tayari, a annonc\u00e9, lundi 12 janvier 2026, la reprise des travaux du projet du complexe technique de Tunis.<\/p>\n\n\n\n<p>Implant\u00e9 dans la zone industrielle d\u2019El Agba, dans le gouvernorat de Tunis, ce projet structurant regroupera trois p\u00f4les techniques et administratifs majeurs : le Laboratoire central d\u2019analyses et d\u2019essais, le Centre technique des industries agroalimentaires ainsi que le Centre technique de la chimie. L\u2019objectif est de doter le pays d\u2019une infrastructure moderne capable de renforcer le syst\u00e8me national de contr\u00f4le de la qualit\u00e9.<\/p>\n\n\n\n<p>Dans son intervention, Afef Chachi Tayari a soulign\u00e9 l\u2019importance strat\u00e9gique de ce complexe, qui s\u2019inscrit dans la vision du minist\u00e8re visant \u00e0 rapprocher les services des op\u00e9rateurs \u00e9conomiques, \u00e0 consolider l\u2019infrastructure nationale de la qualit\u00e9 et \u00e0 d\u00e9velopper le r\u00e9seau des laboratoires sp\u00e9cialis\u00e9s. Le futur complexe permettra la r\u00e9alisation d\u2019environ 30 000 analyses par an, r\u00e9parties sur 41 laboratoires, afin de garantir la conformit\u00e9 des produits aux normes et r\u00e9glementations techniques en vigueur et d\u2019am\u00e9liorer la comp\u00e9titivit\u00e9 des entreprises industrielles tunisiennes.<\/p>\n\n\n\n<h2 class=\"wp-block-heading\" id=\"h-reprise-des-aujourd-hui\">Reprise d\u00e8s aujourd&rsquo;hui <\/h2>\n\n\n\n<p>La responsable a \u00e9galement salu\u00e9 l\u2019implication de l\u2019ensemble des parties prenantes dans la relance de ce projet national, r\u00e9affirmant l\u2019engagement du minist\u00e8re \u00e0 soutenir les initiatives contribuant au d\u00e9veloppement et \u00e0 la modernisation du tissu industriel.<\/p>\n\n\n\n<p>Le co\u00fbt global des investissements li\u00e9s \u00e0 ce projet est estim\u00e9 \u00e0 pr\u00e8s de 60 millions de dinars. Les travaux de construction des nouveaux si\u00e8ges des trois centres techniques industriels reprendront d\u00e8s aujourd\u2019hui pour une dur\u00e9e pr\u00e9vue de 540 jours, sur une superficie totale d\u2019environ trois hectares.<\/p>\n\n\n\n<p>La reprise de ce chantier est per\u00e7ue comme un signal positif pour le secteur industriel, dans un contexte o\u00f9 la Tunisie cherche \u00e0 renforcer son attractivit\u00e9 \u00e9conomique et \u00e0 soutenir la mont\u00e9e en gamme de ses industries.<\/p>\n\n\n\n<p><\/p>\n\n\n\n<blockquote class=\"wp-block-quote is-layout-flow wp-block-quote-is-layout-flow\">\n<blockquote class=\"wp-block-quote is-layout-flow wp-block-quote-is-layout-flow\">\n<p>Lire aussi :\u00a0<a href=\"https:\/\/www.webdo.tn\/fr\/actualite\/national\/le-nouveau-pont-de-bizerte-operationnel-le-2-septembre-2027\/215817\/\">Le nouveau pont de Bizerte op\u00e9rationnel le 2 septembre\u2026 2027<\/a><\/p>\n<\/blockquote>\n<\/blockquote>\n","protected":false},"excerpt":{"rendered":"<p>Apr\u00e8s une p\u00e9riode de suspension, un projet industriel strat\u00e9gique reprend officiellement en Tunisie. La cheffe de cabinet de la ministre de l\u2019Industrie, des Mines et de l\u2019\u00c9nergie, Afef Chachi Tayari, a annonc\u00e9, lundi 12 janvier 2026, la reprise des travaux du projet du complexe technique de Tunis. Implant\u00e9 dans la zone industrielle d\u2019El Agba, dans [&hellip;]<\/p>\n","protected":false},"author":3184,"featured_media":391204,"comment_status":"closed","ping_status":"closed","sticky":false,"template":"","format":"standard","meta":{"footnotes":""},"categories":[44],"tags":[3406,7412,2608],"class_list":["post-391203","post","type-post","status-publish","format-standard","has-post-thumbnail","hentry","category-national","tag-projet","tag-reprise","tag-tunisie"],"yoast_head":"<!-- This site is optimized with the Yoast SEO Premium plugin v27.5 (Yoast SEO v27.5) - https:\/\/yoast.com\/product\/yoast-seo-premium-wordpress\/ -->\n<title>Reprise d\u2019un projet industriel d\u2019envergure \u00e0 Tunis - webdo<\/title>\n<meta name=\"description\" content=\"D\u00e9couvrez le projet industriel strat\u00e9gique qui reprend en Tunisie, renfor\u00e7ant le contr\u00f4le de la qualit\u00e9 avec des infrastructures modernes.\" \/>\n<link rel=\"canonical\" href=\"https:\/\/www.webdo.tn\/fr\/actualite\/national\/reprise-dun-projet-industriel-denvergure-a-tunis\/391203\/\" \/>\n<meta property=\"og:locale\" content=\"fr_FR\" \/>\n<meta property=\"og:type\" content=\"article\" \/>\n<meta property=\"og:title\" content=\"Reprise d\u2019un projet industriel d\u2019envergure \u00e0 Tunis\" \/>\n<meta property=\"og:description\" content=\"D\u00e9couvrez le projet industriel strat\u00e9gique qui reprend en Tunisie, renfor\u00e7ant le contr\u00f4le de la qualit\u00e9 avec des infrastructures modernes.\" \/>\n<meta property=\"og:url\" content=\"https:\/\/www.webdo.tn\/fr\/actualite\/national\/reprise-dun-projet-industriel-denvergure-a-tunis\/391203\/\" \/>\n<meta property=\"og:site_name\" content=\"webdo\" \/>\n<meta property=\"article:publisher\" content=\"https:\/\/www.facebook.com\/webdotn\" \/>\n<meta property=\"article:published_time\" content=\"2026-01-12T17:20:38+00:00\" \/>\n<meta property=\"article:modified_time\" content=\"2026-01-12T17:20:39+00:00\" \/>\n<meta property=\"og:image\" content=\"https:\/\/www.webdo.tn\/fr\/wp-content\/uploads\/2026\/01\/615143793_1318884126708086_8070530968811614022_n.jpg\" \/>\n\t<meta property=\"og:image:width\" content=\"2048\" \/>\n\t<meta property=\"og:image:height\" content=\"1365\" \/>\n\t<meta property=\"og:image:type\" content=\"image\/jpeg\" \/>\n<meta name=\"author\" content=\"Wided Belhaj\" \/>\n<meta name=\"twitter:card\" content=\"summary_large_image\" \/>\n<meta name=\"twitter:creator\" content=\"@webdo_tn\" \/>\n<meta name=\"twitter:site\" content=\"@webdo_tn\" \/>\n<meta name=\"twitter:label1\" content=\"\u00c9crit par\" \/>\n\t<meta name=\"twitter:data1\" content=\"Wided Belhaj\" \/>\n\t<meta name=\"twitter:label2\" content=\"Dur\u00e9e de lecture estim\u00e9e\" \/>\n\t<meta name=\"twitter:data2\" content=\"2 minutes\" \/>\n<script type=\"application\/ld+json\" class=\"yoast-schema-graph\">{\"@context\":\"https:\\\/\\\/schema.org\",\"@graph\":[{\"@type\":\"NewsArticle\",\"@id\":\"https:\\\/\\\/www.webdo.tn\\\/fr\\\/actualite\\\/national\\\/reprise-dun-projet-industriel-denvergure-a-tunis\\\/391203\\\/#article\",\"isPartOf\":{\"@id\":\"https:\\\/\\\/www.webdo.tn\\\/fr\\\/actualite\\\/national\\\/reprise-dun-projet-industriel-denvergure-a-tunis\\\/391203\\\/\"},\"author\":{\"name\":\"Wided Belhaj\",\"@id\":\"https:\\\/\\\/www.webdo.tn\\\/fr\\\/#\\\/schema\\\/person\\\/b9ecde7a5574cb4fcf4b496ea5fadb15\"},\"headline\":\"Reprise d\u2019un projet industriel d\u2019envergure \u00e0 Tunis\",\"datePublished\":\"2026-01-12T17:20:38+00:00\",\"dateModified\":\"2026-01-12T17:20:39+00:00\",\"mainEntityOfPage\":{\"@id\":\"https:\\\/\\\/www.webdo.tn\\\/fr\\\/actualite\\\/national\\\/reprise-dun-projet-industriel-denvergure-a-tunis\\\/391203\\\/\"},\"wordCount\":365,\"publisher\":{\"@id\":\"https:\\\/\\\/www.webdo.tn\\\/fr\\\/#organization\"},\"image\":{\"@id\":\"https:\\\/\\\/www.webdo.tn\\\/fr\\\/actualite\\\/national\\\/reprise-dun-projet-industriel-denvergure-a-tunis\\\/391203\\\/#primaryimage\"},\"thumbnailUrl\":\"https:\\\/\\\/www.webdo.tn\\\/fr\\\/wp-content\\\/uploads\\\/2026\\\/01\\\/615143793_1318884126708086_8070530968811614022_n.jpg\",\"keywords\":[\"projet\",\"reprise\",\"Tunisie\"],\"articleSection\":[\"National\"],\"inLanguage\":\"fr-FR\"},{\"@type\":\"WebPage\",\"@id\":\"https:\\\/\\\/www.webdo.tn\\\/fr\\\/actualite\\\/national\\\/reprise-dun-projet-industriel-denvergure-a-tunis\\\/391203\\\/\",\"url\":\"https:\\\/\\\/www.webdo.tn\\\/fr\\\/actualite\\\/national\\\/reprise-dun-projet-industriel-denvergure-a-tunis\\\/391203\\\/\",\"name\":\"Reprise d\u2019un projet industriel d\u2019envergure \u00e0 Tunis - webdo\",\"isPartOf\":{\"@id\":\"https:\\\/\\\/www.webdo.tn\\\/fr\\\/#website\"},\"primaryImageOfPage\":{\"@id\":\"https:\\\/\\\/www.webdo.tn\\\/fr\\\/actualite\\\/national\\\/reprise-dun-projet-industriel-denvergure-a-tunis\\\/391203\\\/#primaryimage\"},\"image\":{\"@id\":\"https:\\\/\\\/www.webdo.tn\\\/fr\\\/actualite\\\/national\\\/reprise-dun-projet-industriel-denvergure-a-tunis\\\/391203\\\/#primaryimage\"},\"thumbnailUrl\":\"https:\\\/\\\/www.webdo.tn\\\/fr\\\/wp-content\\\/uploads\\\/2026\\\/01\\\/615143793_1318884126708086_8070530968811614022_n.jpg\",\"datePublished\":\"2026-01-12T17:20:38+00:00\",\"dateModified\":\"2026-01-12T17:20:39+00:00\",\"description\":\"D\u00e9couvrez le projet industriel strat\u00e9gique qui reprend en Tunisie, renfor\u00e7ant le contr\u00f4le de la qualit\u00e9 avec des infrastructures modernes.\",\"breadcrumb\":{\"@id\":\"https:\\\/\\\/www.webdo.tn\\\/fr\\\/actualite\\\/national\\\/reprise-dun-projet-industriel-denvergure-a-tunis\\\/391203\\\/#breadcrumb\"},\"inLanguage\":\"fr-FR\",\"potentialAction\":[{\"@type\":\"ReadAction\",\"target\":[\"https:\\\/\\\/www.webdo.tn\\\/fr\\\/actualite\\\/national\\\/reprise-dun-projet-industriel-denvergure-a-tunis\\\/391203\\\/\"]}]},{\"@type\":\"ImageObject\",\"inLanguage\":\"fr-FR\",\"@id\":\"https:\\\/\\\/www.webdo.tn\\\/fr\\\/actualite\\\/national\\\/reprise-dun-projet-industriel-denvergure-a-tunis\\\/391203\\\/#primaryimage\",\"url\":\"https:\\\/\\\/www.webdo.tn\\\/fr\\\/wp-content\\\/uploads\\\/2026\\\/01\\\/615143793_1318884126708086_8070530968811614022_n.jpg\",\"contentUrl\":\"https:\\\/\\\/www.webdo.tn\\\/fr\\\/wp-content\\\/uploads\\\/2026\\\/01\\\/615143793_1318884126708086_8070530968811614022_n.jpg\",\"width\":2048,\"height\":1365},{\"@type\":\"BreadcrumbList\",\"@id\":\"https:\\\/\\\/www.webdo.tn\\\/fr\\\/actualite\\\/national\\\/reprise-dun-projet-industriel-denvergure-a-tunis\\\/391203\\\/#breadcrumb\",\"itemListElement\":[{\"@type\":\"ListItem\",\"position\":1,\"name\":\"Accueil\",\"item\":\"https:\\\/\\\/www.webdo.tn\\\/fr\\\/\"},{\"@type\":\"ListItem\",\"position\":2,\"name\":\"Reprise d\u2019un projet industriel d\u2019envergure \u00e0 Tunis\"}]},{\"@type\":\"WebSite\",\"@id\":\"https:\\\/\\\/www.webdo.tn\\\/fr\\\/#website\",\"url\":\"https:\\\/\\\/www.webdo.tn\\\/fr\\\/\",\"name\":\"webdo\",\"description\":\"Tunisie - News en Tunisie et \u00e0 l&#039;international sur Webdo.tn\",\"publisher\":{\"@id\":\"https:\\\/\\\/www.webdo.tn\\\/fr\\\/#organization\"},\"potentialAction\":[{\"@type\":\"SearchAction\",\"target\":{\"@type\":\"EntryPoint\",\"urlTemplate\":\"https:\\\/\\\/www.webdo.tn\\\/fr\\\/?s={search_term_string}\"},\"query-input\":{\"@type\":\"PropertyValueSpecification\",\"valueRequired\":true,\"valueName\":\"search_term_string\"}}],\"inLanguage\":\"fr-FR\"},{\"@type\":\"Organization\",\"@id\":\"https:\\\/\\\/www.webdo.tn\\\/fr\\\/#organization\",\"name\":\"Webdo\",\"alternateName\":\"Webdo.tn\",\"url\":\"https:\\\/\\\/www.webdo.tn\\\/fr\\\/\",\"logo\":{\"@type\":\"ImageObject\",\"inLanguage\":\"fr-FR\",\"@id\":\"https:\\\/\\\/www.webdo.tn\\\/fr\\\/#\\\/schema\\\/logo\\\/image\\\/\",\"url\":\"https:\\\/\\\/www.webdo.tn\\\/fr\\\/wp-content\\\/uploads\\\/2025\\\/06\\\/Webdo-Tunisie_168377.jpg\",\"contentUrl\":\"https:\\\/\\\/www.webdo.tn\\\/fr\\\/wp-content\\\/uploads\\\/2025\\\/06\\\/Webdo-Tunisie_168377.jpg\",\"width\":301,\"height\":301,\"caption\":\"Webdo\"},\"image\":{\"@id\":\"https:\\\/\\\/www.webdo.tn\\\/fr\\\/#\\\/schema\\\/logo\\\/image\\\/\"},\"sameAs\":[\"https:\\\/\\\/www.facebook.com\\\/webdotn\",\"https:\\\/\\\/x.com\\\/webdo_tn\"],\"description\":\"Webdo est un m\u00e9dia num\u00e9rique tunisien fond\u00e9 en 2010, sp\u00e9cialis\u00e9 dans l\u2019actualit\u00e9 nationale et internationale, l\u2019\u00e9conomie, la soci\u00e9t\u00e9 et les analyses politiques. Le site s\u2019adresse \u00e0 un large public francophone et couvre l\u2019information tunisienne en temps r\u00e9el.\",\"email\":\"redac@webdo.tn\",\"legalName\":\"YNJ SARL\",\"foundingDate\":\"2010-09-06\",\"numberOfEmployees\":{\"@type\":\"QuantitativeValue\",\"minValue\":\"11\",\"maxValue\":\"50\"}},{\"@type\":\"Person\",\"@id\":\"https:\\\/\\\/www.webdo.tn\\\/fr\\\/#\\\/schema\\\/person\\\/b9ecde7a5574cb4fcf4b496ea5fadb15\",\"name\":\"Wided Belhaj\",\"image\":{\"@type\":\"ImageObject\",\"inLanguage\":\"fr-FR\",\"@id\":\"https:\\\/\\\/www.webdo.tn\\\/fr\\\/wp-content\\\/uploads\\\/2026\\\/04\\\/wided-belhaj_avatar-96x96.jpg\",\"url\":\"https:\\\/\\\/www.webdo.tn\\\/fr\\\/wp-content\\\/uploads\\\/2026\\\/04\\\/wided-belhaj_avatar-96x96.jpg\",\"contentUrl\":\"https:\\\/\\\/www.webdo.tn\\\/fr\\\/wp-content\\\/uploads\\\/2026\\\/04\\\/wided-belhaj_avatar-96x96.jpg\",\"caption\":\"Wided Belhaj\"},\"description\":\"Wided Belhaj est le pseudonyme \u00e9ditorial utilis\u00e9 par Khalil Jelassi, journaliste, ma\u00eetre-assistant \u00e0 l\u2019Institut de presse et des sciences de l\u2019information (IPSI) et chercheur en sciences de l\u2019information et de la communication. Cette signature est d\u00e9di\u00e9e \u00e0 l\u2019analyse des m\u00e9dias, des pratiques journalistiques et des mutations de l\u2019information \u00e0 l\u2019\u00e8re digitale. \u00c0 travers ses contributions, Wided Belhaj propose une lecture analytique de l\u2019actualit\u00e9, en croisant regard critique et expertise acad\u00e9mique.\",\"knowsAbout\":[\"m\u00e9dias\",\"journalisme\",\"communication\",\"information\",\"transformation num\u00e9rique\",\"analyse des m\u00e9dias\"],\"knowsLanguage\":[\"Fran\u00e7ais\",\"Arabe\"],\"jobTitle\":\"Webdo.tn\",\"worksFor\":\"Journaliste \u2013 Analyse des m\u00e9dias\",\"url\":\"https:\\\/\\\/www.webdo.tn\\\/fr\\\/actualite\\\/author\\\/wided-belhaj\\\/\"}]}<\/script>\n<!-- \/ Yoast SEO Premium plugin. -->","yoast_head_json":{"title":"Reprise d\u2019un projet industriel d\u2019envergure \u00e0 Tunis - webdo","description":"D\u00e9couvrez le projet industriel strat\u00e9gique qui reprend en Tunisie, renfor\u00e7ant le contr\u00f4le de la qualit\u00e9 avec des infrastructures modernes.","canonical":"https:\/\/www.webdo.tn\/fr\/actualite\/national\/reprise-dun-projet-industriel-denvergure-a-tunis\/391203\/","og_locale":"fr_FR","og_type":"article","og_title":"Reprise d\u2019un projet industriel d\u2019envergure \u00e0 Tunis","og_description":"D\u00e9couvrez le projet industriel strat\u00e9gique qui reprend en Tunisie, renfor\u00e7ant le contr\u00f4le de la qualit\u00e9 avec des infrastructures modernes.","og_url":"https:\/\/www.webdo.tn\/fr\/actualite\/national\/reprise-dun-projet-industriel-denvergure-a-tunis\/391203\/","og_site_name":"webdo","article_publisher":"https:\/\/www.facebook.com\/webdotn","article_published_time":"2026-01-12T17:20:38+00:00","article_modified_time":"2026-01-12T17:20:39+00:00","og_image":[{"width":2048,"height":1365,"url":"https:\/\/www.webdo.tn\/fr\/wp-content\/uploads\/2026\/01\/615143793_1318884126708086_8070530968811614022_n.jpg","type":"image\/jpeg"}],"author":"Wided Belhaj","twitter_card":"summary_large_image","twitter_creator":"@webdo_tn","twitter_site":"@webdo_tn","twitter_misc":{"\u00c9crit par":"Wided Belhaj","Dur\u00e9e de lecture estim\u00e9e":"2 minutes"},"schema":{"@context":"https:\/\/schema.org","@graph":[{"@type":"NewsArticle","@id":"https:\/\/www.webdo.tn\/fr\/actualite\/national\/reprise-dun-projet-industriel-denvergure-a-tunis\/391203\/#article","isPartOf":{"@id":"https:\/\/www.webdo.tn\/fr\/actualite\/national\/reprise-dun-projet-industriel-denvergure-a-tunis\/391203\/"},"author":{"name":"Wided Belhaj","@id":"https:\/\/www.webdo.tn\/fr\/#\/schema\/person\/b9ecde7a5574cb4fcf4b496ea5fadb15"},"headline":"Reprise d\u2019un projet industriel d\u2019envergure \u00e0 Tunis","datePublished":"2026-01-12T17:20:38+00:00","dateModified":"2026-01-12T17:20:39+00:00","mainEntityOfPage":{"@id":"https:\/\/www.webdo.tn\/fr\/actualite\/national\/reprise-dun-projet-industriel-denvergure-a-tunis\/391203\/"},"wordCount":365,"publisher":{"@id":"https:\/\/www.webdo.tn\/fr\/#organization"},"image":{"@id":"https:\/\/www.webdo.tn\/fr\/actualite\/national\/reprise-dun-projet-industriel-denvergure-a-tunis\/391203\/#primaryimage"},"thumbnailUrl":"https:\/\/www.webdo.tn\/fr\/wp-content\/uploads\/2026\/01\/615143793_1318884126708086_8070530968811614022_n.jpg","keywords":["projet","reprise","Tunisie"],"articleSection":["National"],"inLanguage":"fr-FR"},{"@type":"WebPage","@id":"https:\/\/www.webdo.tn\/fr\/actualite\/national\/reprise-dun-projet-industriel-denvergure-a-tunis\/391203\/","url":"https:\/\/www.webdo.tn\/fr\/actualite\/national\/reprise-dun-projet-industriel-denvergure-a-tunis\/391203\/","name":"Reprise d\u2019un projet industriel d\u2019envergure \u00e0 Tunis - webdo","isPartOf":{"@id":"https:\/\/www.webdo.tn\/fr\/#website"},"primaryImageOfPage":{"@id":"https:\/\/www.webdo.tn\/fr\/actualite\/national\/reprise-dun-projet-industriel-denvergure-a-tunis\/391203\/#primaryimage"},"image":{"@id":"https:\/\/www.webdo.tn\/fr\/actualite\/national\/reprise-dun-projet-industriel-denvergure-a-tunis\/391203\/#primaryimage"},"thumbnailUrl":"https:\/\/www.webdo.tn\/fr\/wp-content\/uploads\/2026\/01\/615143793_1318884126708086_8070530968811614022_n.jpg","datePublished":"2026-01-12T17:20:38+00:00","dateModified":"2026-01-12T17:20:39+00:00","description":"D\u00e9couvrez le projet industriel strat\u00e9gique qui reprend en Tunisie, renfor\u00e7ant le contr\u00f4le de la qualit\u00e9 avec des infrastructures modernes.","breadcrumb":{"@id":"https:\/\/www.webdo.tn\/fr\/actualite\/national\/reprise-dun-projet-industriel-denvergure-a-tunis\/391203\/#breadcrumb"},"inLanguage":"fr-FR","potentialAction":[{"@type":"ReadAction","target":["https:\/\/www.webdo.tn\/fr\/actualite\/national\/reprise-dun-projet-industriel-denvergure-a-tunis\/391203\/"]}]},{"@type":"ImageObject","inLanguage":"fr-FR","@id":"https:\/\/www.webdo.tn\/fr\/actualite\/national\/reprise-dun-projet-industriel-denvergure-a-tunis\/391203\/#primaryimage","url":"https:\/\/www.webdo.tn\/fr\/wp-content\/uploads\/2026\/01\/615143793_1318884126708086_8070530968811614022_n.jpg","contentUrl":"https:\/\/www.webdo.tn\/fr\/wp-content\/uploads\/2026\/01\/615143793_1318884126708086_8070530968811614022_n.jpg","width":2048,"height":1365},{"@type":"BreadcrumbList","@id":"https:\/\/www.webdo.tn\/fr\/actualite\/national\/reprise-dun-projet-industriel-denvergure-a-tunis\/391203\/#breadcrumb","itemListElement":[{"@type":"ListItem","position":1,"name":"Accueil","item":"https:\/\/www.webdo.tn\/fr\/"},{"@type":"ListItem","position":2,"name":"Reprise d\u2019un projet industriel d\u2019envergure \u00e0 Tunis"}]},{"@type":"WebSite","@id":"https:\/\/www.webdo.tn\/fr\/#website","url":"https:\/\/www.webdo.tn\/fr\/","name":"webdo","description":"Tunisie - News en Tunisie et \u00e0 l&#039;international sur Webdo.tn","publisher":{"@id":"https:\/\/www.webdo.tn\/fr\/#organization"},"potentialAction":[{"@type":"SearchAction","target":{"@type":"EntryPoint","urlTemplate":"https:\/\/www.webdo.tn\/fr\/?s={search_term_string}"},"query-input":{"@type":"PropertyValueSpecification","valueRequired":true,"valueName":"search_term_string"}}],"inLanguage":"fr-FR"},{"@type":"Organization","@id":"https:\/\/www.webdo.tn\/fr\/#organization","name":"Webdo","alternateName":"Webdo.tn","url":"https:\/\/www.webdo.tn\/fr\/","logo":{"@type":"ImageObject","inLanguage":"fr-FR","@id":"https:\/\/www.webdo.tn\/fr\/#\/schema\/logo\/image\/","url":"https:\/\/www.webdo.tn\/fr\/wp-content\/uploads\/2025\/06\/Webdo-Tunisie_168377.jpg","contentUrl":"https:\/\/www.webdo.tn\/fr\/wp-content\/uploads\/2025\/06\/Webdo-Tunisie_168377.jpg","width":301,"height":301,"caption":"Webdo"},"image":{"@id":"https:\/\/www.webdo.tn\/fr\/#\/schema\/logo\/image\/"},"sameAs":["https:\/\/www.facebook.com\/webdotn","https:\/\/x.com\/webdo_tn"],"description":"Webdo est un m\u00e9dia num\u00e9rique tunisien fond\u00e9 en 2010, sp\u00e9cialis\u00e9 dans l\u2019actualit\u00e9 nationale et internationale, l\u2019\u00e9conomie, la soci\u00e9t\u00e9 et les analyses politiques. Le site s\u2019adresse \u00e0 un large public francophone et couvre l\u2019information tunisienne en temps r\u00e9el.","email":"redac@webdo.tn","legalName":"YNJ SARL","foundingDate":"2010-09-06","numberOfEmployees":{"@type":"QuantitativeValue","minValue":"11","maxValue":"50"}},{"@type":"Person","@id":"https:\/\/www.webdo.tn\/fr\/#\/schema\/person\/b9ecde7a5574cb4fcf4b496ea5fadb15","name":"Wided Belhaj","image":{"@type":"ImageObject","inLanguage":"fr-FR","@id":"https:\/\/www.webdo.tn\/fr\/wp-content\/uploads\/2026\/04\/wided-belhaj_avatar-96x96.jpg","url":"https:\/\/www.webdo.tn\/fr\/wp-content\/uploads\/2026\/04\/wided-belhaj_avatar-96x96.jpg","contentUrl":"https:\/\/www.webdo.tn\/fr\/wp-content\/uploads\/2026\/04\/wided-belhaj_avatar-96x96.jpg","caption":"Wided Belhaj"},"description":"Wided Belhaj est le pseudonyme \u00e9ditorial utilis\u00e9 par Khalil Jelassi, journaliste, ma\u00eetre-assistant \u00e0 l\u2019Institut de presse et des sciences de l\u2019information (IPSI) et chercheur en sciences de l\u2019information et de la communication. Cette signature est d\u00e9di\u00e9e \u00e0 l\u2019analyse des m\u00e9dias, des pratiques journalistiques et des mutations de l\u2019information \u00e0 l\u2019\u00e8re digitale. \u00c0 travers ses contributions, Wided Belhaj propose une lecture analytique de l\u2019actualit\u00e9, en croisant regard critique et expertise acad\u00e9mique.","knowsAbout":["m\u00e9dias","journalisme","communication","information","transformation num\u00e9rique","analyse des m\u00e9dias"],"knowsLanguage":["Fran\u00e7ais","Arabe"],"jobTitle":"Webdo.tn","worksFor":"Journaliste \u2013 Analyse des m\u00e9dias","url":"https:\/\/www.webdo.tn\/fr\/actualite\/author\/wided-belhaj\/"}]}},"_links":{"self":[{"href":"https:\/\/www.webdo.tn\/fr\/wp-json\/wp\/v2\/posts\/391203","targetHints":{"allow":["GET"]}}],"collection":[{"href":"https:\/\/www.webdo.tn\/fr\/wp-json\/wp\/v2\/posts"}],"about":[{"href":"https:\/\/www.webdo.tn\/fr\/wp-json\/wp\/v2\/types\/post"}],"author":[{"embeddable":true,"href":"https:\/\/www.webdo.tn\/fr\/wp-json\/wp\/v2\/users\/3184"}],"replies":[{"embeddable":true,"href":"https:\/\/www.webdo.tn\/fr\/wp-json\/wp\/v2\/comments?post=391203"}],"version-history":[{"count":0,"href":"https:\/\/www.webdo.tn\/fr\/wp-json\/wp\/v2\/posts\/391203\/revisions"}],"wp:featuredmedia":[{"embeddable":true,"href":"https:\/\/www.webdo.tn\/fr\/wp-json\/wp\/v2\/media\/391204"}],"wp:attachment":[{"href":"https:\/\/www.webdo.tn\/fr\/wp-json\/wp\/v2\/media?parent=391203"}],"wp:term":[{"taxonomy":"category","embeddable":true,"href":"https:\/\/www.webdo.tn\/fr\/wp-json\/wp\/v2\/categories?post=391203"},{"taxonomy":"post_tag","embeddable":true,"href":"https:\/\/www.webdo.tn\/fr\/wp-json\/wp\/v2\/tags?post=391203"}],"curies":[{"name":"wp","href":"https:\/\/api.w.org\/{rel}","templated":true}]}}