{"id":391171,"date":"2026-01-12T14:37:57","date_gmt":"2026-01-12T13:37:57","guid":{"rendered":"https:\/\/www.webdo.tn\/fr\/?p=391171"},"modified":"2026-01-12T14:37:58","modified_gmt":"2026-01-12T13:37:58","slug":"tunisie-bad-le-partenariat-financier-et-technique-entre-dans-une-nouvelle-phase","status":"publish","type":"post","link":"https:\/\/www.webdo.tn\/fr\/actualite\/national\/tunisie-bad-le-partenariat-financier-et-technique-entre-dans-une-nouvelle-phase\/391171\/","title":{"rendered":"Tunisie-BAD : Le partenariat financier et technique entre dans une nouvelle phase"},"content":{"rendered":"\n<p><strong>La Tunisie et le Groupe de la Banque africaine de d\u00e9veloppement (BAD) ont r\u00e9affirm\u00e9, lundi \u00e0 Tunis, leur volont\u00e9 de hisser leur coop\u00e9ration \u00e0 un niveau plus strat\u00e9gique. Re\u00e7u par le ministre de l\u2019\u00c9conomie et de la Planification, le directeur ex\u00e9cutif repr\u00e9sentant la Tunisie au sein de l\u2019institution a insist\u00e9 sur la n\u00e9cessit\u00e9 d\u2019aligner davantage les financements sur les priorit\u00e9s nationales. Les deux parties veulent d\u00e9sormais gagner en efficacit\u00e9, en coordination et en impact.<\/strong><\/p>\n\n\n\n<p>La coop\u00e9ration financi\u00e8re et technique entre la Tunisie et le Groupe de la Banque africaine de d\u00e9veloppement a \u00e9t\u00e9 au centre d\u2019une r\u00e9union de haut niveau entre le ministre de l\u2019\u00c9conomie et de la Planification, Samir Abdelhafidh, et le directeur ex\u00e9cutif repr\u00e9sentant la Tunisie, le Maroc et le Togo au Conseil d\u2019administration de la BAD, Abdesalem Jorio, actuellement en visite de travail dans le pays.<\/p>\n\n\n\n<h2 class=\"wp-block-heading\" id=\"h-la-bad-veut-s-aligner-sur-les-priorites-tunisiennes\">La BAD veut s\u2019aligner sur les priorit\u00e9s tunisiennes<\/h2>\n\n\n\n<p>Selon un communiqu\u00e9 du minist\u00e8re, le ministre a mis l\u2019accent sur la n\u00e9cessit\u00e9 d\u2019intensifier les concertations et de renforcer la coordination entre les deux parties, afin d\u2019am\u00e9liorer la performance des programmes conjoints et d\u2019en garantir l\u2019efficacit\u00e9 r\u00e9elle sur le terrain. L\u2019objectif affich\u00e9 est clair : faire de la coop\u00e9ration avec la BAD un levier plus op\u00e9rationnel du d\u00e9veloppement \u00e9conomique et social.<\/p>\n\n\n\n<p>De son c\u00f4t\u00e9, Abdesalem Jorio a expliqu\u00e9 que sa visite s\u2019inscrit dans une d\u00e9marche d\u2019\u00e9coute et d\u2019\u00e9valuation directe des priorit\u00e9s tunisiennes pour la p\u00e9riode \u00e0 venir. Il s\u2019agit, selon lui, de mieux cerner les besoins du pays et d\u2019identifier les formes de soutien que le Conseil d\u2019administration de la Banque peut mobiliser au profit de la Tunisie.<\/p>\n\n\n\n<p>Le responsable a, dans ce cadre, r\u00e9affirm\u00e9 la volont\u00e9 de la BAD de poursuivre et d\u2019approfondir sa coop\u00e9ration avec Tunis, en l\u2019adaptant davantage aux orientations strat\u00e9giques et aux programmes de d\u00e9veloppement nationaux.<\/p>\n\n\n\n<h2 class=\"wp-block-heading\" id=\"h-financements-reformes-et-programmes\">Financements, r\u00e9formes et programmes<\/h2>\n\n\n\n<p>Au-del\u00e0 du message politique, la rencontre traduit une volont\u00e9 partag\u00e9e de passer d\u2019une logique de simple financement \u00e0 une approche plus int\u00e9gr\u00e9e, combinant appui financier, accompagnement technique et meilleure gouvernance des projets. Pour les autorit\u00e9s tunisiennes, l\u2019enjeu est aussi de rendre les m\u00e9canismes de coop\u00e9ration plus r\u00e9actifs et plus coh\u00e9rents avec les priorit\u00e9s \u00e9conomiques du pays.<\/p>\n\n\n\n<p>Cette s\u00e9quence diplomatique et technique confirme, une nouvelle fois, le r\u00f4le central de la BAD comme partenaire financier de la Tunisie et la volont\u00e9 commune de donner un nouveau souffle \u00e0 une coop\u00e9ration appel\u00e9e \u00e0 jouer un r\u00f4le cl\u00e9 dans les prochaines \u00e9tapes du d\u00e9veloppement national.<\/p>\n\n\n\n<p><\/p>\n\n\n\n<iframe src=\"https:\/\/www.facebook.com\/plugins\/post.php?href=https%3A%2F%2Fwww.facebook.com%2FMDICITUNISIE%2Fposts%2Fpfbid06DSpecMDzkg1hzP1YWKbTFG273QuNjLzcUUrKu3or6MrK5ESk75iJdLFudjqjBejl&#038;show_text=true&#038;width=500\" width=\"500\" height=\"759\" style=\"border:none;overflow:hidden\" scrolling=\"no\" frameborder=\"0\" allowfullscreen=\"true\" allow=\"autoplay; clipboard-write; encrypted-media; picture-in-picture; web-share\"><\/iframe>\n\n\n\n<p><\/p>\n\n\n\n<blockquote class=\"wp-block-quote is-layout-flow wp-block-quote-is-layout-flow\">\n<blockquote class=\"wp-block-quote is-layout-flow wp-block-quote-is-layout-flow\">\n<p><strong>Lire aussi :<\/strong><\/p>\n\n\n\n<ul class=\"wp-block-list\">\n<li><a href=\"https:\/\/www.webdo.tn\/fr\/actualite\/national\/tunisie-la-bad-table-sur-une-croissance-de-19-en-2025\/379502\/\">Tunisie : La BAD table sur une croissance de 1,9% en 2025<\/a><\/li>\n\n\n\n<li><a href=\"https:\/\/www.webdo.tn\/fr\/actualite\/national\/tunisie-feu-vert-parlementaire-a-un-pret-de-270-md-de-la-bad-pour-les-routes\/221815\/\">Tunisie : Feu vert parlementaire \u00e0 un pr\u00eat de 270 MD de la BAD pour les routes<\/a><\/li>\n\n\n\n<li><a href=\"https:\/\/www.webdo.tn\/fr\/actualite\/national\/soutien-a-l-agriculture-durable-la-bad-fait-le-point-sur-ses-projets-en-tunisie\/221403\/\">Soutien \u00e0 l\u2019agriculture durable : la BAD fait le point sur ses projets en Tunisie<\/a><\/li>\n<\/ul>\n<\/blockquote>\n<\/blockquote>\n","protected":false},"excerpt":{"rendered":"<p>La Tunisie et le Groupe de la Banque africaine de d\u00e9veloppement (BAD) ont r\u00e9affirm\u00e9, lundi \u00e0 Tunis, leur volont\u00e9 de hisser leur coop\u00e9ration \u00e0 un niveau plus strat\u00e9gique. Re\u00e7u par le ministre de l\u2019\u00c9conomie et de la Planification, le directeur ex\u00e9cutif repr\u00e9sentant la Tunisie au sein de l\u2019institution a insist\u00e9 sur la n\u00e9cessit\u00e9 d\u2019aligner davantage [&hellip;]<\/p>\n","protected":false},"author":4782,"featured_media":391172,"comment_status":"closed","ping_status":"closed","sticky":false,"template":"","format":"standard","meta":{"footnotes":""},"categories":[44],"tags":[2686,4204,3300,2608],"class_list":["post-391171","post","type-post","status-publish","format-standard","has-post-thumbnail","hentry","category-national","tag-bad","tag-banque-africaine-de-developpement","tag-partenariat","tag-tunisie"],"yoast_head":"<!-- This site is optimized with the Yoast SEO Premium plugin v27.4 (Yoast SEO v27.5) - https:\/\/yoast.com\/product\/yoast-seo-premium-wordpress\/ -->\n<title>Tunisie-BAD : Le partenariat financier et technique entre dans une nouvelle phase - webdo<\/title>\n<meta name=\"description\" content=\"D\u00e9couvrez comment le partenariat entre la Tunisie et la BAD entre dans une nouvelle phase pour renforcer leur coop\u00e9ration.\" \/>\n<link rel=\"canonical\" href=\"https:\/\/www.webdo.tn\/fr\/actualite\/national\/tunisie-bad-le-partenariat-financier-et-technique-entre-dans-une-nouvelle-phase\/391171\/\" \/>\n<meta property=\"og:locale\" content=\"fr_FR\" \/>\n<meta property=\"og:type\" content=\"article\" \/>\n<meta property=\"og:title\" content=\"Tunisie-BAD : Le partenariat financier et technique entre dans une nouvelle phase\" \/>\n<meta property=\"og:description\" content=\"D\u00e9couvrez comment le partenariat entre la Tunisie et la BAD entre dans une nouvelle phase pour renforcer leur coop\u00e9ration.\" \/>\n<meta property=\"og:url\" content=\"https:\/\/www.webdo.tn\/fr\/actualite\/national\/tunisie-bad-le-partenariat-financier-et-technique-entre-dans-une-nouvelle-phase\/391171\/\" \/>\n<meta property=\"og:site_name\" content=\"webdo\" \/>\n<meta property=\"article:publisher\" content=\"https:\/\/www.facebook.com\/webdotn\" \/>\n<meta property=\"article:published_time\" content=\"2026-01-12T13:37:57+00:00\" \/>\n<meta property=\"article:modified_time\" content=\"2026-01-12T13:37:58+00:00\" \/>\n<meta property=\"og:image\" content=\"https:\/\/www.webdo.tn\/fr\/wp-content\/uploads\/2026\/01\/Tunisie-BAD.jpg\" \/>\n\t<meta property=\"og:image:width\" content=\"1200\" \/>\n\t<meta property=\"og:image:height\" content=\"602\" \/>\n\t<meta property=\"og:image:type\" content=\"image\/jpeg\" \/>\n<meta name=\"author\" content=\"Mohamed Fethi\" \/>\n<meta name=\"twitter:card\" content=\"summary_large_image\" \/>\n<meta name=\"twitter:creator\" content=\"@webdo_tn\" \/>\n<meta name=\"twitter:site\" content=\"@webdo_tn\" \/>\n<meta name=\"twitter:label1\" content=\"\u00c9crit par\" \/>\n\t<meta name=\"twitter:data1\" content=\"Mohamed Fethi\" \/>\n\t<meta name=\"twitter:label2\" content=\"Dur\u00e9e de lecture estim\u00e9e\" \/>\n\t<meta name=\"twitter:data2\" content=\"3 minutes\" \/>\n<script type=\"application\/ld+json\" class=\"yoast-schema-graph\">{\"@context\":\"https:\\\/\\\/schema.org\",\"@graph\":[{\"@type\":\"NewsArticle\",\"@id\":\"https:\\\/\\\/www.webdo.tn\\\/fr\\\/actualite\\\/national\\\/tunisie-bad-le-partenariat-financier-et-technique-entre-dans-une-nouvelle-phase\\\/391171\\\/#article\",\"isPartOf\":{\"@id\":\"https:\\\/\\\/www.webdo.tn\\\/fr\\\/actualite\\\/national\\\/tunisie-bad-le-partenariat-financier-et-technique-entre-dans-une-nouvelle-phase\\\/391171\\\/\"},\"author\":{\"name\":\"Mohamed Fethi\",\"@id\":\"https:\\\/\\\/www.webdo.tn\\\/fr\\\/#\\\/schema\\\/person\\\/16a4857e77dfc0b610c4c2cadffc9ac4\"},\"headline\":\"Tunisie-BAD : Le partenariat financier et technique entre dans une nouvelle phase\",\"datePublished\":\"2026-01-12T13:37:57+00:00\",\"dateModified\":\"2026-01-12T13:37:58+00:00\",\"mainEntityOfPage\":{\"@id\":\"https:\\\/\\\/www.webdo.tn\\\/fr\\\/actualite\\\/national\\\/tunisie-bad-le-partenariat-financier-et-technique-entre-dans-une-nouvelle-phase\\\/391171\\\/\"},\"wordCount\":518,\"publisher\":{\"@id\":\"https:\\\/\\\/www.webdo.tn\\\/fr\\\/#organization\"},\"image\":{\"@id\":\"https:\\\/\\\/www.webdo.tn\\\/fr\\\/actualite\\\/national\\\/tunisie-bad-le-partenariat-financier-et-technique-entre-dans-une-nouvelle-phase\\\/391171\\\/#primaryimage\"},\"thumbnailUrl\":\"https:\\\/\\\/www.webdo.tn\\\/fr\\\/wp-content\\\/uploads\\\/2026\\\/01\\\/Tunisie-BAD.jpg\",\"keywords\":[\"BAD\",\"Banque africaine de d\u00e9veloppement\",\"partenariat\",\"Tunisie\"],\"articleSection\":[\"National\"],\"inLanguage\":\"fr-FR\"},{\"@type\":\"WebPage\",\"@id\":\"https:\\\/\\\/www.webdo.tn\\\/fr\\\/actualite\\\/national\\\/tunisie-bad-le-partenariat-financier-et-technique-entre-dans-une-nouvelle-phase\\\/391171\\\/\",\"url\":\"https:\\\/\\\/www.webdo.tn\\\/fr\\\/actualite\\\/national\\\/tunisie-bad-le-partenariat-financier-et-technique-entre-dans-une-nouvelle-phase\\\/391171\\\/\",\"name\":\"Tunisie-BAD : Le partenariat financier et technique entre dans une nouvelle phase - webdo\",\"isPartOf\":{\"@id\":\"https:\\\/\\\/www.webdo.tn\\\/fr\\\/#website\"},\"primaryImageOfPage\":{\"@id\":\"https:\\\/\\\/www.webdo.tn\\\/fr\\\/actualite\\\/national\\\/tunisie-bad-le-partenariat-financier-et-technique-entre-dans-une-nouvelle-phase\\\/391171\\\/#primaryimage\"},\"image\":{\"@id\":\"https:\\\/\\\/www.webdo.tn\\\/fr\\\/actualite\\\/national\\\/tunisie-bad-le-partenariat-financier-et-technique-entre-dans-une-nouvelle-phase\\\/391171\\\/#primaryimage\"},\"thumbnailUrl\":\"https:\\\/\\\/www.webdo.tn\\\/fr\\\/wp-content\\\/uploads\\\/2026\\\/01\\\/Tunisie-BAD.jpg\",\"datePublished\":\"2026-01-12T13:37:57+00:00\",\"dateModified\":\"2026-01-12T13:37:58+00:00\",\"description\":\"D\u00e9couvrez comment le partenariat entre la Tunisie et la BAD entre dans une nouvelle phase pour renforcer leur coop\u00e9ration.\",\"breadcrumb\":{\"@id\":\"https:\\\/\\\/www.webdo.tn\\\/fr\\\/actualite\\\/national\\\/tunisie-bad-le-partenariat-financier-et-technique-entre-dans-une-nouvelle-phase\\\/391171\\\/#breadcrumb\"},\"inLanguage\":\"fr-FR\",\"potentialAction\":[{\"@type\":\"ReadAction\",\"target\":[\"https:\\\/\\\/www.webdo.tn\\\/fr\\\/actualite\\\/national\\\/tunisie-bad-le-partenariat-financier-et-technique-entre-dans-une-nouvelle-phase\\\/391171\\\/\"]}]},{\"@type\":\"ImageObject\",\"inLanguage\":\"fr-FR\",\"@id\":\"https:\\\/\\\/www.webdo.tn\\\/fr\\\/actualite\\\/national\\\/tunisie-bad-le-partenariat-financier-et-technique-entre-dans-une-nouvelle-phase\\\/391171\\\/#primaryimage\",\"url\":\"https:\\\/\\\/www.webdo.tn\\\/fr\\\/wp-content\\\/uploads\\\/2026\\\/01\\\/Tunisie-BAD.jpg\",\"contentUrl\":\"https:\\\/\\\/www.webdo.tn\\\/fr\\\/wp-content\\\/uploads\\\/2026\\\/01\\\/Tunisie-BAD.jpg\",\"width\":1200,\"height\":602,\"caption\":\"Tunisie-BAD : Le partenariat financier et technique entre dans une nouvelle phase\"},{\"@type\":\"BreadcrumbList\",\"@id\":\"https:\\\/\\\/www.webdo.tn\\\/fr\\\/actualite\\\/national\\\/tunisie-bad-le-partenariat-financier-et-technique-entre-dans-une-nouvelle-phase\\\/391171\\\/#breadcrumb\",\"itemListElement\":[{\"@type\":\"ListItem\",\"position\":1,\"name\":\"Accueil\",\"item\":\"https:\\\/\\\/www.webdo.tn\\\/fr\\\/\"},{\"@type\":\"ListItem\",\"position\":2,\"name\":\"Tunisie-BAD : Le partenariat financier et technique entre dans une nouvelle phase\"}]},{\"@type\":\"WebSite\",\"@id\":\"https:\\\/\\\/www.webdo.tn\\\/fr\\\/#website\",\"url\":\"https:\\\/\\\/www.webdo.tn\\\/fr\\\/\",\"name\":\"webdo\",\"description\":\"Tunisie - News en Tunisie et \u00e0 l&#039;international sur Webdo.tn\",\"publisher\":{\"@id\":\"https:\\\/\\\/www.webdo.tn\\\/fr\\\/#organization\"},\"potentialAction\":[{\"@type\":\"SearchAction\",\"target\":{\"@type\":\"EntryPoint\",\"urlTemplate\":\"https:\\\/\\\/www.webdo.tn\\\/fr\\\/?s={search_term_string}\"},\"query-input\":{\"@type\":\"PropertyValueSpecification\",\"valueRequired\":true,\"valueName\":\"search_term_string\"}}],\"inLanguage\":\"fr-FR\"},{\"@type\":\"Organization\",\"@id\":\"https:\\\/\\\/www.webdo.tn\\\/fr\\\/#organization\",\"name\":\"Webdo\",\"alternateName\":\"Webdo.tn\",\"url\":\"https:\\\/\\\/www.webdo.tn\\\/fr\\\/\",\"logo\":{\"@type\":\"ImageObject\",\"inLanguage\":\"fr-FR\",\"@id\":\"https:\\\/\\\/www.webdo.tn\\\/fr\\\/#\\\/schema\\\/logo\\\/image\\\/\",\"url\":\"https:\\\/\\\/www.webdo.tn\\\/fr\\\/wp-content\\\/uploads\\\/2025\\\/06\\\/Webdo-Tunisie_168377.jpg\",\"contentUrl\":\"https:\\\/\\\/www.webdo.tn\\\/fr\\\/wp-content\\\/uploads\\\/2025\\\/06\\\/Webdo-Tunisie_168377.jpg\",\"width\":301,\"height\":301,\"caption\":\"Webdo\"},\"image\":{\"@id\":\"https:\\\/\\\/www.webdo.tn\\\/fr\\\/#\\\/schema\\\/logo\\\/image\\\/\"},\"sameAs\":[\"https:\\\/\\\/www.facebook.com\\\/webdotn\",\"https:\\\/\\\/x.com\\\/webdo_tn\"],\"description\":\"Webdo est un m\u00e9dia num\u00e9rique tunisien fond\u00e9 en 2010, sp\u00e9cialis\u00e9 dans l\u2019actualit\u00e9 nationale et internationale, l\u2019\u00e9conomie, la soci\u00e9t\u00e9 et les analyses politiques. Le site s\u2019adresse \u00e0 un large public francophone et couvre l\u2019information tunisienne en temps r\u00e9el.\",\"email\":\"redac@webdo.tn\",\"legalName\":\"YNJ SARL\",\"foundingDate\":\"2010-09-06\",\"numberOfEmployees\":{\"@type\":\"QuantitativeValue\",\"minValue\":\"11\",\"maxValue\":\"50\"}},{\"@type\":\"Person\",\"@id\":\"https:\\\/\\\/www.webdo.tn\\\/fr\\\/#\\\/schema\\\/person\\\/16a4857e77dfc0b610c4c2cadffc9ac4\",\"name\":\"Mohamed Fethi\",\"image\":{\"@type\":\"ImageObject\",\"inLanguage\":\"fr-FR\",\"@id\":\"https:\\\/\\\/www.webdo.tn\\\/fr\\\/wp-content\\\/uploads\\\/2026\\\/04\\\/mohamed-fethi_avatar_1-96x96.jpg\",\"url\":\"https:\\\/\\\/www.webdo.tn\\\/fr\\\/wp-content\\\/uploads\\\/2026\\\/04\\\/mohamed-fethi_avatar_1-96x96.jpg\",\"contentUrl\":\"https:\\\/\\\/www.webdo.tn\\\/fr\\\/wp-content\\\/uploads\\\/2026\\\/04\\\/mohamed-fethi_avatar_1-96x96.jpg\",\"caption\":\"Mohamed Fethi\"},\"description\":\"Signature \u00e9ditoriale de Maher Chaabane Mohamed Fethi est le pseudonyme \u00e9ditorial de Maher Chaabane, r\u00e9dacteur en chef de Webdo.tn depuis 2012. Cette signature est d\u00e9di\u00e9e au traitement intensif de l'actualit\u00e9 nationale et internationale en temps r\u00e9el. S'appuyant sur les deux d\u00e9cennies d'expertise journalistique de Maher Chaabane \u2014 d\u00e9but\u00e9e au sein du groupe Tunis Hebdo en 2000 \u2014 Mohamed Fethi assure une veille rigoureuse sur les enjeux politiques, \u00e9conomiques et sportifs. Sa mission est de garantir une information structur\u00e9e, fluide et fid\u00e8le aux standards de la r\u00e9daction. Pour consulter le parcours complet du r\u00e9dacteur en chef, visitez le profil officiel de Maher Chaabane.\",\"knowsAbout\":[\"actualit\u00e9\",\"journalisme\",\"information\",\"politique\",\"sport\",\"m\u00e9dias\",\"actualit\u00e9 internationale\"],\"knowsLanguage\":[\"Fran\u00e7ais\",\"Arabe\"],\"jobTitle\":\"Journaliste \u2013 R\u00e9daction Webdo\",\"worksFor\":\"Webdo.tn\",\"url\":\"https:\\\/\\\/www.webdo.tn\\\/fr\\\/actualite\\\/author\\\/mohamed-fethi\\\/\"}]}<\/script>\n<!-- \/ Yoast SEO Premium plugin. -->","yoast_head_json":{"title":"Tunisie-BAD : Le partenariat financier et technique entre dans une nouvelle phase - webdo","description":"D\u00e9couvrez comment le partenariat entre la Tunisie et la BAD entre dans une nouvelle phase pour renforcer leur coop\u00e9ration.","canonical":"https:\/\/www.webdo.tn\/fr\/actualite\/national\/tunisie-bad-le-partenariat-financier-et-technique-entre-dans-une-nouvelle-phase\/391171\/","og_locale":"fr_FR","og_type":"article","og_title":"Tunisie-BAD : Le partenariat financier et technique entre dans une nouvelle phase","og_description":"D\u00e9couvrez comment le partenariat entre la Tunisie et la BAD entre dans une nouvelle phase pour renforcer leur coop\u00e9ration.","og_url":"https:\/\/www.webdo.tn\/fr\/actualite\/national\/tunisie-bad-le-partenariat-financier-et-technique-entre-dans-une-nouvelle-phase\/391171\/","og_site_name":"webdo","article_publisher":"https:\/\/www.facebook.com\/webdotn","article_published_time":"2026-01-12T13:37:57+00:00","article_modified_time":"2026-01-12T13:37:58+00:00","og_image":[{"width":1200,"height":602,"url":"https:\/\/www.webdo.tn\/fr\/wp-content\/uploads\/2026\/01\/Tunisie-BAD.jpg","type":"image\/jpeg"}],"author":"Mohamed Fethi","twitter_card":"summary_large_image","twitter_creator":"@webdo_tn","twitter_site":"@webdo_tn","twitter_misc":{"\u00c9crit par":"Mohamed Fethi","Dur\u00e9e de lecture estim\u00e9e":"3 minutes"},"schema":{"@context":"https:\/\/schema.org","@graph":[{"@type":"NewsArticle","@id":"https:\/\/www.webdo.tn\/fr\/actualite\/national\/tunisie-bad-le-partenariat-financier-et-technique-entre-dans-une-nouvelle-phase\/391171\/#article","isPartOf":{"@id":"https:\/\/www.webdo.tn\/fr\/actualite\/national\/tunisie-bad-le-partenariat-financier-et-technique-entre-dans-une-nouvelle-phase\/391171\/"},"author":{"name":"Mohamed Fethi","@id":"https:\/\/www.webdo.tn\/fr\/#\/schema\/person\/16a4857e77dfc0b610c4c2cadffc9ac4"},"headline":"Tunisie-BAD : Le partenariat financier et technique entre dans une nouvelle phase","datePublished":"2026-01-12T13:37:57+00:00","dateModified":"2026-01-12T13:37:58+00:00","mainEntityOfPage":{"@id":"https:\/\/www.webdo.tn\/fr\/actualite\/national\/tunisie-bad-le-partenariat-financier-et-technique-entre-dans-une-nouvelle-phase\/391171\/"},"wordCount":518,"publisher":{"@id":"https:\/\/www.webdo.tn\/fr\/#organization"},"image":{"@id":"https:\/\/www.webdo.tn\/fr\/actualite\/national\/tunisie-bad-le-partenariat-financier-et-technique-entre-dans-une-nouvelle-phase\/391171\/#primaryimage"},"thumbnailUrl":"https:\/\/www.webdo.tn\/fr\/wp-content\/uploads\/2026\/01\/Tunisie-BAD.jpg","keywords":["BAD","Banque africaine de d\u00e9veloppement","partenariat","Tunisie"],"articleSection":["National"],"inLanguage":"fr-FR"},{"@type":"WebPage","@id":"https:\/\/www.webdo.tn\/fr\/actualite\/national\/tunisie-bad-le-partenariat-financier-et-technique-entre-dans-une-nouvelle-phase\/391171\/","url":"https:\/\/www.webdo.tn\/fr\/actualite\/national\/tunisie-bad-le-partenariat-financier-et-technique-entre-dans-une-nouvelle-phase\/391171\/","name":"Tunisie-BAD : Le partenariat financier et technique entre dans une nouvelle phase - webdo","isPartOf":{"@id":"https:\/\/www.webdo.tn\/fr\/#website"},"primaryImageOfPage":{"@id":"https:\/\/www.webdo.tn\/fr\/actualite\/national\/tunisie-bad-le-partenariat-financier-et-technique-entre-dans-une-nouvelle-phase\/391171\/#primaryimage"},"image":{"@id":"https:\/\/www.webdo.tn\/fr\/actualite\/national\/tunisie-bad-le-partenariat-financier-et-technique-entre-dans-une-nouvelle-phase\/391171\/#primaryimage"},"thumbnailUrl":"https:\/\/www.webdo.tn\/fr\/wp-content\/uploads\/2026\/01\/Tunisie-BAD.jpg","datePublished":"2026-01-12T13:37:57+00:00","dateModified":"2026-01-12T13:37:58+00:00","description":"D\u00e9couvrez comment le partenariat entre la Tunisie et la BAD entre dans une nouvelle phase pour renforcer leur coop\u00e9ration.","breadcrumb":{"@id":"https:\/\/www.webdo.tn\/fr\/actualite\/national\/tunisie-bad-le-partenariat-financier-et-technique-entre-dans-une-nouvelle-phase\/391171\/#breadcrumb"},"inLanguage":"fr-FR","potentialAction":[{"@type":"ReadAction","target":["https:\/\/www.webdo.tn\/fr\/actualite\/national\/tunisie-bad-le-partenariat-financier-et-technique-entre-dans-une-nouvelle-phase\/391171\/"]}]},{"@type":"ImageObject","inLanguage":"fr-FR","@id":"https:\/\/www.webdo.tn\/fr\/actualite\/national\/tunisie-bad-le-partenariat-financier-et-technique-entre-dans-une-nouvelle-phase\/391171\/#primaryimage","url":"https:\/\/www.webdo.tn\/fr\/wp-content\/uploads\/2026\/01\/Tunisie-BAD.jpg","contentUrl":"https:\/\/www.webdo.tn\/fr\/wp-content\/uploads\/2026\/01\/Tunisie-BAD.jpg","width":1200,"height":602,"caption":"Tunisie-BAD : Le partenariat financier et technique entre dans une nouvelle phase"},{"@type":"BreadcrumbList","@id":"https:\/\/www.webdo.tn\/fr\/actualite\/national\/tunisie-bad-le-partenariat-financier-et-technique-entre-dans-une-nouvelle-phase\/391171\/#breadcrumb","itemListElement":[{"@type":"ListItem","position":1,"name":"Accueil","item":"https:\/\/www.webdo.tn\/fr\/"},{"@type":"ListItem","position":2,"name":"Tunisie-BAD : Le partenariat financier et technique entre dans une nouvelle phase"}]},{"@type":"WebSite","@id":"https:\/\/www.webdo.tn\/fr\/#website","url":"https:\/\/www.webdo.tn\/fr\/","name":"webdo","description":"Tunisie - News en Tunisie et \u00e0 l&#039;international sur Webdo.tn","publisher":{"@id":"https:\/\/www.webdo.tn\/fr\/#organization"},"potentialAction":[{"@type":"SearchAction","target":{"@type":"EntryPoint","urlTemplate":"https:\/\/www.webdo.tn\/fr\/?s={search_term_string}"},"query-input":{"@type":"PropertyValueSpecification","valueRequired":true,"valueName":"search_term_string"}}],"inLanguage":"fr-FR"},{"@type":"Organization","@id":"https:\/\/www.webdo.tn\/fr\/#organization","name":"Webdo","alternateName":"Webdo.tn","url":"https:\/\/www.webdo.tn\/fr\/","logo":{"@type":"ImageObject","inLanguage":"fr-FR","@id":"https:\/\/www.webdo.tn\/fr\/#\/schema\/logo\/image\/","url":"https:\/\/www.webdo.tn\/fr\/wp-content\/uploads\/2025\/06\/Webdo-Tunisie_168377.jpg","contentUrl":"https:\/\/www.webdo.tn\/fr\/wp-content\/uploads\/2025\/06\/Webdo-Tunisie_168377.jpg","width":301,"height":301,"caption":"Webdo"},"image":{"@id":"https:\/\/www.webdo.tn\/fr\/#\/schema\/logo\/image\/"},"sameAs":["https:\/\/www.facebook.com\/webdotn","https:\/\/x.com\/webdo_tn"],"description":"Webdo est un m\u00e9dia num\u00e9rique tunisien fond\u00e9 en 2010, sp\u00e9cialis\u00e9 dans l\u2019actualit\u00e9 nationale et internationale, l\u2019\u00e9conomie, la soci\u00e9t\u00e9 et les analyses politiques. Le site s\u2019adresse \u00e0 un large public francophone et couvre l\u2019information tunisienne en temps r\u00e9el.","email":"redac@webdo.tn","legalName":"YNJ SARL","foundingDate":"2010-09-06","numberOfEmployees":{"@type":"QuantitativeValue","minValue":"11","maxValue":"50"}},{"@type":"Person","@id":"https:\/\/www.webdo.tn\/fr\/#\/schema\/person\/16a4857e77dfc0b610c4c2cadffc9ac4","name":"Mohamed Fethi","image":{"@type":"ImageObject","inLanguage":"fr-FR","@id":"https:\/\/www.webdo.tn\/fr\/wp-content\/uploads\/2026\/04\/mohamed-fethi_avatar_1-96x96.jpg","url":"https:\/\/www.webdo.tn\/fr\/wp-content\/uploads\/2026\/04\/mohamed-fethi_avatar_1-96x96.jpg","contentUrl":"https:\/\/www.webdo.tn\/fr\/wp-content\/uploads\/2026\/04\/mohamed-fethi_avatar_1-96x96.jpg","caption":"Mohamed Fethi"},"description":"Signature \u00e9ditoriale de Maher Chaabane Mohamed Fethi est le pseudonyme \u00e9ditorial de Maher Chaabane, r\u00e9dacteur en chef de Webdo.tn depuis 2012. Cette signature est d\u00e9di\u00e9e au traitement intensif de l'actualit\u00e9 nationale et internationale en temps r\u00e9el. S'appuyant sur les deux d\u00e9cennies d'expertise journalistique de Maher Chaabane \u2014 d\u00e9but\u00e9e au sein du groupe Tunis Hebdo en 2000 \u2014 Mohamed Fethi assure une veille rigoureuse sur les enjeux politiques, \u00e9conomiques et sportifs. Sa mission est de garantir une information structur\u00e9e, fluide et fid\u00e8le aux standards de la r\u00e9daction. Pour consulter le parcours complet du r\u00e9dacteur en chef, visitez le profil officiel de Maher Chaabane.","knowsAbout":["actualit\u00e9","journalisme","information","politique","sport","m\u00e9dias","actualit\u00e9 internationale"],"knowsLanguage":["Fran\u00e7ais","Arabe"],"jobTitle":"Journaliste \u2013 R\u00e9daction Webdo","worksFor":"Webdo.tn","url":"https:\/\/www.webdo.tn\/fr\/actualite\/author\/mohamed-fethi\/"}]}},"_links":{"self":[{"href":"https:\/\/www.webdo.tn\/fr\/wp-json\/wp\/v2\/posts\/391171","targetHints":{"allow":["GET"]}}],"collection":[{"href":"https:\/\/www.webdo.tn\/fr\/wp-json\/wp\/v2\/posts"}],"about":[{"href":"https:\/\/www.webdo.tn\/fr\/wp-json\/wp\/v2\/types\/post"}],"author":[{"embeddable":true,"href":"https:\/\/www.webdo.tn\/fr\/wp-json\/wp\/v2\/users\/4782"}],"replies":[{"embeddable":true,"href":"https:\/\/www.webdo.tn\/fr\/wp-json\/wp\/v2\/comments?post=391171"}],"version-history":[{"count":0,"href":"https:\/\/www.webdo.tn\/fr\/wp-json\/wp\/v2\/posts\/391171\/revisions"}],"wp:featuredmedia":[{"embeddable":true,"href":"https:\/\/www.webdo.tn\/fr\/wp-json\/wp\/v2\/media\/391172"}],"wp:attachment":[{"href":"https:\/\/www.webdo.tn\/fr\/wp-json\/wp\/v2\/media?parent=391171"}],"wp:term":[{"taxonomy":"category","embeddable":true,"href":"https:\/\/www.webdo.tn\/fr\/wp-json\/wp\/v2\/categories?post=391171"},{"taxonomy":"post_tag","embeddable":true,"href":"https:\/\/www.webdo.tn\/fr\/wp-json\/wp\/v2\/tags?post=391171"}],"curies":[{"name":"wp","href":"https:\/\/api.w.org\/{rel}","templated":true}]}}