{"id":391159,"date":"2026-01-12T12:09:41","date_gmt":"2026-01-12T11:09:41","guid":{"rendered":"https:\/\/www.webdo.tn\/fr\/?p=391159"},"modified":"2026-01-12T12:09:44","modified_gmt":"2026-01-12T11:09:44","slug":"textile-la-tunisie-contrainte-dentrer-dans-lere-du-recyclage-pour-sauver-sa-competitivite","status":"publish","type":"post","link":"https:\/\/www.webdo.tn\/fr\/actualite\/national\/textile-la-tunisie-contrainte-dentrer-dans-lere-du-recyclage-pour-sauver-sa-competitivite\/391159\/","title":{"rendered":"Textile : La Tunisie contrainte d\u2019entrer dans l\u2019\u00e8re du recyclage pour sauver sa comp\u00e9titivit\u00e9"},"content":{"rendered":"\n<p><strong>Avec le lancement d\u2019un projet pilote de collecte et de recyclage des v\u00eatements usag\u00e9s, la F\u00e9d\u00e9ration tunisienne du textile et de l\u2019habillement et la startup Colibris posent la premi\u00e8re pierre d\u2019une transformation devenue incontournable. Sous la pression des march\u00e9s, des normes environnementales et de l\u2019accumulation des d\u00e9chets, la fili\u00e8re textile tunisienne n\u2019a d\u00e9sormais plus d\u2019alternative : elle doit basculer vers l\u2019\u00e9conomie circulaire ou d\u00e9crocher.<\/strong><\/p>\n\n\n\n<p>Le secteur textile-habillement tunisien vient d\u2019envoyer un signal clair : l\u2019\u00e8re du \u00ab produire, exporter, jeter \u00bb touche \u00e0 sa fin. En s\u2019associant \u00e0 la startup Colibris pour lancer un projet pilote de collecte et de r\u00e9cup\u00e9ration des v\u00eatements usag\u00e9s, la F\u00e9d\u00e9ration tunisienne du textile et de l\u2019habillement (FTTH) reconna\u00eet implicitement que la transition vers l\u2019\u00e9conomie circulaire n\u2019est plus un choix strat\u00e9gique, mais une n\u00e9cessit\u00e9 vitale.<\/p>\n\n\n\n<p>Colibris, sp\u00e9cialis\u00e9e dans la collecte des d\u00e9chets recyclables aupr\u00e8s des m\u00e9nages et des PME, assurera l\u2019organisation et la logistique de l\u2019op\u00e9ration. Les textiles r\u00e9cup\u00e9r\u00e9s seront en grande majorit\u00e9 recycl\u00e9s, tandis que les articles encore utilisables seront orient\u00e9s vers des associations caritatives.<\/p>\n\n\n\n<h2 class=\"wp-block-heading\" id=\"h-sous-pression-des-marches-et-des-normes-internationales\">Sous pression des march\u00e9s et des normes internationales<\/h2>\n\n\n\n<p>Ce virage intervient dans un contexte de plus en plus contraignant. Pilier de l\u2019\u00e9conomie nationale, le textile-habillement a g\u00e9n\u00e9r\u00e9 9,5 milliards de dinars de recettes d\u2019exportation en 2025 et fait vivre pr\u00e8s de 155.000 employ\u00e9s \u00e0 travers environ 1500 entreprises. Mais ce poids \u00e9conomique ne prot\u00e8ge plus la fili\u00e8re des mutations profondes du commerce mondial.<\/p>\n\n\n\n<p>Les grands donneurs d\u2019ordre europ\u00e9ens exigent d\u00e9sormais des cha\u00eenes de production tra\u00e7ables, durables et int\u00e9grant des standards environnementaux stricts. Sans recyclage, sans r\u00e9duction de l\u2019empreinte carbone et sans logique circulaire, une partie du tissu industriel tunisien risque tout simplement d\u2019\u00eatre \u00e9cart\u00e9e des march\u00e9s.<\/p>\n\n\n\n<h2 class=\"wp-block-heading\" id=\"h-une-montagne-de-dechets-encore-largement-gaspillee\">Une montagne de d\u00e9chets encore largement gaspill\u00e9e<\/h2>\n\n\n\n<p>Chaque ann\u00e9e, l\u2019industrie textile tunisienne g\u00e9n\u00e8re environ 31.000 tonnes de d\u00e9chets textiles pr\u00e9-consommation. Une part importante est recyclable, mais l\u2019essentiel continue d\u2019\u00eatre perdu faute d\u2019infrastructures et de fili\u00e8res de valorisation r\u00e9ellement op\u00e9rationnelles.<\/p>\n\n\n\n<p>A l\u2019\u00e9chelle nationale, la fili\u00e8re s\u2019est fix\u00e9 un objectif ambitieux : recycler 50% des d\u00e9chets textiles d\u2019ici 2030. Mais entre l\u2019objectif affich\u00e9 et la r\u00e9alit\u00e9 industrielle, l\u2019\u00e9cart reste consid\u00e9rable.<\/p>\n\n\n\n<p>Des signaux positifs existent. En octobre 2025, le Centre technique du textile (CETTEX) a lanc\u00e9 un programme de formation en \u00e9conomie circulaire dans le cadre du projet GTEX MENATEX Tunisie, ax\u00e9 sur les mat\u00e9riaux durables, les nouvelles technologies, la valorisation des d\u00e9chets et les opportunit\u00e9s d\u2019investissement.<\/p>\n\n\n\n<p>Mais pour l\u2019instant, ces initiatives restent fragment\u00e9es et insuffisantes au regard de l\u2019ampleur du d\u00e9fi. Le projet Colibris\u2013FTTH appara\u00eet davantage comme un d\u00e9but de r\u00e9ponse que comme une solution structurelle.<\/p>\n\n\n\n<h2 class=\"wp-block-heading\" id=\"h-recycler-pour-rester-dans-la-course\">Recycler pour rester dans la course<\/h2>\n\n\n\n<p>Derri\u00e8re le discours environnemental, l\u2019enjeu est avant tout \u00e9conomique et strat\u00e9gique : sans basculement rapide vers un mod\u00e8le circulaire, le textile tunisien risque de perdre son attractivit\u00e9, ses march\u00e9s et, \u00e0 terme, une partie de son appareil productif.<\/p>\n\n\n\n<p>La question n\u2019est donc plus de savoir si la fili\u00e8re doit se transformer, mais \u00e0 quelle vitesse elle sera capable de le faire.<\/p>\n\n\n\n<p><\/p>\n\n\n\n<iframe src=\"https:\/\/www.facebook.com\/plugins\/post.php?href=https%3A%2F%2Fwww.facebook.com%2Fcolibristunisie%2Fposts%2Fpfbid08VNYWfi5JjuyzyHEy48mBJiREBdWjMMmyj9P5zpN4vjnRJtxpHiQZ32dj7E91M2ml&#038;show_text=true&#038;width=500\" width=\"500\" height=\"470\" style=\"border:none;overflow:hidden\" scrolling=\"no\" frameborder=\"0\" allowfullscreen=\"true\" allow=\"autoplay; clipboard-write; encrypted-media; picture-in-picture; web-share\"><\/iframe>\n\n\n\n<p><\/p>\n\n\n\n<blockquote class=\"wp-block-quote is-layout-flow wp-block-quote-is-layout-flow\">\n<blockquote class=\"wp-block-quote is-layout-flow wp-block-quote-is-layout-flow\">\n<p><strong>Lire aussi :<\/strong><a href=\"https:\/\/www.webdo.tn\/fr\/actualite\/national\/investissement-textile-le-groupe-turc-vantela-annonce-son-intention-de-simplanter-en-tunisie\/388395\/\"><\/a><a href=\"https:\/\/www.webdo.tn\/fr\/actualite\/national\/investissement-textile-le-groupe-turc-vantela-annonce-son-intention-de-simplanter-en-tunisie\/388395\/\"><\/a><\/p>\n\n\n\n<ul class=\"wp-block-list\">\n<li><a href=\"https:\/\/www.webdo.tn\/fr\/actualite\/national\/investissement-textile-le-groupe-turc-vantela-annonce-son-intention-de-simplanter-en-tunisie\/388395\/\">Investissement textile : Le groupe turc VANTELA annonce son intention de s\u2019implanter en Tunisie<\/a><\/li>\n\n\n\n<li><a href=\"https:\/\/www.webdo.tn\/fr\/actualite\/national\/a-monastir-el-fejja-la-transition-du-textile-tunisien-vers-lindustrie-4-0\/388001\/\">\u00c0 Monastir\u2013El Fejja, la transition du textile tunisien vers l\u2019industrie 4.0<\/a><\/li>\n\n\n\n<li><a href=\"https:\/\/www.webdo.tn\/fr\/actualite\/national\/exportations-textiles-la-tunisie-franchit-les-39-milliards-de-dinars-malgre-des-defis-majeurs\/382268\/\">Exportations textiles : la Tunisie franchit les 3,9 milliards de dinars malgr\u00e9 des d\u00e9fis majeurs<\/a><\/li>\n\n\n\n<li><a href=\"https:\/\/www.webdo.tn\/fr\/actualite\/national\/textile-lue-accorde-des-derogations-douanieres-aux-produits-tunisiens-jusquen-2029\/380731\/\">Textile : L\u2019UE accorde des d\u00e9rogations douani\u00e8res aux produits tunisiens jusqu\u2019en 2029<\/a><\/li>\n\n\n\n<li><a href=\"https:\/\/www.webdo.tn\/fr\/actualite\/national\/tunisie-textile-le-secteur-ambitionne-5-milliards-deuros-dexportations-dici-2030\/379326\/\">Tunisie \u2013 Textile : Le secteur ambitionne 5 milliards d\u2019euros d\u2019exportations d\u2019ici 2030<\/a><\/li>\n<\/ul>\n<\/blockquote>\n<\/blockquote>\n","protected":false},"excerpt":{"rendered":"<p>Avec le lancement d\u2019un projet pilote de collecte et de recyclage des v\u00eatements usag\u00e9s, la F\u00e9d\u00e9ration tunisienne du textile et de l\u2019habillement et la startup Colibris posent la premi\u00e8re pierre d\u2019une transformation devenue incontournable. Sous la pression des march\u00e9s, des normes environnementales et de l\u2019accumulation des d\u00e9chets, la fili\u00e8re textile tunisienne n\u2019a d\u00e9sormais plus d\u2019alternative [&hellip;]<\/p>\n","protected":false},"author":4782,"featured_media":391162,"comment_status":"closed","ping_status":"closed","sticky":false,"template":"","format":"standard","meta":{"footnotes":""},"categories":[44],"tags":[9291,7286,2608],"class_list":["post-391159","post","type-post","status-publish","format-standard","has-post-thumbnail","hentry","category-national","tag-recyclage","tag-textile","tag-tunisie"],"yoast_head":"<!-- This site is optimized with the Yoast SEO Premium plugin v27.4 (Yoast SEO v27.5) - https:\/\/yoast.com\/product\/yoast-seo-premium-wordpress\/ -->\n<title>Textile : La Tunisie contrainte d\u2019entrer dans l\u2019\u00e8re du recyclage pour sauver sa comp\u00e9titivit\u00e9 - webdo<\/title>\n<meta name=\"description\" content=\"D\u00e9couvrez comment la Tunisie se tourne vers le recyclage pour am\u00e9liorer la comp\u00e9titivit\u00e9 du textile face aux d\u00e9fis environnementaux.\" \/>\n<link rel=\"canonical\" href=\"https:\/\/www.webdo.tn\/fr\/actualite\/national\/textile-la-tunisie-contrainte-dentrer-dans-lere-du-recyclage-pour-sauver-sa-competitivite\/391159\/\" \/>\n<meta property=\"og:locale\" content=\"fr_FR\" \/>\n<meta property=\"og:type\" content=\"article\" \/>\n<meta property=\"og:title\" content=\"Textile : La Tunisie contrainte d\u2019entrer dans l\u2019\u00e8re du recyclage pour sauver sa comp\u00e9titivit\u00e9\" \/>\n<meta property=\"og:description\" content=\"D\u00e9couvrez comment la Tunisie se tourne vers le recyclage pour am\u00e9liorer la comp\u00e9titivit\u00e9 du textile face aux d\u00e9fis environnementaux.\" \/>\n<meta property=\"og:url\" content=\"https:\/\/www.webdo.tn\/fr\/actualite\/national\/textile-la-tunisie-contrainte-dentrer-dans-lere-du-recyclage-pour-sauver-sa-competitivite\/391159\/\" \/>\n<meta property=\"og:site_name\" content=\"webdo\" \/>\n<meta property=\"article:publisher\" content=\"https:\/\/www.facebook.com\/webdotn\" \/>\n<meta property=\"article:published_time\" content=\"2026-01-12T11:09:41+00:00\" \/>\n<meta property=\"article:modified_time\" content=\"2026-01-12T11:09:44+00:00\" \/>\n<meta property=\"og:image\" content=\"https:\/\/www.webdo.tn\/fr\/wp-content\/uploads\/2026\/01\/Colibris.jpg\" \/>\n\t<meta property=\"og:image:width\" content=\"1200\" \/>\n\t<meta property=\"og:image:height\" content=\"600\" \/>\n\t<meta property=\"og:image:type\" content=\"image\/jpeg\" \/>\n<meta name=\"author\" content=\"Mohamed Fethi\" \/>\n<meta name=\"twitter:card\" content=\"summary_large_image\" \/>\n<meta name=\"twitter:creator\" content=\"@webdo_tn\" \/>\n<meta name=\"twitter:site\" content=\"@webdo_tn\" \/>\n<meta name=\"twitter:label1\" content=\"\u00c9crit par\" \/>\n\t<meta name=\"twitter:data1\" content=\"Mohamed Fethi\" \/>\n\t<meta name=\"twitter:label2\" content=\"Dur\u00e9e de lecture estim\u00e9e\" \/>\n\t<meta name=\"twitter:data2\" content=\"3 minutes\" \/>\n<script type=\"application\/ld+json\" class=\"yoast-schema-graph\">{\"@context\":\"https:\\\/\\\/schema.org\",\"@graph\":[{\"@type\":\"NewsArticle\",\"@id\":\"https:\\\/\\\/www.webdo.tn\\\/fr\\\/actualite\\\/national\\\/textile-la-tunisie-contrainte-dentrer-dans-lere-du-recyclage-pour-sauver-sa-competitivite\\\/391159\\\/#article\",\"isPartOf\":{\"@id\":\"https:\\\/\\\/www.webdo.tn\\\/fr\\\/actualite\\\/national\\\/textile-la-tunisie-contrainte-dentrer-dans-lere-du-recyclage-pour-sauver-sa-competitivite\\\/391159\\\/\"},\"author\":{\"name\":\"Mohamed Fethi\",\"@id\":\"https:\\\/\\\/www.webdo.tn\\\/fr\\\/#\\\/schema\\\/person\\\/16a4857e77dfc0b610c4c2cadffc9ac4\"},\"headline\":\"Textile : La Tunisie contrainte d\u2019entrer dans l\u2019\u00e8re du recyclage pour sauver sa comp\u00e9titivit\u00e9\",\"datePublished\":\"2026-01-12T11:09:41+00:00\",\"dateModified\":\"2026-01-12T11:09:44+00:00\",\"mainEntityOfPage\":{\"@id\":\"https:\\\/\\\/www.webdo.tn\\\/fr\\\/actualite\\\/national\\\/textile-la-tunisie-contrainte-dentrer-dans-lere-du-recyclage-pour-sauver-sa-competitivite\\\/391159\\\/\"},\"wordCount\":659,\"publisher\":{\"@id\":\"https:\\\/\\\/www.webdo.tn\\\/fr\\\/#organization\"},\"image\":{\"@id\":\"https:\\\/\\\/www.webdo.tn\\\/fr\\\/actualite\\\/national\\\/textile-la-tunisie-contrainte-dentrer-dans-lere-du-recyclage-pour-sauver-sa-competitivite\\\/391159\\\/#primaryimage\"},\"thumbnailUrl\":\"https:\\\/\\\/www.webdo.tn\\\/fr\\\/wp-content\\\/uploads\\\/2026\\\/01\\\/Colibris.jpg\",\"keywords\":[\"recyclage\",\"textile\",\"Tunisie\"],\"articleSection\":[\"National\"],\"inLanguage\":\"fr-FR\"},{\"@type\":\"WebPage\",\"@id\":\"https:\\\/\\\/www.webdo.tn\\\/fr\\\/actualite\\\/national\\\/textile-la-tunisie-contrainte-dentrer-dans-lere-du-recyclage-pour-sauver-sa-competitivite\\\/391159\\\/\",\"url\":\"https:\\\/\\\/www.webdo.tn\\\/fr\\\/actualite\\\/national\\\/textile-la-tunisie-contrainte-dentrer-dans-lere-du-recyclage-pour-sauver-sa-competitivite\\\/391159\\\/\",\"name\":\"Textile : La Tunisie contrainte d\u2019entrer dans l\u2019\u00e8re du recyclage pour sauver sa comp\u00e9titivit\u00e9 - webdo\",\"isPartOf\":{\"@id\":\"https:\\\/\\\/www.webdo.tn\\\/fr\\\/#website\"},\"primaryImageOfPage\":{\"@id\":\"https:\\\/\\\/www.webdo.tn\\\/fr\\\/actualite\\\/national\\\/textile-la-tunisie-contrainte-dentrer-dans-lere-du-recyclage-pour-sauver-sa-competitivite\\\/391159\\\/#primaryimage\"},\"image\":{\"@id\":\"https:\\\/\\\/www.webdo.tn\\\/fr\\\/actualite\\\/national\\\/textile-la-tunisie-contrainte-dentrer-dans-lere-du-recyclage-pour-sauver-sa-competitivite\\\/391159\\\/#primaryimage\"},\"thumbnailUrl\":\"https:\\\/\\\/www.webdo.tn\\\/fr\\\/wp-content\\\/uploads\\\/2026\\\/01\\\/Colibris.jpg\",\"datePublished\":\"2026-01-12T11:09:41+00:00\",\"dateModified\":\"2026-01-12T11:09:44+00:00\",\"description\":\"D\u00e9couvrez comment la Tunisie se tourne vers le recyclage pour am\u00e9liorer la comp\u00e9titivit\u00e9 du textile face aux d\u00e9fis environnementaux.\",\"breadcrumb\":{\"@id\":\"https:\\\/\\\/www.webdo.tn\\\/fr\\\/actualite\\\/national\\\/textile-la-tunisie-contrainte-dentrer-dans-lere-du-recyclage-pour-sauver-sa-competitivite\\\/391159\\\/#breadcrumb\"},\"inLanguage\":\"fr-FR\",\"potentialAction\":[{\"@type\":\"ReadAction\",\"target\":[\"https:\\\/\\\/www.webdo.tn\\\/fr\\\/actualite\\\/national\\\/textile-la-tunisie-contrainte-dentrer-dans-lere-du-recyclage-pour-sauver-sa-competitivite\\\/391159\\\/\"]}]},{\"@type\":\"ImageObject\",\"inLanguage\":\"fr-FR\",\"@id\":\"https:\\\/\\\/www.webdo.tn\\\/fr\\\/actualite\\\/national\\\/textile-la-tunisie-contrainte-dentrer-dans-lere-du-recyclage-pour-sauver-sa-competitivite\\\/391159\\\/#primaryimage\",\"url\":\"https:\\\/\\\/www.webdo.tn\\\/fr\\\/wp-content\\\/uploads\\\/2026\\\/01\\\/Colibris.jpg\",\"contentUrl\":\"https:\\\/\\\/www.webdo.tn\\\/fr\\\/wp-content\\\/uploads\\\/2026\\\/01\\\/Colibris.jpg\",\"width\":1200,\"height\":600,\"caption\":\"Textile : La Tunisie contrainte d\u2019entrer dans l\u2019\u00e8re du recyclage pour sauver sa comp\u00e9titivit\u00e9\"},{\"@type\":\"BreadcrumbList\",\"@id\":\"https:\\\/\\\/www.webdo.tn\\\/fr\\\/actualite\\\/national\\\/textile-la-tunisie-contrainte-dentrer-dans-lere-du-recyclage-pour-sauver-sa-competitivite\\\/391159\\\/#breadcrumb\",\"itemListElement\":[{\"@type\":\"ListItem\",\"position\":1,\"name\":\"Accueil\",\"item\":\"https:\\\/\\\/www.webdo.tn\\\/fr\\\/\"},{\"@type\":\"ListItem\",\"position\":2,\"name\":\"Textile : La Tunisie contrainte d\u2019entrer dans l\u2019\u00e8re du recyclage pour sauver sa comp\u00e9titivit\u00e9\"}]},{\"@type\":\"WebSite\",\"@id\":\"https:\\\/\\\/www.webdo.tn\\\/fr\\\/#website\",\"url\":\"https:\\\/\\\/www.webdo.tn\\\/fr\\\/\",\"name\":\"webdo\",\"description\":\"Tunisie - News en Tunisie et \u00e0 l&#039;international sur Webdo.tn\",\"publisher\":{\"@id\":\"https:\\\/\\\/www.webdo.tn\\\/fr\\\/#organization\"},\"potentialAction\":[{\"@type\":\"SearchAction\",\"target\":{\"@type\":\"EntryPoint\",\"urlTemplate\":\"https:\\\/\\\/www.webdo.tn\\\/fr\\\/?s={search_term_string}\"},\"query-input\":{\"@type\":\"PropertyValueSpecification\",\"valueRequired\":true,\"valueName\":\"search_term_string\"}}],\"inLanguage\":\"fr-FR\"},{\"@type\":\"Organization\",\"@id\":\"https:\\\/\\\/www.webdo.tn\\\/fr\\\/#organization\",\"name\":\"Webdo\",\"alternateName\":\"Webdo.tn\",\"url\":\"https:\\\/\\\/www.webdo.tn\\\/fr\\\/\",\"logo\":{\"@type\":\"ImageObject\",\"inLanguage\":\"fr-FR\",\"@id\":\"https:\\\/\\\/www.webdo.tn\\\/fr\\\/#\\\/schema\\\/logo\\\/image\\\/\",\"url\":\"https:\\\/\\\/www.webdo.tn\\\/fr\\\/wp-content\\\/uploads\\\/2025\\\/06\\\/Webdo-Tunisie_168377.jpg\",\"contentUrl\":\"https:\\\/\\\/www.webdo.tn\\\/fr\\\/wp-content\\\/uploads\\\/2025\\\/06\\\/Webdo-Tunisie_168377.jpg\",\"width\":301,\"height\":301,\"caption\":\"Webdo\"},\"image\":{\"@id\":\"https:\\\/\\\/www.webdo.tn\\\/fr\\\/#\\\/schema\\\/logo\\\/image\\\/\"},\"sameAs\":[\"https:\\\/\\\/www.facebook.com\\\/webdotn\",\"https:\\\/\\\/x.com\\\/webdo_tn\"],\"description\":\"Webdo est un m\u00e9dia num\u00e9rique tunisien fond\u00e9 en 2010, sp\u00e9cialis\u00e9 dans l\u2019actualit\u00e9 nationale et internationale, l\u2019\u00e9conomie, la soci\u00e9t\u00e9 et les analyses politiques. Le site s\u2019adresse \u00e0 un large public francophone et couvre l\u2019information tunisienne en temps r\u00e9el.\",\"email\":\"redac@webdo.tn\",\"legalName\":\"YNJ SARL\",\"foundingDate\":\"2010-09-06\",\"numberOfEmployees\":{\"@type\":\"QuantitativeValue\",\"minValue\":\"11\",\"maxValue\":\"50\"}},{\"@type\":\"Person\",\"@id\":\"https:\\\/\\\/www.webdo.tn\\\/fr\\\/#\\\/schema\\\/person\\\/16a4857e77dfc0b610c4c2cadffc9ac4\",\"name\":\"Mohamed Fethi\",\"image\":{\"@type\":\"ImageObject\",\"inLanguage\":\"fr-FR\",\"@id\":\"https:\\\/\\\/www.webdo.tn\\\/fr\\\/wp-content\\\/uploads\\\/2026\\\/04\\\/mohamed-fethi_avatar_1-96x96.jpg\",\"url\":\"https:\\\/\\\/www.webdo.tn\\\/fr\\\/wp-content\\\/uploads\\\/2026\\\/04\\\/mohamed-fethi_avatar_1-96x96.jpg\",\"contentUrl\":\"https:\\\/\\\/www.webdo.tn\\\/fr\\\/wp-content\\\/uploads\\\/2026\\\/04\\\/mohamed-fethi_avatar_1-96x96.jpg\",\"caption\":\"Mohamed Fethi\"},\"description\":\"Signature \u00e9ditoriale de Maher Chaabane Mohamed Fethi est le pseudonyme \u00e9ditorial de Maher Chaabane, r\u00e9dacteur en chef de Webdo.tn depuis 2012. Cette signature est d\u00e9di\u00e9e au traitement intensif de l'actualit\u00e9 nationale et internationale en temps r\u00e9el. S'appuyant sur les deux d\u00e9cennies d'expertise journalistique de Maher Chaabane \u2014 d\u00e9but\u00e9e au sein du groupe Tunis Hebdo en 2000 \u2014 Mohamed Fethi assure une veille rigoureuse sur les enjeux politiques, \u00e9conomiques et sportifs. Sa mission est de garantir une information structur\u00e9e, fluide et fid\u00e8le aux standards de la r\u00e9daction. Pour consulter le parcours complet du r\u00e9dacteur en chef, visitez le profil officiel de Maher Chaabane.\",\"knowsAbout\":[\"actualit\u00e9\",\"journalisme\",\"information\",\"politique\",\"sport\",\"m\u00e9dias\",\"actualit\u00e9 internationale\"],\"knowsLanguage\":[\"Fran\u00e7ais\",\"Arabe\"],\"jobTitle\":\"Journaliste \u2013 R\u00e9daction Webdo\",\"worksFor\":\"Webdo.tn\",\"url\":\"https:\\\/\\\/www.webdo.tn\\\/fr\\\/actualite\\\/author\\\/mohamed-fethi\\\/\"}]}<\/script>\n<!-- \/ Yoast SEO Premium plugin. -->","yoast_head_json":{"title":"Textile : La Tunisie contrainte d\u2019entrer dans l\u2019\u00e8re du recyclage pour sauver sa comp\u00e9titivit\u00e9 - webdo","description":"D\u00e9couvrez comment la Tunisie se tourne vers le recyclage pour am\u00e9liorer la comp\u00e9titivit\u00e9 du textile face aux d\u00e9fis environnementaux.","canonical":"https:\/\/www.webdo.tn\/fr\/actualite\/national\/textile-la-tunisie-contrainte-dentrer-dans-lere-du-recyclage-pour-sauver-sa-competitivite\/391159\/","og_locale":"fr_FR","og_type":"article","og_title":"Textile : La Tunisie contrainte d\u2019entrer dans l\u2019\u00e8re du recyclage pour sauver sa comp\u00e9titivit\u00e9","og_description":"D\u00e9couvrez comment la Tunisie se tourne vers le recyclage pour am\u00e9liorer la comp\u00e9titivit\u00e9 du textile face aux d\u00e9fis environnementaux.","og_url":"https:\/\/www.webdo.tn\/fr\/actualite\/national\/textile-la-tunisie-contrainte-dentrer-dans-lere-du-recyclage-pour-sauver-sa-competitivite\/391159\/","og_site_name":"webdo","article_publisher":"https:\/\/www.facebook.com\/webdotn","article_published_time":"2026-01-12T11:09:41+00:00","article_modified_time":"2026-01-12T11:09:44+00:00","og_image":[{"width":1200,"height":600,"url":"https:\/\/www.webdo.tn\/fr\/wp-content\/uploads\/2026\/01\/Colibris.jpg","type":"image\/jpeg"}],"author":"Mohamed Fethi","twitter_card":"summary_large_image","twitter_creator":"@webdo_tn","twitter_site":"@webdo_tn","twitter_misc":{"\u00c9crit par":"Mohamed Fethi","Dur\u00e9e de lecture estim\u00e9e":"3 minutes"},"schema":{"@context":"https:\/\/schema.org","@graph":[{"@type":"NewsArticle","@id":"https:\/\/www.webdo.tn\/fr\/actualite\/national\/textile-la-tunisie-contrainte-dentrer-dans-lere-du-recyclage-pour-sauver-sa-competitivite\/391159\/#article","isPartOf":{"@id":"https:\/\/www.webdo.tn\/fr\/actualite\/national\/textile-la-tunisie-contrainte-dentrer-dans-lere-du-recyclage-pour-sauver-sa-competitivite\/391159\/"},"author":{"name":"Mohamed Fethi","@id":"https:\/\/www.webdo.tn\/fr\/#\/schema\/person\/16a4857e77dfc0b610c4c2cadffc9ac4"},"headline":"Textile : La Tunisie contrainte d\u2019entrer dans l\u2019\u00e8re du recyclage pour sauver sa comp\u00e9titivit\u00e9","datePublished":"2026-01-12T11:09:41+00:00","dateModified":"2026-01-12T11:09:44+00:00","mainEntityOfPage":{"@id":"https:\/\/www.webdo.tn\/fr\/actualite\/national\/textile-la-tunisie-contrainte-dentrer-dans-lere-du-recyclage-pour-sauver-sa-competitivite\/391159\/"},"wordCount":659,"publisher":{"@id":"https:\/\/www.webdo.tn\/fr\/#organization"},"image":{"@id":"https:\/\/www.webdo.tn\/fr\/actualite\/national\/textile-la-tunisie-contrainte-dentrer-dans-lere-du-recyclage-pour-sauver-sa-competitivite\/391159\/#primaryimage"},"thumbnailUrl":"https:\/\/www.webdo.tn\/fr\/wp-content\/uploads\/2026\/01\/Colibris.jpg","keywords":["recyclage","textile","Tunisie"],"articleSection":["National"],"inLanguage":"fr-FR"},{"@type":"WebPage","@id":"https:\/\/www.webdo.tn\/fr\/actualite\/national\/textile-la-tunisie-contrainte-dentrer-dans-lere-du-recyclage-pour-sauver-sa-competitivite\/391159\/","url":"https:\/\/www.webdo.tn\/fr\/actualite\/national\/textile-la-tunisie-contrainte-dentrer-dans-lere-du-recyclage-pour-sauver-sa-competitivite\/391159\/","name":"Textile : La Tunisie contrainte d\u2019entrer dans l\u2019\u00e8re du recyclage pour sauver sa comp\u00e9titivit\u00e9 - webdo","isPartOf":{"@id":"https:\/\/www.webdo.tn\/fr\/#website"},"primaryImageOfPage":{"@id":"https:\/\/www.webdo.tn\/fr\/actualite\/national\/textile-la-tunisie-contrainte-dentrer-dans-lere-du-recyclage-pour-sauver-sa-competitivite\/391159\/#primaryimage"},"image":{"@id":"https:\/\/www.webdo.tn\/fr\/actualite\/national\/textile-la-tunisie-contrainte-dentrer-dans-lere-du-recyclage-pour-sauver-sa-competitivite\/391159\/#primaryimage"},"thumbnailUrl":"https:\/\/www.webdo.tn\/fr\/wp-content\/uploads\/2026\/01\/Colibris.jpg","datePublished":"2026-01-12T11:09:41+00:00","dateModified":"2026-01-12T11:09:44+00:00","description":"D\u00e9couvrez comment la Tunisie se tourne vers le recyclage pour am\u00e9liorer la comp\u00e9titivit\u00e9 du textile face aux d\u00e9fis environnementaux.","breadcrumb":{"@id":"https:\/\/www.webdo.tn\/fr\/actualite\/national\/textile-la-tunisie-contrainte-dentrer-dans-lere-du-recyclage-pour-sauver-sa-competitivite\/391159\/#breadcrumb"},"inLanguage":"fr-FR","potentialAction":[{"@type":"ReadAction","target":["https:\/\/www.webdo.tn\/fr\/actualite\/national\/textile-la-tunisie-contrainte-dentrer-dans-lere-du-recyclage-pour-sauver-sa-competitivite\/391159\/"]}]},{"@type":"ImageObject","inLanguage":"fr-FR","@id":"https:\/\/www.webdo.tn\/fr\/actualite\/national\/textile-la-tunisie-contrainte-dentrer-dans-lere-du-recyclage-pour-sauver-sa-competitivite\/391159\/#primaryimage","url":"https:\/\/www.webdo.tn\/fr\/wp-content\/uploads\/2026\/01\/Colibris.jpg","contentUrl":"https:\/\/www.webdo.tn\/fr\/wp-content\/uploads\/2026\/01\/Colibris.jpg","width":1200,"height":600,"caption":"Textile : La Tunisie contrainte d\u2019entrer dans l\u2019\u00e8re du recyclage pour sauver sa comp\u00e9titivit\u00e9"},{"@type":"BreadcrumbList","@id":"https:\/\/www.webdo.tn\/fr\/actualite\/national\/textile-la-tunisie-contrainte-dentrer-dans-lere-du-recyclage-pour-sauver-sa-competitivite\/391159\/#breadcrumb","itemListElement":[{"@type":"ListItem","position":1,"name":"Accueil","item":"https:\/\/www.webdo.tn\/fr\/"},{"@type":"ListItem","position":2,"name":"Textile : La Tunisie contrainte d\u2019entrer dans l\u2019\u00e8re du recyclage pour sauver sa comp\u00e9titivit\u00e9"}]},{"@type":"WebSite","@id":"https:\/\/www.webdo.tn\/fr\/#website","url":"https:\/\/www.webdo.tn\/fr\/","name":"webdo","description":"Tunisie - News en Tunisie et \u00e0 l&#039;international sur Webdo.tn","publisher":{"@id":"https:\/\/www.webdo.tn\/fr\/#organization"},"potentialAction":[{"@type":"SearchAction","target":{"@type":"EntryPoint","urlTemplate":"https:\/\/www.webdo.tn\/fr\/?s={search_term_string}"},"query-input":{"@type":"PropertyValueSpecification","valueRequired":true,"valueName":"search_term_string"}}],"inLanguage":"fr-FR"},{"@type":"Organization","@id":"https:\/\/www.webdo.tn\/fr\/#organization","name":"Webdo","alternateName":"Webdo.tn","url":"https:\/\/www.webdo.tn\/fr\/","logo":{"@type":"ImageObject","inLanguage":"fr-FR","@id":"https:\/\/www.webdo.tn\/fr\/#\/schema\/logo\/image\/","url":"https:\/\/www.webdo.tn\/fr\/wp-content\/uploads\/2025\/06\/Webdo-Tunisie_168377.jpg","contentUrl":"https:\/\/www.webdo.tn\/fr\/wp-content\/uploads\/2025\/06\/Webdo-Tunisie_168377.jpg","width":301,"height":301,"caption":"Webdo"},"image":{"@id":"https:\/\/www.webdo.tn\/fr\/#\/schema\/logo\/image\/"},"sameAs":["https:\/\/www.facebook.com\/webdotn","https:\/\/x.com\/webdo_tn"],"description":"Webdo est un m\u00e9dia num\u00e9rique tunisien fond\u00e9 en 2010, sp\u00e9cialis\u00e9 dans l\u2019actualit\u00e9 nationale et internationale, l\u2019\u00e9conomie, la soci\u00e9t\u00e9 et les analyses politiques. Le site s\u2019adresse \u00e0 un large public francophone et couvre l\u2019information tunisienne en temps r\u00e9el.","email":"redac@webdo.tn","legalName":"YNJ SARL","foundingDate":"2010-09-06","numberOfEmployees":{"@type":"QuantitativeValue","minValue":"11","maxValue":"50"}},{"@type":"Person","@id":"https:\/\/www.webdo.tn\/fr\/#\/schema\/person\/16a4857e77dfc0b610c4c2cadffc9ac4","name":"Mohamed Fethi","image":{"@type":"ImageObject","inLanguage":"fr-FR","@id":"https:\/\/www.webdo.tn\/fr\/wp-content\/uploads\/2026\/04\/mohamed-fethi_avatar_1-96x96.jpg","url":"https:\/\/www.webdo.tn\/fr\/wp-content\/uploads\/2026\/04\/mohamed-fethi_avatar_1-96x96.jpg","contentUrl":"https:\/\/www.webdo.tn\/fr\/wp-content\/uploads\/2026\/04\/mohamed-fethi_avatar_1-96x96.jpg","caption":"Mohamed Fethi"},"description":"Signature \u00e9ditoriale de Maher Chaabane Mohamed Fethi est le pseudonyme \u00e9ditorial de Maher Chaabane, r\u00e9dacteur en chef de Webdo.tn depuis 2012. Cette signature est d\u00e9di\u00e9e au traitement intensif de l'actualit\u00e9 nationale et internationale en temps r\u00e9el. S'appuyant sur les deux d\u00e9cennies d'expertise journalistique de Maher Chaabane \u2014 d\u00e9but\u00e9e au sein du groupe Tunis Hebdo en 2000 \u2014 Mohamed Fethi assure une veille rigoureuse sur les enjeux politiques, \u00e9conomiques et sportifs. Sa mission est de garantir une information structur\u00e9e, fluide et fid\u00e8le aux standards de la r\u00e9daction. Pour consulter le parcours complet du r\u00e9dacteur en chef, visitez le profil officiel de Maher Chaabane.","knowsAbout":["actualit\u00e9","journalisme","information","politique","sport","m\u00e9dias","actualit\u00e9 internationale"],"knowsLanguage":["Fran\u00e7ais","Arabe"],"jobTitle":"Journaliste \u2013 R\u00e9daction Webdo","worksFor":"Webdo.tn","url":"https:\/\/www.webdo.tn\/fr\/actualite\/author\/mohamed-fethi\/"}]}},"_links":{"self":[{"href":"https:\/\/www.webdo.tn\/fr\/wp-json\/wp\/v2\/posts\/391159","targetHints":{"allow":["GET"]}}],"collection":[{"href":"https:\/\/www.webdo.tn\/fr\/wp-json\/wp\/v2\/posts"}],"about":[{"href":"https:\/\/www.webdo.tn\/fr\/wp-json\/wp\/v2\/types\/post"}],"author":[{"embeddable":true,"href":"https:\/\/www.webdo.tn\/fr\/wp-json\/wp\/v2\/users\/4782"}],"replies":[{"embeddable":true,"href":"https:\/\/www.webdo.tn\/fr\/wp-json\/wp\/v2\/comments?post=391159"}],"version-history":[{"count":0,"href":"https:\/\/www.webdo.tn\/fr\/wp-json\/wp\/v2\/posts\/391159\/revisions"}],"wp:featuredmedia":[{"embeddable":true,"href":"https:\/\/www.webdo.tn\/fr\/wp-json\/wp\/v2\/media\/391162"}],"wp:attachment":[{"href":"https:\/\/www.webdo.tn\/fr\/wp-json\/wp\/v2\/media?parent=391159"}],"wp:term":[{"taxonomy":"category","embeddable":true,"href":"https:\/\/www.webdo.tn\/fr\/wp-json\/wp\/v2\/categories?post=391159"},{"taxonomy":"post_tag","embeddable":true,"href":"https:\/\/www.webdo.tn\/fr\/wp-json\/wp\/v2\/tags?post=391159"}],"curies":[{"name":"wp","href":"https:\/\/api.w.org\/{rel}","templated":true}]}}