{"id":391150,"date":"2026-01-12T10:29:25","date_gmt":"2026-01-12T09:29:25","guid":{"rendered":"https:\/\/www.webdo.tn\/fr\/?p=391150"},"modified":"2026-01-12T10:33:59","modified_gmt":"2026-01-12T09:33:59","slug":"kairouan-un-camion-percute-le-mur-dune-ecole-et-provoque-dimportants-degats","status":"publish","type":"post","link":"https:\/\/www.webdo.tn\/fr\/actualite\/regions\/kairouan-un-camion-percute-le-mur-dune-ecole-et-provoque-dimportants-degats\/391150\/","title":{"rendered":"Kairouan : Un camion percute le mur d\u2019une \u00e9cole et provoque d\u2019importants d\u00e9g\u00e2ts"},"content":{"rendered":"\n<p><strong>Une partie du mur de l\u2019\u00e9cole primaire de Za\u00e2frana, dans la d\u00e9l\u00e9gation de Kairouan-Sud, s\u2019est effondr\u00e9e dans la nuit de dimanche \u00e0 lundi apr\u00e8s le d\u00e9rapage d\u2019un camion. L\u2019accident n\u2019a fait aucune victime, mais il ravive les inqui\u00e9tudes des habitants et des parents d\u2019\u00e9l\u00e8ves quant \u00e0 la s\u00e9curit\u00e9 aux abords de l\u2019\u00e9tablissement.<\/strong><\/p>\n\n\n\n<p>L\u2019incident s\u2019est produit dans la nuit de dimanche et lundi, lorsqu\u2019un camion a d\u00e9rap\u00e9 avant de s\u2019\u00e9craser contre le mur de l\u2019\u00e9cole primaire de Za\u00e2frana, relevant de la d\u00e9l\u00e9gation de Kairouan-Sud. Le choc a provoqu\u00e9 l\u2019effondrement partiel de la cl\u00f4ture de l\u2019\u00e9tablissement, occasionnant d\u2019importants d\u00e9g\u00e2ts mat\u00e9riels.<\/p>\n\n\n\n<p>Aucune perte humaine n\u2019est \u00e0 d\u00e9plorer, l\u2019accident \u00e9tant survenu en dehors des heures de classe.<\/p>\n\n\n\n<h2 class=\"wp-block-heading\" id=\"h-une-route-connue-pour-sa-dangerosite\">Une route connue pour sa dangerosit\u00e9<\/h2>\n\n\n\n<p>L\u2019\u00e9cole est situ\u00e9e en bordure de la route nationale n\u00b02 reliant Kairouan \u00e0 Bouhajla, un axe r\u00e9put\u00e9 pour sa circulation dense et pour les nombreux accidents qui s\u2019y sont produits ces derni\u00e8res ann\u00e9es.<\/p>\n\n\n\n<p>Plusieurs riverains et parents d\u2019\u00e9l\u00e8ves estiment que ce nouvel incident \u00e9tait pr\u00e9visible, en l\u2019absence de dispositifs efficaces de ralentissement \u00e0 proximit\u00e9 de l\u2019\u00e9tablissement. Ils appellent notamment \u00e0 l\u2019installation urgente de ralentisseurs et de panneaux de signalisation afin de r\u00e9duire la vitesse des v\u00e9hicules et de limiter les risques.<\/p>\n\n\n\n<h2 class=\"wp-block-heading\" id=\"h-inquietude-des-parents\">Inqui\u00e9tude des parents<\/h2>\n\n\n\n<p>Au-del\u00e0 de l\u2019accident lui-m\u00eame, les parents d\u2019\u00e9l\u00e8ves expriment une inqui\u00e9tude plus large concernant la s\u00e9curit\u00e9 globale de l\u2019\u00e9cole. Ils r\u00e9clament la reconstruction rapide du mur endommag\u00e9, mais aussi la construction d\u2019une cl\u00f4ture du c\u00f4t\u00e9 arri\u00e8re de l\u2019\u00e9tablissement pour mieux prot\u00e9ger les \u00e9l\u00e8ves et l\u2019enceinte scolaire.<\/p>\n\n\n\n<p>Ils demandent \u00e9galement l\u2019affectation d\u2019un agent de surveillance, estimant que l\u2019importance de l\u2019\u00e9tablissement justifie un renforcement des mesures de s\u00e9curit\u00e9.<\/p>\n\n\n\n<p>L\u2019\u00e9cole primaire de Za\u00e2frana accueille actuellement 412 \u00e9l\u00e8ves, encadr\u00e9s par 23 enseignants. Un effectif qui, selon les parents, impose une attention particuli\u00e8re des autorit\u00e9s locales afin d\u2019\u00e9viter qu\u2019un accident similaire ne se produise en pleine journ\u00e9e, avec des cons\u00e9quences potentiellement dramatiques.<\/p>\n\n\n\n<p><\/p>\n\n\n\n<blockquote class=\"wp-block-quote is-layout-flow wp-block-quote-is-layout-flow\">\n<blockquote class=\"wp-block-quote is-layout-flow wp-block-quote-is-layout-flow\">\n<p>Lire aussi :<\/p>\n\n\n\n<ul class=\"wp-block-list\">\n<li><a href=\"https:\/\/www.webdo.tn\/fr\/actualite\/national\/tunisie-moins-daccidents-mais-plus-de-morts-sur-les-routes-en-2025-alerte-lonsr\/389923\/\">Tunisie : Moins d\u2019accidents mais plus de morts sur les routes en 2025, alerte l\u2019ONSR<\/a><\/li>\n\n\n\n<li><a href=\"https:\/\/www.webdo.tn\/fr\/actualite\/national\/tunisie-42-des-accidents-mortels-impliquent-des-motos\/389764\/\">Tunisie : 42% des accidents mortels impliquent des motos<\/a><\/li>\n\n\n\n<li><a href=\"https:\/\/www.webdo.tn\/fr\/actualite\/national\/accidents-de-la-route-en-tunisie-les-jeunes-les-plus-touches\/389518\/\">Accidents de la route en Tunisie : Les jeunes, les plus touch\u00e9s<\/a><\/li>\n<\/ul>\n<\/blockquote>\n<\/blockquote>\n","protected":false},"excerpt":{"rendered":"<p>Une partie du mur de l\u2019\u00e9cole primaire de Za\u00e2frana, dans la d\u00e9l\u00e9gation de Kairouan-Sud, s\u2019est effondr\u00e9e dans la nuit de dimanche \u00e0 lundi apr\u00e8s le d\u00e9rapage d\u2019un camion. L\u2019accident n\u2019a fait aucune victime, mais il ravive les inqui\u00e9tudes des habitants et des parents d\u2019\u00e9l\u00e8ves quant \u00e0 la s\u00e9curit\u00e9 aux abords de l\u2019\u00e9tablissement. L\u2019incident s\u2019est produit [&hellip;]<\/p>\n","protected":false},"author":4782,"featured_media":391151,"comment_status":"closed","ping_status":"closed","sticky":false,"template":"","format":"standard","meta":{"footnotes":""},"categories":[2595],"tags":[6966,2871,3090,3099,2608],"class_list":["post-391150","post","type-post","status-publish","format-standard","has-post-thumbnail","hentry","category-regions","tag-accident-de-la-route","tag-effondrement","tag-kairouan","tag-mur","tag-tunisie"],"yoast_head":"<!-- This site is optimized with the Yoast SEO Premium plugin v27.5 (Yoast SEO v27.5) - https:\/\/yoast.com\/product\/yoast-seo-premium-wordpress\/ -->\n<title>Kairouan : Un camion percute le mur d\u2019une \u00e9cole et provoque d\u2019importants d\u00e9g\u00e2ts - webdo<\/title>\n<meta name=\"description\" content=\"L&#039;accident \u00e0 Kairouan a d\u00e9truit une partie du mur de l\u2019\u00e9cole, ravivant les craintes des parents sur la s\u00e9curit\u00e9 des enfants.\" \/>\n<link rel=\"canonical\" href=\"https:\/\/www.webdo.tn\/fr\/actualite\/regions\/kairouan-un-camion-percute-le-mur-dune-ecole-et-provoque-dimportants-degats\/391150\/\" \/>\n<meta property=\"og:locale\" content=\"fr_FR\" \/>\n<meta property=\"og:type\" content=\"article\" \/>\n<meta property=\"og:title\" content=\"Kairouan : Un camion percute le mur d\u2019une \u00e9cole et provoque d\u2019importants d\u00e9g\u00e2ts\" \/>\n<meta property=\"og:description\" content=\"L&#039;accident \u00e0 Kairouan a d\u00e9truit une partie du mur de l\u2019\u00e9cole, ravivant les craintes des parents sur la s\u00e9curit\u00e9 des enfants.\" \/>\n<meta property=\"og:url\" content=\"https:\/\/www.webdo.tn\/fr\/actualite\/regions\/kairouan-un-camion-percute-le-mur-dune-ecole-et-provoque-dimportants-degats\/391150\/\" \/>\n<meta property=\"og:site_name\" content=\"webdo\" \/>\n<meta property=\"article:publisher\" content=\"https:\/\/www.facebook.com\/webdotn\" \/>\n<meta property=\"article:published_time\" content=\"2026-01-12T09:29:25+00:00\" \/>\n<meta property=\"article:modified_time\" content=\"2026-01-12T09:33:59+00:00\" \/>\n<meta property=\"og:image\" content=\"https:\/\/www.webdo.tn\/fr\/wp-content\/uploads\/2026\/01\/Zaafrana.jpeg\" \/>\n\t<meta property=\"og:image:width\" content=\"1202\" \/>\n\t<meta property=\"og:image:height\" content=\"600\" \/>\n\t<meta property=\"og:image:type\" content=\"image\/jpeg\" \/>\n<meta name=\"author\" content=\"Mohamed Fethi\" \/>\n<meta name=\"twitter:card\" content=\"summary_large_image\" \/>\n<meta name=\"twitter:creator\" content=\"@webdo_tn\" \/>\n<meta name=\"twitter:site\" content=\"@webdo_tn\" \/>\n<meta name=\"twitter:label1\" content=\"\u00c9crit par\" \/>\n\t<meta name=\"twitter:data1\" content=\"Mohamed Fethi\" \/>\n\t<meta name=\"twitter:label2\" content=\"Dur\u00e9e de lecture estim\u00e9e\" \/>\n\t<meta name=\"twitter:data2\" content=\"2 minutes\" \/>\n<script type=\"application\/ld+json\" class=\"yoast-schema-graph\">{\"@context\":\"https:\\\/\\\/schema.org\",\"@graph\":[{\"@type\":\"NewsArticle\",\"@id\":\"https:\\\/\\\/www.webdo.tn\\\/fr\\\/actualite\\\/regions\\\/kairouan-un-camion-percute-le-mur-dune-ecole-et-provoque-dimportants-degats\\\/391150\\\/#article\",\"isPartOf\":{\"@id\":\"https:\\\/\\\/www.webdo.tn\\\/fr\\\/actualite\\\/regions\\\/kairouan-un-camion-percute-le-mur-dune-ecole-et-provoque-dimportants-degats\\\/391150\\\/\"},\"author\":{\"name\":\"Mohamed Fethi\",\"@id\":\"https:\\\/\\\/www.webdo.tn\\\/fr\\\/#\\\/schema\\\/person\\\/16a4857e77dfc0b610c4c2cadffc9ac4\"},\"headline\":\"Kairouan : Un camion percute le mur d\u2019une \u00e9cole et provoque d\u2019importants d\u00e9g\u00e2ts\",\"datePublished\":\"2026-01-12T09:29:25+00:00\",\"dateModified\":\"2026-01-12T09:33:59+00:00\",\"mainEntityOfPage\":{\"@id\":\"https:\\\/\\\/www.webdo.tn\\\/fr\\\/actualite\\\/regions\\\/kairouan-un-camion-percute-le-mur-dune-ecole-et-provoque-dimportants-degats\\\/391150\\\/\"},\"wordCount\":434,\"publisher\":{\"@id\":\"https:\\\/\\\/www.webdo.tn\\\/fr\\\/#organization\"},\"image\":{\"@id\":\"https:\\\/\\\/www.webdo.tn\\\/fr\\\/actualite\\\/regions\\\/kairouan-un-camion-percute-le-mur-dune-ecole-et-provoque-dimportants-degats\\\/391150\\\/#primaryimage\"},\"thumbnailUrl\":\"https:\\\/\\\/www.webdo.tn\\\/fr\\\/wp-content\\\/uploads\\\/2026\\\/01\\\/Zaafrana.jpeg\",\"keywords\":[\"accident de la route\",\"effondrement\",\"Kairouan\",\"mur\",\"Tunisie\"],\"articleSection\":[\"regions\"],\"inLanguage\":\"fr-FR\"},{\"@type\":\"WebPage\",\"@id\":\"https:\\\/\\\/www.webdo.tn\\\/fr\\\/actualite\\\/regions\\\/kairouan-un-camion-percute-le-mur-dune-ecole-et-provoque-dimportants-degats\\\/391150\\\/\",\"url\":\"https:\\\/\\\/www.webdo.tn\\\/fr\\\/actualite\\\/regions\\\/kairouan-un-camion-percute-le-mur-dune-ecole-et-provoque-dimportants-degats\\\/391150\\\/\",\"name\":\"Kairouan : Un camion percute le mur d\u2019une \u00e9cole et provoque d\u2019importants d\u00e9g\u00e2ts - webdo\",\"isPartOf\":{\"@id\":\"https:\\\/\\\/www.webdo.tn\\\/fr\\\/#website\"},\"primaryImageOfPage\":{\"@id\":\"https:\\\/\\\/www.webdo.tn\\\/fr\\\/actualite\\\/regions\\\/kairouan-un-camion-percute-le-mur-dune-ecole-et-provoque-dimportants-degats\\\/391150\\\/#primaryimage\"},\"image\":{\"@id\":\"https:\\\/\\\/www.webdo.tn\\\/fr\\\/actualite\\\/regions\\\/kairouan-un-camion-percute-le-mur-dune-ecole-et-provoque-dimportants-degats\\\/391150\\\/#primaryimage\"},\"thumbnailUrl\":\"https:\\\/\\\/www.webdo.tn\\\/fr\\\/wp-content\\\/uploads\\\/2026\\\/01\\\/Zaafrana.jpeg\",\"datePublished\":\"2026-01-12T09:29:25+00:00\",\"dateModified\":\"2026-01-12T09:33:59+00:00\",\"description\":\"L'accident \u00e0 Kairouan a d\u00e9truit une partie du mur de l\u2019\u00e9cole, ravivant les craintes des parents sur la s\u00e9curit\u00e9 des enfants.\",\"breadcrumb\":{\"@id\":\"https:\\\/\\\/www.webdo.tn\\\/fr\\\/actualite\\\/regions\\\/kairouan-un-camion-percute-le-mur-dune-ecole-et-provoque-dimportants-degats\\\/391150\\\/#breadcrumb\"},\"inLanguage\":\"fr-FR\",\"potentialAction\":[{\"@type\":\"ReadAction\",\"target\":[\"https:\\\/\\\/www.webdo.tn\\\/fr\\\/actualite\\\/regions\\\/kairouan-un-camion-percute-le-mur-dune-ecole-et-provoque-dimportants-degats\\\/391150\\\/\"]}]},{\"@type\":\"ImageObject\",\"inLanguage\":\"fr-FR\",\"@id\":\"https:\\\/\\\/www.webdo.tn\\\/fr\\\/actualite\\\/regions\\\/kairouan-un-camion-percute-le-mur-dune-ecole-et-provoque-dimportants-degats\\\/391150\\\/#primaryimage\",\"url\":\"https:\\\/\\\/www.webdo.tn\\\/fr\\\/wp-content\\\/uploads\\\/2026\\\/01\\\/Zaafrana.jpeg\",\"contentUrl\":\"https:\\\/\\\/www.webdo.tn\\\/fr\\\/wp-content\\\/uploads\\\/2026\\\/01\\\/Zaafrana.jpeg\",\"width\":1202,\"height\":600,\"caption\":\"Kairouan : Un camion percute le mur d\u2019une \u00e9cole et provoque d\u2019importants d\u00e9g\u00e2ts\"},{\"@type\":\"BreadcrumbList\",\"@id\":\"https:\\\/\\\/www.webdo.tn\\\/fr\\\/actualite\\\/regions\\\/kairouan-un-camion-percute-le-mur-dune-ecole-et-provoque-dimportants-degats\\\/391150\\\/#breadcrumb\",\"itemListElement\":[{\"@type\":\"ListItem\",\"position\":1,\"name\":\"Accueil\",\"item\":\"https:\\\/\\\/www.webdo.tn\\\/fr\\\/\"},{\"@type\":\"ListItem\",\"position\":2,\"name\":\"Kairouan : Un camion percute le mur d\u2019une \u00e9cole et provoque d\u2019importants d\u00e9g\u00e2ts\"}]},{\"@type\":\"WebSite\",\"@id\":\"https:\\\/\\\/www.webdo.tn\\\/fr\\\/#website\",\"url\":\"https:\\\/\\\/www.webdo.tn\\\/fr\\\/\",\"name\":\"webdo\",\"description\":\"Tunisie - News en Tunisie et \u00e0 l&#039;international sur Webdo.tn\",\"publisher\":{\"@id\":\"https:\\\/\\\/www.webdo.tn\\\/fr\\\/#organization\"},\"potentialAction\":[{\"@type\":\"SearchAction\",\"target\":{\"@type\":\"EntryPoint\",\"urlTemplate\":\"https:\\\/\\\/www.webdo.tn\\\/fr\\\/?s={search_term_string}\"},\"query-input\":{\"@type\":\"PropertyValueSpecification\",\"valueRequired\":true,\"valueName\":\"search_term_string\"}}],\"inLanguage\":\"fr-FR\"},{\"@type\":\"Organization\",\"@id\":\"https:\\\/\\\/www.webdo.tn\\\/fr\\\/#organization\",\"name\":\"Webdo\",\"alternateName\":\"Webdo.tn\",\"url\":\"https:\\\/\\\/www.webdo.tn\\\/fr\\\/\",\"logo\":{\"@type\":\"ImageObject\",\"inLanguage\":\"fr-FR\",\"@id\":\"https:\\\/\\\/www.webdo.tn\\\/fr\\\/#\\\/schema\\\/logo\\\/image\\\/\",\"url\":\"https:\\\/\\\/www.webdo.tn\\\/fr\\\/wp-content\\\/uploads\\\/2025\\\/06\\\/Webdo-Tunisie_168377.jpg\",\"contentUrl\":\"https:\\\/\\\/www.webdo.tn\\\/fr\\\/wp-content\\\/uploads\\\/2025\\\/06\\\/Webdo-Tunisie_168377.jpg\",\"width\":301,\"height\":301,\"caption\":\"Webdo\"},\"image\":{\"@id\":\"https:\\\/\\\/www.webdo.tn\\\/fr\\\/#\\\/schema\\\/logo\\\/image\\\/\"},\"sameAs\":[\"https:\\\/\\\/www.facebook.com\\\/webdotn\",\"https:\\\/\\\/x.com\\\/webdo_tn\"],\"description\":\"Webdo est un m\u00e9dia num\u00e9rique tunisien fond\u00e9 en 2010, sp\u00e9cialis\u00e9 dans l\u2019actualit\u00e9 nationale et internationale, l\u2019\u00e9conomie, la soci\u00e9t\u00e9 et les analyses politiques. Le site s\u2019adresse \u00e0 un large public francophone et couvre l\u2019information tunisienne en temps r\u00e9el.\",\"email\":\"redac@webdo.tn\",\"legalName\":\"YNJ SARL\",\"foundingDate\":\"2010-09-06\",\"numberOfEmployees\":{\"@type\":\"QuantitativeValue\",\"minValue\":\"11\",\"maxValue\":\"50\"}},{\"@type\":\"Person\",\"@id\":\"https:\\\/\\\/www.webdo.tn\\\/fr\\\/#\\\/schema\\\/person\\\/16a4857e77dfc0b610c4c2cadffc9ac4\",\"name\":\"Mohamed Fethi\",\"image\":{\"@type\":\"ImageObject\",\"inLanguage\":\"fr-FR\",\"@id\":\"https:\\\/\\\/www.webdo.tn\\\/fr\\\/wp-content\\\/uploads\\\/2026\\\/04\\\/mohamed-fethi_avatar_1-96x96.jpg\",\"url\":\"https:\\\/\\\/www.webdo.tn\\\/fr\\\/wp-content\\\/uploads\\\/2026\\\/04\\\/mohamed-fethi_avatar_1-96x96.jpg\",\"contentUrl\":\"https:\\\/\\\/www.webdo.tn\\\/fr\\\/wp-content\\\/uploads\\\/2026\\\/04\\\/mohamed-fethi_avatar_1-96x96.jpg\",\"caption\":\"Mohamed Fethi\"},\"description\":\"Signature \u00e9ditoriale de Maher Chaabane Mohamed Fethi est le pseudonyme \u00e9ditorial de Maher Chaabane, r\u00e9dacteur en chef de Webdo.tn depuis 2012. Cette signature est d\u00e9di\u00e9e au traitement intensif de l'actualit\u00e9 nationale et internationale en temps r\u00e9el. S'appuyant sur les deux d\u00e9cennies d'expertise journalistique de Maher Chaabane \u2014 d\u00e9but\u00e9e au sein du groupe Tunis Hebdo en 2000 \u2014 Mohamed Fethi assure une veille rigoureuse sur les enjeux politiques, \u00e9conomiques et sportifs. Sa mission est de garantir une information structur\u00e9e, fluide et fid\u00e8le aux standards de la r\u00e9daction. Pour consulter le parcours complet du r\u00e9dacteur en chef, visitez le profil officiel de Maher Chaabane.\",\"knowsAbout\":[\"actualit\u00e9\",\"journalisme\",\"information\",\"politique\",\"sport\",\"m\u00e9dias\",\"actualit\u00e9 internationale\"],\"knowsLanguage\":[\"Fran\u00e7ais\",\"Arabe\"],\"jobTitle\":\"Journaliste \u2013 R\u00e9daction Webdo\",\"worksFor\":\"Webdo.tn\",\"url\":\"https:\\\/\\\/www.webdo.tn\\\/fr\\\/actualite\\\/author\\\/mohamed-fethi\\\/\"}]}<\/script>\n<!-- \/ Yoast SEO Premium plugin. -->","yoast_head_json":{"title":"Kairouan : Un camion percute le mur d\u2019une \u00e9cole et provoque d\u2019importants d\u00e9g\u00e2ts - webdo","description":"L'accident \u00e0 Kairouan a d\u00e9truit une partie du mur de l\u2019\u00e9cole, ravivant les craintes des parents sur la s\u00e9curit\u00e9 des enfants.","canonical":"https:\/\/www.webdo.tn\/fr\/actualite\/regions\/kairouan-un-camion-percute-le-mur-dune-ecole-et-provoque-dimportants-degats\/391150\/","og_locale":"fr_FR","og_type":"article","og_title":"Kairouan : Un camion percute le mur d\u2019une \u00e9cole et provoque d\u2019importants d\u00e9g\u00e2ts","og_description":"L'accident \u00e0 Kairouan a d\u00e9truit une partie du mur de l\u2019\u00e9cole, ravivant les craintes des parents sur la s\u00e9curit\u00e9 des enfants.","og_url":"https:\/\/www.webdo.tn\/fr\/actualite\/regions\/kairouan-un-camion-percute-le-mur-dune-ecole-et-provoque-dimportants-degats\/391150\/","og_site_name":"webdo","article_publisher":"https:\/\/www.facebook.com\/webdotn","article_published_time":"2026-01-12T09:29:25+00:00","article_modified_time":"2026-01-12T09:33:59+00:00","og_image":[{"width":1202,"height":600,"url":"https:\/\/www.webdo.tn\/fr\/wp-content\/uploads\/2026\/01\/Zaafrana.jpeg","type":"image\/jpeg"}],"author":"Mohamed Fethi","twitter_card":"summary_large_image","twitter_creator":"@webdo_tn","twitter_site":"@webdo_tn","twitter_misc":{"\u00c9crit par":"Mohamed Fethi","Dur\u00e9e de lecture estim\u00e9e":"2 minutes"},"schema":{"@context":"https:\/\/schema.org","@graph":[{"@type":"NewsArticle","@id":"https:\/\/www.webdo.tn\/fr\/actualite\/regions\/kairouan-un-camion-percute-le-mur-dune-ecole-et-provoque-dimportants-degats\/391150\/#article","isPartOf":{"@id":"https:\/\/www.webdo.tn\/fr\/actualite\/regions\/kairouan-un-camion-percute-le-mur-dune-ecole-et-provoque-dimportants-degats\/391150\/"},"author":{"name":"Mohamed Fethi","@id":"https:\/\/www.webdo.tn\/fr\/#\/schema\/person\/16a4857e77dfc0b610c4c2cadffc9ac4"},"headline":"Kairouan : Un camion percute le mur d\u2019une \u00e9cole et provoque d\u2019importants d\u00e9g\u00e2ts","datePublished":"2026-01-12T09:29:25+00:00","dateModified":"2026-01-12T09:33:59+00:00","mainEntityOfPage":{"@id":"https:\/\/www.webdo.tn\/fr\/actualite\/regions\/kairouan-un-camion-percute-le-mur-dune-ecole-et-provoque-dimportants-degats\/391150\/"},"wordCount":434,"publisher":{"@id":"https:\/\/www.webdo.tn\/fr\/#organization"},"image":{"@id":"https:\/\/www.webdo.tn\/fr\/actualite\/regions\/kairouan-un-camion-percute-le-mur-dune-ecole-et-provoque-dimportants-degats\/391150\/#primaryimage"},"thumbnailUrl":"https:\/\/www.webdo.tn\/fr\/wp-content\/uploads\/2026\/01\/Zaafrana.jpeg","keywords":["accident de la route","effondrement","Kairouan","mur","Tunisie"],"articleSection":["regions"],"inLanguage":"fr-FR"},{"@type":"WebPage","@id":"https:\/\/www.webdo.tn\/fr\/actualite\/regions\/kairouan-un-camion-percute-le-mur-dune-ecole-et-provoque-dimportants-degats\/391150\/","url":"https:\/\/www.webdo.tn\/fr\/actualite\/regions\/kairouan-un-camion-percute-le-mur-dune-ecole-et-provoque-dimportants-degats\/391150\/","name":"Kairouan : Un camion percute le mur d\u2019une \u00e9cole et provoque d\u2019importants d\u00e9g\u00e2ts - webdo","isPartOf":{"@id":"https:\/\/www.webdo.tn\/fr\/#website"},"primaryImageOfPage":{"@id":"https:\/\/www.webdo.tn\/fr\/actualite\/regions\/kairouan-un-camion-percute-le-mur-dune-ecole-et-provoque-dimportants-degats\/391150\/#primaryimage"},"image":{"@id":"https:\/\/www.webdo.tn\/fr\/actualite\/regions\/kairouan-un-camion-percute-le-mur-dune-ecole-et-provoque-dimportants-degats\/391150\/#primaryimage"},"thumbnailUrl":"https:\/\/www.webdo.tn\/fr\/wp-content\/uploads\/2026\/01\/Zaafrana.jpeg","datePublished":"2026-01-12T09:29:25+00:00","dateModified":"2026-01-12T09:33:59+00:00","description":"L'accident \u00e0 Kairouan a d\u00e9truit une partie du mur de l\u2019\u00e9cole, ravivant les craintes des parents sur la s\u00e9curit\u00e9 des enfants.","breadcrumb":{"@id":"https:\/\/www.webdo.tn\/fr\/actualite\/regions\/kairouan-un-camion-percute-le-mur-dune-ecole-et-provoque-dimportants-degats\/391150\/#breadcrumb"},"inLanguage":"fr-FR","potentialAction":[{"@type":"ReadAction","target":["https:\/\/www.webdo.tn\/fr\/actualite\/regions\/kairouan-un-camion-percute-le-mur-dune-ecole-et-provoque-dimportants-degats\/391150\/"]}]},{"@type":"ImageObject","inLanguage":"fr-FR","@id":"https:\/\/www.webdo.tn\/fr\/actualite\/regions\/kairouan-un-camion-percute-le-mur-dune-ecole-et-provoque-dimportants-degats\/391150\/#primaryimage","url":"https:\/\/www.webdo.tn\/fr\/wp-content\/uploads\/2026\/01\/Zaafrana.jpeg","contentUrl":"https:\/\/www.webdo.tn\/fr\/wp-content\/uploads\/2026\/01\/Zaafrana.jpeg","width":1202,"height":600,"caption":"Kairouan : Un camion percute le mur d\u2019une \u00e9cole et provoque d\u2019importants d\u00e9g\u00e2ts"},{"@type":"BreadcrumbList","@id":"https:\/\/www.webdo.tn\/fr\/actualite\/regions\/kairouan-un-camion-percute-le-mur-dune-ecole-et-provoque-dimportants-degats\/391150\/#breadcrumb","itemListElement":[{"@type":"ListItem","position":1,"name":"Accueil","item":"https:\/\/www.webdo.tn\/fr\/"},{"@type":"ListItem","position":2,"name":"Kairouan : Un camion percute le mur d\u2019une \u00e9cole et provoque d\u2019importants d\u00e9g\u00e2ts"}]},{"@type":"WebSite","@id":"https:\/\/www.webdo.tn\/fr\/#website","url":"https:\/\/www.webdo.tn\/fr\/","name":"webdo","description":"Tunisie - News en Tunisie et \u00e0 l&#039;international sur Webdo.tn","publisher":{"@id":"https:\/\/www.webdo.tn\/fr\/#organization"},"potentialAction":[{"@type":"SearchAction","target":{"@type":"EntryPoint","urlTemplate":"https:\/\/www.webdo.tn\/fr\/?s={search_term_string}"},"query-input":{"@type":"PropertyValueSpecification","valueRequired":true,"valueName":"search_term_string"}}],"inLanguage":"fr-FR"},{"@type":"Organization","@id":"https:\/\/www.webdo.tn\/fr\/#organization","name":"Webdo","alternateName":"Webdo.tn","url":"https:\/\/www.webdo.tn\/fr\/","logo":{"@type":"ImageObject","inLanguage":"fr-FR","@id":"https:\/\/www.webdo.tn\/fr\/#\/schema\/logo\/image\/","url":"https:\/\/www.webdo.tn\/fr\/wp-content\/uploads\/2025\/06\/Webdo-Tunisie_168377.jpg","contentUrl":"https:\/\/www.webdo.tn\/fr\/wp-content\/uploads\/2025\/06\/Webdo-Tunisie_168377.jpg","width":301,"height":301,"caption":"Webdo"},"image":{"@id":"https:\/\/www.webdo.tn\/fr\/#\/schema\/logo\/image\/"},"sameAs":["https:\/\/www.facebook.com\/webdotn","https:\/\/x.com\/webdo_tn"],"description":"Webdo est un m\u00e9dia num\u00e9rique tunisien fond\u00e9 en 2010, sp\u00e9cialis\u00e9 dans l\u2019actualit\u00e9 nationale et internationale, l\u2019\u00e9conomie, la soci\u00e9t\u00e9 et les analyses politiques. Le site s\u2019adresse \u00e0 un large public francophone et couvre l\u2019information tunisienne en temps r\u00e9el.","email":"redac@webdo.tn","legalName":"YNJ SARL","foundingDate":"2010-09-06","numberOfEmployees":{"@type":"QuantitativeValue","minValue":"11","maxValue":"50"}},{"@type":"Person","@id":"https:\/\/www.webdo.tn\/fr\/#\/schema\/person\/16a4857e77dfc0b610c4c2cadffc9ac4","name":"Mohamed Fethi","image":{"@type":"ImageObject","inLanguage":"fr-FR","@id":"https:\/\/www.webdo.tn\/fr\/wp-content\/uploads\/2026\/04\/mohamed-fethi_avatar_1-96x96.jpg","url":"https:\/\/www.webdo.tn\/fr\/wp-content\/uploads\/2026\/04\/mohamed-fethi_avatar_1-96x96.jpg","contentUrl":"https:\/\/www.webdo.tn\/fr\/wp-content\/uploads\/2026\/04\/mohamed-fethi_avatar_1-96x96.jpg","caption":"Mohamed Fethi"},"description":"Signature \u00e9ditoriale de Maher Chaabane Mohamed Fethi est le pseudonyme \u00e9ditorial de Maher Chaabane, r\u00e9dacteur en chef de Webdo.tn depuis 2012. Cette signature est d\u00e9di\u00e9e au traitement intensif de l'actualit\u00e9 nationale et internationale en temps r\u00e9el. S'appuyant sur les deux d\u00e9cennies d'expertise journalistique de Maher Chaabane \u2014 d\u00e9but\u00e9e au sein du groupe Tunis Hebdo en 2000 \u2014 Mohamed Fethi assure une veille rigoureuse sur les enjeux politiques, \u00e9conomiques et sportifs. Sa mission est de garantir une information structur\u00e9e, fluide et fid\u00e8le aux standards de la r\u00e9daction. Pour consulter le parcours complet du r\u00e9dacteur en chef, visitez le profil officiel de Maher Chaabane.","knowsAbout":["actualit\u00e9","journalisme","information","politique","sport","m\u00e9dias","actualit\u00e9 internationale"],"knowsLanguage":["Fran\u00e7ais","Arabe"],"jobTitle":"Journaliste \u2013 R\u00e9daction Webdo","worksFor":"Webdo.tn","url":"https:\/\/www.webdo.tn\/fr\/actualite\/author\/mohamed-fethi\/"}]}},"_links":{"self":[{"href":"https:\/\/www.webdo.tn\/fr\/wp-json\/wp\/v2\/posts\/391150","targetHints":{"allow":["GET"]}}],"collection":[{"href":"https:\/\/www.webdo.tn\/fr\/wp-json\/wp\/v2\/posts"}],"about":[{"href":"https:\/\/www.webdo.tn\/fr\/wp-json\/wp\/v2\/types\/post"}],"author":[{"embeddable":true,"href":"https:\/\/www.webdo.tn\/fr\/wp-json\/wp\/v2\/users\/4782"}],"replies":[{"embeddable":true,"href":"https:\/\/www.webdo.tn\/fr\/wp-json\/wp\/v2\/comments?post=391150"}],"version-history":[{"count":0,"href":"https:\/\/www.webdo.tn\/fr\/wp-json\/wp\/v2\/posts\/391150\/revisions"}],"wp:featuredmedia":[{"embeddable":true,"href":"https:\/\/www.webdo.tn\/fr\/wp-json\/wp\/v2\/media\/391151"}],"wp:attachment":[{"href":"https:\/\/www.webdo.tn\/fr\/wp-json\/wp\/v2\/media?parent=391150"}],"wp:term":[{"taxonomy":"category","embeddable":true,"href":"https:\/\/www.webdo.tn\/fr\/wp-json\/wp\/v2\/categories?post=391150"},{"taxonomy":"post_tag","embeddable":true,"href":"https:\/\/www.webdo.tn\/fr\/wp-json\/wp\/v2\/tags?post=391150"}],"curies":[{"name":"wp","href":"https:\/\/api.w.org\/{rel}","templated":true}]}}