{"id":391121,"date":"2026-01-11T10:36:56","date_gmt":"2026-01-11T09:36:56","guid":{"rendered":"https:\/\/www.webdo.tn\/fr\/?p=391121"},"modified":"2026-01-11T10:36:57","modified_gmt":"2026-01-11T09:36:57","slug":"ferjani-accelere-le-chantier-du-nouveau-code-de-la-sante","status":"publish","type":"post","link":"https:\/\/www.webdo.tn\/fr\/actualite\/national\/ferjani-accelere-le-chantier-du-nouveau-code-de-la-sante\/391121\/","title":{"rendered":"Ferjani acc\u00e9l\u00e8re le chantier du nouveau Code de la sant\u00e9"},"content":{"rendered":"\n<p>Le ministre de la Sant\u00e9, Mustapha Ferjani, a insist\u00e9, vendredi soir, lors d\u2019une r\u00e9union avec l\u2019\u00e9quipe charg\u00e9e de l\u2019\u00e9laboration du projet de Code de la sant\u00e9, sur la n\u00e9cessit\u00e9 de finaliser ce texte dans les plus brefs d\u00e9lais. Cette d\u00e9marche s\u2019inscrit dans une vision de r\u00e9forme l\u00e9gislative globale visant \u00e0 refonder le cadre juridique du secteur sanitaire autour des principes d\u2019\u00e9quit\u00e9, de qualit\u00e9, de transparence et d\u2019efficacit\u00e9 des services de sant\u00e9.<\/p>\n\n\n\n<p>Selon un communiqu\u00e9 du minist\u00e8re de la Sant\u00e9, ce projet ambitionne de constituer un cadre de r\u00e9f\u00e9rence unifi\u00e9 permettant de regrouper l\u2019ensemble des textes juridiques relatifs \u00e0 la sant\u00e9, aujourd\u2019hui dispers\u00e9s et parfois obsol\u00e8tes. Il s\u2019agit \u00e9galement de les r\u00e9organiser et de les actualiser afin de les adapter aux \u00e9volutions scientifiques et technologiques, tout en tenant compte des attentes croissantes des citoyens et des professionnels du secteur.<\/p>\n\n\n\n<p>Cette initiative intervient dans un contexte marqu\u00e9 par de profondes difficult\u00e9s structurelles du syst\u00e8me de sant\u00e9 tunisien, mises en \u00e9vidence notamment depuis la pand\u00e9mie de Covid-19. Fragmentation des textes r\u00e9glementaires, lenteur des proc\u00e9dures, disparit\u00e9s r\u00e9gionales dans l\u2019acc\u00e8s aux soins et tensions persistantes entre les diff\u00e9rents acteurs du secteur figurent parmi les principaux d\u00e9fis que le futur Code de la sant\u00e9 est cens\u00e9 contribuer \u00e0 r\u00e9sorber.<\/p>\n\n\n\n<h2 class=\"wp-block-heading\" id=\"h-renforcer-la-justice-sanitaire\">Renforcer la justice sanitaire<\/h2>\n\n\n\n<p>Le minist\u00e8re souligne que le projet vise \u00e9galement \u00e0 renforcer la justice sanitaire, en consacrant le droit \u00e0 l\u2019acc\u00e8s \u00e9quitable aux soins sur l\u2019ensemble du territoire, et \u00e0 am\u00e9liorer la gouvernance du syst\u00e8me de sant\u00e9, \u00e0 travers une clarification des responsabilit\u00e9s des institutions et des m\u00e9canismes de r\u00e9gulation plus efficaces. La protection et la promotion des droits des patients, tout comme ceux des professionnels de la sant\u00e9, constituent un autre pilier central de cette r\u00e9forme.<\/p>\n\n\n\n<p>D\u2019apr\u00e8s les recoupements effectu\u00e9s, ce chantier l\u00e9gislatif s\u2019inscrit dans une dynamique plus large de modernisation des politiques publiques de sant\u00e9, alors que la Tunisie fait face \u00e0 des enjeux majeurs li\u00e9s au vieillissement de la population, \u00e0 la transition \u00e9pid\u00e9miologique et \u00e0 l\u2019int\u00e9gration des nouvelles technologies m\u00e9dicales et num\u00e9riques. La finalisation du Code de la sant\u00e9 est ainsi pr\u00e9sent\u00e9e comme une \u00e9tape cl\u00e9 pour doter le pays d\u2019un cadre juridique coh\u00e9rent, capable d\u2019accompagner durablement la transformation du syst\u00e8me sanitaire.<\/p>\n\n\n\n<p><\/p>\n\n\n\n<blockquote class=\"wp-block-quote is-layout-flow wp-block-quote-is-layout-flow\">\n<blockquote class=\"wp-block-quote is-layout-flow wp-block-quote-is-layout-flow\">\n<p><strong>Lire aussi<\/strong><\/p>\n\n\n\n<ul class=\"wp-block-list\">\n<li><a href=\"https:\/\/www.webdo.tn\/fr\/actualite\/national\/tunisie-vers-une-revolution-numerique-de-la-sante-publique\/383655\/\">Tunisie : Vers une r\u00e9volution num\u00e9rique de la sant\u00e9 publique<\/a><\/li>\n\n\n\n<li><a href=\"https:\/\/www.webdo.tn\/fr\/actualite\/national\/les-hopitaux-passent-au-digital-la-sante-tunisienne-entre-dans-lere-2-0\/383277\/\">Les h\u00f4pitaux passent au digital : La sant\u00e9 tunisienne entre dans l\u2019\u00e8re 2.0 ?<\/a><\/li>\n\n\n\n<li><a href=\"https:\/\/www.webdo.tn\/fr\/actualite\/national\/tunisie-kais-saied-plaide-pour-un-nouveau-cadre-juridique-pour-les-professionnels-de-sante\/378804\/\">Tunisie : Kais Saied plaide pour un nouveau cadre juridique pour les professionnels de sant\u00e9<\/a><\/li>\n<\/ul>\n<\/blockquote>\n<\/blockquote>\n","protected":false},"excerpt":{"rendered":"<p>Le ministre de la Sant\u00e9, Mustapha Ferjani, a insist\u00e9, vendredi soir, lors d\u2019une r\u00e9union avec l\u2019\u00e9quipe charg\u00e9e de l\u2019\u00e9laboration du projet de Code de la sant\u00e9, sur la n\u00e9cessit\u00e9 de finaliser ce texte dans les plus brefs d\u00e9lais. Cette d\u00e9marche s\u2019inscrit dans une vision de r\u00e9forme l\u00e9gislative globale visant \u00e0 refonder le cadre juridique du [&hellip;]<\/p>\n","protected":false},"author":3184,"featured_media":391122,"comment_status":"closed","ping_status":"closed","sticky":false,"template":"","format":"standard","meta":{"footnotes":""},"categories":[44],"tags":[13570,2731,2608],"class_list":["post-391121","post","type-post","status-publish","format-standard","has-post-thumbnail","hentry","category-national","tag-code","tag-sante","tag-tunisie"],"yoast_head":"<!-- This site is optimized with the Yoast SEO Premium plugin v27.5 (Yoast SEO v27.5) - https:\/\/yoast.com\/product\/yoast-seo-premium-wordpress\/ -->\n<title>Ferjani acc\u00e9l\u00e8re le chantier du nouveau Code de la sant\u00e9 - webdo<\/title>\n<meta name=\"description\" content=\"D\u00e9couvrez le Code de la Sant\u00e9 et son impact sur le secteur sanitaire en mati\u00e8re d&#039;\u00e9quit\u00e9 et de qualit\u00e9 des services.\" \/>\n<link rel=\"canonical\" href=\"https:\/\/www.webdo.tn\/fr\/actualite\/national\/ferjani-accelere-le-chantier-du-nouveau-code-de-la-sante\/391121\/\" \/>\n<meta property=\"og:locale\" content=\"fr_FR\" \/>\n<meta property=\"og:type\" content=\"article\" \/>\n<meta property=\"og:title\" content=\"Ferjani acc\u00e9l\u00e8re le chantier du nouveau Code de la sant\u00e9\" \/>\n<meta property=\"og:description\" content=\"D\u00e9couvrez le Code de la Sant\u00e9 et son impact sur le secteur sanitaire en mati\u00e8re d&#039;\u00e9quit\u00e9 et de qualit\u00e9 des services.\" \/>\n<meta property=\"og:url\" content=\"https:\/\/www.webdo.tn\/fr\/actualite\/national\/ferjani-accelere-le-chantier-du-nouveau-code-de-la-sante\/391121\/\" \/>\n<meta property=\"og:site_name\" content=\"webdo\" \/>\n<meta property=\"article:publisher\" content=\"https:\/\/www.facebook.com\/webdotn\" \/>\n<meta property=\"article:published_time\" content=\"2026-01-11T09:36:56+00:00\" \/>\n<meta property=\"article:modified_time\" content=\"2026-01-11T09:36:57+00:00\" \/>\n<meta property=\"og:image\" content=\"https:\/\/www.webdo.tn\/fr\/wp-content\/uploads\/2026\/01\/613589200_1302075998629526_827424409024444404_n.jpg\" \/>\n\t<meta property=\"og:image:width\" content=\"811\" \/>\n\t<meta property=\"og:image:height\" content=\"540\" \/>\n\t<meta property=\"og:image:type\" content=\"image\/jpeg\" \/>\n<meta name=\"author\" content=\"Wided Belhaj\" \/>\n<meta name=\"twitter:card\" content=\"summary_large_image\" \/>\n<meta name=\"twitter:creator\" content=\"@webdo_tn\" \/>\n<meta name=\"twitter:site\" content=\"@webdo_tn\" \/>\n<meta name=\"twitter:label1\" content=\"\u00c9crit par\" \/>\n\t<meta name=\"twitter:data1\" content=\"Wided Belhaj\" \/>\n\t<meta name=\"twitter:label2\" content=\"Dur\u00e9e de lecture estim\u00e9e\" \/>\n\t<meta name=\"twitter:data2\" content=\"3 minutes\" \/>\n<script type=\"application\/ld+json\" class=\"yoast-schema-graph\">{\"@context\":\"https:\\\/\\\/schema.org\",\"@graph\":[{\"@type\":\"NewsArticle\",\"@id\":\"https:\\\/\\\/www.webdo.tn\\\/fr\\\/actualite\\\/national\\\/ferjani-accelere-le-chantier-du-nouveau-code-de-la-sante\\\/391121\\\/#article\",\"isPartOf\":{\"@id\":\"https:\\\/\\\/www.webdo.tn\\\/fr\\\/actualite\\\/national\\\/ferjani-accelere-le-chantier-du-nouveau-code-de-la-sante\\\/391121\\\/\"},\"author\":{\"name\":\"Wided Belhaj\",\"@id\":\"https:\\\/\\\/www.webdo.tn\\\/fr\\\/#\\\/schema\\\/person\\\/b9ecde7a5574cb4fcf4b496ea5fadb15\"},\"headline\":\"Ferjani acc\u00e9l\u00e8re le chantier du nouveau Code de la sant\u00e9\",\"datePublished\":\"2026-01-11T09:36:56+00:00\",\"dateModified\":\"2026-01-11T09:36:57+00:00\",\"mainEntityOfPage\":{\"@id\":\"https:\\\/\\\/www.webdo.tn\\\/fr\\\/actualite\\\/national\\\/ferjani-accelere-le-chantier-du-nouveau-code-de-la-sante\\\/391121\\\/\"},\"wordCount\":464,\"publisher\":{\"@id\":\"https:\\\/\\\/www.webdo.tn\\\/fr\\\/#organization\"},\"image\":{\"@id\":\"https:\\\/\\\/www.webdo.tn\\\/fr\\\/actualite\\\/national\\\/ferjani-accelere-le-chantier-du-nouveau-code-de-la-sante\\\/391121\\\/#primaryimage\"},\"thumbnailUrl\":\"https:\\\/\\\/www.webdo.tn\\\/fr\\\/wp-content\\\/uploads\\\/2026\\\/01\\\/613589200_1302075998629526_827424409024444404_n.jpg\",\"keywords\":[\"Code\",\"Sant\u00e9\",\"Tunisie\"],\"articleSection\":[\"National\"],\"inLanguage\":\"fr-FR\"},{\"@type\":\"WebPage\",\"@id\":\"https:\\\/\\\/www.webdo.tn\\\/fr\\\/actualite\\\/national\\\/ferjani-accelere-le-chantier-du-nouveau-code-de-la-sante\\\/391121\\\/\",\"url\":\"https:\\\/\\\/www.webdo.tn\\\/fr\\\/actualite\\\/national\\\/ferjani-accelere-le-chantier-du-nouveau-code-de-la-sante\\\/391121\\\/\",\"name\":\"Ferjani acc\u00e9l\u00e8re le chantier du nouveau Code de la sant\u00e9 - webdo\",\"isPartOf\":{\"@id\":\"https:\\\/\\\/www.webdo.tn\\\/fr\\\/#website\"},\"primaryImageOfPage\":{\"@id\":\"https:\\\/\\\/www.webdo.tn\\\/fr\\\/actualite\\\/national\\\/ferjani-accelere-le-chantier-du-nouveau-code-de-la-sante\\\/391121\\\/#primaryimage\"},\"image\":{\"@id\":\"https:\\\/\\\/www.webdo.tn\\\/fr\\\/actualite\\\/national\\\/ferjani-accelere-le-chantier-du-nouveau-code-de-la-sante\\\/391121\\\/#primaryimage\"},\"thumbnailUrl\":\"https:\\\/\\\/www.webdo.tn\\\/fr\\\/wp-content\\\/uploads\\\/2026\\\/01\\\/613589200_1302075998629526_827424409024444404_n.jpg\",\"datePublished\":\"2026-01-11T09:36:56+00:00\",\"dateModified\":\"2026-01-11T09:36:57+00:00\",\"description\":\"D\u00e9couvrez le Code de la Sant\u00e9 et son impact sur le secteur sanitaire en mati\u00e8re d'\u00e9quit\u00e9 et de qualit\u00e9 des services.\",\"breadcrumb\":{\"@id\":\"https:\\\/\\\/www.webdo.tn\\\/fr\\\/actualite\\\/national\\\/ferjani-accelere-le-chantier-du-nouveau-code-de-la-sante\\\/391121\\\/#breadcrumb\"},\"inLanguage\":\"fr-FR\",\"potentialAction\":[{\"@type\":\"ReadAction\",\"target\":[\"https:\\\/\\\/www.webdo.tn\\\/fr\\\/actualite\\\/national\\\/ferjani-accelere-le-chantier-du-nouveau-code-de-la-sante\\\/391121\\\/\"]}]},{\"@type\":\"ImageObject\",\"inLanguage\":\"fr-FR\",\"@id\":\"https:\\\/\\\/www.webdo.tn\\\/fr\\\/actualite\\\/national\\\/ferjani-accelere-le-chantier-du-nouveau-code-de-la-sante\\\/391121\\\/#primaryimage\",\"url\":\"https:\\\/\\\/www.webdo.tn\\\/fr\\\/wp-content\\\/uploads\\\/2026\\\/01\\\/613589200_1302075998629526_827424409024444404_n.jpg\",\"contentUrl\":\"https:\\\/\\\/www.webdo.tn\\\/fr\\\/wp-content\\\/uploads\\\/2026\\\/01\\\/613589200_1302075998629526_827424409024444404_n.jpg\",\"width\":811,\"height\":540},{\"@type\":\"BreadcrumbList\",\"@id\":\"https:\\\/\\\/www.webdo.tn\\\/fr\\\/actualite\\\/national\\\/ferjani-accelere-le-chantier-du-nouveau-code-de-la-sante\\\/391121\\\/#breadcrumb\",\"itemListElement\":[{\"@type\":\"ListItem\",\"position\":1,\"name\":\"Accueil\",\"item\":\"https:\\\/\\\/www.webdo.tn\\\/fr\\\/\"},{\"@type\":\"ListItem\",\"position\":2,\"name\":\"Ferjani acc\u00e9l\u00e8re le chantier du nouveau Code de la sant\u00e9\"}]},{\"@type\":\"WebSite\",\"@id\":\"https:\\\/\\\/www.webdo.tn\\\/fr\\\/#website\",\"url\":\"https:\\\/\\\/www.webdo.tn\\\/fr\\\/\",\"name\":\"webdo\",\"description\":\"Tunisie - News en Tunisie et \u00e0 l&#039;international sur Webdo.tn\",\"publisher\":{\"@id\":\"https:\\\/\\\/www.webdo.tn\\\/fr\\\/#organization\"},\"potentialAction\":[{\"@type\":\"SearchAction\",\"target\":{\"@type\":\"EntryPoint\",\"urlTemplate\":\"https:\\\/\\\/www.webdo.tn\\\/fr\\\/?s={search_term_string}\"},\"query-input\":{\"@type\":\"PropertyValueSpecification\",\"valueRequired\":true,\"valueName\":\"search_term_string\"}}],\"inLanguage\":\"fr-FR\"},{\"@type\":\"Organization\",\"@id\":\"https:\\\/\\\/www.webdo.tn\\\/fr\\\/#organization\",\"name\":\"Webdo\",\"alternateName\":\"Webdo.tn\",\"url\":\"https:\\\/\\\/www.webdo.tn\\\/fr\\\/\",\"logo\":{\"@type\":\"ImageObject\",\"inLanguage\":\"fr-FR\",\"@id\":\"https:\\\/\\\/www.webdo.tn\\\/fr\\\/#\\\/schema\\\/logo\\\/image\\\/\",\"url\":\"https:\\\/\\\/www.webdo.tn\\\/fr\\\/wp-content\\\/uploads\\\/2025\\\/06\\\/Webdo-Tunisie_168377.jpg\",\"contentUrl\":\"https:\\\/\\\/www.webdo.tn\\\/fr\\\/wp-content\\\/uploads\\\/2025\\\/06\\\/Webdo-Tunisie_168377.jpg\",\"width\":301,\"height\":301,\"caption\":\"Webdo\"},\"image\":{\"@id\":\"https:\\\/\\\/www.webdo.tn\\\/fr\\\/#\\\/schema\\\/logo\\\/image\\\/\"},\"sameAs\":[\"https:\\\/\\\/www.facebook.com\\\/webdotn\",\"https:\\\/\\\/x.com\\\/webdo_tn\"],\"description\":\"Webdo est un m\u00e9dia num\u00e9rique tunisien fond\u00e9 en 2010, sp\u00e9cialis\u00e9 dans l\u2019actualit\u00e9 nationale et internationale, l\u2019\u00e9conomie, la soci\u00e9t\u00e9 et les analyses politiques. Le site s\u2019adresse \u00e0 un large public francophone et couvre l\u2019information tunisienne en temps r\u00e9el.\",\"email\":\"redac@webdo.tn\",\"legalName\":\"YNJ SARL\",\"foundingDate\":\"2010-09-06\",\"numberOfEmployees\":{\"@type\":\"QuantitativeValue\",\"minValue\":\"11\",\"maxValue\":\"50\"}},{\"@type\":\"Person\",\"@id\":\"https:\\\/\\\/www.webdo.tn\\\/fr\\\/#\\\/schema\\\/person\\\/b9ecde7a5574cb4fcf4b496ea5fadb15\",\"name\":\"Wided Belhaj\",\"image\":{\"@type\":\"ImageObject\",\"inLanguage\":\"fr-FR\",\"@id\":\"https:\\\/\\\/www.webdo.tn\\\/fr\\\/wp-content\\\/uploads\\\/2026\\\/04\\\/wided-belhaj_avatar-96x96.jpg\",\"url\":\"https:\\\/\\\/www.webdo.tn\\\/fr\\\/wp-content\\\/uploads\\\/2026\\\/04\\\/wided-belhaj_avatar-96x96.jpg\",\"contentUrl\":\"https:\\\/\\\/www.webdo.tn\\\/fr\\\/wp-content\\\/uploads\\\/2026\\\/04\\\/wided-belhaj_avatar-96x96.jpg\",\"caption\":\"Wided Belhaj\"},\"description\":\"Wided Belhaj est le pseudonyme \u00e9ditorial utilis\u00e9 par Khalil Jelassi, journaliste, ma\u00eetre-assistant \u00e0 l\u2019Institut de presse et des sciences de l\u2019information (IPSI) et chercheur en sciences de l\u2019information et de la communication. Cette signature est d\u00e9di\u00e9e \u00e0 l\u2019analyse des m\u00e9dias, des pratiques journalistiques et des mutations de l\u2019information \u00e0 l\u2019\u00e8re digitale. \u00c0 travers ses contributions, Wided Belhaj propose une lecture analytique de l\u2019actualit\u00e9, en croisant regard critique et expertise acad\u00e9mique.\",\"knowsAbout\":[\"m\u00e9dias\",\"journalisme\",\"communication\",\"information\",\"transformation num\u00e9rique\",\"analyse des m\u00e9dias\"],\"knowsLanguage\":[\"Fran\u00e7ais\",\"Arabe\"],\"jobTitle\":\"Webdo.tn\",\"worksFor\":\"Journaliste \u2013 Analyse des m\u00e9dias\",\"url\":\"https:\\\/\\\/www.webdo.tn\\\/fr\\\/actualite\\\/author\\\/wided-belhaj\\\/\"}]}<\/script>\n<!-- \/ Yoast SEO Premium plugin. -->","yoast_head_json":{"title":"Ferjani acc\u00e9l\u00e8re le chantier du nouveau Code de la sant\u00e9 - webdo","description":"D\u00e9couvrez le Code de la Sant\u00e9 et son impact sur le secteur sanitaire en mati\u00e8re d'\u00e9quit\u00e9 et de qualit\u00e9 des services.","canonical":"https:\/\/www.webdo.tn\/fr\/actualite\/national\/ferjani-accelere-le-chantier-du-nouveau-code-de-la-sante\/391121\/","og_locale":"fr_FR","og_type":"article","og_title":"Ferjani acc\u00e9l\u00e8re le chantier du nouveau Code de la sant\u00e9","og_description":"D\u00e9couvrez le Code de la Sant\u00e9 et son impact sur le secteur sanitaire en mati\u00e8re d'\u00e9quit\u00e9 et de qualit\u00e9 des services.","og_url":"https:\/\/www.webdo.tn\/fr\/actualite\/national\/ferjani-accelere-le-chantier-du-nouveau-code-de-la-sante\/391121\/","og_site_name":"webdo","article_publisher":"https:\/\/www.facebook.com\/webdotn","article_published_time":"2026-01-11T09:36:56+00:00","article_modified_time":"2026-01-11T09:36:57+00:00","og_image":[{"width":811,"height":540,"url":"https:\/\/www.webdo.tn\/fr\/wp-content\/uploads\/2026\/01\/613589200_1302075998629526_827424409024444404_n.jpg","type":"image\/jpeg"}],"author":"Wided Belhaj","twitter_card":"summary_large_image","twitter_creator":"@webdo_tn","twitter_site":"@webdo_tn","twitter_misc":{"\u00c9crit par":"Wided Belhaj","Dur\u00e9e de lecture estim\u00e9e":"3 minutes"},"schema":{"@context":"https:\/\/schema.org","@graph":[{"@type":"NewsArticle","@id":"https:\/\/www.webdo.tn\/fr\/actualite\/national\/ferjani-accelere-le-chantier-du-nouveau-code-de-la-sante\/391121\/#article","isPartOf":{"@id":"https:\/\/www.webdo.tn\/fr\/actualite\/national\/ferjani-accelere-le-chantier-du-nouveau-code-de-la-sante\/391121\/"},"author":{"name":"Wided Belhaj","@id":"https:\/\/www.webdo.tn\/fr\/#\/schema\/person\/b9ecde7a5574cb4fcf4b496ea5fadb15"},"headline":"Ferjani acc\u00e9l\u00e8re le chantier du nouveau Code de la sant\u00e9","datePublished":"2026-01-11T09:36:56+00:00","dateModified":"2026-01-11T09:36:57+00:00","mainEntityOfPage":{"@id":"https:\/\/www.webdo.tn\/fr\/actualite\/national\/ferjani-accelere-le-chantier-du-nouveau-code-de-la-sante\/391121\/"},"wordCount":464,"publisher":{"@id":"https:\/\/www.webdo.tn\/fr\/#organization"},"image":{"@id":"https:\/\/www.webdo.tn\/fr\/actualite\/national\/ferjani-accelere-le-chantier-du-nouveau-code-de-la-sante\/391121\/#primaryimage"},"thumbnailUrl":"https:\/\/www.webdo.tn\/fr\/wp-content\/uploads\/2026\/01\/613589200_1302075998629526_827424409024444404_n.jpg","keywords":["Code","Sant\u00e9","Tunisie"],"articleSection":["National"],"inLanguage":"fr-FR"},{"@type":"WebPage","@id":"https:\/\/www.webdo.tn\/fr\/actualite\/national\/ferjani-accelere-le-chantier-du-nouveau-code-de-la-sante\/391121\/","url":"https:\/\/www.webdo.tn\/fr\/actualite\/national\/ferjani-accelere-le-chantier-du-nouveau-code-de-la-sante\/391121\/","name":"Ferjani acc\u00e9l\u00e8re le chantier du nouveau Code de la sant\u00e9 - webdo","isPartOf":{"@id":"https:\/\/www.webdo.tn\/fr\/#website"},"primaryImageOfPage":{"@id":"https:\/\/www.webdo.tn\/fr\/actualite\/national\/ferjani-accelere-le-chantier-du-nouveau-code-de-la-sante\/391121\/#primaryimage"},"image":{"@id":"https:\/\/www.webdo.tn\/fr\/actualite\/national\/ferjani-accelere-le-chantier-du-nouveau-code-de-la-sante\/391121\/#primaryimage"},"thumbnailUrl":"https:\/\/www.webdo.tn\/fr\/wp-content\/uploads\/2026\/01\/613589200_1302075998629526_827424409024444404_n.jpg","datePublished":"2026-01-11T09:36:56+00:00","dateModified":"2026-01-11T09:36:57+00:00","description":"D\u00e9couvrez le Code de la Sant\u00e9 et son impact sur le secteur sanitaire en mati\u00e8re d'\u00e9quit\u00e9 et de qualit\u00e9 des services.","breadcrumb":{"@id":"https:\/\/www.webdo.tn\/fr\/actualite\/national\/ferjani-accelere-le-chantier-du-nouveau-code-de-la-sante\/391121\/#breadcrumb"},"inLanguage":"fr-FR","potentialAction":[{"@type":"ReadAction","target":["https:\/\/www.webdo.tn\/fr\/actualite\/national\/ferjani-accelere-le-chantier-du-nouveau-code-de-la-sante\/391121\/"]}]},{"@type":"ImageObject","inLanguage":"fr-FR","@id":"https:\/\/www.webdo.tn\/fr\/actualite\/national\/ferjani-accelere-le-chantier-du-nouveau-code-de-la-sante\/391121\/#primaryimage","url":"https:\/\/www.webdo.tn\/fr\/wp-content\/uploads\/2026\/01\/613589200_1302075998629526_827424409024444404_n.jpg","contentUrl":"https:\/\/www.webdo.tn\/fr\/wp-content\/uploads\/2026\/01\/613589200_1302075998629526_827424409024444404_n.jpg","width":811,"height":540},{"@type":"BreadcrumbList","@id":"https:\/\/www.webdo.tn\/fr\/actualite\/national\/ferjani-accelere-le-chantier-du-nouveau-code-de-la-sante\/391121\/#breadcrumb","itemListElement":[{"@type":"ListItem","position":1,"name":"Accueil","item":"https:\/\/www.webdo.tn\/fr\/"},{"@type":"ListItem","position":2,"name":"Ferjani acc\u00e9l\u00e8re le chantier du nouveau Code de la sant\u00e9"}]},{"@type":"WebSite","@id":"https:\/\/www.webdo.tn\/fr\/#website","url":"https:\/\/www.webdo.tn\/fr\/","name":"webdo","description":"Tunisie - News en Tunisie et \u00e0 l&#039;international sur Webdo.tn","publisher":{"@id":"https:\/\/www.webdo.tn\/fr\/#organization"},"potentialAction":[{"@type":"SearchAction","target":{"@type":"EntryPoint","urlTemplate":"https:\/\/www.webdo.tn\/fr\/?s={search_term_string}"},"query-input":{"@type":"PropertyValueSpecification","valueRequired":true,"valueName":"search_term_string"}}],"inLanguage":"fr-FR"},{"@type":"Organization","@id":"https:\/\/www.webdo.tn\/fr\/#organization","name":"Webdo","alternateName":"Webdo.tn","url":"https:\/\/www.webdo.tn\/fr\/","logo":{"@type":"ImageObject","inLanguage":"fr-FR","@id":"https:\/\/www.webdo.tn\/fr\/#\/schema\/logo\/image\/","url":"https:\/\/www.webdo.tn\/fr\/wp-content\/uploads\/2025\/06\/Webdo-Tunisie_168377.jpg","contentUrl":"https:\/\/www.webdo.tn\/fr\/wp-content\/uploads\/2025\/06\/Webdo-Tunisie_168377.jpg","width":301,"height":301,"caption":"Webdo"},"image":{"@id":"https:\/\/www.webdo.tn\/fr\/#\/schema\/logo\/image\/"},"sameAs":["https:\/\/www.facebook.com\/webdotn","https:\/\/x.com\/webdo_tn"],"description":"Webdo est un m\u00e9dia num\u00e9rique tunisien fond\u00e9 en 2010, sp\u00e9cialis\u00e9 dans l\u2019actualit\u00e9 nationale et internationale, l\u2019\u00e9conomie, la soci\u00e9t\u00e9 et les analyses politiques. Le site s\u2019adresse \u00e0 un large public francophone et couvre l\u2019information tunisienne en temps r\u00e9el.","email":"redac@webdo.tn","legalName":"YNJ SARL","foundingDate":"2010-09-06","numberOfEmployees":{"@type":"QuantitativeValue","minValue":"11","maxValue":"50"}},{"@type":"Person","@id":"https:\/\/www.webdo.tn\/fr\/#\/schema\/person\/b9ecde7a5574cb4fcf4b496ea5fadb15","name":"Wided Belhaj","image":{"@type":"ImageObject","inLanguage":"fr-FR","@id":"https:\/\/www.webdo.tn\/fr\/wp-content\/uploads\/2026\/04\/wided-belhaj_avatar-96x96.jpg","url":"https:\/\/www.webdo.tn\/fr\/wp-content\/uploads\/2026\/04\/wided-belhaj_avatar-96x96.jpg","contentUrl":"https:\/\/www.webdo.tn\/fr\/wp-content\/uploads\/2026\/04\/wided-belhaj_avatar-96x96.jpg","caption":"Wided Belhaj"},"description":"Wided Belhaj est le pseudonyme \u00e9ditorial utilis\u00e9 par Khalil Jelassi, journaliste, ma\u00eetre-assistant \u00e0 l\u2019Institut de presse et des sciences de l\u2019information (IPSI) et chercheur en sciences de l\u2019information et de la communication. Cette signature est d\u00e9di\u00e9e \u00e0 l\u2019analyse des m\u00e9dias, des pratiques journalistiques et des mutations de l\u2019information \u00e0 l\u2019\u00e8re digitale. \u00c0 travers ses contributions, Wided Belhaj propose une lecture analytique de l\u2019actualit\u00e9, en croisant regard critique et expertise acad\u00e9mique.","knowsAbout":["m\u00e9dias","journalisme","communication","information","transformation num\u00e9rique","analyse des m\u00e9dias"],"knowsLanguage":["Fran\u00e7ais","Arabe"],"jobTitle":"Webdo.tn","worksFor":"Journaliste \u2013 Analyse des m\u00e9dias","url":"https:\/\/www.webdo.tn\/fr\/actualite\/author\/wided-belhaj\/"}]}},"_links":{"self":[{"href":"https:\/\/www.webdo.tn\/fr\/wp-json\/wp\/v2\/posts\/391121","targetHints":{"allow":["GET"]}}],"collection":[{"href":"https:\/\/www.webdo.tn\/fr\/wp-json\/wp\/v2\/posts"}],"about":[{"href":"https:\/\/www.webdo.tn\/fr\/wp-json\/wp\/v2\/types\/post"}],"author":[{"embeddable":true,"href":"https:\/\/www.webdo.tn\/fr\/wp-json\/wp\/v2\/users\/3184"}],"replies":[{"embeddable":true,"href":"https:\/\/www.webdo.tn\/fr\/wp-json\/wp\/v2\/comments?post=391121"}],"version-history":[{"count":0,"href":"https:\/\/www.webdo.tn\/fr\/wp-json\/wp\/v2\/posts\/391121\/revisions"}],"wp:featuredmedia":[{"embeddable":true,"href":"https:\/\/www.webdo.tn\/fr\/wp-json\/wp\/v2\/media\/391122"}],"wp:attachment":[{"href":"https:\/\/www.webdo.tn\/fr\/wp-json\/wp\/v2\/media?parent=391121"}],"wp:term":[{"taxonomy":"category","embeddable":true,"href":"https:\/\/www.webdo.tn\/fr\/wp-json\/wp\/v2\/categories?post=391121"},{"taxonomy":"post_tag","embeddable":true,"href":"https:\/\/www.webdo.tn\/fr\/wp-json\/wp\/v2\/tags?post=391121"}],"curies":[{"name":"wp","href":"https:\/\/api.w.org\/{rel}","templated":true}]}}