{"id":391021,"date":"2026-01-09T18:29:51","date_gmt":"2026-01-09T17:29:51","guid":{"rendered":"https:\/\/www.webdo.tn\/fr\/?p=391021"},"modified":"2026-01-09T18:29:52","modified_gmt":"2026-01-09T17:29:52","slug":"apres-la-reunion-au-ministere-le-choix-dun-selectionneur-tunisien-simpose","status":"publish","type":"post","link":"https:\/\/www.webdo.tn\/fr\/actualite\/sport\/apres-la-reunion-au-ministere-le-choix-dun-selectionneur-tunisien-simpose\/391021\/","title":{"rendered":"Apr\u00e8s la r\u00e9union au minist\u00e8re, le choix d\u2019un s\u00e9lectionneur tunisien s\u2019impose"},"content":{"rendered":"\n<p>Vendredi 9 janvier 2026, une r\u00e9union de grande importance s\u2019est tenue entre le ministre de la Jeunesse et des Sports, Sadok Mourali, les cadres de la F\u00e9d\u00e9ration Tunisienne de Football (FTF), ainsi que plusieurs acteurs du football national, dans le cadre de l\u2019\u00e9valuation de la situation de l\u2019\u00e9quipe nationale apr\u00e8s l\u2019\u00e9limination pr\u00e9matur\u00e9e \u00e0 la <em>Coupe d\u2019Afrique des Nations 2025<\/em> et de la d\u00e9signation du prochain s\u00e9lectionneur national.<\/p>\n\n\n\n<p>\u00c0 l\u2019issue de cette rencontre, plusieurs anciens internationaux tunisiens, parmi lesquels Khaled Badra et Ali Kaabi, ont pris la parole devant les m\u00e9dias. Ils ont affirm\u00e9 que l\u2019orientation de l\u2019\u00c9tat tunisien est de nommer un s\u00e9lectionneur de nationalit\u00e9 tunisienne, soulignant que ce choix ne rel\u00e8ve pas seulement d\u2019une recommandation mais d\u2019une position ferme du minist\u00e8re. Selon eux, le prochain s\u00e9lectionneur devrait \u00eatre tunisien, malgr\u00e9 les divergences apparentes avec la F\u00e9d\u00e9ration.<\/p>\n\n\n\n<p>Badra et Kaabi ont laiss\u00e9 entendre que certains responsables de la FTF ne partageraient pas enti\u00e8rement cette pr\u00e9f\u00e9rence pour un entra\u00eeneur local, notamment en raison de contacts ant\u00e9rieurs avec des profils \u00e9trangers lors des discussions pr\u00e9liminaires. Toutefois, selon les anciens internationaux, cette orientation est celle de l\u2019\u00c9tat et concr\u00e9tise une volont\u00e9 de renforcer une identit\u00e9 nationale dans la conduite technique de l\u2019\u00e9quipe.<\/p>\n\n\n\n<h2 class=\"wp-block-heading\" id=\"h-plusieurs-noms-evoques\">Plusieurs noms \u00e9voqu\u00e9s <\/h2>\n\n\n\n<p>Cette prise de position intervient dans un contexte de d\u00e9bat prolong\u00e9 sur l\u2019avenir du football tunisien apr\u00e8s le d\u00e9part de Sami Trabelsi du poste de s\u00e9lectionneur au lendemain de l\u2019\u00e9limination de la Tunisie en huiti\u00e8mes de finale de la CAN 2025.<\/p>\n\n\n\n<p>Les sources de presse sportive indiquent que plusieurs candidatures internationales et locales ont \u00e9t\u00e9 examin\u00e9es au cours de la r\u00e9union, sans qu\u2019aucune d\u00e9cision officielle n\u2019ait encore \u00e9t\u00e9 rendue publique. Parmi les profils \u00e9voqu\u00e9s figurent \u00e0 la fois des entra\u00eeneurs \u00e9trangers mais aussi des entra\u00eeneurs nationaux bien connus, tels que le technicien tunisien Mou\u00efne Ch\u00e2abani, cit\u00e9 parmi les possibles successeurs locaux.<\/p>\n\n\n\n<p><\/p>\n\n\n\n<blockquote class=\"wp-block-quote is-layout-flow wp-block-quote-is-layout-flow\">\n<blockquote class=\"wp-block-quote is-layout-flow wp-block-quote-is-layout-flow\">\n<p><strong>Lire aussi :<\/strong><\/p>\n\n\n\n<ul class=\"wp-block-list\">\n<li><a href=\"https:\/\/www.webdo.tn\/fr\/actualite\/sport\/selectionneur-national-le-bal-est-ouvert-a-la-ftf\/390784\/\">S\u00e9lectionneur national : Le bal est ouvert \u00e0 la FTF<\/a><\/li>\n\n\n\n<li><a href=\"https:\/\/www.webdo.tn\/fr\/actualite\/sport\/aigles-de-carthage-sami-trabelsi-et-son-staff-limoges\/390679\/\">Aigles de Carthage : Sami Trabelsi et son staff, limog\u00e9s<\/a><\/li>\n\n\n\n<li><a href=\"https:\/\/www.webdo.tn\/fr\/actualite\/sport\/on-reve-trop-on-ne-travaille-pas-assez-le-wake-up-call-dhannibal\/390635\/\">\u00ab On r\u00eave trop, on ne travaille pas assez \u00bb : Le wake-up call d\u2019Hannibal<\/a><\/li>\n<\/ul>\n<\/blockquote>\n<\/blockquote>\n","protected":false},"excerpt":{"rendered":"<p>Vendredi 9 janvier 2026, une r\u00e9union de grande importance s\u2019est tenue entre le ministre de la Jeunesse et des Sports, Sadok Mourali, les cadres de la F\u00e9d\u00e9ration Tunisienne de Football (FTF), ainsi que plusieurs acteurs du football national, dans le cadre de l\u2019\u00e9valuation de la situation de l\u2019\u00e9quipe nationale apr\u00e8s l\u2019\u00e9limination pr\u00e9matur\u00e9e \u00e0 la Coupe [&hellip;]<\/p>\n","protected":false},"author":3184,"featured_media":391022,"comment_status":"closed","ping_status":"closed","sticky":false,"template":"","format":"standard","meta":{"footnotes":""},"categories":[2593],"tags":[2622,7985,2608],"class_list":["post-391021","post","type-post","status-publish","format-standard","has-post-thumbnail","hentry","category-sport","tag-football","tag-selectionneur","tag-tunisie"],"yoast_head":"<!-- This site is optimized with the Yoast SEO Premium plugin v27.4 (Yoast SEO v27.5) - https:\/\/yoast.com\/product\/yoast-seo-premium-wordpress\/ -->\n<title>Apr\u00e8s la r\u00e9union au minist\u00e8re, le choix d\u2019un s\u00e9lectionneur tunisien s\u2019impose - webdo<\/title>\n<meta name=\"description\" content=\"D\u00e9couvrez les enjeux du prochain s\u00e9lectionneur tunisien apr\u00e8s l&#039;\u00e9limination \u00e0 la Coupe d&#039;Afrique des Nations 2025.\" \/>\n<link rel=\"canonical\" href=\"https:\/\/www.webdo.tn\/fr\/actualite\/sport\/apres-la-reunion-au-ministere-le-choix-dun-selectionneur-tunisien-simpose\/391021\/\" \/>\n<meta property=\"og:locale\" content=\"fr_FR\" \/>\n<meta property=\"og:type\" content=\"article\" \/>\n<meta property=\"og:title\" content=\"Apr\u00e8s la r\u00e9union au minist\u00e8re, le choix d\u2019un s\u00e9lectionneur tunisien s\u2019impose\" \/>\n<meta property=\"og:description\" content=\"D\u00e9couvrez les enjeux du prochain s\u00e9lectionneur tunisien apr\u00e8s l&#039;\u00e9limination \u00e0 la Coupe d&#039;Afrique des Nations 2025.\" \/>\n<meta property=\"og:url\" content=\"https:\/\/www.webdo.tn\/fr\/actualite\/sport\/apres-la-reunion-au-ministere-le-choix-dun-selectionneur-tunisien-simpose\/391021\/\" \/>\n<meta property=\"og:site_name\" content=\"webdo\" \/>\n<meta property=\"article:publisher\" content=\"https:\/\/www.facebook.com\/webdotn\" \/>\n<meta property=\"article:published_time\" content=\"2026-01-09T17:29:51+00:00\" \/>\n<meta property=\"article:modified_time\" content=\"2026-01-09T17:29:52+00:00\" \/>\n<meta property=\"og:image\" content=\"https:\/\/www.webdo.tn\/fr\/wp-content\/uploads\/2026\/01\/Capture-decran-2026-01-09-182901.jpg\" \/>\n\t<meta property=\"og:image:width\" content=\"1320\" \/>\n\t<meta property=\"og:image:height\" content=\"772\" \/>\n\t<meta property=\"og:image:type\" content=\"image\/jpeg\" \/>\n<meta name=\"author\" content=\"Wided Belhaj\" \/>\n<meta name=\"twitter:card\" content=\"summary_large_image\" \/>\n<meta name=\"twitter:creator\" content=\"@webdo_tn\" \/>\n<meta name=\"twitter:site\" content=\"@webdo_tn\" \/>\n<meta name=\"twitter:label1\" content=\"\u00c9crit par\" \/>\n\t<meta name=\"twitter:data1\" content=\"Wided Belhaj\" \/>\n\t<meta name=\"twitter:label2\" content=\"Dur\u00e9e de lecture estim\u00e9e\" \/>\n\t<meta name=\"twitter:data2\" content=\"2 minutes\" \/>\n<script type=\"application\/ld+json\" class=\"yoast-schema-graph\">{\"@context\":\"https:\\\/\\\/schema.org\",\"@graph\":[{\"@type\":\"NewsArticle\",\"@id\":\"https:\\\/\\\/www.webdo.tn\\\/fr\\\/actualite\\\/sport\\\/apres-la-reunion-au-ministere-le-choix-dun-selectionneur-tunisien-simpose\\\/391021\\\/#article\",\"isPartOf\":{\"@id\":\"https:\\\/\\\/www.webdo.tn\\\/fr\\\/actualite\\\/sport\\\/apres-la-reunion-au-ministere-le-choix-dun-selectionneur-tunisien-simpose\\\/391021\\\/\"},\"author\":{\"name\":\"Wided Belhaj\",\"@id\":\"https:\\\/\\\/www.webdo.tn\\\/fr\\\/#\\\/schema\\\/person\\\/b9ecde7a5574cb4fcf4b496ea5fadb15\"},\"headline\":\"Apr\u00e8s la r\u00e9union au minist\u00e8re, le choix d\u2019un s\u00e9lectionneur tunisien s\u2019impose\",\"datePublished\":\"2026-01-09T17:29:51+00:00\",\"dateModified\":\"2026-01-09T17:29:52+00:00\",\"mainEntityOfPage\":{\"@id\":\"https:\\\/\\\/www.webdo.tn\\\/fr\\\/actualite\\\/sport\\\/apres-la-reunion-au-ministere-le-choix-dun-selectionneur-tunisien-simpose\\\/391021\\\/\"},\"wordCount\":400,\"publisher\":{\"@id\":\"https:\\\/\\\/www.webdo.tn\\\/fr\\\/#organization\"},\"image\":{\"@id\":\"https:\\\/\\\/www.webdo.tn\\\/fr\\\/actualite\\\/sport\\\/apres-la-reunion-au-ministere-le-choix-dun-selectionneur-tunisien-simpose\\\/391021\\\/#primaryimage\"},\"thumbnailUrl\":\"https:\\\/\\\/www.webdo.tn\\\/fr\\\/wp-content\\\/uploads\\\/2026\\\/01\\\/Capture-decran-2026-01-09-182901.jpg\",\"keywords\":[\"football\",\"s\u00e9lectionneur\",\"Tunisie\"],\"articleSection\":[\"Sport\"],\"inLanguage\":\"fr-FR\"},{\"@type\":\"WebPage\",\"@id\":\"https:\\\/\\\/www.webdo.tn\\\/fr\\\/actualite\\\/sport\\\/apres-la-reunion-au-ministere-le-choix-dun-selectionneur-tunisien-simpose\\\/391021\\\/\",\"url\":\"https:\\\/\\\/www.webdo.tn\\\/fr\\\/actualite\\\/sport\\\/apres-la-reunion-au-ministere-le-choix-dun-selectionneur-tunisien-simpose\\\/391021\\\/\",\"name\":\"Apr\u00e8s la r\u00e9union au minist\u00e8re, le choix d\u2019un s\u00e9lectionneur tunisien s\u2019impose - webdo\",\"isPartOf\":{\"@id\":\"https:\\\/\\\/www.webdo.tn\\\/fr\\\/#website\"},\"primaryImageOfPage\":{\"@id\":\"https:\\\/\\\/www.webdo.tn\\\/fr\\\/actualite\\\/sport\\\/apres-la-reunion-au-ministere-le-choix-dun-selectionneur-tunisien-simpose\\\/391021\\\/#primaryimage\"},\"image\":{\"@id\":\"https:\\\/\\\/www.webdo.tn\\\/fr\\\/actualite\\\/sport\\\/apres-la-reunion-au-ministere-le-choix-dun-selectionneur-tunisien-simpose\\\/391021\\\/#primaryimage\"},\"thumbnailUrl\":\"https:\\\/\\\/www.webdo.tn\\\/fr\\\/wp-content\\\/uploads\\\/2026\\\/01\\\/Capture-decran-2026-01-09-182901.jpg\",\"datePublished\":\"2026-01-09T17:29:51+00:00\",\"dateModified\":\"2026-01-09T17:29:52+00:00\",\"description\":\"D\u00e9couvrez les enjeux du prochain s\u00e9lectionneur tunisien apr\u00e8s l'\u00e9limination \u00e0 la Coupe d'Afrique des Nations 2025.\",\"breadcrumb\":{\"@id\":\"https:\\\/\\\/www.webdo.tn\\\/fr\\\/actualite\\\/sport\\\/apres-la-reunion-au-ministere-le-choix-dun-selectionneur-tunisien-simpose\\\/391021\\\/#breadcrumb\"},\"inLanguage\":\"fr-FR\",\"potentialAction\":[{\"@type\":\"ReadAction\",\"target\":[\"https:\\\/\\\/www.webdo.tn\\\/fr\\\/actualite\\\/sport\\\/apres-la-reunion-au-ministere-le-choix-dun-selectionneur-tunisien-simpose\\\/391021\\\/\"]}]},{\"@type\":\"ImageObject\",\"inLanguage\":\"fr-FR\",\"@id\":\"https:\\\/\\\/www.webdo.tn\\\/fr\\\/actualite\\\/sport\\\/apres-la-reunion-au-ministere-le-choix-dun-selectionneur-tunisien-simpose\\\/391021\\\/#primaryimage\",\"url\":\"https:\\\/\\\/www.webdo.tn\\\/fr\\\/wp-content\\\/uploads\\\/2026\\\/01\\\/Capture-decran-2026-01-09-182901.jpg\",\"contentUrl\":\"https:\\\/\\\/www.webdo.tn\\\/fr\\\/wp-content\\\/uploads\\\/2026\\\/01\\\/Capture-decran-2026-01-09-182901.jpg\",\"width\":1320,\"height\":772},{\"@type\":\"BreadcrumbList\",\"@id\":\"https:\\\/\\\/www.webdo.tn\\\/fr\\\/actualite\\\/sport\\\/apres-la-reunion-au-ministere-le-choix-dun-selectionneur-tunisien-simpose\\\/391021\\\/#breadcrumb\",\"itemListElement\":[{\"@type\":\"ListItem\",\"position\":1,\"name\":\"Accueil\",\"item\":\"https:\\\/\\\/www.webdo.tn\\\/fr\\\/\"},{\"@type\":\"ListItem\",\"position\":2,\"name\":\"Apr\u00e8s la r\u00e9union au minist\u00e8re, le choix d\u2019un s\u00e9lectionneur tunisien s\u2019impose\"}]},{\"@type\":\"WebSite\",\"@id\":\"https:\\\/\\\/www.webdo.tn\\\/fr\\\/#website\",\"url\":\"https:\\\/\\\/www.webdo.tn\\\/fr\\\/\",\"name\":\"webdo\",\"description\":\"Tunisie - News en Tunisie et \u00e0 l&#039;international sur Webdo.tn\",\"publisher\":{\"@id\":\"https:\\\/\\\/www.webdo.tn\\\/fr\\\/#organization\"},\"potentialAction\":[{\"@type\":\"SearchAction\",\"target\":{\"@type\":\"EntryPoint\",\"urlTemplate\":\"https:\\\/\\\/www.webdo.tn\\\/fr\\\/?s={search_term_string}\"},\"query-input\":{\"@type\":\"PropertyValueSpecification\",\"valueRequired\":true,\"valueName\":\"search_term_string\"}}],\"inLanguage\":\"fr-FR\"},{\"@type\":\"Organization\",\"@id\":\"https:\\\/\\\/www.webdo.tn\\\/fr\\\/#organization\",\"name\":\"Webdo\",\"alternateName\":\"Webdo.tn\",\"url\":\"https:\\\/\\\/www.webdo.tn\\\/fr\\\/\",\"logo\":{\"@type\":\"ImageObject\",\"inLanguage\":\"fr-FR\",\"@id\":\"https:\\\/\\\/www.webdo.tn\\\/fr\\\/#\\\/schema\\\/logo\\\/image\\\/\",\"url\":\"https:\\\/\\\/www.webdo.tn\\\/fr\\\/wp-content\\\/uploads\\\/2025\\\/06\\\/Webdo-Tunisie_168377.jpg\",\"contentUrl\":\"https:\\\/\\\/www.webdo.tn\\\/fr\\\/wp-content\\\/uploads\\\/2025\\\/06\\\/Webdo-Tunisie_168377.jpg\",\"width\":301,\"height\":301,\"caption\":\"Webdo\"},\"image\":{\"@id\":\"https:\\\/\\\/www.webdo.tn\\\/fr\\\/#\\\/schema\\\/logo\\\/image\\\/\"},\"sameAs\":[\"https:\\\/\\\/www.facebook.com\\\/webdotn\",\"https:\\\/\\\/x.com\\\/webdo_tn\"],\"description\":\"Webdo est un m\u00e9dia num\u00e9rique tunisien fond\u00e9 en 2010, sp\u00e9cialis\u00e9 dans l\u2019actualit\u00e9 nationale et internationale, l\u2019\u00e9conomie, la soci\u00e9t\u00e9 et les analyses politiques. Le site s\u2019adresse \u00e0 un large public francophone et couvre l\u2019information tunisienne en temps r\u00e9el.\",\"email\":\"redac@webdo.tn\",\"legalName\":\"YNJ SARL\",\"foundingDate\":\"2010-09-06\",\"numberOfEmployees\":{\"@type\":\"QuantitativeValue\",\"minValue\":\"11\",\"maxValue\":\"50\"}},{\"@type\":\"Person\",\"@id\":\"https:\\\/\\\/www.webdo.tn\\\/fr\\\/#\\\/schema\\\/person\\\/b9ecde7a5574cb4fcf4b496ea5fadb15\",\"name\":\"Wided Belhaj\",\"image\":{\"@type\":\"ImageObject\",\"inLanguage\":\"fr-FR\",\"@id\":\"https:\\\/\\\/www.webdo.tn\\\/fr\\\/wp-content\\\/uploads\\\/2026\\\/04\\\/wided-belhaj_avatar-96x96.jpg\",\"url\":\"https:\\\/\\\/www.webdo.tn\\\/fr\\\/wp-content\\\/uploads\\\/2026\\\/04\\\/wided-belhaj_avatar-96x96.jpg\",\"contentUrl\":\"https:\\\/\\\/www.webdo.tn\\\/fr\\\/wp-content\\\/uploads\\\/2026\\\/04\\\/wided-belhaj_avatar-96x96.jpg\",\"caption\":\"Wided Belhaj\"},\"description\":\"Wided Belhaj est le pseudonyme \u00e9ditorial utilis\u00e9 par Khalil Jelassi, journaliste, ma\u00eetre-assistant \u00e0 l\u2019Institut de presse et des sciences de l\u2019information (IPSI) et chercheur en sciences de l\u2019information et de la communication. Cette signature est d\u00e9di\u00e9e \u00e0 l\u2019analyse des m\u00e9dias, des pratiques journalistiques et des mutations de l\u2019information \u00e0 l\u2019\u00e8re digitale. \u00c0 travers ses contributions, Wided Belhaj propose une lecture analytique de l\u2019actualit\u00e9, en croisant regard critique et expertise acad\u00e9mique.\",\"knowsAbout\":[\"m\u00e9dias\",\"journalisme\",\"communication\",\"information\",\"transformation num\u00e9rique\",\"analyse des m\u00e9dias\"],\"knowsLanguage\":[\"Fran\u00e7ais\",\"Arabe\"],\"jobTitle\":\"Webdo.tn\",\"worksFor\":\"Journaliste \u2013 Analyse des m\u00e9dias\",\"url\":\"https:\\\/\\\/www.webdo.tn\\\/fr\\\/actualite\\\/author\\\/wided-belhaj\\\/\"}]}<\/script>\n<!-- \/ Yoast SEO Premium plugin. -->","yoast_head_json":{"title":"Apr\u00e8s la r\u00e9union au minist\u00e8re, le choix d\u2019un s\u00e9lectionneur tunisien s\u2019impose - webdo","description":"D\u00e9couvrez les enjeux du prochain s\u00e9lectionneur tunisien apr\u00e8s l'\u00e9limination \u00e0 la Coupe d'Afrique des Nations 2025.","canonical":"https:\/\/www.webdo.tn\/fr\/actualite\/sport\/apres-la-reunion-au-ministere-le-choix-dun-selectionneur-tunisien-simpose\/391021\/","og_locale":"fr_FR","og_type":"article","og_title":"Apr\u00e8s la r\u00e9union au minist\u00e8re, le choix d\u2019un s\u00e9lectionneur tunisien s\u2019impose","og_description":"D\u00e9couvrez les enjeux du prochain s\u00e9lectionneur tunisien apr\u00e8s l'\u00e9limination \u00e0 la Coupe d'Afrique des Nations 2025.","og_url":"https:\/\/www.webdo.tn\/fr\/actualite\/sport\/apres-la-reunion-au-ministere-le-choix-dun-selectionneur-tunisien-simpose\/391021\/","og_site_name":"webdo","article_publisher":"https:\/\/www.facebook.com\/webdotn","article_published_time":"2026-01-09T17:29:51+00:00","article_modified_time":"2026-01-09T17:29:52+00:00","og_image":[{"width":1320,"height":772,"url":"https:\/\/www.webdo.tn\/fr\/wp-content\/uploads\/2026\/01\/Capture-decran-2026-01-09-182901.jpg","type":"image\/jpeg"}],"author":"Wided Belhaj","twitter_card":"summary_large_image","twitter_creator":"@webdo_tn","twitter_site":"@webdo_tn","twitter_misc":{"\u00c9crit par":"Wided Belhaj","Dur\u00e9e de lecture estim\u00e9e":"2 minutes"},"schema":{"@context":"https:\/\/schema.org","@graph":[{"@type":"NewsArticle","@id":"https:\/\/www.webdo.tn\/fr\/actualite\/sport\/apres-la-reunion-au-ministere-le-choix-dun-selectionneur-tunisien-simpose\/391021\/#article","isPartOf":{"@id":"https:\/\/www.webdo.tn\/fr\/actualite\/sport\/apres-la-reunion-au-ministere-le-choix-dun-selectionneur-tunisien-simpose\/391021\/"},"author":{"name":"Wided Belhaj","@id":"https:\/\/www.webdo.tn\/fr\/#\/schema\/person\/b9ecde7a5574cb4fcf4b496ea5fadb15"},"headline":"Apr\u00e8s la r\u00e9union au minist\u00e8re, le choix d\u2019un s\u00e9lectionneur tunisien s\u2019impose","datePublished":"2026-01-09T17:29:51+00:00","dateModified":"2026-01-09T17:29:52+00:00","mainEntityOfPage":{"@id":"https:\/\/www.webdo.tn\/fr\/actualite\/sport\/apres-la-reunion-au-ministere-le-choix-dun-selectionneur-tunisien-simpose\/391021\/"},"wordCount":400,"publisher":{"@id":"https:\/\/www.webdo.tn\/fr\/#organization"},"image":{"@id":"https:\/\/www.webdo.tn\/fr\/actualite\/sport\/apres-la-reunion-au-ministere-le-choix-dun-selectionneur-tunisien-simpose\/391021\/#primaryimage"},"thumbnailUrl":"https:\/\/www.webdo.tn\/fr\/wp-content\/uploads\/2026\/01\/Capture-decran-2026-01-09-182901.jpg","keywords":["football","s\u00e9lectionneur","Tunisie"],"articleSection":["Sport"],"inLanguage":"fr-FR"},{"@type":"WebPage","@id":"https:\/\/www.webdo.tn\/fr\/actualite\/sport\/apres-la-reunion-au-ministere-le-choix-dun-selectionneur-tunisien-simpose\/391021\/","url":"https:\/\/www.webdo.tn\/fr\/actualite\/sport\/apres-la-reunion-au-ministere-le-choix-dun-selectionneur-tunisien-simpose\/391021\/","name":"Apr\u00e8s la r\u00e9union au minist\u00e8re, le choix d\u2019un s\u00e9lectionneur tunisien s\u2019impose - webdo","isPartOf":{"@id":"https:\/\/www.webdo.tn\/fr\/#website"},"primaryImageOfPage":{"@id":"https:\/\/www.webdo.tn\/fr\/actualite\/sport\/apres-la-reunion-au-ministere-le-choix-dun-selectionneur-tunisien-simpose\/391021\/#primaryimage"},"image":{"@id":"https:\/\/www.webdo.tn\/fr\/actualite\/sport\/apres-la-reunion-au-ministere-le-choix-dun-selectionneur-tunisien-simpose\/391021\/#primaryimage"},"thumbnailUrl":"https:\/\/www.webdo.tn\/fr\/wp-content\/uploads\/2026\/01\/Capture-decran-2026-01-09-182901.jpg","datePublished":"2026-01-09T17:29:51+00:00","dateModified":"2026-01-09T17:29:52+00:00","description":"D\u00e9couvrez les enjeux du prochain s\u00e9lectionneur tunisien apr\u00e8s l'\u00e9limination \u00e0 la Coupe d'Afrique des Nations 2025.","breadcrumb":{"@id":"https:\/\/www.webdo.tn\/fr\/actualite\/sport\/apres-la-reunion-au-ministere-le-choix-dun-selectionneur-tunisien-simpose\/391021\/#breadcrumb"},"inLanguage":"fr-FR","potentialAction":[{"@type":"ReadAction","target":["https:\/\/www.webdo.tn\/fr\/actualite\/sport\/apres-la-reunion-au-ministere-le-choix-dun-selectionneur-tunisien-simpose\/391021\/"]}]},{"@type":"ImageObject","inLanguage":"fr-FR","@id":"https:\/\/www.webdo.tn\/fr\/actualite\/sport\/apres-la-reunion-au-ministere-le-choix-dun-selectionneur-tunisien-simpose\/391021\/#primaryimage","url":"https:\/\/www.webdo.tn\/fr\/wp-content\/uploads\/2026\/01\/Capture-decran-2026-01-09-182901.jpg","contentUrl":"https:\/\/www.webdo.tn\/fr\/wp-content\/uploads\/2026\/01\/Capture-decran-2026-01-09-182901.jpg","width":1320,"height":772},{"@type":"BreadcrumbList","@id":"https:\/\/www.webdo.tn\/fr\/actualite\/sport\/apres-la-reunion-au-ministere-le-choix-dun-selectionneur-tunisien-simpose\/391021\/#breadcrumb","itemListElement":[{"@type":"ListItem","position":1,"name":"Accueil","item":"https:\/\/www.webdo.tn\/fr\/"},{"@type":"ListItem","position":2,"name":"Apr\u00e8s la r\u00e9union au minist\u00e8re, le choix d\u2019un s\u00e9lectionneur tunisien s\u2019impose"}]},{"@type":"WebSite","@id":"https:\/\/www.webdo.tn\/fr\/#website","url":"https:\/\/www.webdo.tn\/fr\/","name":"webdo","description":"Tunisie - News en Tunisie et \u00e0 l&#039;international sur Webdo.tn","publisher":{"@id":"https:\/\/www.webdo.tn\/fr\/#organization"},"potentialAction":[{"@type":"SearchAction","target":{"@type":"EntryPoint","urlTemplate":"https:\/\/www.webdo.tn\/fr\/?s={search_term_string}"},"query-input":{"@type":"PropertyValueSpecification","valueRequired":true,"valueName":"search_term_string"}}],"inLanguage":"fr-FR"},{"@type":"Organization","@id":"https:\/\/www.webdo.tn\/fr\/#organization","name":"Webdo","alternateName":"Webdo.tn","url":"https:\/\/www.webdo.tn\/fr\/","logo":{"@type":"ImageObject","inLanguage":"fr-FR","@id":"https:\/\/www.webdo.tn\/fr\/#\/schema\/logo\/image\/","url":"https:\/\/www.webdo.tn\/fr\/wp-content\/uploads\/2025\/06\/Webdo-Tunisie_168377.jpg","contentUrl":"https:\/\/www.webdo.tn\/fr\/wp-content\/uploads\/2025\/06\/Webdo-Tunisie_168377.jpg","width":301,"height":301,"caption":"Webdo"},"image":{"@id":"https:\/\/www.webdo.tn\/fr\/#\/schema\/logo\/image\/"},"sameAs":["https:\/\/www.facebook.com\/webdotn","https:\/\/x.com\/webdo_tn"],"description":"Webdo est un m\u00e9dia num\u00e9rique tunisien fond\u00e9 en 2010, sp\u00e9cialis\u00e9 dans l\u2019actualit\u00e9 nationale et internationale, l\u2019\u00e9conomie, la soci\u00e9t\u00e9 et les analyses politiques. Le site s\u2019adresse \u00e0 un large public francophone et couvre l\u2019information tunisienne en temps r\u00e9el.","email":"redac@webdo.tn","legalName":"YNJ SARL","foundingDate":"2010-09-06","numberOfEmployees":{"@type":"QuantitativeValue","minValue":"11","maxValue":"50"}},{"@type":"Person","@id":"https:\/\/www.webdo.tn\/fr\/#\/schema\/person\/b9ecde7a5574cb4fcf4b496ea5fadb15","name":"Wided Belhaj","image":{"@type":"ImageObject","inLanguage":"fr-FR","@id":"https:\/\/www.webdo.tn\/fr\/wp-content\/uploads\/2026\/04\/wided-belhaj_avatar-96x96.jpg","url":"https:\/\/www.webdo.tn\/fr\/wp-content\/uploads\/2026\/04\/wided-belhaj_avatar-96x96.jpg","contentUrl":"https:\/\/www.webdo.tn\/fr\/wp-content\/uploads\/2026\/04\/wided-belhaj_avatar-96x96.jpg","caption":"Wided Belhaj"},"description":"Wided Belhaj est le pseudonyme \u00e9ditorial utilis\u00e9 par Khalil Jelassi, journaliste, ma\u00eetre-assistant \u00e0 l\u2019Institut de presse et des sciences de l\u2019information (IPSI) et chercheur en sciences de l\u2019information et de la communication. Cette signature est d\u00e9di\u00e9e \u00e0 l\u2019analyse des m\u00e9dias, des pratiques journalistiques et des mutations de l\u2019information \u00e0 l\u2019\u00e8re digitale. \u00c0 travers ses contributions, Wided Belhaj propose une lecture analytique de l\u2019actualit\u00e9, en croisant regard critique et expertise acad\u00e9mique.","knowsAbout":["m\u00e9dias","journalisme","communication","information","transformation num\u00e9rique","analyse des m\u00e9dias"],"knowsLanguage":["Fran\u00e7ais","Arabe"],"jobTitle":"Webdo.tn","worksFor":"Journaliste \u2013 Analyse des m\u00e9dias","url":"https:\/\/www.webdo.tn\/fr\/actualite\/author\/wided-belhaj\/"}]}},"_links":{"self":[{"href":"https:\/\/www.webdo.tn\/fr\/wp-json\/wp\/v2\/posts\/391021","targetHints":{"allow":["GET"]}}],"collection":[{"href":"https:\/\/www.webdo.tn\/fr\/wp-json\/wp\/v2\/posts"}],"about":[{"href":"https:\/\/www.webdo.tn\/fr\/wp-json\/wp\/v2\/types\/post"}],"author":[{"embeddable":true,"href":"https:\/\/www.webdo.tn\/fr\/wp-json\/wp\/v2\/users\/3184"}],"replies":[{"embeddable":true,"href":"https:\/\/www.webdo.tn\/fr\/wp-json\/wp\/v2\/comments?post=391021"}],"version-history":[{"count":0,"href":"https:\/\/www.webdo.tn\/fr\/wp-json\/wp\/v2\/posts\/391021\/revisions"}],"wp:featuredmedia":[{"embeddable":true,"href":"https:\/\/www.webdo.tn\/fr\/wp-json\/wp\/v2\/media\/391022"}],"wp:attachment":[{"href":"https:\/\/www.webdo.tn\/fr\/wp-json\/wp\/v2\/media?parent=391021"}],"wp:term":[{"taxonomy":"category","embeddable":true,"href":"https:\/\/www.webdo.tn\/fr\/wp-json\/wp\/v2\/categories?post=391021"},{"taxonomy":"post_tag","embeddable":true,"href":"https:\/\/www.webdo.tn\/fr\/wp-json\/wp\/v2\/tags?post=391021"}],"curies":[{"name":"wp","href":"https:\/\/api.w.org\/{rel}","templated":true}]}}