{"id":390984,"date":"2026-01-09T10:46:21","date_gmt":"2026-01-09T09:46:21","guid":{"rendered":"https:\/\/www.webdo.tn\/fr\/?p=390984"},"modified":"2026-01-09T10:46:22","modified_gmt":"2026-01-09T09:46:22","slug":"musee-militaire-national-exposition-sur-le-debarquement-de-larmee-serbe-a-bizerte-en-1916","status":"publish","type":"post","link":"https:\/\/www.webdo.tn\/fr\/actualite\/chroniques\/musee-militaire-national-exposition-sur-le-debarquement-de-larmee-serbe-a-bizerte-en-1916\/390984\/","title":{"rendered":"Mus\u00e9e militaire national : Exposition sur le d\u00e9barquement de l&rsquo;arm\u00e9e serbe \u00e0 Bizerte en 1916"},"content":{"rendered":"\n<p>Le Mus\u00e9e militaire national accueille actuellement une exposition temporaire intitul\u00e9e \u00a0\u00bb Bizerte 1916-1919 : Refuge de la Libert\u00e9 \u00ab\u00a0. Cette exposition initi\u00e9e par l&rsquo;ambassade de la R\u00e9publique de Serbie en Tunisie est organis\u00e9 en partenariat entre le Mus\u00e9e militaire national tunisien et le Mus\u00e9e militaire de Belgrade.<\/p>\n\n\n\n<p>Cette exposition se tient sous le patronage de Son Excellence Dijana Ivancic, ambassadrice de la R\u00e9publique de Serbie en Tunisie. L&rsquo;\u00e9v\u00e9nement est organis\u00e9 \u00e0 l&rsquo;occasion du cent-dixi\u00e8me anniversaire de l&rsquo;arriv\u00e9e de l&rsquo;arm\u00e9e serbe \u00e0 Bizerte en 1916.<\/p>\n\n\n\n<p>Cet \u00e9pisode de la Premi\u00e8re guerre mondiale reste peu connu. Sa m\u00e9moire a \u00e9t\u00e9 raviv\u00e9e par les r\u00e9centes comm\u00e9morations de la guerre de 14-18 et un ouvrage que lui a consacr\u00e9 l\u2019universitaire Ali Ait Mihoub.<\/p>\n\n\n\n<p>Essayons de revenir ensemble sur ces \u00e9v\u00e9nements qui se sont d\u00e9roul\u00e9s en 1916 sur le sol tunisien lorsque le grand croiseur \u00ab Victor Hugo \u00bb a d\u00e9barqu\u00e9 au port de Bizerte le dixi\u00e8me r\u00e9giment de l\u2019arm\u00e9e serbe ainsi que des civils relativement nombreux.<\/p>\n\n\n\n<p><\/p>\n\n\n<div class=\"wp-block-image\">\n<figure class=\"aligncenter size-full\"><img decoding=\"async\" width=\"960\" height=\"628\" src=\"https:\/\/www.webdo.tn\/fr\/wp-content\/uploads\/2026\/01\/serbes.jpeg\" alt=\"\" class=\"wp-image-390985\" srcset=\"https:\/\/www.webdo.tn\/fr\/wp-content\/uploads\/2026\/01\/serbes.jpeg 960w, https:\/\/www.webdo.tn\/fr\/wp-content\/uploads\/2026\/01\/serbes-300x196.jpeg 300w, https:\/\/www.webdo.tn\/fr\/wp-content\/uploads\/2026\/01\/serbes-768x502.jpeg 768w, https:\/\/www.webdo.tn\/fr\/wp-content\/uploads\/2026\/01\/serbes-750x491.jpeg 750w\" sizes=\"(max-width: 960px) 100vw, 960px\" \/><\/figure>\n<\/div>\n\n\n<p><\/p>\n\n\n\n<p>Comment et pourquoi ces soldats sont-ils arriv\u00e9s en Tunisie? Pour le comprendre, il faut remonter \u00e0 octobre 1915 lorsque les forces allemandes, austro-hongroises et bulgares avaient attaqu\u00e9 la Serbie.<\/p>\n\n\n\n<p>Prise de court et surclass\u00e9e, l\u2019arm\u00e9e serbe avait du battre en retraite vers le sud et s\u2019\u00e9tait dirig\u00e9e vers la Gr\u00e8ce et l\u2019Albanie.<\/p>\n\n\n\n<p>Un accord allait \u00eatre alors trouv\u00e9 avec la France pour que les malades et bless\u00e9s ainsi que de nombreux soldats \u00e9puis\u00e9s par la retraite soient transf\u00e9r\u00e9s dans le sud de la France et en Afrique du nord.<\/p>\n\n\n\n<p>C\u2019est dans ce contexte que le \u00ab Victor Hugo \u00bb et d\u2019autres navires ont transport\u00e9 ces soldats qui seront accueillis \u00e0 Bizerte par l\u2019amiral Gu\u00e9prette, commandant des troupes en Tunisie.Les chiffres \u00e0 cet \u00e9gard sont confus. L\u2019exode aurait concern\u00e9 en tout 61.250 soldats ainsi que des civils. D\u2019autres chiffres \u00e9voquent la pr\u00e9sence de 13.000 soldats qui auraient fait la travers\u00e9e vers Bizerte depuis Thessalonique. Enfin, le nombre de 52.000 soldats serbes en Tunisie est lui aussi \u00e9voqu\u00e9 ainsi que celui de 5000 Serbes qui ont r\u00e9sid\u00e9 \u00e0 Bizerte entre 1916 et 1919.<\/p>\n\n\n\n<p>Arriv\u00e9s le 10 janvier 1916, la plupart des soldats avaient \u00e9t\u00e9 renvoy\u00e9s vers les th\u00e9\u00e2tres d\u2019op\u00e9ration en 1917.<\/p>\n\n\n\n<p>A leur arriv\u00e9e \u00e0 Bizerte, ils avaient \u00e9t\u00e9 plac\u00e9s dans la caserne Lambert puis d\u00e9plac\u00e9s \u00e0 Lazouaz dans un camp de tentes qui se trouve aux environs du Nadhour.<\/p>\n\n\n\n<p>Deux cents baraques seront ensuite construites sur place pour accueillir ces r\u00e9fugi\u00e9s serbes qui avaient auparavant subi une quarantaine et les vaccins d\u2019usage.Arriv\u00e9s en piteux \u00e9tat, beaucoup de ces soldats ne tiendront pas longtemps. En effet, plus de 3200 d\u2019entre eux sont d\u00e9c\u00e9d\u00e9s ici et reposent en terre tunisienne entre autres au cimeti\u00e8re militaire serbe de Menzel Bourguiba o\u00f9 ils sont 1800 \u00e0 avoir \u00e9t\u00e9 inhum\u00e9s.<\/p>\n\n\n\n<p>Cet \u00e9pisode de la Premi\u00e8re guerre mondiale reste peu connu mais est ressorti de l\u2019oubli ces derni\u00e8res ann\u00e9es. Plusieurs photos d\u2019\u00e9poque t\u00e9moignent \u00e9galement de cette pr\u00e9sence de l\u2019arm\u00e9e serbe en Tunisie. Ces photos seront visibles le temps de l&rsquo;exposition qu&rsquo;accueille \u00e0 partir d&rsquo;aujourd&rsquo;hui le Mus\u00e9e militaire national de la Manouba en partenariat avec le Mus\u00e9e militaire de Belgrade et l&rsquo;ambassade de la R\u00e9publique de Serbie en Tunisie.<\/p>\n\n\n\n<p><\/p>\n\n\n\n<blockquote class=\"wp-block-quote is-layout-flow wp-block-quote-is-layout-flow\">\n<blockquote class=\"wp-block-quote is-layout-flow wp-block-quote-is-layout-flow\">\n<p><strong>Lire aussi :<\/strong><\/p>\n\n\n\n<ul class=\"wp-block-list\">\n<li><a href=\"https:\/\/www.webdo.tn\/fr\/actualite\/chroniques\/une-page-dhistoire-quand-52-000-soldats-serbes-ont-debarque-a-bizerte\/188249\/\">Une page d\u2019histoire : Quand 52.000 soldats serbes ont d\u00e9barqu\u00e9 \u00e0 Bizerte<\/a><\/li>\n<\/ul>\n<\/blockquote>\n<\/blockquote>\n","protected":false},"excerpt":{"rendered":"<p>Le Mus\u00e9e militaire national accueille actuellement une exposition temporaire intitul\u00e9e \u00a0\u00bb Bizerte 1916-1919 : Refuge de la Libert\u00e9 \u00ab\u00a0. Cette exposition initi\u00e9e par l&rsquo;ambassade de la R\u00e9publique de Serbie en Tunisie est organis\u00e9 en partenariat entre le Mus\u00e9e militaire national tunisien et le Mus\u00e9e militaire de Belgrade. Cette exposition se tient sous le patronage de [&hellip;]<\/p>\n","protected":false},"author":3229,"featured_media":390986,"comment_status":"closed","ping_status":"closed","sticky":false,"template":"","format":"standard","meta":{"footnotes":""},"categories":[2596],"tags":[2707,13561,13560,2608],"class_list":["post-390984","post","type-post","status-publish","format-standard","has-post-thumbnail","hentry","category-chroniques","tag-bizerte","tag-premiere-guerre-mondiale","tag-serbes","tag-tunisie"],"yoast_head":"<!-- This site is optimized with the Yoast SEO Premium plugin v27.4 (Yoast SEO v27.4) - https:\/\/yoast.com\/product\/yoast-seo-premium-wordpress\/ -->\n<title>Mus\u00e9e militaire national : Exposition sur le d\u00e9barquement de l&#039;arm\u00e9e serbe \u00e0 Bizerte en 1916 - webdo<\/title>\n<meta name=\"description\" content=\"Visitez le Mus\u00e9e militaire national pour l&#039;exposition sur le d\u00e9barquement serbe \u00e0 Bizerte, un important \u00e9v\u00e9nement de 1916.\" \/>\n<link rel=\"canonical\" href=\"https:\/\/www.webdo.tn\/fr\/actualite\/chroniques\/musee-militaire-national-exposition-sur-le-debarquement-de-larmee-serbe-a-bizerte-en-1916\/390984\/\" \/>\n<meta property=\"og:locale\" content=\"fr_FR\" \/>\n<meta property=\"og:type\" content=\"article\" \/>\n<meta property=\"og:title\" content=\"Mus\u00e9e militaire national : Exposition sur le d\u00e9barquement de l&#039;arm\u00e9e serbe \u00e0 Bizerte en 1916\" \/>\n<meta property=\"og:description\" content=\"Visitez le Mus\u00e9e militaire national pour l&#039;exposition sur le d\u00e9barquement serbe \u00e0 Bizerte, un important \u00e9v\u00e9nement de 1916.\" \/>\n<meta property=\"og:url\" content=\"https:\/\/www.webdo.tn\/fr\/actualite\/chroniques\/musee-militaire-national-exposition-sur-le-debarquement-de-larmee-serbe-a-bizerte-en-1916\/390984\/\" \/>\n<meta property=\"og:site_name\" content=\"webdo\" \/>\n<meta property=\"article:publisher\" content=\"https:\/\/www.facebook.com\/webdotn\" \/>\n<meta property=\"article:author\" content=\"https:\/\/www.facebook.com\/hatem.bourial.2025\" \/>\n<meta property=\"article:published_time\" content=\"2026-01-09T09:46:21+00:00\" \/>\n<meta property=\"article:modified_time\" content=\"2026-01-09T09:46:22+00:00\" \/>\n<meta property=\"og:image\" content=\"https:\/\/www.webdo.tn\/fr\/wp-content\/uploads\/2026\/01\/serbes2.jpeg\" \/>\n\t<meta property=\"og:image:width\" content=\"1200\" \/>\n\t<meta property=\"og:image:height\" content=\"603\" \/>\n\t<meta property=\"og:image:type\" content=\"image\/jpeg\" \/>\n<meta name=\"author\" content=\"Hatem Bourial\" \/>\n<meta name=\"twitter:card\" content=\"summary_large_image\" \/>\n<meta name=\"twitter:creator\" content=\"@webdo_tn\" \/>\n<meta name=\"twitter:site\" content=\"@webdo_tn\" \/>\n<meta name=\"twitter:label1\" content=\"\u00c9crit par\" \/>\n\t<meta name=\"twitter:data1\" content=\"Hatem Bourial\" \/>\n\t<meta name=\"twitter:label2\" content=\"Dur\u00e9e de lecture estim\u00e9e\" \/>\n\t<meta name=\"twitter:data2\" content=\"4 minutes\" \/>\n<script type=\"application\/ld+json\" class=\"yoast-schema-graph\">{\"@context\":\"https:\\\/\\\/schema.org\",\"@graph\":[{\"@type\":\"NewsArticle\",\"@id\":\"https:\\\/\\\/www.webdo.tn\\\/fr\\\/actualite\\\/chroniques\\\/musee-militaire-national-exposition-sur-le-debarquement-de-larmee-serbe-a-bizerte-en-1916\\\/390984\\\/#article\",\"isPartOf\":{\"@id\":\"https:\\\/\\\/www.webdo.tn\\\/fr\\\/actualite\\\/chroniques\\\/musee-militaire-national-exposition-sur-le-debarquement-de-larmee-serbe-a-bizerte-en-1916\\\/390984\\\/\"},\"author\":{\"name\":\"Hatem Bourial\",\"@id\":\"https:\\\/\\\/www.webdo.tn\\\/fr\\\/#\\\/schema\\\/person\\\/6bc0beba2cd23aec27cb5df85ca2554f\"},\"headline\":\"Mus\u00e9e militaire national : Exposition sur le d\u00e9barquement de l&rsquo;arm\u00e9e serbe \u00e0 Bizerte en 1916\",\"datePublished\":\"2026-01-09T09:46:21+00:00\",\"dateModified\":\"2026-01-09T09:46:22+00:00\",\"mainEntityOfPage\":{\"@id\":\"https:\\\/\\\/www.webdo.tn\\\/fr\\\/actualite\\\/chroniques\\\/musee-militaire-national-exposition-sur-le-debarquement-de-larmee-serbe-a-bizerte-en-1916\\\/390984\\\/\"},\"wordCount\":610,\"publisher\":{\"@id\":\"https:\\\/\\\/www.webdo.tn\\\/fr\\\/#organization\"},\"image\":{\"@id\":\"https:\\\/\\\/www.webdo.tn\\\/fr\\\/actualite\\\/chroniques\\\/musee-militaire-national-exposition-sur-le-debarquement-de-larmee-serbe-a-bizerte-en-1916\\\/390984\\\/#primaryimage\"},\"thumbnailUrl\":\"https:\\\/\\\/www.webdo.tn\\\/fr\\\/wp-content\\\/uploads\\\/2026\\\/01\\\/serbes2.jpeg\",\"keywords\":[\"Bizerte\",\"Premi\u00e8re guerre mondiale\",\"serbes\",\"Tunisie\"],\"articleSection\":[\"Chroniques\"],\"inLanguage\":\"fr-FR\"},{\"@type\":\"WebPage\",\"@id\":\"https:\\\/\\\/www.webdo.tn\\\/fr\\\/actualite\\\/chroniques\\\/musee-militaire-national-exposition-sur-le-debarquement-de-larmee-serbe-a-bizerte-en-1916\\\/390984\\\/\",\"url\":\"https:\\\/\\\/www.webdo.tn\\\/fr\\\/actualite\\\/chroniques\\\/musee-militaire-national-exposition-sur-le-debarquement-de-larmee-serbe-a-bizerte-en-1916\\\/390984\\\/\",\"name\":\"Mus\u00e9e militaire national : Exposition sur le d\u00e9barquement de l'arm\u00e9e serbe \u00e0 Bizerte en 1916 - webdo\",\"isPartOf\":{\"@id\":\"https:\\\/\\\/www.webdo.tn\\\/fr\\\/#website\"},\"primaryImageOfPage\":{\"@id\":\"https:\\\/\\\/www.webdo.tn\\\/fr\\\/actualite\\\/chroniques\\\/musee-militaire-national-exposition-sur-le-debarquement-de-larmee-serbe-a-bizerte-en-1916\\\/390984\\\/#primaryimage\"},\"image\":{\"@id\":\"https:\\\/\\\/www.webdo.tn\\\/fr\\\/actualite\\\/chroniques\\\/musee-militaire-national-exposition-sur-le-debarquement-de-larmee-serbe-a-bizerte-en-1916\\\/390984\\\/#primaryimage\"},\"thumbnailUrl\":\"https:\\\/\\\/www.webdo.tn\\\/fr\\\/wp-content\\\/uploads\\\/2026\\\/01\\\/serbes2.jpeg\",\"datePublished\":\"2026-01-09T09:46:21+00:00\",\"dateModified\":\"2026-01-09T09:46:22+00:00\",\"description\":\"Visitez le Mus\u00e9e militaire national pour l'exposition sur le d\u00e9barquement serbe \u00e0 Bizerte, un important \u00e9v\u00e9nement de 1916.\",\"breadcrumb\":{\"@id\":\"https:\\\/\\\/www.webdo.tn\\\/fr\\\/actualite\\\/chroniques\\\/musee-militaire-national-exposition-sur-le-debarquement-de-larmee-serbe-a-bizerte-en-1916\\\/390984\\\/#breadcrumb\"},\"inLanguage\":\"fr-FR\",\"potentialAction\":[{\"@type\":\"ReadAction\",\"target\":[\"https:\\\/\\\/www.webdo.tn\\\/fr\\\/actualite\\\/chroniques\\\/musee-militaire-national-exposition-sur-le-debarquement-de-larmee-serbe-a-bizerte-en-1916\\\/390984\\\/\"]}]},{\"@type\":\"ImageObject\",\"inLanguage\":\"fr-FR\",\"@id\":\"https:\\\/\\\/www.webdo.tn\\\/fr\\\/actualite\\\/chroniques\\\/musee-militaire-national-exposition-sur-le-debarquement-de-larmee-serbe-a-bizerte-en-1916\\\/390984\\\/#primaryimage\",\"url\":\"https:\\\/\\\/www.webdo.tn\\\/fr\\\/wp-content\\\/uploads\\\/2026\\\/01\\\/serbes2.jpeg\",\"contentUrl\":\"https:\\\/\\\/www.webdo.tn\\\/fr\\\/wp-content\\\/uploads\\\/2026\\\/01\\\/serbes2.jpeg\",\"width\":1200,\"height\":603,\"caption\":\"Une page d\u2019histoire : Quand 52.000 soldats serbes ont d\u00e9barqu\u00e9 \u00e0 Bizerte\"},{\"@type\":\"BreadcrumbList\",\"@id\":\"https:\\\/\\\/www.webdo.tn\\\/fr\\\/actualite\\\/chroniques\\\/musee-militaire-national-exposition-sur-le-debarquement-de-larmee-serbe-a-bizerte-en-1916\\\/390984\\\/#breadcrumb\",\"itemListElement\":[{\"@type\":\"ListItem\",\"position\":1,\"name\":\"Accueil\",\"item\":\"https:\\\/\\\/www.webdo.tn\\\/fr\\\/\"},{\"@type\":\"ListItem\",\"position\":2,\"name\":\"Mus\u00e9e militaire national : Exposition sur le d\u00e9barquement de l&rsquo;arm\u00e9e serbe \u00e0 Bizerte en 1916\"}]},{\"@type\":\"WebSite\",\"@id\":\"https:\\\/\\\/www.webdo.tn\\\/fr\\\/#website\",\"url\":\"https:\\\/\\\/www.webdo.tn\\\/fr\\\/\",\"name\":\"webdo\",\"description\":\"Tunisie - News en Tunisie et \u00e0 l&#039;international sur Webdo.tn\",\"publisher\":{\"@id\":\"https:\\\/\\\/www.webdo.tn\\\/fr\\\/#organization\"},\"potentialAction\":[{\"@type\":\"SearchAction\",\"target\":{\"@type\":\"EntryPoint\",\"urlTemplate\":\"https:\\\/\\\/www.webdo.tn\\\/fr\\\/?s={search_term_string}\"},\"query-input\":{\"@type\":\"PropertyValueSpecification\",\"valueRequired\":true,\"valueName\":\"search_term_string\"}}],\"inLanguage\":\"fr-FR\"},{\"@type\":\"Organization\",\"@id\":\"https:\\\/\\\/www.webdo.tn\\\/fr\\\/#organization\",\"name\":\"Webdo\",\"alternateName\":\"Webdo.tn\",\"url\":\"https:\\\/\\\/www.webdo.tn\\\/fr\\\/\",\"logo\":{\"@type\":\"ImageObject\",\"inLanguage\":\"fr-FR\",\"@id\":\"https:\\\/\\\/www.webdo.tn\\\/fr\\\/#\\\/schema\\\/logo\\\/image\\\/\",\"url\":\"https:\\\/\\\/www.webdo.tn\\\/fr\\\/wp-content\\\/uploads\\\/2025\\\/06\\\/Webdo-Tunisie_168377.jpg\",\"contentUrl\":\"https:\\\/\\\/www.webdo.tn\\\/fr\\\/wp-content\\\/uploads\\\/2025\\\/06\\\/Webdo-Tunisie_168377.jpg\",\"width\":301,\"height\":301,\"caption\":\"Webdo\"},\"image\":{\"@id\":\"https:\\\/\\\/www.webdo.tn\\\/fr\\\/#\\\/schema\\\/logo\\\/image\\\/\"},\"sameAs\":[\"https:\\\/\\\/www.facebook.com\\\/webdotn\",\"https:\\\/\\\/x.com\\\/webdo_tn\"],\"description\":\"Webdo est un m\u00e9dia num\u00e9rique tunisien fond\u00e9 en 2010, sp\u00e9cialis\u00e9 dans l\u2019actualit\u00e9 nationale et internationale, l\u2019\u00e9conomie, la soci\u00e9t\u00e9 et les analyses politiques. Le site s\u2019adresse \u00e0 un large public francophone et couvre l\u2019information tunisienne en temps r\u00e9el.\",\"email\":\"redac@webdo.tn\",\"legalName\":\"YNJ SARL\",\"foundingDate\":\"2010-09-06\",\"numberOfEmployees\":{\"@type\":\"QuantitativeValue\",\"minValue\":\"11\",\"maxValue\":\"50\"}},{\"@type\":\"Person\",\"@id\":\"https:\\\/\\\/www.webdo.tn\\\/fr\\\/#\\\/schema\\\/person\\\/6bc0beba2cd23aec27cb5df85ca2554f\",\"name\":\"Hatem Bourial\",\"image\":{\"@type\":\"ImageObject\",\"inLanguage\":\"fr-FR\",\"@id\":\"https:\\\/\\\/www.webdo.tn\\\/fr\\\/wp-content\\\/uploads\\\/2026\\\/04\\\/hatem-bourial_avatar-96x96.jpg\",\"url\":\"https:\\\/\\\/www.webdo.tn\\\/fr\\\/wp-content\\\/uploads\\\/2026\\\/04\\\/hatem-bourial_avatar-96x96.jpg\",\"contentUrl\":\"https:\\\/\\\/www.webdo.tn\\\/fr\\\/wp-content\\\/uploads\\\/2026\\\/04\\\/hatem-bourial_avatar-96x96.jpg\",\"caption\":\"Hatem Bourial\"},\"description\":\"Hatem Bourial est journaliste, \u00e9crivain et chroniqueur tunisien. Actif depuis plusieurs d\u00e9cennies, il s\u2019est impos\u00e9 comme un observateur attentif de la soci\u00e9t\u00e9 tunisienne, m\u00ealant dans ses \u00e9crits m\u00e9moire, culture et analyse du quotidien. Auteur de nombreux ouvrages, il d\u00e9veloppe une \u0153uvre \u00e0 la crois\u00e9e du r\u00e9cit, de la po\u00e9sie et de l\u2019observation sociologique. Parall\u00e8lement \u00e0 ses contributions dans la presse, il intervient r\u00e9guli\u00e8rement \u00e0 la radio et dans des espaces culturels, o\u00f9 il explore les enjeux li\u00e9s au patrimoine, \u00e0 l\u2019identit\u00e9 et aux transformations du monde contemporain. \u00c0 travers ses chroniques, Hatem Bourial propose une lecture sensible et approfondie de l\u2019actualit\u00e9, nourrie par une exp\u00e9rience journalistique et litt\u00e9raire reconnue. \ud83d\udd17 Facebook : https:\\\/\\\/www.facebook.com\\\/hatem.bourial.2025\",\"sameAs\":[\"https:\\\/\\\/www.facebook.com\\\/hatem.bourial.2025\",\"https:\\\/\\\/fr.wikipedia.org\\\/wiki\\\/Fichier:Hatem_Bourial.jpg\"],\"knowsAbout\":[\"Culture & patrimoine tunisien\",\"Chronique soci\u00e9tale\",\"Litt\u00e9rature & m\u00e9moire\",\"Cin\u00e9ma & critique culturelle\",\"Identit\u00e9 & mutations sociales\"],\"knowsLanguage\":[\"Arabe\",\"Fran\u00e7ais\",\"Anglais\",\"Italien\",\"Polonais\"],\"jobTitle\":\"Journaliste, \u00e9crivain et chroniqueur culturel\",\"worksFor\":\"Webdo\",\"url\":\"https:\\\/\\\/www.webdo.tn\\\/fr\\\/actualite\\\/author\\\/hatem-bourial-2\\\/\"}]}<\/script>\n<!-- \/ Yoast SEO Premium plugin. -->","yoast_head_json":{"title":"Mus\u00e9e militaire national : Exposition sur le d\u00e9barquement de l'arm\u00e9e serbe \u00e0 Bizerte en 1916 - webdo","description":"Visitez le Mus\u00e9e militaire national pour l'exposition sur le d\u00e9barquement serbe \u00e0 Bizerte, un important \u00e9v\u00e9nement de 1916.","canonical":"https:\/\/www.webdo.tn\/fr\/actualite\/chroniques\/musee-militaire-national-exposition-sur-le-debarquement-de-larmee-serbe-a-bizerte-en-1916\/390984\/","og_locale":"fr_FR","og_type":"article","og_title":"Mus\u00e9e militaire national : Exposition sur le d\u00e9barquement de l'arm\u00e9e serbe \u00e0 Bizerte en 1916","og_description":"Visitez le Mus\u00e9e militaire national pour l'exposition sur le d\u00e9barquement serbe \u00e0 Bizerte, un important \u00e9v\u00e9nement de 1916.","og_url":"https:\/\/www.webdo.tn\/fr\/actualite\/chroniques\/musee-militaire-national-exposition-sur-le-debarquement-de-larmee-serbe-a-bizerte-en-1916\/390984\/","og_site_name":"webdo","article_publisher":"https:\/\/www.facebook.com\/webdotn","article_author":"https:\/\/www.facebook.com\/hatem.bourial.2025","article_published_time":"2026-01-09T09:46:21+00:00","article_modified_time":"2026-01-09T09:46:22+00:00","og_image":[{"width":1200,"height":603,"url":"https:\/\/www.webdo.tn\/fr\/wp-content\/uploads\/2026\/01\/serbes2.jpeg","type":"image\/jpeg"}],"author":"Hatem Bourial","twitter_card":"summary_large_image","twitter_creator":"@webdo_tn","twitter_site":"@webdo_tn","twitter_misc":{"\u00c9crit par":"Hatem Bourial","Dur\u00e9e de lecture estim\u00e9e":"4 minutes"},"schema":{"@context":"https:\/\/schema.org","@graph":[{"@type":"NewsArticle","@id":"https:\/\/www.webdo.tn\/fr\/actualite\/chroniques\/musee-militaire-national-exposition-sur-le-debarquement-de-larmee-serbe-a-bizerte-en-1916\/390984\/#article","isPartOf":{"@id":"https:\/\/www.webdo.tn\/fr\/actualite\/chroniques\/musee-militaire-national-exposition-sur-le-debarquement-de-larmee-serbe-a-bizerte-en-1916\/390984\/"},"author":{"name":"Hatem Bourial","@id":"https:\/\/www.webdo.tn\/fr\/#\/schema\/person\/6bc0beba2cd23aec27cb5df85ca2554f"},"headline":"Mus\u00e9e militaire national : Exposition sur le d\u00e9barquement de l&rsquo;arm\u00e9e serbe \u00e0 Bizerte en 1916","datePublished":"2026-01-09T09:46:21+00:00","dateModified":"2026-01-09T09:46:22+00:00","mainEntityOfPage":{"@id":"https:\/\/www.webdo.tn\/fr\/actualite\/chroniques\/musee-militaire-national-exposition-sur-le-debarquement-de-larmee-serbe-a-bizerte-en-1916\/390984\/"},"wordCount":610,"publisher":{"@id":"https:\/\/www.webdo.tn\/fr\/#organization"},"image":{"@id":"https:\/\/www.webdo.tn\/fr\/actualite\/chroniques\/musee-militaire-national-exposition-sur-le-debarquement-de-larmee-serbe-a-bizerte-en-1916\/390984\/#primaryimage"},"thumbnailUrl":"https:\/\/www.webdo.tn\/fr\/wp-content\/uploads\/2026\/01\/serbes2.jpeg","keywords":["Bizerte","Premi\u00e8re guerre mondiale","serbes","Tunisie"],"articleSection":["Chroniques"],"inLanguage":"fr-FR"},{"@type":"WebPage","@id":"https:\/\/www.webdo.tn\/fr\/actualite\/chroniques\/musee-militaire-national-exposition-sur-le-debarquement-de-larmee-serbe-a-bizerte-en-1916\/390984\/","url":"https:\/\/www.webdo.tn\/fr\/actualite\/chroniques\/musee-militaire-national-exposition-sur-le-debarquement-de-larmee-serbe-a-bizerte-en-1916\/390984\/","name":"Mus\u00e9e militaire national : Exposition sur le d\u00e9barquement de l'arm\u00e9e serbe \u00e0 Bizerte en 1916 - webdo","isPartOf":{"@id":"https:\/\/www.webdo.tn\/fr\/#website"},"primaryImageOfPage":{"@id":"https:\/\/www.webdo.tn\/fr\/actualite\/chroniques\/musee-militaire-national-exposition-sur-le-debarquement-de-larmee-serbe-a-bizerte-en-1916\/390984\/#primaryimage"},"image":{"@id":"https:\/\/www.webdo.tn\/fr\/actualite\/chroniques\/musee-militaire-national-exposition-sur-le-debarquement-de-larmee-serbe-a-bizerte-en-1916\/390984\/#primaryimage"},"thumbnailUrl":"https:\/\/www.webdo.tn\/fr\/wp-content\/uploads\/2026\/01\/serbes2.jpeg","datePublished":"2026-01-09T09:46:21+00:00","dateModified":"2026-01-09T09:46:22+00:00","description":"Visitez le Mus\u00e9e militaire national pour l'exposition sur le d\u00e9barquement serbe \u00e0 Bizerte, un important \u00e9v\u00e9nement de 1916.","breadcrumb":{"@id":"https:\/\/www.webdo.tn\/fr\/actualite\/chroniques\/musee-militaire-national-exposition-sur-le-debarquement-de-larmee-serbe-a-bizerte-en-1916\/390984\/#breadcrumb"},"inLanguage":"fr-FR","potentialAction":[{"@type":"ReadAction","target":["https:\/\/www.webdo.tn\/fr\/actualite\/chroniques\/musee-militaire-national-exposition-sur-le-debarquement-de-larmee-serbe-a-bizerte-en-1916\/390984\/"]}]},{"@type":"ImageObject","inLanguage":"fr-FR","@id":"https:\/\/www.webdo.tn\/fr\/actualite\/chroniques\/musee-militaire-national-exposition-sur-le-debarquement-de-larmee-serbe-a-bizerte-en-1916\/390984\/#primaryimage","url":"https:\/\/www.webdo.tn\/fr\/wp-content\/uploads\/2026\/01\/serbes2.jpeg","contentUrl":"https:\/\/www.webdo.tn\/fr\/wp-content\/uploads\/2026\/01\/serbes2.jpeg","width":1200,"height":603,"caption":"Une page d\u2019histoire : Quand 52.000 soldats serbes ont d\u00e9barqu\u00e9 \u00e0 Bizerte"},{"@type":"BreadcrumbList","@id":"https:\/\/www.webdo.tn\/fr\/actualite\/chroniques\/musee-militaire-national-exposition-sur-le-debarquement-de-larmee-serbe-a-bizerte-en-1916\/390984\/#breadcrumb","itemListElement":[{"@type":"ListItem","position":1,"name":"Accueil","item":"https:\/\/www.webdo.tn\/fr\/"},{"@type":"ListItem","position":2,"name":"Mus\u00e9e militaire national : Exposition sur le d\u00e9barquement de l&rsquo;arm\u00e9e serbe \u00e0 Bizerte en 1916"}]},{"@type":"WebSite","@id":"https:\/\/www.webdo.tn\/fr\/#website","url":"https:\/\/www.webdo.tn\/fr\/","name":"webdo","description":"Tunisie - News en Tunisie et \u00e0 l&#039;international sur Webdo.tn","publisher":{"@id":"https:\/\/www.webdo.tn\/fr\/#organization"},"potentialAction":[{"@type":"SearchAction","target":{"@type":"EntryPoint","urlTemplate":"https:\/\/www.webdo.tn\/fr\/?s={search_term_string}"},"query-input":{"@type":"PropertyValueSpecification","valueRequired":true,"valueName":"search_term_string"}}],"inLanguage":"fr-FR"},{"@type":"Organization","@id":"https:\/\/www.webdo.tn\/fr\/#organization","name":"Webdo","alternateName":"Webdo.tn","url":"https:\/\/www.webdo.tn\/fr\/","logo":{"@type":"ImageObject","inLanguage":"fr-FR","@id":"https:\/\/www.webdo.tn\/fr\/#\/schema\/logo\/image\/","url":"https:\/\/www.webdo.tn\/fr\/wp-content\/uploads\/2025\/06\/Webdo-Tunisie_168377.jpg","contentUrl":"https:\/\/www.webdo.tn\/fr\/wp-content\/uploads\/2025\/06\/Webdo-Tunisie_168377.jpg","width":301,"height":301,"caption":"Webdo"},"image":{"@id":"https:\/\/www.webdo.tn\/fr\/#\/schema\/logo\/image\/"},"sameAs":["https:\/\/www.facebook.com\/webdotn","https:\/\/x.com\/webdo_tn"],"description":"Webdo est un m\u00e9dia num\u00e9rique tunisien fond\u00e9 en 2010, sp\u00e9cialis\u00e9 dans l\u2019actualit\u00e9 nationale et internationale, l\u2019\u00e9conomie, la soci\u00e9t\u00e9 et les analyses politiques. Le site s\u2019adresse \u00e0 un large public francophone et couvre l\u2019information tunisienne en temps r\u00e9el.","email":"redac@webdo.tn","legalName":"YNJ SARL","foundingDate":"2010-09-06","numberOfEmployees":{"@type":"QuantitativeValue","minValue":"11","maxValue":"50"}},{"@type":"Person","@id":"https:\/\/www.webdo.tn\/fr\/#\/schema\/person\/6bc0beba2cd23aec27cb5df85ca2554f","name":"Hatem Bourial","image":{"@type":"ImageObject","inLanguage":"fr-FR","@id":"https:\/\/www.webdo.tn\/fr\/wp-content\/uploads\/2026\/04\/hatem-bourial_avatar-96x96.jpg","url":"https:\/\/www.webdo.tn\/fr\/wp-content\/uploads\/2026\/04\/hatem-bourial_avatar-96x96.jpg","contentUrl":"https:\/\/www.webdo.tn\/fr\/wp-content\/uploads\/2026\/04\/hatem-bourial_avatar-96x96.jpg","caption":"Hatem Bourial"},"description":"Hatem Bourial est journaliste, \u00e9crivain et chroniqueur tunisien. Actif depuis plusieurs d\u00e9cennies, il s\u2019est impos\u00e9 comme un observateur attentif de la soci\u00e9t\u00e9 tunisienne, m\u00ealant dans ses \u00e9crits m\u00e9moire, culture et analyse du quotidien. Auteur de nombreux ouvrages, il d\u00e9veloppe une \u0153uvre \u00e0 la crois\u00e9e du r\u00e9cit, de la po\u00e9sie et de l\u2019observation sociologique. Parall\u00e8lement \u00e0 ses contributions dans la presse, il intervient r\u00e9guli\u00e8rement \u00e0 la radio et dans des espaces culturels, o\u00f9 il explore les enjeux li\u00e9s au patrimoine, \u00e0 l\u2019identit\u00e9 et aux transformations du monde contemporain. \u00c0 travers ses chroniques, Hatem Bourial propose une lecture sensible et approfondie de l\u2019actualit\u00e9, nourrie par une exp\u00e9rience journalistique et litt\u00e9raire reconnue. \ud83d\udd17 Facebook : https:\/\/www.facebook.com\/hatem.bourial.2025","sameAs":["https:\/\/www.facebook.com\/hatem.bourial.2025","https:\/\/fr.wikipedia.org\/wiki\/Fichier:Hatem_Bourial.jpg"],"knowsAbout":["Culture & patrimoine tunisien","Chronique soci\u00e9tale","Litt\u00e9rature & m\u00e9moire","Cin\u00e9ma & critique culturelle","Identit\u00e9 & mutations sociales"],"knowsLanguage":["Arabe","Fran\u00e7ais","Anglais","Italien","Polonais"],"jobTitle":"Journaliste, \u00e9crivain et chroniqueur culturel","worksFor":"Webdo","url":"https:\/\/www.webdo.tn\/fr\/actualite\/author\/hatem-bourial-2\/"}]}},"_links":{"self":[{"href":"https:\/\/www.webdo.tn\/fr\/wp-json\/wp\/v2\/posts\/390984","targetHints":{"allow":["GET"]}}],"collection":[{"href":"https:\/\/www.webdo.tn\/fr\/wp-json\/wp\/v2\/posts"}],"about":[{"href":"https:\/\/www.webdo.tn\/fr\/wp-json\/wp\/v2\/types\/post"}],"author":[{"embeddable":true,"href":"https:\/\/www.webdo.tn\/fr\/wp-json\/wp\/v2\/users\/3229"}],"replies":[{"embeddable":true,"href":"https:\/\/www.webdo.tn\/fr\/wp-json\/wp\/v2\/comments?post=390984"}],"version-history":[{"count":0,"href":"https:\/\/www.webdo.tn\/fr\/wp-json\/wp\/v2\/posts\/390984\/revisions"}],"wp:featuredmedia":[{"embeddable":true,"href":"https:\/\/www.webdo.tn\/fr\/wp-json\/wp\/v2\/media\/390986"}],"wp:attachment":[{"href":"https:\/\/www.webdo.tn\/fr\/wp-json\/wp\/v2\/media?parent=390984"}],"wp:term":[{"taxonomy":"category","embeddable":true,"href":"https:\/\/www.webdo.tn\/fr\/wp-json\/wp\/v2\/categories?post=390984"},{"taxonomy":"post_tag","embeddable":true,"href":"https:\/\/www.webdo.tn\/fr\/wp-json\/wp\/v2\/tags?post=390984"}],"curies":[{"name":"wp","href":"https:\/\/api.w.org\/{rel}","templated":true}]}}