{"id":389748,"date":"2025-12-18T14:54:05","date_gmt":"2025-12-18T13:54:05","guid":{"rendered":"https:\/\/www.webdo.tn\/fr\/?p=389748"},"modified":"2025-12-18T14:54:06","modified_gmt":"2025-12-18T13:54:06","slug":"la-tunisie-recoit-des-equipements-americains-dune-valeur-de-14-million-de-dollars","status":"publish","type":"post","link":"https:\/\/www.webdo.tn\/fr\/actualite\/national\/la-tunisie-recoit-des-equipements-americains-dune-valeur-de-14-million-de-dollars\/389748\/","title":{"rendered":"La Tunisie re\u00e7oit des \u00e9quipements am\u00e9ricains d\u2019une valeur de 1,4 million de dollars"},"content":{"rendered":"\n<p>La Tunisie a r\u00e9ceptionn\u00e9 un important lot d\u2019\u00e9quipements de s\u00e9curit\u00e9 fourni par les \u00c9tats-Unis, dans le cadre de la coop\u00e9ration bilat\u00e9rale en mati\u00e8re de lutte contre le terrorisme. Une initiative qui s\u2019inscrit dans le renforcement du partenariat s\u00e9curitaire entre les deux pays.<\/p>\n\n\n\n<h2 class=\"wp-block-heading\" id=\"h-un-appui-materiel-dans-le-cadre-de-la-cooperation-antiterroriste\">Un appui mat\u00e9riel dans le cadre de la coop\u00e9ration antiterroriste<\/h2>\n\n\n\n<p>L\u2019ambassade des \u00c9tats-Unis en Tunisie a annonc\u00e9 la remise d\u2019\u00e9quipements de s\u00e9curit\u00e9 d\u2019une valeur estim\u00e9e \u00e0 1,4 million de dollars au profit des autorit\u00e9s tunisiennes. Cette dotation s\u2019inscrit dans le cadre des programmes de soutien am\u00e9ricains d\u00e9di\u00e9s \u00e0 la lutte contre le terrorisme et au renforcement des capacit\u00e9s s\u00e9curitaires.<\/p>\n\n\n\n<p>Selon la repr\u00e9sentation diplomatique am\u00e9ricaine, cette op\u00e9ration vise \u00e0 appuyer les efforts d\u00e9ploy\u00e9s par la Tunisie pour faire face aux d\u00e9fis s\u00e9curitaires et am\u00e9liorer l\u2019efficacit\u00e9 de ses dispositifs de pr\u00e9vention et de r\u00e9ponse face aux menaces.<\/p>\n\n\n\n<h2 class=\"wp-block-heading\" id=\"h-un-partenariat-securitaire-presente-comme-durable\">Un partenariat s\u00e9curitaire pr\u00e9sent\u00e9 comme durable<\/h2>\n\n\n\n<p>Dans une publication diffus\u00e9e sur les r\u00e9seaux sociaux, l\u2019ambassade a soulign\u00e9 que cette initiative illustre la solidit\u00e9 de la coop\u00e9ration s\u00e9curitaire entre Washington et Tunis. Elle refl\u00e8te \u00e9galement la volont\u00e9 commune des deux pays de consolider la stabilit\u00e9 et la s\u00e9curit\u00e9, tant au niveau national que r\u00e9gional.<\/p>\n\n\n\n<p>Les autorit\u00e9s am\u00e9ricaines estiment que ce type de soutien contribue \u00e0 renforcer la capacit\u00e9 op\u00e9rationnelle des forces tunisiennes, tout en s\u2019inscrivant dans une vision de partenariat \u00e0 long terme fond\u00e9e sur des int\u00e9r\u00eats partag\u00e9s en mati\u00e8re de s\u00e9curit\u00e9 et de stabilit\u00e9 r\u00e9gionale.<\/p>\n\n\n\n<p><\/p>\n\n\n\n<iframe src=\"https:\/\/www.facebook.com\/plugins\/post.php?href=https%3A%2F%2Fwww.facebook.com%2Fusembassytunis%2Fposts%2Fpfbid02cvYBywK8e4aWPFpGEZMm3qPtkJNN49uBCErhG6VG7TtHXpZBWZR3xQoSHrVDBiSMl&#038;show_text=true&#038;width=500\" width=\"500\" height=\"744\" style=\"border:none;overflow:hidden\" scrolling=\"no\" frameborder=\"0\" allowfullscreen=\"true\" allow=\"autoplay; clipboard-write; encrypted-media; picture-in-picture; web-share\"><\/iframe>\n\n\n\n<p><\/p>\n\n\n\n<blockquote class=\"wp-block-quote is-layout-flow wp-block-quote-is-layout-flow\">\n<p><strong>Lire aussi<\/strong><\/p>\n\n\n\n<ul class=\"wp-block-list\">\n<li><a href=\"https:\/\/www.webdo.tn\/fr\/actualite\/national\/lambassade-us-a-tunis-reduit-son-activite-invoquant-la-reforme-du-code-du-travail\/388915\/\">Mise \u00e0 jour: L\u2019ambassade des \u00c9tats-Unis annule son annonce de r\u00e9duction d\u2019activit\u00e9<\/a><\/li>\n\n\n\n<li><a href=\"https:\/\/www.webdo.tn\/fr\/actualite\/national\/le-nouvel-ambassadeur-americain-bill-bazzi-prend-ses-fonctions-a-tunis\/387332\/\">Le nouvel ambassadeur am\u00e9ricain Bill Bazzi prend ses fonctions \u00e0 Tunis<\/a><a href=\"https:\/\/www.webdo.tn\/fr\/actualite\/national\/entre-alger-et-tripoli-tunis-devient-le-pivot-de-la-strategie-securitaire-des-etats-unis\/380694\/\"><\/a><a href=\"https:\/\/www.webdo.tn\/fr\/actualite\/national\/entre-alger-et-tripoli-tunis-devient-le-pivot-de-la-strategie-securitaire-des-etats-unis\/380694\/\"><\/a><\/li>\n\n\n\n<li><a href=\"https:\/\/www.webdo.tn\/fr\/actualite\/national\/entre-alger-et-tripoli-tunis-devient-le-pivot-de-la-strategie-securitaire-des-etats-unis\/380694\/\">Entre Alger et Tripoli, Tunis devient le pivot de la strat\u00e9gie s\u00e9curitaire des \u00c9tats-Unis<\/a><\/li>\n<\/ul>\n<\/blockquote>\n","protected":false},"excerpt":{"rendered":"<p>La Tunisie a r\u00e9ceptionn\u00e9 un important lot d\u2019\u00e9quipements de s\u00e9curit\u00e9 fourni par les \u00c9tats-Unis, dans le cadre de la coop\u00e9ration bilat\u00e9rale en mati\u00e8re de lutte contre le terrorisme. Une initiative qui s\u2019inscrit dans le renforcement du partenariat s\u00e9curitaire entre les deux pays. Un appui mat\u00e9riel dans le cadre de la coop\u00e9ration antiterroriste L\u2019ambassade des \u00c9tats-Unis [&hellip;]<\/p>\n","protected":false},"author":4782,"featured_media":389749,"comment_status":"closed","ping_status":"closed","sticky":false,"template":"","format":"standard","meta":{"footnotes":""},"categories":[44],"tags":[3035,13454,2608],"class_list":["post-389748","post","type-post","status-publish","format-standard","has-post-thumbnail","hentry","category-national","tag-etats-unis","tag-lutte-contre-le-terrorisme-2","tag-tunisie"],"yoast_head":"<!-- This site is optimized with the Yoast SEO Premium plugin v27.4 (Yoast SEO v27.4) - https:\/\/yoast.com\/product\/yoast-seo-premium-wordpress\/ -->\n<title>La Tunisie re\u00e7oit des \u00e9quipements am\u00e9ricains d\u2019une valeur de 1,4 million de dollars - webdo<\/title>\n<meta name=\"description\" content=\"Les \u00c9tats-Unis offrent \u00e0 la Tunisie des \u00e9quipements de s\u00e9curit\u00e9 d\u2019une valeur de 1,4 million de dollars, renfor\u00e7ant ainsi leur partenariat.\" \/>\n<link rel=\"canonical\" href=\"https:\/\/www.webdo.tn\/fr\/actualite\/national\/la-tunisie-recoit-des-equipements-americains-dune-valeur-de-14-million-de-dollars\/389748\/\" \/>\n<meta property=\"og:locale\" content=\"fr_FR\" \/>\n<meta property=\"og:type\" content=\"article\" \/>\n<meta property=\"og:title\" content=\"La Tunisie re\u00e7oit des \u00e9quipements am\u00e9ricains d\u2019une valeur de 1,4 million de dollars\" \/>\n<meta property=\"og:description\" content=\"Les \u00c9tats-Unis offrent \u00e0 la Tunisie des \u00e9quipements de s\u00e9curit\u00e9 d\u2019une valeur de 1,4 million de dollars, renfor\u00e7ant ainsi leur partenariat.\" \/>\n<meta property=\"og:url\" content=\"https:\/\/www.webdo.tn\/fr\/actualite\/national\/la-tunisie-recoit-des-equipements-americains-dune-valeur-de-14-million-de-dollars\/389748\/\" \/>\n<meta property=\"og:site_name\" content=\"webdo\" \/>\n<meta property=\"article:publisher\" content=\"https:\/\/www.facebook.com\/webdotn\" \/>\n<meta property=\"article:published_time\" content=\"2025-12-18T13:54:05+00:00\" \/>\n<meta property=\"article:modified_time\" content=\"2025-12-18T13:54:06+00:00\" \/>\n<meta property=\"og:image\" content=\"https:\/\/www.webdo.tn\/fr\/wp-content\/uploads\/2025\/12\/Tunisie-USA.jpg\" \/>\n\t<meta property=\"og:image:width\" content=\"1200\" \/>\n\t<meta property=\"og:image:height\" content=\"598\" \/>\n\t<meta property=\"og:image:type\" content=\"image\/jpeg\" \/>\n<meta name=\"author\" content=\"Mohamed Fethi\" \/>\n<meta name=\"twitter:card\" content=\"summary_large_image\" \/>\n<meta name=\"twitter:creator\" content=\"@webdo_tn\" \/>\n<meta name=\"twitter:site\" content=\"@webdo_tn\" \/>\n<meta name=\"twitter:label1\" content=\"\u00c9crit par\" \/>\n\t<meta name=\"twitter:data1\" content=\"Mohamed Fethi\" \/>\n\t<meta name=\"twitter:label2\" content=\"Dur\u00e9e de lecture estim\u00e9e\" \/>\n\t<meta name=\"twitter:data2\" content=\"2 minutes\" \/>\n<script type=\"application\/ld+json\" class=\"yoast-schema-graph\">{\"@context\":\"https:\\\/\\\/schema.org\",\"@graph\":[{\"@type\":\"NewsArticle\",\"@id\":\"https:\\\/\\\/www.webdo.tn\\\/fr\\\/actualite\\\/national\\\/la-tunisie-recoit-des-equipements-americains-dune-valeur-de-14-million-de-dollars\\\/389748\\\/#article\",\"isPartOf\":{\"@id\":\"https:\\\/\\\/www.webdo.tn\\\/fr\\\/actualite\\\/national\\\/la-tunisie-recoit-des-equipements-americains-dune-valeur-de-14-million-de-dollars\\\/389748\\\/\"},\"author\":{\"name\":\"Mohamed Fethi\",\"@id\":\"https:\\\/\\\/www.webdo.tn\\\/fr\\\/#\\\/schema\\\/person\\\/16a4857e77dfc0b610c4c2cadffc9ac4\"},\"headline\":\"La Tunisie re\u00e7oit des \u00e9quipements am\u00e9ricains d\u2019une valeur de 1,4 million de dollars\",\"datePublished\":\"2025-12-18T13:54:05+00:00\",\"dateModified\":\"2025-12-18T13:54:06+00:00\",\"mainEntityOfPage\":{\"@id\":\"https:\\\/\\\/www.webdo.tn\\\/fr\\\/actualite\\\/national\\\/la-tunisie-recoit-des-equipements-americains-dune-valeur-de-14-million-de-dollars\\\/389748\\\/\"},\"wordCount\":338,\"publisher\":{\"@id\":\"https:\\\/\\\/www.webdo.tn\\\/fr\\\/#organization\"},\"image\":{\"@id\":\"https:\\\/\\\/www.webdo.tn\\\/fr\\\/actualite\\\/national\\\/la-tunisie-recoit-des-equipements-americains-dune-valeur-de-14-million-de-dollars\\\/389748\\\/#primaryimage\"},\"thumbnailUrl\":\"https:\\\/\\\/www.webdo.tn\\\/fr\\\/wp-content\\\/uploads\\\/2025\\\/12\\\/Tunisie-USA.jpg\",\"keywords\":[\"Etats-Unis\",\"lutte contre le terrorisme\",\"Tunisie\"],\"articleSection\":[\"National\"],\"inLanguage\":\"fr-FR\"},{\"@type\":\"WebPage\",\"@id\":\"https:\\\/\\\/www.webdo.tn\\\/fr\\\/actualite\\\/national\\\/la-tunisie-recoit-des-equipements-americains-dune-valeur-de-14-million-de-dollars\\\/389748\\\/\",\"url\":\"https:\\\/\\\/www.webdo.tn\\\/fr\\\/actualite\\\/national\\\/la-tunisie-recoit-des-equipements-americains-dune-valeur-de-14-million-de-dollars\\\/389748\\\/\",\"name\":\"La Tunisie re\u00e7oit des \u00e9quipements am\u00e9ricains d\u2019une valeur de 1,4 million de dollars - webdo\",\"isPartOf\":{\"@id\":\"https:\\\/\\\/www.webdo.tn\\\/fr\\\/#website\"},\"primaryImageOfPage\":{\"@id\":\"https:\\\/\\\/www.webdo.tn\\\/fr\\\/actualite\\\/national\\\/la-tunisie-recoit-des-equipements-americains-dune-valeur-de-14-million-de-dollars\\\/389748\\\/#primaryimage\"},\"image\":{\"@id\":\"https:\\\/\\\/www.webdo.tn\\\/fr\\\/actualite\\\/national\\\/la-tunisie-recoit-des-equipements-americains-dune-valeur-de-14-million-de-dollars\\\/389748\\\/#primaryimage\"},\"thumbnailUrl\":\"https:\\\/\\\/www.webdo.tn\\\/fr\\\/wp-content\\\/uploads\\\/2025\\\/12\\\/Tunisie-USA.jpg\",\"datePublished\":\"2025-12-18T13:54:05+00:00\",\"dateModified\":\"2025-12-18T13:54:06+00:00\",\"description\":\"Les \u00c9tats-Unis offrent \u00e0 la Tunisie des \u00e9quipements de s\u00e9curit\u00e9 d\u2019une valeur de 1,4 million de dollars, renfor\u00e7ant ainsi leur partenariat.\",\"breadcrumb\":{\"@id\":\"https:\\\/\\\/www.webdo.tn\\\/fr\\\/actualite\\\/national\\\/la-tunisie-recoit-des-equipements-americains-dune-valeur-de-14-million-de-dollars\\\/389748\\\/#breadcrumb\"},\"inLanguage\":\"fr-FR\",\"potentialAction\":[{\"@type\":\"ReadAction\",\"target\":[\"https:\\\/\\\/www.webdo.tn\\\/fr\\\/actualite\\\/national\\\/la-tunisie-recoit-des-equipements-americains-dune-valeur-de-14-million-de-dollars\\\/389748\\\/\"]}]},{\"@type\":\"ImageObject\",\"inLanguage\":\"fr-FR\",\"@id\":\"https:\\\/\\\/www.webdo.tn\\\/fr\\\/actualite\\\/national\\\/la-tunisie-recoit-des-equipements-americains-dune-valeur-de-14-million-de-dollars\\\/389748\\\/#primaryimage\",\"url\":\"https:\\\/\\\/www.webdo.tn\\\/fr\\\/wp-content\\\/uploads\\\/2025\\\/12\\\/Tunisie-USA.jpg\",\"contentUrl\":\"https:\\\/\\\/www.webdo.tn\\\/fr\\\/wp-content\\\/uploads\\\/2025\\\/12\\\/Tunisie-USA.jpg\",\"width\":1200,\"height\":598,\"caption\":\"La Tunisie re\u00e7oit des \u00e9quipements am\u00e9ricains d\u2019une valeur de 1,4 million de dollars\"},{\"@type\":\"BreadcrumbList\",\"@id\":\"https:\\\/\\\/www.webdo.tn\\\/fr\\\/actualite\\\/national\\\/la-tunisie-recoit-des-equipements-americains-dune-valeur-de-14-million-de-dollars\\\/389748\\\/#breadcrumb\",\"itemListElement\":[{\"@type\":\"ListItem\",\"position\":1,\"name\":\"Accueil\",\"item\":\"https:\\\/\\\/www.webdo.tn\\\/fr\\\/\"},{\"@type\":\"ListItem\",\"position\":2,\"name\":\"La Tunisie re\u00e7oit des \u00e9quipements am\u00e9ricains d\u2019une valeur de 1,4 million de dollars\"}]},{\"@type\":\"WebSite\",\"@id\":\"https:\\\/\\\/www.webdo.tn\\\/fr\\\/#website\",\"url\":\"https:\\\/\\\/www.webdo.tn\\\/fr\\\/\",\"name\":\"webdo\",\"description\":\"Tunisie - News en Tunisie et \u00e0 l&#039;international sur Webdo.tn\",\"publisher\":{\"@id\":\"https:\\\/\\\/www.webdo.tn\\\/fr\\\/#organization\"},\"potentialAction\":[{\"@type\":\"SearchAction\",\"target\":{\"@type\":\"EntryPoint\",\"urlTemplate\":\"https:\\\/\\\/www.webdo.tn\\\/fr\\\/?s={search_term_string}\"},\"query-input\":{\"@type\":\"PropertyValueSpecification\",\"valueRequired\":true,\"valueName\":\"search_term_string\"}}],\"inLanguage\":\"fr-FR\"},{\"@type\":\"Organization\",\"@id\":\"https:\\\/\\\/www.webdo.tn\\\/fr\\\/#organization\",\"name\":\"Webdo\",\"alternateName\":\"Webdo.tn\",\"url\":\"https:\\\/\\\/www.webdo.tn\\\/fr\\\/\",\"logo\":{\"@type\":\"ImageObject\",\"inLanguage\":\"fr-FR\",\"@id\":\"https:\\\/\\\/www.webdo.tn\\\/fr\\\/#\\\/schema\\\/logo\\\/image\\\/\",\"url\":\"https:\\\/\\\/www.webdo.tn\\\/fr\\\/wp-content\\\/uploads\\\/2025\\\/06\\\/Webdo-Tunisie_168377.jpg\",\"contentUrl\":\"https:\\\/\\\/www.webdo.tn\\\/fr\\\/wp-content\\\/uploads\\\/2025\\\/06\\\/Webdo-Tunisie_168377.jpg\",\"width\":301,\"height\":301,\"caption\":\"Webdo\"},\"image\":{\"@id\":\"https:\\\/\\\/www.webdo.tn\\\/fr\\\/#\\\/schema\\\/logo\\\/image\\\/\"},\"sameAs\":[\"https:\\\/\\\/www.facebook.com\\\/webdotn\",\"https:\\\/\\\/x.com\\\/webdo_tn\"],\"description\":\"Webdo est un m\u00e9dia num\u00e9rique tunisien fond\u00e9 en 2010, sp\u00e9cialis\u00e9 dans l\u2019actualit\u00e9 nationale et internationale, l\u2019\u00e9conomie, la soci\u00e9t\u00e9 et les analyses politiques. Le site s\u2019adresse \u00e0 un large public francophone et couvre l\u2019information tunisienne en temps r\u00e9el.\",\"email\":\"redac@webdo.tn\",\"legalName\":\"YNJ SARL\",\"foundingDate\":\"2010-09-06\",\"numberOfEmployees\":{\"@type\":\"QuantitativeValue\",\"minValue\":\"11\",\"maxValue\":\"50\"}},{\"@type\":\"Person\",\"@id\":\"https:\\\/\\\/www.webdo.tn\\\/fr\\\/#\\\/schema\\\/person\\\/16a4857e77dfc0b610c4c2cadffc9ac4\",\"name\":\"Mohamed Fethi\",\"image\":{\"@type\":\"ImageObject\",\"inLanguage\":\"fr-FR\",\"@id\":\"https:\\\/\\\/www.webdo.tn\\\/fr\\\/wp-content\\\/uploads\\\/2026\\\/04\\\/mohamed-fethi_avatar_1-96x96.jpg\",\"url\":\"https:\\\/\\\/www.webdo.tn\\\/fr\\\/wp-content\\\/uploads\\\/2026\\\/04\\\/mohamed-fethi_avatar_1-96x96.jpg\",\"contentUrl\":\"https:\\\/\\\/www.webdo.tn\\\/fr\\\/wp-content\\\/uploads\\\/2026\\\/04\\\/mohamed-fethi_avatar_1-96x96.jpg\",\"caption\":\"Mohamed Fethi\"},\"description\":\"Signature \u00e9ditoriale de Maher Chaabane Mohamed Fethi est le pseudonyme \u00e9ditorial de Maher Chaabane, r\u00e9dacteur en chef de Webdo.tn depuis 2012. Cette signature est d\u00e9di\u00e9e au traitement intensif de l'actualit\u00e9 nationale et internationale en temps r\u00e9el. S'appuyant sur les deux d\u00e9cennies d'expertise journalistique de Maher Chaabane \u2014 d\u00e9but\u00e9e au sein du groupe Tunis Hebdo en 2000 \u2014 Mohamed Fethi assure une veille rigoureuse sur les enjeux politiques, \u00e9conomiques et sportifs. Sa mission est de garantir une information structur\u00e9e, fluide et fid\u00e8le aux standards de la r\u00e9daction. Pour consulter le parcours complet du r\u00e9dacteur en chef, visitez le profil officiel de Maher Chaabane.\",\"knowsAbout\":[\"actualit\u00e9\",\"journalisme\",\"information\",\"politique\",\"sport\",\"m\u00e9dias\",\"actualit\u00e9 internationale\"],\"knowsLanguage\":[\"Fran\u00e7ais\",\"Arabe\"],\"jobTitle\":\"Journaliste \u2013 R\u00e9daction Webdo\",\"worksFor\":\"Webdo.tn\",\"url\":\"https:\\\/\\\/www.webdo.tn\\\/fr\\\/actualite\\\/author\\\/mohamed-fethi\\\/\"}]}<\/script>\n<!-- \/ Yoast SEO Premium plugin. -->","yoast_head_json":{"title":"La Tunisie re\u00e7oit des \u00e9quipements am\u00e9ricains d\u2019une valeur de 1,4 million de dollars - webdo","description":"Les \u00c9tats-Unis offrent \u00e0 la Tunisie des \u00e9quipements de s\u00e9curit\u00e9 d\u2019une valeur de 1,4 million de dollars, renfor\u00e7ant ainsi leur partenariat.","canonical":"https:\/\/www.webdo.tn\/fr\/actualite\/national\/la-tunisie-recoit-des-equipements-americains-dune-valeur-de-14-million-de-dollars\/389748\/","og_locale":"fr_FR","og_type":"article","og_title":"La Tunisie re\u00e7oit des \u00e9quipements am\u00e9ricains d\u2019une valeur de 1,4 million de dollars","og_description":"Les \u00c9tats-Unis offrent \u00e0 la Tunisie des \u00e9quipements de s\u00e9curit\u00e9 d\u2019une valeur de 1,4 million de dollars, renfor\u00e7ant ainsi leur partenariat.","og_url":"https:\/\/www.webdo.tn\/fr\/actualite\/national\/la-tunisie-recoit-des-equipements-americains-dune-valeur-de-14-million-de-dollars\/389748\/","og_site_name":"webdo","article_publisher":"https:\/\/www.facebook.com\/webdotn","article_published_time":"2025-12-18T13:54:05+00:00","article_modified_time":"2025-12-18T13:54:06+00:00","og_image":[{"width":1200,"height":598,"url":"https:\/\/www.webdo.tn\/fr\/wp-content\/uploads\/2025\/12\/Tunisie-USA.jpg","type":"image\/jpeg"}],"author":"Mohamed Fethi","twitter_card":"summary_large_image","twitter_creator":"@webdo_tn","twitter_site":"@webdo_tn","twitter_misc":{"\u00c9crit par":"Mohamed Fethi","Dur\u00e9e de lecture estim\u00e9e":"2 minutes"},"schema":{"@context":"https:\/\/schema.org","@graph":[{"@type":"NewsArticle","@id":"https:\/\/www.webdo.tn\/fr\/actualite\/national\/la-tunisie-recoit-des-equipements-americains-dune-valeur-de-14-million-de-dollars\/389748\/#article","isPartOf":{"@id":"https:\/\/www.webdo.tn\/fr\/actualite\/national\/la-tunisie-recoit-des-equipements-americains-dune-valeur-de-14-million-de-dollars\/389748\/"},"author":{"name":"Mohamed Fethi","@id":"https:\/\/www.webdo.tn\/fr\/#\/schema\/person\/16a4857e77dfc0b610c4c2cadffc9ac4"},"headline":"La Tunisie re\u00e7oit des \u00e9quipements am\u00e9ricains d\u2019une valeur de 1,4 million de dollars","datePublished":"2025-12-18T13:54:05+00:00","dateModified":"2025-12-18T13:54:06+00:00","mainEntityOfPage":{"@id":"https:\/\/www.webdo.tn\/fr\/actualite\/national\/la-tunisie-recoit-des-equipements-americains-dune-valeur-de-14-million-de-dollars\/389748\/"},"wordCount":338,"publisher":{"@id":"https:\/\/www.webdo.tn\/fr\/#organization"},"image":{"@id":"https:\/\/www.webdo.tn\/fr\/actualite\/national\/la-tunisie-recoit-des-equipements-americains-dune-valeur-de-14-million-de-dollars\/389748\/#primaryimage"},"thumbnailUrl":"https:\/\/www.webdo.tn\/fr\/wp-content\/uploads\/2025\/12\/Tunisie-USA.jpg","keywords":["Etats-Unis","lutte contre le terrorisme","Tunisie"],"articleSection":["National"],"inLanguage":"fr-FR"},{"@type":"WebPage","@id":"https:\/\/www.webdo.tn\/fr\/actualite\/national\/la-tunisie-recoit-des-equipements-americains-dune-valeur-de-14-million-de-dollars\/389748\/","url":"https:\/\/www.webdo.tn\/fr\/actualite\/national\/la-tunisie-recoit-des-equipements-americains-dune-valeur-de-14-million-de-dollars\/389748\/","name":"La Tunisie re\u00e7oit des \u00e9quipements am\u00e9ricains d\u2019une valeur de 1,4 million de dollars - webdo","isPartOf":{"@id":"https:\/\/www.webdo.tn\/fr\/#website"},"primaryImageOfPage":{"@id":"https:\/\/www.webdo.tn\/fr\/actualite\/national\/la-tunisie-recoit-des-equipements-americains-dune-valeur-de-14-million-de-dollars\/389748\/#primaryimage"},"image":{"@id":"https:\/\/www.webdo.tn\/fr\/actualite\/national\/la-tunisie-recoit-des-equipements-americains-dune-valeur-de-14-million-de-dollars\/389748\/#primaryimage"},"thumbnailUrl":"https:\/\/www.webdo.tn\/fr\/wp-content\/uploads\/2025\/12\/Tunisie-USA.jpg","datePublished":"2025-12-18T13:54:05+00:00","dateModified":"2025-12-18T13:54:06+00:00","description":"Les \u00c9tats-Unis offrent \u00e0 la Tunisie des \u00e9quipements de s\u00e9curit\u00e9 d\u2019une valeur de 1,4 million de dollars, renfor\u00e7ant ainsi leur partenariat.","breadcrumb":{"@id":"https:\/\/www.webdo.tn\/fr\/actualite\/national\/la-tunisie-recoit-des-equipements-americains-dune-valeur-de-14-million-de-dollars\/389748\/#breadcrumb"},"inLanguage":"fr-FR","potentialAction":[{"@type":"ReadAction","target":["https:\/\/www.webdo.tn\/fr\/actualite\/national\/la-tunisie-recoit-des-equipements-americains-dune-valeur-de-14-million-de-dollars\/389748\/"]}]},{"@type":"ImageObject","inLanguage":"fr-FR","@id":"https:\/\/www.webdo.tn\/fr\/actualite\/national\/la-tunisie-recoit-des-equipements-americains-dune-valeur-de-14-million-de-dollars\/389748\/#primaryimage","url":"https:\/\/www.webdo.tn\/fr\/wp-content\/uploads\/2025\/12\/Tunisie-USA.jpg","contentUrl":"https:\/\/www.webdo.tn\/fr\/wp-content\/uploads\/2025\/12\/Tunisie-USA.jpg","width":1200,"height":598,"caption":"La Tunisie re\u00e7oit des \u00e9quipements am\u00e9ricains d\u2019une valeur de 1,4 million de dollars"},{"@type":"BreadcrumbList","@id":"https:\/\/www.webdo.tn\/fr\/actualite\/national\/la-tunisie-recoit-des-equipements-americains-dune-valeur-de-14-million-de-dollars\/389748\/#breadcrumb","itemListElement":[{"@type":"ListItem","position":1,"name":"Accueil","item":"https:\/\/www.webdo.tn\/fr\/"},{"@type":"ListItem","position":2,"name":"La Tunisie re\u00e7oit des \u00e9quipements am\u00e9ricains d\u2019une valeur de 1,4 million de dollars"}]},{"@type":"WebSite","@id":"https:\/\/www.webdo.tn\/fr\/#website","url":"https:\/\/www.webdo.tn\/fr\/","name":"webdo","description":"Tunisie - News en Tunisie et \u00e0 l&#039;international sur Webdo.tn","publisher":{"@id":"https:\/\/www.webdo.tn\/fr\/#organization"},"potentialAction":[{"@type":"SearchAction","target":{"@type":"EntryPoint","urlTemplate":"https:\/\/www.webdo.tn\/fr\/?s={search_term_string}"},"query-input":{"@type":"PropertyValueSpecification","valueRequired":true,"valueName":"search_term_string"}}],"inLanguage":"fr-FR"},{"@type":"Organization","@id":"https:\/\/www.webdo.tn\/fr\/#organization","name":"Webdo","alternateName":"Webdo.tn","url":"https:\/\/www.webdo.tn\/fr\/","logo":{"@type":"ImageObject","inLanguage":"fr-FR","@id":"https:\/\/www.webdo.tn\/fr\/#\/schema\/logo\/image\/","url":"https:\/\/www.webdo.tn\/fr\/wp-content\/uploads\/2025\/06\/Webdo-Tunisie_168377.jpg","contentUrl":"https:\/\/www.webdo.tn\/fr\/wp-content\/uploads\/2025\/06\/Webdo-Tunisie_168377.jpg","width":301,"height":301,"caption":"Webdo"},"image":{"@id":"https:\/\/www.webdo.tn\/fr\/#\/schema\/logo\/image\/"},"sameAs":["https:\/\/www.facebook.com\/webdotn","https:\/\/x.com\/webdo_tn"],"description":"Webdo est un m\u00e9dia num\u00e9rique tunisien fond\u00e9 en 2010, sp\u00e9cialis\u00e9 dans l\u2019actualit\u00e9 nationale et internationale, l\u2019\u00e9conomie, la soci\u00e9t\u00e9 et les analyses politiques. Le site s\u2019adresse \u00e0 un large public francophone et couvre l\u2019information tunisienne en temps r\u00e9el.","email":"redac@webdo.tn","legalName":"YNJ SARL","foundingDate":"2010-09-06","numberOfEmployees":{"@type":"QuantitativeValue","minValue":"11","maxValue":"50"}},{"@type":"Person","@id":"https:\/\/www.webdo.tn\/fr\/#\/schema\/person\/16a4857e77dfc0b610c4c2cadffc9ac4","name":"Mohamed Fethi","image":{"@type":"ImageObject","inLanguage":"fr-FR","@id":"https:\/\/www.webdo.tn\/fr\/wp-content\/uploads\/2026\/04\/mohamed-fethi_avatar_1-96x96.jpg","url":"https:\/\/www.webdo.tn\/fr\/wp-content\/uploads\/2026\/04\/mohamed-fethi_avatar_1-96x96.jpg","contentUrl":"https:\/\/www.webdo.tn\/fr\/wp-content\/uploads\/2026\/04\/mohamed-fethi_avatar_1-96x96.jpg","caption":"Mohamed Fethi"},"description":"Signature \u00e9ditoriale de Maher Chaabane Mohamed Fethi est le pseudonyme \u00e9ditorial de Maher Chaabane, r\u00e9dacteur en chef de Webdo.tn depuis 2012. Cette signature est d\u00e9di\u00e9e au traitement intensif de l'actualit\u00e9 nationale et internationale en temps r\u00e9el. S'appuyant sur les deux d\u00e9cennies d'expertise journalistique de Maher Chaabane \u2014 d\u00e9but\u00e9e au sein du groupe Tunis Hebdo en 2000 \u2014 Mohamed Fethi assure une veille rigoureuse sur les enjeux politiques, \u00e9conomiques et sportifs. Sa mission est de garantir une information structur\u00e9e, fluide et fid\u00e8le aux standards de la r\u00e9daction. Pour consulter le parcours complet du r\u00e9dacteur en chef, visitez le profil officiel de Maher Chaabane.","knowsAbout":["actualit\u00e9","journalisme","information","politique","sport","m\u00e9dias","actualit\u00e9 internationale"],"knowsLanguage":["Fran\u00e7ais","Arabe"],"jobTitle":"Journaliste \u2013 R\u00e9daction Webdo","worksFor":"Webdo.tn","url":"https:\/\/www.webdo.tn\/fr\/actualite\/author\/mohamed-fethi\/"}]}},"_links":{"self":[{"href":"https:\/\/www.webdo.tn\/fr\/wp-json\/wp\/v2\/posts\/389748","targetHints":{"allow":["GET"]}}],"collection":[{"href":"https:\/\/www.webdo.tn\/fr\/wp-json\/wp\/v2\/posts"}],"about":[{"href":"https:\/\/www.webdo.tn\/fr\/wp-json\/wp\/v2\/types\/post"}],"author":[{"embeddable":true,"href":"https:\/\/www.webdo.tn\/fr\/wp-json\/wp\/v2\/users\/4782"}],"replies":[{"embeddable":true,"href":"https:\/\/www.webdo.tn\/fr\/wp-json\/wp\/v2\/comments?post=389748"}],"version-history":[{"count":0,"href":"https:\/\/www.webdo.tn\/fr\/wp-json\/wp\/v2\/posts\/389748\/revisions"}],"wp:featuredmedia":[{"embeddable":true,"href":"https:\/\/www.webdo.tn\/fr\/wp-json\/wp\/v2\/media\/389749"}],"wp:attachment":[{"href":"https:\/\/www.webdo.tn\/fr\/wp-json\/wp\/v2\/media?parent=389748"}],"wp:term":[{"taxonomy":"category","embeddable":true,"href":"https:\/\/www.webdo.tn\/fr\/wp-json\/wp\/v2\/categories?post=389748"},{"taxonomy":"post_tag","embeddable":true,"href":"https:\/\/www.webdo.tn\/fr\/wp-json\/wp\/v2\/tags?post=389748"}],"curies":[{"name":"wp","href":"https:\/\/api.w.org\/{rel}","templated":true}]}}