{"id":389662,"date":"2025-12-17T14:44:58","date_gmt":"2025-12-17T13:44:58","guid":{"rendered":"https:\/\/www.webdo.tn\/fr\/?p=389662"},"modified":"2025-12-17T14:45:05","modified_gmt":"2025-12-17T13:45:05","slug":"mondial-2026-des-billets-a-prix-reduit-pour-les-supporters-tunisiens","status":"publish","type":"post","link":"https:\/\/www.webdo.tn\/fr\/actualite\/sport\/mondial-2026-des-billets-a-prix-reduit-pour-les-supporters-tunisiens\/389662\/","title":{"rendered":"Mondial 2026 : Des billets \u00e0 prix r\u00e9duit pour les supporters tunisiens"},"content":{"rendered":"\n<p>La perspective de la Coupe du monde 2026 prend une nouvelle dimension pour les supporters tunisiens. La F\u00e9d\u00e9ration internationale de football (FIFA) a annonc\u00e9, mardi 16 d\u00e9cembre 2025, la mise en vente de billets \u00e0 prix r\u00e9duit destin\u00e9s aux supporters des s\u00e9lections qualifi\u00e9es pour le prochain Mondial, organis\u00e9 conjointement par les \u00c9tats-Unis, le Mexique et le Canada.<\/p>\n\n\n\n<p>Dans son communiqu\u00e9, la FIFA pr\u00e9cise que ces billets seront commercialis\u00e9s exclusivement via les f\u00e9d\u00e9rations nationales des pays qualifi\u00e9s. Leur prix a \u00e9t\u00e9 fix\u00e9 \u00e0 60 dollars pour chaque match, une initiative visant \u00e0 permettre \u00e0 un plus grand nombre de supporters d\u2019accompagner leurs \u00e9quipes nationales lors de cette comp\u00e9tition plan\u00e9taire.<\/p>\n\n\n\n<p>Pour la Tunisie, cette annonce est particuli\u00e8rement attendue. La F\u00e9d\u00e9ration tunisienne de football devra prochainement communiquer sur les modalit\u00e9s pratiques de vente et de distribution de ces billets \u00e0 tarif pr\u00e9f\u00e9rentiel, ainsi que sur les conditions d\u2019\u00e9ligibilit\u00e9. Parmi les crit\u00e8res impos\u00e9s par la FIFA figure l\u2019obligation de r\u00e9server ces billets exclusivement aux supporters et fans de la s\u00e9lection concern\u00e9e, afin d\u2019\u00e9viter toute revente sp\u00e9culative.<\/p>\n\n\n\n<h2 class=\"wp-block-heading\" id=\"h-le-prix-des-billets-constituait-jusqu-ici-un-obstacle\">Le prix des billets constituait jusqu\u2019ici un obstacle<\/h2>\n\n\n\n<p>Cette mesure intervient dans un contexte o\u00f9 le co\u00fbt global d\u2019un d\u00e9placement pour assister au Mondial 2026 reste \u00e9lev\u00e9, notamment pour les supporters tunisiens. Entre les frais de transport intercontinentaux, l\u2019h\u00e9bergement et les d\u00e9penses annexes, le prix des billets constituait jusqu\u2019ici un obstacle suppl\u00e9mentaire. La fixation d\u2019un tarif unique et relativement accessible pourrait ainsi encourager une pr\u00e9sence tunisienne plus visible dans les tribunes.<\/p>\n\n\n\n<p>Sur le plan sportif, le programme de la s\u00e9lection nationale est d\u00e9j\u00e0 connu. Les Aigles de Carthage entameront leur parcours le 15 juin 2026 \u00e0 Monterrey, au Mexique, face au vainqueur du barrage europ\u00e9en opposant l\u2019Ukraine, la Su\u00e8de, la Pologne et l\u2019Albanie. Le deuxi\u00e8me match est pr\u00e9vu le 20 juin contre le Japon, toujours \u00e0 Monterrey. La Tunisie se d\u00e9placera ensuite \u00e0 Kansas City, aux \u00c9tats-Unis, pour affronter les Pays-Bas le 26 juin 2026.<\/p>\n\n\n\n<p>\u00c0 quelques mois du coup d\u2019envoi, l\u2019annonce de billets \u00e0 prix r\u00e9duit redonne de l\u2019espoir \u00e0 de nombreux supporters tunisiens d\u00e9sireux de vivre l\u2019\u00e9v\u00e9nement au plus pr\u00e8s. Reste d\u00e9sormais \u00e0 conna\u00eetre la strat\u00e9gie de la F\u00e9d\u00e9ration tunisienne de football pour garantir une distribution \u00e9quitable et transparente de ces pr\u00e9cieux s\u00e9sames.<\/p>\n\n\n\n<p><\/p>\n\n\n\n<blockquote class=\"wp-block-quote is-layout-flow wp-block-quote-is-layout-flow\">\n<blockquote class=\"wp-block-quote is-layout-flow wp-block-quote-is-layout-flow\">\n<p>Lire aussi : <a href=\"https:\/\/www.webdo.tn\/fr\/actualite\/sport\/tirage-au-sort-la-tunisie-connait-ses-adversaires-au-mondial\/388932\/\">Tirage au sort : La Tunisie conna\u00eet ses adversaires au Mondial<\/a><br><\/p>\n<\/blockquote>\n<\/blockquote>\n","protected":false},"excerpt":{"rendered":"<p>La perspective de la Coupe du monde 2026 prend une nouvelle dimension pour les supporters tunisiens. La F\u00e9d\u00e9ration internationale de football (FIFA) a annonc\u00e9, mardi 16 d\u00e9cembre 2025, la mise en vente de billets \u00e0 prix r\u00e9duit destin\u00e9s aux supporters des s\u00e9lections qualifi\u00e9es pour le prochain Mondial, organis\u00e9 conjointement par les \u00c9tats-Unis, le Mexique et [&hellip;]<\/p>\n","protected":false},"author":3184,"featured_media":389663,"comment_status":"closed","ping_status":"closed","sticky":false,"template":"","format":"standard","meta":{"footnotes":""},"categories":[2593],"tags":[6003,4066,6243,2608],"class_list":["post-389662","post","type-post","status-publish","format-standard","has-post-thumbnail","hentry","category-sport","tag-billet","tag-coupe-du-monde","tag-match","tag-tunisie"],"yoast_head":"<!-- This site is optimized with the Yoast SEO Premium plugin v27.5 (Yoast SEO v27.5) - https:\/\/yoast.com\/product\/yoast-seo-premium-wordpress\/ -->\n<title>Mondial 2026 : Des billets \u00e0 prix r\u00e9duit pour les supporters tunisiens - webdo<\/title>\n<meta name=\"description\" content=\"D\u00e9couvrez les d\u00e9tails du prochain Mondial et l&#039;importance des billets \u00e0 prix r\u00e9duit pour les supporters tunisiens.\" \/>\n<link rel=\"canonical\" href=\"https:\/\/www.webdo.tn\/fr\/actualite\/sport\/mondial-2026-des-billets-a-prix-reduit-pour-les-supporters-tunisiens\/389662\/\" \/>\n<meta property=\"og:locale\" content=\"fr_FR\" \/>\n<meta property=\"og:type\" content=\"article\" \/>\n<meta property=\"og:title\" content=\"Mondial 2026 : Des billets \u00e0 prix r\u00e9duit pour les supporters tunisiens\" \/>\n<meta property=\"og:description\" content=\"D\u00e9couvrez les d\u00e9tails du prochain Mondial et l&#039;importance des billets \u00e0 prix r\u00e9duit pour les supporters tunisiens.\" \/>\n<meta property=\"og:url\" content=\"https:\/\/www.webdo.tn\/fr\/actualite\/sport\/mondial-2026-des-billets-a-prix-reduit-pour-les-supporters-tunisiens\/389662\/\" \/>\n<meta property=\"og:site_name\" content=\"webdo\" \/>\n<meta property=\"article:publisher\" content=\"https:\/\/www.facebook.com\/webdotn\" \/>\n<meta property=\"article:published_time\" content=\"2025-12-17T13:44:58+00:00\" \/>\n<meta property=\"article:modified_time\" content=\"2025-12-17T13:45:05+00:00\" \/>\n<meta property=\"og:image\" content=\"https:\/\/www.webdo.tn\/fr\/wp-content\/uploads\/2025\/12\/Capture-decran-2025-12-17-082711.jpg\" \/>\n\t<meta property=\"og:image:width\" content=\"1451\" \/>\n\t<meta property=\"og:image:height\" content=\"788\" \/>\n\t<meta property=\"og:image:type\" content=\"image\/jpeg\" \/>\n<meta name=\"author\" content=\"Wided Belhaj\" \/>\n<meta name=\"twitter:card\" content=\"summary_large_image\" \/>\n<meta name=\"twitter:creator\" content=\"@webdo_tn\" \/>\n<meta name=\"twitter:site\" content=\"@webdo_tn\" \/>\n<meta name=\"twitter:label1\" content=\"\u00c9crit par\" \/>\n\t<meta name=\"twitter:data1\" content=\"Wided Belhaj\" \/>\n\t<meta name=\"twitter:label2\" content=\"Dur\u00e9e de lecture estim\u00e9e\" \/>\n\t<meta name=\"twitter:data2\" content=\"3 minutes\" \/>\n<script type=\"application\/ld+json\" class=\"yoast-schema-graph\">{\"@context\":\"https:\\\/\\\/schema.org\",\"@graph\":[{\"@type\":\"NewsArticle\",\"@id\":\"https:\\\/\\\/www.webdo.tn\\\/fr\\\/actualite\\\/sport\\\/mondial-2026-des-billets-a-prix-reduit-pour-les-supporters-tunisiens\\\/389662\\\/#article\",\"isPartOf\":{\"@id\":\"https:\\\/\\\/www.webdo.tn\\\/fr\\\/actualite\\\/sport\\\/mondial-2026-des-billets-a-prix-reduit-pour-les-supporters-tunisiens\\\/389662\\\/\"},\"author\":{\"name\":\"Wided Belhaj\",\"@id\":\"https:\\\/\\\/www.webdo.tn\\\/fr\\\/#\\\/schema\\\/person\\\/b9ecde7a5574cb4fcf4b496ea5fadb15\"},\"headline\":\"Mondial 2026 : Des billets \u00e0 prix r\u00e9duit pour les supporters tunisiens\",\"datePublished\":\"2025-12-17T13:44:58+00:00\",\"dateModified\":\"2025-12-17T13:45:05+00:00\",\"mainEntityOfPage\":{\"@id\":\"https:\\\/\\\/www.webdo.tn\\\/fr\\\/actualite\\\/sport\\\/mondial-2026-des-billets-a-prix-reduit-pour-les-supporters-tunisiens\\\/389662\\\/\"},\"wordCount\":433,\"publisher\":{\"@id\":\"https:\\\/\\\/www.webdo.tn\\\/fr\\\/#organization\"},\"image\":{\"@id\":\"https:\\\/\\\/www.webdo.tn\\\/fr\\\/actualite\\\/sport\\\/mondial-2026-des-billets-a-prix-reduit-pour-les-supporters-tunisiens\\\/389662\\\/#primaryimage\"},\"thumbnailUrl\":\"https:\\\/\\\/www.webdo.tn\\\/fr\\\/wp-content\\\/uploads\\\/2025\\\/12\\\/Capture-decran-2025-12-17-082711.jpg\",\"keywords\":[\"Billet\",\"Coupe du Monde\",\"match\",\"Tunisie\"],\"articleSection\":[\"Sport\"],\"inLanguage\":\"fr-FR\"},{\"@type\":\"WebPage\",\"@id\":\"https:\\\/\\\/www.webdo.tn\\\/fr\\\/actualite\\\/sport\\\/mondial-2026-des-billets-a-prix-reduit-pour-les-supporters-tunisiens\\\/389662\\\/\",\"url\":\"https:\\\/\\\/www.webdo.tn\\\/fr\\\/actualite\\\/sport\\\/mondial-2026-des-billets-a-prix-reduit-pour-les-supporters-tunisiens\\\/389662\\\/\",\"name\":\"Mondial 2026 : Des billets \u00e0 prix r\u00e9duit pour les supporters tunisiens - webdo\",\"isPartOf\":{\"@id\":\"https:\\\/\\\/www.webdo.tn\\\/fr\\\/#website\"},\"primaryImageOfPage\":{\"@id\":\"https:\\\/\\\/www.webdo.tn\\\/fr\\\/actualite\\\/sport\\\/mondial-2026-des-billets-a-prix-reduit-pour-les-supporters-tunisiens\\\/389662\\\/#primaryimage\"},\"image\":{\"@id\":\"https:\\\/\\\/www.webdo.tn\\\/fr\\\/actualite\\\/sport\\\/mondial-2026-des-billets-a-prix-reduit-pour-les-supporters-tunisiens\\\/389662\\\/#primaryimage\"},\"thumbnailUrl\":\"https:\\\/\\\/www.webdo.tn\\\/fr\\\/wp-content\\\/uploads\\\/2025\\\/12\\\/Capture-decran-2025-12-17-082711.jpg\",\"datePublished\":\"2025-12-17T13:44:58+00:00\",\"dateModified\":\"2025-12-17T13:45:05+00:00\",\"description\":\"D\u00e9couvrez les d\u00e9tails du prochain Mondial et l'importance des billets \u00e0 prix r\u00e9duit pour les supporters tunisiens.\",\"breadcrumb\":{\"@id\":\"https:\\\/\\\/www.webdo.tn\\\/fr\\\/actualite\\\/sport\\\/mondial-2026-des-billets-a-prix-reduit-pour-les-supporters-tunisiens\\\/389662\\\/#breadcrumb\"},\"inLanguage\":\"fr-FR\",\"potentialAction\":[{\"@type\":\"ReadAction\",\"target\":[\"https:\\\/\\\/www.webdo.tn\\\/fr\\\/actualite\\\/sport\\\/mondial-2026-des-billets-a-prix-reduit-pour-les-supporters-tunisiens\\\/389662\\\/\"]}]},{\"@type\":\"ImageObject\",\"inLanguage\":\"fr-FR\",\"@id\":\"https:\\\/\\\/www.webdo.tn\\\/fr\\\/actualite\\\/sport\\\/mondial-2026-des-billets-a-prix-reduit-pour-les-supporters-tunisiens\\\/389662\\\/#primaryimage\",\"url\":\"https:\\\/\\\/www.webdo.tn\\\/fr\\\/wp-content\\\/uploads\\\/2025\\\/12\\\/Capture-decran-2025-12-17-082711.jpg\",\"contentUrl\":\"https:\\\/\\\/www.webdo.tn\\\/fr\\\/wp-content\\\/uploads\\\/2025\\\/12\\\/Capture-decran-2025-12-17-082711.jpg\",\"width\":1451,\"height\":788},{\"@type\":\"BreadcrumbList\",\"@id\":\"https:\\\/\\\/www.webdo.tn\\\/fr\\\/actualite\\\/sport\\\/mondial-2026-des-billets-a-prix-reduit-pour-les-supporters-tunisiens\\\/389662\\\/#breadcrumb\",\"itemListElement\":[{\"@type\":\"ListItem\",\"position\":1,\"name\":\"Accueil\",\"item\":\"https:\\\/\\\/www.webdo.tn\\\/fr\\\/\"},{\"@type\":\"ListItem\",\"position\":2,\"name\":\"Mondial 2026 : Des billets \u00e0 prix r\u00e9duit pour les supporters tunisiens\"}]},{\"@type\":\"WebSite\",\"@id\":\"https:\\\/\\\/www.webdo.tn\\\/fr\\\/#website\",\"url\":\"https:\\\/\\\/www.webdo.tn\\\/fr\\\/\",\"name\":\"webdo\",\"description\":\"Tunisie - News en Tunisie et \u00e0 l&#039;international sur Webdo.tn\",\"publisher\":{\"@id\":\"https:\\\/\\\/www.webdo.tn\\\/fr\\\/#organization\"},\"potentialAction\":[{\"@type\":\"SearchAction\",\"target\":{\"@type\":\"EntryPoint\",\"urlTemplate\":\"https:\\\/\\\/www.webdo.tn\\\/fr\\\/?s={search_term_string}\"},\"query-input\":{\"@type\":\"PropertyValueSpecification\",\"valueRequired\":true,\"valueName\":\"search_term_string\"}}],\"inLanguage\":\"fr-FR\"},{\"@type\":\"Organization\",\"@id\":\"https:\\\/\\\/www.webdo.tn\\\/fr\\\/#organization\",\"name\":\"Webdo\",\"alternateName\":\"Webdo.tn\",\"url\":\"https:\\\/\\\/www.webdo.tn\\\/fr\\\/\",\"logo\":{\"@type\":\"ImageObject\",\"inLanguage\":\"fr-FR\",\"@id\":\"https:\\\/\\\/www.webdo.tn\\\/fr\\\/#\\\/schema\\\/logo\\\/image\\\/\",\"url\":\"https:\\\/\\\/www.webdo.tn\\\/fr\\\/wp-content\\\/uploads\\\/2025\\\/06\\\/Webdo-Tunisie_168377.jpg\",\"contentUrl\":\"https:\\\/\\\/www.webdo.tn\\\/fr\\\/wp-content\\\/uploads\\\/2025\\\/06\\\/Webdo-Tunisie_168377.jpg\",\"width\":301,\"height\":301,\"caption\":\"Webdo\"},\"image\":{\"@id\":\"https:\\\/\\\/www.webdo.tn\\\/fr\\\/#\\\/schema\\\/logo\\\/image\\\/\"},\"sameAs\":[\"https:\\\/\\\/www.facebook.com\\\/webdotn\",\"https:\\\/\\\/x.com\\\/webdo_tn\"],\"description\":\"Webdo est un m\u00e9dia num\u00e9rique tunisien fond\u00e9 en 2010, sp\u00e9cialis\u00e9 dans l\u2019actualit\u00e9 nationale et internationale, l\u2019\u00e9conomie, la soci\u00e9t\u00e9 et les analyses politiques. Le site s\u2019adresse \u00e0 un large public francophone et couvre l\u2019information tunisienne en temps r\u00e9el.\",\"email\":\"redac@webdo.tn\",\"legalName\":\"YNJ SARL\",\"foundingDate\":\"2010-09-06\",\"numberOfEmployees\":{\"@type\":\"QuantitativeValue\",\"minValue\":\"11\",\"maxValue\":\"50\"}},{\"@type\":\"Person\",\"@id\":\"https:\\\/\\\/www.webdo.tn\\\/fr\\\/#\\\/schema\\\/person\\\/b9ecde7a5574cb4fcf4b496ea5fadb15\",\"name\":\"Wided Belhaj\",\"image\":{\"@type\":\"ImageObject\",\"inLanguage\":\"fr-FR\",\"@id\":\"https:\\\/\\\/www.webdo.tn\\\/fr\\\/wp-content\\\/uploads\\\/2026\\\/04\\\/wided-belhaj_avatar-96x96.jpg\",\"url\":\"https:\\\/\\\/www.webdo.tn\\\/fr\\\/wp-content\\\/uploads\\\/2026\\\/04\\\/wided-belhaj_avatar-96x96.jpg\",\"contentUrl\":\"https:\\\/\\\/www.webdo.tn\\\/fr\\\/wp-content\\\/uploads\\\/2026\\\/04\\\/wided-belhaj_avatar-96x96.jpg\",\"caption\":\"Wided Belhaj\"},\"description\":\"Wided Belhaj est le pseudonyme \u00e9ditorial utilis\u00e9 par Khalil Jelassi, journaliste, ma\u00eetre-assistant \u00e0 l\u2019Institut de presse et des sciences de l\u2019information (IPSI) et chercheur en sciences de l\u2019information et de la communication. Cette signature est d\u00e9di\u00e9e \u00e0 l\u2019analyse des m\u00e9dias, des pratiques journalistiques et des mutations de l\u2019information \u00e0 l\u2019\u00e8re digitale. \u00c0 travers ses contributions, Wided Belhaj propose une lecture analytique de l\u2019actualit\u00e9, en croisant regard critique et expertise acad\u00e9mique.\",\"knowsAbout\":[\"m\u00e9dias\",\"journalisme\",\"communication\",\"information\",\"transformation num\u00e9rique\",\"analyse des m\u00e9dias\"],\"knowsLanguage\":[\"Fran\u00e7ais\",\"Arabe\"],\"jobTitle\":\"Webdo.tn\",\"worksFor\":\"Journaliste \u2013 Analyse des m\u00e9dias\",\"url\":\"https:\\\/\\\/www.webdo.tn\\\/fr\\\/actualite\\\/author\\\/wided-belhaj\\\/\"}]}<\/script>\n<!-- \/ Yoast SEO Premium plugin. -->","yoast_head_json":{"title":"Mondial 2026 : Des billets \u00e0 prix r\u00e9duit pour les supporters tunisiens - webdo","description":"D\u00e9couvrez les d\u00e9tails du prochain Mondial et l'importance des billets \u00e0 prix r\u00e9duit pour les supporters tunisiens.","canonical":"https:\/\/www.webdo.tn\/fr\/actualite\/sport\/mondial-2026-des-billets-a-prix-reduit-pour-les-supporters-tunisiens\/389662\/","og_locale":"fr_FR","og_type":"article","og_title":"Mondial 2026 : Des billets \u00e0 prix r\u00e9duit pour les supporters tunisiens","og_description":"D\u00e9couvrez les d\u00e9tails du prochain Mondial et l'importance des billets \u00e0 prix r\u00e9duit pour les supporters tunisiens.","og_url":"https:\/\/www.webdo.tn\/fr\/actualite\/sport\/mondial-2026-des-billets-a-prix-reduit-pour-les-supporters-tunisiens\/389662\/","og_site_name":"webdo","article_publisher":"https:\/\/www.facebook.com\/webdotn","article_published_time":"2025-12-17T13:44:58+00:00","article_modified_time":"2025-12-17T13:45:05+00:00","og_image":[{"width":1451,"height":788,"url":"https:\/\/www.webdo.tn\/fr\/wp-content\/uploads\/2025\/12\/Capture-decran-2025-12-17-082711.jpg","type":"image\/jpeg"}],"author":"Wided Belhaj","twitter_card":"summary_large_image","twitter_creator":"@webdo_tn","twitter_site":"@webdo_tn","twitter_misc":{"\u00c9crit par":"Wided Belhaj","Dur\u00e9e de lecture estim\u00e9e":"3 minutes"},"schema":{"@context":"https:\/\/schema.org","@graph":[{"@type":"NewsArticle","@id":"https:\/\/www.webdo.tn\/fr\/actualite\/sport\/mondial-2026-des-billets-a-prix-reduit-pour-les-supporters-tunisiens\/389662\/#article","isPartOf":{"@id":"https:\/\/www.webdo.tn\/fr\/actualite\/sport\/mondial-2026-des-billets-a-prix-reduit-pour-les-supporters-tunisiens\/389662\/"},"author":{"name":"Wided Belhaj","@id":"https:\/\/www.webdo.tn\/fr\/#\/schema\/person\/b9ecde7a5574cb4fcf4b496ea5fadb15"},"headline":"Mondial 2026 : Des billets \u00e0 prix r\u00e9duit pour les supporters tunisiens","datePublished":"2025-12-17T13:44:58+00:00","dateModified":"2025-12-17T13:45:05+00:00","mainEntityOfPage":{"@id":"https:\/\/www.webdo.tn\/fr\/actualite\/sport\/mondial-2026-des-billets-a-prix-reduit-pour-les-supporters-tunisiens\/389662\/"},"wordCount":433,"publisher":{"@id":"https:\/\/www.webdo.tn\/fr\/#organization"},"image":{"@id":"https:\/\/www.webdo.tn\/fr\/actualite\/sport\/mondial-2026-des-billets-a-prix-reduit-pour-les-supporters-tunisiens\/389662\/#primaryimage"},"thumbnailUrl":"https:\/\/www.webdo.tn\/fr\/wp-content\/uploads\/2025\/12\/Capture-decran-2025-12-17-082711.jpg","keywords":["Billet","Coupe du Monde","match","Tunisie"],"articleSection":["Sport"],"inLanguage":"fr-FR"},{"@type":"WebPage","@id":"https:\/\/www.webdo.tn\/fr\/actualite\/sport\/mondial-2026-des-billets-a-prix-reduit-pour-les-supporters-tunisiens\/389662\/","url":"https:\/\/www.webdo.tn\/fr\/actualite\/sport\/mondial-2026-des-billets-a-prix-reduit-pour-les-supporters-tunisiens\/389662\/","name":"Mondial 2026 : Des billets \u00e0 prix r\u00e9duit pour les supporters tunisiens - webdo","isPartOf":{"@id":"https:\/\/www.webdo.tn\/fr\/#website"},"primaryImageOfPage":{"@id":"https:\/\/www.webdo.tn\/fr\/actualite\/sport\/mondial-2026-des-billets-a-prix-reduit-pour-les-supporters-tunisiens\/389662\/#primaryimage"},"image":{"@id":"https:\/\/www.webdo.tn\/fr\/actualite\/sport\/mondial-2026-des-billets-a-prix-reduit-pour-les-supporters-tunisiens\/389662\/#primaryimage"},"thumbnailUrl":"https:\/\/www.webdo.tn\/fr\/wp-content\/uploads\/2025\/12\/Capture-decran-2025-12-17-082711.jpg","datePublished":"2025-12-17T13:44:58+00:00","dateModified":"2025-12-17T13:45:05+00:00","description":"D\u00e9couvrez les d\u00e9tails du prochain Mondial et l'importance des billets \u00e0 prix r\u00e9duit pour les supporters tunisiens.","breadcrumb":{"@id":"https:\/\/www.webdo.tn\/fr\/actualite\/sport\/mondial-2026-des-billets-a-prix-reduit-pour-les-supporters-tunisiens\/389662\/#breadcrumb"},"inLanguage":"fr-FR","potentialAction":[{"@type":"ReadAction","target":["https:\/\/www.webdo.tn\/fr\/actualite\/sport\/mondial-2026-des-billets-a-prix-reduit-pour-les-supporters-tunisiens\/389662\/"]}]},{"@type":"ImageObject","inLanguage":"fr-FR","@id":"https:\/\/www.webdo.tn\/fr\/actualite\/sport\/mondial-2026-des-billets-a-prix-reduit-pour-les-supporters-tunisiens\/389662\/#primaryimage","url":"https:\/\/www.webdo.tn\/fr\/wp-content\/uploads\/2025\/12\/Capture-decran-2025-12-17-082711.jpg","contentUrl":"https:\/\/www.webdo.tn\/fr\/wp-content\/uploads\/2025\/12\/Capture-decran-2025-12-17-082711.jpg","width":1451,"height":788},{"@type":"BreadcrumbList","@id":"https:\/\/www.webdo.tn\/fr\/actualite\/sport\/mondial-2026-des-billets-a-prix-reduit-pour-les-supporters-tunisiens\/389662\/#breadcrumb","itemListElement":[{"@type":"ListItem","position":1,"name":"Accueil","item":"https:\/\/www.webdo.tn\/fr\/"},{"@type":"ListItem","position":2,"name":"Mondial 2026 : Des billets \u00e0 prix r\u00e9duit pour les supporters tunisiens"}]},{"@type":"WebSite","@id":"https:\/\/www.webdo.tn\/fr\/#website","url":"https:\/\/www.webdo.tn\/fr\/","name":"webdo","description":"Tunisie - News en Tunisie et \u00e0 l&#039;international sur Webdo.tn","publisher":{"@id":"https:\/\/www.webdo.tn\/fr\/#organization"},"potentialAction":[{"@type":"SearchAction","target":{"@type":"EntryPoint","urlTemplate":"https:\/\/www.webdo.tn\/fr\/?s={search_term_string}"},"query-input":{"@type":"PropertyValueSpecification","valueRequired":true,"valueName":"search_term_string"}}],"inLanguage":"fr-FR"},{"@type":"Organization","@id":"https:\/\/www.webdo.tn\/fr\/#organization","name":"Webdo","alternateName":"Webdo.tn","url":"https:\/\/www.webdo.tn\/fr\/","logo":{"@type":"ImageObject","inLanguage":"fr-FR","@id":"https:\/\/www.webdo.tn\/fr\/#\/schema\/logo\/image\/","url":"https:\/\/www.webdo.tn\/fr\/wp-content\/uploads\/2025\/06\/Webdo-Tunisie_168377.jpg","contentUrl":"https:\/\/www.webdo.tn\/fr\/wp-content\/uploads\/2025\/06\/Webdo-Tunisie_168377.jpg","width":301,"height":301,"caption":"Webdo"},"image":{"@id":"https:\/\/www.webdo.tn\/fr\/#\/schema\/logo\/image\/"},"sameAs":["https:\/\/www.facebook.com\/webdotn","https:\/\/x.com\/webdo_tn"],"description":"Webdo est un m\u00e9dia num\u00e9rique tunisien fond\u00e9 en 2010, sp\u00e9cialis\u00e9 dans l\u2019actualit\u00e9 nationale et internationale, l\u2019\u00e9conomie, la soci\u00e9t\u00e9 et les analyses politiques. Le site s\u2019adresse \u00e0 un large public francophone et couvre l\u2019information tunisienne en temps r\u00e9el.","email":"redac@webdo.tn","legalName":"YNJ SARL","foundingDate":"2010-09-06","numberOfEmployees":{"@type":"QuantitativeValue","minValue":"11","maxValue":"50"}},{"@type":"Person","@id":"https:\/\/www.webdo.tn\/fr\/#\/schema\/person\/b9ecde7a5574cb4fcf4b496ea5fadb15","name":"Wided Belhaj","image":{"@type":"ImageObject","inLanguage":"fr-FR","@id":"https:\/\/www.webdo.tn\/fr\/wp-content\/uploads\/2026\/04\/wided-belhaj_avatar-96x96.jpg","url":"https:\/\/www.webdo.tn\/fr\/wp-content\/uploads\/2026\/04\/wided-belhaj_avatar-96x96.jpg","contentUrl":"https:\/\/www.webdo.tn\/fr\/wp-content\/uploads\/2026\/04\/wided-belhaj_avatar-96x96.jpg","caption":"Wided Belhaj"},"description":"Wided Belhaj est le pseudonyme \u00e9ditorial utilis\u00e9 par Khalil Jelassi, journaliste, ma\u00eetre-assistant \u00e0 l\u2019Institut de presse et des sciences de l\u2019information (IPSI) et chercheur en sciences de l\u2019information et de la communication. Cette signature est d\u00e9di\u00e9e \u00e0 l\u2019analyse des m\u00e9dias, des pratiques journalistiques et des mutations de l\u2019information \u00e0 l\u2019\u00e8re digitale. \u00c0 travers ses contributions, Wided Belhaj propose une lecture analytique de l\u2019actualit\u00e9, en croisant regard critique et expertise acad\u00e9mique.","knowsAbout":["m\u00e9dias","journalisme","communication","information","transformation num\u00e9rique","analyse des m\u00e9dias"],"knowsLanguage":["Fran\u00e7ais","Arabe"],"jobTitle":"Webdo.tn","worksFor":"Journaliste \u2013 Analyse des m\u00e9dias","url":"https:\/\/www.webdo.tn\/fr\/actualite\/author\/wided-belhaj\/"}]}},"_links":{"self":[{"href":"https:\/\/www.webdo.tn\/fr\/wp-json\/wp\/v2\/posts\/389662","targetHints":{"allow":["GET"]}}],"collection":[{"href":"https:\/\/www.webdo.tn\/fr\/wp-json\/wp\/v2\/posts"}],"about":[{"href":"https:\/\/www.webdo.tn\/fr\/wp-json\/wp\/v2\/types\/post"}],"author":[{"embeddable":true,"href":"https:\/\/www.webdo.tn\/fr\/wp-json\/wp\/v2\/users\/3184"}],"replies":[{"embeddable":true,"href":"https:\/\/www.webdo.tn\/fr\/wp-json\/wp\/v2\/comments?post=389662"}],"version-history":[{"count":0,"href":"https:\/\/www.webdo.tn\/fr\/wp-json\/wp\/v2\/posts\/389662\/revisions"}],"wp:featuredmedia":[{"embeddable":true,"href":"https:\/\/www.webdo.tn\/fr\/wp-json\/wp\/v2\/media\/389663"}],"wp:attachment":[{"href":"https:\/\/www.webdo.tn\/fr\/wp-json\/wp\/v2\/media?parent=389662"}],"wp:term":[{"taxonomy":"category","embeddable":true,"href":"https:\/\/www.webdo.tn\/fr\/wp-json\/wp\/v2\/categories?post=389662"},{"taxonomy":"post_tag","embeddable":true,"href":"https:\/\/www.webdo.tn\/fr\/wp-json\/wp\/v2\/tags?post=389662"}],"curies":[{"name":"wp","href":"https:\/\/api.w.org\/{rel}","templated":true}]}}