{"id":389598,"date":"2025-12-16T08:49:46","date_gmt":"2025-12-16T07:49:46","guid":{"rendered":"https:\/\/www.webdo.tn\/fr\/?p=389598"},"modified":"2025-12-16T09:04:22","modified_gmt":"2025-12-16T08:04:22","slug":"fete-de-la-revolution-kais-saied-accorde-une-grace-presidentielle-a-2014-detenus","status":"publish","type":"post","link":"https:\/\/www.webdo.tn\/fr\/actualite\/national\/fete-de-la-revolution-kais-saied-accorde-une-grace-presidentielle-a-2014-detenus\/389598\/","title":{"rendered":"F\u00eate de la R\u00e9volution : Ka\u00efs Sa\u00efed accorde une gr\u00e2ce pr\u00e9sidentielle \u00e0 2014 d\u00e9tenus"},"content":{"rendered":"\n<p>A l\u2019occasion de la F\u00eate de la R\u00e9volution du 17 d\u00e9cembre, le pr\u00e9sident de la R\u00e9publique, Ka\u00efs Sa\u00efed, a accord\u00e9 une gr\u00e2ce pr\u00e9sidentielle en faveur de 2014 d\u00e9tenus. La d\u00e9cision a \u00e9t\u00e9 annonc\u00e9e aujourd\u2019hui dans un communiqu\u00e9 officiel de la pr\u00e9sidence de la R\u00e9publique. Elle s\u2019inscrit dans le cadre des mesures traditionnelles prises lors des grandes comm\u00e9morations nationales.<\/p>\n\n\n\n<p>Dans son communiqu\u00e9, la pr\u00e9sidence de la R\u00e9publique pr\u00e9cise que le chef de l\u2019\u00c9tat a d\u00e9cid\u00e9 d\u2019accorder une gr\u00e2ce pr\u00e9sidentielle \u00e0 2014 personnes incarc\u00e9r\u00e9es. Cette mesure rel\u00e8ve des pr\u00e9rogatives constitutionnelles du pr\u00e9sident en mati\u00e8re de r\u00e9duction de peines.<\/p>\n\n\n\n<h2 class=\"wp-block-heading\" id=\"h-liberation-conditionnelle-pour-674-autres-detenus\">Lib\u00e9ration conditionnelle pour 674 autres d\u00e9tenus<\/h2>\n\n\n\n<p>Le communiqu\u00e9 indique \u00e9galement que le pr\u00e9sident de la R\u00e9publique a ordonn\u00e9 l\u2019octroi de la lib\u00e9ration conditionnelle \u00e0 674 autres d\u00e9tenus. Cette mesure vient s\u2019ajouter \u00e0 la gr\u00e2ce pr\u00e9sidentielle accord\u00e9e \u00e0 2014 personnes, sans pr\u00e9ciser les modalit\u00e9s d\u2019application ni les d\u00e9lais de mise en \u0153uvre.<\/p>\n\n\n\n<p>La pr\u00e9sidence souligne que cette d\u00e9cision intervient \u00e0 l\u2019occasion de la c\u00e9l\u00e9bration de la F\u00eate de la R\u00e9volution, comm\u00e9mor\u00e9e le 17 d\u00e9cembre, date marquant le d\u00e9clenchement du soul\u00e8vement populaire de 2010.<\/p>\n\n\n\n<p><\/p>\n\n\n\n<iframe src=\"https:\/\/www.facebook.com\/plugins\/post.php?href=https%3A%2F%2Fwww.facebook.com%2FPresidence.tn%2Fposts%2Fpfbid02rjA4TDziqPkGFnYXsE1LHer3CL8XW72cVh4Tdqk35gSTyyzPsVgmiVUgwYNjRJFTl&#038;show_text=true&#038;width=500\" width=\"500\" height=\"412\" style=\"border:none;overflow:hidden\" scrolling=\"no\" frameborder=\"0\" allowfullscreen=\"true\" allow=\"autoplay; clipboard-write; encrypted-media; picture-in-picture; web-share\"><\/iframe>\n\n\n\n<p><\/p>\n\n\n\n<blockquote class=\"wp-block-quote is-layout-flow wp-block-quote-is-layout-flow\">\n<p><strong>Lire aussi<\/strong><\/p>\n\n\n\n<ul class=\"wp-block-list\">\n<li><a href=\"https:\/\/www.webdo.tn\/fr\/actualite\/national\/saied-accorde-une-grace-presidentielle-a-plus-de-mille-detenus\/385664\/\">Sa\u00efed accorde une gr\u00e2ce pr\u00e9sidentielle \u00e0 plus de mille d\u00e9tenus<\/a><\/li>\n\n\n\n<li><a href=\"https:\/\/www.webdo.tn\/fr\/actualite\/national\/fete-de-la-republique-kais-saied-accorde-une-grace-presidentielle-a-745-detenus\/380207\/\">F\u00eate de la R\u00e9publique : Ka\u00efs Sa\u00efed accorde une gr\u00e2ce pr\u00e9sidentielle \u00e0 745 d\u00e9tenus<\/a><\/li>\n\n\n\n<li><a href=\"https:\/\/www.webdo.tn\/fr\/actualite\/national\/kais-saied-accorde-une-grace-presidentielle-a-1-573-detenus\/220676\/\">Ka\u00efs Sa\u00efed accorde une gr\u00e2ce pr\u00e9sidentielle \u00e0 1 573 d\u00e9tenus<\/a><\/li>\n<\/ul>\n<\/blockquote>\n","protected":false},"excerpt":{"rendered":"<p>A l\u2019occasion de la F\u00eate de la R\u00e9volution du 17 d\u00e9cembre, le pr\u00e9sident de la R\u00e9publique, Ka\u00efs Sa\u00efed, a accord\u00e9 une gr\u00e2ce pr\u00e9sidentielle en faveur de 2014 d\u00e9tenus. La d\u00e9cision a \u00e9t\u00e9 annonc\u00e9e aujourd\u2019hui dans un communiqu\u00e9 officiel de la pr\u00e9sidence de la R\u00e9publique. Elle s\u2019inscrit dans le cadre des mesures traditionnelles prises lors des [&hellip;]<\/p>\n","protected":false},"author":4782,"featured_media":389599,"comment_status":"closed","ping_status":"closed","sticky":false,"template":"","format":"standard","meta":{"footnotes":""},"categories":[44],"tags":[4726,3583,2614,2608],"class_list":["post-389598","post","type-post","status-publish","format-standard","has-post-thumbnail","hentry","category-national","tag-fete-de-la-revolution","tag-grace-presidentielle","tag-kais-saied","tag-tunisie"],"yoast_head":"<!-- This site is optimized with the Yoast SEO Premium plugin v27.5 (Yoast SEO v27.5) - https:\/\/yoast.com\/product\/yoast-seo-premium-wordpress\/ -->\n<title>F\u00eate de la R\u00e9volution : Ka\u00efs Sa\u00efed accorde une gr\u00e2ce pr\u00e9sidentielle \u00e0 2014 d\u00e9tenus - webdo<\/title>\n<meta name=\"description\" content=\"Ka\u00efs Sa\u00efed accorde une gr\u00e2ce pr\u00e9sidentielle \u00e0 2014 d\u00e9tenus pour la F\u00eate de la R\u00e9volution. D\u00e9couvrez les d\u00e9tails de cette d\u00e9cision.\" \/>\n<link rel=\"canonical\" href=\"https:\/\/www.webdo.tn\/fr\/actualite\/national\/fete-de-la-revolution-kais-saied-accorde-une-grace-presidentielle-a-2014-detenus\/389598\/\" \/>\n<meta property=\"og:locale\" content=\"fr_FR\" \/>\n<meta property=\"og:type\" content=\"article\" \/>\n<meta property=\"og:title\" content=\"F\u00eate de la R\u00e9volution : Ka\u00efs Sa\u00efed accorde une gr\u00e2ce pr\u00e9sidentielle \u00e0 2014 d\u00e9tenus\" \/>\n<meta property=\"og:description\" content=\"Ka\u00efs Sa\u00efed accorde une gr\u00e2ce pr\u00e9sidentielle \u00e0 2014 d\u00e9tenus pour la F\u00eate de la R\u00e9volution. D\u00e9couvrez les d\u00e9tails de cette d\u00e9cision.\" \/>\n<meta property=\"og:url\" content=\"https:\/\/www.webdo.tn\/fr\/actualite\/national\/fete-de-la-revolution-kais-saied-accorde-une-grace-presidentielle-a-2014-detenus\/389598\/\" \/>\n<meta property=\"og:site_name\" content=\"webdo\" \/>\n<meta property=\"article:publisher\" content=\"https:\/\/www.facebook.com\/webdotn\" \/>\n<meta property=\"article:published_time\" content=\"2025-12-16T07:49:46+00:00\" \/>\n<meta property=\"article:modified_time\" content=\"2025-12-16T08:04:22+00:00\" \/>\n<meta property=\"og:image\" content=\"https:\/\/www.webdo.tn\/fr\/wp-content\/uploads\/2025\/12\/kais-saied-decret-.jpg\" \/>\n\t<meta property=\"og:image:width\" content=\"1200\" \/>\n\t<meta property=\"og:image:height\" content=\"600\" \/>\n\t<meta property=\"og:image:type\" content=\"image\/jpeg\" \/>\n<meta name=\"author\" content=\"Mohamed Fethi\" \/>\n<meta name=\"twitter:card\" content=\"summary_large_image\" \/>\n<meta name=\"twitter:creator\" content=\"@webdo_tn\" \/>\n<meta name=\"twitter:site\" content=\"@webdo_tn\" \/>\n<meta name=\"twitter:label1\" content=\"\u00c9crit par\" \/>\n\t<meta name=\"twitter:data1\" content=\"Mohamed Fethi\" \/>\n\t<meta name=\"twitter:label2\" content=\"Dur\u00e9e de lecture estim\u00e9e\" \/>\n\t<meta name=\"twitter:data2\" content=\"2 minutes\" \/>\n<script type=\"application\/ld+json\" class=\"yoast-schema-graph\">{\"@context\":\"https:\\\/\\\/schema.org\",\"@graph\":[{\"@type\":\"NewsArticle\",\"@id\":\"https:\\\/\\\/www.webdo.tn\\\/fr\\\/actualite\\\/national\\\/fete-de-la-revolution-kais-saied-accorde-une-grace-presidentielle-a-2014-detenus\\\/389598\\\/#article\",\"isPartOf\":{\"@id\":\"https:\\\/\\\/www.webdo.tn\\\/fr\\\/actualite\\\/national\\\/fete-de-la-revolution-kais-saied-accorde-une-grace-presidentielle-a-2014-detenus\\\/389598\\\/\"},\"author\":{\"name\":\"Mohamed Fethi\",\"@id\":\"https:\\\/\\\/www.webdo.tn\\\/fr\\\/#\\\/schema\\\/person\\\/16a4857e77dfc0b610c4c2cadffc9ac4\"},\"headline\":\"F\u00eate de la R\u00e9volution : Ka\u00efs Sa\u00efed accorde une gr\u00e2ce pr\u00e9sidentielle \u00e0 2014 d\u00e9tenus\",\"datePublished\":\"2025-12-16T07:49:46+00:00\",\"dateModified\":\"2025-12-16T08:04:22+00:00\",\"mainEntityOfPage\":{\"@id\":\"https:\\\/\\\/www.webdo.tn\\\/fr\\\/actualite\\\/national\\\/fete-de-la-revolution-kais-saied-accorde-une-grace-presidentielle-a-2014-detenus\\\/389598\\\/\"},\"wordCount\":288,\"publisher\":{\"@id\":\"https:\\\/\\\/www.webdo.tn\\\/fr\\\/#organization\"},\"image\":{\"@id\":\"https:\\\/\\\/www.webdo.tn\\\/fr\\\/actualite\\\/national\\\/fete-de-la-revolution-kais-saied-accorde-une-grace-presidentielle-a-2014-detenus\\\/389598\\\/#primaryimage\"},\"thumbnailUrl\":\"https:\\\/\\\/www.webdo.tn\\\/fr\\\/wp-content\\\/uploads\\\/2025\\\/12\\\/kais-saied-decret-.jpg\",\"keywords\":[\"f\u00eate de la r\u00e9volution\",\"gr\u00e2ce pr\u00e9sidentielle\",\"Kais Saied\",\"Tunisie\"],\"articleSection\":[\"National\"],\"inLanguage\":\"fr-FR\"},{\"@type\":\"WebPage\",\"@id\":\"https:\\\/\\\/www.webdo.tn\\\/fr\\\/actualite\\\/national\\\/fete-de-la-revolution-kais-saied-accorde-une-grace-presidentielle-a-2014-detenus\\\/389598\\\/\",\"url\":\"https:\\\/\\\/www.webdo.tn\\\/fr\\\/actualite\\\/national\\\/fete-de-la-revolution-kais-saied-accorde-une-grace-presidentielle-a-2014-detenus\\\/389598\\\/\",\"name\":\"F\u00eate de la R\u00e9volution : Ka\u00efs Sa\u00efed accorde une gr\u00e2ce pr\u00e9sidentielle \u00e0 2014 d\u00e9tenus - webdo\",\"isPartOf\":{\"@id\":\"https:\\\/\\\/www.webdo.tn\\\/fr\\\/#website\"},\"primaryImageOfPage\":{\"@id\":\"https:\\\/\\\/www.webdo.tn\\\/fr\\\/actualite\\\/national\\\/fete-de-la-revolution-kais-saied-accorde-une-grace-presidentielle-a-2014-detenus\\\/389598\\\/#primaryimage\"},\"image\":{\"@id\":\"https:\\\/\\\/www.webdo.tn\\\/fr\\\/actualite\\\/national\\\/fete-de-la-revolution-kais-saied-accorde-une-grace-presidentielle-a-2014-detenus\\\/389598\\\/#primaryimage\"},\"thumbnailUrl\":\"https:\\\/\\\/www.webdo.tn\\\/fr\\\/wp-content\\\/uploads\\\/2025\\\/12\\\/kais-saied-decret-.jpg\",\"datePublished\":\"2025-12-16T07:49:46+00:00\",\"dateModified\":\"2025-12-16T08:04:22+00:00\",\"description\":\"Ka\u00efs Sa\u00efed accorde une gr\u00e2ce pr\u00e9sidentielle \u00e0 2014 d\u00e9tenus pour la F\u00eate de la R\u00e9volution. D\u00e9couvrez les d\u00e9tails de cette d\u00e9cision.\",\"breadcrumb\":{\"@id\":\"https:\\\/\\\/www.webdo.tn\\\/fr\\\/actualite\\\/national\\\/fete-de-la-revolution-kais-saied-accorde-une-grace-presidentielle-a-2014-detenus\\\/389598\\\/#breadcrumb\"},\"inLanguage\":\"fr-FR\",\"potentialAction\":[{\"@type\":\"ReadAction\",\"target\":[\"https:\\\/\\\/www.webdo.tn\\\/fr\\\/actualite\\\/national\\\/fete-de-la-revolution-kais-saied-accorde-une-grace-presidentielle-a-2014-detenus\\\/389598\\\/\"]}]},{\"@type\":\"ImageObject\",\"inLanguage\":\"fr-FR\",\"@id\":\"https:\\\/\\\/www.webdo.tn\\\/fr\\\/actualite\\\/national\\\/fete-de-la-revolution-kais-saied-accorde-une-grace-presidentielle-a-2014-detenus\\\/389598\\\/#primaryimage\",\"url\":\"https:\\\/\\\/www.webdo.tn\\\/fr\\\/wp-content\\\/uploads\\\/2025\\\/12\\\/kais-saied-decret-.jpg\",\"contentUrl\":\"https:\\\/\\\/www.webdo.tn\\\/fr\\\/wp-content\\\/uploads\\\/2025\\\/12\\\/kais-saied-decret-.jpg\",\"width\":1200,\"height\":600,\"caption\":\"F\u00eate de la R\u00e9volution : Ka\u00efs Sa\u00efed accorde une gr\u00e2ce pr\u00e9sidentielle \u00e0 2014 d\u00e9tenus\"},{\"@type\":\"BreadcrumbList\",\"@id\":\"https:\\\/\\\/www.webdo.tn\\\/fr\\\/actualite\\\/national\\\/fete-de-la-revolution-kais-saied-accorde-une-grace-presidentielle-a-2014-detenus\\\/389598\\\/#breadcrumb\",\"itemListElement\":[{\"@type\":\"ListItem\",\"position\":1,\"name\":\"Accueil\",\"item\":\"https:\\\/\\\/www.webdo.tn\\\/fr\\\/\"},{\"@type\":\"ListItem\",\"position\":2,\"name\":\"F\u00eate de la R\u00e9volution : Ka\u00efs Sa\u00efed accorde une gr\u00e2ce pr\u00e9sidentielle \u00e0 2014 d\u00e9tenus\"}]},{\"@type\":\"WebSite\",\"@id\":\"https:\\\/\\\/www.webdo.tn\\\/fr\\\/#website\",\"url\":\"https:\\\/\\\/www.webdo.tn\\\/fr\\\/\",\"name\":\"webdo\",\"description\":\"Tunisie - News en Tunisie et \u00e0 l&#039;international sur Webdo.tn\",\"publisher\":{\"@id\":\"https:\\\/\\\/www.webdo.tn\\\/fr\\\/#organization\"},\"potentialAction\":[{\"@type\":\"SearchAction\",\"target\":{\"@type\":\"EntryPoint\",\"urlTemplate\":\"https:\\\/\\\/www.webdo.tn\\\/fr\\\/?s={search_term_string}\"},\"query-input\":{\"@type\":\"PropertyValueSpecification\",\"valueRequired\":true,\"valueName\":\"search_term_string\"}}],\"inLanguage\":\"fr-FR\"},{\"@type\":\"Organization\",\"@id\":\"https:\\\/\\\/www.webdo.tn\\\/fr\\\/#organization\",\"name\":\"Webdo\",\"alternateName\":\"Webdo.tn\",\"url\":\"https:\\\/\\\/www.webdo.tn\\\/fr\\\/\",\"logo\":{\"@type\":\"ImageObject\",\"inLanguage\":\"fr-FR\",\"@id\":\"https:\\\/\\\/www.webdo.tn\\\/fr\\\/#\\\/schema\\\/logo\\\/image\\\/\",\"url\":\"https:\\\/\\\/www.webdo.tn\\\/fr\\\/wp-content\\\/uploads\\\/2025\\\/06\\\/Webdo-Tunisie_168377.jpg\",\"contentUrl\":\"https:\\\/\\\/www.webdo.tn\\\/fr\\\/wp-content\\\/uploads\\\/2025\\\/06\\\/Webdo-Tunisie_168377.jpg\",\"width\":301,\"height\":301,\"caption\":\"Webdo\"},\"image\":{\"@id\":\"https:\\\/\\\/www.webdo.tn\\\/fr\\\/#\\\/schema\\\/logo\\\/image\\\/\"},\"sameAs\":[\"https:\\\/\\\/www.facebook.com\\\/webdotn\",\"https:\\\/\\\/x.com\\\/webdo_tn\"],\"description\":\"Webdo est un m\u00e9dia num\u00e9rique tunisien fond\u00e9 en 2010, sp\u00e9cialis\u00e9 dans l\u2019actualit\u00e9 nationale et internationale, l\u2019\u00e9conomie, la soci\u00e9t\u00e9 et les analyses politiques. Le site s\u2019adresse \u00e0 un large public francophone et couvre l\u2019information tunisienne en temps r\u00e9el.\",\"email\":\"redac@webdo.tn\",\"legalName\":\"YNJ SARL\",\"foundingDate\":\"2010-09-06\",\"numberOfEmployees\":{\"@type\":\"QuantitativeValue\",\"minValue\":\"11\",\"maxValue\":\"50\"}},{\"@type\":\"Person\",\"@id\":\"https:\\\/\\\/www.webdo.tn\\\/fr\\\/#\\\/schema\\\/person\\\/16a4857e77dfc0b610c4c2cadffc9ac4\",\"name\":\"Mohamed Fethi\",\"image\":{\"@type\":\"ImageObject\",\"inLanguage\":\"fr-FR\",\"@id\":\"https:\\\/\\\/www.webdo.tn\\\/fr\\\/wp-content\\\/uploads\\\/2026\\\/04\\\/mohamed-fethi_avatar_1-96x96.jpg\",\"url\":\"https:\\\/\\\/www.webdo.tn\\\/fr\\\/wp-content\\\/uploads\\\/2026\\\/04\\\/mohamed-fethi_avatar_1-96x96.jpg\",\"contentUrl\":\"https:\\\/\\\/www.webdo.tn\\\/fr\\\/wp-content\\\/uploads\\\/2026\\\/04\\\/mohamed-fethi_avatar_1-96x96.jpg\",\"caption\":\"Mohamed Fethi\"},\"description\":\"Signature \u00e9ditoriale de Maher Chaabane Mohamed Fethi est le pseudonyme \u00e9ditorial de Maher Chaabane, r\u00e9dacteur en chef de Webdo.tn depuis 2012. Cette signature est d\u00e9di\u00e9e au traitement intensif de l'actualit\u00e9 nationale et internationale en temps r\u00e9el. S'appuyant sur les deux d\u00e9cennies d'expertise journalistique de Maher Chaabane \u2014 d\u00e9but\u00e9e au sein du groupe Tunis Hebdo en 2000 \u2014 Mohamed Fethi assure une veille rigoureuse sur les enjeux politiques, \u00e9conomiques et sportifs. Sa mission est de garantir une information structur\u00e9e, fluide et fid\u00e8le aux standards de la r\u00e9daction. Pour consulter le parcours complet du r\u00e9dacteur en chef, visitez le profil officiel de Maher Chaabane.\",\"knowsAbout\":[\"actualit\u00e9\",\"journalisme\",\"information\",\"politique\",\"sport\",\"m\u00e9dias\",\"actualit\u00e9 internationale\"],\"knowsLanguage\":[\"Fran\u00e7ais\",\"Arabe\"],\"jobTitle\":\"Journaliste \u2013 R\u00e9daction Webdo\",\"worksFor\":\"Webdo.tn\",\"url\":\"https:\\\/\\\/www.webdo.tn\\\/fr\\\/actualite\\\/author\\\/mohamed-fethi\\\/\"}]}<\/script>\n<!-- \/ Yoast SEO Premium plugin. -->","yoast_head_json":{"title":"F\u00eate de la R\u00e9volution : Ka\u00efs Sa\u00efed accorde une gr\u00e2ce pr\u00e9sidentielle \u00e0 2014 d\u00e9tenus - webdo","description":"Ka\u00efs Sa\u00efed accorde une gr\u00e2ce pr\u00e9sidentielle \u00e0 2014 d\u00e9tenus pour la F\u00eate de la R\u00e9volution. D\u00e9couvrez les d\u00e9tails de cette d\u00e9cision.","canonical":"https:\/\/www.webdo.tn\/fr\/actualite\/national\/fete-de-la-revolution-kais-saied-accorde-une-grace-presidentielle-a-2014-detenus\/389598\/","og_locale":"fr_FR","og_type":"article","og_title":"F\u00eate de la R\u00e9volution : Ka\u00efs Sa\u00efed accorde une gr\u00e2ce pr\u00e9sidentielle \u00e0 2014 d\u00e9tenus","og_description":"Ka\u00efs Sa\u00efed accorde une gr\u00e2ce pr\u00e9sidentielle \u00e0 2014 d\u00e9tenus pour la F\u00eate de la R\u00e9volution. D\u00e9couvrez les d\u00e9tails de cette d\u00e9cision.","og_url":"https:\/\/www.webdo.tn\/fr\/actualite\/national\/fete-de-la-revolution-kais-saied-accorde-une-grace-presidentielle-a-2014-detenus\/389598\/","og_site_name":"webdo","article_publisher":"https:\/\/www.facebook.com\/webdotn","article_published_time":"2025-12-16T07:49:46+00:00","article_modified_time":"2025-12-16T08:04:22+00:00","og_image":[{"width":1200,"height":600,"url":"https:\/\/www.webdo.tn\/fr\/wp-content\/uploads\/2025\/12\/kais-saied-decret-.jpg","type":"image\/jpeg"}],"author":"Mohamed Fethi","twitter_card":"summary_large_image","twitter_creator":"@webdo_tn","twitter_site":"@webdo_tn","twitter_misc":{"\u00c9crit par":"Mohamed Fethi","Dur\u00e9e de lecture estim\u00e9e":"2 minutes"},"schema":{"@context":"https:\/\/schema.org","@graph":[{"@type":"NewsArticle","@id":"https:\/\/www.webdo.tn\/fr\/actualite\/national\/fete-de-la-revolution-kais-saied-accorde-une-grace-presidentielle-a-2014-detenus\/389598\/#article","isPartOf":{"@id":"https:\/\/www.webdo.tn\/fr\/actualite\/national\/fete-de-la-revolution-kais-saied-accorde-une-grace-presidentielle-a-2014-detenus\/389598\/"},"author":{"name":"Mohamed Fethi","@id":"https:\/\/www.webdo.tn\/fr\/#\/schema\/person\/16a4857e77dfc0b610c4c2cadffc9ac4"},"headline":"F\u00eate de la R\u00e9volution : Ka\u00efs Sa\u00efed accorde une gr\u00e2ce pr\u00e9sidentielle \u00e0 2014 d\u00e9tenus","datePublished":"2025-12-16T07:49:46+00:00","dateModified":"2025-12-16T08:04:22+00:00","mainEntityOfPage":{"@id":"https:\/\/www.webdo.tn\/fr\/actualite\/national\/fete-de-la-revolution-kais-saied-accorde-une-grace-presidentielle-a-2014-detenus\/389598\/"},"wordCount":288,"publisher":{"@id":"https:\/\/www.webdo.tn\/fr\/#organization"},"image":{"@id":"https:\/\/www.webdo.tn\/fr\/actualite\/national\/fete-de-la-revolution-kais-saied-accorde-une-grace-presidentielle-a-2014-detenus\/389598\/#primaryimage"},"thumbnailUrl":"https:\/\/www.webdo.tn\/fr\/wp-content\/uploads\/2025\/12\/kais-saied-decret-.jpg","keywords":["f\u00eate de la r\u00e9volution","gr\u00e2ce pr\u00e9sidentielle","Kais Saied","Tunisie"],"articleSection":["National"],"inLanguage":"fr-FR"},{"@type":"WebPage","@id":"https:\/\/www.webdo.tn\/fr\/actualite\/national\/fete-de-la-revolution-kais-saied-accorde-une-grace-presidentielle-a-2014-detenus\/389598\/","url":"https:\/\/www.webdo.tn\/fr\/actualite\/national\/fete-de-la-revolution-kais-saied-accorde-une-grace-presidentielle-a-2014-detenus\/389598\/","name":"F\u00eate de la R\u00e9volution : Ka\u00efs Sa\u00efed accorde une gr\u00e2ce pr\u00e9sidentielle \u00e0 2014 d\u00e9tenus - webdo","isPartOf":{"@id":"https:\/\/www.webdo.tn\/fr\/#website"},"primaryImageOfPage":{"@id":"https:\/\/www.webdo.tn\/fr\/actualite\/national\/fete-de-la-revolution-kais-saied-accorde-une-grace-presidentielle-a-2014-detenus\/389598\/#primaryimage"},"image":{"@id":"https:\/\/www.webdo.tn\/fr\/actualite\/national\/fete-de-la-revolution-kais-saied-accorde-une-grace-presidentielle-a-2014-detenus\/389598\/#primaryimage"},"thumbnailUrl":"https:\/\/www.webdo.tn\/fr\/wp-content\/uploads\/2025\/12\/kais-saied-decret-.jpg","datePublished":"2025-12-16T07:49:46+00:00","dateModified":"2025-12-16T08:04:22+00:00","description":"Ka\u00efs Sa\u00efed accorde une gr\u00e2ce pr\u00e9sidentielle \u00e0 2014 d\u00e9tenus pour la F\u00eate de la R\u00e9volution. D\u00e9couvrez les d\u00e9tails de cette d\u00e9cision.","breadcrumb":{"@id":"https:\/\/www.webdo.tn\/fr\/actualite\/national\/fete-de-la-revolution-kais-saied-accorde-une-grace-presidentielle-a-2014-detenus\/389598\/#breadcrumb"},"inLanguage":"fr-FR","potentialAction":[{"@type":"ReadAction","target":["https:\/\/www.webdo.tn\/fr\/actualite\/national\/fete-de-la-revolution-kais-saied-accorde-une-grace-presidentielle-a-2014-detenus\/389598\/"]}]},{"@type":"ImageObject","inLanguage":"fr-FR","@id":"https:\/\/www.webdo.tn\/fr\/actualite\/national\/fete-de-la-revolution-kais-saied-accorde-une-grace-presidentielle-a-2014-detenus\/389598\/#primaryimage","url":"https:\/\/www.webdo.tn\/fr\/wp-content\/uploads\/2025\/12\/kais-saied-decret-.jpg","contentUrl":"https:\/\/www.webdo.tn\/fr\/wp-content\/uploads\/2025\/12\/kais-saied-decret-.jpg","width":1200,"height":600,"caption":"F\u00eate de la R\u00e9volution : Ka\u00efs Sa\u00efed accorde une gr\u00e2ce pr\u00e9sidentielle \u00e0 2014 d\u00e9tenus"},{"@type":"BreadcrumbList","@id":"https:\/\/www.webdo.tn\/fr\/actualite\/national\/fete-de-la-revolution-kais-saied-accorde-une-grace-presidentielle-a-2014-detenus\/389598\/#breadcrumb","itemListElement":[{"@type":"ListItem","position":1,"name":"Accueil","item":"https:\/\/www.webdo.tn\/fr\/"},{"@type":"ListItem","position":2,"name":"F\u00eate de la R\u00e9volution : Ka\u00efs Sa\u00efed accorde une gr\u00e2ce pr\u00e9sidentielle \u00e0 2014 d\u00e9tenus"}]},{"@type":"WebSite","@id":"https:\/\/www.webdo.tn\/fr\/#website","url":"https:\/\/www.webdo.tn\/fr\/","name":"webdo","description":"Tunisie - News en Tunisie et \u00e0 l&#039;international sur Webdo.tn","publisher":{"@id":"https:\/\/www.webdo.tn\/fr\/#organization"},"potentialAction":[{"@type":"SearchAction","target":{"@type":"EntryPoint","urlTemplate":"https:\/\/www.webdo.tn\/fr\/?s={search_term_string}"},"query-input":{"@type":"PropertyValueSpecification","valueRequired":true,"valueName":"search_term_string"}}],"inLanguage":"fr-FR"},{"@type":"Organization","@id":"https:\/\/www.webdo.tn\/fr\/#organization","name":"Webdo","alternateName":"Webdo.tn","url":"https:\/\/www.webdo.tn\/fr\/","logo":{"@type":"ImageObject","inLanguage":"fr-FR","@id":"https:\/\/www.webdo.tn\/fr\/#\/schema\/logo\/image\/","url":"https:\/\/www.webdo.tn\/fr\/wp-content\/uploads\/2025\/06\/Webdo-Tunisie_168377.jpg","contentUrl":"https:\/\/www.webdo.tn\/fr\/wp-content\/uploads\/2025\/06\/Webdo-Tunisie_168377.jpg","width":301,"height":301,"caption":"Webdo"},"image":{"@id":"https:\/\/www.webdo.tn\/fr\/#\/schema\/logo\/image\/"},"sameAs":["https:\/\/www.facebook.com\/webdotn","https:\/\/x.com\/webdo_tn"],"description":"Webdo est un m\u00e9dia num\u00e9rique tunisien fond\u00e9 en 2010, sp\u00e9cialis\u00e9 dans l\u2019actualit\u00e9 nationale et internationale, l\u2019\u00e9conomie, la soci\u00e9t\u00e9 et les analyses politiques. Le site s\u2019adresse \u00e0 un large public francophone et couvre l\u2019information tunisienne en temps r\u00e9el.","email":"redac@webdo.tn","legalName":"YNJ SARL","foundingDate":"2010-09-06","numberOfEmployees":{"@type":"QuantitativeValue","minValue":"11","maxValue":"50"}},{"@type":"Person","@id":"https:\/\/www.webdo.tn\/fr\/#\/schema\/person\/16a4857e77dfc0b610c4c2cadffc9ac4","name":"Mohamed Fethi","image":{"@type":"ImageObject","inLanguage":"fr-FR","@id":"https:\/\/www.webdo.tn\/fr\/wp-content\/uploads\/2026\/04\/mohamed-fethi_avatar_1-96x96.jpg","url":"https:\/\/www.webdo.tn\/fr\/wp-content\/uploads\/2026\/04\/mohamed-fethi_avatar_1-96x96.jpg","contentUrl":"https:\/\/www.webdo.tn\/fr\/wp-content\/uploads\/2026\/04\/mohamed-fethi_avatar_1-96x96.jpg","caption":"Mohamed Fethi"},"description":"Signature \u00e9ditoriale de Maher Chaabane Mohamed Fethi est le pseudonyme \u00e9ditorial de Maher Chaabane, r\u00e9dacteur en chef de Webdo.tn depuis 2012. Cette signature est d\u00e9di\u00e9e au traitement intensif de l'actualit\u00e9 nationale et internationale en temps r\u00e9el. S'appuyant sur les deux d\u00e9cennies d'expertise journalistique de Maher Chaabane \u2014 d\u00e9but\u00e9e au sein du groupe Tunis Hebdo en 2000 \u2014 Mohamed Fethi assure une veille rigoureuse sur les enjeux politiques, \u00e9conomiques et sportifs. Sa mission est de garantir une information structur\u00e9e, fluide et fid\u00e8le aux standards de la r\u00e9daction. Pour consulter le parcours complet du r\u00e9dacteur en chef, visitez le profil officiel de Maher Chaabane.","knowsAbout":["actualit\u00e9","journalisme","information","politique","sport","m\u00e9dias","actualit\u00e9 internationale"],"knowsLanguage":["Fran\u00e7ais","Arabe"],"jobTitle":"Journaliste \u2013 R\u00e9daction Webdo","worksFor":"Webdo.tn","url":"https:\/\/www.webdo.tn\/fr\/actualite\/author\/mohamed-fethi\/"}]}},"_links":{"self":[{"href":"https:\/\/www.webdo.tn\/fr\/wp-json\/wp\/v2\/posts\/389598","targetHints":{"allow":["GET"]}}],"collection":[{"href":"https:\/\/www.webdo.tn\/fr\/wp-json\/wp\/v2\/posts"}],"about":[{"href":"https:\/\/www.webdo.tn\/fr\/wp-json\/wp\/v2\/types\/post"}],"author":[{"embeddable":true,"href":"https:\/\/www.webdo.tn\/fr\/wp-json\/wp\/v2\/users\/4782"}],"replies":[{"embeddable":true,"href":"https:\/\/www.webdo.tn\/fr\/wp-json\/wp\/v2\/comments?post=389598"}],"version-history":[{"count":0,"href":"https:\/\/www.webdo.tn\/fr\/wp-json\/wp\/v2\/posts\/389598\/revisions"}],"wp:featuredmedia":[{"embeddable":true,"href":"https:\/\/www.webdo.tn\/fr\/wp-json\/wp\/v2\/media\/389599"}],"wp:attachment":[{"href":"https:\/\/www.webdo.tn\/fr\/wp-json\/wp\/v2\/media?parent=389598"}],"wp:term":[{"taxonomy":"category","embeddable":true,"href":"https:\/\/www.webdo.tn\/fr\/wp-json\/wp\/v2\/categories?post=389598"},{"taxonomy":"post_tag","embeddable":true,"href":"https:\/\/www.webdo.tn\/fr\/wp-json\/wp\/v2\/tags?post=389598"}],"curies":[{"name":"wp","href":"https:\/\/api.w.org\/{rel}","templated":true}]}}