{"id":389587,"date":"2025-12-15T18:38:29","date_gmt":"2025-12-15T17:38:29","guid":{"rendered":"https:\/\/www.webdo.tn\/fr\/?p=389587"},"modified":"2025-12-15T18:38:30","modified_gmt":"2025-12-15T17:38:30","slug":"tunisie-arrieres-de-vignette-une-exoneration-sous-conditions-en-2026","status":"publish","type":"post","link":"https:\/\/www.webdo.tn\/fr\/actualite\/national\/tunisie-arrieres-de-vignette-une-exoneration-sous-conditions-en-2026\/389587\/","title":{"rendered":"Tunisie &#8211; Arri\u00e9r\u00e9s de vignette : Une exon\u00e9ration sous conditions en 2026"},"content":{"rendered":"\n<p>La loi de finances pour l\u2019ann\u00e9e 2026, publi\u00e9e officiellement dans le JORT, introduit une mesure tr\u00e8s attendue par les automobilistes tunisiens : une exon\u00e9ration exceptionnelle des arri\u00e9r\u00e9s li\u00e9s \u00e0 la vignette automobile. L\u2019objectif affich\u00e9 est double : all\u00e9ger la pression fiscale sur les citoyens et encourager la r\u00e9gularisation des situations fiscales accumul\u00e9es ces derni\u00e8res ann\u00e9es.<\/p>\n\n\n\n<p>Concr\u00e8tement, la loi pr\u00e9voit l\u2019effacement des vignettes de circulation non pay\u00e9es au titre des ann\u00e9es 2022, 2023 et 2024. Cette exon\u00e9ration concerne \u00e9galement les p\u00e9nalit\u00e9s et amendes associ\u00e9es \u00e0 ces retards. Il s\u2019agit d\u2019une mesure ponctuelle, int\u00e9gr\u00e9e dans la loi de finances 2026, qui ne remet pas en cause l\u2019obligation de s\u2019acquitter des vignettes en cours.<\/p>\n\n\n\n<p>Pour b\u00e9n\u00e9ficier de cette exon\u00e9ration, une condition essentielle est pos\u00e9e : le propri\u00e9taire du v\u00e9hicule doit avoir pay\u00e9 la vignette relative \u00e0 l\u2019ann\u00e9e 2025 ainsi que celle de 2026. Sans cette mise \u00e0 jour, l\u2019effacement des arri\u00e9r\u00e9s ne s\u2019applique pas.<\/p>\n\n\n\n<p>Les autorit\u00e9s fiscales pr\u00e9sentent cette disposition comme un m\u00e9canisme d\u2019incitation \u00e0 la conformit\u00e9. De nombreux automobilistes avaient cess\u00e9 de payer la vignette en raison de difficult\u00e9s \u00e9conomiques, accumulant ainsi des dettes fiscales parfois importantes. En permettant un red\u00e9marrage \u00e0 z\u00e9ro, l\u2019\u00c9tat cherche \u00e0 r\u00e9int\u00e9grer ces contribuables dans le circuit l\u00e9gal et \u00e0 am\u00e9liorer le taux de recouvrement futur.<\/p>\n\n\n\n<h2 class=\"wp-block-heading\" id=\"h-les-baremes-en-vigueur-restent-applicables\">Les bar\u00e8mes en vigueur restent applicables<\/h2>\n\n\n\n<p>Il convient toutefois de souligner que cette mesure ne signifie pas une baisse du montant de la vignette elle-m\u00eame. Les bar\u00e8mes en vigueur pour 2026 restent applicables et varient selon la puissance fiscale du v\u00e9hicule et le type de carburant. L\u2019exon\u00e9ration porte uniquement sur les ann\u00e9es ant\u00e9rieures concern\u00e9es.<\/p>\n\n\n\n<p>La loi de finances 2026 offre ainsi une opportunit\u00e9 exceptionnelle aux automobilistes en situation irr\u00e9guli\u00e8re de r\u00e9gulariser leur dossier sans supporter le poids des arri\u00e9r\u00e9s. Une mesure qui, si elle est bien comprise et correctement appliqu\u00e9e, pourrait apaiser un contentieux fiscal ancien entre l\u2019administration et les usagers de la route.<\/p>\n\n\n\n<p><\/p>\n\n\n\n<blockquote class=\"wp-block-quote is-layout-flow wp-block-quote-is-layout-flow\">\n<blockquote class=\"wp-block-quote is-layout-flow wp-block-quote-is-layout-flow\">\n<p>Lire aussi : <a href=\"https:\/\/www.webdo.tn\/fr\/actualite\/national\/loi-de-finances-2026-kais-saied-insiste-sur-la-dimension-sociale-et-la-rationalisation-des-depenses\/384238\/\">Loi de finances 2026 : Kais Sa\u00efed insiste sur la dimension sociale et la rationalisation des d\u00e9penses<\/a><br><\/p>\n<\/blockquote>\n<\/blockquote>\n","protected":false},"excerpt":{"rendered":"<p>La loi de finances pour l\u2019ann\u00e9e 2026, publi\u00e9e officiellement dans le JORT, introduit une mesure tr\u00e8s attendue par les automobilistes tunisiens : une exon\u00e9ration exceptionnelle des arri\u00e9r\u00e9s li\u00e9s \u00e0 la vignette automobile. L\u2019objectif affich\u00e9 est double : all\u00e9ger la pression fiscale sur les citoyens et encourager la r\u00e9gularisation des situations fiscales accumul\u00e9es ces derni\u00e8res ann\u00e9es. [&hellip;]<\/p>\n","protected":false},"author":3184,"featured_media":387698,"comment_status":"closed","ping_status":"closed","sticky":false,"template":"","format":"standard","meta":{"footnotes":""},"categories":[44],"tags":[13433,7432,2608,8585],"class_list":["post-389587","post","type-post","status-publish","format-standard","has-post-thumbnail","hentry","category-national","tag-13433","tag-fiscalite","tag-tunisie","tag-vignette"],"yoast_head":"<!-- This site is optimized with the Yoast SEO Premium plugin v27.5 (Yoast SEO v27.5) - https:\/\/yoast.com\/product\/yoast-seo-premium-wordpress\/ -->\n<title>Tunisie - Arri\u00e9r\u00e9s de vignette : Une exon\u00e9ration sous conditions en 2026 - webdo<\/title>\n<meta name=\"description\" content=\"D\u00e9couvrez l&#039;exon\u00e9ration exceptionnelle des arri\u00e9r\u00e9s de vignette pour les ann\u00e9es 2022 \u00e0 2024. Informez-vous sur cette mesure.\" \/>\n<link rel=\"canonical\" href=\"https:\/\/www.webdo.tn\/fr\/actualite\/national\/tunisie-arrieres-de-vignette-une-exoneration-sous-conditions-en-2026\/389587\/\" \/>\n<meta property=\"og:locale\" content=\"fr_FR\" \/>\n<meta property=\"og:type\" content=\"article\" \/>\n<meta property=\"og:title\" content=\"Tunisie - Arri\u00e9r\u00e9s de vignette : Une exon\u00e9ration sous conditions en 2026\" \/>\n<meta property=\"og:description\" content=\"D\u00e9couvrez l&#039;exon\u00e9ration exceptionnelle des arri\u00e9r\u00e9s de vignette pour les ann\u00e9es 2022 \u00e0 2024. Informez-vous sur cette mesure.\" \/>\n<meta property=\"og:url\" content=\"https:\/\/www.webdo.tn\/fr\/actualite\/national\/tunisie-arrieres-de-vignette-une-exoneration-sous-conditions-en-2026\/389587\/\" \/>\n<meta property=\"og:site_name\" content=\"webdo\" \/>\n<meta property=\"article:publisher\" content=\"https:\/\/www.facebook.com\/webdotn\" \/>\n<meta property=\"article:published_time\" content=\"2025-12-15T17:38:29+00:00\" \/>\n<meta property=\"article:modified_time\" content=\"2025-12-15T17:38:30+00:00\" \/>\n<meta property=\"og:image\" content=\"https:\/\/www.webdo.tn\/fr\/wp-content\/uploads\/2025\/11\/voitures-aux-prix-dusine.jpg\" \/>\n\t<meta property=\"og:image:width\" content=\"1200\" \/>\n\t<meta property=\"og:image:height\" content=\"600\" \/>\n\t<meta property=\"og:image:type\" content=\"image\/jpeg\" \/>\n<meta name=\"author\" content=\"Wided Belhaj\" \/>\n<meta name=\"twitter:card\" content=\"summary_large_image\" \/>\n<meta name=\"twitter:creator\" content=\"@webdo_tn\" \/>\n<meta name=\"twitter:site\" content=\"@webdo_tn\" \/>\n<meta name=\"twitter:label1\" content=\"\u00c9crit par\" \/>\n\t<meta name=\"twitter:data1\" content=\"Wided Belhaj\" \/>\n\t<meta name=\"twitter:label2\" content=\"Dur\u00e9e de lecture estim\u00e9e\" \/>\n\t<meta name=\"twitter:data2\" content=\"2 minutes\" \/>\n<script type=\"application\/ld+json\" class=\"yoast-schema-graph\">{\"@context\":\"https:\\\/\\\/schema.org\",\"@graph\":[{\"@type\":\"NewsArticle\",\"@id\":\"https:\\\/\\\/www.webdo.tn\\\/fr\\\/actualite\\\/national\\\/tunisie-arrieres-de-vignette-une-exoneration-sous-conditions-en-2026\\\/389587\\\/#article\",\"isPartOf\":{\"@id\":\"https:\\\/\\\/www.webdo.tn\\\/fr\\\/actualite\\\/national\\\/tunisie-arrieres-de-vignette-une-exoneration-sous-conditions-en-2026\\\/389587\\\/\"},\"author\":{\"name\":\"Wided Belhaj\",\"@id\":\"https:\\\/\\\/www.webdo.tn\\\/fr\\\/#\\\/schema\\\/person\\\/b9ecde7a5574cb4fcf4b496ea5fadb15\"},\"headline\":\"Tunisie &#8211; Arri\u00e9r\u00e9s de vignette : Une exon\u00e9ration sous conditions en 2026\",\"datePublished\":\"2025-12-15T17:38:29+00:00\",\"dateModified\":\"2025-12-15T17:38:30+00:00\",\"mainEntityOfPage\":{\"@id\":\"https:\\\/\\\/www.webdo.tn\\\/fr\\\/actualite\\\/national\\\/tunisie-arrieres-de-vignette-une-exoneration-sous-conditions-en-2026\\\/389587\\\/\"},\"wordCount\":394,\"publisher\":{\"@id\":\"https:\\\/\\\/www.webdo.tn\\\/fr\\\/#organization\"},\"image\":{\"@id\":\"https:\\\/\\\/www.webdo.tn\\\/fr\\\/actualite\\\/national\\\/tunisie-arrieres-de-vignette-une-exoneration-sous-conditions-en-2026\\\/389587\\\/#primaryimage\"},\"thumbnailUrl\":\"https:\\\/\\\/www.webdo.tn\\\/fr\\\/wp-content\\\/uploads\\\/2025\\\/11\\\/voitures-aux-prix-dusine.jpg\",\"keywords\":[\"2026\",\"fiscalit\u00e9\",\"Tunisie\",\"vignette\"],\"articleSection\":[\"National\"],\"inLanguage\":\"fr-FR\"},{\"@type\":\"WebPage\",\"@id\":\"https:\\\/\\\/www.webdo.tn\\\/fr\\\/actualite\\\/national\\\/tunisie-arrieres-de-vignette-une-exoneration-sous-conditions-en-2026\\\/389587\\\/\",\"url\":\"https:\\\/\\\/www.webdo.tn\\\/fr\\\/actualite\\\/national\\\/tunisie-arrieres-de-vignette-une-exoneration-sous-conditions-en-2026\\\/389587\\\/\",\"name\":\"Tunisie - Arri\u00e9r\u00e9s de vignette : Une exon\u00e9ration sous conditions en 2026 - webdo\",\"isPartOf\":{\"@id\":\"https:\\\/\\\/www.webdo.tn\\\/fr\\\/#website\"},\"primaryImageOfPage\":{\"@id\":\"https:\\\/\\\/www.webdo.tn\\\/fr\\\/actualite\\\/national\\\/tunisie-arrieres-de-vignette-une-exoneration-sous-conditions-en-2026\\\/389587\\\/#primaryimage\"},\"image\":{\"@id\":\"https:\\\/\\\/www.webdo.tn\\\/fr\\\/actualite\\\/national\\\/tunisie-arrieres-de-vignette-une-exoneration-sous-conditions-en-2026\\\/389587\\\/#primaryimage\"},\"thumbnailUrl\":\"https:\\\/\\\/www.webdo.tn\\\/fr\\\/wp-content\\\/uploads\\\/2025\\\/11\\\/voitures-aux-prix-dusine.jpg\",\"datePublished\":\"2025-12-15T17:38:29+00:00\",\"dateModified\":\"2025-12-15T17:38:30+00:00\",\"description\":\"D\u00e9couvrez l'exon\u00e9ration exceptionnelle des arri\u00e9r\u00e9s de vignette pour les ann\u00e9es 2022 \u00e0 2024. Informez-vous sur cette mesure.\",\"breadcrumb\":{\"@id\":\"https:\\\/\\\/www.webdo.tn\\\/fr\\\/actualite\\\/national\\\/tunisie-arrieres-de-vignette-une-exoneration-sous-conditions-en-2026\\\/389587\\\/#breadcrumb\"},\"inLanguage\":\"fr-FR\",\"potentialAction\":[{\"@type\":\"ReadAction\",\"target\":[\"https:\\\/\\\/www.webdo.tn\\\/fr\\\/actualite\\\/national\\\/tunisie-arrieres-de-vignette-une-exoneration-sous-conditions-en-2026\\\/389587\\\/\"]}]},{\"@type\":\"ImageObject\",\"inLanguage\":\"fr-FR\",\"@id\":\"https:\\\/\\\/www.webdo.tn\\\/fr\\\/actualite\\\/national\\\/tunisie-arrieres-de-vignette-une-exoneration-sous-conditions-en-2026\\\/389587\\\/#primaryimage\",\"url\":\"https:\\\/\\\/www.webdo.tn\\\/fr\\\/wp-content\\\/uploads\\\/2025\\\/11\\\/voitures-aux-prix-dusine.jpg\",\"contentUrl\":\"https:\\\/\\\/www.webdo.tn\\\/fr\\\/wp-content\\\/uploads\\\/2025\\\/11\\\/voitures-aux-prix-dusine.jpg\",\"width\":1200,\"height\":600,\"caption\":\"Automobile en Tunisie : Les ventes bondissent de 17% en 2025\"},{\"@type\":\"BreadcrumbList\",\"@id\":\"https:\\\/\\\/www.webdo.tn\\\/fr\\\/actualite\\\/national\\\/tunisie-arrieres-de-vignette-une-exoneration-sous-conditions-en-2026\\\/389587\\\/#breadcrumb\",\"itemListElement\":[{\"@type\":\"ListItem\",\"position\":1,\"name\":\"Accueil\",\"item\":\"https:\\\/\\\/www.webdo.tn\\\/fr\\\/\"},{\"@type\":\"ListItem\",\"position\":2,\"name\":\"Tunisie &#8211; Arri\u00e9r\u00e9s de vignette : Une exon\u00e9ration sous conditions en 2026\"}]},{\"@type\":\"WebSite\",\"@id\":\"https:\\\/\\\/www.webdo.tn\\\/fr\\\/#website\",\"url\":\"https:\\\/\\\/www.webdo.tn\\\/fr\\\/\",\"name\":\"webdo\",\"description\":\"Tunisie - News en Tunisie et \u00e0 l&#039;international sur Webdo.tn\",\"publisher\":{\"@id\":\"https:\\\/\\\/www.webdo.tn\\\/fr\\\/#organization\"},\"potentialAction\":[{\"@type\":\"SearchAction\",\"target\":{\"@type\":\"EntryPoint\",\"urlTemplate\":\"https:\\\/\\\/www.webdo.tn\\\/fr\\\/?s={search_term_string}\"},\"query-input\":{\"@type\":\"PropertyValueSpecification\",\"valueRequired\":true,\"valueName\":\"search_term_string\"}}],\"inLanguage\":\"fr-FR\"},{\"@type\":\"Organization\",\"@id\":\"https:\\\/\\\/www.webdo.tn\\\/fr\\\/#organization\",\"name\":\"Webdo\",\"alternateName\":\"Webdo.tn\",\"url\":\"https:\\\/\\\/www.webdo.tn\\\/fr\\\/\",\"logo\":{\"@type\":\"ImageObject\",\"inLanguage\":\"fr-FR\",\"@id\":\"https:\\\/\\\/www.webdo.tn\\\/fr\\\/#\\\/schema\\\/logo\\\/image\\\/\",\"url\":\"https:\\\/\\\/www.webdo.tn\\\/fr\\\/wp-content\\\/uploads\\\/2025\\\/06\\\/Webdo-Tunisie_168377.jpg\",\"contentUrl\":\"https:\\\/\\\/www.webdo.tn\\\/fr\\\/wp-content\\\/uploads\\\/2025\\\/06\\\/Webdo-Tunisie_168377.jpg\",\"width\":301,\"height\":301,\"caption\":\"Webdo\"},\"image\":{\"@id\":\"https:\\\/\\\/www.webdo.tn\\\/fr\\\/#\\\/schema\\\/logo\\\/image\\\/\"},\"sameAs\":[\"https:\\\/\\\/www.facebook.com\\\/webdotn\",\"https:\\\/\\\/x.com\\\/webdo_tn\"],\"description\":\"Webdo est un m\u00e9dia num\u00e9rique tunisien fond\u00e9 en 2010, sp\u00e9cialis\u00e9 dans l\u2019actualit\u00e9 nationale et internationale, l\u2019\u00e9conomie, la soci\u00e9t\u00e9 et les analyses politiques. Le site s\u2019adresse \u00e0 un large public francophone et couvre l\u2019information tunisienne en temps r\u00e9el.\",\"email\":\"redac@webdo.tn\",\"legalName\":\"YNJ SARL\",\"foundingDate\":\"2010-09-06\",\"numberOfEmployees\":{\"@type\":\"QuantitativeValue\",\"minValue\":\"11\",\"maxValue\":\"50\"}},{\"@type\":\"Person\",\"@id\":\"https:\\\/\\\/www.webdo.tn\\\/fr\\\/#\\\/schema\\\/person\\\/b9ecde7a5574cb4fcf4b496ea5fadb15\",\"name\":\"Wided Belhaj\",\"image\":{\"@type\":\"ImageObject\",\"inLanguage\":\"fr-FR\",\"@id\":\"https:\\\/\\\/www.webdo.tn\\\/fr\\\/wp-content\\\/uploads\\\/2026\\\/04\\\/wided-belhaj_avatar-96x96.jpg\",\"url\":\"https:\\\/\\\/www.webdo.tn\\\/fr\\\/wp-content\\\/uploads\\\/2026\\\/04\\\/wided-belhaj_avatar-96x96.jpg\",\"contentUrl\":\"https:\\\/\\\/www.webdo.tn\\\/fr\\\/wp-content\\\/uploads\\\/2026\\\/04\\\/wided-belhaj_avatar-96x96.jpg\",\"caption\":\"Wided Belhaj\"},\"description\":\"Wided Belhaj est le pseudonyme \u00e9ditorial utilis\u00e9 par Khalil Jelassi, journaliste, ma\u00eetre-assistant \u00e0 l\u2019Institut de presse et des sciences de l\u2019information (IPSI) et chercheur en sciences de l\u2019information et de la communication. Cette signature est d\u00e9di\u00e9e \u00e0 l\u2019analyse des m\u00e9dias, des pratiques journalistiques et des mutations de l\u2019information \u00e0 l\u2019\u00e8re digitale. \u00c0 travers ses contributions, Wided Belhaj propose une lecture analytique de l\u2019actualit\u00e9, en croisant regard critique et expertise acad\u00e9mique.\",\"knowsAbout\":[\"m\u00e9dias\",\"journalisme\",\"communication\",\"information\",\"transformation num\u00e9rique\",\"analyse des m\u00e9dias\"],\"knowsLanguage\":[\"Fran\u00e7ais\",\"Arabe\"],\"jobTitle\":\"Webdo.tn\",\"worksFor\":\"Journaliste \u2013 Analyse des m\u00e9dias\",\"url\":\"https:\\\/\\\/www.webdo.tn\\\/fr\\\/actualite\\\/author\\\/wided-belhaj\\\/\"}]}<\/script>\n<!-- \/ Yoast SEO Premium plugin. -->","yoast_head_json":{"title":"Tunisie - Arri\u00e9r\u00e9s de vignette : Une exon\u00e9ration sous conditions en 2026 - webdo","description":"D\u00e9couvrez l'exon\u00e9ration exceptionnelle des arri\u00e9r\u00e9s de vignette pour les ann\u00e9es 2022 \u00e0 2024. Informez-vous sur cette mesure.","canonical":"https:\/\/www.webdo.tn\/fr\/actualite\/national\/tunisie-arrieres-de-vignette-une-exoneration-sous-conditions-en-2026\/389587\/","og_locale":"fr_FR","og_type":"article","og_title":"Tunisie - Arri\u00e9r\u00e9s de vignette : Une exon\u00e9ration sous conditions en 2026","og_description":"D\u00e9couvrez l'exon\u00e9ration exceptionnelle des arri\u00e9r\u00e9s de vignette pour les ann\u00e9es 2022 \u00e0 2024. Informez-vous sur cette mesure.","og_url":"https:\/\/www.webdo.tn\/fr\/actualite\/national\/tunisie-arrieres-de-vignette-une-exoneration-sous-conditions-en-2026\/389587\/","og_site_name":"webdo","article_publisher":"https:\/\/www.facebook.com\/webdotn","article_published_time":"2025-12-15T17:38:29+00:00","article_modified_time":"2025-12-15T17:38:30+00:00","og_image":[{"width":1200,"height":600,"url":"https:\/\/www.webdo.tn\/fr\/wp-content\/uploads\/2025\/11\/voitures-aux-prix-dusine.jpg","type":"image\/jpeg"}],"author":"Wided Belhaj","twitter_card":"summary_large_image","twitter_creator":"@webdo_tn","twitter_site":"@webdo_tn","twitter_misc":{"\u00c9crit par":"Wided Belhaj","Dur\u00e9e de lecture estim\u00e9e":"2 minutes"},"schema":{"@context":"https:\/\/schema.org","@graph":[{"@type":"NewsArticle","@id":"https:\/\/www.webdo.tn\/fr\/actualite\/national\/tunisie-arrieres-de-vignette-une-exoneration-sous-conditions-en-2026\/389587\/#article","isPartOf":{"@id":"https:\/\/www.webdo.tn\/fr\/actualite\/national\/tunisie-arrieres-de-vignette-une-exoneration-sous-conditions-en-2026\/389587\/"},"author":{"name":"Wided Belhaj","@id":"https:\/\/www.webdo.tn\/fr\/#\/schema\/person\/b9ecde7a5574cb4fcf4b496ea5fadb15"},"headline":"Tunisie &#8211; Arri\u00e9r\u00e9s de vignette : Une exon\u00e9ration sous conditions en 2026","datePublished":"2025-12-15T17:38:29+00:00","dateModified":"2025-12-15T17:38:30+00:00","mainEntityOfPage":{"@id":"https:\/\/www.webdo.tn\/fr\/actualite\/national\/tunisie-arrieres-de-vignette-une-exoneration-sous-conditions-en-2026\/389587\/"},"wordCount":394,"publisher":{"@id":"https:\/\/www.webdo.tn\/fr\/#organization"},"image":{"@id":"https:\/\/www.webdo.tn\/fr\/actualite\/national\/tunisie-arrieres-de-vignette-une-exoneration-sous-conditions-en-2026\/389587\/#primaryimage"},"thumbnailUrl":"https:\/\/www.webdo.tn\/fr\/wp-content\/uploads\/2025\/11\/voitures-aux-prix-dusine.jpg","keywords":["2026","fiscalit\u00e9","Tunisie","vignette"],"articleSection":["National"],"inLanguage":"fr-FR"},{"@type":"WebPage","@id":"https:\/\/www.webdo.tn\/fr\/actualite\/national\/tunisie-arrieres-de-vignette-une-exoneration-sous-conditions-en-2026\/389587\/","url":"https:\/\/www.webdo.tn\/fr\/actualite\/national\/tunisie-arrieres-de-vignette-une-exoneration-sous-conditions-en-2026\/389587\/","name":"Tunisie - Arri\u00e9r\u00e9s de vignette : Une exon\u00e9ration sous conditions en 2026 - webdo","isPartOf":{"@id":"https:\/\/www.webdo.tn\/fr\/#website"},"primaryImageOfPage":{"@id":"https:\/\/www.webdo.tn\/fr\/actualite\/national\/tunisie-arrieres-de-vignette-une-exoneration-sous-conditions-en-2026\/389587\/#primaryimage"},"image":{"@id":"https:\/\/www.webdo.tn\/fr\/actualite\/national\/tunisie-arrieres-de-vignette-une-exoneration-sous-conditions-en-2026\/389587\/#primaryimage"},"thumbnailUrl":"https:\/\/www.webdo.tn\/fr\/wp-content\/uploads\/2025\/11\/voitures-aux-prix-dusine.jpg","datePublished":"2025-12-15T17:38:29+00:00","dateModified":"2025-12-15T17:38:30+00:00","description":"D\u00e9couvrez l'exon\u00e9ration exceptionnelle des arri\u00e9r\u00e9s de vignette pour les ann\u00e9es 2022 \u00e0 2024. Informez-vous sur cette mesure.","breadcrumb":{"@id":"https:\/\/www.webdo.tn\/fr\/actualite\/national\/tunisie-arrieres-de-vignette-une-exoneration-sous-conditions-en-2026\/389587\/#breadcrumb"},"inLanguage":"fr-FR","potentialAction":[{"@type":"ReadAction","target":["https:\/\/www.webdo.tn\/fr\/actualite\/national\/tunisie-arrieres-de-vignette-une-exoneration-sous-conditions-en-2026\/389587\/"]}]},{"@type":"ImageObject","inLanguage":"fr-FR","@id":"https:\/\/www.webdo.tn\/fr\/actualite\/national\/tunisie-arrieres-de-vignette-une-exoneration-sous-conditions-en-2026\/389587\/#primaryimage","url":"https:\/\/www.webdo.tn\/fr\/wp-content\/uploads\/2025\/11\/voitures-aux-prix-dusine.jpg","contentUrl":"https:\/\/www.webdo.tn\/fr\/wp-content\/uploads\/2025\/11\/voitures-aux-prix-dusine.jpg","width":1200,"height":600,"caption":"Automobile en Tunisie : Les ventes bondissent de 17% en 2025"},{"@type":"BreadcrumbList","@id":"https:\/\/www.webdo.tn\/fr\/actualite\/national\/tunisie-arrieres-de-vignette-une-exoneration-sous-conditions-en-2026\/389587\/#breadcrumb","itemListElement":[{"@type":"ListItem","position":1,"name":"Accueil","item":"https:\/\/www.webdo.tn\/fr\/"},{"@type":"ListItem","position":2,"name":"Tunisie &#8211; Arri\u00e9r\u00e9s de vignette : Une exon\u00e9ration sous conditions en 2026"}]},{"@type":"WebSite","@id":"https:\/\/www.webdo.tn\/fr\/#website","url":"https:\/\/www.webdo.tn\/fr\/","name":"webdo","description":"Tunisie - News en Tunisie et \u00e0 l&#039;international sur Webdo.tn","publisher":{"@id":"https:\/\/www.webdo.tn\/fr\/#organization"},"potentialAction":[{"@type":"SearchAction","target":{"@type":"EntryPoint","urlTemplate":"https:\/\/www.webdo.tn\/fr\/?s={search_term_string}"},"query-input":{"@type":"PropertyValueSpecification","valueRequired":true,"valueName":"search_term_string"}}],"inLanguage":"fr-FR"},{"@type":"Organization","@id":"https:\/\/www.webdo.tn\/fr\/#organization","name":"Webdo","alternateName":"Webdo.tn","url":"https:\/\/www.webdo.tn\/fr\/","logo":{"@type":"ImageObject","inLanguage":"fr-FR","@id":"https:\/\/www.webdo.tn\/fr\/#\/schema\/logo\/image\/","url":"https:\/\/www.webdo.tn\/fr\/wp-content\/uploads\/2025\/06\/Webdo-Tunisie_168377.jpg","contentUrl":"https:\/\/www.webdo.tn\/fr\/wp-content\/uploads\/2025\/06\/Webdo-Tunisie_168377.jpg","width":301,"height":301,"caption":"Webdo"},"image":{"@id":"https:\/\/www.webdo.tn\/fr\/#\/schema\/logo\/image\/"},"sameAs":["https:\/\/www.facebook.com\/webdotn","https:\/\/x.com\/webdo_tn"],"description":"Webdo est un m\u00e9dia num\u00e9rique tunisien fond\u00e9 en 2010, sp\u00e9cialis\u00e9 dans l\u2019actualit\u00e9 nationale et internationale, l\u2019\u00e9conomie, la soci\u00e9t\u00e9 et les analyses politiques. Le site s\u2019adresse \u00e0 un large public francophone et couvre l\u2019information tunisienne en temps r\u00e9el.","email":"redac@webdo.tn","legalName":"YNJ SARL","foundingDate":"2010-09-06","numberOfEmployees":{"@type":"QuantitativeValue","minValue":"11","maxValue":"50"}},{"@type":"Person","@id":"https:\/\/www.webdo.tn\/fr\/#\/schema\/person\/b9ecde7a5574cb4fcf4b496ea5fadb15","name":"Wided Belhaj","image":{"@type":"ImageObject","inLanguage":"fr-FR","@id":"https:\/\/www.webdo.tn\/fr\/wp-content\/uploads\/2026\/04\/wided-belhaj_avatar-96x96.jpg","url":"https:\/\/www.webdo.tn\/fr\/wp-content\/uploads\/2026\/04\/wided-belhaj_avatar-96x96.jpg","contentUrl":"https:\/\/www.webdo.tn\/fr\/wp-content\/uploads\/2026\/04\/wided-belhaj_avatar-96x96.jpg","caption":"Wided Belhaj"},"description":"Wided Belhaj est le pseudonyme \u00e9ditorial utilis\u00e9 par Khalil Jelassi, journaliste, ma\u00eetre-assistant \u00e0 l\u2019Institut de presse et des sciences de l\u2019information (IPSI) et chercheur en sciences de l\u2019information et de la communication. Cette signature est d\u00e9di\u00e9e \u00e0 l\u2019analyse des m\u00e9dias, des pratiques journalistiques et des mutations de l\u2019information \u00e0 l\u2019\u00e8re digitale. \u00c0 travers ses contributions, Wided Belhaj propose une lecture analytique de l\u2019actualit\u00e9, en croisant regard critique et expertise acad\u00e9mique.","knowsAbout":["m\u00e9dias","journalisme","communication","information","transformation num\u00e9rique","analyse des m\u00e9dias"],"knowsLanguage":["Fran\u00e7ais","Arabe"],"jobTitle":"Webdo.tn","worksFor":"Journaliste \u2013 Analyse des m\u00e9dias","url":"https:\/\/www.webdo.tn\/fr\/actualite\/author\/wided-belhaj\/"}]}},"_links":{"self":[{"href":"https:\/\/www.webdo.tn\/fr\/wp-json\/wp\/v2\/posts\/389587","targetHints":{"allow":["GET"]}}],"collection":[{"href":"https:\/\/www.webdo.tn\/fr\/wp-json\/wp\/v2\/posts"}],"about":[{"href":"https:\/\/www.webdo.tn\/fr\/wp-json\/wp\/v2\/types\/post"}],"author":[{"embeddable":true,"href":"https:\/\/www.webdo.tn\/fr\/wp-json\/wp\/v2\/users\/3184"}],"replies":[{"embeddable":true,"href":"https:\/\/www.webdo.tn\/fr\/wp-json\/wp\/v2\/comments?post=389587"}],"version-history":[{"count":0,"href":"https:\/\/www.webdo.tn\/fr\/wp-json\/wp\/v2\/posts\/389587\/revisions"}],"wp:featuredmedia":[{"embeddable":true,"href":"https:\/\/www.webdo.tn\/fr\/wp-json\/wp\/v2\/media\/387698"}],"wp:attachment":[{"href":"https:\/\/www.webdo.tn\/fr\/wp-json\/wp\/v2\/media?parent=389587"}],"wp:term":[{"taxonomy":"category","embeddable":true,"href":"https:\/\/www.webdo.tn\/fr\/wp-json\/wp\/v2\/categories?post=389587"},{"taxonomy":"post_tag","embeddable":true,"href":"https:\/\/www.webdo.tn\/fr\/wp-json\/wp\/v2\/tags?post=389587"}],"curies":[{"name":"wp","href":"https:\/\/api.w.org\/{rel}","templated":true}]}}