{"id":389583,"date":"2025-12-15T18:26:09","date_gmt":"2025-12-15T17:26:09","guid":{"rendered":"https:\/\/www.webdo.tn\/fr\/?p=389583"},"modified":"2025-12-15T18:27:51","modified_gmt":"2025-12-15T17:27:51","slug":"tunisie-marches-sous-controle-la-guerre-contre-les-gateaux-avaries-est-lancee","status":"publish","type":"post","link":"https:\/\/www.webdo.tn\/fr\/actualite\/national\/tunisie-marches-sous-controle-la-guerre-contre-les-gateaux-avaries-est-lancee\/389583\/","title":{"rendered":"Tunisie &#8211; March\u00e9s sous contr\u00f4le : La guerre contre les g\u00e2teaux avari\u00e9s est lanc\u00e9e"},"content":{"rendered":"\n<p>\u00c0 l\u2019approche des c\u00e9l\u00e9brations du Nouvel An, les autorit\u00e9s ont d\u00e9clench\u00e9 une vaste campagne nationale de contr\u00f4le sanitaire. Objectif affich\u00e9 : assainir le march\u00e9 des produits alimentaires, en particulier les g\u00e2teaux et p\u00e2tisseries tr\u00e8s pris\u00e9s durant cette p\u00e9riode, et prot\u00e9ger les consommateurs contre des denr\u00e9es impropres \u00e0 la consommation.<\/p>\n\n\n\n<p>Durant la seconde moiti\u00e9 du mois de d\u00e9cembre 2025, les \u00e9quipes de contr\u00f4le de l\u2019Instance nationale de la s\u00e9curit\u00e9 sanitaire des produits alimentaires, en coordination avec les services de s\u00e9curit\u00e9, ont men\u00e9 des interventions simultan\u00e9es dans l\u2019ensemble des gouvernorats. Le bilan est lourd : saisies massives, destructions imm\u00e9diates et poursuites judiciaires contre les contrevenants.<\/p>\n\n\n\n<p>Au niveau central, les brigades mobiles ont mis la main sur des quantit\u00e9s particuli\u00e8rement inqui\u00e9tantes. Seize tonnes de pommes congel\u00e9es p\u00e9rim\u00e9es, pr\u00e9sentant des signes avanc\u00e9s de d\u00e9gradation et conditionn\u00e9es dans des sacs plastiques non alimentaires, ont \u00e9t\u00e9 saisies. \u00c0 cela s\u2019ajoutent seize tonnes de fraises congel\u00e9es, stock\u00e9es dans des f\u00fbts m\u00e9talliques d\u2019origine inconnue et non adapt\u00e9s au contact alimentaire, ainsi que trois tonnes de dattes avari\u00e9es, conserv\u00e9es dans des emballages p\u00e9rim\u00e9s.<\/p>\n\n\n\n<p>Sur le terrain, les infractions relev\u00e9es t\u00e9moignent d\u2019un rel\u00e2chement pr\u00e9occupant des r\u00e8gles d\u2019hygi\u00e8ne. \u00c0 Zaghouan, 855 kilogrammes de miel p\u00e9rim\u00e9, stock\u00e9 dans des contenants inappropri\u00e9s, ont \u00e9t\u00e9 retir\u00e9s du circuit de distribution. Au Kef, les contr\u00f4les ont permis la saisie de 540 kilogrammes de produits alimentaires impropres, allant de fruits secs contamin\u00e9s par des rongeurs \u00e0 des p\u00e2tisseries p\u00e9rim\u00e9es, en passant par des boissons pr\u00e9par\u00e9es \u00e0 partir de colorants non autoris\u00e9s.<\/p>\n\n\n\n<h2 class=\"wp-block-heading\" id=\"h-bizerte-monastir-nabeul\"><strong>Bizerte, Monastir, Nabeul &#8230; <\/strong><\/h2>\n\n\n\n<p>\u00c0 Bizerte, 242 kilogrammes de viandes de volaille ont \u00e9t\u00e9 saisis apr\u00e8s avoir \u00e9t\u00e9 abattus et commercialis\u00e9s dans un local anarchique ne r\u00e9pondant \u00e0 aucune norme sanitaire. \u00c0 Jendouba, pr\u00e8s d\u2019une tonne de foies d\u2019animaux congel\u00e9s, destin\u00e9s \u00e0 la contrebande et transport\u00e9s sans cha\u00eene du froid, a \u00e9t\u00e9 intercept\u00e9e.<\/p>\n\n\n\n<p>Le gouvernorat de Nabeul n\u2019a pas \u00e9t\u00e9 \u00e9pargn\u00e9. Les op\u00e9rations de perquisition ont conduit \u00e0 la saisie et \u00e0 la destruction d\u2019environ trois tonnes de viandes de volaille et de p\u00e2tisseries stock\u00e9es dans des conditions insalubres. \u00c0 Kairouan, ce sont pr\u00e8s de six tonnes de produits alimentaires qui ont \u00e9t\u00e9 retir\u00e9es du march\u00e9, incluant du lait congel\u00e9 d\u2019origine inconnue, des jus conditionn\u00e9s dans des r\u00e9cipients non conformes et de grandes quantit\u00e9s de conserves contamin\u00e9es par des insectes et des larves.<\/p>\n\n\n\n<p>\u00c0 Monastir enfin, les \u00e9quipes de contr\u00f4le ont saisi 115 unit\u00e9s de confiseries pr\u00e9sent\u00e9es sous forme de seringues, contenant des colorants interdits, un produit particuli\u00e8rement cibl\u00e9 en raison de son attrait pour les enfants.<\/p>\n\n\n\n<p>Les autorit\u00e9s indiquent que l\u2019ensemble des produits saisis a \u00e9t\u00e9 d\u00e9truit conform\u00e9ment aux proc\u00e9dures l\u00e9gales en vigueur. Parall\u00e8lement, dix locaux de fabrication et de vente de p\u00e2tisseries ont \u00e9t\u00e9 ferm\u00e9s pour non-respect des conditions minimales d\u2019hygi\u00e8ne.<\/p>\n\n\n\n<p><\/p>\n\n\n\n<blockquote class=\"wp-block-quote is-layout-flow wp-block-quote-is-layout-flow\">\n<blockquote class=\"wp-block-quote is-layout-flow wp-block-quote-is-layout-flow\">\n<p><strong>Lire aussi<\/strong><\/p>\n\n\n\n<ul class=\"wp-block-list\">\n<li><a href=\"https:\/\/www.webdo.tn\/fr\/actualite\/national\/tunisie-la-douane-dejoue-une-tentative-de-contrebande-de-devises-dune-valeur-de-15-md\/387188\/\">Tunisie : La Douane d\u00e9joue une tentative de contrebande de devises d\u2019une valeur de 1,5 MD<\/a><\/li>\n\n\n\n<li><a href=\"https:\/\/www.webdo.tn\/fr\/actualite\/divers\/ras-jedir-la-douane-dejoue-une-tentative-de-contrebande-dune-plaque-dor-dun-million-de-dinars\/384923\/\">Ras Jedir : La Douane d\u00e9joue une tentative de contrebande d\u2019une plaque d\u2019or d\u2019un million de dinars<\/a><\/li>\n\n\n\n<li><a href=\"https:\/\/www.webdo.tn\/fr\/actualite\/national\/tunisie-saisie-de-marchandises-de-contrebande-d-une-valeur-de-8-7-md\/222250\/\">Tunisie : Saisie de marchandises de contrebande d\u2019une valeur de 8,7 MD<\/a><\/li>\n<\/ul>\n<\/blockquote>\n<\/blockquote>\n","protected":false},"excerpt":{"rendered":"<p>\u00c0 l\u2019approche des c\u00e9l\u00e9brations du Nouvel An, les autorit\u00e9s ont d\u00e9clench\u00e9 une vaste campagne nationale de contr\u00f4le sanitaire. Objectif affich\u00e9 : assainir le march\u00e9 des produits alimentaires, en particulier les g\u00e2teaux et p\u00e2tisseries tr\u00e8s pris\u00e9s durant cette p\u00e9riode, et prot\u00e9ger les consommateurs contre des denr\u00e9es impropres \u00e0 la consommation. Durant la seconde moiti\u00e9 du mois [&hellip;]<\/p>\n","protected":false},"author":3184,"featured_media":389584,"comment_status":"closed","ping_status":"closed","sticky":false,"template":"","format":"standard","meta":{"footnotes":""},"categories":[44],"tags":[6158,4534,2608],"class_list":["post-389583","post","type-post","status-publish","format-standard","has-post-thumbnail","hentry","category-national","tag-gateaux","tag-nouvel-an","tag-tunisie"],"yoast_head":"<!-- This site is optimized with the Yoast SEO Premium plugin v27.5 (Yoast SEO v27.5) - https:\/\/yoast.com\/product\/yoast-seo-premium-wordpress\/ -->\n<title>Tunisie - March\u00e9s sous contr\u00f4le : La guerre contre les g\u00e2teaux avari\u00e9s est lanc\u00e9e - webdo<\/title>\n<meta name=\"description\" content=\"D\u00e9couvrez les r\u00e9cents contr\u00f4les sanitaires sur les g\u00e2teaux en Tunisie avant le Nouvel An pour prot\u00e9ger les consommateurs.\" \/>\n<link rel=\"canonical\" href=\"https:\/\/www.webdo.tn\/fr\/actualite\/national\/tunisie-marches-sous-controle-la-guerre-contre-les-gateaux-avaries-est-lancee\/389583\/\" \/>\n<meta property=\"og:locale\" content=\"fr_FR\" \/>\n<meta property=\"og:type\" content=\"article\" \/>\n<meta property=\"og:title\" content=\"Tunisie - March\u00e9s sous contr\u00f4le : La guerre contre les g\u00e2teaux avari\u00e9s est lanc\u00e9e\" \/>\n<meta property=\"og:description\" content=\"D\u00e9couvrez les r\u00e9cents contr\u00f4les sanitaires sur les g\u00e2teaux en Tunisie avant le Nouvel An pour prot\u00e9ger les consommateurs.\" \/>\n<meta property=\"og:url\" content=\"https:\/\/www.webdo.tn\/fr\/actualite\/national\/tunisie-marches-sous-controle-la-guerre-contre-les-gateaux-avaries-est-lancee\/389583\/\" \/>\n<meta property=\"og:site_name\" content=\"webdo\" \/>\n<meta property=\"article:publisher\" content=\"https:\/\/www.facebook.com\/webdotn\" \/>\n<meta property=\"article:published_time\" content=\"2025-12-15T17:26:09+00:00\" \/>\n<meta property=\"article:modified_time\" content=\"2025-12-15T17:27:51+00:00\" \/>\n<meta property=\"og:image\" content=\"https:\/\/www.webdo.tn\/fr\/wp-content\/uploads\/2025\/12\/Capture-decran-2025-12-15-182336.jpg\" \/>\n\t<meta property=\"og:image:width\" content=\"1520\" \/>\n\t<meta property=\"og:image:height\" content=\"786\" \/>\n\t<meta property=\"og:image:type\" content=\"image\/jpeg\" \/>\n<meta name=\"author\" content=\"Wided Belhaj\" \/>\n<meta name=\"twitter:card\" content=\"summary_large_image\" \/>\n<meta name=\"twitter:creator\" content=\"@webdo_tn\" \/>\n<meta name=\"twitter:site\" content=\"@webdo_tn\" \/>\n<meta name=\"twitter:label1\" content=\"\u00c9crit par\" \/>\n\t<meta name=\"twitter:data1\" content=\"Wided Belhaj\" \/>\n\t<meta name=\"twitter:label2\" content=\"Dur\u00e9e de lecture estim\u00e9e\" \/>\n\t<meta name=\"twitter:data2\" content=\"3 minutes\" \/>\n<script type=\"application\/ld+json\" class=\"yoast-schema-graph\">{\"@context\":\"https:\\\/\\\/schema.org\",\"@graph\":[{\"@type\":\"NewsArticle\",\"@id\":\"https:\\\/\\\/www.webdo.tn\\\/fr\\\/actualite\\\/national\\\/tunisie-marches-sous-controle-la-guerre-contre-les-gateaux-avaries-est-lancee\\\/389583\\\/#article\",\"isPartOf\":{\"@id\":\"https:\\\/\\\/www.webdo.tn\\\/fr\\\/actualite\\\/national\\\/tunisie-marches-sous-controle-la-guerre-contre-les-gateaux-avaries-est-lancee\\\/389583\\\/\"},\"author\":{\"name\":\"Wided Belhaj\",\"@id\":\"https:\\\/\\\/www.webdo.tn\\\/fr\\\/#\\\/schema\\\/person\\\/b9ecde7a5574cb4fcf4b496ea5fadb15\"},\"headline\":\"Tunisie &#8211; March\u00e9s sous contr\u00f4le : La guerre contre les g\u00e2teaux avari\u00e9s est lanc\u00e9e\",\"datePublished\":\"2025-12-15T17:26:09+00:00\",\"dateModified\":\"2025-12-15T17:27:51+00:00\",\"mainEntityOfPage\":{\"@id\":\"https:\\\/\\\/www.webdo.tn\\\/fr\\\/actualite\\\/national\\\/tunisie-marches-sous-controle-la-guerre-contre-les-gateaux-avaries-est-lancee\\\/389583\\\/\"},\"wordCount\":593,\"publisher\":{\"@id\":\"https:\\\/\\\/www.webdo.tn\\\/fr\\\/#organization\"},\"image\":{\"@id\":\"https:\\\/\\\/www.webdo.tn\\\/fr\\\/actualite\\\/national\\\/tunisie-marches-sous-controle-la-guerre-contre-les-gateaux-avaries-est-lancee\\\/389583\\\/#primaryimage\"},\"thumbnailUrl\":\"https:\\\/\\\/www.webdo.tn\\\/fr\\\/wp-content\\\/uploads\\\/2025\\\/12\\\/Capture-decran-2025-12-15-182336.jpg\",\"keywords\":[\"g\u00e2teaux\",\"nouvel an\",\"Tunisie\"],\"articleSection\":[\"National\"],\"inLanguage\":\"fr-FR\"},{\"@type\":\"WebPage\",\"@id\":\"https:\\\/\\\/www.webdo.tn\\\/fr\\\/actualite\\\/national\\\/tunisie-marches-sous-controle-la-guerre-contre-les-gateaux-avaries-est-lancee\\\/389583\\\/\",\"url\":\"https:\\\/\\\/www.webdo.tn\\\/fr\\\/actualite\\\/national\\\/tunisie-marches-sous-controle-la-guerre-contre-les-gateaux-avaries-est-lancee\\\/389583\\\/\",\"name\":\"Tunisie - March\u00e9s sous contr\u00f4le : La guerre contre les g\u00e2teaux avari\u00e9s est lanc\u00e9e - webdo\",\"isPartOf\":{\"@id\":\"https:\\\/\\\/www.webdo.tn\\\/fr\\\/#website\"},\"primaryImageOfPage\":{\"@id\":\"https:\\\/\\\/www.webdo.tn\\\/fr\\\/actualite\\\/national\\\/tunisie-marches-sous-controle-la-guerre-contre-les-gateaux-avaries-est-lancee\\\/389583\\\/#primaryimage\"},\"image\":{\"@id\":\"https:\\\/\\\/www.webdo.tn\\\/fr\\\/actualite\\\/national\\\/tunisie-marches-sous-controle-la-guerre-contre-les-gateaux-avaries-est-lancee\\\/389583\\\/#primaryimage\"},\"thumbnailUrl\":\"https:\\\/\\\/www.webdo.tn\\\/fr\\\/wp-content\\\/uploads\\\/2025\\\/12\\\/Capture-decran-2025-12-15-182336.jpg\",\"datePublished\":\"2025-12-15T17:26:09+00:00\",\"dateModified\":\"2025-12-15T17:27:51+00:00\",\"description\":\"D\u00e9couvrez les r\u00e9cents contr\u00f4les sanitaires sur les g\u00e2teaux en Tunisie avant le Nouvel An pour prot\u00e9ger les consommateurs.\",\"breadcrumb\":{\"@id\":\"https:\\\/\\\/www.webdo.tn\\\/fr\\\/actualite\\\/national\\\/tunisie-marches-sous-controle-la-guerre-contre-les-gateaux-avaries-est-lancee\\\/389583\\\/#breadcrumb\"},\"inLanguage\":\"fr-FR\",\"potentialAction\":[{\"@type\":\"ReadAction\",\"target\":[\"https:\\\/\\\/www.webdo.tn\\\/fr\\\/actualite\\\/national\\\/tunisie-marches-sous-controle-la-guerre-contre-les-gateaux-avaries-est-lancee\\\/389583\\\/\"]}]},{\"@type\":\"ImageObject\",\"inLanguage\":\"fr-FR\",\"@id\":\"https:\\\/\\\/www.webdo.tn\\\/fr\\\/actualite\\\/national\\\/tunisie-marches-sous-controle-la-guerre-contre-les-gateaux-avaries-est-lancee\\\/389583\\\/#primaryimage\",\"url\":\"https:\\\/\\\/www.webdo.tn\\\/fr\\\/wp-content\\\/uploads\\\/2025\\\/12\\\/Capture-decran-2025-12-15-182336.jpg\",\"contentUrl\":\"https:\\\/\\\/www.webdo.tn\\\/fr\\\/wp-content\\\/uploads\\\/2025\\\/12\\\/Capture-decran-2025-12-15-182336.jpg\",\"width\":1520,\"height\":786},{\"@type\":\"BreadcrumbList\",\"@id\":\"https:\\\/\\\/www.webdo.tn\\\/fr\\\/actualite\\\/national\\\/tunisie-marches-sous-controle-la-guerre-contre-les-gateaux-avaries-est-lancee\\\/389583\\\/#breadcrumb\",\"itemListElement\":[{\"@type\":\"ListItem\",\"position\":1,\"name\":\"Accueil\",\"item\":\"https:\\\/\\\/www.webdo.tn\\\/fr\\\/\"},{\"@type\":\"ListItem\",\"position\":2,\"name\":\"Tunisie &#8211; March\u00e9s sous contr\u00f4le : La guerre contre les g\u00e2teaux avari\u00e9s est lanc\u00e9e\"}]},{\"@type\":\"WebSite\",\"@id\":\"https:\\\/\\\/www.webdo.tn\\\/fr\\\/#website\",\"url\":\"https:\\\/\\\/www.webdo.tn\\\/fr\\\/\",\"name\":\"webdo\",\"description\":\"Tunisie - News en Tunisie et \u00e0 l&#039;international sur Webdo.tn\",\"publisher\":{\"@id\":\"https:\\\/\\\/www.webdo.tn\\\/fr\\\/#organization\"},\"potentialAction\":[{\"@type\":\"SearchAction\",\"target\":{\"@type\":\"EntryPoint\",\"urlTemplate\":\"https:\\\/\\\/www.webdo.tn\\\/fr\\\/?s={search_term_string}\"},\"query-input\":{\"@type\":\"PropertyValueSpecification\",\"valueRequired\":true,\"valueName\":\"search_term_string\"}}],\"inLanguage\":\"fr-FR\"},{\"@type\":\"Organization\",\"@id\":\"https:\\\/\\\/www.webdo.tn\\\/fr\\\/#organization\",\"name\":\"Webdo\",\"alternateName\":\"Webdo.tn\",\"url\":\"https:\\\/\\\/www.webdo.tn\\\/fr\\\/\",\"logo\":{\"@type\":\"ImageObject\",\"inLanguage\":\"fr-FR\",\"@id\":\"https:\\\/\\\/www.webdo.tn\\\/fr\\\/#\\\/schema\\\/logo\\\/image\\\/\",\"url\":\"https:\\\/\\\/www.webdo.tn\\\/fr\\\/wp-content\\\/uploads\\\/2025\\\/06\\\/Webdo-Tunisie_168377.jpg\",\"contentUrl\":\"https:\\\/\\\/www.webdo.tn\\\/fr\\\/wp-content\\\/uploads\\\/2025\\\/06\\\/Webdo-Tunisie_168377.jpg\",\"width\":301,\"height\":301,\"caption\":\"Webdo\"},\"image\":{\"@id\":\"https:\\\/\\\/www.webdo.tn\\\/fr\\\/#\\\/schema\\\/logo\\\/image\\\/\"},\"sameAs\":[\"https:\\\/\\\/www.facebook.com\\\/webdotn\",\"https:\\\/\\\/x.com\\\/webdo_tn\"],\"description\":\"Webdo est un m\u00e9dia num\u00e9rique tunisien fond\u00e9 en 2010, sp\u00e9cialis\u00e9 dans l\u2019actualit\u00e9 nationale et internationale, l\u2019\u00e9conomie, la soci\u00e9t\u00e9 et les analyses politiques. Le site s\u2019adresse \u00e0 un large public francophone et couvre l\u2019information tunisienne en temps r\u00e9el.\",\"email\":\"redac@webdo.tn\",\"legalName\":\"YNJ SARL\",\"foundingDate\":\"2010-09-06\",\"numberOfEmployees\":{\"@type\":\"QuantitativeValue\",\"minValue\":\"11\",\"maxValue\":\"50\"}},{\"@type\":\"Person\",\"@id\":\"https:\\\/\\\/www.webdo.tn\\\/fr\\\/#\\\/schema\\\/person\\\/b9ecde7a5574cb4fcf4b496ea5fadb15\",\"name\":\"Wided Belhaj\",\"image\":{\"@type\":\"ImageObject\",\"inLanguage\":\"fr-FR\",\"@id\":\"https:\\\/\\\/www.webdo.tn\\\/fr\\\/wp-content\\\/uploads\\\/2026\\\/04\\\/wided-belhaj_avatar-96x96.jpg\",\"url\":\"https:\\\/\\\/www.webdo.tn\\\/fr\\\/wp-content\\\/uploads\\\/2026\\\/04\\\/wided-belhaj_avatar-96x96.jpg\",\"contentUrl\":\"https:\\\/\\\/www.webdo.tn\\\/fr\\\/wp-content\\\/uploads\\\/2026\\\/04\\\/wided-belhaj_avatar-96x96.jpg\",\"caption\":\"Wided Belhaj\"},\"description\":\"Wided Belhaj est le pseudonyme \u00e9ditorial utilis\u00e9 par Khalil Jelassi, journaliste, ma\u00eetre-assistant \u00e0 l\u2019Institut de presse et des sciences de l\u2019information (IPSI) et chercheur en sciences de l\u2019information et de la communication. Cette signature est d\u00e9di\u00e9e \u00e0 l\u2019analyse des m\u00e9dias, des pratiques journalistiques et des mutations de l\u2019information \u00e0 l\u2019\u00e8re digitale. \u00c0 travers ses contributions, Wided Belhaj propose une lecture analytique de l\u2019actualit\u00e9, en croisant regard critique et expertise acad\u00e9mique.\",\"knowsAbout\":[\"m\u00e9dias\",\"journalisme\",\"communication\",\"information\",\"transformation num\u00e9rique\",\"analyse des m\u00e9dias\"],\"knowsLanguage\":[\"Fran\u00e7ais\",\"Arabe\"],\"jobTitle\":\"Webdo.tn\",\"worksFor\":\"Journaliste \u2013 Analyse des m\u00e9dias\",\"url\":\"https:\\\/\\\/www.webdo.tn\\\/fr\\\/actualite\\\/author\\\/wided-belhaj\\\/\"}]}<\/script>\n<!-- \/ Yoast SEO Premium plugin. -->","yoast_head_json":{"title":"Tunisie - March\u00e9s sous contr\u00f4le : La guerre contre les g\u00e2teaux avari\u00e9s est lanc\u00e9e - webdo","description":"D\u00e9couvrez les r\u00e9cents contr\u00f4les sanitaires sur les g\u00e2teaux en Tunisie avant le Nouvel An pour prot\u00e9ger les consommateurs.","canonical":"https:\/\/www.webdo.tn\/fr\/actualite\/national\/tunisie-marches-sous-controle-la-guerre-contre-les-gateaux-avaries-est-lancee\/389583\/","og_locale":"fr_FR","og_type":"article","og_title":"Tunisie - March\u00e9s sous contr\u00f4le : La guerre contre les g\u00e2teaux avari\u00e9s est lanc\u00e9e","og_description":"D\u00e9couvrez les r\u00e9cents contr\u00f4les sanitaires sur les g\u00e2teaux en Tunisie avant le Nouvel An pour prot\u00e9ger les consommateurs.","og_url":"https:\/\/www.webdo.tn\/fr\/actualite\/national\/tunisie-marches-sous-controle-la-guerre-contre-les-gateaux-avaries-est-lancee\/389583\/","og_site_name":"webdo","article_publisher":"https:\/\/www.facebook.com\/webdotn","article_published_time":"2025-12-15T17:26:09+00:00","article_modified_time":"2025-12-15T17:27:51+00:00","og_image":[{"width":1520,"height":786,"url":"https:\/\/www.webdo.tn\/fr\/wp-content\/uploads\/2025\/12\/Capture-decran-2025-12-15-182336.jpg","type":"image\/jpeg"}],"author":"Wided Belhaj","twitter_card":"summary_large_image","twitter_creator":"@webdo_tn","twitter_site":"@webdo_tn","twitter_misc":{"\u00c9crit par":"Wided Belhaj","Dur\u00e9e de lecture estim\u00e9e":"3 minutes"},"schema":{"@context":"https:\/\/schema.org","@graph":[{"@type":"NewsArticle","@id":"https:\/\/www.webdo.tn\/fr\/actualite\/national\/tunisie-marches-sous-controle-la-guerre-contre-les-gateaux-avaries-est-lancee\/389583\/#article","isPartOf":{"@id":"https:\/\/www.webdo.tn\/fr\/actualite\/national\/tunisie-marches-sous-controle-la-guerre-contre-les-gateaux-avaries-est-lancee\/389583\/"},"author":{"name":"Wided Belhaj","@id":"https:\/\/www.webdo.tn\/fr\/#\/schema\/person\/b9ecde7a5574cb4fcf4b496ea5fadb15"},"headline":"Tunisie &#8211; March\u00e9s sous contr\u00f4le : La guerre contre les g\u00e2teaux avari\u00e9s est lanc\u00e9e","datePublished":"2025-12-15T17:26:09+00:00","dateModified":"2025-12-15T17:27:51+00:00","mainEntityOfPage":{"@id":"https:\/\/www.webdo.tn\/fr\/actualite\/national\/tunisie-marches-sous-controle-la-guerre-contre-les-gateaux-avaries-est-lancee\/389583\/"},"wordCount":593,"publisher":{"@id":"https:\/\/www.webdo.tn\/fr\/#organization"},"image":{"@id":"https:\/\/www.webdo.tn\/fr\/actualite\/national\/tunisie-marches-sous-controle-la-guerre-contre-les-gateaux-avaries-est-lancee\/389583\/#primaryimage"},"thumbnailUrl":"https:\/\/www.webdo.tn\/fr\/wp-content\/uploads\/2025\/12\/Capture-decran-2025-12-15-182336.jpg","keywords":["g\u00e2teaux","nouvel an","Tunisie"],"articleSection":["National"],"inLanguage":"fr-FR"},{"@type":"WebPage","@id":"https:\/\/www.webdo.tn\/fr\/actualite\/national\/tunisie-marches-sous-controle-la-guerre-contre-les-gateaux-avaries-est-lancee\/389583\/","url":"https:\/\/www.webdo.tn\/fr\/actualite\/national\/tunisie-marches-sous-controle-la-guerre-contre-les-gateaux-avaries-est-lancee\/389583\/","name":"Tunisie - March\u00e9s sous contr\u00f4le : La guerre contre les g\u00e2teaux avari\u00e9s est lanc\u00e9e - webdo","isPartOf":{"@id":"https:\/\/www.webdo.tn\/fr\/#website"},"primaryImageOfPage":{"@id":"https:\/\/www.webdo.tn\/fr\/actualite\/national\/tunisie-marches-sous-controle-la-guerre-contre-les-gateaux-avaries-est-lancee\/389583\/#primaryimage"},"image":{"@id":"https:\/\/www.webdo.tn\/fr\/actualite\/national\/tunisie-marches-sous-controle-la-guerre-contre-les-gateaux-avaries-est-lancee\/389583\/#primaryimage"},"thumbnailUrl":"https:\/\/www.webdo.tn\/fr\/wp-content\/uploads\/2025\/12\/Capture-decran-2025-12-15-182336.jpg","datePublished":"2025-12-15T17:26:09+00:00","dateModified":"2025-12-15T17:27:51+00:00","description":"D\u00e9couvrez les r\u00e9cents contr\u00f4les sanitaires sur les g\u00e2teaux en Tunisie avant le Nouvel An pour prot\u00e9ger les consommateurs.","breadcrumb":{"@id":"https:\/\/www.webdo.tn\/fr\/actualite\/national\/tunisie-marches-sous-controle-la-guerre-contre-les-gateaux-avaries-est-lancee\/389583\/#breadcrumb"},"inLanguage":"fr-FR","potentialAction":[{"@type":"ReadAction","target":["https:\/\/www.webdo.tn\/fr\/actualite\/national\/tunisie-marches-sous-controle-la-guerre-contre-les-gateaux-avaries-est-lancee\/389583\/"]}]},{"@type":"ImageObject","inLanguage":"fr-FR","@id":"https:\/\/www.webdo.tn\/fr\/actualite\/national\/tunisie-marches-sous-controle-la-guerre-contre-les-gateaux-avaries-est-lancee\/389583\/#primaryimage","url":"https:\/\/www.webdo.tn\/fr\/wp-content\/uploads\/2025\/12\/Capture-decran-2025-12-15-182336.jpg","contentUrl":"https:\/\/www.webdo.tn\/fr\/wp-content\/uploads\/2025\/12\/Capture-decran-2025-12-15-182336.jpg","width":1520,"height":786},{"@type":"BreadcrumbList","@id":"https:\/\/www.webdo.tn\/fr\/actualite\/national\/tunisie-marches-sous-controle-la-guerre-contre-les-gateaux-avaries-est-lancee\/389583\/#breadcrumb","itemListElement":[{"@type":"ListItem","position":1,"name":"Accueil","item":"https:\/\/www.webdo.tn\/fr\/"},{"@type":"ListItem","position":2,"name":"Tunisie &#8211; March\u00e9s sous contr\u00f4le : La guerre contre les g\u00e2teaux avari\u00e9s est lanc\u00e9e"}]},{"@type":"WebSite","@id":"https:\/\/www.webdo.tn\/fr\/#website","url":"https:\/\/www.webdo.tn\/fr\/","name":"webdo","description":"Tunisie - News en Tunisie et \u00e0 l&#039;international sur Webdo.tn","publisher":{"@id":"https:\/\/www.webdo.tn\/fr\/#organization"},"potentialAction":[{"@type":"SearchAction","target":{"@type":"EntryPoint","urlTemplate":"https:\/\/www.webdo.tn\/fr\/?s={search_term_string}"},"query-input":{"@type":"PropertyValueSpecification","valueRequired":true,"valueName":"search_term_string"}}],"inLanguage":"fr-FR"},{"@type":"Organization","@id":"https:\/\/www.webdo.tn\/fr\/#organization","name":"Webdo","alternateName":"Webdo.tn","url":"https:\/\/www.webdo.tn\/fr\/","logo":{"@type":"ImageObject","inLanguage":"fr-FR","@id":"https:\/\/www.webdo.tn\/fr\/#\/schema\/logo\/image\/","url":"https:\/\/www.webdo.tn\/fr\/wp-content\/uploads\/2025\/06\/Webdo-Tunisie_168377.jpg","contentUrl":"https:\/\/www.webdo.tn\/fr\/wp-content\/uploads\/2025\/06\/Webdo-Tunisie_168377.jpg","width":301,"height":301,"caption":"Webdo"},"image":{"@id":"https:\/\/www.webdo.tn\/fr\/#\/schema\/logo\/image\/"},"sameAs":["https:\/\/www.facebook.com\/webdotn","https:\/\/x.com\/webdo_tn"],"description":"Webdo est un m\u00e9dia num\u00e9rique tunisien fond\u00e9 en 2010, sp\u00e9cialis\u00e9 dans l\u2019actualit\u00e9 nationale et internationale, l\u2019\u00e9conomie, la soci\u00e9t\u00e9 et les analyses politiques. Le site s\u2019adresse \u00e0 un large public francophone et couvre l\u2019information tunisienne en temps r\u00e9el.","email":"redac@webdo.tn","legalName":"YNJ SARL","foundingDate":"2010-09-06","numberOfEmployees":{"@type":"QuantitativeValue","minValue":"11","maxValue":"50"}},{"@type":"Person","@id":"https:\/\/www.webdo.tn\/fr\/#\/schema\/person\/b9ecde7a5574cb4fcf4b496ea5fadb15","name":"Wided Belhaj","image":{"@type":"ImageObject","inLanguage":"fr-FR","@id":"https:\/\/www.webdo.tn\/fr\/wp-content\/uploads\/2026\/04\/wided-belhaj_avatar-96x96.jpg","url":"https:\/\/www.webdo.tn\/fr\/wp-content\/uploads\/2026\/04\/wided-belhaj_avatar-96x96.jpg","contentUrl":"https:\/\/www.webdo.tn\/fr\/wp-content\/uploads\/2026\/04\/wided-belhaj_avatar-96x96.jpg","caption":"Wided Belhaj"},"description":"Wided Belhaj est le pseudonyme \u00e9ditorial utilis\u00e9 par Khalil Jelassi, journaliste, ma\u00eetre-assistant \u00e0 l\u2019Institut de presse et des sciences de l\u2019information (IPSI) et chercheur en sciences de l\u2019information et de la communication. Cette signature est d\u00e9di\u00e9e \u00e0 l\u2019analyse des m\u00e9dias, des pratiques journalistiques et des mutations de l\u2019information \u00e0 l\u2019\u00e8re digitale. \u00c0 travers ses contributions, Wided Belhaj propose une lecture analytique de l\u2019actualit\u00e9, en croisant regard critique et expertise acad\u00e9mique.","knowsAbout":["m\u00e9dias","journalisme","communication","information","transformation num\u00e9rique","analyse des m\u00e9dias"],"knowsLanguage":["Fran\u00e7ais","Arabe"],"jobTitle":"Webdo.tn","worksFor":"Journaliste \u2013 Analyse des m\u00e9dias","url":"https:\/\/www.webdo.tn\/fr\/actualite\/author\/wided-belhaj\/"}]}},"_links":{"self":[{"href":"https:\/\/www.webdo.tn\/fr\/wp-json\/wp\/v2\/posts\/389583","targetHints":{"allow":["GET"]}}],"collection":[{"href":"https:\/\/www.webdo.tn\/fr\/wp-json\/wp\/v2\/posts"}],"about":[{"href":"https:\/\/www.webdo.tn\/fr\/wp-json\/wp\/v2\/types\/post"}],"author":[{"embeddable":true,"href":"https:\/\/www.webdo.tn\/fr\/wp-json\/wp\/v2\/users\/3184"}],"replies":[{"embeddable":true,"href":"https:\/\/www.webdo.tn\/fr\/wp-json\/wp\/v2\/comments?post=389583"}],"version-history":[{"count":0,"href":"https:\/\/www.webdo.tn\/fr\/wp-json\/wp\/v2\/posts\/389583\/revisions"}],"wp:featuredmedia":[{"embeddable":true,"href":"https:\/\/www.webdo.tn\/fr\/wp-json\/wp\/v2\/media\/389584"}],"wp:attachment":[{"href":"https:\/\/www.webdo.tn\/fr\/wp-json\/wp\/v2\/media?parent=389583"}],"wp:term":[{"taxonomy":"category","embeddable":true,"href":"https:\/\/www.webdo.tn\/fr\/wp-json\/wp\/v2\/categories?post=389583"},{"taxonomy":"post_tag","embeddable":true,"href":"https:\/\/www.webdo.tn\/fr\/wp-json\/wp\/v2\/tags?post=389583"}],"curies":[{"name":"wp","href":"https:\/\/api.w.org\/{rel}","templated":true}]}}