{"id":389573,"date":"2025-12-15T14:50:08","date_gmt":"2025-12-15T13:50:08","guid":{"rendered":"https:\/\/www.webdo.tn\/fr\/?p=389573"},"modified":"2025-12-15T14:50:09","modified_gmt":"2025-12-15T13:50:09","slug":"coupe-arabe-de-la-fifa-quatre-nations-pour-deux-places-en-finale","status":"publish","type":"post","link":"https:\/\/www.webdo.tn\/fr\/actualite\/sport\/coupe-arabe-de-la-fifa-quatre-nations-pour-deux-places-en-finale\/389573\/","title":{"rendered":"Coupe arabe de la FIFA : Quatre nations pour deux places en finale"},"content":{"rendered":"\n<p>La Coupe arabe de la FIFA 2025 aborde sa phase d\u00e9cisive avec deux demi-finales programm\u00e9es au Qatar, opposant quatre s\u00e9lections encore en course pour le titre. Le Maroc, les \u00c9mirats arabes unis, la Jordanie et l\u2019Arabie saoudite se disputent, en une seule journ\u00e9e, les deux billets pour la finale dans des stades embl\u00e9matiques du pays h\u00f4te.<\/p>\n\n\n\n<h2 class=\"wp-block-heading\" id=\"h-maroc-emirats-arabes-unis-duel-ouvert\">Maroc &#8211; \u00c9mirats arabes unis : duel ouvert<\/h2>\n\n\n\n<p>La premi\u00e8re demi-finale se d\u00e9roulera au stade Khalifa \u00e0 15h30, avec une affiche entre le Maroc et les \u00c9mirats arabes unis. Les Lions de l\u2019Atlas, r\u00e9guliers depuis le d\u00e9but du tournoi, tenteront de confirmer leur statut face \u00e0 une s\u00e9lection \u00e9miratie port\u00e9e par un parcours remarqu\u00e9, marqu\u00e9 notamment par une victoire inattendue contre l\u2019Alg\u00e9rie.<\/p>\n\n\n\n<p>L\u2019enjeu est de taille pour les deux \u00e9quipes, qui abordent cette rencontre avec des ambitions assum\u00e9es et des dynamiques positives.<\/p>\n\n\n\n<h2 class=\"wp-block-heading\" id=\"h-jordanie-arabie-saoudite-une-affiche-a-haute-intensite\">Jordanie &#8211; Arabie saoudite : une affiche \u00e0 haute intensit\u00e9<\/h2>\n\n\n\n<p>La seconde demi-finale est programm\u00e9e en soir\u00e9e au stade Al Bayt \u00e0 18h30. La Jordanie, solide collectivement et disciplin\u00e9e tactiquement, affrontera une Arabie saoudite exp\u00e9riment\u00e9e et d\u00e9termin\u00e9e \u00e0 s\u2019imposer sur la sc\u00e8ne r\u00e9gionale.<\/p>\n\n\n\n<p>Ce duel s\u2019annonce serr\u00e9, entre une \u00e9quipe jordanienne r\u00e9put\u00e9e pour son organisation et une s\u00e9lection saoudienne habitu\u00e9e aux rendez-vous majeurs.<\/p>\n\n\n\n<p>Ces deux rencontres d\u00e9termineront les finalistes de l\u2019\u00e9dition 2025 de la Coupe arabe de la FIFA. Dans un contexte de forte affluence et d\u2019int\u00e9r\u00eat m\u00e9diatique, le Qatar s\u2019appr\u00eate \u00e0 accueillir une journ\u00e9e cl\u00e9, appel\u00e9e \u00e0 marquer le d\u00e9nouement d\u2019une comp\u00e9tition tr\u00e8s suivie dans le monde arabe.<\/p>\n\n\n\n<h2 class=\"wp-block-heading\" id=\"h-programme-des-demi-finales\">Programme des demi-finales<\/h2>\n\n\n\n<ul class=\"wp-block-list\">\n<li><strong>15h30\u00a0: Maroc &#8211; Emirats Arabes Unis<\/strong>, \u00e0 suivre sur beIN Sports ar en clair, Al Kass 1, AD Sports 1, Sharjah Sports, Kuwait Sports, Dubai Sports, beIN Sports fr 2<\/li>\n<\/ul>\n\n\n\n<ul class=\"wp-block-list\">\n<li><strong>18h30\u00a0: Arabie Saoudite &#8211; Jordanie<\/strong>, \u00e0 suivre sur beIN Sports ar en clair, Al Kass 1, AD Sports 1, Sharjah Sports, Kuwait Sports, Dubai Sports, beIN Sports fr 2<\/li>\n<\/ul>\n\n\n\n<p><\/p>\n\n\n\n<blockquote class=\"wp-block-quote is-layout-flow wp-block-quote-is-layout-flow\">\n<p><strong>Lire aussi<\/strong><\/p>\n\n\n\n<ul class=\"wp-block-list\">\n<li><a href=\"https:\/\/www.webdo.tn\/fr\/actualite\/sport\/titre-coupe-arabe-la-tunisie-eliminee-malgre-le-3-0-inflige-au-qatar\/389032\/\">Coupe Arabe : La Tunisie \u00e9limin\u00e9e malgr\u00e9 le 3-0 inflig\u00e9 au Qatar<\/a><\/li>\n\n\n\n<li><a href=\"https:\/\/www.webdo.tn\/fr\/actualite\/sport\/coupe-arabe-la-tunisie-freinee-par-la-palestine-apres-une-rencontre-renversante\/388852\/\">Coupe Arabe : La Tunisie frein\u00e9e par la Palestine apr\u00e8s une rencontre renversante<\/a><\/li>\n\n\n\n<li><a href=\"https:\/\/www.webdo.tn\/fr\/actualite\/sport\/tunisie-syrie-les-aigles-de-carthage-surpris-dentree-en-coupe-arabe\/388666\/\">Tunisie \u2013 Syrie : Les Aigles de Carthage surpris d\u2019entr\u00e9e en Coupe arabe<\/a><\/li>\n<\/ul>\n<\/blockquote>\n","protected":false},"excerpt":{"rendered":"<p>La Coupe arabe de la FIFA 2025 aborde sa phase d\u00e9cisive avec deux demi-finales programm\u00e9es au Qatar, opposant quatre s\u00e9lections encore en course pour le titre. Le Maroc, les \u00c9mirats arabes unis, la Jordanie et l\u2019Arabie saoudite se disputent, en une seule journ\u00e9e, les deux billets pour la finale dans des stades embl\u00e9matiques du pays [&hellip;]<\/p>\n","protected":false},"author":4782,"featured_media":389574,"comment_status":"closed","ping_status":"closed","sticky":false,"template":"","format":"standard","meta":{"footnotes":""},"categories":[2593],"tags":[8157,6274,2608],"class_list":["post-389573","post","type-post","status-publish","format-standard","has-post-thumbnail","hentry","category-sport","tag-coupe-arabe","tag-demi-finales","tag-tunisie"],"yoast_head":"<!-- This site is optimized with the Yoast SEO Premium plugin v27.5 (Yoast SEO v27.5) - https:\/\/yoast.com\/product\/yoast-seo-premium-wordpress\/ -->\n<title>Coupe arabe de la FIFA : Quatre nations pour deux places en finale - webdo<\/title>\n<meta name=\"description\" content=\"Suivez les demi-finales de la Coupe arabe de la FIFA 2025 : le Maroc et les \u00c9mirats arabes unis s&#039;affrontent pour une place en finale.\" \/>\n<link rel=\"canonical\" href=\"https:\/\/www.webdo.tn\/fr\/actualite\/sport\/coupe-arabe-de-la-fifa-quatre-nations-pour-deux-places-en-finale\/389573\/\" \/>\n<meta property=\"og:locale\" content=\"fr_FR\" \/>\n<meta property=\"og:type\" content=\"article\" \/>\n<meta property=\"og:title\" content=\"Coupe arabe de la FIFA : Quatre nations pour deux places en finale\" \/>\n<meta property=\"og:description\" content=\"Suivez les demi-finales de la Coupe arabe de la FIFA 2025 : le Maroc et les \u00c9mirats arabes unis s&#039;affrontent pour une place en finale.\" \/>\n<meta property=\"og:url\" content=\"https:\/\/www.webdo.tn\/fr\/actualite\/sport\/coupe-arabe-de-la-fifa-quatre-nations-pour-deux-places-en-finale\/389573\/\" \/>\n<meta property=\"og:site_name\" content=\"webdo\" \/>\n<meta property=\"article:publisher\" content=\"https:\/\/www.facebook.com\/webdotn\" \/>\n<meta property=\"article:published_time\" content=\"2025-12-15T13:50:08+00:00\" \/>\n<meta property=\"article:modified_time\" content=\"2025-12-15T13:50:09+00:00\" \/>\n<meta property=\"og:image\" content=\"https:\/\/www.webdo.tn\/fr\/wp-content\/uploads\/2025\/12\/Coupe-Arabe-FIFA.jpg\" \/>\n\t<meta property=\"og:image:width\" content=\"1200\" \/>\n\t<meta property=\"og:image:height\" content=\"595\" \/>\n\t<meta property=\"og:image:type\" content=\"image\/jpeg\" \/>\n<meta name=\"author\" content=\"Mohamed Fethi\" \/>\n<meta name=\"twitter:card\" content=\"summary_large_image\" \/>\n<meta name=\"twitter:creator\" content=\"@webdo_tn\" \/>\n<meta name=\"twitter:site\" content=\"@webdo_tn\" \/>\n<meta name=\"twitter:label1\" content=\"\u00c9crit par\" \/>\n\t<meta name=\"twitter:data1\" content=\"Mohamed Fethi\" \/>\n\t<meta name=\"twitter:label2\" content=\"Dur\u00e9e de lecture estim\u00e9e\" \/>\n\t<meta name=\"twitter:data2\" content=\"2 minutes\" \/>\n<script type=\"application\/ld+json\" class=\"yoast-schema-graph\">{\"@context\":\"https:\\\/\\\/schema.org\",\"@graph\":[{\"@type\":\"NewsArticle\",\"@id\":\"https:\\\/\\\/www.webdo.tn\\\/fr\\\/actualite\\\/sport\\\/coupe-arabe-de-la-fifa-quatre-nations-pour-deux-places-en-finale\\\/389573\\\/#article\",\"isPartOf\":{\"@id\":\"https:\\\/\\\/www.webdo.tn\\\/fr\\\/actualite\\\/sport\\\/coupe-arabe-de-la-fifa-quatre-nations-pour-deux-places-en-finale\\\/389573\\\/\"},\"author\":{\"name\":\"Mohamed Fethi\",\"@id\":\"https:\\\/\\\/www.webdo.tn\\\/fr\\\/#\\\/schema\\\/person\\\/16a4857e77dfc0b610c4c2cadffc9ac4\"},\"headline\":\"Coupe arabe de la FIFA : Quatre nations pour deux places en finale\",\"datePublished\":\"2025-12-15T13:50:08+00:00\",\"dateModified\":\"2025-12-15T13:50:09+00:00\",\"mainEntityOfPage\":{\"@id\":\"https:\\\/\\\/www.webdo.tn\\\/fr\\\/actualite\\\/sport\\\/coupe-arabe-de-la-fifa-quatre-nations-pour-deux-places-en-finale\\\/389573\\\/\"},\"wordCount\":390,\"publisher\":{\"@id\":\"https:\\\/\\\/www.webdo.tn\\\/fr\\\/#organization\"},\"image\":{\"@id\":\"https:\\\/\\\/www.webdo.tn\\\/fr\\\/actualite\\\/sport\\\/coupe-arabe-de-la-fifa-quatre-nations-pour-deux-places-en-finale\\\/389573\\\/#primaryimage\"},\"thumbnailUrl\":\"https:\\\/\\\/www.webdo.tn\\\/fr\\\/wp-content\\\/uploads\\\/2025\\\/12\\\/Coupe-Arabe-FIFA.jpg\",\"keywords\":[\"Coupe Arabe\",\"demi-finales\",\"Tunisie\"],\"articleSection\":[\"Sport\"],\"inLanguage\":\"fr-FR\"},{\"@type\":\"WebPage\",\"@id\":\"https:\\\/\\\/www.webdo.tn\\\/fr\\\/actualite\\\/sport\\\/coupe-arabe-de-la-fifa-quatre-nations-pour-deux-places-en-finale\\\/389573\\\/\",\"url\":\"https:\\\/\\\/www.webdo.tn\\\/fr\\\/actualite\\\/sport\\\/coupe-arabe-de-la-fifa-quatre-nations-pour-deux-places-en-finale\\\/389573\\\/\",\"name\":\"Coupe arabe de la FIFA : Quatre nations pour deux places en finale - webdo\",\"isPartOf\":{\"@id\":\"https:\\\/\\\/www.webdo.tn\\\/fr\\\/#website\"},\"primaryImageOfPage\":{\"@id\":\"https:\\\/\\\/www.webdo.tn\\\/fr\\\/actualite\\\/sport\\\/coupe-arabe-de-la-fifa-quatre-nations-pour-deux-places-en-finale\\\/389573\\\/#primaryimage\"},\"image\":{\"@id\":\"https:\\\/\\\/www.webdo.tn\\\/fr\\\/actualite\\\/sport\\\/coupe-arabe-de-la-fifa-quatre-nations-pour-deux-places-en-finale\\\/389573\\\/#primaryimage\"},\"thumbnailUrl\":\"https:\\\/\\\/www.webdo.tn\\\/fr\\\/wp-content\\\/uploads\\\/2025\\\/12\\\/Coupe-Arabe-FIFA.jpg\",\"datePublished\":\"2025-12-15T13:50:08+00:00\",\"dateModified\":\"2025-12-15T13:50:09+00:00\",\"description\":\"Suivez les demi-finales de la Coupe arabe de la FIFA 2025 : le Maroc et les \u00c9mirats arabes unis s'affrontent pour une place en finale.\",\"breadcrumb\":{\"@id\":\"https:\\\/\\\/www.webdo.tn\\\/fr\\\/actualite\\\/sport\\\/coupe-arabe-de-la-fifa-quatre-nations-pour-deux-places-en-finale\\\/389573\\\/#breadcrumb\"},\"inLanguage\":\"fr-FR\",\"potentialAction\":[{\"@type\":\"ReadAction\",\"target\":[\"https:\\\/\\\/www.webdo.tn\\\/fr\\\/actualite\\\/sport\\\/coupe-arabe-de-la-fifa-quatre-nations-pour-deux-places-en-finale\\\/389573\\\/\"]}]},{\"@type\":\"ImageObject\",\"inLanguage\":\"fr-FR\",\"@id\":\"https:\\\/\\\/www.webdo.tn\\\/fr\\\/actualite\\\/sport\\\/coupe-arabe-de-la-fifa-quatre-nations-pour-deux-places-en-finale\\\/389573\\\/#primaryimage\",\"url\":\"https:\\\/\\\/www.webdo.tn\\\/fr\\\/wp-content\\\/uploads\\\/2025\\\/12\\\/Coupe-Arabe-FIFA.jpg\",\"contentUrl\":\"https:\\\/\\\/www.webdo.tn\\\/fr\\\/wp-content\\\/uploads\\\/2025\\\/12\\\/Coupe-Arabe-FIFA.jpg\",\"width\":1200,\"height\":595,\"caption\":\"Coupe arabe de la FIFA : Quatre nations pour deux places en finale\"},{\"@type\":\"BreadcrumbList\",\"@id\":\"https:\\\/\\\/www.webdo.tn\\\/fr\\\/actualite\\\/sport\\\/coupe-arabe-de-la-fifa-quatre-nations-pour-deux-places-en-finale\\\/389573\\\/#breadcrumb\",\"itemListElement\":[{\"@type\":\"ListItem\",\"position\":1,\"name\":\"Accueil\",\"item\":\"https:\\\/\\\/www.webdo.tn\\\/fr\\\/\"},{\"@type\":\"ListItem\",\"position\":2,\"name\":\"Coupe arabe de la FIFA : Quatre nations pour deux places en finale\"}]},{\"@type\":\"WebSite\",\"@id\":\"https:\\\/\\\/www.webdo.tn\\\/fr\\\/#website\",\"url\":\"https:\\\/\\\/www.webdo.tn\\\/fr\\\/\",\"name\":\"webdo\",\"description\":\"Tunisie - News en Tunisie et \u00e0 l&#039;international sur Webdo.tn\",\"publisher\":{\"@id\":\"https:\\\/\\\/www.webdo.tn\\\/fr\\\/#organization\"},\"potentialAction\":[{\"@type\":\"SearchAction\",\"target\":{\"@type\":\"EntryPoint\",\"urlTemplate\":\"https:\\\/\\\/www.webdo.tn\\\/fr\\\/?s={search_term_string}\"},\"query-input\":{\"@type\":\"PropertyValueSpecification\",\"valueRequired\":true,\"valueName\":\"search_term_string\"}}],\"inLanguage\":\"fr-FR\"},{\"@type\":\"Organization\",\"@id\":\"https:\\\/\\\/www.webdo.tn\\\/fr\\\/#organization\",\"name\":\"Webdo\",\"alternateName\":\"Webdo.tn\",\"url\":\"https:\\\/\\\/www.webdo.tn\\\/fr\\\/\",\"logo\":{\"@type\":\"ImageObject\",\"inLanguage\":\"fr-FR\",\"@id\":\"https:\\\/\\\/www.webdo.tn\\\/fr\\\/#\\\/schema\\\/logo\\\/image\\\/\",\"url\":\"https:\\\/\\\/www.webdo.tn\\\/fr\\\/wp-content\\\/uploads\\\/2025\\\/06\\\/Webdo-Tunisie_168377.jpg\",\"contentUrl\":\"https:\\\/\\\/www.webdo.tn\\\/fr\\\/wp-content\\\/uploads\\\/2025\\\/06\\\/Webdo-Tunisie_168377.jpg\",\"width\":301,\"height\":301,\"caption\":\"Webdo\"},\"image\":{\"@id\":\"https:\\\/\\\/www.webdo.tn\\\/fr\\\/#\\\/schema\\\/logo\\\/image\\\/\"},\"sameAs\":[\"https:\\\/\\\/www.facebook.com\\\/webdotn\",\"https:\\\/\\\/x.com\\\/webdo_tn\"],\"description\":\"Webdo est un m\u00e9dia num\u00e9rique tunisien fond\u00e9 en 2010, sp\u00e9cialis\u00e9 dans l\u2019actualit\u00e9 nationale et internationale, l\u2019\u00e9conomie, la soci\u00e9t\u00e9 et les analyses politiques. Le site s\u2019adresse \u00e0 un large public francophone et couvre l\u2019information tunisienne en temps r\u00e9el.\",\"email\":\"redac@webdo.tn\",\"legalName\":\"YNJ SARL\",\"foundingDate\":\"2010-09-06\",\"numberOfEmployees\":{\"@type\":\"QuantitativeValue\",\"minValue\":\"11\",\"maxValue\":\"50\"}},{\"@type\":\"Person\",\"@id\":\"https:\\\/\\\/www.webdo.tn\\\/fr\\\/#\\\/schema\\\/person\\\/16a4857e77dfc0b610c4c2cadffc9ac4\",\"name\":\"Mohamed Fethi\",\"image\":{\"@type\":\"ImageObject\",\"inLanguage\":\"fr-FR\",\"@id\":\"https:\\\/\\\/www.webdo.tn\\\/fr\\\/wp-content\\\/uploads\\\/2026\\\/04\\\/mohamed-fethi_avatar_1-96x96.jpg\",\"url\":\"https:\\\/\\\/www.webdo.tn\\\/fr\\\/wp-content\\\/uploads\\\/2026\\\/04\\\/mohamed-fethi_avatar_1-96x96.jpg\",\"contentUrl\":\"https:\\\/\\\/www.webdo.tn\\\/fr\\\/wp-content\\\/uploads\\\/2026\\\/04\\\/mohamed-fethi_avatar_1-96x96.jpg\",\"caption\":\"Mohamed Fethi\"},\"description\":\"Signature \u00e9ditoriale de Maher Chaabane Mohamed Fethi est le pseudonyme \u00e9ditorial de Maher Chaabane, r\u00e9dacteur en chef de Webdo.tn depuis 2012. Cette signature est d\u00e9di\u00e9e au traitement intensif de l'actualit\u00e9 nationale et internationale en temps r\u00e9el. S'appuyant sur les deux d\u00e9cennies d'expertise journalistique de Maher Chaabane \u2014 d\u00e9but\u00e9e au sein du groupe Tunis Hebdo en 2000 \u2014 Mohamed Fethi assure une veille rigoureuse sur les enjeux politiques, \u00e9conomiques et sportifs. Sa mission est de garantir une information structur\u00e9e, fluide et fid\u00e8le aux standards de la r\u00e9daction. Pour consulter le parcours complet du r\u00e9dacteur en chef, visitez le profil officiel de Maher Chaabane.\",\"knowsAbout\":[\"actualit\u00e9\",\"journalisme\",\"information\",\"politique\",\"sport\",\"m\u00e9dias\",\"actualit\u00e9 internationale\"],\"knowsLanguage\":[\"Fran\u00e7ais\",\"Arabe\"],\"jobTitle\":\"Journaliste \u2013 R\u00e9daction Webdo\",\"worksFor\":\"Webdo.tn\",\"url\":\"https:\\\/\\\/www.webdo.tn\\\/fr\\\/actualite\\\/author\\\/mohamed-fethi\\\/\"}]}<\/script>\n<!-- \/ Yoast SEO Premium plugin. -->","yoast_head_json":{"title":"Coupe arabe de la FIFA : Quatre nations pour deux places en finale - webdo","description":"Suivez les demi-finales de la Coupe arabe de la FIFA 2025 : le Maroc et les \u00c9mirats arabes unis s'affrontent pour une place en finale.","canonical":"https:\/\/www.webdo.tn\/fr\/actualite\/sport\/coupe-arabe-de-la-fifa-quatre-nations-pour-deux-places-en-finale\/389573\/","og_locale":"fr_FR","og_type":"article","og_title":"Coupe arabe de la FIFA : Quatre nations pour deux places en finale","og_description":"Suivez les demi-finales de la Coupe arabe de la FIFA 2025 : le Maroc et les \u00c9mirats arabes unis s'affrontent pour une place en finale.","og_url":"https:\/\/www.webdo.tn\/fr\/actualite\/sport\/coupe-arabe-de-la-fifa-quatre-nations-pour-deux-places-en-finale\/389573\/","og_site_name":"webdo","article_publisher":"https:\/\/www.facebook.com\/webdotn","article_published_time":"2025-12-15T13:50:08+00:00","article_modified_time":"2025-12-15T13:50:09+00:00","og_image":[{"width":1200,"height":595,"url":"https:\/\/www.webdo.tn\/fr\/wp-content\/uploads\/2025\/12\/Coupe-Arabe-FIFA.jpg","type":"image\/jpeg"}],"author":"Mohamed Fethi","twitter_card":"summary_large_image","twitter_creator":"@webdo_tn","twitter_site":"@webdo_tn","twitter_misc":{"\u00c9crit par":"Mohamed Fethi","Dur\u00e9e de lecture estim\u00e9e":"2 minutes"},"schema":{"@context":"https:\/\/schema.org","@graph":[{"@type":"NewsArticle","@id":"https:\/\/www.webdo.tn\/fr\/actualite\/sport\/coupe-arabe-de-la-fifa-quatre-nations-pour-deux-places-en-finale\/389573\/#article","isPartOf":{"@id":"https:\/\/www.webdo.tn\/fr\/actualite\/sport\/coupe-arabe-de-la-fifa-quatre-nations-pour-deux-places-en-finale\/389573\/"},"author":{"name":"Mohamed Fethi","@id":"https:\/\/www.webdo.tn\/fr\/#\/schema\/person\/16a4857e77dfc0b610c4c2cadffc9ac4"},"headline":"Coupe arabe de la FIFA : Quatre nations pour deux places en finale","datePublished":"2025-12-15T13:50:08+00:00","dateModified":"2025-12-15T13:50:09+00:00","mainEntityOfPage":{"@id":"https:\/\/www.webdo.tn\/fr\/actualite\/sport\/coupe-arabe-de-la-fifa-quatre-nations-pour-deux-places-en-finale\/389573\/"},"wordCount":390,"publisher":{"@id":"https:\/\/www.webdo.tn\/fr\/#organization"},"image":{"@id":"https:\/\/www.webdo.tn\/fr\/actualite\/sport\/coupe-arabe-de-la-fifa-quatre-nations-pour-deux-places-en-finale\/389573\/#primaryimage"},"thumbnailUrl":"https:\/\/www.webdo.tn\/fr\/wp-content\/uploads\/2025\/12\/Coupe-Arabe-FIFA.jpg","keywords":["Coupe Arabe","demi-finales","Tunisie"],"articleSection":["Sport"],"inLanguage":"fr-FR"},{"@type":"WebPage","@id":"https:\/\/www.webdo.tn\/fr\/actualite\/sport\/coupe-arabe-de-la-fifa-quatre-nations-pour-deux-places-en-finale\/389573\/","url":"https:\/\/www.webdo.tn\/fr\/actualite\/sport\/coupe-arabe-de-la-fifa-quatre-nations-pour-deux-places-en-finale\/389573\/","name":"Coupe arabe de la FIFA : Quatre nations pour deux places en finale - webdo","isPartOf":{"@id":"https:\/\/www.webdo.tn\/fr\/#website"},"primaryImageOfPage":{"@id":"https:\/\/www.webdo.tn\/fr\/actualite\/sport\/coupe-arabe-de-la-fifa-quatre-nations-pour-deux-places-en-finale\/389573\/#primaryimage"},"image":{"@id":"https:\/\/www.webdo.tn\/fr\/actualite\/sport\/coupe-arabe-de-la-fifa-quatre-nations-pour-deux-places-en-finale\/389573\/#primaryimage"},"thumbnailUrl":"https:\/\/www.webdo.tn\/fr\/wp-content\/uploads\/2025\/12\/Coupe-Arabe-FIFA.jpg","datePublished":"2025-12-15T13:50:08+00:00","dateModified":"2025-12-15T13:50:09+00:00","description":"Suivez les demi-finales de la Coupe arabe de la FIFA 2025 : le Maroc et les \u00c9mirats arabes unis s'affrontent pour une place en finale.","breadcrumb":{"@id":"https:\/\/www.webdo.tn\/fr\/actualite\/sport\/coupe-arabe-de-la-fifa-quatre-nations-pour-deux-places-en-finale\/389573\/#breadcrumb"},"inLanguage":"fr-FR","potentialAction":[{"@type":"ReadAction","target":["https:\/\/www.webdo.tn\/fr\/actualite\/sport\/coupe-arabe-de-la-fifa-quatre-nations-pour-deux-places-en-finale\/389573\/"]}]},{"@type":"ImageObject","inLanguage":"fr-FR","@id":"https:\/\/www.webdo.tn\/fr\/actualite\/sport\/coupe-arabe-de-la-fifa-quatre-nations-pour-deux-places-en-finale\/389573\/#primaryimage","url":"https:\/\/www.webdo.tn\/fr\/wp-content\/uploads\/2025\/12\/Coupe-Arabe-FIFA.jpg","contentUrl":"https:\/\/www.webdo.tn\/fr\/wp-content\/uploads\/2025\/12\/Coupe-Arabe-FIFA.jpg","width":1200,"height":595,"caption":"Coupe arabe de la FIFA : Quatre nations pour deux places en finale"},{"@type":"BreadcrumbList","@id":"https:\/\/www.webdo.tn\/fr\/actualite\/sport\/coupe-arabe-de-la-fifa-quatre-nations-pour-deux-places-en-finale\/389573\/#breadcrumb","itemListElement":[{"@type":"ListItem","position":1,"name":"Accueil","item":"https:\/\/www.webdo.tn\/fr\/"},{"@type":"ListItem","position":2,"name":"Coupe arabe de la FIFA : Quatre nations pour deux places en finale"}]},{"@type":"WebSite","@id":"https:\/\/www.webdo.tn\/fr\/#website","url":"https:\/\/www.webdo.tn\/fr\/","name":"webdo","description":"Tunisie - News en Tunisie et \u00e0 l&#039;international sur Webdo.tn","publisher":{"@id":"https:\/\/www.webdo.tn\/fr\/#organization"},"potentialAction":[{"@type":"SearchAction","target":{"@type":"EntryPoint","urlTemplate":"https:\/\/www.webdo.tn\/fr\/?s={search_term_string}"},"query-input":{"@type":"PropertyValueSpecification","valueRequired":true,"valueName":"search_term_string"}}],"inLanguage":"fr-FR"},{"@type":"Organization","@id":"https:\/\/www.webdo.tn\/fr\/#organization","name":"Webdo","alternateName":"Webdo.tn","url":"https:\/\/www.webdo.tn\/fr\/","logo":{"@type":"ImageObject","inLanguage":"fr-FR","@id":"https:\/\/www.webdo.tn\/fr\/#\/schema\/logo\/image\/","url":"https:\/\/www.webdo.tn\/fr\/wp-content\/uploads\/2025\/06\/Webdo-Tunisie_168377.jpg","contentUrl":"https:\/\/www.webdo.tn\/fr\/wp-content\/uploads\/2025\/06\/Webdo-Tunisie_168377.jpg","width":301,"height":301,"caption":"Webdo"},"image":{"@id":"https:\/\/www.webdo.tn\/fr\/#\/schema\/logo\/image\/"},"sameAs":["https:\/\/www.facebook.com\/webdotn","https:\/\/x.com\/webdo_tn"],"description":"Webdo est un m\u00e9dia num\u00e9rique tunisien fond\u00e9 en 2010, sp\u00e9cialis\u00e9 dans l\u2019actualit\u00e9 nationale et internationale, l\u2019\u00e9conomie, la soci\u00e9t\u00e9 et les analyses politiques. Le site s\u2019adresse \u00e0 un large public francophone et couvre l\u2019information tunisienne en temps r\u00e9el.","email":"redac@webdo.tn","legalName":"YNJ SARL","foundingDate":"2010-09-06","numberOfEmployees":{"@type":"QuantitativeValue","minValue":"11","maxValue":"50"}},{"@type":"Person","@id":"https:\/\/www.webdo.tn\/fr\/#\/schema\/person\/16a4857e77dfc0b610c4c2cadffc9ac4","name":"Mohamed Fethi","image":{"@type":"ImageObject","inLanguage":"fr-FR","@id":"https:\/\/www.webdo.tn\/fr\/wp-content\/uploads\/2026\/04\/mohamed-fethi_avatar_1-96x96.jpg","url":"https:\/\/www.webdo.tn\/fr\/wp-content\/uploads\/2026\/04\/mohamed-fethi_avatar_1-96x96.jpg","contentUrl":"https:\/\/www.webdo.tn\/fr\/wp-content\/uploads\/2026\/04\/mohamed-fethi_avatar_1-96x96.jpg","caption":"Mohamed Fethi"},"description":"Signature \u00e9ditoriale de Maher Chaabane Mohamed Fethi est le pseudonyme \u00e9ditorial de Maher Chaabane, r\u00e9dacteur en chef de Webdo.tn depuis 2012. Cette signature est d\u00e9di\u00e9e au traitement intensif de l'actualit\u00e9 nationale et internationale en temps r\u00e9el. S'appuyant sur les deux d\u00e9cennies d'expertise journalistique de Maher Chaabane \u2014 d\u00e9but\u00e9e au sein du groupe Tunis Hebdo en 2000 \u2014 Mohamed Fethi assure une veille rigoureuse sur les enjeux politiques, \u00e9conomiques et sportifs. Sa mission est de garantir une information structur\u00e9e, fluide et fid\u00e8le aux standards de la r\u00e9daction. Pour consulter le parcours complet du r\u00e9dacteur en chef, visitez le profil officiel de Maher Chaabane.","knowsAbout":["actualit\u00e9","journalisme","information","politique","sport","m\u00e9dias","actualit\u00e9 internationale"],"knowsLanguage":["Fran\u00e7ais","Arabe"],"jobTitle":"Journaliste \u2013 R\u00e9daction Webdo","worksFor":"Webdo.tn","url":"https:\/\/www.webdo.tn\/fr\/actualite\/author\/mohamed-fethi\/"}]}},"_links":{"self":[{"href":"https:\/\/www.webdo.tn\/fr\/wp-json\/wp\/v2\/posts\/389573","targetHints":{"allow":["GET"]}}],"collection":[{"href":"https:\/\/www.webdo.tn\/fr\/wp-json\/wp\/v2\/posts"}],"about":[{"href":"https:\/\/www.webdo.tn\/fr\/wp-json\/wp\/v2\/types\/post"}],"author":[{"embeddable":true,"href":"https:\/\/www.webdo.tn\/fr\/wp-json\/wp\/v2\/users\/4782"}],"replies":[{"embeddable":true,"href":"https:\/\/www.webdo.tn\/fr\/wp-json\/wp\/v2\/comments?post=389573"}],"version-history":[{"count":0,"href":"https:\/\/www.webdo.tn\/fr\/wp-json\/wp\/v2\/posts\/389573\/revisions"}],"wp:featuredmedia":[{"embeddable":true,"href":"https:\/\/www.webdo.tn\/fr\/wp-json\/wp\/v2\/media\/389574"}],"wp:attachment":[{"href":"https:\/\/www.webdo.tn\/fr\/wp-json\/wp\/v2\/media?parent=389573"}],"wp:term":[{"taxonomy":"category","embeddable":true,"href":"https:\/\/www.webdo.tn\/fr\/wp-json\/wp\/v2\/categories?post=389573"},{"taxonomy":"post_tag","embeddable":true,"href":"https:\/\/www.webdo.tn\/fr\/wp-json\/wp\/v2\/tags?post=389573"}],"curies":[{"name":"wp","href":"https:\/\/api.w.org\/{rel}","templated":true}]}}