{"id":389550,"date":"2025-12-15T11:18:29","date_gmt":"2025-12-15T10:18:29","guid":{"rendered":"https:\/\/www.webdo.tn\/fr\/?p=389550"},"modified":"2025-12-15T11:18:42","modified_gmt":"2025-12-15T10:18:42","slug":"jcc-2025-soiree-hommage-a-claudia-cardinale-la-tunisie-dans-le-coeur","status":"publish","type":"post","link":"https:\/\/www.webdo.tn\/fr\/actualite\/culture\/jcc-2025-soiree-hommage-a-claudia-cardinale-la-tunisie-dans-le-coeur\/389550\/","title":{"rendered":"JCC 2025 \u2013 Soir\u00e9e hommage \u00e0 Claudia Cardinale : la Tunisie dans le c\u0153ur"},"content":{"rendered":"\n<p><\/p>\n\n\n\n<p><\/p>\n\n\n\n<p>Dans le cadre de la 36\u1d49 \u00e9dition des Journ\u00e9es Cin\u00e9matographiques de Carthage (JCC), qui se tient du 13 au 20 d\u00e9cembre 2025, <a href=\"https:\/\/www.webdo.tn\/fr\/actualite\/culture\/claudia-cardinale-une-legende-du-cinema-nee-sous-le-ciel-de-tunis-seteint-a-86-ans\/384104\/\">une soir\u00e9e particuli\u00e8rement \u00e9mouvante a \u00e9t\u00e9 consacr\u00e9e \u00e0 la m\u00e9moire de Claudia Cardinale, \u00ab<strong> la plus belle Italienne de Tunis <\/strong>\u00bb, disparue il y a quelques mois.<\/a> Pr\u00e9sent\u00e9e par Tarek Ben Chaabane, cette soir\u00e9e-hommage a r\u00e9uni un tr\u00e8s large public venu saluer une ic\u00f4ne du cin\u00e9ma mondial, profond\u00e9ment attach\u00e9e \u00e0 la Tunisie, son pays de naissance et de c\u0153ur.<\/p>\n\n\n\n<p><a href=\"https:\/\/www.webdo.tn\/fr\/actualite\/culture\/jcc-2025-hommage-a-claudia-cardinale-et-walid-chmait\/388375\/\">La soir\u00e9e s\u2019est articul\u00e9e en trois volets : Les Anneaux d\u2019or (1956) de Ren\u00e9 Vautier et Mustapha El Fersi, le court m\u00e9trage qui marqua la premi\u00e8re apparition de Claudia Cardinale \u00e0 l\u2019\u00e9cran ; Claudia Cardinale : La plus belle Italienne de Tunis (1994) de MaMahmoud Ben Mahmoud ; et enfin <em>Claudia Cardinale : La Tunisie\u2026 splendeur et beaut\u00e9<\/em> (2025) de Lotfi Bahri, consacr\u00e9 \u00e0 l\u2019actrice.<\/a> Une superbe affiche avait \u00e9t\u00e9 con\u00e7ue sp\u00e9cialement pour cette c\u00e9l\u00e9bration, symbolisant la beaut\u00e9, la m\u00e9moire et l\u2019\u00e9ternit\u00e9 d\u2019une actrice l\u00e9gendaire.<br><br><\/p>\n\n\n<div class=\"wp-block-image\">\n<figure class=\"aligncenter size-large\"><img decoding=\"async\" width=\"695\" height=\"1024\" src=\"https:\/\/www.webdo.tn\/fr\/wp-content\/uploads\/2025\/12\/JCC-2025-Claudia-Cardinale-Affiche-695x1024.jpg\" alt=\"JCC 2025\nClaudia Cardinale\" class=\"wp-image-389553\" srcset=\"https:\/\/www.webdo.tn\/fr\/wp-content\/uploads\/2025\/12\/JCC-2025-Claudia-Cardinale-Affiche-695x1024.jpg 695w, https:\/\/www.webdo.tn\/fr\/wp-content\/uploads\/2025\/12\/JCC-2025-Claudia-Cardinale-Affiche-204x300.jpg 204w, https:\/\/www.webdo.tn\/fr\/wp-content\/uploads\/2025\/12\/JCC-2025-Claudia-Cardinale-Affiche-768x1131.jpg 768w, https:\/\/www.webdo.tn\/fr\/wp-content\/uploads\/2025\/12\/JCC-2025-Claudia-Cardinale-Affiche-1043x1536.jpg 1043w, https:\/\/www.webdo.tn\/fr\/wp-content\/uploads\/2025\/12\/JCC-2025-Claudia-Cardinale-Affiche-750x1105.jpg 750w, https:\/\/www.webdo.tn\/fr\/wp-content\/uploads\/2025\/12\/JCC-2025-Claudia-Cardinale-Affiche.jpg 1086w\" sizes=\"(max-width: 695px) 100vw, 695px\" \/><\/figure>\n<\/div>\n\n\n<p><\/p>\n\n\n\n<p>Tarek Ben Chaabane a ouvert la soir\u00e9e en \u00e9voquant la singularit\u00e9 du parcours de Claudia Cardinale et le lien ind\u00e9fectible qui l\u2019unissait \u00e0 la Tunisie. Lotfi Bahri a ensuite pris la parole pour partager un souvenir personnel : \u00ab J\u2019ai fait la connaissance de Claudia Cardinale alors qu\u2019elle tournait <em>J\u00e9sus de Nazareth<\/em> (1977) de Franco Zeffirelli \u00e0 Monastir. Depuis, une longue amiti\u00e9 nous lie. J\u2019ai voulu que mon film parle de sa relation avec la Tunisie et de l\u2019amour profond qu\u2019elle lui portait. \u00bb Il a \u00e9galement soulign\u00e9 qu\u2019il f\u00eatait ce soir-l\u00e0 ses cinquante ans de carri\u00e8re, un anniversaire qu\u2019il a tenu \u00e0 d\u00e9dier \u00e0 tous ceux qui l\u2019ont accompagn\u00e9 au fil des ann\u00e9es.<\/p>\n\n\n\n<p><\/p>\n\n\n<div class=\"wp-block-image\">\n<figure class=\"aligncenter size-large\"><img decoding=\"async\" width=\"1024\" height=\"683\" src=\"https:\/\/www.webdo.tn\/fr\/wp-content\/uploads\/2025\/12\/JCC-2025-Claudia-cardinale-Lotfi-bahri-1024x683.jpg\" alt=\"JCC 2025 \nClaudia Cardinale Lotfi Bahri\" class=\"wp-image-389555\" srcset=\"https:\/\/www.webdo.tn\/fr\/wp-content\/uploads\/2025\/12\/JCC-2025-Claudia-cardinale-Lotfi-bahri-1024x683.jpg 1024w, https:\/\/www.webdo.tn\/fr\/wp-content\/uploads\/2025\/12\/JCC-2025-Claudia-cardinale-Lotfi-bahri-300x200.jpg 300w, https:\/\/www.webdo.tn\/fr\/wp-content\/uploads\/2025\/12\/JCC-2025-Claudia-cardinale-Lotfi-bahri-768x512.jpg 768w, https:\/\/www.webdo.tn\/fr\/wp-content\/uploads\/2025\/12\/JCC-2025-Claudia-cardinale-Lotfi-bahri-1536x1024.jpg 1536w, https:\/\/www.webdo.tn\/fr\/wp-content\/uploads\/2025\/12\/JCC-2025-Claudia-cardinale-Lotfi-bahri-750x500.jpg 750w, https:\/\/www.webdo.tn\/fr\/wp-content\/uploads\/2025\/12\/JCC-2025-Claudia-cardinale-Lotfi-bahri-1140x760.jpg 1140w, https:\/\/www.webdo.tn\/fr\/wp-content\/uploads\/2025\/12\/JCC-2025-Claudia-cardinale-Lotfi-bahri.jpg 2048w\" sizes=\"(max-width: 1024px) 100vw, 1024px\" \/><figcaption class=\"wp-element-caption\"><em>JCC 2025 &#8211; Tarek Ben Chaabane et Lotfi Bahri<\/em><\/figcaption><\/figure>\n<\/div>\n\n\n<p><\/p>\n\n\n\n<p>Mahmoud Ben Mahmoud a, quant \u00e0 lui, pr\u00e9sent\u00e9 son film de 1994, un documentaire essentiel consacr\u00e9 \u00e0 la communaut\u00e9 italienne de Tunisie. \u00ab Cette communaut\u00e9 ne se trouvait nulle part, ni dans les livres d\u2019histoire, ni dans nos archives. J\u2019ai voulu sauver une m\u00e9moire qui allait s\u2019effacer \u00bb, a-t-il expliqu\u00e9. \u00ab J\u2019ai commenc\u00e9 par filmer des Italiens vivant du c\u00f4t\u00e9 de Rad\u00e8s, des personnes \u00e2g\u00e9es dont le t\u00e9moignage \u00e9tait pr\u00e9cieux et dont la m\u00e9moire aurait disparu avec leur disparition. \u00bb Il a racont\u00e9 avoir contact\u00e9 Claudia Cardinale \u00e0 cette occasion : \u00ab Je suis all\u00e9 en Italie, j\u2019ai rencontr\u00e9 Bruno Cardinale et d\u2019autres membres de sa famille. Claudia \u00e9tait alors en tournage \u00e0 l\u2019\u00e9tranger, mais je l\u2019ai revue \u00e0 Paris. Elle devait figurer dans ce documentaire de 52 minutes. \u00bb<\/p>\n\n\n\n<p>Ce film avait \u00e9t\u00e9 projet\u00e9 pour la premi\u00e8re fois lors d\u2019un hommage aux JCC de 1994, en pr\u00e9sence de Claudia Cardinale et de sa famille. \u00ab Nous avions organis\u00e9 la projection \u00e0 la cath\u00e9drale de Carthage. C\u2019\u00e9tait un moment fort. J\u2019ai d\u00e9couvert \u00e0 cette occasion que Claudia \u00e9tait ma voisine \u00e0 l\u2019A\u00e9roport, dans la banlieue nord de Tunis. Nous partagions des souvenirs communs \u00bb, a-t-il ajout\u00e9. Lors d\u2019un t\u00e9moignage, Claudia r\u00e9v\u00e9la d\u2019ailleurs que c\u2019est dans cette m\u00eame cath\u00e9drale qu\u2019elle avait fait sa communion !<\/p>\n\n\n\n<p>Le documentaire, initialement pr\u00e9vu pour \u00eatre diffus\u00e9 sur RAI 3, fut finalement programm\u00e9 en prime time sur RAI 1. Il demeure un travail de m\u00e9moire essentiel sur une communaut\u00e9 italienne de Tunis longtemps oubli\u00e9e. \u00ab Heureusement que j\u2019ai eu le temps de filmer ces anciens membres avant que leurs voix ne disparaissent \u00bb, a confi\u00e9 Ben Mahmoud. Pour la soir\u00e9e des JCC, seule la partie du documentaire consacr\u00e9e \u00e0 Claudia Cardinale a \u00e9t\u00e9 pr\u00e9sent\u00e9e.<\/p>\n\n\n\n<p><\/p>\n\n\n<div class=\"wp-block-image\">\n<figure class=\"aligncenter size-large\"><img decoding=\"async\" width=\"1024\" height=\"683\" src=\"https:\/\/www.webdo.tn\/fr\/wp-content\/uploads\/2025\/12\/JCC-2025-Claudia-cardinale-Mahmoud-Ben-Mahmoud-1024x683.jpg\" alt=\"JCC 2025 Claudia Cardinale \nMahmoud Ben Mahmoud\" class=\"wp-image-389556\" srcset=\"https:\/\/www.webdo.tn\/fr\/wp-content\/uploads\/2025\/12\/JCC-2025-Claudia-cardinale-Mahmoud-Ben-Mahmoud-1024x683.jpg 1024w, https:\/\/www.webdo.tn\/fr\/wp-content\/uploads\/2025\/12\/JCC-2025-Claudia-cardinale-Mahmoud-Ben-Mahmoud-300x200.jpg 300w, https:\/\/www.webdo.tn\/fr\/wp-content\/uploads\/2025\/12\/JCC-2025-Claudia-cardinale-Mahmoud-Ben-Mahmoud-768x512.jpg 768w, https:\/\/www.webdo.tn\/fr\/wp-content\/uploads\/2025\/12\/JCC-2025-Claudia-cardinale-Mahmoud-Ben-Mahmoud-1536x1024.jpg 1536w, https:\/\/www.webdo.tn\/fr\/wp-content\/uploads\/2025\/12\/JCC-2025-Claudia-cardinale-Mahmoud-Ben-Mahmoud-750x500.jpg 750w, https:\/\/www.webdo.tn\/fr\/wp-content\/uploads\/2025\/12\/JCC-2025-Claudia-cardinale-Mahmoud-Ben-Mahmoud-1140x760.jpg 1140w, https:\/\/www.webdo.tn\/fr\/wp-content\/uploads\/2025\/12\/JCC-2025-Claudia-cardinale-Mahmoud-Ben-Mahmoud.jpg 2048w\" sizes=\"(max-width: 1024px) 100vw, 1024px\" \/><figcaption class=\"wp-element-caption\"><em>JCC 2025 &#8211; Mahmoud Ben Mahmoud<\/em><\/figcaption><\/figure>\n<\/div>\n\n\n<p><\/p>\n\n\n\n<p>La salle, presque comble, t\u00e9moignait de l\u2019\u00e9motion et de l\u2019attachement du public tunisien \u00e0 celle qui n\u2019a jamais reni\u00e9 ses origines. Le film de Lotfi Bahri sera d\u2019ailleurs diffus\u00e9 aujourd\u2019hui en prime time sur la t\u00e9l\u00e9vision nationale.<\/p>\n\n\n\n<p>\u00c0 travers les images et les t\u00e9moignages projet\u00e9s, transparaissait un amour profond et sinc\u00e8re : celui que Claudia Cardinale portait \u00e0 la Tunisie, pays de sa famille depuis trois g\u00e9n\u00e9rations. Dans toutes ses d\u00e9clarations, elle en parlait avec une tendresse infinie, \u00e9voquant ses souvenirs d\u2019enfance, sa famille, ses racines et son attachement \u00e0 cette terre. N\u00e9e \u00e0 La Goulette, \u00e0 une \u00e9poque o\u00f9 ce quartier incarnait la coexistence harmonieuse de plusieurs communaut\u00e9s et religions unies par leur amour du pays, elle a grandi dans cet esprit d\u2019ouverture et de tol\u00e9rance. \u00c0 cette \u00e9poque, personne ne demandait \u00e0 l\u2019autre sa religion ni ses croyances.<\/p>\n\n\n\n<p>Claudia a v\u00e9cu ses dix-huit premi\u00e8res ann\u00e9es \u00e0 Tunis. Elle parlait alors le sicilien, l\u2019arabe et le fran\u00e7ais, mais ne parlait pas italien \u2014 un d\u00e9tail qu\u2019elle rappelait souvent avec amusement, pr\u00e9cisant d\u2019ailleurs qu\u2019elle avait eu, lors de son premier voyage \u00e0 Venise, des difficult\u00e9s de communication pour cette raison.<br><br>\u00ab Je suis n\u00e9e sous une bonne \u00e9toile \u00bb, disait-elle, et elle avait bien raison. Vers l\u2019\u00e2ge de seize ou dix-sept ans, elle fut engag\u00e9e pour un petit r\u00f4le dans <em>Les Anneaux d\u2019or<\/em>, tourn\u00e9 \u00e0 Mahdia. Le film remporta d\u2019ailleurs le Youth Film Award du Meilleur court m\u00e9trage pour la jeunesse au Festival de Berlin 1959. Bien que son apparition y soit br\u00e8ve, Claudia y b\u00e9n\u00e9ficie d\u2019un gros plan sur son visage lumineux \u2014 peut-\u00eatre ce sourire a-t-il convaincu <a href=\"https:\/\/www.webdo.tn\/fr\/actualite\/culture\/goha-premier-film-tunisien-dapres-lindependance\/199957\/\">Jacques Baratier et Omar Sharif d\u2019aller l\u2019attendre devant son lyc\u00e9e Paul Cambon \u00e0 Tunis pour lui proposer un r\u00f4le dans<em> Goha <\/em>?<\/a> Peut-\u00eatre bien !<\/p>\n\n\n\n<p>Mais sa carri\u00e8re prit v\u00e9ritablement son essor lorsqu\u2019un hasard d\u00e9cisif changea sa vie : alors qu\u2019elle aidait sa m\u00e8re, membre d\u2019une organisation caritative, lors d\u2019une soir\u00e9e de bienfaisance, Claudia fut pouss\u00e9e sur le podium et \u00e9lue \u00ab la plus belle Italienne de Tunis \u00bb. Ce titre lui valut un voyage au Festival de Venise. Elle raconta plus tard qu\u2019\u00e0 Venise, elle se sentait un peu perdue, ne parlant pas encore italien, mais que ses racines tunisiennes lui avaient port\u00e9 chance : elle portait alors des v\u00eatements traditionnels tunisiens, comme un <em>burnous<\/em>, ce qui la distinguait des autres et attira l\u2019attention des photographes. Cette visibilit\u00e9 lui permit d\u2019appara\u00eetre dans plusieurs grands magazines, illustr\u00e9s de magnifiques photos d\u2019elle, qui contribu\u00e8rent \u00e0 lancer son image et \u00e0 attirer sur elle les regards du monde du cin\u00e9ma.<\/p>\n\n\n\n<p>Mineure \u00e0 l\u2019\u00e9poque, elle avait besoin de l\u2019autorisation de son p\u00e8re, qui, d\u2019abord r\u00e9ticent, refusa de laisser partir sa fille seule \u00e0 l\u2019\u00e9tranger. Finalement, il se rendit en Italie pour signer les contrats en son nom. C\u2019est ainsi que d\u00e9buta la carri\u00e8re internationale de Claudia Cardinale.<\/p>\n\n\n\n<p>Un autre t\u00e9moignage \u00e9mouvant fut celui de la grande Mouna Noureddine, qui, elle aussi, avait fait ses d\u00e9buts dans <em>Les Anneaux d\u2019or<\/em> puis dans <em>Goha<\/em>, mais dont la carri\u00e8re n\u2019avait pas pris la m\u00eame dimension internationale. \u00ab Chacun son \u00e9toile ! \u00bb, a-t-elle confi\u00e9 avec \u00e9motion et sourire.<\/p>\n\n\n\n<p>Ce qui ressort avec force des deux documentaires projet\u00e9s, c\u2019est l\u2019attachement visc\u00e9ral de Claudia Cardinale \u00e0 la Tunisie, un amour qu\u2019elle tenait de ses parents et qu\u2019elle a transmis \u00e0 ses enfants. Elle leur parlait de ses origines, les emmenait souvent en Tunisie, leur faisait visiter diff\u00e9rentes r\u00e9gions, en particulier Tozeur, qu\u2019elle affectionnait pour le silence du d\u00e9sert et la s\u00e9r\u00e9nit\u00e9 des palmeraies. Elle disait aimer les palmiers parce qu\u2019ils la rattachaient \u00e0 son \u00ab chez elle \u00bb. Chez ses parents, m\u00eame install\u00e9s en Italie, la cuisine restait tunisienne : <em>mloukhiya<\/em>, couscous et autres plats traditionnels. Les racines de Claudia \u00e9taient profond\u00e9ment tunisiennes, et c\u2019est en Tunisie qu\u2019elle venait se ressourcer chaque fois qu\u2019elle en ressentait le besoin.<\/p>\n\n\n\n<p>Et le destin, une fois encore, a boucl\u00e9 la boucle : ses tout premiers r\u00f4les furent dans des films tunisiens, et son dernier r\u00f4le l\u2019aura \u00e9galement ramen\u00e9e \u00e0 sa patrie d\u2019origine, dans <em>L\u2019\u00cele du pardon<\/em> (2022) de Ridha Behi \u2014 une conclusion symbolique pour celle qui fut toujours une femme du monde, mais avant tout, une fille de Tunis.<\/p>\n\n\n\n<p><strong>Ne\u00efla Driss<\/strong><\/p>\n\n\n\n<p><br><br><strong><em>Lire sur le m\u00eame sujet:<\/em><\/strong><\/p>\n\n\n\n<ul class=\"wp-block-list\">\n<li><a href=\"https:\/\/www.webdo.tn\/fr\/actualite\/culture\/goha-premier-film-tunisien-dapres-lindependance\/199957\/\">\u00ab\u00a0Goha\u00a0\u00bb, premier film tunisien d\u2019apr\u00e8s l\u2019ind\u00e9pendance<\/a><\/li>\n\n\n\n<li><a href=\"https:\/\/www.webdo.tn\/fr\/actualite\/culture\/jcc-2025-hommage-a-claudia-cardinale-et-walid-chmait\/388375\/\">JCC 2025 \u2013 Hommage \u00e0 Claudia Cardinale et Walid Chmait<\/a><\/li>\n\n\n\n<li><a href=\"https:\/\/www.webdo.tn\/fr\/actualite\/culture\/le-festival-international-du-film-du-caire-fait-ses-adieux-a-claudia-cardinale\/384287\/\">Le Festival International du Film du Caire fait ses adieux \u00e0 Claudia Cardinale<\/a><\/li>\n\n\n\n<li><a href=\"https:\/\/www.webdo.tn\/fr\/actualite\/culture\/claudia-cardinale-une-legende-du-cinema-nee-sous-le-ciel-de-tunis-seteint-a-86-ans\/384104\/\">Claudia Cardinale : Une l\u00e9gende du cin\u00e9ma n\u00e9e sous le ciel de Tunis s\u2019\u00e9teint \u00e0 86 ans<\/a><\/li>\n<\/ul>\n\n\n\n<p><\/p>\n","protected":false},"excerpt":{"rendered":"<p>Dans le cadre de la 36\u1d49 \u00e9dition des Journ\u00e9es Cin\u00e9matographiques de Carthage (JCC), qui se tient du 13 au 20 d\u00e9cembre 2025, une soir\u00e9e particuli\u00e8rement \u00e9mouvante a \u00e9t\u00e9 consacr\u00e9e \u00e0 la m\u00e9moire de Claudia Cardinale, \u00ab la plus belle Italienne de Tunis \u00bb, disparue il y a quelques mois. Pr\u00e9sent\u00e9e par Tarek Ben Chaabane, cette [&hellip;]<\/p>\n","protected":false},"author":3164,"featured_media":389551,"comment_status":"closed","ping_status":"closed","sticky":false,"template":"","format":"standard","meta":{"footnotes":""},"categories":[2594],"tags":[4724,2626,7624,3116,3117,4660,2608],"class_list":["post-389550","post","type-post","status-publish","format-standard","has-post-thumbnail","hentry","category-culture","tag-actrice","tag-cinema","tag-claudia-cardinale","tag-jcc","tag-jcc-2025","tag-journees-cinematographiques-de-carthage","tag-tunisie"],"yoast_head":"<!-- This site is optimized with the Yoast SEO Premium plugin v27.5 (Yoast SEO v27.5) - https:\/\/yoast.com\/product\/yoast-seo-premium-wordpress\/ -->\n<title>JCC 2025 \u2013 Soir\u00e9e hommage \u00e0 Claudia Cardinale : la Tunisie dans le c\u0153ur - webdo<\/title>\n<meta name=\"description\" content=\"Soir\u00e9e hommage \u00e9mouvante aux JCC 2025 \u00e0 Claudia Cardinale, \u00ab la plus belle Italienne de Tunis \u00bb, entre souvenirs, t\u00e9moignages et amour \u00e9ternel pour la Tunisie\" \/>\n<link rel=\"canonical\" href=\"https:\/\/www.webdo.tn\/fr\/actualite\/culture\/jcc-2025-soiree-hommage-a-claudia-cardinale-la-tunisie-dans-le-coeur\/389550\/\" \/>\n<meta property=\"og:locale\" content=\"fr_FR\" \/>\n<meta property=\"og:type\" content=\"article\" \/>\n<meta property=\"og:title\" content=\"JCC 2025 \u2013 Soir\u00e9e hommage \u00e0 Claudia Cardinale : la Tunisie dans le c\u0153ur\" \/>\n<meta property=\"og:description\" content=\"Soir\u00e9e hommage \u00e9mouvante aux JCC 2025 \u00e0 Claudia Cardinale, \u00ab la plus belle Italienne de Tunis \u00bb, entre souvenirs, t\u00e9moignages et amour \u00e9ternel pour la Tunisie\" \/>\n<meta property=\"og:url\" content=\"https:\/\/www.webdo.tn\/fr\/actualite\/culture\/jcc-2025-soiree-hommage-a-claudia-cardinale-la-tunisie-dans-le-coeur\/389550\/\" \/>\n<meta property=\"og:site_name\" content=\"webdo\" \/>\n<meta property=\"article:publisher\" content=\"https:\/\/www.facebook.com\/webdotn\" \/>\n<meta property=\"article:author\" content=\"https:\/\/www.facebook.com\/massir.destiniii\/\" \/>\n<meta property=\"article:published_time\" content=\"2025-12-15T10:18:29+00:00\" \/>\n<meta property=\"article:modified_time\" content=\"2025-12-15T10:18:42+00:00\" \/>\n<meta property=\"og:image\" content=\"https:\/\/www.webdo.tn\/fr\/wp-content\/uploads\/2025\/12\/JCC-2025-Claudia-Cardinale-hommage-1.jpeg\" \/>\n\t<meta property=\"og:image:width\" content=\"1080\" \/>\n\t<meta property=\"og:image:height\" content=\"686\" \/>\n\t<meta property=\"og:image:type\" content=\"image\/jpeg\" \/>\n<meta name=\"author\" content=\"Ne\u00efla DRISS\" \/>\n<meta name=\"twitter:card\" content=\"summary_large_image\" \/>\n<meta name=\"twitter:creator\" content=\"@https:\/\/x.com\/MassirDestin\" \/>\n<meta name=\"twitter:site\" content=\"@webdo_tn\" \/>\n<meta name=\"twitter:label1\" content=\"\u00c9crit par\" \/>\n\t<meta name=\"twitter:data1\" content=\"Ne\u00efla DRISS\" \/>\n\t<meta name=\"twitter:label2\" content=\"Dur\u00e9e de lecture estim\u00e9e\" \/>\n\t<meta name=\"twitter:data2\" content=\"8 minutes\" \/>\n<script type=\"application\/ld+json\" class=\"yoast-schema-graph\">{\"@context\":\"https:\\\/\\\/schema.org\",\"@graph\":[{\"@type\":\"NewsArticle\",\"@id\":\"https:\\\/\\\/www.webdo.tn\\\/fr\\\/actualite\\\/culture\\\/jcc-2025-soiree-hommage-a-claudia-cardinale-la-tunisie-dans-le-coeur\\\/389550\\\/#article\",\"isPartOf\":{\"@id\":\"https:\\\/\\\/www.webdo.tn\\\/fr\\\/actualite\\\/culture\\\/jcc-2025-soiree-hommage-a-claudia-cardinale-la-tunisie-dans-le-coeur\\\/389550\\\/\"},\"author\":{\"name\":\"Ne\u00efla DRISS\",\"@id\":\"https:\\\/\\\/www.webdo.tn\\\/fr\\\/#\\\/schema\\\/person\\\/60d5ba619ed3f58783b0dc82b7dada80\"},\"headline\":\"JCC 2025 \u2013 Soir\u00e9e hommage \u00e0 Claudia Cardinale : la Tunisie dans le c\u0153ur\",\"datePublished\":\"2025-12-15T10:18:29+00:00\",\"dateModified\":\"2025-12-15T10:18:42+00:00\",\"mainEntityOfPage\":{\"@id\":\"https:\\\/\\\/www.webdo.tn\\\/fr\\\/actualite\\\/culture\\\/jcc-2025-soiree-hommage-a-claudia-cardinale-la-tunisie-dans-le-coeur\\\/389550\\\/\"},\"wordCount\":1451,\"publisher\":{\"@id\":\"https:\\\/\\\/www.webdo.tn\\\/fr\\\/#organization\"},\"image\":{\"@id\":\"https:\\\/\\\/www.webdo.tn\\\/fr\\\/actualite\\\/culture\\\/jcc-2025-soiree-hommage-a-claudia-cardinale-la-tunisie-dans-le-coeur\\\/389550\\\/#primaryimage\"},\"thumbnailUrl\":\"https:\\\/\\\/www.webdo.tn\\\/fr\\\/wp-content\\\/uploads\\\/2025\\\/12\\\/JCC-2025-Claudia-Cardinale-hommage-1.jpeg\",\"keywords\":[\"actrice\",\"Cin\u00e9ma\",\"claudia cardinale\",\"JCC\",\"JCC 2025\",\"Journ\u00e9es cin\u00e9matographiques de Carthage\",\"Tunisie\"],\"articleSection\":[\"Culture\"],\"inLanguage\":\"fr-FR\"},{\"@type\":\"WebPage\",\"@id\":\"https:\\\/\\\/www.webdo.tn\\\/fr\\\/actualite\\\/culture\\\/jcc-2025-soiree-hommage-a-claudia-cardinale-la-tunisie-dans-le-coeur\\\/389550\\\/\",\"url\":\"https:\\\/\\\/www.webdo.tn\\\/fr\\\/actualite\\\/culture\\\/jcc-2025-soiree-hommage-a-claudia-cardinale-la-tunisie-dans-le-coeur\\\/389550\\\/\",\"name\":\"JCC 2025 \u2013 Soir\u00e9e hommage \u00e0 Claudia Cardinale : la Tunisie dans le c\u0153ur - webdo\",\"isPartOf\":{\"@id\":\"https:\\\/\\\/www.webdo.tn\\\/fr\\\/#website\"},\"primaryImageOfPage\":{\"@id\":\"https:\\\/\\\/www.webdo.tn\\\/fr\\\/actualite\\\/culture\\\/jcc-2025-soiree-hommage-a-claudia-cardinale-la-tunisie-dans-le-coeur\\\/389550\\\/#primaryimage\"},\"image\":{\"@id\":\"https:\\\/\\\/www.webdo.tn\\\/fr\\\/actualite\\\/culture\\\/jcc-2025-soiree-hommage-a-claudia-cardinale-la-tunisie-dans-le-coeur\\\/389550\\\/#primaryimage\"},\"thumbnailUrl\":\"https:\\\/\\\/www.webdo.tn\\\/fr\\\/wp-content\\\/uploads\\\/2025\\\/12\\\/JCC-2025-Claudia-Cardinale-hommage-1.jpeg\",\"datePublished\":\"2025-12-15T10:18:29+00:00\",\"dateModified\":\"2025-12-15T10:18:42+00:00\",\"description\":\"Soir\u00e9e hommage \u00e9mouvante aux JCC 2025 \u00e0 Claudia Cardinale, \u00ab la plus belle Italienne de Tunis \u00bb, entre souvenirs, t\u00e9moignages et amour \u00e9ternel pour la Tunisie\",\"breadcrumb\":{\"@id\":\"https:\\\/\\\/www.webdo.tn\\\/fr\\\/actualite\\\/culture\\\/jcc-2025-soiree-hommage-a-claudia-cardinale-la-tunisie-dans-le-coeur\\\/389550\\\/#breadcrumb\"},\"inLanguage\":\"fr-FR\",\"potentialAction\":[{\"@type\":\"ReadAction\",\"target\":[\"https:\\\/\\\/www.webdo.tn\\\/fr\\\/actualite\\\/culture\\\/jcc-2025-soiree-hommage-a-claudia-cardinale-la-tunisie-dans-le-coeur\\\/389550\\\/\"]}]},{\"@type\":\"ImageObject\",\"inLanguage\":\"fr-FR\",\"@id\":\"https:\\\/\\\/www.webdo.tn\\\/fr\\\/actualite\\\/culture\\\/jcc-2025-soiree-hommage-a-claudia-cardinale-la-tunisie-dans-le-coeur\\\/389550\\\/#primaryimage\",\"url\":\"https:\\\/\\\/www.webdo.tn\\\/fr\\\/wp-content\\\/uploads\\\/2025\\\/12\\\/JCC-2025-Claudia-Cardinale-hommage-1.jpeg\",\"contentUrl\":\"https:\\\/\\\/www.webdo.tn\\\/fr\\\/wp-content\\\/uploads\\\/2025\\\/12\\\/JCC-2025-Claudia-Cardinale-hommage-1.jpeg\",\"width\":1080,\"height\":686,\"caption\":\"JCC 2025 Claudia Cardinale\"},{\"@type\":\"BreadcrumbList\",\"@id\":\"https:\\\/\\\/www.webdo.tn\\\/fr\\\/actualite\\\/culture\\\/jcc-2025-soiree-hommage-a-claudia-cardinale-la-tunisie-dans-le-coeur\\\/389550\\\/#breadcrumb\",\"itemListElement\":[{\"@type\":\"ListItem\",\"position\":1,\"name\":\"Accueil\",\"item\":\"https:\\\/\\\/www.webdo.tn\\\/fr\\\/\"},{\"@type\":\"ListItem\",\"position\":2,\"name\":\"JCC 2025 \u2013 Soir\u00e9e hommage \u00e0 Claudia Cardinale : la Tunisie dans le c\u0153ur\"}]},{\"@type\":\"WebSite\",\"@id\":\"https:\\\/\\\/www.webdo.tn\\\/fr\\\/#website\",\"url\":\"https:\\\/\\\/www.webdo.tn\\\/fr\\\/\",\"name\":\"webdo\",\"description\":\"Tunisie - News en Tunisie et \u00e0 l&#039;international sur Webdo.tn\",\"publisher\":{\"@id\":\"https:\\\/\\\/www.webdo.tn\\\/fr\\\/#organization\"},\"potentialAction\":[{\"@type\":\"SearchAction\",\"target\":{\"@type\":\"EntryPoint\",\"urlTemplate\":\"https:\\\/\\\/www.webdo.tn\\\/fr\\\/?s={search_term_string}\"},\"query-input\":{\"@type\":\"PropertyValueSpecification\",\"valueRequired\":true,\"valueName\":\"search_term_string\"}}],\"inLanguage\":\"fr-FR\"},{\"@type\":\"Organization\",\"@id\":\"https:\\\/\\\/www.webdo.tn\\\/fr\\\/#organization\",\"name\":\"Webdo\",\"alternateName\":\"Webdo.tn\",\"url\":\"https:\\\/\\\/www.webdo.tn\\\/fr\\\/\",\"logo\":{\"@type\":\"ImageObject\",\"inLanguage\":\"fr-FR\",\"@id\":\"https:\\\/\\\/www.webdo.tn\\\/fr\\\/#\\\/schema\\\/logo\\\/image\\\/\",\"url\":\"https:\\\/\\\/www.webdo.tn\\\/fr\\\/wp-content\\\/uploads\\\/2025\\\/06\\\/Webdo-Tunisie_168377.jpg\",\"contentUrl\":\"https:\\\/\\\/www.webdo.tn\\\/fr\\\/wp-content\\\/uploads\\\/2025\\\/06\\\/Webdo-Tunisie_168377.jpg\",\"width\":301,\"height\":301,\"caption\":\"Webdo\"},\"image\":{\"@id\":\"https:\\\/\\\/www.webdo.tn\\\/fr\\\/#\\\/schema\\\/logo\\\/image\\\/\"},\"sameAs\":[\"https:\\\/\\\/www.facebook.com\\\/webdotn\",\"https:\\\/\\\/x.com\\\/webdo_tn\"],\"description\":\"Webdo est un m\u00e9dia num\u00e9rique tunisien fond\u00e9 en 2010, sp\u00e9cialis\u00e9 dans l\u2019actualit\u00e9 nationale et internationale, l\u2019\u00e9conomie, la soci\u00e9t\u00e9 et les analyses politiques. Le site s\u2019adresse \u00e0 un large public francophone et couvre l\u2019information tunisienne en temps r\u00e9el.\",\"email\":\"redac@webdo.tn\",\"legalName\":\"YNJ SARL\",\"foundingDate\":\"2010-09-06\",\"numberOfEmployees\":{\"@type\":\"QuantitativeValue\",\"minValue\":\"11\",\"maxValue\":\"50\"}},{\"@type\":\"Person\",\"@id\":\"https:\\\/\\\/www.webdo.tn\\\/fr\\\/#\\\/schema\\\/person\\\/60d5ba619ed3f58783b0dc82b7dada80\",\"name\":\"Ne\u00efla DRISS\",\"image\":{\"@type\":\"ImageObject\",\"inLanguage\":\"fr-FR\",\"@id\":\"https:\\\/\\\/www.webdo.tn\\\/fr\\\/wp-content\\\/uploads\\\/2026\\\/04\\\/neila-driss_avatar-96x96.jpg\",\"url\":\"https:\\\/\\\/www.webdo.tn\\\/fr\\\/wp-content\\\/uploads\\\/2026\\\/04\\\/neila-driss_avatar-96x96.jpg\",\"contentUrl\":\"https:\\\/\\\/www.webdo.tn\\\/fr\\\/wp-content\\\/uploads\\\/2026\\\/04\\\/neila-driss_avatar-96x96.jpg\",\"caption\":\"Ne\u00efla DRISS\"},\"description\":\"Ne\u00efla Driss est juriste, journaliste culturelle et critique de cin\u00e9ma tunisienne. Titulaire d\u2019un DEA en droit priv\u00e9 de l\u2019Universit\u00e9 Paris II et d\u2019un DESS de l\u2019IHEC Carthage, elle d\u00e9bute sa carri\u00e8re comme juriste sp\u00e9cialis\u00e9e en gestion de patrimoine immobilier. Elle s\u2019oriente ensuite vers l\u2019\u00e9criture en ligne, o\u00f9 elle se distingue d\u00e8s 2006 aux Tunisia Blog Awards, avant de se consacrer au journalisme culturel, avec une sp\u00e9cialisation dans la critique cin\u00e9matographique. Elle couvre r\u00e9guli\u00e8rement les grands festivals internationaux, notamment le Festival de Cannes, les Journ\u00e9es Cin\u00e9matographiques de Carthage et le Festival du film du Caire. Membre de l\u2019ATPCC et de la FIPRESCI, elle participe \u00e0 des jurys et initiatives internationales de critique. Depuis 2024, elle est \u00e9lectrice internationale aux Golden Globes. Facebook : https:\\\/\\\/www.facebook.com\\\/massir.destiniii\\\/ X : https:\\\/\\\/x.com\\\/MassirDestin\",\"sameAs\":[\"https:\\\/\\\/www.facebook.com\\\/massir.destiniii\\\/\",\"https:\\\/\\\/www.instagram.com\\\/neila.driss\\\/?hl=fr\",\"https:\\\/\\\/www.linkedin.com\\\/in\\\/neila-driss-22606a80\\\/\",\"https:\\\/\\\/x.com\\\/https:\\\/\\\/x.com\\\/MassirDestin\"],\"knowsAbout\":[\"Cin\u00e9ma international\",\"critique cin\u00e9matographique\",\"festivals de cin\u00e9ma\",\"journalisme culturel\"],\"knowsLanguage\":[\"Fran\u00e7ais\",\"Arabe\",\"Anglais\"],\"jobTitle\":\"Journaliste culturelle et critique de cin\u00e9ma\",\"worksFor\":\"Webdo\",\"url\":\"https:\\\/\\\/www.webdo.tn\\\/fr\\\/actualite\\\/author\\\/neila-driss\\\/\"}]}<\/script>\n<!-- \/ Yoast SEO Premium plugin. -->","yoast_head_json":{"title":"JCC 2025 \u2013 Soir\u00e9e hommage \u00e0 Claudia Cardinale : la Tunisie dans le c\u0153ur - webdo","description":"Soir\u00e9e hommage \u00e9mouvante aux JCC 2025 \u00e0 Claudia Cardinale, \u00ab la plus belle Italienne de Tunis \u00bb, entre souvenirs, t\u00e9moignages et amour \u00e9ternel pour la Tunisie","canonical":"https:\/\/www.webdo.tn\/fr\/actualite\/culture\/jcc-2025-soiree-hommage-a-claudia-cardinale-la-tunisie-dans-le-coeur\/389550\/","og_locale":"fr_FR","og_type":"article","og_title":"JCC 2025 \u2013 Soir\u00e9e hommage \u00e0 Claudia Cardinale : la Tunisie dans le c\u0153ur","og_description":"Soir\u00e9e hommage \u00e9mouvante aux JCC 2025 \u00e0 Claudia Cardinale, \u00ab la plus belle Italienne de Tunis \u00bb, entre souvenirs, t\u00e9moignages et amour \u00e9ternel pour la Tunisie","og_url":"https:\/\/www.webdo.tn\/fr\/actualite\/culture\/jcc-2025-soiree-hommage-a-claudia-cardinale-la-tunisie-dans-le-coeur\/389550\/","og_site_name":"webdo","article_publisher":"https:\/\/www.facebook.com\/webdotn","article_author":"https:\/\/www.facebook.com\/massir.destiniii\/","article_published_time":"2025-12-15T10:18:29+00:00","article_modified_time":"2025-12-15T10:18:42+00:00","og_image":[{"width":1080,"height":686,"url":"https:\/\/www.webdo.tn\/fr\/wp-content\/uploads\/2025\/12\/JCC-2025-Claudia-Cardinale-hommage-1.jpeg","type":"image\/jpeg"}],"author":"Ne\u00efla DRISS","twitter_card":"summary_large_image","twitter_creator":"@https:\/\/x.com\/MassirDestin","twitter_site":"@webdo_tn","twitter_misc":{"\u00c9crit par":"Ne\u00efla DRISS","Dur\u00e9e de lecture estim\u00e9e":"8 minutes"},"schema":{"@context":"https:\/\/schema.org","@graph":[{"@type":"NewsArticle","@id":"https:\/\/www.webdo.tn\/fr\/actualite\/culture\/jcc-2025-soiree-hommage-a-claudia-cardinale-la-tunisie-dans-le-coeur\/389550\/#article","isPartOf":{"@id":"https:\/\/www.webdo.tn\/fr\/actualite\/culture\/jcc-2025-soiree-hommage-a-claudia-cardinale-la-tunisie-dans-le-coeur\/389550\/"},"author":{"name":"Ne\u00efla DRISS","@id":"https:\/\/www.webdo.tn\/fr\/#\/schema\/person\/60d5ba619ed3f58783b0dc82b7dada80"},"headline":"JCC 2025 \u2013 Soir\u00e9e hommage \u00e0 Claudia Cardinale : la Tunisie dans le c\u0153ur","datePublished":"2025-12-15T10:18:29+00:00","dateModified":"2025-12-15T10:18:42+00:00","mainEntityOfPage":{"@id":"https:\/\/www.webdo.tn\/fr\/actualite\/culture\/jcc-2025-soiree-hommage-a-claudia-cardinale-la-tunisie-dans-le-coeur\/389550\/"},"wordCount":1451,"publisher":{"@id":"https:\/\/www.webdo.tn\/fr\/#organization"},"image":{"@id":"https:\/\/www.webdo.tn\/fr\/actualite\/culture\/jcc-2025-soiree-hommage-a-claudia-cardinale-la-tunisie-dans-le-coeur\/389550\/#primaryimage"},"thumbnailUrl":"https:\/\/www.webdo.tn\/fr\/wp-content\/uploads\/2025\/12\/JCC-2025-Claudia-Cardinale-hommage-1.jpeg","keywords":["actrice","Cin\u00e9ma","claudia cardinale","JCC","JCC 2025","Journ\u00e9es cin\u00e9matographiques de Carthage","Tunisie"],"articleSection":["Culture"],"inLanguage":"fr-FR"},{"@type":"WebPage","@id":"https:\/\/www.webdo.tn\/fr\/actualite\/culture\/jcc-2025-soiree-hommage-a-claudia-cardinale-la-tunisie-dans-le-coeur\/389550\/","url":"https:\/\/www.webdo.tn\/fr\/actualite\/culture\/jcc-2025-soiree-hommage-a-claudia-cardinale-la-tunisie-dans-le-coeur\/389550\/","name":"JCC 2025 \u2013 Soir\u00e9e hommage \u00e0 Claudia Cardinale : la Tunisie dans le c\u0153ur - webdo","isPartOf":{"@id":"https:\/\/www.webdo.tn\/fr\/#website"},"primaryImageOfPage":{"@id":"https:\/\/www.webdo.tn\/fr\/actualite\/culture\/jcc-2025-soiree-hommage-a-claudia-cardinale-la-tunisie-dans-le-coeur\/389550\/#primaryimage"},"image":{"@id":"https:\/\/www.webdo.tn\/fr\/actualite\/culture\/jcc-2025-soiree-hommage-a-claudia-cardinale-la-tunisie-dans-le-coeur\/389550\/#primaryimage"},"thumbnailUrl":"https:\/\/www.webdo.tn\/fr\/wp-content\/uploads\/2025\/12\/JCC-2025-Claudia-Cardinale-hommage-1.jpeg","datePublished":"2025-12-15T10:18:29+00:00","dateModified":"2025-12-15T10:18:42+00:00","description":"Soir\u00e9e hommage \u00e9mouvante aux JCC 2025 \u00e0 Claudia Cardinale, \u00ab la plus belle Italienne de Tunis \u00bb, entre souvenirs, t\u00e9moignages et amour \u00e9ternel pour la Tunisie","breadcrumb":{"@id":"https:\/\/www.webdo.tn\/fr\/actualite\/culture\/jcc-2025-soiree-hommage-a-claudia-cardinale-la-tunisie-dans-le-coeur\/389550\/#breadcrumb"},"inLanguage":"fr-FR","potentialAction":[{"@type":"ReadAction","target":["https:\/\/www.webdo.tn\/fr\/actualite\/culture\/jcc-2025-soiree-hommage-a-claudia-cardinale-la-tunisie-dans-le-coeur\/389550\/"]}]},{"@type":"ImageObject","inLanguage":"fr-FR","@id":"https:\/\/www.webdo.tn\/fr\/actualite\/culture\/jcc-2025-soiree-hommage-a-claudia-cardinale-la-tunisie-dans-le-coeur\/389550\/#primaryimage","url":"https:\/\/www.webdo.tn\/fr\/wp-content\/uploads\/2025\/12\/JCC-2025-Claudia-Cardinale-hommage-1.jpeg","contentUrl":"https:\/\/www.webdo.tn\/fr\/wp-content\/uploads\/2025\/12\/JCC-2025-Claudia-Cardinale-hommage-1.jpeg","width":1080,"height":686,"caption":"JCC 2025 Claudia Cardinale"},{"@type":"BreadcrumbList","@id":"https:\/\/www.webdo.tn\/fr\/actualite\/culture\/jcc-2025-soiree-hommage-a-claudia-cardinale-la-tunisie-dans-le-coeur\/389550\/#breadcrumb","itemListElement":[{"@type":"ListItem","position":1,"name":"Accueil","item":"https:\/\/www.webdo.tn\/fr\/"},{"@type":"ListItem","position":2,"name":"JCC 2025 \u2013 Soir\u00e9e hommage \u00e0 Claudia Cardinale : la Tunisie dans le c\u0153ur"}]},{"@type":"WebSite","@id":"https:\/\/www.webdo.tn\/fr\/#website","url":"https:\/\/www.webdo.tn\/fr\/","name":"webdo","description":"Tunisie - News en Tunisie et \u00e0 l&#039;international sur Webdo.tn","publisher":{"@id":"https:\/\/www.webdo.tn\/fr\/#organization"},"potentialAction":[{"@type":"SearchAction","target":{"@type":"EntryPoint","urlTemplate":"https:\/\/www.webdo.tn\/fr\/?s={search_term_string}"},"query-input":{"@type":"PropertyValueSpecification","valueRequired":true,"valueName":"search_term_string"}}],"inLanguage":"fr-FR"},{"@type":"Organization","@id":"https:\/\/www.webdo.tn\/fr\/#organization","name":"Webdo","alternateName":"Webdo.tn","url":"https:\/\/www.webdo.tn\/fr\/","logo":{"@type":"ImageObject","inLanguage":"fr-FR","@id":"https:\/\/www.webdo.tn\/fr\/#\/schema\/logo\/image\/","url":"https:\/\/www.webdo.tn\/fr\/wp-content\/uploads\/2025\/06\/Webdo-Tunisie_168377.jpg","contentUrl":"https:\/\/www.webdo.tn\/fr\/wp-content\/uploads\/2025\/06\/Webdo-Tunisie_168377.jpg","width":301,"height":301,"caption":"Webdo"},"image":{"@id":"https:\/\/www.webdo.tn\/fr\/#\/schema\/logo\/image\/"},"sameAs":["https:\/\/www.facebook.com\/webdotn","https:\/\/x.com\/webdo_tn"],"description":"Webdo est un m\u00e9dia num\u00e9rique tunisien fond\u00e9 en 2010, sp\u00e9cialis\u00e9 dans l\u2019actualit\u00e9 nationale et internationale, l\u2019\u00e9conomie, la soci\u00e9t\u00e9 et les analyses politiques. Le site s\u2019adresse \u00e0 un large public francophone et couvre l\u2019information tunisienne en temps r\u00e9el.","email":"redac@webdo.tn","legalName":"YNJ SARL","foundingDate":"2010-09-06","numberOfEmployees":{"@type":"QuantitativeValue","minValue":"11","maxValue":"50"}},{"@type":"Person","@id":"https:\/\/www.webdo.tn\/fr\/#\/schema\/person\/60d5ba619ed3f58783b0dc82b7dada80","name":"Ne\u00efla DRISS","image":{"@type":"ImageObject","inLanguage":"fr-FR","@id":"https:\/\/www.webdo.tn\/fr\/wp-content\/uploads\/2026\/04\/neila-driss_avatar-96x96.jpg","url":"https:\/\/www.webdo.tn\/fr\/wp-content\/uploads\/2026\/04\/neila-driss_avatar-96x96.jpg","contentUrl":"https:\/\/www.webdo.tn\/fr\/wp-content\/uploads\/2026\/04\/neila-driss_avatar-96x96.jpg","caption":"Ne\u00efla DRISS"},"description":"Ne\u00efla Driss est juriste, journaliste culturelle et critique de cin\u00e9ma tunisienne. Titulaire d\u2019un DEA en droit priv\u00e9 de l\u2019Universit\u00e9 Paris II et d\u2019un DESS de l\u2019IHEC Carthage, elle d\u00e9bute sa carri\u00e8re comme juriste sp\u00e9cialis\u00e9e en gestion de patrimoine immobilier. Elle s\u2019oriente ensuite vers l\u2019\u00e9criture en ligne, o\u00f9 elle se distingue d\u00e8s 2006 aux Tunisia Blog Awards, avant de se consacrer au journalisme culturel, avec une sp\u00e9cialisation dans la critique cin\u00e9matographique. Elle couvre r\u00e9guli\u00e8rement les grands festivals internationaux, notamment le Festival de Cannes, les Journ\u00e9es Cin\u00e9matographiques de Carthage et le Festival du film du Caire. Membre de l\u2019ATPCC et de la FIPRESCI, elle participe \u00e0 des jurys et initiatives internationales de critique. Depuis 2024, elle est \u00e9lectrice internationale aux Golden Globes. Facebook : https:\/\/www.facebook.com\/massir.destiniii\/ X : https:\/\/x.com\/MassirDestin","sameAs":["https:\/\/www.facebook.com\/massir.destiniii\/","https:\/\/www.instagram.com\/neila.driss\/?hl=fr","https:\/\/www.linkedin.com\/in\/neila-driss-22606a80\/","https:\/\/x.com\/https:\/\/x.com\/MassirDestin"],"knowsAbout":["Cin\u00e9ma international","critique cin\u00e9matographique","festivals de cin\u00e9ma","journalisme culturel"],"knowsLanguage":["Fran\u00e7ais","Arabe","Anglais"],"jobTitle":"Journaliste culturelle et critique de cin\u00e9ma","worksFor":"Webdo","url":"https:\/\/www.webdo.tn\/fr\/actualite\/author\/neila-driss\/"}]}},"_links":{"self":[{"href":"https:\/\/www.webdo.tn\/fr\/wp-json\/wp\/v2\/posts\/389550","targetHints":{"allow":["GET"]}}],"collection":[{"href":"https:\/\/www.webdo.tn\/fr\/wp-json\/wp\/v2\/posts"}],"about":[{"href":"https:\/\/www.webdo.tn\/fr\/wp-json\/wp\/v2\/types\/post"}],"author":[{"embeddable":true,"href":"https:\/\/www.webdo.tn\/fr\/wp-json\/wp\/v2\/users\/3164"}],"replies":[{"embeddable":true,"href":"https:\/\/www.webdo.tn\/fr\/wp-json\/wp\/v2\/comments?post=389550"}],"version-history":[{"count":0,"href":"https:\/\/www.webdo.tn\/fr\/wp-json\/wp\/v2\/posts\/389550\/revisions"}],"wp:featuredmedia":[{"embeddable":true,"href":"https:\/\/www.webdo.tn\/fr\/wp-json\/wp\/v2\/media\/389551"}],"wp:attachment":[{"href":"https:\/\/www.webdo.tn\/fr\/wp-json\/wp\/v2\/media?parent=389550"}],"wp:term":[{"taxonomy":"category","embeddable":true,"href":"https:\/\/www.webdo.tn\/fr\/wp-json\/wp\/v2\/categories?post=389550"},{"taxonomy":"post_tag","embeddable":true,"href":"https:\/\/www.webdo.tn\/fr\/wp-json\/wp\/v2\/tags?post=389550"}],"curies":[{"name":"wp","href":"https:\/\/api.w.org\/{rel}","templated":true}]}}