{"id":389515,"date":"2025-12-14T11:14:05","date_gmt":"2025-12-14T10:14:05","guid":{"rendered":"https:\/\/www.webdo.tn\/fr\/?p=389515"},"modified":"2025-12-14T11:14:06","modified_gmt":"2025-12-14T10:14:06","slug":"au-moins-10-morts-dans-une-fusillade-a-sydney","status":"publish","type":"post","link":"https:\/\/www.webdo.tn\/fr\/actualite\/international\/au-moins-10-morts-dans-une-fusillade-a-sydney\/389515\/","title":{"rendered":"Au moins 10 morts dans une fusillade \u00e0 Sydney"},"content":{"rendered":"\n<p>Sydney a \u00e9t\u00e9 le th\u00e9\u00e2tre d\u2019une trag\u00e9die dimanche 14 d\u00e9cembre 2025, lorsqu\u2019une fusillade de masse a \u00e9clat\u00e9 sur la c\u00e9l\u00e8bre plage de Bondi, en plein d\u00e9roulement d\u2019une c\u00e9l\u00e9bration de Hanoucca. Selon les autorit\u00e9s, plusieurs dizaines de coups de feu ont \u00e9t\u00e9 tir\u00e9s, faisant au moins 10 morts et de nombreux bless\u00e9s.<\/p>\n\n\n\n<p>La police de Nouvelle\u2011Galles du Sud a annonc\u00e9 l\u2019arrestation de deux hommes en lien avec l\u2019attaque. Les forces de l\u2019ordre ont exhort\u00e9 les habitants \u00e0 \u00e9viter la zone et \u00e0 rester vigilants alors que l\u2019enqu\u00eate se poursuit pour d\u00e9terminer les motivations des auteurs.<\/p>\n\n\n\n<p>Le Premier ministre australien, Anthony Albanese, a exprim\u00e9 sa consternation et sa solidarit\u00e9 avec les victimes et leurs familles. Des responsables internationaux, notamment isra\u00e9liens, ont \u00e9galement condamn\u00e9 l\u2019attaque, compte tenu du contexte de l\u2019\u00e9v\u00e9nement religieux.<\/p>\n\n\n\n<h2 class=\"wp-block-heading\" id=\"h-un-acte-criminel-grave\"> Un acte criminel grave<\/h2>\n\n\n\n<p>\u00c0 ce stade, les autorit\u00e9s consid\u00e8rent la fusillade comme un acte criminel grave, avec une possibilit\u00e9 de dimension terroriste. Les enqu\u00eates sont en cours pour confirmer le mobile exact et pr\u00e9venir tout risque suppl\u00e9mentaire.<\/p>\n\n\n\n<p>Cet \u00e9v\u00e9nement rappelle la vuln\u00e9rabilit\u00e9 des lieux publics face aux attaques arm\u00e9es et relance le d\u00e9bat sur la s\u00e9curit\u00e9 dans les grandes villes australiennes.<\/p>\n","protected":false},"excerpt":{"rendered":"<p>Sydney a \u00e9t\u00e9 le th\u00e9\u00e2tre d\u2019une trag\u00e9die dimanche 14 d\u00e9cembre 2025, lorsqu\u2019une fusillade de masse a \u00e9clat\u00e9 sur la c\u00e9l\u00e8bre plage de Bondi, en plein d\u00e9roulement d\u2019une c\u00e9l\u00e9bration de Hanoucca. Selon les autorit\u00e9s, plusieurs dizaines de coups de feu ont \u00e9t\u00e9 tir\u00e9s, faisant au moins 10 morts et de nombreux bless\u00e9s. La police de Nouvelle\u2011Galles [&hellip;]<\/p>\n","protected":false},"author":3184,"featured_media":389516,"comment_status":"closed","ping_status":"closed","sticky":false,"template":"","format":"standard","meta":{"footnotes":""},"categories":[2598],"tags":[4499,4147,13420],"class_list":["post-389515","post","type-post","status-publish","format-standard","has-post-thumbnail","hentry","category-international","tag-australie","tag-fusillade","tag-sydney-2"],"yoast_head":"<!-- This site is optimized with the Yoast SEO Premium plugin v27.5 (Yoast SEO v27.5) - https:\/\/yoast.com\/product\/yoast-seo-premium-wordpress\/ -->\n<title>Au moins 10 morts dans une fusillade \u00e0 Sydney - webdo<\/title>\n<meta name=\"description\" content=\"La trag\u00e9die \u00e0 Sydney : une fusillade \u00e0 Bondi pendant Hanoucca a caus\u00e9 au moins 10 morts et de nombreux bless\u00e9s.\" \/>\n<link rel=\"canonical\" href=\"https:\/\/www.webdo.tn\/fr\/actualite\/international\/au-moins-10-morts-dans-une-fusillade-a-sydney\/389515\/\" \/>\n<meta property=\"og:locale\" content=\"fr_FR\" \/>\n<meta property=\"og:type\" content=\"article\" \/>\n<meta property=\"og:title\" content=\"Au moins 10 morts dans une fusillade \u00e0 Sydney\" \/>\n<meta property=\"og:description\" content=\"La trag\u00e9die \u00e0 Sydney : une fusillade \u00e0 Bondi pendant Hanoucca a caus\u00e9 au moins 10 morts et de nombreux bless\u00e9s.\" \/>\n<meta property=\"og:url\" content=\"https:\/\/www.webdo.tn\/fr\/actualite\/international\/au-moins-10-morts-dans-une-fusillade-a-sydney\/389515\/\" \/>\n<meta property=\"og:site_name\" content=\"webdo\" \/>\n<meta property=\"article:publisher\" content=\"https:\/\/www.facebook.com\/webdotn\" \/>\n<meta property=\"article:published_time\" content=\"2025-12-14T10:14:05+00:00\" \/>\n<meta property=\"article:modified_time\" content=\"2025-12-14T10:14:06+00:00\" \/>\n<meta property=\"og:image\" content=\"https:\/\/www.webdo.tn\/fr\/wp-content\/uploads\/2025\/12\/Capture-decran-2025-12-14-111034.jpg\" \/>\n\t<meta property=\"og:image:width\" content=\"1112\" \/>\n\t<meta property=\"og:image:height\" content=\"830\" \/>\n\t<meta property=\"og:image:type\" content=\"image\/jpeg\" \/>\n<meta name=\"author\" content=\"Wided Belhaj\" \/>\n<meta name=\"twitter:card\" content=\"summary_large_image\" \/>\n<meta name=\"twitter:creator\" content=\"@webdo_tn\" \/>\n<meta name=\"twitter:site\" content=\"@webdo_tn\" \/>\n<meta name=\"twitter:label1\" content=\"\u00c9crit par\" \/>\n\t<meta name=\"twitter:data1\" content=\"Wided Belhaj\" \/>\n\t<meta name=\"twitter:label2\" content=\"Dur\u00e9e de lecture estim\u00e9e\" \/>\n\t<meta name=\"twitter:data2\" content=\"2 minutes\" \/>\n<script type=\"application\/ld+json\" class=\"yoast-schema-graph\">{\"@context\":\"https:\\\/\\\/schema.org\",\"@graph\":[{\"@type\":\"NewsArticle\",\"@id\":\"https:\\\/\\\/www.webdo.tn\\\/fr\\\/actualite\\\/international\\\/au-moins-10-morts-dans-une-fusillade-a-sydney\\\/389515\\\/#article\",\"isPartOf\":{\"@id\":\"https:\\\/\\\/www.webdo.tn\\\/fr\\\/actualite\\\/international\\\/au-moins-10-morts-dans-une-fusillade-a-sydney\\\/389515\\\/\"},\"author\":{\"name\":\"Wided Belhaj\",\"@id\":\"https:\\\/\\\/www.webdo.tn\\\/fr\\\/#\\\/schema\\\/person\\\/b9ecde7a5574cb4fcf4b496ea5fadb15\"},\"headline\":\"Au moins 10 morts dans une fusillade \u00e0 Sydney\",\"datePublished\":\"2025-12-14T10:14:05+00:00\",\"dateModified\":\"2025-12-14T10:14:06+00:00\",\"mainEntityOfPage\":{\"@id\":\"https:\\\/\\\/www.webdo.tn\\\/fr\\\/actualite\\\/international\\\/au-moins-10-morts-dans-une-fusillade-a-sydney\\\/389515\\\/\"},\"wordCount\":227,\"publisher\":{\"@id\":\"https:\\\/\\\/www.webdo.tn\\\/fr\\\/#organization\"},\"image\":{\"@id\":\"https:\\\/\\\/www.webdo.tn\\\/fr\\\/actualite\\\/international\\\/au-moins-10-morts-dans-une-fusillade-a-sydney\\\/389515\\\/#primaryimage\"},\"thumbnailUrl\":\"https:\\\/\\\/www.webdo.tn\\\/fr\\\/wp-content\\\/uploads\\\/2025\\\/12\\\/Capture-decran-2025-12-14-111034.jpg\",\"keywords\":[\"Australie\",\"fusillade\",\"Sydney\"],\"articleSection\":[\"International\"],\"inLanguage\":\"fr-FR\"},{\"@type\":\"WebPage\",\"@id\":\"https:\\\/\\\/www.webdo.tn\\\/fr\\\/actualite\\\/international\\\/au-moins-10-morts-dans-une-fusillade-a-sydney\\\/389515\\\/\",\"url\":\"https:\\\/\\\/www.webdo.tn\\\/fr\\\/actualite\\\/international\\\/au-moins-10-morts-dans-une-fusillade-a-sydney\\\/389515\\\/\",\"name\":\"Au moins 10 morts dans une fusillade \u00e0 Sydney - webdo\",\"isPartOf\":{\"@id\":\"https:\\\/\\\/www.webdo.tn\\\/fr\\\/#website\"},\"primaryImageOfPage\":{\"@id\":\"https:\\\/\\\/www.webdo.tn\\\/fr\\\/actualite\\\/international\\\/au-moins-10-morts-dans-une-fusillade-a-sydney\\\/389515\\\/#primaryimage\"},\"image\":{\"@id\":\"https:\\\/\\\/www.webdo.tn\\\/fr\\\/actualite\\\/international\\\/au-moins-10-morts-dans-une-fusillade-a-sydney\\\/389515\\\/#primaryimage\"},\"thumbnailUrl\":\"https:\\\/\\\/www.webdo.tn\\\/fr\\\/wp-content\\\/uploads\\\/2025\\\/12\\\/Capture-decran-2025-12-14-111034.jpg\",\"datePublished\":\"2025-12-14T10:14:05+00:00\",\"dateModified\":\"2025-12-14T10:14:06+00:00\",\"description\":\"La trag\u00e9die \u00e0 Sydney : une fusillade \u00e0 Bondi pendant Hanoucca a caus\u00e9 au moins 10 morts et de nombreux bless\u00e9s.\",\"breadcrumb\":{\"@id\":\"https:\\\/\\\/www.webdo.tn\\\/fr\\\/actualite\\\/international\\\/au-moins-10-morts-dans-une-fusillade-a-sydney\\\/389515\\\/#breadcrumb\"},\"inLanguage\":\"fr-FR\",\"potentialAction\":[{\"@type\":\"ReadAction\",\"target\":[\"https:\\\/\\\/www.webdo.tn\\\/fr\\\/actualite\\\/international\\\/au-moins-10-morts-dans-une-fusillade-a-sydney\\\/389515\\\/\"]}]},{\"@type\":\"ImageObject\",\"inLanguage\":\"fr-FR\",\"@id\":\"https:\\\/\\\/www.webdo.tn\\\/fr\\\/actualite\\\/international\\\/au-moins-10-morts-dans-une-fusillade-a-sydney\\\/389515\\\/#primaryimage\",\"url\":\"https:\\\/\\\/www.webdo.tn\\\/fr\\\/wp-content\\\/uploads\\\/2025\\\/12\\\/Capture-decran-2025-12-14-111034.jpg\",\"contentUrl\":\"https:\\\/\\\/www.webdo.tn\\\/fr\\\/wp-content\\\/uploads\\\/2025\\\/12\\\/Capture-decran-2025-12-14-111034.jpg\",\"width\":1112,\"height\":830},{\"@type\":\"BreadcrumbList\",\"@id\":\"https:\\\/\\\/www.webdo.tn\\\/fr\\\/actualite\\\/international\\\/au-moins-10-morts-dans-une-fusillade-a-sydney\\\/389515\\\/#breadcrumb\",\"itemListElement\":[{\"@type\":\"ListItem\",\"position\":1,\"name\":\"Accueil\",\"item\":\"https:\\\/\\\/www.webdo.tn\\\/fr\\\/\"},{\"@type\":\"ListItem\",\"position\":2,\"name\":\"Au moins 10 morts dans une fusillade \u00e0 Sydney\"}]},{\"@type\":\"WebSite\",\"@id\":\"https:\\\/\\\/www.webdo.tn\\\/fr\\\/#website\",\"url\":\"https:\\\/\\\/www.webdo.tn\\\/fr\\\/\",\"name\":\"webdo\",\"description\":\"Tunisie - News en Tunisie et \u00e0 l&#039;international sur Webdo.tn\",\"publisher\":{\"@id\":\"https:\\\/\\\/www.webdo.tn\\\/fr\\\/#organization\"},\"potentialAction\":[{\"@type\":\"SearchAction\",\"target\":{\"@type\":\"EntryPoint\",\"urlTemplate\":\"https:\\\/\\\/www.webdo.tn\\\/fr\\\/?s={search_term_string}\"},\"query-input\":{\"@type\":\"PropertyValueSpecification\",\"valueRequired\":true,\"valueName\":\"search_term_string\"}}],\"inLanguage\":\"fr-FR\"},{\"@type\":\"Organization\",\"@id\":\"https:\\\/\\\/www.webdo.tn\\\/fr\\\/#organization\",\"name\":\"Webdo\",\"alternateName\":\"Webdo.tn\",\"url\":\"https:\\\/\\\/www.webdo.tn\\\/fr\\\/\",\"logo\":{\"@type\":\"ImageObject\",\"inLanguage\":\"fr-FR\",\"@id\":\"https:\\\/\\\/www.webdo.tn\\\/fr\\\/#\\\/schema\\\/logo\\\/image\\\/\",\"url\":\"https:\\\/\\\/www.webdo.tn\\\/fr\\\/wp-content\\\/uploads\\\/2025\\\/06\\\/Webdo-Tunisie_168377.jpg\",\"contentUrl\":\"https:\\\/\\\/www.webdo.tn\\\/fr\\\/wp-content\\\/uploads\\\/2025\\\/06\\\/Webdo-Tunisie_168377.jpg\",\"width\":301,\"height\":301,\"caption\":\"Webdo\"},\"image\":{\"@id\":\"https:\\\/\\\/www.webdo.tn\\\/fr\\\/#\\\/schema\\\/logo\\\/image\\\/\"},\"sameAs\":[\"https:\\\/\\\/www.facebook.com\\\/webdotn\",\"https:\\\/\\\/x.com\\\/webdo_tn\"],\"description\":\"Webdo est un m\u00e9dia num\u00e9rique tunisien fond\u00e9 en 2010, sp\u00e9cialis\u00e9 dans l\u2019actualit\u00e9 nationale et internationale, l\u2019\u00e9conomie, la soci\u00e9t\u00e9 et les analyses politiques. Le site s\u2019adresse \u00e0 un large public francophone et couvre l\u2019information tunisienne en temps r\u00e9el.\",\"email\":\"redac@webdo.tn\",\"legalName\":\"YNJ SARL\",\"foundingDate\":\"2010-09-06\",\"numberOfEmployees\":{\"@type\":\"QuantitativeValue\",\"minValue\":\"11\",\"maxValue\":\"50\"}},{\"@type\":\"Person\",\"@id\":\"https:\\\/\\\/www.webdo.tn\\\/fr\\\/#\\\/schema\\\/person\\\/b9ecde7a5574cb4fcf4b496ea5fadb15\",\"name\":\"Wided Belhaj\",\"image\":{\"@type\":\"ImageObject\",\"inLanguage\":\"fr-FR\",\"@id\":\"https:\\\/\\\/www.webdo.tn\\\/fr\\\/wp-content\\\/uploads\\\/2026\\\/04\\\/wided-belhaj_avatar-96x96.jpg\",\"url\":\"https:\\\/\\\/www.webdo.tn\\\/fr\\\/wp-content\\\/uploads\\\/2026\\\/04\\\/wided-belhaj_avatar-96x96.jpg\",\"contentUrl\":\"https:\\\/\\\/www.webdo.tn\\\/fr\\\/wp-content\\\/uploads\\\/2026\\\/04\\\/wided-belhaj_avatar-96x96.jpg\",\"caption\":\"Wided Belhaj\"},\"description\":\"Wided Belhaj est le pseudonyme \u00e9ditorial utilis\u00e9 par Khalil Jelassi, journaliste, ma\u00eetre-assistant \u00e0 l\u2019Institut de presse et des sciences de l\u2019information (IPSI) et chercheur en sciences de l\u2019information et de la communication. Cette signature est d\u00e9di\u00e9e \u00e0 l\u2019analyse des m\u00e9dias, des pratiques journalistiques et des mutations de l\u2019information \u00e0 l\u2019\u00e8re digitale. \u00c0 travers ses contributions, Wided Belhaj propose une lecture analytique de l\u2019actualit\u00e9, en croisant regard critique et expertise acad\u00e9mique.\",\"knowsAbout\":[\"m\u00e9dias\",\"journalisme\",\"communication\",\"information\",\"transformation num\u00e9rique\",\"analyse des m\u00e9dias\"],\"knowsLanguage\":[\"Fran\u00e7ais\",\"Arabe\"],\"jobTitle\":\"Webdo.tn\",\"worksFor\":\"Journaliste \u2013 Analyse des m\u00e9dias\",\"url\":\"https:\\\/\\\/www.webdo.tn\\\/fr\\\/actualite\\\/author\\\/wided-belhaj\\\/\"}]}<\/script>\n<!-- \/ Yoast SEO Premium plugin. -->","yoast_head_json":{"title":"Au moins 10 morts dans une fusillade \u00e0 Sydney - webdo","description":"La trag\u00e9die \u00e0 Sydney : une fusillade \u00e0 Bondi pendant Hanoucca a caus\u00e9 au moins 10 morts et de nombreux bless\u00e9s.","canonical":"https:\/\/www.webdo.tn\/fr\/actualite\/international\/au-moins-10-morts-dans-une-fusillade-a-sydney\/389515\/","og_locale":"fr_FR","og_type":"article","og_title":"Au moins 10 morts dans une fusillade \u00e0 Sydney","og_description":"La trag\u00e9die \u00e0 Sydney : une fusillade \u00e0 Bondi pendant Hanoucca a caus\u00e9 au moins 10 morts et de nombreux bless\u00e9s.","og_url":"https:\/\/www.webdo.tn\/fr\/actualite\/international\/au-moins-10-morts-dans-une-fusillade-a-sydney\/389515\/","og_site_name":"webdo","article_publisher":"https:\/\/www.facebook.com\/webdotn","article_published_time":"2025-12-14T10:14:05+00:00","article_modified_time":"2025-12-14T10:14:06+00:00","og_image":[{"width":1112,"height":830,"url":"https:\/\/www.webdo.tn\/fr\/wp-content\/uploads\/2025\/12\/Capture-decran-2025-12-14-111034.jpg","type":"image\/jpeg"}],"author":"Wided Belhaj","twitter_card":"summary_large_image","twitter_creator":"@webdo_tn","twitter_site":"@webdo_tn","twitter_misc":{"\u00c9crit par":"Wided Belhaj","Dur\u00e9e de lecture estim\u00e9e":"2 minutes"},"schema":{"@context":"https:\/\/schema.org","@graph":[{"@type":"NewsArticle","@id":"https:\/\/www.webdo.tn\/fr\/actualite\/international\/au-moins-10-morts-dans-une-fusillade-a-sydney\/389515\/#article","isPartOf":{"@id":"https:\/\/www.webdo.tn\/fr\/actualite\/international\/au-moins-10-morts-dans-une-fusillade-a-sydney\/389515\/"},"author":{"name":"Wided Belhaj","@id":"https:\/\/www.webdo.tn\/fr\/#\/schema\/person\/b9ecde7a5574cb4fcf4b496ea5fadb15"},"headline":"Au moins 10 morts dans une fusillade \u00e0 Sydney","datePublished":"2025-12-14T10:14:05+00:00","dateModified":"2025-12-14T10:14:06+00:00","mainEntityOfPage":{"@id":"https:\/\/www.webdo.tn\/fr\/actualite\/international\/au-moins-10-morts-dans-une-fusillade-a-sydney\/389515\/"},"wordCount":227,"publisher":{"@id":"https:\/\/www.webdo.tn\/fr\/#organization"},"image":{"@id":"https:\/\/www.webdo.tn\/fr\/actualite\/international\/au-moins-10-morts-dans-une-fusillade-a-sydney\/389515\/#primaryimage"},"thumbnailUrl":"https:\/\/www.webdo.tn\/fr\/wp-content\/uploads\/2025\/12\/Capture-decran-2025-12-14-111034.jpg","keywords":["Australie","fusillade","Sydney"],"articleSection":["International"],"inLanguage":"fr-FR"},{"@type":"WebPage","@id":"https:\/\/www.webdo.tn\/fr\/actualite\/international\/au-moins-10-morts-dans-une-fusillade-a-sydney\/389515\/","url":"https:\/\/www.webdo.tn\/fr\/actualite\/international\/au-moins-10-morts-dans-une-fusillade-a-sydney\/389515\/","name":"Au moins 10 morts dans une fusillade \u00e0 Sydney - webdo","isPartOf":{"@id":"https:\/\/www.webdo.tn\/fr\/#website"},"primaryImageOfPage":{"@id":"https:\/\/www.webdo.tn\/fr\/actualite\/international\/au-moins-10-morts-dans-une-fusillade-a-sydney\/389515\/#primaryimage"},"image":{"@id":"https:\/\/www.webdo.tn\/fr\/actualite\/international\/au-moins-10-morts-dans-une-fusillade-a-sydney\/389515\/#primaryimage"},"thumbnailUrl":"https:\/\/www.webdo.tn\/fr\/wp-content\/uploads\/2025\/12\/Capture-decran-2025-12-14-111034.jpg","datePublished":"2025-12-14T10:14:05+00:00","dateModified":"2025-12-14T10:14:06+00:00","description":"La trag\u00e9die \u00e0 Sydney : une fusillade \u00e0 Bondi pendant Hanoucca a caus\u00e9 au moins 10 morts et de nombreux bless\u00e9s.","breadcrumb":{"@id":"https:\/\/www.webdo.tn\/fr\/actualite\/international\/au-moins-10-morts-dans-une-fusillade-a-sydney\/389515\/#breadcrumb"},"inLanguage":"fr-FR","potentialAction":[{"@type":"ReadAction","target":["https:\/\/www.webdo.tn\/fr\/actualite\/international\/au-moins-10-morts-dans-une-fusillade-a-sydney\/389515\/"]}]},{"@type":"ImageObject","inLanguage":"fr-FR","@id":"https:\/\/www.webdo.tn\/fr\/actualite\/international\/au-moins-10-morts-dans-une-fusillade-a-sydney\/389515\/#primaryimage","url":"https:\/\/www.webdo.tn\/fr\/wp-content\/uploads\/2025\/12\/Capture-decran-2025-12-14-111034.jpg","contentUrl":"https:\/\/www.webdo.tn\/fr\/wp-content\/uploads\/2025\/12\/Capture-decran-2025-12-14-111034.jpg","width":1112,"height":830},{"@type":"BreadcrumbList","@id":"https:\/\/www.webdo.tn\/fr\/actualite\/international\/au-moins-10-morts-dans-une-fusillade-a-sydney\/389515\/#breadcrumb","itemListElement":[{"@type":"ListItem","position":1,"name":"Accueil","item":"https:\/\/www.webdo.tn\/fr\/"},{"@type":"ListItem","position":2,"name":"Au moins 10 morts dans une fusillade \u00e0 Sydney"}]},{"@type":"WebSite","@id":"https:\/\/www.webdo.tn\/fr\/#website","url":"https:\/\/www.webdo.tn\/fr\/","name":"webdo","description":"Tunisie - News en Tunisie et \u00e0 l&#039;international sur Webdo.tn","publisher":{"@id":"https:\/\/www.webdo.tn\/fr\/#organization"},"potentialAction":[{"@type":"SearchAction","target":{"@type":"EntryPoint","urlTemplate":"https:\/\/www.webdo.tn\/fr\/?s={search_term_string}"},"query-input":{"@type":"PropertyValueSpecification","valueRequired":true,"valueName":"search_term_string"}}],"inLanguage":"fr-FR"},{"@type":"Organization","@id":"https:\/\/www.webdo.tn\/fr\/#organization","name":"Webdo","alternateName":"Webdo.tn","url":"https:\/\/www.webdo.tn\/fr\/","logo":{"@type":"ImageObject","inLanguage":"fr-FR","@id":"https:\/\/www.webdo.tn\/fr\/#\/schema\/logo\/image\/","url":"https:\/\/www.webdo.tn\/fr\/wp-content\/uploads\/2025\/06\/Webdo-Tunisie_168377.jpg","contentUrl":"https:\/\/www.webdo.tn\/fr\/wp-content\/uploads\/2025\/06\/Webdo-Tunisie_168377.jpg","width":301,"height":301,"caption":"Webdo"},"image":{"@id":"https:\/\/www.webdo.tn\/fr\/#\/schema\/logo\/image\/"},"sameAs":["https:\/\/www.facebook.com\/webdotn","https:\/\/x.com\/webdo_tn"],"description":"Webdo est un m\u00e9dia num\u00e9rique tunisien fond\u00e9 en 2010, sp\u00e9cialis\u00e9 dans l\u2019actualit\u00e9 nationale et internationale, l\u2019\u00e9conomie, la soci\u00e9t\u00e9 et les analyses politiques. Le site s\u2019adresse \u00e0 un large public francophone et couvre l\u2019information tunisienne en temps r\u00e9el.","email":"redac@webdo.tn","legalName":"YNJ SARL","foundingDate":"2010-09-06","numberOfEmployees":{"@type":"QuantitativeValue","minValue":"11","maxValue":"50"}},{"@type":"Person","@id":"https:\/\/www.webdo.tn\/fr\/#\/schema\/person\/b9ecde7a5574cb4fcf4b496ea5fadb15","name":"Wided Belhaj","image":{"@type":"ImageObject","inLanguage":"fr-FR","@id":"https:\/\/www.webdo.tn\/fr\/wp-content\/uploads\/2026\/04\/wided-belhaj_avatar-96x96.jpg","url":"https:\/\/www.webdo.tn\/fr\/wp-content\/uploads\/2026\/04\/wided-belhaj_avatar-96x96.jpg","contentUrl":"https:\/\/www.webdo.tn\/fr\/wp-content\/uploads\/2026\/04\/wided-belhaj_avatar-96x96.jpg","caption":"Wided Belhaj"},"description":"Wided Belhaj est le pseudonyme \u00e9ditorial utilis\u00e9 par Khalil Jelassi, journaliste, ma\u00eetre-assistant \u00e0 l\u2019Institut de presse et des sciences de l\u2019information (IPSI) et chercheur en sciences de l\u2019information et de la communication. Cette signature est d\u00e9di\u00e9e \u00e0 l\u2019analyse des m\u00e9dias, des pratiques journalistiques et des mutations de l\u2019information \u00e0 l\u2019\u00e8re digitale. \u00c0 travers ses contributions, Wided Belhaj propose une lecture analytique de l\u2019actualit\u00e9, en croisant regard critique et expertise acad\u00e9mique.","knowsAbout":["m\u00e9dias","journalisme","communication","information","transformation num\u00e9rique","analyse des m\u00e9dias"],"knowsLanguage":["Fran\u00e7ais","Arabe"],"jobTitle":"Webdo.tn","worksFor":"Journaliste \u2013 Analyse des m\u00e9dias","url":"https:\/\/www.webdo.tn\/fr\/actualite\/author\/wided-belhaj\/"}]}},"_links":{"self":[{"href":"https:\/\/www.webdo.tn\/fr\/wp-json\/wp\/v2\/posts\/389515","targetHints":{"allow":["GET"]}}],"collection":[{"href":"https:\/\/www.webdo.tn\/fr\/wp-json\/wp\/v2\/posts"}],"about":[{"href":"https:\/\/www.webdo.tn\/fr\/wp-json\/wp\/v2\/types\/post"}],"author":[{"embeddable":true,"href":"https:\/\/www.webdo.tn\/fr\/wp-json\/wp\/v2\/users\/3184"}],"replies":[{"embeddable":true,"href":"https:\/\/www.webdo.tn\/fr\/wp-json\/wp\/v2\/comments?post=389515"}],"version-history":[{"count":0,"href":"https:\/\/www.webdo.tn\/fr\/wp-json\/wp\/v2\/posts\/389515\/revisions"}],"wp:featuredmedia":[{"embeddable":true,"href":"https:\/\/www.webdo.tn\/fr\/wp-json\/wp\/v2\/media\/389516"}],"wp:attachment":[{"href":"https:\/\/www.webdo.tn\/fr\/wp-json\/wp\/v2\/media?parent=389515"}],"wp:term":[{"taxonomy":"category","embeddable":true,"href":"https:\/\/www.webdo.tn\/fr\/wp-json\/wp\/v2\/categories?post=389515"},{"taxonomy":"post_tag","embeddable":true,"href":"https:\/\/www.webdo.tn\/fr\/wp-json\/wp\/v2\/tags?post=389515"}],"curies":[{"name":"wp","href":"https:\/\/api.w.org\/{rel}","templated":true}]}}