{"id":389508,"date":"2025-12-14T10:26:38","date_gmt":"2025-12-14T09:26:38","guid":{"rendered":"https:\/\/www.webdo.tn\/fr\/?p=389508"},"modified":"2025-12-14T10:26:39","modified_gmt":"2025-12-14T09:26:39","slug":"crise-oleicole-en-tunisie-des-agriculteurs-suspendent-la-recolte-des-olives","status":"publish","type":"post","link":"https:\/\/www.webdo.tn\/fr\/actualite\/national\/crise-oleicole-en-tunisie-des-agriculteurs-suspendent-la-recolte-des-olives\/389508\/","title":{"rendered":"Crise ol\u00e9icole en Tunisie : Des agriculteurs suspendent la r\u00e9colte des olives"},"content":{"rendered":"\n<p>Plusieurs agriculteurs tunisiens ont suspendu ou boycott\u00e9 la r\u00e9colte des olives au cours de la campagne ol\u00e9icole 2025-2026, d\u00e9non\u00e7ant l\u2019effondrement des prix propos\u00e9s par les huileries et estimant que les tarifs ne couvrent pas leurs co\u00fbts de production. Cette situation, qui met en danger la saison agricole et les revenus des producteurs, a motiv\u00e9 une r\u00e9action formelle du Parlement.<\/p>\n\n\n\n<p>Les prix de l\u2019huile d\u2019olive propos\u00e9s actuellement dans les huileries se situent selon l\u2019Office national de l\u2019huile entre 11 et 14 dinars le litre, selon la qualit\u00e9 et la r\u00e9gion. Pour de nombreux agriculteurs, ces niveaux restent trop bas pour couvrir les co\u00fbts de production et assurer une marge viable ; certaines exploitations envisagent m\u00eame de suspendre totalement la cueillette tant que les conditions de vente ne s\u2019am\u00e9liorent pas.<\/p>\n\n\n\n<p>Cette pression sur les prix intervient alors que la Tunisie conna\u00eet une importante production ol\u00e9icole : la pr\u00e9c\u00e9dente campagne 2024-2025 avait d\u00e9j\u00e0 atteint une production estim\u00e9e \u00e0 340 000 tonnes, entra\u00eenant une baisse des prix sur le march\u00e9 int\u00e9rieur. <\/p>\n\n\n\n<p>Selon des sources du secteur, cette baisse des prix a conduit certains producteurs \u00e0 retarder ou arr\u00eater la r\u00e9colte, estimant qu\u2019il est \u00e9conomiquement non viable de vendre leur production \u00e0 des prix inf\u00e9rieurs au co\u00fbt de revient. Cette situation n\u2019est pas nouvelle : lors de la campagne pr\u00e9c\u00e9dente, le taux d\u2019avancement de la r\u00e9colte \u00e9tait limit\u00e9, avec un impact direct sur la qualit\u00e9 et le volume final des huiles produites.<\/p>\n\n\n\n<h2 class=\"wp-block-heading\" id=\"h-repercussions-sur-la-recolte\"><strong>R\u00e9percussions sur la r\u00e9colte<\/strong><\/h2>\n\n\n\n<p>Face \u00e0 l\u2019ampleur de la crise, la Commission de l\u2019agriculture, de la s\u00e9curit\u00e9 alimentaire, de l\u2019eau et de la p\u00eache de l\u2019Assembl\u00e9e des repr\u00e9sentants du peuple a adress\u00e9 une lettre appelant \u00e0 une r\u00e9union d\u2019urgence avec le gouvernement. Cette s\u00e9ance, pr\u00e9vue pour le 15 d\u00e9cembre 2025, doit r\u00e9unir des repr\u00e9sentants des minist\u00e8res de l\u2019Agriculture, des Finances et du Commerce pour analyser les causes de l\u2019effondrement des prix et identifier des mesures rapides afin de stabiliser le secteur. <\/p>\n\n\n\n<p>Les parlementaires ont qualifi\u00e9 la situation de menace pour la paix sociale dans les r\u00e9gions rurales, insistant sur la n\u00e9cessit\u00e9 d\u2019un examen approfondi des politiques de fixation des prix et des m\u00e9canismes de soutien aux agriculteurs.<\/p>\n\n\n\n<p>Outre la contestation des prix, le secteur ol\u00e9icole tunisien fait face \u00e0 des d\u00e9fis plus larges, notamment l\u2019accroissement des volumes export\u00e9s mais une baisse des recettes d\u2019exportation due \u00e0 la diminution des prix sur les march\u00e9s internationaux. Entre novembre 2024 et mars 2025, par exemple, malgr\u00e9 une hausse des exportations, les revenus ont chut\u00e9 d\u2019environ 25,8 %, illustrant bien la pression sur les marges des producteurs.<\/p>\n\n\n\n<p><\/p>\n\n\n\n<blockquote class=\"wp-block-quote is-layout-flow wp-block-quote-is-layout-flow\">\n<blockquote class=\"wp-block-quote is-layout-flow wp-block-quote-is-layout-flow\">\n<p><strong>Lire aussi<\/strong><\/p>\n\n\n\n<ul class=\"wp-block-list\">\n<li><a href=\"https:\/\/www.webdo.tn\/fr\/actualite\/national\/huile-dolive-une-strategie-2026-pour-conquerir-de-nouveaux-marches\/388531\/\">Huile d\u2019olive : Une strat\u00e9gie 2026 pour conqu\u00e9rir de nouveaux march\u00e9s<\/a><\/li>\n\n\n\n<li><a href=\"https:\/\/www.webdo.tn\/fr\/actualite\/national\/huile-dolive-en-tunisie-appel-a-encadrer-les-prix-entre-6-et-10-dinars\/388351\/\">Huile d\u2019olive en Tunisie : Appel \u00e0 encadrer les prix entre 6 et 10 dinars<\/a><\/li>\n\n\n\n<li><a href=\"https:\/\/www.webdo.tn\/fr\/actualite\/national\/huile-dolive-jusqua-150-000-tonnes-seront-stockees-pour-une-vente-a-tarifs-preferentiels\/388214\/\">Huile d\u2019olive : Jusqu\u2019\u00e0 150.000 tonnes seront stock\u00e9es pour une vente \u00e0 tarifs pr\u00e9f\u00e9rentiels<\/a><\/li>\n\n\n\n<li><a href=\"https:\/\/www.webdo.tn\/fr\/actualite\/national\/huile-dolive-la-tunisie-officialise-une-recolte-record-de-500-000-tonnes-pour-2025-2026\/387750\/\">Huile d\u2019olive : La Tunisie officialise une r\u00e9colte record de 500 000 tonnes pour 2025-2026<\/a><\/li>\n\n\n\n<li><a href=\"https:\/\/www.webdo.tn\/fr\/actualite\/national\/tunisie-recettes-en-berne-pour-lhuile-dolive-malgre-un-bond-des-exportations\/386475\/\">Tunisie\u00a0: Recettes en berne pour l\u2019huile d\u2019olive malgr\u00e9 un bond des exportations<\/a><\/li>\n<\/ul>\n<\/blockquote>\n<\/blockquote>\n","protected":false},"excerpt":{"rendered":"<p>Plusieurs agriculteurs tunisiens ont suspendu ou boycott\u00e9 la r\u00e9colte des olives au cours de la campagne ol\u00e9icole 2025-2026, d\u00e9non\u00e7ant l\u2019effondrement des prix propos\u00e9s par les huileries et estimant que les tarifs ne couvrent pas leurs co\u00fbts de production. Cette situation, qui met en danger la saison agricole et les revenus des producteurs, a motiv\u00e9 une [&hellip;]<\/p>\n","protected":false},"author":3184,"featured_media":379091,"comment_status":"closed","ping_status":"closed","sticky":false,"template":"","format":"standard","meta":{"footnotes":""},"categories":[44],"tags":[13417,2608],"class_list":["post-389508","post","type-post","status-publish","format-standard","has-post-thumbnail","hentry","category-national","tag-olive-2","tag-tunisie"],"yoast_head":"<!-- This site is optimized with the Yoast SEO Premium plugin v27.5 (Yoast SEO v27.5) - https:\/\/yoast.com\/product\/yoast-seo-premium-wordpress\/ -->\n<title>Crise ol\u00e9icole en Tunisie : Des agriculteurs suspendent la r\u00e9colte des olives - webdo<\/title>\n<meta name=\"description\" content=\"D\u00e9couvrez la crise ol\u00e9icole en Tunisie : les agriculteurs boycottent la r\u00e9colte des olives face \u00e0 des prix trop bas.\" \/>\n<link rel=\"canonical\" href=\"https:\/\/www.webdo.tn\/fr\/actualite\/national\/crise-oleicole-en-tunisie-des-agriculteurs-suspendent-la-recolte-des-olives\/389508\/\" \/>\n<meta property=\"og:locale\" content=\"fr_FR\" \/>\n<meta property=\"og:type\" content=\"article\" \/>\n<meta property=\"og:title\" content=\"Crise ol\u00e9icole en Tunisie : Des agriculteurs suspendent la r\u00e9colte des olives\" \/>\n<meta property=\"og:description\" content=\"D\u00e9couvrez la crise ol\u00e9icole en Tunisie : les agriculteurs boycottent la r\u00e9colte des olives face \u00e0 des prix trop bas.\" \/>\n<meta property=\"og:url\" content=\"https:\/\/www.webdo.tn\/fr\/actualite\/national\/crise-oleicole-en-tunisie-des-agriculteurs-suspendent-la-recolte-des-olives\/389508\/\" \/>\n<meta property=\"og:site_name\" content=\"webdo\" \/>\n<meta property=\"article:publisher\" content=\"https:\/\/www.facebook.com\/webdotn\" \/>\n<meta property=\"article:published_time\" content=\"2025-12-14T09:26:38+00:00\" \/>\n<meta property=\"article:modified_time\" content=\"2025-12-14T09:26:39+00:00\" \/>\n<meta property=\"og:image\" content=\"https:\/\/www.webdo.tn\/fr\/wp-content\/uploads\/2025\/07\/huile1.jpg\" \/>\n\t<meta property=\"og:image:width\" content=\"1900\" \/>\n\t<meta property=\"og:image:height\" content=\"1282\" \/>\n\t<meta property=\"og:image:type\" content=\"image\/jpeg\" \/>\n<meta name=\"author\" content=\"Wided Belhaj\" \/>\n<meta name=\"twitter:card\" content=\"summary_large_image\" \/>\n<meta name=\"twitter:creator\" content=\"@webdo_tn\" \/>\n<meta name=\"twitter:site\" content=\"@webdo_tn\" \/>\n<meta name=\"twitter:label1\" content=\"\u00c9crit par\" \/>\n\t<meta name=\"twitter:data1\" content=\"Wided Belhaj\" \/>\n\t<meta name=\"twitter:label2\" content=\"Dur\u00e9e de lecture estim\u00e9e\" \/>\n\t<meta name=\"twitter:data2\" content=\"3 minutes\" \/>\n<script type=\"application\/ld+json\" class=\"yoast-schema-graph\">{\"@context\":\"https:\\\/\\\/schema.org\",\"@graph\":[{\"@type\":\"NewsArticle\",\"@id\":\"https:\\\/\\\/www.webdo.tn\\\/fr\\\/actualite\\\/national\\\/crise-oleicole-en-tunisie-des-agriculteurs-suspendent-la-recolte-des-olives\\\/389508\\\/#article\",\"isPartOf\":{\"@id\":\"https:\\\/\\\/www.webdo.tn\\\/fr\\\/actualite\\\/national\\\/crise-oleicole-en-tunisie-des-agriculteurs-suspendent-la-recolte-des-olives\\\/389508\\\/\"},\"author\":{\"name\":\"Wided Belhaj\",\"@id\":\"https:\\\/\\\/www.webdo.tn\\\/fr\\\/#\\\/schema\\\/person\\\/b9ecde7a5574cb4fcf4b496ea5fadb15\"},\"headline\":\"Crise ol\u00e9icole en Tunisie : Des agriculteurs suspendent la r\u00e9colte des olives\",\"datePublished\":\"2025-12-14T09:26:38+00:00\",\"dateModified\":\"2025-12-14T09:26:39+00:00\",\"mainEntityOfPage\":{\"@id\":\"https:\\\/\\\/www.webdo.tn\\\/fr\\\/actualite\\\/national\\\/crise-oleicole-en-tunisie-des-agriculteurs-suspendent-la-recolte-des-olives\\\/389508\\\/\"},\"wordCount\":550,\"publisher\":{\"@id\":\"https:\\\/\\\/www.webdo.tn\\\/fr\\\/#organization\"},\"image\":{\"@id\":\"https:\\\/\\\/www.webdo.tn\\\/fr\\\/actualite\\\/national\\\/crise-oleicole-en-tunisie-des-agriculteurs-suspendent-la-recolte-des-olives\\\/389508\\\/#primaryimage\"},\"thumbnailUrl\":\"https:\\\/\\\/www.webdo.tn\\\/fr\\\/wp-content\\\/uploads\\\/2025\\\/07\\\/huile1.jpg\",\"keywords\":[\"Olive\",\"Tunisie\"],\"articleSection\":[\"National\"],\"inLanguage\":\"fr-FR\"},{\"@type\":\"WebPage\",\"@id\":\"https:\\\/\\\/www.webdo.tn\\\/fr\\\/actualite\\\/national\\\/crise-oleicole-en-tunisie-des-agriculteurs-suspendent-la-recolte-des-olives\\\/389508\\\/\",\"url\":\"https:\\\/\\\/www.webdo.tn\\\/fr\\\/actualite\\\/national\\\/crise-oleicole-en-tunisie-des-agriculteurs-suspendent-la-recolte-des-olives\\\/389508\\\/\",\"name\":\"Crise ol\u00e9icole en Tunisie : Des agriculteurs suspendent la r\u00e9colte des olives - webdo\",\"isPartOf\":{\"@id\":\"https:\\\/\\\/www.webdo.tn\\\/fr\\\/#website\"},\"primaryImageOfPage\":{\"@id\":\"https:\\\/\\\/www.webdo.tn\\\/fr\\\/actualite\\\/national\\\/crise-oleicole-en-tunisie-des-agriculteurs-suspendent-la-recolte-des-olives\\\/389508\\\/#primaryimage\"},\"image\":{\"@id\":\"https:\\\/\\\/www.webdo.tn\\\/fr\\\/actualite\\\/national\\\/crise-oleicole-en-tunisie-des-agriculteurs-suspendent-la-recolte-des-olives\\\/389508\\\/#primaryimage\"},\"thumbnailUrl\":\"https:\\\/\\\/www.webdo.tn\\\/fr\\\/wp-content\\\/uploads\\\/2025\\\/07\\\/huile1.jpg\",\"datePublished\":\"2025-12-14T09:26:38+00:00\",\"dateModified\":\"2025-12-14T09:26:39+00:00\",\"description\":\"D\u00e9couvrez la crise ol\u00e9icole en Tunisie : les agriculteurs boycottent la r\u00e9colte des olives face \u00e0 des prix trop bas.\",\"breadcrumb\":{\"@id\":\"https:\\\/\\\/www.webdo.tn\\\/fr\\\/actualite\\\/national\\\/crise-oleicole-en-tunisie-des-agriculteurs-suspendent-la-recolte-des-olives\\\/389508\\\/#breadcrumb\"},\"inLanguage\":\"fr-FR\",\"potentialAction\":[{\"@type\":\"ReadAction\",\"target\":[\"https:\\\/\\\/www.webdo.tn\\\/fr\\\/actualite\\\/national\\\/crise-oleicole-en-tunisie-des-agriculteurs-suspendent-la-recolte-des-olives\\\/389508\\\/\"]}]},{\"@type\":\"ImageObject\",\"inLanguage\":\"fr-FR\",\"@id\":\"https:\\\/\\\/www.webdo.tn\\\/fr\\\/actualite\\\/national\\\/crise-oleicole-en-tunisie-des-agriculteurs-suspendent-la-recolte-des-olives\\\/389508\\\/#primaryimage\",\"url\":\"https:\\\/\\\/www.webdo.tn\\\/fr\\\/wp-content\\\/uploads\\\/2025\\\/07\\\/huile1.jpg\",\"contentUrl\":\"https:\\\/\\\/www.webdo.tn\\\/fr\\\/wp-content\\\/uploads\\\/2025\\\/07\\\/huile1.jpg\",\"width\":1900,\"height\":1282,\"caption\":\"Scandinavian International Olive Oil Competition : La Tunisie triomphe avec 64 m\u00e9dailles\"},{\"@type\":\"BreadcrumbList\",\"@id\":\"https:\\\/\\\/www.webdo.tn\\\/fr\\\/actualite\\\/national\\\/crise-oleicole-en-tunisie-des-agriculteurs-suspendent-la-recolte-des-olives\\\/389508\\\/#breadcrumb\",\"itemListElement\":[{\"@type\":\"ListItem\",\"position\":1,\"name\":\"Accueil\",\"item\":\"https:\\\/\\\/www.webdo.tn\\\/fr\\\/\"},{\"@type\":\"ListItem\",\"position\":2,\"name\":\"Crise ol\u00e9icole en Tunisie : Des agriculteurs suspendent la r\u00e9colte des olives\"}]},{\"@type\":\"WebSite\",\"@id\":\"https:\\\/\\\/www.webdo.tn\\\/fr\\\/#website\",\"url\":\"https:\\\/\\\/www.webdo.tn\\\/fr\\\/\",\"name\":\"webdo\",\"description\":\"Tunisie - News en Tunisie et \u00e0 l&#039;international sur Webdo.tn\",\"publisher\":{\"@id\":\"https:\\\/\\\/www.webdo.tn\\\/fr\\\/#organization\"},\"potentialAction\":[{\"@type\":\"SearchAction\",\"target\":{\"@type\":\"EntryPoint\",\"urlTemplate\":\"https:\\\/\\\/www.webdo.tn\\\/fr\\\/?s={search_term_string}\"},\"query-input\":{\"@type\":\"PropertyValueSpecification\",\"valueRequired\":true,\"valueName\":\"search_term_string\"}}],\"inLanguage\":\"fr-FR\"},{\"@type\":\"Organization\",\"@id\":\"https:\\\/\\\/www.webdo.tn\\\/fr\\\/#organization\",\"name\":\"Webdo\",\"alternateName\":\"Webdo.tn\",\"url\":\"https:\\\/\\\/www.webdo.tn\\\/fr\\\/\",\"logo\":{\"@type\":\"ImageObject\",\"inLanguage\":\"fr-FR\",\"@id\":\"https:\\\/\\\/www.webdo.tn\\\/fr\\\/#\\\/schema\\\/logo\\\/image\\\/\",\"url\":\"https:\\\/\\\/www.webdo.tn\\\/fr\\\/wp-content\\\/uploads\\\/2025\\\/06\\\/Webdo-Tunisie_168377.jpg\",\"contentUrl\":\"https:\\\/\\\/www.webdo.tn\\\/fr\\\/wp-content\\\/uploads\\\/2025\\\/06\\\/Webdo-Tunisie_168377.jpg\",\"width\":301,\"height\":301,\"caption\":\"Webdo\"},\"image\":{\"@id\":\"https:\\\/\\\/www.webdo.tn\\\/fr\\\/#\\\/schema\\\/logo\\\/image\\\/\"},\"sameAs\":[\"https:\\\/\\\/www.facebook.com\\\/webdotn\",\"https:\\\/\\\/x.com\\\/webdo_tn\"],\"description\":\"Webdo est un m\u00e9dia num\u00e9rique tunisien fond\u00e9 en 2010, sp\u00e9cialis\u00e9 dans l\u2019actualit\u00e9 nationale et internationale, l\u2019\u00e9conomie, la soci\u00e9t\u00e9 et les analyses politiques. Le site s\u2019adresse \u00e0 un large public francophone et couvre l\u2019information tunisienne en temps r\u00e9el.\",\"email\":\"redac@webdo.tn\",\"legalName\":\"YNJ SARL\",\"foundingDate\":\"2010-09-06\",\"numberOfEmployees\":{\"@type\":\"QuantitativeValue\",\"minValue\":\"11\",\"maxValue\":\"50\"}},{\"@type\":\"Person\",\"@id\":\"https:\\\/\\\/www.webdo.tn\\\/fr\\\/#\\\/schema\\\/person\\\/b9ecde7a5574cb4fcf4b496ea5fadb15\",\"name\":\"Wided Belhaj\",\"image\":{\"@type\":\"ImageObject\",\"inLanguage\":\"fr-FR\",\"@id\":\"https:\\\/\\\/www.webdo.tn\\\/fr\\\/wp-content\\\/uploads\\\/2026\\\/04\\\/wided-belhaj_avatar-96x96.jpg\",\"url\":\"https:\\\/\\\/www.webdo.tn\\\/fr\\\/wp-content\\\/uploads\\\/2026\\\/04\\\/wided-belhaj_avatar-96x96.jpg\",\"contentUrl\":\"https:\\\/\\\/www.webdo.tn\\\/fr\\\/wp-content\\\/uploads\\\/2026\\\/04\\\/wided-belhaj_avatar-96x96.jpg\",\"caption\":\"Wided Belhaj\"},\"description\":\"Wided Belhaj est le pseudonyme \u00e9ditorial utilis\u00e9 par Khalil Jelassi, journaliste, ma\u00eetre-assistant \u00e0 l\u2019Institut de presse et des sciences de l\u2019information (IPSI) et chercheur en sciences de l\u2019information et de la communication. Cette signature est d\u00e9di\u00e9e \u00e0 l\u2019analyse des m\u00e9dias, des pratiques journalistiques et des mutations de l\u2019information \u00e0 l\u2019\u00e8re digitale. \u00c0 travers ses contributions, Wided Belhaj propose une lecture analytique de l\u2019actualit\u00e9, en croisant regard critique et expertise acad\u00e9mique.\",\"knowsAbout\":[\"m\u00e9dias\",\"journalisme\",\"communication\",\"information\",\"transformation num\u00e9rique\",\"analyse des m\u00e9dias\"],\"knowsLanguage\":[\"Fran\u00e7ais\",\"Arabe\"],\"jobTitle\":\"Webdo.tn\",\"worksFor\":\"Journaliste \u2013 Analyse des m\u00e9dias\",\"url\":\"https:\\\/\\\/www.webdo.tn\\\/fr\\\/actualite\\\/author\\\/wided-belhaj\\\/\"}]}<\/script>\n<!-- \/ Yoast SEO Premium plugin. -->","yoast_head_json":{"title":"Crise ol\u00e9icole en Tunisie : Des agriculteurs suspendent la r\u00e9colte des olives - webdo","description":"D\u00e9couvrez la crise ol\u00e9icole en Tunisie : les agriculteurs boycottent la r\u00e9colte des olives face \u00e0 des prix trop bas.","canonical":"https:\/\/www.webdo.tn\/fr\/actualite\/national\/crise-oleicole-en-tunisie-des-agriculteurs-suspendent-la-recolte-des-olives\/389508\/","og_locale":"fr_FR","og_type":"article","og_title":"Crise ol\u00e9icole en Tunisie : Des agriculteurs suspendent la r\u00e9colte des olives","og_description":"D\u00e9couvrez la crise ol\u00e9icole en Tunisie : les agriculteurs boycottent la r\u00e9colte des olives face \u00e0 des prix trop bas.","og_url":"https:\/\/www.webdo.tn\/fr\/actualite\/national\/crise-oleicole-en-tunisie-des-agriculteurs-suspendent-la-recolte-des-olives\/389508\/","og_site_name":"webdo","article_publisher":"https:\/\/www.facebook.com\/webdotn","article_published_time":"2025-12-14T09:26:38+00:00","article_modified_time":"2025-12-14T09:26:39+00:00","og_image":[{"width":1900,"height":1282,"url":"https:\/\/www.webdo.tn\/fr\/wp-content\/uploads\/2025\/07\/huile1.jpg","type":"image\/jpeg"}],"author":"Wided Belhaj","twitter_card":"summary_large_image","twitter_creator":"@webdo_tn","twitter_site":"@webdo_tn","twitter_misc":{"\u00c9crit par":"Wided Belhaj","Dur\u00e9e de lecture estim\u00e9e":"3 minutes"},"schema":{"@context":"https:\/\/schema.org","@graph":[{"@type":"NewsArticle","@id":"https:\/\/www.webdo.tn\/fr\/actualite\/national\/crise-oleicole-en-tunisie-des-agriculteurs-suspendent-la-recolte-des-olives\/389508\/#article","isPartOf":{"@id":"https:\/\/www.webdo.tn\/fr\/actualite\/national\/crise-oleicole-en-tunisie-des-agriculteurs-suspendent-la-recolte-des-olives\/389508\/"},"author":{"name":"Wided Belhaj","@id":"https:\/\/www.webdo.tn\/fr\/#\/schema\/person\/b9ecde7a5574cb4fcf4b496ea5fadb15"},"headline":"Crise ol\u00e9icole en Tunisie : Des agriculteurs suspendent la r\u00e9colte des olives","datePublished":"2025-12-14T09:26:38+00:00","dateModified":"2025-12-14T09:26:39+00:00","mainEntityOfPage":{"@id":"https:\/\/www.webdo.tn\/fr\/actualite\/national\/crise-oleicole-en-tunisie-des-agriculteurs-suspendent-la-recolte-des-olives\/389508\/"},"wordCount":550,"publisher":{"@id":"https:\/\/www.webdo.tn\/fr\/#organization"},"image":{"@id":"https:\/\/www.webdo.tn\/fr\/actualite\/national\/crise-oleicole-en-tunisie-des-agriculteurs-suspendent-la-recolte-des-olives\/389508\/#primaryimage"},"thumbnailUrl":"https:\/\/www.webdo.tn\/fr\/wp-content\/uploads\/2025\/07\/huile1.jpg","keywords":["Olive","Tunisie"],"articleSection":["National"],"inLanguage":"fr-FR"},{"@type":"WebPage","@id":"https:\/\/www.webdo.tn\/fr\/actualite\/national\/crise-oleicole-en-tunisie-des-agriculteurs-suspendent-la-recolte-des-olives\/389508\/","url":"https:\/\/www.webdo.tn\/fr\/actualite\/national\/crise-oleicole-en-tunisie-des-agriculteurs-suspendent-la-recolte-des-olives\/389508\/","name":"Crise ol\u00e9icole en Tunisie : Des agriculteurs suspendent la r\u00e9colte des olives - webdo","isPartOf":{"@id":"https:\/\/www.webdo.tn\/fr\/#website"},"primaryImageOfPage":{"@id":"https:\/\/www.webdo.tn\/fr\/actualite\/national\/crise-oleicole-en-tunisie-des-agriculteurs-suspendent-la-recolte-des-olives\/389508\/#primaryimage"},"image":{"@id":"https:\/\/www.webdo.tn\/fr\/actualite\/national\/crise-oleicole-en-tunisie-des-agriculteurs-suspendent-la-recolte-des-olives\/389508\/#primaryimage"},"thumbnailUrl":"https:\/\/www.webdo.tn\/fr\/wp-content\/uploads\/2025\/07\/huile1.jpg","datePublished":"2025-12-14T09:26:38+00:00","dateModified":"2025-12-14T09:26:39+00:00","description":"D\u00e9couvrez la crise ol\u00e9icole en Tunisie : les agriculteurs boycottent la r\u00e9colte des olives face \u00e0 des prix trop bas.","breadcrumb":{"@id":"https:\/\/www.webdo.tn\/fr\/actualite\/national\/crise-oleicole-en-tunisie-des-agriculteurs-suspendent-la-recolte-des-olives\/389508\/#breadcrumb"},"inLanguage":"fr-FR","potentialAction":[{"@type":"ReadAction","target":["https:\/\/www.webdo.tn\/fr\/actualite\/national\/crise-oleicole-en-tunisie-des-agriculteurs-suspendent-la-recolte-des-olives\/389508\/"]}]},{"@type":"ImageObject","inLanguage":"fr-FR","@id":"https:\/\/www.webdo.tn\/fr\/actualite\/national\/crise-oleicole-en-tunisie-des-agriculteurs-suspendent-la-recolte-des-olives\/389508\/#primaryimage","url":"https:\/\/www.webdo.tn\/fr\/wp-content\/uploads\/2025\/07\/huile1.jpg","contentUrl":"https:\/\/www.webdo.tn\/fr\/wp-content\/uploads\/2025\/07\/huile1.jpg","width":1900,"height":1282,"caption":"Scandinavian International Olive Oil Competition : La Tunisie triomphe avec 64 m\u00e9dailles"},{"@type":"BreadcrumbList","@id":"https:\/\/www.webdo.tn\/fr\/actualite\/national\/crise-oleicole-en-tunisie-des-agriculteurs-suspendent-la-recolte-des-olives\/389508\/#breadcrumb","itemListElement":[{"@type":"ListItem","position":1,"name":"Accueil","item":"https:\/\/www.webdo.tn\/fr\/"},{"@type":"ListItem","position":2,"name":"Crise ol\u00e9icole en Tunisie : Des agriculteurs suspendent la r\u00e9colte des olives"}]},{"@type":"WebSite","@id":"https:\/\/www.webdo.tn\/fr\/#website","url":"https:\/\/www.webdo.tn\/fr\/","name":"webdo","description":"Tunisie - News en Tunisie et \u00e0 l&#039;international sur Webdo.tn","publisher":{"@id":"https:\/\/www.webdo.tn\/fr\/#organization"},"potentialAction":[{"@type":"SearchAction","target":{"@type":"EntryPoint","urlTemplate":"https:\/\/www.webdo.tn\/fr\/?s={search_term_string}"},"query-input":{"@type":"PropertyValueSpecification","valueRequired":true,"valueName":"search_term_string"}}],"inLanguage":"fr-FR"},{"@type":"Organization","@id":"https:\/\/www.webdo.tn\/fr\/#organization","name":"Webdo","alternateName":"Webdo.tn","url":"https:\/\/www.webdo.tn\/fr\/","logo":{"@type":"ImageObject","inLanguage":"fr-FR","@id":"https:\/\/www.webdo.tn\/fr\/#\/schema\/logo\/image\/","url":"https:\/\/www.webdo.tn\/fr\/wp-content\/uploads\/2025\/06\/Webdo-Tunisie_168377.jpg","contentUrl":"https:\/\/www.webdo.tn\/fr\/wp-content\/uploads\/2025\/06\/Webdo-Tunisie_168377.jpg","width":301,"height":301,"caption":"Webdo"},"image":{"@id":"https:\/\/www.webdo.tn\/fr\/#\/schema\/logo\/image\/"},"sameAs":["https:\/\/www.facebook.com\/webdotn","https:\/\/x.com\/webdo_tn"],"description":"Webdo est un m\u00e9dia num\u00e9rique tunisien fond\u00e9 en 2010, sp\u00e9cialis\u00e9 dans l\u2019actualit\u00e9 nationale et internationale, l\u2019\u00e9conomie, la soci\u00e9t\u00e9 et les analyses politiques. Le site s\u2019adresse \u00e0 un large public francophone et couvre l\u2019information tunisienne en temps r\u00e9el.","email":"redac@webdo.tn","legalName":"YNJ SARL","foundingDate":"2010-09-06","numberOfEmployees":{"@type":"QuantitativeValue","minValue":"11","maxValue":"50"}},{"@type":"Person","@id":"https:\/\/www.webdo.tn\/fr\/#\/schema\/person\/b9ecde7a5574cb4fcf4b496ea5fadb15","name":"Wided Belhaj","image":{"@type":"ImageObject","inLanguage":"fr-FR","@id":"https:\/\/www.webdo.tn\/fr\/wp-content\/uploads\/2026\/04\/wided-belhaj_avatar-96x96.jpg","url":"https:\/\/www.webdo.tn\/fr\/wp-content\/uploads\/2026\/04\/wided-belhaj_avatar-96x96.jpg","contentUrl":"https:\/\/www.webdo.tn\/fr\/wp-content\/uploads\/2026\/04\/wided-belhaj_avatar-96x96.jpg","caption":"Wided Belhaj"},"description":"Wided Belhaj est le pseudonyme \u00e9ditorial utilis\u00e9 par Khalil Jelassi, journaliste, ma\u00eetre-assistant \u00e0 l\u2019Institut de presse et des sciences de l\u2019information (IPSI) et chercheur en sciences de l\u2019information et de la communication. Cette signature est d\u00e9di\u00e9e \u00e0 l\u2019analyse des m\u00e9dias, des pratiques journalistiques et des mutations de l\u2019information \u00e0 l\u2019\u00e8re digitale. \u00c0 travers ses contributions, Wided Belhaj propose une lecture analytique de l\u2019actualit\u00e9, en croisant regard critique et expertise acad\u00e9mique.","knowsAbout":["m\u00e9dias","journalisme","communication","information","transformation num\u00e9rique","analyse des m\u00e9dias"],"knowsLanguage":["Fran\u00e7ais","Arabe"],"jobTitle":"Webdo.tn","worksFor":"Journaliste \u2013 Analyse des m\u00e9dias","url":"https:\/\/www.webdo.tn\/fr\/actualite\/author\/wided-belhaj\/"}]}},"_links":{"self":[{"href":"https:\/\/www.webdo.tn\/fr\/wp-json\/wp\/v2\/posts\/389508","targetHints":{"allow":["GET"]}}],"collection":[{"href":"https:\/\/www.webdo.tn\/fr\/wp-json\/wp\/v2\/posts"}],"about":[{"href":"https:\/\/www.webdo.tn\/fr\/wp-json\/wp\/v2\/types\/post"}],"author":[{"embeddable":true,"href":"https:\/\/www.webdo.tn\/fr\/wp-json\/wp\/v2\/users\/3184"}],"replies":[{"embeddable":true,"href":"https:\/\/www.webdo.tn\/fr\/wp-json\/wp\/v2\/comments?post=389508"}],"version-history":[{"count":0,"href":"https:\/\/www.webdo.tn\/fr\/wp-json\/wp\/v2\/posts\/389508\/revisions"}],"wp:featuredmedia":[{"embeddable":true,"href":"https:\/\/www.webdo.tn\/fr\/wp-json\/wp\/v2\/media\/379091"}],"wp:attachment":[{"href":"https:\/\/www.webdo.tn\/fr\/wp-json\/wp\/v2\/media?parent=389508"}],"wp:term":[{"taxonomy":"category","embeddable":true,"href":"https:\/\/www.webdo.tn\/fr\/wp-json\/wp\/v2\/categories?post=389508"},{"taxonomy":"post_tag","embeddable":true,"href":"https:\/\/www.webdo.tn\/fr\/wp-json\/wp\/v2\/tags?post=389508"}],"curies":[{"name":"wp","href":"https:\/\/api.w.org\/{rel}","templated":true}]}}