{"id":389505,"date":"2025-12-14T10:18:24","date_gmt":"2025-12-14T09:18:24","guid":{"rendered":"https:\/\/www.webdo.tn\/fr\/?p=389505"},"modified":"2025-12-14T10:18:25","modified_gmt":"2025-12-14T09:18:25","slug":"le-gouvernement-lance-officiellement-la-fusion-dar-assabah-snipe-la-presse","status":"publish","type":"post","link":"https:\/\/www.webdo.tn\/fr\/actualite\/national\/le-gouvernement-lance-officiellement-la-fusion-dar-assabah-snipe-la-presse\/389505\/","title":{"rendered":"Le gouvernement lance officiellement la fusion Dar Assabah\u2013SNIPE La Presse"},"content":{"rendered":"\n<p><\/p>\n\n\n\n<p>Le gouvernement a autoris\u00e9 le transfert de l\u2019ensemble des actions de Dar Assabah au profit de la SNIPE La Presse, ouvrant officiellement la voie \u00e0 la fusion des deux institutions et \u00e0 la cr\u00e9ation d\u2019un p\u00f4le public unifi\u00e9 de la presse \u00e9crite.<\/p>\n\n\n\n<p>La cheffe du gouvernement, Sarra Za\u00e2frani Zenzri, a pr\u00e9sid\u00e9 samedi matin, au palais de la Kasbah, une s\u00e9ance de travail minist\u00e9rielle consacr\u00e9e au dossier de la fusion entre la Soci\u00e9t\u00e9 tunisienne de presse, d\u2019impression, d\u2019\u00e9dition, de distribution et de publicit\u00e9 \u00ab Dar Assabah \u00bb et la Soci\u00e9t\u00e9 nouvelle d\u2019impression, de presse et d\u2019\u00e9dition \u00ab SNIPE La Presse \u00bb.<\/p>\n\n\n\n<p>\u00c0 l\u2019issue de la r\u00e9union, il a \u00e9t\u00e9 d\u00e9cid\u00e9, selon un communiqu\u00e9 de la pr\u00e9sidence du gouvernement, d\u2019autoriser la SNIPE La Presse \u00e0 acqu\u00e9rir l\u2019int\u00e9gralit\u00e9 des actions de Dar Assabah pour le dinar symbolique. Cette op\u00e9ration s\u2019inscrit dans le cadre juridique du processus de fusion entre les deux entreprises publiques de presse.<\/p>\n\n\n\n<p>Un second feu vert a \u00e9galement \u00e9t\u00e9 accord\u00e9 \u00e0 la SNIPE La Presse pour engager formellement la proc\u00e9dure de fusion par absorption de Dar Assabah, conform\u00e9ment \u00e0 la l\u00e9gislation et aux r\u00e9glementations en vigueur.<\/p>\n\n\n\n<h2 class=\"wp-block-heading\" id=\"h-vers-une-institution-mediatique-nationale-unifiee\">Vers une institution m\u00e9diatique nationale unifi\u00e9e<\/h2>\n\n\n\n<p><br>La cheffe du gouvernement a soulign\u00e9 que ce processus de fusion constitue une \u00e9tape d\u00e9cisive vers la reconstruction d\u2019une institution m\u00e9diatique nationale unifi\u00e9e, plus solide et plus apte \u00e0 assurer sa p\u00e9rennit\u00e9. Elle a appel\u00e9 \u00e0 l\u2019\u00e9laboration d\u2019un programme global de restructuration visant la r\u00e9forme de la nouvelle entit\u00e9, l\u2019am\u00e9lioration de ses performances et la garantie de la continuit\u00e9 de ses publications.<\/p>\n\n\n\n<p>Ce programme devra notamment porter sur le renforcement de la gouvernance interne, la mise en place de m\u00e9canismes organisationnels adapt\u00e9s, le d\u00e9veloppement des activit\u00e9s et des moyens de production, ainsi que sur la modernisation et la transformation num\u00e9rique, y compris la num\u00e9risation des archives. Un plan d\u2019affaires prospectif, assorti d\u2019un calendrier pr\u00e9cis de mise en \u0153uvre, devra \u00e9galement \u00eatre \u00e9labor\u00e9.<\/p>\n\n\n\n<p>Lors de l\u2019ouverture de la s\u00e9ance, Sarra Za\u00e2frani Zenzri a rappel\u00e9 les orientations du pr\u00e9sident de la R\u00e9publique, Ka\u00efs Sa\u00efed, concernant le secteur des m\u00e9dias publics, en particulier la presse \u00e9crite. Elle a fait r\u00e9f\u00e9rence aux deux visites effectu\u00e9es par le chef de l\u2019\u00c9tat aux si\u00e8ges de la SNIPE La Presse et de Dar Assabah, les 11 mars et 16 juin 2023, au cours desquelles il avait insist\u00e9 sur la n\u00e9cessit\u00e9 de sauver les deux institutions par leur fusion et leur restructuration.<\/p>\n\n\n\n<p><\/p>\n\n\n\n<blockquote class=\"wp-block-quote is-layout-flow wp-block-quote-is-layout-flow\">\n<blockquote class=\"wp-block-quote is-layout-flow wp-block-quote-is-layout-flow\">\n<p>Lire aussi  : <a href=\"https:\/\/www.webdo.tn\/fr\/actualite\/national\/tunisie-kais-saied-met-l-accent-sur-le-role-qui-incombe-aux-medias-publics\/219766\/\">Tunisie : Kais Saied met l\u2019accent sur le r\u00f4le qui incombe aux m\u00e9dias publics<\/a><br><\/p>\n<\/blockquote>\n<\/blockquote>\n","protected":false},"excerpt":{"rendered":"<p>Le gouvernement a autoris\u00e9 le transfert de l\u2019ensemble des actions de Dar Assabah au profit de la SNIPE La Presse, ouvrant officiellement la voie \u00e0 la fusion des deux institutions et \u00e0 la cr\u00e9ation d\u2019un p\u00f4le public unifi\u00e9 de la presse \u00e9crite. La cheffe du gouvernement, Sarra Za\u00e2frani Zenzri, a pr\u00e9sid\u00e9 samedi matin, au palais [&hellip;]<\/p>\n","protected":false},"author":3184,"featured_media":389506,"comment_status":"closed","ping_status":"closed","sticky":false,"template":"","format":"standard","meta":{"footnotes":""},"categories":[44],"tags":[2651,2943,2608],"class_list":["post-389505","post","type-post","status-publish","format-standard","has-post-thumbnail","hentry","category-national","tag-gouvernement","tag-medias","tag-tunisie"],"yoast_head":"<!-- This site is optimized with the Yoast SEO Premium plugin v27.5 (Yoast SEO v27.5) - https:\/\/yoast.com\/product\/yoast-seo-premium-wordpress\/ -->\n<title>Le gouvernement lance officiellement la fusion Dar Assabah\u2013SNIPE La Presse - webdo<\/title>\n<meta name=\"description\" content=\"Le gouvernement a valid\u00e9 le transfert des actions de Dar Assabah \u00e0 SNIPE La Presse, fusionnant ainsi deux institutions publiques.\" \/>\n<link rel=\"canonical\" href=\"https:\/\/www.webdo.tn\/fr\/actualite\/national\/le-gouvernement-lance-officiellement-la-fusion-dar-assabah-snipe-la-presse\/389505\/\" \/>\n<meta property=\"og:locale\" content=\"fr_FR\" \/>\n<meta property=\"og:type\" content=\"article\" \/>\n<meta property=\"og:title\" content=\"Le gouvernement lance officiellement la fusion Dar Assabah\u2013SNIPE La Presse\" \/>\n<meta property=\"og:description\" content=\"Le gouvernement a valid\u00e9 le transfert des actions de Dar Assabah \u00e0 SNIPE La Presse, fusionnant ainsi deux institutions publiques.\" \/>\n<meta property=\"og:url\" content=\"https:\/\/www.webdo.tn\/fr\/actualite\/national\/le-gouvernement-lance-officiellement-la-fusion-dar-assabah-snipe-la-presse\/389505\/\" \/>\n<meta property=\"og:site_name\" content=\"webdo\" \/>\n<meta property=\"article:publisher\" content=\"https:\/\/www.facebook.com\/webdotn\" \/>\n<meta property=\"article:published_time\" content=\"2025-12-14T09:18:24+00:00\" \/>\n<meta property=\"article:modified_time\" content=\"2025-12-14T09:18:25+00:00\" \/>\n<meta property=\"og:image\" content=\"https:\/\/www.webdo.tn\/fr\/wp-content\/uploads\/2025\/12\/598425845_1280864704071358_4970166338334421167_n.jpg\" \/>\n\t<meta property=\"og:image:width\" content=\"1600\" \/>\n\t<meta property=\"og:image:height\" content=\"985\" \/>\n\t<meta property=\"og:image:type\" content=\"image\/jpeg\" \/>\n<meta name=\"author\" content=\"Wided Belhaj\" \/>\n<meta name=\"twitter:card\" content=\"summary_large_image\" \/>\n<meta name=\"twitter:creator\" content=\"@webdo_tn\" \/>\n<meta name=\"twitter:site\" content=\"@webdo_tn\" \/>\n<meta name=\"twitter:label1\" content=\"\u00c9crit par\" \/>\n\t<meta name=\"twitter:data1\" content=\"Wided Belhaj\" \/>\n\t<meta name=\"twitter:label2\" content=\"Dur\u00e9e de lecture estim\u00e9e\" \/>\n\t<meta name=\"twitter:data2\" content=\"3 minutes\" \/>\n<script type=\"application\/ld+json\" class=\"yoast-schema-graph\">{\"@context\":\"https:\\\/\\\/schema.org\",\"@graph\":[{\"@type\":\"NewsArticle\",\"@id\":\"https:\\\/\\\/www.webdo.tn\\\/fr\\\/actualite\\\/national\\\/le-gouvernement-lance-officiellement-la-fusion-dar-assabah-snipe-la-presse\\\/389505\\\/#article\",\"isPartOf\":{\"@id\":\"https:\\\/\\\/www.webdo.tn\\\/fr\\\/actualite\\\/national\\\/le-gouvernement-lance-officiellement-la-fusion-dar-assabah-snipe-la-presse\\\/389505\\\/\"},\"author\":{\"name\":\"Wided Belhaj\",\"@id\":\"https:\\\/\\\/www.webdo.tn\\\/fr\\\/#\\\/schema\\\/person\\\/b9ecde7a5574cb4fcf4b496ea5fadb15\"},\"headline\":\"Le gouvernement lance officiellement la fusion Dar Assabah\u2013SNIPE La Presse\",\"datePublished\":\"2025-12-14T09:18:24+00:00\",\"dateModified\":\"2025-12-14T09:18:25+00:00\",\"mainEntityOfPage\":{\"@id\":\"https:\\\/\\\/www.webdo.tn\\\/fr\\\/actualite\\\/national\\\/le-gouvernement-lance-officiellement-la-fusion-dar-assabah-snipe-la-presse\\\/389505\\\/\"},\"wordCount\":474,\"publisher\":{\"@id\":\"https:\\\/\\\/www.webdo.tn\\\/fr\\\/#organization\"},\"image\":{\"@id\":\"https:\\\/\\\/www.webdo.tn\\\/fr\\\/actualite\\\/national\\\/le-gouvernement-lance-officiellement-la-fusion-dar-assabah-snipe-la-presse\\\/389505\\\/#primaryimage\"},\"thumbnailUrl\":\"https:\\\/\\\/www.webdo.tn\\\/fr\\\/wp-content\\\/uploads\\\/2025\\\/12\\\/598425845_1280864704071358_4970166338334421167_n.jpg\",\"keywords\":[\"gouvernement\",\"m\u00e9dias\",\"Tunisie\"],\"articleSection\":[\"National\"],\"inLanguage\":\"fr-FR\"},{\"@type\":\"WebPage\",\"@id\":\"https:\\\/\\\/www.webdo.tn\\\/fr\\\/actualite\\\/national\\\/le-gouvernement-lance-officiellement-la-fusion-dar-assabah-snipe-la-presse\\\/389505\\\/\",\"url\":\"https:\\\/\\\/www.webdo.tn\\\/fr\\\/actualite\\\/national\\\/le-gouvernement-lance-officiellement-la-fusion-dar-assabah-snipe-la-presse\\\/389505\\\/\",\"name\":\"Le gouvernement lance officiellement la fusion Dar Assabah\u2013SNIPE La Presse - webdo\",\"isPartOf\":{\"@id\":\"https:\\\/\\\/www.webdo.tn\\\/fr\\\/#website\"},\"primaryImageOfPage\":{\"@id\":\"https:\\\/\\\/www.webdo.tn\\\/fr\\\/actualite\\\/national\\\/le-gouvernement-lance-officiellement-la-fusion-dar-assabah-snipe-la-presse\\\/389505\\\/#primaryimage\"},\"image\":{\"@id\":\"https:\\\/\\\/www.webdo.tn\\\/fr\\\/actualite\\\/national\\\/le-gouvernement-lance-officiellement-la-fusion-dar-assabah-snipe-la-presse\\\/389505\\\/#primaryimage\"},\"thumbnailUrl\":\"https:\\\/\\\/www.webdo.tn\\\/fr\\\/wp-content\\\/uploads\\\/2025\\\/12\\\/598425845_1280864704071358_4970166338334421167_n.jpg\",\"datePublished\":\"2025-12-14T09:18:24+00:00\",\"dateModified\":\"2025-12-14T09:18:25+00:00\",\"description\":\"Le gouvernement a valid\u00e9 le transfert des actions de Dar Assabah \u00e0 SNIPE La Presse, fusionnant ainsi deux institutions publiques.\",\"breadcrumb\":{\"@id\":\"https:\\\/\\\/www.webdo.tn\\\/fr\\\/actualite\\\/national\\\/le-gouvernement-lance-officiellement-la-fusion-dar-assabah-snipe-la-presse\\\/389505\\\/#breadcrumb\"},\"inLanguage\":\"fr-FR\",\"potentialAction\":[{\"@type\":\"ReadAction\",\"target\":[\"https:\\\/\\\/www.webdo.tn\\\/fr\\\/actualite\\\/national\\\/le-gouvernement-lance-officiellement-la-fusion-dar-assabah-snipe-la-presse\\\/389505\\\/\"]}]},{\"@type\":\"ImageObject\",\"inLanguage\":\"fr-FR\",\"@id\":\"https:\\\/\\\/www.webdo.tn\\\/fr\\\/actualite\\\/national\\\/le-gouvernement-lance-officiellement-la-fusion-dar-assabah-snipe-la-presse\\\/389505\\\/#primaryimage\",\"url\":\"https:\\\/\\\/www.webdo.tn\\\/fr\\\/wp-content\\\/uploads\\\/2025\\\/12\\\/598425845_1280864704071358_4970166338334421167_n.jpg\",\"contentUrl\":\"https:\\\/\\\/www.webdo.tn\\\/fr\\\/wp-content\\\/uploads\\\/2025\\\/12\\\/598425845_1280864704071358_4970166338334421167_n.jpg\",\"width\":1600,\"height\":985,\"caption\":\"Gouvernement\"},{\"@type\":\"BreadcrumbList\",\"@id\":\"https:\\\/\\\/www.webdo.tn\\\/fr\\\/actualite\\\/national\\\/le-gouvernement-lance-officiellement-la-fusion-dar-assabah-snipe-la-presse\\\/389505\\\/#breadcrumb\",\"itemListElement\":[{\"@type\":\"ListItem\",\"position\":1,\"name\":\"Accueil\",\"item\":\"https:\\\/\\\/www.webdo.tn\\\/fr\\\/\"},{\"@type\":\"ListItem\",\"position\":2,\"name\":\"Le gouvernement lance officiellement la fusion Dar Assabah\u2013SNIPE La Presse\"}]},{\"@type\":\"WebSite\",\"@id\":\"https:\\\/\\\/www.webdo.tn\\\/fr\\\/#website\",\"url\":\"https:\\\/\\\/www.webdo.tn\\\/fr\\\/\",\"name\":\"webdo\",\"description\":\"Tunisie - News en Tunisie et \u00e0 l&#039;international sur Webdo.tn\",\"publisher\":{\"@id\":\"https:\\\/\\\/www.webdo.tn\\\/fr\\\/#organization\"},\"potentialAction\":[{\"@type\":\"SearchAction\",\"target\":{\"@type\":\"EntryPoint\",\"urlTemplate\":\"https:\\\/\\\/www.webdo.tn\\\/fr\\\/?s={search_term_string}\"},\"query-input\":{\"@type\":\"PropertyValueSpecification\",\"valueRequired\":true,\"valueName\":\"search_term_string\"}}],\"inLanguage\":\"fr-FR\"},{\"@type\":\"Organization\",\"@id\":\"https:\\\/\\\/www.webdo.tn\\\/fr\\\/#organization\",\"name\":\"Webdo\",\"alternateName\":\"Webdo.tn\",\"url\":\"https:\\\/\\\/www.webdo.tn\\\/fr\\\/\",\"logo\":{\"@type\":\"ImageObject\",\"inLanguage\":\"fr-FR\",\"@id\":\"https:\\\/\\\/www.webdo.tn\\\/fr\\\/#\\\/schema\\\/logo\\\/image\\\/\",\"url\":\"https:\\\/\\\/www.webdo.tn\\\/fr\\\/wp-content\\\/uploads\\\/2025\\\/06\\\/Webdo-Tunisie_168377.jpg\",\"contentUrl\":\"https:\\\/\\\/www.webdo.tn\\\/fr\\\/wp-content\\\/uploads\\\/2025\\\/06\\\/Webdo-Tunisie_168377.jpg\",\"width\":301,\"height\":301,\"caption\":\"Webdo\"},\"image\":{\"@id\":\"https:\\\/\\\/www.webdo.tn\\\/fr\\\/#\\\/schema\\\/logo\\\/image\\\/\"},\"sameAs\":[\"https:\\\/\\\/www.facebook.com\\\/webdotn\",\"https:\\\/\\\/x.com\\\/webdo_tn\"],\"description\":\"Webdo est un m\u00e9dia num\u00e9rique tunisien fond\u00e9 en 2010, sp\u00e9cialis\u00e9 dans l\u2019actualit\u00e9 nationale et internationale, l\u2019\u00e9conomie, la soci\u00e9t\u00e9 et les analyses politiques. Le site s\u2019adresse \u00e0 un large public francophone et couvre l\u2019information tunisienne en temps r\u00e9el.\",\"email\":\"redac@webdo.tn\",\"legalName\":\"YNJ SARL\",\"foundingDate\":\"2010-09-06\",\"numberOfEmployees\":{\"@type\":\"QuantitativeValue\",\"minValue\":\"11\",\"maxValue\":\"50\"}},{\"@type\":\"Person\",\"@id\":\"https:\\\/\\\/www.webdo.tn\\\/fr\\\/#\\\/schema\\\/person\\\/b9ecde7a5574cb4fcf4b496ea5fadb15\",\"name\":\"Wided Belhaj\",\"image\":{\"@type\":\"ImageObject\",\"inLanguage\":\"fr-FR\",\"@id\":\"https:\\\/\\\/www.webdo.tn\\\/fr\\\/wp-content\\\/uploads\\\/2026\\\/04\\\/wided-belhaj_avatar-96x96.jpg\",\"url\":\"https:\\\/\\\/www.webdo.tn\\\/fr\\\/wp-content\\\/uploads\\\/2026\\\/04\\\/wided-belhaj_avatar-96x96.jpg\",\"contentUrl\":\"https:\\\/\\\/www.webdo.tn\\\/fr\\\/wp-content\\\/uploads\\\/2026\\\/04\\\/wided-belhaj_avatar-96x96.jpg\",\"caption\":\"Wided Belhaj\"},\"description\":\"Wided Belhaj est le pseudonyme \u00e9ditorial utilis\u00e9 par Khalil Jelassi, journaliste, ma\u00eetre-assistant \u00e0 l\u2019Institut de presse et des sciences de l\u2019information (IPSI) et chercheur en sciences de l\u2019information et de la communication. Cette signature est d\u00e9di\u00e9e \u00e0 l\u2019analyse des m\u00e9dias, des pratiques journalistiques et des mutations de l\u2019information \u00e0 l\u2019\u00e8re digitale. \u00c0 travers ses contributions, Wided Belhaj propose une lecture analytique de l\u2019actualit\u00e9, en croisant regard critique et expertise acad\u00e9mique.\",\"knowsAbout\":[\"m\u00e9dias\",\"journalisme\",\"communication\",\"information\",\"transformation num\u00e9rique\",\"analyse des m\u00e9dias\"],\"knowsLanguage\":[\"Fran\u00e7ais\",\"Arabe\"],\"jobTitle\":\"Webdo.tn\",\"worksFor\":\"Journaliste \u2013 Analyse des m\u00e9dias\",\"url\":\"https:\\\/\\\/www.webdo.tn\\\/fr\\\/actualite\\\/author\\\/wided-belhaj\\\/\"}]}<\/script>\n<!-- \/ Yoast SEO Premium plugin. -->","yoast_head_json":{"title":"Le gouvernement lance officiellement la fusion Dar Assabah\u2013SNIPE La Presse - webdo","description":"Le gouvernement a valid\u00e9 le transfert des actions de Dar Assabah \u00e0 SNIPE La Presse, fusionnant ainsi deux institutions publiques.","canonical":"https:\/\/www.webdo.tn\/fr\/actualite\/national\/le-gouvernement-lance-officiellement-la-fusion-dar-assabah-snipe-la-presse\/389505\/","og_locale":"fr_FR","og_type":"article","og_title":"Le gouvernement lance officiellement la fusion Dar Assabah\u2013SNIPE La Presse","og_description":"Le gouvernement a valid\u00e9 le transfert des actions de Dar Assabah \u00e0 SNIPE La Presse, fusionnant ainsi deux institutions publiques.","og_url":"https:\/\/www.webdo.tn\/fr\/actualite\/national\/le-gouvernement-lance-officiellement-la-fusion-dar-assabah-snipe-la-presse\/389505\/","og_site_name":"webdo","article_publisher":"https:\/\/www.facebook.com\/webdotn","article_published_time":"2025-12-14T09:18:24+00:00","article_modified_time":"2025-12-14T09:18:25+00:00","og_image":[{"width":1600,"height":985,"url":"https:\/\/www.webdo.tn\/fr\/wp-content\/uploads\/2025\/12\/598425845_1280864704071358_4970166338334421167_n.jpg","type":"image\/jpeg"}],"author":"Wided Belhaj","twitter_card":"summary_large_image","twitter_creator":"@webdo_tn","twitter_site":"@webdo_tn","twitter_misc":{"\u00c9crit par":"Wided Belhaj","Dur\u00e9e de lecture estim\u00e9e":"3 minutes"},"schema":{"@context":"https:\/\/schema.org","@graph":[{"@type":"NewsArticle","@id":"https:\/\/www.webdo.tn\/fr\/actualite\/national\/le-gouvernement-lance-officiellement-la-fusion-dar-assabah-snipe-la-presse\/389505\/#article","isPartOf":{"@id":"https:\/\/www.webdo.tn\/fr\/actualite\/national\/le-gouvernement-lance-officiellement-la-fusion-dar-assabah-snipe-la-presse\/389505\/"},"author":{"name":"Wided Belhaj","@id":"https:\/\/www.webdo.tn\/fr\/#\/schema\/person\/b9ecde7a5574cb4fcf4b496ea5fadb15"},"headline":"Le gouvernement lance officiellement la fusion Dar Assabah\u2013SNIPE La Presse","datePublished":"2025-12-14T09:18:24+00:00","dateModified":"2025-12-14T09:18:25+00:00","mainEntityOfPage":{"@id":"https:\/\/www.webdo.tn\/fr\/actualite\/national\/le-gouvernement-lance-officiellement-la-fusion-dar-assabah-snipe-la-presse\/389505\/"},"wordCount":474,"publisher":{"@id":"https:\/\/www.webdo.tn\/fr\/#organization"},"image":{"@id":"https:\/\/www.webdo.tn\/fr\/actualite\/national\/le-gouvernement-lance-officiellement-la-fusion-dar-assabah-snipe-la-presse\/389505\/#primaryimage"},"thumbnailUrl":"https:\/\/www.webdo.tn\/fr\/wp-content\/uploads\/2025\/12\/598425845_1280864704071358_4970166338334421167_n.jpg","keywords":["gouvernement","m\u00e9dias","Tunisie"],"articleSection":["National"],"inLanguage":"fr-FR"},{"@type":"WebPage","@id":"https:\/\/www.webdo.tn\/fr\/actualite\/national\/le-gouvernement-lance-officiellement-la-fusion-dar-assabah-snipe-la-presse\/389505\/","url":"https:\/\/www.webdo.tn\/fr\/actualite\/national\/le-gouvernement-lance-officiellement-la-fusion-dar-assabah-snipe-la-presse\/389505\/","name":"Le gouvernement lance officiellement la fusion Dar Assabah\u2013SNIPE La Presse - webdo","isPartOf":{"@id":"https:\/\/www.webdo.tn\/fr\/#website"},"primaryImageOfPage":{"@id":"https:\/\/www.webdo.tn\/fr\/actualite\/national\/le-gouvernement-lance-officiellement-la-fusion-dar-assabah-snipe-la-presse\/389505\/#primaryimage"},"image":{"@id":"https:\/\/www.webdo.tn\/fr\/actualite\/national\/le-gouvernement-lance-officiellement-la-fusion-dar-assabah-snipe-la-presse\/389505\/#primaryimage"},"thumbnailUrl":"https:\/\/www.webdo.tn\/fr\/wp-content\/uploads\/2025\/12\/598425845_1280864704071358_4970166338334421167_n.jpg","datePublished":"2025-12-14T09:18:24+00:00","dateModified":"2025-12-14T09:18:25+00:00","description":"Le gouvernement a valid\u00e9 le transfert des actions de Dar Assabah \u00e0 SNIPE La Presse, fusionnant ainsi deux institutions publiques.","breadcrumb":{"@id":"https:\/\/www.webdo.tn\/fr\/actualite\/national\/le-gouvernement-lance-officiellement-la-fusion-dar-assabah-snipe-la-presse\/389505\/#breadcrumb"},"inLanguage":"fr-FR","potentialAction":[{"@type":"ReadAction","target":["https:\/\/www.webdo.tn\/fr\/actualite\/national\/le-gouvernement-lance-officiellement-la-fusion-dar-assabah-snipe-la-presse\/389505\/"]}]},{"@type":"ImageObject","inLanguage":"fr-FR","@id":"https:\/\/www.webdo.tn\/fr\/actualite\/national\/le-gouvernement-lance-officiellement-la-fusion-dar-assabah-snipe-la-presse\/389505\/#primaryimage","url":"https:\/\/www.webdo.tn\/fr\/wp-content\/uploads\/2025\/12\/598425845_1280864704071358_4970166338334421167_n.jpg","contentUrl":"https:\/\/www.webdo.tn\/fr\/wp-content\/uploads\/2025\/12\/598425845_1280864704071358_4970166338334421167_n.jpg","width":1600,"height":985,"caption":"Gouvernement"},{"@type":"BreadcrumbList","@id":"https:\/\/www.webdo.tn\/fr\/actualite\/national\/le-gouvernement-lance-officiellement-la-fusion-dar-assabah-snipe-la-presse\/389505\/#breadcrumb","itemListElement":[{"@type":"ListItem","position":1,"name":"Accueil","item":"https:\/\/www.webdo.tn\/fr\/"},{"@type":"ListItem","position":2,"name":"Le gouvernement lance officiellement la fusion Dar Assabah\u2013SNIPE La Presse"}]},{"@type":"WebSite","@id":"https:\/\/www.webdo.tn\/fr\/#website","url":"https:\/\/www.webdo.tn\/fr\/","name":"webdo","description":"Tunisie - News en Tunisie et \u00e0 l&#039;international sur Webdo.tn","publisher":{"@id":"https:\/\/www.webdo.tn\/fr\/#organization"},"potentialAction":[{"@type":"SearchAction","target":{"@type":"EntryPoint","urlTemplate":"https:\/\/www.webdo.tn\/fr\/?s={search_term_string}"},"query-input":{"@type":"PropertyValueSpecification","valueRequired":true,"valueName":"search_term_string"}}],"inLanguage":"fr-FR"},{"@type":"Organization","@id":"https:\/\/www.webdo.tn\/fr\/#organization","name":"Webdo","alternateName":"Webdo.tn","url":"https:\/\/www.webdo.tn\/fr\/","logo":{"@type":"ImageObject","inLanguage":"fr-FR","@id":"https:\/\/www.webdo.tn\/fr\/#\/schema\/logo\/image\/","url":"https:\/\/www.webdo.tn\/fr\/wp-content\/uploads\/2025\/06\/Webdo-Tunisie_168377.jpg","contentUrl":"https:\/\/www.webdo.tn\/fr\/wp-content\/uploads\/2025\/06\/Webdo-Tunisie_168377.jpg","width":301,"height":301,"caption":"Webdo"},"image":{"@id":"https:\/\/www.webdo.tn\/fr\/#\/schema\/logo\/image\/"},"sameAs":["https:\/\/www.facebook.com\/webdotn","https:\/\/x.com\/webdo_tn"],"description":"Webdo est un m\u00e9dia num\u00e9rique tunisien fond\u00e9 en 2010, sp\u00e9cialis\u00e9 dans l\u2019actualit\u00e9 nationale et internationale, l\u2019\u00e9conomie, la soci\u00e9t\u00e9 et les analyses politiques. Le site s\u2019adresse \u00e0 un large public francophone et couvre l\u2019information tunisienne en temps r\u00e9el.","email":"redac@webdo.tn","legalName":"YNJ SARL","foundingDate":"2010-09-06","numberOfEmployees":{"@type":"QuantitativeValue","minValue":"11","maxValue":"50"}},{"@type":"Person","@id":"https:\/\/www.webdo.tn\/fr\/#\/schema\/person\/b9ecde7a5574cb4fcf4b496ea5fadb15","name":"Wided Belhaj","image":{"@type":"ImageObject","inLanguage":"fr-FR","@id":"https:\/\/www.webdo.tn\/fr\/wp-content\/uploads\/2026\/04\/wided-belhaj_avatar-96x96.jpg","url":"https:\/\/www.webdo.tn\/fr\/wp-content\/uploads\/2026\/04\/wided-belhaj_avatar-96x96.jpg","contentUrl":"https:\/\/www.webdo.tn\/fr\/wp-content\/uploads\/2026\/04\/wided-belhaj_avatar-96x96.jpg","caption":"Wided Belhaj"},"description":"Wided Belhaj est le pseudonyme \u00e9ditorial utilis\u00e9 par Khalil Jelassi, journaliste, ma\u00eetre-assistant \u00e0 l\u2019Institut de presse et des sciences de l\u2019information (IPSI) et chercheur en sciences de l\u2019information et de la communication. Cette signature est d\u00e9di\u00e9e \u00e0 l\u2019analyse des m\u00e9dias, des pratiques journalistiques et des mutations de l\u2019information \u00e0 l\u2019\u00e8re digitale. \u00c0 travers ses contributions, Wided Belhaj propose une lecture analytique de l\u2019actualit\u00e9, en croisant regard critique et expertise acad\u00e9mique.","knowsAbout":["m\u00e9dias","journalisme","communication","information","transformation num\u00e9rique","analyse des m\u00e9dias"],"knowsLanguage":["Fran\u00e7ais","Arabe"],"jobTitle":"Webdo.tn","worksFor":"Journaliste \u2013 Analyse des m\u00e9dias","url":"https:\/\/www.webdo.tn\/fr\/actualite\/author\/wided-belhaj\/"}]}},"_links":{"self":[{"href":"https:\/\/www.webdo.tn\/fr\/wp-json\/wp\/v2\/posts\/389505","targetHints":{"allow":["GET"]}}],"collection":[{"href":"https:\/\/www.webdo.tn\/fr\/wp-json\/wp\/v2\/posts"}],"about":[{"href":"https:\/\/www.webdo.tn\/fr\/wp-json\/wp\/v2\/types\/post"}],"author":[{"embeddable":true,"href":"https:\/\/www.webdo.tn\/fr\/wp-json\/wp\/v2\/users\/3184"}],"replies":[{"embeddable":true,"href":"https:\/\/www.webdo.tn\/fr\/wp-json\/wp\/v2\/comments?post=389505"}],"version-history":[{"count":0,"href":"https:\/\/www.webdo.tn\/fr\/wp-json\/wp\/v2\/posts\/389505\/revisions"}],"wp:featuredmedia":[{"embeddable":true,"href":"https:\/\/www.webdo.tn\/fr\/wp-json\/wp\/v2\/media\/389506"}],"wp:attachment":[{"href":"https:\/\/www.webdo.tn\/fr\/wp-json\/wp\/v2\/media?parent=389505"}],"wp:term":[{"taxonomy":"category","embeddable":true,"href":"https:\/\/www.webdo.tn\/fr\/wp-json\/wp\/v2\/categories?post=389505"},{"taxonomy":"post_tag","embeddable":true,"href":"https:\/\/www.webdo.tn\/fr\/wp-json\/wp\/v2\/tags?post=389505"}],"curies":[{"name":"wp","href":"https:\/\/api.w.org\/{rel}","templated":true}]}}