{"id":389483,"date":"2025-12-12T20:02:26","date_gmt":"2025-12-12T19:02:26","guid":{"rendered":"https:\/\/www.webdo.tn\/fr\/?p=389483"},"modified":"2025-12-12T20:02:27","modified_gmt":"2025-12-12T19:02:27","slug":"guerre-en-ukraine-lue-decide-de-geler-indefiniment-les-avoirs-souverains-russes","status":"publish","type":"post","link":"https:\/\/www.webdo.tn\/fr\/actualite\/international\/guerre-en-ukraine-lue-decide-de-geler-indefiniment-les-avoirs-souverains-russes\/389483\/","title":{"rendered":"Guerre en Ukraine : L\u2019UE d\u00e9cide de geler ind\u00e9finiment les avoirs souverains russes"},"content":{"rendered":"\n<p><strong>L\u2019Union europ\u00e9enne a approuv\u00e9, vendredi, le gel pour une dur\u00e9e ind\u00e9termin\u00e9e des actifs souverains russes pr\u00e9sents sur son territoire, mettant fin au m\u00e9canisme de renouvellement semestriel qui exigeait l\u2019unanimit\u00e9 des \u00c9tats membres.<\/strong><\/p>\n\n\n\n<p>L\u2019annonce a \u00e9t\u00e9 faite par la cheffe de la diplomatie europ\u00e9enne, Kaja Kallas, qui affirme que la mesure restera en vigueur tant que Moscou n\u2019aura pas vers\u00e9 \u00e0 l\u2019Ukraine des r\u00e9parations compl\u00e8tes pour les destructions caus\u00e9es par son invasion.<\/p>\n\n\n\n<h2 class=\"wp-block-heading\" id=\"h-210-milliards-d-euros-d-avoirs-russes-figes\">210 milliards d\u2019euros d\u2019avoirs russes fig\u00e9s<\/h2>\n\n\n\n<p>Sur X, Kaja Kallas a indiqu\u00e9 que jusqu&rsquo;\u00e0 210 milliards d\u2019euros d\u2019actifs souverains russes resteront immobilis\u00e9s dans l\u2019UE. Ce changement de r\u00e9gime \u00e9vite la menace d\u2019un veto hongrois ou d\u2019autres \u00c9tats prorusses \u00e0 chaque renouvellement. Selon la diplomate, cette d\u00e9cision doit accro\u00eetre la pression sur le Kremlin jusqu\u2019\u00e0 ce que la Russie \u00ab prenne les n\u00e9gociations au s\u00e9rieux \u00bb et accepte de r\u00e9pondre des d\u00e9g\u00e2ts inflig\u00e9s \u00e0 l\u2019Ukraine.<\/p>\n\n\n\n<p>Un Conseil europ\u00e9en pr\u00e9vu la semaine prochaine devra par ailleurs pr\u00e9ciser les moyens de financement du soutien europ\u00e9en \u00e0 Kiev pour les ann\u00e9es \u00e0 venir.<\/p>\n\n\n\n<p>Le ministre fran\u00e7ais des affaires \u00e9trang\u00e8res, Jean-No\u00ebl Barrot, a r\u00e9agi en soulignant que l\u2019UE reprend pleinement la ma\u00eetrise du sort des fonds russes plac\u00e9s en Europe. Dans un message publi\u00e9 sur X, il affirme que la Russie sera priv\u00e9e de ces actifs \u00ab jusqu\u2019\u00e0 ce qu\u2019elle cesse sa guerre d\u2019agression et verse des r\u00e9parations \u00bb, insistant sur l\u2019importance de maintenir un front europ\u00e9en uni.<\/p>\n\n\n\n<h2 class=\"wp-block-heading\" id=\"h-budapest-denonce-une-decision-illegale\">Budapest d\u00e9nonce une d\u00e9cision \u00ab ill\u00e9gale \u00bb<\/h2>\n\n\n\n<p>En amont de l\u2019annonce officielle europ\u00e9enne, le premier ministre hongrois, Viktor Orban, avait anticip\u00e9 la d\u00e9cision et fustig\u00e9 un vote \u00ab ill\u00e9gal \u00bb. Dans un message publi\u00e9 sur Facebook, il accuse Bruxelles de se placer \u00ab au-dessus des r\u00e8gles \u00bb et estime que cette mesure entra\u00eenera \u00ab des dommages irr\u00e9parables \u00bb pour l\u2019Union. La Hongrie, r\u00e9guli\u00e8rement accus\u00e9e d\u2019alignement sur Moscou, s\u2019oppose de longue date au m\u00e9canisme de sanctions renforc\u00e9es.<\/p>\n\n\n\n<p><\/p>\n\n\n\n<blockquote class=\"wp-block-quote is-layout-flow wp-block-quote-is-layout-flow\">\n<p><strong>Lire aussi<\/strong><\/p>\n\n\n\n<ul class=\"wp-block-list\">\n<li><a href=\"https:\/\/www.webdo.tn\/fr\/actualite\/international\/the-skipper-saisie-americaine-spectaculaire-sur-les-reseaux-petroliers-iran-russie-venezuela\/389342\/\">The Skipper : Saisie am\u00e9ricaine spectaculaire sur les r\u00e9seaux p\u00e9troliers Iran\u2013Russie\u2013Venezuela<\/a><\/li>\n<\/ul>\n<\/blockquote>\n","protected":false},"excerpt":{"rendered":"<p>L\u2019Union europ\u00e9enne a approuv\u00e9, vendredi, le gel pour une dur\u00e9e ind\u00e9termin\u00e9e des actifs souverains russes pr\u00e9sents sur son territoire, mettant fin au m\u00e9canisme de renouvellement semestriel qui exigeait l\u2019unanimit\u00e9 des \u00c9tats membres. L\u2019annonce a \u00e9t\u00e9 faite par la cheffe de la diplomatie europ\u00e9enne, Kaja Kallas, qui affirme que la mesure restera en vigueur tant que [&hellip;]<\/p>\n","protected":false},"author":4782,"featured_media":389484,"comment_status":"closed","ping_status":"closed","sticky":false,"template":"","format":"standard","meta":{"footnotes":""},"categories":[2598],"tags":[13411,3299,3295,2896],"class_list":["post-389483","post","type-post","status-publish","format-standard","has-post-thumbnail","hentry","category-international","tag-avoirs-russes","tag-russie","tag-ukraine","tag-union-europeenne"],"yoast_head":"<!-- This site is optimized with the Yoast SEO Premium plugin v27.5 (Yoast SEO v27.5) - https:\/\/yoast.com\/product\/yoast-seo-premium-wordpress\/ -->\n<title>Guerre en Ukraine : L\u2019UE d\u00e9cide de geler ind\u00e9finiment les avoirs souverains russes - webdo<\/title>\n<meta name=\"description\" content=\"D\u00e9couvrez comment l\u2019UE a d\u00e9cid\u00e9 de geler les avoirs souverains russes, accentuant la pression sur Moscou pour des r\u00e9parations.\" \/>\n<link rel=\"canonical\" href=\"https:\/\/www.webdo.tn\/fr\/actualite\/international\/guerre-en-ukraine-lue-decide-de-geler-indefiniment-les-avoirs-souverains-russes\/389483\/\" \/>\n<meta property=\"og:locale\" content=\"fr_FR\" \/>\n<meta property=\"og:type\" content=\"article\" \/>\n<meta property=\"og:title\" content=\"Guerre en Ukraine : L\u2019UE d\u00e9cide de geler ind\u00e9finiment les avoirs souverains russes\" \/>\n<meta property=\"og:description\" content=\"D\u00e9couvrez comment l\u2019UE a d\u00e9cid\u00e9 de geler les avoirs souverains russes, accentuant la pression sur Moscou pour des r\u00e9parations.\" \/>\n<meta property=\"og:url\" content=\"https:\/\/www.webdo.tn\/fr\/actualite\/international\/guerre-en-ukraine-lue-decide-de-geler-indefiniment-les-avoirs-souverains-russes\/389483\/\" \/>\n<meta property=\"og:site_name\" content=\"webdo\" \/>\n<meta property=\"article:publisher\" content=\"https:\/\/www.facebook.com\/webdotn\" \/>\n<meta property=\"article:published_time\" content=\"2025-12-12T19:02:26+00:00\" \/>\n<meta property=\"article:modified_time\" content=\"2025-12-12T19:02:27+00:00\" \/>\n<meta property=\"og:image\" content=\"https:\/\/www.webdo.tn\/fr\/wp-content\/uploads\/2025\/12\/ukraine.jpeg\" \/>\n\t<meta property=\"og:image:width\" content=\"1200\" \/>\n\t<meta property=\"og:image:height\" content=\"603\" \/>\n\t<meta property=\"og:image:type\" content=\"image\/jpeg\" \/>\n<meta name=\"author\" content=\"Mohamed Fethi\" \/>\n<meta name=\"twitter:card\" content=\"summary_large_image\" \/>\n<meta name=\"twitter:creator\" content=\"@webdo_tn\" \/>\n<meta name=\"twitter:site\" content=\"@webdo_tn\" \/>\n<meta name=\"twitter:label1\" content=\"\u00c9crit par\" \/>\n\t<meta name=\"twitter:data1\" content=\"Mohamed Fethi\" \/>\n\t<meta name=\"twitter:label2\" content=\"Dur\u00e9e de lecture estim\u00e9e\" \/>\n\t<meta name=\"twitter:data2\" content=\"2 minutes\" \/>\n<script type=\"application\/ld+json\" class=\"yoast-schema-graph\">{\"@context\":\"https:\\\/\\\/schema.org\",\"@graph\":[{\"@type\":\"NewsArticle\",\"@id\":\"https:\\\/\\\/www.webdo.tn\\\/fr\\\/actualite\\\/international\\\/guerre-en-ukraine-lue-decide-de-geler-indefiniment-les-avoirs-souverains-russes\\\/389483\\\/#article\",\"isPartOf\":{\"@id\":\"https:\\\/\\\/www.webdo.tn\\\/fr\\\/actualite\\\/international\\\/guerre-en-ukraine-lue-decide-de-geler-indefiniment-les-avoirs-souverains-russes\\\/389483\\\/\"},\"author\":{\"name\":\"Mohamed Fethi\",\"@id\":\"https:\\\/\\\/www.webdo.tn\\\/fr\\\/#\\\/schema\\\/person\\\/16a4857e77dfc0b610c4c2cadffc9ac4\"},\"headline\":\"Guerre en Ukraine : L\u2019UE d\u00e9cide de geler ind\u00e9finiment les avoirs souverains russes\",\"datePublished\":\"2025-12-12T19:02:26+00:00\",\"dateModified\":\"2025-12-12T19:02:27+00:00\",\"mainEntityOfPage\":{\"@id\":\"https:\\\/\\\/www.webdo.tn\\\/fr\\\/actualite\\\/international\\\/guerre-en-ukraine-lue-decide-de-geler-indefiniment-les-avoirs-souverains-russes\\\/389483\\\/\"},\"wordCount\":393,\"publisher\":{\"@id\":\"https:\\\/\\\/www.webdo.tn\\\/fr\\\/#organization\"},\"image\":{\"@id\":\"https:\\\/\\\/www.webdo.tn\\\/fr\\\/actualite\\\/international\\\/guerre-en-ukraine-lue-decide-de-geler-indefiniment-les-avoirs-souverains-russes\\\/389483\\\/#primaryimage\"},\"thumbnailUrl\":\"https:\\\/\\\/www.webdo.tn\\\/fr\\\/wp-content\\\/uploads\\\/2025\\\/12\\\/ukraine.jpeg\",\"keywords\":[\"avoirs russes\",\"Russie\",\"Ukraine\",\"Union europ\u00e9enne\"],\"articleSection\":[\"International\"],\"inLanguage\":\"fr-FR\"},{\"@type\":\"WebPage\",\"@id\":\"https:\\\/\\\/www.webdo.tn\\\/fr\\\/actualite\\\/international\\\/guerre-en-ukraine-lue-decide-de-geler-indefiniment-les-avoirs-souverains-russes\\\/389483\\\/\",\"url\":\"https:\\\/\\\/www.webdo.tn\\\/fr\\\/actualite\\\/international\\\/guerre-en-ukraine-lue-decide-de-geler-indefiniment-les-avoirs-souverains-russes\\\/389483\\\/\",\"name\":\"Guerre en Ukraine : L\u2019UE d\u00e9cide de geler ind\u00e9finiment les avoirs souverains russes - webdo\",\"isPartOf\":{\"@id\":\"https:\\\/\\\/www.webdo.tn\\\/fr\\\/#website\"},\"primaryImageOfPage\":{\"@id\":\"https:\\\/\\\/www.webdo.tn\\\/fr\\\/actualite\\\/international\\\/guerre-en-ukraine-lue-decide-de-geler-indefiniment-les-avoirs-souverains-russes\\\/389483\\\/#primaryimage\"},\"image\":{\"@id\":\"https:\\\/\\\/www.webdo.tn\\\/fr\\\/actualite\\\/international\\\/guerre-en-ukraine-lue-decide-de-geler-indefiniment-les-avoirs-souverains-russes\\\/389483\\\/#primaryimage\"},\"thumbnailUrl\":\"https:\\\/\\\/www.webdo.tn\\\/fr\\\/wp-content\\\/uploads\\\/2025\\\/12\\\/ukraine.jpeg\",\"datePublished\":\"2025-12-12T19:02:26+00:00\",\"dateModified\":\"2025-12-12T19:02:27+00:00\",\"description\":\"D\u00e9couvrez comment l\u2019UE a d\u00e9cid\u00e9 de geler les avoirs souverains russes, accentuant la pression sur Moscou pour des r\u00e9parations.\",\"breadcrumb\":{\"@id\":\"https:\\\/\\\/www.webdo.tn\\\/fr\\\/actualite\\\/international\\\/guerre-en-ukraine-lue-decide-de-geler-indefiniment-les-avoirs-souverains-russes\\\/389483\\\/#breadcrumb\"},\"inLanguage\":\"fr-FR\",\"potentialAction\":[{\"@type\":\"ReadAction\",\"target\":[\"https:\\\/\\\/www.webdo.tn\\\/fr\\\/actualite\\\/international\\\/guerre-en-ukraine-lue-decide-de-geler-indefiniment-les-avoirs-souverains-russes\\\/389483\\\/\"]}]},{\"@type\":\"ImageObject\",\"inLanguage\":\"fr-FR\",\"@id\":\"https:\\\/\\\/www.webdo.tn\\\/fr\\\/actualite\\\/international\\\/guerre-en-ukraine-lue-decide-de-geler-indefiniment-les-avoirs-souverains-russes\\\/389483\\\/#primaryimage\",\"url\":\"https:\\\/\\\/www.webdo.tn\\\/fr\\\/wp-content\\\/uploads\\\/2025\\\/12\\\/ukraine.jpeg\",\"contentUrl\":\"https:\\\/\\\/www.webdo.tn\\\/fr\\\/wp-content\\\/uploads\\\/2025\\\/12\\\/ukraine.jpeg\",\"width\":1200,\"height\":603,\"caption\":\"Guerre en Ukraine : L\u2019UE d\u00e9cide de geler ind\u00e9finiment les avoirs souverains russes\"},{\"@type\":\"BreadcrumbList\",\"@id\":\"https:\\\/\\\/www.webdo.tn\\\/fr\\\/actualite\\\/international\\\/guerre-en-ukraine-lue-decide-de-geler-indefiniment-les-avoirs-souverains-russes\\\/389483\\\/#breadcrumb\",\"itemListElement\":[{\"@type\":\"ListItem\",\"position\":1,\"name\":\"Accueil\",\"item\":\"https:\\\/\\\/www.webdo.tn\\\/fr\\\/\"},{\"@type\":\"ListItem\",\"position\":2,\"name\":\"Guerre en Ukraine : L\u2019UE d\u00e9cide de geler ind\u00e9finiment les avoirs souverains russes\"}]},{\"@type\":\"WebSite\",\"@id\":\"https:\\\/\\\/www.webdo.tn\\\/fr\\\/#website\",\"url\":\"https:\\\/\\\/www.webdo.tn\\\/fr\\\/\",\"name\":\"webdo\",\"description\":\"Tunisie - News en Tunisie et \u00e0 l&#039;international sur Webdo.tn\",\"publisher\":{\"@id\":\"https:\\\/\\\/www.webdo.tn\\\/fr\\\/#organization\"},\"potentialAction\":[{\"@type\":\"SearchAction\",\"target\":{\"@type\":\"EntryPoint\",\"urlTemplate\":\"https:\\\/\\\/www.webdo.tn\\\/fr\\\/?s={search_term_string}\"},\"query-input\":{\"@type\":\"PropertyValueSpecification\",\"valueRequired\":true,\"valueName\":\"search_term_string\"}}],\"inLanguage\":\"fr-FR\"},{\"@type\":\"Organization\",\"@id\":\"https:\\\/\\\/www.webdo.tn\\\/fr\\\/#organization\",\"name\":\"Webdo\",\"alternateName\":\"Webdo.tn\",\"url\":\"https:\\\/\\\/www.webdo.tn\\\/fr\\\/\",\"logo\":{\"@type\":\"ImageObject\",\"inLanguage\":\"fr-FR\",\"@id\":\"https:\\\/\\\/www.webdo.tn\\\/fr\\\/#\\\/schema\\\/logo\\\/image\\\/\",\"url\":\"https:\\\/\\\/www.webdo.tn\\\/fr\\\/wp-content\\\/uploads\\\/2025\\\/06\\\/Webdo-Tunisie_168377.jpg\",\"contentUrl\":\"https:\\\/\\\/www.webdo.tn\\\/fr\\\/wp-content\\\/uploads\\\/2025\\\/06\\\/Webdo-Tunisie_168377.jpg\",\"width\":301,\"height\":301,\"caption\":\"Webdo\"},\"image\":{\"@id\":\"https:\\\/\\\/www.webdo.tn\\\/fr\\\/#\\\/schema\\\/logo\\\/image\\\/\"},\"sameAs\":[\"https:\\\/\\\/www.facebook.com\\\/webdotn\",\"https:\\\/\\\/x.com\\\/webdo_tn\"],\"description\":\"Webdo est un m\u00e9dia num\u00e9rique tunisien fond\u00e9 en 2010, sp\u00e9cialis\u00e9 dans l\u2019actualit\u00e9 nationale et internationale, l\u2019\u00e9conomie, la soci\u00e9t\u00e9 et les analyses politiques. Le site s\u2019adresse \u00e0 un large public francophone et couvre l\u2019information tunisienne en temps r\u00e9el.\",\"email\":\"redac@webdo.tn\",\"legalName\":\"YNJ SARL\",\"foundingDate\":\"2010-09-06\",\"numberOfEmployees\":{\"@type\":\"QuantitativeValue\",\"minValue\":\"11\",\"maxValue\":\"50\"}},{\"@type\":\"Person\",\"@id\":\"https:\\\/\\\/www.webdo.tn\\\/fr\\\/#\\\/schema\\\/person\\\/16a4857e77dfc0b610c4c2cadffc9ac4\",\"name\":\"Mohamed Fethi\",\"image\":{\"@type\":\"ImageObject\",\"inLanguage\":\"fr-FR\",\"@id\":\"https:\\\/\\\/www.webdo.tn\\\/fr\\\/wp-content\\\/uploads\\\/2026\\\/04\\\/mohamed-fethi_avatar_1-96x96.jpg\",\"url\":\"https:\\\/\\\/www.webdo.tn\\\/fr\\\/wp-content\\\/uploads\\\/2026\\\/04\\\/mohamed-fethi_avatar_1-96x96.jpg\",\"contentUrl\":\"https:\\\/\\\/www.webdo.tn\\\/fr\\\/wp-content\\\/uploads\\\/2026\\\/04\\\/mohamed-fethi_avatar_1-96x96.jpg\",\"caption\":\"Mohamed Fethi\"},\"description\":\"Signature \u00e9ditoriale de Maher Chaabane Mohamed Fethi est le pseudonyme \u00e9ditorial de Maher Chaabane, r\u00e9dacteur en chef de Webdo.tn depuis 2012. Cette signature est d\u00e9di\u00e9e au traitement intensif de l'actualit\u00e9 nationale et internationale en temps r\u00e9el. S'appuyant sur les deux d\u00e9cennies d'expertise journalistique de Maher Chaabane \u2014 d\u00e9but\u00e9e au sein du groupe Tunis Hebdo en 2000 \u2014 Mohamed Fethi assure une veille rigoureuse sur les enjeux politiques, \u00e9conomiques et sportifs. Sa mission est de garantir une information structur\u00e9e, fluide et fid\u00e8le aux standards de la r\u00e9daction. Pour consulter le parcours complet du r\u00e9dacteur en chef, visitez le profil officiel de Maher Chaabane.\",\"knowsAbout\":[\"actualit\u00e9\",\"journalisme\",\"information\",\"politique\",\"sport\",\"m\u00e9dias\",\"actualit\u00e9 internationale\"],\"knowsLanguage\":[\"Fran\u00e7ais\",\"Arabe\"],\"jobTitle\":\"Journaliste \u2013 R\u00e9daction Webdo\",\"worksFor\":\"Webdo.tn\",\"url\":\"https:\\\/\\\/www.webdo.tn\\\/fr\\\/actualite\\\/author\\\/mohamed-fethi\\\/\"}]}<\/script>\n<!-- \/ Yoast SEO Premium plugin. -->","yoast_head_json":{"title":"Guerre en Ukraine : L\u2019UE d\u00e9cide de geler ind\u00e9finiment les avoirs souverains russes - webdo","description":"D\u00e9couvrez comment l\u2019UE a d\u00e9cid\u00e9 de geler les avoirs souverains russes, accentuant la pression sur Moscou pour des r\u00e9parations.","canonical":"https:\/\/www.webdo.tn\/fr\/actualite\/international\/guerre-en-ukraine-lue-decide-de-geler-indefiniment-les-avoirs-souverains-russes\/389483\/","og_locale":"fr_FR","og_type":"article","og_title":"Guerre en Ukraine : L\u2019UE d\u00e9cide de geler ind\u00e9finiment les avoirs souverains russes","og_description":"D\u00e9couvrez comment l\u2019UE a d\u00e9cid\u00e9 de geler les avoirs souverains russes, accentuant la pression sur Moscou pour des r\u00e9parations.","og_url":"https:\/\/www.webdo.tn\/fr\/actualite\/international\/guerre-en-ukraine-lue-decide-de-geler-indefiniment-les-avoirs-souverains-russes\/389483\/","og_site_name":"webdo","article_publisher":"https:\/\/www.facebook.com\/webdotn","article_published_time":"2025-12-12T19:02:26+00:00","article_modified_time":"2025-12-12T19:02:27+00:00","og_image":[{"width":1200,"height":603,"url":"https:\/\/www.webdo.tn\/fr\/wp-content\/uploads\/2025\/12\/ukraine.jpeg","type":"image\/jpeg"}],"author":"Mohamed Fethi","twitter_card":"summary_large_image","twitter_creator":"@webdo_tn","twitter_site":"@webdo_tn","twitter_misc":{"\u00c9crit par":"Mohamed Fethi","Dur\u00e9e de lecture estim\u00e9e":"2 minutes"},"schema":{"@context":"https:\/\/schema.org","@graph":[{"@type":"NewsArticle","@id":"https:\/\/www.webdo.tn\/fr\/actualite\/international\/guerre-en-ukraine-lue-decide-de-geler-indefiniment-les-avoirs-souverains-russes\/389483\/#article","isPartOf":{"@id":"https:\/\/www.webdo.tn\/fr\/actualite\/international\/guerre-en-ukraine-lue-decide-de-geler-indefiniment-les-avoirs-souverains-russes\/389483\/"},"author":{"name":"Mohamed Fethi","@id":"https:\/\/www.webdo.tn\/fr\/#\/schema\/person\/16a4857e77dfc0b610c4c2cadffc9ac4"},"headline":"Guerre en Ukraine : L\u2019UE d\u00e9cide de geler ind\u00e9finiment les avoirs souverains russes","datePublished":"2025-12-12T19:02:26+00:00","dateModified":"2025-12-12T19:02:27+00:00","mainEntityOfPage":{"@id":"https:\/\/www.webdo.tn\/fr\/actualite\/international\/guerre-en-ukraine-lue-decide-de-geler-indefiniment-les-avoirs-souverains-russes\/389483\/"},"wordCount":393,"publisher":{"@id":"https:\/\/www.webdo.tn\/fr\/#organization"},"image":{"@id":"https:\/\/www.webdo.tn\/fr\/actualite\/international\/guerre-en-ukraine-lue-decide-de-geler-indefiniment-les-avoirs-souverains-russes\/389483\/#primaryimage"},"thumbnailUrl":"https:\/\/www.webdo.tn\/fr\/wp-content\/uploads\/2025\/12\/ukraine.jpeg","keywords":["avoirs russes","Russie","Ukraine","Union europ\u00e9enne"],"articleSection":["International"],"inLanguage":"fr-FR"},{"@type":"WebPage","@id":"https:\/\/www.webdo.tn\/fr\/actualite\/international\/guerre-en-ukraine-lue-decide-de-geler-indefiniment-les-avoirs-souverains-russes\/389483\/","url":"https:\/\/www.webdo.tn\/fr\/actualite\/international\/guerre-en-ukraine-lue-decide-de-geler-indefiniment-les-avoirs-souverains-russes\/389483\/","name":"Guerre en Ukraine : L\u2019UE d\u00e9cide de geler ind\u00e9finiment les avoirs souverains russes - webdo","isPartOf":{"@id":"https:\/\/www.webdo.tn\/fr\/#website"},"primaryImageOfPage":{"@id":"https:\/\/www.webdo.tn\/fr\/actualite\/international\/guerre-en-ukraine-lue-decide-de-geler-indefiniment-les-avoirs-souverains-russes\/389483\/#primaryimage"},"image":{"@id":"https:\/\/www.webdo.tn\/fr\/actualite\/international\/guerre-en-ukraine-lue-decide-de-geler-indefiniment-les-avoirs-souverains-russes\/389483\/#primaryimage"},"thumbnailUrl":"https:\/\/www.webdo.tn\/fr\/wp-content\/uploads\/2025\/12\/ukraine.jpeg","datePublished":"2025-12-12T19:02:26+00:00","dateModified":"2025-12-12T19:02:27+00:00","description":"D\u00e9couvrez comment l\u2019UE a d\u00e9cid\u00e9 de geler les avoirs souverains russes, accentuant la pression sur Moscou pour des r\u00e9parations.","breadcrumb":{"@id":"https:\/\/www.webdo.tn\/fr\/actualite\/international\/guerre-en-ukraine-lue-decide-de-geler-indefiniment-les-avoirs-souverains-russes\/389483\/#breadcrumb"},"inLanguage":"fr-FR","potentialAction":[{"@type":"ReadAction","target":["https:\/\/www.webdo.tn\/fr\/actualite\/international\/guerre-en-ukraine-lue-decide-de-geler-indefiniment-les-avoirs-souverains-russes\/389483\/"]}]},{"@type":"ImageObject","inLanguage":"fr-FR","@id":"https:\/\/www.webdo.tn\/fr\/actualite\/international\/guerre-en-ukraine-lue-decide-de-geler-indefiniment-les-avoirs-souverains-russes\/389483\/#primaryimage","url":"https:\/\/www.webdo.tn\/fr\/wp-content\/uploads\/2025\/12\/ukraine.jpeg","contentUrl":"https:\/\/www.webdo.tn\/fr\/wp-content\/uploads\/2025\/12\/ukraine.jpeg","width":1200,"height":603,"caption":"Guerre en Ukraine : L\u2019UE d\u00e9cide de geler ind\u00e9finiment les avoirs souverains russes"},{"@type":"BreadcrumbList","@id":"https:\/\/www.webdo.tn\/fr\/actualite\/international\/guerre-en-ukraine-lue-decide-de-geler-indefiniment-les-avoirs-souverains-russes\/389483\/#breadcrumb","itemListElement":[{"@type":"ListItem","position":1,"name":"Accueil","item":"https:\/\/www.webdo.tn\/fr\/"},{"@type":"ListItem","position":2,"name":"Guerre en Ukraine : L\u2019UE d\u00e9cide de geler ind\u00e9finiment les avoirs souverains russes"}]},{"@type":"WebSite","@id":"https:\/\/www.webdo.tn\/fr\/#website","url":"https:\/\/www.webdo.tn\/fr\/","name":"webdo","description":"Tunisie - News en Tunisie et \u00e0 l&#039;international sur Webdo.tn","publisher":{"@id":"https:\/\/www.webdo.tn\/fr\/#organization"},"potentialAction":[{"@type":"SearchAction","target":{"@type":"EntryPoint","urlTemplate":"https:\/\/www.webdo.tn\/fr\/?s={search_term_string}"},"query-input":{"@type":"PropertyValueSpecification","valueRequired":true,"valueName":"search_term_string"}}],"inLanguage":"fr-FR"},{"@type":"Organization","@id":"https:\/\/www.webdo.tn\/fr\/#organization","name":"Webdo","alternateName":"Webdo.tn","url":"https:\/\/www.webdo.tn\/fr\/","logo":{"@type":"ImageObject","inLanguage":"fr-FR","@id":"https:\/\/www.webdo.tn\/fr\/#\/schema\/logo\/image\/","url":"https:\/\/www.webdo.tn\/fr\/wp-content\/uploads\/2025\/06\/Webdo-Tunisie_168377.jpg","contentUrl":"https:\/\/www.webdo.tn\/fr\/wp-content\/uploads\/2025\/06\/Webdo-Tunisie_168377.jpg","width":301,"height":301,"caption":"Webdo"},"image":{"@id":"https:\/\/www.webdo.tn\/fr\/#\/schema\/logo\/image\/"},"sameAs":["https:\/\/www.facebook.com\/webdotn","https:\/\/x.com\/webdo_tn"],"description":"Webdo est un m\u00e9dia num\u00e9rique tunisien fond\u00e9 en 2010, sp\u00e9cialis\u00e9 dans l\u2019actualit\u00e9 nationale et internationale, l\u2019\u00e9conomie, la soci\u00e9t\u00e9 et les analyses politiques. Le site s\u2019adresse \u00e0 un large public francophone et couvre l\u2019information tunisienne en temps r\u00e9el.","email":"redac@webdo.tn","legalName":"YNJ SARL","foundingDate":"2010-09-06","numberOfEmployees":{"@type":"QuantitativeValue","minValue":"11","maxValue":"50"}},{"@type":"Person","@id":"https:\/\/www.webdo.tn\/fr\/#\/schema\/person\/16a4857e77dfc0b610c4c2cadffc9ac4","name":"Mohamed Fethi","image":{"@type":"ImageObject","inLanguage":"fr-FR","@id":"https:\/\/www.webdo.tn\/fr\/wp-content\/uploads\/2026\/04\/mohamed-fethi_avatar_1-96x96.jpg","url":"https:\/\/www.webdo.tn\/fr\/wp-content\/uploads\/2026\/04\/mohamed-fethi_avatar_1-96x96.jpg","contentUrl":"https:\/\/www.webdo.tn\/fr\/wp-content\/uploads\/2026\/04\/mohamed-fethi_avatar_1-96x96.jpg","caption":"Mohamed Fethi"},"description":"Signature \u00e9ditoriale de Maher Chaabane Mohamed Fethi est le pseudonyme \u00e9ditorial de Maher Chaabane, r\u00e9dacteur en chef de Webdo.tn depuis 2012. Cette signature est d\u00e9di\u00e9e au traitement intensif de l'actualit\u00e9 nationale et internationale en temps r\u00e9el. S'appuyant sur les deux d\u00e9cennies d'expertise journalistique de Maher Chaabane \u2014 d\u00e9but\u00e9e au sein du groupe Tunis Hebdo en 2000 \u2014 Mohamed Fethi assure une veille rigoureuse sur les enjeux politiques, \u00e9conomiques et sportifs. Sa mission est de garantir une information structur\u00e9e, fluide et fid\u00e8le aux standards de la r\u00e9daction. Pour consulter le parcours complet du r\u00e9dacteur en chef, visitez le profil officiel de Maher Chaabane.","knowsAbout":["actualit\u00e9","journalisme","information","politique","sport","m\u00e9dias","actualit\u00e9 internationale"],"knowsLanguage":["Fran\u00e7ais","Arabe"],"jobTitle":"Journaliste \u2013 R\u00e9daction Webdo","worksFor":"Webdo.tn","url":"https:\/\/www.webdo.tn\/fr\/actualite\/author\/mohamed-fethi\/"}]}},"_links":{"self":[{"href":"https:\/\/www.webdo.tn\/fr\/wp-json\/wp\/v2\/posts\/389483","targetHints":{"allow":["GET"]}}],"collection":[{"href":"https:\/\/www.webdo.tn\/fr\/wp-json\/wp\/v2\/posts"}],"about":[{"href":"https:\/\/www.webdo.tn\/fr\/wp-json\/wp\/v2\/types\/post"}],"author":[{"embeddable":true,"href":"https:\/\/www.webdo.tn\/fr\/wp-json\/wp\/v2\/users\/4782"}],"replies":[{"embeddable":true,"href":"https:\/\/www.webdo.tn\/fr\/wp-json\/wp\/v2\/comments?post=389483"}],"version-history":[{"count":0,"href":"https:\/\/www.webdo.tn\/fr\/wp-json\/wp\/v2\/posts\/389483\/revisions"}],"wp:featuredmedia":[{"embeddable":true,"href":"https:\/\/www.webdo.tn\/fr\/wp-json\/wp\/v2\/media\/389484"}],"wp:attachment":[{"href":"https:\/\/www.webdo.tn\/fr\/wp-json\/wp\/v2\/media?parent=389483"}],"wp:term":[{"taxonomy":"category","embeddable":true,"href":"https:\/\/www.webdo.tn\/fr\/wp-json\/wp\/v2\/categories?post=389483"},{"taxonomy":"post_tag","embeddable":true,"href":"https:\/\/www.webdo.tn\/fr\/wp-json\/wp\/v2\/tags?post=389483"}],"curies":[{"name":"wp","href":"https:\/\/api.w.org\/{rel}","templated":true}]}}