{"id":389480,"date":"2025-12-12T19:46:28","date_gmt":"2025-12-12T18:46:28","guid":{"rendered":"https:\/\/www.webdo.tn\/fr\/?p=389480"},"modified":"2025-12-12T19:46:31","modified_gmt":"2025-12-12T18:46:31","slug":"narges-mohammadi-prix-nobel-de-la-paix-2023-arretee-en-iran","status":"publish","type":"post","link":"https:\/\/www.webdo.tn\/fr\/actualite\/international\/narges-mohammadi-prix-nobel-de-la-paix-2023-arretee-en-iran\/389480\/","title":{"rendered":"Narges Mohammadi, prix Nobel de la paix 2023, arr\u00eat\u00e9e en Iran"},"content":{"rendered":"\n<p>La laur\u00e9ate du prix Nobel de la paix 2023, Narges Mohammadi, a \u00e9t\u00e9 \u00ab violemment arr\u00eat\u00e9e \u00bb ce vendredi 12 d\u00e9cembre en Iran alors qu\u2019elle participait \u00e0 une c\u00e9r\u00e9monie en hommage \u00e0 l\u2019avocat Khosrow Alikordi, d\u00e9c\u00e9d\u00e9 dans des circonstances jug\u00e9es suspectes.<\/p>\n\n\n\n<p>\u00c2g\u00e9e de 53 ans, la journaliste et militante des droits humains \u00e9tait en libert\u00e9 provisoire pour raisons m\u00e9dicales depuis fin 2024. Son arrestation a \u00e9t\u00e9 confirm\u00e9e par sa d\u00e9fense et d\u00e9nonc\u00e9e par son comit\u00e9 de soutien.<\/p>\n\n\n\n<h2 class=\"wp-block-heading\" id=\"h-une-interpellation-brutale-en-pleine-ceremonie\">Une interpellation brutale en pleine c\u00e9r\u00e9monie<\/h2>\n\n\n\n<p>Selon la Fondation Narges Mohammadi, l\u2019opposante a \u00e9t\u00e9 \u00ab violemment interpell\u00e9e \u00bb par les forces de s\u00e9curit\u00e9 lors d\u2019une c\u00e9r\u00e9monie marquant les sept jours depuis la mort de Khosrow Alikordi, avocat de 45 ans sp\u00e9cialis\u00e9 dans la d\u00e9fense de manifestants arr\u00eat\u00e9s lors du soul\u00e8vement de 2022.<\/p>\n\n\n\n<h2 class=\"wp-block-heading\" id=\"h-une-figure-emblematique-de-la-resistance-civile\">Une figure embl\u00e9matique de la r\u00e9sistance civile<\/h2>\n\n\n\n<p>Narges Mohammadi, r\u00e9guli\u00e8rement emprisonn\u00e9e depuis pr\u00e8s de vingt ans pour ses prises de position contre le r\u00e9gime des mollahs, avait re\u00e7u le prix Nobel de la paix en 2023 pour son combat contre l\u2019oppression des femmes et pour la d\u00e9fense des droits fondamentaux. Sa condamnation la plus r\u00e9cente, purg\u00e9e en partie, portait sur des accusations de propagande contre l\u2019\u00c9tat.<\/p>\n\n\n\n<p><\/p>\n\n\n\n<blockquote class=\"twitter-tweet\" data-media-max-width=\"560\"><p lang=\"en\" dir=\"ltr\">BREAKING NEWS: Narges Mohammadi Arrested at Memorial for Khosrow Alikordi<br><br>12 December 2025<br><br>According to verified reports, Narges Mohammadi was violently arrested earlier today by security forces during the seventh-day memorial ceremony for Khosrow Alikordi, a lawyer who was\u2026 <a href=\"https:\/\/t.co\/zQ8DtLxDKY\">pic.twitter.com\/zQ8DtLxDKY<\/a><\/p>&mdash; Narges Mohammadi | \u0646\u0631\u06af\u0633 \u0645\u062d\u0645\u062f\u06cc (@nargesfnd) <a href=\"https:\/\/twitter.com\/nargesfnd\/status\/1999501748319252795?ref_src=twsrc%5Etfw\">December 12, 2025<\/a><\/blockquote> <script async src=\"https:\/\/platform.twitter.com\/widgets.js\" charset=\"utf-8\"><\/script>\n\n\n\n<p><\/p>\n\n\n\n<blockquote class=\"wp-block-quote is-layout-flow wp-block-quote-is-layout-flow\">\n<p><strong>Lire aussi<\/strong><\/p>\n\n\n\n<ul class=\"wp-block-list\">\n<li><a href=\"https:\/\/www.webdo.tn\/fr\/actualite\/international\/le-nobel-de-la-paix-decerne-a-la-militante-iranienne-narges-mohammadi\/209150\/\">Le Nobel de la paix d\u00e9cern\u00e9 \u00e0 la militante iranienne Narges Mohammadi<\/a><\/li>\n<\/ul>\n<\/blockquote>\n","protected":false},"excerpt":{"rendered":"<p>La laur\u00e9ate du prix Nobel de la paix 2023, Narges Mohammadi, a \u00e9t\u00e9 \u00ab violemment arr\u00eat\u00e9e \u00bb ce vendredi 12 d\u00e9cembre en Iran alors qu\u2019elle participait \u00e0 une c\u00e9r\u00e9monie en hommage \u00e0 l\u2019avocat Khosrow Alikordi, d\u00e9c\u00e9d\u00e9 dans des circonstances jug\u00e9es suspectes. \u00c2g\u00e9e de 53 ans, la journaliste et militante des droits humains \u00e9tait en libert\u00e9 [&hellip;]<\/p>\n","protected":false},"author":4782,"featured_media":389482,"comment_status":"closed","ping_status":"closed","sticky":false,"template":"","format":"standard","meta":{"footnotes":""},"categories":[2598],"tags":[2912,7793,12821],"class_list":["post-389480","post","type-post","status-publish","format-standard","has-post-thumbnail","hentry","category-international","tag-iran","tag-narges-mohammadi","tag-prix-nobel-de-la-paix"],"yoast_head":"<!-- This site is optimized with the Yoast SEO Premium plugin v27.5 (Yoast SEO v27.5) - https:\/\/yoast.com\/product\/yoast-seo-premium-wordpress\/ -->\n<title>Narges Mohammadi, prix Nobel de la paix 2023, arr\u00eat\u00e9e en Iran - webdo<\/title>\n<meta name=\"description\" content=\"Narges Mohammadi, activiste et laur\u00e9ate du prix Nobel de la paix 2023, a \u00e9t\u00e9 arr\u00eat\u00e9e en Iran pour avoir rendu hommage \u00e0 Khosrow Alikordi.\" \/>\n<link rel=\"canonical\" href=\"https:\/\/www.webdo.tn\/fr\/actualite\/international\/narges-mohammadi-prix-nobel-de-la-paix-2023-arretee-en-iran\/389480\/\" \/>\n<meta property=\"og:locale\" content=\"fr_FR\" \/>\n<meta property=\"og:type\" content=\"article\" \/>\n<meta property=\"og:title\" content=\"Narges Mohammadi, prix Nobel de la paix 2023, arr\u00eat\u00e9e en Iran\" \/>\n<meta property=\"og:description\" content=\"Narges Mohammadi, activiste et laur\u00e9ate du prix Nobel de la paix 2023, a \u00e9t\u00e9 arr\u00eat\u00e9e en Iran pour avoir rendu hommage \u00e0 Khosrow Alikordi.\" \/>\n<meta property=\"og:url\" content=\"https:\/\/www.webdo.tn\/fr\/actualite\/international\/narges-mohammadi-prix-nobel-de-la-paix-2023-arretee-en-iran\/389480\/\" \/>\n<meta property=\"og:site_name\" content=\"webdo\" \/>\n<meta property=\"article:publisher\" content=\"https:\/\/www.facebook.com\/webdotn\" \/>\n<meta property=\"article:published_time\" content=\"2025-12-12T18:46:28+00:00\" \/>\n<meta property=\"article:modified_time\" content=\"2025-12-12T18:46:31+00:00\" \/>\n<meta property=\"og:image\" content=\"https:\/\/www.webdo.tn\/fr\/wp-content\/uploads\/2025\/12\/Narges-Mohammadi.jpg\" \/>\n\t<meta property=\"og:image:width\" content=\"1200\" \/>\n\t<meta property=\"og:image:height\" content=\"603\" \/>\n\t<meta property=\"og:image:type\" content=\"image\/jpeg\" \/>\n<meta name=\"author\" content=\"Mohamed Fethi\" \/>\n<meta name=\"twitter:card\" content=\"summary_large_image\" \/>\n<meta name=\"twitter:creator\" content=\"@webdo_tn\" \/>\n<meta name=\"twitter:site\" content=\"@webdo_tn\" \/>\n<meta name=\"twitter:label1\" content=\"\u00c9crit par\" \/>\n\t<meta name=\"twitter:data1\" content=\"Mohamed Fethi\" \/>\n\t<meta name=\"twitter:label2\" content=\"Dur\u00e9e de lecture estim\u00e9e\" \/>\n\t<meta name=\"twitter:data2\" content=\"2 minutes\" \/>\n<script type=\"application\/ld+json\" class=\"yoast-schema-graph\">{\"@context\":\"https:\\\/\\\/schema.org\",\"@graph\":[{\"@type\":\"NewsArticle\",\"@id\":\"https:\\\/\\\/www.webdo.tn\\\/fr\\\/actualite\\\/international\\\/narges-mohammadi-prix-nobel-de-la-paix-2023-arretee-en-iran\\\/389480\\\/#article\",\"isPartOf\":{\"@id\":\"https:\\\/\\\/www.webdo.tn\\\/fr\\\/actualite\\\/international\\\/narges-mohammadi-prix-nobel-de-la-paix-2023-arretee-en-iran\\\/389480\\\/\"},\"author\":{\"name\":\"Mohamed Fethi\",\"@id\":\"https:\\\/\\\/www.webdo.tn\\\/fr\\\/#\\\/schema\\\/person\\\/16a4857e77dfc0b610c4c2cadffc9ac4\"},\"headline\":\"Narges Mohammadi, prix Nobel de la paix 2023, arr\u00eat\u00e9e en Iran\",\"datePublished\":\"2025-12-12T18:46:28+00:00\",\"dateModified\":\"2025-12-12T18:46:31+00:00\",\"mainEntityOfPage\":{\"@id\":\"https:\\\/\\\/www.webdo.tn\\\/fr\\\/actualite\\\/international\\\/narges-mohammadi-prix-nobel-de-la-paix-2023-arretee-en-iran\\\/389480\\\/\"},\"wordCount\":298,\"publisher\":{\"@id\":\"https:\\\/\\\/www.webdo.tn\\\/fr\\\/#organization\"},\"image\":{\"@id\":\"https:\\\/\\\/www.webdo.tn\\\/fr\\\/actualite\\\/international\\\/narges-mohammadi-prix-nobel-de-la-paix-2023-arretee-en-iran\\\/389480\\\/#primaryimage\"},\"thumbnailUrl\":\"https:\\\/\\\/www.webdo.tn\\\/fr\\\/wp-content\\\/uploads\\\/2025\\\/12\\\/Narges-Mohammadi.jpg\",\"keywords\":[\"Iran\",\"Narges Mohammadi\",\"prix nobel de la paix\"],\"articleSection\":[\"International\"],\"inLanguage\":\"fr-FR\"},{\"@type\":\"WebPage\",\"@id\":\"https:\\\/\\\/www.webdo.tn\\\/fr\\\/actualite\\\/international\\\/narges-mohammadi-prix-nobel-de-la-paix-2023-arretee-en-iran\\\/389480\\\/\",\"url\":\"https:\\\/\\\/www.webdo.tn\\\/fr\\\/actualite\\\/international\\\/narges-mohammadi-prix-nobel-de-la-paix-2023-arretee-en-iran\\\/389480\\\/\",\"name\":\"Narges Mohammadi, prix Nobel de la paix 2023, arr\u00eat\u00e9e en Iran - webdo\",\"isPartOf\":{\"@id\":\"https:\\\/\\\/www.webdo.tn\\\/fr\\\/#website\"},\"primaryImageOfPage\":{\"@id\":\"https:\\\/\\\/www.webdo.tn\\\/fr\\\/actualite\\\/international\\\/narges-mohammadi-prix-nobel-de-la-paix-2023-arretee-en-iran\\\/389480\\\/#primaryimage\"},\"image\":{\"@id\":\"https:\\\/\\\/www.webdo.tn\\\/fr\\\/actualite\\\/international\\\/narges-mohammadi-prix-nobel-de-la-paix-2023-arretee-en-iran\\\/389480\\\/#primaryimage\"},\"thumbnailUrl\":\"https:\\\/\\\/www.webdo.tn\\\/fr\\\/wp-content\\\/uploads\\\/2025\\\/12\\\/Narges-Mohammadi.jpg\",\"datePublished\":\"2025-12-12T18:46:28+00:00\",\"dateModified\":\"2025-12-12T18:46:31+00:00\",\"description\":\"Narges Mohammadi, activiste et laur\u00e9ate du prix Nobel de la paix 2023, a \u00e9t\u00e9 arr\u00eat\u00e9e en Iran pour avoir rendu hommage \u00e0 Khosrow Alikordi.\",\"breadcrumb\":{\"@id\":\"https:\\\/\\\/www.webdo.tn\\\/fr\\\/actualite\\\/international\\\/narges-mohammadi-prix-nobel-de-la-paix-2023-arretee-en-iran\\\/389480\\\/#breadcrumb\"},\"inLanguage\":\"fr-FR\",\"potentialAction\":[{\"@type\":\"ReadAction\",\"target\":[\"https:\\\/\\\/www.webdo.tn\\\/fr\\\/actualite\\\/international\\\/narges-mohammadi-prix-nobel-de-la-paix-2023-arretee-en-iran\\\/389480\\\/\"]}]},{\"@type\":\"ImageObject\",\"inLanguage\":\"fr-FR\",\"@id\":\"https:\\\/\\\/www.webdo.tn\\\/fr\\\/actualite\\\/international\\\/narges-mohammadi-prix-nobel-de-la-paix-2023-arretee-en-iran\\\/389480\\\/#primaryimage\",\"url\":\"https:\\\/\\\/www.webdo.tn\\\/fr\\\/wp-content\\\/uploads\\\/2025\\\/12\\\/Narges-Mohammadi.jpg\",\"contentUrl\":\"https:\\\/\\\/www.webdo.tn\\\/fr\\\/wp-content\\\/uploads\\\/2025\\\/12\\\/Narges-Mohammadi.jpg\",\"width\":1200,\"height\":603,\"caption\":\"Narges Mohammadi, prix Nobel de la paix 2023, arr\u00eat\u00e9e en Iran\"},{\"@type\":\"BreadcrumbList\",\"@id\":\"https:\\\/\\\/www.webdo.tn\\\/fr\\\/actualite\\\/international\\\/narges-mohammadi-prix-nobel-de-la-paix-2023-arretee-en-iran\\\/389480\\\/#breadcrumb\",\"itemListElement\":[{\"@type\":\"ListItem\",\"position\":1,\"name\":\"Accueil\",\"item\":\"https:\\\/\\\/www.webdo.tn\\\/fr\\\/\"},{\"@type\":\"ListItem\",\"position\":2,\"name\":\"Narges Mohammadi, prix Nobel de la paix 2023, arr\u00eat\u00e9e en Iran\"}]},{\"@type\":\"WebSite\",\"@id\":\"https:\\\/\\\/www.webdo.tn\\\/fr\\\/#website\",\"url\":\"https:\\\/\\\/www.webdo.tn\\\/fr\\\/\",\"name\":\"webdo\",\"description\":\"Tunisie - News en Tunisie et \u00e0 l&#039;international sur Webdo.tn\",\"publisher\":{\"@id\":\"https:\\\/\\\/www.webdo.tn\\\/fr\\\/#organization\"},\"potentialAction\":[{\"@type\":\"SearchAction\",\"target\":{\"@type\":\"EntryPoint\",\"urlTemplate\":\"https:\\\/\\\/www.webdo.tn\\\/fr\\\/?s={search_term_string}\"},\"query-input\":{\"@type\":\"PropertyValueSpecification\",\"valueRequired\":true,\"valueName\":\"search_term_string\"}}],\"inLanguage\":\"fr-FR\"},{\"@type\":\"Organization\",\"@id\":\"https:\\\/\\\/www.webdo.tn\\\/fr\\\/#organization\",\"name\":\"Webdo\",\"alternateName\":\"Webdo.tn\",\"url\":\"https:\\\/\\\/www.webdo.tn\\\/fr\\\/\",\"logo\":{\"@type\":\"ImageObject\",\"inLanguage\":\"fr-FR\",\"@id\":\"https:\\\/\\\/www.webdo.tn\\\/fr\\\/#\\\/schema\\\/logo\\\/image\\\/\",\"url\":\"https:\\\/\\\/www.webdo.tn\\\/fr\\\/wp-content\\\/uploads\\\/2025\\\/06\\\/Webdo-Tunisie_168377.jpg\",\"contentUrl\":\"https:\\\/\\\/www.webdo.tn\\\/fr\\\/wp-content\\\/uploads\\\/2025\\\/06\\\/Webdo-Tunisie_168377.jpg\",\"width\":301,\"height\":301,\"caption\":\"Webdo\"},\"image\":{\"@id\":\"https:\\\/\\\/www.webdo.tn\\\/fr\\\/#\\\/schema\\\/logo\\\/image\\\/\"},\"sameAs\":[\"https:\\\/\\\/www.facebook.com\\\/webdotn\",\"https:\\\/\\\/x.com\\\/webdo_tn\"],\"description\":\"Webdo est un m\u00e9dia num\u00e9rique tunisien fond\u00e9 en 2010, sp\u00e9cialis\u00e9 dans l\u2019actualit\u00e9 nationale et internationale, l\u2019\u00e9conomie, la soci\u00e9t\u00e9 et les analyses politiques. Le site s\u2019adresse \u00e0 un large public francophone et couvre l\u2019information tunisienne en temps r\u00e9el.\",\"email\":\"redac@webdo.tn\",\"legalName\":\"YNJ SARL\",\"foundingDate\":\"2010-09-06\",\"numberOfEmployees\":{\"@type\":\"QuantitativeValue\",\"minValue\":\"11\",\"maxValue\":\"50\"}},{\"@type\":\"Person\",\"@id\":\"https:\\\/\\\/www.webdo.tn\\\/fr\\\/#\\\/schema\\\/person\\\/16a4857e77dfc0b610c4c2cadffc9ac4\",\"name\":\"Mohamed Fethi\",\"image\":{\"@type\":\"ImageObject\",\"inLanguage\":\"fr-FR\",\"@id\":\"https:\\\/\\\/www.webdo.tn\\\/fr\\\/wp-content\\\/uploads\\\/2026\\\/04\\\/mohamed-fethi_avatar_1-96x96.jpg\",\"url\":\"https:\\\/\\\/www.webdo.tn\\\/fr\\\/wp-content\\\/uploads\\\/2026\\\/04\\\/mohamed-fethi_avatar_1-96x96.jpg\",\"contentUrl\":\"https:\\\/\\\/www.webdo.tn\\\/fr\\\/wp-content\\\/uploads\\\/2026\\\/04\\\/mohamed-fethi_avatar_1-96x96.jpg\",\"caption\":\"Mohamed Fethi\"},\"description\":\"Signature \u00e9ditoriale de Maher Chaabane Mohamed Fethi est le pseudonyme \u00e9ditorial de Maher Chaabane, r\u00e9dacteur en chef de Webdo.tn depuis 2012. Cette signature est d\u00e9di\u00e9e au traitement intensif de l'actualit\u00e9 nationale et internationale en temps r\u00e9el. S'appuyant sur les deux d\u00e9cennies d'expertise journalistique de Maher Chaabane \u2014 d\u00e9but\u00e9e au sein du groupe Tunis Hebdo en 2000 \u2014 Mohamed Fethi assure une veille rigoureuse sur les enjeux politiques, \u00e9conomiques et sportifs. Sa mission est de garantir une information structur\u00e9e, fluide et fid\u00e8le aux standards de la r\u00e9daction. Pour consulter le parcours complet du r\u00e9dacteur en chef, visitez le profil officiel de Maher Chaabane.\",\"knowsAbout\":[\"actualit\u00e9\",\"journalisme\",\"information\",\"politique\",\"sport\",\"m\u00e9dias\",\"actualit\u00e9 internationale\"],\"knowsLanguage\":[\"Fran\u00e7ais\",\"Arabe\"],\"jobTitle\":\"Journaliste \u2013 R\u00e9daction Webdo\",\"worksFor\":\"Webdo.tn\",\"url\":\"https:\\\/\\\/www.webdo.tn\\\/fr\\\/actualite\\\/author\\\/mohamed-fethi\\\/\"}]}<\/script>\n<!-- \/ Yoast SEO Premium plugin. -->","yoast_head_json":{"title":"Narges Mohammadi, prix Nobel de la paix 2023, arr\u00eat\u00e9e en Iran - webdo","description":"Narges Mohammadi, activiste et laur\u00e9ate du prix Nobel de la paix 2023, a \u00e9t\u00e9 arr\u00eat\u00e9e en Iran pour avoir rendu hommage \u00e0 Khosrow Alikordi.","canonical":"https:\/\/www.webdo.tn\/fr\/actualite\/international\/narges-mohammadi-prix-nobel-de-la-paix-2023-arretee-en-iran\/389480\/","og_locale":"fr_FR","og_type":"article","og_title":"Narges Mohammadi, prix Nobel de la paix 2023, arr\u00eat\u00e9e en Iran","og_description":"Narges Mohammadi, activiste et laur\u00e9ate du prix Nobel de la paix 2023, a \u00e9t\u00e9 arr\u00eat\u00e9e en Iran pour avoir rendu hommage \u00e0 Khosrow Alikordi.","og_url":"https:\/\/www.webdo.tn\/fr\/actualite\/international\/narges-mohammadi-prix-nobel-de-la-paix-2023-arretee-en-iran\/389480\/","og_site_name":"webdo","article_publisher":"https:\/\/www.facebook.com\/webdotn","article_published_time":"2025-12-12T18:46:28+00:00","article_modified_time":"2025-12-12T18:46:31+00:00","og_image":[{"width":1200,"height":603,"url":"https:\/\/www.webdo.tn\/fr\/wp-content\/uploads\/2025\/12\/Narges-Mohammadi.jpg","type":"image\/jpeg"}],"author":"Mohamed Fethi","twitter_card":"summary_large_image","twitter_creator":"@webdo_tn","twitter_site":"@webdo_tn","twitter_misc":{"\u00c9crit par":"Mohamed Fethi","Dur\u00e9e de lecture estim\u00e9e":"2 minutes"},"schema":{"@context":"https:\/\/schema.org","@graph":[{"@type":"NewsArticle","@id":"https:\/\/www.webdo.tn\/fr\/actualite\/international\/narges-mohammadi-prix-nobel-de-la-paix-2023-arretee-en-iran\/389480\/#article","isPartOf":{"@id":"https:\/\/www.webdo.tn\/fr\/actualite\/international\/narges-mohammadi-prix-nobel-de-la-paix-2023-arretee-en-iran\/389480\/"},"author":{"name":"Mohamed Fethi","@id":"https:\/\/www.webdo.tn\/fr\/#\/schema\/person\/16a4857e77dfc0b610c4c2cadffc9ac4"},"headline":"Narges Mohammadi, prix Nobel de la paix 2023, arr\u00eat\u00e9e en Iran","datePublished":"2025-12-12T18:46:28+00:00","dateModified":"2025-12-12T18:46:31+00:00","mainEntityOfPage":{"@id":"https:\/\/www.webdo.tn\/fr\/actualite\/international\/narges-mohammadi-prix-nobel-de-la-paix-2023-arretee-en-iran\/389480\/"},"wordCount":298,"publisher":{"@id":"https:\/\/www.webdo.tn\/fr\/#organization"},"image":{"@id":"https:\/\/www.webdo.tn\/fr\/actualite\/international\/narges-mohammadi-prix-nobel-de-la-paix-2023-arretee-en-iran\/389480\/#primaryimage"},"thumbnailUrl":"https:\/\/www.webdo.tn\/fr\/wp-content\/uploads\/2025\/12\/Narges-Mohammadi.jpg","keywords":["Iran","Narges Mohammadi","prix nobel de la paix"],"articleSection":["International"],"inLanguage":"fr-FR"},{"@type":"WebPage","@id":"https:\/\/www.webdo.tn\/fr\/actualite\/international\/narges-mohammadi-prix-nobel-de-la-paix-2023-arretee-en-iran\/389480\/","url":"https:\/\/www.webdo.tn\/fr\/actualite\/international\/narges-mohammadi-prix-nobel-de-la-paix-2023-arretee-en-iran\/389480\/","name":"Narges Mohammadi, prix Nobel de la paix 2023, arr\u00eat\u00e9e en Iran - webdo","isPartOf":{"@id":"https:\/\/www.webdo.tn\/fr\/#website"},"primaryImageOfPage":{"@id":"https:\/\/www.webdo.tn\/fr\/actualite\/international\/narges-mohammadi-prix-nobel-de-la-paix-2023-arretee-en-iran\/389480\/#primaryimage"},"image":{"@id":"https:\/\/www.webdo.tn\/fr\/actualite\/international\/narges-mohammadi-prix-nobel-de-la-paix-2023-arretee-en-iran\/389480\/#primaryimage"},"thumbnailUrl":"https:\/\/www.webdo.tn\/fr\/wp-content\/uploads\/2025\/12\/Narges-Mohammadi.jpg","datePublished":"2025-12-12T18:46:28+00:00","dateModified":"2025-12-12T18:46:31+00:00","description":"Narges Mohammadi, activiste et laur\u00e9ate du prix Nobel de la paix 2023, a \u00e9t\u00e9 arr\u00eat\u00e9e en Iran pour avoir rendu hommage \u00e0 Khosrow Alikordi.","breadcrumb":{"@id":"https:\/\/www.webdo.tn\/fr\/actualite\/international\/narges-mohammadi-prix-nobel-de-la-paix-2023-arretee-en-iran\/389480\/#breadcrumb"},"inLanguage":"fr-FR","potentialAction":[{"@type":"ReadAction","target":["https:\/\/www.webdo.tn\/fr\/actualite\/international\/narges-mohammadi-prix-nobel-de-la-paix-2023-arretee-en-iran\/389480\/"]}]},{"@type":"ImageObject","inLanguage":"fr-FR","@id":"https:\/\/www.webdo.tn\/fr\/actualite\/international\/narges-mohammadi-prix-nobel-de-la-paix-2023-arretee-en-iran\/389480\/#primaryimage","url":"https:\/\/www.webdo.tn\/fr\/wp-content\/uploads\/2025\/12\/Narges-Mohammadi.jpg","contentUrl":"https:\/\/www.webdo.tn\/fr\/wp-content\/uploads\/2025\/12\/Narges-Mohammadi.jpg","width":1200,"height":603,"caption":"Narges Mohammadi, prix Nobel de la paix 2023, arr\u00eat\u00e9e en Iran"},{"@type":"BreadcrumbList","@id":"https:\/\/www.webdo.tn\/fr\/actualite\/international\/narges-mohammadi-prix-nobel-de-la-paix-2023-arretee-en-iran\/389480\/#breadcrumb","itemListElement":[{"@type":"ListItem","position":1,"name":"Accueil","item":"https:\/\/www.webdo.tn\/fr\/"},{"@type":"ListItem","position":2,"name":"Narges Mohammadi, prix Nobel de la paix 2023, arr\u00eat\u00e9e en Iran"}]},{"@type":"WebSite","@id":"https:\/\/www.webdo.tn\/fr\/#website","url":"https:\/\/www.webdo.tn\/fr\/","name":"webdo","description":"Tunisie - News en Tunisie et \u00e0 l&#039;international sur Webdo.tn","publisher":{"@id":"https:\/\/www.webdo.tn\/fr\/#organization"},"potentialAction":[{"@type":"SearchAction","target":{"@type":"EntryPoint","urlTemplate":"https:\/\/www.webdo.tn\/fr\/?s={search_term_string}"},"query-input":{"@type":"PropertyValueSpecification","valueRequired":true,"valueName":"search_term_string"}}],"inLanguage":"fr-FR"},{"@type":"Organization","@id":"https:\/\/www.webdo.tn\/fr\/#organization","name":"Webdo","alternateName":"Webdo.tn","url":"https:\/\/www.webdo.tn\/fr\/","logo":{"@type":"ImageObject","inLanguage":"fr-FR","@id":"https:\/\/www.webdo.tn\/fr\/#\/schema\/logo\/image\/","url":"https:\/\/www.webdo.tn\/fr\/wp-content\/uploads\/2025\/06\/Webdo-Tunisie_168377.jpg","contentUrl":"https:\/\/www.webdo.tn\/fr\/wp-content\/uploads\/2025\/06\/Webdo-Tunisie_168377.jpg","width":301,"height":301,"caption":"Webdo"},"image":{"@id":"https:\/\/www.webdo.tn\/fr\/#\/schema\/logo\/image\/"},"sameAs":["https:\/\/www.facebook.com\/webdotn","https:\/\/x.com\/webdo_tn"],"description":"Webdo est un m\u00e9dia num\u00e9rique tunisien fond\u00e9 en 2010, sp\u00e9cialis\u00e9 dans l\u2019actualit\u00e9 nationale et internationale, l\u2019\u00e9conomie, la soci\u00e9t\u00e9 et les analyses politiques. Le site s\u2019adresse \u00e0 un large public francophone et couvre l\u2019information tunisienne en temps r\u00e9el.","email":"redac@webdo.tn","legalName":"YNJ SARL","foundingDate":"2010-09-06","numberOfEmployees":{"@type":"QuantitativeValue","minValue":"11","maxValue":"50"}},{"@type":"Person","@id":"https:\/\/www.webdo.tn\/fr\/#\/schema\/person\/16a4857e77dfc0b610c4c2cadffc9ac4","name":"Mohamed Fethi","image":{"@type":"ImageObject","inLanguage":"fr-FR","@id":"https:\/\/www.webdo.tn\/fr\/wp-content\/uploads\/2026\/04\/mohamed-fethi_avatar_1-96x96.jpg","url":"https:\/\/www.webdo.tn\/fr\/wp-content\/uploads\/2026\/04\/mohamed-fethi_avatar_1-96x96.jpg","contentUrl":"https:\/\/www.webdo.tn\/fr\/wp-content\/uploads\/2026\/04\/mohamed-fethi_avatar_1-96x96.jpg","caption":"Mohamed Fethi"},"description":"Signature \u00e9ditoriale de Maher Chaabane Mohamed Fethi est le pseudonyme \u00e9ditorial de Maher Chaabane, r\u00e9dacteur en chef de Webdo.tn depuis 2012. Cette signature est d\u00e9di\u00e9e au traitement intensif de l'actualit\u00e9 nationale et internationale en temps r\u00e9el. S'appuyant sur les deux d\u00e9cennies d'expertise journalistique de Maher Chaabane \u2014 d\u00e9but\u00e9e au sein du groupe Tunis Hebdo en 2000 \u2014 Mohamed Fethi assure une veille rigoureuse sur les enjeux politiques, \u00e9conomiques et sportifs. Sa mission est de garantir une information structur\u00e9e, fluide et fid\u00e8le aux standards de la r\u00e9daction. Pour consulter le parcours complet du r\u00e9dacteur en chef, visitez le profil officiel de Maher Chaabane.","knowsAbout":["actualit\u00e9","journalisme","information","politique","sport","m\u00e9dias","actualit\u00e9 internationale"],"knowsLanguage":["Fran\u00e7ais","Arabe"],"jobTitle":"Journaliste \u2013 R\u00e9daction Webdo","worksFor":"Webdo.tn","url":"https:\/\/www.webdo.tn\/fr\/actualite\/author\/mohamed-fethi\/"}]}},"_links":{"self":[{"href":"https:\/\/www.webdo.tn\/fr\/wp-json\/wp\/v2\/posts\/389480","targetHints":{"allow":["GET"]}}],"collection":[{"href":"https:\/\/www.webdo.tn\/fr\/wp-json\/wp\/v2\/posts"}],"about":[{"href":"https:\/\/www.webdo.tn\/fr\/wp-json\/wp\/v2\/types\/post"}],"author":[{"embeddable":true,"href":"https:\/\/www.webdo.tn\/fr\/wp-json\/wp\/v2\/users\/4782"}],"replies":[{"embeddable":true,"href":"https:\/\/www.webdo.tn\/fr\/wp-json\/wp\/v2\/comments?post=389480"}],"version-history":[{"count":0,"href":"https:\/\/www.webdo.tn\/fr\/wp-json\/wp\/v2\/posts\/389480\/revisions"}],"wp:featuredmedia":[{"embeddable":true,"href":"https:\/\/www.webdo.tn\/fr\/wp-json\/wp\/v2\/media\/389482"}],"wp:attachment":[{"href":"https:\/\/www.webdo.tn\/fr\/wp-json\/wp\/v2\/media?parent=389480"}],"wp:term":[{"taxonomy":"category","embeddable":true,"href":"https:\/\/www.webdo.tn\/fr\/wp-json\/wp\/v2\/categories?post=389480"},{"taxonomy":"post_tag","embeddable":true,"href":"https:\/\/www.webdo.tn\/fr\/wp-json\/wp\/v2\/tags?post=389480"}],"curies":[{"name":"wp","href":"https:\/\/api.w.org\/{rel}","templated":true}]}}