{"id":389444,"date":"2025-12-12T13:22:20","date_gmt":"2025-12-12T12:22:20","guid":{"rendered":"https:\/\/www.webdo.tn\/fr\/?p=389444"},"modified":"2025-12-12T13:22:22","modified_gmt":"2025-12-12T12:22:22","slug":"tunisie-proces-ghannouchi-renvoi-au-16-janvier","status":"publish","type":"post","link":"https:\/\/www.webdo.tn\/fr\/actualite\/national\/tunisie-proces-ghannouchi-renvoi-au-16-janvier\/389444\/","title":{"rendered":"Tunisie &#8211; Proc\u00e8s Ghannouchi : Renvoi au 16 janvier"},"content":{"rendered":"\n<p><\/p>\n\n\n\n<p><\/p>\n\n\n\n<p>La Chambre criminelle du tribunal de premi\u00e8re instance de Tunis a d\u00e9cid\u00e9, vendredi 12 d\u00e9cembre 2025, de reporter l\u2019examen de l\u2019affaire visant Rached Ghannouchi et plusieurs dirigeants du mouvement Ennahdha. Le proc\u00e8s reprendra le 16 janvier prochain, suite \u00e0 une demande de certains accus\u00e9s comparus en \u00e9tat de libert\u00e9 souhaitant disposer du temps n\u00e9cessaire pour d\u00e9signer leurs avocats.<\/p>\n\n\n\n<p>Selon les informations judiciaires communiqu\u00e9es \u00e0 l\u2019issue de l\u2019audience, ni Rached Ghannouchi ni l\u2019un des coaccus\u00e9s plac\u00e9s en d\u00e9tention n\u2019ont accept\u00e9 d\u2019assister \u00e0 la s\u00e9ance. Leur absence a \u00e9t\u00e9 act\u00e9e au proc\u00e8s-verbal avant que le tribunal ne prononce la d\u00e9cision de renvoi.<\/p>\n\n\n\n<p>L\u2019affaire, renvoy\u00e9e devant la juridiction criminelle sur d\u00e9cision de la Chambre d\u2019accusation de la Cour d\u2019appel de Tunis, porte sur des charges graves. Elles concernent notamment la participation pr\u00e9sum\u00e9e \u00e0 un complot visant \u00e0 changer la forme du r\u00e9gime, ainsi que d\u2019autres incriminations li\u00e9es \u00e0 la s\u00e9curit\u00e9 de l\u2019\u00c9tat. Plusieurs cadres du mouvement sont concern\u00e9s, certains sous mandat de d\u00e9p\u00f4t, d\u2019autres en \u00e9tat de libert\u00e9.<\/p>\n\n\n\n<h2 class=\"wp-block-heading\" id=\"h-l-un-des-plus-sensibles\">L\u2019un des plus sensibles <\/h2>\n\n\n\n<p>Ce dossier, consid\u00e9r\u00e9 comme l\u2019un des plus sensibles de la p\u00e9riode politique actuelle, est suivi de pr\u00e8s en raison de la port\u00e9e institutionnelle des accusations et de ses implications sur le paysage partisan tunisien. Le prochain rendez-vous judiciaire, fix\u00e9 au 16 janvier, devrait permettre de clarifier les positions des avocats de la d\u00e9fense et de pr\u00e9ciser le calendrier de la suite du proc\u00e8s.<\/p>\n\n\n\n<p><\/p>\n\n\n\n<blockquote class=\"wp-block-quote is-layout-flow wp-block-quote-is-layout-flow\">\n<blockquote class=\"wp-block-quote is-layout-flow wp-block-quote-is-layout-flow\">\n<p><strong>Lire aussi<\/strong><\/p>\n\n\n\n<ul class=\"wp-block-list\">\n<li><a href=\"https:\/\/www.webdo.tn\/fr\/actualite\/national\/tunisie-rached-ghannouchi-entame-a-son-tour-une-greve-de-la-faim\/387193\/\">Tunisie : Rached Ghannouchi entame, \u00e0 son tour, une gr\u00e8ve de la faim<\/a><\/li>\n\n\n\n<li><a href=\"https:\/\/www.webdo.tn\/fr\/actualite\/national\/affaire-instalingo-lourdes-condamnations-contre-ghannouchi-bouchleka\/219608\/\">Affaire Instalingo : Lourdes condamnations contre Ghannouchi, Bouchleka\u2026<\/a><\/li>\n\n\n\n<li><a href=\"https:\/\/www.webdo.tn\/fr\/actualite\/national\/lobbying-peine-de-3-ans-de-prison-confirmee-en-appel-contre-ghannouchi-et-son-gendre\/216519\/\">Lobbying : Peine de 3 ans de prison confirm\u00e9e en appel contre Ghannouchi et son gendre<\/a><\/li>\n<\/ul>\n<\/blockquote>\n<\/blockquote>\n","protected":false},"excerpt":{"rendered":"<p>La Chambre criminelle du tribunal de premi\u00e8re instance de Tunis a d\u00e9cid\u00e9, vendredi 12 d\u00e9cembre 2025, de reporter l\u2019examen de l\u2019affaire visant Rached Ghannouchi et plusieurs dirigeants du mouvement Ennahdha. Le proc\u00e8s reprendra le 16 janvier prochain, suite \u00e0 une demande de certains accus\u00e9s comparus en \u00e9tat de libert\u00e9 souhaitant disposer du temps n\u00e9cessaire pour [&hellip;]<\/p>\n","protected":false},"author":3184,"featured_media":384647,"comment_status":"closed","ping_status":"closed","sticky":false,"template":"","format":"standard","meta":{"footnotes":""},"categories":[44],"tags":[4127,2619,2608],"class_list":["post-389444","post","type-post","status-publish","format-standard","has-post-thumbnail","hentry","category-national","tag-ghannouchi","tag-justice","tag-tunisie"],"yoast_head":"<!-- This site is optimized with the Yoast SEO Premium plugin v27.4 (Yoast SEO v27.5) - https:\/\/yoast.com\/product\/yoast-seo-premium-wordpress\/ -->\n<title>Tunisie - Proc\u00e8s Ghannouchi : Renvoi au 16 janvier - webdo<\/title>\n<meta name=\"description\" content=\"Le proc\u00e8s de Rached Ghannouchi a \u00e9t\u00e9 report\u00e9 au 16 janvier 2026. D\u00e9couvrez les d\u00e9tails de cette affaire complexe.\" \/>\n<link rel=\"canonical\" href=\"https:\/\/www.webdo.tn\/fr\/actualite\/national\/tunisie-proces-ghannouchi-renvoi-au-16-janvier\/389444\/\" \/>\n<meta property=\"og:locale\" content=\"fr_FR\" \/>\n<meta property=\"og:type\" content=\"article\" \/>\n<meta property=\"og:title\" content=\"Tunisie - Proc\u00e8s Ghannouchi : Renvoi au 16 janvier\" \/>\n<meta property=\"og:description\" content=\"Le proc\u00e8s de Rached Ghannouchi a \u00e9t\u00e9 report\u00e9 au 16 janvier 2026. D\u00e9couvrez les d\u00e9tails de cette affaire complexe.\" \/>\n<meta property=\"og:url\" content=\"https:\/\/www.webdo.tn\/fr\/actualite\/national\/tunisie-proces-ghannouchi-renvoi-au-16-janvier\/389444\/\" \/>\n<meta property=\"og:site_name\" content=\"webdo\" \/>\n<meta property=\"article:publisher\" content=\"https:\/\/www.facebook.com\/webdotn\" \/>\n<meta property=\"article:published_time\" content=\"2025-12-12T12:22:20+00:00\" \/>\n<meta property=\"article:modified_time\" content=\"2025-12-12T12:22:22+00:00\" \/>\n<meta property=\"og:image\" content=\"https:\/\/www.webdo.tn\/fr\/wp-content\/uploads\/2025\/10\/Rached-Ghannouchi.jpg\" \/>\n\t<meta property=\"og:image:width\" content=\"1200\" \/>\n\t<meta property=\"og:image:height\" content=\"599\" \/>\n\t<meta property=\"og:image:type\" content=\"image\/jpeg\" \/>\n<meta name=\"author\" content=\"Wided Belhaj\" \/>\n<meta name=\"twitter:card\" content=\"summary_large_image\" \/>\n<meta name=\"twitter:creator\" content=\"@webdo_tn\" \/>\n<meta name=\"twitter:site\" content=\"@webdo_tn\" \/>\n<meta name=\"twitter:label1\" content=\"\u00c9crit par\" \/>\n\t<meta name=\"twitter:data1\" content=\"Wided Belhaj\" \/>\n\t<meta name=\"twitter:label2\" content=\"Dur\u00e9e de lecture estim\u00e9e\" \/>\n\t<meta name=\"twitter:data2\" content=\"2 minutes\" \/>\n<script type=\"application\/ld+json\" class=\"yoast-schema-graph\">{\"@context\":\"https:\\\/\\\/schema.org\",\"@graph\":[{\"@type\":\"NewsArticle\",\"@id\":\"https:\\\/\\\/www.webdo.tn\\\/fr\\\/actualite\\\/national\\\/tunisie-proces-ghannouchi-renvoi-au-16-janvier\\\/389444\\\/#article\",\"isPartOf\":{\"@id\":\"https:\\\/\\\/www.webdo.tn\\\/fr\\\/actualite\\\/national\\\/tunisie-proces-ghannouchi-renvoi-au-16-janvier\\\/389444\\\/\"},\"author\":{\"name\":\"Wided Belhaj\",\"@id\":\"https:\\\/\\\/www.webdo.tn\\\/fr\\\/#\\\/schema\\\/person\\\/b9ecde7a5574cb4fcf4b496ea5fadb15\"},\"headline\":\"Tunisie &#8211; Proc\u00e8s Ghannouchi : Renvoi au 16 janvier\",\"datePublished\":\"2025-12-12T12:22:20+00:00\",\"dateModified\":\"2025-12-12T12:22:22+00:00\",\"mainEntityOfPage\":{\"@id\":\"https:\\\/\\\/www.webdo.tn\\\/fr\\\/actualite\\\/national\\\/tunisie-proces-ghannouchi-renvoi-au-16-janvier\\\/389444\\\/\"},\"wordCount\":313,\"publisher\":{\"@id\":\"https:\\\/\\\/www.webdo.tn\\\/fr\\\/#organization\"},\"image\":{\"@id\":\"https:\\\/\\\/www.webdo.tn\\\/fr\\\/actualite\\\/national\\\/tunisie-proces-ghannouchi-renvoi-au-16-janvier\\\/389444\\\/#primaryimage\"},\"thumbnailUrl\":\"https:\\\/\\\/www.webdo.tn\\\/fr\\\/wp-content\\\/uploads\\\/2025\\\/10\\\/Rached-Ghannouchi.jpg\",\"keywords\":[\"Ghannouchi\",\"justice\",\"Tunisie\"],\"articleSection\":[\"National\"],\"inLanguage\":\"fr-FR\"},{\"@type\":\"WebPage\",\"@id\":\"https:\\\/\\\/www.webdo.tn\\\/fr\\\/actualite\\\/national\\\/tunisie-proces-ghannouchi-renvoi-au-16-janvier\\\/389444\\\/\",\"url\":\"https:\\\/\\\/www.webdo.tn\\\/fr\\\/actualite\\\/national\\\/tunisie-proces-ghannouchi-renvoi-au-16-janvier\\\/389444\\\/\",\"name\":\"Tunisie - Proc\u00e8s Ghannouchi : Renvoi au 16 janvier - webdo\",\"isPartOf\":{\"@id\":\"https:\\\/\\\/www.webdo.tn\\\/fr\\\/#website\"},\"primaryImageOfPage\":{\"@id\":\"https:\\\/\\\/www.webdo.tn\\\/fr\\\/actualite\\\/national\\\/tunisie-proces-ghannouchi-renvoi-au-16-janvier\\\/389444\\\/#primaryimage\"},\"image\":{\"@id\":\"https:\\\/\\\/www.webdo.tn\\\/fr\\\/actualite\\\/national\\\/tunisie-proces-ghannouchi-renvoi-au-16-janvier\\\/389444\\\/#primaryimage\"},\"thumbnailUrl\":\"https:\\\/\\\/www.webdo.tn\\\/fr\\\/wp-content\\\/uploads\\\/2025\\\/10\\\/Rached-Ghannouchi.jpg\",\"datePublished\":\"2025-12-12T12:22:20+00:00\",\"dateModified\":\"2025-12-12T12:22:22+00:00\",\"description\":\"Le proc\u00e8s de Rached Ghannouchi a \u00e9t\u00e9 report\u00e9 au 16 janvier 2026. D\u00e9couvrez les d\u00e9tails de cette affaire complexe.\",\"breadcrumb\":{\"@id\":\"https:\\\/\\\/www.webdo.tn\\\/fr\\\/actualite\\\/national\\\/tunisie-proces-ghannouchi-renvoi-au-16-janvier\\\/389444\\\/#breadcrumb\"},\"inLanguage\":\"fr-FR\",\"potentialAction\":[{\"@type\":\"ReadAction\",\"target\":[\"https:\\\/\\\/www.webdo.tn\\\/fr\\\/actualite\\\/national\\\/tunisie-proces-ghannouchi-renvoi-au-16-janvier\\\/389444\\\/\"]}]},{\"@type\":\"ImageObject\",\"inLanguage\":\"fr-FR\",\"@id\":\"https:\\\/\\\/www.webdo.tn\\\/fr\\\/actualite\\\/national\\\/tunisie-proces-ghannouchi-renvoi-au-16-janvier\\\/389444\\\/#primaryimage\",\"url\":\"https:\\\/\\\/www.webdo.tn\\\/fr\\\/wp-content\\\/uploads\\\/2025\\\/10\\\/Rached-Ghannouchi.jpg\",\"contentUrl\":\"https:\\\/\\\/www.webdo.tn\\\/fr\\\/wp-content\\\/uploads\\\/2025\\\/10\\\/Rached-Ghannouchi.jpg\",\"width\":1200,\"height\":599,\"caption\":\"Rached Ghannouchi condamn\u00e9 \u00e0 deux ans de prison pour un don caritatif\"},{\"@type\":\"BreadcrumbList\",\"@id\":\"https:\\\/\\\/www.webdo.tn\\\/fr\\\/actualite\\\/national\\\/tunisie-proces-ghannouchi-renvoi-au-16-janvier\\\/389444\\\/#breadcrumb\",\"itemListElement\":[{\"@type\":\"ListItem\",\"position\":1,\"name\":\"Accueil\",\"item\":\"https:\\\/\\\/www.webdo.tn\\\/fr\\\/\"},{\"@type\":\"ListItem\",\"position\":2,\"name\":\"Tunisie &#8211; Proc\u00e8s Ghannouchi : Renvoi au 16 janvier\"}]},{\"@type\":\"WebSite\",\"@id\":\"https:\\\/\\\/www.webdo.tn\\\/fr\\\/#website\",\"url\":\"https:\\\/\\\/www.webdo.tn\\\/fr\\\/\",\"name\":\"webdo\",\"description\":\"Tunisie - News en Tunisie et \u00e0 l&#039;international sur Webdo.tn\",\"publisher\":{\"@id\":\"https:\\\/\\\/www.webdo.tn\\\/fr\\\/#organization\"},\"potentialAction\":[{\"@type\":\"SearchAction\",\"target\":{\"@type\":\"EntryPoint\",\"urlTemplate\":\"https:\\\/\\\/www.webdo.tn\\\/fr\\\/?s={search_term_string}\"},\"query-input\":{\"@type\":\"PropertyValueSpecification\",\"valueRequired\":true,\"valueName\":\"search_term_string\"}}],\"inLanguage\":\"fr-FR\"},{\"@type\":\"Organization\",\"@id\":\"https:\\\/\\\/www.webdo.tn\\\/fr\\\/#organization\",\"name\":\"Webdo\",\"alternateName\":\"Webdo.tn\",\"url\":\"https:\\\/\\\/www.webdo.tn\\\/fr\\\/\",\"logo\":{\"@type\":\"ImageObject\",\"inLanguage\":\"fr-FR\",\"@id\":\"https:\\\/\\\/www.webdo.tn\\\/fr\\\/#\\\/schema\\\/logo\\\/image\\\/\",\"url\":\"https:\\\/\\\/www.webdo.tn\\\/fr\\\/wp-content\\\/uploads\\\/2025\\\/06\\\/Webdo-Tunisie_168377.jpg\",\"contentUrl\":\"https:\\\/\\\/www.webdo.tn\\\/fr\\\/wp-content\\\/uploads\\\/2025\\\/06\\\/Webdo-Tunisie_168377.jpg\",\"width\":301,\"height\":301,\"caption\":\"Webdo\"},\"image\":{\"@id\":\"https:\\\/\\\/www.webdo.tn\\\/fr\\\/#\\\/schema\\\/logo\\\/image\\\/\"},\"sameAs\":[\"https:\\\/\\\/www.facebook.com\\\/webdotn\",\"https:\\\/\\\/x.com\\\/webdo_tn\"],\"description\":\"Webdo est un m\u00e9dia num\u00e9rique tunisien fond\u00e9 en 2010, sp\u00e9cialis\u00e9 dans l\u2019actualit\u00e9 nationale et internationale, l\u2019\u00e9conomie, la soci\u00e9t\u00e9 et les analyses politiques. Le site s\u2019adresse \u00e0 un large public francophone et couvre l\u2019information tunisienne en temps r\u00e9el.\",\"email\":\"redac@webdo.tn\",\"legalName\":\"YNJ SARL\",\"foundingDate\":\"2010-09-06\",\"numberOfEmployees\":{\"@type\":\"QuantitativeValue\",\"minValue\":\"11\",\"maxValue\":\"50\"}},{\"@type\":\"Person\",\"@id\":\"https:\\\/\\\/www.webdo.tn\\\/fr\\\/#\\\/schema\\\/person\\\/b9ecde7a5574cb4fcf4b496ea5fadb15\",\"name\":\"Wided Belhaj\",\"image\":{\"@type\":\"ImageObject\",\"inLanguage\":\"fr-FR\",\"@id\":\"https:\\\/\\\/www.webdo.tn\\\/fr\\\/wp-content\\\/uploads\\\/2026\\\/04\\\/wided-belhaj_avatar-96x96.jpg\",\"url\":\"https:\\\/\\\/www.webdo.tn\\\/fr\\\/wp-content\\\/uploads\\\/2026\\\/04\\\/wided-belhaj_avatar-96x96.jpg\",\"contentUrl\":\"https:\\\/\\\/www.webdo.tn\\\/fr\\\/wp-content\\\/uploads\\\/2026\\\/04\\\/wided-belhaj_avatar-96x96.jpg\",\"caption\":\"Wided Belhaj\"},\"description\":\"Wided Belhaj est le pseudonyme \u00e9ditorial utilis\u00e9 par Khalil Jelassi, journaliste, ma\u00eetre-assistant \u00e0 l\u2019Institut de presse et des sciences de l\u2019information (IPSI) et chercheur en sciences de l\u2019information et de la communication. Cette signature est d\u00e9di\u00e9e \u00e0 l\u2019analyse des m\u00e9dias, des pratiques journalistiques et des mutations de l\u2019information \u00e0 l\u2019\u00e8re digitale. \u00c0 travers ses contributions, Wided Belhaj propose une lecture analytique de l\u2019actualit\u00e9, en croisant regard critique et expertise acad\u00e9mique.\",\"knowsAbout\":[\"m\u00e9dias\",\"journalisme\",\"communication\",\"information\",\"transformation num\u00e9rique\",\"analyse des m\u00e9dias\"],\"knowsLanguage\":[\"Fran\u00e7ais\",\"Arabe\"],\"jobTitle\":\"Webdo.tn\",\"worksFor\":\"Journaliste \u2013 Analyse des m\u00e9dias\",\"url\":\"https:\\\/\\\/www.webdo.tn\\\/fr\\\/actualite\\\/author\\\/wided-belhaj\\\/\"}]}<\/script>\n<!-- \/ Yoast SEO Premium plugin. -->","yoast_head_json":{"title":"Tunisie - Proc\u00e8s Ghannouchi : Renvoi au 16 janvier - webdo","description":"Le proc\u00e8s de Rached Ghannouchi a \u00e9t\u00e9 report\u00e9 au 16 janvier 2026. D\u00e9couvrez les d\u00e9tails de cette affaire complexe.","canonical":"https:\/\/www.webdo.tn\/fr\/actualite\/national\/tunisie-proces-ghannouchi-renvoi-au-16-janvier\/389444\/","og_locale":"fr_FR","og_type":"article","og_title":"Tunisie - Proc\u00e8s Ghannouchi : Renvoi au 16 janvier","og_description":"Le proc\u00e8s de Rached Ghannouchi a \u00e9t\u00e9 report\u00e9 au 16 janvier 2026. D\u00e9couvrez les d\u00e9tails de cette affaire complexe.","og_url":"https:\/\/www.webdo.tn\/fr\/actualite\/national\/tunisie-proces-ghannouchi-renvoi-au-16-janvier\/389444\/","og_site_name":"webdo","article_publisher":"https:\/\/www.facebook.com\/webdotn","article_published_time":"2025-12-12T12:22:20+00:00","article_modified_time":"2025-12-12T12:22:22+00:00","og_image":[{"width":1200,"height":599,"url":"https:\/\/www.webdo.tn\/fr\/wp-content\/uploads\/2025\/10\/Rached-Ghannouchi.jpg","type":"image\/jpeg"}],"author":"Wided Belhaj","twitter_card":"summary_large_image","twitter_creator":"@webdo_tn","twitter_site":"@webdo_tn","twitter_misc":{"\u00c9crit par":"Wided Belhaj","Dur\u00e9e de lecture estim\u00e9e":"2 minutes"},"schema":{"@context":"https:\/\/schema.org","@graph":[{"@type":"NewsArticle","@id":"https:\/\/www.webdo.tn\/fr\/actualite\/national\/tunisie-proces-ghannouchi-renvoi-au-16-janvier\/389444\/#article","isPartOf":{"@id":"https:\/\/www.webdo.tn\/fr\/actualite\/national\/tunisie-proces-ghannouchi-renvoi-au-16-janvier\/389444\/"},"author":{"name":"Wided Belhaj","@id":"https:\/\/www.webdo.tn\/fr\/#\/schema\/person\/b9ecde7a5574cb4fcf4b496ea5fadb15"},"headline":"Tunisie &#8211; Proc\u00e8s Ghannouchi : Renvoi au 16 janvier","datePublished":"2025-12-12T12:22:20+00:00","dateModified":"2025-12-12T12:22:22+00:00","mainEntityOfPage":{"@id":"https:\/\/www.webdo.tn\/fr\/actualite\/national\/tunisie-proces-ghannouchi-renvoi-au-16-janvier\/389444\/"},"wordCount":313,"publisher":{"@id":"https:\/\/www.webdo.tn\/fr\/#organization"},"image":{"@id":"https:\/\/www.webdo.tn\/fr\/actualite\/national\/tunisie-proces-ghannouchi-renvoi-au-16-janvier\/389444\/#primaryimage"},"thumbnailUrl":"https:\/\/www.webdo.tn\/fr\/wp-content\/uploads\/2025\/10\/Rached-Ghannouchi.jpg","keywords":["Ghannouchi","justice","Tunisie"],"articleSection":["National"],"inLanguage":"fr-FR"},{"@type":"WebPage","@id":"https:\/\/www.webdo.tn\/fr\/actualite\/national\/tunisie-proces-ghannouchi-renvoi-au-16-janvier\/389444\/","url":"https:\/\/www.webdo.tn\/fr\/actualite\/national\/tunisie-proces-ghannouchi-renvoi-au-16-janvier\/389444\/","name":"Tunisie - Proc\u00e8s Ghannouchi : Renvoi au 16 janvier - webdo","isPartOf":{"@id":"https:\/\/www.webdo.tn\/fr\/#website"},"primaryImageOfPage":{"@id":"https:\/\/www.webdo.tn\/fr\/actualite\/national\/tunisie-proces-ghannouchi-renvoi-au-16-janvier\/389444\/#primaryimage"},"image":{"@id":"https:\/\/www.webdo.tn\/fr\/actualite\/national\/tunisie-proces-ghannouchi-renvoi-au-16-janvier\/389444\/#primaryimage"},"thumbnailUrl":"https:\/\/www.webdo.tn\/fr\/wp-content\/uploads\/2025\/10\/Rached-Ghannouchi.jpg","datePublished":"2025-12-12T12:22:20+00:00","dateModified":"2025-12-12T12:22:22+00:00","description":"Le proc\u00e8s de Rached Ghannouchi a \u00e9t\u00e9 report\u00e9 au 16 janvier 2026. D\u00e9couvrez les d\u00e9tails de cette affaire complexe.","breadcrumb":{"@id":"https:\/\/www.webdo.tn\/fr\/actualite\/national\/tunisie-proces-ghannouchi-renvoi-au-16-janvier\/389444\/#breadcrumb"},"inLanguage":"fr-FR","potentialAction":[{"@type":"ReadAction","target":["https:\/\/www.webdo.tn\/fr\/actualite\/national\/tunisie-proces-ghannouchi-renvoi-au-16-janvier\/389444\/"]}]},{"@type":"ImageObject","inLanguage":"fr-FR","@id":"https:\/\/www.webdo.tn\/fr\/actualite\/national\/tunisie-proces-ghannouchi-renvoi-au-16-janvier\/389444\/#primaryimage","url":"https:\/\/www.webdo.tn\/fr\/wp-content\/uploads\/2025\/10\/Rached-Ghannouchi.jpg","contentUrl":"https:\/\/www.webdo.tn\/fr\/wp-content\/uploads\/2025\/10\/Rached-Ghannouchi.jpg","width":1200,"height":599,"caption":"Rached Ghannouchi condamn\u00e9 \u00e0 deux ans de prison pour un don caritatif"},{"@type":"BreadcrumbList","@id":"https:\/\/www.webdo.tn\/fr\/actualite\/national\/tunisie-proces-ghannouchi-renvoi-au-16-janvier\/389444\/#breadcrumb","itemListElement":[{"@type":"ListItem","position":1,"name":"Accueil","item":"https:\/\/www.webdo.tn\/fr\/"},{"@type":"ListItem","position":2,"name":"Tunisie &#8211; Proc\u00e8s Ghannouchi : Renvoi au 16 janvier"}]},{"@type":"WebSite","@id":"https:\/\/www.webdo.tn\/fr\/#website","url":"https:\/\/www.webdo.tn\/fr\/","name":"webdo","description":"Tunisie - News en Tunisie et \u00e0 l&#039;international sur Webdo.tn","publisher":{"@id":"https:\/\/www.webdo.tn\/fr\/#organization"},"potentialAction":[{"@type":"SearchAction","target":{"@type":"EntryPoint","urlTemplate":"https:\/\/www.webdo.tn\/fr\/?s={search_term_string}"},"query-input":{"@type":"PropertyValueSpecification","valueRequired":true,"valueName":"search_term_string"}}],"inLanguage":"fr-FR"},{"@type":"Organization","@id":"https:\/\/www.webdo.tn\/fr\/#organization","name":"Webdo","alternateName":"Webdo.tn","url":"https:\/\/www.webdo.tn\/fr\/","logo":{"@type":"ImageObject","inLanguage":"fr-FR","@id":"https:\/\/www.webdo.tn\/fr\/#\/schema\/logo\/image\/","url":"https:\/\/www.webdo.tn\/fr\/wp-content\/uploads\/2025\/06\/Webdo-Tunisie_168377.jpg","contentUrl":"https:\/\/www.webdo.tn\/fr\/wp-content\/uploads\/2025\/06\/Webdo-Tunisie_168377.jpg","width":301,"height":301,"caption":"Webdo"},"image":{"@id":"https:\/\/www.webdo.tn\/fr\/#\/schema\/logo\/image\/"},"sameAs":["https:\/\/www.facebook.com\/webdotn","https:\/\/x.com\/webdo_tn"],"description":"Webdo est un m\u00e9dia num\u00e9rique tunisien fond\u00e9 en 2010, sp\u00e9cialis\u00e9 dans l\u2019actualit\u00e9 nationale et internationale, l\u2019\u00e9conomie, la soci\u00e9t\u00e9 et les analyses politiques. Le site s\u2019adresse \u00e0 un large public francophone et couvre l\u2019information tunisienne en temps r\u00e9el.","email":"redac@webdo.tn","legalName":"YNJ SARL","foundingDate":"2010-09-06","numberOfEmployees":{"@type":"QuantitativeValue","minValue":"11","maxValue":"50"}},{"@type":"Person","@id":"https:\/\/www.webdo.tn\/fr\/#\/schema\/person\/b9ecde7a5574cb4fcf4b496ea5fadb15","name":"Wided Belhaj","image":{"@type":"ImageObject","inLanguage":"fr-FR","@id":"https:\/\/www.webdo.tn\/fr\/wp-content\/uploads\/2026\/04\/wided-belhaj_avatar-96x96.jpg","url":"https:\/\/www.webdo.tn\/fr\/wp-content\/uploads\/2026\/04\/wided-belhaj_avatar-96x96.jpg","contentUrl":"https:\/\/www.webdo.tn\/fr\/wp-content\/uploads\/2026\/04\/wided-belhaj_avatar-96x96.jpg","caption":"Wided Belhaj"},"description":"Wided Belhaj est le pseudonyme \u00e9ditorial utilis\u00e9 par Khalil Jelassi, journaliste, ma\u00eetre-assistant \u00e0 l\u2019Institut de presse et des sciences de l\u2019information (IPSI) et chercheur en sciences de l\u2019information et de la communication. Cette signature est d\u00e9di\u00e9e \u00e0 l\u2019analyse des m\u00e9dias, des pratiques journalistiques et des mutations de l\u2019information \u00e0 l\u2019\u00e8re digitale. \u00c0 travers ses contributions, Wided Belhaj propose une lecture analytique de l\u2019actualit\u00e9, en croisant regard critique et expertise acad\u00e9mique.","knowsAbout":["m\u00e9dias","journalisme","communication","information","transformation num\u00e9rique","analyse des m\u00e9dias"],"knowsLanguage":["Fran\u00e7ais","Arabe"],"jobTitle":"Webdo.tn","worksFor":"Journaliste \u2013 Analyse des m\u00e9dias","url":"https:\/\/www.webdo.tn\/fr\/actualite\/author\/wided-belhaj\/"}]}},"_links":{"self":[{"href":"https:\/\/www.webdo.tn\/fr\/wp-json\/wp\/v2\/posts\/389444","targetHints":{"allow":["GET"]}}],"collection":[{"href":"https:\/\/www.webdo.tn\/fr\/wp-json\/wp\/v2\/posts"}],"about":[{"href":"https:\/\/www.webdo.tn\/fr\/wp-json\/wp\/v2\/types\/post"}],"author":[{"embeddable":true,"href":"https:\/\/www.webdo.tn\/fr\/wp-json\/wp\/v2\/users\/3184"}],"replies":[{"embeddable":true,"href":"https:\/\/www.webdo.tn\/fr\/wp-json\/wp\/v2\/comments?post=389444"}],"version-history":[{"count":0,"href":"https:\/\/www.webdo.tn\/fr\/wp-json\/wp\/v2\/posts\/389444\/revisions"}],"wp:featuredmedia":[{"embeddable":true,"href":"https:\/\/www.webdo.tn\/fr\/wp-json\/wp\/v2\/media\/384647"}],"wp:attachment":[{"href":"https:\/\/www.webdo.tn\/fr\/wp-json\/wp\/v2\/media?parent=389444"}],"wp:term":[{"taxonomy":"category","embeddable":true,"href":"https:\/\/www.webdo.tn\/fr\/wp-json\/wp\/v2\/categories?post=389444"},{"taxonomy":"post_tag","embeddable":true,"href":"https:\/\/www.webdo.tn\/fr\/wp-json\/wp\/v2\/tags?post=389444"}],"curies":[{"name":"wp","href":"https:\/\/api.w.org\/{rel}","templated":true}]}}