{"id":389424,"date":"2025-12-12T08:49:17","date_gmt":"2025-12-12T07:49:17","guid":{"rendered":"https:\/\/www.webdo.tn\/fr\/?p=389424"},"modified":"2025-12-12T08:49:19","modified_gmt":"2025-12-12T07:49:19","slug":"tunisie-algerie-sept-accords-economiques-scelles-a-tunis","status":"publish","type":"post","link":"https:\/\/www.webdo.tn\/fr\/actualite\/national\/tunisie-algerie-sept-accords-economiques-scelles-a-tunis\/389424\/","title":{"rendered":"Tunisie &#8211; Alg\u00e9rie : Sept accords \u00e9conomiques scell\u00e9s \u00e0 Tunis"},"content":{"rendered":"\n<p><strong>Sept partenariats industriels et technologiques ont \u00e9t\u00e9 conclus jeudi entre entreprises tunisiennes et alg\u00e9riennes, en marge du Forum \u00e9conomique tuniso-alg\u00e9rien organis\u00e9 lors de la 23\u1d49 session de la Grande Commission mixte.<\/strong><\/p>\n\n\n\n<p>Les signatures ont eu lieu en pr\u00e9sence de plusieurs ministres des deux pays, confirmant une volont\u00e9 d\u2019acc\u00e9l\u00e9rer l\u2019int\u00e9gration \u00e9conomique bilat\u00e9rale.<\/p>\n\n\n\n<h2 class=\"wp-block-heading\" id=\"h-industrie-et-technologies-des-rapprochements-structurants\">Industrie et technologies : des rapprochements structurants<\/h2>\n\n\n\n<p>La s\u00e9rie d\u2019accords a ouvert sur un partenariat entre ACS, entreprise tunisienne sp\u00e9cialis\u00e9e dans les \u00e9quipements industriels pour le textile et la confection, et la soci\u00e9t\u00e9 alg\u00e9rienne PEC, active dans la fabrication de moules d\u2019injection et le plastique technique.<\/p>\n\n\n\n<p>Dans le secteur automobile, le groupe mondial tunisien Coficab a conclu une collaboration avec l\u2019entreprise alg\u00e9rienne IdeNet, sp\u00e9cialis\u00e9e dans les solutions de g\u00e9olocalisation, en vue de renforcer les cha\u00eenes d\u2019approvisionnement r\u00e9gionales.<\/p>\n\n\n\n<p>Un troisi\u00e8me accord a \u00e9t\u00e9 sign\u00e9 entre Fondinor, acteur tunisien de la fonderie industrielle, et l\u2019entreprise alg\u00e9rienne Techno Cast, op\u00e9rant dans la maintenance industrielle.<\/p>\n\n\n\n<p>\u00c0 cela s\u2019ajoute une coop\u00e9ration technique entre l\u2019Association tunisienne des fabricants de composants automobiles (TAA) et l\u2019Institut alg\u00e9rien de normalisation (IANOR), tourn\u00e9e vers l\u2019harmonisation des standards.<\/p>\n\n\n\n<h2 class=\"wp-block-heading\" id=\"h-distribution-electromenager-et-solutions-numeriques\">Distribution, \u00e9lectrom\u00e9nager et solutions num\u00e9riques<\/h2>\n\n\n\n<p>Dans le commerce de gros, l\u2019entreprise tunisienne IGL Distribution a conclu une entente avec Tapidor, fabricant alg\u00e9rien de tapis, moquettes et gazon synth\u00e9tique.<\/p>\n\n\n\n<p>Le secteur technologique a \u00e9t\u00e9 repr\u00e9sent\u00e9 par un accord entre le groupe tunisien One Tech, sp\u00e9cialis\u00e9 dans les solutions \u00e9lectroniques, et le groupe alg\u00e9rien Condor, poids lourd de l\u2019\u00e9lectrom\u00e9nager.<\/p>\n\n\n\n<p>Le septi\u00e8me accord a r\u00e9uni Jomaa SA, entreprise tunisienne active dans l\u2019\u00e9quipement automobile &#8211; pneus, lubrifiants et outillage &#8211; et le groupe alg\u00e9rien Iris, qui poss\u00e8de plusieurs unit\u00e9s de production dans l\u2019\u00e9lectronique, les appareils \u00e9lectriques et les t\u00e9l\u00e9communications.<\/p>\n\n\n\n<h2 class=\"wp-block-heading\" id=\"h-un-signal-politique-et-economique-fort\">Un signal politique et \u00e9conomique fort<\/h2>\n\n\n\n<p>Lors de la c\u00e9r\u00e9monie, Hichem Elloumi, vice-pr\u00e9sident de l\u2019UTICA, a salu\u00e9 \u00ab des accords d\u2019une grande importance pour les deux pays \u00bb, insistant sur le potentiel de coop\u00e9ration dans des domaines encore sous-exploit\u00e9s : tourisme, industrie, \u00e9nergies renouvelables, commerce et investissements.<\/p>\n\n\n\n<p>Les deux gouvernements misent sur ces partenariats pour dynamiser les \u00e9changes et donner un cadre durable au rapprochement \u00e9conomique tuniso-alg\u00e9rien.<\/p>\n\n\n\n<p><\/p>\n\n\n\n<iframe src=\"https:\/\/www.facebook.com\/plugins\/post.php?href=https%3A%2F%2Fwww.facebook.com%2FPresidencedugouvernementtunisien%2Fposts%2Fpfbid029NaBJcuz1zwS49tCjnJKt6o5VcMT9hUVKmieccVtksZi825njKoX7zwKNJzEnw5Nl&#038;show_text=true&#038;width=500\" width=\"500\" height=\"753\" style=\"border:none;overflow:hidden\" scrolling=\"no\" frameborder=\"0\" allowfullscreen=\"true\" allow=\"autoplay; clipboard-write; encrypted-media; picture-in-picture; web-share\"><\/iframe>\n\n\n\n<p><\/p>\n\n\n\n<blockquote class=\"wp-block-quote is-layout-flow wp-block-quote-is-layout-flow\">\n<p><strong>Lire aussi<\/strong><\/p>\n\n\n\n<ul class=\"wp-block-list\">\n<li><a href=\"https:\/\/www.webdo.tn\/fr\/actualite\/national\/tunis-et-alger-ouvrent-un-nouveau-chapitre-economique\/389420\/\">Tunis et Alger ouvrent un nouveau chapitre \u00e9conomique<\/a><\/li>\n<\/ul>\n<\/blockquote>\n","protected":false},"excerpt":{"rendered":"<p>Sept partenariats industriels et technologiques ont \u00e9t\u00e9 conclus jeudi entre entreprises tunisiennes et alg\u00e9riennes, en marge du Forum \u00e9conomique tuniso-alg\u00e9rien organis\u00e9 lors de la 23\u1d49 session de la Grande Commission mixte. Les signatures ont eu lieu en pr\u00e9sence de plusieurs ministres des deux pays, confirmant une volont\u00e9 d\u2019acc\u00e9l\u00e9rer l\u2019int\u00e9gration \u00e9conomique bilat\u00e9rale. Industrie et technologies : [&hellip;]<\/p>\n","protected":false},"author":4782,"featured_media":389425,"comment_status":"closed","ping_status":"closed","sticky":false,"template":"","format":"standard","meta":{"footnotes":""},"categories":[44],"tags":[2907,2608],"class_list":["post-389424","post","type-post","status-publish","format-standard","has-post-thumbnail","hentry","category-national","tag-algerie","tag-tunisie"],"yoast_head":"<!-- This site is optimized with the Yoast SEO Premium plugin v27.4 (Yoast SEO v27.5) - https:\/\/yoast.com\/product\/yoast-seo-premium-wordpress\/ -->\n<title>Tunisie - Alg\u00e9rie : Sept accords \u00e9conomiques scell\u00e9s \u00e0 Tunis - webdo<\/title>\n<meta name=\"description\" content=\"D\u00e9couvrez les d\u00e9tails des accords \u00e9conomiques entre Tunisie et Alg\u00e9rie. Sept partenariats pour renforcer l&#039;int\u00e9gration \u00e9conomique.\" \/>\n<link rel=\"canonical\" href=\"https:\/\/www.webdo.tn\/fr\/actualite\/national\/tunisie-algerie-sept-accords-economiques-scelles-a-tunis\/389424\/\" \/>\n<meta property=\"og:locale\" content=\"fr_FR\" \/>\n<meta property=\"og:type\" content=\"article\" \/>\n<meta property=\"og:title\" content=\"Tunisie - Alg\u00e9rie : Sept accords \u00e9conomiques scell\u00e9s \u00e0 Tunis\" \/>\n<meta property=\"og:description\" content=\"D\u00e9couvrez les d\u00e9tails des accords \u00e9conomiques entre Tunisie et Alg\u00e9rie. Sept partenariats pour renforcer l&#039;int\u00e9gration \u00e9conomique.\" \/>\n<meta property=\"og:url\" content=\"https:\/\/www.webdo.tn\/fr\/actualite\/national\/tunisie-algerie-sept-accords-economiques-scelles-a-tunis\/389424\/\" \/>\n<meta property=\"og:site_name\" content=\"webdo\" \/>\n<meta property=\"article:publisher\" content=\"https:\/\/www.facebook.com\/webdotn\" \/>\n<meta property=\"article:published_time\" content=\"2025-12-12T07:49:17+00:00\" \/>\n<meta property=\"article:modified_time\" content=\"2025-12-12T07:49:19+00:00\" \/>\n<meta property=\"og:image\" content=\"https:\/\/www.webdo.tn\/fr\/wp-content\/uploads\/2025\/12\/TUN-ALG.jpg\" \/>\n\t<meta property=\"og:image:width\" content=\"1200\" \/>\n\t<meta property=\"og:image:height\" content=\"607\" \/>\n\t<meta property=\"og:image:type\" content=\"image\/jpeg\" \/>\n<meta name=\"author\" content=\"Mohamed Fethi\" \/>\n<meta name=\"twitter:card\" content=\"summary_large_image\" \/>\n<meta name=\"twitter:creator\" content=\"@webdo_tn\" \/>\n<meta name=\"twitter:site\" content=\"@webdo_tn\" \/>\n<meta name=\"twitter:label1\" content=\"\u00c9crit par\" \/>\n\t<meta name=\"twitter:data1\" content=\"Mohamed Fethi\" \/>\n\t<meta name=\"twitter:label2\" content=\"Dur\u00e9e de lecture estim\u00e9e\" \/>\n\t<meta name=\"twitter:data2\" content=\"2 minutes\" \/>\n<script type=\"application\/ld+json\" class=\"yoast-schema-graph\">{\"@context\":\"https:\\\/\\\/schema.org\",\"@graph\":[{\"@type\":\"NewsArticle\",\"@id\":\"https:\\\/\\\/www.webdo.tn\\\/fr\\\/actualite\\\/national\\\/tunisie-algerie-sept-accords-economiques-scelles-a-tunis\\\/389424\\\/#article\",\"isPartOf\":{\"@id\":\"https:\\\/\\\/www.webdo.tn\\\/fr\\\/actualite\\\/national\\\/tunisie-algerie-sept-accords-economiques-scelles-a-tunis\\\/389424\\\/\"},\"author\":{\"name\":\"Mohamed Fethi\",\"@id\":\"https:\\\/\\\/www.webdo.tn\\\/fr\\\/#\\\/schema\\\/person\\\/16a4857e77dfc0b610c4c2cadffc9ac4\"},\"headline\":\"Tunisie &#8211; Alg\u00e9rie : Sept accords \u00e9conomiques scell\u00e9s \u00e0 Tunis\",\"datePublished\":\"2025-12-12T07:49:17+00:00\",\"dateModified\":\"2025-12-12T07:49:19+00:00\",\"mainEntityOfPage\":{\"@id\":\"https:\\\/\\\/www.webdo.tn\\\/fr\\\/actualite\\\/national\\\/tunisie-algerie-sept-accords-economiques-scelles-a-tunis\\\/389424\\\/\"},\"wordCount\":416,\"publisher\":{\"@id\":\"https:\\\/\\\/www.webdo.tn\\\/fr\\\/#organization\"},\"image\":{\"@id\":\"https:\\\/\\\/www.webdo.tn\\\/fr\\\/actualite\\\/national\\\/tunisie-algerie-sept-accords-economiques-scelles-a-tunis\\\/389424\\\/#primaryimage\"},\"thumbnailUrl\":\"https:\\\/\\\/www.webdo.tn\\\/fr\\\/wp-content\\\/uploads\\\/2025\\\/12\\\/TUN-ALG.jpg\",\"keywords\":[\"Alg\u00e9rie\",\"Tunisie\"],\"articleSection\":[\"National\"],\"inLanguage\":\"fr-FR\"},{\"@type\":\"WebPage\",\"@id\":\"https:\\\/\\\/www.webdo.tn\\\/fr\\\/actualite\\\/national\\\/tunisie-algerie-sept-accords-economiques-scelles-a-tunis\\\/389424\\\/\",\"url\":\"https:\\\/\\\/www.webdo.tn\\\/fr\\\/actualite\\\/national\\\/tunisie-algerie-sept-accords-economiques-scelles-a-tunis\\\/389424\\\/\",\"name\":\"Tunisie - Alg\u00e9rie : Sept accords \u00e9conomiques scell\u00e9s \u00e0 Tunis - webdo\",\"isPartOf\":{\"@id\":\"https:\\\/\\\/www.webdo.tn\\\/fr\\\/#website\"},\"primaryImageOfPage\":{\"@id\":\"https:\\\/\\\/www.webdo.tn\\\/fr\\\/actualite\\\/national\\\/tunisie-algerie-sept-accords-economiques-scelles-a-tunis\\\/389424\\\/#primaryimage\"},\"image\":{\"@id\":\"https:\\\/\\\/www.webdo.tn\\\/fr\\\/actualite\\\/national\\\/tunisie-algerie-sept-accords-economiques-scelles-a-tunis\\\/389424\\\/#primaryimage\"},\"thumbnailUrl\":\"https:\\\/\\\/www.webdo.tn\\\/fr\\\/wp-content\\\/uploads\\\/2025\\\/12\\\/TUN-ALG.jpg\",\"datePublished\":\"2025-12-12T07:49:17+00:00\",\"dateModified\":\"2025-12-12T07:49:19+00:00\",\"description\":\"D\u00e9couvrez les d\u00e9tails des accords \u00e9conomiques entre Tunisie et Alg\u00e9rie. Sept partenariats pour renforcer l'int\u00e9gration \u00e9conomique.\",\"breadcrumb\":{\"@id\":\"https:\\\/\\\/www.webdo.tn\\\/fr\\\/actualite\\\/national\\\/tunisie-algerie-sept-accords-economiques-scelles-a-tunis\\\/389424\\\/#breadcrumb\"},\"inLanguage\":\"fr-FR\",\"potentialAction\":[{\"@type\":\"ReadAction\",\"target\":[\"https:\\\/\\\/www.webdo.tn\\\/fr\\\/actualite\\\/national\\\/tunisie-algerie-sept-accords-economiques-scelles-a-tunis\\\/389424\\\/\"]}]},{\"@type\":\"ImageObject\",\"inLanguage\":\"fr-FR\",\"@id\":\"https:\\\/\\\/www.webdo.tn\\\/fr\\\/actualite\\\/national\\\/tunisie-algerie-sept-accords-economiques-scelles-a-tunis\\\/389424\\\/#primaryimage\",\"url\":\"https:\\\/\\\/www.webdo.tn\\\/fr\\\/wp-content\\\/uploads\\\/2025\\\/12\\\/TUN-ALG.jpg\",\"contentUrl\":\"https:\\\/\\\/www.webdo.tn\\\/fr\\\/wp-content\\\/uploads\\\/2025\\\/12\\\/TUN-ALG.jpg\",\"width\":1200,\"height\":607,\"caption\":\"Tunisie - Alg\u00e9rie : Sept accords \u00e9conomiques scell\u00e9s \u00e0 Tunis\"},{\"@type\":\"BreadcrumbList\",\"@id\":\"https:\\\/\\\/www.webdo.tn\\\/fr\\\/actualite\\\/national\\\/tunisie-algerie-sept-accords-economiques-scelles-a-tunis\\\/389424\\\/#breadcrumb\",\"itemListElement\":[{\"@type\":\"ListItem\",\"position\":1,\"name\":\"Accueil\",\"item\":\"https:\\\/\\\/www.webdo.tn\\\/fr\\\/\"},{\"@type\":\"ListItem\",\"position\":2,\"name\":\"Tunisie &#8211; Alg\u00e9rie : Sept accords \u00e9conomiques scell\u00e9s \u00e0 Tunis\"}]},{\"@type\":\"WebSite\",\"@id\":\"https:\\\/\\\/www.webdo.tn\\\/fr\\\/#website\",\"url\":\"https:\\\/\\\/www.webdo.tn\\\/fr\\\/\",\"name\":\"webdo\",\"description\":\"Tunisie - News en Tunisie et \u00e0 l&#039;international sur Webdo.tn\",\"publisher\":{\"@id\":\"https:\\\/\\\/www.webdo.tn\\\/fr\\\/#organization\"},\"potentialAction\":[{\"@type\":\"SearchAction\",\"target\":{\"@type\":\"EntryPoint\",\"urlTemplate\":\"https:\\\/\\\/www.webdo.tn\\\/fr\\\/?s={search_term_string}\"},\"query-input\":{\"@type\":\"PropertyValueSpecification\",\"valueRequired\":true,\"valueName\":\"search_term_string\"}}],\"inLanguage\":\"fr-FR\"},{\"@type\":\"Organization\",\"@id\":\"https:\\\/\\\/www.webdo.tn\\\/fr\\\/#organization\",\"name\":\"Webdo\",\"alternateName\":\"Webdo.tn\",\"url\":\"https:\\\/\\\/www.webdo.tn\\\/fr\\\/\",\"logo\":{\"@type\":\"ImageObject\",\"inLanguage\":\"fr-FR\",\"@id\":\"https:\\\/\\\/www.webdo.tn\\\/fr\\\/#\\\/schema\\\/logo\\\/image\\\/\",\"url\":\"https:\\\/\\\/www.webdo.tn\\\/fr\\\/wp-content\\\/uploads\\\/2025\\\/06\\\/Webdo-Tunisie_168377.jpg\",\"contentUrl\":\"https:\\\/\\\/www.webdo.tn\\\/fr\\\/wp-content\\\/uploads\\\/2025\\\/06\\\/Webdo-Tunisie_168377.jpg\",\"width\":301,\"height\":301,\"caption\":\"Webdo\"},\"image\":{\"@id\":\"https:\\\/\\\/www.webdo.tn\\\/fr\\\/#\\\/schema\\\/logo\\\/image\\\/\"},\"sameAs\":[\"https:\\\/\\\/www.facebook.com\\\/webdotn\",\"https:\\\/\\\/x.com\\\/webdo_tn\"],\"description\":\"Webdo est un m\u00e9dia num\u00e9rique tunisien fond\u00e9 en 2010, sp\u00e9cialis\u00e9 dans l\u2019actualit\u00e9 nationale et internationale, l\u2019\u00e9conomie, la soci\u00e9t\u00e9 et les analyses politiques. Le site s\u2019adresse \u00e0 un large public francophone et couvre l\u2019information tunisienne en temps r\u00e9el.\",\"email\":\"redac@webdo.tn\",\"legalName\":\"YNJ SARL\",\"foundingDate\":\"2010-09-06\",\"numberOfEmployees\":{\"@type\":\"QuantitativeValue\",\"minValue\":\"11\",\"maxValue\":\"50\"}},{\"@type\":\"Person\",\"@id\":\"https:\\\/\\\/www.webdo.tn\\\/fr\\\/#\\\/schema\\\/person\\\/16a4857e77dfc0b610c4c2cadffc9ac4\",\"name\":\"Mohamed Fethi\",\"image\":{\"@type\":\"ImageObject\",\"inLanguage\":\"fr-FR\",\"@id\":\"https:\\\/\\\/www.webdo.tn\\\/fr\\\/wp-content\\\/uploads\\\/2026\\\/04\\\/mohamed-fethi_avatar_1-96x96.jpg\",\"url\":\"https:\\\/\\\/www.webdo.tn\\\/fr\\\/wp-content\\\/uploads\\\/2026\\\/04\\\/mohamed-fethi_avatar_1-96x96.jpg\",\"contentUrl\":\"https:\\\/\\\/www.webdo.tn\\\/fr\\\/wp-content\\\/uploads\\\/2026\\\/04\\\/mohamed-fethi_avatar_1-96x96.jpg\",\"caption\":\"Mohamed Fethi\"},\"description\":\"Signature \u00e9ditoriale de Maher Chaabane Mohamed Fethi est le pseudonyme \u00e9ditorial de Maher Chaabane, r\u00e9dacteur en chef de Webdo.tn depuis 2012. Cette signature est d\u00e9di\u00e9e au traitement intensif de l'actualit\u00e9 nationale et internationale en temps r\u00e9el. S'appuyant sur les deux d\u00e9cennies d'expertise journalistique de Maher Chaabane \u2014 d\u00e9but\u00e9e au sein du groupe Tunis Hebdo en 2000 \u2014 Mohamed Fethi assure une veille rigoureuse sur les enjeux politiques, \u00e9conomiques et sportifs. Sa mission est de garantir une information structur\u00e9e, fluide et fid\u00e8le aux standards de la r\u00e9daction. Pour consulter le parcours complet du r\u00e9dacteur en chef, visitez le profil officiel de Maher Chaabane.\",\"knowsAbout\":[\"actualit\u00e9\",\"journalisme\",\"information\",\"politique\",\"sport\",\"m\u00e9dias\",\"actualit\u00e9 internationale\"],\"knowsLanguage\":[\"Fran\u00e7ais\",\"Arabe\"],\"jobTitle\":\"Journaliste \u2013 R\u00e9daction Webdo\",\"worksFor\":\"Webdo.tn\",\"url\":\"https:\\\/\\\/www.webdo.tn\\\/fr\\\/actualite\\\/author\\\/mohamed-fethi\\\/\"}]}<\/script>\n<!-- \/ Yoast SEO Premium plugin. -->","yoast_head_json":{"title":"Tunisie - Alg\u00e9rie : Sept accords \u00e9conomiques scell\u00e9s \u00e0 Tunis - webdo","description":"D\u00e9couvrez les d\u00e9tails des accords \u00e9conomiques entre Tunisie et Alg\u00e9rie. Sept partenariats pour renforcer l'int\u00e9gration \u00e9conomique.","canonical":"https:\/\/www.webdo.tn\/fr\/actualite\/national\/tunisie-algerie-sept-accords-economiques-scelles-a-tunis\/389424\/","og_locale":"fr_FR","og_type":"article","og_title":"Tunisie - Alg\u00e9rie : Sept accords \u00e9conomiques scell\u00e9s \u00e0 Tunis","og_description":"D\u00e9couvrez les d\u00e9tails des accords \u00e9conomiques entre Tunisie et Alg\u00e9rie. Sept partenariats pour renforcer l'int\u00e9gration \u00e9conomique.","og_url":"https:\/\/www.webdo.tn\/fr\/actualite\/national\/tunisie-algerie-sept-accords-economiques-scelles-a-tunis\/389424\/","og_site_name":"webdo","article_publisher":"https:\/\/www.facebook.com\/webdotn","article_published_time":"2025-12-12T07:49:17+00:00","article_modified_time":"2025-12-12T07:49:19+00:00","og_image":[{"width":1200,"height":607,"url":"https:\/\/www.webdo.tn\/fr\/wp-content\/uploads\/2025\/12\/TUN-ALG.jpg","type":"image\/jpeg"}],"author":"Mohamed Fethi","twitter_card":"summary_large_image","twitter_creator":"@webdo_tn","twitter_site":"@webdo_tn","twitter_misc":{"\u00c9crit par":"Mohamed Fethi","Dur\u00e9e de lecture estim\u00e9e":"2 minutes"},"schema":{"@context":"https:\/\/schema.org","@graph":[{"@type":"NewsArticle","@id":"https:\/\/www.webdo.tn\/fr\/actualite\/national\/tunisie-algerie-sept-accords-economiques-scelles-a-tunis\/389424\/#article","isPartOf":{"@id":"https:\/\/www.webdo.tn\/fr\/actualite\/national\/tunisie-algerie-sept-accords-economiques-scelles-a-tunis\/389424\/"},"author":{"name":"Mohamed Fethi","@id":"https:\/\/www.webdo.tn\/fr\/#\/schema\/person\/16a4857e77dfc0b610c4c2cadffc9ac4"},"headline":"Tunisie &#8211; Alg\u00e9rie : Sept accords \u00e9conomiques scell\u00e9s \u00e0 Tunis","datePublished":"2025-12-12T07:49:17+00:00","dateModified":"2025-12-12T07:49:19+00:00","mainEntityOfPage":{"@id":"https:\/\/www.webdo.tn\/fr\/actualite\/national\/tunisie-algerie-sept-accords-economiques-scelles-a-tunis\/389424\/"},"wordCount":416,"publisher":{"@id":"https:\/\/www.webdo.tn\/fr\/#organization"},"image":{"@id":"https:\/\/www.webdo.tn\/fr\/actualite\/national\/tunisie-algerie-sept-accords-economiques-scelles-a-tunis\/389424\/#primaryimage"},"thumbnailUrl":"https:\/\/www.webdo.tn\/fr\/wp-content\/uploads\/2025\/12\/TUN-ALG.jpg","keywords":["Alg\u00e9rie","Tunisie"],"articleSection":["National"],"inLanguage":"fr-FR"},{"@type":"WebPage","@id":"https:\/\/www.webdo.tn\/fr\/actualite\/national\/tunisie-algerie-sept-accords-economiques-scelles-a-tunis\/389424\/","url":"https:\/\/www.webdo.tn\/fr\/actualite\/national\/tunisie-algerie-sept-accords-economiques-scelles-a-tunis\/389424\/","name":"Tunisie - Alg\u00e9rie : Sept accords \u00e9conomiques scell\u00e9s \u00e0 Tunis - webdo","isPartOf":{"@id":"https:\/\/www.webdo.tn\/fr\/#website"},"primaryImageOfPage":{"@id":"https:\/\/www.webdo.tn\/fr\/actualite\/national\/tunisie-algerie-sept-accords-economiques-scelles-a-tunis\/389424\/#primaryimage"},"image":{"@id":"https:\/\/www.webdo.tn\/fr\/actualite\/national\/tunisie-algerie-sept-accords-economiques-scelles-a-tunis\/389424\/#primaryimage"},"thumbnailUrl":"https:\/\/www.webdo.tn\/fr\/wp-content\/uploads\/2025\/12\/TUN-ALG.jpg","datePublished":"2025-12-12T07:49:17+00:00","dateModified":"2025-12-12T07:49:19+00:00","description":"D\u00e9couvrez les d\u00e9tails des accords \u00e9conomiques entre Tunisie et Alg\u00e9rie. Sept partenariats pour renforcer l'int\u00e9gration \u00e9conomique.","breadcrumb":{"@id":"https:\/\/www.webdo.tn\/fr\/actualite\/national\/tunisie-algerie-sept-accords-economiques-scelles-a-tunis\/389424\/#breadcrumb"},"inLanguage":"fr-FR","potentialAction":[{"@type":"ReadAction","target":["https:\/\/www.webdo.tn\/fr\/actualite\/national\/tunisie-algerie-sept-accords-economiques-scelles-a-tunis\/389424\/"]}]},{"@type":"ImageObject","inLanguage":"fr-FR","@id":"https:\/\/www.webdo.tn\/fr\/actualite\/national\/tunisie-algerie-sept-accords-economiques-scelles-a-tunis\/389424\/#primaryimage","url":"https:\/\/www.webdo.tn\/fr\/wp-content\/uploads\/2025\/12\/TUN-ALG.jpg","contentUrl":"https:\/\/www.webdo.tn\/fr\/wp-content\/uploads\/2025\/12\/TUN-ALG.jpg","width":1200,"height":607,"caption":"Tunisie - Alg\u00e9rie : Sept accords \u00e9conomiques scell\u00e9s \u00e0 Tunis"},{"@type":"BreadcrumbList","@id":"https:\/\/www.webdo.tn\/fr\/actualite\/national\/tunisie-algerie-sept-accords-economiques-scelles-a-tunis\/389424\/#breadcrumb","itemListElement":[{"@type":"ListItem","position":1,"name":"Accueil","item":"https:\/\/www.webdo.tn\/fr\/"},{"@type":"ListItem","position":2,"name":"Tunisie &#8211; Alg\u00e9rie : Sept accords \u00e9conomiques scell\u00e9s \u00e0 Tunis"}]},{"@type":"WebSite","@id":"https:\/\/www.webdo.tn\/fr\/#website","url":"https:\/\/www.webdo.tn\/fr\/","name":"webdo","description":"Tunisie - News en Tunisie et \u00e0 l&#039;international sur Webdo.tn","publisher":{"@id":"https:\/\/www.webdo.tn\/fr\/#organization"},"potentialAction":[{"@type":"SearchAction","target":{"@type":"EntryPoint","urlTemplate":"https:\/\/www.webdo.tn\/fr\/?s={search_term_string}"},"query-input":{"@type":"PropertyValueSpecification","valueRequired":true,"valueName":"search_term_string"}}],"inLanguage":"fr-FR"},{"@type":"Organization","@id":"https:\/\/www.webdo.tn\/fr\/#organization","name":"Webdo","alternateName":"Webdo.tn","url":"https:\/\/www.webdo.tn\/fr\/","logo":{"@type":"ImageObject","inLanguage":"fr-FR","@id":"https:\/\/www.webdo.tn\/fr\/#\/schema\/logo\/image\/","url":"https:\/\/www.webdo.tn\/fr\/wp-content\/uploads\/2025\/06\/Webdo-Tunisie_168377.jpg","contentUrl":"https:\/\/www.webdo.tn\/fr\/wp-content\/uploads\/2025\/06\/Webdo-Tunisie_168377.jpg","width":301,"height":301,"caption":"Webdo"},"image":{"@id":"https:\/\/www.webdo.tn\/fr\/#\/schema\/logo\/image\/"},"sameAs":["https:\/\/www.facebook.com\/webdotn","https:\/\/x.com\/webdo_tn"],"description":"Webdo est un m\u00e9dia num\u00e9rique tunisien fond\u00e9 en 2010, sp\u00e9cialis\u00e9 dans l\u2019actualit\u00e9 nationale et internationale, l\u2019\u00e9conomie, la soci\u00e9t\u00e9 et les analyses politiques. Le site s\u2019adresse \u00e0 un large public francophone et couvre l\u2019information tunisienne en temps r\u00e9el.","email":"redac@webdo.tn","legalName":"YNJ SARL","foundingDate":"2010-09-06","numberOfEmployees":{"@type":"QuantitativeValue","minValue":"11","maxValue":"50"}},{"@type":"Person","@id":"https:\/\/www.webdo.tn\/fr\/#\/schema\/person\/16a4857e77dfc0b610c4c2cadffc9ac4","name":"Mohamed Fethi","image":{"@type":"ImageObject","inLanguage":"fr-FR","@id":"https:\/\/www.webdo.tn\/fr\/wp-content\/uploads\/2026\/04\/mohamed-fethi_avatar_1-96x96.jpg","url":"https:\/\/www.webdo.tn\/fr\/wp-content\/uploads\/2026\/04\/mohamed-fethi_avatar_1-96x96.jpg","contentUrl":"https:\/\/www.webdo.tn\/fr\/wp-content\/uploads\/2026\/04\/mohamed-fethi_avatar_1-96x96.jpg","caption":"Mohamed Fethi"},"description":"Signature \u00e9ditoriale de Maher Chaabane Mohamed Fethi est le pseudonyme \u00e9ditorial de Maher Chaabane, r\u00e9dacteur en chef de Webdo.tn depuis 2012. Cette signature est d\u00e9di\u00e9e au traitement intensif de l'actualit\u00e9 nationale et internationale en temps r\u00e9el. S'appuyant sur les deux d\u00e9cennies d'expertise journalistique de Maher Chaabane \u2014 d\u00e9but\u00e9e au sein du groupe Tunis Hebdo en 2000 \u2014 Mohamed Fethi assure une veille rigoureuse sur les enjeux politiques, \u00e9conomiques et sportifs. Sa mission est de garantir une information structur\u00e9e, fluide et fid\u00e8le aux standards de la r\u00e9daction. Pour consulter le parcours complet du r\u00e9dacteur en chef, visitez le profil officiel de Maher Chaabane.","knowsAbout":["actualit\u00e9","journalisme","information","politique","sport","m\u00e9dias","actualit\u00e9 internationale"],"knowsLanguage":["Fran\u00e7ais","Arabe"],"jobTitle":"Journaliste \u2013 R\u00e9daction Webdo","worksFor":"Webdo.tn","url":"https:\/\/www.webdo.tn\/fr\/actualite\/author\/mohamed-fethi\/"}]}},"_links":{"self":[{"href":"https:\/\/www.webdo.tn\/fr\/wp-json\/wp\/v2\/posts\/389424","targetHints":{"allow":["GET"]}}],"collection":[{"href":"https:\/\/www.webdo.tn\/fr\/wp-json\/wp\/v2\/posts"}],"about":[{"href":"https:\/\/www.webdo.tn\/fr\/wp-json\/wp\/v2\/types\/post"}],"author":[{"embeddable":true,"href":"https:\/\/www.webdo.tn\/fr\/wp-json\/wp\/v2\/users\/4782"}],"replies":[{"embeddable":true,"href":"https:\/\/www.webdo.tn\/fr\/wp-json\/wp\/v2\/comments?post=389424"}],"version-history":[{"count":0,"href":"https:\/\/www.webdo.tn\/fr\/wp-json\/wp\/v2\/posts\/389424\/revisions"}],"wp:featuredmedia":[{"embeddable":true,"href":"https:\/\/www.webdo.tn\/fr\/wp-json\/wp\/v2\/media\/389425"}],"wp:attachment":[{"href":"https:\/\/www.webdo.tn\/fr\/wp-json\/wp\/v2\/media?parent=389424"}],"wp:term":[{"taxonomy":"category","embeddable":true,"href":"https:\/\/www.webdo.tn\/fr\/wp-json\/wp\/v2\/categories?post=389424"},{"taxonomy":"post_tag","embeddable":true,"href":"https:\/\/www.webdo.tn\/fr\/wp-json\/wp\/v2\/tags?post=389424"}],"curies":[{"name":"wp","href":"https:\/\/api.w.org\/{rel}","templated":true}]}}