{"id":389409,"date":"2025-12-11T15:39:37","date_gmt":"2025-12-11T14:39:37","guid":{"rendered":"https:\/\/www.webdo.tn\/fr\/?p=389409"},"modified":"2025-12-11T15:39:38","modified_gmt":"2025-12-11T14:39:38","slug":"affaire-bessaies-zeghidi-le-dossier-place-en-delibere-par-la-justice","status":"publish","type":"post","link":"https:\/\/www.webdo.tn\/fr\/actualite\/national\/affaire-bessaies-zeghidi-le-dossier-place-en-delibere-par-la-justice\/389409\/","title":{"rendered":"Affaire Bessaies &#8211; Zeghidi : Le dossier plac\u00e9 en d\u00e9lib\u00e9r\u00e9 par la justice"},"content":{"rendered":"\n<p><strong>La chambre criminelle du tribunal de premi\u00e8re instance de Tunis a mis en d\u00e9lib\u00e9r\u00e9 l\u2019affaire visant les journalistes Borhane Bessaies et Mourad Zeghidi, apr\u00e8s l\u2019examen des demandes de mise en libert\u00e9 pr\u00e9sent\u00e9es par leur d\u00e9fense.<\/strong><\/p>\n\n\n\n<p>Les deux hommes, poursuivis dans une affaire de blanchiment d\u2019argent et d\u2019\u00e9vasion fiscale, restent dans l\u2019attente de la prochaine date d\u2019audience.<\/p>\n\n\n\n<h2 class=\"wp-block-heading\" id=\"h-un-renvoi-en-etat-d-arrestation-decide-en-appel\">Un renvoi en \u00e9tat d\u2019arrestation d\u00e9cid\u00e9 en appel<\/h2>\n\n\n\n<p>Lors de la s\u00e9ance, la d\u00e9fense des deux journalistes a soumis deux requ\u00eates distinctes de mise en libert\u00e9. \u00c0 l\u2019issue des plaidoiries, la chambre criminelle a choisi de r\u00e9server sa d\u00e9cision, mettant l\u2019ensemble du dossier en d\u00e9lib\u00e9r\u00e9 afin de statuer ult\u00e9rieurement sur ces demandes et de fixer la prochaine audience.<\/p>\n\n\n\n<p>Avant cette \u00e9tape, la chambre d\u2019accusation de la Cour d\u2019appel de Tunis avait ordonn\u00e9 le renvoi de Borhane Bessaies et de Mourad Zeghidi en \u00e9tat d\u2019arrestation devant la chambre criminelle.<\/p>\n\n\n\n<p>Cette d\u00e9cision marque une \u00e9volution notable dans le traitement du dossier, qui porte sur des accusations lourdes : blanchiment d\u2019argent, \u00e9vasion fiscale. Selon une source judiciaire autoris\u00e9e rapport\u00e9e par Mosaique fm, ces charges ont motiv\u00e9 le maintien en d\u00e9tention des deux journalistes en attendant leur proc\u00e8s.<\/p>\n\n\n\n<h2 class=\"wp-block-heading\" id=\"h-infractions-fiscales\">Infractions fiscales<\/h2>\n\n\n\n<p>Borhane Bessaies et Mourad Zeghidi sont poursuivis pour blanchiment d\u2019argent, une accusation fond\u00e9e sur l\u2019utilisation pr\u00e9sum\u00e9e de facilit\u00e9s li\u00e9es \u00e0 leurs fonctions, leurs activit\u00e9s professionnelles et leurs r\u00e9seaux sociaux et relationnels. Les enqu\u00eateurs estiment que ces avantages auraient \u00e9t\u00e9 exploit\u00e9s pour dissimuler ou recycler des fonds d\u2019origine illicite.<\/p>\n\n\n\n<p>Outre les accusations de blanchiment, les pr\u00e9venus sont \u00e9galement vis\u00e9s pour de multiples manquements fiscaux : minoration de plus de 30% du chiffre d\u2019affaires, non-paiement des retenues \u00e0 la source dues au Tr\u00e9sor, non-versement de la TVA exigible et absence d\u2019\u00e9mission de factures ou notes d\u2019honoraires conform\u00e9ment \u00e0 l\u2019article 18 du Code de la TVA. Ces irr\u00e9gularit\u00e9s constituent une part importante du dossier transmis \u00e0 la justice.<\/p>\n\n\n\n<p><\/p>\n\n\n\n<blockquote class=\"wp-block-quote is-layout-flow wp-block-quote-is-layout-flow\">\n<p><strong>Lire aussi<\/strong><\/p>\n\n\n\n<ul class=\"wp-block-list\">\n<li><a href=\"https:\/\/www.webdo.tn\/fr\/actualite\/national\/affaire-zeghidi-bsaies-lexamen-du-dossier-reporte-au-11-decembre\/387966\/\">Affaire Zeghidi\u2013Bsaies : L\u2019examen du dossier report\u00e9 au 11 d\u00e9cembre<\/a><\/li>\n<\/ul>\n<\/blockquote>\n","protected":false},"excerpt":{"rendered":"<p>La chambre criminelle du tribunal de premi\u00e8re instance de Tunis a mis en d\u00e9lib\u00e9r\u00e9 l\u2019affaire visant les journalistes Borhane Bessaies et Mourad Zeghidi, apr\u00e8s l\u2019examen des demandes de mise en libert\u00e9 pr\u00e9sent\u00e9es par leur d\u00e9fense. Les deux hommes, poursuivis dans une affaire de blanchiment d\u2019argent et d\u2019\u00e9vasion fiscale, restent dans l\u2019attente de la prochaine date [&hellip;]<\/p>\n","protected":false},"author":4782,"featured_media":387927,"comment_status":"closed","ping_status":"closed","sticky":false,"template":"","format":"standard","meta":{"footnotes":""},"categories":[44],"tags":[6088,2619,4868,2608],"class_list":["post-389409","post","type-post","status-publish","format-standard","has-post-thumbnail","hentry","category-national","tag-borhene-bsaies","tag-justice","tag-mourad-zeghidi","tag-tunisie"],"yoast_head":"<!-- This site is optimized with the Yoast SEO Premium plugin v27.5 (Yoast SEO v27.5) - https:\/\/yoast.com\/product\/yoast-seo-premium-wordpress\/ -->\n<title>Affaire Bessaies - Zeghidi : Le dossier plac\u00e9 en d\u00e9lib\u00e9r\u00e9 par la justice - webdo<\/title>\n<meta name=\"description\" content=\"Affaire Bessaies - Zeghidi : la justice a mis en d\u00e9lib\u00e9r\u00e9 le dossier apr\u00e8s les demandes de mise en libert\u00e9 de leurs avocats.\" \/>\n<link rel=\"canonical\" href=\"https:\/\/www.webdo.tn\/fr\/actualite\/national\/affaire-bessaies-zeghidi-le-dossier-place-en-delibere-par-la-justice\/389409\/\" \/>\n<meta property=\"og:locale\" content=\"fr_FR\" \/>\n<meta property=\"og:type\" content=\"article\" \/>\n<meta property=\"og:title\" content=\"Affaire Bessaies - Zeghidi : Le dossier plac\u00e9 en d\u00e9lib\u00e9r\u00e9 par la justice\" \/>\n<meta property=\"og:description\" content=\"Affaire Bessaies - Zeghidi : la justice a mis en d\u00e9lib\u00e9r\u00e9 le dossier apr\u00e8s les demandes de mise en libert\u00e9 de leurs avocats.\" \/>\n<meta property=\"og:url\" content=\"https:\/\/www.webdo.tn\/fr\/actualite\/national\/affaire-bessaies-zeghidi-le-dossier-place-en-delibere-par-la-justice\/389409\/\" \/>\n<meta property=\"og:site_name\" content=\"webdo\" \/>\n<meta property=\"article:publisher\" content=\"https:\/\/www.facebook.com\/webdotn\" \/>\n<meta property=\"article:published_time\" content=\"2025-12-11T14:39:37+00:00\" \/>\n<meta property=\"article:modified_time\" content=\"2025-12-11T14:39:38+00:00\" \/>\n<meta property=\"og:image\" content=\"https:\/\/www.webdo.tn\/fr\/wp-content\/uploads\/2025\/11\/Bsaies-Zeghidi.jpg\" \/>\n\t<meta property=\"og:image:width\" content=\"1259\" \/>\n\t<meta property=\"og:image:height\" content=\"600\" \/>\n\t<meta property=\"og:image:type\" content=\"image\/jpeg\" \/>\n<meta name=\"author\" content=\"Mohamed Fethi\" \/>\n<meta name=\"twitter:card\" content=\"summary_large_image\" \/>\n<meta name=\"twitter:creator\" content=\"@webdo_tn\" \/>\n<meta name=\"twitter:site\" content=\"@webdo_tn\" \/>\n<meta name=\"twitter:label1\" content=\"\u00c9crit par\" \/>\n\t<meta name=\"twitter:data1\" content=\"Mohamed Fethi\" \/>\n\t<meta name=\"twitter:label2\" content=\"Dur\u00e9e de lecture estim\u00e9e\" \/>\n\t<meta name=\"twitter:data2\" content=\"2 minutes\" \/>\n<script type=\"application\/ld+json\" class=\"yoast-schema-graph\">{\"@context\":\"https:\\\/\\\/schema.org\",\"@graph\":[{\"@type\":\"NewsArticle\",\"@id\":\"https:\\\/\\\/www.webdo.tn\\\/fr\\\/actualite\\\/national\\\/affaire-bessaies-zeghidi-le-dossier-place-en-delibere-par-la-justice\\\/389409\\\/#article\",\"isPartOf\":{\"@id\":\"https:\\\/\\\/www.webdo.tn\\\/fr\\\/actualite\\\/national\\\/affaire-bessaies-zeghidi-le-dossier-place-en-delibere-par-la-justice\\\/389409\\\/\"},\"author\":{\"name\":\"Mohamed Fethi\",\"@id\":\"https:\\\/\\\/www.webdo.tn\\\/fr\\\/#\\\/schema\\\/person\\\/16a4857e77dfc0b610c4c2cadffc9ac4\"},\"headline\":\"Affaire Bessaies &#8211; Zeghidi : Le dossier plac\u00e9 en d\u00e9lib\u00e9r\u00e9 par la justice\",\"datePublished\":\"2025-12-11T14:39:37+00:00\",\"dateModified\":\"2025-12-11T14:39:38+00:00\",\"mainEntityOfPage\":{\"@id\":\"https:\\\/\\\/www.webdo.tn\\\/fr\\\/actualite\\\/national\\\/affaire-bessaies-zeghidi-le-dossier-place-en-delibere-par-la-justice\\\/389409\\\/\"},\"wordCount\":381,\"publisher\":{\"@id\":\"https:\\\/\\\/www.webdo.tn\\\/fr\\\/#organization\"},\"image\":{\"@id\":\"https:\\\/\\\/www.webdo.tn\\\/fr\\\/actualite\\\/national\\\/affaire-bessaies-zeghidi-le-dossier-place-en-delibere-par-la-justice\\\/389409\\\/#primaryimage\"},\"thumbnailUrl\":\"https:\\\/\\\/www.webdo.tn\\\/fr\\\/wp-content\\\/uploads\\\/2025\\\/11\\\/Bsaies-Zeghidi.jpg\",\"keywords\":[\"Borhene Bsaies\",\"justice\",\"Mourad Zeghidi\",\"Tunisie\"],\"articleSection\":[\"National\"],\"inLanguage\":\"fr-FR\"},{\"@type\":\"WebPage\",\"@id\":\"https:\\\/\\\/www.webdo.tn\\\/fr\\\/actualite\\\/national\\\/affaire-bessaies-zeghidi-le-dossier-place-en-delibere-par-la-justice\\\/389409\\\/\",\"url\":\"https:\\\/\\\/www.webdo.tn\\\/fr\\\/actualite\\\/national\\\/affaire-bessaies-zeghidi-le-dossier-place-en-delibere-par-la-justice\\\/389409\\\/\",\"name\":\"Affaire Bessaies - Zeghidi : Le dossier plac\u00e9 en d\u00e9lib\u00e9r\u00e9 par la justice - webdo\",\"isPartOf\":{\"@id\":\"https:\\\/\\\/www.webdo.tn\\\/fr\\\/#website\"},\"primaryImageOfPage\":{\"@id\":\"https:\\\/\\\/www.webdo.tn\\\/fr\\\/actualite\\\/national\\\/affaire-bessaies-zeghidi-le-dossier-place-en-delibere-par-la-justice\\\/389409\\\/#primaryimage\"},\"image\":{\"@id\":\"https:\\\/\\\/www.webdo.tn\\\/fr\\\/actualite\\\/national\\\/affaire-bessaies-zeghidi-le-dossier-place-en-delibere-par-la-justice\\\/389409\\\/#primaryimage\"},\"thumbnailUrl\":\"https:\\\/\\\/www.webdo.tn\\\/fr\\\/wp-content\\\/uploads\\\/2025\\\/11\\\/Bsaies-Zeghidi.jpg\",\"datePublished\":\"2025-12-11T14:39:37+00:00\",\"dateModified\":\"2025-12-11T14:39:38+00:00\",\"description\":\"Affaire Bessaies - Zeghidi : la justice a mis en d\u00e9lib\u00e9r\u00e9 le dossier apr\u00e8s les demandes de mise en libert\u00e9 de leurs avocats.\",\"breadcrumb\":{\"@id\":\"https:\\\/\\\/www.webdo.tn\\\/fr\\\/actualite\\\/national\\\/affaire-bessaies-zeghidi-le-dossier-place-en-delibere-par-la-justice\\\/389409\\\/#breadcrumb\"},\"inLanguage\":\"fr-FR\",\"potentialAction\":[{\"@type\":\"ReadAction\",\"target\":[\"https:\\\/\\\/www.webdo.tn\\\/fr\\\/actualite\\\/national\\\/affaire-bessaies-zeghidi-le-dossier-place-en-delibere-par-la-justice\\\/389409\\\/\"]}]},{\"@type\":\"ImageObject\",\"inLanguage\":\"fr-FR\",\"@id\":\"https:\\\/\\\/www.webdo.tn\\\/fr\\\/actualite\\\/national\\\/affaire-bessaies-zeghidi-le-dossier-place-en-delibere-par-la-justice\\\/389409\\\/#primaryimage\",\"url\":\"https:\\\/\\\/www.webdo.tn\\\/fr\\\/wp-content\\\/uploads\\\/2025\\\/11\\\/Bsaies-Zeghidi.jpg\",\"contentUrl\":\"https:\\\/\\\/www.webdo.tn\\\/fr\\\/wp-content\\\/uploads\\\/2025\\\/11\\\/Bsaies-Zeghidi.jpg\",\"width\":1259,\"height\":600,\"caption\":\"Affaire Zeghidi\u2013Bsaies : Nouveau report et maintien en d\u00e9tention\"},{\"@type\":\"BreadcrumbList\",\"@id\":\"https:\\\/\\\/www.webdo.tn\\\/fr\\\/actualite\\\/national\\\/affaire-bessaies-zeghidi-le-dossier-place-en-delibere-par-la-justice\\\/389409\\\/#breadcrumb\",\"itemListElement\":[{\"@type\":\"ListItem\",\"position\":1,\"name\":\"Accueil\",\"item\":\"https:\\\/\\\/www.webdo.tn\\\/fr\\\/\"},{\"@type\":\"ListItem\",\"position\":2,\"name\":\"Affaire Bessaies &#8211; Zeghidi : Le dossier plac\u00e9 en d\u00e9lib\u00e9r\u00e9 par la justice\"}]},{\"@type\":\"WebSite\",\"@id\":\"https:\\\/\\\/www.webdo.tn\\\/fr\\\/#website\",\"url\":\"https:\\\/\\\/www.webdo.tn\\\/fr\\\/\",\"name\":\"webdo\",\"description\":\"Tunisie - News en Tunisie et \u00e0 l&#039;international sur Webdo.tn\",\"publisher\":{\"@id\":\"https:\\\/\\\/www.webdo.tn\\\/fr\\\/#organization\"},\"potentialAction\":[{\"@type\":\"SearchAction\",\"target\":{\"@type\":\"EntryPoint\",\"urlTemplate\":\"https:\\\/\\\/www.webdo.tn\\\/fr\\\/?s={search_term_string}\"},\"query-input\":{\"@type\":\"PropertyValueSpecification\",\"valueRequired\":true,\"valueName\":\"search_term_string\"}}],\"inLanguage\":\"fr-FR\"},{\"@type\":\"Organization\",\"@id\":\"https:\\\/\\\/www.webdo.tn\\\/fr\\\/#organization\",\"name\":\"Webdo\",\"alternateName\":\"Webdo.tn\",\"url\":\"https:\\\/\\\/www.webdo.tn\\\/fr\\\/\",\"logo\":{\"@type\":\"ImageObject\",\"inLanguage\":\"fr-FR\",\"@id\":\"https:\\\/\\\/www.webdo.tn\\\/fr\\\/#\\\/schema\\\/logo\\\/image\\\/\",\"url\":\"https:\\\/\\\/www.webdo.tn\\\/fr\\\/wp-content\\\/uploads\\\/2025\\\/06\\\/Webdo-Tunisie_168377.jpg\",\"contentUrl\":\"https:\\\/\\\/www.webdo.tn\\\/fr\\\/wp-content\\\/uploads\\\/2025\\\/06\\\/Webdo-Tunisie_168377.jpg\",\"width\":301,\"height\":301,\"caption\":\"Webdo\"},\"image\":{\"@id\":\"https:\\\/\\\/www.webdo.tn\\\/fr\\\/#\\\/schema\\\/logo\\\/image\\\/\"},\"sameAs\":[\"https:\\\/\\\/www.facebook.com\\\/webdotn\",\"https:\\\/\\\/x.com\\\/webdo_tn\"],\"description\":\"Webdo est un m\u00e9dia num\u00e9rique tunisien fond\u00e9 en 2010, sp\u00e9cialis\u00e9 dans l\u2019actualit\u00e9 nationale et internationale, l\u2019\u00e9conomie, la soci\u00e9t\u00e9 et les analyses politiques. Le site s\u2019adresse \u00e0 un large public francophone et couvre l\u2019information tunisienne en temps r\u00e9el.\",\"email\":\"redac@webdo.tn\",\"legalName\":\"YNJ SARL\",\"foundingDate\":\"2010-09-06\",\"numberOfEmployees\":{\"@type\":\"QuantitativeValue\",\"minValue\":\"11\",\"maxValue\":\"50\"}},{\"@type\":\"Person\",\"@id\":\"https:\\\/\\\/www.webdo.tn\\\/fr\\\/#\\\/schema\\\/person\\\/16a4857e77dfc0b610c4c2cadffc9ac4\",\"name\":\"Mohamed Fethi\",\"image\":{\"@type\":\"ImageObject\",\"inLanguage\":\"fr-FR\",\"@id\":\"https:\\\/\\\/www.webdo.tn\\\/fr\\\/wp-content\\\/uploads\\\/2026\\\/04\\\/mohamed-fethi_avatar_1-96x96.jpg\",\"url\":\"https:\\\/\\\/www.webdo.tn\\\/fr\\\/wp-content\\\/uploads\\\/2026\\\/04\\\/mohamed-fethi_avatar_1-96x96.jpg\",\"contentUrl\":\"https:\\\/\\\/www.webdo.tn\\\/fr\\\/wp-content\\\/uploads\\\/2026\\\/04\\\/mohamed-fethi_avatar_1-96x96.jpg\",\"caption\":\"Mohamed Fethi\"},\"description\":\"Signature \u00e9ditoriale de Maher Chaabane Mohamed Fethi est le pseudonyme \u00e9ditorial de Maher Chaabane, r\u00e9dacteur en chef de Webdo.tn depuis 2012. Cette signature est d\u00e9di\u00e9e au traitement intensif de l'actualit\u00e9 nationale et internationale en temps r\u00e9el. S'appuyant sur les deux d\u00e9cennies d'expertise journalistique de Maher Chaabane \u2014 d\u00e9but\u00e9e au sein du groupe Tunis Hebdo en 2000 \u2014 Mohamed Fethi assure une veille rigoureuse sur les enjeux politiques, \u00e9conomiques et sportifs. Sa mission est de garantir une information structur\u00e9e, fluide et fid\u00e8le aux standards de la r\u00e9daction. Pour consulter le parcours complet du r\u00e9dacteur en chef, visitez le profil officiel de Maher Chaabane.\",\"knowsAbout\":[\"actualit\u00e9\",\"journalisme\",\"information\",\"politique\",\"sport\",\"m\u00e9dias\",\"actualit\u00e9 internationale\"],\"knowsLanguage\":[\"Fran\u00e7ais\",\"Arabe\"],\"jobTitle\":\"Journaliste \u2013 R\u00e9daction Webdo\",\"worksFor\":\"Webdo.tn\",\"url\":\"https:\\\/\\\/www.webdo.tn\\\/fr\\\/actualite\\\/author\\\/mohamed-fethi\\\/\"}]}<\/script>\n<!-- \/ Yoast SEO Premium plugin. -->","yoast_head_json":{"title":"Affaire Bessaies - Zeghidi : Le dossier plac\u00e9 en d\u00e9lib\u00e9r\u00e9 par la justice - webdo","description":"Affaire Bessaies - Zeghidi : la justice a mis en d\u00e9lib\u00e9r\u00e9 le dossier apr\u00e8s les demandes de mise en libert\u00e9 de leurs avocats.","canonical":"https:\/\/www.webdo.tn\/fr\/actualite\/national\/affaire-bessaies-zeghidi-le-dossier-place-en-delibere-par-la-justice\/389409\/","og_locale":"fr_FR","og_type":"article","og_title":"Affaire Bessaies - Zeghidi : Le dossier plac\u00e9 en d\u00e9lib\u00e9r\u00e9 par la justice","og_description":"Affaire Bessaies - Zeghidi : la justice a mis en d\u00e9lib\u00e9r\u00e9 le dossier apr\u00e8s les demandes de mise en libert\u00e9 de leurs avocats.","og_url":"https:\/\/www.webdo.tn\/fr\/actualite\/national\/affaire-bessaies-zeghidi-le-dossier-place-en-delibere-par-la-justice\/389409\/","og_site_name":"webdo","article_publisher":"https:\/\/www.facebook.com\/webdotn","article_published_time":"2025-12-11T14:39:37+00:00","article_modified_time":"2025-12-11T14:39:38+00:00","og_image":[{"width":1259,"height":600,"url":"https:\/\/www.webdo.tn\/fr\/wp-content\/uploads\/2025\/11\/Bsaies-Zeghidi.jpg","type":"image\/jpeg"}],"author":"Mohamed Fethi","twitter_card":"summary_large_image","twitter_creator":"@webdo_tn","twitter_site":"@webdo_tn","twitter_misc":{"\u00c9crit par":"Mohamed Fethi","Dur\u00e9e de lecture estim\u00e9e":"2 minutes"},"schema":{"@context":"https:\/\/schema.org","@graph":[{"@type":"NewsArticle","@id":"https:\/\/www.webdo.tn\/fr\/actualite\/national\/affaire-bessaies-zeghidi-le-dossier-place-en-delibere-par-la-justice\/389409\/#article","isPartOf":{"@id":"https:\/\/www.webdo.tn\/fr\/actualite\/national\/affaire-bessaies-zeghidi-le-dossier-place-en-delibere-par-la-justice\/389409\/"},"author":{"name":"Mohamed Fethi","@id":"https:\/\/www.webdo.tn\/fr\/#\/schema\/person\/16a4857e77dfc0b610c4c2cadffc9ac4"},"headline":"Affaire Bessaies &#8211; Zeghidi : Le dossier plac\u00e9 en d\u00e9lib\u00e9r\u00e9 par la justice","datePublished":"2025-12-11T14:39:37+00:00","dateModified":"2025-12-11T14:39:38+00:00","mainEntityOfPage":{"@id":"https:\/\/www.webdo.tn\/fr\/actualite\/national\/affaire-bessaies-zeghidi-le-dossier-place-en-delibere-par-la-justice\/389409\/"},"wordCount":381,"publisher":{"@id":"https:\/\/www.webdo.tn\/fr\/#organization"},"image":{"@id":"https:\/\/www.webdo.tn\/fr\/actualite\/national\/affaire-bessaies-zeghidi-le-dossier-place-en-delibere-par-la-justice\/389409\/#primaryimage"},"thumbnailUrl":"https:\/\/www.webdo.tn\/fr\/wp-content\/uploads\/2025\/11\/Bsaies-Zeghidi.jpg","keywords":["Borhene Bsaies","justice","Mourad Zeghidi","Tunisie"],"articleSection":["National"],"inLanguage":"fr-FR"},{"@type":"WebPage","@id":"https:\/\/www.webdo.tn\/fr\/actualite\/national\/affaire-bessaies-zeghidi-le-dossier-place-en-delibere-par-la-justice\/389409\/","url":"https:\/\/www.webdo.tn\/fr\/actualite\/national\/affaire-bessaies-zeghidi-le-dossier-place-en-delibere-par-la-justice\/389409\/","name":"Affaire Bessaies - Zeghidi : Le dossier plac\u00e9 en d\u00e9lib\u00e9r\u00e9 par la justice - webdo","isPartOf":{"@id":"https:\/\/www.webdo.tn\/fr\/#website"},"primaryImageOfPage":{"@id":"https:\/\/www.webdo.tn\/fr\/actualite\/national\/affaire-bessaies-zeghidi-le-dossier-place-en-delibere-par-la-justice\/389409\/#primaryimage"},"image":{"@id":"https:\/\/www.webdo.tn\/fr\/actualite\/national\/affaire-bessaies-zeghidi-le-dossier-place-en-delibere-par-la-justice\/389409\/#primaryimage"},"thumbnailUrl":"https:\/\/www.webdo.tn\/fr\/wp-content\/uploads\/2025\/11\/Bsaies-Zeghidi.jpg","datePublished":"2025-12-11T14:39:37+00:00","dateModified":"2025-12-11T14:39:38+00:00","description":"Affaire Bessaies - Zeghidi : la justice a mis en d\u00e9lib\u00e9r\u00e9 le dossier apr\u00e8s les demandes de mise en libert\u00e9 de leurs avocats.","breadcrumb":{"@id":"https:\/\/www.webdo.tn\/fr\/actualite\/national\/affaire-bessaies-zeghidi-le-dossier-place-en-delibere-par-la-justice\/389409\/#breadcrumb"},"inLanguage":"fr-FR","potentialAction":[{"@type":"ReadAction","target":["https:\/\/www.webdo.tn\/fr\/actualite\/national\/affaire-bessaies-zeghidi-le-dossier-place-en-delibere-par-la-justice\/389409\/"]}]},{"@type":"ImageObject","inLanguage":"fr-FR","@id":"https:\/\/www.webdo.tn\/fr\/actualite\/national\/affaire-bessaies-zeghidi-le-dossier-place-en-delibere-par-la-justice\/389409\/#primaryimage","url":"https:\/\/www.webdo.tn\/fr\/wp-content\/uploads\/2025\/11\/Bsaies-Zeghidi.jpg","contentUrl":"https:\/\/www.webdo.tn\/fr\/wp-content\/uploads\/2025\/11\/Bsaies-Zeghidi.jpg","width":1259,"height":600,"caption":"Affaire Zeghidi\u2013Bsaies : Nouveau report et maintien en d\u00e9tention"},{"@type":"BreadcrumbList","@id":"https:\/\/www.webdo.tn\/fr\/actualite\/national\/affaire-bessaies-zeghidi-le-dossier-place-en-delibere-par-la-justice\/389409\/#breadcrumb","itemListElement":[{"@type":"ListItem","position":1,"name":"Accueil","item":"https:\/\/www.webdo.tn\/fr\/"},{"@type":"ListItem","position":2,"name":"Affaire Bessaies &#8211; Zeghidi : Le dossier plac\u00e9 en d\u00e9lib\u00e9r\u00e9 par la justice"}]},{"@type":"WebSite","@id":"https:\/\/www.webdo.tn\/fr\/#website","url":"https:\/\/www.webdo.tn\/fr\/","name":"webdo","description":"Tunisie - News en Tunisie et \u00e0 l&#039;international sur Webdo.tn","publisher":{"@id":"https:\/\/www.webdo.tn\/fr\/#organization"},"potentialAction":[{"@type":"SearchAction","target":{"@type":"EntryPoint","urlTemplate":"https:\/\/www.webdo.tn\/fr\/?s={search_term_string}"},"query-input":{"@type":"PropertyValueSpecification","valueRequired":true,"valueName":"search_term_string"}}],"inLanguage":"fr-FR"},{"@type":"Organization","@id":"https:\/\/www.webdo.tn\/fr\/#organization","name":"Webdo","alternateName":"Webdo.tn","url":"https:\/\/www.webdo.tn\/fr\/","logo":{"@type":"ImageObject","inLanguage":"fr-FR","@id":"https:\/\/www.webdo.tn\/fr\/#\/schema\/logo\/image\/","url":"https:\/\/www.webdo.tn\/fr\/wp-content\/uploads\/2025\/06\/Webdo-Tunisie_168377.jpg","contentUrl":"https:\/\/www.webdo.tn\/fr\/wp-content\/uploads\/2025\/06\/Webdo-Tunisie_168377.jpg","width":301,"height":301,"caption":"Webdo"},"image":{"@id":"https:\/\/www.webdo.tn\/fr\/#\/schema\/logo\/image\/"},"sameAs":["https:\/\/www.facebook.com\/webdotn","https:\/\/x.com\/webdo_tn"],"description":"Webdo est un m\u00e9dia num\u00e9rique tunisien fond\u00e9 en 2010, sp\u00e9cialis\u00e9 dans l\u2019actualit\u00e9 nationale et internationale, l\u2019\u00e9conomie, la soci\u00e9t\u00e9 et les analyses politiques. Le site s\u2019adresse \u00e0 un large public francophone et couvre l\u2019information tunisienne en temps r\u00e9el.","email":"redac@webdo.tn","legalName":"YNJ SARL","foundingDate":"2010-09-06","numberOfEmployees":{"@type":"QuantitativeValue","minValue":"11","maxValue":"50"}},{"@type":"Person","@id":"https:\/\/www.webdo.tn\/fr\/#\/schema\/person\/16a4857e77dfc0b610c4c2cadffc9ac4","name":"Mohamed Fethi","image":{"@type":"ImageObject","inLanguage":"fr-FR","@id":"https:\/\/www.webdo.tn\/fr\/wp-content\/uploads\/2026\/04\/mohamed-fethi_avatar_1-96x96.jpg","url":"https:\/\/www.webdo.tn\/fr\/wp-content\/uploads\/2026\/04\/mohamed-fethi_avatar_1-96x96.jpg","contentUrl":"https:\/\/www.webdo.tn\/fr\/wp-content\/uploads\/2026\/04\/mohamed-fethi_avatar_1-96x96.jpg","caption":"Mohamed Fethi"},"description":"Signature \u00e9ditoriale de Maher Chaabane Mohamed Fethi est le pseudonyme \u00e9ditorial de Maher Chaabane, r\u00e9dacteur en chef de Webdo.tn depuis 2012. Cette signature est d\u00e9di\u00e9e au traitement intensif de l'actualit\u00e9 nationale et internationale en temps r\u00e9el. S'appuyant sur les deux d\u00e9cennies d'expertise journalistique de Maher Chaabane \u2014 d\u00e9but\u00e9e au sein du groupe Tunis Hebdo en 2000 \u2014 Mohamed Fethi assure une veille rigoureuse sur les enjeux politiques, \u00e9conomiques et sportifs. Sa mission est de garantir une information structur\u00e9e, fluide et fid\u00e8le aux standards de la r\u00e9daction. Pour consulter le parcours complet du r\u00e9dacteur en chef, visitez le profil officiel de Maher Chaabane.","knowsAbout":["actualit\u00e9","journalisme","information","politique","sport","m\u00e9dias","actualit\u00e9 internationale"],"knowsLanguage":["Fran\u00e7ais","Arabe"],"jobTitle":"Journaliste \u2013 R\u00e9daction Webdo","worksFor":"Webdo.tn","url":"https:\/\/www.webdo.tn\/fr\/actualite\/author\/mohamed-fethi\/"}]}},"_links":{"self":[{"href":"https:\/\/www.webdo.tn\/fr\/wp-json\/wp\/v2\/posts\/389409","targetHints":{"allow":["GET"]}}],"collection":[{"href":"https:\/\/www.webdo.tn\/fr\/wp-json\/wp\/v2\/posts"}],"about":[{"href":"https:\/\/www.webdo.tn\/fr\/wp-json\/wp\/v2\/types\/post"}],"author":[{"embeddable":true,"href":"https:\/\/www.webdo.tn\/fr\/wp-json\/wp\/v2\/users\/4782"}],"replies":[{"embeddable":true,"href":"https:\/\/www.webdo.tn\/fr\/wp-json\/wp\/v2\/comments?post=389409"}],"version-history":[{"count":0,"href":"https:\/\/www.webdo.tn\/fr\/wp-json\/wp\/v2\/posts\/389409\/revisions"}],"wp:featuredmedia":[{"embeddable":true,"href":"https:\/\/www.webdo.tn\/fr\/wp-json\/wp\/v2\/media\/387927"}],"wp:attachment":[{"href":"https:\/\/www.webdo.tn\/fr\/wp-json\/wp\/v2\/media?parent=389409"}],"wp:term":[{"taxonomy":"category","embeddable":true,"href":"https:\/\/www.webdo.tn\/fr\/wp-json\/wp\/v2\/categories?post=389409"},{"taxonomy":"post_tag","embeddable":true,"href":"https:\/\/www.webdo.tn\/fr\/wp-json\/wp\/v2\/tags?post=389409"}],"curies":[{"name":"wp","href":"https:\/\/api.w.org\/{rel}","templated":true}]}}