{"id":389403,"date":"2025-12-11T15:04:23","date_gmt":"2025-12-11T14:04:23","guid":{"rendered":"https:\/\/www.webdo.tn\/fr\/?p=389403"},"modified":"2025-12-11T15:04:24","modified_gmt":"2025-12-11T14:04:24","slug":"ciff-2026-le-festival-international-du-film-du-caire-annonce-les-dates-de-sa-47%e1%b5%89-edition","status":"publish","type":"post","link":"https:\/\/www.webdo.tn\/fr\/actualite\/culture\/ciff-2026-le-festival-international-du-film-du-caire-annonce-les-dates-de-sa-47%e1%b5%89-edition\/389403\/","title":{"rendered":"CIFF 2026 \u2013 Le Festival International du Film du Caire annonce les dates de sa 47\u1d49 \u00e9dition"},"content":{"rendered":"\n<p>Le Festival international du film du Caire (CIFF), pr\u00e9sid\u00e9 par le c\u00e9l\u00e8bre acteur Hussein Fahmy, a annonc\u00e9 les dates de sa 47\u1d49 \u00e9dition, qui se tiendra du 11 au 20 novembre 2026.<\/p>\n\n\n\n<p>Dans ce cadre, le pr\u00e9sident du CIFF, Hussein Fahmy, a exprim\u00e9 sa profonde gratitude au minist\u00e8re \u00e9gyptien de la Culture, dirig\u00e9 par le Dr Ahmed Fouad Hanno, pour son parrainage g\u00e9n\u00e9reux et son soutien constant. Il a soulign\u00e9 que cet appui constitue la v\u00e9ritable garantie du succ\u00e8s du festival et de sa place de leader au sein du paysage culturel arabe et africain. Fahmy a \u00e9galement adress\u00e9 ses remerciements \u00e0 l\u2019ensemble des partenaires strat\u00e9giques, sponsors et institutions de soutien, locaux et internationaux, ainsi qu\u2019aux m\u00e9dias qui portent la responsabilit\u00e9 de transmettre le message culturel du festival. Il a tenu \u00e0 saluer les cin\u00e9astes, r\u00e9alisateurs, producteurs, \u00e9quipes techniques et membres des jurys, dont les contributions ont fa\u00e7onn\u00e9 les \u00e9ditions pr\u00e9c\u00e9dentes et consolid\u00e9 le prestige artistique du CIFF.<\/p>\n\n\n\n<p>De son c\u00f4t\u00e9, Mohamed Tarek, directeur artistique du festival, a insist\u00e9 sur le r\u00f4le central du public, qu\u2019il consid\u00e8re comme la v\u00e9ritable boussole et la finalit\u00e9 de tout ce que r\u00e9alise l\u2019\u00e9quipe du festival. Il a adress\u00e9 un salut particulier aux spectateurs et \u00e0 leur passion ardente pour le cin\u00e9ma. Tarek a r\u00e9v\u00e9l\u00e9 que la pr\u00e9c\u00e9dente \u00e9dition avait atteint des chiffres sans pr\u00e9c\u00e9dent, avec 45 000 billets vendus, soit une progression de 5 000 tickets par rapport \u00e0 l\u2019ann\u00e9e pr\u00e9c\u00e9dente. L\u2019\u00e9quipe artistique ambitionne d\u00e9sormais de doubler ce nombre et d\u2019accueillir un public encore plus large lors de la 47\u1d49 \u00e9dition.<\/p>\n\n\n\n<p>Le Festival international du film du Caire se pr\u00e9pare ainsi \u00e0 accueillir ses invit\u00e9s et son public pour une nouvelle \u00e9dition plac\u00e9e sous le signe du partage et de la cr\u00e9ativit\u00e9, poursuivant sa mission de carrefour du cin\u00e9ma mondial depuis sa cr\u00e9ation en 1976.<\/p>\n\n\n\n<p><strong>\u00c0 propos du Festival international du film du Caire<\/strong><\/p>\n\n\n\n<p>Fond\u00e9 en 1976, le Festival international du film du Caire est l\u2019un des plus anciens festivals du monde arabe et d\u2019Afrique, et figure parmi les rares festivals reconnus par la F\u00e9d\u00e9ration internationale des associations de producteurs de films (FIAPF). Organis\u00e9 chaque ann\u00e9e sous le patronage du minist\u00e8re \u00e9gyptien de la Culture, le CIFF s\u2019attache \u00e0 allier exigence artistique et dimension professionnelle, faisant de chaque \u00e9dition une plateforme essentielle pour renforcer la pr\u00e9sence du cin\u00e9ma arabe sur la sc\u00e8ne internationale.<\/p>\n\n\n\n<p>D&rsquo;apr\u00e8s communiqu\u00e9<\/p>\n","protected":false},"excerpt":{"rendered":"<p>Le Festival international du film du Caire (CIFF), pr\u00e9sid\u00e9 par le c\u00e9l\u00e8bre acteur Hussein Fahmy, a annonc\u00e9 les dates de sa 47\u1d49 \u00e9dition, qui se tiendra du 11 au 20 novembre 2026. Dans ce cadre, le pr\u00e9sident du CIFF, Hussein Fahmy, a exprim\u00e9 sa profonde gratitude au minist\u00e8re \u00e9gyptien de la Culture, dirig\u00e9 par le [&hellip;]<\/p>\n","protected":false},"author":3164,"featured_media":389404,"comment_status":"closed","ping_status":"closed","sticky":false,"template":"","format":"standard","meta":{"footnotes":""},"categories":[2594],"tags":[3257,13404,2626,2628,3255,8975],"class_list":["post-389403","post","type-post","status-publish","format-standard","has-post-thumbnail","hentry","category-culture","tag-ciff","tag-ciff-2026","tag-cinema","tag-festival","tag-festival-international-du-film-du-caire","tag-festival-international-du-film-du-caire-ciff"],"yoast_head":"<!-- This site is optimized with the Yoast SEO Premium plugin v27.5 (Yoast SEO v27.5) - https:\/\/yoast.com\/product\/yoast-seo-premium-wordpress\/ -->\n<title>CIFF 2026 \u2013 Le Festival International du Film du Caire annonce les dates de sa 47\u1d49 \u00e9dition - webdo<\/title>\n<meta name=\"description\" content=\"Le CIFF 2026 tiendra sa 47\u1d49 \u00e9dition du 11 au 20 novembre, poursuivant son r\u00f4le majeur dans la promotion du cin\u00e9ma arabe et mondial\" \/>\n<link rel=\"canonical\" href=\"https:\/\/www.webdo.tn\/fr\/actualite\/culture\/ciff-2026-le-festival-international-du-film-du-caire-annonce-les-dates-de-sa-47\u1d49-edition\/389403\/\" \/>\n<meta property=\"og:locale\" content=\"fr_FR\" \/>\n<meta property=\"og:type\" content=\"article\" \/>\n<meta property=\"og:title\" content=\"CIFF 2026 \u2013 Le Festival International du Film du Caire annonce les dates de sa 47\u1d49 \u00e9dition\" \/>\n<meta property=\"og:description\" content=\"Le CIFF 2026 tiendra sa 47\u1d49 \u00e9dition du 11 au 20 novembre, poursuivant son r\u00f4le majeur dans la promotion du cin\u00e9ma arabe et mondial\" \/>\n<meta property=\"og:url\" content=\"https:\/\/www.webdo.tn\/fr\/actualite\/culture\/ciff-2026-le-festival-international-du-film-du-caire-annonce-les-dates-de-sa-47\u1d49-edition\/389403\/\" \/>\n<meta property=\"og:site_name\" content=\"webdo\" \/>\n<meta property=\"article:publisher\" content=\"https:\/\/www.facebook.com\/webdotn\" \/>\n<meta property=\"article:author\" content=\"https:\/\/www.facebook.com\/massir.destiniii\/\" \/>\n<meta property=\"article:published_time\" content=\"2025-12-11T14:04:23+00:00\" \/>\n<meta property=\"article:modified_time\" content=\"2025-12-11T14:04:24+00:00\" \/>\n<meta property=\"og:image\" content=\"https:\/\/www.webdo.tn\/fr\/wp-content\/uploads\/2025\/12\/CIFF-2026-Dates.jpg\" \/>\n\t<meta property=\"og:image:width\" content=\"1200\" \/>\n\t<meta property=\"og:image:height\" content=\"1200\" \/>\n\t<meta property=\"og:image:type\" content=\"image\/jpeg\" \/>\n<meta name=\"author\" content=\"Ne\u00efla DRISS\" \/>\n<meta name=\"twitter:card\" content=\"summary_large_image\" \/>\n<meta name=\"twitter:creator\" content=\"@https:\/\/x.com\/MassirDestin\" \/>\n<meta name=\"twitter:site\" content=\"@webdo_tn\" \/>\n<meta name=\"twitter:label1\" content=\"\u00c9crit par\" \/>\n\t<meta name=\"twitter:data1\" content=\"Ne\u00efla DRISS\" \/>\n\t<meta name=\"twitter:label2\" content=\"Dur\u00e9e de lecture estim\u00e9e\" \/>\n\t<meta name=\"twitter:data2\" content=\"3 minutes\" \/>\n<script type=\"application\/ld+json\" class=\"yoast-schema-graph\">{\"@context\":\"https:\\\/\\\/schema.org\",\"@graph\":[{\"@type\":\"NewsArticle\",\"@id\":\"https:\\\/\\\/www.webdo.tn\\\/fr\\\/actualite\\\/culture\\\/ciff-2026-le-festival-international-du-film-du-caire-annonce-les-dates-de-sa-47%e1%b5%89-edition\\\/389403\\\/#article\",\"isPartOf\":{\"@id\":\"https:\\\/\\\/www.webdo.tn\\\/fr\\\/actualite\\\/culture\\\/ciff-2026-le-festival-international-du-film-du-caire-annonce-les-dates-de-sa-47%e1%b5%89-edition\\\/389403\\\/\"},\"author\":{\"name\":\"Ne\u00efla DRISS\",\"@id\":\"https:\\\/\\\/www.webdo.tn\\\/fr\\\/#\\\/schema\\\/person\\\/60d5ba619ed3f58783b0dc82b7dada80\"},\"headline\":\"CIFF 2026 \u2013 Le Festival International du Film du Caire annonce les dates de sa 47\u1d49 \u00e9dition\",\"datePublished\":\"2025-12-11T14:04:23+00:00\",\"dateModified\":\"2025-12-11T14:04:24+00:00\",\"mainEntityOfPage\":{\"@id\":\"https:\\\/\\\/www.webdo.tn\\\/fr\\\/actualite\\\/culture\\\/ciff-2026-le-festival-international-du-film-du-caire-annonce-les-dates-de-sa-47%e1%b5%89-edition\\\/389403\\\/\"},\"wordCount\":445,\"publisher\":{\"@id\":\"https:\\\/\\\/www.webdo.tn\\\/fr\\\/#organization\"},\"image\":{\"@id\":\"https:\\\/\\\/www.webdo.tn\\\/fr\\\/actualite\\\/culture\\\/ciff-2026-le-festival-international-du-film-du-caire-annonce-les-dates-de-sa-47%e1%b5%89-edition\\\/389403\\\/#primaryimage\"},\"thumbnailUrl\":\"https:\\\/\\\/www.webdo.tn\\\/fr\\\/wp-content\\\/uploads\\\/2025\\\/12\\\/CIFF-2026-Dates.jpg\",\"keywords\":[\"CIFF\",\"CIFF 2026\",\"Cin\u00e9ma\",\"Festival\",\"Festival International du Film du Caire\",\"Festival International du Film du Caire (CIFF)\"],\"articleSection\":[\"Culture\"],\"inLanguage\":\"fr-FR\"},{\"@type\":\"WebPage\",\"@id\":\"https:\\\/\\\/www.webdo.tn\\\/fr\\\/actualite\\\/culture\\\/ciff-2026-le-festival-international-du-film-du-caire-annonce-les-dates-de-sa-47%e1%b5%89-edition\\\/389403\\\/\",\"url\":\"https:\\\/\\\/www.webdo.tn\\\/fr\\\/actualite\\\/culture\\\/ciff-2026-le-festival-international-du-film-du-caire-annonce-les-dates-de-sa-47%e1%b5%89-edition\\\/389403\\\/\",\"name\":\"CIFF 2026 \u2013 Le Festival International du Film du Caire annonce les dates de sa 47\u1d49 \u00e9dition - webdo\",\"isPartOf\":{\"@id\":\"https:\\\/\\\/www.webdo.tn\\\/fr\\\/#website\"},\"primaryImageOfPage\":{\"@id\":\"https:\\\/\\\/www.webdo.tn\\\/fr\\\/actualite\\\/culture\\\/ciff-2026-le-festival-international-du-film-du-caire-annonce-les-dates-de-sa-47%e1%b5%89-edition\\\/389403\\\/#primaryimage\"},\"image\":{\"@id\":\"https:\\\/\\\/www.webdo.tn\\\/fr\\\/actualite\\\/culture\\\/ciff-2026-le-festival-international-du-film-du-caire-annonce-les-dates-de-sa-47%e1%b5%89-edition\\\/389403\\\/#primaryimage\"},\"thumbnailUrl\":\"https:\\\/\\\/www.webdo.tn\\\/fr\\\/wp-content\\\/uploads\\\/2025\\\/12\\\/CIFF-2026-Dates.jpg\",\"datePublished\":\"2025-12-11T14:04:23+00:00\",\"dateModified\":\"2025-12-11T14:04:24+00:00\",\"description\":\"Le CIFF 2026 tiendra sa 47\u1d49 \u00e9dition du 11 au 20 novembre, poursuivant son r\u00f4le majeur dans la promotion du cin\u00e9ma arabe et mondial\",\"breadcrumb\":{\"@id\":\"https:\\\/\\\/www.webdo.tn\\\/fr\\\/actualite\\\/culture\\\/ciff-2026-le-festival-international-du-film-du-caire-annonce-les-dates-de-sa-47%e1%b5%89-edition\\\/389403\\\/#breadcrumb\"},\"inLanguage\":\"fr-FR\",\"potentialAction\":[{\"@type\":\"ReadAction\",\"target\":[\"https:\\\/\\\/www.webdo.tn\\\/fr\\\/actualite\\\/culture\\\/ciff-2026-le-festival-international-du-film-du-caire-annonce-les-dates-de-sa-47%e1%b5%89-edition\\\/389403\\\/\"]}]},{\"@type\":\"ImageObject\",\"inLanguage\":\"fr-FR\",\"@id\":\"https:\\\/\\\/www.webdo.tn\\\/fr\\\/actualite\\\/culture\\\/ciff-2026-le-festival-international-du-film-du-caire-annonce-les-dates-de-sa-47%e1%b5%89-edition\\\/389403\\\/#primaryimage\",\"url\":\"https:\\\/\\\/www.webdo.tn\\\/fr\\\/wp-content\\\/uploads\\\/2025\\\/12\\\/CIFF-2026-Dates.jpg\",\"contentUrl\":\"https:\\\/\\\/www.webdo.tn\\\/fr\\\/wp-content\\\/uploads\\\/2025\\\/12\\\/CIFF-2026-Dates.jpg\",\"width\":1200,\"height\":1200,\"caption\":\"CIFF 2026\"},{\"@type\":\"BreadcrumbList\",\"@id\":\"https:\\\/\\\/www.webdo.tn\\\/fr\\\/actualite\\\/culture\\\/ciff-2026-le-festival-international-du-film-du-caire-annonce-les-dates-de-sa-47%e1%b5%89-edition\\\/389403\\\/#breadcrumb\",\"itemListElement\":[{\"@type\":\"ListItem\",\"position\":1,\"name\":\"Accueil\",\"item\":\"https:\\\/\\\/www.webdo.tn\\\/fr\\\/\"},{\"@type\":\"ListItem\",\"position\":2,\"name\":\"CIFF 2026 \u2013 Le Festival International du Film du Caire annonce les dates de sa 47\u1d49 \u00e9dition\"}]},{\"@type\":\"WebSite\",\"@id\":\"https:\\\/\\\/www.webdo.tn\\\/fr\\\/#website\",\"url\":\"https:\\\/\\\/www.webdo.tn\\\/fr\\\/\",\"name\":\"webdo\",\"description\":\"Tunisie - News en Tunisie et \u00e0 l&#039;international sur Webdo.tn\",\"publisher\":{\"@id\":\"https:\\\/\\\/www.webdo.tn\\\/fr\\\/#organization\"},\"potentialAction\":[{\"@type\":\"SearchAction\",\"target\":{\"@type\":\"EntryPoint\",\"urlTemplate\":\"https:\\\/\\\/www.webdo.tn\\\/fr\\\/?s={search_term_string}\"},\"query-input\":{\"@type\":\"PropertyValueSpecification\",\"valueRequired\":true,\"valueName\":\"search_term_string\"}}],\"inLanguage\":\"fr-FR\"},{\"@type\":\"Organization\",\"@id\":\"https:\\\/\\\/www.webdo.tn\\\/fr\\\/#organization\",\"name\":\"Webdo\",\"alternateName\":\"Webdo.tn\",\"url\":\"https:\\\/\\\/www.webdo.tn\\\/fr\\\/\",\"logo\":{\"@type\":\"ImageObject\",\"inLanguage\":\"fr-FR\",\"@id\":\"https:\\\/\\\/www.webdo.tn\\\/fr\\\/#\\\/schema\\\/logo\\\/image\\\/\",\"url\":\"https:\\\/\\\/www.webdo.tn\\\/fr\\\/wp-content\\\/uploads\\\/2025\\\/06\\\/Webdo-Tunisie_168377.jpg\",\"contentUrl\":\"https:\\\/\\\/www.webdo.tn\\\/fr\\\/wp-content\\\/uploads\\\/2025\\\/06\\\/Webdo-Tunisie_168377.jpg\",\"width\":301,\"height\":301,\"caption\":\"Webdo\"},\"image\":{\"@id\":\"https:\\\/\\\/www.webdo.tn\\\/fr\\\/#\\\/schema\\\/logo\\\/image\\\/\"},\"sameAs\":[\"https:\\\/\\\/www.facebook.com\\\/webdotn\",\"https:\\\/\\\/x.com\\\/webdo_tn\"],\"description\":\"Webdo est un m\u00e9dia num\u00e9rique tunisien fond\u00e9 en 2010, sp\u00e9cialis\u00e9 dans l\u2019actualit\u00e9 nationale et internationale, l\u2019\u00e9conomie, la soci\u00e9t\u00e9 et les analyses politiques. Le site s\u2019adresse \u00e0 un large public francophone et couvre l\u2019information tunisienne en temps r\u00e9el.\",\"email\":\"redac@webdo.tn\",\"legalName\":\"YNJ SARL\",\"foundingDate\":\"2010-09-06\",\"numberOfEmployees\":{\"@type\":\"QuantitativeValue\",\"minValue\":\"11\",\"maxValue\":\"50\"}},{\"@type\":\"Person\",\"@id\":\"https:\\\/\\\/www.webdo.tn\\\/fr\\\/#\\\/schema\\\/person\\\/60d5ba619ed3f58783b0dc82b7dada80\",\"name\":\"Ne\u00efla DRISS\",\"image\":{\"@type\":\"ImageObject\",\"inLanguage\":\"fr-FR\",\"@id\":\"https:\\\/\\\/www.webdo.tn\\\/fr\\\/wp-content\\\/uploads\\\/2026\\\/04\\\/neila-driss_avatar-96x96.jpg\",\"url\":\"https:\\\/\\\/www.webdo.tn\\\/fr\\\/wp-content\\\/uploads\\\/2026\\\/04\\\/neila-driss_avatar-96x96.jpg\",\"contentUrl\":\"https:\\\/\\\/www.webdo.tn\\\/fr\\\/wp-content\\\/uploads\\\/2026\\\/04\\\/neila-driss_avatar-96x96.jpg\",\"caption\":\"Ne\u00efla DRISS\"},\"description\":\"Ne\u00efla Driss est juriste, journaliste culturelle et critique de cin\u00e9ma tunisienne. Titulaire d\u2019un DEA en droit priv\u00e9 de l\u2019Universit\u00e9 Paris II et d\u2019un DESS de l\u2019IHEC Carthage, elle d\u00e9bute sa carri\u00e8re comme juriste sp\u00e9cialis\u00e9e en gestion de patrimoine immobilier. Elle s\u2019oriente ensuite vers l\u2019\u00e9criture en ligne, o\u00f9 elle se distingue d\u00e8s 2006 aux Tunisia Blog Awards, avant de se consacrer au journalisme culturel, avec une sp\u00e9cialisation dans la critique cin\u00e9matographique. Elle couvre r\u00e9guli\u00e8rement les grands festivals internationaux, notamment le Festival de Cannes, les Journ\u00e9es Cin\u00e9matographiques de Carthage et le Festival du film du Caire. Membre de l\u2019ATPCC et de la FIPRESCI, elle participe \u00e0 des jurys et initiatives internationales de critique. Depuis 2024, elle est \u00e9lectrice internationale aux Golden Globes. Facebook : https:\\\/\\\/www.facebook.com\\\/massir.destiniii\\\/ X : https:\\\/\\\/x.com\\\/MassirDestin\",\"sameAs\":[\"https:\\\/\\\/www.facebook.com\\\/massir.destiniii\\\/\",\"https:\\\/\\\/www.instagram.com\\\/neila.driss\\\/?hl=fr\",\"https:\\\/\\\/www.linkedin.com\\\/in\\\/neila-driss-22606a80\\\/\",\"https:\\\/\\\/x.com\\\/https:\\\/\\\/x.com\\\/MassirDestin\"],\"knowsAbout\":[\"Cin\u00e9ma international\",\"critique cin\u00e9matographique\",\"festivals de cin\u00e9ma\",\"journalisme culturel\"],\"knowsLanguage\":[\"Fran\u00e7ais\",\"Arabe\",\"Anglais\"],\"jobTitle\":\"Journaliste culturelle et critique de cin\u00e9ma\",\"worksFor\":\"Webdo\",\"url\":\"https:\\\/\\\/www.webdo.tn\\\/fr\\\/actualite\\\/author\\\/neila-driss\\\/\"}]}<\/script>\n<!-- \/ Yoast SEO Premium plugin. -->","yoast_head_json":{"title":"CIFF 2026 \u2013 Le Festival International du Film du Caire annonce les dates de sa 47\u1d49 \u00e9dition - webdo","description":"Le CIFF 2026 tiendra sa 47\u1d49 \u00e9dition du 11 au 20 novembre, poursuivant son r\u00f4le majeur dans la promotion du cin\u00e9ma arabe et mondial","canonical":"https:\/\/www.webdo.tn\/fr\/actualite\/culture\/ciff-2026-le-festival-international-du-film-du-caire-annonce-les-dates-de-sa-47\u1d49-edition\/389403\/","og_locale":"fr_FR","og_type":"article","og_title":"CIFF 2026 \u2013 Le Festival International du Film du Caire annonce les dates de sa 47\u1d49 \u00e9dition","og_description":"Le CIFF 2026 tiendra sa 47\u1d49 \u00e9dition du 11 au 20 novembre, poursuivant son r\u00f4le majeur dans la promotion du cin\u00e9ma arabe et mondial","og_url":"https:\/\/www.webdo.tn\/fr\/actualite\/culture\/ciff-2026-le-festival-international-du-film-du-caire-annonce-les-dates-de-sa-47\u1d49-edition\/389403\/","og_site_name":"webdo","article_publisher":"https:\/\/www.facebook.com\/webdotn","article_author":"https:\/\/www.facebook.com\/massir.destiniii\/","article_published_time":"2025-12-11T14:04:23+00:00","article_modified_time":"2025-12-11T14:04:24+00:00","og_image":[{"width":1200,"height":1200,"url":"https:\/\/www.webdo.tn\/fr\/wp-content\/uploads\/2025\/12\/CIFF-2026-Dates.jpg","type":"image\/jpeg"}],"author":"Ne\u00efla DRISS","twitter_card":"summary_large_image","twitter_creator":"@https:\/\/x.com\/MassirDestin","twitter_site":"@webdo_tn","twitter_misc":{"\u00c9crit par":"Ne\u00efla DRISS","Dur\u00e9e de lecture estim\u00e9e":"3 minutes"},"schema":{"@context":"https:\/\/schema.org","@graph":[{"@type":"NewsArticle","@id":"https:\/\/www.webdo.tn\/fr\/actualite\/culture\/ciff-2026-le-festival-international-du-film-du-caire-annonce-les-dates-de-sa-47%e1%b5%89-edition\/389403\/#article","isPartOf":{"@id":"https:\/\/www.webdo.tn\/fr\/actualite\/culture\/ciff-2026-le-festival-international-du-film-du-caire-annonce-les-dates-de-sa-47%e1%b5%89-edition\/389403\/"},"author":{"name":"Ne\u00efla DRISS","@id":"https:\/\/www.webdo.tn\/fr\/#\/schema\/person\/60d5ba619ed3f58783b0dc82b7dada80"},"headline":"CIFF 2026 \u2013 Le Festival International du Film du Caire annonce les dates de sa 47\u1d49 \u00e9dition","datePublished":"2025-12-11T14:04:23+00:00","dateModified":"2025-12-11T14:04:24+00:00","mainEntityOfPage":{"@id":"https:\/\/www.webdo.tn\/fr\/actualite\/culture\/ciff-2026-le-festival-international-du-film-du-caire-annonce-les-dates-de-sa-47%e1%b5%89-edition\/389403\/"},"wordCount":445,"publisher":{"@id":"https:\/\/www.webdo.tn\/fr\/#organization"},"image":{"@id":"https:\/\/www.webdo.tn\/fr\/actualite\/culture\/ciff-2026-le-festival-international-du-film-du-caire-annonce-les-dates-de-sa-47%e1%b5%89-edition\/389403\/#primaryimage"},"thumbnailUrl":"https:\/\/www.webdo.tn\/fr\/wp-content\/uploads\/2025\/12\/CIFF-2026-Dates.jpg","keywords":["CIFF","CIFF 2026","Cin\u00e9ma","Festival","Festival International du Film du Caire","Festival International du Film du Caire (CIFF)"],"articleSection":["Culture"],"inLanguage":"fr-FR"},{"@type":"WebPage","@id":"https:\/\/www.webdo.tn\/fr\/actualite\/culture\/ciff-2026-le-festival-international-du-film-du-caire-annonce-les-dates-de-sa-47%e1%b5%89-edition\/389403\/","url":"https:\/\/www.webdo.tn\/fr\/actualite\/culture\/ciff-2026-le-festival-international-du-film-du-caire-annonce-les-dates-de-sa-47%e1%b5%89-edition\/389403\/","name":"CIFF 2026 \u2013 Le Festival International du Film du Caire annonce les dates de sa 47\u1d49 \u00e9dition - webdo","isPartOf":{"@id":"https:\/\/www.webdo.tn\/fr\/#website"},"primaryImageOfPage":{"@id":"https:\/\/www.webdo.tn\/fr\/actualite\/culture\/ciff-2026-le-festival-international-du-film-du-caire-annonce-les-dates-de-sa-47%e1%b5%89-edition\/389403\/#primaryimage"},"image":{"@id":"https:\/\/www.webdo.tn\/fr\/actualite\/culture\/ciff-2026-le-festival-international-du-film-du-caire-annonce-les-dates-de-sa-47%e1%b5%89-edition\/389403\/#primaryimage"},"thumbnailUrl":"https:\/\/www.webdo.tn\/fr\/wp-content\/uploads\/2025\/12\/CIFF-2026-Dates.jpg","datePublished":"2025-12-11T14:04:23+00:00","dateModified":"2025-12-11T14:04:24+00:00","description":"Le CIFF 2026 tiendra sa 47\u1d49 \u00e9dition du 11 au 20 novembre, poursuivant son r\u00f4le majeur dans la promotion du cin\u00e9ma arabe et mondial","breadcrumb":{"@id":"https:\/\/www.webdo.tn\/fr\/actualite\/culture\/ciff-2026-le-festival-international-du-film-du-caire-annonce-les-dates-de-sa-47%e1%b5%89-edition\/389403\/#breadcrumb"},"inLanguage":"fr-FR","potentialAction":[{"@type":"ReadAction","target":["https:\/\/www.webdo.tn\/fr\/actualite\/culture\/ciff-2026-le-festival-international-du-film-du-caire-annonce-les-dates-de-sa-47%e1%b5%89-edition\/389403\/"]}]},{"@type":"ImageObject","inLanguage":"fr-FR","@id":"https:\/\/www.webdo.tn\/fr\/actualite\/culture\/ciff-2026-le-festival-international-du-film-du-caire-annonce-les-dates-de-sa-47%e1%b5%89-edition\/389403\/#primaryimage","url":"https:\/\/www.webdo.tn\/fr\/wp-content\/uploads\/2025\/12\/CIFF-2026-Dates.jpg","contentUrl":"https:\/\/www.webdo.tn\/fr\/wp-content\/uploads\/2025\/12\/CIFF-2026-Dates.jpg","width":1200,"height":1200,"caption":"CIFF 2026"},{"@type":"BreadcrumbList","@id":"https:\/\/www.webdo.tn\/fr\/actualite\/culture\/ciff-2026-le-festival-international-du-film-du-caire-annonce-les-dates-de-sa-47%e1%b5%89-edition\/389403\/#breadcrumb","itemListElement":[{"@type":"ListItem","position":1,"name":"Accueil","item":"https:\/\/www.webdo.tn\/fr\/"},{"@type":"ListItem","position":2,"name":"CIFF 2026 \u2013 Le Festival International du Film du Caire annonce les dates de sa 47\u1d49 \u00e9dition"}]},{"@type":"WebSite","@id":"https:\/\/www.webdo.tn\/fr\/#website","url":"https:\/\/www.webdo.tn\/fr\/","name":"webdo","description":"Tunisie - News en Tunisie et \u00e0 l&#039;international sur Webdo.tn","publisher":{"@id":"https:\/\/www.webdo.tn\/fr\/#organization"},"potentialAction":[{"@type":"SearchAction","target":{"@type":"EntryPoint","urlTemplate":"https:\/\/www.webdo.tn\/fr\/?s={search_term_string}"},"query-input":{"@type":"PropertyValueSpecification","valueRequired":true,"valueName":"search_term_string"}}],"inLanguage":"fr-FR"},{"@type":"Organization","@id":"https:\/\/www.webdo.tn\/fr\/#organization","name":"Webdo","alternateName":"Webdo.tn","url":"https:\/\/www.webdo.tn\/fr\/","logo":{"@type":"ImageObject","inLanguage":"fr-FR","@id":"https:\/\/www.webdo.tn\/fr\/#\/schema\/logo\/image\/","url":"https:\/\/www.webdo.tn\/fr\/wp-content\/uploads\/2025\/06\/Webdo-Tunisie_168377.jpg","contentUrl":"https:\/\/www.webdo.tn\/fr\/wp-content\/uploads\/2025\/06\/Webdo-Tunisie_168377.jpg","width":301,"height":301,"caption":"Webdo"},"image":{"@id":"https:\/\/www.webdo.tn\/fr\/#\/schema\/logo\/image\/"},"sameAs":["https:\/\/www.facebook.com\/webdotn","https:\/\/x.com\/webdo_tn"],"description":"Webdo est un m\u00e9dia num\u00e9rique tunisien fond\u00e9 en 2010, sp\u00e9cialis\u00e9 dans l\u2019actualit\u00e9 nationale et internationale, l\u2019\u00e9conomie, la soci\u00e9t\u00e9 et les analyses politiques. Le site s\u2019adresse \u00e0 un large public francophone et couvre l\u2019information tunisienne en temps r\u00e9el.","email":"redac@webdo.tn","legalName":"YNJ SARL","foundingDate":"2010-09-06","numberOfEmployees":{"@type":"QuantitativeValue","minValue":"11","maxValue":"50"}},{"@type":"Person","@id":"https:\/\/www.webdo.tn\/fr\/#\/schema\/person\/60d5ba619ed3f58783b0dc82b7dada80","name":"Ne\u00efla DRISS","image":{"@type":"ImageObject","inLanguage":"fr-FR","@id":"https:\/\/www.webdo.tn\/fr\/wp-content\/uploads\/2026\/04\/neila-driss_avatar-96x96.jpg","url":"https:\/\/www.webdo.tn\/fr\/wp-content\/uploads\/2026\/04\/neila-driss_avatar-96x96.jpg","contentUrl":"https:\/\/www.webdo.tn\/fr\/wp-content\/uploads\/2026\/04\/neila-driss_avatar-96x96.jpg","caption":"Ne\u00efla DRISS"},"description":"Ne\u00efla Driss est juriste, journaliste culturelle et critique de cin\u00e9ma tunisienne. Titulaire d\u2019un DEA en droit priv\u00e9 de l\u2019Universit\u00e9 Paris II et d\u2019un DESS de l\u2019IHEC Carthage, elle d\u00e9bute sa carri\u00e8re comme juriste sp\u00e9cialis\u00e9e en gestion de patrimoine immobilier. Elle s\u2019oriente ensuite vers l\u2019\u00e9criture en ligne, o\u00f9 elle se distingue d\u00e8s 2006 aux Tunisia Blog Awards, avant de se consacrer au journalisme culturel, avec une sp\u00e9cialisation dans la critique cin\u00e9matographique. Elle couvre r\u00e9guli\u00e8rement les grands festivals internationaux, notamment le Festival de Cannes, les Journ\u00e9es Cin\u00e9matographiques de Carthage et le Festival du film du Caire. Membre de l\u2019ATPCC et de la FIPRESCI, elle participe \u00e0 des jurys et initiatives internationales de critique. Depuis 2024, elle est \u00e9lectrice internationale aux Golden Globes. Facebook : https:\/\/www.facebook.com\/massir.destiniii\/ X : https:\/\/x.com\/MassirDestin","sameAs":["https:\/\/www.facebook.com\/massir.destiniii\/","https:\/\/www.instagram.com\/neila.driss\/?hl=fr","https:\/\/www.linkedin.com\/in\/neila-driss-22606a80\/","https:\/\/x.com\/https:\/\/x.com\/MassirDestin"],"knowsAbout":["Cin\u00e9ma international","critique cin\u00e9matographique","festivals de cin\u00e9ma","journalisme culturel"],"knowsLanguage":["Fran\u00e7ais","Arabe","Anglais"],"jobTitle":"Journaliste culturelle et critique de cin\u00e9ma","worksFor":"Webdo","url":"https:\/\/www.webdo.tn\/fr\/actualite\/author\/neila-driss\/"}]}},"_links":{"self":[{"href":"https:\/\/www.webdo.tn\/fr\/wp-json\/wp\/v2\/posts\/389403","targetHints":{"allow":["GET"]}}],"collection":[{"href":"https:\/\/www.webdo.tn\/fr\/wp-json\/wp\/v2\/posts"}],"about":[{"href":"https:\/\/www.webdo.tn\/fr\/wp-json\/wp\/v2\/types\/post"}],"author":[{"embeddable":true,"href":"https:\/\/www.webdo.tn\/fr\/wp-json\/wp\/v2\/users\/3164"}],"replies":[{"embeddable":true,"href":"https:\/\/www.webdo.tn\/fr\/wp-json\/wp\/v2\/comments?post=389403"}],"version-history":[{"count":0,"href":"https:\/\/www.webdo.tn\/fr\/wp-json\/wp\/v2\/posts\/389403\/revisions"}],"wp:featuredmedia":[{"embeddable":true,"href":"https:\/\/www.webdo.tn\/fr\/wp-json\/wp\/v2\/media\/389404"}],"wp:attachment":[{"href":"https:\/\/www.webdo.tn\/fr\/wp-json\/wp\/v2\/media?parent=389403"}],"wp:term":[{"taxonomy":"category","embeddable":true,"href":"https:\/\/www.webdo.tn\/fr\/wp-json\/wp\/v2\/categories?post=389403"},{"taxonomy":"post_tag","embeddable":true,"href":"https:\/\/www.webdo.tn\/fr\/wp-json\/wp\/v2\/tags?post=389403"}],"curies":[{"name":"wp","href":"https:\/\/api.w.org\/{rel}","templated":true}]}}