{"id":389399,"date":"2025-12-11T14:56:56","date_gmt":"2025-12-11T13:56:56","guid":{"rendered":"https:\/\/www.webdo.tn\/fr\/?p=389399"},"modified":"2025-12-11T14:56:57","modified_gmt":"2025-12-11T13:56:57","slug":"patrimoine-immateriel-dix-tresors-tunisiens-desormais-inscrits-a-lunesco","status":"publish","type":"post","link":"https:\/\/www.webdo.tn\/fr\/actualite\/culture\/patrimoine-immateriel-dix-tresors-tunisiens-desormais-inscrits-a-lunesco\/389399\/","title":{"rendered":"Patrimoine immat\u00e9riel : Dix tr\u00e9sors tunisiens d\u00e9sormais inscrits \u00e0 l\u2019UNESCO"},"content":{"rendered":"\n<p><strong>La Tunisie compte d\u00e9sormais dix \u00e9l\u00e9ments inscrits au Patrimoine culturel immat\u00e9riel de l\u2019UNESCO, apr\u00e8s l\u2019ajout du kohl arabe lors de la 20\u1d49 session du Comit\u00e9 intergouvernemental tenue \u00e0 New Delhi.<\/strong><\/p>\n\n\n\n<p>Cette reconnaissance internationale met en lumi\u00e8re la richesse des traditions, savoir-faire et pratiques culturelles du pays. L\u2019inscription r\u00e9cente du kohl, en collaboration avec plusieurs pays arabes, confirme l\u2019importance de cet h\u00e9ritage partag\u00e9 au sein du monde arabe.<\/p>\n\n\n\n<h2 class=\"wp-block-heading\" id=\"h-un-inventaire-national-qui-s-enrichit\">Un inventaire national qui s\u2019enrichit<\/h2>\n\n\n\n<p>Avec l\u2019inscription du kohl arabe en 2025, la Tunisie porte \u00e0 dix ses \u00e9l\u00e9ments culturels reconnus par l\u2019UNESCO. Ces dossiers, tunisiens, maghr\u00e9bins ou panarabes, couvrent un large spectre de pratiques ancestrales :<\/p>\n\n\n\n<ul class=\"wp-block-list\">\n<li>Le kohl arabe (Dossier arabe \u2013 2025)<\/li>\n\n\n\n<li>Le henn\u00e9 : rituels, esth\u00e9tique et pratiques sociales (2024)<\/li>\n\n\n\n<li>Les arts du spectacle chez les Tw\u0101yef de Ghbonten (2024)<\/li>\n\n\n\n<li>Les arts, savoir-faire et pratiques associ\u00e9s \u00e0 la gravure sur m\u00e9taux (2023)<\/li>\n\n\n\n<li>La harissa : savoirs et pratiques culinaires (2022)<\/li>\n\n\n\n<li>La calligraphie arabe (2021)<\/li>\n\n\n\n<li>La p\u00eache \u00e0 la charfiya aux \u00eeles Kerkennah (2020)<\/li>\n\n\n\n<li>Le couscous, savoirs et pratiques (2020)<\/li>\n\n\n\n<li>Les connaissances associ\u00e9es au palmier dattier (2019)<\/li>\n\n\n\n<li>La poterie de Sejnane (2018)<\/li>\n<\/ul>\n\n\n\n<h2 class=\"wp-block-heading\" id=\"h-le-kohl-arabe-un-symbole-partage\">Le kohl arabe, un symbole partag\u00e9<\/h2>\n\n\n\n<p>Utilis\u00e9 comme cosm\u00e9tique, protection et rem\u00e8de, le kohl constitue un marqueur culturel ancr\u00e9 dans le quotidien de plusieurs soci\u00e9t\u00e9s arabes. Fabriqu\u00e9 \u00e0 partir d\u2019ingr\u00e9dients naturels, il est pr\u00e9par\u00e9 majoritairement par des femmes, qui transmettent les techniques et rituels \u00e0 leurs filles. Conserv\u00e9 dans des r\u00e9cipients traditionnels appel\u00e9s \u00ab makhala \u00bb, il incarne un h\u00e9ritage familial et identitaire. En Tunisie, il est connu sous les appellations \u00ab Al kh\u00f4l \u00bb ou \u00ab Al kh\u00f4l al \u2018arbi \u00bb.<\/p>\n\n\n\n<p>L\u2019UNESCO souligne \u00e9galement la dimension spirituelle, sociale et esth\u00e9tique de cette pratique, devenue un vecteur de dialogue entre communaut\u00e9s et un symbole d\u2019expression f\u00e9minine.<\/p>\n\n\n\n<h2 class=\"wp-block-heading\" id=\"h-le-dossier-de-la-jebba-tunisienne-en-preparation\">Le dossier de la Jebba tunisienne en pr\u00e9paration<\/h2>\n\n\n\n<p>Le minist\u00e8re des Affaires culturelles pr\u00e9pare la candidature de la Jebba tunisienne pour une future inscription. \u00c0 travers ce dossier, les autorit\u00e9s visent \u00e0 reconna\u00eetre officiellement ce v\u00eatement traditionnel comme un pilier de l\u2019identit\u00e9 nationale et un t\u00e9moin vivant de la m\u00e9moire collective. L\u2019initiative ambitionne aussi de pr\u00e9server et transmettre ce patrimoine vestimentaire aux g\u00e9n\u00e9rations futures.<\/p>\n\n\n\n<p><\/p>\n\n\n\n<iframe src=\"https:\/\/www.facebook.com\/plugins\/post.php?href=https%3A%2F%2Fwww.facebook.com%2Fphoto.php%3Ffbid%3D1158588773058912%26set%3Da.207165028201296%26type%3D3&#038;show_text=true&#038;width=500\" width=\"500\" height=\"786\" style=\"border:none;overflow:hidden\" scrolling=\"no\" frameborder=\"0\" allowfullscreen=\"true\" allow=\"autoplay; clipboard-write; encrypted-media; picture-in-picture; web-share\"><\/iframe>\n\n\n\n<p><\/p>\n\n\n\n<blockquote class=\"wp-block-quote is-layout-flow wp-block-quote-is-layout-flow\">\n<p><strong>Lire aussi<\/strong><\/p>\n\n\n\n<ul class=\"wp-block-list\">\n<li><a href=\"https:\/\/www.webdo.tn\/fr\/actualite\/national\/la-harissa-inscrite-par-l-unesco-au-patrimoine-immateriel-de-l-humanite\/200072\/\">La harissa inscrite par l\u2019Unesco au patrimoine immat\u00e9riel de l\u2019humanit\u00e9<\/a><\/li>\n<\/ul>\n<\/blockquote>\n","protected":false},"excerpt":{"rendered":"<p>La Tunisie compte d\u00e9sormais dix \u00e9l\u00e9ments inscrits au Patrimoine culturel immat\u00e9riel de l\u2019UNESCO, apr\u00e8s l\u2019ajout du kohl arabe lors de la 20\u1d49 session du Comit\u00e9 intergouvernemental tenue \u00e0 New Delhi. Cette reconnaissance internationale met en lumi\u00e8re la richesse des traditions, savoir-faire et pratiques culturelles du pays. L\u2019inscription r\u00e9cente du kohl, en collaboration avec plusieurs pays [&hellip;]<\/p>\n","protected":false},"author":4782,"featured_media":389400,"comment_status":"closed","ping_status":"closed","sticky":false,"template":"","format":"standard","meta":{"footnotes":""},"categories":[2594],"tags":[13403,8973,2608,4946],"class_list":["post-389399","post","type-post","status-publish","format-standard","has-post-thumbnail","hentry","category-culture","tag-kohl","tag-patrimoine-immateriel","tag-tunisie","tag-unesco"],"yoast_head":"<!-- This site is optimized with the Yoast SEO Premium plugin v27.4 (Yoast SEO v27.4) - https:\/\/yoast.com\/product\/yoast-seo-premium-wordpress\/ -->\n<title>Patrimoine immat\u00e9riel : Dix tr\u00e9sors tunisiens d\u00e9sormais inscrits \u00e0 l\u2019UNESCO - webdo<\/title>\n<meta name=\"description\" content=\"La Tunisie c\u00e9l\u00e8bre son patrimoine immat\u00e9riel avec dix tr\u00e9sors inscrits \u00e0 l&#039;UNESCO, reflet de traditions riches et vari\u00e9es.\" \/>\n<link rel=\"canonical\" href=\"https:\/\/www.webdo.tn\/fr\/actualite\/culture\/patrimoine-immateriel-dix-tresors-tunisiens-desormais-inscrits-a-lunesco\/389399\/\" \/>\n<meta property=\"og:locale\" content=\"fr_FR\" \/>\n<meta property=\"og:type\" content=\"article\" \/>\n<meta property=\"og:title\" content=\"Patrimoine immat\u00e9riel : Dix tr\u00e9sors tunisiens d\u00e9sormais inscrits \u00e0 l\u2019UNESCO\" \/>\n<meta property=\"og:description\" content=\"La Tunisie c\u00e9l\u00e8bre son patrimoine immat\u00e9riel avec dix tr\u00e9sors inscrits \u00e0 l&#039;UNESCO, reflet de traditions riches et vari\u00e9es.\" \/>\n<meta property=\"og:url\" content=\"https:\/\/www.webdo.tn\/fr\/actualite\/culture\/patrimoine-immateriel-dix-tresors-tunisiens-desormais-inscrits-a-lunesco\/389399\/\" \/>\n<meta property=\"og:site_name\" content=\"webdo\" \/>\n<meta property=\"article:publisher\" content=\"https:\/\/www.facebook.com\/webdotn\" \/>\n<meta property=\"article:published_time\" content=\"2025-12-11T13:56:56+00:00\" \/>\n<meta property=\"article:modified_time\" content=\"2025-12-11T13:56:57+00:00\" \/>\n<meta property=\"og:image\" content=\"https:\/\/www.webdo.tn\/fr\/wp-content\/uploads\/2025\/12\/khol.jpg\" \/>\n\t<meta property=\"og:image:width\" content=\"1200\" \/>\n\t<meta property=\"og:image:height\" content=\"583\" \/>\n\t<meta property=\"og:image:type\" content=\"image\/jpeg\" \/>\n<meta name=\"author\" content=\"Mohamed Fethi\" \/>\n<meta name=\"twitter:card\" content=\"summary_large_image\" \/>\n<meta name=\"twitter:creator\" content=\"@webdo_tn\" \/>\n<meta name=\"twitter:site\" content=\"@webdo_tn\" \/>\n<meta name=\"twitter:label1\" content=\"\u00c9crit par\" \/>\n\t<meta name=\"twitter:data1\" content=\"Mohamed Fethi\" \/>\n\t<meta name=\"twitter:label2\" content=\"Dur\u00e9e de lecture estim\u00e9e\" \/>\n\t<meta name=\"twitter:data2\" content=\"2 minutes\" \/>\n<script type=\"application\/ld+json\" class=\"yoast-schema-graph\">{\"@context\":\"https:\\\/\\\/schema.org\",\"@graph\":[{\"@type\":\"NewsArticle\",\"@id\":\"https:\\\/\\\/www.webdo.tn\\\/fr\\\/actualite\\\/culture\\\/patrimoine-immateriel-dix-tresors-tunisiens-desormais-inscrits-a-lunesco\\\/389399\\\/#article\",\"isPartOf\":{\"@id\":\"https:\\\/\\\/www.webdo.tn\\\/fr\\\/actualite\\\/culture\\\/patrimoine-immateriel-dix-tresors-tunisiens-desormais-inscrits-a-lunesco\\\/389399\\\/\"},\"author\":{\"name\":\"Mohamed Fethi\",\"@id\":\"https:\\\/\\\/www.webdo.tn\\\/fr\\\/#\\\/schema\\\/person\\\/16a4857e77dfc0b610c4c2cadffc9ac4\"},\"headline\":\"Patrimoine immat\u00e9riel : Dix tr\u00e9sors tunisiens d\u00e9sormais inscrits \u00e0 l\u2019UNESCO\",\"datePublished\":\"2025-12-11T13:56:56+00:00\",\"dateModified\":\"2025-12-11T13:56:57+00:00\",\"mainEntityOfPage\":{\"@id\":\"https:\\\/\\\/www.webdo.tn\\\/fr\\\/actualite\\\/culture\\\/patrimoine-immateriel-dix-tresors-tunisiens-desormais-inscrits-a-lunesco\\\/389399\\\/\"},\"wordCount\":400,\"publisher\":{\"@id\":\"https:\\\/\\\/www.webdo.tn\\\/fr\\\/#organization\"},\"image\":{\"@id\":\"https:\\\/\\\/www.webdo.tn\\\/fr\\\/actualite\\\/culture\\\/patrimoine-immateriel-dix-tresors-tunisiens-desormais-inscrits-a-lunesco\\\/389399\\\/#primaryimage\"},\"thumbnailUrl\":\"https:\\\/\\\/www.webdo.tn\\\/fr\\\/wp-content\\\/uploads\\\/2025\\\/12\\\/khol.jpg\",\"keywords\":[\"kohl\",\"patrimoine immat\u00e9riel\",\"Tunisie\",\"unesco\"],\"articleSection\":[\"Culture\"],\"inLanguage\":\"fr-FR\"},{\"@type\":\"WebPage\",\"@id\":\"https:\\\/\\\/www.webdo.tn\\\/fr\\\/actualite\\\/culture\\\/patrimoine-immateriel-dix-tresors-tunisiens-desormais-inscrits-a-lunesco\\\/389399\\\/\",\"url\":\"https:\\\/\\\/www.webdo.tn\\\/fr\\\/actualite\\\/culture\\\/patrimoine-immateriel-dix-tresors-tunisiens-desormais-inscrits-a-lunesco\\\/389399\\\/\",\"name\":\"Patrimoine immat\u00e9riel : Dix tr\u00e9sors tunisiens d\u00e9sormais inscrits \u00e0 l\u2019UNESCO - webdo\",\"isPartOf\":{\"@id\":\"https:\\\/\\\/www.webdo.tn\\\/fr\\\/#website\"},\"primaryImageOfPage\":{\"@id\":\"https:\\\/\\\/www.webdo.tn\\\/fr\\\/actualite\\\/culture\\\/patrimoine-immateriel-dix-tresors-tunisiens-desormais-inscrits-a-lunesco\\\/389399\\\/#primaryimage\"},\"image\":{\"@id\":\"https:\\\/\\\/www.webdo.tn\\\/fr\\\/actualite\\\/culture\\\/patrimoine-immateriel-dix-tresors-tunisiens-desormais-inscrits-a-lunesco\\\/389399\\\/#primaryimage\"},\"thumbnailUrl\":\"https:\\\/\\\/www.webdo.tn\\\/fr\\\/wp-content\\\/uploads\\\/2025\\\/12\\\/khol.jpg\",\"datePublished\":\"2025-12-11T13:56:56+00:00\",\"dateModified\":\"2025-12-11T13:56:57+00:00\",\"description\":\"La Tunisie c\u00e9l\u00e8bre son patrimoine immat\u00e9riel avec dix tr\u00e9sors inscrits \u00e0 l'UNESCO, reflet de traditions riches et vari\u00e9es.\",\"breadcrumb\":{\"@id\":\"https:\\\/\\\/www.webdo.tn\\\/fr\\\/actualite\\\/culture\\\/patrimoine-immateriel-dix-tresors-tunisiens-desormais-inscrits-a-lunesco\\\/389399\\\/#breadcrumb\"},\"inLanguage\":\"fr-FR\",\"potentialAction\":[{\"@type\":\"ReadAction\",\"target\":[\"https:\\\/\\\/www.webdo.tn\\\/fr\\\/actualite\\\/culture\\\/patrimoine-immateriel-dix-tresors-tunisiens-desormais-inscrits-a-lunesco\\\/389399\\\/\"]}]},{\"@type\":\"ImageObject\",\"inLanguage\":\"fr-FR\",\"@id\":\"https:\\\/\\\/www.webdo.tn\\\/fr\\\/actualite\\\/culture\\\/patrimoine-immateriel-dix-tresors-tunisiens-desormais-inscrits-a-lunesco\\\/389399\\\/#primaryimage\",\"url\":\"https:\\\/\\\/www.webdo.tn\\\/fr\\\/wp-content\\\/uploads\\\/2025\\\/12\\\/khol.jpg\",\"contentUrl\":\"https:\\\/\\\/www.webdo.tn\\\/fr\\\/wp-content\\\/uploads\\\/2025\\\/12\\\/khol.jpg\",\"width\":1200,\"height\":583,\"caption\":\"Patrimoine immat\u00e9riel : Dix tr\u00e9sors tunisiens d\u00e9sormais inscrits \u00e0 l\u2019UNESCO\"},{\"@type\":\"BreadcrumbList\",\"@id\":\"https:\\\/\\\/www.webdo.tn\\\/fr\\\/actualite\\\/culture\\\/patrimoine-immateriel-dix-tresors-tunisiens-desormais-inscrits-a-lunesco\\\/389399\\\/#breadcrumb\",\"itemListElement\":[{\"@type\":\"ListItem\",\"position\":1,\"name\":\"Accueil\",\"item\":\"https:\\\/\\\/www.webdo.tn\\\/fr\\\/\"},{\"@type\":\"ListItem\",\"position\":2,\"name\":\"Patrimoine immat\u00e9riel : Dix tr\u00e9sors tunisiens d\u00e9sormais inscrits \u00e0 l\u2019UNESCO\"}]},{\"@type\":\"WebSite\",\"@id\":\"https:\\\/\\\/www.webdo.tn\\\/fr\\\/#website\",\"url\":\"https:\\\/\\\/www.webdo.tn\\\/fr\\\/\",\"name\":\"webdo\",\"description\":\"Tunisie - News en Tunisie et \u00e0 l&#039;international sur Webdo.tn\",\"publisher\":{\"@id\":\"https:\\\/\\\/www.webdo.tn\\\/fr\\\/#organization\"},\"potentialAction\":[{\"@type\":\"SearchAction\",\"target\":{\"@type\":\"EntryPoint\",\"urlTemplate\":\"https:\\\/\\\/www.webdo.tn\\\/fr\\\/?s={search_term_string}\"},\"query-input\":{\"@type\":\"PropertyValueSpecification\",\"valueRequired\":true,\"valueName\":\"search_term_string\"}}],\"inLanguage\":\"fr-FR\"},{\"@type\":\"Organization\",\"@id\":\"https:\\\/\\\/www.webdo.tn\\\/fr\\\/#organization\",\"name\":\"Webdo\",\"alternateName\":\"Webdo.tn\",\"url\":\"https:\\\/\\\/www.webdo.tn\\\/fr\\\/\",\"logo\":{\"@type\":\"ImageObject\",\"inLanguage\":\"fr-FR\",\"@id\":\"https:\\\/\\\/www.webdo.tn\\\/fr\\\/#\\\/schema\\\/logo\\\/image\\\/\",\"url\":\"https:\\\/\\\/www.webdo.tn\\\/fr\\\/wp-content\\\/uploads\\\/2025\\\/06\\\/Webdo-Tunisie_168377.jpg\",\"contentUrl\":\"https:\\\/\\\/www.webdo.tn\\\/fr\\\/wp-content\\\/uploads\\\/2025\\\/06\\\/Webdo-Tunisie_168377.jpg\",\"width\":301,\"height\":301,\"caption\":\"Webdo\"},\"image\":{\"@id\":\"https:\\\/\\\/www.webdo.tn\\\/fr\\\/#\\\/schema\\\/logo\\\/image\\\/\"},\"sameAs\":[\"https:\\\/\\\/www.facebook.com\\\/webdotn\",\"https:\\\/\\\/x.com\\\/webdo_tn\"],\"description\":\"Webdo est un m\u00e9dia num\u00e9rique tunisien fond\u00e9 en 2010, sp\u00e9cialis\u00e9 dans l\u2019actualit\u00e9 nationale et internationale, l\u2019\u00e9conomie, la soci\u00e9t\u00e9 et les analyses politiques. Le site s\u2019adresse \u00e0 un large public francophone et couvre l\u2019information tunisienne en temps r\u00e9el.\",\"email\":\"redac@webdo.tn\",\"legalName\":\"YNJ SARL\",\"foundingDate\":\"2010-09-06\",\"numberOfEmployees\":{\"@type\":\"QuantitativeValue\",\"minValue\":\"11\",\"maxValue\":\"50\"}},{\"@type\":\"Person\",\"@id\":\"https:\\\/\\\/www.webdo.tn\\\/fr\\\/#\\\/schema\\\/person\\\/16a4857e77dfc0b610c4c2cadffc9ac4\",\"name\":\"Mohamed Fethi\",\"image\":{\"@type\":\"ImageObject\",\"inLanguage\":\"fr-FR\",\"@id\":\"https:\\\/\\\/www.webdo.tn\\\/fr\\\/wp-content\\\/uploads\\\/2026\\\/04\\\/mohamed-fethi_avatar_1-96x96.jpg\",\"url\":\"https:\\\/\\\/www.webdo.tn\\\/fr\\\/wp-content\\\/uploads\\\/2026\\\/04\\\/mohamed-fethi_avatar_1-96x96.jpg\",\"contentUrl\":\"https:\\\/\\\/www.webdo.tn\\\/fr\\\/wp-content\\\/uploads\\\/2026\\\/04\\\/mohamed-fethi_avatar_1-96x96.jpg\",\"caption\":\"Mohamed Fethi\"},\"description\":\"Signature \u00e9ditoriale de Maher Chaabane Mohamed Fethi est le pseudonyme \u00e9ditorial de Maher Chaabane, r\u00e9dacteur en chef de Webdo.tn depuis 2012. Cette signature est d\u00e9di\u00e9e au traitement intensif de l'actualit\u00e9 nationale et internationale en temps r\u00e9el. S'appuyant sur les deux d\u00e9cennies d'expertise journalistique de Maher Chaabane \u2014 d\u00e9but\u00e9e au sein du groupe Tunis Hebdo en 2000 \u2014 Mohamed Fethi assure une veille rigoureuse sur les enjeux politiques, \u00e9conomiques et sportifs. Sa mission est de garantir une information structur\u00e9e, fluide et fid\u00e8le aux standards de la r\u00e9daction. Pour consulter le parcours complet du r\u00e9dacteur en chef, visitez le profil officiel de Maher Chaabane.\",\"knowsAbout\":[\"actualit\u00e9\",\"journalisme\",\"information\",\"politique\",\"sport\",\"m\u00e9dias\",\"actualit\u00e9 internationale\"],\"knowsLanguage\":[\"Fran\u00e7ais\",\"Arabe\"],\"jobTitle\":\"Journaliste \u2013 R\u00e9daction Webdo\",\"worksFor\":\"Webdo.tn\",\"url\":\"https:\\\/\\\/www.webdo.tn\\\/fr\\\/actualite\\\/author\\\/mohamed-fethi\\\/\"}]}<\/script>\n<!-- \/ Yoast SEO Premium plugin. -->","yoast_head_json":{"title":"Patrimoine immat\u00e9riel : Dix tr\u00e9sors tunisiens d\u00e9sormais inscrits \u00e0 l\u2019UNESCO - webdo","description":"La Tunisie c\u00e9l\u00e8bre son patrimoine immat\u00e9riel avec dix tr\u00e9sors inscrits \u00e0 l'UNESCO, reflet de traditions riches et vari\u00e9es.","canonical":"https:\/\/www.webdo.tn\/fr\/actualite\/culture\/patrimoine-immateriel-dix-tresors-tunisiens-desormais-inscrits-a-lunesco\/389399\/","og_locale":"fr_FR","og_type":"article","og_title":"Patrimoine immat\u00e9riel : Dix tr\u00e9sors tunisiens d\u00e9sormais inscrits \u00e0 l\u2019UNESCO","og_description":"La Tunisie c\u00e9l\u00e8bre son patrimoine immat\u00e9riel avec dix tr\u00e9sors inscrits \u00e0 l'UNESCO, reflet de traditions riches et vari\u00e9es.","og_url":"https:\/\/www.webdo.tn\/fr\/actualite\/culture\/patrimoine-immateriel-dix-tresors-tunisiens-desormais-inscrits-a-lunesco\/389399\/","og_site_name":"webdo","article_publisher":"https:\/\/www.facebook.com\/webdotn","article_published_time":"2025-12-11T13:56:56+00:00","article_modified_time":"2025-12-11T13:56:57+00:00","og_image":[{"width":1200,"height":583,"url":"https:\/\/www.webdo.tn\/fr\/wp-content\/uploads\/2025\/12\/khol.jpg","type":"image\/jpeg"}],"author":"Mohamed Fethi","twitter_card":"summary_large_image","twitter_creator":"@webdo_tn","twitter_site":"@webdo_tn","twitter_misc":{"\u00c9crit par":"Mohamed Fethi","Dur\u00e9e de lecture estim\u00e9e":"2 minutes"},"schema":{"@context":"https:\/\/schema.org","@graph":[{"@type":"NewsArticle","@id":"https:\/\/www.webdo.tn\/fr\/actualite\/culture\/patrimoine-immateriel-dix-tresors-tunisiens-desormais-inscrits-a-lunesco\/389399\/#article","isPartOf":{"@id":"https:\/\/www.webdo.tn\/fr\/actualite\/culture\/patrimoine-immateriel-dix-tresors-tunisiens-desormais-inscrits-a-lunesco\/389399\/"},"author":{"name":"Mohamed Fethi","@id":"https:\/\/www.webdo.tn\/fr\/#\/schema\/person\/16a4857e77dfc0b610c4c2cadffc9ac4"},"headline":"Patrimoine immat\u00e9riel : Dix tr\u00e9sors tunisiens d\u00e9sormais inscrits \u00e0 l\u2019UNESCO","datePublished":"2025-12-11T13:56:56+00:00","dateModified":"2025-12-11T13:56:57+00:00","mainEntityOfPage":{"@id":"https:\/\/www.webdo.tn\/fr\/actualite\/culture\/patrimoine-immateriel-dix-tresors-tunisiens-desormais-inscrits-a-lunesco\/389399\/"},"wordCount":400,"publisher":{"@id":"https:\/\/www.webdo.tn\/fr\/#organization"},"image":{"@id":"https:\/\/www.webdo.tn\/fr\/actualite\/culture\/patrimoine-immateriel-dix-tresors-tunisiens-desormais-inscrits-a-lunesco\/389399\/#primaryimage"},"thumbnailUrl":"https:\/\/www.webdo.tn\/fr\/wp-content\/uploads\/2025\/12\/khol.jpg","keywords":["kohl","patrimoine immat\u00e9riel","Tunisie","unesco"],"articleSection":["Culture"],"inLanguage":"fr-FR"},{"@type":"WebPage","@id":"https:\/\/www.webdo.tn\/fr\/actualite\/culture\/patrimoine-immateriel-dix-tresors-tunisiens-desormais-inscrits-a-lunesco\/389399\/","url":"https:\/\/www.webdo.tn\/fr\/actualite\/culture\/patrimoine-immateriel-dix-tresors-tunisiens-desormais-inscrits-a-lunesco\/389399\/","name":"Patrimoine immat\u00e9riel : Dix tr\u00e9sors tunisiens d\u00e9sormais inscrits \u00e0 l\u2019UNESCO - webdo","isPartOf":{"@id":"https:\/\/www.webdo.tn\/fr\/#website"},"primaryImageOfPage":{"@id":"https:\/\/www.webdo.tn\/fr\/actualite\/culture\/patrimoine-immateriel-dix-tresors-tunisiens-desormais-inscrits-a-lunesco\/389399\/#primaryimage"},"image":{"@id":"https:\/\/www.webdo.tn\/fr\/actualite\/culture\/patrimoine-immateriel-dix-tresors-tunisiens-desormais-inscrits-a-lunesco\/389399\/#primaryimage"},"thumbnailUrl":"https:\/\/www.webdo.tn\/fr\/wp-content\/uploads\/2025\/12\/khol.jpg","datePublished":"2025-12-11T13:56:56+00:00","dateModified":"2025-12-11T13:56:57+00:00","description":"La Tunisie c\u00e9l\u00e8bre son patrimoine immat\u00e9riel avec dix tr\u00e9sors inscrits \u00e0 l'UNESCO, reflet de traditions riches et vari\u00e9es.","breadcrumb":{"@id":"https:\/\/www.webdo.tn\/fr\/actualite\/culture\/patrimoine-immateriel-dix-tresors-tunisiens-desormais-inscrits-a-lunesco\/389399\/#breadcrumb"},"inLanguage":"fr-FR","potentialAction":[{"@type":"ReadAction","target":["https:\/\/www.webdo.tn\/fr\/actualite\/culture\/patrimoine-immateriel-dix-tresors-tunisiens-desormais-inscrits-a-lunesco\/389399\/"]}]},{"@type":"ImageObject","inLanguage":"fr-FR","@id":"https:\/\/www.webdo.tn\/fr\/actualite\/culture\/patrimoine-immateriel-dix-tresors-tunisiens-desormais-inscrits-a-lunesco\/389399\/#primaryimage","url":"https:\/\/www.webdo.tn\/fr\/wp-content\/uploads\/2025\/12\/khol.jpg","contentUrl":"https:\/\/www.webdo.tn\/fr\/wp-content\/uploads\/2025\/12\/khol.jpg","width":1200,"height":583,"caption":"Patrimoine immat\u00e9riel : Dix tr\u00e9sors tunisiens d\u00e9sormais inscrits \u00e0 l\u2019UNESCO"},{"@type":"BreadcrumbList","@id":"https:\/\/www.webdo.tn\/fr\/actualite\/culture\/patrimoine-immateriel-dix-tresors-tunisiens-desormais-inscrits-a-lunesco\/389399\/#breadcrumb","itemListElement":[{"@type":"ListItem","position":1,"name":"Accueil","item":"https:\/\/www.webdo.tn\/fr\/"},{"@type":"ListItem","position":2,"name":"Patrimoine immat\u00e9riel : Dix tr\u00e9sors tunisiens d\u00e9sormais inscrits \u00e0 l\u2019UNESCO"}]},{"@type":"WebSite","@id":"https:\/\/www.webdo.tn\/fr\/#website","url":"https:\/\/www.webdo.tn\/fr\/","name":"webdo","description":"Tunisie - News en Tunisie et \u00e0 l&#039;international sur Webdo.tn","publisher":{"@id":"https:\/\/www.webdo.tn\/fr\/#organization"},"potentialAction":[{"@type":"SearchAction","target":{"@type":"EntryPoint","urlTemplate":"https:\/\/www.webdo.tn\/fr\/?s={search_term_string}"},"query-input":{"@type":"PropertyValueSpecification","valueRequired":true,"valueName":"search_term_string"}}],"inLanguage":"fr-FR"},{"@type":"Organization","@id":"https:\/\/www.webdo.tn\/fr\/#organization","name":"Webdo","alternateName":"Webdo.tn","url":"https:\/\/www.webdo.tn\/fr\/","logo":{"@type":"ImageObject","inLanguage":"fr-FR","@id":"https:\/\/www.webdo.tn\/fr\/#\/schema\/logo\/image\/","url":"https:\/\/www.webdo.tn\/fr\/wp-content\/uploads\/2025\/06\/Webdo-Tunisie_168377.jpg","contentUrl":"https:\/\/www.webdo.tn\/fr\/wp-content\/uploads\/2025\/06\/Webdo-Tunisie_168377.jpg","width":301,"height":301,"caption":"Webdo"},"image":{"@id":"https:\/\/www.webdo.tn\/fr\/#\/schema\/logo\/image\/"},"sameAs":["https:\/\/www.facebook.com\/webdotn","https:\/\/x.com\/webdo_tn"],"description":"Webdo est un m\u00e9dia num\u00e9rique tunisien fond\u00e9 en 2010, sp\u00e9cialis\u00e9 dans l\u2019actualit\u00e9 nationale et internationale, l\u2019\u00e9conomie, la soci\u00e9t\u00e9 et les analyses politiques. Le site s\u2019adresse \u00e0 un large public francophone et couvre l\u2019information tunisienne en temps r\u00e9el.","email":"redac@webdo.tn","legalName":"YNJ SARL","foundingDate":"2010-09-06","numberOfEmployees":{"@type":"QuantitativeValue","minValue":"11","maxValue":"50"}},{"@type":"Person","@id":"https:\/\/www.webdo.tn\/fr\/#\/schema\/person\/16a4857e77dfc0b610c4c2cadffc9ac4","name":"Mohamed Fethi","image":{"@type":"ImageObject","inLanguage":"fr-FR","@id":"https:\/\/www.webdo.tn\/fr\/wp-content\/uploads\/2026\/04\/mohamed-fethi_avatar_1-96x96.jpg","url":"https:\/\/www.webdo.tn\/fr\/wp-content\/uploads\/2026\/04\/mohamed-fethi_avatar_1-96x96.jpg","contentUrl":"https:\/\/www.webdo.tn\/fr\/wp-content\/uploads\/2026\/04\/mohamed-fethi_avatar_1-96x96.jpg","caption":"Mohamed Fethi"},"description":"Signature \u00e9ditoriale de Maher Chaabane Mohamed Fethi est le pseudonyme \u00e9ditorial de Maher Chaabane, r\u00e9dacteur en chef de Webdo.tn depuis 2012. Cette signature est d\u00e9di\u00e9e au traitement intensif de l'actualit\u00e9 nationale et internationale en temps r\u00e9el. S'appuyant sur les deux d\u00e9cennies d'expertise journalistique de Maher Chaabane \u2014 d\u00e9but\u00e9e au sein du groupe Tunis Hebdo en 2000 \u2014 Mohamed Fethi assure une veille rigoureuse sur les enjeux politiques, \u00e9conomiques et sportifs. Sa mission est de garantir une information structur\u00e9e, fluide et fid\u00e8le aux standards de la r\u00e9daction. Pour consulter le parcours complet du r\u00e9dacteur en chef, visitez le profil officiel de Maher Chaabane.","knowsAbout":["actualit\u00e9","journalisme","information","politique","sport","m\u00e9dias","actualit\u00e9 internationale"],"knowsLanguage":["Fran\u00e7ais","Arabe"],"jobTitle":"Journaliste \u2013 R\u00e9daction Webdo","worksFor":"Webdo.tn","url":"https:\/\/www.webdo.tn\/fr\/actualite\/author\/mohamed-fethi\/"}]}},"_links":{"self":[{"href":"https:\/\/www.webdo.tn\/fr\/wp-json\/wp\/v2\/posts\/389399","targetHints":{"allow":["GET"]}}],"collection":[{"href":"https:\/\/www.webdo.tn\/fr\/wp-json\/wp\/v2\/posts"}],"about":[{"href":"https:\/\/www.webdo.tn\/fr\/wp-json\/wp\/v2\/types\/post"}],"author":[{"embeddable":true,"href":"https:\/\/www.webdo.tn\/fr\/wp-json\/wp\/v2\/users\/4782"}],"replies":[{"embeddable":true,"href":"https:\/\/www.webdo.tn\/fr\/wp-json\/wp\/v2\/comments?post=389399"}],"version-history":[{"count":0,"href":"https:\/\/www.webdo.tn\/fr\/wp-json\/wp\/v2\/posts\/389399\/revisions"}],"wp:featuredmedia":[{"embeddable":true,"href":"https:\/\/www.webdo.tn\/fr\/wp-json\/wp\/v2\/media\/389400"}],"wp:attachment":[{"href":"https:\/\/www.webdo.tn\/fr\/wp-json\/wp\/v2\/media?parent=389399"}],"wp:term":[{"taxonomy":"category","embeddable":true,"href":"https:\/\/www.webdo.tn\/fr\/wp-json\/wp\/v2\/categories?post=389399"},{"taxonomy":"post_tag","embeddable":true,"href":"https:\/\/www.webdo.tn\/fr\/wp-json\/wp\/v2\/tags?post=389399"}],"curies":[{"name":"wp","href":"https:\/\/api.w.org\/{rel}","templated":true}]}}