{"id":389384,"date":"2025-12-11T12:53:17","date_gmt":"2025-12-11T11:53:17","guid":{"rendered":"https:\/\/www.webdo.tn\/fr\/?p=389384"},"modified":"2025-12-11T12:53:17","modified_gmt":"2025-12-11T11:53:17","slug":"can-2025-sami-trabelsi-devoile-la-liste-des-joueurs-tunisiens-retenus","status":"publish","type":"post","link":"https:\/\/www.webdo.tn\/fr\/actualite\/sport\/can-2025-sami-trabelsi-devoile-la-liste-des-joueurs-tunisiens-retenus\/389384\/","title":{"rendered":"CAN 2025 : Sami Trabelsi d\u00e9voile la liste des joueurs tunisiens retenus"},"content":{"rendered":"\n<p><strong>Le s\u00e9lectionneur national Sami Trabelsi a publi\u00e9, ce jeudi, la liste des joueurs convoqu\u00e9s pour disputer la Coupe d\u2019Afrique des Nations 2025 au Maroc. La Tunisie \u00e9voluera dans le groupe C aux c\u00f4t\u00e9s de l\u2019Ouganda, du Nigeria et de la Tanzanie. Cette s\u00e9lection m\u00e9lange cadres exp\u00e9riment\u00e9s, retours attendus et jeunes talents confirm\u00e9s.<\/strong><\/p>\n\n\n\n<p>Sami Trabelsi a opt\u00e9 pour un groupe complet, compos\u00e9 de quatre gardiens, quatorze d\u00e9fenseurs et milieux cumul\u00e9s, ainsi que six attaquants. Le technicien mise sur un m\u00e9lange de stabilit\u00e9 avec des habitu\u00e9s comme Skhiri, Talbi ou Meriah, et de renforts offensifs capables d\u2019apporter plus d\u2019impact dans une comp\u00e9tition annonc\u00e9e difficile. La pr\u00e9sence de profils \u00e9voluant dans des championnats europ\u00e9ens confirme l\u2019ambition de b\u00e2tir une \u00e9quipe comp\u00e9titive d\u00e8s le premier tour.<\/p>\n\n\n\n<h2 class=\"wp-block-heading\" id=\"h-les-gardiens-retenus\">Les gardiens retenus<\/h2>\n\n\n\n<p>La s\u00e9lection comptera quatre portiers :<\/p>\n\n\n\n<p>Aymen Dahmene (CS Sfaxien), B\u00e9chir Ben Sa\u00efd (Esp\u00e9rance de Tunis), Sabri Ben Hassan (\u00c9toile du Sahel) et Noureddine Farhati (Stade Tunisien). Une combinaison d\u2019exp\u00e9rience locale et de jeunes \u00e9l\u00e9ments en ascension.<\/p>\n\n\n\n<h2 class=\"wp-block-heading\" id=\"h-une-defense-riche-en-options\">Une d\u00e9fense riche en options<\/h2>\n\n\n\n<p>Les d\u00e9fenseurs appel\u00e9s couvrent un large \u00e9ventail de profils :<\/p>\n\n\n\n<p>Yan Valery (Sheffield Wednesday), Mohamed Ben Ali (EST), Dylan Bronn (FC Servette), Montassar Talbi (Lorient), Yassine Meriah (EST), Adem Arous (Kas\u0131mpa\u015fa), Nader Ghandri (Akhmat Grozny), Mortadha Ben Ounnes (Kas\u0131mpa\u015fa), Ali Abdi (Nice) et Ali Maaloul (CS Sfaxien).<\/p>\n\n\n\n<p>Un groupe polyvalent, adapt\u00e9 aux exigences tactiques de Trabelsi.<\/p>\n\n\n\n<h2 class=\"wp-block-heading\" id=\"h-un-milieu-experimente-et-creatif\">Un milieu exp\u00e9riment\u00e9 et cr\u00e9atif<\/h2>\n\n\n\n<p>Le secteur m\u00e9dian r\u00e9unit \u00e9quilibre, r\u00e9cup\u00e9ration et cr\u00e9ation :<\/p>\n\n\n\n<p>Ferjani Sassi (Al Gharafa), Ellyes Skhiri (Eintracht Francfort), Houssem Tka (EST), Mohamed Hadj Mahmoud (Lugano), Ismael Gharbi (Augsbourg), Hannibal Mejbri (Burnley), Na\u00efm Sliti (Al Shamal) et Mohamed Ali Ben Romdhane (Al Ahly).<\/p>\n\n\n\n<p>Une ligne m\u00e9diane capable d\u2019alterner entre ma\u00eetrise technique et intensit\u00e9 physique.<\/p>\n\n\n\n<h2 class=\"wp-block-heading\" id=\"h-une-attaque-orientee-vers-la-vitesse-et-la-percussion\">Une attaque orient\u00e9e vers la vitesse et la percussion<\/h2>\n\n\n\n<p>En pointe et sur les ailes, Trabelsi mise sur six \u00e9l\u00e9ments :<\/p>\n\n\n\n<p>Elias Saad (Augsbourg), Elias Achouri (Copenhague), Hazem Mastouri (Dinamo Makhachkala), S\u00e9bastien Tounekti (Celtic), Firas Chaouat (Club Africain) et Seifeddine Jaziri (Zamalek).<\/p>\n\n\n\n<p>Des profils vari\u00e9s, m\u00ealant profondeur, dribble, puissance et efficacit\u00e9 devant le but.<\/p>\n\n\n\n<p>Plac\u00e9e aux c\u00f4t\u00e9s du Nigeria, de la Tanzanie et de l\u2019Ouganda, la Tunisie devra rapidement trouver ses rep\u00e8res. La qualit\u00e9 individuelle des joueurs convoqu\u00e9s laisse entrevoir un potentiel \u00e9lev\u00e9, mais la marge d\u2019erreur restera faible dans un groupe o\u00f9 chaque point sera d\u00e9cisif.<\/p>\n\n\n\n<ul class=\"wp-block-list\">\n<li>Mardi 23 d\u00e9cembre : Tunisie &#8211; Ouganda<\/li>\n\n\n\n<li>Samedi 27 d\u00e9cembre : Tunisie &#8211; Nigeria <\/li>\n\n\n\n<li>Mardi 30 d\u00e9cembre : Tunisie &#8211; Tanzanie<\/li>\n<\/ul>\n\n\n\n<p><\/p>\n\n\n\n<iframe src=\"https:\/\/www.facebook.com\/plugins\/video.php?height=314&#038;href=https%3A%2F%2Fwww.facebook.com%2Feagles.of.carthage%2Fvideos%2F1365551435068593%2F&#038;show_text=false&#038;width=560&#038;t=0\" width=\"560\" height=\"314\" style=\"border:none;overflow:hidden\" scrolling=\"no\" frameborder=\"0\" allowfullscreen=\"true\" allow=\"autoplay; clipboard-write; encrypted-media; picture-in-picture; web-share\" allowFullScreen=\"true\"><\/iframe>\n\n\n\n<p><\/p>\n\n\n\n<p><strong>Lire aussi<\/strong><\/p>\n\n\n\n<ul class=\"wp-block-list\">\n<li><a href=\"https:\/\/www.webdo.tn\/fr\/actualite\/sport\/can-2025-la-tunisie-en-stage-a-tabarka-avant-un-match-amical-contre-le-botswana\/389120\/\">CAN 2025 : La Tunisie en stage \u00e0 Tabarka avant un match amical contre le Botswana<\/a><\/li>\n\n\n\n<li><a href=\"https:\/\/www.webdo.tn\/fr\/actualite\/sport\/titre-coupe-arabe-la-tunisie-eliminee-malgre-le-3-0-inflige-au-qatar\/389032\/\">Coupe Arabe : La Tunisie \u00e9limin\u00e9e malgr\u00e9 le 3-0 inflig\u00e9 au Qatar<\/a><\/li>\n\n\n\n<li><a href=\"https:\/\/www.webdo.tn\/fr\/actualite\/sport\/tirage-au-sort-la-tunisie-connait-ses-adversaires-au-mondial\/388932\/\">Tirage au sort : La Tunisie conna\u00eet ses adversaires au Mondial<\/a><\/li>\n<\/ul>\n","protected":false},"excerpt":{"rendered":"<p>Le s\u00e9lectionneur national Sami Trabelsi a publi\u00e9, ce jeudi, la liste des joueurs convoqu\u00e9s pour disputer la Coupe d\u2019Afrique des Nations 2025 au Maroc. La Tunisie \u00e9voluera dans le groupe C aux c\u00f4t\u00e9s de l\u2019Ouganda, du Nigeria et de la Tanzanie. Cette s\u00e9lection m\u00e9lange cadres exp\u00e9riment\u00e9s, retours attendus et jeunes talents confirm\u00e9s. Sami Trabelsi a [&hellip;]<\/p>\n","protected":false},"author":4782,"featured_media":389385,"comment_status":"closed","ping_status":"closed","sticky":false,"template":"","format":"standard","meta":{"footnotes":""},"categories":[2593],"tags":[3957,2622,3464,2623,2608],"class_list":["post-389384","post","type-post","status-publish","format-standard","has-post-thumbnail","hentry","category-sport","tag-can-2025","tag-football","tag-maroc","tag-selection-nationale","tag-tunisie"],"yoast_head":"<!-- This site is optimized with the Yoast SEO Premium plugin v27.4 (Yoast SEO v27.5) - https:\/\/yoast.com\/product\/yoast-seo-premium-wordpress\/ -->\n<title>CAN 2025 : Sami Trabelsi d\u00e9voile la liste des joueurs tunisiens retenus - webdo<\/title>\n<meta name=\"description\" content=\"Sami Trabelsi d\u00e9voile la liste des joueurs tunisiens pour la Coupe d&#039;Afrique des Nations 2025. D\u00e9couvrez les selections faites.\" \/>\n<link rel=\"canonical\" href=\"https:\/\/www.webdo.tn\/fr\/actualite\/sport\/can-2025-sami-trabelsi-devoile-la-liste-des-joueurs-tunisiens-retenus\/389384\/\" \/>\n<meta property=\"og:locale\" content=\"fr_FR\" \/>\n<meta property=\"og:type\" content=\"article\" \/>\n<meta property=\"og:title\" content=\"CAN 2025 : Sami Trabelsi d\u00e9voile la liste des joueurs tunisiens retenus\" \/>\n<meta property=\"og:description\" content=\"Sami Trabelsi d\u00e9voile la liste des joueurs tunisiens pour la Coupe d&#039;Afrique des Nations 2025. D\u00e9couvrez les selections faites.\" \/>\n<meta property=\"og:url\" content=\"https:\/\/www.webdo.tn\/fr\/actualite\/sport\/can-2025-sami-trabelsi-devoile-la-liste-des-joueurs-tunisiens-retenus\/389384\/\" \/>\n<meta property=\"og:site_name\" content=\"webdo\" \/>\n<meta property=\"article:publisher\" content=\"https:\/\/www.facebook.com\/webdotn\" \/>\n<meta property=\"article:published_time\" content=\"2025-12-11T11:53:17+00:00\" \/>\n<meta property=\"og:image\" content=\"https:\/\/www.webdo.tn\/fr\/wp-content\/uploads\/2025\/12\/Selection.jpg\" \/>\n\t<meta property=\"og:image:width\" content=\"1200\" \/>\n\t<meta property=\"og:image:height\" content=\"597\" \/>\n\t<meta property=\"og:image:type\" content=\"image\/jpeg\" \/>\n<meta name=\"author\" content=\"Mohamed Fethi\" \/>\n<meta name=\"twitter:card\" content=\"summary_large_image\" \/>\n<meta name=\"twitter:creator\" content=\"@webdo_tn\" \/>\n<meta name=\"twitter:site\" content=\"@webdo_tn\" \/>\n<meta name=\"twitter:label1\" content=\"\u00c9crit par\" \/>\n\t<meta name=\"twitter:data1\" content=\"Mohamed Fethi\" \/>\n\t<meta name=\"twitter:label2\" content=\"Dur\u00e9e de lecture estim\u00e9e\" \/>\n\t<meta name=\"twitter:data2\" content=\"3 minutes\" \/>\n<script type=\"application\/ld+json\" class=\"yoast-schema-graph\">{\"@context\":\"https:\\\/\\\/schema.org\",\"@graph\":[{\"@type\":\"NewsArticle\",\"@id\":\"https:\\\/\\\/www.webdo.tn\\\/fr\\\/actualite\\\/sport\\\/can-2025-sami-trabelsi-devoile-la-liste-des-joueurs-tunisiens-retenus\\\/389384\\\/#article\",\"isPartOf\":{\"@id\":\"https:\\\/\\\/www.webdo.tn\\\/fr\\\/actualite\\\/sport\\\/can-2025-sami-trabelsi-devoile-la-liste-des-joueurs-tunisiens-retenus\\\/389384\\\/\"},\"author\":{\"name\":\"Mohamed Fethi\",\"@id\":\"https:\\\/\\\/www.webdo.tn\\\/fr\\\/#\\\/schema\\\/person\\\/16a4857e77dfc0b610c4c2cadffc9ac4\"},\"headline\":\"CAN 2025 : Sami Trabelsi d\u00e9voile la liste des joueurs tunisiens retenus\",\"datePublished\":\"2025-12-11T11:53:17+00:00\",\"mainEntityOfPage\":{\"@id\":\"https:\\\/\\\/www.webdo.tn\\\/fr\\\/actualite\\\/sport\\\/can-2025-sami-trabelsi-devoile-la-liste-des-joueurs-tunisiens-retenus\\\/389384\\\/\"},\"wordCount\":502,\"publisher\":{\"@id\":\"https:\\\/\\\/www.webdo.tn\\\/fr\\\/#organization\"},\"image\":{\"@id\":\"https:\\\/\\\/www.webdo.tn\\\/fr\\\/actualite\\\/sport\\\/can-2025-sami-trabelsi-devoile-la-liste-des-joueurs-tunisiens-retenus\\\/389384\\\/#primaryimage\"},\"thumbnailUrl\":\"https:\\\/\\\/www.webdo.tn\\\/fr\\\/wp-content\\\/uploads\\\/2025\\\/12\\\/Selection.jpg\",\"keywords\":[\"CAN 2025\",\"football\",\"maroc\",\"s\u00e9lection nationale\",\"Tunisie\"],\"articleSection\":[\"Sport\"],\"inLanguage\":\"fr-FR\"},{\"@type\":\"WebPage\",\"@id\":\"https:\\\/\\\/www.webdo.tn\\\/fr\\\/actualite\\\/sport\\\/can-2025-sami-trabelsi-devoile-la-liste-des-joueurs-tunisiens-retenus\\\/389384\\\/\",\"url\":\"https:\\\/\\\/www.webdo.tn\\\/fr\\\/actualite\\\/sport\\\/can-2025-sami-trabelsi-devoile-la-liste-des-joueurs-tunisiens-retenus\\\/389384\\\/\",\"name\":\"CAN 2025 : Sami Trabelsi d\u00e9voile la liste des joueurs tunisiens retenus - webdo\",\"isPartOf\":{\"@id\":\"https:\\\/\\\/www.webdo.tn\\\/fr\\\/#website\"},\"primaryImageOfPage\":{\"@id\":\"https:\\\/\\\/www.webdo.tn\\\/fr\\\/actualite\\\/sport\\\/can-2025-sami-trabelsi-devoile-la-liste-des-joueurs-tunisiens-retenus\\\/389384\\\/#primaryimage\"},\"image\":{\"@id\":\"https:\\\/\\\/www.webdo.tn\\\/fr\\\/actualite\\\/sport\\\/can-2025-sami-trabelsi-devoile-la-liste-des-joueurs-tunisiens-retenus\\\/389384\\\/#primaryimage\"},\"thumbnailUrl\":\"https:\\\/\\\/www.webdo.tn\\\/fr\\\/wp-content\\\/uploads\\\/2025\\\/12\\\/Selection.jpg\",\"datePublished\":\"2025-12-11T11:53:17+00:00\",\"description\":\"Sami Trabelsi d\u00e9voile la liste des joueurs tunisiens pour la Coupe d'Afrique des Nations 2025. D\u00e9couvrez les selections faites.\",\"breadcrumb\":{\"@id\":\"https:\\\/\\\/www.webdo.tn\\\/fr\\\/actualite\\\/sport\\\/can-2025-sami-trabelsi-devoile-la-liste-des-joueurs-tunisiens-retenus\\\/389384\\\/#breadcrumb\"},\"inLanguage\":\"fr-FR\",\"potentialAction\":[{\"@type\":\"ReadAction\",\"target\":[\"https:\\\/\\\/www.webdo.tn\\\/fr\\\/actualite\\\/sport\\\/can-2025-sami-trabelsi-devoile-la-liste-des-joueurs-tunisiens-retenus\\\/389384\\\/\"]}]},{\"@type\":\"ImageObject\",\"inLanguage\":\"fr-FR\",\"@id\":\"https:\\\/\\\/www.webdo.tn\\\/fr\\\/actualite\\\/sport\\\/can-2025-sami-trabelsi-devoile-la-liste-des-joueurs-tunisiens-retenus\\\/389384\\\/#primaryimage\",\"url\":\"https:\\\/\\\/www.webdo.tn\\\/fr\\\/wp-content\\\/uploads\\\/2025\\\/12\\\/Selection.jpg\",\"contentUrl\":\"https:\\\/\\\/www.webdo.tn\\\/fr\\\/wp-content\\\/uploads\\\/2025\\\/12\\\/Selection.jpg\",\"width\":1200,\"height\":597,\"caption\":\"CAN 2025 : Sami Trabelsi d\u00e9voile la liste des joueurs tunisiens retenus\"},{\"@type\":\"BreadcrumbList\",\"@id\":\"https:\\\/\\\/www.webdo.tn\\\/fr\\\/actualite\\\/sport\\\/can-2025-sami-trabelsi-devoile-la-liste-des-joueurs-tunisiens-retenus\\\/389384\\\/#breadcrumb\",\"itemListElement\":[{\"@type\":\"ListItem\",\"position\":1,\"name\":\"Accueil\",\"item\":\"https:\\\/\\\/www.webdo.tn\\\/fr\\\/\"},{\"@type\":\"ListItem\",\"position\":2,\"name\":\"CAN 2025 : Sami Trabelsi d\u00e9voile la liste des joueurs tunisiens retenus\"}]},{\"@type\":\"WebSite\",\"@id\":\"https:\\\/\\\/www.webdo.tn\\\/fr\\\/#website\",\"url\":\"https:\\\/\\\/www.webdo.tn\\\/fr\\\/\",\"name\":\"webdo\",\"description\":\"Tunisie - News en Tunisie et \u00e0 l&#039;international sur Webdo.tn\",\"publisher\":{\"@id\":\"https:\\\/\\\/www.webdo.tn\\\/fr\\\/#organization\"},\"potentialAction\":[{\"@type\":\"SearchAction\",\"target\":{\"@type\":\"EntryPoint\",\"urlTemplate\":\"https:\\\/\\\/www.webdo.tn\\\/fr\\\/?s={search_term_string}\"},\"query-input\":{\"@type\":\"PropertyValueSpecification\",\"valueRequired\":true,\"valueName\":\"search_term_string\"}}],\"inLanguage\":\"fr-FR\"},{\"@type\":\"Organization\",\"@id\":\"https:\\\/\\\/www.webdo.tn\\\/fr\\\/#organization\",\"name\":\"Webdo\",\"alternateName\":\"Webdo.tn\",\"url\":\"https:\\\/\\\/www.webdo.tn\\\/fr\\\/\",\"logo\":{\"@type\":\"ImageObject\",\"inLanguage\":\"fr-FR\",\"@id\":\"https:\\\/\\\/www.webdo.tn\\\/fr\\\/#\\\/schema\\\/logo\\\/image\\\/\",\"url\":\"https:\\\/\\\/www.webdo.tn\\\/fr\\\/wp-content\\\/uploads\\\/2025\\\/06\\\/Webdo-Tunisie_168377.jpg\",\"contentUrl\":\"https:\\\/\\\/www.webdo.tn\\\/fr\\\/wp-content\\\/uploads\\\/2025\\\/06\\\/Webdo-Tunisie_168377.jpg\",\"width\":301,\"height\":301,\"caption\":\"Webdo\"},\"image\":{\"@id\":\"https:\\\/\\\/www.webdo.tn\\\/fr\\\/#\\\/schema\\\/logo\\\/image\\\/\"},\"sameAs\":[\"https:\\\/\\\/www.facebook.com\\\/webdotn\",\"https:\\\/\\\/x.com\\\/webdo_tn\"],\"description\":\"Webdo est un m\u00e9dia num\u00e9rique tunisien fond\u00e9 en 2010, sp\u00e9cialis\u00e9 dans l\u2019actualit\u00e9 nationale et internationale, l\u2019\u00e9conomie, la soci\u00e9t\u00e9 et les analyses politiques. Le site s\u2019adresse \u00e0 un large public francophone et couvre l\u2019information tunisienne en temps r\u00e9el.\",\"email\":\"redac@webdo.tn\",\"legalName\":\"YNJ SARL\",\"foundingDate\":\"2010-09-06\",\"numberOfEmployees\":{\"@type\":\"QuantitativeValue\",\"minValue\":\"11\",\"maxValue\":\"50\"}},{\"@type\":\"Person\",\"@id\":\"https:\\\/\\\/www.webdo.tn\\\/fr\\\/#\\\/schema\\\/person\\\/16a4857e77dfc0b610c4c2cadffc9ac4\",\"name\":\"Mohamed Fethi\",\"image\":{\"@type\":\"ImageObject\",\"inLanguage\":\"fr-FR\",\"@id\":\"https:\\\/\\\/www.webdo.tn\\\/fr\\\/wp-content\\\/uploads\\\/2026\\\/04\\\/mohamed-fethi_avatar_1-96x96.jpg\",\"url\":\"https:\\\/\\\/www.webdo.tn\\\/fr\\\/wp-content\\\/uploads\\\/2026\\\/04\\\/mohamed-fethi_avatar_1-96x96.jpg\",\"contentUrl\":\"https:\\\/\\\/www.webdo.tn\\\/fr\\\/wp-content\\\/uploads\\\/2026\\\/04\\\/mohamed-fethi_avatar_1-96x96.jpg\",\"caption\":\"Mohamed Fethi\"},\"description\":\"Signature \u00e9ditoriale de Maher Chaabane Mohamed Fethi est le pseudonyme \u00e9ditorial de Maher Chaabane, r\u00e9dacteur en chef de Webdo.tn depuis 2012. Cette signature est d\u00e9di\u00e9e au traitement intensif de l'actualit\u00e9 nationale et internationale en temps r\u00e9el. S'appuyant sur les deux d\u00e9cennies d'expertise journalistique de Maher Chaabane \u2014 d\u00e9but\u00e9e au sein du groupe Tunis Hebdo en 2000 \u2014 Mohamed Fethi assure une veille rigoureuse sur les enjeux politiques, \u00e9conomiques et sportifs. Sa mission est de garantir une information structur\u00e9e, fluide et fid\u00e8le aux standards de la r\u00e9daction. Pour consulter le parcours complet du r\u00e9dacteur en chef, visitez le profil officiel de Maher Chaabane.\",\"knowsAbout\":[\"actualit\u00e9\",\"journalisme\",\"information\",\"politique\",\"sport\",\"m\u00e9dias\",\"actualit\u00e9 internationale\"],\"knowsLanguage\":[\"Fran\u00e7ais\",\"Arabe\"],\"jobTitle\":\"Journaliste \u2013 R\u00e9daction Webdo\",\"worksFor\":\"Webdo.tn\",\"url\":\"https:\\\/\\\/www.webdo.tn\\\/fr\\\/actualite\\\/author\\\/mohamed-fethi\\\/\"}]}<\/script>\n<!-- \/ Yoast SEO Premium plugin. -->","yoast_head_json":{"title":"CAN 2025 : Sami Trabelsi d\u00e9voile la liste des joueurs tunisiens retenus - webdo","description":"Sami Trabelsi d\u00e9voile la liste des joueurs tunisiens pour la Coupe d'Afrique des Nations 2025. D\u00e9couvrez les selections faites.","canonical":"https:\/\/www.webdo.tn\/fr\/actualite\/sport\/can-2025-sami-trabelsi-devoile-la-liste-des-joueurs-tunisiens-retenus\/389384\/","og_locale":"fr_FR","og_type":"article","og_title":"CAN 2025 : Sami Trabelsi d\u00e9voile la liste des joueurs tunisiens retenus","og_description":"Sami Trabelsi d\u00e9voile la liste des joueurs tunisiens pour la Coupe d'Afrique des Nations 2025. D\u00e9couvrez les selections faites.","og_url":"https:\/\/www.webdo.tn\/fr\/actualite\/sport\/can-2025-sami-trabelsi-devoile-la-liste-des-joueurs-tunisiens-retenus\/389384\/","og_site_name":"webdo","article_publisher":"https:\/\/www.facebook.com\/webdotn","article_published_time":"2025-12-11T11:53:17+00:00","og_image":[{"width":1200,"height":597,"url":"https:\/\/www.webdo.tn\/fr\/wp-content\/uploads\/2025\/12\/Selection.jpg","type":"image\/jpeg"}],"author":"Mohamed Fethi","twitter_card":"summary_large_image","twitter_creator":"@webdo_tn","twitter_site":"@webdo_tn","twitter_misc":{"\u00c9crit par":"Mohamed Fethi","Dur\u00e9e de lecture estim\u00e9e":"3 minutes"},"schema":{"@context":"https:\/\/schema.org","@graph":[{"@type":"NewsArticle","@id":"https:\/\/www.webdo.tn\/fr\/actualite\/sport\/can-2025-sami-trabelsi-devoile-la-liste-des-joueurs-tunisiens-retenus\/389384\/#article","isPartOf":{"@id":"https:\/\/www.webdo.tn\/fr\/actualite\/sport\/can-2025-sami-trabelsi-devoile-la-liste-des-joueurs-tunisiens-retenus\/389384\/"},"author":{"name":"Mohamed Fethi","@id":"https:\/\/www.webdo.tn\/fr\/#\/schema\/person\/16a4857e77dfc0b610c4c2cadffc9ac4"},"headline":"CAN 2025 : Sami Trabelsi d\u00e9voile la liste des joueurs tunisiens retenus","datePublished":"2025-12-11T11:53:17+00:00","mainEntityOfPage":{"@id":"https:\/\/www.webdo.tn\/fr\/actualite\/sport\/can-2025-sami-trabelsi-devoile-la-liste-des-joueurs-tunisiens-retenus\/389384\/"},"wordCount":502,"publisher":{"@id":"https:\/\/www.webdo.tn\/fr\/#organization"},"image":{"@id":"https:\/\/www.webdo.tn\/fr\/actualite\/sport\/can-2025-sami-trabelsi-devoile-la-liste-des-joueurs-tunisiens-retenus\/389384\/#primaryimage"},"thumbnailUrl":"https:\/\/www.webdo.tn\/fr\/wp-content\/uploads\/2025\/12\/Selection.jpg","keywords":["CAN 2025","football","maroc","s\u00e9lection nationale","Tunisie"],"articleSection":["Sport"],"inLanguage":"fr-FR"},{"@type":"WebPage","@id":"https:\/\/www.webdo.tn\/fr\/actualite\/sport\/can-2025-sami-trabelsi-devoile-la-liste-des-joueurs-tunisiens-retenus\/389384\/","url":"https:\/\/www.webdo.tn\/fr\/actualite\/sport\/can-2025-sami-trabelsi-devoile-la-liste-des-joueurs-tunisiens-retenus\/389384\/","name":"CAN 2025 : Sami Trabelsi d\u00e9voile la liste des joueurs tunisiens retenus - webdo","isPartOf":{"@id":"https:\/\/www.webdo.tn\/fr\/#website"},"primaryImageOfPage":{"@id":"https:\/\/www.webdo.tn\/fr\/actualite\/sport\/can-2025-sami-trabelsi-devoile-la-liste-des-joueurs-tunisiens-retenus\/389384\/#primaryimage"},"image":{"@id":"https:\/\/www.webdo.tn\/fr\/actualite\/sport\/can-2025-sami-trabelsi-devoile-la-liste-des-joueurs-tunisiens-retenus\/389384\/#primaryimage"},"thumbnailUrl":"https:\/\/www.webdo.tn\/fr\/wp-content\/uploads\/2025\/12\/Selection.jpg","datePublished":"2025-12-11T11:53:17+00:00","description":"Sami Trabelsi d\u00e9voile la liste des joueurs tunisiens pour la Coupe d'Afrique des Nations 2025. D\u00e9couvrez les selections faites.","breadcrumb":{"@id":"https:\/\/www.webdo.tn\/fr\/actualite\/sport\/can-2025-sami-trabelsi-devoile-la-liste-des-joueurs-tunisiens-retenus\/389384\/#breadcrumb"},"inLanguage":"fr-FR","potentialAction":[{"@type":"ReadAction","target":["https:\/\/www.webdo.tn\/fr\/actualite\/sport\/can-2025-sami-trabelsi-devoile-la-liste-des-joueurs-tunisiens-retenus\/389384\/"]}]},{"@type":"ImageObject","inLanguage":"fr-FR","@id":"https:\/\/www.webdo.tn\/fr\/actualite\/sport\/can-2025-sami-trabelsi-devoile-la-liste-des-joueurs-tunisiens-retenus\/389384\/#primaryimage","url":"https:\/\/www.webdo.tn\/fr\/wp-content\/uploads\/2025\/12\/Selection.jpg","contentUrl":"https:\/\/www.webdo.tn\/fr\/wp-content\/uploads\/2025\/12\/Selection.jpg","width":1200,"height":597,"caption":"CAN 2025 : Sami Trabelsi d\u00e9voile la liste des joueurs tunisiens retenus"},{"@type":"BreadcrumbList","@id":"https:\/\/www.webdo.tn\/fr\/actualite\/sport\/can-2025-sami-trabelsi-devoile-la-liste-des-joueurs-tunisiens-retenus\/389384\/#breadcrumb","itemListElement":[{"@type":"ListItem","position":1,"name":"Accueil","item":"https:\/\/www.webdo.tn\/fr\/"},{"@type":"ListItem","position":2,"name":"CAN 2025 : Sami Trabelsi d\u00e9voile la liste des joueurs tunisiens retenus"}]},{"@type":"WebSite","@id":"https:\/\/www.webdo.tn\/fr\/#website","url":"https:\/\/www.webdo.tn\/fr\/","name":"webdo","description":"Tunisie - News en Tunisie et \u00e0 l&#039;international sur Webdo.tn","publisher":{"@id":"https:\/\/www.webdo.tn\/fr\/#organization"},"potentialAction":[{"@type":"SearchAction","target":{"@type":"EntryPoint","urlTemplate":"https:\/\/www.webdo.tn\/fr\/?s={search_term_string}"},"query-input":{"@type":"PropertyValueSpecification","valueRequired":true,"valueName":"search_term_string"}}],"inLanguage":"fr-FR"},{"@type":"Organization","@id":"https:\/\/www.webdo.tn\/fr\/#organization","name":"Webdo","alternateName":"Webdo.tn","url":"https:\/\/www.webdo.tn\/fr\/","logo":{"@type":"ImageObject","inLanguage":"fr-FR","@id":"https:\/\/www.webdo.tn\/fr\/#\/schema\/logo\/image\/","url":"https:\/\/www.webdo.tn\/fr\/wp-content\/uploads\/2025\/06\/Webdo-Tunisie_168377.jpg","contentUrl":"https:\/\/www.webdo.tn\/fr\/wp-content\/uploads\/2025\/06\/Webdo-Tunisie_168377.jpg","width":301,"height":301,"caption":"Webdo"},"image":{"@id":"https:\/\/www.webdo.tn\/fr\/#\/schema\/logo\/image\/"},"sameAs":["https:\/\/www.facebook.com\/webdotn","https:\/\/x.com\/webdo_tn"],"description":"Webdo est un m\u00e9dia num\u00e9rique tunisien fond\u00e9 en 2010, sp\u00e9cialis\u00e9 dans l\u2019actualit\u00e9 nationale et internationale, l\u2019\u00e9conomie, la soci\u00e9t\u00e9 et les analyses politiques. Le site s\u2019adresse \u00e0 un large public francophone et couvre l\u2019information tunisienne en temps r\u00e9el.","email":"redac@webdo.tn","legalName":"YNJ SARL","foundingDate":"2010-09-06","numberOfEmployees":{"@type":"QuantitativeValue","minValue":"11","maxValue":"50"}},{"@type":"Person","@id":"https:\/\/www.webdo.tn\/fr\/#\/schema\/person\/16a4857e77dfc0b610c4c2cadffc9ac4","name":"Mohamed Fethi","image":{"@type":"ImageObject","inLanguage":"fr-FR","@id":"https:\/\/www.webdo.tn\/fr\/wp-content\/uploads\/2026\/04\/mohamed-fethi_avatar_1-96x96.jpg","url":"https:\/\/www.webdo.tn\/fr\/wp-content\/uploads\/2026\/04\/mohamed-fethi_avatar_1-96x96.jpg","contentUrl":"https:\/\/www.webdo.tn\/fr\/wp-content\/uploads\/2026\/04\/mohamed-fethi_avatar_1-96x96.jpg","caption":"Mohamed Fethi"},"description":"Signature \u00e9ditoriale de Maher Chaabane Mohamed Fethi est le pseudonyme \u00e9ditorial de Maher Chaabane, r\u00e9dacteur en chef de Webdo.tn depuis 2012. Cette signature est d\u00e9di\u00e9e au traitement intensif de l'actualit\u00e9 nationale et internationale en temps r\u00e9el. S'appuyant sur les deux d\u00e9cennies d'expertise journalistique de Maher Chaabane \u2014 d\u00e9but\u00e9e au sein du groupe Tunis Hebdo en 2000 \u2014 Mohamed Fethi assure une veille rigoureuse sur les enjeux politiques, \u00e9conomiques et sportifs. Sa mission est de garantir une information structur\u00e9e, fluide et fid\u00e8le aux standards de la r\u00e9daction. Pour consulter le parcours complet du r\u00e9dacteur en chef, visitez le profil officiel de Maher Chaabane.","knowsAbout":["actualit\u00e9","journalisme","information","politique","sport","m\u00e9dias","actualit\u00e9 internationale"],"knowsLanguage":["Fran\u00e7ais","Arabe"],"jobTitle":"Journaliste \u2013 R\u00e9daction Webdo","worksFor":"Webdo.tn","url":"https:\/\/www.webdo.tn\/fr\/actualite\/author\/mohamed-fethi\/"}]}},"_links":{"self":[{"href":"https:\/\/www.webdo.tn\/fr\/wp-json\/wp\/v2\/posts\/389384","targetHints":{"allow":["GET"]}}],"collection":[{"href":"https:\/\/www.webdo.tn\/fr\/wp-json\/wp\/v2\/posts"}],"about":[{"href":"https:\/\/www.webdo.tn\/fr\/wp-json\/wp\/v2\/types\/post"}],"author":[{"embeddable":true,"href":"https:\/\/www.webdo.tn\/fr\/wp-json\/wp\/v2\/users\/4782"}],"replies":[{"embeddable":true,"href":"https:\/\/www.webdo.tn\/fr\/wp-json\/wp\/v2\/comments?post=389384"}],"version-history":[{"count":0,"href":"https:\/\/www.webdo.tn\/fr\/wp-json\/wp\/v2\/posts\/389384\/revisions"}],"wp:featuredmedia":[{"embeddable":true,"href":"https:\/\/www.webdo.tn\/fr\/wp-json\/wp\/v2\/media\/389385"}],"wp:attachment":[{"href":"https:\/\/www.webdo.tn\/fr\/wp-json\/wp\/v2\/media?parent=389384"}],"wp:term":[{"taxonomy":"category","embeddable":true,"href":"https:\/\/www.webdo.tn\/fr\/wp-json\/wp\/v2\/categories?post=389384"},{"taxonomy":"post_tag","embeddable":true,"href":"https:\/\/www.webdo.tn\/fr\/wp-json\/wp\/v2\/tags?post=389384"}],"curies":[{"name":"wp","href":"https:\/\/api.w.org\/{rel}","templated":true}]}}