{"id":389374,"date":"2025-12-11T11:33:17","date_gmt":"2025-12-11T10:33:17","guid":{"rendered":"https:\/\/www.webdo.tn\/fr\/?p=389374"},"modified":"2025-12-11T11:33:18","modified_gmt":"2025-12-11T10:33:18","slug":"im-motors-debarque-en-tunisie-loffensive-electrique-premium-du-geant-saic","status":"publish","type":"post","link":"https:\/\/www.webdo.tn\/fr\/actualite\/national\/im-motors-debarque-en-tunisie-loffensive-electrique-premium-du-geant-saic\/389374\/","title":{"rendered":"IM Motors d\u00e9barque en Tunisie : L\u2019offensive \u00e9lectrique premium du g\u00e9ant SAIC"},"content":{"rendered":"\n<p><strong>Le groupe automobile chinois SAIC lance officiellement sa marque \u00e9lectrique haut de gamme IM Motors sur le march\u00e9 tunisien. Cette arriv\u00e9e marque une nouvelle \u00e9tape dans la strat\u00e9gie d\u2019expansion internationale du g\u00e9ant asiatique apr\u00e8s le succ\u00e8s de MG.<\/strong><\/p>\n\n\n\n<p>Avec des autonomies d\u00e9passant les 650 km et des performances dignes des constructeurs premium europ\u00e9ens, IM Motors entend s\u2019imposer comme un acteur majeur de la mobilit\u00e9 \u00e9lectrique en Tunisie.<\/p>\n\n\n\n<h2 class=\"wp-block-heading\" id=\"h-une-entree-en-tunisie-au-coeur-de-la-strategie-mondiale-de-saic\">Une entr\u00e9e en Tunisie au c\u0153ur de la strat\u00e9gie mondiale de SAIC<\/h2>\n\n\n\n<p>SAIC, l\u2019un des plus importants constructeurs chinois, acc\u00e9l\u00e8re son d\u00e9veloppement en Tunisie avec l\u2019introduction de sa division 100% \u00e9lectrique IM Motors. Cr\u00e9\u00e9e en 2020 en partenariat avec Alibaba et Zhangjiang Hi-Tech, la marque vise le segment premium et repose sur une forte int\u00e9gration technologique : intelligence artificielle embarqu\u00e9e, conduite semi-autonome et plateformes num\u00e9riques avanc\u00e9es. IM Motors s\u2019inscrit dans la continuit\u00e9 du succ\u00e8s mondial de MG, que SAIC avait relanc\u00e9 avec \u00e9clat en misant sur l\u2019\u00e9lectrification et la comp\u00e9titivit\u00e9 tarifaire.<\/p>\n\n\n\n<p><\/p>\n\n\n<div class=\"wp-block-image\">\n<figure class=\"aligncenter size-full\"><img decoding=\"async\" width=\"1000\" height=\"553\" src=\"https:\/\/www.webdo.tn\/fr\/wp-content\/uploads\/2025\/12\/IM5-IM6-Interior.jpg\" alt=\"\" class=\"wp-image-389375\" srcset=\"https:\/\/www.webdo.tn\/fr\/wp-content\/uploads\/2025\/12\/IM5-IM6-Interior.jpg 1000w, https:\/\/www.webdo.tn\/fr\/wp-content\/uploads\/2025\/12\/IM5-IM6-Interior-300x166.jpg 300w, https:\/\/www.webdo.tn\/fr\/wp-content\/uploads\/2025\/12\/IM5-IM6-Interior-768x425.jpg 768w, https:\/\/www.webdo.tn\/fr\/wp-content\/uploads\/2025\/12\/IM5-IM6-Interior-750x415.jpg 750w\" sizes=\"(max-width: 1000px) 100vw, 1000px\" \/><figcaption class=\"wp-element-caption\">IM5 IM6 Interior<\/figcaption><\/figure>\n<\/div>\n\n\n<p><\/p>\n\n\n\n<h2 class=\"wp-block-heading\" id=\"h-im-motors-une-ambition-clairement-premium\">IM Motors : une ambition clairement premium<\/h2>\n\n\n\n<p>La marque met en avant des v\u00e9hicules \u00e9lectriques hautement technologiques capables de rivaliser avec les r\u00e9f\u00e9rences du march\u00e9 comme Tesla, Audi ou Mercedes-Benz. Les premiers mod\u00e8les introduits en Tunisie &#8211; IM5, IM6 et prochainement le LS7 &#8211; affichent des prestations de niveau premium : grandes autonomies, batteries de derni\u00e8re g\u00e9n\u00e9ration et interfaces num\u00e9riques pouss\u00e9es. Chaque mod\u00e8le adopte une philosophie centr\u00e9e sur la mobilit\u00e9 intelligente, avec un design affirm\u00e9 et des motorisations puissantes.<\/p>\n\n\n\n<h2 class=\"wp-block-heading\" id=\"h-les-modeles-destines-au-marche-tunisien\">Les mod\u00e8les destin\u00e9s au march\u00e9 tunisien<\/h2>\n\n\n\n<p>Pour le lancement local, IM Motors proposera l\u2019IM5, berline \u00e9lectrique de 4,93 m d\u00e9clin\u00e9e en trois versions :<\/p>\n\n\n\n<ul class=\"wp-block-list\">\n<li>Edition Standard : propulsion, 295 ch (217 kW)<\/li>\n\n\n\n<li>Edition Autonomie : propulsion, 408 ch (300 kW), autonomie de 655 km WLTP<\/li>\n\n\n\n<li>Edition Performance : double moteur, 778 ch (572 kW), acc\u00e9l\u00e9ration 0-100 km\/h en 2,7 s, la plus puissante jamais commercialis\u00e9e en Tunisie<\/li>\n<\/ul>\n\n\n\n<p>Elle sera accompagn\u00e9e de l\u2019IM6, SUV familial premium, tandis que le LS7 \u2014 grand SUV \u00e9lectrique vendu en Norv\u00e8ge \u2014 servira de vitrine technologique dans un second temps. Tous les mod\u00e8les reposent sur des batteries \u00e0 forte densit\u00e9 \u00e9nerg\u00e9tique Nickel-Mangan\u00e8se-Cobalt et acceptent une charge rapide de 30 \u00e0 80 % en moins de 15 minutes.<\/p>\n\n\n\n<p><\/p>\n\n\n<div class=\"wp-block-image\">\n<figure class=\"aligncenter size-full\"><img decoding=\"async\" width=\"1000\" height=\"553\" src=\"https:\/\/www.webdo.tn\/fr\/wp-content\/uploads\/2025\/12\/IM5.jpg\" alt=\"\" class=\"wp-image-389376\" srcset=\"https:\/\/www.webdo.tn\/fr\/wp-content\/uploads\/2025\/12\/IM5.jpg 1000w, https:\/\/www.webdo.tn\/fr\/wp-content\/uploads\/2025\/12\/IM5-300x166.jpg 300w, https:\/\/www.webdo.tn\/fr\/wp-content\/uploads\/2025\/12\/IM5-768x425.jpg 768w, https:\/\/www.webdo.tn\/fr\/wp-content\/uploads\/2025\/12\/IM5-750x415.jpg 750w\" sizes=\"(max-width: 1000px) 100vw, 1000px\" \/><figcaption class=\"wp-element-caption\">IM5<\/figcaption><\/figure>\n<\/div>\n\n\n<p><\/p>\n\n\n\n<h2 class=\"wp-block-heading\" id=\"h-une-autonomie-record-pour-lever-les-freins-du-public\">Une autonomie record pour lever les freins du public<\/h2>\n\n\n\n<p>L\u2019un des principaux arguments d\u2019IM Motors repose sur des autonomies sup\u00e9rieures \u00e0 600 km, un atout d\u00e9terminant pour un march\u00e9 encore h\u00e9sitant face \u00e0 l\u2019\u00e9lectrique. Cette performance r\u00e9pond \u00e0 l\u2019anxi\u00e9t\u00e9 d\u2019autonomie, frein majeur pour les consommateurs tunisiens. Les technologies adopt\u00e9es \u2014 gestion thermique optimis\u00e9e, rendement am\u00e9lior\u00e9 et chimie NMC \u2014 renforcent la fiabilit\u00e9 et la polyvalence des v\u00e9hicules, notamment pour les longs trajets.<\/p>\n\n\n\n<h2 class=\"wp-block-heading\" id=\"h-le-pari-du-premium-dans-un-marche-competitif\">Le pari du premium dans un march\u00e9 comp\u00e9titif<\/h2>\n\n\n\n<p>IM Motors arrive dans un segment tr\u00e8s disput\u00e9 en Tunisie, face \u00e0 Porsche, BMW, Mercedes-Benz et Tesla. Pour se diff\u00e9rencier, la marque mise sur :<\/p>\n\n\n\n<ul class=\"wp-block-list\">\n<li>des prix plus agressifs (\u00e0 partir de 149 000 DT)<\/li>\n\n\n\n<li>un \u00e9quipement de s\u00e9rie tr\u00e8s riche<\/li>\n\n\n\n<li>une int\u00e9gration pouss\u00e9e des technologies IA<\/li>\n\n\n\n<li>une s\u00e9curit\u00e9 renforc\u00e9e (8 airbags, normes europ\u00e9ennes, 5 \u00e9toiles Euro NCAP)<\/li>\n\n\n\n<li>l\u2019expertise num\u00e9rique d\u2019Alibaba<\/li>\n<\/ul>\n\n\n\n<p>Cette combinaison conf\u00e8re \u00e0 IM Motors un positionnement premium-tech unique dans le paysage local.<\/p>\n\n\n\n<p><\/p>\n\n\n\n<p><\/p>\n\n\n<div class=\"wp-block-image\">\n<figure class=\"aligncenter size-full\"><img decoding=\"async\" width=\"1000\" height=\"553\" src=\"https:\/\/www.webdo.tn\/fr\/wp-content\/uploads\/2025\/12\/IM6.jpg\" alt=\"\" class=\"wp-image-389377\" srcset=\"https:\/\/www.webdo.tn\/fr\/wp-content\/uploads\/2025\/12\/IM6.jpg 1000w, https:\/\/www.webdo.tn\/fr\/wp-content\/uploads\/2025\/12\/IM6-300x166.jpg 300w, https:\/\/www.webdo.tn\/fr\/wp-content\/uploads\/2025\/12\/IM6-768x425.jpg 768w, https:\/\/www.webdo.tn\/fr\/wp-content\/uploads\/2025\/12\/IM6-750x415.jpg 750w\" sizes=\"(max-width: 1000px) 100vw, 1000px\" \/><figcaption class=\"wp-element-caption\">IM6<\/figcaption><\/figure>\n<\/div>\n\n\n<h2 class=\"wp-block-heading\" id=\"h-une-strategie-d-expansion-qui-depasse-la-tunisie\">Une strat\u00e9gie d\u2019expansion qui d\u00e9passe la Tunisie<\/h2>\n\n\n\n<p>IM Motors d\u00e9ploie ses mod\u00e8les de mani\u00e8re progressive en Europe. La marque est d\u00e9j\u00e0 pr\u00e9sente au Royaume-Uni, en Norv\u00e8ge et en Suisse, avant une arriv\u00e9e attendue en France en 2026. Les modalit\u00e9s fran\u00e7aises ne sont pas encore tranch\u00e9es : IM Motors pourrait conserver son identit\u00e9 propre ou \u00eatre int\u00e9gr\u00e9e temporairement \u00e0 la gamme MG. La Tunisie b\u00e9n\u00e9ficie toutefois d\u2019un statut privil\u00e9gi\u00e9, devenant le premier pays m\u00e9diterran\u00e9en \u00e0 accueillir IM Motors, dont la distribution sera assur\u00e9e par le Groupe Wallys \u00e0 Ain Zaghouan Nord.<\/p>\n\n\n\n<p><\/p>\n\n\n<div class=\"wp-block-image\">\n<figure class=\"aligncenter size-full\"><img decoding=\"async\" width=\"1000\" height=\"553\" src=\"https:\/\/www.webdo.tn\/fr\/wp-content\/uploads\/2025\/12\/IMLS7-Comfort.jpg\" alt=\"\" class=\"wp-image-389378\" srcset=\"https:\/\/www.webdo.tn\/fr\/wp-content\/uploads\/2025\/12\/IMLS7-Comfort.jpg 1000w, https:\/\/www.webdo.tn\/fr\/wp-content\/uploads\/2025\/12\/IMLS7-Comfort-300x166.jpg 300w, https:\/\/www.webdo.tn\/fr\/wp-content\/uploads\/2025\/12\/IMLS7-Comfort-768x425.jpg 768w, https:\/\/www.webdo.tn\/fr\/wp-content\/uploads\/2025\/12\/IMLS7-Comfort-750x415.jpg 750w\" sizes=\"(max-width: 1000px) 100vw, 1000px\" \/><figcaption class=\"wp-element-caption\">IMLS7 Comfort<\/figcaption><\/figure>\n<\/div>\n\n\n<p><\/p>\n\n\n\n<h2 class=\"wp-block-heading\" id=\"h-une-implantation-qui-confirme-l-interet-chinois-pour-la-tunisie\">Une implantation qui confirme l\u2019int\u00e9r\u00eat chinois pour la Tunisie<\/h2>\n\n\n\n<p>L\u2019arriv\u00e9e d\u2019IM Motors refl\u00e8te une tendance plus large : la Tunisie devient un march\u00e9 strat\u00e9gique pour les constructeurs chinois d\u2019\u00e9lectrique, qui cherchent de nouveaux d\u00e9bouch\u00e9s face \u00e0 la concurrence croissante en Chine. Pour SAIC, r\u00e9ussir l\u2019implantation d\u2019IM Motors en Tunisie repr\u00e9sente \u00e0 la fois un enjeu commercial et une vitrine internationale. Si le d\u00e9fi demeure important, la combinaison de technologie, d\u2019autonomie et de comp\u00e9titivit\u00e9 laisse entrevoir une perc\u00e9e majeure dans le haut de gamme \u00e9lectrique.<\/p>\n\n\n\n<p><\/p>\n\n\n\n<p><\/p>\n\n\n<div class=\"wp-block-image\">\n<figure class=\"aligncenter size-full\"><img decoding=\"async\" width=\"1000\" height=\"553\" src=\"https:\/\/www.webdo.tn\/fr\/wp-content\/uploads\/2025\/12\/IMLS7-Interior.jpg\" alt=\"\" class=\"wp-image-389379\" srcset=\"https:\/\/www.webdo.tn\/fr\/wp-content\/uploads\/2025\/12\/IMLS7-Interior.jpg 1000w, https:\/\/www.webdo.tn\/fr\/wp-content\/uploads\/2025\/12\/IMLS7-Interior-300x166.jpg 300w, https:\/\/www.webdo.tn\/fr\/wp-content\/uploads\/2025\/12\/IMLS7-Interior-768x425.jpg 768w, https:\/\/www.webdo.tn\/fr\/wp-content\/uploads\/2025\/12\/IMLS7-Interior-750x415.jpg 750w\" sizes=\"(max-width: 1000px) 100vw, 1000px\" \/><figcaption class=\"wp-element-caption\">IMLS7 Interior<\/figcaption><\/figure>\n<\/div>\n\n\n<p><\/p>\n\n\n<div class=\"wp-block-image\">\n<figure class=\"aligncenter size-full\"><img decoding=\"async\" width=\"1000\" height=\"553\" src=\"https:\/\/www.webdo.tn\/fr\/wp-content\/uploads\/2025\/12\/IMLS7.jpg\" alt=\"\" class=\"wp-image-389380\" srcset=\"https:\/\/www.webdo.tn\/fr\/wp-content\/uploads\/2025\/12\/IMLS7.jpg 1000w, https:\/\/www.webdo.tn\/fr\/wp-content\/uploads\/2025\/12\/IMLS7-300x166.jpg 300w, https:\/\/www.webdo.tn\/fr\/wp-content\/uploads\/2025\/12\/IMLS7-768x425.jpg 768w, https:\/\/www.webdo.tn\/fr\/wp-content\/uploads\/2025\/12\/IMLS7-750x415.jpg 750w\" sizes=\"(max-width: 1000px) 100vw, 1000px\" \/><figcaption class=\"wp-element-caption\">IMLS7<\/figcaption><\/figure>\n<\/div>\n\n\n<p><\/p>\n\n\n\n<blockquote class=\"wp-block-quote is-layout-flow wp-block-quote-is-layout-flow\">\n<p><\/p>\n<\/blockquote>\n","protected":false},"excerpt":{"rendered":"<p>Le groupe automobile chinois SAIC lance officiellement sa marque \u00e9lectrique haut de gamme IM Motors sur le march\u00e9 tunisien. Cette arriv\u00e9e marque une nouvelle \u00e9tape dans la strat\u00e9gie d\u2019expansion internationale du g\u00e9ant asiatique apr\u00e8s le succ\u00e8s de MG. Avec des autonomies d\u00e9passant les 650 km et des performances dignes des constructeurs premium europ\u00e9ens, IM Motors [&hellip;]<\/p>\n","protected":false},"author":4782,"featured_media":389381,"comment_status":"closed","ping_status":"closed","sticky":false,"template":"","format":"standard","meta":{"footnotes":""},"categories":[44,11909],"tags":[2841,13401],"class_list":["post-389374","post","type-post","status-publish","format-standard","has-post-thumbnail","hentry","category-national","category-tendances","tag-automobile","tag-im-motors"],"yoast_head":"<!-- This site is optimized with the Yoast SEO Premium plugin v27.5 (Yoast SEO v27.5) - https:\/\/yoast.com\/product\/yoast-seo-premium-wordpress\/ -->\n<title>IM Motors d\u00e9barque en Tunisie : L\u2019offensive \u00e9lectrique premium du g\u00e9ant SAIC - webdo<\/title>\n<meta name=\"description\" content=\"D\u00e9couvrez comment IM Motors d\u00e9barque en Tunisie avec une offensive \u00e9lectrique premium du g\u00e9ant SAIC et des performances exceptionnelles.\" \/>\n<link rel=\"canonical\" href=\"https:\/\/www.webdo.tn\/fr\/actualite\/national\/im-motors-debarque-en-tunisie-loffensive-electrique-premium-du-geant-saic\/389374\/\" \/>\n<meta property=\"og:locale\" content=\"fr_FR\" \/>\n<meta property=\"og:type\" content=\"article\" \/>\n<meta property=\"og:title\" content=\"IM Motors d\u00e9barque en Tunisie : L\u2019offensive \u00e9lectrique premium du g\u00e9ant SAIC\" \/>\n<meta property=\"og:description\" content=\"D\u00e9couvrez comment IM Motors d\u00e9barque en Tunisie avec une offensive \u00e9lectrique premium du g\u00e9ant SAIC et des performances exceptionnelles.\" \/>\n<meta property=\"og:url\" content=\"https:\/\/www.webdo.tn\/fr\/actualite\/national\/im-motors-debarque-en-tunisie-loffensive-electrique-premium-du-geant-saic\/389374\/\" \/>\n<meta property=\"og:site_name\" content=\"webdo\" \/>\n<meta property=\"article:publisher\" content=\"https:\/\/www.facebook.com\/webdotn\" \/>\n<meta property=\"article:published_time\" content=\"2025-12-11T10:33:17+00:00\" \/>\n<meta property=\"article:modified_time\" content=\"2025-12-11T10:33:18+00:00\" \/>\n<meta property=\"og:image\" content=\"https:\/\/www.webdo.tn\/fr\/wp-content\/uploads\/2025\/12\/Couverture.jpg\" \/>\n\t<meta property=\"og:image:width\" content=\"1200\" \/>\n\t<meta property=\"og:image:height\" content=\"593\" \/>\n\t<meta property=\"og:image:type\" content=\"image\/jpeg\" \/>\n<meta name=\"author\" content=\"Mohamed Fethi\" \/>\n<meta name=\"twitter:card\" content=\"summary_large_image\" \/>\n<meta name=\"twitter:creator\" content=\"@webdo_tn\" \/>\n<meta name=\"twitter:site\" content=\"@webdo_tn\" \/>\n<meta name=\"twitter:label1\" content=\"\u00c9crit par\" \/>\n\t<meta name=\"twitter:data1\" content=\"Mohamed Fethi\" \/>\n\t<meta name=\"twitter:label2\" content=\"Dur\u00e9e de lecture estim\u00e9e\" \/>\n\t<meta name=\"twitter:data2\" content=\"5 minutes\" \/>\n<script type=\"application\/ld+json\" class=\"yoast-schema-graph\">{\"@context\":\"https:\\\/\\\/schema.org\",\"@graph\":[{\"@type\":\"NewsArticle\",\"@id\":\"https:\\\/\\\/www.webdo.tn\\\/fr\\\/actualite\\\/national\\\/im-motors-debarque-en-tunisie-loffensive-electrique-premium-du-geant-saic\\\/389374\\\/#article\",\"isPartOf\":{\"@id\":\"https:\\\/\\\/www.webdo.tn\\\/fr\\\/actualite\\\/national\\\/im-motors-debarque-en-tunisie-loffensive-electrique-premium-du-geant-saic\\\/389374\\\/\"},\"author\":{\"name\":\"Mohamed Fethi\",\"@id\":\"https:\\\/\\\/www.webdo.tn\\\/fr\\\/#\\\/schema\\\/person\\\/16a4857e77dfc0b610c4c2cadffc9ac4\"},\"headline\":\"IM Motors d\u00e9barque en Tunisie : L\u2019offensive \u00e9lectrique premium du g\u00e9ant SAIC\",\"datePublished\":\"2025-12-11T10:33:17+00:00\",\"dateModified\":\"2025-12-11T10:33:18+00:00\",\"mainEntityOfPage\":{\"@id\":\"https:\\\/\\\/www.webdo.tn\\\/fr\\\/actualite\\\/national\\\/im-motors-debarque-en-tunisie-loffensive-electrique-premium-du-geant-saic\\\/389374\\\/\"},\"wordCount\":784,\"publisher\":{\"@id\":\"https:\\\/\\\/www.webdo.tn\\\/fr\\\/#organization\"},\"image\":{\"@id\":\"https:\\\/\\\/www.webdo.tn\\\/fr\\\/actualite\\\/national\\\/im-motors-debarque-en-tunisie-loffensive-electrique-premium-du-geant-saic\\\/389374\\\/#primaryimage\"},\"thumbnailUrl\":\"https:\\\/\\\/www.webdo.tn\\\/fr\\\/wp-content\\\/uploads\\\/2025\\\/12\\\/Couverture.jpg\",\"keywords\":[\"Automobile\",\"IM Motors\"],\"articleSection\":[\"National\",\"Tendances\"],\"inLanguage\":\"fr-FR\"},{\"@type\":\"WebPage\",\"@id\":\"https:\\\/\\\/www.webdo.tn\\\/fr\\\/actualite\\\/national\\\/im-motors-debarque-en-tunisie-loffensive-electrique-premium-du-geant-saic\\\/389374\\\/\",\"url\":\"https:\\\/\\\/www.webdo.tn\\\/fr\\\/actualite\\\/national\\\/im-motors-debarque-en-tunisie-loffensive-electrique-premium-du-geant-saic\\\/389374\\\/\",\"name\":\"IM Motors d\u00e9barque en Tunisie : L\u2019offensive \u00e9lectrique premium du g\u00e9ant SAIC - webdo\",\"isPartOf\":{\"@id\":\"https:\\\/\\\/www.webdo.tn\\\/fr\\\/#website\"},\"primaryImageOfPage\":{\"@id\":\"https:\\\/\\\/www.webdo.tn\\\/fr\\\/actualite\\\/national\\\/im-motors-debarque-en-tunisie-loffensive-electrique-premium-du-geant-saic\\\/389374\\\/#primaryimage\"},\"image\":{\"@id\":\"https:\\\/\\\/www.webdo.tn\\\/fr\\\/actualite\\\/national\\\/im-motors-debarque-en-tunisie-loffensive-electrique-premium-du-geant-saic\\\/389374\\\/#primaryimage\"},\"thumbnailUrl\":\"https:\\\/\\\/www.webdo.tn\\\/fr\\\/wp-content\\\/uploads\\\/2025\\\/12\\\/Couverture.jpg\",\"datePublished\":\"2025-12-11T10:33:17+00:00\",\"dateModified\":\"2025-12-11T10:33:18+00:00\",\"description\":\"D\u00e9couvrez comment IM Motors d\u00e9barque en Tunisie avec une offensive \u00e9lectrique premium du g\u00e9ant SAIC et des performances exceptionnelles.\",\"breadcrumb\":{\"@id\":\"https:\\\/\\\/www.webdo.tn\\\/fr\\\/actualite\\\/national\\\/im-motors-debarque-en-tunisie-loffensive-electrique-premium-du-geant-saic\\\/389374\\\/#breadcrumb\"},\"inLanguage\":\"fr-FR\",\"potentialAction\":[{\"@type\":\"ReadAction\",\"target\":[\"https:\\\/\\\/www.webdo.tn\\\/fr\\\/actualite\\\/national\\\/im-motors-debarque-en-tunisie-loffensive-electrique-premium-du-geant-saic\\\/389374\\\/\"]}]},{\"@type\":\"ImageObject\",\"inLanguage\":\"fr-FR\",\"@id\":\"https:\\\/\\\/www.webdo.tn\\\/fr\\\/actualite\\\/national\\\/im-motors-debarque-en-tunisie-loffensive-electrique-premium-du-geant-saic\\\/389374\\\/#primaryimage\",\"url\":\"https:\\\/\\\/www.webdo.tn\\\/fr\\\/wp-content\\\/uploads\\\/2025\\\/12\\\/Couverture.jpg\",\"contentUrl\":\"https:\\\/\\\/www.webdo.tn\\\/fr\\\/wp-content\\\/uploads\\\/2025\\\/12\\\/Couverture.jpg\",\"width\":1200,\"height\":593,\"caption\":\"IM Motors d\u00e9barque en Tunisie : L\u2019offensive \u00e9lectrique premium du g\u00e9ant SAIC\"},{\"@type\":\"BreadcrumbList\",\"@id\":\"https:\\\/\\\/www.webdo.tn\\\/fr\\\/actualite\\\/national\\\/im-motors-debarque-en-tunisie-loffensive-electrique-premium-du-geant-saic\\\/389374\\\/#breadcrumb\",\"itemListElement\":[{\"@type\":\"ListItem\",\"position\":1,\"name\":\"Accueil\",\"item\":\"https:\\\/\\\/www.webdo.tn\\\/fr\\\/\"},{\"@type\":\"ListItem\",\"position\":2,\"name\":\"IM Motors d\u00e9barque en Tunisie : L\u2019offensive \u00e9lectrique premium du g\u00e9ant SAIC\"}]},{\"@type\":\"WebSite\",\"@id\":\"https:\\\/\\\/www.webdo.tn\\\/fr\\\/#website\",\"url\":\"https:\\\/\\\/www.webdo.tn\\\/fr\\\/\",\"name\":\"webdo\",\"description\":\"Tunisie - News en Tunisie et \u00e0 l&#039;international sur Webdo.tn\",\"publisher\":{\"@id\":\"https:\\\/\\\/www.webdo.tn\\\/fr\\\/#organization\"},\"potentialAction\":[{\"@type\":\"SearchAction\",\"target\":{\"@type\":\"EntryPoint\",\"urlTemplate\":\"https:\\\/\\\/www.webdo.tn\\\/fr\\\/?s={search_term_string}\"},\"query-input\":{\"@type\":\"PropertyValueSpecification\",\"valueRequired\":true,\"valueName\":\"search_term_string\"}}],\"inLanguage\":\"fr-FR\"},{\"@type\":\"Organization\",\"@id\":\"https:\\\/\\\/www.webdo.tn\\\/fr\\\/#organization\",\"name\":\"Webdo\",\"alternateName\":\"Webdo.tn\",\"url\":\"https:\\\/\\\/www.webdo.tn\\\/fr\\\/\",\"logo\":{\"@type\":\"ImageObject\",\"inLanguage\":\"fr-FR\",\"@id\":\"https:\\\/\\\/www.webdo.tn\\\/fr\\\/#\\\/schema\\\/logo\\\/image\\\/\",\"url\":\"https:\\\/\\\/www.webdo.tn\\\/fr\\\/wp-content\\\/uploads\\\/2025\\\/06\\\/Webdo-Tunisie_168377.jpg\",\"contentUrl\":\"https:\\\/\\\/www.webdo.tn\\\/fr\\\/wp-content\\\/uploads\\\/2025\\\/06\\\/Webdo-Tunisie_168377.jpg\",\"width\":301,\"height\":301,\"caption\":\"Webdo\"},\"image\":{\"@id\":\"https:\\\/\\\/www.webdo.tn\\\/fr\\\/#\\\/schema\\\/logo\\\/image\\\/\"},\"sameAs\":[\"https:\\\/\\\/www.facebook.com\\\/webdotn\",\"https:\\\/\\\/x.com\\\/webdo_tn\"],\"description\":\"Webdo est un m\u00e9dia num\u00e9rique tunisien fond\u00e9 en 2010, sp\u00e9cialis\u00e9 dans l\u2019actualit\u00e9 nationale et internationale, l\u2019\u00e9conomie, la soci\u00e9t\u00e9 et les analyses politiques. Le site s\u2019adresse \u00e0 un large public francophone et couvre l\u2019information tunisienne en temps r\u00e9el.\",\"email\":\"redac@webdo.tn\",\"legalName\":\"YNJ SARL\",\"foundingDate\":\"2010-09-06\",\"numberOfEmployees\":{\"@type\":\"QuantitativeValue\",\"minValue\":\"11\",\"maxValue\":\"50\"}},{\"@type\":\"Person\",\"@id\":\"https:\\\/\\\/www.webdo.tn\\\/fr\\\/#\\\/schema\\\/person\\\/16a4857e77dfc0b610c4c2cadffc9ac4\",\"name\":\"Mohamed Fethi\",\"image\":{\"@type\":\"ImageObject\",\"inLanguage\":\"fr-FR\",\"@id\":\"https:\\\/\\\/www.webdo.tn\\\/fr\\\/wp-content\\\/uploads\\\/2026\\\/04\\\/mohamed-fethi_avatar_1-96x96.jpg\",\"url\":\"https:\\\/\\\/www.webdo.tn\\\/fr\\\/wp-content\\\/uploads\\\/2026\\\/04\\\/mohamed-fethi_avatar_1-96x96.jpg\",\"contentUrl\":\"https:\\\/\\\/www.webdo.tn\\\/fr\\\/wp-content\\\/uploads\\\/2026\\\/04\\\/mohamed-fethi_avatar_1-96x96.jpg\",\"caption\":\"Mohamed Fethi\"},\"description\":\"Signature \u00e9ditoriale de Maher Chaabane Mohamed Fethi est le pseudonyme \u00e9ditorial de Maher Chaabane, r\u00e9dacteur en chef de Webdo.tn depuis 2012. Cette signature est d\u00e9di\u00e9e au traitement intensif de l'actualit\u00e9 nationale et internationale en temps r\u00e9el. S'appuyant sur les deux d\u00e9cennies d'expertise journalistique de Maher Chaabane \u2014 d\u00e9but\u00e9e au sein du groupe Tunis Hebdo en 2000 \u2014 Mohamed Fethi assure une veille rigoureuse sur les enjeux politiques, \u00e9conomiques et sportifs. Sa mission est de garantir une information structur\u00e9e, fluide et fid\u00e8le aux standards de la r\u00e9daction. Pour consulter le parcours complet du r\u00e9dacteur en chef, visitez le profil officiel de Maher Chaabane.\",\"knowsAbout\":[\"actualit\u00e9\",\"journalisme\",\"information\",\"politique\",\"sport\",\"m\u00e9dias\",\"actualit\u00e9 internationale\"],\"knowsLanguage\":[\"Fran\u00e7ais\",\"Arabe\"],\"jobTitle\":\"Journaliste \u2013 R\u00e9daction Webdo\",\"worksFor\":\"Webdo.tn\",\"url\":\"https:\\\/\\\/www.webdo.tn\\\/fr\\\/actualite\\\/author\\\/mohamed-fethi\\\/\"}]}<\/script>\n<!-- \/ Yoast SEO Premium plugin. -->","yoast_head_json":{"title":"IM Motors d\u00e9barque en Tunisie : L\u2019offensive \u00e9lectrique premium du g\u00e9ant SAIC - webdo","description":"D\u00e9couvrez comment IM Motors d\u00e9barque en Tunisie avec une offensive \u00e9lectrique premium du g\u00e9ant SAIC et des performances exceptionnelles.","canonical":"https:\/\/www.webdo.tn\/fr\/actualite\/national\/im-motors-debarque-en-tunisie-loffensive-electrique-premium-du-geant-saic\/389374\/","og_locale":"fr_FR","og_type":"article","og_title":"IM Motors d\u00e9barque en Tunisie : L\u2019offensive \u00e9lectrique premium du g\u00e9ant SAIC","og_description":"D\u00e9couvrez comment IM Motors d\u00e9barque en Tunisie avec une offensive \u00e9lectrique premium du g\u00e9ant SAIC et des performances exceptionnelles.","og_url":"https:\/\/www.webdo.tn\/fr\/actualite\/national\/im-motors-debarque-en-tunisie-loffensive-electrique-premium-du-geant-saic\/389374\/","og_site_name":"webdo","article_publisher":"https:\/\/www.facebook.com\/webdotn","article_published_time":"2025-12-11T10:33:17+00:00","article_modified_time":"2025-12-11T10:33:18+00:00","og_image":[{"width":1200,"height":593,"url":"https:\/\/www.webdo.tn\/fr\/wp-content\/uploads\/2025\/12\/Couverture.jpg","type":"image\/jpeg"}],"author":"Mohamed Fethi","twitter_card":"summary_large_image","twitter_creator":"@webdo_tn","twitter_site":"@webdo_tn","twitter_misc":{"\u00c9crit par":"Mohamed Fethi","Dur\u00e9e de lecture estim\u00e9e":"5 minutes"},"schema":{"@context":"https:\/\/schema.org","@graph":[{"@type":"NewsArticle","@id":"https:\/\/www.webdo.tn\/fr\/actualite\/national\/im-motors-debarque-en-tunisie-loffensive-electrique-premium-du-geant-saic\/389374\/#article","isPartOf":{"@id":"https:\/\/www.webdo.tn\/fr\/actualite\/national\/im-motors-debarque-en-tunisie-loffensive-electrique-premium-du-geant-saic\/389374\/"},"author":{"name":"Mohamed Fethi","@id":"https:\/\/www.webdo.tn\/fr\/#\/schema\/person\/16a4857e77dfc0b610c4c2cadffc9ac4"},"headline":"IM Motors d\u00e9barque en Tunisie : L\u2019offensive \u00e9lectrique premium du g\u00e9ant SAIC","datePublished":"2025-12-11T10:33:17+00:00","dateModified":"2025-12-11T10:33:18+00:00","mainEntityOfPage":{"@id":"https:\/\/www.webdo.tn\/fr\/actualite\/national\/im-motors-debarque-en-tunisie-loffensive-electrique-premium-du-geant-saic\/389374\/"},"wordCount":784,"publisher":{"@id":"https:\/\/www.webdo.tn\/fr\/#organization"},"image":{"@id":"https:\/\/www.webdo.tn\/fr\/actualite\/national\/im-motors-debarque-en-tunisie-loffensive-electrique-premium-du-geant-saic\/389374\/#primaryimage"},"thumbnailUrl":"https:\/\/www.webdo.tn\/fr\/wp-content\/uploads\/2025\/12\/Couverture.jpg","keywords":["Automobile","IM Motors"],"articleSection":["National","Tendances"],"inLanguage":"fr-FR"},{"@type":"WebPage","@id":"https:\/\/www.webdo.tn\/fr\/actualite\/national\/im-motors-debarque-en-tunisie-loffensive-electrique-premium-du-geant-saic\/389374\/","url":"https:\/\/www.webdo.tn\/fr\/actualite\/national\/im-motors-debarque-en-tunisie-loffensive-electrique-premium-du-geant-saic\/389374\/","name":"IM Motors d\u00e9barque en Tunisie : L\u2019offensive \u00e9lectrique premium du g\u00e9ant SAIC - webdo","isPartOf":{"@id":"https:\/\/www.webdo.tn\/fr\/#website"},"primaryImageOfPage":{"@id":"https:\/\/www.webdo.tn\/fr\/actualite\/national\/im-motors-debarque-en-tunisie-loffensive-electrique-premium-du-geant-saic\/389374\/#primaryimage"},"image":{"@id":"https:\/\/www.webdo.tn\/fr\/actualite\/national\/im-motors-debarque-en-tunisie-loffensive-electrique-premium-du-geant-saic\/389374\/#primaryimage"},"thumbnailUrl":"https:\/\/www.webdo.tn\/fr\/wp-content\/uploads\/2025\/12\/Couverture.jpg","datePublished":"2025-12-11T10:33:17+00:00","dateModified":"2025-12-11T10:33:18+00:00","description":"D\u00e9couvrez comment IM Motors d\u00e9barque en Tunisie avec une offensive \u00e9lectrique premium du g\u00e9ant SAIC et des performances exceptionnelles.","breadcrumb":{"@id":"https:\/\/www.webdo.tn\/fr\/actualite\/national\/im-motors-debarque-en-tunisie-loffensive-electrique-premium-du-geant-saic\/389374\/#breadcrumb"},"inLanguage":"fr-FR","potentialAction":[{"@type":"ReadAction","target":["https:\/\/www.webdo.tn\/fr\/actualite\/national\/im-motors-debarque-en-tunisie-loffensive-electrique-premium-du-geant-saic\/389374\/"]}]},{"@type":"ImageObject","inLanguage":"fr-FR","@id":"https:\/\/www.webdo.tn\/fr\/actualite\/national\/im-motors-debarque-en-tunisie-loffensive-electrique-premium-du-geant-saic\/389374\/#primaryimage","url":"https:\/\/www.webdo.tn\/fr\/wp-content\/uploads\/2025\/12\/Couverture.jpg","contentUrl":"https:\/\/www.webdo.tn\/fr\/wp-content\/uploads\/2025\/12\/Couverture.jpg","width":1200,"height":593,"caption":"IM Motors d\u00e9barque en Tunisie : L\u2019offensive \u00e9lectrique premium du g\u00e9ant SAIC"},{"@type":"BreadcrumbList","@id":"https:\/\/www.webdo.tn\/fr\/actualite\/national\/im-motors-debarque-en-tunisie-loffensive-electrique-premium-du-geant-saic\/389374\/#breadcrumb","itemListElement":[{"@type":"ListItem","position":1,"name":"Accueil","item":"https:\/\/www.webdo.tn\/fr\/"},{"@type":"ListItem","position":2,"name":"IM Motors d\u00e9barque en Tunisie : L\u2019offensive \u00e9lectrique premium du g\u00e9ant SAIC"}]},{"@type":"WebSite","@id":"https:\/\/www.webdo.tn\/fr\/#website","url":"https:\/\/www.webdo.tn\/fr\/","name":"webdo","description":"Tunisie - News en Tunisie et \u00e0 l&#039;international sur Webdo.tn","publisher":{"@id":"https:\/\/www.webdo.tn\/fr\/#organization"},"potentialAction":[{"@type":"SearchAction","target":{"@type":"EntryPoint","urlTemplate":"https:\/\/www.webdo.tn\/fr\/?s={search_term_string}"},"query-input":{"@type":"PropertyValueSpecification","valueRequired":true,"valueName":"search_term_string"}}],"inLanguage":"fr-FR"},{"@type":"Organization","@id":"https:\/\/www.webdo.tn\/fr\/#organization","name":"Webdo","alternateName":"Webdo.tn","url":"https:\/\/www.webdo.tn\/fr\/","logo":{"@type":"ImageObject","inLanguage":"fr-FR","@id":"https:\/\/www.webdo.tn\/fr\/#\/schema\/logo\/image\/","url":"https:\/\/www.webdo.tn\/fr\/wp-content\/uploads\/2025\/06\/Webdo-Tunisie_168377.jpg","contentUrl":"https:\/\/www.webdo.tn\/fr\/wp-content\/uploads\/2025\/06\/Webdo-Tunisie_168377.jpg","width":301,"height":301,"caption":"Webdo"},"image":{"@id":"https:\/\/www.webdo.tn\/fr\/#\/schema\/logo\/image\/"},"sameAs":["https:\/\/www.facebook.com\/webdotn","https:\/\/x.com\/webdo_tn"],"description":"Webdo est un m\u00e9dia num\u00e9rique tunisien fond\u00e9 en 2010, sp\u00e9cialis\u00e9 dans l\u2019actualit\u00e9 nationale et internationale, l\u2019\u00e9conomie, la soci\u00e9t\u00e9 et les analyses politiques. Le site s\u2019adresse \u00e0 un large public francophone et couvre l\u2019information tunisienne en temps r\u00e9el.","email":"redac@webdo.tn","legalName":"YNJ SARL","foundingDate":"2010-09-06","numberOfEmployees":{"@type":"QuantitativeValue","minValue":"11","maxValue":"50"}},{"@type":"Person","@id":"https:\/\/www.webdo.tn\/fr\/#\/schema\/person\/16a4857e77dfc0b610c4c2cadffc9ac4","name":"Mohamed Fethi","image":{"@type":"ImageObject","inLanguage":"fr-FR","@id":"https:\/\/www.webdo.tn\/fr\/wp-content\/uploads\/2026\/04\/mohamed-fethi_avatar_1-96x96.jpg","url":"https:\/\/www.webdo.tn\/fr\/wp-content\/uploads\/2026\/04\/mohamed-fethi_avatar_1-96x96.jpg","contentUrl":"https:\/\/www.webdo.tn\/fr\/wp-content\/uploads\/2026\/04\/mohamed-fethi_avatar_1-96x96.jpg","caption":"Mohamed Fethi"},"description":"Signature \u00e9ditoriale de Maher Chaabane Mohamed Fethi est le pseudonyme \u00e9ditorial de Maher Chaabane, r\u00e9dacteur en chef de Webdo.tn depuis 2012. Cette signature est d\u00e9di\u00e9e au traitement intensif de l'actualit\u00e9 nationale et internationale en temps r\u00e9el. S'appuyant sur les deux d\u00e9cennies d'expertise journalistique de Maher Chaabane \u2014 d\u00e9but\u00e9e au sein du groupe Tunis Hebdo en 2000 \u2014 Mohamed Fethi assure une veille rigoureuse sur les enjeux politiques, \u00e9conomiques et sportifs. Sa mission est de garantir une information structur\u00e9e, fluide et fid\u00e8le aux standards de la r\u00e9daction. Pour consulter le parcours complet du r\u00e9dacteur en chef, visitez le profil officiel de Maher Chaabane.","knowsAbout":["actualit\u00e9","journalisme","information","politique","sport","m\u00e9dias","actualit\u00e9 internationale"],"knowsLanguage":["Fran\u00e7ais","Arabe"],"jobTitle":"Journaliste \u2013 R\u00e9daction Webdo","worksFor":"Webdo.tn","url":"https:\/\/www.webdo.tn\/fr\/actualite\/author\/mohamed-fethi\/"}]}},"_links":{"self":[{"href":"https:\/\/www.webdo.tn\/fr\/wp-json\/wp\/v2\/posts\/389374","targetHints":{"allow":["GET"]}}],"collection":[{"href":"https:\/\/www.webdo.tn\/fr\/wp-json\/wp\/v2\/posts"}],"about":[{"href":"https:\/\/www.webdo.tn\/fr\/wp-json\/wp\/v2\/types\/post"}],"author":[{"embeddable":true,"href":"https:\/\/www.webdo.tn\/fr\/wp-json\/wp\/v2\/users\/4782"}],"replies":[{"embeddable":true,"href":"https:\/\/www.webdo.tn\/fr\/wp-json\/wp\/v2\/comments?post=389374"}],"version-history":[{"count":0,"href":"https:\/\/www.webdo.tn\/fr\/wp-json\/wp\/v2\/posts\/389374\/revisions"}],"wp:featuredmedia":[{"embeddable":true,"href":"https:\/\/www.webdo.tn\/fr\/wp-json\/wp\/v2\/media\/389381"}],"wp:attachment":[{"href":"https:\/\/www.webdo.tn\/fr\/wp-json\/wp\/v2\/media?parent=389374"}],"wp:term":[{"taxonomy":"category","embeddable":true,"href":"https:\/\/www.webdo.tn\/fr\/wp-json\/wp\/v2\/categories?post=389374"},{"taxonomy":"post_tag","embeddable":true,"href":"https:\/\/www.webdo.tn\/fr\/wp-json\/wp\/v2\/tags?post=389374"}],"curies":[{"name":"wp","href":"https:\/\/api.w.org\/{rel}","templated":true}]}}