{"id":389344,"date":"2025-12-11T08:48:43","date_gmt":"2025-12-11T07:48:43","guid":{"rendered":"https:\/\/www.webdo.tn\/fr\/?p=389344"},"modified":"2025-12-11T09:29:41","modified_gmt":"2025-12-11T08:29:41","slug":"lislande-cinquieme-pays-a-boycotter-leurovision-2026-en-raison-de-la-participation-disrael","status":"publish","type":"post","link":"https:\/\/www.webdo.tn\/fr\/actualite\/culture\/lislande-cinquieme-pays-a-boycotter-leurovision-2026-en-raison-de-la-participation-disrael\/389344\/","title":{"rendered":"L&rsquo;Islande, cinqui\u00e8me pays \u00e0 boycotter l&rsquo;Eurovision 2026 en raison de la participation d&rsquo;Isra\u00ebl"},"content":{"rendered":"\n<p><strong>L\u2019Islande a annonc\u00e9 qu\u2019elle boycottera l\u2019Eurovision 2026, pr\u00e9vu \u00e0 Vienne, apr\u00e8s le feu vert donn\u00e9 par l\u2019Union europ\u00e9enne de radiodiffusion (UER) \u00e0 la participation d\u2019Isra\u00ebl. La t\u00e9l\u00e9vision publique R\u00daV a officialis\u00e9 mercredi son retrait, invoquant une incompatibilit\u00e9 avec les valeurs du service public. Le pays devient le cinqui\u00e8me \u00c9tat \u00e0 quitter la comp\u00e9tition.<\/strong><\/p>\n\n\n\n<p>La t\u00e9l\u00e9vision publique islandaise a expliqu\u00e9, dans un communiqu\u00e9, qu\u2019elle renon\u00e7ait \u00e0 participer \u00e0 l\u2019\u00e9dition 2026 en raison de la d\u00e9cision de maintenir Isra\u00ebl dans la liste des candidats. La R\u00daV souligne avoir suivi de pr\u00e8s le d\u00e9bat interne, marqu\u00e9 par des appels insistants d\u2019artistes et d\u2019organisations culturelles r\u00e9clamant un retrait. La direction a finalement tranch\u00e9, estimant que la participation ne pouvait pas \u00eatre \u00ab assum\u00e9e \u00bb dans les conditions actuelles.<\/p>\n\n\n\n<h2 class=\"wp-block-heading\" id=\"h-un-mouvement-de-boycott-qui-s-etend-en-europe\">Un mouvement de boycott qui s\u2019\u00e9tend en Europe<\/h2>\n\n\n\n<p>En rejoignant l\u2019Espagne, l\u2019Irlande, les Pays-Bas et la Slov\u00e9nie, l\u2019Islande renforce un bloc d\u00e9sormais cons\u00e9quent de diffuseurs europ\u00e9ens qui rejettent le maintien d\u2019Isra\u00ebl. Tous mettent en avant la situation humanitaire \u00e0 Gaza et accusent l\u2019UER d\u2019ignorer les appels \u00e0 revoir sa position. Cette succession de retraits fragilise le concours \u00e0 quelques mois du lancement des pr\u00e9paratifs officiels.<\/p>\n\n\n\n<p>La d\u00e9cision islandaise s\u2019inscrit dans un climat tendu o\u00f9 artistes, collectifs militants et associations avaient multipli\u00e9 les prises de position publiques. Plusieurs p\u00e9titions circulaient d\u00e9j\u00e0 en Islande, appelant \u00e0 un geste \u00ab \u00e9thique \u00bb de la part du diffuseur national. Le d\u00e9bat, loin d\u2019\u00eatre isol\u00e9, rappelle les controverses des \u00e9ditions pr\u00e9c\u00e9dentes, o\u00f9 la participation d\u2019Isra\u00ebl avait d\u00e9j\u00e0 suscit\u00e9 des mobilisations.<\/p>\n\n\n\n<h2 class=\"wp-block-heading\" id=\"h-une-edition-2026-deja-sous-tension\">Une \u00e9dition 2026 d\u00e9j\u00e0 sous tension<\/h2>\n\n\n\n<p>L\u2019Eurovision 2026 devait marquer un retour \u00e0 la stabilit\u00e9 apr\u00e8s deux ann\u00e9es de pol\u00e9miques, mais la vague de boycotts ravive les divisions persistantes autour du concours. Vienne, ville h\u00f4te, s\u2019attendait \u00e0 une \u00e9dition symbolique et apais\u00e9e. L\u2019accumulation de retraits risque d\u00e9sormais de transformer l\u2019\u00e9v\u00e9nement en test majeur pour l\u2019UER.<\/p>\n\n\n\n<p><\/p>\n\n\n\n<blockquote class=\"wp-block-quote is-layout-flow wp-block-quote-is-layout-flow\">\n<p><strong>Lire aussi<\/strong><\/p>\n\n\n\n<ul class=\"wp-block-list\">\n<li><a href=\"https:\/\/www.webdo.tn\/fr\/actualite\/culture\/boycott-en-chaine-lespagne-les-pays-bas-et-lirlande-claquent-la-porte-de-leurovision-2026\/388863\/\">Boycott en cha\u00eene : L\u2019Espagne, les Pays-Bas et l\u2019Irlande claquent la porte de l\u2019Eurovision 2026<\/a><\/li>\n\n\n\n<li><a href=\"https:\/\/www.webdo.tn\/fr\/actualite\/culture\/cinema-mondial-plus-de-1-200-professionnels-lancent-un-boycott-culturel-contre-des-institutions-israeliennes\/383061\/\">Cin\u00e9ma mondial : plus de 1 200 professionnels lancent un boycott culturel contre des institutions isra\u00e9liennes<\/a><\/li>\n<\/ul>\n<\/blockquote>\n","protected":false},"excerpt":{"rendered":"<p>L\u2019Islande a annonc\u00e9 qu\u2019elle boycottera l\u2019Eurovision 2026, pr\u00e9vu \u00e0 Vienne, apr\u00e8s le feu vert donn\u00e9 par l\u2019Union europ\u00e9enne de radiodiffusion (UER) \u00e0 la participation d\u2019Isra\u00ebl. La t\u00e9l\u00e9vision publique R\u00daV a officialis\u00e9 mercredi son retrait, invoquant une incompatibilit\u00e9 avec les valeurs du service public. Le pays devient le cinqui\u00e8me \u00c9tat \u00e0 quitter la comp\u00e9tition. La t\u00e9l\u00e9vision [&hellip;]<\/p>\n","protected":false},"author":4782,"featured_media":389345,"comment_status":"closed","ping_status":"closed","sticky":false,"template":"","format":"standard","meta":{"footnotes":""},"categories":[2594],"tags":[3509,13368,2689,13399,2636],"class_list":["post-389344","post","type-post","status-publish","format-standard","has-post-thumbnail","hentry","category-culture","tag-boycott","tag-eurovision","tag-gaza","tag-islande","tag-israel"],"yoast_head":"<!-- This site is optimized with the Yoast SEO Premium plugin v27.5 (Yoast SEO v27.5) - https:\/\/yoast.com\/product\/yoast-seo-premium-wordpress\/ -->\n<title>L&#039;Islande, cinqui\u00e8me pays \u00e0 boycotter l&#039;Eurovision 2026 en raison de la participation d&#039;Isra\u00ebl - webdo<\/title>\n<meta name=\"description\" content=\"L&#039;Islande, cinqui\u00e8me pays \u00e0 boycotter l&#039;Eurovision 2026, s&#039;oppose \u00e0 la participation d&#039;Isra\u00ebl pour des raisons de valeurs publiques.\" \/>\n<link rel=\"canonical\" href=\"https:\/\/www.webdo.tn\/fr\/actualite\/culture\/lislande-cinquieme-pays-a-boycotter-leurovision-2026-en-raison-de-la-participation-disrael\/389344\/\" \/>\n<meta property=\"og:locale\" content=\"fr_FR\" \/>\n<meta property=\"og:type\" content=\"article\" \/>\n<meta property=\"og:title\" content=\"L&#039;Islande, cinqui\u00e8me pays \u00e0 boycotter l&#039;Eurovision 2026 en raison de la participation d&#039;Isra\u00ebl\" \/>\n<meta property=\"og:description\" content=\"L&#039;Islande, cinqui\u00e8me pays \u00e0 boycotter l&#039;Eurovision 2026, s&#039;oppose \u00e0 la participation d&#039;Isra\u00ebl pour des raisons de valeurs publiques.\" \/>\n<meta property=\"og:url\" content=\"https:\/\/www.webdo.tn\/fr\/actualite\/culture\/lislande-cinquieme-pays-a-boycotter-leurovision-2026-en-raison-de-la-participation-disrael\/389344\/\" \/>\n<meta property=\"og:site_name\" content=\"webdo\" \/>\n<meta property=\"article:publisher\" content=\"https:\/\/www.facebook.com\/webdotn\" \/>\n<meta property=\"article:published_time\" content=\"2025-12-11T07:48:43+00:00\" \/>\n<meta property=\"article:modified_time\" content=\"2025-12-11T08:29:41+00:00\" \/>\n<meta property=\"og:image\" content=\"https:\/\/www.webdo.tn\/fr\/wp-content\/uploads\/2025\/12\/Eurovision-1.jpg\" \/>\n\t<meta property=\"og:image:width\" content=\"1200\" \/>\n\t<meta property=\"og:image:height\" content=\"601\" \/>\n\t<meta property=\"og:image:type\" content=\"image\/jpeg\" \/>\n<meta name=\"author\" content=\"Mohamed Fethi\" \/>\n<meta name=\"twitter:card\" content=\"summary_large_image\" \/>\n<meta name=\"twitter:creator\" content=\"@webdo_tn\" \/>\n<meta name=\"twitter:site\" content=\"@webdo_tn\" \/>\n<meta name=\"twitter:label1\" content=\"\u00c9crit par\" \/>\n\t<meta name=\"twitter:data1\" content=\"Mohamed Fethi\" \/>\n\t<meta name=\"twitter:label2\" content=\"Dur\u00e9e de lecture estim\u00e9e\" \/>\n\t<meta name=\"twitter:data2\" content=\"2 minutes\" \/>\n<script type=\"application\/ld+json\" class=\"yoast-schema-graph\">{\"@context\":\"https:\\\/\\\/schema.org\",\"@graph\":[{\"@type\":\"NewsArticle\",\"@id\":\"https:\\\/\\\/www.webdo.tn\\\/fr\\\/actualite\\\/culture\\\/lislande-cinquieme-pays-a-boycotter-leurovision-2026-en-raison-de-la-participation-disrael\\\/389344\\\/#article\",\"isPartOf\":{\"@id\":\"https:\\\/\\\/www.webdo.tn\\\/fr\\\/actualite\\\/culture\\\/lislande-cinquieme-pays-a-boycotter-leurovision-2026-en-raison-de-la-participation-disrael\\\/389344\\\/\"},\"author\":{\"name\":\"Mohamed Fethi\",\"@id\":\"https:\\\/\\\/www.webdo.tn\\\/fr\\\/#\\\/schema\\\/person\\\/16a4857e77dfc0b610c4c2cadffc9ac4\"},\"headline\":\"L&rsquo;Islande, cinqui\u00e8me pays \u00e0 boycotter l&rsquo;Eurovision 2026 en raison de la participation d&rsquo;Isra\u00ebl\",\"datePublished\":\"2025-12-11T07:48:43+00:00\",\"dateModified\":\"2025-12-11T08:29:41+00:00\",\"mainEntityOfPage\":{\"@id\":\"https:\\\/\\\/www.webdo.tn\\\/fr\\\/actualite\\\/culture\\\/lislande-cinquieme-pays-a-boycotter-leurovision-2026-en-raison-de-la-participation-disrael\\\/389344\\\/\"},\"wordCount\":400,\"publisher\":{\"@id\":\"https:\\\/\\\/www.webdo.tn\\\/fr\\\/#organization\"},\"image\":{\"@id\":\"https:\\\/\\\/www.webdo.tn\\\/fr\\\/actualite\\\/culture\\\/lislande-cinquieme-pays-a-boycotter-leurovision-2026-en-raison-de-la-participation-disrael\\\/389344\\\/#primaryimage\"},\"thumbnailUrl\":\"https:\\\/\\\/www.webdo.tn\\\/fr\\\/wp-content\\\/uploads\\\/2025\\\/12\\\/Eurovision-1.jpg\",\"keywords\":[\"Boycott\",\"eurovision\",\"Gaza\",\"islande\",\"isra\u00ebl\"],\"articleSection\":[\"Culture\"],\"inLanguage\":\"fr-FR\"},{\"@type\":\"WebPage\",\"@id\":\"https:\\\/\\\/www.webdo.tn\\\/fr\\\/actualite\\\/culture\\\/lislande-cinquieme-pays-a-boycotter-leurovision-2026-en-raison-de-la-participation-disrael\\\/389344\\\/\",\"url\":\"https:\\\/\\\/www.webdo.tn\\\/fr\\\/actualite\\\/culture\\\/lislande-cinquieme-pays-a-boycotter-leurovision-2026-en-raison-de-la-participation-disrael\\\/389344\\\/\",\"name\":\"L'Islande, cinqui\u00e8me pays \u00e0 boycotter l'Eurovision 2026 en raison de la participation d'Isra\u00ebl - webdo\",\"isPartOf\":{\"@id\":\"https:\\\/\\\/www.webdo.tn\\\/fr\\\/#website\"},\"primaryImageOfPage\":{\"@id\":\"https:\\\/\\\/www.webdo.tn\\\/fr\\\/actualite\\\/culture\\\/lislande-cinquieme-pays-a-boycotter-leurovision-2026-en-raison-de-la-participation-disrael\\\/389344\\\/#primaryimage\"},\"image\":{\"@id\":\"https:\\\/\\\/www.webdo.tn\\\/fr\\\/actualite\\\/culture\\\/lislande-cinquieme-pays-a-boycotter-leurovision-2026-en-raison-de-la-participation-disrael\\\/389344\\\/#primaryimage\"},\"thumbnailUrl\":\"https:\\\/\\\/www.webdo.tn\\\/fr\\\/wp-content\\\/uploads\\\/2025\\\/12\\\/Eurovision-1.jpg\",\"datePublished\":\"2025-12-11T07:48:43+00:00\",\"dateModified\":\"2025-12-11T08:29:41+00:00\",\"description\":\"L'Islande, cinqui\u00e8me pays \u00e0 boycotter l'Eurovision 2026, s'oppose \u00e0 la participation d'Isra\u00ebl pour des raisons de valeurs publiques.\",\"breadcrumb\":{\"@id\":\"https:\\\/\\\/www.webdo.tn\\\/fr\\\/actualite\\\/culture\\\/lislande-cinquieme-pays-a-boycotter-leurovision-2026-en-raison-de-la-participation-disrael\\\/389344\\\/#breadcrumb\"},\"inLanguage\":\"fr-FR\",\"potentialAction\":[{\"@type\":\"ReadAction\",\"target\":[\"https:\\\/\\\/www.webdo.tn\\\/fr\\\/actualite\\\/culture\\\/lislande-cinquieme-pays-a-boycotter-leurovision-2026-en-raison-de-la-participation-disrael\\\/389344\\\/\"]}]},{\"@type\":\"ImageObject\",\"inLanguage\":\"fr-FR\",\"@id\":\"https:\\\/\\\/www.webdo.tn\\\/fr\\\/actualite\\\/culture\\\/lislande-cinquieme-pays-a-boycotter-leurovision-2026-en-raison-de-la-participation-disrael\\\/389344\\\/#primaryimage\",\"url\":\"https:\\\/\\\/www.webdo.tn\\\/fr\\\/wp-content\\\/uploads\\\/2025\\\/12\\\/Eurovision-1.jpg\",\"contentUrl\":\"https:\\\/\\\/www.webdo.tn\\\/fr\\\/wp-content\\\/uploads\\\/2025\\\/12\\\/Eurovision-1.jpg\",\"width\":1200,\"height\":601,\"caption\":\"L'Islande, cinqui\u00e8me pays \u00e0 boycotter l'Eurovision 2026 en raison de la participation d'Isra\u00ebl\"},{\"@type\":\"BreadcrumbList\",\"@id\":\"https:\\\/\\\/www.webdo.tn\\\/fr\\\/actualite\\\/culture\\\/lislande-cinquieme-pays-a-boycotter-leurovision-2026-en-raison-de-la-participation-disrael\\\/389344\\\/#breadcrumb\",\"itemListElement\":[{\"@type\":\"ListItem\",\"position\":1,\"name\":\"Accueil\",\"item\":\"https:\\\/\\\/www.webdo.tn\\\/fr\\\/\"},{\"@type\":\"ListItem\",\"position\":2,\"name\":\"L&rsquo;Islande, cinqui\u00e8me pays \u00e0 boycotter l&rsquo;Eurovision 2026 en raison de la participation d&rsquo;Isra\u00ebl\"}]},{\"@type\":\"WebSite\",\"@id\":\"https:\\\/\\\/www.webdo.tn\\\/fr\\\/#website\",\"url\":\"https:\\\/\\\/www.webdo.tn\\\/fr\\\/\",\"name\":\"webdo\",\"description\":\"Tunisie - News en Tunisie et \u00e0 l&#039;international sur Webdo.tn\",\"publisher\":{\"@id\":\"https:\\\/\\\/www.webdo.tn\\\/fr\\\/#organization\"},\"potentialAction\":[{\"@type\":\"SearchAction\",\"target\":{\"@type\":\"EntryPoint\",\"urlTemplate\":\"https:\\\/\\\/www.webdo.tn\\\/fr\\\/?s={search_term_string}\"},\"query-input\":{\"@type\":\"PropertyValueSpecification\",\"valueRequired\":true,\"valueName\":\"search_term_string\"}}],\"inLanguage\":\"fr-FR\"},{\"@type\":\"Organization\",\"@id\":\"https:\\\/\\\/www.webdo.tn\\\/fr\\\/#organization\",\"name\":\"Webdo\",\"alternateName\":\"Webdo.tn\",\"url\":\"https:\\\/\\\/www.webdo.tn\\\/fr\\\/\",\"logo\":{\"@type\":\"ImageObject\",\"inLanguage\":\"fr-FR\",\"@id\":\"https:\\\/\\\/www.webdo.tn\\\/fr\\\/#\\\/schema\\\/logo\\\/image\\\/\",\"url\":\"https:\\\/\\\/www.webdo.tn\\\/fr\\\/wp-content\\\/uploads\\\/2025\\\/06\\\/Webdo-Tunisie_168377.jpg\",\"contentUrl\":\"https:\\\/\\\/www.webdo.tn\\\/fr\\\/wp-content\\\/uploads\\\/2025\\\/06\\\/Webdo-Tunisie_168377.jpg\",\"width\":301,\"height\":301,\"caption\":\"Webdo\"},\"image\":{\"@id\":\"https:\\\/\\\/www.webdo.tn\\\/fr\\\/#\\\/schema\\\/logo\\\/image\\\/\"},\"sameAs\":[\"https:\\\/\\\/www.facebook.com\\\/webdotn\",\"https:\\\/\\\/x.com\\\/webdo_tn\"],\"description\":\"Webdo est un m\u00e9dia num\u00e9rique tunisien fond\u00e9 en 2010, sp\u00e9cialis\u00e9 dans l\u2019actualit\u00e9 nationale et internationale, l\u2019\u00e9conomie, la soci\u00e9t\u00e9 et les analyses politiques. Le site s\u2019adresse \u00e0 un large public francophone et couvre l\u2019information tunisienne en temps r\u00e9el.\",\"email\":\"redac@webdo.tn\",\"legalName\":\"YNJ SARL\",\"foundingDate\":\"2010-09-06\",\"numberOfEmployees\":{\"@type\":\"QuantitativeValue\",\"minValue\":\"11\",\"maxValue\":\"50\"}},{\"@type\":\"Person\",\"@id\":\"https:\\\/\\\/www.webdo.tn\\\/fr\\\/#\\\/schema\\\/person\\\/16a4857e77dfc0b610c4c2cadffc9ac4\",\"name\":\"Mohamed Fethi\",\"image\":{\"@type\":\"ImageObject\",\"inLanguage\":\"fr-FR\",\"@id\":\"https:\\\/\\\/www.webdo.tn\\\/fr\\\/wp-content\\\/uploads\\\/2026\\\/04\\\/mohamed-fethi_avatar_1-96x96.jpg\",\"url\":\"https:\\\/\\\/www.webdo.tn\\\/fr\\\/wp-content\\\/uploads\\\/2026\\\/04\\\/mohamed-fethi_avatar_1-96x96.jpg\",\"contentUrl\":\"https:\\\/\\\/www.webdo.tn\\\/fr\\\/wp-content\\\/uploads\\\/2026\\\/04\\\/mohamed-fethi_avatar_1-96x96.jpg\",\"caption\":\"Mohamed Fethi\"},\"description\":\"Signature \u00e9ditoriale de Maher Chaabane Mohamed Fethi est le pseudonyme \u00e9ditorial de Maher Chaabane, r\u00e9dacteur en chef de Webdo.tn depuis 2012. Cette signature est d\u00e9di\u00e9e au traitement intensif de l'actualit\u00e9 nationale et internationale en temps r\u00e9el. S'appuyant sur les deux d\u00e9cennies d'expertise journalistique de Maher Chaabane \u2014 d\u00e9but\u00e9e au sein du groupe Tunis Hebdo en 2000 \u2014 Mohamed Fethi assure une veille rigoureuse sur les enjeux politiques, \u00e9conomiques et sportifs. Sa mission est de garantir une information structur\u00e9e, fluide et fid\u00e8le aux standards de la r\u00e9daction. Pour consulter le parcours complet du r\u00e9dacteur en chef, visitez le profil officiel de Maher Chaabane.\",\"knowsAbout\":[\"actualit\u00e9\",\"journalisme\",\"information\",\"politique\",\"sport\",\"m\u00e9dias\",\"actualit\u00e9 internationale\"],\"knowsLanguage\":[\"Fran\u00e7ais\",\"Arabe\"],\"jobTitle\":\"Journaliste \u2013 R\u00e9daction Webdo\",\"worksFor\":\"Webdo.tn\",\"url\":\"https:\\\/\\\/www.webdo.tn\\\/fr\\\/actualite\\\/author\\\/mohamed-fethi\\\/\"}]}<\/script>\n<!-- \/ Yoast SEO Premium plugin. -->","yoast_head_json":{"title":"L'Islande, cinqui\u00e8me pays \u00e0 boycotter l'Eurovision 2026 en raison de la participation d'Isra\u00ebl - webdo","description":"L'Islande, cinqui\u00e8me pays \u00e0 boycotter l'Eurovision 2026, s'oppose \u00e0 la participation d'Isra\u00ebl pour des raisons de valeurs publiques.","canonical":"https:\/\/www.webdo.tn\/fr\/actualite\/culture\/lislande-cinquieme-pays-a-boycotter-leurovision-2026-en-raison-de-la-participation-disrael\/389344\/","og_locale":"fr_FR","og_type":"article","og_title":"L'Islande, cinqui\u00e8me pays \u00e0 boycotter l'Eurovision 2026 en raison de la participation d'Isra\u00ebl","og_description":"L'Islande, cinqui\u00e8me pays \u00e0 boycotter l'Eurovision 2026, s'oppose \u00e0 la participation d'Isra\u00ebl pour des raisons de valeurs publiques.","og_url":"https:\/\/www.webdo.tn\/fr\/actualite\/culture\/lislande-cinquieme-pays-a-boycotter-leurovision-2026-en-raison-de-la-participation-disrael\/389344\/","og_site_name":"webdo","article_publisher":"https:\/\/www.facebook.com\/webdotn","article_published_time":"2025-12-11T07:48:43+00:00","article_modified_time":"2025-12-11T08:29:41+00:00","og_image":[{"width":1200,"height":601,"url":"https:\/\/www.webdo.tn\/fr\/wp-content\/uploads\/2025\/12\/Eurovision-1.jpg","type":"image\/jpeg"}],"author":"Mohamed Fethi","twitter_card":"summary_large_image","twitter_creator":"@webdo_tn","twitter_site":"@webdo_tn","twitter_misc":{"\u00c9crit par":"Mohamed Fethi","Dur\u00e9e de lecture estim\u00e9e":"2 minutes"},"schema":{"@context":"https:\/\/schema.org","@graph":[{"@type":"NewsArticle","@id":"https:\/\/www.webdo.tn\/fr\/actualite\/culture\/lislande-cinquieme-pays-a-boycotter-leurovision-2026-en-raison-de-la-participation-disrael\/389344\/#article","isPartOf":{"@id":"https:\/\/www.webdo.tn\/fr\/actualite\/culture\/lislande-cinquieme-pays-a-boycotter-leurovision-2026-en-raison-de-la-participation-disrael\/389344\/"},"author":{"name":"Mohamed Fethi","@id":"https:\/\/www.webdo.tn\/fr\/#\/schema\/person\/16a4857e77dfc0b610c4c2cadffc9ac4"},"headline":"L&rsquo;Islande, cinqui\u00e8me pays \u00e0 boycotter l&rsquo;Eurovision 2026 en raison de la participation d&rsquo;Isra\u00ebl","datePublished":"2025-12-11T07:48:43+00:00","dateModified":"2025-12-11T08:29:41+00:00","mainEntityOfPage":{"@id":"https:\/\/www.webdo.tn\/fr\/actualite\/culture\/lislande-cinquieme-pays-a-boycotter-leurovision-2026-en-raison-de-la-participation-disrael\/389344\/"},"wordCount":400,"publisher":{"@id":"https:\/\/www.webdo.tn\/fr\/#organization"},"image":{"@id":"https:\/\/www.webdo.tn\/fr\/actualite\/culture\/lislande-cinquieme-pays-a-boycotter-leurovision-2026-en-raison-de-la-participation-disrael\/389344\/#primaryimage"},"thumbnailUrl":"https:\/\/www.webdo.tn\/fr\/wp-content\/uploads\/2025\/12\/Eurovision-1.jpg","keywords":["Boycott","eurovision","Gaza","islande","isra\u00ebl"],"articleSection":["Culture"],"inLanguage":"fr-FR"},{"@type":"WebPage","@id":"https:\/\/www.webdo.tn\/fr\/actualite\/culture\/lislande-cinquieme-pays-a-boycotter-leurovision-2026-en-raison-de-la-participation-disrael\/389344\/","url":"https:\/\/www.webdo.tn\/fr\/actualite\/culture\/lislande-cinquieme-pays-a-boycotter-leurovision-2026-en-raison-de-la-participation-disrael\/389344\/","name":"L'Islande, cinqui\u00e8me pays \u00e0 boycotter l'Eurovision 2026 en raison de la participation d'Isra\u00ebl - webdo","isPartOf":{"@id":"https:\/\/www.webdo.tn\/fr\/#website"},"primaryImageOfPage":{"@id":"https:\/\/www.webdo.tn\/fr\/actualite\/culture\/lislande-cinquieme-pays-a-boycotter-leurovision-2026-en-raison-de-la-participation-disrael\/389344\/#primaryimage"},"image":{"@id":"https:\/\/www.webdo.tn\/fr\/actualite\/culture\/lislande-cinquieme-pays-a-boycotter-leurovision-2026-en-raison-de-la-participation-disrael\/389344\/#primaryimage"},"thumbnailUrl":"https:\/\/www.webdo.tn\/fr\/wp-content\/uploads\/2025\/12\/Eurovision-1.jpg","datePublished":"2025-12-11T07:48:43+00:00","dateModified":"2025-12-11T08:29:41+00:00","description":"L'Islande, cinqui\u00e8me pays \u00e0 boycotter l'Eurovision 2026, s'oppose \u00e0 la participation d'Isra\u00ebl pour des raisons de valeurs publiques.","breadcrumb":{"@id":"https:\/\/www.webdo.tn\/fr\/actualite\/culture\/lislande-cinquieme-pays-a-boycotter-leurovision-2026-en-raison-de-la-participation-disrael\/389344\/#breadcrumb"},"inLanguage":"fr-FR","potentialAction":[{"@type":"ReadAction","target":["https:\/\/www.webdo.tn\/fr\/actualite\/culture\/lislande-cinquieme-pays-a-boycotter-leurovision-2026-en-raison-de-la-participation-disrael\/389344\/"]}]},{"@type":"ImageObject","inLanguage":"fr-FR","@id":"https:\/\/www.webdo.tn\/fr\/actualite\/culture\/lislande-cinquieme-pays-a-boycotter-leurovision-2026-en-raison-de-la-participation-disrael\/389344\/#primaryimage","url":"https:\/\/www.webdo.tn\/fr\/wp-content\/uploads\/2025\/12\/Eurovision-1.jpg","contentUrl":"https:\/\/www.webdo.tn\/fr\/wp-content\/uploads\/2025\/12\/Eurovision-1.jpg","width":1200,"height":601,"caption":"L'Islande, cinqui\u00e8me pays \u00e0 boycotter l'Eurovision 2026 en raison de la participation d'Isra\u00ebl"},{"@type":"BreadcrumbList","@id":"https:\/\/www.webdo.tn\/fr\/actualite\/culture\/lislande-cinquieme-pays-a-boycotter-leurovision-2026-en-raison-de-la-participation-disrael\/389344\/#breadcrumb","itemListElement":[{"@type":"ListItem","position":1,"name":"Accueil","item":"https:\/\/www.webdo.tn\/fr\/"},{"@type":"ListItem","position":2,"name":"L&rsquo;Islande, cinqui\u00e8me pays \u00e0 boycotter l&rsquo;Eurovision 2026 en raison de la participation d&rsquo;Isra\u00ebl"}]},{"@type":"WebSite","@id":"https:\/\/www.webdo.tn\/fr\/#website","url":"https:\/\/www.webdo.tn\/fr\/","name":"webdo","description":"Tunisie - News en Tunisie et \u00e0 l&#039;international sur Webdo.tn","publisher":{"@id":"https:\/\/www.webdo.tn\/fr\/#organization"},"potentialAction":[{"@type":"SearchAction","target":{"@type":"EntryPoint","urlTemplate":"https:\/\/www.webdo.tn\/fr\/?s={search_term_string}"},"query-input":{"@type":"PropertyValueSpecification","valueRequired":true,"valueName":"search_term_string"}}],"inLanguage":"fr-FR"},{"@type":"Organization","@id":"https:\/\/www.webdo.tn\/fr\/#organization","name":"Webdo","alternateName":"Webdo.tn","url":"https:\/\/www.webdo.tn\/fr\/","logo":{"@type":"ImageObject","inLanguage":"fr-FR","@id":"https:\/\/www.webdo.tn\/fr\/#\/schema\/logo\/image\/","url":"https:\/\/www.webdo.tn\/fr\/wp-content\/uploads\/2025\/06\/Webdo-Tunisie_168377.jpg","contentUrl":"https:\/\/www.webdo.tn\/fr\/wp-content\/uploads\/2025\/06\/Webdo-Tunisie_168377.jpg","width":301,"height":301,"caption":"Webdo"},"image":{"@id":"https:\/\/www.webdo.tn\/fr\/#\/schema\/logo\/image\/"},"sameAs":["https:\/\/www.facebook.com\/webdotn","https:\/\/x.com\/webdo_tn"],"description":"Webdo est un m\u00e9dia num\u00e9rique tunisien fond\u00e9 en 2010, sp\u00e9cialis\u00e9 dans l\u2019actualit\u00e9 nationale et internationale, l\u2019\u00e9conomie, la soci\u00e9t\u00e9 et les analyses politiques. Le site s\u2019adresse \u00e0 un large public francophone et couvre l\u2019information tunisienne en temps r\u00e9el.","email":"redac@webdo.tn","legalName":"YNJ SARL","foundingDate":"2010-09-06","numberOfEmployees":{"@type":"QuantitativeValue","minValue":"11","maxValue":"50"}},{"@type":"Person","@id":"https:\/\/www.webdo.tn\/fr\/#\/schema\/person\/16a4857e77dfc0b610c4c2cadffc9ac4","name":"Mohamed Fethi","image":{"@type":"ImageObject","inLanguage":"fr-FR","@id":"https:\/\/www.webdo.tn\/fr\/wp-content\/uploads\/2026\/04\/mohamed-fethi_avatar_1-96x96.jpg","url":"https:\/\/www.webdo.tn\/fr\/wp-content\/uploads\/2026\/04\/mohamed-fethi_avatar_1-96x96.jpg","contentUrl":"https:\/\/www.webdo.tn\/fr\/wp-content\/uploads\/2026\/04\/mohamed-fethi_avatar_1-96x96.jpg","caption":"Mohamed Fethi"},"description":"Signature \u00e9ditoriale de Maher Chaabane Mohamed Fethi est le pseudonyme \u00e9ditorial de Maher Chaabane, r\u00e9dacteur en chef de Webdo.tn depuis 2012. Cette signature est d\u00e9di\u00e9e au traitement intensif de l'actualit\u00e9 nationale et internationale en temps r\u00e9el. S'appuyant sur les deux d\u00e9cennies d'expertise journalistique de Maher Chaabane \u2014 d\u00e9but\u00e9e au sein du groupe Tunis Hebdo en 2000 \u2014 Mohamed Fethi assure une veille rigoureuse sur les enjeux politiques, \u00e9conomiques et sportifs. Sa mission est de garantir une information structur\u00e9e, fluide et fid\u00e8le aux standards de la r\u00e9daction. Pour consulter le parcours complet du r\u00e9dacteur en chef, visitez le profil officiel de Maher Chaabane.","knowsAbout":["actualit\u00e9","journalisme","information","politique","sport","m\u00e9dias","actualit\u00e9 internationale"],"knowsLanguage":["Fran\u00e7ais","Arabe"],"jobTitle":"Journaliste \u2013 R\u00e9daction Webdo","worksFor":"Webdo.tn","url":"https:\/\/www.webdo.tn\/fr\/actualite\/author\/mohamed-fethi\/"}]}},"_links":{"self":[{"href":"https:\/\/www.webdo.tn\/fr\/wp-json\/wp\/v2\/posts\/389344","targetHints":{"allow":["GET"]}}],"collection":[{"href":"https:\/\/www.webdo.tn\/fr\/wp-json\/wp\/v2\/posts"}],"about":[{"href":"https:\/\/www.webdo.tn\/fr\/wp-json\/wp\/v2\/types\/post"}],"author":[{"embeddable":true,"href":"https:\/\/www.webdo.tn\/fr\/wp-json\/wp\/v2\/users\/4782"}],"replies":[{"embeddable":true,"href":"https:\/\/www.webdo.tn\/fr\/wp-json\/wp\/v2\/comments?post=389344"}],"version-history":[{"count":0,"href":"https:\/\/www.webdo.tn\/fr\/wp-json\/wp\/v2\/posts\/389344\/revisions"}],"wp:featuredmedia":[{"embeddable":true,"href":"https:\/\/www.webdo.tn\/fr\/wp-json\/wp\/v2\/media\/389345"}],"wp:attachment":[{"href":"https:\/\/www.webdo.tn\/fr\/wp-json\/wp\/v2\/media?parent=389344"}],"wp:term":[{"taxonomy":"category","embeddable":true,"href":"https:\/\/www.webdo.tn\/fr\/wp-json\/wp\/v2\/categories?post=389344"},{"taxonomy":"post_tag","embeddable":true,"href":"https:\/\/www.webdo.tn\/fr\/wp-json\/wp\/v2\/tags?post=389344"}],"curies":[{"name":"wp","href":"https:\/\/api.w.org\/{rel}","templated":true}]}}