{"id":389328,"date":"2025-12-10T20:29:34","date_gmt":"2025-12-10T19:29:34","guid":{"rendered":"https:\/\/www.webdo.tn\/fr\/?p=389328"},"modified":"2025-12-10T20:29:36","modified_gmt":"2025-12-10T19:29:36","slug":"etoile-du-sahel-mohamed-mkacher-reprend-les-commandes","status":"publish","type":"post","link":"https:\/\/www.webdo.tn\/fr\/actualite\/sport\/etoile-du-sahel-mohamed-mkacher-reprend-les-commandes\/389328\/","title":{"rendered":"Etoile du Sahel : Mohamed Mkacher reprend les commandes"},"content":{"rendered":"\n<p>L\u2019Etoile sportive du Sahel a officialis\u00e9, mercredi, la nomination de Mohamed Mkacher \u00e0 la t\u00eate de son \u00e9quipe premi\u00e8re de football. L\u2019entra\u00eeneur s\u2019est engag\u00e9 avec le club jusqu\u2019en juin 2027, apr\u00e8s la finalisation de proc\u00e9dures juridiques li\u00e9es \u00e0 la r\u00e9siliation de son contrat avec Al-Hilal Benghazi, qu\u2019il avait rejoint en septembre dernier.<\/p>\n\n\n\n<p>Selon le club, l\u2019accord a \u00e9t\u00e9 conclu une fois les formalit\u00e9s r\u00e9gl\u00e9es avec son pr\u00e9c\u00e9dent employeur en Libye. Mkacher retrouve ainsi l\u2019\u00e9quipe avec laquelle il avait sign\u00e9 une saison convaincante avant son d\u00e9part, un passage qui continue de faire consensus parmi les supporters et observateurs.<\/p>\n\n\n\n<h2 class=\"wp-block-heading\" id=\"h-stage-a-huis-clos-pour-preparer-les-prochaines-echeances\">Stage \u00e0 huis clos pour pr\u00e9parer les prochaines \u00e9ch\u00e9ances<\/h2>\n\n\n\n<p>D\u00e8s ce mercredi, l\u2019Etoile a entam\u00e9 un stage bloqu\u00e9 de dix jours \u00e0 A\u00efn Draham, en pr\u00e9vision de la phase retour du championnat. Cette pr\u00e9paration devrait permettre au nouvel entra\u00eeneur d\u2019installer ses choix tactiques et de restructurer le groupe avant les comp\u00e9titions \u00e0 venir.<\/p>\n\n\n\n<h2 class=\"wp-block-heading\" id=\"h-une-equipe-en-quete-de-relance\">Une \u00e9quipe en qu\u00eate de relance<\/h2>\n\n\n\n<p>La formation \u00e9toil\u00e9e a boucl\u00e9 la premi\u00e8re phase du championnat \u00e0 la 8\u1d49 place avec 19 points (5 victoires, 4 nuls et 6 d\u00e9faites). L\u2019arriv\u00e9e de Mkacher intervient dans un contexte o\u00f9 la direction esp\u00e8re relancer la dynamique sportive et revenir rapidement dans la course aux premi\u00e8res places.<\/p>\n\n\n\n<p><\/p>\n\n\n\n<blockquote class=\"wp-block-quote is-layout-flow wp-block-quote-is-layout-flow\">\n<p><strong>Lire aussi<\/strong><\/p>\n\n\n\n<ul class=\"wp-block-list\">\n<li><a href=\"https:\/\/www.webdo.tn\/fr\/actualite\/sport\/ligue-1-15e-journee-le-ca-et-le-st-mettent-la-pression-sur-lest\/388150\/\">Ligue 1 \u2013 15e journ\u00e9e : Le CA et le ST mettent la pression sur l\u2019EST<\/a><\/li>\n\n\n\n<li><a href=\"https:\/\/www.webdo.tn\/fr\/actualite\/sport\/tunisie-telecom-et-les-sahel-relancent-letoile-mobile-et-scellent-un-partenariat-strategique\/379077\/\">Tunisie Telecom et l\u2019ES Sahel relancent \u00ab\u00a0L\u2019\u00c9toile Mobile\u00a0\u00bb et scellent un partenariat strat\u00e9gique<\/a><\/li>\n<\/ul>\n<\/blockquote>\n","protected":false},"excerpt":{"rendered":"<p>L\u2019Etoile sportive du Sahel a officialis\u00e9, mercredi, la nomination de Mohamed Mkacher \u00e0 la t\u00eate de son \u00e9quipe premi\u00e8re de football. L\u2019entra\u00eeneur s\u2019est engag\u00e9 avec le club jusqu\u2019en juin 2027, apr\u00e8s la finalisation de proc\u00e9dures juridiques li\u00e9es \u00e0 la r\u00e9siliation de son contrat avec Al-Hilal Benghazi, qu\u2019il avait rejoint en septembre dernier. Selon le club, [&hellip;]<\/p>\n","protected":false},"author":4782,"featured_media":389329,"comment_status":"closed","ping_status":"closed","sticky":false,"template":"","format":"standard","meta":{"footnotes":""},"categories":[2593],"tags":[4497,2777,11381,2608],"class_list":["post-389328","post","type-post","status-publish","format-standard","has-post-thumbnail","hentry","category-sport","tag-etoile-sportive-du-sahel","tag-ligue-1","tag-mohamed-mkacher","tag-tunisie"],"yoast_head":"<!-- This site is optimized with the Yoast SEO Premium plugin v27.4 (Yoast SEO v27.4) - https:\/\/yoast.com\/product\/yoast-seo-premium-wordpress\/ -->\n<title>Etoile du Sahel : Mohamed Mkacher reprend les commandes - webdo<\/title>\n<meta name=\"description\" content=\"L&#039;Etoile du Sahel nomme Mohamed Mkacher comme entra\u00eeneur principal jusqu&#039;en juin 2027. D\u00e9couvrez les d\u00e9tails de cette d\u00e9cision.\" \/>\n<link rel=\"canonical\" href=\"https:\/\/www.webdo.tn\/fr\/actualite\/sport\/etoile-du-sahel-mohamed-mkacher-reprend-les-commandes\/389328\/\" \/>\n<meta property=\"og:locale\" content=\"fr_FR\" \/>\n<meta property=\"og:type\" content=\"article\" \/>\n<meta property=\"og:title\" content=\"Etoile du Sahel : Mohamed Mkacher reprend les commandes\" \/>\n<meta property=\"og:description\" content=\"L&#039;Etoile du Sahel nomme Mohamed Mkacher comme entra\u00eeneur principal jusqu&#039;en juin 2027. D\u00e9couvrez les d\u00e9tails de cette d\u00e9cision.\" \/>\n<meta property=\"og:url\" content=\"https:\/\/www.webdo.tn\/fr\/actualite\/sport\/etoile-du-sahel-mohamed-mkacher-reprend-les-commandes\/389328\/\" \/>\n<meta property=\"og:site_name\" content=\"webdo\" \/>\n<meta property=\"article:publisher\" content=\"https:\/\/www.facebook.com\/webdotn\" \/>\n<meta property=\"article:published_time\" content=\"2025-12-10T19:29:34+00:00\" \/>\n<meta property=\"article:modified_time\" content=\"2025-12-10T19:29:36+00:00\" \/>\n<meta property=\"og:image\" content=\"https:\/\/www.webdo.tn\/fr\/wp-content\/uploads\/2025\/12\/Mohamed-Mkacher-770x470-1.jpg\" \/>\n\t<meta property=\"og:image:width\" content=\"1200\" \/>\n\t<meta property=\"og:image:height\" content=\"588\" \/>\n\t<meta property=\"og:image:type\" content=\"image\/jpeg\" \/>\n<meta name=\"author\" content=\"Mohamed Fethi\" \/>\n<meta name=\"twitter:card\" content=\"summary_large_image\" \/>\n<meta name=\"twitter:creator\" content=\"@webdo_tn\" \/>\n<meta name=\"twitter:site\" content=\"@webdo_tn\" \/>\n<meta name=\"twitter:label1\" content=\"\u00c9crit par\" \/>\n\t<meta name=\"twitter:data1\" content=\"Mohamed Fethi\" \/>\n\t<meta name=\"twitter:label2\" content=\"Dur\u00e9e de lecture estim\u00e9e\" \/>\n\t<meta name=\"twitter:data2\" content=\"2 minutes\" \/>\n<script type=\"application\/ld+json\" class=\"yoast-schema-graph\">{\"@context\":\"https:\\\/\\\/schema.org\",\"@graph\":[{\"@type\":\"NewsArticle\",\"@id\":\"https:\\\/\\\/www.webdo.tn\\\/fr\\\/actualite\\\/sport\\\/etoile-du-sahel-mohamed-mkacher-reprend-les-commandes\\\/389328\\\/#article\",\"isPartOf\":{\"@id\":\"https:\\\/\\\/www.webdo.tn\\\/fr\\\/actualite\\\/sport\\\/etoile-du-sahel-mohamed-mkacher-reprend-les-commandes\\\/389328\\\/\"},\"author\":{\"name\":\"Mohamed Fethi\",\"@id\":\"https:\\\/\\\/www.webdo.tn\\\/fr\\\/#\\\/schema\\\/person\\\/16a4857e77dfc0b610c4c2cadffc9ac4\"},\"headline\":\"Etoile du Sahel : Mohamed Mkacher reprend les commandes\",\"datePublished\":\"2025-12-10T19:29:34+00:00\",\"dateModified\":\"2025-12-10T19:29:36+00:00\",\"mainEntityOfPage\":{\"@id\":\"https:\\\/\\\/www.webdo.tn\\\/fr\\\/actualite\\\/sport\\\/etoile-du-sahel-mohamed-mkacher-reprend-les-commandes\\\/389328\\\/\"},\"wordCount\":271,\"publisher\":{\"@id\":\"https:\\\/\\\/www.webdo.tn\\\/fr\\\/#organization\"},\"image\":{\"@id\":\"https:\\\/\\\/www.webdo.tn\\\/fr\\\/actualite\\\/sport\\\/etoile-du-sahel-mohamed-mkacher-reprend-les-commandes\\\/389328\\\/#primaryimage\"},\"thumbnailUrl\":\"https:\\\/\\\/www.webdo.tn\\\/fr\\\/wp-content\\\/uploads\\\/2025\\\/12\\\/Mohamed-Mkacher-770x470-1.jpg\",\"keywords\":[\"Etoile Sportive du Sahel\",\"Ligue 1\",\"mohamed mkacher\",\"Tunisie\"],\"articleSection\":[\"Sport\"],\"inLanguage\":\"fr-FR\"},{\"@type\":\"WebPage\",\"@id\":\"https:\\\/\\\/www.webdo.tn\\\/fr\\\/actualite\\\/sport\\\/etoile-du-sahel-mohamed-mkacher-reprend-les-commandes\\\/389328\\\/\",\"url\":\"https:\\\/\\\/www.webdo.tn\\\/fr\\\/actualite\\\/sport\\\/etoile-du-sahel-mohamed-mkacher-reprend-les-commandes\\\/389328\\\/\",\"name\":\"Etoile du Sahel : Mohamed Mkacher reprend les commandes - webdo\",\"isPartOf\":{\"@id\":\"https:\\\/\\\/www.webdo.tn\\\/fr\\\/#website\"},\"primaryImageOfPage\":{\"@id\":\"https:\\\/\\\/www.webdo.tn\\\/fr\\\/actualite\\\/sport\\\/etoile-du-sahel-mohamed-mkacher-reprend-les-commandes\\\/389328\\\/#primaryimage\"},\"image\":{\"@id\":\"https:\\\/\\\/www.webdo.tn\\\/fr\\\/actualite\\\/sport\\\/etoile-du-sahel-mohamed-mkacher-reprend-les-commandes\\\/389328\\\/#primaryimage\"},\"thumbnailUrl\":\"https:\\\/\\\/www.webdo.tn\\\/fr\\\/wp-content\\\/uploads\\\/2025\\\/12\\\/Mohamed-Mkacher-770x470-1.jpg\",\"datePublished\":\"2025-12-10T19:29:34+00:00\",\"dateModified\":\"2025-12-10T19:29:36+00:00\",\"description\":\"L'Etoile du Sahel nomme Mohamed Mkacher comme entra\u00eeneur principal jusqu'en juin 2027. D\u00e9couvrez les d\u00e9tails de cette d\u00e9cision.\",\"breadcrumb\":{\"@id\":\"https:\\\/\\\/www.webdo.tn\\\/fr\\\/actualite\\\/sport\\\/etoile-du-sahel-mohamed-mkacher-reprend-les-commandes\\\/389328\\\/#breadcrumb\"},\"inLanguage\":\"fr-FR\",\"potentialAction\":[{\"@type\":\"ReadAction\",\"target\":[\"https:\\\/\\\/www.webdo.tn\\\/fr\\\/actualite\\\/sport\\\/etoile-du-sahel-mohamed-mkacher-reprend-les-commandes\\\/389328\\\/\"]}]},{\"@type\":\"ImageObject\",\"inLanguage\":\"fr-FR\",\"@id\":\"https:\\\/\\\/www.webdo.tn\\\/fr\\\/actualite\\\/sport\\\/etoile-du-sahel-mohamed-mkacher-reprend-les-commandes\\\/389328\\\/#primaryimage\",\"url\":\"https:\\\/\\\/www.webdo.tn\\\/fr\\\/wp-content\\\/uploads\\\/2025\\\/12\\\/Mohamed-Mkacher-770x470-1.jpg\",\"contentUrl\":\"https:\\\/\\\/www.webdo.tn\\\/fr\\\/wp-content\\\/uploads\\\/2025\\\/12\\\/Mohamed-Mkacher-770x470-1.jpg\",\"width\":1200,\"height\":588,\"caption\":\"Etoile du Sahel : Mohamed Mkacher reprend les commandes\"},{\"@type\":\"BreadcrumbList\",\"@id\":\"https:\\\/\\\/www.webdo.tn\\\/fr\\\/actualite\\\/sport\\\/etoile-du-sahel-mohamed-mkacher-reprend-les-commandes\\\/389328\\\/#breadcrumb\",\"itemListElement\":[{\"@type\":\"ListItem\",\"position\":1,\"name\":\"Accueil\",\"item\":\"https:\\\/\\\/www.webdo.tn\\\/fr\\\/\"},{\"@type\":\"ListItem\",\"position\":2,\"name\":\"Etoile du Sahel : Mohamed Mkacher reprend les commandes\"}]},{\"@type\":\"WebSite\",\"@id\":\"https:\\\/\\\/www.webdo.tn\\\/fr\\\/#website\",\"url\":\"https:\\\/\\\/www.webdo.tn\\\/fr\\\/\",\"name\":\"webdo\",\"description\":\"Tunisie - News en Tunisie et \u00e0 l&#039;international sur Webdo.tn\",\"publisher\":{\"@id\":\"https:\\\/\\\/www.webdo.tn\\\/fr\\\/#organization\"},\"potentialAction\":[{\"@type\":\"SearchAction\",\"target\":{\"@type\":\"EntryPoint\",\"urlTemplate\":\"https:\\\/\\\/www.webdo.tn\\\/fr\\\/?s={search_term_string}\"},\"query-input\":{\"@type\":\"PropertyValueSpecification\",\"valueRequired\":true,\"valueName\":\"search_term_string\"}}],\"inLanguage\":\"fr-FR\"},{\"@type\":\"Organization\",\"@id\":\"https:\\\/\\\/www.webdo.tn\\\/fr\\\/#organization\",\"name\":\"Webdo\",\"alternateName\":\"Webdo.tn\",\"url\":\"https:\\\/\\\/www.webdo.tn\\\/fr\\\/\",\"logo\":{\"@type\":\"ImageObject\",\"inLanguage\":\"fr-FR\",\"@id\":\"https:\\\/\\\/www.webdo.tn\\\/fr\\\/#\\\/schema\\\/logo\\\/image\\\/\",\"url\":\"https:\\\/\\\/www.webdo.tn\\\/fr\\\/wp-content\\\/uploads\\\/2025\\\/06\\\/Webdo-Tunisie_168377.jpg\",\"contentUrl\":\"https:\\\/\\\/www.webdo.tn\\\/fr\\\/wp-content\\\/uploads\\\/2025\\\/06\\\/Webdo-Tunisie_168377.jpg\",\"width\":301,\"height\":301,\"caption\":\"Webdo\"},\"image\":{\"@id\":\"https:\\\/\\\/www.webdo.tn\\\/fr\\\/#\\\/schema\\\/logo\\\/image\\\/\"},\"sameAs\":[\"https:\\\/\\\/www.facebook.com\\\/webdotn\",\"https:\\\/\\\/x.com\\\/webdo_tn\"],\"description\":\"Webdo est un m\u00e9dia num\u00e9rique tunisien fond\u00e9 en 2010, sp\u00e9cialis\u00e9 dans l\u2019actualit\u00e9 nationale et internationale, l\u2019\u00e9conomie, la soci\u00e9t\u00e9 et les analyses politiques. Le site s\u2019adresse \u00e0 un large public francophone et couvre l\u2019information tunisienne en temps r\u00e9el.\",\"email\":\"redac@webdo.tn\",\"legalName\":\"YNJ SARL\",\"foundingDate\":\"2010-09-06\",\"numberOfEmployees\":{\"@type\":\"QuantitativeValue\",\"minValue\":\"11\",\"maxValue\":\"50\"}},{\"@type\":\"Person\",\"@id\":\"https:\\\/\\\/www.webdo.tn\\\/fr\\\/#\\\/schema\\\/person\\\/16a4857e77dfc0b610c4c2cadffc9ac4\",\"name\":\"Mohamed Fethi\",\"image\":{\"@type\":\"ImageObject\",\"inLanguage\":\"fr-FR\",\"@id\":\"https:\\\/\\\/www.webdo.tn\\\/fr\\\/wp-content\\\/uploads\\\/2026\\\/04\\\/mohamed-fethi_avatar_1-96x96.jpg\",\"url\":\"https:\\\/\\\/www.webdo.tn\\\/fr\\\/wp-content\\\/uploads\\\/2026\\\/04\\\/mohamed-fethi_avatar_1-96x96.jpg\",\"contentUrl\":\"https:\\\/\\\/www.webdo.tn\\\/fr\\\/wp-content\\\/uploads\\\/2026\\\/04\\\/mohamed-fethi_avatar_1-96x96.jpg\",\"caption\":\"Mohamed Fethi\"},\"description\":\"Signature \u00e9ditoriale de Maher Chaabane Mohamed Fethi est le pseudonyme \u00e9ditorial de Maher Chaabane, r\u00e9dacteur en chef de Webdo.tn depuis 2012. Cette signature est d\u00e9di\u00e9e au traitement intensif de l'actualit\u00e9 nationale et internationale en temps r\u00e9el. S'appuyant sur les deux d\u00e9cennies d'expertise journalistique de Maher Chaabane \u2014 d\u00e9but\u00e9e au sein du groupe Tunis Hebdo en 2000 \u2014 Mohamed Fethi assure une veille rigoureuse sur les enjeux politiques, \u00e9conomiques et sportifs. Sa mission est de garantir une information structur\u00e9e, fluide et fid\u00e8le aux standards de la r\u00e9daction. Pour consulter le parcours complet du r\u00e9dacteur en chef, visitez le profil officiel de Maher Chaabane.\",\"knowsAbout\":[\"actualit\u00e9\",\"journalisme\",\"information\",\"politique\",\"sport\",\"m\u00e9dias\",\"actualit\u00e9 internationale\"],\"knowsLanguage\":[\"Fran\u00e7ais\",\"Arabe\"],\"jobTitle\":\"Journaliste \u2013 R\u00e9daction Webdo\",\"worksFor\":\"Webdo.tn\",\"url\":\"https:\\\/\\\/www.webdo.tn\\\/fr\\\/actualite\\\/author\\\/mohamed-fethi\\\/\"}]}<\/script>\n<!-- \/ Yoast SEO Premium plugin. -->","yoast_head_json":{"title":"Etoile du Sahel : Mohamed Mkacher reprend les commandes - webdo","description":"L'Etoile du Sahel nomme Mohamed Mkacher comme entra\u00eeneur principal jusqu'en juin 2027. D\u00e9couvrez les d\u00e9tails de cette d\u00e9cision.","canonical":"https:\/\/www.webdo.tn\/fr\/actualite\/sport\/etoile-du-sahel-mohamed-mkacher-reprend-les-commandes\/389328\/","og_locale":"fr_FR","og_type":"article","og_title":"Etoile du Sahel : Mohamed Mkacher reprend les commandes","og_description":"L'Etoile du Sahel nomme Mohamed Mkacher comme entra\u00eeneur principal jusqu'en juin 2027. D\u00e9couvrez les d\u00e9tails de cette d\u00e9cision.","og_url":"https:\/\/www.webdo.tn\/fr\/actualite\/sport\/etoile-du-sahel-mohamed-mkacher-reprend-les-commandes\/389328\/","og_site_name":"webdo","article_publisher":"https:\/\/www.facebook.com\/webdotn","article_published_time":"2025-12-10T19:29:34+00:00","article_modified_time":"2025-12-10T19:29:36+00:00","og_image":[{"width":1200,"height":588,"url":"https:\/\/www.webdo.tn\/fr\/wp-content\/uploads\/2025\/12\/Mohamed-Mkacher-770x470-1.jpg","type":"image\/jpeg"}],"author":"Mohamed Fethi","twitter_card":"summary_large_image","twitter_creator":"@webdo_tn","twitter_site":"@webdo_tn","twitter_misc":{"\u00c9crit par":"Mohamed Fethi","Dur\u00e9e de lecture estim\u00e9e":"2 minutes"},"schema":{"@context":"https:\/\/schema.org","@graph":[{"@type":"NewsArticle","@id":"https:\/\/www.webdo.tn\/fr\/actualite\/sport\/etoile-du-sahel-mohamed-mkacher-reprend-les-commandes\/389328\/#article","isPartOf":{"@id":"https:\/\/www.webdo.tn\/fr\/actualite\/sport\/etoile-du-sahel-mohamed-mkacher-reprend-les-commandes\/389328\/"},"author":{"name":"Mohamed Fethi","@id":"https:\/\/www.webdo.tn\/fr\/#\/schema\/person\/16a4857e77dfc0b610c4c2cadffc9ac4"},"headline":"Etoile du Sahel : Mohamed Mkacher reprend les commandes","datePublished":"2025-12-10T19:29:34+00:00","dateModified":"2025-12-10T19:29:36+00:00","mainEntityOfPage":{"@id":"https:\/\/www.webdo.tn\/fr\/actualite\/sport\/etoile-du-sahel-mohamed-mkacher-reprend-les-commandes\/389328\/"},"wordCount":271,"publisher":{"@id":"https:\/\/www.webdo.tn\/fr\/#organization"},"image":{"@id":"https:\/\/www.webdo.tn\/fr\/actualite\/sport\/etoile-du-sahel-mohamed-mkacher-reprend-les-commandes\/389328\/#primaryimage"},"thumbnailUrl":"https:\/\/www.webdo.tn\/fr\/wp-content\/uploads\/2025\/12\/Mohamed-Mkacher-770x470-1.jpg","keywords":["Etoile Sportive du Sahel","Ligue 1","mohamed mkacher","Tunisie"],"articleSection":["Sport"],"inLanguage":"fr-FR"},{"@type":"WebPage","@id":"https:\/\/www.webdo.tn\/fr\/actualite\/sport\/etoile-du-sahel-mohamed-mkacher-reprend-les-commandes\/389328\/","url":"https:\/\/www.webdo.tn\/fr\/actualite\/sport\/etoile-du-sahel-mohamed-mkacher-reprend-les-commandes\/389328\/","name":"Etoile du Sahel : Mohamed Mkacher reprend les commandes - webdo","isPartOf":{"@id":"https:\/\/www.webdo.tn\/fr\/#website"},"primaryImageOfPage":{"@id":"https:\/\/www.webdo.tn\/fr\/actualite\/sport\/etoile-du-sahel-mohamed-mkacher-reprend-les-commandes\/389328\/#primaryimage"},"image":{"@id":"https:\/\/www.webdo.tn\/fr\/actualite\/sport\/etoile-du-sahel-mohamed-mkacher-reprend-les-commandes\/389328\/#primaryimage"},"thumbnailUrl":"https:\/\/www.webdo.tn\/fr\/wp-content\/uploads\/2025\/12\/Mohamed-Mkacher-770x470-1.jpg","datePublished":"2025-12-10T19:29:34+00:00","dateModified":"2025-12-10T19:29:36+00:00","description":"L'Etoile du Sahel nomme Mohamed Mkacher comme entra\u00eeneur principal jusqu'en juin 2027. D\u00e9couvrez les d\u00e9tails de cette d\u00e9cision.","breadcrumb":{"@id":"https:\/\/www.webdo.tn\/fr\/actualite\/sport\/etoile-du-sahel-mohamed-mkacher-reprend-les-commandes\/389328\/#breadcrumb"},"inLanguage":"fr-FR","potentialAction":[{"@type":"ReadAction","target":["https:\/\/www.webdo.tn\/fr\/actualite\/sport\/etoile-du-sahel-mohamed-mkacher-reprend-les-commandes\/389328\/"]}]},{"@type":"ImageObject","inLanguage":"fr-FR","@id":"https:\/\/www.webdo.tn\/fr\/actualite\/sport\/etoile-du-sahel-mohamed-mkacher-reprend-les-commandes\/389328\/#primaryimage","url":"https:\/\/www.webdo.tn\/fr\/wp-content\/uploads\/2025\/12\/Mohamed-Mkacher-770x470-1.jpg","contentUrl":"https:\/\/www.webdo.tn\/fr\/wp-content\/uploads\/2025\/12\/Mohamed-Mkacher-770x470-1.jpg","width":1200,"height":588,"caption":"Etoile du Sahel : Mohamed Mkacher reprend les commandes"},{"@type":"BreadcrumbList","@id":"https:\/\/www.webdo.tn\/fr\/actualite\/sport\/etoile-du-sahel-mohamed-mkacher-reprend-les-commandes\/389328\/#breadcrumb","itemListElement":[{"@type":"ListItem","position":1,"name":"Accueil","item":"https:\/\/www.webdo.tn\/fr\/"},{"@type":"ListItem","position":2,"name":"Etoile du Sahel : Mohamed Mkacher reprend les commandes"}]},{"@type":"WebSite","@id":"https:\/\/www.webdo.tn\/fr\/#website","url":"https:\/\/www.webdo.tn\/fr\/","name":"webdo","description":"Tunisie - News en Tunisie et \u00e0 l&#039;international sur Webdo.tn","publisher":{"@id":"https:\/\/www.webdo.tn\/fr\/#organization"},"potentialAction":[{"@type":"SearchAction","target":{"@type":"EntryPoint","urlTemplate":"https:\/\/www.webdo.tn\/fr\/?s={search_term_string}"},"query-input":{"@type":"PropertyValueSpecification","valueRequired":true,"valueName":"search_term_string"}}],"inLanguage":"fr-FR"},{"@type":"Organization","@id":"https:\/\/www.webdo.tn\/fr\/#organization","name":"Webdo","alternateName":"Webdo.tn","url":"https:\/\/www.webdo.tn\/fr\/","logo":{"@type":"ImageObject","inLanguage":"fr-FR","@id":"https:\/\/www.webdo.tn\/fr\/#\/schema\/logo\/image\/","url":"https:\/\/www.webdo.tn\/fr\/wp-content\/uploads\/2025\/06\/Webdo-Tunisie_168377.jpg","contentUrl":"https:\/\/www.webdo.tn\/fr\/wp-content\/uploads\/2025\/06\/Webdo-Tunisie_168377.jpg","width":301,"height":301,"caption":"Webdo"},"image":{"@id":"https:\/\/www.webdo.tn\/fr\/#\/schema\/logo\/image\/"},"sameAs":["https:\/\/www.facebook.com\/webdotn","https:\/\/x.com\/webdo_tn"],"description":"Webdo est un m\u00e9dia num\u00e9rique tunisien fond\u00e9 en 2010, sp\u00e9cialis\u00e9 dans l\u2019actualit\u00e9 nationale et internationale, l\u2019\u00e9conomie, la soci\u00e9t\u00e9 et les analyses politiques. Le site s\u2019adresse \u00e0 un large public francophone et couvre l\u2019information tunisienne en temps r\u00e9el.","email":"redac@webdo.tn","legalName":"YNJ SARL","foundingDate":"2010-09-06","numberOfEmployees":{"@type":"QuantitativeValue","minValue":"11","maxValue":"50"}},{"@type":"Person","@id":"https:\/\/www.webdo.tn\/fr\/#\/schema\/person\/16a4857e77dfc0b610c4c2cadffc9ac4","name":"Mohamed Fethi","image":{"@type":"ImageObject","inLanguage":"fr-FR","@id":"https:\/\/www.webdo.tn\/fr\/wp-content\/uploads\/2026\/04\/mohamed-fethi_avatar_1-96x96.jpg","url":"https:\/\/www.webdo.tn\/fr\/wp-content\/uploads\/2026\/04\/mohamed-fethi_avatar_1-96x96.jpg","contentUrl":"https:\/\/www.webdo.tn\/fr\/wp-content\/uploads\/2026\/04\/mohamed-fethi_avatar_1-96x96.jpg","caption":"Mohamed Fethi"},"description":"Signature \u00e9ditoriale de Maher Chaabane Mohamed Fethi est le pseudonyme \u00e9ditorial de Maher Chaabane, r\u00e9dacteur en chef de Webdo.tn depuis 2012. Cette signature est d\u00e9di\u00e9e au traitement intensif de l'actualit\u00e9 nationale et internationale en temps r\u00e9el. S'appuyant sur les deux d\u00e9cennies d'expertise journalistique de Maher Chaabane \u2014 d\u00e9but\u00e9e au sein du groupe Tunis Hebdo en 2000 \u2014 Mohamed Fethi assure une veille rigoureuse sur les enjeux politiques, \u00e9conomiques et sportifs. Sa mission est de garantir une information structur\u00e9e, fluide et fid\u00e8le aux standards de la r\u00e9daction. Pour consulter le parcours complet du r\u00e9dacteur en chef, visitez le profil officiel de Maher Chaabane.","knowsAbout":["actualit\u00e9","journalisme","information","politique","sport","m\u00e9dias","actualit\u00e9 internationale"],"knowsLanguage":["Fran\u00e7ais","Arabe"],"jobTitle":"Journaliste \u2013 R\u00e9daction Webdo","worksFor":"Webdo.tn","url":"https:\/\/www.webdo.tn\/fr\/actualite\/author\/mohamed-fethi\/"}]}},"_links":{"self":[{"href":"https:\/\/www.webdo.tn\/fr\/wp-json\/wp\/v2\/posts\/389328","targetHints":{"allow":["GET"]}}],"collection":[{"href":"https:\/\/www.webdo.tn\/fr\/wp-json\/wp\/v2\/posts"}],"about":[{"href":"https:\/\/www.webdo.tn\/fr\/wp-json\/wp\/v2\/types\/post"}],"author":[{"embeddable":true,"href":"https:\/\/www.webdo.tn\/fr\/wp-json\/wp\/v2\/users\/4782"}],"replies":[{"embeddable":true,"href":"https:\/\/www.webdo.tn\/fr\/wp-json\/wp\/v2\/comments?post=389328"}],"version-history":[{"count":0,"href":"https:\/\/www.webdo.tn\/fr\/wp-json\/wp\/v2\/posts\/389328\/revisions"}],"wp:featuredmedia":[{"embeddable":true,"href":"https:\/\/www.webdo.tn\/fr\/wp-json\/wp\/v2\/media\/389329"}],"wp:attachment":[{"href":"https:\/\/www.webdo.tn\/fr\/wp-json\/wp\/v2\/media?parent=389328"}],"wp:term":[{"taxonomy":"category","embeddable":true,"href":"https:\/\/www.webdo.tn\/fr\/wp-json\/wp\/v2\/categories?post=389328"},{"taxonomy":"post_tag","embeddable":true,"href":"https:\/\/www.webdo.tn\/fr\/wp-json\/wp\/v2\/tags?post=389328"}],"curies":[{"name":"wp","href":"https:\/\/api.w.org\/{rel}","templated":true}]}}