{"id":389292,"date":"2025-12-10T10:08:07","date_gmt":"2025-12-10T09:08:07","guid":{"rendered":"https:\/\/www.webdo.tn\/fr\/?p=389292"},"modified":"2025-12-10T10:08:08","modified_gmt":"2025-12-10T09:08:08","slug":"saied-appelle-a-un-sursaut-dintegrite-au-sein-de-letat","status":"publish","type":"post","link":"https:\/\/www.webdo.tn\/fr\/actualite\/national\/saied-appelle-a-un-sursaut-dintegrite-au-sein-de-letat\/389292\/","title":{"rendered":"Sa\u00efed appelle \u00e0 un sursaut d\u2019int\u00e9grit\u00e9 au sein de l\u2019\u00c9tat"},"content":{"rendered":"\n<p>Le pr\u00e9sident Ka\u00efs Sa\u00efed a re\u00e7u la cheffe du gouvernement, Sarra Zaafrani Zenzri, au palais de Carthage. La rencontre a port\u00e9 sur le fonctionnement de l\u2019ex\u00e9cutif et l\u2019\u00e9tat des services publics. Le chef de l\u2019\u00c9tat a insist\u00e9 sur une action gouvernementale coh\u00e9rente, centr\u00e9e sur la lutte contre la corruption et la pr\u00e9servation des deniers publics.<\/p>\n\n\n\n<h2 class=\"wp-block-heading\" id=\"h-lutte-contre-la-corruption-et-fin-de-l-impunite\">Lutte contre la corruption et fin de l\u2019impunit\u00e9<\/h2>\n\n\n\n<p>Lors de cet entretien, Ka\u00efs Sa\u00efed a \u00e9voqu\u00e9 plusieurs dossiers li\u00e9s au suivi du travail gouvernemental et au fonctionnement de diff\u00e9rents services publics. Il a soulign\u00e9 la n\u00e9cessit\u00e9 d\u2019une coordination totale entre les institutions et d\u2019un pilotage coh\u00e9rent, estimant que certaines structures publiques n\u2019ont pas encore int\u00e9gr\u00e9 la \u00ab nouvelle phase \u00bb engag\u00e9e par l\u2019\u00c9tat dans la lutte contre la corruption et la r\u00e9forme administrative.<\/p>\n\n\n\n<p>Selon la pr\u00e9sidence, Sa\u00efed a rappel\u00e9 que l\u2019objectif de l\u2019\u00c9tat n\u2019est plus de poursuivre des individus mais de s\u2019attaquer fermement aux m\u00e9canismes de corruption, \u00e0 la dilapidation des fonds publics et \u00e0 toutes les pratiques qui entravent la gestion transparente des affaires publiques.<\/p>\n\n\n\n<h2 class=\"wp-block-heading\" id=\"h-responsabilite-integrite-et-rejet-des-ingerences\">Responsabilit\u00e9, int\u00e9grit\u00e9 et rejet des ing\u00e9rences<\/h2>\n\n\n\n<p>Il a \u00e9galement d\u00e9nonc\u00e9 les acteurs qui, selon lui, se pr\u00e9sentent \u00e0 tort comme des \u00ab victimes \u00bb, alors qu\u2019ils seraient eux-m\u00eames impliqu\u00e9s dans l\u2019instauration d\u2019un climat de corruption rampante. Le pr\u00e9sident a insist\u00e9 sur la n\u00e9cessit\u00e9, pour les responsables en poste, d\u2019incarner l\u2019int\u00e9grit\u00e9, l\u2019altruisme et le rejet absolu de toute influence ext\u00e9rieure ou tentative d\u2019ing\u00e9rence.<\/p>\n\n\n\n<p>Cette d\u00e9claration renforce la ligne directrice affich\u00e9e depuis plusieurs mois par la pr\u00e9sidence : assainir l\u2019administration, renforcer la discipline des institutions et imposer une lecture \u00e9thique de l\u2019exercice de responsabilit\u00e9 publique. Elle s\u2019inscrit \u00e9galement dans un contexte o\u00f9 plusieurs dossiers de gouvernance, de r\u00e9formes et de gestion des services publics font l\u2019objet d\u2019une attention accrue.<\/p>\n\n\n\n<p><\/p>\n\n\n\n<blockquote class=\"wp-block-quote is-layout-flow wp-block-quote-is-layout-flow\">\n<p><strong>Lire aussi<\/strong><\/p>\n\n\n\n<ul class=\"wp-block-list\">\n<li><a href=\"https:\/\/www.webdo.tn\/fr\/actualite\/national\/saied-inadmissible-que-jintervienne-pour-raccorder-une-maison-au-reseau-dassainissement\/389275\/\">Sa\u00efed : \u00ab\u00a0Inadmissible que j\u2019intervienne pour raccorder une maison au r\u00e9seau d\u2019assainissement\u00a0\u00bb<\/a><\/li>\n<\/ul>\n<\/blockquote>\n","protected":false},"excerpt":{"rendered":"<p>Le pr\u00e9sident Ka\u00efs Sa\u00efed a re\u00e7u la cheffe du gouvernement, Sarra Zaafrani Zenzri, au palais de Carthage. La rencontre a port\u00e9 sur le fonctionnement de l\u2019ex\u00e9cutif et l\u2019\u00e9tat des services publics. Le chef de l\u2019\u00c9tat a insist\u00e9 sur une action gouvernementale coh\u00e9rente, centr\u00e9e sur la lutte contre la corruption et la pr\u00e9servation des deniers publics. [&hellip;]<\/p>\n","protected":false},"author":4782,"featured_media":389295,"comment_status":"closed","ping_status":"closed","sticky":false,"template":"","format":"standard","meta":{"footnotes":""},"categories":[44],"tags":[3214,2614,2608],"class_list":["post-389292","post","type-post","status-publish","format-standard","has-post-thumbnail","hentry","category-national","tag-etat","tag-kais-saied","tag-tunisie"],"yoast_head":"<!-- This site is optimized with the Yoast SEO Premium plugin v27.4 (Yoast SEO v27.5) - https:\/\/yoast.com\/product\/yoast-seo-premium-wordpress\/ -->\n<title>Sa\u00efed appelle \u00e0 un sursaut d\u2019int\u00e9grit\u00e9 au sein de l\u2019\u00c9tat - webdo<\/title>\n<meta name=\"description\" content=\"Ka\u00efs Sa\u00efed appelle \u00e0 un sursaut d\u2019int\u00e9grit\u00e9 au sein de l\u2019\u00c9tat pour lutter contre la corruption et am\u00e9liorer les services publics.\" \/>\n<link rel=\"canonical\" href=\"https:\/\/www.webdo.tn\/fr\/actualite\/national\/saied-appelle-a-un-sursaut-dintegrite-au-sein-de-letat\/389292\/\" \/>\n<meta property=\"og:locale\" content=\"fr_FR\" \/>\n<meta property=\"og:type\" content=\"article\" \/>\n<meta property=\"og:title\" content=\"Sa\u00efed appelle \u00e0 un sursaut d\u2019int\u00e9grit\u00e9 au sein de l\u2019\u00c9tat\" \/>\n<meta property=\"og:description\" content=\"Ka\u00efs Sa\u00efed appelle \u00e0 un sursaut d\u2019int\u00e9grit\u00e9 au sein de l\u2019\u00c9tat pour lutter contre la corruption et am\u00e9liorer les services publics.\" \/>\n<meta property=\"og:url\" content=\"https:\/\/www.webdo.tn\/fr\/actualite\/national\/saied-appelle-a-un-sursaut-dintegrite-au-sein-de-letat\/389292\/\" \/>\n<meta property=\"og:site_name\" content=\"webdo\" \/>\n<meta property=\"article:publisher\" content=\"https:\/\/www.facebook.com\/webdotn\" \/>\n<meta property=\"article:published_time\" content=\"2025-12-10T09:08:07+00:00\" \/>\n<meta property=\"article:modified_time\" content=\"2025-12-10T09:08:08+00:00\" \/>\n<meta property=\"og:image\" content=\"https:\/\/www.webdo.tn\/fr\/wp-content\/uploads\/2025\/12\/Saied-Zenzri.jpg\" \/>\n\t<meta property=\"og:image:width\" content=\"1200\" \/>\n\t<meta property=\"og:image:height\" content=\"609\" \/>\n\t<meta property=\"og:image:type\" content=\"image\/jpeg\" \/>\n<meta name=\"author\" content=\"Mohamed Fethi\" \/>\n<meta name=\"twitter:card\" content=\"summary_large_image\" \/>\n<meta name=\"twitter:creator\" content=\"@webdo_tn\" \/>\n<meta name=\"twitter:site\" content=\"@webdo_tn\" \/>\n<meta name=\"twitter:label1\" content=\"\u00c9crit par\" \/>\n\t<meta name=\"twitter:data1\" content=\"Mohamed Fethi\" \/>\n\t<meta name=\"twitter:label2\" content=\"Dur\u00e9e de lecture estim\u00e9e\" \/>\n\t<meta name=\"twitter:data2\" content=\"2 minutes\" \/>\n<script type=\"application\/ld+json\" class=\"yoast-schema-graph\">{\"@context\":\"https:\\\/\\\/schema.org\",\"@graph\":[{\"@type\":\"NewsArticle\",\"@id\":\"https:\\\/\\\/www.webdo.tn\\\/fr\\\/actualite\\\/national\\\/saied-appelle-a-un-sursaut-dintegrite-au-sein-de-letat\\\/389292\\\/#article\",\"isPartOf\":{\"@id\":\"https:\\\/\\\/www.webdo.tn\\\/fr\\\/actualite\\\/national\\\/saied-appelle-a-un-sursaut-dintegrite-au-sein-de-letat\\\/389292\\\/\"},\"author\":{\"name\":\"Mohamed Fethi\",\"@id\":\"https:\\\/\\\/www.webdo.tn\\\/fr\\\/#\\\/schema\\\/person\\\/16a4857e77dfc0b610c4c2cadffc9ac4\"},\"headline\":\"Sa\u00efed appelle \u00e0 un sursaut d\u2019int\u00e9grit\u00e9 au sein de l\u2019\u00c9tat\",\"datePublished\":\"2025-12-10T09:08:07+00:00\",\"dateModified\":\"2025-12-10T09:08:08+00:00\",\"mainEntityOfPage\":{\"@id\":\"https:\\\/\\\/www.webdo.tn\\\/fr\\\/actualite\\\/national\\\/saied-appelle-a-un-sursaut-dintegrite-au-sein-de-letat\\\/389292\\\/\"},\"wordCount\":369,\"publisher\":{\"@id\":\"https:\\\/\\\/www.webdo.tn\\\/fr\\\/#organization\"},\"image\":{\"@id\":\"https:\\\/\\\/www.webdo.tn\\\/fr\\\/actualite\\\/national\\\/saied-appelle-a-un-sursaut-dintegrite-au-sein-de-letat\\\/389292\\\/#primaryimage\"},\"thumbnailUrl\":\"https:\\\/\\\/www.webdo.tn\\\/fr\\\/wp-content\\\/uploads\\\/2025\\\/12\\\/Saied-Zenzri.jpg\",\"keywords\":[\"Etat\",\"Kais Saied\",\"Tunisie\"],\"articleSection\":[\"National\"],\"inLanguage\":\"fr-FR\"},{\"@type\":\"WebPage\",\"@id\":\"https:\\\/\\\/www.webdo.tn\\\/fr\\\/actualite\\\/national\\\/saied-appelle-a-un-sursaut-dintegrite-au-sein-de-letat\\\/389292\\\/\",\"url\":\"https:\\\/\\\/www.webdo.tn\\\/fr\\\/actualite\\\/national\\\/saied-appelle-a-un-sursaut-dintegrite-au-sein-de-letat\\\/389292\\\/\",\"name\":\"Sa\u00efed appelle \u00e0 un sursaut d\u2019int\u00e9grit\u00e9 au sein de l\u2019\u00c9tat - webdo\",\"isPartOf\":{\"@id\":\"https:\\\/\\\/www.webdo.tn\\\/fr\\\/#website\"},\"primaryImageOfPage\":{\"@id\":\"https:\\\/\\\/www.webdo.tn\\\/fr\\\/actualite\\\/national\\\/saied-appelle-a-un-sursaut-dintegrite-au-sein-de-letat\\\/389292\\\/#primaryimage\"},\"image\":{\"@id\":\"https:\\\/\\\/www.webdo.tn\\\/fr\\\/actualite\\\/national\\\/saied-appelle-a-un-sursaut-dintegrite-au-sein-de-letat\\\/389292\\\/#primaryimage\"},\"thumbnailUrl\":\"https:\\\/\\\/www.webdo.tn\\\/fr\\\/wp-content\\\/uploads\\\/2025\\\/12\\\/Saied-Zenzri.jpg\",\"datePublished\":\"2025-12-10T09:08:07+00:00\",\"dateModified\":\"2025-12-10T09:08:08+00:00\",\"description\":\"Ka\u00efs Sa\u00efed appelle \u00e0 un sursaut d\u2019int\u00e9grit\u00e9 au sein de l\u2019\u00c9tat pour lutter contre la corruption et am\u00e9liorer les services publics.\",\"breadcrumb\":{\"@id\":\"https:\\\/\\\/www.webdo.tn\\\/fr\\\/actualite\\\/national\\\/saied-appelle-a-un-sursaut-dintegrite-au-sein-de-letat\\\/389292\\\/#breadcrumb\"},\"inLanguage\":\"fr-FR\",\"potentialAction\":[{\"@type\":\"ReadAction\",\"target\":[\"https:\\\/\\\/www.webdo.tn\\\/fr\\\/actualite\\\/national\\\/saied-appelle-a-un-sursaut-dintegrite-au-sein-de-letat\\\/389292\\\/\"]}]},{\"@type\":\"ImageObject\",\"inLanguage\":\"fr-FR\",\"@id\":\"https:\\\/\\\/www.webdo.tn\\\/fr\\\/actualite\\\/national\\\/saied-appelle-a-un-sursaut-dintegrite-au-sein-de-letat\\\/389292\\\/#primaryimage\",\"url\":\"https:\\\/\\\/www.webdo.tn\\\/fr\\\/wp-content\\\/uploads\\\/2025\\\/12\\\/Saied-Zenzri.jpg\",\"contentUrl\":\"https:\\\/\\\/www.webdo.tn\\\/fr\\\/wp-content\\\/uploads\\\/2025\\\/12\\\/Saied-Zenzri.jpg\",\"width\":1200,\"height\":609,\"caption\":\"Sa\u00efed appelle \u00e0 un sursaut d\u2019int\u00e9grit\u00e9 au sein de l\u2019\u00c9tat\"},{\"@type\":\"BreadcrumbList\",\"@id\":\"https:\\\/\\\/www.webdo.tn\\\/fr\\\/actualite\\\/national\\\/saied-appelle-a-un-sursaut-dintegrite-au-sein-de-letat\\\/389292\\\/#breadcrumb\",\"itemListElement\":[{\"@type\":\"ListItem\",\"position\":1,\"name\":\"Accueil\",\"item\":\"https:\\\/\\\/www.webdo.tn\\\/fr\\\/\"},{\"@type\":\"ListItem\",\"position\":2,\"name\":\"Sa\u00efed appelle \u00e0 un sursaut d\u2019int\u00e9grit\u00e9 au sein de l\u2019\u00c9tat\"}]},{\"@type\":\"WebSite\",\"@id\":\"https:\\\/\\\/www.webdo.tn\\\/fr\\\/#website\",\"url\":\"https:\\\/\\\/www.webdo.tn\\\/fr\\\/\",\"name\":\"webdo\",\"description\":\"Tunisie - News en Tunisie et \u00e0 l&#039;international sur Webdo.tn\",\"publisher\":{\"@id\":\"https:\\\/\\\/www.webdo.tn\\\/fr\\\/#organization\"},\"potentialAction\":[{\"@type\":\"SearchAction\",\"target\":{\"@type\":\"EntryPoint\",\"urlTemplate\":\"https:\\\/\\\/www.webdo.tn\\\/fr\\\/?s={search_term_string}\"},\"query-input\":{\"@type\":\"PropertyValueSpecification\",\"valueRequired\":true,\"valueName\":\"search_term_string\"}}],\"inLanguage\":\"fr-FR\"},{\"@type\":\"Organization\",\"@id\":\"https:\\\/\\\/www.webdo.tn\\\/fr\\\/#organization\",\"name\":\"Webdo\",\"alternateName\":\"Webdo.tn\",\"url\":\"https:\\\/\\\/www.webdo.tn\\\/fr\\\/\",\"logo\":{\"@type\":\"ImageObject\",\"inLanguage\":\"fr-FR\",\"@id\":\"https:\\\/\\\/www.webdo.tn\\\/fr\\\/#\\\/schema\\\/logo\\\/image\\\/\",\"url\":\"https:\\\/\\\/www.webdo.tn\\\/fr\\\/wp-content\\\/uploads\\\/2025\\\/06\\\/Webdo-Tunisie_168377.jpg\",\"contentUrl\":\"https:\\\/\\\/www.webdo.tn\\\/fr\\\/wp-content\\\/uploads\\\/2025\\\/06\\\/Webdo-Tunisie_168377.jpg\",\"width\":301,\"height\":301,\"caption\":\"Webdo\"},\"image\":{\"@id\":\"https:\\\/\\\/www.webdo.tn\\\/fr\\\/#\\\/schema\\\/logo\\\/image\\\/\"},\"sameAs\":[\"https:\\\/\\\/www.facebook.com\\\/webdotn\",\"https:\\\/\\\/x.com\\\/webdo_tn\"],\"description\":\"Webdo est un m\u00e9dia num\u00e9rique tunisien fond\u00e9 en 2010, sp\u00e9cialis\u00e9 dans l\u2019actualit\u00e9 nationale et internationale, l\u2019\u00e9conomie, la soci\u00e9t\u00e9 et les analyses politiques. Le site s\u2019adresse \u00e0 un large public francophone et couvre l\u2019information tunisienne en temps r\u00e9el.\",\"email\":\"redac@webdo.tn\",\"legalName\":\"YNJ SARL\",\"foundingDate\":\"2010-09-06\",\"numberOfEmployees\":{\"@type\":\"QuantitativeValue\",\"minValue\":\"11\",\"maxValue\":\"50\"}},{\"@type\":\"Person\",\"@id\":\"https:\\\/\\\/www.webdo.tn\\\/fr\\\/#\\\/schema\\\/person\\\/16a4857e77dfc0b610c4c2cadffc9ac4\",\"name\":\"Mohamed Fethi\",\"image\":{\"@type\":\"ImageObject\",\"inLanguage\":\"fr-FR\",\"@id\":\"https:\\\/\\\/www.webdo.tn\\\/fr\\\/wp-content\\\/uploads\\\/2026\\\/04\\\/mohamed-fethi_avatar_1-96x96.jpg\",\"url\":\"https:\\\/\\\/www.webdo.tn\\\/fr\\\/wp-content\\\/uploads\\\/2026\\\/04\\\/mohamed-fethi_avatar_1-96x96.jpg\",\"contentUrl\":\"https:\\\/\\\/www.webdo.tn\\\/fr\\\/wp-content\\\/uploads\\\/2026\\\/04\\\/mohamed-fethi_avatar_1-96x96.jpg\",\"caption\":\"Mohamed Fethi\"},\"description\":\"Signature \u00e9ditoriale de Maher Chaabane Mohamed Fethi est le pseudonyme \u00e9ditorial de Maher Chaabane, r\u00e9dacteur en chef de Webdo.tn depuis 2012. Cette signature est d\u00e9di\u00e9e au traitement intensif de l'actualit\u00e9 nationale et internationale en temps r\u00e9el. S'appuyant sur les deux d\u00e9cennies d'expertise journalistique de Maher Chaabane \u2014 d\u00e9but\u00e9e au sein du groupe Tunis Hebdo en 2000 \u2014 Mohamed Fethi assure une veille rigoureuse sur les enjeux politiques, \u00e9conomiques et sportifs. Sa mission est de garantir une information structur\u00e9e, fluide et fid\u00e8le aux standards de la r\u00e9daction. Pour consulter le parcours complet du r\u00e9dacteur en chef, visitez le profil officiel de Maher Chaabane.\",\"knowsAbout\":[\"actualit\u00e9\",\"journalisme\",\"information\",\"politique\",\"sport\",\"m\u00e9dias\",\"actualit\u00e9 internationale\"],\"knowsLanguage\":[\"Fran\u00e7ais\",\"Arabe\"],\"jobTitle\":\"Journaliste \u2013 R\u00e9daction Webdo\",\"worksFor\":\"Webdo.tn\",\"url\":\"https:\\\/\\\/www.webdo.tn\\\/fr\\\/actualite\\\/author\\\/mohamed-fethi\\\/\"}]}<\/script>\n<!-- \/ Yoast SEO Premium plugin. -->","yoast_head_json":{"title":"Sa\u00efed appelle \u00e0 un sursaut d\u2019int\u00e9grit\u00e9 au sein de l\u2019\u00c9tat - webdo","description":"Ka\u00efs Sa\u00efed appelle \u00e0 un sursaut d\u2019int\u00e9grit\u00e9 au sein de l\u2019\u00c9tat pour lutter contre la corruption et am\u00e9liorer les services publics.","canonical":"https:\/\/www.webdo.tn\/fr\/actualite\/national\/saied-appelle-a-un-sursaut-dintegrite-au-sein-de-letat\/389292\/","og_locale":"fr_FR","og_type":"article","og_title":"Sa\u00efed appelle \u00e0 un sursaut d\u2019int\u00e9grit\u00e9 au sein de l\u2019\u00c9tat","og_description":"Ka\u00efs Sa\u00efed appelle \u00e0 un sursaut d\u2019int\u00e9grit\u00e9 au sein de l\u2019\u00c9tat pour lutter contre la corruption et am\u00e9liorer les services publics.","og_url":"https:\/\/www.webdo.tn\/fr\/actualite\/national\/saied-appelle-a-un-sursaut-dintegrite-au-sein-de-letat\/389292\/","og_site_name":"webdo","article_publisher":"https:\/\/www.facebook.com\/webdotn","article_published_time":"2025-12-10T09:08:07+00:00","article_modified_time":"2025-12-10T09:08:08+00:00","og_image":[{"width":1200,"height":609,"url":"https:\/\/www.webdo.tn\/fr\/wp-content\/uploads\/2025\/12\/Saied-Zenzri.jpg","type":"image\/jpeg"}],"author":"Mohamed Fethi","twitter_card":"summary_large_image","twitter_creator":"@webdo_tn","twitter_site":"@webdo_tn","twitter_misc":{"\u00c9crit par":"Mohamed Fethi","Dur\u00e9e de lecture estim\u00e9e":"2 minutes"},"schema":{"@context":"https:\/\/schema.org","@graph":[{"@type":"NewsArticle","@id":"https:\/\/www.webdo.tn\/fr\/actualite\/national\/saied-appelle-a-un-sursaut-dintegrite-au-sein-de-letat\/389292\/#article","isPartOf":{"@id":"https:\/\/www.webdo.tn\/fr\/actualite\/national\/saied-appelle-a-un-sursaut-dintegrite-au-sein-de-letat\/389292\/"},"author":{"name":"Mohamed Fethi","@id":"https:\/\/www.webdo.tn\/fr\/#\/schema\/person\/16a4857e77dfc0b610c4c2cadffc9ac4"},"headline":"Sa\u00efed appelle \u00e0 un sursaut d\u2019int\u00e9grit\u00e9 au sein de l\u2019\u00c9tat","datePublished":"2025-12-10T09:08:07+00:00","dateModified":"2025-12-10T09:08:08+00:00","mainEntityOfPage":{"@id":"https:\/\/www.webdo.tn\/fr\/actualite\/national\/saied-appelle-a-un-sursaut-dintegrite-au-sein-de-letat\/389292\/"},"wordCount":369,"publisher":{"@id":"https:\/\/www.webdo.tn\/fr\/#organization"},"image":{"@id":"https:\/\/www.webdo.tn\/fr\/actualite\/national\/saied-appelle-a-un-sursaut-dintegrite-au-sein-de-letat\/389292\/#primaryimage"},"thumbnailUrl":"https:\/\/www.webdo.tn\/fr\/wp-content\/uploads\/2025\/12\/Saied-Zenzri.jpg","keywords":["Etat","Kais Saied","Tunisie"],"articleSection":["National"],"inLanguage":"fr-FR"},{"@type":"WebPage","@id":"https:\/\/www.webdo.tn\/fr\/actualite\/national\/saied-appelle-a-un-sursaut-dintegrite-au-sein-de-letat\/389292\/","url":"https:\/\/www.webdo.tn\/fr\/actualite\/national\/saied-appelle-a-un-sursaut-dintegrite-au-sein-de-letat\/389292\/","name":"Sa\u00efed appelle \u00e0 un sursaut d\u2019int\u00e9grit\u00e9 au sein de l\u2019\u00c9tat - webdo","isPartOf":{"@id":"https:\/\/www.webdo.tn\/fr\/#website"},"primaryImageOfPage":{"@id":"https:\/\/www.webdo.tn\/fr\/actualite\/national\/saied-appelle-a-un-sursaut-dintegrite-au-sein-de-letat\/389292\/#primaryimage"},"image":{"@id":"https:\/\/www.webdo.tn\/fr\/actualite\/national\/saied-appelle-a-un-sursaut-dintegrite-au-sein-de-letat\/389292\/#primaryimage"},"thumbnailUrl":"https:\/\/www.webdo.tn\/fr\/wp-content\/uploads\/2025\/12\/Saied-Zenzri.jpg","datePublished":"2025-12-10T09:08:07+00:00","dateModified":"2025-12-10T09:08:08+00:00","description":"Ka\u00efs Sa\u00efed appelle \u00e0 un sursaut d\u2019int\u00e9grit\u00e9 au sein de l\u2019\u00c9tat pour lutter contre la corruption et am\u00e9liorer les services publics.","breadcrumb":{"@id":"https:\/\/www.webdo.tn\/fr\/actualite\/national\/saied-appelle-a-un-sursaut-dintegrite-au-sein-de-letat\/389292\/#breadcrumb"},"inLanguage":"fr-FR","potentialAction":[{"@type":"ReadAction","target":["https:\/\/www.webdo.tn\/fr\/actualite\/national\/saied-appelle-a-un-sursaut-dintegrite-au-sein-de-letat\/389292\/"]}]},{"@type":"ImageObject","inLanguage":"fr-FR","@id":"https:\/\/www.webdo.tn\/fr\/actualite\/national\/saied-appelle-a-un-sursaut-dintegrite-au-sein-de-letat\/389292\/#primaryimage","url":"https:\/\/www.webdo.tn\/fr\/wp-content\/uploads\/2025\/12\/Saied-Zenzri.jpg","contentUrl":"https:\/\/www.webdo.tn\/fr\/wp-content\/uploads\/2025\/12\/Saied-Zenzri.jpg","width":1200,"height":609,"caption":"Sa\u00efed appelle \u00e0 un sursaut d\u2019int\u00e9grit\u00e9 au sein de l\u2019\u00c9tat"},{"@type":"BreadcrumbList","@id":"https:\/\/www.webdo.tn\/fr\/actualite\/national\/saied-appelle-a-un-sursaut-dintegrite-au-sein-de-letat\/389292\/#breadcrumb","itemListElement":[{"@type":"ListItem","position":1,"name":"Accueil","item":"https:\/\/www.webdo.tn\/fr\/"},{"@type":"ListItem","position":2,"name":"Sa\u00efed appelle \u00e0 un sursaut d\u2019int\u00e9grit\u00e9 au sein de l\u2019\u00c9tat"}]},{"@type":"WebSite","@id":"https:\/\/www.webdo.tn\/fr\/#website","url":"https:\/\/www.webdo.tn\/fr\/","name":"webdo","description":"Tunisie - News en Tunisie et \u00e0 l&#039;international sur Webdo.tn","publisher":{"@id":"https:\/\/www.webdo.tn\/fr\/#organization"},"potentialAction":[{"@type":"SearchAction","target":{"@type":"EntryPoint","urlTemplate":"https:\/\/www.webdo.tn\/fr\/?s={search_term_string}"},"query-input":{"@type":"PropertyValueSpecification","valueRequired":true,"valueName":"search_term_string"}}],"inLanguage":"fr-FR"},{"@type":"Organization","@id":"https:\/\/www.webdo.tn\/fr\/#organization","name":"Webdo","alternateName":"Webdo.tn","url":"https:\/\/www.webdo.tn\/fr\/","logo":{"@type":"ImageObject","inLanguage":"fr-FR","@id":"https:\/\/www.webdo.tn\/fr\/#\/schema\/logo\/image\/","url":"https:\/\/www.webdo.tn\/fr\/wp-content\/uploads\/2025\/06\/Webdo-Tunisie_168377.jpg","contentUrl":"https:\/\/www.webdo.tn\/fr\/wp-content\/uploads\/2025\/06\/Webdo-Tunisie_168377.jpg","width":301,"height":301,"caption":"Webdo"},"image":{"@id":"https:\/\/www.webdo.tn\/fr\/#\/schema\/logo\/image\/"},"sameAs":["https:\/\/www.facebook.com\/webdotn","https:\/\/x.com\/webdo_tn"],"description":"Webdo est un m\u00e9dia num\u00e9rique tunisien fond\u00e9 en 2010, sp\u00e9cialis\u00e9 dans l\u2019actualit\u00e9 nationale et internationale, l\u2019\u00e9conomie, la soci\u00e9t\u00e9 et les analyses politiques. Le site s\u2019adresse \u00e0 un large public francophone et couvre l\u2019information tunisienne en temps r\u00e9el.","email":"redac@webdo.tn","legalName":"YNJ SARL","foundingDate":"2010-09-06","numberOfEmployees":{"@type":"QuantitativeValue","minValue":"11","maxValue":"50"}},{"@type":"Person","@id":"https:\/\/www.webdo.tn\/fr\/#\/schema\/person\/16a4857e77dfc0b610c4c2cadffc9ac4","name":"Mohamed Fethi","image":{"@type":"ImageObject","inLanguage":"fr-FR","@id":"https:\/\/www.webdo.tn\/fr\/wp-content\/uploads\/2026\/04\/mohamed-fethi_avatar_1-96x96.jpg","url":"https:\/\/www.webdo.tn\/fr\/wp-content\/uploads\/2026\/04\/mohamed-fethi_avatar_1-96x96.jpg","contentUrl":"https:\/\/www.webdo.tn\/fr\/wp-content\/uploads\/2026\/04\/mohamed-fethi_avatar_1-96x96.jpg","caption":"Mohamed Fethi"},"description":"Signature \u00e9ditoriale de Maher Chaabane Mohamed Fethi est le pseudonyme \u00e9ditorial de Maher Chaabane, r\u00e9dacteur en chef de Webdo.tn depuis 2012. Cette signature est d\u00e9di\u00e9e au traitement intensif de l'actualit\u00e9 nationale et internationale en temps r\u00e9el. S'appuyant sur les deux d\u00e9cennies d'expertise journalistique de Maher Chaabane \u2014 d\u00e9but\u00e9e au sein du groupe Tunis Hebdo en 2000 \u2014 Mohamed Fethi assure une veille rigoureuse sur les enjeux politiques, \u00e9conomiques et sportifs. Sa mission est de garantir une information structur\u00e9e, fluide et fid\u00e8le aux standards de la r\u00e9daction. Pour consulter le parcours complet du r\u00e9dacteur en chef, visitez le profil officiel de Maher Chaabane.","knowsAbout":["actualit\u00e9","journalisme","information","politique","sport","m\u00e9dias","actualit\u00e9 internationale"],"knowsLanguage":["Fran\u00e7ais","Arabe"],"jobTitle":"Journaliste \u2013 R\u00e9daction Webdo","worksFor":"Webdo.tn","url":"https:\/\/www.webdo.tn\/fr\/actualite\/author\/mohamed-fethi\/"}]}},"_links":{"self":[{"href":"https:\/\/www.webdo.tn\/fr\/wp-json\/wp\/v2\/posts\/389292","targetHints":{"allow":["GET"]}}],"collection":[{"href":"https:\/\/www.webdo.tn\/fr\/wp-json\/wp\/v2\/posts"}],"about":[{"href":"https:\/\/www.webdo.tn\/fr\/wp-json\/wp\/v2\/types\/post"}],"author":[{"embeddable":true,"href":"https:\/\/www.webdo.tn\/fr\/wp-json\/wp\/v2\/users\/4782"}],"replies":[{"embeddable":true,"href":"https:\/\/www.webdo.tn\/fr\/wp-json\/wp\/v2\/comments?post=389292"}],"version-history":[{"count":0,"href":"https:\/\/www.webdo.tn\/fr\/wp-json\/wp\/v2\/posts\/389292\/revisions"}],"wp:featuredmedia":[{"embeddable":true,"href":"https:\/\/www.webdo.tn\/fr\/wp-json\/wp\/v2\/media\/389295"}],"wp:attachment":[{"href":"https:\/\/www.webdo.tn\/fr\/wp-json\/wp\/v2\/media?parent=389292"}],"wp:term":[{"taxonomy":"category","embeddable":true,"href":"https:\/\/www.webdo.tn\/fr\/wp-json\/wp\/v2\/categories?post=389292"},{"taxonomy":"post_tag","embeddable":true,"href":"https:\/\/www.webdo.tn\/fr\/wp-json\/wp\/v2\/tags?post=389292"}],"curies":[{"name":"wp","href":"https:\/\/api.w.org\/{rel}","templated":true}]}}