{"id":389291,"date":"2025-12-10T10:11:49","date_gmt":"2025-12-10T09:11:49","guid":{"rendered":"https:\/\/www.webdo.tn\/fr\/?p=389291"},"modified":"2025-12-10T10:11:57","modified_gmt":"2025-12-10T09:11:57","slug":"tunis-lambassadrice-de-suede-discute-de-la-gestion-des-dechets-avec-le-gouverneur","status":"publish","type":"post","link":"https:\/\/www.webdo.tn\/fr\/actualite\/national\/tunis-lambassadrice-de-suede-discute-de-la-gestion-des-dechets-avec-le-gouverneur\/389291\/","title":{"rendered":"Tunis : L\u2019ambassadrice de Su\u00e8de discute de la gestion des d\u00e9chets avec le gouverneur"},"content":{"rendered":"\n<p>Le 9 d\u00e9cembre, le gouverneur de Tunis, Imed Boukhris, a re\u00e7u la visite de l\u2019ambassadrice de Su\u00e8de, Cecilia Ramsten. Selon les d\u00e9clarations officielles, la rencontre a \u00e9t\u00e9 qualifi\u00e9e de \u00ab fructueuse et riche \u00bb, abordant plusieurs th\u00e9matiques telles que la durabilit\u00e9, la gestion des d\u00e9chets urbains, l\u2019innovation, l\u2019investissement et les opportunit\u00e9s de coop\u00e9ration. <\/p>\n\n\n\n<p>Les pr\u00e9paratifs de la c\u00e9l\u00e9bration du 70e anniversaire des relations diplomatiques entre la Tunisie et la Su\u00e8de en 2026 ont \u00e9galement \u00e9t\u00e9 \u00e9voqu\u00e9s.<\/p>\n\n\n\n<p>L\u2019ambassadrice a soulign\u00e9 l\u2019anciennet\u00e9 des relations bilat\u00e9rales, qui d\u00e9passent les 280 ans, et exprim\u00e9 la volont\u00e9 des deux pays de renforcer leurs liens.<\/p>\n\n\n\n<p>Cette visite s\u2019inscrit dans un contexte politique sensible. Le pr\u00e9sident tunisien, Ka\u00efs Sa\u00efed, avait r\u00e9cemment rappel\u00e9 \u00e0 l\u2019ordre plusieurs ambassadeurs, d\u00e9non\u00e7ant des tentatives d\u2019ing\u00e9rence dans les affaires int\u00e9rieures du pays. <\/p>\n\n\n\n<p>Ce rappel r\u00e9affirme la vigilance de la pr\u00e9sidence tunisienne face \u00e0 toute forme de pression diplomatique et son engagement pour prot\u00e9ger la souverainet\u00e9 nationale, tout en poursuivant un dialogue constructif avec les partenaires internationaux.<\/p>\n\n\n\n<p><\/p>\n\n\n\n<blockquote class=\"wp-block-quote is-layout-flow wp-block-quote-is-layout-flow\">\n<blockquote class=\"wp-block-quote is-layout-flow wp-block-quote-is-layout-flow\">\n<p>Lire aussi : <a href=\"https:\/\/www.webdo.tn\/fr\/actualite\/national\/kais-saied-convoque-et-recadre-fermement-lambassadeur-de-lue\/388333\/\">Kais Sa\u00efed convoque et recadre fermement l\u2019ambassadeur de l\u2019UE<\/a><br><\/p>\n<\/blockquote>\n<\/blockquote>\n","protected":false},"excerpt":{"rendered":"<p>Le 9 d\u00e9cembre, le gouverneur de Tunis, Imed Boukhris, a re\u00e7u la visite de l\u2019ambassadrice de Su\u00e8de, Cecilia Ramsten. Selon les d\u00e9clarations officielles, la rencontre a \u00e9t\u00e9 qualifi\u00e9e de \u00ab fructueuse et riche \u00bb, abordant plusieurs th\u00e9matiques telles que la durabilit\u00e9, la gestion des d\u00e9chets urbains, l\u2019innovation, l\u2019investissement et les opportunit\u00e9s de coop\u00e9ration. Les pr\u00e9paratifs [&hellip;]<\/p>\n","protected":false},"author":3184,"featured_media":389293,"comment_status":"closed","ping_status":"closed","sticky":false,"template":"","format":"standard","meta":{"footnotes":""},"categories":[44],"tags":[3282,3429,2608],"class_list":["post-389291","post","type-post","status-publish","format-standard","has-post-thumbnail","hentry","category-national","tag-dechets","tag-suede","tag-tunisie"],"yoast_head":"<!-- This site is optimized with the Yoast SEO Premium plugin v27.4 (Yoast SEO v27.5) - https:\/\/yoast.com\/product\/yoast-seo-premium-wordpress\/ -->\n<title>Tunis : L\u2019ambassadrice de Su\u00e8de discute de la gestion des d\u00e9chets avec le gouverneur - webdo<\/title>\n<meta name=\"description\" content=\"D\u00e9couvrez comment la rencontre entre le gouverneur de Tunis et l&#039;ambassadrice de Su\u00e8de a abord\u00e9 la gestion des d\u00e9chets.\" \/>\n<link rel=\"canonical\" href=\"https:\/\/www.webdo.tn\/fr\/actualite\/national\/tunis-lambassadrice-de-suede-discute-de-la-gestion-des-dechets-avec-le-gouverneur\/389291\/\" \/>\n<meta property=\"og:locale\" content=\"fr_FR\" \/>\n<meta property=\"og:type\" content=\"article\" \/>\n<meta property=\"og:title\" content=\"Tunis : L\u2019ambassadrice de Su\u00e8de discute de la gestion des d\u00e9chets avec le gouverneur\" \/>\n<meta property=\"og:description\" content=\"D\u00e9couvrez comment la rencontre entre le gouverneur de Tunis et l&#039;ambassadrice de Su\u00e8de a abord\u00e9 la gestion des d\u00e9chets.\" \/>\n<meta property=\"og:url\" content=\"https:\/\/www.webdo.tn\/fr\/actualite\/national\/tunis-lambassadrice-de-suede-discute-de-la-gestion-des-dechets-avec-le-gouverneur\/389291\/\" \/>\n<meta property=\"og:site_name\" content=\"webdo\" \/>\n<meta property=\"article:publisher\" content=\"https:\/\/www.facebook.com\/webdotn\" \/>\n<meta property=\"article:published_time\" content=\"2025-12-10T09:11:49+00:00\" \/>\n<meta property=\"article:modified_time\" content=\"2025-12-10T09:11:57+00:00\" \/>\n<meta property=\"og:image\" content=\"https:\/\/www.webdo.tn\/fr\/wp-content\/uploads\/2025\/12\/Capture-decran-2025-12-10-100431.jpg\" \/>\n\t<meta property=\"og:image:width\" content=\"1362\" \/>\n\t<meta property=\"og:image:height\" content=\"891\" \/>\n\t<meta property=\"og:image:type\" content=\"image\/jpeg\" \/>\n<meta name=\"author\" content=\"Wided Belhaj\" \/>\n<meta name=\"twitter:card\" content=\"summary_large_image\" \/>\n<meta name=\"twitter:creator\" content=\"@webdo_tn\" \/>\n<meta name=\"twitter:site\" content=\"@webdo_tn\" \/>\n<meta name=\"twitter:label1\" content=\"\u00c9crit par\" \/>\n\t<meta name=\"twitter:data1\" content=\"Wided Belhaj\" \/>\n\t<meta name=\"twitter:label2\" content=\"Dur\u00e9e de lecture estim\u00e9e\" \/>\n\t<meta name=\"twitter:data2\" content=\"2 minutes\" \/>\n<script type=\"application\/ld+json\" class=\"yoast-schema-graph\">{\"@context\":\"https:\\\/\\\/schema.org\",\"@graph\":[{\"@type\":\"NewsArticle\",\"@id\":\"https:\\\/\\\/www.webdo.tn\\\/fr\\\/actualite\\\/national\\\/tunis-lambassadrice-de-suede-discute-de-la-gestion-des-dechets-avec-le-gouverneur\\\/389291\\\/#article\",\"isPartOf\":{\"@id\":\"https:\\\/\\\/www.webdo.tn\\\/fr\\\/actualite\\\/national\\\/tunis-lambassadrice-de-suede-discute-de-la-gestion-des-dechets-avec-le-gouverneur\\\/389291\\\/\"},\"author\":{\"name\":\"Wided Belhaj\",\"@id\":\"https:\\\/\\\/www.webdo.tn\\\/fr\\\/#\\\/schema\\\/person\\\/b9ecde7a5574cb4fcf4b496ea5fadb15\"},\"headline\":\"Tunis : L\u2019ambassadrice de Su\u00e8de discute de la gestion des d\u00e9chets avec le gouverneur\",\"datePublished\":\"2025-12-10T09:11:49+00:00\",\"dateModified\":\"2025-12-10T09:11:57+00:00\",\"mainEntityOfPage\":{\"@id\":\"https:\\\/\\\/www.webdo.tn\\\/fr\\\/actualite\\\/national\\\/tunis-lambassadrice-de-suede-discute-de-la-gestion-des-dechets-avec-le-gouverneur\\\/389291\\\/\"},\"wordCount\":221,\"publisher\":{\"@id\":\"https:\\\/\\\/www.webdo.tn\\\/fr\\\/#organization\"},\"image\":{\"@id\":\"https:\\\/\\\/www.webdo.tn\\\/fr\\\/actualite\\\/national\\\/tunis-lambassadrice-de-suede-discute-de-la-gestion-des-dechets-avec-le-gouverneur\\\/389291\\\/#primaryimage\"},\"thumbnailUrl\":\"https:\\\/\\\/www.webdo.tn\\\/fr\\\/wp-content\\\/uploads\\\/2025\\\/12\\\/Capture-decran-2025-12-10-100431.jpg\",\"keywords\":[\"d\u00e9chets\",\"su\u00e8de\",\"Tunisie\"],\"articleSection\":[\"National\"],\"inLanguage\":\"fr-FR\"},{\"@type\":\"WebPage\",\"@id\":\"https:\\\/\\\/www.webdo.tn\\\/fr\\\/actualite\\\/national\\\/tunis-lambassadrice-de-suede-discute-de-la-gestion-des-dechets-avec-le-gouverneur\\\/389291\\\/\",\"url\":\"https:\\\/\\\/www.webdo.tn\\\/fr\\\/actualite\\\/national\\\/tunis-lambassadrice-de-suede-discute-de-la-gestion-des-dechets-avec-le-gouverneur\\\/389291\\\/\",\"name\":\"Tunis : L\u2019ambassadrice de Su\u00e8de discute de la gestion des d\u00e9chets avec le gouverneur - webdo\",\"isPartOf\":{\"@id\":\"https:\\\/\\\/www.webdo.tn\\\/fr\\\/#website\"},\"primaryImageOfPage\":{\"@id\":\"https:\\\/\\\/www.webdo.tn\\\/fr\\\/actualite\\\/national\\\/tunis-lambassadrice-de-suede-discute-de-la-gestion-des-dechets-avec-le-gouverneur\\\/389291\\\/#primaryimage\"},\"image\":{\"@id\":\"https:\\\/\\\/www.webdo.tn\\\/fr\\\/actualite\\\/national\\\/tunis-lambassadrice-de-suede-discute-de-la-gestion-des-dechets-avec-le-gouverneur\\\/389291\\\/#primaryimage\"},\"thumbnailUrl\":\"https:\\\/\\\/www.webdo.tn\\\/fr\\\/wp-content\\\/uploads\\\/2025\\\/12\\\/Capture-decran-2025-12-10-100431.jpg\",\"datePublished\":\"2025-12-10T09:11:49+00:00\",\"dateModified\":\"2025-12-10T09:11:57+00:00\",\"description\":\"D\u00e9couvrez comment la rencontre entre le gouverneur de Tunis et l'ambassadrice de Su\u00e8de a abord\u00e9 la gestion des d\u00e9chets.\",\"breadcrumb\":{\"@id\":\"https:\\\/\\\/www.webdo.tn\\\/fr\\\/actualite\\\/national\\\/tunis-lambassadrice-de-suede-discute-de-la-gestion-des-dechets-avec-le-gouverneur\\\/389291\\\/#breadcrumb\"},\"inLanguage\":\"fr-FR\",\"potentialAction\":[{\"@type\":\"ReadAction\",\"target\":[\"https:\\\/\\\/www.webdo.tn\\\/fr\\\/actualite\\\/national\\\/tunis-lambassadrice-de-suede-discute-de-la-gestion-des-dechets-avec-le-gouverneur\\\/389291\\\/\"]}]},{\"@type\":\"ImageObject\",\"inLanguage\":\"fr-FR\",\"@id\":\"https:\\\/\\\/www.webdo.tn\\\/fr\\\/actualite\\\/national\\\/tunis-lambassadrice-de-suede-discute-de-la-gestion-des-dechets-avec-le-gouverneur\\\/389291\\\/#primaryimage\",\"url\":\"https:\\\/\\\/www.webdo.tn\\\/fr\\\/wp-content\\\/uploads\\\/2025\\\/12\\\/Capture-decran-2025-12-10-100431.jpg\",\"contentUrl\":\"https:\\\/\\\/www.webdo.tn\\\/fr\\\/wp-content\\\/uploads\\\/2025\\\/12\\\/Capture-decran-2025-12-10-100431.jpg\",\"width\":1362,\"height\":891,\"caption\":\"Suede\"},{\"@type\":\"BreadcrumbList\",\"@id\":\"https:\\\/\\\/www.webdo.tn\\\/fr\\\/actualite\\\/national\\\/tunis-lambassadrice-de-suede-discute-de-la-gestion-des-dechets-avec-le-gouverneur\\\/389291\\\/#breadcrumb\",\"itemListElement\":[{\"@type\":\"ListItem\",\"position\":1,\"name\":\"Accueil\",\"item\":\"https:\\\/\\\/www.webdo.tn\\\/fr\\\/\"},{\"@type\":\"ListItem\",\"position\":2,\"name\":\"Tunis : L\u2019ambassadrice de Su\u00e8de discute de la gestion des d\u00e9chets avec le gouverneur\"}]},{\"@type\":\"WebSite\",\"@id\":\"https:\\\/\\\/www.webdo.tn\\\/fr\\\/#website\",\"url\":\"https:\\\/\\\/www.webdo.tn\\\/fr\\\/\",\"name\":\"webdo\",\"description\":\"Tunisie - News en Tunisie et \u00e0 l&#039;international sur Webdo.tn\",\"publisher\":{\"@id\":\"https:\\\/\\\/www.webdo.tn\\\/fr\\\/#organization\"},\"potentialAction\":[{\"@type\":\"SearchAction\",\"target\":{\"@type\":\"EntryPoint\",\"urlTemplate\":\"https:\\\/\\\/www.webdo.tn\\\/fr\\\/?s={search_term_string}\"},\"query-input\":{\"@type\":\"PropertyValueSpecification\",\"valueRequired\":true,\"valueName\":\"search_term_string\"}}],\"inLanguage\":\"fr-FR\"},{\"@type\":\"Organization\",\"@id\":\"https:\\\/\\\/www.webdo.tn\\\/fr\\\/#organization\",\"name\":\"Webdo\",\"alternateName\":\"Webdo.tn\",\"url\":\"https:\\\/\\\/www.webdo.tn\\\/fr\\\/\",\"logo\":{\"@type\":\"ImageObject\",\"inLanguage\":\"fr-FR\",\"@id\":\"https:\\\/\\\/www.webdo.tn\\\/fr\\\/#\\\/schema\\\/logo\\\/image\\\/\",\"url\":\"https:\\\/\\\/www.webdo.tn\\\/fr\\\/wp-content\\\/uploads\\\/2025\\\/06\\\/Webdo-Tunisie_168377.jpg\",\"contentUrl\":\"https:\\\/\\\/www.webdo.tn\\\/fr\\\/wp-content\\\/uploads\\\/2025\\\/06\\\/Webdo-Tunisie_168377.jpg\",\"width\":301,\"height\":301,\"caption\":\"Webdo\"},\"image\":{\"@id\":\"https:\\\/\\\/www.webdo.tn\\\/fr\\\/#\\\/schema\\\/logo\\\/image\\\/\"},\"sameAs\":[\"https:\\\/\\\/www.facebook.com\\\/webdotn\",\"https:\\\/\\\/x.com\\\/webdo_tn\"],\"description\":\"Webdo est un m\u00e9dia num\u00e9rique tunisien fond\u00e9 en 2010, sp\u00e9cialis\u00e9 dans l\u2019actualit\u00e9 nationale et internationale, l\u2019\u00e9conomie, la soci\u00e9t\u00e9 et les analyses politiques. Le site s\u2019adresse \u00e0 un large public francophone et couvre l\u2019information tunisienne en temps r\u00e9el.\",\"email\":\"redac@webdo.tn\",\"legalName\":\"YNJ SARL\",\"foundingDate\":\"2010-09-06\",\"numberOfEmployees\":{\"@type\":\"QuantitativeValue\",\"minValue\":\"11\",\"maxValue\":\"50\"}},{\"@type\":\"Person\",\"@id\":\"https:\\\/\\\/www.webdo.tn\\\/fr\\\/#\\\/schema\\\/person\\\/b9ecde7a5574cb4fcf4b496ea5fadb15\",\"name\":\"Wided Belhaj\",\"image\":{\"@type\":\"ImageObject\",\"inLanguage\":\"fr-FR\",\"@id\":\"https:\\\/\\\/www.webdo.tn\\\/fr\\\/wp-content\\\/uploads\\\/2026\\\/04\\\/wided-belhaj_avatar-96x96.jpg\",\"url\":\"https:\\\/\\\/www.webdo.tn\\\/fr\\\/wp-content\\\/uploads\\\/2026\\\/04\\\/wided-belhaj_avatar-96x96.jpg\",\"contentUrl\":\"https:\\\/\\\/www.webdo.tn\\\/fr\\\/wp-content\\\/uploads\\\/2026\\\/04\\\/wided-belhaj_avatar-96x96.jpg\",\"caption\":\"Wided Belhaj\"},\"description\":\"Wided Belhaj est le pseudonyme \u00e9ditorial utilis\u00e9 par Khalil Jelassi, journaliste, ma\u00eetre-assistant \u00e0 l\u2019Institut de presse et des sciences de l\u2019information (IPSI) et chercheur en sciences de l\u2019information et de la communication. Cette signature est d\u00e9di\u00e9e \u00e0 l\u2019analyse des m\u00e9dias, des pratiques journalistiques et des mutations de l\u2019information \u00e0 l\u2019\u00e8re digitale. \u00c0 travers ses contributions, Wided Belhaj propose une lecture analytique de l\u2019actualit\u00e9, en croisant regard critique et expertise acad\u00e9mique.\",\"knowsAbout\":[\"m\u00e9dias\",\"journalisme\",\"communication\",\"information\",\"transformation num\u00e9rique\",\"analyse des m\u00e9dias\"],\"knowsLanguage\":[\"Fran\u00e7ais\",\"Arabe\"],\"jobTitle\":\"Webdo.tn\",\"worksFor\":\"Journaliste \u2013 Analyse des m\u00e9dias\",\"url\":\"https:\\\/\\\/www.webdo.tn\\\/fr\\\/actualite\\\/author\\\/wided-belhaj\\\/\"}]}<\/script>\n<!-- \/ Yoast SEO Premium plugin. -->","yoast_head_json":{"title":"Tunis : L\u2019ambassadrice de Su\u00e8de discute de la gestion des d\u00e9chets avec le gouverneur - webdo","description":"D\u00e9couvrez comment la rencontre entre le gouverneur de Tunis et l'ambassadrice de Su\u00e8de a abord\u00e9 la gestion des d\u00e9chets.","canonical":"https:\/\/www.webdo.tn\/fr\/actualite\/national\/tunis-lambassadrice-de-suede-discute-de-la-gestion-des-dechets-avec-le-gouverneur\/389291\/","og_locale":"fr_FR","og_type":"article","og_title":"Tunis : L\u2019ambassadrice de Su\u00e8de discute de la gestion des d\u00e9chets avec le gouverneur","og_description":"D\u00e9couvrez comment la rencontre entre le gouverneur de Tunis et l'ambassadrice de Su\u00e8de a abord\u00e9 la gestion des d\u00e9chets.","og_url":"https:\/\/www.webdo.tn\/fr\/actualite\/national\/tunis-lambassadrice-de-suede-discute-de-la-gestion-des-dechets-avec-le-gouverneur\/389291\/","og_site_name":"webdo","article_publisher":"https:\/\/www.facebook.com\/webdotn","article_published_time":"2025-12-10T09:11:49+00:00","article_modified_time":"2025-12-10T09:11:57+00:00","og_image":[{"width":1362,"height":891,"url":"https:\/\/www.webdo.tn\/fr\/wp-content\/uploads\/2025\/12\/Capture-decran-2025-12-10-100431.jpg","type":"image\/jpeg"}],"author":"Wided Belhaj","twitter_card":"summary_large_image","twitter_creator":"@webdo_tn","twitter_site":"@webdo_tn","twitter_misc":{"\u00c9crit par":"Wided Belhaj","Dur\u00e9e de lecture estim\u00e9e":"2 minutes"},"schema":{"@context":"https:\/\/schema.org","@graph":[{"@type":"NewsArticle","@id":"https:\/\/www.webdo.tn\/fr\/actualite\/national\/tunis-lambassadrice-de-suede-discute-de-la-gestion-des-dechets-avec-le-gouverneur\/389291\/#article","isPartOf":{"@id":"https:\/\/www.webdo.tn\/fr\/actualite\/national\/tunis-lambassadrice-de-suede-discute-de-la-gestion-des-dechets-avec-le-gouverneur\/389291\/"},"author":{"name":"Wided Belhaj","@id":"https:\/\/www.webdo.tn\/fr\/#\/schema\/person\/b9ecde7a5574cb4fcf4b496ea5fadb15"},"headline":"Tunis : L\u2019ambassadrice de Su\u00e8de discute de la gestion des d\u00e9chets avec le gouverneur","datePublished":"2025-12-10T09:11:49+00:00","dateModified":"2025-12-10T09:11:57+00:00","mainEntityOfPage":{"@id":"https:\/\/www.webdo.tn\/fr\/actualite\/national\/tunis-lambassadrice-de-suede-discute-de-la-gestion-des-dechets-avec-le-gouverneur\/389291\/"},"wordCount":221,"publisher":{"@id":"https:\/\/www.webdo.tn\/fr\/#organization"},"image":{"@id":"https:\/\/www.webdo.tn\/fr\/actualite\/national\/tunis-lambassadrice-de-suede-discute-de-la-gestion-des-dechets-avec-le-gouverneur\/389291\/#primaryimage"},"thumbnailUrl":"https:\/\/www.webdo.tn\/fr\/wp-content\/uploads\/2025\/12\/Capture-decran-2025-12-10-100431.jpg","keywords":["d\u00e9chets","su\u00e8de","Tunisie"],"articleSection":["National"],"inLanguage":"fr-FR"},{"@type":"WebPage","@id":"https:\/\/www.webdo.tn\/fr\/actualite\/national\/tunis-lambassadrice-de-suede-discute-de-la-gestion-des-dechets-avec-le-gouverneur\/389291\/","url":"https:\/\/www.webdo.tn\/fr\/actualite\/national\/tunis-lambassadrice-de-suede-discute-de-la-gestion-des-dechets-avec-le-gouverneur\/389291\/","name":"Tunis : L\u2019ambassadrice de Su\u00e8de discute de la gestion des d\u00e9chets avec le gouverneur - webdo","isPartOf":{"@id":"https:\/\/www.webdo.tn\/fr\/#website"},"primaryImageOfPage":{"@id":"https:\/\/www.webdo.tn\/fr\/actualite\/national\/tunis-lambassadrice-de-suede-discute-de-la-gestion-des-dechets-avec-le-gouverneur\/389291\/#primaryimage"},"image":{"@id":"https:\/\/www.webdo.tn\/fr\/actualite\/national\/tunis-lambassadrice-de-suede-discute-de-la-gestion-des-dechets-avec-le-gouverneur\/389291\/#primaryimage"},"thumbnailUrl":"https:\/\/www.webdo.tn\/fr\/wp-content\/uploads\/2025\/12\/Capture-decran-2025-12-10-100431.jpg","datePublished":"2025-12-10T09:11:49+00:00","dateModified":"2025-12-10T09:11:57+00:00","description":"D\u00e9couvrez comment la rencontre entre le gouverneur de Tunis et l'ambassadrice de Su\u00e8de a abord\u00e9 la gestion des d\u00e9chets.","breadcrumb":{"@id":"https:\/\/www.webdo.tn\/fr\/actualite\/national\/tunis-lambassadrice-de-suede-discute-de-la-gestion-des-dechets-avec-le-gouverneur\/389291\/#breadcrumb"},"inLanguage":"fr-FR","potentialAction":[{"@type":"ReadAction","target":["https:\/\/www.webdo.tn\/fr\/actualite\/national\/tunis-lambassadrice-de-suede-discute-de-la-gestion-des-dechets-avec-le-gouverneur\/389291\/"]}]},{"@type":"ImageObject","inLanguage":"fr-FR","@id":"https:\/\/www.webdo.tn\/fr\/actualite\/national\/tunis-lambassadrice-de-suede-discute-de-la-gestion-des-dechets-avec-le-gouverneur\/389291\/#primaryimage","url":"https:\/\/www.webdo.tn\/fr\/wp-content\/uploads\/2025\/12\/Capture-decran-2025-12-10-100431.jpg","contentUrl":"https:\/\/www.webdo.tn\/fr\/wp-content\/uploads\/2025\/12\/Capture-decran-2025-12-10-100431.jpg","width":1362,"height":891,"caption":"Suede"},{"@type":"BreadcrumbList","@id":"https:\/\/www.webdo.tn\/fr\/actualite\/national\/tunis-lambassadrice-de-suede-discute-de-la-gestion-des-dechets-avec-le-gouverneur\/389291\/#breadcrumb","itemListElement":[{"@type":"ListItem","position":1,"name":"Accueil","item":"https:\/\/www.webdo.tn\/fr\/"},{"@type":"ListItem","position":2,"name":"Tunis : L\u2019ambassadrice de Su\u00e8de discute de la gestion des d\u00e9chets avec le gouverneur"}]},{"@type":"WebSite","@id":"https:\/\/www.webdo.tn\/fr\/#website","url":"https:\/\/www.webdo.tn\/fr\/","name":"webdo","description":"Tunisie - News en Tunisie et \u00e0 l&#039;international sur Webdo.tn","publisher":{"@id":"https:\/\/www.webdo.tn\/fr\/#organization"},"potentialAction":[{"@type":"SearchAction","target":{"@type":"EntryPoint","urlTemplate":"https:\/\/www.webdo.tn\/fr\/?s={search_term_string}"},"query-input":{"@type":"PropertyValueSpecification","valueRequired":true,"valueName":"search_term_string"}}],"inLanguage":"fr-FR"},{"@type":"Organization","@id":"https:\/\/www.webdo.tn\/fr\/#organization","name":"Webdo","alternateName":"Webdo.tn","url":"https:\/\/www.webdo.tn\/fr\/","logo":{"@type":"ImageObject","inLanguage":"fr-FR","@id":"https:\/\/www.webdo.tn\/fr\/#\/schema\/logo\/image\/","url":"https:\/\/www.webdo.tn\/fr\/wp-content\/uploads\/2025\/06\/Webdo-Tunisie_168377.jpg","contentUrl":"https:\/\/www.webdo.tn\/fr\/wp-content\/uploads\/2025\/06\/Webdo-Tunisie_168377.jpg","width":301,"height":301,"caption":"Webdo"},"image":{"@id":"https:\/\/www.webdo.tn\/fr\/#\/schema\/logo\/image\/"},"sameAs":["https:\/\/www.facebook.com\/webdotn","https:\/\/x.com\/webdo_tn"],"description":"Webdo est un m\u00e9dia num\u00e9rique tunisien fond\u00e9 en 2010, sp\u00e9cialis\u00e9 dans l\u2019actualit\u00e9 nationale et internationale, l\u2019\u00e9conomie, la soci\u00e9t\u00e9 et les analyses politiques. Le site s\u2019adresse \u00e0 un large public francophone et couvre l\u2019information tunisienne en temps r\u00e9el.","email":"redac@webdo.tn","legalName":"YNJ SARL","foundingDate":"2010-09-06","numberOfEmployees":{"@type":"QuantitativeValue","minValue":"11","maxValue":"50"}},{"@type":"Person","@id":"https:\/\/www.webdo.tn\/fr\/#\/schema\/person\/b9ecde7a5574cb4fcf4b496ea5fadb15","name":"Wided Belhaj","image":{"@type":"ImageObject","inLanguage":"fr-FR","@id":"https:\/\/www.webdo.tn\/fr\/wp-content\/uploads\/2026\/04\/wided-belhaj_avatar-96x96.jpg","url":"https:\/\/www.webdo.tn\/fr\/wp-content\/uploads\/2026\/04\/wided-belhaj_avatar-96x96.jpg","contentUrl":"https:\/\/www.webdo.tn\/fr\/wp-content\/uploads\/2026\/04\/wided-belhaj_avatar-96x96.jpg","caption":"Wided Belhaj"},"description":"Wided Belhaj est le pseudonyme \u00e9ditorial utilis\u00e9 par Khalil Jelassi, journaliste, ma\u00eetre-assistant \u00e0 l\u2019Institut de presse et des sciences de l\u2019information (IPSI) et chercheur en sciences de l\u2019information et de la communication. Cette signature est d\u00e9di\u00e9e \u00e0 l\u2019analyse des m\u00e9dias, des pratiques journalistiques et des mutations de l\u2019information \u00e0 l\u2019\u00e8re digitale. \u00c0 travers ses contributions, Wided Belhaj propose une lecture analytique de l\u2019actualit\u00e9, en croisant regard critique et expertise acad\u00e9mique.","knowsAbout":["m\u00e9dias","journalisme","communication","information","transformation num\u00e9rique","analyse des m\u00e9dias"],"knowsLanguage":["Fran\u00e7ais","Arabe"],"jobTitle":"Webdo.tn","worksFor":"Journaliste \u2013 Analyse des m\u00e9dias","url":"https:\/\/www.webdo.tn\/fr\/actualite\/author\/wided-belhaj\/"}]}},"_links":{"self":[{"href":"https:\/\/www.webdo.tn\/fr\/wp-json\/wp\/v2\/posts\/389291","targetHints":{"allow":["GET"]}}],"collection":[{"href":"https:\/\/www.webdo.tn\/fr\/wp-json\/wp\/v2\/posts"}],"about":[{"href":"https:\/\/www.webdo.tn\/fr\/wp-json\/wp\/v2\/types\/post"}],"author":[{"embeddable":true,"href":"https:\/\/www.webdo.tn\/fr\/wp-json\/wp\/v2\/users\/3184"}],"replies":[{"embeddable":true,"href":"https:\/\/www.webdo.tn\/fr\/wp-json\/wp\/v2\/comments?post=389291"}],"version-history":[{"count":0,"href":"https:\/\/www.webdo.tn\/fr\/wp-json\/wp\/v2\/posts\/389291\/revisions"}],"wp:featuredmedia":[{"embeddable":true,"href":"https:\/\/www.webdo.tn\/fr\/wp-json\/wp\/v2\/media\/389293"}],"wp:attachment":[{"href":"https:\/\/www.webdo.tn\/fr\/wp-json\/wp\/v2\/media?parent=389291"}],"wp:term":[{"taxonomy":"category","embeddable":true,"href":"https:\/\/www.webdo.tn\/fr\/wp-json\/wp\/v2\/categories?post=389291"},{"taxonomy":"post_tag","embeddable":true,"href":"https:\/\/www.webdo.tn\/fr\/wp-json\/wp\/v2\/tags?post=389291"}],"curies":[{"name":"wp","href":"https:\/\/api.w.org\/{rel}","templated":true}]}}