{"id":389285,"date":"2025-12-10T09:43:26","date_gmt":"2025-12-10T08:43:26","guid":{"rendered":"https:\/\/www.webdo.tn\/fr\/?p=389285"},"modified":"2025-12-10T09:44:29","modified_gmt":"2025-12-10T08:44:29","slug":"17-decembre-les-pro-saied-preparent-une-demonstration-de-rue","status":"publish","type":"post","link":"https:\/\/www.webdo.tn\/fr\/actualite\/national\/17-decembre-les-pro-saied-preparent-une-demonstration-de-rue\/389285\/","title":{"rendered":"17 d\u00e9cembre : Les pro-Saied pr\u00e9parent une d\u00e9monstration de rue !"},"content":{"rendered":"\n<p><\/p>\n\n\n\n<p>Les partisans du pr\u00e9sident Ka\u00efs Sa\u00efed pr\u00e9parent une large mobilisation le 17 d\u00e9cembre, date porteuse d\u2019une forte charge symbolique puisqu\u2019elle marque le d\u00e9clenchement de la r\u00e9volution tunisienne. L\u2019objectif annonc\u00e9 est de d\u00e9noncer \u00ab l\u2019ing\u00e9rence \u00e9trang\u00e8re \u00bb dans les affaires du pays, un th\u00e8me devenu central dans le discours des soutiens du chef de l\u2019\u00c9tat. Mais au-del\u00e0 de l\u2019affichage souverainiste, cette initiative s\u2019inscrit dans un moment politique tendu o\u00f9 les dynamiques de rue commencent \u00e0 peser. <\/p>\n\n\n\n<p>Depuis plusieurs semaines, des manifestations importantes ont \u00e9t\u00e9 organis\u00e9es dans la capitale et dans plusieurs r\u00e9gions pour d\u00e9noncer la d\u00e9t\u00e9rioration des libert\u00e9s publiques, les arrestations d\u2019opposants, l\u2019usage du syst\u00e8me judiciaire contre des voix critiques. Les slogans en faveur de la libert\u00e9 d\u2019expression, de l\u2019ind\u00e9pendance de la justice et de la lib\u00e9ration des d\u00e9tenus politiques se sont multipli\u00e9s.<\/p>\n\n\n\n<p>Face \u00e0 cette dynamique, les partisans du pr\u00e9sident cherchent \u00e0 occuper \u00e0 leur tour l\u2019espace public. Plusieurs marches de soutien ont \u00e9t\u00e9 observ\u00e9es ces derniers mois, affirmant la n\u00e9cessit\u00e9 de d\u00e9fendre la souverainet\u00e9 nationale et de s\u2019opposer \u00e0 toute pression ext\u00e9rieure. Le 17 d\u00e9cembre s\u2019inscrit dans la continuit\u00e9 de cette logique.<\/p>\n\n\n\n<h2 class=\"wp-block-heading\" id=\"h-un-contre-recit-politique\">Un contre-r\u00e9cit politique<\/h2>\n\n\n\n<p>La manifestation annonc\u00e9e est per\u00e7ue comme un contre-rassemblement destin\u00e9 \u00e0 r\u00e9pondre \u00e0 la mont\u00e9e des protestations anti-r\u00e9gime.  Le choix du 17 d\u00e9cembre ajoute une dimension symbolique forte. En convoquant la m\u00e9moire du d\u00e9clenchement de la r\u00e9volution, les organisateurs cherchent \u00e0 inscrire le soutien \u00e0 Ka\u00efs Sa\u00efed dans la continuit\u00e9 historique du soul\u00e8vement populaire de 2010, en red\u00e9finissant son sens autour de la souverainet\u00e9 et de la rupture avec les anciennes \u00e9lites.<\/p>\n\n\n\n<p>Entre, d\u2019un c\u00f4t\u00e9, des mobilisations appelant au respect des libert\u00e9s fondamentales et, de l\u2019autre, des rassemblements soutenant la fermet\u00e9 en mati\u00e8re de souverainet\u00e9 nationale, la sc\u00e8ne tunisienne se retrouve structur\u00e9e par deux visions oppos\u00e9es.<\/p>\n\n\n\n<p>La co\u00efncidence de ces mobilisations, parfois organis\u00e9es \u00e0 quelques jours d\u2019intervalle, cr\u00e9e un climat o\u00f9 chaque camp tente d\u2019imposer son r\u00e9cit et de peser sur le rapport de force politique.<\/p>\n\n\n\n<p><\/p>\n\n\n\n<blockquote class=\"wp-block-quote is-layout-flow wp-block-quote-is-layout-flow\">\n<blockquote class=\"wp-block-quote is-layout-flow wp-block-quote-is-layout-flow\">\n<p>Lire aussi : <a href=\"https:\/\/www.webdo.tn\/fr\/actualite\/national\/a-tunis-la-marche-lopposition-nest-pas-un-crime-sinscrit-dans-une-sequence-protestataire-croissante\/388995\/\">\u00c0 Tunis, la marche \u2018L\u2019opposition n\u2019est pas un crime\u2019 s\u2019inscrit dans une s\u00e9quence protestataire croissante<\/a><br><\/p>\n<\/blockquote>\n<\/blockquote>\n","protected":false},"excerpt":{"rendered":"<p>Les partisans du pr\u00e9sident Ka\u00efs Sa\u00efed pr\u00e9parent une large mobilisation le 17 d\u00e9cembre, date porteuse d\u2019une forte charge symbolique puisqu\u2019elle marque le d\u00e9clenchement de la r\u00e9volution tunisienne. L\u2019objectif annonc\u00e9 est de d\u00e9noncer \u00ab l\u2019ing\u00e9rence \u00e9trang\u00e8re \u00bb dans les affaires du pays, un th\u00e8me devenu central dans le discours des soutiens du chef de l\u2019\u00c9tat. Mais [&hellip;]<\/p>\n","protected":false},"author":3184,"featured_media":389286,"comment_status":"closed","ping_status":"closed","sticky":false,"template":"","format":"standard","meta":{"footnotes":""},"categories":[44],"tags":[2817,3418,2608],"class_list":["post-389285","post","type-post","status-publish","format-standard","has-post-thumbnail","hentry","category-national","tag-manifestation","tag-saied","tag-tunisie"],"yoast_head":"<!-- This site is optimized with the Yoast SEO Premium plugin v27.5 (Yoast SEO v27.5) - https:\/\/yoast.com\/product\/yoast-seo-premium-wordpress\/ -->\n<title>17 d\u00e9cembre : Les pro-Saied pr\u00e9parent une d\u00e9monstration de rue ! - webdo<\/title>\n<meta name=\"description\" content=\"Le 17 d\u00e9cembre, une mobilisation importante est pr\u00e9vue pour d\u00e9fendre la souverainet\u00e9 et d\u00e9noncer l&#039;ing\u00e9rence \u00e9trang\u00e8re en Tunisie.\" \/>\n<link rel=\"canonical\" href=\"https:\/\/www.webdo.tn\/fr\/actualite\/national\/17-decembre-les-pro-saied-preparent-une-demonstration-de-rue\/389285\/\" \/>\n<meta property=\"og:locale\" content=\"fr_FR\" \/>\n<meta property=\"og:type\" content=\"article\" \/>\n<meta property=\"og:title\" content=\"17 d\u00e9cembre : Les pro-Saied pr\u00e9parent une d\u00e9monstration de rue !\" \/>\n<meta property=\"og:description\" content=\"Le 17 d\u00e9cembre, une mobilisation importante est pr\u00e9vue pour d\u00e9fendre la souverainet\u00e9 et d\u00e9noncer l&#039;ing\u00e9rence \u00e9trang\u00e8re en Tunisie.\" \/>\n<meta property=\"og:url\" content=\"https:\/\/www.webdo.tn\/fr\/actualite\/national\/17-decembre-les-pro-saied-preparent-une-demonstration-de-rue\/389285\/\" \/>\n<meta property=\"og:site_name\" content=\"webdo\" \/>\n<meta property=\"article:publisher\" content=\"https:\/\/www.facebook.com\/webdotn\" \/>\n<meta property=\"article:published_time\" content=\"2025-12-10T08:43:26+00:00\" \/>\n<meta property=\"article:modified_time\" content=\"2025-12-10T08:44:29+00:00\" \/>\n<meta property=\"og:image\" content=\"https:\/\/www.webdo.tn\/fr\/wp-content\/uploads\/2025\/12\/Capture-decran-2025-12-10-092133.jpg\" \/>\n\t<meta property=\"og:image:width\" content=\"1565\" \/>\n\t<meta property=\"og:image:height\" content=\"883\" \/>\n\t<meta property=\"og:image:type\" content=\"image\/jpeg\" \/>\n<meta name=\"author\" content=\"Wided Belhaj\" \/>\n<meta name=\"twitter:card\" content=\"summary_large_image\" \/>\n<meta name=\"twitter:creator\" content=\"@webdo_tn\" \/>\n<meta name=\"twitter:site\" content=\"@webdo_tn\" \/>\n<meta name=\"twitter:label1\" content=\"\u00c9crit par\" \/>\n\t<meta name=\"twitter:data1\" content=\"Wided Belhaj\" \/>\n\t<meta name=\"twitter:label2\" content=\"Dur\u00e9e de lecture estim\u00e9e\" \/>\n\t<meta name=\"twitter:data2\" content=\"2 minutes\" \/>\n<script type=\"application\/ld+json\" class=\"yoast-schema-graph\">{\"@context\":\"https:\\\/\\\/schema.org\",\"@graph\":[{\"@type\":\"NewsArticle\",\"@id\":\"https:\\\/\\\/www.webdo.tn\\\/fr\\\/actualite\\\/national\\\/17-decembre-les-pro-saied-preparent-une-demonstration-de-rue\\\/389285\\\/#article\",\"isPartOf\":{\"@id\":\"https:\\\/\\\/www.webdo.tn\\\/fr\\\/actualite\\\/national\\\/17-decembre-les-pro-saied-preparent-une-demonstration-de-rue\\\/389285\\\/\"},\"author\":{\"name\":\"Wided Belhaj\",\"@id\":\"https:\\\/\\\/www.webdo.tn\\\/fr\\\/#\\\/schema\\\/person\\\/b9ecde7a5574cb4fcf4b496ea5fadb15\"},\"headline\":\"17 d\u00e9cembre : Les pro-Saied pr\u00e9parent une d\u00e9monstration de rue !\",\"datePublished\":\"2025-12-10T08:43:26+00:00\",\"dateModified\":\"2025-12-10T08:44:29+00:00\",\"mainEntityOfPage\":{\"@id\":\"https:\\\/\\\/www.webdo.tn\\\/fr\\\/actualite\\\/national\\\/17-decembre-les-pro-saied-preparent-une-demonstration-de-rue\\\/389285\\\/\"},\"wordCount\":406,\"publisher\":{\"@id\":\"https:\\\/\\\/www.webdo.tn\\\/fr\\\/#organization\"},\"image\":{\"@id\":\"https:\\\/\\\/www.webdo.tn\\\/fr\\\/actualite\\\/national\\\/17-decembre-les-pro-saied-preparent-une-demonstration-de-rue\\\/389285\\\/#primaryimage\"},\"thumbnailUrl\":\"https:\\\/\\\/www.webdo.tn\\\/fr\\\/wp-content\\\/uploads\\\/2025\\\/12\\\/Capture-decran-2025-12-10-092133.jpg\",\"keywords\":[\"Manifestation\",\"Saied\",\"Tunisie\"],\"articleSection\":[\"National\"],\"inLanguage\":\"fr-FR\"},{\"@type\":\"WebPage\",\"@id\":\"https:\\\/\\\/www.webdo.tn\\\/fr\\\/actualite\\\/national\\\/17-decembre-les-pro-saied-preparent-une-demonstration-de-rue\\\/389285\\\/\",\"url\":\"https:\\\/\\\/www.webdo.tn\\\/fr\\\/actualite\\\/national\\\/17-decembre-les-pro-saied-preparent-une-demonstration-de-rue\\\/389285\\\/\",\"name\":\"17 d\u00e9cembre : Les pro-Saied pr\u00e9parent une d\u00e9monstration de rue ! - webdo\",\"isPartOf\":{\"@id\":\"https:\\\/\\\/www.webdo.tn\\\/fr\\\/#website\"},\"primaryImageOfPage\":{\"@id\":\"https:\\\/\\\/www.webdo.tn\\\/fr\\\/actualite\\\/national\\\/17-decembre-les-pro-saied-preparent-une-demonstration-de-rue\\\/389285\\\/#primaryimage\"},\"image\":{\"@id\":\"https:\\\/\\\/www.webdo.tn\\\/fr\\\/actualite\\\/national\\\/17-decembre-les-pro-saied-preparent-une-demonstration-de-rue\\\/389285\\\/#primaryimage\"},\"thumbnailUrl\":\"https:\\\/\\\/www.webdo.tn\\\/fr\\\/wp-content\\\/uploads\\\/2025\\\/12\\\/Capture-decran-2025-12-10-092133.jpg\",\"datePublished\":\"2025-12-10T08:43:26+00:00\",\"dateModified\":\"2025-12-10T08:44:29+00:00\",\"description\":\"Le 17 d\u00e9cembre, une mobilisation importante est pr\u00e9vue pour d\u00e9fendre la souverainet\u00e9 et d\u00e9noncer l'ing\u00e9rence \u00e9trang\u00e8re en Tunisie.\",\"breadcrumb\":{\"@id\":\"https:\\\/\\\/www.webdo.tn\\\/fr\\\/actualite\\\/national\\\/17-decembre-les-pro-saied-preparent-une-demonstration-de-rue\\\/389285\\\/#breadcrumb\"},\"inLanguage\":\"fr-FR\",\"potentialAction\":[{\"@type\":\"ReadAction\",\"target\":[\"https:\\\/\\\/www.webdo.tn\\\/fr\\\/actualite\\\/national\\\/17-decembre-les-pro-saied-preparent-une-demonstration-de-rue\\\/389285\\\/\"]}]},{\"@type\":\"ImageObject\",\"inLanguage\":\"fr-FR\",\"@id\":\"https:\\\/\\\/www.webdo.tn\\\/fr\\\/actualite\\\/national\\\/17-decembre-les-pro-saied-preparent-une-demonstration-de-rue\\\/389285\\\/#primaryimage\",\"url\":\"https:\\\/\\\/www.webdo.tn\\\/fr\\\/wp-content\\\/uploads\\\/2025\\\/12\\\/Capture-decran-2025-12-10-092133.jpg\",\"contentUrl\":\"https:\\\/\\\/www.webdo.tn\\\/fr\\\/wp-content\\\/uploads\\\/2025\\\/12\\\/Capture-decran-2025-12-10-092133.jpg\",\"width\":1565,\"height\":883,\"caption\":\"Manifestation\"},{\"@type\":\"BreadcrumbList\",\"@id\":\"https:\\\/\\\/www.webdo.tn\\\/fr\\\/actualite\\\/national\\\/17-decembre-les-pro-saied-preparent-une-demonstration-de-rue\\\/389285\\\/#breadcrumb\",\"itemListElement\":[{\"@type\":\"ListItem\",\"position\":1,\"name\":\"Accueil\",\"item\":\"https:\\\/\\\/www.webdo.tn\\\/fr\\\/\"},{\"@type\":\"ListItem\",\"position\":2,\"name\":\"17 d\u00e9cembre : Les pro-Saied pr\u00e9parent une d\u00e9monstration de rue !\"}]},{\"@type\":\"WebSite\",\"@id\":\"https:\\\/\\\/www.webdo.tn\\\/fr\\\/#website\",\"url\":\"https:\\\/\\\/www.webdo.tn\\\/fr\\\/\",\"name\":\"webdo\",\"description\":\"Tunisie - News en Tunisie et \u00e0 l&#039;international sur Webdo.tn\",\"publisher\":{\"@id\":\"https:\\\/\\\/www.webdo.tn\\\/fr\\\/#organization\"},\"potentialAction\":[{\"@type\":\"SearchAction\",\"target\":{\"@type\":\"EntryPoint\",\"urlTemplate\":\"https:\\\/\\\/www.webdo.tn\\\/fr\\\/?s={search_term_string}\"},\"query-input\":{\"@type\":\"PropertyValueSpecification\",\"valueRequired\":true,\"valueName\":\"search_term_string\"}}],\"inLanguage\":\"fr-FR\"},{\"@type\":\"Organization\",\"@id\":\"https:\\\/\\\/www.webdo.tn\\\/fr\\\/#organization\",\"name\":\"Webdo\",\"alternateName\":\"Webdo.tn\",\"url\":\"https:\\\/\\\/www.webdo.tn\\\/fr\\\/\",\"logo\":{\"@type\":\"ImageObject\",\"inLanguage\":\"fr-FR\",\"@id\":\"https:\\\/\\\/www.webdo.tn\\\/fr\\\/#\\\/schema\\\/logo\\\/image\\\/\",\"url\":\"https:\\\/\\\/www.webdo.tn\\\/fr\\\/wp-content\\\/uploads\\\/2025\\\/06\\\/Webdo-Tunisie_168377.jpg\",\"contentUrl\":\"https:\\\/\\\/www.webdo.tn\\\/fr\\\/wp-content\\\/uploads\\\/2025\\\/06\\\/Webdo-Tunisie_168377.jpg\",\"width\":301,\"height\":301,\"caption\":\"Webdo\"},\"image\":{\"@id\":\"https:\\\/\\\/www.webdo.tn\\\/fr\\\/#\\\/schema\\\/logo\\\/image\\\/\"},\"sameAs\":[\"https:\\\/\\\/www.facebook.com\\\/webdotn\",\"https:\\\/\\\/x.com\\\/webdo_tn\"],\"description\":\"Webdo est un m\u00e9dia num\u00e9rique tunisien fond\u00e9 en 2010, sp\u00e9cialis\u00e9 dans l\u2019actualit\u00e9 nationale et internationale, l\u2019\u00e9conomie, la soci\u00e9t\u00e9 et les analyses politiques. Le site s\u2019adresse \u00e0 un large public francophone et couvre l\u2019information tunisienne en temps r\u00e9el.\",\"email\":\"redac@webdo.tn\",\"legalName\":\"YNJ SARL\",\"foundingDate\":\"2010-09-06\",\"numberOfEmployees\":{\"@type\":\"QuantitativeValue\",\"minValue\":\"11\",\"maxValue\":\"50\"}},{\"@type\":\"Person\",\"@id\":\"https:\\\/\\\/www.webdo.tn\\\/fr\\\/#\\\/schema\\\/person\\\/b9ecde7a5574cb4fcf4b496ea5fadb15\",\"name\":\"Wided Belhaj\",\"image\":{\"@type\":\"ImageObject\",\"inLanguage\":\"fr-FR\",\"@id\":\"https:\\\/\\\/www.webdo.tn\\\/fr\\\/wp-content\\\/uploads\\\/2026\\\/04\\\/wided-belhaj_avatar-96x96.jpg\",\"url\":\"https:\\\/\\\/www.webdo.tn\\\/fr\\\/wp-content\\\/uploads\\\/2026\\\/04\\\/wided-belhaj_avatar-96x96.jpg\",\"contentUrl\":\"https:\\\/\\\/www.webdo.tn\\\/fr\\\/wp-content\\\/uploads\\\/2026\\\/04\\\/wided-belhaj_avatar-96x96.jpg\",\"caption\":\"Wided Belhaj\"},\"description\":\"Wided Belhaj est le pseudonyme \u00e9ditorial utilis\u00e9 par Khalil Jelassi, journaliste, ma\u00eetre-assistant \u00e0 l\u2019Institut de presse et des sciences de l\u2019information (IPSI) et chercheur en sciences de l\u2019information et de la communication. Cette signature est d\u00e9di\u00e9e \u00e0 l\u2019analyse des m\u00e9dias, des pratiques journalistiques et des mutations de l\u2019information \u00e0 l\u2019\u00e8re digitale. \u00c0 travers ses contributions, Wided Belhaj propose une lecture analytique de l\u2019actualit\u00e9, en croisant regard critique et expertise acad\u00e9mique.\",\"knowsAbout\":[\"m\u00e9dias\",\"journalisme\",\"communication\",\"information\",\"transformation num\u00e9rique\",\"analyse des m\u00e9dias\"],\"knowsLanguage\":[\"Fran\u00e7ais\",\"Arabe\"],\"jobTitle\":\"Webdo.tn\",\"worksFor\":\"Journaliste \u2013 Analyse des m\u00e9dias\",\"url\":\"https:\\\/\\\/www.webdo.tn\\\/fr\\\/actualite\\\/author\\\/wided-belhaj\\\/\"}]}<\/script>\n<!-- \/ Yoast SEO Premium plugin. -->","yoast_head_json":{"title":"17 d\u00e9cembre : Les pro-Saied pr\u00e9parent une d\u00e9monstration de rue ! - webdo","description":"Le 17 d\u00e9cembre, une mobilisation importante est pr\u00e9vue pour d\u00e9fendre la souverainet\u00e9 et d\u00e9noncer l'ing\u00e9rence \u00e9trang\u00e8re en Tunisie.","canonical":"https:\/\/www.webdo.tn\/fr\/actualite\/national\/17-decembre-les-pro-saied-preparent-une-demonstration-de-rue\/389285\/","og_locale":"fr_FR","og_type":"article","og_title":"17 d\u00e9cembre : Les pro-Saied pr\u00e9parent une d\u00e9monstration de rue !","og_description":"Le 17 d\u00e9cembre, une mobilisation importante est pr\u00e9vue pour d\u00e9fendre la souverainet\u00e9 et d\u00e9noncer l'ing\u00e9rence \u00e9trang\u00e8re en Tunisie.","og_url":"https:\/\/www.webdo.tn\/fr\/actualite\/national\/17-decembre-les-pro-saied-preparent-une-demonstration-de-rue\/389285\/","og_site_name":"webdo","article_publisher":"https:\/\/www.facebook.com\/webdotn","article_published_time":"2025-12-10T08:43:26+00:00","article_modified_time":"2025-12-10T08:44:29+00:00","og_image":[{"width":1565,"height":883,"url":"https:\/\/www.webdo.tn\/fr\/wp-content\/uploads\/2025\/12\/Capture-decran-2025-12-10-092133.jpg","type":"image\/jpeg"}],"author":"Wided Belhaj","twitter_card":"summary_large_image","twitter_creator":"@webdo_tn","twitter_site":"@webdo_tn","twitter_misc":{"\u00c9crit par":"Wided Belhaj","Dur\u00e9e de lecture estim\u00e9e":"2 minutes"},"schema":{"@context":"https:\/\/schema.org","@graph":[{"@type":"NewsArticle","@id":"https:\/\/www.webdo.tn\/fr\/actualite\/national\/17-decembre-les-pro-saied-preparent-une-demonstration-de-rue\/389285\/#article","isPartOf":{"@id":"https:\/\/www.webdo.tn\/fr\/actualite\/national\/17-decembre-les-pro-saied-preparent-une-demonstration-de-rue\/389285\/"},"author":{"name":"Wided Belhaj","@id":"https:\/\/www.webdo.tn\/fr\/#\/schema\/person\/b9ecde7a5574cb4fcf4b496ea5fadb15"},"headline":"17 d\u00e9cembre : Les pro-Saied pr\u00e9parent une d\u00e9monstration de rue !","datePublished":"2025-12-10T08:43:26+00:00","dateModified":"2025-12-10T08:44:29+00:00","mainEntityOfPage":{"@id":"https:\/\/www.webdo.tn\/fr\/actualite\/national\/17-decembre-les-pro-saied-preparent-une-demonstration-de-rue\/389285\/"},"wordCount":406,"publisher":{"@id":"https:\/\/www.webdo.tn\/fr\/#organization"},"image":{"@id":"https:\/\/www.webdo.tn\/fr\/actualite\/national\/17-decembre-les-pro-saied-preparent-une-demonstration-de-rue\/389285\/#primaryimage"},"thumbnailUrl":"https:\/\/www.webdo.tn\/fr\/wp-content\/uploads\/2025\/12\/Capture-decran-2025-12-10-092133.jpg","keywords":["Manifestation","Saied","Tunisie"],"articleSection":["National"],"inLanguage":"fr-FR"},{"@type":"WebPage","@id":"https:\/\/www.webdo.tn\/fr\/actualite\/national\/17-decembre-les-pro-saied-preparent-une-demonstration-de-rue\/389285\/","url":"https:\/\/www.webdo.tn\/fr\/actualite\/national\/17-decembre-les-pro-saied-preparent-une-demonstration-de-rue\/389285\/","name":"17 d\u00e9cembre : Les pro-Saied pr\u00e9parent une d\u00e9monstration de rue ! - webdo","isPartOf":{"@id":"https:\/\/www.webdo.tn\/fr\/#website"},"primaryImageOfPage":{"@id":"https:\/\/www.webdo.tn\/fr\/actualite\/national\/17-decembre-les-pro-saied-preparent-une-demonstration-de-rue\/389285\/#primaryimage"},"image":{"@id":"https:\/\/www.webdo.tn\/fr\/actualite\/national\/17-decembre-les-pro-saied-preparent-une-demonstration-de-rue\/389285\/#primaryimage"},"thumbnailUrl":"https:\/\/www.webdo.tn\/fr\/wp-content\/uploads\/2025\/12\/Capture-decran-2025-12-10-092133.jpg","datePublished":"2025-12-10T08:43:26+00:00","dateModified":"2025-12-10T08:44:29+00:00","description":"Le 17 d\u00e9cembre, une mobilisation importante est pr\u00e9vue pour d\u00e9fendre la souverainet\u00e9 et d\u00e9noncer l'ing\u00e9rence \u00e9trang\u00e8re en Tunisie.","breadcrumb":{"@id":"https:\/\/www.webdo.tn\/fr\/actualite\/national\/17-decembre-les-pro-saied-preparent-une-demonstration-de-rue\/389285\/#breadcrumb"},"inLanguage":"fr-FR","potentialAction":[{"@type":"ReadAction","target":["https:\/\/www.webdo.tn\/fr\/actualite\/national\/17-decembre-les-pro-saied-preparent-une-demonstration-de-rue\/389285\/"]}]},{"@type":"ImageObject","inLanguage":"fr-FR","@id":"https:\/\/www.webdo.tn\/fr\/actualite\/national\/17-decembre-les-pro-saied-preparent-une-demonstration-de-rue\/389285\/#primaryimage","url":"https:\/\/www.webdo.tn\/fr\/wp-content\/uploads\/2025\/12\/Capture-decran-2025-12-10-092133.jpg","contentUrl":"https:\/\/www.webdo.tn\/fr\/wp-content\/uploads\/2025\/12\/Capture-decran-2025-12-10-092133.jpg","width":1565,"height":883,"caption":"Manifestation"},{"@type":"BreadcrumbList","@id":"https:\/\/www.webdo.tn\/fr\/actualite\/national\/17-decembre-les-pro-saied-preparent-une-demonstration-de-rue\/389285\/#breadcrumb","itemListElement":[{"@type":"ListItem","position":1,"name":"Accueil","item":"https:\/\/www.webdo.tn\/fr\/"},{"@type":"ListItem","position":2,"name":"17 d\u00e9cembre : Les pro-Saied pr\u00e9parent une d\u00e9monstration de rue !"}]},{"@type":"WebSite","@id":"https:\/\/www.webdo.tn\/fr\/#website","url":"https:\/\/www.webdo.tn\/fr\/","name":"webdo","description":"Tunisie - News en Tunisie et \u00e0 l&#039;international sur Webdo.tn","publisher":{"@id":"https:\/\/www.webdo.tn\/fr\/#organization"},"potentialAction":[{"@type":"SearchAction","target":{"@type":"EntryPoint","urlTemplate":"https:\/\/www.webdo.tn\/fr\/?s={search_term_string}"},"query-input":{"@type":"PropertyValueSpecification","valueRequired":true,"valueName":"search_term_string"}}],"inLanguage":"fr-FR"},{"@type":"Organization","@id":"https:\/\/www.webdo.tn\/fr\/#organization","name":"Webdo","alternateName":"Webdo.tn","url":"https:\/\/www.webdo.tn\/fr\/","logo":{"@type":"ImageObject","inLanguage":"fr-FR","@id":"https:\/\/www.webdo.tn\/fr\/#\/schema\/logo\/image\/","url":"https:\/\/www.webdo.tn\/fr\/wp-content\/uploads\/2025\/06\/Webdo-Tunisie_168377.jpg","contentUrl":"https:\/\/www.webdo.tn\/fr\/wp-content\/uploads\/2025\/06\/Webdo-Tunisie_168377.jpg","width":301,"height":301,"caption":"Webdo"},"image":{"@id":"https:\/\/www.webdo.tn\/fr\/#\/schema\/logo\/image\/"},"sameAs":["https:\/\/www.facebook.com\/webdotn","https:\/\/x.com\/webdo_tn"],"description":"Webdo est un m\u00e9dia num\u00e9rique tunisien fond\u00e9 en 2010, sp\u00e9cialis\u00e9 dans l\u2019actualit\u00e9 nationale et internationale, l\u2019\u00e9conomie, la soci\u00e9t\u00e9 et les analyses politiques. Le site s\u2019adresse \u00e0 un large public francophone et couvre l\u2019information tunisienne en temps r\u00e9el.","email":"redac@webdo.tn","legalName":"YNJ SARL","foundingDate":"2010-09-06","numberOfEmployees":{"@type":"QuantitativeValue","minValue":"11","maxValue":"50"}},{"@type":"Person","@id":"https:\/\/www.webdo.tn\/fr\/#\/schema\/person\/b9ecde7a5574cb4fcf4b496ea5fadb15","name":"Wided Belhaj","image":{"@type":"ImageObject","inLanguage":"fr-FR","@id":"https:\/\/www.webdo.tn\/fr\/wp-content\/uploads\/2026\/04\/wided-belhaj_avatar-96x96.jpg","url":"https:\/\/www.webdo.tn\/fr\/wp-content\/uploads\/2026\/04\/wided-belhaj_avatar-96x96.jpg","contentUrl":"https:\/\/www.webdo.tn\/fr\/wp-content\/uploads\/2026\/04\/wided-belhaj_avatar-96x96.jpg","caption":"Wided Belhaj"},"description":"Wided Belhaj est le pseudonyme \u00e9ditorial utilis\u00e9 par Khalil Jelassi, journaliste, ma\u00eetre-assistant \u00e0 l\u2019Institut de presse et des sciences de l\u2019information (IPSI) et chercheur en sciences de l\u2019information et de la communication. Cette signature est d\u00e9di\u00e9e \u00e0 l\u2019analyse des m\u00e9dias, des pratiques journalistiques et des mutations de l\u2019information \u00e0 l\u2019\u00e8re digitale. \u00c0 travers ses contributions, Wided Belhaj propose une lecture analytique de l\u2019actualit\u00e9, en croisant regard critique et expertise acad\u00e9mique.","knowsAbout":["m\u00e9dias","journalisme","communication","information","transformation num\u00e9rique","analyse des m\u00e9dias"],"knowsLanguage":["Fran\u00e7ais","Arabe"],"jobTitle":"Webdo.tn","worksFor":"Journaliste \u2013 Analyse des m\u00e9dias","url":"https:\/\/www.webdo.tn\/fr\/actualite\/author\/wided-belhaj\/"}]}},"_links":{"self":[{"href":"https:\/\/www.webdo.tn\/fr\/wp-json\/wp\/v2\/posts\/389285","targetHints":{"allow":["GET"]}}],"collection":[{"href":"https:\/\/www.webdo.tn\/fr\/wp-json\/wp\/v2\/posts"}],"about":[{"href":"https:\/\/www.webdo.tn\/fr\/wp-json\/wp\/v2\/types\/post"}],"author":[{"embeddable":true,"href":"https:\/\/www.webdo.tn\/fr\/wp-json\/wp\/v2\/users\/3184"}],"replies":[{"embeddable":true,"href":"https:\/\/www.webdo.tn\/fr\/wp-json\/wp\/v2\/comments?post=389285"}],"version-history":[{"count":0,"href":"https:\/\/www.webdo.tn\/fr\/wp-json\/wp\/v2\/posts\/389285\/revisions"}],"wp:featuredmedia":[{"embeddable":true,"href":"https:\/\/www.webdo.tn\/fr\/wp-json\/wp\/v2\/media\/389286"}],"wp:attachment":[{"href":"https:\/\/www.webdo.tn\/fr\/wp-json\/wp\/v2\/media?parent=389285"}],"wp:term":[{"taxonomy":"category","embeddable":true,"href":"https:\/\/www.webdo.tn\/fr\/wp-json\/wp\/v2\/categories?post=389285"},{"taxonomy":"post_tag","embeddable":true,"href":"https:\/\/www.webdo.tn\/fr\/wp-json\/wp\/v2\/tags?post=389285"}],"curies":[{"name":"wp","href":"https:\/\/api.w.org\/{rel}","templated":true}]}}