{"id":389281,"date":"2025-12-10T08:57:34","date_gmt":"2025-12-10T07:57:34","guid":{"rendered":"https:\/\/www.webdo.tn\/fr\/?p=389281"},"modified":"2025-12-10T08:57:37","modified_gmt":"2025-12-10T07:57:37","slug":"tunisie-youssef-mimouni-avocats-et-experts-devant-la-chambre-daccusation","status":"publish","type":"post","link":"https:\/\/www.webdo.tn\/fr\/actualite\/national\/tunisie-youssef-mimouni-avocats-et-experts-devant-la-chambre-daccusation\/389281\/","title":{"rendered":"Tunisie : Youssef Mimouni, avocats et experts devant la chambre d&rsquo;accusation"},"content":{"rendered":"\n<p>Le premier juge d\u2019instruction du p\u00f4le judiciaire \u00e9conomique et financier a notifi\u00e9 l\u2019homme d\u2019affaires Youssef Mimouni, un ancien directeur g\u00e9n\u00e9ral d\u2019une banque publique, ainsi que plusieurs avocats et experts judiciaires, de la d\u00e9cision de cl\u00f4turer l\u2019enqu\u00eate et de les renvoyer devant la Chambre d\u2019accusation de la Cour d\u2019appel de Tunis. Celle-ci devra d\u00e9sormais statuer sur la suite \u00e0 donner \u00e0 ce dossier complexe.<\/p>\n\n\n\n<p>Cette \u00e9tape marque un tournant important dans une affaire qui avait d\u00e9j\u00e0 conduit le juge d\u2019instruction du p\u00f4le financier \u00e0 \u00e9mettre des mandats de d\u00e9p\u00f4t \u00e0 l\u2019encontre de Mimouni, de l\u2019ancien dirigeant de la banque publique impliqu\u00e9, d\u2019un avocat, du propri\u00e9taire d\u2019un cabinet de consultations juridiques ainsi que d\u2019un ancien cadre de la m\u00eame banque. Plusieurs autres mis en cause sont rest\u00e9s en libert\u00e9 mais soumis \u00e0 une interdiction de voyager.<\/p>\n\n\n\n<p>Les charges retenues sont lourdes et multiples : falsification, d\u00e9tention et usage de documents falsifi\u00e9s, corruption active et passive, exploitation de la qualit\u00e9 de fonctionnaire pour obtenir un avantage indu, violation des proc\u00e9dures administratives \u00e0 des fins personnelles ou au profit d\u2019autrui, et pr\u00e9judices caus\u00e9s \u00e0 l\u2019administration. <\/p>\n\n\n\n<p>L\u2019ensemble de ces accusations est li\u00e9 \u00e0 des op\u00e9rations et transactions entre la banque publique concern\u00e9e et des entreprises appartenant \u00e0 l\u2019homme d\u2019affaires.<\/p>\n\n\n\n<h2 class=\"wp-block-heading\" id=\"h-pratiques-presumees-de-manipulation-documentaire\">Pratiques pr\u00e9sum\u00e9es de manipulation documentaire<\/h2>\n\n\n\n<p>Le dossier, dont le volume et la technicit\u00e9 t\u00e9moignent de l\u2019ampleur des soup\u00e7ons, met en lumi\u00e8re des pratiques pr\u00e9sum\u00e9es de manipulation documentaire, d\u2019irr\u00e9gularit\u00e9s financi\u00e8res et de collusions entre des acteurs \u00e9conomiques et des responsables bancaires. La Chambre d\u2019accusation devra d\u00e9sormais d\u00e9terminer s\u2019il existe suffisamment d\u2019\u00e9l\u00e9ments pour renvoyer les accus\u00e9s devant un tribunal.<\/p>\n\n\n\n<p>Cette affaire, suivie de pr\u00e8s dans les milieux \u00e9conomique et judiciaire, illustre une nouvelle fois l\u2019importance accord\u00e9e \u00e0 la lutte contre la corruption, notamment lorsqu\u2019elle implique des \u00e9tablissements financiers publics et des circuits de d\u00e9cision sensibles.<\/p>\n\n\n\n<p><\/p>\n\n\n\n<blockquote class=\"wp-block-quote is-layout-flow wp-block-quote-is-layout-flow\">\n<blockquote class=\"wp-block-quote is-layout-flow wp-block-quote-is-layout-flow\">\n<ul class=\"wp-block-list\">\n<li>Lire aussi :\u00a0<a href=\"https:\/\/www.webdo.tn\/fr\/actualite\/national\/tunisie-youssef-mimouni-et-cinq-autres-accuses-restent-en-prison\/382544\/\">Tunisie\u00a0: Youssef Mimouni et cinq autres accus\u00e9s restent en prison<\/a><\/li>\n<\/ul>\n<\/blockquote>\n<\/blockquote>\n","protected":false},"excerpt":{"rendered":"<p>Le premier juge d\u2019instruction du p\u00f4le judiciaire \u00e9conomique et financier a notifi\u00e9 l\u2019homme d\u2019affaires Youssef Mimouni, un ancien directeur g\u00e9n\u00e9ral d\u2019une banque publique, ainsi que plusieurs avocats et experts judiciaires, de la d\u00e9cision de cl\u00f4turer l\u2019enqu\u00eate et de les renvoyer devant la Chambre d\u2019accusation de la Cour d\u2019appel de Tunis. Celle-ci devra d\u00e9sormais statuer sur [&hellip;]<\/p>\n","protected":false},"author":3184,"featured_media":386362,"comment_status":"closed","ping_status":"closed","sticky":false,"template":"","format":"standard","meta":{"footnotes":""},"categories":[44],"tags":[2619,2608,2684],"class_list":["post-389281","post","type-post","status-publish","format-standard","has-post-thumbnail","hentry","category-national","tag-justice","tag-tunisie","tag-youssef-mimouni"],"yoast_head":"<!-- This site is optimized with the Yoast SEO Premium plugin v27.4 (Yoast SEO v27.4) - https:\/\/yoast.com\/product\/yoast-seo-premium-wordpress\/ -->\n<title>Tunisie : Youssef Mimouni, avocats et experts devant la chambre d&#039;accusation - webdo<\/title>\n<meta name=\"description\" content=\"Youssef Mimouni et d&#039;autres sont renvoy\u00e9s devant la Chambre d&#039;accusation \u00e0 Tunis pour une affaire complexe, marquant un tournant.\" \/>\n<link rel=\"canonical\" href=\"https:\/\/www.webdo.tn\/fr\/actualite\/national\/tunisie-youssef-mimouni-avocats-et-experts-devant-la-chambre-daccusation\/389281\/\" \/>\n<meta property=\"og:locale\" content=\"fr_FR\" \/>\n<meta property=\"og:type\" content=\"article\" \/>\n<meta property=\"og:title\" content=\"Tunisie : Youssef Mimouni, avocats et experts devant la chambre d&#039;accusation\" \/>\n<meta property=\"og:description\" content=\"Youssef Mimouni et d&#039;autres sont renvoy\u00e9s devant la Chambre d&#039;accusation \u00e0 Tunis pour une affaire complexe, marquant un tournant.\" \/>\n<meta property=\"og:url\" content=\"https:\/\/www.webdo.tn\/fr\/actualite\/national\/tunisie-youssef-mimouni-avocats-et-experts-devant-la-chambre-daccusation\/389281\/\" \/>\n<meta property=\"og:site_name\" content=\"webdo\" \/>\n<meta property=\"article:publisher\" content=\"https:\/\/www.facebook.com\/webdotn\" \/>\n<meta property=\"article:published_time\" content=\"2025-12-10T07:57:34+00:00\" \/>\n<meta property=\"article:modified_time\" content=\"2025-12-10T07:57:37+00:00\" \/>\n<meta property=\"og:image\" content=\"https:\/\/www.webdo.tn\/fr\/wp-content\/uploads\/2025\/10\/justice.jpg\" \/>\n\t<meta property=\"og:image:width\" content=\"1207\" \/>\n\t<meta property=\"og:image:height\" content=\"600\" \/>\n\t<meta property=\"og:image:type\" content=\"image\/jpeg\" \/>\n<meta name=\"author\" content=\"Wided Belhaj\" \/>\n<meta name=\"twitter:card\" content=\"summary_large_image\" \/>\n<meta name=\"twitter:creator\" content=\"@webdo_tn\" \/>\n<meta name=\"twitter:site\" content=\"@webdo_tn\" \/>\n<meta name=\"twitter:label1\" content=\"\u00c9crit par\" \/>\n\t<meta name=\"twitter:data1\" content=\"Wided Belhaj\" \/>\n\t<meta name=\"twitter:label2\" content=\"Dur\u00e9e de lecture estim\u00e9e\" \/>\n\t<meta name=\"twitter:data2\" content=\"2 minutes\" \/>\n<script type=\"application\/ld+json\" class=\"yoast-schema-graph\">{\"@context\":\"https:\\\/\\\/schema.org\",\"@graph\":[{\"@type\":\"NewsArticle\",\"@id\":\"https:\\\/\\\/www.webdo.tn\\\/fr\\\/actualite\\\/national\\\/tunisie-youssef-mimouni-avocats-et-experts-devant-la-chambre-daccusation\\\/389281\\\/#article\",\"isPartOf\":{\"@id\":\"https:\\\/\\\/www.webdo.tn\\\/fr\\\/actualite\\\/national\\\/tunisie-youssef-mimouni-avocats-et-experts-devant-la-chambre-daccusation\\\/389281\\\/\"},\"author\":{\"name\":\"Wided Belhaj\",\"@id\":\"https:\\\/\\\/www.webdo.tn\\\/fr\\\/#\\\/schema\\\/person\\\/b9ecde7a5574cb4fcf4b496ea5fadb15\"},\"headline\":\"Tunisie : Youssef Mimouni, avocats et experts devant la chambre d&rsquo;accusation\",\"datePublished\":\"2025-12-10T07:57:34+00:00\",\"dateModified\":\"2025-12-10T07:57:37+00:00\",\"mainEntityOfPage\":{\"@id\":\"https:\\\/\\\/www.webdo.tn\\\/fr\\\/actualite\\\/national\\\/tunisie-youssef-mimouni-avocats-et-experts-devant-la-chambre-daccusation\\\/389281\\\/\"},\"wordCount\":373,\"publisher\":{\"@id\":\"https:\\\/\\\/www.webdo.tn\\\/fr\\\/#organization\"},\"image\":{\"@id\":\"https:\\\/\\\/www.webdo.tn\\\/fr\\\/actualite\\\/national\\\/tunisie-youssef-mimouni-avocats-et-experts-devant-la-chambre-daccusation\\\/389281\\\/#primaryimage\"},\"thumbnailUrl\":\"https:\\\/\\\/www.webdo.tn\\\/fr\\\/wp-content\\\/uploads\\\/2025\\\/10\\\/justice.jpg\",\"keywords\":[\"justice\",\"Tunisie\",\"youssef mimouni\"],\"articleSection\":[\"National\"],\"inLanguage\":\"fr-FR\"},{\"@type\":\"WebPage\",\"@id\":\"https:\\\/\\\/www.webdo.tn\\\/fr\\\/actualite\\\/national\\\/tunisie-youssef-mimouni-avocats-et-experts-devant-la-chambre-daccusation\\\/389281\\\/\",\"url\":\"https:\\\/\\\/www.webdo.tn\\\/fr\\\/actualite\\\/national\\\/tunisie-youssef-mimouni-avocats-et-experts-devant-la-chambre-daccusation\\\/389281\\\/\",\"name\":\"Tunisie : Youssef Mimouni, avocats et experts devant la chambre d'accusation - webdo\",\"isPartOf\":{\"@id\":\"https:\\\/\\\/www.webdo.tn\\\/fr\\\/#website\"},\"primaryImageOfPage\":{\"@id\":\"https:\\\/\\\/www.webdo.tn\\\/fr\\\/actualite\\\/national\\\/tunisie-youssef-mimouni-avocats-et-experts-devant-la-chambre-daccusation\\\/389281\\\/#primaryimage\"},\"image\":{\"@id\":\"https:\\\/\\\/www.webdo.tn\\\/fr\\\/actualite\\\/national\\\/tunisie-youssef-mimouni-avocats-et-experts-devant-la-chambre-daccusation\\\/389281\\\/#primaryimage\"},\"thumbnailUrl\":\"https:\\\/\\\/www.webdo.tn\\\/fr\\\/wp-content\\\/uploads\\\/2025\\\/10\\\/justice.jpg\",\"datePublished\":\"2025-12-10T07:57:34+00:00\",\"dateModified\":\"2025-12-10T07:57:37+00:00\",\"description\":\"Youssef Mimouni et d'autres sont renvoy\u00e9s devant la Chambre d'accusation \u00e0 Tunis pour une affaire complexe, marquant un tournant.\",\"breadcrumb\":{\"@id\":\"https:\\\/\\\/www.webdo.tn\\\/fr\\\/actualite\\\/national\\\/tunisie-youssef-mimouni-avocats-et-experts-devant-la-chambre-daccusation\\\/389281\\\/#breadcrumb\"},\"inLanguage\":\"fr-FR\",\"potentialAction\":[{\"@type\":\"ReadAction\",\"target\":[\"https:\\\/\\\/www.webdo.tn\\\/fr\\\/actualite\\\/national\\\/tunisie-youssef-mimouni-avocats-et-experts-devant-la-chambre-daccusation\\\/389281\\\/\"]}]},{\"@type\":\"ImageObject\",\"inLanguage\":\"fr-FR\",\"@id\":\"https:\\\/\\\/www.webdo.tn\\\/fr\\\/actualite\\\/national\\\/tunisie-youssef-mimouni-avocats-et-experts-devant-la-chambre-daccusation\\\/389281\\\/#primaryimage\",\"url\":\"https:\\\/\\\/www.webdo.tn\\\/fr\\\/wp-content\\\/uploads\\\/2025\\\/10\\\/justice.jpg\",\"contentUrl\":\"https:\\\/\\\/www.webdo.tn\\\/fr\\\/wp-content\\\/uploads\\\/2025\\\/10\\\/justice.jpg\",\"width\":1207,\"height\":600,\"caption\":\"Peines de 15 \u00e0 30 ans pour quatre trafiquants internationaux de coca\u00efne \u00e0 Tunis\"},{\"@type\":\"BreadcrumbList\",\"@id\":\"https:\\\/\\\/www.webdo.tn\\\/fr\\\/actualite\\\/national\\\/tunisie-youssef-mimouni-avocats-et-experts-devant-la-chambre-daccusation\\\/389281\\\/#breadcrumb\",\"itemListElement\":[{\"@type\":\"ListItem\",\"position\":1,\"name\":\"Accueil\",\"item\":\"https:\\\/\\\/www.webdo.tn\\\/fr\\\/\"},{\"@type\":\"ListItem\",\"position\":2,\"name\":\"Tunisie : Youssef Mimouni, avocats et experts devant la chambre d&rsquo;accusation\"}]},{\"@type\":\"WebSite\",\"@id\":\"https:\\\/\\\/www.webdo.tn\\\/fr\\\/#website\",\"url\":\"https:\\\/\\\/www.webdo.tn\\\/fr\\\/\",\"name\":\"webdo\",\"description\":\"Tunisie - News en Tunisie et \u00e0 l&#039;international sur Webdo.tn\",\"publisher\":{\"@id\":\"https:\\\/\\\/www.webdo.tn\\\/fr\\\/#organization\"},\"potentialAction\":[{\"@type\":\"SearchAction\",\"target\":{\"@type\":\"EntryPoint\",\"urlTemplate\":\"https:\\\/\\\/www.webdo.tn\\\/fr\\\/?s={search_term_string}\"},\"query-input\":{\"@type\":\"PropertyValueSpecification\",\"valueRequired\":true,\"valueName\":\"search_term_string\"}}],\"inLanguage\":\"fr-FR\"},{\"@type\":\"Organization\",\"@id\":\"https:\\\/\\\/www.webdo.tn\\\/fr\\\/#organization\",\"name\":\"Webdo\",\"alternateName\":\"Webdo.tn\",\"url\":\"https:\\\/\\\/www.webdo.tn\\\/fr\\\/\",\"logo\":{\"@type\":\"ImageObject\",\"inLanguage\":\"fr-FR\",\"@id\":\"https:\\\/\\\/www.webdo.tn\\\/fr\\\/#\\\/schema\\\/logo\\\/image\\\/\",\"url\":\"https:\\\/\\\/www.webdo.tn\\\/fr\\\/wp-content\\\/uploads\\\/2025\\\/06\\\/Webdo-Tunisie_168377.jpg\",\"contentUrl\":\"https:\\\/\\\/www.webdo.tn\\\/fr\\\/wp-content\\\/uploads\\\/2025\\\/06\\\/Webdo-Tunisie_168377.jpg\",\"width\":301,\"height\":301,\"caption\":\"Webdo\"},\"image\":{\"@id\":\"https:\\\/\\\/www.webdo.tn\\\/fr\\\/#\\\/schema\\\/logo\\\/image\\\/\"},\"sameAs\":[\"https:\\\/\\\/www.facebook.com\\\/webdotn\",\"https:\\\/\\\/x.com\\\/webdo_tn\"],\"description\":\"Webdo est un m\u00e9dia num\u00e9rique tunisien fond\u00e9 en 2010, sp\u00e9cialis\u00e9 dans l\u2019actualit\u00e9 nationale et internationale, l\u2019\u00e9conomie, la soci\u00e9t\u00e9 et les analyses politiques. Le site s\u2019adresse \u00e0 un large public francophone et couvre l\u2019information tunisienne en temps r\u00e9el.\",\"email\":\"redac@webdo.tn\",\"legalName\":\"YNJ SARL\",\"foundingDate\":\"2010-09-06\",\"numberOfEmployees\":{\"@type\":\"QuantitativeValue\",\"minValue\":\"11\",\"maxValue\":\"50\"}},{\"@type\":\"Person\",\"@id\":\"https:\\\/\\\/www.webdo.tn\\\/fr\\\/#\\\/schema\\\/person\\\/b9ecde7a5574cb4fcf4b496ea5fadb15\",\"name\":\"Wided Belhaj\",\"image\":{\"@type\":\"ImageObject\",\"inLanguage\":\"fr-FR\",\"@id\":\"https:\\\/\\\/www.webdo.tn\\\/fr\\\/wp-content\\\/uploads\\\/2026\\\/04\\\/wided-belhaj_avatar-96x96.jpg\",\"url\":\"https:\\\/\\\/www.webdo.tn\\\/fr\\\/wp-content\\\/uploads\\\/2026\\\/04\\\/wided-belhaj_avatar-96x96.jpg\",\"contentUrl\":\"https:\\\/\\\/www.webdo.tn\\\/fr\\\/wp-content\\\/uploads\\\/2026\\\/04\\\/wided-belhaj_avatar-96x96.jpg\",\"caption\":\"Wided Belhaj\"},\"description\":\"Wided Belhaj est le pseudonyme \u00e9ditorial utilis\u00e9 par Khalil Jelassi, journaliste, ma\u00eetre-assistant \u00e0 l\u2019Institut de presse et des sciences de l\u2019information (IPSI) et chercheur en sciences de l\u2019information et de la communication. Cette signature est d\u00e9di\u00e9e \u00e0 l\u2019analyse des m\u00e9dias, des pratiques journalistiques et des mutations de l\u2019information \u00e0 l\u2019\u00e8re digitale. \u00c0 travers ses contributions, Wided Belhaj propose une lecture analytique de l\u2019actualit\u00e9, en croisant regard critique et expertise acad\u00e9mique.\",\"knowsAbout\":[\"m\u00e9dias\",\"journalisme\",\"communication\",\"information\",\"transformation num\u00e9rique\",\"analyse des m\u00e9dias\"],\"knowsLanguage\":[\"Fran\u00e7ais\",\"Arabe\"],\"jobTitle\":\"Webdo.tn\",\"worksFor\":\"Journaliste \u2013 Analyse des m\u00e9dias\",\"url\":\"https:\\\/\\\/www.webdo.tn\\\/fr\\\/actualite\\\/author\\\/wided-belhaj\\\/\"}]}<\/script>\n<!-- \/ Yoast SEO Premium plugin. -->","yoast_head_json":{"title":"Tunisie : Youssef Mimouni, avocats et experts devant la chambre d'accusation - webdo","description":"Youssef Mimouni et d'autres sont renvoy\u00e9s devant la Chambre d'accusation \u00e0 Tunis pour une affaire complexe, marquant un tournant.","canonical":"https:\/\/www.webdo.tn\/fr\/actualite\/national\/tunisie-youssef-mimouni-avocats-et-experts-devant-la-chambre-daccusation\/389281\/","og_locale":"fr_FR","og_type":"article","og_title":"Tunisie : Youssef Mimouni, avocats et experts devant la chambre d'accusation","og_description":"Youssef Mimouni et d'autres sont renvoy\u00e9s devant la Chambre d'accusation \u00e0 Tunis pour une affaire complexe, marquant un tournant.","og_url":"https:\/\/www.webdo.tn\/fr\/actualite\/national\/tunisie-youssef-mimouni-avocats-et-experts-devant-la-chambre-daccusation\/389281\/","og_site_name":"webdo","article_publisher":"https:\/\/www.facebook.com\/webdotn","article_published_time":"2025-12-10T07:57:34+00:00","article_modified_time":"2025-12-10T07:57:37+00:00","og_image":[{"width":1207,"height":600,"url":"https:\/\/www.webdo.tn\/fr\/wp-content\/uploads\/2025\/10\/justice.jpg","type":"image\/jpeg"}],"author":"Wided Belhaj","twitter_card":"summary_large_image","twitter_creator":"@webdo_tn","twitter_site":"@webdo_tn","twitter_misc":{"\u00c9crit par":"Wided Belhaj","Dur\u00e9e de lecture estim\u00e9e":"2 minutes"},"schema":{"@context":"https:\/\/schema.org","@graph":[{"@type":"NewsArticle","@id":"https:\/\/www.webdo.tn\/fr\/actualite\/national\/tunisie-youssef-mimouni-avocats-et-experts-devant-la-chambre-daccusation\/389281\/#article","isPartOf":{"@id":"https:\/\/www.webdo.tn\/fr\/actualite\/national\/tunisie-youssef-mimouni-avocats-et-experts-devant-la-chambre-daccusation\/389281\/"},"author":{"name":"Wided Belhaj","@id":"https:\/\/www.webdo.tn\/fr\/#\/schema\/person\/b9ecde7a5574cb4fcf4b496ea5fadb15"},"headline":"Tunisie : Youssef Mimouni, avocats et experts devant la chambre d&rsquo;accusation","datePublished":"2025-12-10T07:57:34+00:00","dateModified":"2025-12-10T07:57:37+00:00","mainEntityOfPage":{"@id":"https:\/\/www.webdo.tn\/fr\/actualite\/national\/tunisie-youssef-mimouni-avocats-et-experts-devant-la-chambre-daccusation\/389281\/"},"wordCount":373,"publisher":{"@id":"https:\/\/www.webdo.tn\/fr\/#organization"},"image":{"@id":"https:\/\/www.webdo.tn\/fr\/actualite\/national\/tunisie-youssef-mimouni-avocats-et-experts-devant-la-chambre-daccusation\/389281\/#primaryimage"},"thumbnailUrl":"https:\/\/www.webdo.tn\/fr\/wp-content\/uploads\/2025\/10\/justice.jpg","keywords":["justice","Tunisie","youssef mimouni"],"articleSection":["National"],"inLanguage":"fr-FR"},{"@type":"WebPage","@id":"https:\/\/www.webdo.tn\/fr\/actualite\/national\/tunisie-youssef-mimouni-avocats-et-experts-devant-la-chambre-daccusation\/389281\/","url":"https:\/\/www.webdo.tn\/fr\/actualite\/national\/tunisie-youssef-mimouni-avocats-et-experts-devant-la-chambre-daccusation\/389281\/","name":"Tunisie : Youssef Mimouni, avocats et experts devant la chambre d'accusation - webdo","isPartOf":{"@id":"https:\/\/www.webdo.tn\/fr\/#website"},"primaryImageOfPage":{"@id":"https:\/\/www.webdo.tn\/fr\/actualite\/national\/tunisie-youssef-mimouni-avocats-et-experts-devant-la-chambre-daccusation\/389281\/#primaryimage"},"image":{"@id":"https:\/\/www.webdo.tn\/fr\/actualite\/national\/tunisie-youssef-mimouni-avocats-et-experts-devant-la-chambre-daccusation\/389281\/#primaryimage"},"thumbnailUrl":"https:\/\/www.webdo.tn\/fr\/wp-content\/uploads\/2025\/10\/justice.jpg","datePublished":"2025-12-10T07:57:34+00:00","dateModified":"2025-12-10T07:57:37+00:00","description":"Youssef Mimouni et d'autres sont renvoy\u00e9s devant la Chambre d'accusation \u00e0 Tunis pour une affaire complexe, marquant un tournant.","breadcrumb":{"@id":"https:\/\/www.webdo.tn\/fr\/actualite\/national\/tunisie-youssef-mimouni-avocats-et-experts-devant-la-chambre-daccusation\/389281\/#breadcrumb"},"inLanguage":"fr-FR","potentialAction":[{"@type":"ReadAction","target":["https:\/\/www.webdo.tn\/fr\/actualite\/national\/tunisie-youssef-mimouni-avocats-et-experts-devant-la-chambre-daccusation\/389281\/"]}]},{"@type":"ImageObject","inLanguage":"fr-FR","@id":"https:\/\/www.webdo.tn\/fr\/actualite\/national\/tunisie-youssef-mimouni-avocats-et-experts-devant-la-chambre-daccusation\/389281\/#primaryimage","url":"https:\/\/www.webdo.tn\/fr\/wp-content\/uploads\/2025\/10\/justice.jpg","contentUrl":"https:\/\/www.webdo.tn\/fr\/wp-content\/uploads\/2025\/10\/justice.jpg","width":1207,"height":600,"caption":"Peines de 15 \u00e0 30 ans pour quatre trafiquants internationaux de coca\u00efne \u00e0 Tunis"},{"@type":"BreadcrumbList","@id":"https:\/\/www.webdo.tn\/fr\/actualite\/national\/tunisie-youssef-mimouni-avocats-et-experts-devant-la-chambre-daccusation\/389281\/#breadcrumb","itemListElement":[{"@type":"ListItem","position":1,"name":"Accueil","item":"https:\/\/www.webdo.tn\/fr\/"},{"@type":"ListItem","position":2,"name":"Tunisie : Youssef Mimouni, avocats et experts devant la chambre d&rsquo;accusation"}]},{"@type":"WebSite","@id":"https:\/\/www.webdo.tn\/fr\/#website","url":"https:\/\/www.webdo.tn\/fr\/","name":"webdo","description":"Tunisie - News en Tunisie et \u00e0 l&#039;international sur Webdo.tn","publisher":{"@id":"https:\/\/www.webdo.tn\/fr\/#organization"},"potentialAction":[{"@type":"SearchAction","target":{"@type":"EntryPoint","urlTemplate":"https:\/\/www.webdo.tn\/fr\/?s={search_term_string}"},"query-input":{"@type":"PropertyValueSpecification","valueRequired":true,"valueName":"search_term_string"}}],"inLanguage":"fr-FR"},{"@type":"Organization","@id":"https:\/\/www.webdo.tn\/fr\/#organization","name":"Webdo","alternateName":"Webdo.tn","url":"https:\/\/www.webdo.tn\/fr\/","logo":{"@type":"ImageObject","inLanguage":"fr-FR","@id":"https:\/\/www.webdo.tn\/fr\/#\/schema\/logo\/image\/","url":"https:\/\/www.webdo.tn\/fr\/wp-content\/uploads\/2025\/06\/Webdo-Tunisie_168377.jpg","contentUrl":"https:\/\/www.webdo.tn\/fr\/wp-content\/uploads\/2025\/06\/Webdo-Tunisie_168377.jpg","width":301,"height":301,"caption":"Webdo"},"image":{"@id":"https:\/\/www.webdo.tn\/fr\/#\/schema\/logo\/image\/"},"sameAs":["https:\/\/www.facebook.com\/webdotn","https:\/\/x.com\/webdo_tn"],"description":"Webdo est un m\u00e9dia num\u00e9rique tunisien fond\u00e9 en 2010, sp\u00e9cialis\u00e9 dans l\u2019actualit\u00e9 nationale et internationale, l\u2019\u00e9conomie, la soci\u00e9t\u00e9 et les analyses politiques. Le site s\u2019adresse \u00e0 un large public francophone et couvre l\u2019information tunisienne en temps r\u00e9el.","email":"redac@webdo.tn","legalName":"YNJ SARL","foundingDate":"2010-09-06","numberOfEmployees":{"@type":"QuantitativeValue","minValue":"11","maxValue":"50"}},{"@type":"Person","@id":"https:\/\/www.webdo.tn\/fr\/#\/schema\/person\/b9ecde7a5574cb4fcf4b496ea5fadb15","name":"Wided Belhaj","image":{"@type":"ImageObject","inLanguage":"fr-FR","@id":"https:\/\/www.webdo.tn\/fr\/wp-content\/uploads\/2026\/04\/wided-belhaj_avatar-96x96.jpg","url":"https:\/\/www.webdo.tn\/fr\/wp-content\/uploads\/2026\/04\/wided-belhaj_avatar-96x96.jpg","contentUrl":"https:\/\/www.webdo.tn\/fr\/wp-content\/uploads\/2026\/04\/wided-belhaj_avatar-96x96.jpg","caption":"Wided Belhaj"},"description":"Wided Belhaj est le pseudonyme \u00e9ditorial utilis\u00e9 par Khalil Jelassi, journaliste, ma\u00eetre-assistant \u00e0 l\u2019Institut de presse et des sciences de l\u2019information (IPSI) et chercheur en sciences de l\u2019information et de la communication. Cette signature est d\u00e9di\u00e9e \u00e0 l\u2019analyse des m\u00e9dias, des pratiques journalistiques et des mutations de l\u2019information \u00e0 l\u2019\u00e8re digitale. \u00c0 travers ses contributions, Wided Belhaj propose une lecture analytique de l\u2019actualit\u00e9, en croisant regard critique et expertise acad\u00e9mique.","knowsAbout":["m\u00e9dias","journalisme","communication","information","transformation num\u00e9rique","analyse des m\u00e9dias"],"knowsLanguage":["Fran\u00e7ais","Arabe"],"jobTitle":"Webdo.tn","worksFor":"Journaliste \u2013 Analyse des m\u00e9dias","url":"https:\/\/www.webdo.tn\/fr\/actualite\/author\/wided-belhaj\/"}]}},"_links":{"self":[{"href":"https:\/\/www.webdo.tn\/fr\/wp-json\/wp\/v2\/posts\/389281","targetHints":{"allow":["GET"]}}],"collection":[{"href":"https:\/\/www.webdo.tn\/fr\/wp-json\/wp\/v2\/posts"}],"about":[{"href":"https:\/\/www.webdo.tn\/fr\/wp-json\/wp\/v2\/types\/post"}],"author":[{"embeddable":true,"href":"https:\/\/www.webdo.tn\/fr\/wp-json\/wp\/v2\/users\/3184"}],"replies":[{"embeddable":true,"href":"https:\/\/www.webdo.tn\/fr\/wp-json\/wp\/v2\/comments?post=389281"}],"version-history":[{"count":0,"href":"https:\/\/www.webdo.tn\/fr\/wp-json\/wp\/v2\/posts\/389281\/revisions"}],"wp:featuredmedia":[{"embeddable":true,"href":"https:\/\/www.webdo.tn\/fr\/wp-json\/wp\/v2\/media\/386362"}],"wp:attachment":[{"href":"https:\/\/www.webdo.tn\/fr\/wp-json\/wp\/v2\/media?parent=389281"}],"wp:term":[{"taxonomy":"category","embeddable":true,"href":"https:\/\/www.webdo.tn\/fr\/wp-json\/wp\/v2\/categories?post=389281"},{"taxonomy":"post_tag","embeddable":true,"href":"https:\/\/www.webdo.tn\/fr\/wp-json\/wp\/v2\/tags?post=389281"}],"curies":[{"name":"wp","href":"https:\/\/api.w.org\/{rel}","templated":true}]}}