{"id":389275,"date":"2025-12-10T07:40:51","date_gmt":"2025-12-10T06:40:51","guid":{"rendered":"https:\/\/www.webdo.tn\/fr\/?p=389275"},"modified":"2025-12-10T07:40:52","modified_gmt":"2025-12-10T06:40:52","slug":"saied-inadmissible-que-jintervienne-pour-raccorder-une-maison-au-reseau-dassainissement","status":"publish","type":"post","link":"https:\/\/www.webdo.tn\/fr\/actualite\/national\/saied-inadmissible-que-jintervienne-pour-raccorder-une-maison-au-reseau-dassainissement\/389275\/","title":{"rendered":"Sa\u00efed : \u00ab\u00a0Inadmissible que j\u2019intervienne pour raccorder une maison au r\u00e9seau d\u2019assainissement\u00a0\u00bb"},"content":{"rendered":"\n<p>Le chef de l\u2019\u00c9tat Ka\u00efs Sa\u00efed a re\u00e7u au palais de Carthage le ministre de l\u2019Int\u00e9rieur, Khaled Nouri. Une rencontre marqu\u00e9e par un nouveau rappel \u00e0 l\u2019ordre adress\u00e9 aux responsables locaux, accus\u00e9s de manquer de r\u00e9activit\u00e9 face aux pr\u00e9occupations essentielles des citoyens.<\/p>\n\n\n\n<p>Le pr\u00e9sident a estim\u00e9 qu\u2019il n\u2019est pas normal que le chef de l\u2019\u00c9tat intervienne personnellement pour demander le raccordement d\u2019un domicile au r\u00e9seau d\u2019assainissement, l\u2019installation de l\u2019\u00e9clairage public dans certains quartiers ou m\u00eame la r\u00e9paration d\u2019un tron\u00e7on de route simplement parce qu\u2019une plainte lui est parvenue. Selon lui, ces t\u00e2ches rel\u00e8vent clairement des autorit\u00e9s locales et r\u00e9gionales.<\/p>\n\n\n\n<p>Ka\u00efs Sa\u00efed a insist\u00e9 sur le fait que les op\u00e9rations de nettoyage et d\u2019entretien dans les villes ne doivent pas se limiter \u00e0 des campagnes ponctuelles, mais constituer un travail continu, men\u00e9 quotidiennement. Il a \u00e9galement critiqu\u00e9 les pr\u00e9textes souvent avanc\u00e9s par certains responsables, \u00e9voquant des proc\u00e9dures complexes ou un manque de moyens.<\/p>\n\n\n\n<h2 class=\"wp-block-heading\" id=\"h-avertissement-lance\">Avertissement lanc\u00e9 <\/h2>\n\n\n\n<p>\u00ab En r\u00e9alit\u00e9, ces complications disparaissent d\u00e8s que les responsables sont appel\u00e9s \u00e0 assumer pleinement leurs fonctions \u00bb, a-t-il affirm\u00e9, ajoutant que leur r\u00f4le consiste justement \u00e0 lever les obstacles et \u00e0 simplifier les d\u00e9marches administratives. Il a d\u00e9nonc\u00e9 un gaspillage des ressources publiques dans les \u00e9changes de correspondances et les lenteurs bureaucratiques.<\/p>\n\n\n\n<p>Le pr\u00e9sident a conclu en appelant chaque responsable \u00e0 n\u2019avoir qu\u2019un seul objectif : la Tunisie. Il a averti que ceux qui s\u2019\u00e9garent ou ne saisissent pas l\u2019urgence du contexte doivent savoir que la jeunesse, selon ses termes, \u00ab arrive et ne manquera ni la cible ni l\u2019adresse \u00bb.<\/p>\n\n\n\n<p><\/p>\n\n\n\n<blockquote class=\"wp-block-quote is-layout-flow wp-block-quote-is-layout-flow\">\n<blockquote class=\"wp-block-quote is-layout-flow wp-block-quote-is-layout-flow\">\n<p>Lire aussi :<a href=\"https:\/\/www.webdo.tn\/fr\/actualite\/national\/crise-de-gabes-saied-exige-un-rapport-final-dans-les-prochains-jours\/389011\/\"> Crise de Gab\u00e8s : Sa\u00efed exige un rapport final \u201cdans les prochains jours\u201d<\/a><br><\/p>\n<\/blockquote>\n<\/blockquote>\n","protected":false},"excerpt":{"rendered":"<p>Le chef de l\u2019\u00c9tat Ka\u00efs Sa\u00efed a re\u00e7u au palais de Carthage le ministre de l\u2019Int\u00e9rieur, Khaled Nouri. Une rencontre marqu\u00e9e par un nouveau rappel \u00e0 l\u2019ordre adress\u00e9 aux responsables locaux, accus\u00e9s de manquer de r\u00e9activit\u00e9 face aux pr\u00e9occupations essentielles des citoyens. Le pr\u00e9sident a estim\u00e9 qu\u2019il n\u2019est pas normal que le chef de l\u2019\u00c9tat [&hellip;]<\/p>\n","protected":false},"author":3184,"featured_media":389276,"comment_status":"closed","ping_status":"closed","sticky":false,"template":"","format":"standard","meta":{"footnotes":""},"categories":[44],"tags":[4636,2614,2608],"class_list":["post-389275","post","type-post","status-publish","format-standard","has-post-thumbnail","hentry","category-national","tag-interieur","tag-kais-saied","tag-tunisie"],"yoast_head":"<!-- This site is optimized with the Yoast SEO Premium plugin v27.4 (Yoast SEO v27.5) - https:\/\/yoast.com\/product\/yoast-seo-premium-wordpress\/ -->\n<title>Sa\u00efed : &quot;Inadmissible que j\u2019intervienne pour raccorder une maison au r\u00e9seau d\u2019assainissement&quot; - webdo<\/title>\n<meta name=\"description\" content=\"Ka\u00efs Sa\u00efed a r\u00e9uni le ministre de l&#039;Int\u00e9rieur pour aborder les pr\u00e9occupations des citoyens face aux autorit\u00e9s locales.\" \/>\n<link rel=\"canonical\" href=\"https:\/\/www.webdo.tn\/fr\/actualite\/national\/saied-inadmissible-que-jintervienne-pour-raccorder-une-maison-au-reseau-dassainissement\/389275\/\" \/>\n<meta property=\"og:locale\" content=\"fr_FR\" \/>\n<meta property=\"og:type\" content=\"article\" \/>\n<meta property=\"og:title\" content=\"Sa\u00efed : &quot;Inadmissible que j\u2019intervienne pour raccorder une maison au r\u00e9seau d\u2019assainissement&quot;\" \/>\n<meta property=\"og:description\" content=\"Ka\u00efs Sa\u00efed a r\u00e9uni le ministre de l&#039;Int\u00e9rieur pour aborder les pr\u00e9occupations des citoyens face aux autorit\u00e9s locales.\" \/>\n<meta property=\"og:url\" content=\"https:\/\/www.webdo.tn\/fr\/actualite\/national\/saied-inadmissible-que-jintervienne-pour-raccorder-une-maison-au-reseau-dassainissement\/389275\/\" \/>\n<meta property=\"og:site_name\" content=\"webdo\" \/>\n<meta property=\"article:publisher\" content=\"https:\/\/www.facebook.com\/webdotn\" \/>\n<meta property=\"article:published_time\" content=\"2025-12-10T06:40:51+00:00\" \/>\n<meta property=\"article:modified_time\" content=\"2025-12-10T06:40:52+00:00\" \/>\n<meta property=\"og:image\" content=\"https:\/\/www.webdo.tn\/fr\/wp-content\/uploads\/2025\/12\/597588902_1273422604816337_8970638237213963369_n.jpg\" \/>\n\t<meta property=\"og:image:width\" content=\"2048\" \/>\n\t<meta property=\"og:image:height\" content=\"1365\" \/>\n\t<meta property=\"og:image:type\" content=\"image\/jpeg\" \/>\n<meta name=\"author\" content=\"Wided Belhaj\" \/>\n<meta name=\"twitter:card\" content=\"summary_large_image\" \/>\n<meta name=\"twitter:creator\" content=\"@webdo_tn\" \/>\n<meta name=\"twitter:site\" content=\"@webdo_tn\" \/>\n<meta name=\"twitter:label1\" content=\"\u00c9crit par\" \/>\n\t<meta name=\"twitter:data1\" content=\"Wided Belhaj\" \/>\n\t<meta name=\"twitter:label2\" content=\"Dur\u00e9e de lecture estim\u00e9e\" \/>\n\t<meta name=\"twitter:data2\" content=\"2 minutes\" \/>\n<script type=\"application\/ld+json\" class=\"yoast-schema-graph\">{\"@context\":\"https:\\\/\\\/schema.org\",\"@graph\":[{\"@type\":\"NewsArticle\",\"@id\":\"https:\\\/\\\/www.webdo.tn\\\/fr\\\/actualite\\\/national\\\/saied-inadmissible-que-jintervienne-pour-raccorder-une-maison-au-reseau-dassainissement\\\/389275\\\/#article\",\"isPartOf\":{\"@id\":\"https:\\\/\\\/www.webdo.tn\\\/fr\\\/actualite\\\/national\\\/saied-inadmissible-que-jintervienne-pour-raccorder-une-maison-au-reseau-dassainissement\\\/389275\\\/\"},\"author\":{\"name\":\"Wided Belhaj\",\"@id\":\"https:\\\/\\\/www.webdo.tn\\\/fr\\\/#\\\/schema\\\/person\\\/b9ecde7a5574cb4fcf4b496ea5fadb15\"},\"headline\":\"Sa\u00efed : \u00ab\u00a0Inadmissible que j\u2019intervienne pour raccorder une maison au r\u00e9seau d\u2019assainissement\u00a0\u00bb\",\"datePublished\":\"2025-12-10T06:40:51+00:00\",\"dateModified\":\"2025-12-10T06:40:52+00:00\",\"mainEntityOfPage\":{\"@id\":\"https:\\\/\\\/www.webdo.tn\\\/fr\\\/actualite\\\/national\\\/saied-inadmissible-que-jintervienne-pour-raccorder-une-maison-au-reseau-dassainissement\\\/389275\\\/\"},\"wordCount\":324,\"publisher\":{\"@id\":\"https:\\\/\\\/www.webdo.tn\\\/fr\\\/#organization\"},\"image\":{\"@id\":\"https:\\\/\\\/www.webdo.tn\\\/fr\\\/actualite\\\/national\\\/saied-inadmissible-que-jintervienne-pour-raccorder-une-maison-au-reseau-dassainissement\\\/389275\\\/#primaryimage\"},\"thumbnailUrl\":\"https:\\\/\\\/www.webdo.tn\\\/fr\\\/wp-content\\\/uploads\\\/2025\\\/12\\\/597588902_1273422604816337_8970638237213963369_n.jpg\",\"keywords\":[\"int\u00e9rieur\",\"Kais Saied\",\"Tunisie\"],\"articleSection\":[\"National\"],\"inLanguage\":\"fr-FR\"},{\"@type\":\"WebPage\",\"@id\":\"https:\\\/\\\/www.webdo.tn\\\/fr\\\/actualite\\\/national\\\/saied-inadmissible-que-jintervienne-pour-raccorder-une-maison-au-reseau-dassainissement\\\/389275\\\/\",\"url\":\"https:\\\/\\\/www.webdo.tn\\\/fr\\\/actualite\\\/national\\\/saied-inadmissible-que-jintervienne-pour-raccorder-une-maison-au-reseau-dassainissement\\\/389275\\\/\",\"name\":\"Sa\u00efed : \\\"Inadmissible que j\u2019intervienne pour raccorder une maison au r\u00e9seau d\u2019assainissement\\\" - webdo\",\"isPartOf\":{\"@id\":\"https:\\\/\\\/www.webdo.tn\\\/fr\\\/#website\"},\"primaryImageOfPage\":{\"@id\":\"https:\\\/\\\/www.webdo.tn\\\/fr\\\/actualite\\\/national\\\/saied-inadmissible-que-jintervienne-pour-raccorder-une-maison-au-reseau-dassainissement\\\/389275\\\/#primaryimage\"},\"image\":{\"@id\":\"https:\\\/\\\/www.webdo.tn\\\/fr\\\/actualite\\\/national\\\/saied-inadmissible-que-jintervienne-pour-raccorder-une-maison-au-reseau-dassainissement\\\/389275\\\/#primaryimage\"},\"thumbnailUrl\":\"https:\\\/\\\/www.webdo.tn\\\/fr\\\/wp-content\\\/uploads\\\/2025\\\/12\\\/597588902_1273422604816337_8970638237213963369_n.jpg\",\"datePublished\":\"2025-12-10T06:40:51+00:00\",\"dateModified\":\"2025-12-10T06:40:52+00:00\",\"description\":\"Ka\u00efs Sa\u00efed a r\u00e9uni le ministre de l'Int\u00e9rieur pour aborder les pr\u00e9occupations des citoyens face aux autorit\u00e9s locales.\",\"breadcrumb\":{\"@id\":\"https:\\\/\\\/www.webdo.tn\\\/fr\\\/actualite\\\/national\\\/saied-inadmissible-que-jintervienne-pour-raccorder-une-maison-au-reseau-dassainissement\\\/389275\\\/#breadcrumb\"},\"inLanguage\":\"fr-FR\",\"potentialAction\":[{\"@type\":\"ReadAction\",\"target\":[\"https:\\\/\\\/www.webdo.tn\\\/fr\\\/actualite\\\/national\\\/saied-inadmissible-que-jintervienne-pour-raccorder-une-maison-au-reseau-dassainissement\\\/389275\\\/\"]}]},{\"@type\":\"ImageObject\",\"inLanguage\":\"fr-FR\",\"@id\":\"https:\\\/\\\/www.webdo.tn\\\/fr\\\/actualite\\\/national\\\/saied-inadmissible-que-jintervienne-pour-raccorder-une-maison-au-reseau-dassainissement\\\/389275\\\/#primaryimage\",\"url\":\"https:\\\/\\\/www.webdo.tn\\\/fr\\\/wp-content\\\/uploads\\\/2025\\\/12\\\/597588902_1273422604816337_8970638237213963369_n.jpg\",\"contentUrl\":\"https:\\\/\\\/www.webdo.tn\\\/fr\\\/wp-content\\\/uploads\\\/2025\\\/12\\\/597588902_1273422604816337_8970638237213963369_n.jpg\",\"width\":2048,\"height\":1365,\"caption\":\"Saied\"},{\"@type\":\"BreadcrumbList\",\"@id\":\"https:\\\/\\\/www.webdo.tn\\\/fr\\\/actualite\\\/national\\\/saied-inadmissible-que-jintervienne-pour-raccorder-une-maison-au-reseau-dassainissement\\\/389275\\\/#breadcrumb\",\"itemListElement\":[{\"@type\":\"ListItem\",\"position\":1,\"name\":\"Accueil\",\"item\":\"https:\\\/\\\/www.webdo.tn\\\/fr\\\/\"},{\"@type\":\"ListItem\",\"position\":2,\"name\":\"Sa\u00efed : \u00ab\u00a0Inadmissible que j\u2019intervienne pour raccorder une maison au r\u00e9seau d\u2019assainissement\u00a0\u00bb\"}]},{\"@type\":\"WebSite\",\"@id\":\"https:\\\/\\\/www.webdo.tn\\\/fr\\\/#website\",\"url\":\"https:\\\/\\\/www.webdo.tn\\\/fr\\\/\",\"name\":\"webdo\",\"description\":\"Tunisie - News en Tunisie et \u00e0 l&#039;international sur Webdo.tn\",\"publisher\":{\"@id\":\"https:\\\/\\\/www.webdo.tn\\\/fr\\\/#organization\"},\"potentialAction\":[{\"@type\":\"SearchAction\",\"target\":{\"@type\":\"EntryPoint\",\"urlTemplate\":\"https:\\\/\\\/www.webdo.tn\\\/fr\\\/?s={search_term_string}\"},\"query-input\":{\"@type\":\"PropertyValueSpecification\",\"valueRequired\":true,\"valueName\":\"search_term_string\"}}],\"inLanguage\":\"fr-FR\"},{\"@type\":\"Organization\",\"@id\":\"https:\\\/\\\/www.webdo.tn\\\/fr\\\/#organization\",\"name\":\"Webdo\",\"alternateName\":\"Webdo.tn\",\"url\":\"https:\\\/\\\/www.webdo.tn\\\/fr\\\/\",\"logo\":{\"@type\":\"ImageObject\",\"inLanguage\":\"fr-FR\",\"@id\":\"https:\\\/\\\/www.webdo.tn\\\/fr\\\/#\\\/schema\\\/logo\\\/image\\\/\",\"url\":\"https:\\\/\\\/www.webdo.tn\\\/fr\\\/wp-content\\\/uploads\\\/2025\\\/06\\\/Webdo-Tunisie_168377.jpg\",\"contentUrl\":\"https:\\\/\\\/www.webdo.tn\\\/fr\\\/wp-content\\\/uploads\\\/2025\\\/06\\\/Webdo-Tunisie_168377.jpg\",\"width\":301,\"height\":301,\"caption\":\"Webdo\"},\"image\":{\"@id\":\"https:\\\/\\\/www.webdo.tn\\\/fr\\\/#\\\/schema\\\/logo\\\/image\\\/\"},\"sameAs\":[\"https:\\\/\\\/www.facebook.com\\\/webdotn\",\"https:\\\/\\\/x.com\\\/webdo_tn\"],\"description\":\"Webdo est un m\u00e9dia num\u00e9rique tunisien fond\u00e9 en 2010, sp\u00e9cialis\u00e9 dans l\u2019actualit\u00e9 nationale et internationale, l\u2019\u00e9conomie, la soci\u00e9t\u00e9 et les analyses politiques. Le site s\u2019adresse \u00e0 un large public francophone et couvre l\u2019information tunisienne en temps r\u00e9el.\",\"email\":\"redac@webdo.tn\",\"legalName\":\"YNJ SARL\",\"foundingDate\":\"2010-09-06\",\"numberOfEmployees\":{\"@type\":\"QuantitativeValue\",\"minValue\":\"11\",\"maxValue\":\"50\"}},{\"@type\":\"Person\",\"@id\":\"https:\\\/\\\/www.webdo.tn\\\/fr\\\/#\\\/schema\\\/person\\\/b9ecde7a5574cb4fcf4b496ea5fadb15\",\"name\":\"Wided Belhaj\",\"image\":{\"@type\":\"ImageObject\",\"inLanguage\":\"fr-FR\",\"@id\":\"https:\\\/\\\/www.webdo.tn\\\/fr\\\/wp-content\\\/uploads\\\/2026\\\/04\\\/wided-belhaj_avatar-96x96.jpg\",\"url\":\"https:\\\/\\\/www.webdo.tn\\\/fr\\\/wp-content\\\/uploads\\\/2026\\\/04\\\/wided-belhaj_avatar-96x96.jpg\",\"contentUrl\":\"https:\\\/\\\/www.webdo.tn\\\/fr\\\/wp-content\\\/uploads\\\/2026\\\/04\\\/wided-belhaj_avatar-96x96.jpg\",\"caption\":\"Wided Belhaj\"},\"description\":\"Wided Belhaj est le pseudonyme \u00e9ditorial utilis\u00e9 par Khalil Jelassi, journaliste, ma\u00eetre-assistant \u00e0 l\u2019Institut de presse et des sciences de l\u2019information (IPSI) et chercheur en sciences de l\u2019information et de la communication. Cette signature est d\u00e9di\u00e9e \u00e0 l\u2019analyse des m\u00e9dias, des pratiques journalistiques et des mutations de l\u2019information \u00e0 l\u2019\u00e8re digitale. \u00c0 travers ses contributions, Wided Belhaj propose une lecture analytique de l\u2019actualit\u00e9, en croisant regard critique et expertise acad\u00e9mique.\",\"knowsAbout\":[\"m\u00e9dias\",\"journalisme\",\"communication\",\"information\",\"transformation num\u00e9rique\",\"analyse des m\u00e9dias\"],\"knowsLanguage\":[\"Fran\u00e7ais\",\"Arabe\"],\"jobTitle\":\"Webdo.tn\",\"worksFor\":\"Journaliste \u2013 Analyse des m\u00e9dias\",\"url\":\"https:\\\/\\\/www.webdo.tn\\\/fr\\\/actualite\\\/author\\\/wided-belhaj\\\/\"}]}<\/script>\n<!-- \/ Yoast SEO Premium plugin. -->","yoast_head_json":{"title":"Sa\u00efed : \"Inadmissible que j\u2019intervienne pour raccorder une maison au r\u00e9seau d\u2019assainissement\" - webdo","description":"Ka\u00efs Sa\u00efed a r\u00e9uni le ministre de l'Int\u00e9rieur pour aborder les pr\u00e9occupations des citoyens face aux autorit\u00e9s locales.","canonical":"https:\/\/www.webdo.tn\/fr\/actualite\/national\/saied-inadmissible-que-jintervienne-pour-raccorder-une-maison-au-reseau-dassainissement\/389275\/","og_locale":"fr_FR","og_type":"article","og_title":"Sa\u00efed : \"Inadmissible que j\u2019intervienne pour raccorder une maison au r\u00e9seau d\u2019assainissement\"","og_description":"Ka\u00efs Sa\u00efed a r\u00e9uni le ministre de l'Int\u00e9rieur pour aborder les pr\u00e9occupations des citoyens face aux autorit\u00e9s locales.","og_url":"https:\/\/www.webdo.tn\/fr\/actualite\/national\/saied-inadmissible-que-jintervienne-pour-raccorder-une-maison-au-reseau-dassainissement\/389275\/","og_site_name":"webdo","article_publisher":"https:\/\/www.facebook.com\/webdotn","article_published_time":"2025-12-10T06:40:51+00:00","article_modified_time":"2025-12-10T06:40:52+00:00","og_image":[{"width":2048,"height":1365,"url":"https:\/\/www.webdo.tn\/fr\/wp-content\/uploads\/2025\/12\/597588902_1273422604816337_8970638237213963369_n.jpg","type":"image\/jpeg"}],"author":"Wided Belhaj","twitter_card":"summary_large_image","twitter_creator":"@webdo_tn","twitter_site":"@webdo_tn","twitter_misc":{"\u00c9crit par":"Wided Belhaj","Dur\u00e9e de lecture estim\u00e9e":"2 minutes"},"schema":{"@context":"https:\/\/schema.org","@graph":[{"@type":"NewsArticle","@id":"https:\/\/www.webdo.tn\/fr\/actualite\/national\/saied-inadmissible-que-jintervienne-pour-raccorder-une-maison-au-reseau-dassainissement\/389275\/#article","isPartOf":{"@id":"https:\/\/www.webdo.tn\/fr\/actualite\/national\/saied-inadmissible-que-jintervienne-pour-raccorder-une-maison-au-reseau-dassainissement\/389275\/"},"author":{"name":"Wided Belhaj","@id":"https:\/\/www.webdo.tn\/fr\/#\/schema\/person\/b9ecde7a5574cb4fcf4b496ea5fadb15"},"headline":"Sa\u00efed : \u00ab\u00a0Inadmissible que j\u2019intervienne pour raccorder une maison au r\u00e9seau d\u2019assainissement\u00a0\u00bb","datePublished":"2025-12-10T06:40:51+00:00","dateModified":"2025-12-10T06:40:52+00:00","mainEntityOfPage":{"@id":"https:\/\/www.webdo.tn\/fr\/actualite\/national\/saied-inadmissible-que-jintervienne-pour-raccorder-une-maison-au-reseau-dassainissement\/389275\/"},"wordCount":324,"publisher":{"@id":"https:\/\/www.webdo.tn\/fr\/#organization"},"image":{"@id":"https:\/\/www.webdo.tn\/fr\/actualite\/national\/saied-inadmissible-que-jintervienne-pour-raccorder-une-maison-au-reseau-dassainissement\/389275\/#primaryimage"},"thumbnailUrl":"https:\/\/www.webdo.tn\/fr\/wp-content\/uploads\/2025\/12\/597588902_1273422604816337_8970638237213963369_n.jpg","keywords":["int\u00e9rieur","Kais Saied","Tunisie"],"articleSection":["National"],"inLanguage":"fr-FR"},{"@type":"WebPage","@id":"https:\/\/www.webdo.tn\/fr\/actualite\/national\/saied-inadmissible-que-jintervienne-pour-raccorder-une-maison-au-reseau-dassainissement\/389275\/","url":"https:\/\/www.webdo.tn\/fr\/actualite\/national\/saied-inadmissible-que-jintervienne-pour-raccorder-une-maison-au-reseau-dassainissement\/389275\/","name":"Sa\u00efed : \"Inadmissible que j\u2019intervienne pour raccorder une maison au r\u00e9seau d\u2019assainissement\" - webdo","isPartOf":{"@id":"https:\/\/www.webdo.tn\/fr\/#website"},"primaryImageOfPage":{"@id":"https:\/\/www.webdo.tn\/fr\/actualite\/national\/saied-inadmissible-que-jintervienne-pour-raccorder-une-maison-au-reseau-dassainissement\/389275\/#primaryimage"},"image":{"@id":"https:\/\/www.webdo.tn\/fr\/actualite\/national\/saied-inadmissible-que-jintervienne-pour-raccorder-une-maison-au-reseau-dassainissement\/389275\/#primaryimage"},"thumbnailUrl":"https:\/\/www.webdo.tn\/fr\/wp-content\/uploads\/2025\/12\/597588902_1273422604816337_8970638237213963369_n.jpg","datePublished":"2025-12-10T06:40:51+00:00","dateModified":"2025-12-10T06:40:52+00:00","description":"Ka\u00efs Sa\u00efed a r\u00e9uni le ministre de l'Int\u00e9rieur pour aborder les pr\u00e9occupations des citoyens face aux autorit\u00e9s locales.","breadcrumb":{"@id":"https:\/\/www.webdo.tn\/fr\/actualite\/national\/saied-inadmissible-que-jintervienne-pour-raccorder-une-maison-au-reseau-dassainissement\/389275\/#breadcrumb"},"inLanguage":"fr-FR","potentialAction":[{"@type":"ReadAction","target":["https:\/\/www.webdo.tn\/fr\/actualite\/national\/saied-inadmissible-que-jintervienne-pour-raccorder-une-maison-au-reseau-dassainissement\/389275\/"]}]},{"@type":"ImageObject","inLanguage":"fr-FR","@id":"https:\/\/www.webdo.tn\/fr\/actualite\/national\/saied-inadmissible-que-jintervienne-pour-raccorder-une-maison-au-reseau-dassainissement\/389275\/#primaryimage","url":"https:\/\/www.webdo.tn\/fr\/wp-content\/uploads\/2025\/12\/597588902_1273422604816337_8970638237213963369_n.jpg","contentUrl":"https:\/\/www.webdo.tn\/fr\/wp-content\/uploads\/2025\/12\/597588902_1273422604816337_8970638237213963369_n.jpg","width":2048,"height":1365,"caption":"Saied"},{"@type":"BreadcrumbList","@id":"https:\/\/www.webdo.tn\/fr\/actualite\/national\/saied-inadmissible-que-jintervienne-pour-raccorder-une-maison-au-reseau-dassainissement\/389275\/#breadcrumb","itemListElement":[{"@type":"ListItem","position":1,"name":"Accueil","item":"https:\/\/www.webdo.tn\/fr\/"},{"@type":"ListItem","position":2,"name":"Sa\u00efed : \u00ab\u00a0Inadmissible que j\u2019intervienne pour raccorder une maison au r\u00e9seau d\u2019assainissement\u00a0\u00bb"}]},{"@type":"WebSite","@id":"https:\/\/www.webdo.tn\/fr\/#website","url":"https:\/\/www.webdo.tn\/fr\/","name":"webdo","description":"Tunisie - News en Tunisie et \u00e0 l&#039;international sur Webdo.tn","publisher":{"@id":"https:\/\/www.webdo.tn\/fr\/#organization"},"potentialAction":[{"@type":"SearchAction","target":{"@type":"EntryPoint","urlTemplate":"https:\/\/www.webdo.tn\/fr\/?s={search_term_string}"},"query-input":{"@type":"PropertyValueSpecification","valueRequired":true,"valueName":"search_term_string"}}],"inLanguage":"fr-FR"},{"@type":"Organization","@id":"https:\/\/www.webdo.tn\/fr\/#organization","name":"Webdo","alternateName":"Webdo.tn","url":"https:\/\/www.webdo.tn\/fr\/","logo":{"@type":"ImageObject","inLanguage":"fr-FR","@id":"https:\/\/www.webdo.tn\/fr\/#\/schema\/logo\/image\/","url":"https:\/\/www.webdo.tn\/fr\/wp-content\/uploads\/2025\/06\/Webdo-Tunisie_168377.jpg","contentUrl":"https:\/\/www.webdo.tn\/fr\/wp-content\/uploads\/2025\/06\/Webdo-Tunisie_168377.jpg","width":301,"height":301,"caption":"Webdo"},"image":{"@id":"https:\/\/www.webdo.tn\/fr\/#\/schema\/logo\/image\/"},"sameAs":["https:\/\/www.facebook.com\/webdotn","https:\/\/x.com\/webdo_tn"],"description":"Webdo est un m\u00e9dia num\u00e9rique tunisien fond\u00e9 en 2010, sp\u00e9cialis\u00e9 dans l\u2019actualit\u00e9 nationale et internationale, l\u2019\u00e9conomie, la soci\u00e9t\u00e9 et les analyses politiques. Le site s\u2019adresse \u00e0 un large public francophone et couvre l\u2019information tunisienne en temps r\u00e9el.","email":"redac@webdo.tn","legalName":"YNJ SARL","foundingDate":"2010-09-06","numberOfEmployees":{"@type":"QuantitativeValue","minValue":"11","maxValue":"50"}},{"@type":"Person","@id":"https:\/\/www.webdo.tn\/fr\/#\/schema\/person\/b9ecde7a5574cb4fcf4b496ea5fadb15","name":"Wided Belhaj","image":{"@type":"ImageObject","inLanguage":"fr-FR","@id":"https:\/\/www.webdo.tn\/fr\/wp-content\/uploads\/2026\/04\/wided-belhaj_avatar-96x96.jpg","url":"https:\/\/www.webdo.tn\/fr\/wp-content\/uploads\/2026\/04\/wided-belhaj_avatar-96x96.jpg","contentUrl":"https:\/\/www.webdo.tn\/fr\/wp-content\/uploads\/2026\/04\/wided-belhaj_avatar-96x96.jpg","caption":"Wided Belhaj"},"description":"Wided Belhaj est le pseudonyme \u00e9ditorial utilis\u00e9 par Khalil Jelassi, journaliste, ma\u00eetre-assistant \u00e0 l\u2019Institut de presse et des sciences de l\u2019information (IPSI) et chercheur en sciences de l\u2019information et de la communication. Cette signature est d\u00e9di\u00e9e \u00e0 l\u2019analyse des m\u00e9dias, des pratiques journalistiques et des mutations de l\u2019information \u00e0 l\u2019\u00e8re digitale. \u00c0 travers ses contributions, Wided Belhaj propose une lecture analytique de l\u2019actualit\u00e9, en croisant regard critique et expertise acad\u00e9mique.","knowsAbout":["m\u00e9dias","journalisme","communication","information","transformation num\u00e9rique","analyse des m\u00e9dias"],"knowsLanguage":["Fran\u00e7ais","Arabe"],"jobTitle":"Webdo.tn","worksFor":"Journaliste \u2013 Analyse des m\u00e9dias","url":"https:\/\/www.webdo.tn\/fr\/actualite\/author\/wided-belhaj\/"}]}},"_links":{"self":[{"href":"https:\/\/www.webdo.tn\/fr\/wp-json\/wp\/v2\/posts\/389275","targetHints":{"allow":["GET"]}}],"collection":[{"href":"https:\/\/www.webdo.tn\/fr\/wp-json\/wp\/v2\/posts"}],"about":[{"href":"https:\/\/www.webdo.tn\/fr\/wp-json\/wp\/v2\/types\/post"}],"author":[{"embeddable":true,"href":"https:\/\/www.webdo.tn\/fr\/wp-json\/wp\/v2\/users\/3184"}],"replies":[{"embeddable":true,"href":"https:\/\/www.webdo.tn\/fr\/wp-json\/wp\/v2\/comments?post=389275"}],"version-history":[{"count":0,"href":"https:\/\/www.webdo.tn\/fr\/wp-json\/wp\/v2\/posts\/389275\/revisions"}],"wp:featuredmedia":[{"embeddable":true,"href":"https:\/\/www.webdo.tn\/fr\/wp-json\/wp\/v2\/media\/389276"}],"wp:attachment":[{"href":"https:\/\/www.webdo.tn\/fr\/wp-json\/wp\/v2\/media?parent=389275"}],"wp:term":[{"taxonomy":"category","embeddable":true,"href":"https:\/\/www.webdo.tn\/fr\/wp-json\/wp\/v2\/categories?post=389275"},{"taxonomy":"post_tag","embeddable":true,"href":"https:\/\/www.webdo.tn\/fr\/wp-json\/wp\/v2\/tags?post=389275"}],"curies":[{"name":"wp","href":"https:\/\/api.w.org\/{rel}","templated":true}]}}