{"id":389194,"date":"2025-12-09T10:11:59","date_gmt":"2025-12-09T09:11:59","guid":{"rendered":"https:\/\/www.webdo.tn\/fr\/?p=389194"},"modified":"2025-12-11T09:10:23","modified_gmt":"2025-12-11T08:10:23","slug":"lordre-des-medecins-va-attaquer-en-justice-un-programme-televise","status":"publish","type":"post","link":"https:\/\/www.webdo.tn\/fr\/actualite\/national\/lordre-des-medecins-va-attaquer-en-justice-un-programme-televise\/389194\/","title":{"rendered":"L\u2019Ordre des m\u00e9decins va attaquer en justice un programme t\u00e9l\u00e9vis\u00e9"},"content":{"rendered":"\n<p><strong>Le Conseil national de l\u2019Ordre des m\u00e9decins a annonc\u00e9 qu\u2019il d\u00e9posera officiellement une plainte contre un programme t\u00e9l\u00e9vis\u00e9 ayant diffus\u00e9 un \u00e9pisode pr\u00e9sentant le traitement du cancer par des m\u00e9thodes non m\u00e9dicales, mettant en danger la sant\u00e9 des citoyens tunisiens.<\/strong><\/p>\n\n\n\n<h2 class=\"wp-block-heading\" id=\"h-une-attaque-contre-les-pratiques-non-scientifiques\">Une attaque contre les pratiques non scientifiques<\/h2>\n\n\n\n<p>Le Conseil souligne que le traitement du cancer repose sur des m\u00e9dicaments sp\u00e9cifiques et des protocoles cliniques valid\u00e9s par des m\u00e9decins sp\u00e9cialistes. Ces pratiques sont scientifiquement prouv\u00e9es et constituent le seul recours s\u00fbr pour les patients.<\/p>\n\n\n\n<p><\/p>\n\n\n<div class=\"wp-block-image\">\n<figure class=\"aligncenter size-full\"><img decoding=\"async\" width=\"624\" height=\"339\" src=\"https:\/\/www.webdo.tn\/fr\/wp-content\/uploads\/2025\/12\/Capture-decran-2025-12-09-100335.png\" alt=\"\" class=\"wp-image-389196\" srcset=\"https:\/\/www.webdo.tn\/fr\/wp-content\/uploads\/2025\/12\/Capture-decran-2025-12-09-100335.png 624w, https:\/\/www.webdo.tn\/fr\/wp-content\/uploads\/2025\/12\/Capture-decran-2025-12-09-100335-300x163.png 300w\" sizes=\"(max-width: 624px) 100vw, 624px\" \/><\/figure>\n<\/div>\n\n\n<p>Le programme en question, diffus\u00e9 dimanche soir sur la cha\u00eene Al Hiwar Ettounsi, a promu le \u00ab\u00a0soin\u00a0\u00bb \u00e0 base de m\u00e9decine traditionnelle et de plantes, pr\u00e9sent\u00e9 par un individu sans formation m\u00e9dicale, laissant entendre qu\u2019il pourrait remplacer les traitements conventionnels.<\/p>\n\n\n\n<h2 class=\"wp-block-heading\" id=\"h-violation-de-l-ethique-medicale\">Violation de l\u2019\u00e9thique m\u00e9dicale<\/h2>\n\n\n\n<p>Le Conseil National de l&rsquo;Ordre des M\u00e9decins de Tunisie, a publi\u00e9, aujourd\u2019hui un communiqu\u00e9 pr\u00e9cisant que ces contenus, souvent pr\u00e9sent\u00e9s sans encadrement scientifique ni avertissement, d\u00e9sorientent le public et peuvent retarder le diagnostic ou le traitement de maladies graves.<\/p>\n\n\n\n<p>Le Conseil d\u00e9nonce par ailleurs, la promotion de la tradith\u00e9rapie dans les m\u00e9dias comme alternative ou substitut \u00e0 la m\u00e9decine fond\u00e9e sur les preuves, estimant que la pr\u00e9sentation de telles pratiques, sans encadrement scientifique rigoureux ni avertissement clair, induit le public en erreur, banalise des m\u00e9thodes non valid\u00e9es et expose les citoyens \u00e0 des retards diagnostiques ou th\u00e9rapeutiques parfois graves.<\/p>\n\n\n\n<p><\/p>\n\n\n<div class=\"wp-block-image\">\n<figure class=\"aligncenter size-full\"><img decoding=\"async\" width=\"619\" height=\"812\" src=\"https:\/\/www.webdo.tn\/fr\/wp-content\/uploads\/2025\/12\/Screenshot-2025-12-09-at-10-03-00-20-Facebook.png\" alt=\"\" class=\"wp-image-389197\" srcset=\"https:\/\/www.webdo.tn\/fr\/wp-content\/uploads\/2025\/12\/Screenshot-2025-12-09-at-10-03-00-20-Facebook.png 619w, https:\/\/www.webdo.tn\/fr\/wp-content\/uploads\/2025\/12\/Screenshot-2025-12-09-at-10-03-00-20-Facebook-229x300.png 229w\" sizes=\"(max-width: 619px) 100vw, 619px\" \/><\/figure>\n<\/div>\n\n\n<p><\/p>\n\n\n\n<p><\/p>\n\n\n\n<blockquote class=\"wp-block-quote is-layout-flow wp-block-quote-is-layout-flow\">\n<p><strong>Lire aussi<\/strong><\/p>\n\n\n\n<ul class=\"wp-block-list\">\n<li><a href=\"https:\/\/www.webdo.tn\/fr\/actualite\/national\/tunisie-le-conseil-de-presse-tire-a-boulets-sur-lemission-de-samir-elwafi\/389300\/\">Tunisie : Le Conseil de Presse tire \u00e0 boulets rouges sur l\u2019\u00e9mission de Samir Elwafi<\/a><\/li>\n\n\n\n<li><a href=\"https:\/\/www.webdo.tn\/fr\/actualite\/national\/publicite-sur-les-reseaux-lordre-des-medecins-sanctionne-plusieurs-praticiens\/386942\/\">Publicit\u00e9 sur les r\u00e9seaux : L\u2019Ordre des m\u00e9decins sanctionne plusieurs praticiens<\/a><\/li>\n\n\n\n<li><a href=\"https:\/\/www.webdo.tn\/fr\/actualite\/national\/tunisie-diffusion-en-direct-d-une-intervention-chirurgicale-indignation-des-internautes-et-de-l-ordre-des-medecins\/217125\/\">Tunisie \u2013 Diffusion en direct d\u2019une intervention chirurgicale : Indignation des internautes et de l\u2019Ordre des m\u00e9decins<\/a><\/li>\n<\/ul>\n<\/blockquote>\n","protected":false},"excerpt":{"rendered":"<p>Le Conseil national de l\u2019Ordre des m\u00e9decins a annonc\u00e9 qu\u2019il d\u00e9posera officiellement une plainte contre un programme t\u00e9l\u00e9vis\u00e9 ayant diffus\u00e9 un \u00e9pisode pr\u00e9sentant le traitement du cancer par des m\u00e9thodes non m\u00e9dicales, mettant en danger la sant\u00e9 des citoyens tunisiens. Une attaque contre les pratiques non scientifiques Le Conseil souligne que le traitement du cancer [&hellip;]<\/p>\n","protected":false},"author":4782,"featured_media":389198,"comment_status":"closed","ping_status":"closed","sticky":false,"template":"","format":"standard","meta":{"footnotes":""},"categories":[44],"tags":[4348,13395,2619,7199,2608],"class_list":["post-389194","post","type-post","status-publish","format-standard","has-post-thumbnail","hentry","category-national","tag-conseil-de-lordre-des-medecins","tag-el-hiwar","tag-justice","tag-programme-tv","tag-tunisie"],"yoast_head":"<!-- This site is optimized with the Yoast SEO Premium plugin v27.4 (Yoast SEO v27.4) - https:\/\/yoast.com\/product\/yoast-seo-premium-wordpress\/ -->\n<title>L\u2019Ordre des m\u00e9decins va attaquer en justice un programme t\u00e9l\u00e9vis\u00e9 - webdo<\/title>\n<meta name=\"description\" content=\"D\u00e9couvrez comment L\u2019Ordre des m\u00e9decins va attaquer en justice un programme qui a promu des traitements non m\u00e9dicaux pour le cancer.\" \/>\n<link rel=\"canonical\" href=\"https:\/\/www.webdo.tn\/fr\/actualite\/national\/lordre-des-medecins-va-attaquer-en-justice-un-programme-televise\/389194\/\" \/>\n<meta property=\"og:locale\" content=\"fr_FR\" \/>\n<meta property=\"og:type\" content=\"article\" \/>\n<meta property=\"og:title\" content=\"L\u2019Ordre des m\u00e9decins va attaquer en justice un programme t\u00e9l\u00e9vis\u00e9\" \/>\n<meta property=\"og:description\" content=\"D\u00e9couvrez comment L\u2019Ordre des m\u00e9decins va attaquer en justice un programme qui a promu des traitements non m\u00e9dicaux pour le cancer.\" \/>\n<meta property=\"og:url\" content=\"https:\/\/www.webdo.tn\/fr\/actualite\/national\/lordre-des-medecins-va-attaquer-en-justice-un-programme-televise\/389194\/\" \/>\n<meta property=\"og:site_name\" content=\"webdo\" \/>\n<meta property=\"article:publisher\" content=\"https:\/\/www.facebook.com\/webdotn\" \/>\n<meta property=\"article:published_time\" content=\"2025-12-09T09:11:59+00:00\" \/>\n<meta property=\"article:modified_time\" content=\"2025-12-11T08:10:23+00:00\" \/>\n<meta property=\"og:image\" content=\"https:\/\/www.webdo.tn\/fr\/wp-content\/uploads\/2025\/12\/ordre-medecin-200125.jpg\" \/>\n\t<meta property=\"og:image:width\" content=\"1200\" \/>\n\t<meta property=\"og:image:height\" content=\"600\" \/>\n\t<meta property=\"og:image:type\" content=\"image\/jpeg\" \/>\n<meta name=\"author\" content=\"Mohamed Fethi\" \/>\n<meta name=\"twitter:card\" content=\"summary_large_image\" \/>\n<meta name=\"twitter:creator\" content=\"@webdo_tn\" \/>\n<meta name=\"twitter:site\" content=\"@webdo_tn\" \/>\n<meta name=\"twitter:label1\" content=\"\u00c9crit par\" \/>\n\t<meta name=\"twitter:data1\" content=\"Mohamed Fethi\" \/>\n\t<meta name=\"twitter:label2\" content=\"Dur\u00e9e de lecture estim\u00e9e\" \/>\n\t<meta name=\"twitter:data2\" content=\"2 minutes\" \/>\n<script type=\"application\/ld+json\" class=\"yoast-schema-graph\">{\"@context\":\"https:\\\/\\\/schema.org\",\"@graph\":[{\"@type\":\"NewsArticle\",\"@id\":\"https:\\\/\\\/www.webdo.tn\\\/fr\\\/actualite\\\/national\\\/lordre-des-medecins-va-attaquer-en-justice-un-programme-televise\\\/389194\\\/#article\",\"isPartOf\":{\"@id\":\"https:\\\/\\\/www.webdo.tn\\\/fr\\\/actualite\\\/national\\\/lordre-des-medecins-va-attaquer-en-justice-un-programme-televise\\\/389194\\\/\"},\"author\":{\"name\":\"Mohamed Fethi\",\"@id\":\"https:\\\/\\\/www.webdo.tn\\\/fr\\\/#\\\/schema\\\/person\\\/16a4857e77dfc0b610c4c2cadffc9ac4\"},\"headline\":\"L\u2019Ordre des m\u00e9decins va attaquer en justice un programme t\u00e9l\u00e9vis\u00e9\",\"datePublished\":\"2025-12-09T09:11:59+00:00\",\"dateModified\":\"2025-12-11T08:10:23+00:00\",\"mainEntityOfPage\":{\"@id\":\"https:\\\/\\\/www.webdo.tn\\\/fr\\\/actualite\\\/national\\\/lordre-des-medecins-va-attaquer-en-justice-un-programme-televise\\\/389194\\\/\"},\"wordCount\":323,\"publisher\":{\"@id\":\"https:\\\/\\\/www.webdo.tn\\\/fr\\\/#organization\"},\"image\":{\"@id\":\"https:\\\/\\\/www.webdo.tn\\\/fr\\\/actualite\\\/national\\\/lordre-des-medecins-va-attaquer-en-justice-un-programme-televise\\\/389194\\\/#primaryimage\"},\"thumbnailUrl\":\"https:\\\/\\\/www.webdo.tn\\\/fr\\\/wp-content\\\/uploads\\\/2025\\\/12\\\/ordre-medecin-200125.jpg\",\"keywords\":[\"conseil de l'ordre des m\u00e9decins\",\"el hiwar\",\"justice\",\"Programme TV\",\"Tunisie\"],\"articleSection\":[\"National\"],\"inLanguage\":\"fr-FR\"},{\"@type\":\"WebPage\",\"@id\":\"https:\\\/\\\/www.webdo.tn\\\/fr\\\/actualite\\\/national\\\/lordre-des-medecins-va-attaquer-en-justice-un-programme-televise\\\/389194\\\/\",\"url\":\"https:\\\/\\\/www.webdo.tn\\\/fr\\\/actualite\\\/national\\\/lordre-des-medecins-va-attaquer-en-justice-un-programme-televise\\\/389194\\\/\",\"name\":\"L\u2019Ordre des m\u00e9decins va attaquer en justice un programme t\u00e9l\u00e9vis\u00e9 - webdo\",\"isPartOf\":{\"@id\":\"https:\\\/\\\/www.webdo.tn\\\/fr\\\/#website\"},\"primaryImageOfPage\":{\"@id\":\"https:\\\/\\\/www.webdo.tn\\\/fr\\\/actualite\\\/national\\\/lordre-des-medecins-va-attaquer-en-justice-un-programme-televise\\\/389194\\\/#primaryimage\"},\"image\":{\"@id\":\"https:\\\/\\\/www.webdo.tn\\\/fr\\\/actualite\\\/national\\\/lordre-des-medecins-va-attaquer-en-justice-un-programme-televise\\\/389194\\\/#primaryimage\"},\"thumbnailUrl\":\"https:\\\/\\\/www.webdo.tn\\\/fr\\\/wp-content\\\/uploads\\\/2025\\\/12\\\/ordre-medecin-200125.jpg\",\"datePublished\":\"2025-12-09T09:11:59+00:00\",\"dateModified\":\"2025-12-11T08:10:23+00:00\",\"description\":\"D\u00e9couvrez comment L\u2019Ordre des m\u00e9decins va attaquer en justice un programme qui a promu des traitements non m\u00e9dicaux pour le cancer.\",\"breadcrumb\":{\"@id\":\"https:\\\/\\\/www.webdo.tn\\\/fr\\\/actualite\\\/national\\\/lordre-des-medecins-va-attaquer-en-justice-un-programme-televise\\\/389194\\\/#breadcrumb\"},\"inLanguage\":\"fr-FR\",\"potentialAction\":[{\"@type\":\"ReadAction\",\"target\":[\"https:\\\/\\\/www.webdo.tn\\\/fr\\\/actualite\\\/national\\\/lordre-des-medecins-va-attaquer-en-justice-un-programme-televise\\\/389194\\\/\"]}]},{\"@type\":\"ImageObject\",\"inLanguage\":\"fr-FR\",\"@id\":\"https:\\\/\\\/www.webdo.tn\\\/fr\\\/actualite\\\/national\\\/lordre-des-medecins-va-attaquer-en-justice-un-programme-televise\\\/389194\\\/#primaryimage\",\"url\":\"https:\\\/\\\/www.webdo.tn\\\/fr\\\/wp-content\\\/uploads\\\/2025\\\/12\\\/ordre-medecin-200125.jpg\",\"contentUrl\":\"https:\\\/\\\/www.webdo.tn\\\/fr\\\/wp-content\\\/uploads\\\/2025\\\/12\\\/ordre-medecin-200125.jpg\",\"width\":1200,\"height\":600,\"caption\":\"Facturation \u00e9lectronique : L\u2019Ordre des m\u00e9decins demande un moratoire\"},{\"@type\":\"BreadcrumbList\",\"@id\":\"https:\\\/\\\/www.webdo.tn\\\/fr\\\/actualite\\\/national\\\/lordre-des-medecins-va-attaquer-en-justice-un-programme-televise\\\/389194\\\/#breadcrumb\",\"itemListElement\":[{\"@type\":\"ListItem\",\"position\":1,\"name\":\"Accueil\",\"item\":\"https:\\\/\\\/www.webdo.tn\\\/fr\\\/\"},{\"@type\":\"ListItem\",\"position\":2,\"name\":\"L\u2019Ordre des m\u00e9decins va attaquer en justice un programme t\u00e9l\u00e9vis\u00e9\"}]},{\"@type\":\"WebSite\",\"@id\":\"https:\\\/\\\/www.webdo.tn\\\/fr\\\/#website\",\"url\":\"https:\\\/\\\/www.webdo.tn\\\/fr\\\/\",\"name\":\"webdo\",\"description\":\"Tunisie - News en Tunisie et \u00e0 l&#039;international sur Webdo.tn\",\"publisher\":{\"@id\":\"https:\\\/\\\/www.webdo.tn\\\/fr\\\/#organization\"},\"potentialAction\":[{\"@type\":\"SearchAction\",\"target\":{\"@type\":\"EntryPoint\",\"urlTemplate\":\"https:\\\/\\\/www.webdo.tn\\\/fr\\\/?s={search_term_string}\"},\"query-input\":{\"@type\":\"PropertyValueSpecification\",\"valueRequired\":true,\"valueName\":\"search_term_string\"}}],\"inLanguage\":\"fr-FR\"},{\"@type\":\"Organization\",\"@id\":\"https:\\\/\\\/www.webdo.tn\\\/fr\\\/#organization\",\"name\":\"Webdo\",\"alternateName\":\"Webdo.tn\",\"url\":\"https:\\\/\\\/www.webdo.tn\\\/fr\\\/\",\"logo\":{\"@type\":\"ImageObject\",\"inLanguage\":\"fr-FR\",\"@id\":\"https:\\\/\\\/www.webdo.tn\\\/fr\\\/#\\\/schema\\\/logo\\\/image\\\/\",\"url\":\"https:\\\/\\\/www.webdo.tn\\\/fr\\\/wp-content\\\/uploads\\\/2025\\\/06\\\/Webdo-Tunisie_168377.jpg\",\"contentUrl\":\"https:\\\/\\\/www.webdo.tn\\\/fr\\\/wp-content\\\/uploads\\\/2025\\\/06\\\/Webdo-Tunisie_168377.jpg\",\"width\":301,\"height\":301,\"caption\":\"Webdo\"},\"image\":{\"@id\":\"https:\\\/\\\/www.webdo.tn\\\/fr\\\/#\\\/schema\\\/logo\\\/image\\\/\"},\"sameAs\":[\"https:\\\/\\\/www.facebook.com\\\/webdotn\",\"https:\\\/\\\/x.com\\\/webdo_tn\"],\"description\":\"Webdo est un m\u00e9dia num\u00e9rique tunisien fond\u00e9 en 2010, sp\u00e9cialis\u00e9 dans l\u2019actualit\u00e9 nationale et internationale, l\u2019\u00e9conomie, la soci\u00e9t\u00e9 et les analyses politiques. Le site s\u2019adresse \u00e0 un large public francophone et couvre l\u2019information tunisienne en temps r\u00e9el.\",\"email\":\"redac@webdo.tn\",\"legalName\":\"YNJ SARL\",\"foundingDate\":\"2010-09-06\",\"numberOfEmployees\":{\"@type\":\"QuantitativeValue\",\"minValue\":\"11\",\"maxValue\":\"50\"}},{\"@type\":\"Person\",\"@id\":\"https:\\\/\\\/www.webdo.tn\\\/fr\\\/#\\\/schema\\\/person\\\/16a4857e77dfc0b610c4c2cadffc9ac4\",\"name\":\"Mohamed Fethi\",\"image\":{\"@type\":\"ImageObject\",\"inLanguage\":\"fr-FR\",\"@id\":\"https:\\\/\\\/www.webdo.tn\\\/fr\\\/wp-content\\\/uploads\\\/2026\\\/04\\\/mohamed-fethi_avatar_1-96x96.jpg\",\"url\":\"https:\\\/\\\/www.webdo.tn\\\/fr\\\/wp-content\\\/uploads\\\/2026\\\/04\\\/mohamed-fethi_avatar_1-96x96.jpg\",\"contentUrl\":\"https:\\\/\\\/www.webdo.tn\\\/fr\\\/wp-content\\\/uploads\\\/2026\\\/04\\\/mohamed-fethi_avatar_1-96x96.jpg\",\"caption\":\"Mohamed Fethi\"},\"description\":\"Signature \u00e9ditoriale de Maher Chaabane Mohamed Fethi est le pseudonyme \u00e9ditorial de Maher Chaabane, r\u00e9dacteur en chef de Webdo.tn depuis 2012. Cette signature est d\u00e9di\u00e9e au traitement intensif de l'actualit\u00e9 nationale et internationale en temps r\u00e9el. S'appuyant sur les deux d\u00e9cennies d'expertise journalistique de Maher Chaabane \u2014 d\u00e9but\u00e9e au sein du groupe Tunis Hebdo en 2000 \u2014 Mohamed Fethi assure une veille rigoureuse sur les enjeux politiques, \u00e9conomiques et sportifs. Sa mission est de garantir une information structur\u00e9e, fluide et fid\u00e8le aux standards de la r\u00e9daction. Pour consulter le parcours complet du r\u00e9dacteur en chef, visitez le profil officiel de Maher Chaabane.\",\"knowsAbout\":[\"actualit\u00e9\",\"journalisme\",\"information\",\"politique\",\"sport\",\"m\u00e9dias\",\"actualit\u00e9 internationale\"],\"knowsLanguage\":[\"Fran\u00e7ais\",\"Arabe\"],\"jobTitle\":\"Journaliste \u2013 R\u00e9daction Webdo\",\"worksFor\":\"Webdo.tn\",\"url\":\"https:\\\/\\\/www.webdo.tn\\\/fr\\\/actualite\\\/author\\\/mohamed-fethi\\\/\"}]}<\/script>\n<!-- \/ Yoast SEO Premium plugin. -->","yoast_head_json":{"title":"L\u2019Ordre des m\u00e9decins va attaquer en justice un programme t\u00e9l\u00e9vis\u00e9 - webdo","description":"D\u00e9couvrez comment L\u2019Ordre des m\u00e9decins va attaquer en justice un programme qui a promu des traitements non m\u00e9dicaux pour le cancer.","canonical":"https:\/\/www.webdo.tn\/fr\/actualite\/national\/lordre-des-medecins-va-attaquer-en-justice-un-programme-televise\/389194\/","og_locale":"fr_FR","og_type":"article","og_title":"L\u2019Ordre des m\u00e9decins va attaquer en justice un programme t\u00e9l\u00e9vis\u00e9","og_description":"D\u00e9couvrez comment L\u2019Ordre des m\u00e9decins va attaquer en justice un programme qui a promu des traitements non m\u00e9dicaux pour le cancer.","og_url":"https:\/\/www.webdo.tn\/fr\/actualite\/national\/lordre-des-medecins-va-attaquer-en-justice-un-programme-televise\/389194\/","og_site_name":"webdo","article_publisher":"https:\/\/www.facebook.com\/webdotn","article_published_time":"2025-12-09T09:11:59+00:00","article_modified_time":"2025-12-11T08:10:23+00:00","og_image":[{"width":1200,"height":600,"url":"https:\/\/www.webdo.tn\/fr\/wp-content\/uploads\/2025\/12\/ordre-medecin-200125.jpg","type":"image\/jpeg"}],"author":"Mohamed Fethi","twitter_card":"summary_large_image","twitter_creator":"@webdo_tn","twitter_site":"@webdo_tn","twitter_misc":{"\u00c9crit par":"Mohamed Fethi","Dur\u00e9e de lecture estim\u00e9e":"2 minutes"},"schema":{"@context":"https:\/\/schema.org","@graph":[{"@type":"NewsArticle","@id":"https:\/\/www.webdo.tn\/fr\/actualite\/national\/lordre-des-medecins-va-attaquer-en-justice-un-programme-televise\/389194\/#article","isPartOf":{"@id":"https:\/\/www.webdo.tn\/fr\/actualite\/national\/lordre-des-medecins-va-attaquer-en-justice-un-programme-televise\/389194\/"},"author":{"name":"Mohamed Fethi","@id":"https:\/\/www.webdo.tn\/fr\/#\/schema\/person\/16a4857e77dfc0b610c4c2cadffc9ac4"},"headline":"L\u2019Ordre des m\u00e9decins va attaquer en justice un programme t\u00e9l\u00e9vis\u00e9","datePublished":"2025-12-09T09:11:59+00:00","dateModified":"2025-12-11T08:10:23+00:00","mainEntityOfPage":{"@id":"https:\/\/www.webdo.tn\/fr\/actualite\/national\/lordre-des-medecins-va-attaquer-en-justice-un-programme-televise\/389194\/"},"wordCount":323,"publisher":{"@id":"https:\/\/www.webdo.tn\/fr\/#organization"},"image":{"@id":"https:\/\/www.webdo.tn\/fr\/actualite\/national\/lordre-des-medecins-va-attaquer-en-justice-un-programme-televise\/389194\/#primaryimage"},"thumbnailUrl":"https:\/\/www.webdo.tn\/fr\/wp-content\/uploads\/2025\/12\/ordre-medecin-200125.jpg","keywords":["conseil de l'ordre des m\u00e9decins","el hiwar","justice","Programme TV","Tunisie"],"articleSection":["National"],"inLanguage":"fr-FR"},{"@type":"WebPage","@id":"https:\/\/www.webdo.tn\/fr\/actualite\/national\/lordre-des-medecins-va-attaquer-en-justice-un-programme-televise\/389194\/","url":"https:\/\/www.webdo.tn\/fr\/actualite\/national\/lordre-des-medecins-va-attaquer-en-justice-un-programme-televise\/389194\/","name":"L\u2019Ordre des m\u00e9decins va attaquer en justice un programme t\u00e9l\u00e9vis\u00e9 - webdo","isPartOf":{"@id":"https:\/\/www.webdo.tn\/fr\/#website"},"primaryImageOfPage":{"@id":"https:\/\/www.webdo.tn\/fr\/actualite\/national\/lordre-des-medecins-va-attaquer-en-justice-un-programme-televise\/389194\/#primaryimage"},"image":{"@id":"https:\/\/www.webdo.tn\/fr\/actualite\/national\/lordre-des-medecins-va-attaquer-en-justice-un-programme-televise\/389194\/#primaryimage"},"thumbnailUrl":"https:\/\/www.webdo.tn\/fr\/wp-content\/uploads\/2025\/12\/ordre-medecin-200125.jpg","datePublished":"2025-12-09T09:11:59+00:00","dateModified":"2025-12-11T08:10:23+00:00","description":"D\u00e9couvrez comment L\u2019Ordre des m\u00e9decins va attaquer en justice un programme qui a promu des traitements non m\u00e9dicaux pour le cancer.","breadcrumb":{"@id":"https:\/\/www.webdo.tn\/fr\/actualite\/national\/lordre-des-medecins-va-attaquer-en-justice-un-programme-televise\/389194\/#breadcrumb"},"inLanguage":"fr-FR","potentialAction":[{"@type":"ReadAction","target":["https:\/\/www.webdo.tn\/fr\/actualite\/national\/lordre-des-medecins-va-attaquer-en-justice-un-programme-televise\/389194\/"]}]},{"@type":"ImageObject","inLanguage":"fr-FR","@id":"https:\/\/www.webdo.tn\/fr\/actualite\/national\/lordre-des-medecins-va-attaquer-en-justice-un-programme-televise\/389194\/#primaryimage","url":"https:\/\/www.webdo.tn\/fr\/wp-content\/uploads\/2025\/12\/ordre-medecin-200125.jpg","contentUrl":"https:\/\/www.webdo.tn\/fr\/wp-content\/uploads\/2025\/12\/ordre-medecin-200125.jpg","width":1200,"height":600,"caption":"Facturation \u00e9lectronique : L\u2019Ordre des m\u00e9decins demande un moratoire"},{"@type":"BreadcrumbList","@id":"https:\/\/www.webdo.tn\/fr\/actualite\/national\/lordre-des-medecins-va-attaquer-en-justice-un-programme-televise\/389194\/#breadcrumb","itemListElement":[{"@type":"ListItem","position":1,"name":"Accueil","item":"https:\/\/www.webdo.tn\/fr\/"},{"@type":"ListItem","position":2,"name":"L\u2019Ordre des m\u00e9decins va attaquer en justice un programme t\u00e9l\u00e9vis\u00e9"}]},{"@type":"WebSite","@id":"https:\/\/www.webdo.tn\/fr\/#website","url":"https:\/\/www.webdo.tn\/fr\/","name":"webdo","description":"Tunisie - News en Tunisie et \u00e0 l&#039;international sur Webdo.tn","publisher":{"@id":"https:\/\/www.webdo.tn\/fr\/#organization"},"potentialAction":[{"@type":"SearchAction","target":{"@type":"EntryPoint","urlTemplate":"https:\/\/www.webdo.tn\/fr\/?s={search_term_string}"},"query-input":{"@type":"PropertyValueSpecification","valueRequired":true,"valueName":"search_term_string"}}],"inLanguage":"fr-FR"},{"@type":"Organization","@id":"https:\/\/www.webdo.tn\/fr\/#organization","name":"Webdo","alternateName":"Webdo.tn","url":"https:\/\/www.webdo.tn\/fr\/","logo":{"@type":"ImageObject","inLanguage":"fr-FR","@id":"https:\/\/www.webdo.tn\/fr\/#\/schema\/logo\/image\/","url":"https:\/\/www.webdo.tn\/fr\/wp-content\/uploads\/2025\/06\/Webdo-Tunisie_168377.jpg","contentUrl":"https:\/\/www.webdo.tn\/fr\/wp-content\/uploads\/2025\/06\/Webdo-Tunisie_168377.jpg","width":301,"height":301,"caption":"Webdo"},"image":{"@id":"https:\/\/www.webdo.tn\/fr\/#\/schema\/logo\/image\/"},"sameAs":["https:\/\/www.facebook.com\/webdotn","https:\/\/x.com\/webdo_tn"],"description":"Webdo est un m\u00e9dia num\u00e9rique tunisien fond\u00e9 en 2010, sp\u00e9cialis\u00e9 dans l\u2019actualit\u00e9 nationale et internationale, l\u2019\u00e9conomie, la soci\u00e9t\u00e9 et les analyses politiques. Le site s\u2019adresse \u00e0 un large public francophone et couvre l\u2019information tunisienne en temps r\u00e9el.","email":"redac@webdo.tn","legalName":"YNJ SARL","foundingDate":"2010-09-06","numberOfEmployees":{"@type":"QuantitativeValue","minValue":"11","maxValue":"50"}},{"@type":"Person","@id":"https:\/\/www.webdo.tn\/fr\/#\/schema\/person\/16a4857e77dfc0b610c4c2cadffc9ac4","name":"Mohamed Fethi","image":{"@type":"ImageObject","inLanguage":"fr-FR","@id":"https:\/\/www.webdo.tn\/fr\/wp-content\/uploads\/2026\/04\/mohamed-fethi_avatar_1-96x96.jpg","url":"https:\/\/www.webdo.tn\/fr\/wp-content\/uploads\/2026\/04\/mohamed-fethi_avatar_1-96x96.jpg","contentUrl":"https:\/\/www.webdo.tn\/fr\/wp-content\/uploads\/2026\/04\/mohamed-fethi_avatar_1-96x96.jpg","caption":"Mohamed Fethi"},"description":"Signature \u00e9ditoriale de Maher Chaabane Mohamed Fethi est le pseudonyme \u00e9ditorial de Maher Chaabane, r\u00e9dacteur en chef de Webdo.tn depuis 2012. Cette signature est d\u00e9di\u00e9e au traitement intensif de l'actualit\u00e9 nationale et internationale en temps r\u00e9el. S'appuyant sur les deux d\u00e9cennies d'expertise journalistique de Maher Chaabane \u2014 d\u00e9but\u00e9e au sein du groupe Tunis Hebdo en 2000 \u2014 Mohamed Fethi assure une veille rigoureuse sur les enjeux politiques, \u00e9conomiques et sportifs. Sa mission est de garantir une information structur\u00e9e, fluide et fid\u00e8le aux standards de la r\u00e9daction. Pour consulter le parcours complet du r\u00e9dacteur en chef, visitez le profil officiel de Maher Chaabane.","knowsAbout":["actualit\u00e9","journalisme","information","politique","sport","m\u00e9dias","actualit\u00e9 internationale"],"knowsLanguage":["Fran\u00e7ais","Arabe"],"jobTitle":"Journaliste \u2013 R\u00e9daction Webdo","worksFor":"Webdo.tn","url":"https:\/\/www.webdo.tn\/fr\/actualite\/author\/mohamed-fethi\/"}]}},"_links":{"self":[{"href":"https:\/\/www.webdo.tn\/fr\/wp-json\/wp\/v2\/posts\/389194","targetHints":{"allow":["GET"]}}],"collection":[{"href":"https:\/\/www.webdo.tn\/fr\/wp-json\/wp\/v2\/posts"}],"about":[{"href":"https:\/\/www.webdo.tn\/fr\/wp-json\/wp\/v2\/types\/post"}],"author":[{"embeddable":true,"href":"https:\/\/www.webdo.tn\/fr\/wp-json\/wp\/v2\/users\/4782"}],"replies":[{"embeddable":true,"href":"https:\/\/www.webdo.tn\/fr\/wp-json\/wp\/v2\/comments?post=389194"}],"version-history":[{"count":0,"href":"https:\/\/www.webdo.tn\/fr\/wp-json\/wp\/v2\/posts\/389194\/revisions"}],"wp:featuredmedia":[{"embeddable":true,"href":"https:\/\/www.webdo.tn\/fr\/wp-json\/wp\/v2\/media\/389198"}],"wp:attachment":[{"href":"https:\/\/www.webdo.tn\/fr\/wp-json\/wp\/v2\/media?parent=389194"}],"wp:term":[{"taxonomy":"category","embeddable":true,"href":"https:\/\/www.webdo.tn\/fr\/wp-json\/wp\/v2\/categories?post=389194"},{"taxonomy":"post_tag","embeddable":true,"href":"https:\/\/www.webdo.tn\/fr\/wp-json\/wp\/v2\/tags?post=389194"}],"curies":[{"name":"wp","href":"https:\/\/api.w.org\/{rel}","templated":true}]}}