{"id":389115,"date":"2025-12-08T15:45:17","date_gmt":"2025-12-08T14:45:17","guid":{"rendered":"https:\/\/www.webdo.tn\/fr\/?p=389115"},"modified":"2025-12-08T15:45:18","modified_gmt":"2025-12-08T14:45:18","slug":"edito-quand-les-chiffres-racontent-la-nouvelle-famille-tunisienne","status":"publish","type":"post","link":"https:\/\/www.webdo.tn\/fr\/actualite\/edito\/edito-quand-les-chiffres-racontent-la-nouvelle-famille-tunisienne\/389115\/","title":{"rendered":"\u00c9dito &#8211; Quand les chiffres racontent la nouvelle famille tunisienne"},"content":{"rendered":"\n<p>Il y a des chiffres qui bousculent plus fort que des discours. Seize mille divorces en 2024 : un pays peut changer silencieusement, puis soudain ces donn\u00e9es tombent, nettes, tranchantes, et r\u00e9v\u00e8lent ce que l\u2019on refusait de voir. La famille tunisienne n\u2019est plus ce bloc compact d\u2019hier. Elle se transforme, se r\u00e9invente, parfois se fragilise.<\/p>\n\n\n\n<p>On se marie tard &#8211; souvent apr\u00e8s 34 ans pour les hommes, pr\u00e8s de 29 pour les femmes. Et l\u2019on se marie moins : 70.000 mariages en 2024, contre 78.000 seulement un an plus t\u00f4t. Une baisse brutale, presque vertigineuse, qui raconte un pays o\u00f9 l\u2019engagement se n\u00e9gocie autrement, o\u00f9 le couple n\u2019est plus un destin automatique.<\/p>\n\n\n\n<p>La natalit\u00e9 suit la m\u00eame trajectoire : de 225.000 naissances en 2014 \u00e0 160.000 en 2023. Une chute qui redessine la soci\u00e9t\u00e9 en profondeur, en r\u00e9duisant la taille des foyers &#8211; de cinq membres hier, \u00e0 trois aujourd\u2019hui &#8211; comme si chaque g\u00e9n\u00e9ration rapetissait son nid pour mieux respirer.<\/p>\n\n\n\n<p>Mais c\u2019est le divorce qui dit le plus clairement notre \u00e9poque. Seize mille ruptures en une ann\u00e9e. Et pr\u00e8s d\u2019un tiers dans les dix premi\u00e8res ann\u00e9es du mariage. L\u2019\u00e2ge moyen du divorce ? \u00c0 peine 36 ans. Autrement dit : les Tunisiens se s\u00e9parent au moment m\u00eame o\u00f9 leurs parents entraient, eux, dans la stabilit\u00e9. Et derri\u00e8re ces lignes de statistiques, il y a des vies : pr\u00e8s de 600.000 enfants pris dans les turbulences de familles \u00e9clat\u00e9es, dont certains sombrent &#8211; une centaine de cas de suicide li\u00e9s aux crises \u00e9motionnelles post-divorce.<\/p>\n\n\n\n<p>Faut-il y voir une catastrophe sociale ? Ou la preuve que les Tunisiens refusent d\u00e9sormais les unions forc\u00e9es, les compromis \u00e9touffants, les carcans d\u2019un mod\u00e8le familial qui ne leur ressemble plus ?<\/p>\n\n\n\n<p>Les chiffres ne portent pas de jugement. Ils nous disent simplement ceci : la Tunisie change, profond\u00e9ment, rapidement, sans attendre que le d\u00e9bat suive. Elle passe d\u2019un mod\u00e8le o\u00f9 la famille \u00e9tait un refuge \u00e0 un mod\u00e8le o\u00f9 elle devient un choix &#8211; exigeant, parfois fragile, mais assum\u00e9.<\/p>\n\n\n\n<p>Reste \u00e0 savoir si nous saurons accompagner cette mutation. Parce qu\u2019une soci\u00e9t\u00e9 qui change n\u2019est pas une soci\u00e9t\u00e9 qui se perd. C\u2019est une soci\u00e9t\u00e9 qui s\u2019\u00e9crit autrement &#8211; avec ses peurs, ses libert\u00e9s et ses chiffres.<\/p>\n\n\n\n<p><\/p>\n\n\n\n<iframe width=\"560\" height=\"315\" src=\"https:\/\/www.youtube.com\/embed\/SGcTGMx07L8?si=MCx12adRDx0t4Uba\" title=\"YouTube video player\" frameborder=\"0\" allow=\"accelerometer; autoplay; clipboard-write; encrypted-media; gyroscope; picture-in-picture; web-share\" referrerpolicy=\"strict-origin-when-cross-origin\" allowfullscreen><\/iframe>\n\n\n\n<p><\/p>\n\n\n\n<blockquote class=\"wp-block-quote is-layout-flow wp-block-quote-is-layout-flow\">\n<p><strong>Lire aussi<\/strong><\/p>\n\n\n\n<ul class=\"wp-block-list\">\n<li><a href=\"https:\/\/www.webdo.tn\/fr\/actualite\/national\/tunisie-14706-divorces-en-seule-annee\/210486\/\">Tunisie : 14.706 divorces en une seule ann\u00e9e !<\/a><\/li>\n<\/ul>\n<\/blockquote>\n","protected":false},"excerpt":{"rendered":"<p>Il y a des chiffres qui bousculent plus fort que des discours. Seize mille divorces en 2024 : un pays peut changer silencieusement, puis soudain ces donn\u00e9es tombent, nettes, tranchantes, et r\u00e9v\u00e8lent ce que l\u2019on refusait de voir. La famille tunisienne n\u2019est plus ce bloc compact d\u2019hier. Elle se transforme, se r\u00e9invente, parfois se fragilise. [&hellip;]<\/p>\n","protected":false},"author":3189,"featured_media":389117,"comment_status":"closed","ping_status":"closed","sticky":false,"template":"","format":"standard","meta":{"footnotes":""},"categories":[2589],"tags":[2620,5957,2865,2608],"class_list":["post-389115","post","type-post","status-publish","format-standard","has-post-thumbnail","hentry","category-edito","tag-divorce","tag-famille-tunisienne","tag-mariage","tag-tunisie"],"yoast_head":"<!-- This site is optimized with the Yoast SEO Premium plugin v27.4 (Yoast SEO v27.5) - https:\/\/yoast.com\/product\/yoast-seo-premium-wordpress\/ -->\n<title>\u00c9dito - Quand les chiffres racontent la nouvelle famille tunisienne - webdo<\/title>\n<meta name=\"description\" content=\"\u00c9vitez les discours et explorez les donn\u00e9es sur la nouvelle famille tunisienne : divorces, mariages et natalit\u00e9 en \u00e9volution.\" \/>\n<link rel=\"canonical\" href=\"https:\/\/www.webdo.tn\/fr\/actualite\/edito\/edito-quand-les-chiffres-racontent-la-nouvelle-famille-tunisienne\/389115\/\" \/>\n<meta property=\"og:locale\" content=\"fr_FR\" \/>\n<meta property=\"og:type\" content=\"article\" \/>\n<meta property=\"og:title\" content=\"\u00c9dito - Quand les chiffres racontent la nouvelle famille tunisienne\" \/>\n<meta property=\"og:description\" content=\"\u00c9vitez les discours et explorez les donn\u00e9es sur la nouvelle famille tunisienne : divorces, mariages et natalit\u00e9 en \u00e9volution.\" \/>\n<meta property=\"og:url\" content=\"https:\/\/www.webdo.tn\/fr\/actualite\/edito\/edito-quand-les-chiffres-racontent-la-nouvelle-famille-tunisienne\/389115\/\" \/>\n<meta property=\"og:site_name\" content=\"webdo\" \/>\n<meta property=\"article:publisher\" content=\"https:\/\/www.facebook.com\/webdotn\" \/>\n<meta property=\"article:author\" content=\"https:\/\/www.facebook.com\/youssef.rc.92\" \/>\n<meta property=\"article:published_time\" content=\"2025-12-08T14:45:17+00:00\" \/>\n<meta property=\"article:modified_time\" content=\"2025-12-08T14:45:18+00:00\" \/>\n<meta property=\"og:image\" content=\"https:\/\/www.webdo.tn\/fr\/wp-content\/uploads\/2025\/12\/divorce.jpg\" \/>\n\t<meta property=\"og:image:width\" content=\"1200\" \/>\n\t<meta property=\"og:image:height\" content=\"600\" \/>\n\t<meta property=\"og:image:type\" content=\"image\/jpeg\" \/>\n<meta name=\"author\" content=\"Maher Chaabane\" \/>\n<meta name=\"twitter:card\" content=\"summary_large_image\" \/>\n<meta name=\"twitter:creator\" content=\"@webdo_tn\" \/>\n<meta name=\"twitter:site\" content=\"@webdo_tn\" \/>\n<meta name=\"twitter:label1\" content=\"\u00c9crit par\" \/>\n\t<meta name=\"twitter:data1\" content=\"Maher Chaabane\" \/>\n\t<meta name=\"twitter:label2\" content=\"Dur\u00e9e de lecture estim\u00e9e\" \/>\n\t<meta name=\"twitter:data2\" content=\"3 minutes\" \/>\n<script type=\"application\/ld+json\" class=\"yoast-schema-graph\">{\"@context\":\"https:\\\/\\\/schema.org\",\"@graph\":[{\"@type\":\"NewsArticle\",\"@id\":\"https:\\\/\\\/www.webdo.tn\\\/fr\\\/actualite\\\/edito\\\/edito-quand-les-chiffres-racontent-la-nouvelle-famille-tunisienne\\\/389115\\\/#article\",\"isPartOf\":{\"@id\":\"https:\\\/\\\/www.webdo.tn\\\/fr\\\/actualite\\\/edito\\\/edito-quand-les-chiffres-racontent-la-nouvelle-famille-tunisienne\\\/389115\\\/\"},\"author\":{\"name\":\"Maher Chaabane\",\"@id\":\"https:\\\/\\\/www.webdo.tn\\\/fr\\\/#\\\/schema\\\/person\\\/57c261717927697fcf719ab1058a8003\"},\"headline\":\"\u00c9dito &#8211; Quand les chiffres racontent la nouvelle famille tunisienne\",\"datePublished\":\"2025-12-08T14:45:17+00:00\",\"dateModified\":\"2025-12-08T14:45:18+00:00\",\"mainEntityOfPage\":{\"@id\":\"https:\\\/\\\/www.webdo.tn\\\/fr\\\/actualite\\\/edito\\\/edito-quand-les-chiffres-racontent-la-nouvelle-famille-tunisienne\\\/389115\\\/\"},\"wordCount\":413,\"publisher\":{\"@id\":\"https:\\\/\\\/www.webdo.tn\\\/fr\\\/#organization\"},\"image\":{\"@id\":\"https:\\\/\\\/www.webdo.tn\\\/fr\\\/actualite\\\/edito\\\/edito-quand-les-chiffres-racontent-la-nouvelle-famille-tunisienne\\\/389115\\\/#primaryimage\"},\"thumbnailUrl\":\"https:\\\/\\\/www.webdo.tn\\\/fr\\\/wp-content\\\/uploads\\\/2025\\\/12\\\/divorce.jpg\",\"keywords\":[\"Divorce\",\"Famille tunisienne\",\"Mariage\",\"Tunisie\"],\"articleSection\":[\"Edito\"],\"inLanguage\":\"fr-FR\"},{\"@type\":\"WebPage\",\"@id\":\"https:\\\/\\\/www.webdo.tn\\\/fr\\\/actualite\\\/edito\\\/edito-quand-les-chiffres-racontent-la-nouvelle-famille-tunisienne\\\/389115\\\/\",\"url\":\"https:\\\/\\\/www.webdo.tn\\\/fr\\\/actualite\\\/edito\\\/edito-quand-les-chiffres-racontent-la-nouvelle-famille-tunisienne\\\/389115\\\/\",\"name\":\"\u00c9dito - Quand les chiffres racontent la nouvelle famille tunisienne - webdo\",\"isPartOf\":{\"@id\":\"https:\\\/\\\/www.webdo.tn\\\/fr\\\/#website\"},\"primaryImageOfPage\":{\"@id\":\"https:\\\/\\\/www.webdo.tn\\\/fr\\\/actualite\\\/edito\\\/edito-quand-les-chiffres-racontent-la-nouvelle-famille-tunisienne\\\/389115\\\/#primaryimage\"},\"image\":{\"@id\":\"https:\\\/\\\/www.webdo.tn\\\/fr\\\/actualite\\\/edito\\\/edito-quand-les-chiffres-racontent-la-nouvelle-famille-tunisienne\\\/389115\\\/#primaryimage\"},\"thumbnailUrl\":\"https:\\\/\\\/www.webdo.tn\\\/fr\\\/wp-content\\\/uploads\\\/2025\\\/12\\\/divorce.jpg\",\"datePublished\":\"2025-12-08T14:45:17+00:00\",\"dateModified\":\"2025-12-08T14:45:18+00:00\",\"description\":\"\u00c9vitez les discours et explorez les donn\u00e9es sur la nouvelle famille tunisienne : divorces, mariages et natalit\u00e9 en \u00e9volution.\",\"breadcrumb\":{\"@id\":\"https:\\\/\\\/www.webdo.tn\\\/fr\\\/actualite\\\/edito\\\/edito-quand-les-chiffres-racontent-la-nouvelle-famille-tunisienne\\\/389115\\\/#breadcrumb\"},\"inLanguage\":\"fr-FR\",\"potentialAction\":[{\"@type\":\"ReadAction\",\"target\":[\"https:\\\/\\\/www.webdo.tn\\\/fr\\\/actualite\\\/edito\\\/edito-quand-les-chiffres-racontent-la-nouvelle-famille-tunisienne\\\/389115\\\/\"]}]},{\"@type\":\"ImageObject\",\"inLanguage\":\"fr-FR\",\"@id\":\"https:\\\/\\\/www.webdo.tn\\\/fr\\\/actualite\\\/edito\\\/edito-quand-les-chiffres-racontent-la-nouvelle-famille-tunisienne\\\/389115\\\/#primaryimage\",\"url\":\"https:\\\/\\\/www.webdo.tn\\\/fr\\\/wp-content\\\/uploads\\\/2025\\\/12\\\/divorce.jpg\",\"contentUrl\":\"https:\\\/\\\/www.webdo.tn\\\/fr\\\/wp-content\\\/uploads\\\/2025\\\/12\\\/divorce.jpg\",\"width\":1200,\"height\":600,\"caption\":\"\u00c9dito - Quand les chiffres racontent la nouvelle famille tunisienne\"},{\"@type\":\"BreadcrumbList\",\"@id\":\"https:\\\/\\\/www.webdo.tn\\\/fr\\\/actualite\\\/edito\\\/edito-quand-les-chiffres-racontent-la-nouvelle-famille-tunisienne\\\/389115\\\/#breadcrumb\",\"itemListElement\":[{\"@type\":\"ListItem\",\"position\":1,\"name\":\"Accueil\",\"item\":\"https:\\\/\\\/www.webdo.tn\\\/fr\\\/\"},{\"@type\":\"ListItem\",\"position\":2,\"name\":\"\u00c9dito &#8211; Quand les chiffres racontent la nouvelle famille tunisienne\"}]},{\"@type\":\"WebSite\",\"@id\":\"https:\\\/\\\/www.webdo.tn\\\/fr\\\/#website\",\"url\":\"https:\\\/\\\/www.webdo.tn\\\/fr\\\/\",\"name\":\"webdo\",\"description\":\"Tunisie - News en Tunisie et \u00e0 l&#039;international sur Webdo.tn\",\"publisher\":{\"@id\":\"https:\\\/\\\/www.webdo.tn\\\/fr\\\/#organization\"},\"potentialAction\":[{\"@type\":\"SearchAction\",\"target\":{\"@type\":\"EntryPoint\",\"urlTemplate\":\"https:\\\/\\\/www.webdo.tn\\\/fr\\\/?s={search_term_string}\"},\"query-input\":{\"@type\":\"PropertyValueSpecification\",\"valueRequired\":true,\"valueName\":\"search_term_string\"}}],\"inLanguage\":\"fr-FR\"},{\"@type\":\"Organization\",\"@id\":\"https:\\\/\\\/www.webdo.tn\\\/fr\\\/#organization\",\"name\":\"Webdo\",\"alternateName\":\"Webdo.tn\",\"url\":\"https:\\\/\\\/www.webdo.tn\\\/fr\\\/\",\"logo\":{\"@type\":\"ImageObject\",\"inLanguage\":\"fr-FR\",\"@id\":\"https:\\\/\\\/www.webdo.tn\\\/fr\\\/#\\\/schema\\\/logo\\\/image\\\/\",\"url\":\"https:\\\/\\\/www.webdo.tn\\\/fr\\\/wp-content\\\/uploads\\\/2025\\\/06\\\/Webdo-Tunisie_168377.jpg\",\"contentUrl\":\"https:\\\/\\\/www.webdo.tn\\\/fr\\\/wp-content\\\/uploads\\\/2025\\\/06\\\/Webdo-Tunisie_168377.jpg\",\"width\":301,\"height\":301,\"caption\":\"Webdo\"},\"image\":{\"@id\":\"https:\\\/\\\/www.webdo.tn\\\/fr\\\/#\\\/schema\\\/logo\\\/image\\\/\"},\"sameAs\":[\"https:\\\/\\\/www.facebook.com\\\/webdotn\",\"https:\\\/\\\/x.com\\\/webdo_tn\"],\"description\":\"Webdo est un m\u00e9dia num\u00e9rique tunisien fond\u00e9 en 2010, sp\u00e9cialis\u00e9 dans l\u2019actualit\u00e9 nationale et internationale, l\u2019\u00e9conomie, la soci\u00e9t\u00e9 et les analyses politiques. Le site s\u2019adresse \u00e0 un large public francophone et couvre l\u2019information tunisienne en temps r\u00e9el.\",\"email\":\"redac@webdo.tn\",\"legalName\":\"YNJ SARL\",\"foundingDate\":\"2010-09-06\",\"numberOfEmployees\":{\"@type\":\"QuantitativeValue\",\"minValue\":\"11\",\"maxValue\":\"50\"}},{\"@type\":\"Person\",\"@id\":\"https:\\\/\\\/www.webdo.tn\\\/fr\\\/#\\\/schema\\\/person\\\/57c261717927697fcf719ab1058a8003\",\"name\":\"Maher Chaabane\",\"image\":{\"@type\":\"ImageObject\",\"inLanguage\":\"fr-FR\",\"@id\":\"https:\\\/\\\/www.webdo.tn\\\/fr\\\/wp-content\\\/uploads\\\/2026\\\/04\\\/maher-chaabane_avatar_2-96x96.jpg\",\"url\":\"https:\\\/\\\/www.webdo.tn\\\/fr\\\/wp-content\\\/uploads\\\/2026\\\/04\\\/maher-chaabane_avatar_2-96x96.jpg\",\"contentUrl\":\"https:\\\/\\\/www.webdo.tn\\\/fr\\\/wp-content\\\/uploads\\\/2026\\\/04\\\/maher-chaabane_avatar_2-96x96.jpg\",\"caption\":\"Maher Chaabane\"},\"description\":\"Maher Chaabane est journaliste et r\u00e9dacteur en chef de Webdo.tn depuis 2012. Il d\u00e9bute sa carri\u00e8re au sein du groupe Tunis Hebdo en 2000, o\u00f9 il couvre pendant plusieurs ann\u00e9es l\u2019actualit\u00e9 sportive et internationale, avant d\u2019occuper les fonctions de r\u00e9dacteur en chef adjoint. Fort de plus de deux d\u00e9cennies d\u2019exp\u00e9rience dans le journalisme, il supervise aujourd\u2019hui la production \u00e9ditoriale de Webdo et contribue activement \u00e0 la ligne du m\u00e9dia, en particulier sur les sujets d\u2019actualit\u00e9 nationale et internationale. https:\\\/\\\/www.facebook.com\\\/youssef.rc.92\",\"sameAs\":[\"https:\\\/\\\/www.facebook.com\\\/youssef.rc.92\"],\"knowsAbout\":[\"journalisme\",\"actualit\u00e9 internationale\",\"sport\",\"r\u00e9daction\",\"m\u00e9dias\",\"information\"],\"knowsLanguage\":[\"Fran\u00e7ais\",\"Arabe\"],\"jobTitle\":\"R\u00e9dacteur en chef\",\"worksFor\":\"Webdo.tn\",\"url\":\"https:\\\/\\\/www.webdo.tn\\\/fr\\\/actualite\\\/author\\\/maher-chaabane\\\/\"}]}<\/script>\n<!-- \/ Yoast SEO Premium plugin. -->","yoast_head_json":{"title":"\u00c9dito - Quand les chiffres racontent la nouvelle famille tunisienne - webdo","description":"\u00c9vitez les discours et explorez les donn\u00e9es sur la nouvelle famille tunisienne : divorces, mariages et natalit\u00e9 en \u00e9volution.","canonical":"https:\/\/www.webdo.tn\/fr\/actualite\/edito\/edito-quand-les-chiffres-racontent-la-nouvelle-famille-tunisienne\/389115\/","og_locale":"fr_FR","og_type":"article","og_title":"\u00c9dito - Quand les chiffres racontent la nouvelle famille tunisienne","og_description":"\u00c9vitez les discours et explorez les donn\u00e9es sur la nouvelle famille tunisienne : divorces, mariages et natalit\u00e9 en \u00e9volution.","og_url":"https:\/\/www.webdo.tn\/fr\/actualite\/edito\/edito-quand-les-chiffres-racontent-la-nouvelle-famille-tunisienne\/389115\/","og_site_name":"webdo","article_publisher":"https:\/\/www.facebook.com\/webdotn","article_author":"https:\/\/www.facebook.com\/youssef.rc.92","article_published_time":"2025-12-08T14:45:17+00:00","article_modified_time":"2025-12-08T14:45:18+00:00","og_image":[{"width":1200,"height":600,"url":"https:\/\/www.webdo.tn\/fr\/wp-content\/uploads\/2025\/12\/divorce.jpg","type":"image\/jpeg"}],"author":"Maher Chaabane","twitter_card":"summary_large_image","twitter_creator":"@webdo_tn","twitter_site":"@webdo_tn","twitter_misc":{"\u00c9crit par":"Maher Chaabane","Dur\u00e9e de lecture estim\u00e9e":"3 minutes"},"schema":{"@context":"https:\/\/schema.org","@graph":[{"@type":"NewsArticle","@id":"https:\/\/www.webdo.tn\/fr\/actualite\/edito\/edito-quand-les-chiffres-racontent-la-nouvelle-famille-tunisienne\/389115\/#article","isPartOf":{"@id":"https:\/\/www.webdo.tn\/fr\/actualite\/edito\/edito-quand-les-chiffres-racontent-la-nouvelle-famille-tunisienne\/389115\/"},"author":{"name":"Maher Chaabane","@id":"https:\/\/www.webdo.tn\/fr\/#\/schema\/person\/57c261717927697fcf719ab1058a8003"},"headline":"\u00c9dito &#8211; Quand les chiffres racontent la nouvelle famille tunisienne","datePublished":"2025-12-08T14:45:17+00:00","dateModified":"2025-12-08T14:45:18+00:00","mainEntityOfPage":{"@id":"https:\/\/www.webdo.tn\/fr\/actualite\/edito\/edito-quand-les-chiffres-racontent-la-nouvelle-famille-tunisienne\/389115\/"},"wordCount":413,"publisher":{"@id":"https:\/\/www.webdo.tn\/fr\/#organization"},"image":{"@id":"https:\/\/www.webdo.tn\/fr\/actualite\/edito\/edito-quand-les-chiffres-racontent-la-nouvelle-famille-tunisienne\/389115\/#primaryimage"},"thumbnailUrl":"https:\/\/www.webdo.tn\/fr\/wp-content\/uploads\/2025\/12\/divorce.jpg","keywords":["Divorce","Famille tunisienne","Mariage","Tunisie"],"articleSection":["Edito"],"inLanguage":"fr-FR"},{"@type":"WebPage","@id":"https:\/\/www.webdo.tn\/fr\/actualite\/edito\/edito-quand-les-chiffres-racontent-la-nouvelle-famille-tunisienne\/389115\/","url":"https:\/\/www.webdo.tn\/fr\/actualite\/edito\/edito-quand-les-chiffres-racontent-la-nouvelle-famille-tunisienne\/389115\/","name":"\u00c9dito - Quand les chiffres racontent la nouvelle famille tunisienne - webdo","isPartOf":{"@id":"https:\/\/www.webdo.tn\/fr\/#website"},"primaryImageOfPage":{"@id":"https:\/\/www.webdo.tn\/fr\/actualite\/edito\/edito-quand-les-chiffres-racontent-la-nouvelle-famille-tunisienne\/389115\/#primaryimage"},"image":{"@id":"https:\/\/www.webdo.tn\/fr\/actualite\/edito\/edito-quand-les-chiffres-racontent-la-nouvelle-famille-tunisienne\/389115\/#primaryimage"},"thumbnailUrl":"https:\/\/www.webdo.tn\/fr\/wp-content\/uploads\/2025\/12\/divorce.jpg","datePublished":"2025-12-08T14:45:17+00:00","dateModified":"2025-12-08T14:45:18+00:00","description":"\u00c9vitez les discours et explorez les donn\u00e9es sur la nouvelle famille tunisienne : divorces, mariages et natalit\u00e9 en \u00e9volution.","breadcrumb":{"@id":"https:\/\/www.webdo.tn\/fr\/actualite\/edito\/edito-quand-les-chiffres-racontent-la-nouvelle-famille-tunisienne\/389115\/#breadcrumb"},"inLanguage":"fr-FR","potentialAction":[{"@type":"ReadAction","target":["https:\/\/www.webdo.tn\/fr\/actualite\/edito\/edito-quand-les-chiffres-racontent-la-nouvelle-famille-tunisienne\/389115\/"]}]},{"@type":"ImageObject","inLanguage":"fr-FR","@id":"https:\/\/www.webdo.tn\/fr\/actualite\/edito\/edito-quand-les-chiffres-racontent-la-nouvelle-famille-tunisienne\/389115\/#primaryimage","url":"https:\/\/www.webdo.tn\/fr\/wp-content\/uploads\/2025\/12\/divorce.jpg","contentUrl":"https:\/\/www.webdo.tn\/fr\/wp-content\/uploads\/2025\/12\/divorce.jpg","width":1200,"height":600,"caption":"\u00c9dito - Quand les chiffres racontent la nouvelle famille tunisienne"},{"@type":"BreadcrumbList","@id":"https:\/\/www.webdo.tn\/fr\/actualite\/edito\/edito-quand-les-chiffres-racontent-la-nouvelle-famille-tunisienne\/389115\/#breadcrumb","itemListElement":[{"@type":"ListItem","position":1,"name":"Accueil","item":"https:\/\/www.webdo.tn\/fr\/"},{"@type":"ListItem","position":2,"name":"\u00c9dito &#8211; Quand les chiffres racontent la nouvelle famille tunisienne"}]},{"@type":"WebSite","@id":"https:\/\/www.webdo.tn\/fr\/#website","url":"https:\/\/www.webdo.tn\/fr\/","name":"webdo","description":"Tunisie - News en Tunisie et \u00e0 l&#039;international sur Webdo.tn","publisher":{"@id":"https:\/\/www.webdo.tn\/fr\/#organization"},"potentialAction":[{"@type":"SearchAction","target":{"@type":"EntryPoint","urlTemplate":"https:\/\/www.webdo.tn\/fr\/?s={search_term_string}"},"query-input":{"@type":"PropertyValueSpecification","valueRequired":true,"valueName":"search_term_string"}}],"inLanguage":"fr-FR"},{"@type":"Organization","@id":"https:\/\/www.webdo.tn\/fr\/#organization","name":"Webdo","alternateName":"Webdo.tn","url":"https:\/\/www.webdo.tn\/fr\/","logo":{"@type":"ImageObject","inLanguage":"fr-FR","@id":"https:\/\/www.webdo.tn\/fr\/#\/schema\/logo\/image\/","url":"https:\/\/www.webdo.tn\/fr\/wp-content\/uploads\/2025\/06\/Webdo-Tunisie_168377.jpg","contentUrl":"https:\/\/www.webdo.tn\/fr\/wp-content\/uploads\/2025\/06\/Webdo-Tunisie_168377.jpg","width":301,"height":301,"caption":"Webdo"},"image":{"@id":"https:\/\/www.webdo.tn\/fr\/#\/schema\/logo\/image\/"},"sameAs":["https:\/\/www.facebook.com\/webdotn","https:\/\/x.com\/webdo_tn"],"description":"Webdo est un m\u00e9dia num\u00e9rique tunisien fond\u00e9 en 2010, sp\u00e9cialis\u00e9 dans l\u2019actualit\u00e9 nationale et internationale, l\u2019\u00e9conomie, la soci\u00e9t\u00e9 et les analyses politiques. Le site s\u2019adresse \u00e0 un large public francophone et couvre l\u2019information tunisienne en temps r\u00e9el.","email":"redac@webdo.tn","legalName":"YNJ SARL","foundingDate":"2010-09-06","numberOfEmployees":{"@type":"QuantitativeValue","minValue":"11","maxValue":"50"}},{"@type":"Person","@id":"https:\/\/www.webdo.tn\/fr\/#\/schema\/person\/57c261717927697fcf719ab1058a8003","name":"Maher Chaabane","image":{"@type":"ImageObject","inLanguage":"fr-FR","@id":"https:\/\/www.webdo.tn\/fr\/wp-content\/uploads\/2026\/04\/maher-chaabane_avatar_2-96x96.jpg","url":"https:\/\/www.webdo.tn\/fr\/wp-content\/uploads\/2026\/04\/maher-chaabane_avatar_2-96x96.jpg","contentUrl":"https:\/\/www.webdo.tn\/fr\/wp-content\/uploads\/2026\/04\/maher-chaabane_avatar_2-96x96.jpg","caption":"Maher Chaabane"},"description":"Maher Chaabane est journaliste et r\u00e9dacteur en chef de Webdo.tn depuis 2012. Il d\u00e9bute sa carri\u00e8re au sein du groupe Tunis Hebdo en 2000, o\u00f9 il couvre pendant plusieurs ann\u00e9es l\u2019actualit\u00e9 sportive et internationale, avant d\u2019occuper les fonctions de r\u00e9dacteur en chef adjoint. Fort de plus de deux d\u00e9cennies d\u2019exp\u00e9rience dans le journalisme, il supervise aujourd\u2019hui la production \u00e9ditoriale de Webdo et contribue activement \u00e0 la ligne du m\u00e9dia, en particulier sur les sujets d\u2019actualit\u00e9 nationale et internationale. https:\/\/www.facebook.com\/youssef.rc.92","sameAs":["https:\/\/www.facebook.com\/youssef.rc.92"],"knowsAbout":["journalisme","actualit\u00e9 internationale","sport","r\u00e9daction","m\u00e9dias","information"],"knowsLanguage":["Fran\u00e7ais","Arabe"],"jobTitle":"R\u00e9dacteur en chef","worksFor":"Webdo.tn","url":"https:\/\/www.webdo.tn\/fr\/actualite\/author\/maher-chaabane\/"}]}},"_links":{"self":[{"href":"https:\/\/www.webdo.tn\/fr\/wp-json\/wp\/v2\/posts\/389115","targetHints":{"allow":["GET"]}}],"collection":[{"href":"https:\/\/www.webdo.tn\/fr\/wp-json\/wp\/v2\/posts"}],"about":[{"href":"https:\/\/www.webdo.tn\/fr\/wp-json\/wp\/v2\/types\/post"}],"author":[{"embeddable":true,"href":"https:\/\/www.webdo.tn\/fr\/wp-json\/wp\/v2\/users\/3189"}],"replies":[{"embeddable":true,"href":"https:\/\/www.webdo.tn\/fr\/wp-json\/wp\/v2\/comments?post=389115"}],"version-history":[{"count":0,"href":"https:\/\/www.webdo.tn\/fr\/wp-json\/wp\/v2\/posts\/389115\/revisions"}],"wp:featuredmedia":[{"embeddable":true,"href":"https:\/\/www.webdo.tn\/fr\/wp-json\/wp\/v2\/media\/389117"}],"wp:attachment":[{"href":"https:\/\/www.webdo.tn\/fr\/wp-json\/wp\/v2\/media?parent=389115"}],"wp:term":[{"taxonomy":"category","embeddable":true,"href":"https:\/\/www.webdo.tn\/fr\/wp-json\/wp\/v2\/categories?post=389115"},{"taxonomy":"post_tag","embeddable":true,"href":"https:\/\/www.webdo.tn\/fr\/wp-json\/wp\/v2\/tags?post=389115"}],"curies":[{"name":"wp","href":"https:\/\/api.w.org\/{rel}","templated":true}]}}