{"id":389094,"date":"2025-12-08T14:21:24","date_gmt":"2025-12-08T13:21:24","guid":{"rendered":"https:\/\/www.webdo.tn\/fr\/?p=389094"},"modified":"2025-12-08T14:21:25","modified_gmt":"2025-12-08T13:21:25","slug":"tunisie-des-scenarios-climatiques-alarmants-avant-2050-avertit-le-ministere-de-lagriculture","status":"publish","type":"post","link":"https:\/\/www.webdo.tn\/fr\/actualite\/national\/tunisie-des-scenarios-climatiques-alarmants-avant-2050-avertit-le-ministere-de-lagriculture\/389094\/","title":{"rendered":"Tunisie : Des sc\u00e9narios climatiques alarmants avant 2050, avertit le minist\u00e8re de l\u2019Agriculture"},"content":{"rendered":"\n<p><strong>A l\u2019occasion de la \u00ab Semaine du Plan national d\u2019adaptation \u00bb, le minist\u00e8re de l\u2019Agriculture a r\u00e9v\u00e9l\u00e9 de nouvelles donn\u00e9es climatiques particuli\u00e8rement pr\u00e9occupantes pour l\u2019avenir du pays.<\/strong><\/p>\n\n\n\n<p>Mohamed Chamseddine Harrabi, pr\u00e9sident de la commission sectorielle des changements climatiques au minist\u00e8re, a livr\u00e9 un diagnostic s\u00e9v\u00e8re : sans acc\u00e9l\u00e9ration des mesures d\u2019adaptation, la Tunisie pourrait faire face, avant 2050, \u00e0 des bouleversements majeurs affectant l\u2019agriculture, les ressources hydriques et la s\u00e9curit\u00e9 alimentaire, a-t-il dit dans une d\u00e9claration accord\u00e9e \u00e0 Mosaique fm.<\/p>\n\n\n\n<h2 class=\"wp-block-heading\" id=\"h-des-projections-thermiques-et-hydriques-inquietantes\">Des projections thermiques et hydriques inqui\u00e9tantes<\/h2>\n\n\n\n<p>Selon Harrabi, les mod\u00e8les climatiques internationaux pr\u00e9voient pour la Tunisie une hausse des temp\u00e9ratures d\u2019environ 2\u00b0C \u00e0 l\u2019horizon 2050, soit plusieurs d\u00e9cennies avant l\u2019augmentation globale attendue en 2100.<\/p>\n\n\n\n<p>Cette acc\u00e9l\u00e9ration locale du r\u00e9chauffement serait accompagn\u00e9e d\u2019une diminution marqu\u00e9e des pr\u00e9cipitations, estim\u00e9e entre -14 et -22 mm, impactant directement les zones irrigu\u00e9es et les principales fili\u00e8res strat\u00e9giques, notamment les c\u00e9r\u00e9ales et l\u2019ol\u00e9iculture.<\/p>\n\n\n\n<p>Le responsable alerte \u00e9galement sur la mont\u00e9e du niveau marin, qui pourrait menacer pr\u00e8s de 50% des ressources hydriques c\u00f4ti\u00e8res, accentuant la salinisation, la pression sur les nappes phr\u00e9atiques et la vuln\u00e9rabilit\u00e9 des terres agricoles situ\u00e9es pr\u00e8s du littoral.<\/p>\n\n\n\n<h2 class=\"wp-block-heading\" id=\"h-cinq-annees-d-etudes-pour-batir-un-plan-national-d-adaptation\">Cinq ann\u00e9es d\u2019\u00e9tudes pour b\u00e2tir un plan national d\u2019adaptation<\/h2>\n\n\n\n<p>Depuis 2020, le minist\u00e8re travaille sur une s\u00e9rie d\u2019\u00e9tudes scientifiques destin\u00e9es \u00e0 mesurer l\u2019impact du changement climatique sur l\u2019agriculture et la s\u00e9curit\u00e9 alimentaire. Les premiers r\u00e9sultats, jug\u00e9s \u00ab alarmants \u00bb, ont conduit \u00e0 l\u2019\u00e9laboration d\u2019un Plan national d\u2019adaptation financ\u00e9 par le Fonds vert pour le climat et mis en \u0153uvre avec l\u2019appui technique de la FAO.<\/p>\n\n\n\n<p>Ce plan a d\u00e9j\u00e0 permis de renforcer la r\u00e9silience des syst\u00e8mes agricoles, de stimuler l\u2019investissement dans les fili\u00e8res vuln\u00e9rables, et de soutenir les agriculteurs des zones rurales les plus expos\u00e9es.<\/p>\n\n\n\n<h2 class=\"wp-block-heading\" id=\"h-un-secteur-agricole-a-la-croisee-des-chemins\">Un secteur agricole \u00e0 la crois\u00e9e des chemins<\/h2>\n\n\n\n<p>Pour Mekki Abderrahmane, responsable des terres et de l\u2019eau au bureau sous-r\u00e9gional de la FAO \u00e0 Tunis, cette semaine d\u2019\u00e9v\u00e9nements marque la cl\u00f4ture du projet d\u00e9di\u00e9 au d\u00e9veloppement de la strat\u00e9gie d\u2019adaptation.<\/p>\n\n\n\n<p>Financ\u00e9 durant trois ans par le Fonds vert pour le climat, le programme d\u00e9bouche aujourd\u2019hui sur une vision nationale renouvel\u00e9e, harmonis\u00e9e avec les contributions d\u00e9termin\u00e9es au niveau national (NDC) et les objectifs du Plan de d\u00e9veloppement 2026\u20132030.<\/p>\n\n\n\n<p>Selon lui, cette strat\u00e9gie permettra au minist\u00e8re de b\u00e2tir une agriculture plus r\u00e9siliente, capable d\u2019absorber les chocs climatiques tout en maintenant un niveau acceptable de s\u00e9curit\u00e9 alimentaire.<\/p>\n\n\n\n<p>Les experts r\u00e9unis lors de la \u00ab Semaine du Plan national d\u2019adaptation \u00bb ont soulign\u00e9 l\u2019urgence de renforcer les infrastructures hydrauliques, de d\u00e9velopper des techniques agricoles adapt\u00e9es \u00e0 la s\u00e9cheresse, d\u2019orienter davantage de financements vers les syst\u00e8mes alimentaires, et d\u2019am\u00e9liorer la gouvernance du secteur.<\/p>\n\n\n\n<p><\/p>\n\n\n\n<blockquote class=\"wp-block-quote is-layout-flow wp-block-quote-is-layout-flow\">\n<p><strong>Lire aussi<\/strong><\/p>\n\n\n\n<ul class=\"wp-block-list\">\n<li><a href=\"https:\/\/www.webdo.tn\/fr\/actualite\/national\/grand-tunis-30-millions-d-euros-pour-garantir-l-approvisionnement-en-eau-face-au-changement-climatique\/221629\/\">Grand Tunis : 30 millions d\u2019euros pour garantir l\u2019approvisionnement en eau face au changement climatique<\/a><\/li>\n\n\n\n<li><a href=\"https:\/\/www.webdo.tn\/fr\/actualite\/national\/le-changement-climatique-va-impacter-lourdement-le-secteur-agricole-previent-l-itceq\/208856\/\">Le changement climatique va impacter lourdement le secteur agricole, pr\u00e9vient l\u2019ITCEQ<\/a><\/li>\n\n\n\n<li><a href=\"https:\/\/www.webdo.tn\/fr\/actualite\/national\/changement-climatique-la-tunisie-face-a-des-risques-desastreux\/133912\/\">Changement climatique : La Tunisie face \u00e0 des risques d\u00e9sastreux !<\/a><\/li>\n<\/ul>\n<\/blockquote>\n","protected":false},"excerpt":{"rendered":"<p>A l\u2019occasion de la \u00ab Semaine du Plan national d\u2019adaptation \u00bb, le minist\u00e8re de l\u2019Agriculture a r\u00e9v\u00e9l\u00e9 de nouvelles donn\u00e9es climatiques particuli\u00e8rement pr\u00e9occupantes pour l\u2019avenir du pays. Mohamed Chamseddine Harrabi, pr\u00e9sident de la commission sectorielle des changements climatiques au minist\u00e8re, a livr\u00e9 un diagnostic s\u00e9v\u00e8re : sans acc\u00e9l\u00e9ration des mesures d\u2019adaptation, la Tunisie pourrait faire [&hellip;]<\/p>\n","protected":false},"author":4782,"featured_media":389096,"comment_status":"closed","ping_status":"closed","sticky":false,"template":"","format":"standard","meta":{"footnotes":""},"categories":[44],"tags":[3271,4918,2608],"class_list":["post-389094","post","type-post","status-publish","format-standard","has-post-thumbnail","hentry","category-national","tag-agriculture","tag-changements-climatiques","tag-tunisie"],"yoast_head":"<!-- This site is optimized with the Yoast SEO Premium plugin v27.5 (Yoast SEO v27.5) - https:\/\/yoast.com\/product\/yoast-seo-premium-wordpress\/ -->\n<title>Tunisie : Des sc\u00e9narios climatiques alarmants avant 2050, avertit le minist\u00e8re de l\u2019Agriculture - webdo<\/title>\n<meta name=\"description\" content=\"Le minist\u00e8re de l\u2019Agriculture pr\u00e9vient des risques climatiques pour la Tunisie \u00e0 l&#039;horizon 2050, une situation pr\u00e9occupante.\" \/>\n<link rel=\"canonical\" href=\"https:\/\/www.webdo.tn\/fr\/actualite\/national\/tunisie-des-scenarios-climatiques-alarmants-avant-2050-avertit-le-ministere-de-lagriculture\/389094\/\" \/>\n<meta property=\"og:locale\" content=\"fr_FR\" \/>\n<meta property=\"og:type\" content=\"article\" \/>\n<meta property=\"og:title\" content=\"Tunisie : Des sc\u00e9narios climatiques alarmants avant 2050, avertit le minist\u00e8re de l\u2019Agriculture\" \/>\n<meta property=\"og:description\" content=\"Le minist\u00e8re de l\u2019Agriculture pr\u00e9vient des risques climatiques pour la Tunisie \u00e0 l&#039;horizon 2050, une situation pr\u00e9occupante.\" \/>\n<meta property=\"og:url\" content=\"https:\/\/www.webdo.tn\/fr\/actualite\/national\/tunisie-des-scenarios-climatiques-alarmants-avant-2050-avertit-le-ministere-de-lagriculture\/389094\/\" \/>\n<meta property=\"og:site_name\" content=\"webdo\" \/>\n<meta property=\"article:publisher\" content=\"https:\/\/www.facebook.com\/webdotn\" \/>\n<meta property=\"article:published_time\" content=\"2025-12-08T13:21:24+00:00\" \/>\n<meta property=\"article:modified_time\" content=\"2025-12-08T13:21:25+00:00\" \/>\n<meta property=\"og:image\" content=\"https:\/\/www.webdo.tn\/fr\/wp-content\/uploads\/2025\/12\/agriculture.jpg\" \/>\n\t<meta property=\"og:image:width\" content=\"1200\" \/>\n\t<meta property=\"og:image:height\" content=\"597\" \/>\n\t<meta property=\"og:image:type\" content=\"image\/jpeg\" \/>\n<meta name=\"author\" content=\"Mohamed Fethi\" \/>\n<meta name=\"twitter:card\" content=\"summary_large_image\" \/>\n<meta name=\"twitter:creator\" content=\"@webdo_tn\" \/>\n<meta name=\"twitter:site\" content=\"@webdo_tn\" \/>\n<meta name=\"twitter:label1\" content=\"\u00c9crit par\" \/>\n\t<meta name=\"twitter:data1\" content=\"Mohamed Fethi\" \/>\n\t<meta name=\"twitter:label2\" content=\"Dur\u00e9e de lecture estim\u00e9e\" \/>\n\t<meta name=\"twitter:data2\" content=\"3 minutes\" \/>\n<script type=\"application\/ld+json\" class=\"yoast-schema-graph\">{\"@context\":\"https:\\\/\\\/schema.org\",\"@graph\":[{\"@type\":\"NewsArticle\",\"@id\":\"https:\\\/\\\/www.webdo.tn\\\/fr\\\/actualite\\\/national\\\/tunisie-des-scenarios-climatiques-alarmants-avant-2050-avertit-le-ministere-de-lagriculture\\\/389094\\\/#article\",\"isPartOf\":{\"@id\":\"https:\\\/\\\/www.webdo.tn\\\/fr\\\/actualite\\\/national\\\/tunisie-des-scenarios-climatiques-alarmants-avant-2050-avertit-le-ministere-de-lagriculture\\\/389094\\\/\"},\"author\":{\"name\":\"Mohamed Fethi\",\"@id\":\"https:\\\/\\\/www.webdo.tn\\\/fr\\\/#\\\/schema\\\/person\\\/16a4857e77dfc0b610c4c2cadffc9ac4\"},\"headline\":\"Tunisie : Des sc\u00e9narios climatiques alarmants avant 2050, avertit le minist\u00e8re de l\u2019Agriculture\",\"datePublished\":\"2025-12-08T13:21:24+00:00\",\"dateModified\":\"2025-12-08T13:21:25+00:00\",\"mainEntityOfPage\":{\"@id\":\"https:\\\/\\\/www.webdo.tn\\\/fr\\\/actualite\\\/national\\\/tunisie-des-scenarios-climatiques-alarmants-avant-2050-avertit-le-ministere-de-lagriculture\\\/389094\\\/\"},\"wordCount\":570,\"publisher\":{\"@id\":\"https:\\\/\\\/www.webdo.tn\\\/fr\\\/#organization\"},\"image\":{\"@id\":\"https:\\\/\\\/www.webdo.tn\\\/fr\\\/actualite\\\/national\\\/tunisie-des-scenarios-climatiques-alarmants-avant-2050-avertit-le-ministere-de-lagriculture\\\/389094\\\/#primaryimage\"},\"thumbnailUrl\":\"https:\\\/\\\/www.webdo.tn\\\/fr\\\/wp-content\\\/uploads\\\/2025\\\/12\\\/agriculture.jpg\",\"keywords\":[\"agriculture\",\"changements climatiques\",\"Tunisie\"],\"articleSection\":[\"National\"],\"inLanguage\":\"fr-FR\"},{\"@type\":\"WebPage\",\"@id\":\"https:\\\/\\\/www.webdo.tn\\\/fr\\\/actualite\\\/national\\\/tunisie-des-scenarios-climatiques-alarmants-avant-2050-avertit-le-ministere-de-lagriculture\\\/389094\\\/\",\"url\":\"https:\\\/\\\/www.webdo.tn\\\/fr\\\/actualite\\\/national\\\/tunisie-des-scenarios-climatiques-alarmants-avant-2050-avertit-le-ministere-de-lagriculture\\\/389094\\\/\",\"name\":\"Tunisie : Des sc\u00e9narios climatiques alarmants avant 2050, avertit le minist\u00e8re de l\u2019Agriculture - webdo\",\"isPartOf\":{\"@id\":\"https:\\\/\\\/www.webdo.tn\\\/fr\\\/#website\"},\"primaryImageOfPage\":{\"@id\":\"https:\\\/\\\/www.webdo.tn\\\/fr\\\/actualite\\\/national\\\/tunisie-des-scenarios-climatiques-alarmants-avant-2050-avertit-le-ministere-de-lagriculture\\\/389094\\\/#primaryimage\"},\"image\":{\"@id\":\"https:\\\/\\\/www.webdo.tn\\\/fr\\\/actualite\\\/national\\\/tunisie-des-scenarios-climatiques-alarmants-avant-2050-avertit-le-ministere-de-lagriculture\\\/389094\\\/#primaryimage\"},\"thumbnailUrl\":\"https:\\\/\\\/www.webdo.tn\\\/fr\\\/wp-content\\\/uploads\\\/2025\\\/12\\\/agriculture.jpg\",\"datePublished\":\"2025-12-08T13:21:24+00:00\",\"dateModified\":\"2025-12-08T13:21:25+00:00\",\"description\":\"Le minist\u00e8re de l\u2019Agriculture pr\u00e9vient des risques climatiques pour la Tunisie \u00e0 l'horizon 2050, une situation pr\u00e9occupante.\",\"breadcrumb\":{\"@id\":\"https:\\\/\\\/www.webdo.tn\\\/fr\\\/actualite\\\/national\\\/tunisie-des-scenarios-climatiques-alarmants-avant-2050-avertit-le-ministere-de-lagriculture\\\/389094\\\/#breadcrumb\"},\"inLanguage\":\"fr-FR\",\"potentialAction\":[{\"@type\":\"ReadAction\",\"target\":[\"https:\\\/\\\/www.webdo.tn\\\/fr\\\/actualite\\\/national\\\/tunisie-des-scenarios-climatiques-alarmants-avant-2050-avertit-le-ministere-de-lagriculture\\\/389094\\\/\"]}]},{\"@type\":\"ImageObject\",\"inLanguage\":\"fr-FR\",\"@id\":\"https:\\\/\\\/www.webdo.tn\\\/fr\\\/actualite\\\/national\\\/tunisie-des-scenarios-climatiques-alarmants-avant-2050-avertit-le-ministere-de-lagriculture\\\/389094\\\/#primaryimage\",\"url\":\"https:\\\/\\\/www.webdo.tn\\\/fr\\\/wp-content\\\/uploads\\\/2025\\\/12\\\/agriculture.jpg\",\"contentUrl\":\"https:\\\/\\\/www.webdo.tn\\\/fr\\\/wp-content\\\/uploads\\\/2025\\\/12\\\/agriculture.jpg\",\"width\":1200,\"height\":597,\"caption\":\"Tunisie : Des sc\u00e9narios climatiques alarmants avant 2050, avertit le minist\u00e8re de l\u2019Agriculture\"},{\"@type\":\"BreadcrumbList\",\"@id\":\"https:\\\/\\\/www.webdo.tn\\\/fr\\\/actualite\\\/national\\\/tunisie-des-scenarios-climatiques-alarmants-avant-2050-avertit-le-ministere-de-lagriculture\\\/389094\\\/#breadcrumb\",\"itemListElement\":[{\"@type\":\"ListItem\",\"position\":1,\"name\":\"Accueil\",\"item\":\"https:\\\/\\\/www.webdo.tn\\\/fr\\\/\"},{\"@type\":\"ListItem\",\"position\":2,\"name\":\"Tunisie : Des sc\u00e9narios climatiques alarmants avant 2050, avertit le minist\u00e8re de l\u2019Agriculture\"}]},{\"@type\":\"WebSite\",\"@id\":\"https:\\\/\\\/www.webdo.tn\\\/fr\\\/#website\",\"url\":\"https:\\\/\\\/www.webdo.tn\\\/fr\\\/\",\"name\":\"webdo\",\"description\":\"Tunisie - News en Tunisie et \u00e0 l&#039;international sur Webdo.tn\",\"publisher\":{\"@id\":\"https:\\\/\\\/www.webdo.tn\\\/fr\\\/#organization\"},\"potentialAction\":[{\"@type\":\"SearchAction\",\"target\":{\"@type\":\"EntryPoint\",\"urlTemplate\":\"https:\\\/\\\/www.webdo.tn\\\/fr\\\/?s={search_term_string}\"},\"query-input\":{\"@type\":\"PropertyValueSpecification\",\"valueRequired\":true,\"valueName\":\"search_term_string\"}}],\"inLanguage\":\"fr-FR\"},{\"@type\":\"Organization\",\"@id\":\"https:\\\/\\\/www.webdo.tn\\\/fr\\\/#organization\",\"name\":\"Webdo\",\"alternateName\":\"Webdo.tn\",\"url\":\"https:\\\/\\\/www.webdo.tn\\\/fr\\\/\",\"logo\":{\"@type\":\"ImageObject\",\"inLanguage\":\"fr-FR\",\"@id\":\"https:\\\/\\\/www.webdo.tn\\\/fr\\\/#\\\/schema\\\/logo\\\/image\\\/\",\"url\":\"https:\\\/\\\/www.webdo.tn\\\/fr\\\/wp-content\\\/uploads\\\/2025\\\/06\\\/Webdo-Tunisie_168377.jpg\",\"contentUrl\":\"https:\\\/\\\/www.webdo.tn\\\/fr\\\/wp-content\\\/uploads\\\/2025\\\/06\\\/Webdo-Tunisie_168377.jpg\",\"width\":301,\"height\":301,\"caption\":\"Webdo\"},\"image\":{\"@id\":\"https:\\\/\\\/www.webdo.tn\\\/fr\\\/#\\\/schema\\\/logo\\\/image\\\/\"},\"sameAs\":[\"https:\\\/\\\/www.facebook.com\\\/webdotn\",\"https:\\\/\\\/x.com\\\/webdo_tn\"],\"description\":\"Webdo est un m\u00e9dia num\u00e9rique tunisien fond\u00e9 en 2010, sp\u00e9cialis\u00e9 dans l\u2019actualit\u00e9 nationale et internationale, l\u2019\u00e9conomie, la soci\u00e9t\u00e9 et les analyses politiques. Le site s\u2019adresse \u00e0 un large public francophone et couvre l\u2019information tunisienne en temps r\u00e9el.\",\"email\":\"redac@webdo.tn\",\"legalName\":\"YNJ SARL\",\"foundingDate\":\"2010-09-06\",\"numberOfEmployees\":{\"@type\":\"QuantitativeValue\",\"minValue\":\"11\",\"maxValue\":\"50\"}},{\"@type\":\"Person\",\"@id\":\"https:\\\/\\\/www.webdo.tn\\\/fr\\\/#\\\/schema\\\/person\\\/16a4857e77dfc0b610c4c2cadffc9ac4\",\"name\":\"Mohamed Fethi\",\"image\":{\"@type\":\"ImageObject\",\"inLanguage\":\"fr-FR\",\"@id\":\"https:\\\/\\\/www.webdo.tn\\\/fr\\\/wp-content\\\/uploads\\\/2026\\\/04\\\/mohamed-fethi_avatar_1-96x96.jpg\",\"url\":\"https:\\\/\\\/www.webdo.tn\\\/fr\\\/wp-content\\\/uploads\\\/2026\\\/04\\\/mohamed-fethi_avatar_1-96x96.jpg\",\"contentUrl\":\"https:\\\/\\\/www.webdo.tn\\\/fr\\\/wp-content\\\/uploads\\\/2026\\\/04\\\/mohamed-fethi_avatar_1-96x96.jpg\",\"caption\":\"Mohamed Fethi\"},\"description\":\"Signature \u00e9ditoriale de Maher Chaabane Mohamed Fethi est le pseudonyme \u00e9ditorial de Maher Chaabane, r\u00e9dacteur en chef de Webdo.tn depuis 2012. Cette signature est d\u00e9di\u00e9e au traitement intensif de l'actualit\u00e9 nationale et internationale en temps r\u00e9el. S'appuyant sur les deux d\u00e9cennies d'expertise journalistique de Maher Chaabane \u2014 d\u00e9but\u00e9e au sein du groupe Tunis Hebdo en 2000 \u2014 Mohamed Fethi assure une veille rigoureuse sur les enjeux politiques, \u00e9conomiques et sportifs. Sa mission est de garantir une information structur\u00e9e, fluide et fid\u00e8le aux standards de la r\u00e9daction. Pour consulter le parcours complet du r\u00e9dacteur en chef, visitez le profil officiel de Maher Chaabane.\",\"knowsAbout\":[\"actualit\u00e9\",\"journalisme\",\"information\",\"politique\",\"sport\",\"m\u00e9dias\",\"actualit\u00e9 internationale\"],\"knowsLanguage\":[\"Fran\u00e7ais\",\"Arabe\"],\"jobTitle\":\"Journaliste \u2013 R\u00e9daction Webdo\",\"worksFor\":\"Webdo.tn\",\"url\":\"https:\\\/\\\/www.webdo.tn\\\/fr\\\/actualite\\\/author\\\/mohamed-fethi\\\/\"}]}<\/script>\n<!-- \/ Yoast SEO Premium plugin. -->","yoast_head_json":{"title":"Tunisie : Des sc\u00e9narios climatiques alarmants avant 2050, avertit le minist\u00e8re de l\u2019Agriculture - webdo","description":"Le minist\u00e8re de l\u2019Agriculture pr\u00e9vient des risques climatiques pour la Tunisie \u00e0 l'horizon 2050, une situation pr\u00e9occupante.","canonical":"https:\/\/www.webdo.tn\/fr\/actualite\/national\/tunisie-des-scenarios-climatiques-alarmants-avant-2050-avertit-le-ministere-de-lagriculture\/389094\/","og_locale":"fr_FR","og_type":"article","og_title":"Tunisie : Des sc\u00e9narios climatiques alarmants avant 2050, avertit le minist\u00e8re de l\u2019Agriculture","og_description":"Le minist\u00e8re de l\u2019Agriculture pr\u00e9vient des risques climatiques pour la Tunisie \u00e0 l'horizon 2050, une situation pr\u00e9occupante.","og_url":"https:\/\/www.webdo.tn\/fr\/actualite\/national\/tunisie-des-scenarios-climatiques-alarmants-avant-2050-avertit-le-ministere-de-lagriculture\/389094\/","og_site_name":"webdo","article_publisher":"https:\/\/www.facebook.com\/webdotn","article_published_time":"2025-12-08T13:21:24+00:00","article_modified_time":"2025-12-08T13:21:25+00:00","og_image":[{"width":1200,"height":597,"url":"https:\/\/www.webdo.tn\/fr\/wp-content\/uploads\/2025\/12\/agriculture.jpg","type":"image\/jpeg"}],"author":"Mohamed Fethi","twitter_card":"summary_large_image","twitter_creator":"@webdo_tn","twitter_site":"@webdo_tn","twitter_misc":{"\u00c9crit par":"Mohamed Fethi","Dur\u00e9e de lecture estim\u00e9e":"3 minutes"},"schema":{"@context":"https:\/\/schema.org","@graph":[{"@type":"NewsArticle","@id":"https:\/\/www.webdo.tn\/fr\/actualite\/national\/tunisie-des-scenarios-climatiques-alarmants-avant-2050-avertit-le-ministere-de-lagriculture\/389094\/#article","isPartOf":{"@id":"https:\/\/www.webdo.tn\/fr\/actualite\/national\/tunisie-des-scenarios-climatiques-alarmants-avant-2050-avertit-le-ministere-de-lagriculture\/389094\/"},"author":{"name":"Mohamed Fethi","@id":"https:\/\/www.webdo.tn\/fr\/#\/schema\/person\/16a4857e77dfc0b610c4c2cadffc9ac4"},"headline":"Tunisie : Des sc\u00e9narios climatiques alarmants avant 2050, avertit le minist\u00e8re de l\u2019Agriculture","datePublished":"2025-12-08T13:21:24+00:00","dateModified":"2025-12-08T13:21:25+00:00","mainEntityOfPage":{"@id":"https:\/\/www.webdo.tn\/fr\/actualite\/national\/tunisie-des-scenarios-climatiques-alarmants-avant-2050-avertit-le-ministere-de-lagriculture\/389094\/"},"wordCount":570,"publisher":{"@id":"https:\/\/www.webdo.tn\/fr\/#organization"},"image":{"@id":"https:\/\/www.webdo.tn\/fr\/actualite\/national\/tunisie-des-scenarios-climatiques-alarmants-avant-2050-avertit-le-ministere-de-lagriculture\/389094\/#primaryimage"},"thumbnailUrl":"https:\/\/www.webdo.tn\/fr\/wp-content\/uploads\/2025\/12\/agriculture.jpg","keywords":["agriculture","changements climatiques","Tunisie"],"articleSection":["National"],"inLanguage":"fr-FR"},{"@type":"WebPage","@id":"https:\/\/www.webdo.tn\/fr\/actualite\/national\/tunisie-des-scenarios-climatiques-alarmants-avant-2050-avertit-le-ministere-de-lagriculture\/389094\/","url":"https:\/\/www.webdo.tn\/fr\/actualite\/national\/tunisie-des-scenarios-climatiques-alarmants-avant-2050-avertit-le-ministere-de-lagriculture\/389094\/","name":"Tunisie : Des sc\u00e9narios climatiques alarmants avant 2050, avertit le minist\u00e8re de l\u2019Agriculture - webdo","isPartOf":{"@id":"https:\/\/www.webdo.tn\/fr\/#website"},"primaryImageOfPage":{"@id":"https:\/\/www.webdo.tn\/fr\/actualite\/national\/tunisie-des-scenarios-climatiques-alarmants-avant-2050-avertit-le-ministere-de-lagriculture\/389094\/#primaryimage"},"image":{"@id":"https:\/\/www.webdo.tn\/fr\/actualite\/national\/tunisie-des-scenarios-climatiques-alarmants-avant-2050-avertit-le-ministere-de-lagriculture\/389094\/#primaryimage"},"thumbnailUrl":"https:\/\/www.webdo.tn\/fr\/wp-content\/uploads\/2025\/12\/agriculture.jpg","datePublished":"2025-12-08T13:21:24+00:00","dateModified":"2025-12-08T13:21:25+00:00","description":"Le minist\u00e8re de l\u2019Agriculture pr\u00e9vient des risques climatiques pour la Tunisie \u00e0 l'horizon 2050, une situation pr\u00e9occupante.","breadcrumb":{"@id":"https:\/\/www.webdo.tn\/fr\/actualite\/national\/tunisie-des-scenarios-climatiques-alarmants-avant-2050-avertit-le-ministere-de-lagriculture\/389094\/#breadcrumb"},"inLanguage":"fr-FR","potentialAction":[{"@type":"ReadAction","target":["https:\/\/www.webdo.tn\/fr\/actualite\/national\/tunisie-des-scenarios-climatiques-alarmants-avant-2050-avertit-le-ministere-de-lagriculture\/389094\/"]}]},{"@type":"ImageObject","inLanguage":"fr-FR","@id":"https:\/\/www.webdo.tn\/fr\/actualite\/national\/tunisie-des-scenarios-climatiques-alarmants-avant-2050-avertit-le-ministere-de-lagriculture\/389094\/#primaryimage","url":"https:\/\/www.webdo.tn\/fr\/wp-content\/uploads\/2025\/12\/agriculture.jpg","contentUrl":"https:\/\/www.webdo.tn\/fr\/wp-content\/uploads\/2025\/12\/agriculture.jpg","width":1200,"height":597,"caption":"Tunisie : Des sc\u00e9narios climatiques alarmants avant 2050, avertit le minist\u00e8re de l\u2019Agriculture"},{"@type":"BreadcrumbList","@id":"https:\/\/www.webdo.tn\/fr\/actualite\/national\/tunisie-des-scenarios-climatiques-alarmants-avant-2050-avertit-le-ministere-de-lagriculture\/389094\/#breadcrumb","itemListElement":[{"@type":"ListItem","position":1,"name":"Accueil","item":"https:\/\/www.webdo.tn\/fr\/"},{"@type":"ListItem","position":2,"name":"Tunisie : Des sc\u00e9narios climatiques alarmants avant 2050, avertit le minist\u00e8re de l\u2019Agriculture"}]},{"@type":"WebSite","@id":"https:\/\/www.webdo.tn\/fr\/#website","url":"https:\/\/www.webdo.tn\/fr\/","name":"webdo","description":"Tunisie - News en Tunisie et \u00e0 l&#039;international sur Webdo.tn","publisher":{"@id":"https:\/\/www.webdo.tn\/fr\/#organization"},"potentialAction":[{"@type":"SearchAction","target":{"@type":"EntryPoint","urlTemplate":"https:\/\/www.webdo.tn\/fr\/?s={search_term_string}"},"query-input":{"@type":"PropertyValueSpecification","valueRequired":true,"valueName":"search_term_string"}}],"inLanguage":"fr-FR"},{"@type":"Organization","@id":"https:\/\/www.webdo.tn\/fr\/#organization","name":"Webdo","alternateName":"Webdo.tn","url":"https:\/\/www.webdo.tn\/fr\/","logo":{"@type":"ImageObject","inLanguage":"fr-FR","@id":"https:\/\/www.webdo.tn\/fr\/#\/schema\/logo\/image\/","url":"https:\/\/www.webdo.tn\/fr\/wp-content\/uploads\/2025\/06\/Webdo-Tunisie_168377.jpg","contentUrl":"https:\/\/www.webdo.tn\/fr\/wp-content\/uploads\/2025\/06\/Webdo-Tunisie_168377.jpg","width":301,"height":301,"caption":"Webdo"},"image":{"@id":"https:\/\/www.webdo.tn\/fr\/#\/schema\/logo\/image\/"},"sameAs":["https:\/\/www.facebook.com\/webdotn","https:\/\/x.com\/webdo_tn"],"description":"Webdo est un m\u00e9dia num\u00e9rique tunisien fond\u00e9 en 2010, sp\u00e9cialis\u00e9 dans l\u2019actualit\u00e9 nationale et internationale, l\u2019\u00e9conomie, la soci\u00e9t\u00e9 et les analyses politiques. Le site s\u2019adresse \u00e0 un large public francophone et couvre l\u2019information tunisienne en temps r\u00e9el.","email":"redac@webdo.tn","legalName":"YNJ SARL","foundingDate":"2010-09-06","numberOfEmployees":{"@type":"QuantitativeValue","minValue":"11","maxValue":"50"}},{"@type":"Person","@id":"https:\/\/www.webdo.tn\/fr\/#\/schema\/person\/16a4857e77dfc0b610c4c2cadffc9ac4","name":"Mohamed Fethi","image":{"@type":"ImageObject","inLanguage":"fr-FR","@id":"https:\/\/www.webdo.tn\/fr\/wp-content\/uploads\/2026\/04\/mohamed-fethi_avatar_1-96x96.jpg","url":"https:\/\/www.webdo.tn\/fr\/wp-content\/uploads\/2026\/04\/mohamed-fethi_avatar_1-96x96.jpg","contentUrl":"https:\/\/www.webdo.tn\/fr\/wp-content\/uploads\/2026\/04\/mohamed-fethi_avatar_1-96x96.jpg","caption":"Mohamed Fethi"},"description":"Signature \u00e9ditoriale de Maher Chaabane Mohamed Fethi est le pseudonyme \u00e9ditorial de Maher Chaabane, r\u00e9dacteur en chef de Webdo.tn depuis 2012. Cette signature est d\u00e9di\u00e9e au traitement intensif de l'actualit\u00e9 nationale et internationale en temps r\u00e9el. S'appuyant sur les deux d\u00e9cennies d'expertise journalistique de Maher Chaabane \u2014 d\u00e9but\u00e9e au sein du groupe Tunis Hebdo en 2000 \u2014 Mohamed Fethi assure une veille rigoureuse sur les enjeux politiques, \u00e9conomiques et sportifs. Sa mission est de garantir une information structur\u00e9e, fluide et fid\u00e8le aux standards de la r\u00e9daction. Pour consulter le parcours complet du r\u00e9dacteur en chef, visitez le profil officiel de Maher Chaabane.","knowsAbout":["actualit\u00e9","journalisme","information","politique","sport","m\u00e9dias","actualit\u00e9 internationale"],"knowsLanguage":["Fran\u00e7ais","Arabe"],"jobTitle":"Journaliste \u2013 R\u00e9daction Webdo","worksFor":"Webdo.tn","url":"https:\/\/www.webdo.tn\/fr\/actualite\/author\/mohamed-fethi\/"}]}},"_links":{"self":[{"href":"https:\/\/www.webdo.tn\/fr\/wp-json\/wp\/v2\/posts\/389094","targetHints":{"allow":["GET"]}}],"collection":[{"href":"https:\/\/www.webdo.tn\/fr\/wp-json\/wp\/v2\/posts"}],"about":[{"href":"https:\/\/www.webdo.tn\/fr\/wp-json\/wp\/v2\/types\/post"}],"author":[{"embeddable":true,"href":"https:\/\/www.webdo.tn\/fr\/wp-json\/wp\/v2\/users\/4782"}],"replies":[{"embeddable":true,"href":"https:\/\/www.webdo.tn\/fr\/wp-json\/wp\/v2\/comments?post=389094"}],"version-history":[{"count":0,"href":"https:\/\/www.webdo.tn\/fr\/wp-json\/wp\/v2\/posts\/389094\/revisions"}],"wp:featuredmedia":[{"embeddable":true,"href":"https:\/\/www.webdo.tn\/fr\/wp-json\/wp\/v2\/media\/389096"}],"wp:attachment":[{"href":"https:\/\/www.webdo.tn\/fr\/wp-json\/wp\/v2\/media?parent=389094"}],"wp:term":[{"taxonomy":"category","embeddable":true,"href":"https:\/\/www.webdo.tn\/fr\/wp-json\/wp\/v2\/categories?post=389094"},{"taxonomy":"post_tag","embeddable":true,"href":"https:\/\/www.webdo.tn\/fr\/wp-json\/wp\/v2\/tags?post=389094"}],"curies":[{"name":"wp","href":"https:\/\/api.w.org\/{rel}","templated":true}]}}