{"id":388956,"date":"2025-12-06T09:46:17","date_gmt":"2025-12-06T08:46:17","guid":{"rendered":"https:\/\/www.webdo.tn\/fr\/?p=388956"},"modified":"2025-12-06T09:46:18","modified_gmt":"2025-12-06T08:46:18","slug":"ugtt-une-symbolique-des-dates-qui-merite-detre-relevee","status":"publish","type":"post","link":"https:\/\/www.webdo.tn\/fr\/actualite\/national\/ugtt-une-symbolique-des-dates-qui-merite-detre-relevee\/388956\/","title":{"rendered":"UGTT : Une symbolique des dates qui m\u00e9rite d&rsquo;\u00eatre relev\u00e9e"},"content":{"rendered":"\n<p>L&rsquo;Union g\u00e9n\u00e9rale tunisienne du travail ( UGTT ) a annonc\u00e9 hier, vendredi 5 d\u00e9cembre, la d\u00e9cision de sa Commission administrative d&rsquo;organiser une gr\u00e8ve g\u00e9n\u00e9rale le 21 janvier 2026.<\/p>\n\n\n\n<p>Ces deux dates retiennent l&rsquo;attention car elles semblent r\u00e9pondre \u00e0 une symbolique li\u00e9e \u00e0 l&rsquo;histoire de la Centrale syndicale.<\/p>\n\n\n\n<p>En effet, si le 5 d\u00e9cembre co\u00efncide avec la date de l&rsquo;assassinat de Farhat Hached, principal fondateur de L&rsquo;UGTT, la date du 21 janvier sugg\u00e8re un autre symbole.<\/p>\n\n\n\n<p>La fondation de l&rsquo;Union g\u00e9n\u00e9rale du travail de Tunisie a eu lieu le 20 janvier 1946 et le syndicat historique c\u00e9l\u00e8brera son quatre-vingti\u00e8me anniversaire \u00e0 cette date. Ainsi, si elle aura effectivement lieu, cette gr\u00e8ve g\u00e9n\u00e9rale interviendra le lendemain de cette comm\u00e9moration.<\/p>\n\n\n\n<p>Une symbolique des dates qui a son importance et m\u00e9rite d&rsquo;\u00eatre relev\u00e9e.<\/p>\n\n\n\n<p><\/p>\n\n\n\n<blockquote class=\"wp-block-quote is-layout-flow wp-block-quote-is-layout-flow\">\n<p><strong>Lire aussi<\/strong><\/p>\n\n\n\n<ul class=\"wp-block-list\">\n<li><a href=\"https:\/\/www.webdo.tn\/fr\/actualite\/national\/tunisie-lugtt-enclenche-la-greve-generale\/388906\/\">Tunisie : L\u2019UGTT enclenche la gr\u00e8ve g\u00e9n\u00e9rale<\/a><\/li>\n\n\n\n<li><a href=\"https:\/\/www.webdo.tn\/fr\/actualite\/national\/ugtt-gouvernement-la-greve-generale-en-ligne-de-mire\/388828\/\">UGTT \u2013 Gouvernement : La gr\u00e8ve g\u00e9n\u00e9rale en ligne de mire<\/a><\/li>\n\n\n\n<li><a href=\"https:\/\/www.webdo.tn\/fr\/actualite\/national\/article-15-de-la-loi-de-finances-la-greve-generale-evoquee-par-lugtt\/388433\/\">Article 15 de la Loi de finances : La gr\u00e8ve g\u00e9n\u00e9rale \u00e9voqu\u00e9e par l\u2019UGTT<\/a><\/li>\n<\/ul>\n<\/blockquote>\n","protected":false},"excerpt":{"rendered":"<p>L&rsquo;Union g\u00e9n\u00e9rale tunisienne du travail ( UGTT ) a annonc\u00e9 hier, vendredi 5 d\u00e9cembre, la d\u00e9cision de sa Commission administrative d&rsquo;organiser une gr\u00e8ve g\u00e9n\u00e9rale le 21 janvier 2026. Ces deux dates retiennent l&rsquo;attention car elles semblent r\u00e9pondre \u00e0 une symbolique li\u00e9e \u00e0 l&rsquo;histoire de la Centrale syndicale. En effet, si le 5 d\u00e9cembre co\u00efncide avec [&hellip;]<\/p>\n","protected":false},"author":3229,"featured_media":388957,"comment_status":"closed","ping_status":"closed","sticky":false,"template":"","format":"standard","meta":{"footnotes":""},"categories":[44],"tags":[2782,2608,2649],"class_list":["post-388956","post","type-post","status-publish","format-standard","has-post-thumbnail","hentry","category-national","tag-greve-generale","tag-tunisie","tag-ugtt"],"yoast_head":"<!-- This site is optimized with the Yoast SEO Premium plugin v27.4 (Yoast SEO v27.5) - https:\/\/yoast.com\/product\/yoast-seo-premium-wordpress\/ -->\n<title>UGTT : Une symbolique des dates qui m\u00e9rite d&#039;\u00eatre relev\u00e9e - webdo<\/title>\n<meta name=\"description\" content=\"D\u00e9couvrez pourquoi l&#039;UGTT : Une symbolique des dates qui m\u00e9rite d&#039;\u00eatre relev\u00e9e est essentielle pour comprendre l&#039;histoire syndicale.\" \/>\n<link rel=\"canonical\" href=\"https:\/\/www.webdo.tn\/fr\/actualite\/national\/ugtt-une-symbolique-des-dates-qui-merite-detre-relevee\/388956\/\" \/>\n<meta property=\"og:locale\" content=\"fr_FR\" \/>\n<meta property=\"og:type\" content=\"article\" \/>\n<meta property=\"og:title\" content=\"UGTT : Une symbolique des dates qui m\u00e9rite d&#039;\u00eatre relev\u00e9e\" \/>\n<meta property=\"og:description\" content=\"D\u00e9couvrez pourquoi l&#039;UGTT : Une symbolique des dates qui m\u00e9rite d&#039;\u00eatre relev\u00e9e est essentielle pour comprendre l&#039;histoire syndicale.\" \/>\n<meta property=\"og:url\" content=\"https:\/\/www.webdo.tn\/fr\/actualite\/national\/ugtt-une-symbolique-des-dates-qui-merite-detre-relevee\/388956\/\" \/>\n<meta property=\"og:site_name\" content=\"webdo\" \/>\n<meta property=\"article:publisher\" content=\"https:\/\/www.facebook.com\/webdotn\" \/>\n<meta property=\"article:author\" content=\"https:\/\/www.facebook.com\/hatem.bourial.2025\" \/>\n<meta property=\"article:published_time\" content=\"2025-12-06T08:46:17+00:00\" \/>\n<meta property=\"article:modified_time\" content=\"2025-12-06T08:46:18+00:00\" \/>\n<meta property=\"og:image\" content=\"https:\/\/www.webdo.tn\/fr\/wp-content\/uploads\/2025\/12\/UGTT-1.jpg\" \/>\n\t<meta property=\"og:image:width\" content=\"1200\" \/>\n\t<meta property=\"og:image:height\" content=\"600\" \/>\n\t<meta property=\"og:image:type\" content=\"image\/jpeg\" \/>\n<meta name=\"author\" content=\"Hatem Bourial\" \/>\n<meta name=\"twitter:card\" content=\"summary_large_image\" \/>\n<meta name=\"twitter:creator\" content=\"@webdo_tn\" \/>\n<meta name=\"twitter:site\" content=\"@webdo_tn\" \/>\n<meta name=\"twitter:label1\" content=\"\u00c9crit par\" \/>\n\t<meta name=\"twitter:data1\" content=\"Hatem Bourial\" \/>\n\t<meta name=\"twitter:label2\" content=\"Dur\u00e9e de lecture estim\u00e9e\" \/>\n\t<meta name=\"twitter:data2\" content=\"1 minute\" \/>\n<script type=\"application\/ld+json\" class=\"yoast-schema-graph\">{\"@context\":\"https:\\\/\\\/schema.org\",\"@graph\":[{\"@type\":\"NewsArticle\",\"@id\":\"https:\\\/\\\/www.webdo.tn\\\/fr\\\/actualite\\\/national\\\/ugtt-une-symbolique-des-dates-qui-merite-detre-relevee\\\/388956\\\/#article\",\"isPartOf\":{\"@id\":\"https:\\\/\\\/www.webdo.tn\\\/fr\\\/actualite\\\/national\\\/ugtt-une-symbolique-des-dates-qui-merite-detre-relevee\\\/388956\\\/\"},\"author\":{\"name\":\"Hatem Bourial\",\"@id\":\"https:\\\/\\\/www.webdo.tn\\\/fr\\\/#\\\/schema\\\/person\\\/6bc0beba2cd23aec27cb5df85ca2554f\"},\"headline\":\"UGTT : Une symbolique des dates qui m\u00e9rite d&rsquo;\u00eatre relev\u00e9e\",\"datePublished\":\"2025-12-06T08:46:17+00:00\",\"dateModified\":\"2025-12-06T08:46:18+00:00\",\"mainEntityOfPage\":{\"@id\":\"https:\\\/\\\/www.webdo.tn\\\/fr\\\/actualite\\\/national\\\/ugtt-une-symbolique-des-dates-qui-merite-detre-relevee\\\/388956\\\/\"},\"wordCount\":201,\"publisher\":{\"@id\":\"https:\\\/\\\/www.webdo.tn\\\/fr\\\/#organization\"},\"image\":{\"@id\":\"https:\\\/\\\/www.webdo.tn\\\/fr\\\/actualite\\\/national\\\/ugtt-une-symbolique-des-dates-qui-merite-detre-relevee\\\/388956\\\/#primaryimage\"},\"thumbnailUrl\":\"https:\\\/\\\/www.webdo.tn\\\/fr\\\/wp-content\\\/uploads\\\/2025\\\/12\\\/UGTT-1.jpg\",\"keywords\":[\"Gr\u00e8ve g\u00e9n\u00e9rale\",\"Tunisie\",\"UGTT\"],\"articleSection\":[\"National\"],\"inLanguage\":\"fr-FR\"},{\"@type\":\"WebPage\",\"@id\":\"https:\\\/\\\/www.webdo.tn\\\/fr\\\/actualite\\\/national\\\/ugtt-une-symbolique-des-dates-qui-merite-detre-relevee\\\/388956\\\/\",\"url\":\"https:\\\/\\\/www.webdo.tn\\\/fr\\\/actualite\\\/national\\\/ugtt-une-symbolique-des-dates-qui-merite-detre-relevee\\\/388956\\\/\",\"name\":\"UGTT : Une symbolique des dates qui m\u00e9rite d'\u00eatre relev\u00e9e - webdo\",\"isPartOf\":{\"@id\":\"https:\\\/\\\/www.webdo.tn\\\/fr\\\/#website\"},\"primaryImageOfPage\":{\"@id\":\"https:\\\/\\\/www.webdo.tn\\\/fr\\\/actualite\\\/national\\\/ugtt-une-symbolique-des-dates-qui-merite-detre-relevee\\\/388956\\\/#primaryimage\"},\"image\":{\"@id\":\"https:\\\/\\\/www.webdo.tn\\\/fr\\\/actualite\\\/national\\\/ugtt-une-symbolique-des-dates-qui-merite-detre-relevee\\\/388956\\\/#primaryimage\"},\"thumbnailUrl\":\"https:\\\/\\\/www.webdo.tn\\\/fr\\\/wp-content\\\/uploads\\\/2025\\\/12\\\/UGTT-1.jpg\",\"datePublished\":\"2025-12-06T08:46:17+00:00\",\"dateModified\":\"2025-12-06T08:46:18+00:00\",\"description\":\"D\u00e9couvrez pourquoi l'UGTT : Une symbolique des dates qui m\u00e9rite d'\u00eatre relev\u00e9e est essentielle pour comprendre l'histoire syndicale.\",\"breadcrumb\":{\"@id\":\"https:\\\/\\\/www.webdo.tn\\\/fr\\\/actualite\\\/national\\\/ugtt-une-symbolique-des-dates-qui-merite-detre-relevee\\\/388956\\\/#breadcrumb\"},\"inLanguage\":\"fr-FR\",\"potentialAction\":[{\"@type\":\"ReadAction\",\"target\":[\"https:\\\/\\\/www.webdo.tn\\\/fr\\\/actualite\\\/national\\\/ugtt-une-symbolique-des-dates-qui-merite-detre-relevee\\\/388956\\\/\"]}]},{\"@type\":\"ImageObject\",\"inLanguage\":\"fr-FR\",\"@id\":\"https:\\\/\\\/www.webdo.tn\\\/fr\\\/actualite\\\/national\\\/ugtt-une-symbolique-des-dates-qui-merite-detre-relevee\\\/388956\\\/#primaryimage\",\"url\":\"https:\\\/\\\/www.webdo.tn\\\/fr\\\/wp-content\\\/uploads\\\/2025\\\/12\\\/UGTT-1.jpg\",\"contentUrl\":\"https:\\\/\\\/www.webdo.tn\\\/fr\\\/wp-content\\\/uploads\\\/2025\\\/12\\\/UGTT-1.jpg\",\"width\":1200,\"height\":600,\"caption\":\"UGTT : Une symbolique des dates qui m\u00e9rite d'\u00eatre relev\u00e9e\"},{\"@type\":\"BreadcrumbList\",\"@id\":\"https:\\\/\\\/www.webdo.tn\\\/fr\\\/actualite\\\/national\\\/ugtt-une-symbolique-des-dates-qui-merite-detre-relevee\\\/388956\\\/#breadcrumb\",\"itemListElement\":[{\"@type\":\"ListItem\",\"position\":1,\"name\":\"Accueil\",\"item\":\"https:\\\/\\\/www.webdo.tn\\\/fr\\\/\"},{\"@type\":\"ListItem\",\"position\":2,\"name\":\"UGTT : Une symbolique des dates qui m\u00e9rite d&rsquo;\u00eatre relev\u00e9e\"}]},{\"@type\":\"WebSite\",\"@id\":\"https:\\\/\\\/www.webdo.tn\\\/fr\\\/#website\",\"url\":\"https:\\\/\\\/www.webdo.tn\\\/fr\\\/\",\"name\":\"webdo\",\"description\":\"Tunisie - News en Tunisie et \u00e0 l&#039;international sur Webdo.tn\",\"publisher\":{\"@id\":\"https:\\\/\\\/www.webdo.tn\\\/fr\\\/#organization\"},\"potentialAction\":[{\"@type\":\"SearchAction\",\"target\":{\"@type\":\"EntryPoint\",\"urlTemplate\":\"https:\\\/\\\/www.webdo.tn\\\/fr\\\/?s={search_term_string}\"},\"query-input\":{\"@type\":\"PropertyValueSpecification\",\"valueRequired\":true,\"valueName\":\"search_term_string\"}}],\"inLanguage\":\"fr-FR\"},{\"@type\":\"Organization\",\"@id\":\"https:\\\/\\\/www.webdo.tn\\\/fr\\\/#organization\",\"name\":\"Webdo\",\"alternateName\":\"Webdo.tn\",\"url\":\"https:\\\/\\\/www.webdo.tn\\\/fr\\\/\",\"logo\":{\"@type\":\"ImageObject\",\"inLanguage\":\"fr-FR\",\"@id\":\"https:\\\/\\\/www.webdo.tn\\\/fr\\\/#\\\/schema\\\/logo\\\/image\\\/\",\"url\":\"https:\\\/\\\/www.webdo.tn\\\/fr\\\/wp-content\\\/uploads\\\/2025\\\/06\\\/Webdo-Tunisie_168377.jpg\",\"contentUrl\":\"https:\\\/\\\/www.webdo.tn\\\/fr\\\/wp-content\\\/uploads\\\/2025\\\/06\\\/Webdo-Tunisie_168377.jpg\",\"width\":301,\"height\":301,\"caption\":\"Webdo\"},\"image\":{\"@id\":\"https:\\\/\\\/www.webdo.tn\\\/fr\\\/#\\\/schema\\\/logo\\\/image\\\/\"},\"sameAs\":[\"https:\\\/\\\/www.facebook.com\\\/webdotn\",\"https:\\\/\\\/x.com\\\/webdo_tn\"],\"description\":\"Webdo est un m\u00e9dia num\u00e9rique tunisien fond\u00e9 en 2010, sp\u00e9cialis\u00e9 dans l\u2019actualit\u00e9 nationale et internationale, l\u2019\u00e9conomie, la soci\u00e9t\u00e9 et les analyses politiques. Le site s\u2019adresse \u00e0 un large public francophone et couvre l\u2019information tunisienne en temps r\u00e9el.\",\"email\":\"redac@webdo.tn\",\"legalName\":\"YNJ SARL\",\"foundingDate\":\"2010-09-06\",\"numberOfEmployees\":{\"@type\":\"QuantitativeValue\",\"minValue\":\"11\",\"maxValue\":\"50\"}},{\"@type\":\"Person\",\"@id\":\"https:\\\/\\\/www.webdo.tn\\\/fr\\\/#\\\/schema\\\/person\\\/6bc0beba2cd23aec27cb5df85ca2554f\",\"name\":\"Hatem Bourial\",\"image\":{\"@type\":\"ImageObject\",\"inLanguage\":\"fr-FR\",\"@id\":\"https:\\\/\\\/www.webdo.tn\\\/fr\\\/wp-content\\\/uploads\\\/2026\\\/04\\\/hatem-bourial_avatar-96x96.jpg\",\"url\":\"https:\\\/\\\/www.webdo.tn\\\/fr\\\/wp-content\\\/uploads\\\/2026\\\/04\\\/hatem-bourial_avatar-96x96.jpg\",\"contentUrl\":\"https:\\\/\\\/www.webdo.tn\\\/fr\\\/wp-content\\\/uploads\\\/2026\\\/04\\\/hatem-bourial_avatar-96x96.jpg\",\"caption\":\"Hatem Bourial\"},\"description\":\"Hatem Bourial est journaliste, \u00e9crivain et chroniqueur tunisien. Actif depuis plusieurs d\u00e9cennies, il s\u2019est impos\u00e9 comme un observateur attentif de la soci\u00e9t\u00e9 tunisienne, m\u00ealant dans ses \u00e9crits m\u00e9moire, culture et analyse du quotidien. Auteur de nombreux ouvrages, il d\u00e9veloppe une \u0153uvre \u00e0 la crois\u00e9e du r\u00e9cit, de la po\u00e9sie et de l\u2019observation sociologique. Parall\u00e8lement \u00e0 ses contributions dans la presse, il intervient r\u00e9guli\u00e8rement \u00e0 la radio et dans des espaces culturels, o\u00f9 il explore les enjeux li\u00e9s au patrimoine, \u00e0 l\u2019identit\u00e9 et aux transformations du monde contemporain. \u00c0 travers ses chroniques, Hatem Bourial propose une lecture sensible et approfondie de l\u2019actualit\u00e9, nourrie par une exp\u00e9rience journalistique et litt\u00e9raire reconnue. \ud83d\udd17 Facebook : https:\\\/\\\/www.facebook.com\\\/hatem.bourial.2025\",\"sameAs\":[\"https:\\\/\\\/www.facebook.com\\\/hatem.bourial.2025\",\"https:\\\/\\\/fr.wikipedia.org\\\/wiki\\\/Fichier:Hatem_Bourial.jpg\"],\"knowsAbout\":[\"Culture & patrimoine tunisien\",\"Chronique soci\u00e9tale\",\"Litt\u00e9rature & m\u00e9moire\",\"Cin\u00e9ma & critique culturelle\",\"Identit\u00e9 & mutations sociales\"],\"knowsLanguage\":[\"Arabe\",\"Fran\u00e7ais\",\"Anglais\",\"Italien\",\"Polonais\"],\"jobTitle\":\"Journaliste, \u00e9crivain et chroniqueur culturel\",\"worksFor\":\"Webdo\",\"url\":\"https:\\\/\\\/www.webdo.tn\\\/fr\\\/actualite\\\/author\\\/hatem-bourial-2\\\/\"}]}<\/script>\n<!-- \/ Yoast SEO Premium plugin. -->","yoast_head_json":{"title":"UGTT : Une symbolique des dates qui m\u00e9rite d'\u00eatre relev\u00e9e - webdo","description":"D\u00e9couvrez pourquoi l'UGTT : Une symbolique des dates qui m\u00e9rite d'\u00eatre relev\u00e9e est essentielle pour comprendre l'histoire syndicale.","canonical":"https:\/\/www.webdo.tn\/fr\/actualite\/national\/ugtt-une-symbolique-des-dates-qui-merite-detre-relevee\/388956\/","og_locale":"fr_FR","og_type":"article","og_title":"UGTT : Une symbolique des dates qui m\u00e9rite d'\u00eatre relev\u00e9e","og_description":"D\u00e9couvrez pourquoi l'UGTT : Une symbolique des dates qui m\u00e9rite d'\u00eatre relev\u00e9e est essentielle pour comprendre l'histoire syndicale.","og_url":"https:\/\/www.webdo.tn\/fr\/actualite\/national\/ugtt-une-symbolique-des-dates-qui-merite-detre-relevee\/388956\/","og_site_name":"webdo","article_publisher":"https:\/\/www.facebook.com\/webdotn","article_author":"https:\/\/www.facebook.com\/hatem.bourial.2025","article_published_time":"2025-12-06T08:46:17+00:00","article_modified_time":"2025-12-06T08:46:18+00:00","og_image":[{"width":1200,"height":600,"url":"https:\/\/www.webdo.tn\/fr\/wp-content\/uploads\/2025\/12\/UGTT-1.jpg","type":"image\/jpeg"}],"author":"Hatem Bourial","twitter_card":"summary_large_image","twitter_creator":"@webdo_tn","twitter_site":"@webdo_tn","twitter_misc":{"\u00c9crit par":"Hatem Bourial","Dur\u00e9e de lecture estim\u00e9e":"1 minute"},"schema":{"@context":"https:\/\/schema.org","@graph":[{"@type":"NewsArticle","@id":"https:\/\/www.webdo.tn\/fr\/actualite\/national\/ugtt-une-symbolique-des-dates-qui-merite-detre-relevee\/388956\/#article","isPartOf":{"@id":"https:\/\/www.webdo.tn\/fr\/actualite\/national\/ugtt-une-symbolique-des-dates-qui-merite-detre-relevee\/388956\/"},"author":{"name":"Hatem Bourial","@id":"https:\/\/www.webdo.tn\/fr\/#\/schema\/person\/6bc0beba2cd23aec27cb5df85ca2554f"},"headline":"UGTT : Une symbolique des dates qui m\u00e9rite d&rsquo;\u00eatre relev\u00e9e","datePublished":"2025-12-06T08:46:17+00:00","dateModified":"2025-12-06T08:46:18+00:00","mainEntityOfPage":{"@id":"https:\/\/www.webdo.tn\/fr\/actualite\/national\/ugtt-une-symbolique-des-dates-qui-merite-detre-relevee\/388956\/"},"wordCount":201,"publisher":{"@id":"https:\/\/www.webdo.tn\/fr\/#organization"},"image":{"@id":"https:\/\/www.webdo.tn\/fr\/actualite\/national\/ugtt-une-symbolique-des-dates-qui-merite-detre-relevee\/388956\/#primaryimage"},"thumbnailUrl":"https:\/\/www.webdo.tn\/fr\/wp-content\/uploads\/2025\/12\/UGTT-1.jpg","keywords":["Gr\u00e8ve g\u00e9n\u00e9rale","Tunisie","UGTT"],"articleSection":["National"],"inLanguage":"fr-FR"},{"@type":"WebPage","@id":"https:\/\/www.webdo.tn\/fr\/actualite\/national\/ugtt-une-symbolique-des-dates-qui-merite-detre-relevee\/388956\/","url":"https:\/\/www.webdo.tn\/fr\/actualite\/national\/ugtt-une-symbolique-des-dates-qui-merite-detre-relevee\/388956\/","name":"UGTT : Une symbolique des dates qui m\u00e9rite d'\u00eatre relev\u00e9e - webdo","isPartOf":{"@id":"https:\/\/www.webdo.tn\/fr\/#website"},"primaryImageOfPage":{"@id":"https:\/\/www.webdo.tn\/fr\/actualite\/national\/ugtt-une-symbolique-des-dates-qui-merite-detre-relevee\/388956\/#primaryimage"},"image":{"@id":"https:\/\/www.webdo.tn\/fr\/actualite\/national\/ugtt-une-symbolique-des-dates-qui-merite-detre-relevee\/388956\/#primaryimage"},"thumbnailUrl":"https:\/\/www.webdo.tn\/fr\/wp-content\/uploads\/2025\/12\/UGTT-1.jpg","datePublished":"2025-12-06T08:46:17+00:00","dateModified":"2025-12-06T08:46:18+00:00","description":"D\u00e9couvrez pourquoi l'UGTT : Une symbolique des dates qui m\u00e9rite d'\u00eatre relev\u00e9e est essentielle pour comprendre l'histoire syndicale.","breadcrumb":{"@id":"https:\/\/www.webdo.tn\/fr\/actualite\/national\/ugtt-une-symbolique-des-dates-qui-merite-detre-relevee\/388956\/#breadcrumb"},"inLanguage":"fr-FR","potentialAction":[{"@type":"ReadAction","target":["https:\/\/www.webdo.tn\/fr\/actualite\/national\/ugtt-une-symbolique-des-dates-qui-merite-detre-relevee\/388956\/"]}]},{"@type":"ImageObject","inLanguage":"fr-FR","@id":"https:\/\/www.webdo.tn\/fr\/actualite\/national\/ugtt-une-symbolique-des-dates-qui-merite-detre-relevee\/388956\/#primaryimage","url":"https:\/\/www.webdo.tn\/fr\/wp-content\/uploads\/2025\/12\/UGTT-1.jpg","contentUrl":"https:\/\/www.webdo.tn\/fr\/wp-content\/uploads\/2025\/12\/UGTT-1.jpg","width":1200,"height":600,"caption":"UGTT : Une symbolique des dates qui m\u00e9rite d'\u00eatre relev\u00e9e"},{"@type":"BreadcrumbList","@id":"https:\/\/www.webdo.tn\/fr\/actualite\/national\/ugtt-une-symbolique-des-dates-qui-merite-detre-relevee\/388956\/#breadcrumb","itemListElement":[{"@type":"ListItem","position":1,"name":"Accueil","item":"https:\/\/www.webdo.tn\/fr\/"},{"@type":"ListItem","position":2,"name":"UGTT : Une symbolique des dates qui m\u00e9rite d&rsquo;\u00eatre relev\u00e9e"}]},{"@type":"WebSite","@id":"https:\/\/www.webdo.tn\/fr\/#website","url":"https:\/\/www.webdo.tn\/fr\/","name":"webdo","description":"Tunisie - News en Tunisie et \u00e0 l&#039;international sur Webdo.tn","publisher":{"@id":"https:\/\/www.webdo.tn\/fr\/#organization"},"potentialAction":[{"@type":"SearchAction","target":{"@type":"EntryPoint","urlTemplate":"https:\/\/www.webdo.tn\/fr\/?s={search_term_string}"},"query-input":{"@type":"PropertyValueSpecification","valueRequired":true,"valueName":"search_term_string"}}],"inLanguage":"fr-FR"},{"@type":"Organization","@id":"https:\/\/www.webdo.tn\/fr\/#organization","name":"Webdo","alternateName":"Webdo.tn","url":"https:\/\/www.webdo.tn\/fr\/","logo":{"@type":"ImageObject","inLanguage":"fr-FR","@id":"https:\/\/www.webdo.tn\/fr\/#\/schema\/logo\/image\/","url":"https:\/\/www.webdo.tn\/fr\/wp-content\/uploads\/2025\/06\/Webdo-Tunisie_168377.jpg","contentUrl":"https:\/\/www.webdo.tn\/fr\/wp-content\/uploads\/2025\/06\/Webdo-Tunisie_168377.jpg","width":301,"height":301,"caption":"Webdo"},"image":{"@id":"https:\/\/www.webdo.tn\/fr\/#\/schema\/logo\/image\/"},"sameAs":["https:\/\/www.facebook.com\/webdotn","https:\/\/x.com\/webdo_tn"],"description":"Webdo est un m\u00e9dia num\u00e9rique tunisien fond\u00e9 en 2010, sp\u00e9cialis\u00e9 dans l\u2019actualit\u00e9 nationale et internationale, l\u2019\u00e9conomie, la soci\u00e9t\u00e9 et les analyses politiques. Le site s\u2019adresse \u00e0 un large public francophone et couvre l\u2019information tunisienne en temps r\u00e9el.","email":"redac@webdo.tn","legalName":"YNJ SARL","foundingDate":"2010-09-06","numberOfEmployees":{"@type":"QuantitativeValue","minValue":"11","maxValue":"50"}},{"@type":"Person","@id":"https:\/\/www.webdo.tn\/fr\/#\/schema\/person\/6bc0beba2cd23aec27cb5df85ca2554f","name":"Hatem Bourial","image":{"@type":"ImageObject","inLanguage":"fr-FR","@id":"https:\/\/www.webdo.tn\/fr\/wp-content\/uploads\/2026\/04\/hatem-bourial_avatar-96x96.jpg","url":"https:\/\/www.webdo.tn\/fr\/wp-content\/uploads\/2026\/04\/hatem-bourial_avatar-96x96.jpg","contentUrl":"https:\/\/www.webdo.tn\/fr\/wp-content\/uploads\/2026\/04\/hatem-bourial_avatar-96x96.jpg","caption":"Hatem Bourial"},"description":"Hatem Bourial est journaliste, \u00e9crivain et chroniqueur tunisien. Actif depuis plusieurs d\u00e9cennies, il s\u2019est impos\u00e9 comme un observateur attentif de la soci\u00e9t\u00e9 tunisienne, m\u00ealant dans ses \u00e9crits m\u00e9moire, culture et analyse du quotidien. Auteur de nombreux ouvrages, il d\u00e9veloppe une \u0153uvre \u00e0 la crois\u00e9e du r\u00e9cit, de la po\u00e9sie et de l\u2019observation sociologique. Parall\u00e8lement \u00e0 ses contributions dans la presse, il intervient r\u00e9guli\u00e8rement \u00e0 la radio et dans des espaces culturels, o\u00f9 il explore les enjeux li\u00e9s au patrimoine, \u00e0 l\u2019identit\u00e9 et aux transformations du monde contemporain. \u00c0 travers ses chroniques, Hatem Bourial propose une lecture sensible et approfondie de l\u2019actualit\u00e9, nourrie par une exp\u00e9rience journalistique et litt\u00e9raire reconnue. \ud83d\udd17 Facebook : https:\/\/www.facebook.com\/hatem.bourial.2025","sameAs":["https:\/\/www.facebook.com\/hatem.bourial.2025","https:\/\/fr.wikipedia.org\/wiki\/Fichier:Hatem_Bourial.jpg"],"knowsAbout":["Culture & patrimoine tunisien","Chronique soci\u00e9tale","Litt\u00e9rature & m\u00e9moire","Cin\u00e9ma & critique culturelle","Identit\u00e9 & mutations sociales"],"knowsLanguage":["Arabe","Fran\u00e7ais","Anglais","Italien","Polonais"],"jobTitle":"Journaliste, \u00e9crivain et chroniqueur culturel","worksFor":"Webdo","url":"https:\/\/www.webdo.tn\/fr\/actualite\/author\/hatem-bourial-2\/"}]}},"_links":{"self":[{"href":"https:\/\/www.webdo.tn\/fr\/wp-json\/wp\/v2\/posts\/388956","targetHints":{"allow":["GET"]}}],"collection":[{"href":"https:\/\/www.webdo.tn\/fr\/wp-json\/wp\/v2\/posts"}],"about":[{"href":"https:\/\/www.webdo.tn\/fr\/wp-json\/wp\/v2\/types\/post"}],"author":[{"embeddable":true,"href":"https:\/\/www.webdo.tn\/fr\/wp-json\/wp\/v2\/users\/3229"}],"replies":[{"embeddable":true,"href":"https:\/\/www.webdo.tn\/fr\/wp-json\/wp\/v2\/comments?post=388956"}],"version-history":[{"count":0,"href":"https:\/\/www.webdo.tn\/fr\/wp-json\/wp\/v2\/posts\/388956\/revisions"}],"wp:featuredmedia":[{"embeddable":true,"href":"https:\/\/www.webdo.tn\/fr\/wp-json\/wp\/v2\/media\/388957"}],"wp:attachment":[{"href":"https:\/\/www.webdo.tn\/fr\/wp-json\/wp\/v2\/media?parent=388956"}],"wp:term":[{"taxonomy":"category","embeddable":true,"href":"https:\/\/www.webdo.tn\/fr\/wp-json\/wp\/v2\/categories?post=388956"},{"taxonomy":"post_tag","embeddable":true,"href":"https:\/\/www.webdo.tn\/fr\/wp-json\/wp\/v2\/tags?post=388956"}],"curies":[{"name":"wp","href":"https:\/\/api.w.org\/{rel}","templated":true}]}}