{"id":388903,"date":"2025-12-05T12:52:10","date_gmt":"2025-12-05T11:52:10","guid":{"rendered":"https:\/\/www.webdo.tn\/fr\/?p=388903"},"modified":"2025-12-05T12:52:10","modified_gmt":"2025-12-05T11:52:10","slug":"la-tunisie-renforce-sa-cooperation-medicale-avec-luniversite-harvard","status":"publish","type":"post","link":"https:\/\/www.webdo.tn\/fr\/actualite\/national\/la-tunisie-renforce-sa-cooperation-medicale-avec-luniversite-harvard\/388903\/","title":{"rendered":"La Tunisie renforce sa coop\u00e9ration m\u00e9dicale avec l\u2019Universit\u00e9 Harvard"},"content":{"rendered":"\n<p>Le minist\u00e8re de la Sant\u00e9 et la facult\u00e9 de m\u00e9decine de Harvard se sont r\u00e9unis pour renforcer leur partenariat et suivre le parcours des \u00e9tudiants tunisiens form\u00e9s aux \u00c9tats-Unis. L\u2019objectif : am\u00e9liorer la formation m\u00e9dicale, soutenir la recherche et favoriser le transfert d\u2019expertise.<\/p>\n\n\n\n<p>Le ministre de la Sant\u00e9, Mustapha Ferjani, a rencontr\u00e9 une d\u00e9l\u00e9gation de l\u2019Universit\u00e9 Harvard pour faire le point sur la formation des candidats tunisiens ayant achev\u00e9 deux ann\u00e9es de sp\u00e9cialisation aux \u00c9tats-Unis.<\/p>\n\n\n\n<p>La r\u00e9union a \u00e9galement permis d\u2019\u00e9valuer la progression d\u2019une nouvelle promotion en cours de formation, dans le cadre de la convention sign\u00e9e en d\u00e9cembre 2023.<\/p>\n\n\n\n<h2 class=\"wp-block-heading\" id=\"h-developpement-de-nouveaux-programmes-de-cooperation\">D\u00e9veloppement de nouveaux programmes de coop\u00e9ration<\/h2>\n\n\n\n<p>La rencontre a \u00e9t\u00e9 l\u2019occasion de pr\u00e9senter de nouveaux programmes visant \u00e0 renforcer les liens entre les deux institutions. Ces initiatives portent sur l\u2019am\u00e9lioration des cursus de formation avanc\u00e9e, l\u2019harmonisation des standards acad\u00e9miques et le soutien au perfectionnement des m\u00e9decins tunisiens.<\/p>\n\n\n\n<h2 class=\"wp-block-heading\" id=\"h-objectifs-de-la-convention-tunisie-harvard\">Objectifs de la convention Tunisie\u2013Harvard<\/h2>\n\n\n\n<p>Selon le minist\u00e8re de la Sant\u00e9, cette convention a pour vocation de d\u00e9velopper la formation m\u00e9dicale en Tunisie ; d\u2019offrir aux m\u00e9decins une formation acad\u00e9mique avanc\u00e9e d\u00e9bouchant sur un master ; et de soutenir la recherche m\u00e9dicale et le transfert d\u2019expertise conform\u00e9ment aux normes internationales.<\/p>\n\n\n\n<p>Cette coop\u00e9ration constitue un levier strat\u00e9gique pour renforcer les comp\u00e9tences des m\u00e9decins tunisiens et accro\u00eetre la qualit\u00e9 des soins tout en favorisant l\u2019innovation scientifique.<\/p>\n\n\n\n<p><\/p>\n\n\n\n<blockquote class=\"wp-block-quote is-layout-flow wp-block-quote-is-layout-flow\">\n<p><strong>Lire aussi<\/strong><\/p>\n\n\n\n<ul class=\"wp-block-list\">\n<li><a href=\"https:\/\/www.webdo.tn\/fr\/actualite\/international\/visa-etudiant-usa-les-tunisiens-fiches-ou-filtres-par-leurs-likes\/379885\/\">Visa \u00e9tudiant USA : Les Tunisiens fich\u00e9s ou filtr\u00e9s par leurs likes ?<\/a><\/li>\n\n\n\n<li><a href=\"https:\/\/www.webdo.tn\/fr\/actualite\/international\/les-etats-unis-suspendent-les-visas-pour-les-etudiants-etrangers\/222239\/\">Les \u00c9tats-Unis suspendent les visas pour les \u00e9tudiants \u00e9trangers<\/a><\/li>\n\n\n\n<li><a href=\"https:\/\/www.webdo.tn\/fr\/actualite\/national\/la-prestigieuse-universite-harvard-choisit-la-tunisie-pour-installer-son-institut-detudes\/160964\/\">L\u2019Universit\u00e9 Harvard choisit la Tunisie pour installer son institut d\u2019\u00e9tudes<\/a><\/li>\n<\/ul>\n<\/blockquote>\n","protected":false},"excerpt":{"rendered":"<p>Le minist\u00e8re de la Sant\u00e9 et la facult\u00e9 de m\u00e9decine de Harvard se sont r\u00e9unis pour renforcer leur partenariat et suivre le parcours des \u00e9tudiants tunisiens form\u00e9s aux \u00c9tats-Unis. L\u2019objectif : am\u00e9liorer la formation m\u00e9dicale, soutenir la recherche et favoriser le transfert d\u2019expertise. Le ministre de la Sant\u00e9, Mustapha Ferjani, a rencontr\u00e9 une d\u00e9l\u00e9gation de [&hellip;]<\/p>\n","protected":false},"author":4782,"featured_media":388904,"comment_status":"closed","ping_status":"closed","sticky":false,"template":"","format":"standard","meta":{"footnotes":""},"categories":[44],"tags":[11757,2731,2608],"class_list":["post-388903","post","type-post","status-publish","format-standard","has-post-thumbnail","hentry","category-national","tag-harvard","tag-sante","tag-tunisie"],"yoast_head":"<!-- This site is optimized with the Yoast SEO Premium plugin v27.5 (Yoast SEO v27.5) - https:\/\/yoast.com\/product\/yoast-seo-premium-wordpress\/ -->\n<title>La Tunisie renforce sa coop\u00e9ration m\u00e9dicale avec l\u2019Universit\u00e9 Harvard - webdo<\/title>\n<meta name=\"description\" content=\"D\u00e9couvrez comment la Tunisie et Harvard collaborent pour soutenir la formation des m\u00e9decins tunisiens \u00e0 travers de nouveaux programmes.\" \/>\n<link rel=\"canonical\" href=\"https:\/\/www.webdo.tn\/fr\/actualite\/national\/la-tunisie-renforce-sa-cooperation-medicale-avec-luniversite-harvard\/388903\/\" \/>\n<meta property=\"og:locale\" content=\"fr_FR\" \/>\n<meta property=\"og:type\" content=\"article\" \/>\n<meta property=\"og:title\" content=\"La Tunisie renforce sa coop\u00e9ration m\u00e9dicale avec l\u2019Universit\u00e9 Harvard\" \/>\n<meta property=\"og:description\" content=\"D\u00e9couvrez comment la Tunisie et Harvard collaborent pour soutenir la formation des m\u00e9decins tunisiens \u00e0 travers de nouveaux programmes.\" \/>\n<meta property=\"og:url\" content=\"https:\/\/www.webdo.tn\/fr\/actualite\/national\/la-tunisie-renforce-sa-cooperation-medicale-avec-luniversite-harvard\/388903\/\" \/>\n<meta property=\"og:site_name\" content=\"webdo\" \/>\n<meta property=\"article:publisher\" content=\"https:\/\/www.facebook.com\/webdotn\" \/>\n<meta property=\"article:published_time\" content=\"2025-12-05T11:52:10+00:00\" \/>\n<meta property=\"og:image\" content=\"https:\/\/www.webdo.tn\/fr\/wp-content\/uploads\/2025\/12\/593115627_1274357338068059_7377909167469928247_n.jpg\" \/>\n\t<meta property=\"og:image:width\" content=\"1600\" \/>\n\t<meta property=\"og:image:height\" content=\"1066\" \/>\n\t<meta property=\"og:image:type\" content=\"image\/jpeg\" \/>\n<meta name=\"author\" content=\"Mohamed Fethi\" \/>\n<meta name=\"twitter:card\" content=\"summary_large_image\" \/>\n<meta name=\"twitter:creator\" content=\"@webdo_tn\" \/>\n<meta name=\"twitter:site\" content=\"@webdo_tn\" \/>\n<meta name=\"twitter:label1\" content=\"\u00c9crit par\" \/>\n\t<meta name=\"twitter:data1\" content=\"Mohamed Fethi\" \/>\n\t<meta name=\"twitter:label2\" content=\"Dur\u00e9e de lecture estim\u00e9e\" \/>\n\t<meta name=\"twitter:data2\" content=\"2 minutes\" \/>\n<script type=\"application\/ld+json\" class=\"yoast-schema-graph\">{\"@context\":\"https:\\\/\\\/schema.org\",\"@graph\":[{\"@type\":\"NewsArticle\",\"@id\":\"https:\\\/\\\/www.webdo.tn\\\/fr\\\/actualite\\\/national\\\/la-tunisie-renforce-sa-cooperation-medicale-avec-luniversite-harvard\\\/388903\\\/#article\",\"isPartOf\":{\"@id\":\"https:\\\/\\\/www.webdo.tn\\\/fr\\\/actualite\\\/national\\\/la-tunisie-renforce-sa-cooperation-medicale-avec-luniversite-harvard\\\/388903\\\/\"},\"author\":{\"name\":\"Mohamed Fethi\",\"@id\":\"https:\\\/\\\/www.webdo.tn\\\/fr\\\/#\\\/schema\\\/person\\\/16a4857e77dfc0b610c4c2cadffc9ac4\"},\"headline\":\"La Tunisie renforce sa coop\u00e9ration m\u00e9dicale avec l\u2019Universit\u00e9 Harvard\",\"datePublished\":\"2025-12-05T11:52:10+00:00\",\"mainEntityOfPage\":{\"@id\":\"https:\\\/\\\/www.webdo.tn\\\/fr\\\/actualite\\\/national\\\/la-tunisie-renforce-sa-cooperation-medicale-avec-luniversite-harvard\\\/388903\\\/\"},\"wordCount\":310,\"publisher\":{\"@id\":\"https:\\\/\\\/www.webdo.tn\\\/fr\\\/#organization\"},\"image\":{\"@id\":\"https:\\\/\\\/www.webdo.tn\\\/fr\\\/actualite\\\/national\\\/la-tunisie-renforce-sa-cooperation-medicale-avec-luniversite-harvard\\\/388903\\\/#primaryimage\"},\"thumbnailUrl\":\"https:\\\/\\\/www.webdo.tn\\\/fr\\\/wp-content\\\/uploads\\\/2025\\\/12\\\/593115627_1274357338068059_7377909167469928247_n.jpg\",\"keywords\":[\"Harvard\",\"Sant\u00e9\",\"Tunisie\"],\"articleSection\":[\"National\"],\"inLanguage\":\"fr-FR\"},{\"@type\":\"WebPage\",\"@id\":\"https:\\\/\\\/www.webdo.tn\\\/fr\\\/actualite\\\/national\\\/la-tunisie-renforce-sa-cooperation-medicale-avec-luniversite-harvard\\\/388903\\\/\",\"url\":\"https:\\\/\\\/www.webdo.tn\\\/fr\\\/actualite\\\/national\\\/la-tunisie-renforce-sa-cooperation-medicale-avec-luniversite-harvard\\\/388903\\\/\",\"name\":\"La Tunisie renforce sa coop\u00e9ration m\u00e9dicale avec l\u2019Universit\u00e9 Harvard - webdo\",\"isPartOf\":{\"@id\":\"https:\\\/\\\/www.webdo.tn\\\/fr\\\/#website\"},\"primaryImageOfPage\":{\"@id\":\"https:\\\/\\\/www.webdo.tn\\\/fr\\\/actualite\\\/national\\\/la-tunisie-renforce-sa-cooperation-medicale-avec-luniversite-harvard\\\/388903\\\/#primaryimage\"},\"image\":{\"@id\":\"https:\\\/\\\/www.webdo.tn\\\/fr\\\/actualite\\\/national\\\/la-tunisie-renforce-sa-cooperation-medicale-avec-luniversite-harvard\\\/388903\\\/#primaryimage\"},\"thumbnailUrl\":\"https:\\\/\\\/www.webdo.tn\\\/fr\\\/wp-content\\\/uploads\\\/2025\\\/12\\\/593115627_1274357338068059_7377909167469928247_n.jpg\",\"datePublished\":\"2025-12-05T11:52:10+00:00\",\"description\":\"D\u00e9couvrez comment la Tunisie et Harvard collaborent pour soutenir la formation des m\u00e9decins tunisiens \u00e0 travers de nouveaux programmes.\",\"breadcrumb\":{\"@id\":\"https:\\\/\\\/www.webdo.tn\\\/fr\\\/actualite\\\/national\\\/la-tunisie-renforce-sa-cooperation-medicale-avec-luniversite-harvard\\\/388903\\\/#breadcrumb\"},\"inLanguage\":\"fr-FR\",\"potentialAction\":[{\"@type\":\"ReadAction\",\"target\":[\"https:\\\/\\\/www.webdo.tn\\\/fr\\\/actualite\\\/national\\\/la-tunisie-renforce-sa-cooperation-medicale-avec-luniversite-harvard\\\/388903\\\/\"]}]},{\"@type\":\"ImageObject\",\"inLanguage\":\"fr-FR\",\"@id\":\"https:\\\/\\\/www.webdo.tn\\\/fr\\\/actualite\\\/national\\\/la-tunisie-renforce-sa-cooperation-medicale-avec-luniversite-harvard\\\/388903\\\/#primaryimage\",\"url\":\"https:\\\/\\\/www.webdo.tn\\\/fr\\\/wp-content\\\/uploads\\\/2025\\\/12\\\/593115627_1274357338068059_7377909167469928247_n.jpg\",\"contentUrl\":\"https:\\\/\\\/www.webdo.tn\\\/fr\\\/wp-content\\\/uploads\\\/2025\\\/12\\\/593115627_1274357338068059_7377909167469928247_n.jpg\",\"width\":1600,\"height\":1066,\"caption\":\"La Tunisie renforce sa coop\u00e9ration m\u00e9dicale avec l\u2019Universit\u00e9 Harvard\"},{\"@type\":\"BreadcrumbList\",\"@id\":\"https:\\\/\\\/www.webdo.tn\\\/fr\\\/actualite\\\/national\\\/la-tunisie-renforce-sa-cooperation-medicale-avec-luniversite-harvard\\\/388903\\\/#breadcrumb\",\"itemListElement\":[{\"@type\":\"ListItem\",\"position\":1,\"name\":\"Accueil\",\"item\":\"https:\\\/\\\/www.webdo.tn\\\/fr\\\/\"},{\"@type\":\"ListItem\",\"position\":2,\"name\":\"La Tunisie renforce sa coop\u00e9ration m\u00e9dicale avec l\u2019Universit\u00e9 Harvard\"}]},{\"@type\":\"WebSite\",\"@id\":\"https:\\\/\\\/www.webdo.tn\\\/fr\\\/#website\",\"url\":\"https:\\\/\\\/www.webdo.tn\\\/fr\\\/\",\"name\":\"webdo\",\"description\":\"Tunisie - News en Tunisie et \u00e0 l&#039;international sur Webdo.tn\",\"publisher\":{\"@id\":\"https:\\\/\\\/www.webdo.tn\\\/fr\\\/#organization\"},\"potentialAction\":[{\"@type\":\"SearchAction\",\"target\":{\"@type\":\"EntryPoint\",\"urlTemplate\":\"https:\\\/\\\/www.webdo.tn\\\/fr\\\/?s={search_term_string}\"},\"query-input\":{\"@type\":\"PropertyValueSpecification\",\"valueRequired\":true,\"valueName\":\"search_term_string\"}}],\"inLanguage\":\"fr-FR\"},{\"@type\":\"Organization\",\"@id\":\"https:\\\/\\\/www.webdo.tn\\\/fr\\\/#organization\",\"name\":\"Webdo\",\"alternateName\":\"Webdo.tn\",\"url\":\"https:\\\/\\\/www.webdo.tn\\\/fr\\\/\",\"logo\":{\"@type\":\"ImageObject\",\"inLanguage\":\"fr-FR\",\"@id\":\"https:\\\/\\\/www.webdo.tn\\\/fr\\\/#\\\/schema\\\/logo\\\/image\\\/\",\"url\":\"https:\\\/\\\/www.webdo.tn\\\/fr\\\/wp-content\\\/uploads\\\/2025\\\/06\\\/Webdo-Tunisie_168377.jpg\",\"contentUrl\":\"https:\\\/\\\/www.webdo.tn\\\/fr\\\/wp-content\\\/uploads\\\/2025\\\/06\\\/Webdo-Tunisie_168377.jpg\",\"width\":301,\"height\":301,\"caption\":\"Webdo\"},\"image\":{\"@id\":\"https:\\\/\\\/www.webdo.tn\\\/fr\\\/#\\\/schema\\\/logo\\\/image\\\/\"},\"sameAs\":[\"https:\\\/\\\/www.facebook.com\\\/webdotn\",\"https:\\\/\\\/x.com\\\/webdo_tn\"],\"description\":\"Webdo est un m\u00e9dia num\u00e9rique tunisien fond\u00e9 en 2010, sp\u00e9cialis\u00e9 dans l\u2019actualit\u00e9 nationale et internationale, l\u2019\u00e9conomie, la soci\u00e9t\u00e9 et les analyses politiques. Le site s\u2019adresse \u00e0 un large public francophone et couvre l\u2019information tunisienne en temps r\u00e9el.\",\"email\":\"redac@webdo.tn\",\"legalName\":\"YNJ SARL\",\"foundingDate\":\"2010-09-06\",\"numberOfEmployees\":{\"@type\":\"QuantitativeValue\",\"minValue\":\"11\",\"maxValue\":\"50\"}},{\"@type\":\"Person\",\"@id\":\"https:\\\/\\\/www.webdo.tn\\\/fr\\\/#\\\/schema\\\/person\\\/16a4857e77dfc0b610c4c2cadffc9ac4\",\"name\":\"Mohamed Fethi\",\"image\":{\"@type\":\"ImageObject\",\"inLanguage\":\"fr-FR\",\"@id\":\"https:\\\/\\\/www.webdo.tn\\\/fr\\\/wp-content\\\/uploads\\\/2026\\\/04\\\/mohamed-fethi_avatar_1-96x96.jpg\",\"url\":\"https:\\\/\\\/www.webdo.tn\\\/fr\\\/wp-content\\\/uploads\\\/2026\\\/04\\\/mohamed-fethi_avatar_1-96x96.jpg\",\"contentUrl\":\"https:\\\/\\\/www.webdo.tn\\\/fr\\\/wp-content\\\/uploads\\\/2026\\\/04\\\/mohamed-fethi_avatar_1-96x96.jpg\",\"caption\":\"Mohamed Fethi\"},\"description\":\"Signature \u00e9ditoriale de Maher Chaabane Mohamed Fethi est le pseudonyme \u00e9ditorial de Maher Chaabane, r\u00e9dacteur en chef de Webdo.tn depuis 2012. Cette signature est d\u00e9di\u00e9e au traitement intensif de l'actualit\u00e9 nationale et internationale en temps r\u00e9el. S'appuyant sur les deux d\u00e9cennies d'expertise journalistique de Maher Chaabane \u2014 d\u00e9but\u00e9e au sein du groupe Tunis Hebdo en 2000 \u2014 Mohamed Fethi assure une veille rigoureuse sur les enjeux politiques, \u00e9conomiques et sportifs. Sa mission est de garantir une information structur\u00e9e, fluide et fid\u00e8le aux standards de la r\u00e9daction. Pour consulter le parcours complet du r\u00e9dacteur en chef, visitez le profil officiel de Maher Chaabane.\",\"knowsAbout\":[\"actualit\u00e9\",\"journalisme\",\"information\",\"politique\",\"sport\",\"m\u00e9dias\",\"actualit\u00e9 internationale\"],\"knowsLanguage\":[\"Fran\u00e7ais\",\"Arabe\"],\"jobTitle\":\"Journaliste \u2013 R\u00e9daction Webdo\",\"worksFor\":\"Webdo.tn\",\"url\":\"https:\\\/\\\/www.webdo.tn\\\/fr\\\/actualite\\\/author\\\/mohamed-fethi\\\/\"}]}<\/script>\n<!-- \/ Yoast SEO Premium plugin. -->","yoast_head_json":{"title":"La Tunisie renforce sa coop\u00e9ration m\u00e9dicale avec l\u2019Universit\u00e9 Harvard - webdo","description":"D\u00e9couvrez comment la Tunisie et Harvard collaborent pour soutenir la formation des m\u00e9decins tunisiens \u00e0 travers de nouveaux programmes.","canonical":"https:\/\/www.webdo.tn\/fr\/actualite\/national\/la-tunisie-renforce-sa-cooperation-medicale-avec-luniversite-harvard\/388903\/","og_locale":"fr_FR","og_type":"article","og_title":"La Tunisie renforce sa coop\u00e9ration m\u00e9dicale avec l\u2019Universit\u00e9 Harvard","og_description":"D\u00e9couvrez comment la Tunisie et Harvard collaborent pour soutenir la formation des m\u00e9decins tunisiens \u00e0 travers de nouveaux programmes.","og_url":"https:\/\/www.webdo.tn\/fr\/actualite\/national\/la-tunisie-renforce-sa-cooperation-medicale-avec-luniversite-harvard\/388903\/","og_site_name":"webdo","article_publisher":"https:\/\/www.facebook.com\/webdotn","article_published_time":"2025-12-05T11:52:10+00:00","og_image":[{"width":1600,"height":1066,"url":"https:\/\/www.webdo.tn\/fr\/wp-content\/uploads\/2025\/12\/593115627_1274357338068059_7377909167469928247_n.jpg","type":"image\/jpeg"}],"author":"Mohamed Fethi","twitter_card":"summary_large_image","twitter_creator":"@webdo_tn","twitter_site":"@webdo_tn","twitter_misc":{"\u00c9crit par":"Mohamed Fethi","Dur\u00e9e de lecture estim\u00e9e":"2 minutes"},"schema":{"@context":"https:\/\/schema.org","@graph":[{"@type":"NewsArticle","@id":"https:\/\/www.webdo.tn\/fr\/actualite\/national\/la-tunisie-renforce-sa-cooperation-medicale-avec-luniversite-harvard\/388903\/#article","isPartOf":{"@id":"https:\/\/www.webdo.tn\/fr\/actualite\/national\/la-tunisie-renforce-sa-cooperation-medicale-avec-luniversite-harvard\/388903\/"},"author":{"name":"Mohamed Fethi","@id":"https:\/\/www.webdo.tn\/fr\/#\/schema\/person\/16a4857e77dfc0b610c4c2cadffc9ac4"},"headline":"La Tunisie renforce sa coop\u00e9ration m\u00e9dicale avec l\u2019Universit\u00e9 Harvard","datePublished":"2025-12-05T11:52:10+00:00","mainEntityOfPage":{"@id":"https:\/\/www.webdo.tn\/fr\/actualite\/national\/la-tunisie-renforce-sa-cooperation-medicale-avec-luniversite-harvard\/388903\/"},"wordCount":310,"publisher":{"@id":"https:\/\/www.webdo.tn\/fr\/#organization"},"image":{"@id":"https:\/\/www.webdo.tn\/fr\/actualite\/national\/la-tunisie-renforce-sa-cooperation-medicale-avec-luniversite-harvard\/388903\/#primaryimage"},"thumbnailUrl":"https:\/\/www.webdo.tn\/fr\/wp-content\/uploads\/2025\/12\/593115627_1274357338068059_7377909167469928247_n.jpg","keywords":["Harvard","Sant\u00e9","Tunisie"],"articleSection":["National"],"inLanguage":"fr-FR"},{"@type":"WebPage","@id":"https:\/\/www.webdo.tn\/fr\/actualite\/national\/la-tunisie-renforce-sa-cooperation-medicale-avec-luniversite-harvard\/388903\/","url":"https:\/\/www.webdo.tn\/fr\/actualite\/national\/la-tunisie-renforce-sa-cooperation-medicale-avec-luniversite-harvard\/388903\/","name":"La Tunisie renforce sa coop\u00e9ration m\u00e9dicale avec l\u2019Universit\u00e9 Harvard - webdo","isPartOf":{"@id":"https:\/\/www.webdo.tn\/fr\/#website"},"primaryImageOfPage":{"@id":"https:\/\/www.webdo.tn\/fr\/actualite\/national\/la-tunisie-renforce-sa-cooperation-medicale-avec-luniversite-harvard\/388903\/#primaryimage"},"image":{"@id":"https:\/\/www.webdo.tn\/fr\/actualite\/national\/la-tunisie-renforce-sa-cooperation-medicale-avec-luniversite-harvard\/388903\/#primaryimage"},"thumbnailUrl":"https:\/\/www.webdo.tn\/fr\/wp-content\/uploads\/2025\/12\/593115627_1274357338068059_7377909167469928247_n.jpg","datePublished":"2025-12-05T11:52:10+00:00","description":"D\u00e9couvrez comment la Tunisie et Harvard collaborent pour soutenir la formation des m\u00e9decins tunisiens \u00e0 travers de nouveaux programmes.","breadcrumb":{"@id":"https:\/\/www.webdo.tn\/fr\/actualite\/national\/la-tunisie-renforce-sa-cooperation-medicale-avec-luniversite-harvard\/388903\/#breadcrumb"},"inLanguage":"fr-FR","potentialAction":[{"@type":"ReadAction","target":["https:\/\/www.webdo.tn\/fr\/actualite\/national\/la-tunisie-renforce-sa-cooperation-medicale-avec-luniversite-harvard\/388903\/"]}]},{"@type":"ImageObject","inLanguage":"fr-FR","@id":"https:\/\/www.webdo.tn\/fr\/actualite\/national\/la-tunisie-renforce-sa-cooperation-medicale-avec-luniversite-harvard\/388903\/#primaryimage","url":"https:\/\/www.webdo.tn\/fr\/wp-content\/uploads\/2025\/12\/593115627_1274357338068059_7377909167469928247_n.jpg","contentUrl":"https:\/\/www.webdo.tn\/fr\/wp-content\/uploads\/2025\/12\/593115627_1274357338068059_7377909167469928247_n.jpg","width":1600,"height":1066,"caption":"La Tunisie renforce sa coop\u00e9ration m\u00e9dicale avec l\u2019Universit\u00e9 Harvard"},{"@type":"BreadcrumbList","@id":"https:\/\/www.webdo.tn\/fr\/actualite\/national\/la-tunisie-renforce-sa-cooperation-medicale-avec-luniversite-harvard\/388903\/#breadcrumb","itemListElement":[{"@type":"ListItem","position":1,"name":"Accueil","item":"https:\/\/www.webdo.tn\/fr\/"},{"@type":"ListItem","position":2,"name":"La Tunisie renforce sa coop\u00e9ration m\u00e9dicale avec l\u2019Universit\u00e9 Harvard"}]},{"@type":"WebSite","@id":"https:\/\/www.webdo.tn\/fr\/#website","url":"https:\/\/www.webdo.tn\/fr\/","name":"webdo","description":"Tunisie - News en Tunisie et \u00e0 l&#039;international sur Webdo.tn","publisher":{"@id":"https:\/\/www.webdo.tn\/fr\/#organization"},"potentialAction":[{"@type":"SearchAction","target":{"@type":"EntryPoint","urlTemplate":"https:\/\/www.webdo.tn\/fr\/?s={search_term_string}"},"query-input":{"@type":"PropertyValueSpecification","valueRequired":true,"valueName":"search_term_string"}}],"inLanguage":"fr-FR"},{"@type":"Organization","@id":"https:\/\/www.webdo.tn\/fr\/#organization","name":"Webdo","alternateName":"Webdo.tn","url":"https:\/\/www.webdo.tn\/fr\/","logo":{"@type":"ImageObject","inLanguage":"fr-FR","@id":"https:\/\/www.webdo.tn\/fr\/#\/schema\/logo\/image\/","url":"https:\/\/www.webdo.tn\/fr\/wp-content\/uploads\/2025\/06\/Webdo-Tunisie_168377.jpg","contentUrl":"https:\/\/www.webdo.tn\/fr\/wp-content\/uploads\/2025\/06\/Webdo-Tunisie_168377.jpg","width":301,"height":301,"caption":"Webdo"},"image":{"@id":"https:\/\/www.webdo.tn\/fr\/#\/schema\/logo\/image\/"},"sameAs":["https:\/\/www.facebook.com\/webdotn","https:\/\/x.com\/webdo_tn"],"description":"Webdo est un m\u00e9dia num\u00e9rique tunisien fond\u00e9 en 2010, sp\u00e9cialis\u00e9 dans l\u2019actualit\u00e9 nationale et internationale, l\u2019\u00e9conomie, la soci\u00e9t\u00e9 et les analyses politiques. Le site s\u2019adresse \u00e0 un large public francophone et couvre l\u2019information tunisienne en temps r\u00e9el.","email":"redac@webdo.tn","legalName":"YNJ SARL","foundingDate":"2010-09-06","numberOfEmployees":{"@type":"QuantitativeValue","minValue":"11","maxValue":"50"}},{"@type":"Person","@id":"https:\/\/www.webdo.tn\/fr\/#\/schema\/person\/16a4857e77dfc0b610c4c2cadffc9ac4","name":"Mohamed Fethi","image":{"@type":"ImageObject","inLanguage":"fr-FR","@id":"https:\/\/www.webdo.tn\/fr\/wp-content\/uploads\/2026\/04\/mohamed-fethi_avatar_1-96x96.jpg","url":"https:\/\/www.webdo.tn\/fr\/wp-content\/uploads\/2026\/04\/mohamed-fethi_avatar_1-96x96.jpg","contentUrl":"https:\/\/www.webdo.tn\/fr\/wp-content\/uploads\/2026\/04\/mohamed-fethi_avatar_1-96x96.jpg","caption":"Mohamed Fethi"},"description":"Signature \u00e9ditoriale de Maher Chaabane Mohamed Fethi est le pseudonyme \u00e9ditorial de Maher Chaabane, r\u00e9dacteur en chef de Webdo.tn depuis 2012. Cette signature est d\u00e9di\u00e9e au traitement intensif de l'actualit\u00e9 nationale et internationale en temps r\u00e9el. S'appuyant sur les deux d\u00e9cennies d'expertise journalistique de Maher Chaabane \u2014 d\u00e9but\u00e9e au sein du groupe Tunis Hebdo en 2000 \u2014 Mohamed Fethi assure une veille rigoureuse sur les enjeux politiques, \u00e9conomiques et sportifs. Sa mission est de garantir une information structur\u00e9e, fluide et fid\u00e8le aux standards de la r\u00e9daction. Pour consulter le parcours complet du r\u00e9dacteur en chef, visitez le profil officiel de Maher Chaabane.","knowsAbout":["actualit\u00e9","journalisme","information","politique","sport","m\u00e9dias","actualit\u00e9 internationale"],"knowsLanguage":["Fran\u00e7ais","Arabe"],"jobTitle":"Journaliste \u2013 R\u00e9daction Webdo","worksFor":"Webdo.tn","url":"https:\/\/www.webdo.tn\/fr\/actualite\/author\/mohamed-fethi\/"}]}},"_links":{"self":[{"href":"https:\/\/www.webdo.tn\/fr\/wp-json\/wp\/v2\/posts\/388903","targetHints":{"allow":["GET"]}}],"collection":[{"href":"https:\/\/www.webdo.tn\/fr\/wp-json\/wp\/v2\/posts"}],"about":[{"href":"https:\/\/www.webdo.tn\/fr\/wp-json\/wp\/v2\/types\/post"}],"author":[{"embeddable":true,"href":"https:\/\/www.webdo.tn\/fr\/wp-json\/wp\/v2\/users\/4782"}],"replies":[{"embeddable":true,"href":"https:\/\/www.webdo.tn\/fr\/wp-json\/wp\/v2\/comments?post=388903"}],"version-history":[{"count":0,"href":"https:\/\/www.webdo.tn\/fr\/wp-json\/wp\/v2\/posts\/388903\/revisions"}],"wp:featuredmedia":[{"embeddable":true,"href":"https:\/\/www.webdo.tn\/fr\/wp-json\/wp\/v2\/media\/388904"}],"wp:attachment":[{"href":"https:\/\/www.webdo.tn\/fr\/wp-json\/wp\/v2\/media?parent=388903"}],"wp:term":[{"taxonomy":"category","embeddable":true,"href":"https:\/\/www.webdo.tn\/fr\/wp-json\/wp\/v2\/categories?post=388903"},{"taxonomy":"post_tag","embeddable":true,"href":"https:\/\/www.webdo.tn\/fr\/wp-json\/wp\/v2\/tags?post=388903"}],"curies":[{"name":"wp","href":"https:\/\/api.w.org\/{rel}","templated":true}]}}