{"id":388847,"date":"2025-12-04T16:31:01","date_gmt":"2025-12-04T15:31:01","guid":{"rendered":"https:\/\/www.webdo.tn\/fr\/?p=388847"},"modified":"2025-12-04T18:33:00","modified_gmt":"2025-12-04T17:33:00","slug":"tunisie-une-marche-prevue-le-6-decembre-a-tunis-pour-denoncer-linjustice","status":"publish","type":"post","link":"https:\/\/www.webdo.tn\/fr\/actualite\/national\/tunisie-une-marche-prevue-le-6-decembre-a-tunis-pour-denoncer-linjustice\/388847\/","title":{"rendered":"Tunisie : une marche pr\u00e9vue le 6 d\u00e9cembre \u00e0 Tunis pour d\u00e9noncer \u00ab l\u2019injustice \u00bb"},"content":{"rendered":"\n<p>Des partis politiques, des organisations civiles et des associations de d\u00e9fense des droits humains ont annonc\u00e9 l\u2019organisation d\u2019une marche, samedi 6 d\u00e9cembre \u00e0 Tunis, pour d\u00e9noncer \u00ab l\u2019injustice \u00bb et d\u00e9fendre les libert\u00e9s publiques, selon un communiqu\u00e9 conjoint publi\u00e9 jeudi.<\/p>\n\n\n\n<p>Par ailleurs, le parti Al Joumhouri a annonc\u00e9, jeudi, l\u2019arrestation d\u2019Ahmed N\u00e9jib Chebbi, pr\u00e9sident du Front du salut national, en ex\u00e9cution du jugement d\u00e9finitif prononc\u00e9 \u00e0 son encontre dans l\u2019affaire dite du \u00ab complot contre la s\u00fbret\u00e9 de l\u2019\u00c9tat \u00bb.<\/p>\n\n\n\n<h2 class=\"wp-block-heading\" id=\"h-reaction-du-parti-al-joumhouri\">R\u00e9action du parti Al Joumhouri<\/h2>\n\n\n\n<p><a href=\"https:\/\/www.facebook.com\/share\/p\/1D8vcLfzi1\/\" target=\"_blank\" rel=\"noreferrer noopener\">Dans une d\u00e9claration distincte<\/a>, Al Joumhouri a d\u00e9nonc\u00e9 ce qu\u2019il qualifie de \u00ab moment dangereux \u00bb pour le pays, affirmant que \u00ab la Tunisie vit une phase de d\u00e9rive vers l\u2019autoritarisme \u00e0 travers des arrestations politiques syst\u00e9matiques \u00bb.<br>Le parti a rappel\u00e9 \u00ab l\u2019enl\u00e8vement de Chaima Issa, puis l\u2019arrestation de l\u2019avocat Ayachi Hammami il y a deux jours, avant celle d\u2019Ahmed N\u00e9jib Chebbi \u00bb, estimant qu\u2019il s\u2019agit d\u2019\u00ab une nouvelle tentative de faire taire les symboles du combat national et de frapper les derniers remparts de la libert\u00e9 \u00bb.<\/p>\n\n\n\n<p>Les signataires de l\u2019appel \u00e0 la marche, r\u00e9unis la veille au si\u00e8ge du Parti r\u00e9publicain, affirment que les arrestations visant \u00ab des responsables politiques, militants, journalistes et blogueurs \u00bb participent d\u2019\u00ab une campagne visant \u00e0 fermer l\u2019espace public et \u00e0 r\u00e9duire au silence les voix critiques \u00bb.<\/p>\n\n\n\n<p>Ils indiquent s\u2019\u00eatre accord\u00e9s pour \u00ab coordonner leurs actions \u00bb et \u00ab intensifier les mobilisations pacifiques \u00bb face \u00e0 ce qu\u2019ils qualifient de \u00ab politique de ciblage \u00bb de l\u2019opposition.<\/p>\n\n\n\n<p>L\u2019initiative intervient alors que des peines d\u2019appel, allant jusqu\u2019\u00e0 plusieurs dizaines d\u2019ann\u00e9es de prison, ont r\u00e9cemment \u00e9t\u00e9 prononc\u00e9es dans l\u2019affaire dite du \u00ab complot contre la s\u00fbret\u00e9 de l\u2019\u00c9tat \u00bb.<\/p>\n\n\n\n<blockquote class=\"wp-block-quote is-layout-flow wp-block-quote-is-layout-flow\">\n<blockquote class=\"wp-block-quote is-layout-flow wp-block-quote-is-layout-flow\">\n<p><strong>Lire aussi:<\/strong><\/p>\n\n\n\n<ul class=\"wp-block-list\">\n<li class=\"has-medium-font-size\"><a href=\"https:\/\/www.webdo.tn\/fr\/actualite\/national\/arrestation-dahmed-nejib-chebbi\/388841\/\">Arrestation d\u2019Ahmed N\u00e9jib Chebbi<\/a><\/li>\n<\/ul>\n<\/blockquote>\n<\/blockquote>\n","protected":false},"excerpt":{"rendered":"<p>Des partis politiques, des organisations civiles et des associations de d\u00e9fense des droits humains ont annonc\u00e9 l\u2019organisation d\u2019une marche, samedi 6 d\u00e9cembre \u00e0 Tunis, pour d\u00e9noncer \u00ab l\u2019injustice \u00bb et d\u00e9fendre les libert\u00e9s publiques, selon un communiqu\u00e9 conjoint publi\u00e9 jeudi. Par ailleurs, le parti Al Joumhouri a annonc\u00e9, jeudi, l\u2019arrestation d\u2019Ahmed N\u00e9jib Chebbi, pr\u00e9sident du [&hellip;]<\/p>\n","protected":false},"author":4779,"featured_media":388849,"comment_status":"closed","ping_status":"closed","sticky":false,"template":"","format":"standard","meta":{"footnotes":""},"categories":[44],"tags":[3094,8794,2640],"class_list":["post-388847","post","type-post","status-publish","format-standard","has-post-thumbnail","hentry","category-national","tag-marche","tag-opposition","tag-tunis"],"yoast_head":"<!-- This site is optimized with the Yoast SEO Premium plugin v27.4 (Yoast SEO v27.5) - https:\/\/yoast.com\/product\/yoast-seo-premium-wordpress\/ -->\n<title>Tunisie : une marche pr\u00e9vue le 6 d\u00e9cembre \u00e0 Tunis pour d\u00e9noncer \u00ab l\u2019injustice \u00bb - webdo<\/title>\n<meta name=\"description\" content=\"Partis politiques et organisations civiles se rassemblent \u00e0 Tunis le 6 d\u00e9cembre pour condamner l\u2019injustice et d\u00e9fendre les droits.\" \/>\n<link rel=\"canonical\" href=\"https:\/\/www.webdo.tn\/fr\/actualite\/national\/tunisie-une-marche-prevue-le-6-decembre-a-tunis-pour-denoncer-linjustice\/388847\/\" \/>\n<meta property=\"og:locale\" content=\"fr_FR\" \/>\n<meta property=\"og:type\" content=\"article\" \/>\n<meta property=\"og:title\" content=\"Tunisie : une marche pr\u00e9vue le 6 d\u00e9cembre \u00e0 Tunis pour d\u00e9noncer \u00ab l\u2019injustice \u00bb\" \/>\n<meta property=\"og:description\" content=\"Partis politiques et organisations civiles se rassemblent \u00e0 Tunis le 6 d\u00e9cembre pour condamner l\u2019injustice et d\u00e9fendre les droits.\" \/>\n<meta property=\"og:url\" content=\"https:\/\/www.webdo.tn\/fr\/actualite\/national\/tunisie-une-marche-prevue-le-6-decembre-a-tunis-pour-denoncer-linjustice\/388847\/\" \/>\n<meta property=\"og:site_name\" content=\"webdo\" \/>\n<meta property=\"article:publisher\" content=\"https:\/\/www.facebook.com\/webdotn\" \/>\n<meta property=\"article:published_time\" content=\"2025-12-04T15:31:01+00:00\" \/>\n<meta property=\"article:modified_time\" content=\"2025-12-04T17:33:00+00:00\" \/>\n<meta property=\"og:image\" content=\"https:\/\/www.webdo.tn\/fr\/wp-content\/uploads\/2025\/12\/une-marche-prevue-le-6-decembre-a-Tunis.jpg\" \/>\n\t<meta property=\"og:image:width\" content=\"1200\" \/>\n\t<meta property=\"og:image:height\" content=\"600\" \/>\n\t<meta property=\"og:image:type\" content=\"image\/jpeg\" \/>\n<meta name=\"author\" content=\"Firas Ben Abdeltif\" \/>\n<meta name=\"twitter:card\" content=\"summary_large_image\" \/>\n<meta name=\"twitter:creator\" content=\"@webdo_tn\" \/>\n<meta name=\"twitter:site\" content=\"@webdo_tn\" \/>\n<meta name=\"twitter:label1\" content=\"\u00c9crit par\" \/>\n\t<meta name=\"twitter:data1\" content=\"Firas Ben Abdeltif\" \/>\n\t<meta name=\"twitter:label2\" content=\"Dur\u00e9e de lecture estim\u00e9e\" \/>\n\t<meta name=\"twitter:data2\" content=\"2 minutes\" \/>\n<script type=\"application\/ld+json\" class=\"yoast-schema-graph\">{\"@context\":\"https:\\\/\\\/schema.org\",\"@graph\":[{\"@type\":\"NewsArticle\",\"@id\":\"https:\\\/\\\/www.webdo.tn\\\/fr\\\/actualite\\\/national\\\/tunisie-une-marche-prevue-le-6-decembre-a-tunis-pour-denoncer-linjustice\\\/388847\\\/#article\",\"isPartOf\":{\"@id\":\"https:\\\/\\\/www.webdo.tn\\\/fr\\\/actualite\\\/national\\\/tunisie-une-marche-prevue-le-6-decembre-a-tunis-pour-denoncer-linjustice\\\/388847\\\/\"},\"author\":{\"name\":\"Firas Ben Abdeltif\",\"@id\":\"https:\\\/\\\/www.webdo.tn\\\/fr\\\/#\\\/schema\\\/person\\\/19664196c9bfdcda126f3c27709f7d11\"},\"headline\":\"Tunisie : une marche pr\u00e9vue le 6 d\u00e9cembre \u00e0 Tunis pour d\u00e9noncer \u00ab l\u2019injustice \u00bb\",\"datePublished\":\"2025-12-04T15:31:01+00:00\",\"dateModified\":\"2025-12-04T17:33:00+00:00\",\"mainEntityOfPage\":{\"@id\":\"https:\\\/\\\/www.webdo.tn\\\/fr\\\/actualite\\\/national\\\/tunisie-une-marche-prevue-le-6-decembre-a-tunis-pour-denoncer-linjustice\\\/388847\\\/\"},\"wordCount\":324,\"publisher\":{\"@id\":\"https:\\\/\\\/www.webdo.tn\\\/fr\\\/#organization\"},\"image\":{\"@id\":\"https:\\\/\\\/www.webdo.tn\\\/fr\\\/actualite\\\/national\\\/tunisie-une-marche-prevue-le-6-decembre-a-tunis-pour-denoncer-linjustice\\\/388847\\\/#primaryimage\"},\"thumbnailUrl\":\"https:\\\/\\\/www.webdo.tn\\\/fr\\\/wp-content\\\/uploads\\\/2025\\\/12\\\/une-marche-prevue-le-6-decembre-a-Tunis.jpg\",\"keywords\":[\"marche\",\"opposition\",\"Tunis\"],\"articleSection\":[\"National\"],\"inLanguage\":\"fr-FR\"},{\"@type\":\"WebPage\",\"@id\":\"https:\\\/\\\/www.webdo.tn\\\/fr\\\/actualite\\\/national\\\/tunisie-une-marche-prevue-le-6-decembre-a-tunis-pour-denoncer-linjustice\\\/388847\\\/\",\"url\":\"https:\\\/\\\/www.webdo.tn\\\/fr\\\/actualite\\\/national\\\/tunisie-une-marche-prevue-le-6-decembre-a-tunis-pour-denoncer-linjustice\\\/388847\\\/\",\"name\":\"Tunisie : une marche pr\u00e9vue le 6 d\u00e9cembre \u00e0 Tunis pour d\u00e9noncer \u00ab l\u2019injustice \u00bb - webdo\",\"isPartOf\":{\"@id\":\"https:\\\/\\\/www.webdo.tn\\\/fr\\\/#website\"},\"primaryImageOfPage\":{\"@id\":\"https:\\\/\\\/www.webdo.tn\\\/fr\\\/actualite\\\/national\\\/tunisie-une-marche-prevue-le-6-decembre-a-tunis-pour-denoncer-linjustice\\\/388847\\\/#primaryimage\"},\"image\":{\"@id\":\"https:\\\/\\\/www.webdo.tn\\\/fr\\\/actualite\\\/national\\\/tunisie-une-marche-prevue-le-6-decembre-a-tunis-pour-denoncer-linjustice\\\/388847\\\/#primaryimage\"},\"thumbnailUrl\":\"https:\\\/\\\/www.webdo.tn\\\/fr\\\/wp-content\\\/uploads\\\/2025\\\/12\\\/une-marche-prevue-le-6-decembre-a-Tunis.jpg\",\"datePublished\":\"2025-12-04T15:31:01+00:00\",\"dateModified\":\"2025-12-04T17:33:00+00:00\",\"description\":\"Partis politiques et organisations civiles se rassemblent \u00e0 Tunis le 6 d\u00e9cembre pour condamner l\u2019injustice et d\u00e9fendre les droits.\",\"breadcrumb\":{\"@id\":\"https:\\\/\\\/www.webdo.tn\\\/fr\\\/actualite\\\/national\\\/tunisie-une-marche-prevue-le-6-decembre-a-tunis-pour-denoncer-linjustice\\\/388847\\\/#breadcrumb\"},\"inLanguage\":\"fr-FR\",\"potentialAction\":[{\"@type\":\"ReadAction\",\"target\":[\"https:\\\/\\\/www.webdo.tn\\\/fr\\\/actualite\\\/national\\\/tunisie-une-marche-prevue-le-6-decembre-a-tunis-pour-denoncer-linjustice\\\/388847\\\/\"]}]},{\"@type\":\"ImageObject\",\"inLanguage\":\"fr-FR\",\"@id\":\"https:\\\/\\\/www.webdo.tn\\\/fr\\\/actualite\\\/national\\\/tunisie-une-marche-prevue-le-6-decembre-a-tunis-pour-denoncer-linjustice\\\/388847\\\/#primaryimage\",\"url\":\"https:\\\/\\\/www.webdo.tn\\\/fr\\\/wp-content\\\/uploads\\\/2025\\\/12\\\/une-marche-prevue-le-6-decembre-a-Tunis.jpg\",\"contentUrl\":\"https:\\\/\\\/www.webdo.tn\\\/fr\\\/wp-content\\\/uploads\\\/2025\\\/12\\\/une-marche-prevue-le-6-decembre-a-Tunis.jpg\",\"width\":1200,\"height\":600,\"caption\":\"Une marche pr\u00e9vue le 6 d\u00e9cembre \u00e0 Tunis pour d\u00e9noncer \u00ab l\u2019injustice \u00bb\"},{\"@type\":\"BreadcrumbList\",\"@id\":\"https:\\\/\\\/www.webdo.tn\\\/fr\\\/actualite\\\/national\\\/tunisie-une-marche-prevue-le-6-decembre-a-tunis-pour-denoncer-linjustice\\\/388847\\\/#breadcrumb\",\"itemListElement\":[{\"@type\":\"ListItem\",\"position\":1,\"name\":\"Accueil\",\"item\":\"https:\\\/\\\/www.webdo.tn\\\/fr\\\/\"},{\"@type\":\"ListItem\",\"position\":2,\"name\":\"Tunisie : une marche pr\u00e9vue le 6 d\u00e9cembre \u00e0 Tunis pour d\u00e9noncer \u00ab l\u2019injustice \u00bb\"}]},{\"@type\":\"WebSite\",\"@id\":\"https:\\\/\\\/www.webdo.tn\\\/fr\\\/#website\",\"url\":\"https:\\\/\\\/www.webdo.tn\\\/fr\\\/\",\"name\":\"webdo\",\"description\":\"Tunisie - News en Tunisie et \u00e0 l&#039;international sur Webdo.tn\",\"publisher\":{\"@id\":\"https:\\\/\\\/www.webdo.tn\\\/fr\\\/#organization\"},\"potentialAction\":[{\"@type\":\"SearchAction\",\"target\":{\"@type\":\"EntryPoint\",\"urlTemplate\":\"https:\\\/\\\/www.webdo.tn\\\/fr\\\/?s={search_term_string}\"},\"query-input\":{\"@type\":\"PropertyValueSpecification\",\"valueRequired\":true,\"valueName\":\"search_term_string\"}}],\"inLanguage\":\"fr-FR\"},{\"@type\":\"Organization\",\"@id\":\"https:\\\/\\\/www.webdo.tn\\\/fr\\\/#organization\",\"name\":\"Webdo\",\"alternateName\":\"Webdo.tn\",\"url\":\"https:\\\/\\\/www.webdo.tn\\\/fr\\\/\",\"logo\":{\"@type\":\"ImageObject\",\"inLanguage\":\"fr-FR\",\"@id\":\"https:\\\/\\\/www.webdo.tn\\\/fr\\\/#\\\/schema\\\/logo\\\/image\\\/\",\"url\":\"https:\\\/\\\/www.webdo.tn\\\/fr\\\/wp-content\\\/uploads\\\/2025\\\/06\\\/Webdo-Tunisie_168377.jpg\",\"contentUrl\":\"https:\\\/\\\/www.webdo.tn\\\/fr\\\/wp-content\\\/uploads\\\/2025\\\/06\\\/Webdo-Tunisie_168377.jpg\",\"width\":301,\"height\":301,\"caption\":\"Webdo\"},\"image\":{\"@id\":\"https:\\\/\\\/www.webdo.tn\\\/fr\\\/#\\\/schema\\\/logo\\\/image\\\/\"},\"sameAs\":[\"https:\\\/\\\/www.facebook.com\\\/webdotn\",\"https:\\\/\\\/x.com\\\/webdo_tn\"],\"description\":\"Webdo est un m\u00e9dia num\u00e9rique tunisien fond\u00e9 en 2010, sp\u00e9cialis\u00e9 dans l\u2019actualit\u00e9 nationale et internationale, l\u2019\u00e9conomie, la soci\u00e9t\u00e9 et les analyses politiques. Le site s\u2019adresse \u00e0 un large public francophone et couvre l\u2019information tunisienne en temps r\u00e9el.\",\"email\":\"redac@webdo.tn\",\"legalName\":\"YNJ SARL\",\"foundingDate\":\"2010-09-06\",\"numberOfEmployees\":{\"@type\":\"QuantitativeValue\",\"minValue\":\"11\",\"maxValue\":\"50\"}},{\"@type\":\"Person\",\"@id\":\"https:\\\/\\\/www.webdo.tn\\\/fr\\\/#\\\/schema\\\/person\\\/19664196c9bfdcda126f3c27709f7d11\",\"name\":\"Firas Ben Abdeltif\",\"image\":{\"@type\":\"ImageObject\",\"inLanguage\":\"fr-FR\",\"@id\":\"https:\\\/\\\/secure.gravatar.com\\\/avatar\\\/161a347d40df098a084778c52ed133dbd85f14df003867067c5948081241ec55?s=96&d=mm&r=g\",\"url\":\"https:\\\/\\\/secure.gravatar.com\\\/avatar\\\/161a347d40df098a084778c52ed133dbd85f14df003867067c5948081241ec55?s=96&d=mm&r=g\",\"contentUrl\":\"https:\\\/\\\/secure.gravatar.com\\\/avatar\\\/161a347d40df098a084778c52ed133dbd85f14df003867067c5948081241ec55?s=96&d=mm&r=g\",\"caption\":\"Firas Ben Abdeltif\"},\"url\":\"https:\\\/\\\/www.webdo.tn\\\/fr\\\/actualite\\\/author\\\/firas-ben-abdeltif\\\/\"}]}<\/script>\n<!-- \/ Yoast SEO Premium plugin. -->","yoast_head_json":{"title":"Tunisie : une marche pr\u00e9vue le 6 d\u00e9cembre \u00e0 Tunis pour d\u00e9noncer \u00ab l\u2019injustice \u00bb - webdo","description":"Partis politiques et organisations civiles se rassemblent \u00e0 Tunis le 6 d\u00e9cembre pour condamner l\u2019injustice et d\u00e9fendre les droits.","canonical":"https:\/\/www.webdo.tn\/fr\/actualite\/national\/tunisie-une-marche-prevue-le-6-decembre-a-tunis-pour-denoncer-linjustice\/388847\/","og_locale":"fr_FR","og_type":"article","og_title":"Tunisie : une marche pr\u00e9vue le 6 d\u00e9cembre \u00e0 Tunis pour d\u00e9noncer \u00ab l\u2019injustice \u00bb","og_description":"Partis politiques et organisations civiles se rassemblent \u00e0 Tunis le 6 d\u00e9cembre pour condamner l\u2019injustice et d\u00e9fendre les droits.","og_url":"https:\/\/www.webdo.tn\/fr\/actualite\/national\/tunisie-une-marche-prevue-le-6-decembre-a-tunis-pour-denoncer-linjustice\/388847\/","og_site_name":"webdo","article_publisher":"https:\/\/www.facebook.com\/webdotn","article_published_time":"2025-12-04T15:31:01+00:00","article_modified_time":"2025-12-04T17:33:00+00:00","og_image":[{"width":1200,"height":600,"url":"https:\/\/www.webdo.tn\/fr\/wp-content\/uploads\/2025\/12\/une-marche-prevue-le-6-decembre-a-Tunis.jpg","type":"image\/jpeg"}],"author":"Firas Ben Abdeltif","twitter_card":"summary_large_image","twitter_creator":"@webdo_tn","twitter_site":"@webdo_tn","twitter_misc":{"\u00c9crit par":"Firas Ben Abdeltif","Dur\u00e9e de lecture estim\u00e9e":"2 minutes"},"schema":{"@context":"https:\/\/schema.org","@graph":[{"@type":"NewsArticle","@id":"https:\/\/www.webdo.tn\/fr\/actualite\/national\/tunisie-une-marche-prevue-le-6-decembre-a-tunis-pour-denoncer-linjustice\/388847\/#article","isPartOf":{"@id":"https:\/\/www.webdo.tn\/fr\/actualite\/national\/tunisie-une-marche-prevue-le-6-decembre-a-tunis-pour-denoncer-linjustice\/388847\/"},"author":{"name":"Firas Ben Abdeltif","@id":"https:\/\/www.webdo.tn\/fr\/#\/schema\/person\/19664196c9bfdcda126f3c27709f7d11"},"headline":"Tunisie : une marche pr\u00e9vue le 6 d\u00e9cembre \u00e0 Tunis pour d\u00e9noncer \u00ab l\u2019injustice \u00bb","datePublished":"2025-12-04T15:31:01+00:00","dateModified":"2025-12-04T17:33:00+00:00","mainEntityOfPage":{"@id":"https:\/\/www.webdo.tn\/fr\/actualite\/national\/tunisie-une-marche-prevue-le-6-decembre-a-tunis-pour-denoncer-linjustice\/388847\/"},"wordCount":324,"publisher":{"@id":"https:\/\/www.webdo.tn\/fr\/#organization"},"image":{"@id":"https:\/\/www.webdo.tn\/fr\/actualite\/national\/tunisie-une-marche-prevue-le-6-decembre-a-tunis-pour-denoncer-linjustice\/388847\/#primaryimage"},"thumbnailUrl":"https:\/\/www.webdo.tn\/fr\/wp-content\/uploads\/2025\/12\/une-marche-prevue-le-6-decembre-a-Tunis.jpg","keywords":["marche","opposition","Tunis"],"articleSection":["National"],"inLanguage":"fr-FR"},{"@type":"WebPage","@id":"https:\/\/www.webdo.tn\/fr\/actualite\/national\/tunisie-une-marche-prevue-le-6-decembre-a-tunis-pour-denoncer-linjustice\/388847\/","url":"https:\/\/www.webdo.tn\/fr\/actualite\/national\/tunisie-une-marche-prevue-le-6-decembre-a-tunis-pour-denoncer-linjustice\/388847\/","name":"Tunisie : une marche pr\u00e9vue le 6 d\u00e9cembre \u00e0 Tunis pour d\u00e9noncer \u00ab l\u2019injustice \u00bb - webdo","isPartOf":{"@id":"https:\/\/www.webdo.tn\/fr\/#website"},"primaryImageOfPage":{"@id":"https:\/\/www.webdo.tn\/fr\/actualite\/national\/tunisie-une-marche-prevue-le-6-decembre-a-tunis-pour-denoncer-linjustice\/388847\/#primaryimage"},"image":{"@id":"https:\/\/www.webdo.tn\/fr\/actualite\/national\/tunisie-une-marche-prevue-le-6-decembre-a-tunis-pour-denoncer-linjustice\/388847\/#primaryimage"},"thumbnailUrl":"https:\/\/www.webdo.tn\/fr\/wp-content\/uploads\/2025\/12\/une-marche-prevue-le-6-decembre-a-Tunis.jpg","datePublished":"2025-12-04T15:31:01+00:00","dateModified":"2025-12-04T17:33:00+00:00","description":"Partis politiques et organisations civiles se rassemblent \u00e0 Tunis le 6 d\u00e9cembre pour condamner l\u2019injustice et d\u00e9fendre les droits.","breadcrumb":{"@id":"https:\/\/www.webdo.tn\/fr\/actualite\/national\/tunisie-une-marche-prevue-le-6-decembre-a-tunis-pour-denoncer-linjustice\/388847\/#breadcrumb"},"inLanguage":"fr-FR","potentialAction":[{"@type":"ReadAction","target":["https:\/\/www.webdo.tn\/fr\/actualite\/national\/tunisie-une-marche-prevue-le-6-decembre-a-tunis-pour-denoncer-linjustice\/388847\/"]}]},{"@type":"ImageObject","inLanguage":"fr-FR","@id":"https:\/\/www.webdo.tn\/fr\/actualite\/national\/tunisie-une-marche-prevue-le-6-decembre-a-tunis-pour-denoncer-linjustice\/388847\/#primaryimage","url":"https:\/\/www.webdo.tn\/fr\/wp-content\/uploads\/2025\/12\/une-marche-prevue-le-6-decembre-a-Tunis.jpg","contentUrl":"https:\/\/www.webdo.tn\/fr\/wp-content\/uploads\/2025\/12\/une-marche-prevue-le-6-decembre-a-Tunis.jpg","width":1200,"height":600,"caption":"Une marche pr\u00e9vue le 6 d\u00e9cembre \u00e0 Tunis pour d\u00e9noncer \u00ab l\u2019injustice \u00bb"},{"@type":"BreadcrumbList","@id":"https:\/\/www.webdo.tn\/fr\/actualite\/national\/tunisie-une-marche-prevue-le-6-decembre-a-tunis-pour-denoncer-linjustice\/388847\/#breadcrumb","itemListElement":[{"@type":"ListItem","position":1,"name":"Accueil","item":"https:\/\/www.webdo.tn\/fr\/"},{"@type":"ListItem","position":2,"name":"Tunisie : une marche pr\u00e9vue le 6 d\u00e9cembre \u00e0 Tunis pour d\u00e9noncer \u00ab l\u2019injustice \u00bb"}]},{"@type":"WebSite","@id":"https:\/\/www.webdo.tn\/fr\/#website","url":"https:\/\/www.webdo.tn\/fr\/","name":"webdo","description":"Tunisie - News en Tunisie et \u00e0 l&#039;international sur Webdo.tn","publisher":{"@id":"https:\/\/www.webdo.tn\/fr\/#organization"},"potentialAction":[{"@type":"SearchAction","target":{"@type":"EntryPoint","urlTemplate":"https:\/\/www.webdo.tn\/fr\/?s={search_term_string}"},"query-input":{"@type":"PropertyValueSpecification","valueRequired":true,"valueName":"search_term_string"}}],"inLanguage":"fr-FR"},{"@type":"Organization","@id":"https:\/\/www.webdo.tn\/fr\/#organization","name":"Webdo","alternateName":"Webdo.tn","url":"https:\/\/www.webdo.tn\/fr\/","logo":{"@type":"ImageObject","inLanguage":"fr-FR","@id":"https:\/\/www.webdo.tn\/fr\/#\/schema\/logo\/image\/","url":"https:\/\/www.webdo.tn\/fr\/wp-content\/uploads\/2025\/06\/Webdo-Tunisie_168377.jpg","contentUrl":"https:\/\/www.webdo.tn\/fr\/wp-content\/uploads\/2025\/06\/Webdo-Tunisie_168377.jpg","width":301,"height":301,"caption":"Webdo"},"image":{"@id":"https:\/\/www.webdo.tn\/fr\/#\/schema\/logo\/image\/"},"sameAs":["https:\/\/www.facebook.com\/webdotn","https:\/\/x.com\/webdo_tn"],"description":"Webdo est un m\u00e9dia num\u00e9rique tunisien fond\u00e9 en 2010, sp\u00e9cialis\u00e9 dans l\u2019actualit\u00e9 nationale et internationale, l\u2019\u00e9conomie, la soci\u00e9t\u00e9 et les analyses politiques. Le site s\u2019adresse \u00e0 un large public francophone et couvre l\u2019information tunisienne en temps r\u00e9el.","email":"redac@webdo.tn","legalName":"YNJ SARL","foundingDate":"2010-09-06","numberOfEmployees":{"@type":"QuantitativeValue","minValue":"11","maxValue":"50"}},{"@type":"Person","@id":"https:\/\/www.webdo.tn\/fr\/#\/schema\/person\/19664196c9bfdcda126f3c27709f7d11","name":"Firas Ben Abdeltif","image":{"@type":"ImageObject","inLanguage":"fr-FR","@id":"https:\/\/secure.gravatar.com\/avatar\/161a347d40df098a084778c52ed133dbd85f14df003867067c5948081241ec55?s=96&d=mm&r=g","url":"https:\/\/secure.gravatar.com\/avatar\/161a347d40df098a084778c52ed133dbd85f14df003867067c5948081241ec55?s=96&d=mm&r=g","contentUrl":"https:\/\/secure.gravatar.com\/avatar\/161a347d40df098a084778c52ed133dbd85f14df003867067c5948081241ec55?s=96&d=mm&r=g","caption":"Firas Ben Abdeltif"},"url":"https:\/\/www.webdo.tn\/fr\/actualite\/author\/firas-ben-abdeltif\/"}]}},"_links":{"self":[{"href":"https:\/\/www.webdo.tn\/fr\/wp-json\/wp\/v2\/posts\/388847","targetHints":{"allow":["GET"]}}],"collection":[{"href":"https:\/\/www.webdo.tn\/fr\/wp-json\/wp\/v2\/posts"}],"about":[{"href":"https:\/\/www.webdo.tn\/fr\/wp-json\/wp\/v2\/types\/post"}],"author":[{"embeddable":true,"href":"https:\/\/www.webdo.tn\/fr\/wp-json\/wp\/v2\/users\/4779"}],"replies":[{"embeddable":true,"href":"https:\/\/www.webdo.tn\/fr\/wp-json\/wp\/v2\/comments?post=388847"}],"version-history":[{"count":0,"href":"https:\/\/www.webdo.tn\/fr\/wp-json\/wp\/v2\/posts\/388847\/revisions"}],"wp:featuredmedia":[{"embeddable":true,"href":"https:\/\/www.webdo.tn\/fr\/wp-json\/wp\/v2\/media\/388849"}],"wp:attachment":[{"href":"https:\/\/www.webdo.tn\/fr\/wp-json\/wp\/v2\/media?parent=388847"}],"wp:term":[{"taxonomy":"category","embeddable":true,"href":"https:\/\/www.webdo.tn\/fr\/wp-json\/wp\/v2\/categories?post=388847"},{"taxonomy":"post_tag","embeddable":true,"href":"https:\/\/www.webdo.tn\/fr\/wp-json\/wp\/v2\/tags?post=388847"}],"curies":[{"name":"wp","href":"https:\/\/api.w.org\/{rel}","templated":true}]}}