{"id":388780,"date":"2025-12-03T13:04:56","date_gmt":"2025-12-03T12:04:56","guid":{"rendered":"https:\/\/www.webdo.tn\/fr\/?p=388780"},"modified":"2025-12-03T19:17:48","modified_gmt":"2025-12-03T18:17:48","slug":"tunisie-majoration-salariales-un-depute-devoile-un-taux-en-deca-des-attentes","status":"publish","type":"post","link":"https:\/\/www.webdo.tn\/fr\/actualite\/national\/tunisie-majoration-salariales-un-depute-devoile-un-taux-en-deca-des-attentes\/388780\/","title":{"rendered":"Tunisie &#8211; Majorations salariales : Un d\u00e9put\u00e9 d\u00e9voile un taux en de\u00e7\u00e0 des attentes"},"content":{"rendered":"\n<p>Le taux des augmentations salariales et des pensions pr\u00e9vu dans le projet de loi de finances 2026 ne d\u00e9passera pas les 3,8 % pour les ann\u00e9es 2026, 2027 et 2028, a r\u00e9v\u00e9l\u00e9 Yasser Kourari, pr\u00e9sident de la Commission de la l\u00e9gislation g\u00e9n\u00e9rale au parlement. <\/p>\n\n\n\n<p>Invit\u00e9 ce mercredi 3 d\u00e9cembre 2025 sur la Radio nationale, il a expliqu\u00e9 que cette estimation d\u00e9coule des donn\u00e9es mises \u00e0 la disposition des d\u00e9put\u00e9s.<\/p>\n\n\n\n<p>Selon Kourari, plusieurs \u00e9lus avaient propos\u00e9 une hausse de 7 %, l\u00e9g\u00e8rement sup\u00e9rieure au taux d\u2019inflation, mais cette option a \u00e9t\u00e9 rejet\u00e9e. Il a exprim\u00e9 l\u2019espoir que ce pourcentage soit r\u00e9introduit par les membres du Conseil des r\u00e9gions et des districts.<\/p>\n\n\n\n<p>Le d\u00e9put\u00e9 a jug\u00e9 que la hausse de 3,8 % reste tr\u00e8s faible et ne r\u00e9pond pas \u00e0 l\u2019\u00e9rosion continue du pouvoir d\u2019achat des Tunisiens face \u00e0 la progression du co\u00fbt de la vie et de l\u2019inflation.<\/p>\n\n\n\n<p>Kourari a affirm\u00e9 que son bloc parlementaire d\u00e9fendra le r\u00e9tablissement de l\u2019article 50, relatif \u00e0 l\u2019imp\u00f4t sur la fortune, ainsi que la proposition d\u2019une augmentation de 7 % des salaires et des pensions. Il a rappel\u00e9 que la ministre des Finances, Mechkat Khaldi Salama, s\u2019est engag\u00e9e \u00e0 pr\u00e9senter une nouvelle version de l\u2019article 50 fond\u00e9e sur l\u2019article 112.<\/p>\n\n\n\n<h2 class=\"wp-block-heading\" id=\"h-saied-detaille-son-choix-social\">Saied d\u00e9taille son choix social <\/h2>\n\n\n\n<p>Le pr\u00e9sident de la R\u00e9publique, Kais Sa\u00efed, avait remis au premier plan une question devenue explosive : l\u2019augmentation des salaires. Une mesure inscrite dans le projet de loi de finances de l\u2019ann\u00e9e prochaine et que le chef de l\u2019\u00c9tat pr\u00e9sente comme un choix assum\u00e9, loin d\u2019\u00eatre une exception ou un luxe dans le contexte actuel.<\/p>\n\n\n\n<p>Le pr\u00e9sident a rappel\u00e9 que la hausse des r\u00e9mun\u00e9rations s\u2019inscrit dans la continuit\u00e9 d\u2019une tradition de l\u2019\u00c9tat tunisien. Selon lui, les lois de finances de 1973 \u00e0 1976 comportaient d\u00e9j\u00e0 des m\u00e9canismes similaires, preuve que l\u2019ajustement salarial n\u2019est ni in\u00e9dit ni d\u00e9raisonnable, mais rel\u00e8ve d\u2019une logique sociale affirm\u00e9e. Dans sa vision, un \u00c9tat social doit prendre ses responsabilit\u00e9s pour garantir la dignit\u00e9 et l\u2019\u00e9quit\u00e9, surtout dans une conjoncture o\u00f9 le pouvoir d\u2019achat s\u2019\u00e9rode et o\u00f9 les disparit\u00e9s r\u00e9gionales persistent.<\/p>\n\n\n\n<p><\/p>\n\n\n\n<blockquote class=\"wp-block-quote is-layout-flow wp-block-quote-is-layout-flow\">\n<blockquote class=\"wp-block-quote is-layout-flow wp-block-quote-is-layout-flow\">\n<p>Lire aussi<\/p>\n\n\n\n<ul class=\"wp-block-list\">\n<li><a href=\"https:\/\/www.webdo.tn\/fr\/actualite\/national\/tunisie-plf-2026-ouverture-des-recrutements-dans-la-fonction-publique\/385732\/\">Tunisie \u2013 PLF 2026 : Ouverture des recrutements dans la fonction publique<\/a><\/li>\n\n\n\n<li><a href=\"https:\/\/www.webdo.tn\/fr\/actualite\/national\/budget-2026-hausse-des-salaires-retraites-revalorisees-et-impot-sur-la-fortune\/385713\/\">Budget 2026 : Hausse des salaires, retraites revaloris\u00e9es et imp\u00f4t sur la fortune<\/a><\/li>\n\n\n\n<li><a href=\"https:\/\/www.webdo.tn\/fr\/actualite\/national\/budget-2026-525-milliards-de-dinars-de-recettes-et-6357-milliards-de-depenses\/385709\/\">Budget 2026 : 52,5 milliards de dinars de recettes et 63,57 milliards de d\u00e9penses<\/a><\/li>\n<\/ul>\n<\/blockquote>\n<\/blockquote>\n","protected":false},"excerpt":{"rendered":"<p>Le taux des augmentations salariales et des pensions pr\u00e9vu dans le projet de loi de finances 2026 ne d\u00e9passera pas les 3,8 % pour les ann\u00e9es 2026, 2027 et 2028, a r\u00e9v\u00e9l\u00e9 Yasser Kourari, pr\u00e9sident de la Commission de la l\u00e9gislation g\u00e9n\u00e9rale au parlement. Invit\u00e9 ce mercredi 3 d\u00e9cembre 2025 sur la Radio nationale, il [&hellip;]<\/p>\n","protected":false},"author":3184,"featured_media":388778,"comment_status":"closed","ping_status":"closed","sticky":false,"template":"","format":"standard","meta":{"footnotes":""},"categories":[44],"tags":[6570,6686,4896,2608],"class_list":["post-388780","post","type-post","status-publish","format-standard","has-post-thumbnail","hentry","category-national","tag-augmentations","tag-salaires","tag-taux","tag-tunisie"],"yoast_head":"<!-- This site is optimized with the Yoast SEO Premium plugin v27.4 (Yoast SEO v27.4) - https:\/\/yoast.com\/product\/yoast-seo-premium-wordpress\/ -->\n<title>Tunisie - Majorations salariales : Un d\u00e9put\u00e9 d\u00e9voile un taux en de\u00e7\u00e0 des attentes - webdo<\/title>\n<meta name=\"description\" content=\"D\u00e9couvrez les pr\u00e9visions des salaires dans le projet de loi de finances 2026, avec un taux maximum de 3,8 %.\" \/>\n<link rel=\"canonical\" href=\"https:\/\/www.webdo.tn\/fr\/actualite\/national\/tunisie-majoration-salariales-un-depute-devoile-un-taux-en-deca-des-attentes\/388780\/\" \/>\n<meta property=\"og:locale\" content=\"fr_FR\" \/>\n<meta property=\"og:type\" content=\"article\" \/>\n<meta property=\"og:title\" content=\"Tunisie - Majorations salariales : Un d\u00e9put\u00e9 d\u00e9voile un taux en de\u00e7\u00e0 des attentes\" \/>\n<meta property=\"og:description\" content=\"D\u00e9couvrez les pr\u00e9visions des salaires dans le projet de loi de finances 2026, avec un taux maximum de 3,8 %.\" \/>\n<meta property=\"og:url\" content=\"https:\/\/www.webdo.tn\/fr\/actualite\/national\/tunisie-majoration-salariales-un-depute-devoile-un-taux-en-deca-des-attentes\/388780\/\" \/>\n<meta property=\"og:site_name\" content=\"webdo\" \/>\n<meta property=\"article:publisher\" content=\"https:\/\/www.facebook.com\/webdotn\" \/>\n<meta property=\"article:published_time\" content=\"2025-12-03T12:04:56+00:00\" \/>\n<meta property=\"article:modified_time\" content=\"2025-12-03T18:17:48+00:00\" \/>\n<meta property=\"og:image\" content=\"https:\/\/www.webdo.tn\/fr\/wp-content\/uploads\/2025\/12\/ARP.jpg\" \/>\n\t<meta property=\"og:image:width\" content=\"1200\" \/>\n\t<meta property=\"og:image:height\" content=\"613\" \/>\n\t<meta property=\"og:image:type\" content=\"image\/jpeg\" \/>\n<meta name=\"author\" content=\"Wided Belhaj\" \/>\n<meta name=\"twitter:card\" content=\"summary_large_image\" \/>\n<meta name=\"twitter:creator\" content=\"@webdo_tn\" \/>\n<meta name=\"twitter:site\" content=\"@webdo_tn\" \/>\n<meta name=\"twitter:label1\" content=\"\u00c9crit par\" \/>\n\t<meta name=\"twitter:data1\" content=\"Wided Belhaj\" \/>\n\t<meta name=\"twitter:label2\" content=\"Dur\u00e9e de lecture estim\u00e9e\" \/>\n\t<meta name=\"twitter:data2\" content=\"1 minute\" \/>\n<script type=\"application\/ld+json\" class=\"yoast-schema-graph\">{\"@context\":\"https:\\\/\\\/schema.org\",\"@graph\":[{\"@type\":\"NewsArticle\",\"@id\":\"https:\\\/\\\/www.webdo.tn\\\/fr\\\/actualite\\\/national\\\/tunisie-majoration-salariales-un-depute-devoile-un-taux-en-deca-des-attentes\\\/388780\\\/#article\",\"isPartOf\":{\"@id\":\"https:\\\/\\\/www.webdo.tn\\\/fr\\\/actualite\\\/national\\\/tunisie-majoration-salariales-un-depute-devoile-un-taux-en-deca-des-attentes\\\/388780\\\/\"},\"author\":{\"name\":\"Wided Belhaj\",\"@id\":\"https:\\\/\\\/www.webdo.tn\\\/fr\\\/#\\\/schema\\\/person\\\/b9ecde7a5574cb4fcf4b496ea5fadb15\"},\"headline\":\"Tunisie &#8211; Majorations salariales : Un d\u00e9put\u00e9 d\u00e9voile un taux en de\u00e7\u00e0 des attentes\",\"datePublished\":\"2025-12-03T12:04:56+00:00\",\"dateModified\":\"2025-12-03T18:17:48+00:00\",\"mainEntityOfPage\":{\"@id\":\"https:\\\/\\\/www.webdo.tn\\\/fr\\\/actualite\\\/national\\\/tunisie-majoration-salariales-un-depute-devoile-un-taux-en-deca-des-attentes\\\/388780\\\/\"},\"wordCount\":440,\"publisher\":{\"@id\":\"https:\\\/\\\/www.webdo.tn\\\/fr\\\/#organization\"},\"image\":{\"@id\":\"https:\\\/\\\/www.webdo.tn\\\/fr\\\/actualite\\\/national\\\/tunisie-majoration-salariales-un-depute-devoile-un-taux-en-deca-des-attentes\\\/388780\\\/#primaryimage\"},\"thumbnailUrl\":\"https:\\\/\\\/www.webdo.tn\\\/fr\\\/wp-content\\\/uploads\\\/2025\\\/12\\\/ARP.jpg\",\"keywords\":[\"Augmentations\",\"Salaires\",\"taux\",\"Tunisie\"],\"articleSection\":[\"National\"],\"inLanguage\":\"fr-FR\"},{\"@type\":\"WebPage\",\"@id\":\"https:\\\/\\\/www.webdo.tn\\\/fr\\\/actualite\\\/national\\\/tunisie-majoration-salariales-un-depute-devoile-un-taux-en-deca-des-attentes\\\/388780\\\/\",\"url\":\"https:\\\/\\\/www.webdo.tn\\\/fr\\\/actualite\\\/national\\\/tunisie-majoration-salariales-un-depute-devoile-un-taux-en-deca-des-attentes\\\/388780\\\/\",\"name\":\"Tunisie - Majorations salariales : Un d\u00e9put\u00e9 d\u00e9voile un taux en de\u00e7\u00e0 des attentes - webdo\",\"isPartOf\":{\"@id\":\"https:\\\/\\\/www.webdo.tn\\\/fr\\\/#website\"},\"primaryImageOfPage\":{\"@id\":\"https:\\\/\\\/www.webdo.tn\\\/fr\\\/actualite\\\/national\\\/tunisie-majoration-salariales-un-depute-devoile-un-taux-en-deca-des-attentes\\\/388780\\\/#primaryimage\"},\"image\":{\"@id\":\"https:\\\/\\\/www.webdo.tn\\\/fr\\\/actualite\\\/national\\\/tunisie-majoration-salariales-un-depute-devoile-un-taux-en-deca-des-attentes\\\/388780\\\/#primaryimage\"},\"thumbnailUrl\":\"https:\\\/\\\/www.webdo.tn\\\/fr\\\/wp-content\\\/uploads\\\/2025\\\/12\\\/ARP.jpg\",\"datePublished\":\"2025-12-03T12:04:56+00:00\",\"dateModified\":\"2025-12-03T18:17:48+00:00\",\"description\":\"D\u00e9couvrez les pr\u00e9visions des salaires dans le projet de loi de finances 2026, avec un taux maximum de 3,8 %.\",\"breadcrumb\":{\"@id\":\"https:\\\/\\\/www.webdo.tn\\\/fr\\\/actualite\\\/national\\\/tunisie-majoration-salariales-un-depute-devoile-un-taux-en-deca-des-attentes\\\/388780\\\/#breadcrumb\"},\"inLanguage\":\"fr-FR\",\"potentialAction\":[{\"@type\":\"ReadAction\",\"target\":[\"https:\\\/\\\/www.webdo.tn\\\/fr\\\/actualite\\\/national\\\/tunisie-majoration-salariales-un-depute-devoile-un-taux-en-deca-des-attentes\\\/388780\\\/\"]}]},{\"@type\":\"ImageObject\",\"inLanguage\":\"fr-FR\",\"@id\":\"https:\\\/\\\/www.webdo.tn\\\/fr\\\/actualite\\\/national\\\/tunisie-majoration-salariales-un-depute-devoile-un-taux-en-deca-des-attentes\\\/388780\\\/#primaryimage\",\"url\":\"https:\\\/\\\/www.webdo.tn\\\/fr\\\/wp-content\\\/uploads\\\/2025\\\/12\\\/ARP.jpg\",\"contentUrl\":\"https:\\\/\\\/www.webdo.tn\\\/fr\\\/wp-content\\\/uploads\\\/2025\\\/12\\\/ARP.jpg\",\"width\":1200,\"height\":613,\"caption\":\"Audition parlementaire sur la retraite anticip\u00e9e volontaire des femmes dans le priv\u00e9\"},{\"@type\":\"BreadcrumbList\",\"@id\":\"https:\\\/\\\/www.webdo.tn\\\/fr\\\/actualite\\\/national\\\/tunisie-majoration-salariales-un-depute-devoile-un-taux-en-deca-des-attentes\\\/388780\\\/#breadcrumb\",\"itemListElement\":[{\"@type\":\"ListItem\",\"position\":1,\"name\":\"Accueil\",\"item\":\"https:\\\/\\\/www.webdo.tn\\\/fr\\\/\"},{\"@type\":\"ListItem\",\"position\":2,\"name\":\"Tunisie &#8211; Majorations salariales : Un d\u00e9put\u00e9 d\u00e9voile un taux en de\u00e7\u00e0 des attentes\"}]},{\"@type\":\"WebSite\",\"@id\":\"https:\\\/\\\/www.webdo.tn\\\/fr\\\/#website\",\"url\":\"https:\\\/\\\/www.webdo.tn\\\/fr\\\/\",\"name\":\"webdo\",\"description\":\"Tunisie - News en Tunisie et \u00e0 l&#039;international sur Webdo.tn\",\"publisher\":{\"@id\":\"https:\\\/\\\/www.webdo.tn\\\/fr\\\/#organization\"},\"potentialAction\":[{\"@type\":\"SearchAction\",\"target\":{\"@type\":\"EntryPoint\",\"urlTemplate\":\"https:\\\/\\\/www.webdo.tn\\\/fr\\\/?s={search_term_string}\"},\"query-input\":{\"@type\":\"PropertyValueSpecification\",\"valueRequired\":true,\"valueName\":\"search_term_string\"}}],\"inLanguage\":\"fr-FR\"},{\"@type\":\"Organization\",\"@id\":\"https:\\\/\\\/www.webdo.tn\\\/fr\\\/#organization\",\"name\":\"Webdo\",\"alternateName\":\"Webdo.tn\",\"url\":\"https:\\\/\\\/www.webdo.tn\\\/fr\\\/\",\"logo\":{\"@type\":\"ImageObject\",\"inLanguage\":\"fr-FR\",\"@id\":\"https:\\\/\\\/www.webdo.tn\\\/fr\\\/#\\\/schema\\\/logo\\\/image\\\/\",\"url\":\"https:\\\/\\\/www.webdo.tn\\\/fr\\\/wp-content\\\/uploads\\\/2025\\\/06\\\/Webdo-Tunisie_168377.jpg\",\"contentUrl\":\"https:\\\/\\\/www.webdo.tn\\\/fr\\\/wp-content\\\/uploads\\\/2025\\\/06\\\/Webdo-Tunisie_168377.jpg\",\"width\":301,\"height\":301,\"caption\":\"Webdo\"},\"image\":{\"@id\":\"https:\\\/\\\/www.webdo.tn\\\/fr\\\/#\\\/schema\\\/logo\\\/image\\\/\"},\"sameAs\":[\"https:\\\/\\\/www.facebook.com\\\/webdotn\",\"https:\\\/\\\/x.com\\\/webdo_tn\"],\"description\":\"Webdo est un m\u00e9dia num\u00e9rique tunisien fond\u00e9 en 2010, sp\u00e9cialis\u00e9 dans l\u2019actualit\u00e9 nationale et internationale, l\u2019\u00e9conomie, la soci\u00e9t\u00e9 et les analyses politiques. Le site s\u2019adresse \u00e0 un large public francophone et couvre l\u2019information tunisienne en temps r\u00e9el.\",\"email\":\"redac@webdo.tn\",\"legalName\":\"YNJ SARL\",\"foundingDate\":\"2010-09-06\",\"numberOfEmployees\":{\"@type\":\"QuantitativeValue\",\"minValue\":\"11\",\"maxValue\":\"50\"}},{\"@type\":\"Person\",\"@id\":\"https:\\\/\\\/www.webdo.tn\\\/fr\\\/#\\\/schema\\\/person\\\/b9ecde7a5574cb4fcf4b496ea5fadb15\",\"name\":\"Wided Belhaj\",\"image\":{\"@type\":\"ImageObject\",\"inLanguage\":\"fr-FR\",\"@id\":\"https:\\\/\\\/www.webdo.tn\\\/fr\\\/wp-content\\\/uploads\\\/2026\\\/04\\\/wided-belhaj_avatar-96x96.jpg\",\"url\":\"https:\\\/\\\/www.webdo.tn\\\/fr\\\/wp-content\\\/uploads\\\/2026\\\/04\\\/wided-belhaj_avatar-96x96.jpg\",\"contentUrl\":\"https:\\\/\\\/www.webdo.tn\\\/fr\\\/wp-content\\\/uploads\\\/2026\\\/04\\\/wided-belhaj_avatar-96x96.jpg\",\"caption\":\"Wided Belhaj\"},\"description\":\"Wided Belhaj est le pseudonyme \u00e9ditorial utilis\u00e9 par Khalil Jelassi, journaliste, ma\u00eetre-assistant \u00e0 l\u2019Institut de presse et des sciences de l\u2019information (IPSI) et chercheur en sciences de l\u2019information et de la communication. Cette signature est d\u00e9di\u00e9e \u00e0 l\u2019analyse des m\u00e9dias, des pratiques journalistiques et des mutations de l\u2019information \u00e0 l\u2019\u00e8re digitale. \u00c0 travers ses contributions, Wided Belhaj propose une lecture analytique de l\u2019actualit\u00e9, en croisant regard critique et expertise acad\u00e9mique.\",\"knowsAbout\":[\"m\u00e9dias\",\"journalisme\",\"communication\",\"information\",\"transformation num\u00e9rique\",\"analyse des m\u00e9dias\"],\"knowsLanguage\":[\"Fran\u00e7ais\",\"Arabe\"],\"jobTitle\":\"Webdo.tn\",\"worksFor\":\"Journaliste \u2013 Analyse des m\u00e9dias\",\"url\":\"https:\\\/\\\/www.webdo.tn\\\/fr\\\/actualite\\\/author\\\/wided-belhaj\\\/\"}]}<\/script>\n<!-- \/ Yoast SEO Premium plugin. -->","yoast_head_json":{"title":"Tunisie - Majorations salariales : Un d\u00e9put\u00e9 d\u00e9voile un taux en de\u00e7\u00e0 des attentes - webdo","description":"D\u00e9couvrez les pr\u00e9visions des salaires dans le projet de loi de finances 2026, avec un taux maximum de 3,8 %.","canonical":"https:\/\/www.webdo.tn\/fr\/actualite\/national\/tunisie-majoration-salariales-un-depute-devoile-un-taux-en-deca-des-attentes\/388780\/","og_locale":"fr_FR","og_type":"article","og_title":"Tunisie - Majorations salariales : Un d\u00e9put\u00e9 d\u00e9voile un taux en de\u00e7\u00e0 des attentes","og_description":"D\u00e9couvrez les pr\u00e9visions des salaires dans le projet de loi de finances 2026, avec un taux maximum de 3,8 %.","og_url":"https:\/\/www.webdo.tn\/fr\/actualite\/national\/tunisie-majoration-salariales-un-depute-devoile-un-taux-en-deca-des-attentes\/388780\/","og_site_name":"webdo","article_publisher":"https:\/\/www.facebook.com\/webdotn","article_published_time":"2025-12-03T12:04:56+00:00","article_modified_time":"2025-12-03T18:17:48+00:00","og_image":[{"width":1200,"height":613,"url":"https:\/\/www.webdo.tn\/fr\/wp-content\/uploads\/2025\/12\/ARP.jpg","type":"image\/jpeg"}],"author":"Wided Belhaj","twitter_card":"summary_large_image","twitter_creator":"@webdo_tn","twitter_site":"@webdo_tn","twitter_misc":{"\u00c9crit par":"Wided Belhaj","Dur\u00e9e de lecture estim\u00e9e":"1 minute"},"schema":{"@context":"https:\/\/schema.org","@graph":[{"@type":"NewsArticle","@id":"https:\/\/www.webdo.tn\/fr\/actualite\/national\/tunisie-majoration-salariales-un-depute-devoile-un-taux-en-deca-des-attentes\/388780\/#article","isPartOf":{"@id":"https:\/\/www.webdo.tn\/fr\/actualite\/national\/tunisie-majoration-salariales-un-depute-devoile-un-taux-en-deca-des-attentes\/388780\/"},"author":{"name":"Wided Belhaj","@id":"https:\/\/www.webdo.tn\/fr\/#\/schema\/person\/b9ecde7a5574cb4fcf4b496ea5fadb15"},"headline":"Tunisie &#8211; Majorations salariales : Un d\u00e9put\u00e9 d\u00e9voile un taux en de\u00e7\u00e0 des attentes","datePublished":"2025-12-03T12:04:56+00:00","dateModified":"2025-12-03T18:17:48+00:00","mainEntityOfPage":{"@id":"https:\/\/www.webdo.tn\/fr\/actualite\/national\/tunisie-majoration-salariales-un-depute-devoile-un-taux-en-deca-des-attentes\/388780\/"},"wordCount":440,"publisher":{"@id":"https:\/\/www.webdo.tn\/fr\/#organization"},"image":{"@id":"https:\/\/www.webdo.tn\/fr\/actualite\/national\/tunisie-majoration-salariales-un-depute-devoile-un-taux-en-deca-des-attentes\/388780\/#primaryimage"},"thumbnailUrl":"https:\/\/www.webdo.tn\/fr\/wp-content\/uploads\/2025\/12\/ARP.jpg","keywords":["Augmentations","Salaires","taux","Tunisie"],"articleSection":["National"],"inLanguage":"fr-FR"},{"@type":"WebPage","@id":"https:\/\/www.webdo.tn\/fr\/actualite\/national\/tunisie-majoration-salariales-un-depute-devoile-un-taux-en-deca-des-attentes\/388780\/","url":"https:\/\/www.webdo.tn\/fr\/actualite\/national\/tunisie-majoration-salariales-un-depute-devoile-un-taux-en-deca-des-attentes\/388780\/","name":"Tunisie - Majorations salariales : Un d\u00e9put\u00e9 d\u00e9voile un taux en de\u00e7\u00e0 des attentes - webdo","isPartOf":{"@id":"https:\/\/www.webdo.tn\/fr\/#website"},"primaryImageOfPage":{"@id":"https:\/\/www.webdo.tn\/fr\/actualite\/national\/tunisie-majoration-salariales-un-depute-devoile-un-taux-en-deca-des-attentes\/388780\/#primaryimage"},"image":{"@id":"https:\/\/www.webdo.tn\/fr\/actualite\/national\/tunisie-majoration-salariales-un-depute-devoile-un-taux-en-deca-des-attentes\/388780\/#primaryimage"},"thumbnailUrl":"https:\/\/www.webdo.tn\/fr\/wp-content\/uploads\/2025\/12\/ARP.jpg","datePublished":"2025-12-03T12:04:56+00:00","dateModified":"2025-12-03T18:17:48+00:00","description":"D\u00e9couvrez les pr\u00e9visions des salaires dans le projet de loi de finances 2026, avec un taux maximum de 3,8 %.","breadcrumb":{"@id":"https:\/\/www.webdo.tn\/fr\/actualite\/national\/tunisie-majoration-salariales-un-depute-devoile-un-taux-en-deca-des-attentes\/388780\/#breadcrumb"},"inLanguage":"fr-FR","potentialAction":[{"@type":"ReadAction","target":["https:\/\/www.webdo.tn\/fr\/actualite\/national\/tunisie-majoration-salariales-un-depute-devoile-un-taux-en-deca-des-attentes\/388780\/"]}]},{"@type":"ImageObject","inLanguage":"fr-FR","@id":"https:\/\/www.webdo.tn\/fr\/actualite\/national\/tunisie-majoration-salariales-un-depute-devoile-un-taux-en-deca-des-attentes\/388780\/#primaryimage","url":"https:\/\/www.webdo.tn\/fr\/wp-content\/uploads\/2025\/12\/ARP.jpg","contentUrl":"https:\/\/www.webdo.tn\/fr\/wp-content\/uploads\/2025\/12\/ARP.jpg","width":1200,"height":613,"caption":"Audition parlementaire sur la retraite anticip\u00e9e volontaire des femmes dans le priv\u00e9"},{"@type":"BreadcrumbList","@id":"https:\/\/www.webdo.tn\/fr\/actualite\/national\/tunisie-majoration-salariales-un-depute-devoile-un-taux-en-deca-des-attentes\/388780\/#breadcrumb","itemListElement":[{"@type":"ListItem","position":1,"name":"Accueil","item":"https:\/\/www.webdo.tn\/fr\/"},{"@type":"ListItem","position":2,"name":"Tunisie &#8211; Majorations salariales : Un d\u00e9put\u00e9 d\u00e9voile un taux en de\u00e7\u00e0 des attentes"}]},{"@type":"WebSite","@id":"https:\/\/www.webdo.tn\/fr\/#website","url":"https:\/\/www.webdo.tn\/fr\/","name":"webdo","description":"Tunisie - News en Tunisie et \u00e0 l&#039;international sur Webdo.tn","publisher":{"@id":"https:\/\/www.webdo.tn\/fr\/#organization"},"potentialAction":[{"@type":"SearchAction","target":{"@type":"EntryPoint","urlTemplate":"https:\/\/www.webdo.tn\/fr\/?s={search_term_string}"},"query-input":{"@type":"PropertyValueSpecification","valueRequired":true,"valueName":"search_term_string"}}],"inLanguage":"fr-FR"},{"@type":"Organization","@id":"https:\/\/www.webdo.tn\/fr\/#organization","name":"Webdo","alternateName":"Webdo.tn","url":"https:\/\/www.webdo.tn\/fr\/","logo":{"@type":"ImageObject","inLanguage":"fr-FR","@id":"https:\/\/www.webdo.tn\/fr\/#\/schema\/logo\/image\/","url":"https:\/\/www.webdo.tn\/fr\/wp-content\/uploads\/2025\/06\/Webdo-Tunisie_168377.jpg","contentUrl":"https:\/\/www.webdo.tn\/fr\/wp-content\/uploads\/2025\/06\/Webdo-Tunisie_168377.jpg","width":301,"height":301,"caption":"Webdo"},"image":{"@id":"https:\/\/www.webdo.tn\/fr\/#\/schema\/logo\/image\/"},"sameAs":["https:\/\/www.facebook.com\/webdotn","https:\/\/x.com\/webdo_tn"],"description":"Webdo est un m\u00e9dia num\u00e9rique tunisien fond\u00e9 en 2010, sp\u00e9cialis\u00e9 dans l\u2019actualit\u00e9 nationale et internationale, l\u2019\u00e9conomie, la soci\u00e9t\u00e9 et les analyses politiques. Le site s\u2019adresse \u00e0 un large public francophone et couvre l\u2019information tunisienne en temps r\u00e9el.","email":"redac@webdo.tn","legalName":"YNJ SARL","foundingDate":"2010-09-06","numberOfEmployees":{"@type":"QuantitativeValue","minValue":"11","maxValue":"50"}},{"@type":"Person","@id":"https:\/\/www.webdo.tn\/fr\/#\/schema\/person\/b9ecde7a5574cb4fcf4b496ea5fadb15","name":"Wided Belhaj","image":{"@type":"ImageObject","inLanguage":"fr-FR","@id":"https:\/\/www.webdo.tn\/fr\/wp-content\/uploads\/2026\/04\/wided-belhaj_avatar-96x96.jpg","url":"https:\/\/www.webdo.tn\/fr\/wp-content\/uploads\/2026\/04\/wided-belhaj_avatar-96x96.jpg","contentUrl":"https:\/\/www.webdo.tn\/fr\/wp-content\/uploads\/2026\/04\/wided-belhaj_avatar-96x96.jpg","caption":"Wided Belhaj"},"description":"Wided Belhaj est le pseudonyme \u00e9ditorial utilis\u00e9 par Khalil Jelassi, journaliste, ma\u00eetre-assistant \u00e0 l\u2019Institut de presse et des sciences de l\u2019information (IPSI) et chercheur en sciences de l\u2019information et de la communication. Cette signature est d\u00e9di\u00e9e \u00e0 l\u2019analyse des m\u00e9dias, des pratiques journalistiques et des mutations de l\u2019information \u00e0 l\u2019\u00e8re digitale. \u00c0 travers ses contributions, Wided Belhaj propose une lecture analytique de l\u2019actualit\u00e9, en croisant regard critique et expertise acad\u00e9mique.","knowsAbout":["m\u00e9dias","journalisme","communication","information","transformation num\u00e9rique","analyse des m\u00e9dias"],"knowsLanguage":["Fran\u00e7ais","Arabe"],"jobTitle":"Webdo.tn","worksFor":"Journaliste \u2013 Analyse des m\u00e9dias","url":"https:\/\/www.webdo.tn\/fr\/actualite\/author\/wided-belhaj\/"}]}},"_links":{"self":[{"href":"https:\/\/www.webdo.tn\/fr\/wp-json\/wp\/v2\/posts\/388780","targetHints":{"allow":["GET"]}}],"collection":[{"href":"https:\/\/www.webdo.tn\/fr\/wp-json\/wp\/v2\/posts"}],"about":[{"href":"https:\/\/www.webdo.tn\/fr\/wp-json\/wp\/v2\/types\/post"}],"author":[{"embeddable":true,"href":"https:\/\/www.webdo.tn\/fr\/wp-json\/wp\/v2\/users\/3184"}],"replies":[{"embeddable":true,"href":"https:\/\/www.webdo.tn\/fr\/wp-json\/wp\/v2\/comments?post=388780"}],"version-history":[{"count":0,"href":"https:\/\/www.webdo.tn\/fr\/wp-json\/wp\/v2\/posts\/388780\/revisions"}],"wp:featuredmedia":[{"embeddable":true,"href":"https:\/\/www.webdo.tn\/fr\/wp-json\/wp\/v2\/media\/388778"}],"wp:attachment":[{"href":"https:\/\/www.webdo.tn\/fr\/wp-json\/wp\/v2\/media?parent=388780"}],"wp:term":[{"taxonomy":"category","embeddable":true,"href":"https:\/\/www.webdo.tn\/fr\/wp-json\/wp\/v2\/categories?post=388780"},{"taxonomy":"post_tag","embeddable":true,"href":"https:\/\/www.webdo.tn\/fr\/wp-json\/wp\/v2\/tags?post=388780"}],"curies":[{"name":"wp","href":"https:\/\/api.w.org\/{rel}","templated":true}]}}