{"id":388757,"date":"2025-12-03T09:37:31","date_gmt":"2025-12-03T08:37:31","guid":{"rendered":"https:\/\/www.webdo.tn\/fr\/?p=388757"},"modified":"2025-12-03T11:56:18","modified_gmt":"2025-12-03T10:56:18","slug":"saied-insiste-sur-la-refondation-du-systeme-de-sante","status":"publish","type":"post","link":"https:\/\/www.webdo.tn\/fr\/actualite\/national\/saied-insiste-sur-la-refondation-du-systeme-de-sante\/388757\/","title":{"rendered":"Sa\u00efed insiste sur la refondation du syst\u00e8me de sant\u00e9"},"content":{"rendered":"\n<p><strong>Le pr\u00e9sident de la R\u00e9publique, Ka\u00efs Sa\u00efed, a re\u00e7u, mardi au palais de Carthage le ministre de la Sant\u00e9, Mustapha Ferjani, pour examiner l\u2019avancement des chantiers hospitaliers et le lancement du centre de diagnostic \u00e0 distance.<\/strong><\/p>\n\n\n\n<p>Il en a profit\u00e9 pour r\u00e9affirmer son engagement \u00e0 garantir tous les droits du personnel m\u00e9dical et param\u00e9dical, tout en d\u00e9non\u00e7ant les d\u00e9rives qui ont affaibli le secteur.<\/p>\n\n\n\n<h2 class=\"wp-block-heading\" id=\"h-suivi-des-projets-hospitaliers\">Suivi des projets hospitaliers<\/h2>\n\n\n\n<p>Le chef de l\u2019\u00c9tat a pass\u00e9 en revue, avec le ministre de la Sant\u00e9, l\u2019\u00e9tat d\u2019avancement des travaux de plusieurs \u00e9tablissements hospitaliers en construction \u00e0 travers le pays. Selon la pr\u00e9sidence, la rencontre a \u00e9galement permis de faire le point sur le d\u00e9marrage op\u00e9rationnel du centre m\u00e9dical \u00e0 distance.<\/p>\n\n\n\n<p>Ce dispositif, pr\u00e9sent\u00e9 comme une avanc\u00e9e majeure, doit permettre aux patients d\u2019obtenir un diagnostic sans se d\u00e9placer, avec des ordonnances d\u00e9livr\u00e9es sur la base d\u2019une analyse r\u00e9alis\u00e9e \u00e0 distance.<\/p>\n\n\n\n<h2 class=\"wp-block-heading\" id=\"h-saied-promet-la-garantie-des-droits-du-personnel-de-sante\">Sa\u00efed promet la garantie des droits du personnel de sant\u00e9<\/h2>\n\n\n\n<p>Lors de cette m\u00eame r\u00e9union, Ka\u00efs Sa\u00efed a affirm\u00e9 que les m\u00e9decins, les param\u00e9dicaux et l\u2019ensemble des agents de la sant\u00e9 \u00ab auront tous leurs droits \u00bb, soulignant que le syst\u00e8me juridique en place depuis des d\u00e9cennies a men\u00e9 \u00e0 une situation devenue \u00ab inacceptable \u00bb.<\/p>\n\n\n\n<p>Il a insist\u00e9 sur la n\u00e9cessit\u00e9 de reconstruire un secteur public de la sant\u00e9 \u00ab an\u00e9anti \u00bb, afin qu\u2019il soit accessible \u00e0 tous, dans toutes les r\u00e9gions.<\/p>\n\n\n\n<h2 class=\"wp-block-heading\" id=\"h-un-discours-offensif-contre-la-corruption-et-les-derives\">Un discours offensif contre la corruption et les d\u00e9rives<\/h2>\n\n\n\n<p>Dans une vid\u00e9o publi\u00e9e par la pr\u00e9sidence, Sa\u00efed a fustig\u00e9 \u00ab les charlatans \u00bb et ceux qui, selon lui, \u00ab pr\u00e9tendent le savoir \u00bb, estimant qu\u2019ils n\u2019apportent que d\u00e9sordre et corruption.<\/p>\n\n\n\n<p>Il a r\u00e9affirm\u00e9 mener \u00ab une guerre de lib\u00e9ration sur tous les fronts \u00bb pour \u00e9radiquer les r\u00e9seaux de corruption et r\u00e9pondre aux attentes du peuple dans tous les secteurs.<\/p>\n\n\n\n<p>Le pr\u00e9sident a enfin salu\u00e9 le d\u00e9vouement du personnel m\u00e9dical et param\u00e9dical, rappelant l\u2019excellence de \u00ab l\u2019\u00e9cole m\u00e9dicale tunisienne \u00bb reconnue \u00e0 l\u2019international.<\/p>\n\n\n\n<p>Il a soulign\u00e9 que la Tunisie exporte ses comp\u00e9tences vers de nombreux pays, \u00e9voquant le r\u00f4le historique des m\u00e9decins &#8211; femmes et hommes &#8211; dans le mouvement national.<\/p>\n\n\n\n<p><\/p>\n\n\n\n<iframe src=\"https:\/\/www.facebook.com\/plugins\/video.php?height=314&#038;href=https%3A%2F%2Fwww.facebook.com%2Freel%2F1589043265431113%2F&#038;show_text=false&#038;width=560&#038;t=0\" width=\"560\" height=\"314\" style=\"border:none;overflow:hidden\" scrolling=\"no\" frameborder=\"0\" allowfullscreen=\"true\" allow=\"autoplay; clipboard-write; encrypted-media; picture-in-picture; web-share\" allowFullScreen=\"true\"><\/iframe>\n\n\n\n<p><\/p>\n\n\n\n<blockquote class=\"wp-block-quote is-layout-flow wp-block-quote-is-layout-flow\">\n<p><strong>Lire aussi<\/strong><\/p>\n\n\n\n<ul class=\"wp-block-list\">\n<li><a href=\"https:\/\/www.webdo.tn\/fr\/actualite\/national\/tunisie-sante-batterie-de-mesures-au-profit-des-urgences\/388465\/\">Tunisie \u2013 Sant\u00e9 : Batterie de mesures au profit des urgences<\/a><\/li>\n\n\n\n<li><a href=\"https:\/\/www.webdo.tn\/fr\/actualite\/national\/tunisie-les-jeunes-medecins-gelent-leur-mouvement-apres-un-accord-avec-la-sante\/388393\/\">Tunisie\u00a0: Les jeunes m\u00e9decins g\u00e8lent leur mouvement apr\u00e8s un accord avec la Sant\u00e9<\/a><\/li>\n\n\n\n<li><a href=\"https:\/\/www.webdo.tn\/fr\/actualite\/national\/sante-en-tunisie-un-budget-renforce-et-un-climat-social-qui-interroge\/387852\/\">Sant\u00e9 en Tunisie : Un budget renforc\u00e9 et un climat social qui interroge<\/a><\/li>\n<\/ul>\n<\/blockquote>\n","protected":false},"excerpt":{"rendered":"<p>Le pr\u00e9sident de la R\u00e9publique, Ka\u00efs Sa\u00efed, a re\u00e7u, mardi au palais de Carthage le ministre de la Sant\u00e9, Mustapha Ferjani, pour examiner l\u2019avancement des chantiers hospitaliers et le lancement du centre de diagnostic \u00e0 distance. Il en a profit\u00e9 pour r\u00e9affirmer son engagement \u00e0 garantir tous les droits du personnel m\u00e9dical et param\u00e9dical, tout [&hellip;]<\/p>\n","protected":false},"author":3191,"featured_media":386907,"comment_status":"closed","ping_status":"closed","sticky":false,"template":"","format":"standard","meta":{"footnotes":""},"categories":[44],"tags":[3549,2731,2608],"class_list":["post-388757","post","type-post","status-publish","format-standard","has-post-thumbnail","hentry","category-national","tag-hopitaux-publics-tunisie","tag-sante","tag-tunisie"],"yoast_head":"<!-- This site is optimized with the Yoast SEO Premium plugin v27.5 (Yoast SEO v27.5) - https:\/\/yoast.com\/product\/yoast-seo-premium-wordpress\/ -->\n<title>Sa\u00efed insiste sur la refondation du syst\u00e8me de sant\u00e9 - webdo<\/title>\n<meta name=\"description\" content=\"D\u00e9couvrez comment Sa\u00efed insiste sur la refondation du syst\u00e8me de sant\u00e9, visant \u00e0 renforcer les \u00e9tablissements hospitaliers en Tunisie.\" \/>\n<link rel=\"canonical\" href=\"https:\/\/www.webdo.tn\/fr\/actualite\/national\/saied-insiste-sur-la-refondation-du-systeme-de-sante\/388757\/\" \/>\n<meta property=\"og:locale\" content=\"fr_FR\" \/>\n<meta property=\"og:type\" content=\"article\" \/>\n<meta property=\"og:title\" content=\"Sa\u00efed insiste sur la refondation du syst\u00e8me de sant\u00e9\" \/>\n<meta property=\"og:description\" content=\"D\u00e9couvrez comment Sa\u00efed insiste sur la refondation du syst\u00e8me de sant\u00e9, visant \u00e0 renforcer les \u00e9tablissements hospitaliers en Tunisie.\" \/>\n<meta property=\"og:url\" content=\"https:\/\/www.webdo.tn\/fr\/actualite\/national\/saied-insiste-sur-la-refondation-du-systeme-de-sante\/388757\/\" \/>\n<meta property=\"og:site_name\" content=\"webdo\" \/>\n<meta property=\"article:publisher\" content=\"https:\/\/www.facebook.com\/webdotn\" \/>\n<meta property=\"article:published_time\" content=\"2025-12-03T08:37:31+00:00\" \/>\n<meta property=\"article:modified_time\" content=\"2025-12-03T10:56:18+00:00\" \/>\n<meta property=\"og:image\" content=\"https:\/\/www.webdo.tn\/fr\/wp-content\/uploads\/2025\/11\/Sante.jpg\" \/>\n\t<meta property=\"og:image:width\" content=\"1200\" \/>\n\t<meta property=\"og:image:height\" content=\"602\" \/>\n\t<meta property=\"og:image:type\" content=\"image\/jpeg\" \/>\n<meta name=\"author\" content=\"Mohamed Hedi Touati\" \/>\n<meta name=\"twitter:card\" content=\"summary_large_image\" \/>\n<meta name=\"twitter:creator\" content=\"@webdo_tn\" \/>\n<meta name=\"twitter:site\" content=\"@webdo_tn\" \/>\n<meta name=\"twitter:label1\" content=\"\u00c9crit par\" \/>\n\t<meta name=\"twitter:data1\" content=\"Mohamed Hedi Touati\" \/>\n\t<meta name=\"twitter:label2\" content=\"Dur\u00e9e de lecture estim\u00e9e\" \/>\n\t<meta name=\"twitter:data2\" content=\"2 minutes\" \/>\n<script type=\"application\/ld+json\" class=\"yoast-schema-graph\">{\"@context\":\"https:\\\/\\\/schema.org\",\"@graph\":[{\"@type\":\"NewsArticle\",\"@id\":\"https:\\\/\\\/www.webdo.tn\\\/fr\\\/actualite\\\/national\\\/saied-insiste-sur-la-refondation-du-systeme-de-sante\\\/388757\\\/#article\",\"isPartOf\":{\"@id\":\"https:\\\/\\\/www.webdo.tn\\\/fr\\\/actualite\\\/national\\\/saied-insiste-sur-la-refondation-du-systeme-de-sante\\\/388757\\\/\"},\"author\":{\"name\":\"Mohamed Hedi Touati\",\"@id\":\"https:\\\/\\\/www.webdo.tn\\\/fr\\\/#\\\/schema\\\/person\\\/c652cd8fc2b1b44412b5ffb48c5a911d\"},\"headline\":\"Sa\u00efed insiste sur la refondation du syst\u00e8me de sant\u00e9\",\"datePublished\":\"2025-12-03T08:37:31+00:00\",\"dateModified\":\"2025-12-03T10:56:18+00:00\",\"mainEntityOfPage\":{\"@id\":\"https:\\\/\\\/www.webdo.tn\\\/fr\\\/actualite\\\/national\\\/saied-insiste-sur-la-refondation-du-systeme-de-sante\\\/388757\\\/\"},\"wordCount\":444,\"publisher\":{\"@id\":\"https:\\\/\\\/www.webdo.tn\\\/fr\\\/#organization\"},\"image\":{\"@id\":\"https:\\\/\\\/www.webdo.tn\\\/fr\\\/actualite\\\/national\\\/saied-insiste-sur-la-refondation-du-systeme-de-sante\\\/388757\\\/#primaryimage\"},\"thumbnailUrl\":\"https:\\\/\\\/www.webdo.tn\\\/fr\\\/wp-content\\\/uploads\\\/2025\\\/11\\\/Sante.jpg\",\"keywords\":[\"H\u00f4pitaux publics Tunisie\",\"Sant\u00e9\",\"Tunisie\"],\"articleSection\":[\"National\"],\"inLanguage\":\"fr-FR\"},{\"@type\":\"WebPage\",\"@id\":\"https:\\\/\\\/www.webdo.tn\\\/fr\\\/actualite\\\/national\\\/saied-insiste-sur-la-refondation-du-systeme-de-sante\\\/388757\\\/\",\"url\":\"https:\\\/\\\/www.webdo.tn\\\/fr\\\/actualite\\\/national\\\/saied-insiste-sur-la-refondation-du-systeme-de-sante\\\/388757\\\/\",\"name\":\"Sa\u00efed insiste sur la refondation du syst\u00e8me de sant\u00e9 - webdo\",\"isPartOf\":{\"@id\":\"https:\\\/\\\/www.webdo.tn\\\/fr\\\/#website\"},\"primaryImageOfPage\":{\"@id\":\"https:\\\/\\\/www.webdo.tn\\\/fr\\\/actualite\\\/national\\\/saied-insiste-sur-la-refondation-du-systeme-de-sante\\\/388757\\\/#primaryimage\"},\"image\":{\"@id\":\"https:\\\/\\\/www.webdo.tn\\\/fr\\\/actualite\\\/national\\\/saied-insiste-sur-la-refondation-du-systeme-de-sante\\\/388757\\\/#primaryimage\"},\"thumbnailUrl\":\"https:\\\/\\\/www.webdo.tn\\\/fr\\\/wp-content\\\/uploads\\\/2025\\\/11\\\/Sante.jpg\",\"datePublished\":\"2025-12-03T08:37:31+00:00\",\"dateModified\":\"2025-12-03T10:56:18+00:00\",\"description\":\"D\u00e9couvrez comment Sa\u00efed insiste sur la refondation du syst\u00e8me de sant\u00e9, visant \u00e0 renforcer les \u00e9tablissements hospitaliers en Tunisie.\",\"breadcrumb\":{\"@id\":\"https:\\\/\\\/www.webdo.tn\\\/fr\\\/actualite\\\/national\\\/saied-insiste-sur-la-refondation-du-systeme-de-sante\\\/388757\\\/#breadcrumb\"},\"inLanguage\":\"fr-FR\",\"potentialAction\":[{\"@type\":\"ReadAction\",\"target\":[\"https:\\\/\\\/www.webdo.tn\\\/fr\\\/actualite\\\/national\\\/saied-insiste-sur-la-refondation-du-systeme-de-sante\\\/388757\\\/\"]}]},{\"@type\":\"ImageObject\",\"inLanguage\":\"fr-FR\",\"@id\":\"https:\\\/\\\/www.webdo.tn\\\/fr\\\/actualite\\\/national\\\/saied-insiste-sur-la-refondation-du-systeme-de-sante\\\/388757\\\/#primaryimage\",\"url\":\"https:\\\/\\\/www.webdo.tn\\\/fr\\\/wp-content\\\/uploads\\\/2025\\\/11\\\/Sante.jpg\",\"contentUrl\":\"https:\\\/\\\/www.webdo.tn\\\/fr\\\/wp-content\\\/uploads\\\/2025\\\/11\\\/Sante.jpg\",\"width\":1200,\"height\":602,\"caption\":\"Sa\u00efed insiste sur la refondation du syst\u00e8me de sant\u00e9\"},{\"@type\":\"BreadcrumbList\",\"@id\":\"https:\\\/\\\/www.webdo.tn\\\/fr\\\/actualite\\\/national\\\/saied-insiste-sur-la-refondation-du-systeme-de-sante\\\/388757\\\/#breadcrumb\",\"itemListElement\":[{\"@type\":\"ListItem\",\"position\":1,\"name\":\"Accueil\",\"item\":\"https:\\\/\\\/www.webdo.tn\\\/fr\\\/\"},{\"@type\":\"ListItem\",\"position\":2,\"name\":\"Sa\u00efed insiste sur la refondation du syst\u00e8me de sant\u00e9\"}]},{\"@type\":\"WebSite\",\"@id\":\"https:\\\/\\\/www.webdo.tn\\\/fr\\\/#website\",\"url\":\"https:\\\/\\\/www.webdo.tn\\\/fr\\\/\",\"name\":\"webdo\",\"description\":\"Tunisie - News en Tunisie et \u00e0 l&#039;international sur Webdo.tn\",\"publisher\":{\"@id\":\"https:\\\/\\\/www.webdo.tn\\\/fr\\\/#organization\"},\"potentialAction\":[{\"@type\":\"SearchAction\",\"target\":{\"@type\":\"EntryPoint\",\"urlTemplate\":\"https:\\\/\\\/www.webdo.tn\\\/fr\\\/?s={search_term_string}\"},\"query-input\":{\"@type\":\"PropertyValueSpecification\",\"valueRequired\":true,\"valueName\":\"search_term_string\"}}],\"inLanguage\":\"fr-FR\"},{\"@type\":\"Organization\",\"@id\":\"https:\\\/\\\/www.webdo.tn\\\/fr\\\/#organization\",\"name\":\"Webdo\",\"alternateName\":\"Webdo.tn\",\"url\":\"https:\\\/\\\/www.webdo.tn\\\/fr\\\/\",\"logo\":{\"@type\":\"ImageObject\",\"inLanguage\":\"fr-FR\",\"@id\":\"https:\\\/\\\/www.webdo.tn\\\/fr\\\/#\\\/schema\\\/logo\\\/image\\\/\",\"url\":\"https:\\\/\\\/www.webdo.tn\\\/fr\\\/wp-content\\\/uploads\\\/2025\\\/06\\\/Webdo-Tunisie_168377.jpg\",\"contentUrl\":\"https:\\\/\\\/www.webdo.tn\\\/fr\\\/wp-content\\\/uploads\\\/2025\\\/06\\\/Webdo-Tunisie_168377.jpg\",\"width\":301,\"height\":301,\"caption\":\"Webdo\"},\"image\":{\"@id\":\"https:\\\/\\\/www.webdo.tn\\\/fr\\\/#\\\/schema\\\/logo\\\/image\\\/\"},\"sameAs\":[\"https:\\\/\\\/www.facebook.com\\\/webdotn\",\"https:\\\/\\\/x.com\\\/webdo_tn\"],\"description\":\"Webdo est un m\u00e9dia num\u00e9rique tunisien fond\u00e9 en 2010, sp\u00e9cialis\u00e9 dans l\u2019actualit\u00e9 nationale et internationale, l\u2019\u00e9conomie, la soci\u00e9t\u00e9 et les analyses politiques. Le site s\u2019adresse \u00e0 un large public francophone et couvre l\u2019information tunisienne en temps r\u00e9el.\",\"email\":\"redac@webdo.tn\",\"legalName\":\"YNJ SARL\",\"foundingDate\":\"2010-09-06\",\"numberOfEmployees\":{\"@type\":\"QuantitativeValue\",\"minValue\":\"11\",\"maxValue\":\"50\"}},{\"@type\":\"Person\",\"@id\":\"https:\\\/\\\/www.webdo.tn\\\/fr\\\/#\\\/schema\\\/person\\\/c652cd8fc2b1b44412b5ffb48c5a911d\",\"name\":\"Mohamed Hedi Touati\",\"image\":{\"@type\":\"ImageObject\",\"inLanguage\":\"fr-FR\",\"@id\":\"https:\\\/\\\/secure.gravatar.com\\\/avatar\\\/9cfd402c745b7a685f13eed0ea6e59d2144a3c2fc50a3db6fd5ed451f6cddf1a?s=96&d=mm&r=g\",\"url\":\"https:\\\/\\\/secure.gravatar.com\\\/avatar\\\/9cfd402c745b7a685f13eed0ea6e59d2144a3c2fc50a3db6fd5ed451f6cddf1a?s=96&d=mm&r=g\",\"contentUrl\":\"https:\\\/\\\/secure.gravatar.com\\\/avatar\\\/9cfd402c745b7a685f13eed0ea6e59d2144a3c2fc50a3db6fd5ed451f6cddf1a?s=96&d=mm&r=g\",\"caption\":\"Mohamed Hedi Touati\"},\"url\":\"https:\\\/\\\/www.webdo.tn\\\/fr\\\/actualite\\\/author\\\/mohamed-hedi-touati\\\/\"}]}<\/script>\n<!-- \/ Yoast SEO Premium plugin. -->","yoast_head_json":{"title":"Sa\u00efed insiste sur la refondation du syst\u00e8me de sant\u00e9 - webdo","description":"D\u00e9couvrez comment Sa\u00efed insiste sur la refondation du syst\u00e8me de sant\u00e9, visant \u00e0 renforcer les \u00e9tablissements hospitaliers en Tunisie.","canonical":"https:\/\/www.webdo.tn\/fr\/actualite\/national\/saied-insiste-sur-la-refondation-du-systeme-de-sante\/388757\/","og_locale":"fr_FR","og_type":"article","og_title":"Sa\u00efed insiste sur la refondation du syst\u00e8me de sant\u00e9","og_description":"D\u00e9couvrez comment Sa\u00efed insiste sur la refondation du syst\u00e8me de sant\u00e9, visant \u00e0 renforcer les \u00e9tablissements hospitaliers en Tunisie.","og_url":"https:\/\/www.webdo.tn\/fr\/actualite\/national\/saied-insiste-sur-la-refondation-du-systeme-de-sante\/388757\/","og_site_name":"webdo","article_publisher":"https:\/\/www.facebook.com\/webdotn","article_published_time":"2025-12-03T08:37:31+00:00","article_modified_time":"2025-12-03T10:56:18+00:00","og_image":[{"width":1200,"height":602,"url":"https:\/\/www.webdo.tn\/fr\/wp-content\/uploads\/2025\/11\/Sante.jpg","type":"image\/jpeg"}],"author":"Mohamed Hedi Touati","twitter_card":"summary_large_image","twitter_creator":"@webdo_tn","twitter_site":"@webdo_tn","twitter_misc":{"\u00c9crit par":"Mohamed Hedi Touati","Dur\u00e9e de lecture estim\u00e9e":"2 minutes"},"schema":{"@context":"https:\/\/schema.org","@graph":[{"@type":"NewsArticle","@id":"https:\/\/www.webdo.tn\/fr\/actualite\/national\/saied-insiste-sur-la-refondation-du-systeme-de-sante\/388757\/#article","isPartOf":{"@id":"https:\/\/www.webdo.tn\/fr\/actualite\/national\/saied-insiste-sur-la-refondation-du-systeme-de-sante\/388757\/"},"author":{"name":"Mohamed Hedi Touati","@id":"https:\/\/www.webdo.tn\/fr\/#\/schema\/person\/c652cd8fc2b1b44412b5ffb48c5a911d"},"headline":"Sa\u00efed insiste sur la refondation du syst\u00e8me de sant\u00e9","datePublished":"2025-12-03T08:37:31+00:00","dateModified":"2025-12-03T10:56:18+00:00","mainEntityOfPage":{"@id":"https:\/\/www.webdo.tn\/fr\/actualite\/national\/saied-insiste-sur-la-refondation-du-systeme-de-sante\/388757\/"},"wordCount":444,"publisher":{"@id":"https:\/\/www.webdo.tn\/fr\/#organization"},"image":{"@id":"https:\/\/www.webdo.tn\/fr\/actualite\/national\/saied-insiste-sur-la-refondation-du-systeme-de-sante\/388757\/#primaryimage"},"thumbnailUrl":"https:\/\/www.webdo.tn\/fr\/wp-content\/uploads\/2025\/11\/Sante.jpg","keywords":["H\u00f4pitaux publics Tunisie","Sant\u00e9","Tunisie"],"articleSection":["National"],"inLanguage":"fr-FR"},{"@type":"WebPage","@id":"https:\/\/www.webdo.tn\/fr\/actualite\/national\/saied-insiste-sur-la-refondation-du-systeme-de-sante\/388757\/","url":"https:\/\/www.webdo.tn\/fr\/actualite\/national\/saied-insiste-sur-la-refondation-du-systeme-de-sante\/388757\/","name":"Sa\u00efed insiste sur la refondation du syst\u00e8me de sant\u00e9 - webdo","isPartOf":{"@id":"https:\/\/www.webdo.tn\/fr\/#website"},"primaryImageOfPage":{"@id":"https:\/\/www.webdo.tn\/fr\/actualite\/national\/saied-insiste-sur-la-refondation-du-systeme-de-sante\/388757\/#primaryimage"},"image":{"@id":"https:\/\/www.webdo.tn\/fr\/actualite\/national\/saied-insiste-sur-la-refondation-du-systeme-de-sante\/388757\/#primaryimage"},"thumbnailUrl":"https:\/\/www.webdo.tn\/fr\/wp-content\/uploads\/2025\/11\/Sante.jpg","datePublished":"2025-12-03T08:37:31+00:00","dateModified":"2025-12-03T10:56:18+00:00","description":"D\u00e9couvrez comment Sa\u00efed insiste sur la refondation du syst\u00e8me de sant\u00e9, visant \u00e0 renforcer les \u00e9tablissements hospitaliers en Tunisie.","breadcrumb":{"@id":"https:\/\/www.webdo.tn\/fr\/actualite\/national\/saied-insiste-sur-la-refondation-du-systeme-de-sante\/388757\/#breadcrumb"},"inLanguage":"fr-FR","potentialAction":[{"@type":"ReadAction","target":["https:\/\/www.webdo.tn\/fr\/actualite\/national\/saied-insiste-sur-la-refondation-du-systeme-de-sante\/388757\/"]}]},{"@type":"ImageObject","inLanguage":"fr-FR","@id":"https:\/\/www.webdo.tn\/fr\/actualite\/national\/saied-insiste-sur-la-refondation-du-systeme-de-sante\/388757\/#primaryimage","url":"https:\/\/www.webdo.tn\/fr\/wp-content\/uploads\/2025\/11\/Sante.jpg","contentUrl":"https:\/\/www.webdo.tn\/fr\/wp-content\/uploads\/2025\/11\/Sante.jpg","width":1200,"height":602,"caption":"Sa\u00efed insiste sur la refondation du syst\u00e8me de sant\u00e9"},{"@type":"BreadcrumbList","@id":"https:\/\/www.webdo.tn\/fr\/actualite\/national\/saied-insiste-sur-la-refondation-du-systeme-de-sante\/388757\/#breadcrumb","itemListElement":[{"@type":"ListItem","position":1,"name":"Accueil","item":"https:\/\/www.webdo.tn\/fr\/"},{"@type":"ListItem","position":2,"name":"Sa\u00efed insiste sur la refondation du syst\u00e8me de sant\u00e9"}]},{"@type":"WebSite","@id":"https:\/\/www.webdo.tn\/fr\/#website","url":"https:\/\/www.webdo.tn\/fr\/","name":"webdo","description":"Tunisie - News en Tunisie et \u00e0 l&#039;international sur Webdo.tn","publisher":{"@id":"https:\/\/www.webdo.tn\/fr\/#organization"},"potentialAction":[{"@type":"SearchAction","target":{"@type":"EntryPoint","urlTemplate":"https:\/\/www.webdo.tn\/fr\/?s={search_term_string}"},"query-input":{"@type":"PropertyValueSpecification","valueRequired":true,"valueName":"search_term_string"}}],"inLanguage":"fr-FR"},{"@type":"Organization","@id":"https:\/\/www.webdo.tn\/fr\/#organization","name":"Webdo","alternateName":"Webdo.tn","url":"https:\/\/www.webdo.tn\/fr\/","logo":{"@type":"ImageObject","inLanguage":"fr-FR","@id":"https:\/\/www.webdo.tn\/fr\/#\/schema\/logo\/image\/","url":"https:\/\/www.webdo.tn\/fr\/wp-content\/uploads\/2025\/06\/Webdo-Tunisie_168377.jpg","contentUrl":"https:\/\/www.webdo.tn\/fr\/wp-content\/uploads\/2025\/06\/Webdo-Tunisie_168377.jpg","width":301,"height":301,"caption":"Webdo"},"image":{"@id":"https:\/\/www.webdo.tn\/fr\/#\/schema\/logo\/image\/"},"sameAs":["https:\/\/www.facebook.com\/webdotn","https:\/\/x.com\/webdo_tn"],"description":"Webdo est un m\u00e9dia num\u00e9rique tunisien fond\u00e9 en 2010, sp\u00e9cialis\u00e9 dans l\u2019actualit\u00e9 nationale et internationale, l\u2019\u00e9conomie, la soci\u00e9t\u00e9 et les analyses politiques. Le site s\u2019adresse \u00e0 un large public francophone et couvre l\u2019information tunisienne en temps r\u00e9el.","email":"redac@webdo.tn","legalName":"YNJ SARL","foundingDate":"2010-09-06","numberOfEmployees":{"@type":"QuantitativeValue","minValue":"11","maxValue":"50"}},{"@type":"Person","@id":"https:\/\/www.webdo.tn\/fr\/#\/schema\/person\/c652cd8fc2b1b44412b5ffb48c5a911d","name":"Mohamed Hedi Touati","image":{"@type":"ImageObject","inLanguage":"fr-FR","@id":"https:\/\/secure.gravatar.com\/avatar\/9cfd402c745b7a685f13eed0ea6e59d2144a3c2fc50a3db6fd5ed451f6cddf1a?s=96&d=mm&r=g","url":"https:\/\/secure.gravatar.com\/avatar\/9cfd402c745b7a685f13eed0ea6e59d2144a3c2fc50a3db6fd5ed451f6cddf1a?s=96&d=mm&r=g","contentUrl":"https:\/\/secure.gravatar.com\/avatar\/9cfd402c745b7a685f13eed0ea6e59d2144a3c2fc50a3db6fd5ed451f6cddf1a?s=96&d=mm&r=g","caption":"Mohamed Hedi Touati"},"url":"https:\/\/www.webdo.tn\/fr\/actualite\/author\/mohamed-hedi-touati\/"}]}},"_links":{"self":[{"href":"https:\/\/www.webdo.tn\/fr\/wp-json\/wp\/v2\/posts\/388757","targetHints":{"allow":["GET"]}}],"collection":[{"href":"https:\/\/www.webdo.tn\/fr\/wp-json\/wp\/v2\/posts"}],"about":[{"href":"https:\/\/www.webdo.tn\/fr\/wp-json\/wp\/v2\/types\/post"}],"author":[{"embeddable":true,"href":"https:\/\/www.webdo.tn\/fr\/wp-json\/wp\/v2\/users\/3191"}],"replies":[{"embeddable":true,"href":"https:\/\/www.webdo.tn\/fr\/wp-json\/wp\/v2\/comments?post=388757"}],"version-history":[{"count":0,"href":"https:\/\/www.webdo.tn\/fr\/wp-json\/wp\/v2\/posts\/388757\/revisions"}],"wp:featuredmedia":[{"embeddable":true,"href":"https:\/\/www.webdo.tn\/fr\/wp-json\/wp\/v2\/media\/386907"}],"wp:attachment":[{"href":"https:\/\/www.webdo.tn\/fr\/wp-json\/wp\/v2\/media?parent=388757"}],"wp:term":[{"taxonomy":"category","embeddable":true,"href":"https:\/\/www.webdo.tn\/fr\/wp-json\/wp\/v2\/categories?post=388757"},{"taxonomy":"post_tag","embeddable":true,"href":"https:\/\/www.webdo.tn\/fr\/wp-json\/wp\/v2\/tags?post=388757"}],"curies":[{"name":"wp","href":"https:\/\/api.w.org\/{rel}","templated":true}]}}