{"id":388741,"date":"2025-12-03T09:08:15","date_gmt":"2025-12-03T08:08:15","guid":{"rendered":"https:\/\/www.webdo.tn\/fr\/?p=388741"},"modified":"2025-12-03T09:38:25","modified_gmt":"2025-12-03T08:38:25","slug":"le-japon-veut-elargir-ses-investissements-en-tunisie","status":"publish","type":"post","link":"https:\/\/www.webdo.tn\/fr\/actualite\/national\/le-japon-veut-elargir-ses-investissements-en-tunisie\/388741\/","title":{"rendered":"Le Japon veut \u00e9largir ses investissements en Tunisie"},"content":{"rendered":"\n<p>Le pr\u00e9sident de la R\u00e9publique Ka\u00efs Sa\u00efed a re\u00e7u hier, mardi 2 d\u00e9cembre 2025, l\u2019ambassadeur du Japon en Tunisie, Takeshi Osuga, venu lui pr\u00e9senter ses salutations de fin de mission. Une rencontre plac\u00e9e sous le signe de l\u2019amiti\u00e9, du bilan et des perspectives, alors que les deux pays s\u2019appr\u00eatent \u00e0 c\u00e9l\u00e9brer les 70 ans de relations diplomatiques.  <\/p>\n\n\n\n<p>Le chef de l\u2019\u00c9tat a salu\u00e9 la solidit\u00e9 des liens tuniso-japonais, rappelant les r\u00e9sultats tangibles obtenus tant sur le plan bilat\u00e9ral que dans le cadre de la TICAD, la conf\u00e9rence internationale de Tokyo sur le d\u00e9veloppement en Afrique. <\/p>\n\n\n\n<p>Il a soulign\u00e9 l\u2019importance de l\u2019\u00e9dition organis\u00e9e \u00e0 Tunis en 2022 ainsi que la participation tunisienne de haut niveau \u00e0 la TICAD 9 tenue en ao\u00fbt dernier \u00e0 Yokohama. Ka\u00efs Sa\u00efed a r\u00e9affirm\u00e9 la volont\u00e9 de la Tunisie de renforcer encore cette coop\u00e9ration dans tous les domaines, notamment \u00e0 travers de nouveaux projets conjoints susceptibles d\u2019ouvrir des horizons prometteurs.<\/p>\n\n\n\n<p>Takeshi Osuga a, de son c\u00f4t\u00e9, exprim\u00e9 sa profonde gratitude pour le soutien re\u00e7u tout au long de sa mission. Il a insist\u00e9 sur la confiance r\u00e9ciproque qui marque la relation entre les deux pays et sur la dynamique positive de la coop\u00e9ration bilat\u00e9rale. <\/p>\n\n\n\n<h2 class=\"wp-block-heading\" id=\"h-elargir-la-cooperation\">Elargir la coop\u00e9ration <\/h2>\n\n\n\n<p>L\u2019ambassadeur a \u00e9galement mis en avant l\u2019int\u00e9r\u00eat du Japon pour l\u2019\u00e9largissement de ses investissements en Tunisie, particuli\u00e8rement dans les infrastructures, secteur strat\u00e9gique pour les deux partenaires. Il a enfin soulign\u00e9 l\u2019attachement du Japon \u00e0 poursuivre le d\u00e9veloppement de projets au service des deux peuples.<\/p>\n\n\n\n<p>Avec ce passage de relais diplomatique, Tunis et Tokyo confirment leur volont\u00e9 commune d\u2019ancrer une coop\u00e9ration durable, modernis\u00e9e et tourn\u00e9e vers des projets structurants.<\/p>\n\n\n\n<p><\/p>\n\n\n\n<blockquote class=\"wp-block-quote is-layout-flow wp-block-quote-is-layout-flow\">\n<blockquote class=\"wp-block-quote is-layout-flow wp-block-quote-is-layout-flow\">\n<p>Lire aussi : <a href=\"https:\/\/www.webdo.tn\/fr\/actualite\/national\/lecon-inversee-ce-que-le-japon-peut-apprendre-de-la-tunisie\/381706\/\">Le\u00e7on invers\u00e9e : Ce que le Japon peut apprendre de la Tunisie<\/a><br><\/p>\n<\/blockquote>\n<\/blockquote>\n","protected":false},"excerpt":{"rendered":"<p>Le pr\u00e9sident de la R\u00e9publique Ka\u00efs Sa\u00efed a re\u00e7u hier, mardi 2 d\u00e9cembre 2025, l\u2019ambassadeur du Japon en Tunisie, Takeshi Osuga, venu lui pr\u00e9senter ses salutations de fin de mission. Une rencontre plac\u00e9e sous le signe de l\u2019amiti\u00e9, du bilan et des perspectives, alors que les deux pays s\u2019appr\u00eatent \u00e0 c\u00e9l\u00e9brer les 70 ans de [&hellip;]<\/p>\n","protected":false},"author":3184,"featured_media":388745,"comment_status":"closed","ping_status":"closed","sticky":false,"template":"","format":"standard","meta":{"footnotes":""},"categories":[44],"tags":[2961,2614,2608],"class_list":["post-388741","post","type-post","status-publish","format-standard","has-post-thumbnail","hentry","category-national","tag-japon","tag-kais-saied","tag-tunisie"],"yoast_head":"<!-- This site is optimized with the Yoast SEO Premium plugin v27.4 (Yoast SEO v27.4) - https:\/\/yoast.com\/product\/yoast-seo-premium-wordpress\/ -->\n<title>Le Japon veut \u00e9largir ses investissements en Tunisie - webdo<\/title>\n<meta name=\"description\" content=\"D\u00e9couvrez la rencontre entre le pr\u00e9sident Ka\u00efs Sa\u00efed et l&#039;ambassadeur du Japon, c\u00e9l\u00e9brant 70 ans d&#039;amiti\u00e9 diplomatique.\" \/>\n<link rel=\"canonical\" href=\"https:\/\/www.webdo.tn\/fr\/actualite\/national\/le-japon-veut-elargir-ses-investissements-en-tunisie\/388741\/\" \/>\n<meta property=\"og:locale\" content=\"fr_FR\" \/>\n<meta property=\"og:type\" content=\"article\" \/>\n<meta property=\"og:title\" content=\"Le Japon veut \u00e9largir ses investissements en Tunisie\" \/>\n<meta property=\"og:description\" content=\"D\u00e9couvrez la rencontre entre le pr\u00e9sident Ka\u00efs Sa\u00efed et l&#039;ambassadeur du Japon, c\u00e9l\u00e9brant 70 ans d&#039;amiti\u00e9 diplomatique.\" \/>\n<meta property=\"og:url\" content=\"https:\/\/www.webdo.tn\/fr\/actualite\/national\/le-japon-veut-elargir-ses-investissements-en-tunisie\/388741\/\" \/>\n<meta property=\"og:site_name\" content=\"webdo\" \/>\n<meta property=\"article:publisher\" content=\"https:\/\/www.facebook.com\/webdotn\" \/>\n<meta property=\"article:published_time\" content=\"2025-12-03T08:08:15+00:00\" \/>\n<meta property=\"article:modified_time\" content=\"2025-12-03T08:38:25+00:00\" \/>\n<meta property=\"og:image\" content=\"https:\/\/www.webdo.tn\/fr\/wp-content\/uploads\/2025\/12\/593866036_1268316138660317_3391486474621827260_n.jpg\" \/>\n\t<meta property=\"og:image:width\" content=\"2048\" \/>\n\t<meta property=\"og:image:height\" content=\"1479\" \/>\n\t<meta property=\"og:image:type\" content=\"image\/jpeg\" \/>\n<meta name=\"author\" content=\"Wided Belhaj\" \/>\n<meta name=\"twitter:card\" content=\"summary_large_image\" \/>\n<meta name=\"twitter:creator\" content=\"@webdo_tn\" \/>\n<meta name=\"twitter:site\" content=\"@webdo_tn\" \/>\n<meta name=\"twitter:label1\" content=\"\u00c9crit par\" \/>\n\t<meta name=\"twitter:data1\" content=\"Wided Belhaj\" \/>\n\t<meta name=\"twitter:label2\" content=\"Dur\u00e9e de lecture estim\u00e9e\" \/>\n\t<meta name=\"twitter:data2\" content=\"2 minutes\" \/>\n<script type=\"application\/ld+json\" class=\"yoast-schema-graph\">{\"@context\":\"https:\\\/\\\/schema.org\",\"@graph\":[{\"@type\":\"NewsArticle\",\"@id\":\"https:\\\/\\\/www.webdo.tn\\\/fr\\\/actualite\\\/national\\\/le-japon-veut-elargir-ses-investissements-en-tunisie\\\/388741\\\/#article\",\"isPartOf\":{\"@id\":\"https:\\\/\\\/www.webdo.tn\\\/fr\\\/actualite\\\/national\\\/le-japon-veut-elargir-ses-investissements-en-tunisie\\\/388741\\\/\"},\"author\":{\"name\":\"Wided Belhaj\",\"@id\":\"https:\\\/\\\/www.webdo.tn\\\/fr\\\/#\\\/schema\\\/person\\\/b9ecde7a5574cb4fcf4b496ea5fadb15\"},\"headline\":\"Le Japon veut \u00e9largir ses investissements en Tunisie\",\"datePublished\":\"2025-12-03T08:08:15+00:00\",\"dateModified\":\"2025-12-03T08:38:25+00:00\",\"mainEntityOfPage\":{\"@id\":\"https:\\\/\\\/www.webdo.tn\\\/fr\\\/actualite\\\/national\\\/le-japon-veut-elargir-ses-investissements-en-tunisie\\\/388741\\\/\"},\"wordCount\":328,\"publisher\":{\"@id\":\"https:\\\/\\\/www.webdo.tn\\\/fr\\\/#organization\"},\"image\":{\"@id\":\"https:\\\/\\\/www.webdo.tn\\\/fr\\\/actualite\\\/national\\\/le-japon-veut-elargir-ses-investissements-en-tunisie\\\/388741\\\/#primaryimage\"},\"thumbnailUrl\":\"https:\\\/\\\/www.webdo.tn\\\/fr\\\/wp-content\\\/uploads\\\/2025\\\/12\\\/593866036_1268316138660317_3391486474621827260_n.jpg\",\"keywords\":[\"Japon\",\"Kais Saied\",\"Tunisie\"],\"articleSection\":[\"National\"],\"inLanguage\":\"fr-FR\"},{\"@type\":\"WebPage\",\"@id\":\"https:\\\/\\\/www.webdo.tn\\\/fr\\\/actualite\\\/national\\\/le-japon-veut-elargir-ses-investissements-en-tunisie\\\/388741\\\/\",\"url\":\"https:\\\/\\\/www.webdo.tn\\\/fr\\\/actualite\\\/national\\\/le-japon-veut-elargir-ses-investissements-en-tunisie\\\/388741\\\/\",\"name\":\"Le Japon veut \u00e9largir ses investissements en Tunisie - webdo\",\"isPartOf\":{\"@id\":\"https:\\\/\\\/www.webdo.tn\\\/fr\\\/#website\"},\"primaryImageOfPage\":{\"@id\":\"https:\\\/\\\/www.webdo.tn\\\/fr\\\/actualite\\\/national\\\/le-japon-veut-elargir-ses-investissements-en-tunisie\\\/388741\\\/#primaryimage\"},\"image\":{\"@id\":\"https:\\\/\\\/www.webdo.tn\\\/fr\\\/actualite\\\/national\\\/le-japon-veut-elargir-ses-investissements-en-tunisie\\\/388741\\\/#primaryimage\"},\"thumbnailUrl\":\"https:\\\/\\\/www.webdo.tn\\\/fr\\\/wp-content\\\/uploads\\\/2025\\\/12\\\/593866036_1268316138660317_3391486474621827260_n.jpg\",\"datePublished\":\"2025-12-03T08:08:15+00:00\",\"dateModified\":\"2025-12-03T08:38:25+00:00\",\"description\":\"D\u00e9couvrez la rencontre entre le pr\u00e9sident Ka\u00efs Sa\u00efed et l'ambassadeur du Japon, c\u00e9l\u00e9brant 70 ans d'amiti\u00e9 diplomatique.\",\"breadcrumb\":{\"@id\":\"https:\\\/\\\/www.webdo.tn\\\/fr\\\/actualite\\\/national\\\/le-japon-veut-elargir-ses-investissements-en-tunisie\\\/388741\\\/#breadcrumb\"},\"inLanguage\":\"fr-FR\",\"potentialAction\":[{\"@type\":\"ReadAction\",\"target\":[\"https:\\\/\\\/www.webdo.tn\\\/fr\\\/actualite\\\/national\\\/le-japon-veut-elargir-ses-investissements-en-tunisie\\\/388741\\\/\"]}]},{\"@type\":\"ImageObject\",\"inLanguage\":\"fr-FR\",\"@id\":\"https:\\\/\\\/www.webdo.tn\\\/fr\\\/actualite\\\/national\\\/le-japon-veut-elargir-ses-investissements-en-tunisie\\\/388741\\\/#primaryimage\",\"url\":\"https:\\\/\\\/www.webdo.tn\\\/fr\\\/wp-content\\\/uploads\\\/2025\\\/12\\\/593866036_1268316138660317_3391486474621827260_n.jpg\",\"contentUrl\":\"https:\\\/\\\/www.webdo.tn\\\/fr\\\/wp-content\\\/uploads\\\/2025\\\/12\\\/593866036_1268316138660317_3391486474621827260_n.jpg\",\"width\":2048,\"height\":1479,\"caption\":\"Japon\"},{\"@type\":\"BreadcrumbList\",\"@id\":\"https:\\\/\\\/www.webdo.tn\\\/fr\\\/actualite\\\/national\\\/le-japon-veut-elargir-ses-investissements-en-tunisie\\\/388741\\\/#breadcrumb\",\"itemListElement\":[{\"@type\":\"ListItem\",\"position\":1,\"name\":\"Accueil\",\"item\":\"https:\\\/\\\/www.webdo.tn\\\/fr\\\/\"},{\"@type\":\"ListItem\",\"position\":2,\"name\":\"Le Japon veut \u00e9largir ses investissements en Tunisie\"}]},{\"@type\":\"WebSite\",\"@id\":\"https:\\\/\\\/www.webdo.tn\\\/fr\\\/#website\",\"url\":\"https:\\\/\\\/www.webdo.tn\\\/fr\\\/\",\"name\":\"webdo\",\"description\":\"Tunisie - News en Tunisie et \u00e0 l&#039;international sur Webdo.tn\",\"publisher\":{\"@id\":\"https:\\\/\\\/www.webdo.tn\\\/fr\\\/#organization\"},\"potentialAction\":[{\"@type\":\"SearchAction\",\"target\":{\"@type\":\"EntryPoint\",\"urlTemplate\":\"https:\\\/\\\/www.webdo.tn\\\/fr\\\/?s={search_term_string}\"},\"query-input\":{\"@type\":\"PropertyValueSpecification\",\"valueRequired\":true,\"valueName\":\"search_term_string\"}}],\"inLanguage\":\"fr-FR\"},{\"@type\":\"Organization\",\"@id\":\"https:\\\/\\\/www.webdo.tn\\\/fr\\\/#organization\",\"name\":\"Webdo\",\"alternateName\":\"Webdo.tn\",\"url\":\"https:\\\/\\\/www.webdo.tn\\\/fr\\\/\",\"logo\":{\"@type\":\"ImageObject\",\"inLanguage\":\"fr-FR\",\"@id\":\"https:\\\/\\\/www.webdo.tn\\\/fr\\\/#\\\/schema\\\/logo\\\/image\\\/\",\"url\":\"https:\\\/\\\/www.webdo.tn\\\/fr\\\/wp-content\\\/uploads\\\/2025\\\/06\\\/Webdo-Tunisie_168377.jpg\",\"contentUrl\":\"https:\\\/\\\/www.webdo.tn\\\/fr\\\/wp-content\\\/uploads\\\/2025\\\/06\\\/Webdo-Tunisie_168377.jpg\",\"width\":301,\"height\":301,\"caption\":\"Webdo\"},\"image\":{\"@id\":\"https:\\\/\\\/www.webdo.tn\\\/fr\\\/#\\\/schema\\\/logo\\\/image\\\/\"},\"sameAs\":[\"https:\\\/\\\/www.facebook.com\\\/webdotn\",\"https:\\\/\\\/x.com\\\/webdo_tn\"],\"description\":\"Webdo est un m\u00e9dia num\u00e9rique tunisien fond\u00e9 en 2010, sp\u00e9cialis\u00e9 dans l\u2019actualit\u00e9 nationale et internationale, l\u2019\u00e9conomie, la soci\u00e9t\u00e9 et les analyses politiques. Le site s\u2019adresse \u00e0 un large public francophone et couvre l\u2019information tunisienne en temps r\u00e9el.\",\"email\":\"redac@webdo.tn\",\"legalName\":\"YNJ SARL\",\"foundingDate\":\"2010-09-06\",\"numberOfEmployees\":{\"@type\":\"QuantitativeValue\",\"minValue\":\"11\",\"maxValue\":\"50\"}},{\"@type\":\"Person\",\"@id\":\"https:\\\/\\\/www.webdo.tn\\\/fr\\\/#\\\/schema\\\/person\\\/b9ecde7a5574cb4fcf4b496ea5fadb15\",\"name\":\"Wided Belhaj\",\"image\":{\"@type\":\"ImageObject\",\"inLanguage\":\"fr-FR\",\"@id\":\"https:\\\/\\\/www.webdo.tn\\\/fr\\\/wp-content\\\/uploads\\\/2026\\\/04\\\/wided-belhaj_avatar-96x96.jpg\",\"url\":\"https:\\\/\\\/www.webdo.tn\\\/fr\\\/wp-content\\\/uploads\\\/2026\\\/04\\\/wided-belhaj_avatar-96x96.jpg\",\"contentUrl\":\"https:\\\/\\\/www.webdo.tn\\\/fr\\\/wp-content\\\/uploads\\\/2026\\\/04\\\/wided-belhaj_avatar-96x96.jpg\",\"caption\":\"Wided Belhaj\"},\"description\":\"Wided Belhaj est le pseudonyme \u00e9ditorial utilis\u00e9 par Khalil Jelassi, journaliste, ma\u00eetre-assistant \u00e0 l\u2019Institut de presse et des sciences de l\u2019information (IPSI) et chercheur en sciences de l\u2019information et de la communication. Cette signature est d\u00e9di\u00e9e \u00e0 l\u2019analyse des m\u00e9dias, des pratiques journalistiques et des mutations de l\u2019information \u00e0 l\u2019\u00e8re digitale. \u00c0 travers ses contributions, Wided Belhaj propose une lecture analytique de l\u2019actualit\u00e9, en croisant regard critique et expertise acad\u00e9mique.\",\"knowsAbout\":[\"m\u00e9dias\",\"journalisme\",\"communication\",\"information\",\"transformation num\u00e9rique\",\"analyse des m\u00e9dias\"],\"knowsLanguage\":[\"Fran\u00e7ais\",\"Arabe\"],\"jobTitle\":\"Webdo.tn\",\"worksFor\":\"Journaliste \u2013 Analyse des m\u00e9dias\",\"url\":\"https:\\\/\\\/www.webdo.tn\\\/fr\\\/actualite\\\/author\\\/wided-belhaj\\\/\"}]}<\/script>\n<!-- \/ Yoast SEO Premium plugin. -->","yoast_head_json":{"title":"Le Japon veut \u00e9largir ses investissements en Tunisie - webdo","description":"D\u00e9couvrez la rencontre entre le pr\u00e9sident Ka\u00efs Sa\u00efed et l'ambassadeur du Japon, c\u00e9l\u00e9brant 70 ans d'amiti\u00e9 diplomatique.","canonical":"https:\/\/www.webdo.tn\/fr\/actualite\/national\/le-japon-veut-elargir-ses-investissements-en-tunisie\/388741\/","og_locale":"fr_FR","og_type":"article","og_title":"Le Japon veut \u00e9largir ses investissements en Tunisie","og_description":"D\u00e9couvrez la rencontre entre le pr\u00e9sident Ka\u00efs Sa\u00efed et l'ambassadeur du Japon, c\u00e9l\u00e9brant 70 ans d'amiti\u00e9 diplomatique.","og_url":"https:\/\/www.webdo.tn\/fr\/actualite\/national\/le-japon-veut-elargir-ses-investissements-en-tunisie\/388741\/","og_site_name":"webdo","article_publisher":"https:\/\/www.facebook.com\/webdotn","article_published_time":"2025-12-03T08:08:15+00:00","article_modified_time":"2025-12-03T08:38:25+00:00","og_image":[{"width":2048,"height":1479,"url":"https:\/\/www.webdo.tn\/fr\/wp-content\/uploads\/2025\/12\/593866036_1268316138660317_3391486474621827260_n.jpg","type":"image\/jpeg"}],"author":"Wided Belhaj","twitter_card":"summary_large_image","twitter_creator":"@webdo_tn","twitter_site":"@webdo_tn","twitter_misc":{"\u00c9crit par":"Wided Belhaj","Dur\u00e9e de lecture estim\u00e9e":"2 minutes"},"schema":{"@context":"https:\/\/schema.org","@graph":[{"@type":"NewsArticle","@id":"https:\/\/www.webdo.tn\/fr\/actualite\/national\/le-japon-veut-elargir-ses-investissements-en-tunisie\/388741\/#article","isPartOf":{"@id":"https:\/\/www.webdo.tn\/fr\/actualite\/national\/le-japon-veut-elargir-ses-investissements-en-tunisie\/388741\/"},"author":{"name":"Wided Belhaj","@id":"https:\/\/www.webdo.tn\/fr\/#\/schema\/person\/b9ecde7a5574cb4fcf4b496ea5fadb15"},"headline":"Le Japon veut \u00e9largir ses investissements en Tunisie","datePublished":"2025-12-03T08:08:15+00:00","dateModified":"2025-12-03T08:38:25+00:00","mainEntityOfPage":{"@id":"https:\/\/www.webdo.tn\/fr\/actualite\/national\/le-japon-veut-elargir-ses-investissements-en-tunisie\/388741\/"},"wordCount":328,"publisher":{"@id":"https:\/\/www.webdo.tn\/fr\/#organization"},"image":{"@id":"https:\/\/www.webdo.tn\/fr\/actualite\/national\/le-japon-veut-elargir-ses-investissements-en-tunisie\/388741\/#primaryimage"},"thumbnailUrl":"https:\/\/www.webdo.tn\/fr\/wp-content\/uploads\/2025\/12\/593866036_1268316138660317_3391486474621827260_n.jpg","keywords":["Japon","Kais Saied","Tunisie"],"articleSection":["National"],"inLanguage":"fr-FR"},{"@type":"WebPage","@id":"https:\/\/www.webdo.tn\/fr\/actualite\/national\/le-japon-veut-elargir-ses-investissements-en-tunisie\/388741\/","url":"https:\/\/www.webdo.tn\/fr\/actualite\/national\/le-japon-veut-elargir-ses-investissements-en-tunisie\/388741\/","name":"Le Japon veut \u00e9largir ses investissements en Tunisie - webdo","isPartOf":{"@id":"https:\/\/www.webdo.tn\/fr\/#website"},"primaryImageOfPage":{"@id":"https:\/\/www.webdo.tn\/fr\/actualite\/national\/le-japon-veut-elargir-ses-investissements-en-tunisie\/388741\/#primaryimage"},"image":{"@id":"https:\/\/www.webdo.tn\/fr\/actualite\/national\/le-japon-veut-elargir-ses-investissements-en-tunisie\/388741\/#primaryimage"},"thumbnailUrl":"https:\/\/www.webdo.tn\/fr\/wp-content\/uploads\/2025\/12\/593866036_1268316138660317_3391486474621827260_n.jpg","datePublished":"2025-12-03T08:08:15+00:00","dateModified":"2025-12-03T08:38:25+00:00","description":"D\u00e9couvrez la rencontre entre le pr\u00e9sident Ka\u00efs Sa\u00efed et l'ambassadeur du Japon, c\u00e9l\u00e9brant 70 ans d'amiti\u00e9 diplomatique.","breadcrumb":{"@id":"https:\/\/www.webdo.tn\/fr\/actualite\/national\/le-japon-veut-elargir-ses-investissements-en-tunisie\/388741\/#breadcrumb"},"inLanguage":"fr-FR","potentialAction":[{"@type":"ReadAction","target":["https:\/\/www.webdo.tn\/fr\/actualite\/national\/le-japon-veut-elargir-ses-investissements-en-tunisie\/388741\/"]}]},{"@type":"ImageObject","inLanguage":"fr-FR","@id":"https:\/\/www.webdo.tn\/fr\/actualite\/national\/le-japon-veut-elargir-ses-investissements-en-tunisie\/388741\/#primaryimage","url":"https:\/\/www.webdo.tn\/fr\/wp-content\/uploads\/2025\/12\/593866036_1268316138660317_3391486474621827260_n.jpg","contentUrl":"https:\/\/www.webdo.tn\/fr\/wp-content\/uploads\/2025\/12\/593866036_1268316138660317_3391486474621827260_n.jpg","width":2048,"height":1479,"caption":"Japon"},{"@type":"BreadcrumbList","@id":"https:\/\/www.webdo.tn\/fr\/actualite\/national\/le-japon-veut-elargir-ses-investissements-en-tunisie\/388741\/#breadcrumb","itemListElement":[{"@type":"ListItem","position":1,"name":"Accueil","item":"https:\/\/www.webdo.tn\/fr\/"},{"@type":"ListItem","position":2,"name":"Le Japon veut \u00e9largir ses investissements en Tunisie"}]},{"@type":"WebSite","@id":"https:\/\/www.webdo.tn\/fr\/#website","url":"https:\/\/www.webdo.tn\/fr\/","name":"webdo","description":"Tunisie - News en Tunisie et \u00e0 l&#039;international sur Webdo.tn","publisher":{"@id":"https:\/\/www.webdo.tn\/fr\/#organization"},"potentialAction":[{"@type":"SearchAction","target":{"@type":"EntryPoint","urlTemplate":"https:\/\/www.webdo.tn\/fr\/?s={search_term_string}"},"query-input":{"@type":"PropertyValueSpecification","valueRequired":true,"valueName":"search_term_string"}}],"inLanguage":"fr-FR"},{"@type":"Organization","@id":"https:\/\/www.webdo.tn\/fr\/#organization","name":"Webdo","alternateName":"Webdo.tn","url":"https:\/\/www.webdo.tn\/fr\/","logo":{"@type":"ImageObject","inLanguage":"fr-FR","@id":"https:\/\/www.webdo.tn\/fr\/#\/schema\/logo\/image\/","url":"https:\/\/www.webdo.tn\/fr\/wp-content\/uploads\/2025\/06\/Webdo-Tunisie_168377.jpg","contentUrl":"https:\/\/www.webdo.tn\/fr\/wp-content\/uploads\/2025\/06\/Webdo-Tunisie_168377.jpg","width":301,"height":301,"caption":"Webdo"},"image":{"@id":"https:\/\/www.webdo.tn\/fr\/#\/schema\/logo\/image\/"},"sameAs":["https:\/\/www.facebook.com\/webdotn","https:\/\/x.com\/webdo_tn"],"description":"Webdo est un m\u00e9dia num\u00e9rique tunisien fond\u00e9 en 2010, sp\u00e9cialis\u00e9 dans l\u2019actualit\u00e9 nationale et internationale, l\u2019\u00e9conomie, la soci\u00e9t\u00e9 et les analyses politiques. Le site s\u2019adresse \u00e0 un large public francophone et couvre l\u2019information tunisienne en temps r\u00e9el.","email":"redac@webdo.tn","legalName":"YNJ SARL","foundingDate":"2010-09-06","numberOfEmployees":{"@type":"QuantitativeValue","minValue":"11","maxValue":"50"}},{"@type":"Person","@id":"https:\/\/www.webdo.tn\/fr\/#\/schema\/person\/b9ecde7a5574cb4fcf4b496ea5fadb15","name":"Wided Belhaj","image":{"@type":"ImageObject","inLanguage":"fr-FR","@id":"https:\/\/www.webdo.tn\/fr\/wp-content\/uploads\/2026\/04\/wided-belhaj_avatar-96x96.jpg","url":"https:\/\/www.webdo.tn\/fr\/wp-content\/uploads\/2026\/04\/wided-belhaj_avatar-96x96.jpg","contentUrl":"https:\/\/www.webdo.tn\/fr\/wp-content\/uploads\/2026\/04\/wided-belhaj_avatar-96x96.jpg","caption":"Wided Belhaj"},"description":"Wided Belhaj est le pseudonyme \u00e9ditorial utilis\u00e9 par Khalil Jelassi, journaliste, ma\u00eetre-assistant \u00e0 l\u2019Institut de presse et des sciences de l\u2019information (IPSI) et chercheur en sciences de l\u2019information et de la communication. Cette signature est d\u00e9di\u00e9e \u00e0 l\u2019analyse des m\u00e9dias, des pratiques journalistiques et des mutations de l\u2019information \u00e0 l\u2019\u00e8re digitale. \u00c0 travers ses contributions, Wided Belhaj propose une lecture analytique de l\u2019actualit\u00e9, en croisant regard critique et expertise acad\u00e9mique.","knowsAbout":["m\u00e9dias","journalisme","communication","information","transformation num\u00e9rique","analyse des m\u00e9dias"],"knowsLanguage":["Fran\u00e7ais","Arabe"],"jobTitle":"Webdo.tn","worksFor":"Journaliste \u2013 Analyse des m\u00e9dias","url":"https:\/\/www.webdo.tn\/fr\/actualite\/author\/wided-belhaj\/"}]}},"_links":{"self":[{"href":"https:\/\/www.webdo.tn\/fr\/wp-json\/wp\/v2\/posts\/388741","targetHints":{"allow":["GET"]}}],"collection":[{"href":"https:\/\/www.webdo.tn\/fr\/wp-json\/wp\/v2\/posts"}],"about":[{"href":"https:\/\/www.webdo.tn\/fr\/wp-json\/wp\/v2\/types\/post"}],"author":[{"embeddable":true,"href":"https:\/\/www.webdo.tn\/fr\/wp-json\/wp\/v2\/users\/3184"}],"replies":[{"embeddable":true,"href":"https:\/\/www.webdo.tn\/fr\/wp-json\/wp\/v2\/comments?post=388741"}],"version-history":[{"count":0,"href":"https:\/\/www.webdo.tn\/fr\/wp-json\/wp\/v2\/posts\/388741\/revisions"}],"wp:featuredmedia":[{"embeddable":true,"href":"https:\/\/www.webdo.tn\/fr\/wp-json\/wp\/v2\/media\/388745"}],"wp:attachment":[{"href":"https:\/\/www.webdo.tn\/fr\/wp-json\/wp\/v2\/media?parent=388741"}],"wp:term":[{"taxonomy":"category","embeddable":true,"href":"https:\/\/www.webdo.tn\/fr\/wp-json\/wp\/v2\/categories?post=388741"},{"taxonomy":"post_tag","embeddable":true,"href":"https:\/\/www.webdo.tn\/fr\/wp-json\/wp\/v2\/tags?post=388741"}],"curies":[{"name":"wp","href":"https:\/\/api.w.org\/{rel}","templated":true}]}}