{"id":388671,"date":"2025-12-01T18:42:24","date_gmt":"2025-12-01T17:42:24","guid":{"rendered":"https:\/\/www.webdo.tn\/fr\/?p=388671"},"modified":"2025-12-01T18:42:25","modified_gmt":"2025-12-01T17:42:25","slug":"airbus-secoue-par-une-serie-dincidents-techniques-que-se-passe-t-il-vraiment","status":"publish","type":"post","link":"https:\/\/www.webdo.tn\/fr\/actualite\/international\/airbus-secoue-par-une-serie-dincidents-techniques-que-se-passe-t-il-vraiment\/388671\/","title":{"rendered":"Airbus secou\u00e9 par une s\u00e9rie d\u2019incidents techniques : Que se passe-t-il vraiment ?"},"content":{"rendered":"\n<p><\/p>\n\n\n\n<p>Airbus traverse, depuis fin novembre 2025, une p\u00e9riode d\u00e9licate marqu\u00e9e par deux probl\u00e8mes majeurs touchant la famille A320 : un rappel logiciel massif et un d\u00e9faut industriel d\u00e9couvert sur des panneaux de fuselage. Deux alertes distinctes, mais suffisamment s\u00e9rieuses pour perturber les livraisons, secouer les march\u00e9s et interroger la solidit\u00e9 de la cha\u00eene de production de l\u2019avionneur europ\u00e9en.<\/p>\n\n\n\n<p>Le 28 novembre 2025, Airbus a ordonn\u00e9 la mise \u00e0 jour urgente d\u2019environ 6 000 avions A320 apr\u00e8s la d\u00e9couverte d\u2019un bug affectant l\u2019ordinateur des commandes de vol (ELAC). Ce bug, d\u00e9clench\u00e9 dans certaines conditions, pouvait alt\u00e9rer des donn\u00e9es critiques en vol .<\/p>\n\n\n\n<p>Selon Reuters, la quasi-totalit\u00e9 des appareils a \u00e9t\u00e9 mise \u00e0 jour au 1\u1d49\u02b3 d\u00e9cembre, mais <strong>moins d\u2019une centaine<\/strong> n\u00e9cessitaient encore une intervention plus lourde .<\/p>\n\n\n\n<h2 class=\"wp-block-heading\" id=\"h-un-defaut-industriel-sur-les-a320-en-production\">Un d\u00e9faut industriel sur les A320 en production<\/h2>\n\n\n\n<p>Le 1\u1d49\u02b3 d\u00e9cembre, Airbus a confirm\u00e9 un nouveau probl\u00e8me : un d\u00e9faut sur des panneaux m\u00e9talliques du fuselage de la famille A320, touchant plusieurs dizaines d\u2019avions en production. Les appareils d\u00e9j\u00e0 en service ne sont pas concern\u00e9s, mais ces d\u00e9fauts entra\u00eenent des retards suppl\u00e9mentaires dans les livraisons .<\/p>\n\n\n\n<p>Cette annonce a provoqu\u00e9 une chute d\u2019environ 10 % du titre Airbus, signe de l\u2019inqui\u00e9tude persistante autour de la qualit\u00e9 et du contr\u00f4le industriel .<\/p>\n\n\n\n<p>Airbus avait d\u00e9j\u00e0 du mal \u00e0 tenir son rythme \u00e0 cause des retards dans la cha\u00eene d\u2019approvisionnement : moteurs en retard, manque de composants, appareils en attente d\u2019\u00e9quipements. En novembre, seulement 72 avions ont \u00e9t\u00e9 livr\u00e9s, un niveau insuffisant pour esp\u00e9rer atteindre les 820 appareils pr\u00e9vus en 2025 .<\/p>\n\n\n\n<h2 class=\"wp-block-heading\" id=\"h-tunisair-et-nouvelair-impact-sur-les-compagnies-tunisiennes\"><strong>Tunisair et Nouvelair : impact sur les compagnies tunisiennes<\/strong><\/h2>\n\n\n\n<p>Le rappel d\u2019Airbus concerne aussi les compagnies tunisiennes op\u00e9rant des A320. Tunisair a assur\u00e9, dans un communiqu\u00e9 dat\u00e9 du 29 novembre, que sa flotte \u00e9tait \u00ab pleinement op\u00e9rationnelle \u00bb apr\u00e8s l\u2019application de la mise \u00e0 jour logicielle recommand\u00e9e. La compagnie pr\u00e9cise que l\u2019intervention technique a \u00e9t\u00e9 r\u00e9alis\u00e9e \u00ab rapidement, efficacement et professionnellement \u00bb \ufeff.<\/p>\n\n\n\n<p>Tunisair n\u2019a toutefois pas d\u00e9taill\u00e9 le nombre exact d\u2019appareils concern\u00e9s, ce qui laisse une zone d\u2019ombre sur l\u2019ampleur r\u00e9elle de l\u2019impact.<\/p>\n\n\n\n<p>Nouvelair exploite \u00e9galement des A320, dont un appareil r\u00e9cemment int\u00e9gr\u00e9 \u00e0 sa flotte. La compagnie est donc directement expos\u00e9e au rappel logiciel. <\/p>\n\n\n\n<p><\/p>\n\n\n\n<p><strong>Lire aussi :<\/strong> <a href=\"https:\/\/www.webdo.tn\/fr\/actualite\/national\/tunisair-se-dote-d-un-nouvel-airbus-a-320-trois-autres-suivront\/206163\/\">Tunisair se dote d\u2019un nouvel Airbus A-320, trois autres suivront !<\/a><br><\/p>\n","protected":false},"excerpt":{"rendered":"<p>Airbus traverse, depuis fin novembre 2025, une p\u00e9riode d\u00e9licate marqu\u00e9e par deux probl\u00e8mes majeurs touchant la famille A320 : un rappel logiciel massif et un d\u00e9faut industriel d\u00e9couvert sur des panneaux de fuselage. Deux alertes distinctes, mais suffisamment s\u00e9rieuses pour perturber les livraisons, secouer les march\u00e9s et interroger la solidit\u00e9 de la cha\u00eene de production [&hellip;]<\/p>\n","protected":false},"author":3184,"featured_media":388672,"comment_status":"closed","ping_status":"closed","sticky":false,"template":"","format":"standard","meta":{"footnotes":""},"categories":[2598],"tags":[9521,4664,6823],"class_list":["post-388671","post","type-post","status-publish","format-standard","has-post-thumbnail","hentry","category-international","tag-airbus","tag-avion","tag-rappel"],"yoast_head":"<!-- This site is optimized with the Yoast SEO Premium plugin v27.5 (Yoast SEO v27.5) - https:\/\/yoast.com\/product\/yoast-seo-premium-wordpress\/ -->\n<title>Airbus secou\u00e9 par une s\u00e9rie d\u2019incidents techniques : Que se passe-t-il vraiment ? - webdo<\/title>\n<meta name=\"description\" content=\"D\u00e9couvrez les derniers d\u00e9fis rencontr\u00e9s par Airbus concernant la famille A320, y compris les mises \u00e0 jour logicielles n\u00e9cessaires.\" \/>\n<link rel=\"canonical\" href=\"https:\/\/www.webdo.tn\/fr\/actualite\/international\/airbus-secoue-par-une-serie-dincidents-techniques-que-se-passe-t-il-vraiment\/388671\/\" \/>\n<meta property=\"og:locale\" content=\"fr_FR\" \/>\n<meta property=\"og:type\" content=\"article\" \/>\n<meta property=\"og:title\" content=\"Airbus secou\u00e9 par une s\u00e9rie d\u2019incidents techniques : Que se passe-t-il vraiment ?\" \/>\n<meta property=\"og:description\" content=\"D\u00e9couvrez les derniers d\u00e9fis rencontr\u00e9s par Airbus concernant la famille A320, y compris les mises \u00e0 jour logicielles n\u00e9cessaires.\" \/>\n<meta property=\"og:url\" content=\"https:\/\/www.webdo.tn\/fr\/actualite\/international\/airbus-secoue-par-une-serie-dincidents-techniques-que-se-passe-t-il-vraiment\/388671\/\" \/>\n<meta property=\"og:site_name\" content=\"webdo\" \/>\n<meta property=\"article:publisher\" content=\"https:\/\/www.facebook.com\/webdotn\" \/>\n<meta property=\"article:published_time\" content=\"2025-12-01T17:42:24+00:00\" \/>\n<meta property=\"article:modified_time\" content=\"2025-12-01T17:42:25+00:00\" \/>\n<meta property=\"og:image\" content=\"https:\/\/www.webdo.tn\/fr\/wp-content\/uploads\/2025\/12\/Capture-decran-2025-12-01-183944.jpg\" \/>\n\t<meta property=\"og:image:width\" content=\"1305\" \/>\n\t<meta property=\"og:image:height\" content=\"871\" \/>\n\t<meta property=\"og:image:type\" content=\"image\/jpeg\" \/>\n<meta name=\"author\" content=\"Wided Belhaj\" \/>\n<meta name=\"twitter:card\" content=\"summary_large_image\" \/>\n<meta name=\"twitter:creator\" content=\"@webdo_tn\" \/>\n<meta name=\"twitter:site\" content=\"@webdo_tn\" \/>\n<meta name=\"twitter:label1\" content=\"\u00c9crit par\" \/>\n\t<meta name=\"twitter:data1\" content=\"Wided Belhaj\" \/>\n\t<meta name=\"twitter:label2\" content=\"Dur\u00e9e de lecture estim\u00e9e\" \/>\n\t<meta name=\"twitter:data2\" content=\"3 minutes\" \/>\n<script type=\"application\/ld+json\" class=\"yoast-schema-graph\">{\"@context\":\"https:\\\/\\\/schema.org\",\"@graph\":[{\"@type\":\"NewsArticle\",\"@id\":\"https:\\\/\\\/www.webdo.tn\\\/fr\\\/actualite\\\/international\\\/airbus-secoue-par-une-serie-dincidents-techniques-que-se-passe-t-il-vraiment\\\/388671\\\/#article\",\"isPartOf\":{\"@id\":\"https:\\\/\\\/www.webdo.tn\\\/fr\\\/actualite\\\/international\\\/airbus-secoue-par-une-serie-dincidents-techniques-que-se-passe-t-il-vraiment\\\/388671\\\/\"},\"author\":{\"name\":\"Wided Belhaj\",\"@id\":\"https:\\\/\\\/www.webdo.tn\\\/fr\\\/#\\\/schema\\\/person\\\/b9ecde7a5574cb4fcf4b496ea5fadb15\"},\"headline\":\"Airbus secou\u00e9 par une s\u00e9rie d\u2019incidents techniques : Que se passe-t-il vraiment ?\",\"datePublished\":\"2025-12-01T17:42:24+00:00\",\"dateModified\":\"2025-12-01T17:42:25+00:00\",\"mainEntityOfPage\":{\"@id\":\"https:\\\/\\\/www.webdo.tn\\\/fr\\\/actualite\\\/international\\\/airbus-secoue-par-une-serie-dincidents-techniques-que-se-passe-t-il-vraiment\\\/388671\\\/\"},\"wordCount\":420,\"publisher\":{\"@id\":\"https:\\\/\\\/www.webdo.tn\\\/fr\\\/#organization\"},\"image\":{\"@id\":\"https:\\\/\\\/www.webdo.tn\\\/fr\\\/actualite\\\/international\\\/airbus-secoue-par-une-serie-dincidents-techniques-que-se-passe-t-il-vraiment\\\/388671\\\/#primaryimage\"},\"thumbnailUrl\":\"https:\\\/\\\/www.webdo.tn\\\/fr\\\/wp-content\\\/uploads\\\/2025\\\/12\\\/Capture-decran-2025-12-01-183944.jpg\",\"keywords\":[\"Airbus\",\"Avion\",\"Rappel\"],\"articleSection\":[\"International\"],\"inLanguage\":\"fr-FR\"},{\"@type\":\"WebPage\",\"@id\":\"https:\\\/\\\/www.webdo.tn\\\/fr\\\/actualite\\\/international\\\/airbus-secoue-par-une-serie-dincidents-techniques-que-se-passe-t-il-vraiment\\\/388671\\\/\",\"url\":\"https:\\\/\\\/www.webdo.tn\\\/fr\\\/actualite\\\/international\\\/airbus-secoue-par-une-serie-dincidents-techniques-que-se-passe-t-il-vraiment\\\/388671\\\/\",\"name\":\"Airbus secou\u00e9 par une s\u00e9rie d\u2019incidents techniques : Que se passe-t-il vraiment ? - webdo\",\"isPartOf\":{\"@id\":\"https:\\\/\\\/www.webdo.tn\\\/fr\\\/#website\"},\"primaryImageOfPage\":{\"@id\":\"https:\\\/\\\/www.webdo.tn\\\/fr\\\/actualite\\\/international\\\/airbus-secoue-par-une-serie-dincidents-techniques-que-se-passe-t-il-vraiment\\\/388671\\\/#primaryimage\"},\"image\":{\"@id\":\"https:\\\/\\\/www.webdo.tn\\\/fr\\\/actualite\\\/international\\\/airbus-secoue-par-une-serie-dincidents-techniques-que-se-passe-t-il-vraiment\\\/388671\\\/#primaryimage\"},\"thumbnailUrl\":\"https:\\\/\\\/www.webdo.tn\\\/fr\\\/wp-content\\\/uploads\\\/2025\\\/12\\\/Capture-decran-2025-12-01-183944.jpg\",\"datePublished\":\"2025-12-01T17:42:24+00:00\",\"dateModified\":\"2025-12-01T17:42:25+00:00\",\"description\":\"D\u00e9couvrez les derniers d\u00e9fis rencontr\u00e9s par Airbus concernant la famille A320, y compris les mises \u00e0 jour logicielles n\u00e9cessaires.\",\"breadcrumb\":{\"@id\":\"https:\\\/\\\/www.webdo.tn\\\/fr\\\/actualite\\\/international\\\/airbus-secoue-par-une-serie-dincidents-techniques-que-se-passe-t-il-vraiment\\\/388671\\\/#breadcrumb\"},\"inLanguage\":\"fr-FR\",\"potentialAction\":[{\"@type\":\"ReadAction\",\"target\":[\"https:\\\/\\\/www.webdo.tn\\\/fr\\\/actualite\\\/international\\\/airbus-secoue-par-une-serie-dincidents-techniques-que-se-passe-t-il-vraiment\\\/388671\\\/\"]}]},{\"@type\":\"ImageObject\",\"inLanguage\":\"fr-FR\",\"@id\":\"https:\\\/\\\/www.webdo.tn\\\/fr\\\/actualite\\\/international\\\/airbus-secoue-par-une-serie-dincidents-techniques-que-se-passe-t-il-vraiment\\\/388671\\\/#primaryimage\",\"url\":\"https:\\\/\\\/www.webdo.tn\\\/fr\\\/wp-content\\\/uploads\\\/2025\\\/12\\\/Capture-decran-2025-12-01-183944.jpg\",\"contentUrl\":\"https:\\\/\\\/www.webdo.tn\\\/fr\\\/wp-content\\\/uploads\\\/2025\\\/12\\\/Capture-decran-2025-12-01-183944.jpg\",\"width\":1305,\"height\":871,\"caption\":\"Airbus\"},{\"@type\":\"BreadcrumbList\",\"@id\":\"https:\\\/\\\/www.webdo.tn\\\/fr\\\/actualite\\\/international\\\/airbus-secoue-par-une-serie-dincidents-techniques-que-se-passe-t-il-vraiment\\\/388671\\\/#breadcrumb\",\"itemListElement\":[{\"@type\":\"ListItem\",\"position\":1,\"name\":\"Accueil\",\"item\":\"https:\\\/\\\/www.webdo.tn\\\/fr\\\/\"},{\"@type\":\"ListItem\",\"position\":2,\"name\":\"Airbus secou\u00e9 par une s\u00e9rie d\u2019incidents techniques : Que se passe-t-il vraiment ?\"}]},{\"@type\":\"WebSite\",\"@id\":\"https:\\\/\\\/www.webdo.tn\\\/fr\\\/#website\",\"url\":\"https:\\\/\\\/www.webdo.tn\\\/fr\\\/\",\"name\":\"webdo\",\"description\":\"Tunisie - News en Tunisie et \u00e0 l&#039;international sur Webdo.tn\",\"publisher\":{\"@id\":\"https:\\\/\\\/www.webdo.tn\\\/fr\\\/#organization\"},\"potentialAction\":[{\"@type\":\"SearchAction\",\"target\":{\"@type\":\"EntryPoint\",\"urlTemplate\":\"https:\\\/\\\/www.webdo.tn\\\/fr\\\/?s={search_term_string}\"},\"query-input\":{\"@type\":\"PropertyValueSpecification\",\"valueRequired\":true,\"valueName\":\"search_term_string\"}}],\"inLanguage\":\"fr-FR\"},{\"@type\":\"Organization\",\"@id\":\"https:\\\/\\\/www.webdo.tn\\\/fr\\\/#organization\",\"name\":\"Webdo\",\"alternateName\":\"Webdo.tn\",\"url\":\"https:\\\/\\\/www.webdo.tn\\\/fr\\\/\",\"logo\":{\"@type\":\"ImageObject\",\"inLanguage\":\"fr-FR\",\"@id\":\"https:\\\/\\\/www.webdo.tn\\\/fr\\\/#\\\/schema\\\/logo\\\/image\\\/\",\"url\":\"https:\\\/\\\/www.webdo.tn\\\/fr\\\/wp-content\\\/uploads\\\/2025\\\/06\\\/Webdo-Tunisie_168377.jpg\",\"contentUrl\":\"https:\\\/\\\/www.webdo.tn\\\/fr\\\/wp-content\\\/uploads\\\/2025\\\/06\\\/Webdo-Tunisie_168377.jpg\",\"width\":301,\"height\":301,\"caption\":\"Webdo\"},\"image\":{\"@id\":\"https:\\\/\\\/www.webdo.tn\\\/fr\\\/#\\\/schema\\\/logo\\\/image\\\/\"},\"sameAs\":[\"https:\\\/\\\/www.facebook.com\\\/webdotn\",\"https:\\\/\\\/x.com\\\/webdo_tn\"],\"description\":\"Webdo est un m\u00e9dia num\u00e9rique tunisien fond\u00e9 en 2010, sp\u00e9cialis\u00e9 dans l\u2019actualit\u00e9 nationale et internationale, l\u2019\u00e9conomie, la soci\u00e9t\u00e9 et les analyses politiques. Le site s\u2019adresse \u00e0 un large public francophone et couvre l\u2019information tunisienne en temps r\u00e9el.\",\"email\":\"redac@webdo.tn\",\"legalName\":\"YNJ SARL\",\"foundingDate\":\"2010-09-06\",\"numberOfEmployees\":{\"@type\":\"QuantitativeValue\",\"minValue\":\"11\",\"maxValue\":\"50\"}},{\"@type\":\"Person\",\"@id\":\"https:\\\/\\\/www.webdo.tn\\\/fr\\\/#\\\/schema\\\/person\\\/b9ecde7a5574cb4fcf4b496ea5fadb15\",\"name\":\"Wided Belhaj\",\"image\":{\"@type\":\"ImageObject\",\"inLanguage\":\"fr-FR\",\"@id\":\"https:\\\/\\\/www.webdo.tn\\\/fr\\\/wp-content\\\/uploads\\\/2026\\\/04\\\/wided-belhaj_avatar-96x96.jpg\",\"url\":\"https:\\\/\\\/www.webdo.tn\\\/fr\\\/wp-content\\\/uploads\\\/2026\\\/04\\\/wided-belhaj_avatar-96x96.jpg\",\"contentUrl\":\"https:\\\/\\\/www.webdo.tn\\\/fr\\\/wp-content\\\/uploads\\\/2026\\\/04\\\/wided-belhaj_avatar-96x96.jpg\",\"caption\":\"Wided Belhaj\"},\"description\":\"Wided Belhaj est le pseudonyme \u00e9ditorial utilis\u00e9 par Khalil Jelassi, journaliste, ma\u00eetre-assistant \u00e0 l\u2019Institut de presse et des sciences de l\u2019information (IPSI) et chercheur en sciences de l\u2019information et de la communication. Cette signature est d\u00e9di\u00e9e \u00e0 l\u2019analyse des m\u00e9dias, des pratiques journalistiques et des mutations de l\u2019information \u00e0 l\u2019\u00e8re digitale. \u00c0 travers ses contributions, Wided Belhaj propose une lecture analytique de l\u2019actualit\u00e9, en croisant regard critique et expertise acad\u00e9mique.\",\"knowsAbout\":[\"m\u00e9dias\",\"journalisme\",\"communication\",\"information\",\"transformation num\u00e9rique\",\"analyse des m\u00e9dias\"],\"knowsLanguage\":[\"Fran\u00e7ais\",\"Arabe\"],\"jobTitle\":\"Webdo.tn\",\"worksFor\":\"Journaliste \u2013 Analyse des m\u00e9dias\",\"url\":\"https:\\\/\\\/www.webdo.tn\\\/fr\\\/actualite\\\/author\\\/wided-belhaj\\\/\"}]}<\/script>\n<!-- \/ Yoast SEO Premium plugin. -->","yoast_head_json":{"title":"Airbus secou\u00e9 par une s\u00e9rie d\u2019incidents techniques : Que se passe-t-il vraiment ? - webdo","description":"D\u00e9couvrez les derniers d\u00e9fis rencontr\u00e9s par Airbus concernant la famille A320, y compris les mises \u00e0 jour logicielles n\u00e9cessaires.","canonical":"https:\/\/www.webdo.tn\/fr\/actualite\/international\/airbus-secoue-par-une-serie-dincidents-techniques-que-se-passe-t-il-vraiment\/388671\/","og_locale":"fr_FR","og_type":"article","og_title":"Airbus secou\u00e9 par une s\u00e9rie d\u2019incidents techniques : Que se passe-t-il vraiment ?","og_description":"D\u00e9couvrez les derniers d\u00e9fis rencontr\u00e9s par Airbus concernant la famille A320, y compris les mises \u00e0 jour logicielles n\u00e9cessaires.","og_url":"https:\/\/www.webdo.tn\/fr\/actualite\/international\/airbus-secoue-par-une-serie-dincidents-techniques-que-se-passe-t-il-vraiment\/388671\/","og_site_name":"webdo","article_publisher":"https:\/\/www.facebook.com\/webdotn","article_published_time":"2025-12-01T17:42:24+00:00","article_modified_time":"2025-12-01T17:42:25+00:00","og_image":[{"width":1305,"height":871,"url":"https:\/\/www.webdo.tn\/fr\/wp-content\/uploads\/2025\/12\/Capture-decran-2025-12-01-183944.jpg","type":"image\/jpeg"}],"author":"Wided Belhaj","twitter_card":"summary_large_image","twitter_creator":"@webdo_tn","twitter_site":"@webdo_tn","twitter_misc":{"\u00c9crit par":"Wided Belhaj","Dur\u00e9e de lecture estim\u00e9e":"3 minutes"},"schema":{"@context":"https:\/\/schema.org","@graph":[{"@type":"NewsArticle","@id":"https:\/\/www.webdo.tn\/fr\/actualite\/international\/airbus-secoue-par-une-serie-dincidents-techniques-que-se-passe-t-il-vraiment\/388671\/#article","isPartOf":{"@id":"https:\/\/www.webdo.tn\/fr\/actualite\/international\/airbus-secoue-par-une-serie-dincidents-techniques-que-se-passe-t-il-vraiment\/388671\/"},"author":{"name":"Wided Belhaj","@id":"https:\/\/www.webdo.tn\/fr\/#\/schema\/person\/b9ecde7a5574cb4fcf4b496ea5fadb15"},"headline":"Airbus secou\u00e9 par une s\u00e9rie d\u2019incidents techniques : Que se passe-t-il vraiment ?","datePublished":"2025-12-01T17:42:24+00:00","dateModified":"2025-12-01T17:42:25+00:00","mainEntityOfPage":{"@id":"https:\/\/www.webdo.tn\/fr\/actualite\/international\/airbus-secoue-par-une-serie-dincidents-techniques-que-se-passe-t-il-vraiment\/388671\/"},"wordCount":420,"publisher":{"@id":"https:\/\/www.webdo.tn\/fr\/#organization"},"image":{"@id":"https:\/\/www.webdo.tn\/fr\/actualite\/international\/airbus-secoue-par-une-serie-dincidents-techniques-que-se-passe-t-il-vraiment\/388671\/#primaryimage"},"thumbnailUrl":"https:\/\/www.webdo.tn\/fr\/wp-content\/uploads\/2025\/12\/Capture-decran-2025-12-01-183944.jpg","keywords":["Airbus","Avion","Rappel"],"articleSection":["International"],"inLanguage":"fr-FR"},{"@type":"WebPage","@id":"https:\/\/www.webdo.tn\/fr\/actualite\/international\/airbus-secoue-par-une-serie-dincidents-techniques-que-se-passe-t-il-vraiment\/388671\/","url":"https:\/\/www.webdo.tn\/fr\/actualite\/international\/airbus-secoue-par-une-serie-dincidents-techniques-que-se-passe-t-il-vraiment\/388671\/","name":"Airbus secou\u00e9 par une s\u00e9rie d\u2019incidents techniques : Que se passe-t-il vraiment ? - webdo","isPartOf":{"@id":"https:\/\/www.webdo.tn\/fr\/#website"},"primaryImageOfPage":{"@id":"https:\/\/www.webdo.tn\/fr\/actualite\/international\/airbus-secoue-par-une-serie-dincidents-techniques-que-se-passe-t-il-vraiment\/388671\/#primaryimage"},"image":{"@id":"https:\/\/www.webdo.tn\/fr\/actualite\/international\/airbus-secoue-par-une-serie-dincidents-techniques-que-se-passe-t-il-vraiment\/388671\/#primaryimage"},"thumbnailUrl":"https:\/\/www.webdo.tn\/fr\/wp-content\/uploads\/2025\/12\/Capture-decran-2025-12-01-183944.jpg","datePublished":"2025-12-01T17:42:24+00:00","dateModified":"2025-12-01T17:42:25+00:00","description":"D\u00e9couvrez les derniers d\u00e9fis rencontr\u00e9s par Airbus concernant la famille A320, y compris les mises \u00e0 jour logicielles n\u00e9cessaires.","breadcrumb":{"@id":"https:\/\/www.webdo.tn\/fr\/actualite\/international\/airbus-secoue-par-une-serie-dincidents-techniques-que-se-passe-t-il-vraiment\/388671\/#breadcrumb"},"inLanguage":"fr-FR","potentialAction":[{"@type":"ReadAction","target":["https:\/\/www.webdo.tn\/fr\/actualite\/international\/airbus-secoue-par-une-serie-dincidents-techniques-que-se-passe-t-il-vraiment\/388671\/"]}]},{"@type":"ImageObject","inLanguage":"fr-FR","@id":"https:\/\/www.webdo.tn\/fr\/actualite\/international\/airbus-secoue-par-une-serie-dincidents-techniques-que-se-passe-t-il-vraiment\/388671\/#primaryimage","url":"https:\/\/www.webdo.tn\/fr\/wp-content\/uploads\/2025\/12\/Capture-decran-2025-12-01-183944.jpg","contentUrl":"https:\/\/www.webdo.tn\/fr\/wp-content\/uploads\/2025\/12\/Capture-decran-2025-12-01-183944.jpg","width":1305,"height":871,"caption":"Airbus"},{"@type":"BreadcrumbList","@id":"https:\/\/www.webdo.tn\/fr\/actualite\/international\/airbus-secoue-par-une-serie-dincidents-techniques-que-se-passe-t-il-vraiment\/388671\/#breadcrumb","itemListElement":[{"@type":"ListItem","position":1,"name":"Accueil","item":"https:\/\/www.webdo.tn\/fr\/"},{"@type":"ListItem","position":2,"name":"Airbus secou\u00e9 par une s\u00e9rie d\u2019incidents techniques : Que se passe-t-il vraiment ?"}]},{"@type":"WebSite","@id":"https:\/\/www.webdo.tn\/fr\/#website","url":"https:\/\/www.webdo.tn\/fr\/","name":"webdo","description":"Tunisie - News en Tunisie et \u00e0 l&#039;international sur Webdo.tn","publisher":{"@id":"https:\/\/www.webdo.tn\/fr\/#organization"},"potentialAction":[{"@type":"SearchAction","target":{"@type":"EntryPoint","urlTemplate":"https:\/\/www.webdo.tn\/fr\/?s={search_term_string}"},"query-input":{"@type":"PropertyValueSpecification","valueRequired":true,"valueName":"search_term_string"}}],"inLanguage":"fr-FR"},{"@type":"Organization","@id":"https:\/\/www.webdo.tn\/fr\/#organization","name":"Webdo","alternateName":"Webdo.tn","url":"https:\/\/www.webdo.tn\/fr\/","logo":{"@type":"ImageObject","inLanguage":"fr-FR","@id":"https:\/\/www.webdo.tn\/fr\/#\/schema\/logo\/image\/","url":"https:\/\/www.webdo.tn\/fr\/wp-content\/uploads\/2025\/06\/Webdo-Tunisie_168377.jpg","contentUrl":"https:\/\/www.webdo.tn\/fr\/wp-content\/uploads\/2025\/06\/Webdo-Tunisie_168377.jpg","width":301,"height":301,"caption":"Webdo"},"image":{"@id":"https:\/\/www.webdo.tn\/fr\/#\/schema\/logo\/image\/"},"sameAs":["https:\/\/www.facebook.com\/webdotn","https:\/\/x.com\/webdo_tn"],"description":"Webdo est un m\u00e9dia num\u00e9rique tunisien fond\u00e9 en 2010, sp\u00e9cialis\u00e9 dans l\u2019actualit\u00e9 nationale et internationale, l\u2019\u00e9conomie, la soci\u00e9t\u00e9 et les analyses politiques. Le site s\u2019adresse \u00e0 un large public francophone et couvre l\u2019information tunisienne en temps r\u00e9el.","email":"redac@webdo.tn","legalName":"YNJ SARL","foundingDate":"2010-09-06","numberOfEmployees":{"@type":"QuantitativeValue","minValue":"11","maxValue":"50"}},{"@type":"Person","@id":"https:\/\/www.webdo.tn\/fr\/#\/schema\/person\/b9ecde7a5574cb4fcf4b496ea5fadb15","name":"Wided Belhaj","image":{"@type":"ImageObject","inLanguage":"fr-FR","@id":"https:\/\/www.webdo.tn\/fr\/wp-content\/uploads\/2026\/04\/wided-belhaj_avatar-96x96.jpg","url":"https:\/\/www.webdo.tn\/fr\/wp-content\/uploads\/2026\/04\/wided-belhaj_avatar-96x96.jpg","contentUrl":"https:\/\/www.webdo.tn\/fr\/wp-content\/uploads\/2026\/04\/wided-belhaj_avatar-96x96.jpg","caption":"Wided Belhaj"},"description":"Wided Belhaj est le pseudonyme \u00e9ditorial utilis\u00e9 par Khalil Jelassi, journaliste, ma\u00eetre-assistant \u00e0 l\u2019Institut de presse et des sciences de l\u2019information (IPSI) et chercheur en sciences de l\u2019information et de la communication. Cette signature est d\u00e9di\u00e9e \u00e0 l\u2019analyse des m\u00e9dias, des pratiques journalistiques et des mutations de l\u2019information \u00e0 l\u2019\u00e8re digitale. \u00c0 travers ses contributions, Wided Belhaj propose une lecture analytique de l\u2019actualit\u00e9, en croisant regard critique et expertise acad\u00e9mique.","knowsAbout":["m\u00e9dias","journalisme","communication","information","transformation num\u00e9rique","analyse des m\u00e9dias"],"knowsLanguage":["Fran\u00e7ais","Arabe"],"jobTitle":"Webdo.tn","worksFor":"Journaliste \u2013 Analyse des m\u00e9dias","url":"https:\/\/www.webdo.tn\/fr\/actualite\/author\/wided-belhaj\/"}]}},"_links":{"self":[{"href":"https:\/\/www.webdo.tn\/fr\/wp-json\/wp\/v2\/posts\/388671","targetHints":{"allow":["GET"]}}],"collection":[{"href":"https:\/\/www.webdo.tn\/fr\/wp-json\/wp\/v2\/posts"}],"about":[{"href":"https:\/\/www.webdo.tn\/fr\/wp-json\/wp\/v2\/types\/post"}],"author":[{"embeddable":true,"href":"https:\/\/www.webdo.tn\/fr\/wp-json\/wp\/v2\/users\/3184"}],"replies":[{"embeddable":true,"href":"https:\/\/www.webdo.tn\/fr\/wp-json\/wp\/v2\/comments?post=388671"}],"version-history":[{"count":0,"href":"https:\/\/www.webdo.tn\/fr\/wp-json\/wp\/v2\/posts\/388671\/revisions"}],"wp:featuredmedia":[{"embeddable":true,"href":"https:\/\/www.webdo.tn\/fr\/wp-json\/wp\/v2\/media\/388672"}],"wp:attachment":[{"href":"https:\/\/www.webdo.tn\/fr\/wp-json\/wp\/v2\/media?parent=388671"}],"wp:term":[{"taxonomy":"category","embeddable":true,"href":"https:\/\/www.webdo.tn\/fr\/wp-json\/wp\/v2\/categories?post=388671"},{"taxonomy":"post_tag","embeddable":true,"href":"https:\/\/www.webdo.tn\/fr\/wp-json\/wp\/v2\/tags?post=388671"}],"curies":[{"name":"wp","href":"https:\/\/api.w.org\/{rel}","templated":true}]}}