{"id":388550,"date":"2025-11-29T09:22:40","date_gmt":"2025-11-29T08:22:40","guid":{"rendered":"https:\/\/www.webdo.tn\/fr\/?p=388550"},"modified":"2025-11-29T09:22:40","modified_gmt":"2025-11-29T08:22:40","slug":"affaire-namaa-tounes-report-du-proces-et-maintien-en-detention","status":"publish","type":"post","link":"https:\/\/www.webdo.tn\/fr\/actualite\/national\/affaire-namaa-tounes-report-du-proces-et-maintien-en-detention\/388550\/","title":{"rendered":"Affaire \u00ab\u00a0Namaa Tounes\u00a0\u00bb : Report du proc\u00e8s et maintien en d\u00e9tention"},"content":{"rendered":"\n<p><strong>La chambre criminelle sp\u00e9cialis\u00e9e du tribunal de premi\u00e8re instance de Tunis a une nouvelle fois ajourn\u00e9 l\u2019examen du dossier \u00ab Namaa Tounes \u00bb. Les demandes de remise en libert\u00e9 ont \u00e9t\u00e9 rejet\u00e9es, maintenant en d\u00e9tention le pr\u00e9sident de l\u2019association, Abdelkrim Slimane, et plusieurs membres poursuivis dans cette affaire.<\/strong><\/p>\n\n\n\n<p>Ce nouveau renvoi prolonge un dossier d\u00e9j\u00e0 tr\u00e8s charg\u00e9, marqu\u00e9 par de graves soup\u00e7ons de financement \u00e9tranger suspect et de blanchiment d\u2019argent.<\/p>\n\n\n\n<h2 class=\"wp-block-heading\" id=\"h-une-audience-reportee-sans-avancee-majeure\">Une audience report\u00e9e sans avanc\u00e9e majeure<\/h2>\n\n\n\n<p>Lors de l\u2019audience du 28 novembre, la juridiction sp\u00e9cialis\u00e9e a choisi de reporter l\u2019examen du dossier, repoussant ainsi une d\u00e9cision attendue depuis plusieurs mois. Le tribunal n\u2019a retenu aucune des requ\u00eates d\u00e9pos\u00e9es par la d\u00e9fense, notamment celles portant sur la lib\u00e9ration provisoire des pr\u00e9venus d\u00e9tenus.<\/p>\n\n\n\n<p>Le principal accus\u00e9, Abdelkrim Slimane, pr\u00e9sident de l\u2019association \u00ab Namaa Tounes \u00bb, reste donc en \u00e9tat de d\u00e9tention. D\u2019autres membres poursuivis dans cette m\u00eame affaire \u2014 certains incarc\u00e9r\u00e9s, d\u2019autres comparaissant en libert\u00e9 \u2014 sont concern\u00e9s par le m\u00eame refus.<\/p>\n\n\n\n<h2 class=\"wp-block-heading\" id=\"h-un-dossier-lourd-de-financements-etrangers-suspects\">Un dossier lourd de financements \u00e9trangers suspects<\/h2>\n\n\n\n<p>L\u2019affaire \u00ab Namaa Tounes \u00bb porte sur des accusations de blanchiment d\u2019argent et de r\u00e9ception de fonds \u00e9trangers dont l\u2019origine est jug\u00e9e douteuse par les autorit\u00e9s judiciaires. Les montants concern\u00e9s s\u2019\u00e9l\u00e8veraient \u00e0 plusieurs millions de dinars, transf\u00e9r\u00e9s dans le cadre d\u2019activit\u00e9s associatives dont la transparence est contest\u00e9e.<\/p>\n\n\n\n<p>Ces financements auraient \u00e9t\u00e9 re\u00e7us sans respecter les proc\u00e9dures l\u00e9gales de d\u00e9claration, ce qui a d\u00e9clench\u00e9 l\u2019ouverture d\u2019une enqu\u00eate approfondie. C\u2019est \u00e0 la lumi\u00e8re de ces \u00e9l\u00e9ments que la chambre d\u2019accusation de la Cour d\u2019appel avait ordonn\u00e9 la comparution des membres de l\u2019association devant la chambre criminelle sp\u00e9cialis\u00e9e.<\/p>\n\n\n\n<p>Une affaire embl\u00e9matique suivie de pr\u00e8s<\/p>\n\n\n\n<p>L\u2019association, longtemps active sous couvert de projets sociaux et de partenariats internationaux, se retrouve au centre d\u2019un dossier devenu embl\u00e9matique du contr\u00f4le des flux financiers dans le secteur associatif.<\/p>\n\n\n\n<p>Le maintien en d\u00e9tention et le report r\u00e9p\u00e9t\u00e9 du proc\u00e8s t\u00e9moignent de la sensibilit\u00e9 du dossier et de l\u2019importance accord\u00e9e par les autorit\u00e9s \u00e0 la v\u00e9rification des financements \u00e9trangers re\u00e7us par les organisations op\u00e9rant en Tunisie.<\/p>\n\n\n\n<p><\/p>\n\n\n\n<blockquote class=\"wp-block-quote is-layout-flow wp-block-quote-is-layout-flow\">\n<p><strong>Lire aussi<\/strong><\/p>\n\n\n\n<ul class=\"wp-block-list\">\n<li><a href=\"https:\/\/www.webdo.tn\/fr\/actualite\/national\/financements-etrangers-suspects-refus-de-liberation-pour-abdelkrim-slimane\/386177\/\">Financements \u00e9trangers suspects\u00a0: Refus de lib\u00e9ration pour Abdelkrim Slimane<\/a><\/li>\n\n\n\n<li><a href=\"https:\/\/www.webdo.tn\/fr\/actualite\/national\/tunisie-les-fonds-de-plusieurs-associations-geles\/217614\/\">Tunisie : Les fonds de plusieurs associations gel\u00e9s<\/a><\/li>\n\n\n\n<li><a href=\"https:\/\/www.webdo.tn\/fr\/actualite\/national\/tunisie-nouveau-rebondissement-dans-l-affaire-namaa-tounes\/213657\/\">Tunisie : Nouveau rebondissement dans l\u2019affaire \u00ab\u00a0Namaa Tounes\u00a0\u00bb<\/a><\/li>\n\n\n\n<li><a href=\"https:\/\/www.webdo.tn\/fr\/actualite\/national\/affaire-namaa-touns-le-nahdhaoui-abdelkrim-slimane-en-prison\/201722\/\">Affaire \u00ab\u00a0Namaa Tounes\u00a0\u00bb : Le nahdhaoui Abdelkrim Slimane en prison<\/a><\/li>\n\n\n\n<li><a href=\"https:\/\/www.webdo.tn\/fr\/actualite\/national\/affaire-namaa-rached-ghannouchi-devant-la-justice-en-tant-quaccuse\/131966\/\">Affaire Namaa : Rached Ghannouchi devant la justice en tant qu\u2019accus\u00e9<\/a><\/li>\n<\/ul>\n<\/blockquote>\n","protected":false},"excerpt":{"rendered":"<p>La chambre criminelle sp\u00e9cialis\u00e9e du tribunal de premi\u00e8re instance de Tunis a une nouvelle fois ajourn\u00e9 l\u2019examen du dossier \u00ab Namaa Tounes \u00bb. Les demandes de remise en libert\u00e9 ont \u00e9t\u00e9 rejet\u00e9es, maintenant en d\u00e9tention le pr\u00e9sident de l\u2019association, Abdelkrim Slimane, et plusieurs membres poursuivis dans cette affaire. Ce nouveau renvoi prolonge un dossier d\u00e9j\u00e0 [&hellip;]<\/p>\n","protected":false},"author":3191,"featured_media":384856,"comment_status":"closed","ping_status":"closed","sticky":false,"template":"","format":"standard","meta":{"footnotes":""},"categories":[44],"tags":[13160,2619,6661,2680,2608],"class_list":["post-388550","post","type-post","status-publish","format-standard","has-post-thumbnail","hentry","category-national","tag-abdelkrim-slimane","tag-justice","tag-namaa-tounes","tag-report","tag-tunisie"],"yoast_head":"<!-- This site is optimized with the Yoast SEO Premium plugin v27.5 (Yoast SEO v27.5) - https:\/\/yoast.com\/product\/yoast-seo-premium-wordpress\/ -->\n<title>Affaire &quot;Namaa Tounes&quot; : Report du proc\u00e8s et maintien en d\u00e9tention - webdo<\/title>\n<meta name=\"description\" content=\"Le proc\u00e8s de l&#039;affaire &#039;Namaa Tounes&#039; ajourn\u00e9, avec une d\u00e9cision sur la lib\u00e9ration d&#039;Abdelkrim Slimane toujours en attente.\" \/>\n<link rel=\"canonical\" href=\"https:\/\/www.webdo.tn\/fr\/actualite\/national\/affaire-namaa-tounes-report-du-proces-et-maintien-en-detention\/388550\/\" \/>\n<meta property=\"og:locale\" content=\"fr_FR\" \/>\n<meta property=\"og:type\" content=\"article\" \/>\n<meta property=\"og:title\" content=\"Affaire &quot;Namaa Tounes&quot; : Report du proc\u00e8s et maintien en d\u00e9tention\" \/>\n<meta property=\"og:description\" content=\"Le proc\u00e8s de l&#039;affaire &#039;Namaa Tounes&#039; ajourn\u00e9, avec une d\u00e9cision sur la lib\u00e9ration d&#039;Abdelkrim Slimane toujours en attente.\" \/>\n<meta property=\"og:url\" content=\"https:\/\/www.webdo.tn\/fr\/actualite\/national\/affaire-namaa-tounes-report-du-proces-et-maintien-en-detention\/388550\/\" \/>\n<meta property=\"og:site_name\" content=\"webdo\" \/>\n<meta property=\"article:publisher\" content=\"https:\/\/www.facebook.com\/webdotn\" \/>\n<meta property=\"article:published_time\" content=\"2025-11-29T08:22:40+00:00\" \/>\n<meta property=\"og:image\" content=\"https:\/\/www.webdo.tn\/fr\/wp-content\/uploads\/2025\/10\/jugement-nabeul.jpg\" \/>\n\t<meta property=\"og:image:width\" content=\"1200\" \/>\n\t<meta property=\"og:image:height\" content=\"600\" \/>\n\t<meta property=\"og:image:type\" content=\"image\/jpeg\" \/>\n<meta name=\"author\" content=\"Mohamed Hedi Touati\" \/>\n<meta name=\"twitter:card\" content=\"summary_large_image\" \/>\n<meta name=\"twitter:creator\" content=\"@webdo_tn\" \/>\n<meta name=\"twitter:site\" content=\"@webdo_tn\" \/>\n<meta name=\"twitter:label1\" content=\"\u00c9crit par\" \/>\n\t<meta name=\"twitter:data1\" content=\"Mohamed Hedi Touati\" \/>\n\t<meta name=\"twitter:label2\" content=\"Dur\u00e9e de lecture estim\u00e9e\" \/>\n\t<meta name=\"twitter:data2\" content=\"2 minutes\" \/>\n<script type=\"application\/ld+json\" class=\"yoast-schema-graph\">{\"@context\":\"https:\\\/\\\/schema.org\",\"@graph\":[{\"@type\":\"NewsArticle\",\"@id\":\"https:\\\/\\\/www.webdo.tn\\\/fr\\\/actualite\\\/national\\\/affaire-namaa-tounes-report-du-proces-et-maintien-en-detention\\\/388550\\\/#article\",\"isPartOf\":{\"@id\":\"https:\\\/\\\/www.webdo.tn\\\/fr\\\/actualite\\\/national\\\/affaire-namaa-tounes-report-du-proces-et-maintien-en-detention\\\/388550\\\/\"},\"author\":{\"name\":\"Mohamed Hedi Touati\",\"@id\":\"https:\\\/\\\/www.webdo.tn\\\/fr\\\/#\\\/schema\\\/person\\\/c652cd8fc2b1b44412b5ffb48c5a911d\"},\"headline\":\"Affaire \u00ab\u00a0Namaa Tounes\u00a0\u00bb : Report du proc\u00e8s et maintien en d\u00e9tention\",\"datePublished\":\"2025-11-29T08:22:40+00:00\",\"mainEntityOfPage\":{\"@id\":\"https:\\\/\\\/www.webdo.tn\\\/fr\\\/actualite\\\/national\\\/affaire-namaa-tounes-report-du-proces-et-maintien-en-detention\\\/388550\\\/\"},\"wordCount\":465,\"publisher\":{\"@id\":\"https:\\\/\\\/www.webdo.tn\\\/fr\\\/#organization\"},\"image\":{\"@id\":\"https:\\\/\\\/www.webdo.tn\\\/fr\\\/actualite\\\/national\\\/affaire-namaa-tounes-report-du-proces-et-maintien-en-detention\\\/388550\\\/#primaryimage\"},\"thumbnailUrl\":\"https:\\\/\\\/www.webdo.tn\\\/fr\\\/wp-content\\\/uploads\\\/2025\\\/10\\\/jugement-nabeul.jpg\",\"keywords\":[\"abdelkrim slimane\",\"justice\",\"namaa tounes\",\"report\",\"Tunisie\"],\"articleSection\":[\"National\"],\"inLanguage\":\"fr-FR\"},{\"@type\":\"WebPage\",\"@id\":\"https:\\\/\\\/www.webdo.tn\\\/fr\\\/actualite\\\/national\\\/affaire-namaa-tounes-report-du-proces-et-maintien-en-detention\\\/388550\\\/\",\"url\":\"https:\\\/\\\/www.webdo.tn\\\/fr\\\/actualite\\\/national\\\/affaire-namaa-tounes-report-du-proces-et-maintien-en-detention\\\/388550\\\/\",\"name\":\"Affaire \\\"Namaa Tounes\\\" : Report du proc\u00e8s et maintien en d\u00e9tention - webdo\",\"isPartOf\":{\"@id\":\"https:\\\/\\\/www.webdo.tn\\\/fr\\\/#website\"},\"primaryImageOfPage\":{\"@id\":\"https:\\\/\\\/www.webdo.tn\\\/fr\\\/actualite\\\/national\\\/affaire-namaa-tounes-report-du-proces-et-maintien-en-detention\\\/388550\\\/#primaryimage\"},\"image\":{\"@id\":\"https:\\\/\\\/www.webdo.tn\\\/fr\\\/actualite\\\/national\\\/affaire-namaa-tounes-report-du-proces-et-maintien-en-detention\\\/388550\\\/#primaryimage\"},\"thumbnailUrl\":\"https:\\\/\\\/www.webdo.tn\\\/fr\\\/wp-content\\\/uploads\\\/2025\\\/10\\\/jugement-nabeul.jpg\",\"datePublished\":\"2025-11-29T08:22:40+00:00\",\"description\":\"Le proc\u00e8s de l'affaire 'Namaa Tounes' ajourn\u00e9, avec une d\u00e9cision sur la lib\u00e9ration d'Abdelkrim Slimane toujours en attente.\",\"breadcrumb\":{\"@id\":\"https:\\\/\\\/www.webdo.tn\\\/fr\\\/actualite\\\/national\\\/affaire-namaa-tounes-report-du-proces-et-maintien-en-detention\\\/388550\\\/#breadcrumb\"},\"inLanguage\":\"fr-FR\",\"potentialAction\":[{\"@type\":\"ReadAction\",\"target\":[\"https:\\\/\\\/www.webdo.tn\\\/fr\\\/actualite\\\/national\\\/affaire-namaa-tounes-report-du-proces-et-maintien-en-detention\\\/388550\\\/\"]}]},{\"@type\":\"ImageObject\",\"inLanguage\":\"fr-FR\",\"@id\":\"https:\\\/\\\/www.webdo.tn\\\/fr\\\/actualite\\\/national\\\/affaire-namaa-tounes-report-du-proces-et-maintien-en-detention\\\/388550\\\/#primaryimage\",\"url\":\"https:\\\/\\\/www.webdo.tn\\\/fr\\\/wp-content\\\/uploads\\\/2025\\\/10\\\/jugement-nabeul.jpg\",\"contentUrl\":\"https:\\\/\\\/www.webdo.tn\\\/fr\\\/wp-content\\\/uploads\\\/2025\\\/10\\\/jugement-nabeul.jpg\",\"width\":1200,\"height\":600,\"caption\":\"Envoi de jeunes vers des zones de conflit : La justice renvoie l\u2019examen de l\u2019affaire\"},{\"@type\":\"BreadcrumbList\",\"@id\":\"https:\\\/\\\/www.webdo.tn\\\/fr\\\/actualite\\\/national\\\/affaire-namaa-tounes-report-du-proces-et-maintien-en-detention\\\/388550\\\/#breadcrumb\",\"itemListElement\":[{\"@type\":\"ListItem\",\"position\":1,\"name\":\"Accueil\",\"item\":\"https:\\\/\\\/www.webdo.tn\\\/fr\\\/\"},{\"@type\":\"ListItem\",\"position\":2,\"name\":\"Affaire \u00ab\u00a0Namaa Tounes\u00a0\u00bb : Report du proc\u00e8s et maintien en d\u00e9tention\"}]},{\"@type\":\"WebSite\",\"@id\":\"https:\\\/\\\/www.webdo.tn\\\/fr\\\/#website\",\"url\":\"https:\\\/\\\/www.webdo.tn\\\/fr\\\/\",\"name\":\"webdo\",\"description\":\"Tunisie - News en Tunisie et \u00e0 l&#039;international sur Webdo.tn\",\"publisher\":{\"@id\":\"https:\\\/\\\/www.webdo.tn\\\/fr\\\/#organization\"},\"potentialAction\":[{\"@type\":\"SearchAction\",\"target\":{\"@type\":\"EntryPoint\",\"urlTemplate\":\"https:\\\/\\\/www.webdo.tn\\\/fr\\\/?s={search_term_string}\"},\"query-input\":{\"@type\":\"PropertyValueSpecification\",\"valueRequired\":true,\"valueName\":\"search_term_string\"}}],\"inLanguage\":\"fr-FR\"},{\"@type\":\"Organization\",\"@id\":\"https:\\\/\\\/www.webdo.tn\\\/fr\\\/#organization\",\"name\":\"Webdo\",\"alternateName\":\"Webdo.tn\",\"url\":\"https:\\\/\\\/www.webdo.tn\\\/fr\\\/\",\"logo\":{\"@type\":\"ImageObject\",\"inLanguage\":\"fr-FR\",\"@id\":\"https:\\\/\\\/www.webdo.tn\\\/fr\\\/#\\\/schema\\\/logo\\\/image\\\/\",\"url\":\"https:\\\/\\\/www.webdo.tn\\\/fr\\\/wp-content\\\/uploads\\\/2025\\\/06\\\/Webdo-Tunisie_168377.jpg\",\"contentUrl\":\"https:\\\/\\\/www.webdo.tn\\\/fr\\\/wp-content\\\/uploads\\\/2025\\\/06\\\/Webdo-Tunisie_168377.jpg\",\"width\":301,\"height\":301,\"caption\":\"Webdo\"},\"image\":{\"@id\":\"https:\\\/\\\/www.webdo.tn\\\/fr\\\/#\\\/schema\\\/logo\\\/image\\\/\"},\"sameAs\":[\"https:\\\/\\\/www.facebook.com\\\/webdotn\",\"https:\\\/\\\/x.com\\\/webdo_tn\"],\"description\":\"Webdo est un m\u00e9dia num\u00e9rique tunisien fond\u00e9 en 2010, sp\u00e9cialis\u00e9 dans l\u2019actualit\u00e9 nationale et internationale, l\u2019\u00e9conomie, la soci\u00e9t\u00e9 et les analyses politiques. Le site s\u2019adresse \u00e0 un large public francophone et couvre l\u2019information tunisienne en temps r\u00e9el.\",\"email\":\"redac@webdo.tn\",\"legalName\":\"YNJ SARL\",\"foundingDate\":\"2010-09-06\",\"numberOfEmployees\":{\"@type\":\"QuantitativeValue\",\"minValue\":\"11\",\"maxValue\":\"50\"}},{\"@type\":\"Person\",\"@id\":\"https:\\\/\\\/www.webdo.tn\\\/fr\\\/#\\\/schema\\\/person\\\/c652cd8fc2b1b44412b5ffb48c5a911d\",\"name\":\"Mohamed Hedi Touati\",\"image\":{\"@type\":\"ImageObject\",\"inLanguage\":\"fr-FR\",\"@id\":\"https:\\\/\\\/secure.gravatar.com\\\/avatar\\\/9cfd402c745b7a685f13eed0ea6e59d2144a3c2fc50a3db6fd5ed451f6cddf1a?s=96&d=mm&r=g\",\"url\":\"https:\\\/\\\/secure.gravatar.com\\\/avatar\\\/9cfd402c745b7a685f13eed0ea6e59d2144a3c2fc50a3db6fd5ed451f6cddf1a?s=96&d=mm&r=g\",\"contentUrl\":\"https:\\\/\\\/secure.gravatar.com\\\/avatar\\\/9cfd402c745b7a685f13eed0ea6e59d2144a3c2fc50a3db6fd5ed451f6cddf1a?s=96&d=mm&r=g\",\"caption\":\"Mohamed Hedi Touati\"},\"url\":\"https:\\\/\\\/www.webdo.tn\\\/fr\\\/actualite\\\/author\\\/mohamed-hedi-touati\\\/\"}]}<\/script>\n<!-- \/ Yoast SEO Premium plugin. -->","yoast_head_json":{"title":"Affaire \"Namaa Tounes\" : Report du proc\u00e8s et maintien en d\u00e9tention - webdo","description":"Le proc\u00e8s de l'affaire 'Namaa Tounes' ajourn\u00e9, avec une d\u00e9cision sur la lib\u00e9ration d'Abdelkrim Slimane toujours en attente.","canonical":"https:\/\/www.webdo.tn\/fr\/actualite\/national\/affaire-namaa-tounes-report-du-proces-et-maintien-en-detention\/388550\/","og_locale":"fr_FR","og_type":"article","og_title":"Affaire \"Namaa Tounes\" : Report du proc\u00e8s et maintien en d\u00e9tention","og_description":"Le proc\u00e8s de l'affaire 'Namaa Tounes' ajourn\u00e9, avec une d\u00e9cision sur la lib\u00e9ration d'Abdelkrim Slimane toujours en attente.","og_url":"https:\/\/www.webdo.tn\/fr\/actualite\/national\/affaire-namaa-tounes-report-du-proces-et-maintien-en-detention\/388550\/","og_site_name":"webdo","article_publisher":"https:\/\/www.facebook.com\/webdotn","article_published_time":"2025-11-29T08:22:40+00:00","og_image":[{"width":1200,"height":600,"url":"https:\/\/www.webdo.tn\/fr\/wp-content\/uploads\/2025\/10\/jugement-nabeul.jpg","type":"image\/jpeg"}],"author":"Mohamed Hedi Touati","twitter_card":"summary_large_image","twitter_creator":"@webdo_tn","twitter_site":"@webdo_tn","twitter_misc":{"\u00c9crit par":"Mohamed Hedi Touati","Dur\u00e9e de lecture estim\u00e9e":"2 minutes"},"schema":{"@context":"https:\/\/schema.org","@graph":[{"@type":"NewsArticle","@id":"https:\/\/www.webdo.tn\/fr\/actualite\/national\/affaire-namaa-tounes-report-du-proces-et-maintien-en-detention\/388550\/#article","isPartOf":{"@id":"https:\/\/www.webdo.tn\/fr\/actualite\/national\/affaire-namaa-tounes-report-du-proces-et-maintien-en-detention\/388550\/"},"author":{"name":"Mohamed Hedi Touati","@id":"https:\/\/www.webdo.tn\/fr\/#\/schema\/person\/c652cd8fc2b1b44412b5ffb48c5a911d"},"headline":"Affaire \u00ab\u00a0Namaa Tounes\u00a0\u00bb : Report du proc\u00e8s et maintien en d\u00e9tention","datePublished":"2025-11-29T08:22:40+00:00","mainEntityOfPage":{"@id":"https:\/\/www.webdo.tn\/fr\/actualite\/national\/affaire-namaa-tounes-report-du-proces-et-maintien-en-detention\/388550\/"},"wordCount":465,"publisher":{"@id":"https:\/\/www.webdo.tn\/fr\/#organization"},"image":{"@id":"https:\/\/www.webdo.tn\/fr\/actualite\/national\/affaire-namaa-tounes-report-du-proces-et-maintien-en-detention\/388550\/#primaryimage"},"thumbnailUrl":"https:\/\/www.webdo.tn\/fr\/wp-content\/uploads\/2025\/10\/jugement-nabeul.jpg","keywords":["abdelkrim slimane","justice","namaa tounes","report","Tunisie"],"articleSection":["National"],"inLanguage":"fr-FR"},{"@type":"WebPage","@id":"https:\/\/www.webdo.tn\/fr\/actualite\/national\/affaire-namaa-tounes-report-du-proces-et-maintien-en-detention\/388550\/","url":"https:\/\/www.webdo.tn\/fr\/actualite\/national\/affaire-namaa-tounes-report-du-proces-et-maintien-en-detention\/388550\/","name":"Affaire \"Namaa Tounes\" : Report du proc\u00e8s et maintien en d\u00e9tention - webdo","isPartOf":{"@id":"https:\/\/www.webdo.tn\/fr\/#website"},"primaryImageOfPage":{"@id":"https:\/\/www.webdo.tn\/fr\/actualite\/national\/affaire-namaa-tounes-report-du-proces-et-maintien-en-detention\/388550\/#primaryimage"},"image":{"@id":"https:\/\/www.webdo.tn\/fr\/actualite\/national\/affaire-namaa-tounes-report-du-proces-et-maintien-en-detention\/388550\/#primaryimage"},"thumbnailUrl":"https:\/\/www.webdo.tn\/fr\/wp-content\/uploads\/2025\/10\/jugement-nabeul.jpg","datePublished":"2025-11-29T08:22:40+00:00","description":"Le proc\u00e8s de l'affaire 'Namaa Tounes' ajourn\u00e9, avec une d\u00e9cision sur la lib\u00e9ration d'Abdelkrim Slimane toujours en attente.","breadcrumb":{"@id":"https:\/\/www.webdo.tn\/fr\/actualite\/national\/affaire-namaa-tounes-report-du-proces-et-maintien-en-detention\/388550\/#breadcrumb"},"inLanguage":"fr-FR","potentialAction":[{"@type":"ReadAction","target":["https:\/\/www.webdo.tn\/fr\/actualite\/national\/affaire-namaa-tounes-report-du-proces-et-maintien-en-detention\/388550\/"]}]},{"@type":"ImageObject","inLanguage":"fr-FR","@id":"https:\/\/www.webdo.tn\/fr\/actualite\/national\/affaire-namaa-tounes-report-du-proces-et-maintien-en-detention\/388550\/#primaryimage","url":"https:\/\/www.webdo.tn\/fr\/wp-content\/uploads\/2025\/10\/jugement-nabeul.jpg","contentUrl":"https:\/\/www.webdo.tn\/fr\/wp-content\/uploads\/2025\/10\/jugement-nabeul.jpg","width":1200,"height":600,"caption":"Envoi de jeunes vers des zones de conflit : La justice renvoie l\u2019examen de l\u2019affaire"},{"@type":"BreadcrumbList","@id":"https:\/\/www.webdo.tn\/fr\/actualite\/national\/affaire-namaa-tounes-report-du-proces-et-maintien-en-detention\/388550\/#breadcrumb","itemListElement":[{"@type":"ListItem","position":1,"name":"Accueil","item":"https:\/\/www.webdo.tn\/fr\/"},{"@type":"ListItem","position":2,"name":"Affaire \u00ab\u00a0Namaa Tounes\u00a0\u00bb : Report du proc\u00e8s et maintien en d\u00e9tention"}]},{"@type":"WebSite","@id":"https:\/\/www.webdo.tn\/fr\/#website","url":"https:\/\/www.webdo.tn\/fr\/","name":"webdo","description":"Tunisie - News en Tunisie et \u00e0 l&#039;international sur Webdo.tn","publisher":{"@id":"https:\/\/www.webdo.tn\/fr\/#organization"},"potentialAction":[{"@type":"SearchAction","target":{"@type":"EntryPoint","urlTemplate":"https:\/\/www.webdo.tn\/fr\/?s={search_term_string}"},"query-input":{"@type":"PropertyValueSpecification","valueRequired":true,"valueName":"search_term_string"}}],"inLanguage":"fr-FR"},{"@type":"Organization","@id":"https:\/\/www.webdo.tn\/fr\/#organization","name":"Webdo","alternateName":"Webdo.tn","url":"https:\/\/www.webdo.tn\/fr\/","logo":{"@type":"ImageObject","inLanguage":"fr-FR","@id":"https:\/\/www.webdo.tn\/fr\/#\/schema\/logo\/image\/","url":"https:\/\/www.webdo.tn\/fr\/wp-content\/uploads\/2025\/06\/Webdo-Tunisie_168377.jpg","contentUrl":"https:\/\/www.webdo.tn\/fr\/wp-content\/uploads\/2025\/06\/Webdo-Tunisie_168377.jpg","width":301,"height":301,"caption":"Webdo"},"image":{"@id":"https:\/\/www.webdo.tn\/fr\/#\/schema\/logo\/image\/"},"sameAs":["https:\/\/www.facebook.com\/webdotn","https:\/\/x.com\/webdo_tn"],"description":"Webdo est un m\u00e9dia num\u00e9rique tunisien fond\u00e9 en 2010, sp\u00e9cialis\u00e9 dans l\u2019actualit\u00e9 nationale et internationale, l\u2019\u00e9conomie, la soci\u00e9t\u00e9 et les analyses politiques. Le site s\u2019adresse \u00e0 un large public francophone et couvre l\u2019information tunisienne en temps r\u00e9el.","email":"redac@webdo.tn","legalName":"YNJ SARL","foundingDate":"2010-09-06","numberOfEmployees":{"@type":"QuantitativeValue","minValue":"11","maxValue":"50"}},{"@type":"Person","@id":"https:\/\/www.webdo.tn\/fr\/#\/schema\/person\/c652cd8fc2b1b44412b5ffb48c5a911d","name":"Mohamed Hedi Touati","image":{"@type":"ImageObject","inLanguage":"fr-FR","@id":"https:\/\/secure.gravatar.com\/avatar\/9cfd402c745b7a685f13eed0ea6e59d2144a3c2fc50a3db6fd5ed451f6cddf1a?s=96&d=mm&r=g","url":"https:\/\/secure.gravatar.com\/avatar\/9cfd402c745b7a685f13eed0ea6e59d2144a3c2fc50a3db6fd5ed451f6cddf1a?s=96&d=mm&r=g","contentUrl":"https:\/\/secure.gravatar.com\/avatar\/9cfd402c745b7a685f13eed0ea6e59d2144a3c2fc50a3db6fd5ed451f6cddf1a?s=96&d=mm&r=g","caption":"Mohamed Hedi Touati"},"url":"https:\/\/www.webdo.tn\/fr\/actualite\/author\/mohamed-hedi-touati\/"}]}},"_links":{"self":[{"href":"https:\/\/www.webdo.tn\/fr\/wp-json\/wp\/v2\/posts\/388550","targetHints":{"allow":["GET"]}}],"collection":[{"href":"https:\/\/www.webdo.tn\/fr\/wp-json\/wp\/v2\/posts"}],"about":[{"href":"https:\/\/www.webdo.tn\/fr\/wp-json\/wp\/v2\/types\/post"}],"author":[{"embeddable":true,"href":"https:\/\/www.webdo.tn\/fr\/wp-json\/wp\/v2\/users\/3191"}],"replies":[{"embeddable":true,"href":"https:\/\/www.webdo.tn\/fr\/wp-json\/wp\/v2\/comments?post=388550"}],"version-history":[{"count":0,"href":"https:\/\/www.webdo.tn\/fr\/wp-json\/wp\/v2\/posts\/388550\/revisions"}],"wp:featuredmedia":[{"embeddable":true,"href":"https:\/\/www.webdo.tn\/fr\/wp-json\/wp\/v2\/media\/384856"}],"wp:attachment":[{"href":"https:\/\/www.webdo.tn\/fr\/wp-json\/wp\/v2\/media?parent=388550"}],"wp:term":[{"taxonomy":"category","embeddable":true,"href":"https:\/\/www.webdo.tn\/fr\/wp-json\/wp\/v2\/categories?post=388550"},{"taxonomy":"post_tag","embeddable":true,"href":"https:\/\/www.webdo.tn\/fr\/wp-json\/wp\/v2\/tags?post=388550"}],"curies":[{"name":"wp","href":"https:\/\/api.w.org\/{rel}","templated":true}]}}